{"id":22525,"date":"2012-03-04T09:44:57","date_gmt":"2012-03-04T07:44:57","guid":{"rendered":"http:\/\/www.lovendal.net\/wp52\/?p=22525"},"modified":"2012-03-04T11:52:58","modified_gmt":"2012-03-04T09:52:58","slug":"a-fost-evul-mediu-o-perioada-atat-de-intunecata-6-motive-pentru-care-ar-trebui-sa-apreciem-epoca-medievala","status":"publish","type":"post","link":"https:\/\/www.lovendal.ro\/wp52\/a-fost-evul-mediu-o-perioada-atat-de-intunecata-6-motive-pentru-care-ar-trebui-sa-apreciem-epoca-medievala\/","title":{"rendered":"A fost Evul Mediu o perioad\u0103 at\u00e2t de &#8222;\u00eentunecat\u0103&#8221;? 6 motive pentru care ar trebui s\u0103 apreciem epoca medieval\u0103"},"content":{"rendered":"<p><a href=\"https:\/\/www.lovendal.ro\/wp52\/wp-content\/uploads\/2012\/03\/Evul-Mediu-2.jpg\"><img loading=\"lazy\" decoding=\"async\" class=\"alignleft size-full wp-image-22526\" title=\"Evul Mediu 2\" src=\"https:\/\/www.lovendal.ro\/wp52\/wp-content\/uploads\/2012\/03\/Evul-Mediu-2.jpg\" alt=\"\" width=\"308\" height=\"300\" srcset=\"https:\/\/www.lovendal.ro\/wp52\/wp-content\/uploads\/2012\/03\/Evul-Mediu-2.jpg 308w, https:\/\/www.lovendal.ro\/wp52\/wp-content\/uploads\/2012\/03\/Evul-Mediu-2-300x292.jpg 300w\" sizes=\"auto, (max-width: 308px) 100vw, 308px\" \/><\/a>Oamenii contemporani au tendin\u0163a de a se crede \u00eentotdeauna superiori fa\u0163\u0103 de cei care au tr\u0103it \u00een trecut. Dac\u0103 antichitatea este privit\u0103 ca o perioad\u0103 acceptabil\u0103 (de\u015fi a avut loc acum circa 2 milenii), Evul Mediu (\u00eentre 500-1500), p\u00e2n\u0103 la Rena\u015ftere, este privit ca o perioad\u0103 &#8222;\u00eentuncat\u0103&#8221; a istoriei omenirii. Dac\u0103 ar exista c\u0103l\u0103toria \u00een timp, nimeni nu ar dori s\u0103 se \u00eentoarc\u0103 atunci. A nu se uita c\u0103 \u015fi \u00een ziua de azi atunci c\u00e2nd se pronun\u0163\u0103 &#8222;ca \u00een Evul Mediu&#8221; \u00eenseamn\u0103 a desconsidera acea ac\u0163iune sau fapt. C\u00e2nd spunem despre cineva c\u0103 tr\u0103ie\u015fte ca \u00een Evul Mediu, ne referim la faptul c\u0103 nu are curent electric (deci nici TV, Internet, frigider, ma\u015fin\u0103 de sp\u0103lat etc.), gaze sau ap\u0103 curent\u0103 \u00een locuin\u0163\u0103. Dar oare Evul Mediu a fost o perioad\u0103 at\u00e2t de malefic\u0103? Chiar nimic bun nu s-a \u00eent\u00e2mplat atunci? \u00cen acest articol, am s\u0103 v\u0103 ofer c\u00e2teva motive destul de pertinente \u015fi de bune prin care chiar v-a\u0163i dori s\u0103 tr\u0103i\u0163i \u00een Evul Mediu:<\/p>\n<p><strong>1) Taxe \u015fi impozite mult mai sc\u0103zute. <\/strong>\u00cen Anglia, de exemplu, \u00een acea perioad\u0103 taxele rar dep\u0103\u015feau 15% din total veniturilor. Cel mai adesea, ele se apropiau \u00een jurul valorii de 10%. \u00cen ziua de azi, \u00een multe \u0163\u0103ri ale lumii, taxele \u015fi impozitele cumulate se situeaz\u0103 \u00eentre 1\/3 \u015fi 1\/2 din total veniturilor. C\u00e2nd era mai bine de tr\u0103it?<\/p>\n<p><strong>2) Un stil de via\u0163\u0103 mai lipsit de griji<\/strong>. \u00cen Evul Mediu puteai s\u0103 fii ori aristocrat, ori iobag (sclav). Dac\u0103 te-ai fi n\u0103scut aristocrat, n-ar fi trebuit s\u0103 munce\u015fti o zi din via\u0163\u0103. \u00cen fiecare zi ai fi m\u00e2ncat alimente delicioase \u015fi \u0163i-ai fi ocupat timpul cu ocupa\u0163ii distractive. Dac\u0103 te-ai fi n\u0103scut iobag, \u00eentr-adev\u0103r, ar fi trebuit s\u0103 munce\u015fti p\u0103m\u00e2ntul 8-9 luni din an, dar, \u00een restul timpului din an ai fi stat degeaba \u015fi te bucurai de roadele p\u0103m\u00e2ntului.<\/p>\n<p><strong>3) Mult mai pu\u0163ini criminali \u00een serie<\/strong>. Evul Mediu cunoa\u015fte 5 criminali \u00een serie, 3 dintre ei sunt binecunoscu\u0163i (Elizabeth Bathory, Gilles de Rais \u015fi Sawney Bean). G\u00e2ndi\u0163i-v\u0103 la c\u00e2\u0163i criminali \u00een serie au existat \u015fi exist\u0103 \u00een societatea modern\u0103. Cu siguran\u0163\u0103, mai mult de 5, poate c\u0103 de c\u00e2teva mii de ori mai mul\u0163i. \u015ei asta din cauza faptului c\u0103 tr\u0103im \u00eentr-o societate din ce \u00een ce mai nevrotic\u0103 \u015fi mai psihopat\u0103.<\/p>\n<p><strong>4) O societate mult mai stabil\u0103 politic \u015fi social.<\/strong> \u00cen Evul Mediu, regele sau domnitorul era conduc\u0103torul suprem, neexist\u00e2nd at\u00e2t de multe partide \u015fi fric\u0163iuni politice ca \u00een ziua de azi. Schimb\u0103rile erau extrem de rare. Dac\u0103 \u00een ziua de azi, legile se schimb\u0103 tot timpul, \u00een Evul Mediu existau acelea\u015fi legi pentru \u00eentreaga via\u0163\u0103. Stabilitatea era o regul\u0103 \u00een trecut, pe c\u00e2nd ast\u0103zi, \u00een societatea contemporan\u0103, a\u015fa ceva nu prea exist\u0103.<\/p>\n<p><strong>5) Banii erau bani adev\u0103ra\u0163i<\/strong>. \u00cen Evul Mediu, banii erau bani. Adic\u0103, ei aveau valoare intrinsec\u0103 dat\u0103 de metalul \u00eencorporat \u00een ele (aur, argint, aram\u0103 etc.) \u00cen epoca modern\u0103, odat\u0103 cu sf\u00e2r\u015fitul standardului aur, banii au devenit mai mult un concept dec\u00e2t o realitate. Nu avem dec\u00e2t ni\u015fte bani de h\u00e2rtie, f\u0103r\u0103 valoare intrinsec\u0103, av\u00e2nd doar valoarea oferit\u0103 de banca de emisiune. Pre\u0163urile la alimente erau relativ constante (cu excep\u0163ia perioadelor de foamete \u015fi revolu\u0163ionare), iar oamenii nu erau nevoi\u0163i s\u0103-\u015fi cheltuie jum\u0103tate din veniturile lor pentru plata unor datorii de care nu aveau nevoie. De fapt, societatea medieval\u0103 s-a schimbat mult \u00een r\u0103u, odat\u0103 cu a\u015fa zisa &#8222;Rena\u015ftere&#8221;, ce a \u00eenceput cu o campanie agresiv\u0103 \u00eempotriva sistemului medieval, cu scopul de a c\u00e2\u015ftiga sprijinul pentru un sistem capitalist. O economie bazat\u0103 pe produc\u0163ie a fost \u00eenlocuit\u0103 de o economie bazat\u0103 pe cantitatea de aur emis\u0103 de guvern publicului.<\/p>\n<p>\u00cenc\u0103 ceva: \u00een Anglia, \u00een anii 1400, c\u00e2\u015ftigul mediu zilnic era \u00een jurul a 6 penii pe zi, ceea ce echivaleaz\u0103 cu 130 de lire sterline \u00een ziua de azi. Ia ghici\u0163i c\u00e2t e c\u00e2\u015ftigul mediu a unui englez \u00een ziua de azi? 96 de lire sterline! Ca s\u0103 vede\u0163i cine c\u00e2\u015ftiga mai mult&#8230;<\/p>\n<p><strong>6) Lipsa \u015fomajului.<\/strong> Evul Mediu nu avea problemele de \u015fomaj din ziua de azi. Dac\u0103 era\u0163i iobag, ave\u0163i de lucrat p\u0103m\u00e2ntul. Dac\u0103 era\u0163i \u00een ora\u015f \u00een clasa mijlocie din ora\u015f, avea\u0163i un atelier sau un magazin. Dac\u0103 f\u0103cea\u0163i parte din clasa aristocrat\u0103, nu avea\u0163i probleme: avea\u0163i bani, v\u0103 distra\u0163i \u015fi v\u00e2na\u0163i. \u00cen marile ora\u015fe ale Europei, cet\u0103\u0163i \u015fi imense catedrale se construiau, astfel \u00eenc\u00e2t exista de munc\u0103 pentru fiecare om. Doar cei care erau bolnavi nu puteau munci. Dar \u015fi ace\u015ftia nu trebuiau s\u0103 dispere: ei erau \u00eengriji\u0163i de c\u0103lug\u0103ri \u00een m\u0103n\u0103stiri sau de propriile familii, dac\u0103 aveau suficiente fonduri.<\/p>\n<p>Iat\u0103 6 motive pentru care nu ar mai trebui s\u0103 ur\u00e2m at\u00e2t de mult Evul Mediu&#8230;<\/p>\n","protected":false},"excerpt":{"rendered":"<p>Oamenii contemporani au tendin\u0163a de a se crede \u00eentotdeauna superiori fa\u0163\u0103 de cei care au tr\u0103it \u00een trecut. Dac\u0103 antichitatea este privit\u0103 ca o perioad\u0103 acceptabil\u0103 (de\u015fi a avut loc acum circa 2 milenii), Evul Mediu (\u00eentre 500-1500), p\u00e2n\u0103 la &#8230; <\/p>\n<p class=\"read-more-container\"><a title=\"A fost Evul Mediu o perioad\u0103 at\u00e2t de &#8222;\u00eentunecat\u0103&#8221;? 6 motive pentru care ar trebui s\u0103 apreciem epoca medieval\u0103\" class=\"read-more button\" href=\"https:\/\/www.lovendal.ro\/wp52\/a-fost-evul-mediu-o-perioada-atat-de-intunecata-6-motive-pentru-care-ar-trebui-sa-apreciem-epoca-medievala\/#more-22525\" aria-label=\"Cite\u0219te mai multe despre A fost Evul Mediu o perioad\u0103 at\u00e2t de &#8222;\u00eentunecat\u0103&#8221;? 6 motive pentru care ar trebui s\u0103 apreciem epoca medieval\u0103\">Cititi mai multe<\/a><\/p>\n","protected":false},"author":1,"featured_media":22526,"comment_status":"open","ping_status":"closed","sticky":false,"template":"","format":"standard","meta":{"footnotes":""},"categories":[9],"tags":[120,5067,685,1433,1386,2987,5065,110,124,492,111,5066,1532,3850,105,453,481,2904,757],"class_list":["post-22525","post","type-post","status-publish","format-standard","has-post-thumbnail","hentry","category-istorie","tag-anglia","tag-aristocrat","tag-aur","tag-bani","tag-calugari","tag-capitalism","tag-catedrala","tag-criminali-in-serie","tag-evul-mediu","tag-foamete","tag-gilles-de-rais","tag-iobag","tag-istorie-si-civilizatii","tag-lege","tag-pamant","tag-rege","tag-renastere","tag-somaj","tag-taxe","resize-featured-image"],"yoast_head":"<!-- This site is optimized with the Yoast SEO Premium plugin v23.3 (Yoast SEO v27.4) - https:\/\/yoast.com\/product\/yoast-seo-premium-wordpress\/ -->\n<title>A fost Evul Mediu o perioad\u0103 at\u00e2t de &quot;\u00eentunecat\u0103&quot;? 6 motive pentru care ar trebui s\u0103 apreciem epoca medieval\u0103 - Secretele lui Lovendal<\/title>\n<meta name=\"robots\" content=\"index, follow, max-snippet:-1, max-image-preview:large, max-video-preview:-1\" \/>\n<link rel=\"canonical\" href=\"https:\/\/www.lovendal.ro\/wp52\/a-fost-evul-mediu-o-perioada-atat-de-intunecata-6-motive-pentru-care-ar-trebui-sa-apreciem-epoca-medievala\/\" \/>\n<meta property=\"og:locale\" content=\"ro_RO\" \/>\n<meta property=\"og:type\" content=\"article\" \/>\n<meta property=\"og:title\" content=\"A fost Evul Mediu o perioad\u0103 at\u00e2t de &quot;\u00eentunecat\u0103&quot;? 6 motive pentru care ar trebui s\u0103 apreciem epoca medieval\u0103\" \/>\n<meta property=\"og:description\" content=\"Oamenii contemporani au tendin\u0163a de a se crede \u00eentotdeauna superiori fa\u0163\u0103 de cei care au tr\u0103it \u00een trecut. Dac\u0103 antichitatea este privit\u0103 ca o perioad\u0103 acceptabil\u0103 (de\u015fi a avut loc acum circa 2 milenii), Evul Mediu (\u00eentre 500-1500), p\u00e2n\u0103 la ... Cititi mai multe\" \/>\n<meta property=\"og:url\" content=\"https:\/\/www.lovendal.ro\/wp52\/a-fost-evul-mediu-o-perioada-atat-de-intunecata-6-motive-pentru-care-ar-trebui-sa-apreciem-epoca-medievala\/\" \/>\n<meta property=\"og:site_name\" content=\"Secretele lui Lovendal\" \/>\n<meta property=\"article:publisher\" content=\"https:\/\/www.facebook.com\/secreteleluilovendal\" \/>\n<meta property=\"article:published_time\" content=\"2012-03-04T07:44:57+00:00\" \/>\n<meta property=\"article:modified_time\" content=\"2012-03-04T09:52:58+00:00\" \/>\n<meta property=\"og:image\" content=\"https:\/\/www.lovendal.ro\/wp52\/wp-content\/uploads\/2012\/03\/Evul-Mediu-2.jpg\" \/>\n\t<meta property=\"og:image:width\" content=\"308\" \/>\n\t<meta property=\"og:image:height\" content=\"300\" \/>\n\t<meta property=\"og:image:type\" content=\"image\/jpeg\" \/>\n<meta name=\"author\" content=\"admin\" \/>\n<meta name=\"twitter:card\" content=\"summary_large_image\" \/>\n<meta name=\"twitter:label1\" content=\"Scris de\" \/>\n\t<meta name=\"twitter:data1\" content=\"admin\" \/>\n\t<meta name=\"twitter:label2\" content=\"Timp estimat pentru citire\" \/>\n\t<meta name=\"twitter:data2\" content=\"4 minute\" \/>\n<script type=\"application\/ld+json\" class=\"yoast-schema-graph\">{\"@context\":\"https:\\\/\\\/schema.org\",\"@graph\":[{\"@type\":\"Article\",\"@id\":\"https:\\\/\\\/www.lovendal.ro\\\/wp52\\\/a-fost-evul-mediu-o-perioada-atat-de-intunecata-6-motive-pentru-care-ar-trebui-sa-apreciem-epoca-medievala\\\/#article\",\"isPartOf\":{\"@id\":\"https:\\\/\\\/www.lovendal.ro\\\/wp52\\\/a-fost-evul-mediu-o-perioada-atat-de-intunecata-6-motive-pentru-care-ar-trebui-sa-apreciem-epoca-medievala\\\/\"},\"author\":{\"name\":\"admin\",\"@id\":\"https:\\\/\\\/www.lovendal.ro\\\/wp52\\\/#\\\/schema\\\/person\\\/088691de5dfc346bb0c023e1e52ef5d9\"},\"headline\":\"A fost Evul Mediu o perioad\u0103 at\u00e2t de &#8222;\u00eentunecat\u0103&#8221;? 6 motive pentru care ar trebui s\u0103 apreciem epoca medieval\u0103\",\"datePublished\":\"2012-03-04T07:44:57+00:00\",\"dateModified\":\"2012-03-04T09:52:58+00:00\",\"mainEntityOfPage\":{\"@id\":\"https:\\\/\\\/www.lovendal.ro\\\/wp52\\\/a-fost-evul-mediu-o-perioada-atat-de-intunecata-6-motive-pentru-care-ar-trebui-sa-apreciem-epoca-medievala\\\/\"},\"wordCount\":877,\"commentCount\":22,\"publisher\":{\"@id\":\"https:\\\/\\\/www.lovendal.ro\\\/wp52\\\/#organization\"},\"image\":{\"@id\":\"https:\\\/\\\/www.lovendal.ro\\\/wp52\\\/a-fost-evul-mediu-o-perioada-atat-de-intunecata-6-motive-pentru-care-ar-trebui-sa-apreciem-epoca-medievala\\\/#primaryimage\"},\"thumbnailUrl\":\"https:\\\/\\\/www.lovendal.ro\\\/wp52\\\/wp-content\\\/uploads\\\/2012\\\/03\\\/Evul-Mediu-2.jpg\",\"keywords\":[\"Anglia\",\"aristocrat\",\"aur\",\"bani\",\"c\u0103lug\u0103ri\",\"capitalism\",\"catedral\u0103\",\"criminali \u00een serie\",\"Evul Mediu\",\"foamete\",\"Gilles de Rais\",\"iobag\",\"Istorie si Civilizatii\",\"lege\",\"P\u0103m\u00e2nt\",\"rege\",\"Rena\u015ftere\",\"\u015fomaj\",\"taxe\"],\"articleSection\":[\"Istorie si Civilizatii\"],\"inLanguage\":\"ro-RO\",\"potentialAction\":[{\"@type\":\"CommentAction\",\"name\":\"Comment\",\"target\":[\"https:\\\/\\\/www.lovendal.ro\\\/wp52\\\/a-fost-evul-mediu-o-perioada-atat-de-intunecata-6-motive-pentru-care-ar-trebui-sa-apreciem-epoca-medievala\\\/#respond\"]}]},{\"@type\":\"WebPage\",\"@id\":\"https:\\\/\\\/www.lovendal.ro\\\/wp52\\\/a-fost-evul-mediu-o-perioada-atat-de-intunecata-6-motive-pentru-care-ar-trebui-sa-apreciem-epoca-medievala\\\/\",\"url\":\"https:\\\/\\\/www.lovendal.ro\\\/wp52\\\/a-fost-evul-mediu-o-perioada-atat-de-intunecata-6-motive-pentru-care-ar-trebui-sa-apreciem-epoca-medievala\\\/\",\"name\":\"A fost Evul Mediu o perioad\u0103 at\u00e2t de \\\"\u00eentunecat\u0103\\\"? 6 motive pentru care ar trebui s\u0103 apreciem epoca medieval\u0103 - Secretele lui Lovendal\",\"isPartOf\":{\"@id\":\"https:\\\/\\\/www.lovendal.ro\\\/wp52\\\/#website\"},\"primaryImageOfPage\":{\"@id\":\"https:\\\/\\\/www.lovendal.ro\\\/wp52\\\/a-fost-evul-mediu-o-perioada-atat-de-intunecata-6-motive-pentru-care-ar-trebui-sa-apreciem-epoca-medievala\\\/#primaryimage\"},\"image\":{\"@id\":\"https:\\\/\\\/www.lovendal.ro\\\/wp52\\\/a-fost-evul-mediu-o-perioada-atat-de-intunecata-6-motive-pentru-care-ar-trebui-sa-apreciem-epoca-medievala\\\/#primaryimage\"},\"thumbnailUrl\":\"https:\\\/\\\/www.lovendal.ro\\\/wp52\\\/wp-content\\\/uploads\\\/2012\\\/03\\\/Evul-Mediu-2.jpg\",\"datePublished\":\"2012-03-04T07:44:57+00:00\",\"dateModified\":\"2012-03-04T09:52:58+00:00\",\"breadcrumb\":{\"@id\":\"https:\\\/\\\/www.lovendal.ro\\\/wp52\\\/a-fost-evul-mediu-o-perioada-atat-de-intunecata-6-motive-pentru-care-ar-trebui-sa-apreciem-epoca-medievala\\\/#breadcrumb\"},\"inLanguage\":\"ro-RO\",\"potentialAction\":[{\"@type\":\"ReadAction\",\"target\":[\"https:\\\/\\\/www.lovendal.ro\\\/wp52\\\/a-fost-evul-mediu-o-perioada-atat-de-intunecata-6-motive-pentru-care-ar-trebui-sa-apreciem-epoca-medievala\\\/\"]}]},{\"@type\":\"ImageObject\",\"inLanguage\":\"ro-RO\",\"@id\":\"https:\\\/\\\/www.lovendal.ro\\\/wp52\\\/a-fost-evul-mediu-o-perioada-atat-de-intunecata-6-motive-pentru-care-ar-trebui-sa-apreciem-epoca-medievala\\\/#primaryimage\",\"url\":\"https:\\\/\\\/www.lovendal.ro\\\/wp52\\\/wp-content\\\/uploads\\\/2012\\\/03\\\/Evul-Mediu-2.jpg\",\"contentUrl\":\"https:\\\/\\\/www.lovendal.ro\\\/wp52\\\/wp-content\\\/uploads\\\/2012\\\/03\\\/Evul-Mediu-2.jpg\",\"width\":\"308\",\"height\":\"300\"},{\"@type\":\"BreadcrumbList\",\"@id\":\"https:\\\/\\\/www.lovendal.ro\\\/wp52\\\/a-fost-evul-mediu-o-perioada-atat-de-intunecata-6-motive-pentru-care-ar-trebui-sa-apreciem-epoca-medievala\\\/#breadcrumb\",\"itemListElement\":[{\"@type\":\"ListItem\",\"position\":1,\"name\":\"Home\",\"item\":\"https:\\\/\\\/www.lovendal.ro\\\/wp52\\\/\"},{\"@type\":\"ListItem\",\"position\":2,\"name\":\"A fost Evul Mediu o perioad\u0103 at\u00e2t de &#8222;\u00eentunecat\u0103&#8221;? 6 motive pentru care ar trebui s\u0103 apreciem epoca medieval\u0103\"}]},{\"@type\":\"WebSite\",\"@id\":\"https:\\\/\\\/www.lovendal.ro\\\/wp52\\\/#website\",\"url\":\"https:\\\/\\\/www.lovendal.ro\\\/wp52\\\/\",\"name\":\"Secretele lui Lovendal\",\"description\":\"Site de secrete, stiinta si metafizica - din 2008 -\",\"publisher\":{\"@id\":\"https:\\\/\\\/www.lovendal.ro\\\/wp52\\\/#organization\"},\"potentialAction\":[{\"@type\":\"SearchAction\",\"target\":{\"@type\":\"EntryPoint\",\"urlTemplate\":\"https:\\\/\\\/www.lovendal.ro\\\/wp52\\\/?s={search_term_string}\"},\"query-input\":{\"@type\":\"PropertyValueSpecification\",\"valueRequired\":true,\"valueName\":\"search_term_string\"}}],\"inLanguage\":\"ro-RO\"},{\"@type\":\"Organization\",\"@id\":\"https:\\\/\\\/www.lovendal.ro\\\/wp52\\\/#organization\",\"name\":\"Secretele lui Lovendal\",\"url\":\"https:\\\/\\\/www.lovendal.ro\\\/wp52\\\/\",\"logo\":{\"@type\":\"ImageObject\",\"inLanguage\":\"ro-RO\",\"@id\":\"https:\\\/\\\/www.lovendal.ro\\\/wp52\\\/#\\\/schema\\\/logo\\\/image\\\/\",\"url\":\"https:\\\/\\\/www.lovendal.ro\\\/wp52\\\/wp-content\\\/uploads\\\/2024\\\/06\\\/cropped-SLL-iun-2024-1.jpg\",\"contentUrl\":\"https:\\\/\\\/www.lovendal.ro\\\/wp52\\\/wp-content\\\/uploads\\\/2024\\\/06\\\/cropped-SLL-iun-2024-1.jpg\",\"width\":771,\"height\":240,\"caption\":\"Secretele lui Lovendal\"},\"image\":{\"@id\":\"https:\\\/\\\/www.lovendal.ro\\\/wp52\\\/#\\\/schema\\\/logo\\\/image\\\/\"},\"sameAs\":[\"https:\\\/\\\/www.facebook.com\\\/secreteleluilovendal\"]},{\"@type\":\"Person\",\"@id\":\"https:\\\/\\\/www.lovendal.ro\\\/wp52\\\/#\\\/schema\\\/person\\\/088691de5dfc346bb0c023e1e52ef5d9\",\"name\":\"admin\",\"image\":{\"@type\":\"ImageObject\",\"inLanguage\":\"ro-RO\",\"@id\":\"https:\\\/\\\/secure.gravatar.com\\\/avatar\\\/ecb9cd41f5f63c9c9b989999a59f6e2639a865ec361e9db054db0679a8f341c2?s=96&d=mm&r=g\",\"url\":\"https:\\\/\\\/secure.gravatar.com\\\/avatar\\\/ecb9cd41f5f63c9c9b989999a59f6e2639a865ec361e9db054db0679a8f341c2?s=96&d=mm&r=g\",\"contentUrl\":\"https:\\\/\\\/secure.gravatar.com\\\/avatar\\\/ecb9cd41f5f63c9c9b989999a59f6e2639a865ec361e9db054db0679a8f341c2?s=96&d=mm&r=g\",\"caption\":\"admin\"},\"sameAs\":[\"https:\\\/\\\/www.lovendal.ro\\\/wp52\"]}]}<\/script>\n<!-- \/ Yoast SEO Premium plugin. -->","yoast_head_json":{"title":"A fost Evul Mediu o perioad\u0103 at\u00e2t de \"\u00eentunecat\u0103\"? 6 motive pentru care ar trebui s\u0103 apreciem epoca medieval\u0103 - Secretele lui Lovendal","robots":{"index":"index","follow":"follow","max-snippet":"max-snippet:-1","max-image-preview":"max-image-preview:large","max-video-preview":"max-video-preview:-1"},"canonical":"https:\/\/www.lovendal.ro\/wp52\/a-fost-evul-mediu-o-perioada-atat-de-intunecata-6-motive-pentru-care-ar-trebui-sa-apreciem-epoca-medievala\/","og_locale":"ro_RO","og_type":"article","og_title":"A fost Evul Mediu o perioad\u0103 at\u00e2t de \"\u00eentunecat\u0103\"? 6 motive pentru care ar trebui s\u0103 apreciem epoca medieval\u0103","og_description":"Oamenii contemporani au tendin\u0163a de a se crede \u00eentotdeauna superiori fa\u0163\u0103 de cei care au tr\u0103it \u00een trecut. Dac\u0103 antichitatea este privit\u0103 ca o perioad\u0103 acceptabil\u0103 (de\u015fi a avut loc acum circa 2 milenii), Evul Mediu (\u00eentre 500-1500), p\u00e2n\u0103 la ... Cititi mai multe","og_url":"https:\/\/www.lovendal.ro\/wp52\/a-fost-evul-mediu-o-perioada-atat-de-intunecata-6-motive-pentru-care-ar-trebui-sa-apreciem-epoca-medievala\/","og_site_name":"Secretele lui Lovendal","article_publisher":"https:\/\/www.facebook.com\/secreteleluilovendal","article_published_time":"2012-03-04T07:44:57+00:00","article_modified_time":"2012-03-04T09:52:58+00:00","og_image":[{"width":308,"height":300,"url":"https:\/\/www.lovendal.ro\/wp52\/wp-content\/uploads\/2012\/03\/Evul-Mediu-2.jpg","type":"image\/jpeg"}],"author":"admin","twitter_card":"summary_large_image","twitter_misc":{"Scris de":"admin","Timp estimat pentru citire":"4 minute"},"schema":{"@context":"https:\/\/schema.org","@graph":[{"@type":"Article","@id":"https:\/\/www.lovendal.ro\/wp52\/a-fost-evul-mediu-o-perioada-atat-de-intunecata-6-motive-pentru-care-ar-trebui-sa-apreciem-epoca-medievala\/#article","isPartOf":{"@id":"https:\/\/www.lovendal.ro\/wp52\/a-fost-evul-mediu-o-perioada-atat-de-intunecata-6-motive-pentru-care-ar-trebui-sa-apreciem-epoca-medievala\/"},"author":{"name":"admin","@id":"https:\/\/www.lovendal.ro\/wp52\/#\/schema\/person\/088691de5dfc346bb0c023e1e52ef5d9"},"headline":"A fost Evul Mediu o perioad\u0103 at\u00e2t de &#8222;\u00eentunecat\u0103&#8221;? 6 motive pentru care ar trebui s\u0103 apreciem epoca medieval\u0103","datePublished":"2012-03-04T07:44:57+00:00","dateModified":"2012-03-04T09:52:58+00:00","mainEntityOfPage":{"@id":"https:\/\/www.lovendal.ro\/wp52\/a-fost-evul-mediu-o-perioada-atat-de-intunecata-6-motive-pentru-care-ar-trebui-sa-apreciem-epoca-medievala\/"},"wordCount":877,"commentCount":22,"publisher":{"@id":"https:\/\/www.lovendal.ro\/wp52\/#organization"},"image":{"@id":"https:\/\/www.lovendal.ro\/wp52\/a-fost-evul-mediu-o-perioada-atat-de-intunecata-6-motive-pentru-care-ar-trebui-sa-apreciem-epoca-medievala\/#primaryimage"},"thumbnailUrl":"https:\/\/www.lovendal.ro\/wp52\/wp-content\/uploads\/2012\/03\/Evul-Mediu-2.jpg","keywords":["Anglia","aristocrat","aur","bani","c\u0103lug\u0103ri","capitalism","catedral\u0103","criminali \u00een serie","Evul Mediu","foamete","Gilles de Rais","iobag","Istorie si Civilizatii","lege","P\u0103m\u00e2nt","rege","Rena\u015ftere","\u015fomaj","taxe"],"articleSection":["Istorie si Civilizatii"],"inLanguage":"ro-RO","potentialAction":[{"@type":"CommentAction","name":"Comment","target":["https:\/\/www.lovendal.ro\/wp52\/a-fost-evul-mediu-o-perioada-atat-de-intunecata-6-motive-pentru-care-ar-trebui-sa-apreciem-epoca-medievala\/#respond"]}]},{"@type":"WebPage","@id":"https:\/\/www.lovendal.ro\/wp52\/a-fost-evul-mediu-o-perioada-atat-de-intunecata-6-motive-pentru-care-ar-trebui-sa-apreciem-epoca-medievala\/","url":"https:\/\/www.lovendal.ro\/wp52\/a-fost-evul-mediu-o-perioada-atat-de-intunecata-6-motive-pentru-care-ar-trebui-sa-apreciem-epoca-medievala\/","name":"A fost Evul Mediu o perioad\u0103 at\u00e2t de \"\u00eentunecat\u0103\"? 6 motive pentru care ar trebui s\u0103 apreciem epoca medieval\u0103 - Secretele lui Lovendal","isPartOf":{"@id":"https:\/\/www.lovendal.ro\/wp52\/#website"},"primaryImageOfPage":{"@id":"https:\/\/www.lovendal.ro\/wp52\/a-fost-evul-mediu-o-perioada-atat-de-intunecata-6-motive-pentru-care-ar-trebui-sa-apreciem-epoca-medievala\/#primaryimage"},"image":{"@id":"https:\/\/www.lovendal.ro\/wp52\/a-fost-evul-mediu-o-perioada-atat-de-intunecata-6-motive-pentru-care-ar-trebui-sa-apreciem-epoca-medievala\/#primaryimage"},"thumbnailUrl":"https:\/\/www.lovendal.ro\/wp52\/wp-content\/uploads\/2012\/03\/Evul-Mediu-2.jpg","datePublished":"2012-03-04T07:44:57+00:00","dateModified":"2012-03-04T09:52:58+00:00","breadcrumb":{"@id":"https:\/\/www.lovendal.ro\/wp52\/a-fost-evul-mediu-o-perioada-atat-de-intunecata-6-motive-pentru-care-ar-trebui-sa-apreciem-epoca-medievala\/#breadcrumb"},"inLanguage":"ro-RO","potentialAction":[{"@type":"ReadAction","target":["https:\/\/www.lovendal.ro\/wp52\/a-fost-evul-mediu-o-perioada-atat-de-intunecata-6-motive-pentru-care-ar-trebui-sa-apreciem-epoca-medievala\/"]}]},{"@type":"ImageObject","inLanguage":"ro-RO","@id":"https:\/\/www.lovendal.ro\/wp52\/a-fost-evul-mediu-o-perioada-atat-de-intunecata-6-motive-pentru-care-ar-trebui-sa-apreciem-epoca-medievala\/#primaryimage","url":"https:\/\/www.lovendal.ro\/wp52\/wp-content\/uploads\/2012\/03\/Evul-Mediu-2.jpg","contentUrl":"https:\/\/www.lovendal.ro\/wp52\/wp-content\/uploads\/2012\/03\/Evul-Mediu-2.jpg","width":"308","height":"300"},{"@type":"BreadcrumbList","@id":"https:\/\/www.lovendal.ro\/wp52\/a-fost-evul-mediu-o-perioada-atat-de-intunecata-6-motive-pentru-care-ar-trebui-sa-apreciem-epoca-medievala\/#breadcrumb","itemListElement":[{"@type":"ListItem","position":1,"name":"Home","item":"https:\/\/www.lovendal.ro\/wp52\/"},{"@type":"ListItem","position":2,"name":"A fost Evul Mediu o perioad\u0103 at\u00e2t de &#8222;\u00eentunecat\u0103&#8221;? 6 motive pentru care ar trebui s\u0103 apreciem epoca medieval\u0103"}]},{"@type":"WebSite","@id":"https:\/\/www.lovendal.ro\/wp52\/#website","url":"https:\/\/www.lovendal.ro\/wp52\/","name":"Secretele lui Lovendal","description":"Site de secrete, stiinta si metafizica - din 2008 -","publisher":{"@id":"https:\/\/www.lovendal.ro\/wp52\/#organization"},"potentialAction":[{"@type":"SearchAction","target":{"@type":"EntryPoint","urlTemplate":"https:\/\/www.lovendal.ro\/wp52\/?s={search_term_string}"},"query-input":{"@type":"PropertyValueSpecification","valueRequired":true,"valueName":"search_term_string"}}],"inLanguage":"ro-RO"},{"@type":"Organization","@id":"https:\/\/www.lovendal.ro\/wp52\/#organization","name":"Secretele lui Lovendal","url":"https:\/\/www.lovendal.ro\/wp52\/","logo":{"@type":"ImageObject","inLanguage":"ro-RO","@id":"https:\/\/www.lovendal.ro\/wp52\/#\/schema\/logo\/image\/","url":"https:\/\/www.lovendal.ro\/wp52\/wp-content\/uploads\/2024\/06\/cropped-SLL-iun-2024-1.jpg","contentUrl":"https:\/\/www.lovendal.ro\/wp52\/wp-content\/uploads\/2024\/06\/cropped-SLL-iun-2024-1.jpg","width":771,"height":240,"caption":"Secretele lui Lovendal"},"image":{"@id":"https:\/\/www.lovendal.ro\/wp52\/#\/schema\/logo\/image\/"},"sameAs":["https:\/\/www.facebook.com\/secreteleluilovendal"]},{"@type":"Person","@id":"https:\/\/www.lovendal.ro\/wp52\/#\/schema\/person\/088691de5dfc346bb0c023e1e52ef5d9","name":"admin","image":{"@type":"ImageObject","inLanguage":"ro-RO","@id":"https:\/\/secure.gravatar.com\/avatar\/ecb9cd41f5f63c9c9b989999a59f6e2639a865ec361e9db054db0679a8f341c2?s=96&d=mm&r=g","url":"https:\/\/secure.gravatar.com\/avatar\/ecb9cd41f5f63c9c9b989999a59f6e2639a865ec361e9db054db0679a8f341c2?s=96&d=mm&r=g","contentUrl":"https:\/\/secure.gravatar.com\/avatar\/ecb9cd41f5f63c9c9b989999a59f6e2639a865ec361e9db054db0679a8f341c2?s=96&d=mm&r=g","caption":"admin"},"sameAs":["https:\/\/www.lovendal.ro\/wp52"]}]}},"_links":{"self":[{"href":"https:\/\/www.lovendal.ro\/wp52\/wp-json\/wp\/v2\/posts\/22525","targetHints":{"allow":["GET"]}}],"collection":[{"href":"https:\/\/www.lovendal.ro\/wp52\/wp-json\/wp\/v2\/posts"}],"about":[{"href":"https:\/\/www.lovendal.ro\/wp52\/wp-json\/wp\/v2\/types\/post"}],"author":[{"embeddable":true,"href":"https:\/\/www.lovendal.ro\/wp52\/wp-json\/wp\/v2\/users\/1"}],"replies":[{"embeddable":true,"href":"https:\/\/www.lovendal.ro\/wp52\/wp-json\/wp\/v2\/comments?post=22525"}],"version-history":[{"count":0,"href":"https:\/\/www.lovendal.ro\/wp52\/wp-json\/wp\/v2\/posts\/22525\/revisions"}],"wp:featuredmedia":[{"embeddable":true,"href":"https:\/\/www.lovendal.ro\/wp52\/wp-json\/wp\/v2\/media\/22526"}],"wp:attachment":[{"href":"https:\/\/www.lovendal.ro\/wp52\/wp-json\/wp\/v2\/media?parent=22525"}],"wp:term":[{"taxonomy":"category","embeddable":true,"href":"https:\/\/www.lovendal.ro\/wp52\/wp-json\/wp\/v2\/categories?post=22525"},{"taxonomy":"post_tag","embeddable":true,"href":"https:\/\/www.lovendal.ro\/wp52\/wp-json\/wp\/v2\/tags?post=22525"}],"curies":[{"name":"wp","href":"https:\/\/api.w.org\/{rel}","templated":true}]}}