{"id":22463,"date":"2012-02-28T09:06:28","date_gmt":"2012-02-28T07:06:28","guid":{"rendered":"http:\/\/www.lovendal.net\/wp52\/?p=22463"},"modified":"2012-02-28T09:06:28","modified_gmt":"2012-02-28T07:06:28","slug":"daca-omul-ar-fi-avut-ochi-de-vulturi-am-fi-vazut-mult-mai-departe-mai-intens-si-chiar-si-in-raze-ultraviolete","status":"publish","type":"post","link":"https:\/\/www.lovendal.ro\/wp52\/daca-omul-ar-fi-avut-ochi-de-vulturi-am-fi-vazut-mult-mai-departe-mai-intens-si-chiar-si-in-raze-ultraviolete\/","title":{"rendered":"Dac\u0103 omul ar fi avut ochi de vulturi? Am fi v\u0103zut mult mai departe, mai intens \u015fi chiar \u015fi \u00een raze ultraviolete!"},"content":{"rendered":"<p><a href=\"https:\/\/www.lovendal.ro\/wp52\/wp-content\/uploads\/2012\/02\/om-cu-ochi-de-vultur.jpg\"><img loading=\"lazy\" decoding=\"async\" class=\"alignleft size-full wp-image-22464\" title=\"om cu ochi de vultur\" src=\"https:\/\/www.lovendal.ro\/wp52\/wp-content\/uploads\/2012\/02\/om-cu-ochi-de-vultur.jpg\" alt=\"\" width=\"298\" height=\"297\" srcset=\"https:\/\/www.lovendal.ro\/wp52\/wp-content\/uploads\/2012\/02\/om-cu-ochi-de-vultur.jpg 298w, https:\/\/www.lovendal.ro\/wp52\/wp-content\/uploads\/2012\/02\/om-cu-ochi-de-vultur-150x150.jpg 150w\" sizes=\"auto, (max-width: 298px) 100vw, 298px\" \/><\/a>Dac\u0103 \u0163i-ai schimba ochii cu cei ai unui vulturi, atunci ai putea fi capabil s\u0103 observi un mu\u015furoi de furnici situat pe p\u0103m\u00e2nt, de la etajul unei cl\u0103diri de 10 etaje. Ai putea observa clar expresiile de pe fa\u0163a fotbali\u015ftilor, chiar av\u00e2nd cel mai \u00eendep\u0103rtat loc de pe stadion. Obiectele din raza ta vizual\u0103 ar p\u0103rea m\u0103rite, iar totul ar fi colorat minunat, cu o gam\u0103 incredibile de nuan\u0163e. Cu c\u00e2t oamenii de \u015ftiin\u0163\u0103 \u00eenva\u0163\u0103 mai mult despre vederea vulturilor, cu at\u00e2t ei devin mai uimi\u0163i. Mul\u0163umit\u0103 tehnologiilor avansate, unele din aspectele vederii vulturilor ar putea fi ob\u0163inute de c\u0103tre oameni. Pentru altele ne-am putea doar imagina. Toate aceste detalii se pot g\u0103si pe site-ul <a href=\"http:\/\/www.livescience.com\/18658-humans-eagle-vision.html\" target=\"_blank\"><strong>LiveScience.com<\/strong><\/a>.<\/p>\n<p>Vulturii, dar \u015fi alte animale de prad\u0103, pot vedea \u00eentre 4 \u015fi 5 ori mai departe dec\u00e2t o fac oamenii, iar acest lucru se datoreaz\u0103 caracteristicilor speciale ale ochilor unui vultur. \u00cen primul r\u00e2nd, retina lor con\u0163ine mai multe celule cu con dec\u00e2t retina oamenilor, iar de aici rezult\u0103 abilitatea vulturilor de a ob\u0163ine imagini mult mai fine (exact ca un aparat foto care are rezolu\u0163ii mai mari \u00een pixeli \u015fi ob\u0163ine astfel fotografii mult mai clare \u015fi mai fine).<\/p>\n<p>\u00cen al doilea r\u00e2nd, vulturii au o fovea mult mai ad\u00e2nc\u0103. Fovea este partea a ochiului, localizat\u0103 \u00een centrul retinei, \u015fi care este responsabil\u0103 cu vederea central\u0103 necesar\u0103 unor activit\u0103\u0163i pur vizuale ca cititul sau condusul unei ma\u015fini. Se pare c\u0103 fovea mai ad\u00e2nc\u0103 a vulturilor le permite acestora ca ochii lor s\u0103 ac\u0163ioneze ca o lentil\u0103 telephoto, oferindu-le o m\u0103rire superioar\u0103 \u00een centrul c\u00e2mpului lor vizual.<\/p>\n<p>\u00cen afara, detaliilor fine \u015fi a &#8222;zoom&#8221;-ului central din ochii lor, vulturii au o vedere colorat\u0103 superioar\u0103. Ei v\u0103d culorile mult mai intens dec\u00e2t o facem noi, pot distinge \u00eentre mai multe nuan\u0163e, dar, de asemenea pot observa \u015fi \u00een lumin\u0103 ultraviolet\u0103, ceea ce \u00eenseamn\u0103 (de exemplu) c\u0103 pot detecta urmele de urin\u0103, ce reflect\u0103 razele ultraviolete, \u015fi care sunt l\u0103sate de pr\u0103d\u0103torii mici.<\/p>\n<p>Dac\u0103 am avea ochii vulturilor, acest lucru nu ne-ar schimba modul \u00een care am efectua multe din activit\u0103\u0163ile zilnice, ca de exemplu citirea unui ziar sau navigarea pe Internet, dar, cu siguran\u0163\u0103, lumea am percepe-o altfel. Am putea s\u0103 ne dubl\u0103m c\u00e2mpul nostru de vizualizare. Dac\u0103 un om obi\u015fnuit are un c\u00e2mp vizual de 180 de grade, cu ochii unui vultur am percepe un c\u00e2mp de 340 de grade, ceea ce \u00eenseamn\u0103 c\u0103 am putea observa foarte bine ce se \u00eent\u00e2mpl\u0103 \u015fi \u00een spatele nostru.<\/p>\n<p>Foarte interesant!<\/p>\n","protected":false},"excerpt":{"rendered":"<p>Dac\u0103 \u0163i-ai schimba ochii cu cei ai unui vulturi, atunci ai putea fi capabil s\u0103 observi un mu\u015furoi de furnici situat pe p\u0103m\u00e2nt, de la etajul unei cl\u0103diri de 10 etaje. Ai putea observa clar expresiile de pe fa\u0163a fotbali\u015ftilor, &#8230; <\/p>\n<p class=\"read-more-container\"><a title=\"Dac\u0103 omul ar fi avut ochi de vulturi? Am fi v\u0103zut mult mai departe, mai intens \u015fi chiar \u015fi \u00een raze ultraviolete!\" class=\"read-more button\" href=\"https:\/\/www.lovendal.ro\/wp52\/daca-omul-ar-fi-avut-ochi-de-vulturi-am-fi-vazut-mult-mai-departe-mai-intens-si-chiar-si-in-raze-ultraviolete\/#more-22463\" aria-label=\"Cite\u0219te mai multe despre Dac\u0103 omul ar fi avut ochi de vulturi? Am fi v\u0103zut mult mai departe, mai intens \u015fi chiar \u015fi \u00een raze ultraviolete!\">Cititi mai multe<\/a><\/p>\n","protected":false},"author":1,"featured_media":22464,"comment_status":"open","ping_status":"closed","sticky":false,"template":"","format":"standard","meta":{"footnotes":""},"categories":[54],"tags":[1102,9800,166,1830,3858,3614,1954,5048,2320,5049],"class_list":["post-22463","post","type-post","status-publish","format-standard","has-post-thumbnail","hentry","category-natura-animale","tag-furnici","tag-natura-animale","tag-ochi","tag-om","tag-pixeli","tag-retina","tag-ultraviolete","tag-vedere","tag-vultur","tag-zoom","resize-featured-image"],"yoast_head":"<!-- This site is optimized with the Yoast SEO Premium plugin v23.3 (Yoast SEO v27.4) - https:\/\/yoast.com\/product\/yoast-seo-premium-wordpress\/ -->\n<title>Dac\u0103 omul ar fi avut ochi de vulturi? Am fi v\u0103zut mult mai departe, mai intens \u015fi chiar \u015fi \u00een raze ultraviolete! - Secretele lui Lovendal<\/title>\n<meta name=\"robots\" content=\"index, follow, max-snippet:-1, max-image-preview:large, max-video-preview:-1\" \/>\n<link rel=\"canonical\" href=\"https:\/\/www.lovendal.ro\/wp52\/daca-omul-ar-fi-avut-ochi-de-vulturi-am-fi-vazut-mult-mai-departe-mai-intens-si-chiar-si-in-raze-ultraviolete\/\" \/>\n<meta property=\"og:locale\" content=\"ro_RO\" \/>\n<meta property=\"og:type\" content=\"article\" \/>\n<meta property=\"og:title\" content=\"Dac\u0103 omul ar fi avut ochi de vulturi? Am fi v\u0103zut mult mai departe, mai intens \u015fi chiar \u015fi \u00een raze ultraviolete!\" \/>\n<meta property=\"og:description\" content=\"Dac\u0103 \u0163i-ai schimba ochii cu cei ai unui vulturi, atunci ai putea fi capabil s\u0103 observi un mu\u015furoi de furnici situat pe p\u0103m\u00e2nt, de la etajul unei cl\u0103diri de 10 etaje. Ai putea observa clar expresiile de pe fa\u0163a fotbali\u015ftilor, ... Cititi mai multe\" \/>\n<meta property=\"og:url\" content=\"https:\/\/www.lovendal.ro\/wp52\/daca-omul-ar-fi-avut-ochi-de-vulturi-am-fi-vazut-mult-mai-departe-mai-intens-si-chiar-si-in-raze-ultraviolete\/\" \/>\n<meta property=\"og:site_name\" content=\"Secretele lui Lovendal\" \/>\n<meta property=\"article:publisher\" content=\"https:\/\/www.facebook.com\/secreteleluilovendal\" \/>\n<meta property=\"article:published_time\" content=\"2012-02-28T07:06:28+00:00\" \/>\n<meta property=\"og:image\" content=\"https:\/\/www.lovendal.ro\/wp52\/wp-content\/uploads\/2012\/02\/om-cu-ochi-de-vultur.jpg\" \/>\n\t<meta property=\"og:image:width\" content=\"298\" \/>\n\t<meta property=\"og:image:height\" content=\"297\" \/>\n\t<meta property=\"og:image:type\" content=\"image\/jpeg\" \/>\n<meta name=\"author\" content=\"admin\" \/>\n<meta name=\"twitter:card\" content=\"summary_large_image\" \/>\n<meta name=\"twitter:label1\" content=\"Scris de\" \/>\n\t<meta name=\"twitter:data1\" content=\"admin\" \/>\n\t<meta name=\"twitter:label2\" content=\"Timp estimat pentru citire\" \/>\n\t<meta name=\"twitter:data2\" content=\"2 minute\" \/>\n<script type=\"application\/ld+json\" class=\"yoast-schema-graph\">{\"@context\":\"https:\\\/\\\/schema.org\",\"@graph\":[{\"@type\":\"Article\",\"@id\":\"https:\\\/\\\/www.lovendal.ro\\\/wp52\\\/daca-omul-ar-fi-avut-ochi-de-vulturi-am-fi-vazut-mult-mai-departe-mai-intens-si-chiar-si-in-raze-ultraviolete\\\/#article\",\"isPartOf\":{\"@id\":\"https:\\\/\\\/www.lovendal.ro\\\/wp52\\\/daca-omul-ar-fi-avut-ochi-de-vulturi-am-fi-vazut-mult-mai-departe-mai-intens-si-chiar-si-in-raze-ultraviolete\\\/\"},\"author\":{\"name\":\"admin\",\"@id\":\"https:\\\/\\\/www.lovendal.ro\\\/wp52\\\/#\\\/schema\\\/person\\\/088691de5dfc346bb0c023e1e52ef5d9\"},\"headline\":\"Dac\u0103 omul ar fi avut ochi de vulturi? Am fi v\u0103zut mult mai departe, mai intens \u015fi chiar \u015fi \u00een raze ultraviolete!\",\"datePublished\":\"2012-02-28T07:06:28+00:00\",\"mainEntityOfPage\":{\"@id\":\"https:\\\/\\\/www.lovendal.ro\\\/wp52\\\/daca-omul-ar-fi-avut-ochi-de-vulturi-am-fi-vazut-mult-mai-departe-mai-intens-si-chiar-si-in-raze-ultraviolete\\\/\"},\"wordCount\":480,\"commentCount\":10,\"publisher\":{\"@id\":\"https:\\\/\\\/www.lovendal.ro\\\/wp52\\\/#organization\"},\"image\":{\"@id\":\"https:\\\/\\\/www.lovendal.ro\\\/wp52\\\/daca-omul-ar-fi-avut-ochi-de-vulturi-am-fi-vazut-mult-mai-departe-mai-intens-si-chiar-si-in-raze-ultraviolete\\\/#primaryimage\"},\"thumbnailUrl\":\"https:\\\/\\\/www.lovendal.ro\\\/wp52\\\/wp-content\\\/uploads\\\/2012\\\/02\\\/om-cu-ochi-de-vultur.jpg\",\"keywords\":[\"furnici\",\"Natura-Animale\",\"ochi\",\"om\",\"pixeli\",\"retin\u0103\",\"ultraviolete\",\"vedere\",\"vultur\",\"zoom\"],\"articleSection\":[\"Natura-Animale\"],\"inLanguage\":\"ro-RO\",\"potentialAction\":[{\"@type\":\"CommentAction\",\"name\":\"Comment\",\"target\":[\"https:\\\/\\\/www.lovendal.ro\\\/wp52\\\/daca-omul-ar-fi-avut-ochi-de-vulturi-am-fi-vazut-mult-mai-departe-mai-intens-si-chiar-si-in-raze-ultraviolete\\\/#respond\"]}]},{\"@type\":\"WebPage\",\"@id\":\"https:\\\/\\\/www.lovendal.ro\\\/wp52\\\/daca-omul-ar-fi-avut-ochi-de-vulturi-am-fi-vazut-mult-mai-departe-mai-intens-si-chiar-si-in-raze-ultraviolete\\\/\",\"url\":\"https:\\\/\\\/www.lovendal.ro\\\/wp52\\\/daca-omul-ar-fi-avut-ochi-de-vulturi-am-fi-vazut-mult-mai-departe-mai-intens-si-chiar-si-in-raze-ultraviolete\\\/\",\"name\":\"Dac\u0103 omul ar fi avut ochi de vulturi? Am fi v\u0103zut mult mai departe, mai intens \u015fi chiar \u015fi \u00een raze ultraviolete! - Secretele lui Lovendal\",\"isPartOf\":{\"@id\":\"https:\\\/\\\/www.lovendal.ro\\\/wp52\\\/#website\"},\"primaryImageOfPage\":{\"@id\":\"https:\\\/\\\/www.lovendal.ro\\\/wp52\\\/daca-omul-ar-fi-avut-ochi-de-vulturi-am-fi-vazut-mult-mai-departe-mai-intens-si-chiar-si-in-raze-ultraviolete\\\/#primaryimage\"},\"image\":{\"@id\":\"https:\\\/\\\/www.lovendal.ro\\\/wp52\\\/daca-omul-ar-fi-avut-ochi-de-vulturi-am-fi-vazut-mult-mai-departe-mai-intens-si-chiar-si-in-raze-ultraviolete\\\/#primaryimage\"},\"thumbnailUrl\":\"https:\\\/\\\/www.lovendal.ro\\\/wp52\\\/wp-content\\\/uploads\\\/2012\\\/02\\\/om-cu-ochi-de-vultur.jpg\",\"datePublished\":\"2012-02-28T07:06:28+00:00\",\"breadcrumb\":{\"@id\":\"https:\\\/\\\/www.lovendal.ro\\\/wp52\\\/daca-omul-ar-fi-avut-ochi-de-vulturi-am-fi-vazut-mult-mai-departe-mai-intens-si-chiar-si-in-raze-ultraviolete\\\/#breadcrumb\"},\"inLanguage\":\"ro-RO\",\"potentialAction\":[{\"@type\":\"ReadAction\",\"target\":[\"https:\\\/\\\/www.lovendal.ro\\\/wp52\\\/daca-omul-ar-fi-avut-ochi-de-vulturi-am-fi-vazut-mult-mai-departe-mai-intens-si-chiar-si-in-raze-ultraviolete\\\/\"]}]},{\"@type\":\"ImageObject\",\"inLanguage\":\"ro-RO\",\"@id\":\"https:\\\/\\\/www.lovendal.ro\\\/wp52\\\/daca-omul-ar-fi-avut-ochi-de-vulturi-am-fi-vazut-mult-mai-departe-mai-intens-si-chiar-si-in-raze-ultraviolete\\\/#primaryimage\",\"url\":\"https:\\\/\\\/www.lovendal.ro\\\/wp52\\\/wp-content\\\/uploads\\\/2012\\\/02\\\/om-cu-ochi-de-vultur.jpg\",\"contentUrl\":\"https:\\\/\\\/www.lovendal.ro\\\/wp52\\\/wp-content\\\/uploads\\\/2012\\\/02\\\/om-cu-ochi-de-vultur.jpg\",\"width\":\"298\",\"height\":\"297\"},{\"@type\":\"BreadcrumbList\",\"@id\":\"https:\\\/\\\/www.lovendal.ro\\\/wp52\\\/daca-omul-ar-fi-avut-ochi-de-vulturi-am-fi-vazut-mult-mai-departe-mai-intens-si-chiar-si-in-raze-ultraviolete\\\/#breadcrumb\",\"itemListElement\":[{\"@type\":\"ListItem\",\"position\":1,\"name\":\"Home\",\"item\":\"https:\\\/\\\/www.lovendal.ro\\\/wp52\\\/\"},{\"@type\":\"ListItem\",\"position\":2,\"name\":\"Dac\u0103 omul ar fi avut ochi de vulturi? Am fi v\u0103zut mult mai departe, mai intens \u015fi chiar \u015fi \u00een raze ultraviolete!\"}]},{\"@type\":\"WebSite\",\"@id\":\"https:\\\/\\\/www.lovendal.ro\\\/wp52\\\/#website\",\"url\":\"https:\\\/\\\/www.lovendal.ro\\\/wp52\\\/\",\"name\":\"Secretele lui Lovendal\",\"description\":\"Site de secrete, stiinta si metafizica - din 2008 -\",\"publisher\":{\"@id\":\"https:\\\/\\\/www.lovendal.ro\\\/wp52\\\/#organization\"},\"potentialAction\":[{\"@type\":\"SearchAction\",\"target\":{\"@type\":\"EntryPoint\",\"urlTemplate\":\"https:\\\/\\\/www.lovendal.ro\\\/wp52\\\/?s={search_term_string}\"},\"query-input\":{\"@type\":\"PropertyValueSpecification\",\"valueRequired\":true,\"valueName\":\"search_term_string\"}}],\"inLanguage\":\"ro-RO\"},{\"@type\":\"Organization\",\"@id\":\"https:\\\/\\\/www.lovendal.ro\\\/wp52\\\/#organization\",\"name\":\"Secretele lui Lovendal\",\"url\":\"https:\\\/\\\/www.lovendal.ro\\\/wp52\\\/\",\"logo\":{\"@type\":\"ImageObject\",\"inLanguage\":\"ro-RO\",\"@id\":\"https:\\\/\\\/www.lovendal.ro\\\/wp52\\\/#\\\/schema\\\/logo\\\/image\\\/\",\"url\":\"https:\\\/\\\/www.lovendal.ro\\\/wp52\\\/wp-content\\\/uploads\\\/2024\\\/06\\\/cropped-SLL-iun-2024-1.jpg\",\"contentUrl\":\"https:\\\/\\\/www.lovendal.ro\\\/wp52\\\/wp-content\\\/uploads\\\/2024\\\/06\\\/cropped-SLL-iun-2024-1.jpg\",\"width\":771,\"height\":240,\"caption\":\"Secretele lui Lovendal\"},\"image\":{\"@id\":\"https:\\\/\\\/www.lovendal.ro\\\/wp52\\\/#\\\/schema\\\/logo\\\/image\\\/\"},\"sameAs\":[\"https:\\\/\\\/www.facebook.com\\\/secreteleluilovendal\"]},{\"@type\":\"Person\",\"@id\":\"https:\\\/\\\/www.lovendal.ro\\\/wp52\\\/#\\\/schema\\\/person\\\/088691de5dfc346bb0c023e1e52ef5d9\",\"name\":\"admin\",\"image\":{\"@type\":\"ImageObject\",\"inLanguage\":\"ro-RO\",\"@id\":\"https:\\\/\\\/secure.gravatar.com\\\/avatar\\\/ecb9cd41f5f63c9c9b989999a59f6e2639a865ec361e9db054db0679a8f341c2?s=96&d=mm&r=g\",\"url\":\"https:\\\/\\\/secure.gravatar.com\\\/avatar\\\/ecb9cd41f5f63c9c9b989999a59f6e2639a865ec361e9db054db0679a8f341c2?s=96&d=mm&r=g\",\"contentUrl\":\"https:\\\/\\\/secure.gravatar.com\\\/avatar\\\/ecb9cd41f5f63c9c9b989999a59f6e2639a865ec361e9db054db0679a8f341c2?s=96&d=mm&r=g\",\"caption\":\"admin\"},\"sameAs\":[\"https:\\\/\\\/www.lovendal.ro\\\/wp52\"]}]}<\/script>\n<!-- \/ Yoast SEO Premium plugin. -->","yoast_head_json":{"title":"Dac\u0103 omul ar fi avut ochi de vulturi? Am fi v\u0103zut mult mai departe, mai intens \u015fi chiar \u015fi \u00een raze ultraviolete! - Secretele lui Lovendal","robots":{"index":"index","follow":"follow","max-snippet":"max-snippet:-1","max-image-preview":"max-image-preview:large","max-video-preview":"max-video-preview:-1"},"canonical":"https:\/\/www.lovendal.ro\/wp52\/daca-omul-ar-fi-avut-ochi-de-vulturi-am-fi-vazut-mult-mai-departe-mai-intens-si-chiar-si-in-raze-ultraviolete\/","og_locale":"ro_RO","og_type":"article","og_title":"Dac\u0103 omul ar fi avut ochi de vulturi? Am fi v\u0103zut mult mai departe, mai intens \u015fi chiar \u015fi \u00een raze ultraviolete!","og_description":"Dac\u0103 \u0163i-ai schimba ochii cu cei ai unui vulturi, atunci ai putea fi capabil s\u0103 observi un mu\u015furoi de furnici situat pe p\u0103m\u00e2nt, de la etajul unei cl\u0103diri de 10 etaje. Ai putea observa clar expresiile de pe fa\u0163a fotbali\u015ftilor, ... Cititi mai multe","og_url":"https:\/\/www.lovendal.ro\/wp52\/daca-omul-ar-fi-avut-ochi-de-vulturi-am-fi-vazut-mult-mai-departe-mai-intens-si-chiar-si-in-raze-ultraviolete\/","og_site_name":"Secretele lui Lovendal","article_publisher":"https:\/\/www.facebook.com\/secreteleluilovendal","article_published_time":"2012-02-28T07:06:28+00:00","og_image":[{"width":298,"height":297,"url":"https:\/\/www.lovendal.ro\/wp52\/wp-content\/uploads\/2012\/02\/om-cu-ochi-de-vultur.jpg","type":"image\/jpeg"}],"author":"admin","twitter_card":"summary_large_image","twitter_misc":{"Scris de":"admin","Timp estimat pentru citire":"2 minute"},"schema":{"@context":"https:\/\/schema.org","@graph":[{"@type":"Article","@id":"https:\/\/www.lovendal.ro\/wp52\/daca-omul-ar-fi-avut-ochi-de-vulturi-am-fi-vazut-mult-mai-departe-mai-intens-si-chiar-si-in-raze-ultraviolete\/#article","isPartOf":{"@id":"https:\/\/www.lovendal.ro\/wp52\/daca-omul-ar-fi-avut-ochi-de-vulturi-am-fi-vazut-mult-mai-departe-mai-intens-si-chiar-si-in-raze-ultraviolete\/"},"author":{"name":"admin","@id":"https:\/\/www.lovendal.ro\/wp52\/#\/schema\/person\/088691de5dfc346bb0c023e1e52ef5d9"},"headline":"Dac\u0103 omul ar fi avut ochi de vulturi? Am fi v\u0103zut mult mai departe, mai intens \u015fi chiar \u015fi \u00een raze ultraviolete!","datePublished":"2012-02-28T07:06:28+00:00","mainEntityOfPage":{"@id":"https:\/\/www.lovendal.ro\/wp52\/daca-omul-ar-fi-avut-ochi-de-vulturi-am-fi-vazut-mult-mai-departe-mai-intens-si-chiar-si-in-raze-ultraviolete\/"},"wordCount":480,"commentCount":10,"publisher":{"@id":"https:\/\/www.lovendal.ro\/wp52\/#organization"},"image":{"@id":"https:\/\/www.lovendal.ro\/wp52\/daca-omul-ar-fi-avut-ochi-de-vulturi-am-fi-vazut-mult-mai-departe-mai-intens-si-chiar-si-in-raze-ultraviolete\/#primaryimage"},"thumbnailUrl":"https:\/\/www.lovendal.ro\/wp52\/wp-content\/uploads\/2012\/02\/om-cu-ochi-de-vultur.jpg","keywords":["furnici","Natura-Animale","ochi","om","pixeli","retin\u0103","ultraviolete","vedere","vultur","zoom"],"articleSection":["Natura-Animale"],"inLanguage":"ro-RO","potentialAction":[{"@type":"CommentAction","name":"Comment","target":["https:\/\/www.lovendal.ro\/wp52\/daca-omul-ar-fi-avut-ochi-de-vulturi-am-fi-vazut-mult-mai-departe-mai-intens-si-chiar-si-in-raze-ultraviolete\/#respond"]}]},{"@type":"WebPage","@id":"https:\/\/www.lovendal.ro\/wp52\/daca-omul-ar-fi-avut-ochi-de-vulturi-am-fi-vazut-mult-mai-departe-mai-intens-si-chiar-si-in-raze-ultraviolete\/","url":"https:\/\/www.lovendal.ro\/wp52\/daca-omul-ar-fi-avut-ochi-de-vulturi-am-fi-vazut-mult-mai-departe-mai-intens-si-chiar-si-in-raze-ultraviolete\/","name":"Dac\u0103 omul ar fi avut ochi de vulturi? Am fi v\u0103zut mult mai departe, mai intens \u015fi chiar \u015fi \u00een raze ultraviolete! - Secretele lui Lovendal","isPartOf":{"@id":"https:\/\/www.lovendal.ro\/wp52\/#website"},"primaryImageOfPage":{"@id":"https:\/\/www.lovendal.ro\/wp52\/daca-omul-ar-fi-avut-ochi-de-vulturi-am-fi-vazut-mult-mai-departe-mai-intens-si-chiar-si-in-raze-ultraviolete\/#primaryimage"},"image":{"@id":"https:\/\/www.lovendal.ro\/wp52\/daca-omul-ar-fi-avut-ochi-de-vulturi-am-fi-vazut-mult-mai-departe-mai-intens-si-chiar-si-in-raze-ultraviolete\/#primaryimage"},"thumbnailUrl":"https:\/\/www.lovendal.ro\/wp52\/wp-content\/uploads\/2012\/02\/om-cu-ochi-de-vultur.jpg","datePublished":"2012-02-28T07:06:28+00:00","breadcrumb":{"@id":"https:\/\/www.lovendal.ro\/wp52\/daca-omul-ar-fi-avut-ochi-de-vulturi-am-fi-vazut-mult-mai-departe-mai-intens-si-chiar-si-in-raze-ultraviolete\/#breadcrumb"},"inLanguage":"ro-RO","potentialAction":[{"@type":"ReadAction","target":["https:\/\/www.lovendal.ro\/wp52\/daca-omul-ar-fi-avut-ochi-de-vulturi-am-fi-vazut-mult-mai-departe-mai-intens-si-chiar-si-in-raze-ultraviolete\/"]}]},{"@type":"ImageObject","inLanguage":"ro-RO","@id":"https:\/\/www.lovendal.ro\/wp52\/daca-omul-ar-fi-avut-ochi-de-vulturi-am-fi-vazut-mult-mai-departe-mai-intens-si-chiar-si-in-raze-ultraviolete\/#primaryimage","url":"https:\/\/www.lovendal.ro\/wp52\/wp-content\/uploads\/2012\/02\/om-cu-ochi-de-vultur.jpg","contentUrl":"https:\/\/www.lovendal.ro\/wp52\/wp-content\/uploads\/2012\/02\/om-cu-ochi-de-vultur.jpg","width":"298","height":"297"},{"@type":"BreadcrumbList","@id":"https:\/\/www.lovendal.ro\/wp52\/daca-omul-ar-fi-avut-ochi-de-vulturi-am-fi-vazut-mult-mai-departe-mai-intens-si-chiar-si-in-raze-ultraviolete\/#breadcrumb","itemListElement":[{"@type":"ListItem","position":1,"name":"Home","item":"https:\/\/www.lovendal.ro\/wp52\/"},{"@type":"ListItem","position":2,"name":"Dac\u0103 omul ar fi avut ochi de vulturi? Am fi v\u0103zut mult mai departe, mai intens \u015fi chiar \u015fi \u00een raze ultraviolete!"}]},{"@type":"WebSite","@id":"https:\/\/www.lovendal.ro\/wp52\/#website","url":"https:\/\/www.lovendal.ro\/wp52\/","name":"Secretele lui Lovendal","description":"Site de secrete, stiinta si metafizica - din 2008 -","publisher":{"@id":"https:\/\/www.lovendal.ro\/wp52\/#organization"},"potentialAction":[{"@type":"SearchAction","target":{"@type":"EntryPoint","urlTemplate":"https:\/\/www.lovendal.ro\/wp52\/?s={search_term_string}"},"query-input":{"@type":"PropertyValueSpecification","valueRequired":true,"valueName":"search_term_string"}}],"inLanguage":"ro-RO"},{"@type":"Organization","@id":"https:\/\/www.lovendal.ro\/wp52\/#organization","name":"Secretele lui Lovendal","url":"https:\/\/www.lovendal.ro\/wp52\/","logo":{"@type":"ImageObject","inLanguage":"ro-RO","@id":"https:\/\/www.lovendal.ro\/wp52\/#\/schema\/logo\/image\/","url":"https:\/\/www.lovendal.ro\/wp52\/wp-content\/uploads\/2024\/06\/cropped-SLL-iun-2024-1.jpg","contentUrl":"https:\/\/www.lovendal.ro\/wp52\/wp-content\/uploads\/2024\/06\/cropped-SLL-iun-2024-1.jpg","width":771,"height":240,"caption":"Secretele lui Lovendal"},"image":{"@id":"https:\/\/www.lovendal.ro\/wp52\/#\/schema\/logo\/image\/"},"sameAs":["https:\/\/www.facebook.com\/secreteleluilovendal"]},{"@type":"Person","@id":"https:\/\/www.lovendal.ro\/wp52\/#\/schema\/person\/088691de5dfc346bb0c023e1e52ef5d9","name":"admin","image":{"@type":"ImageObject","inLanguage":"ro-RO","@id":"https:\/\/secure.gravatar.com\/avatar\/ecb9cd41f5f63c9c9b989999a59f6e2639a865ec361e9db054db0679a8f341c2?s=96&d=mm&r=g","url":"https:\/\/secure.gravatar.com\/avatar\/ecb9cd41f5f63c9c9b989999a59f6e2639a865ec361e9db054db0679a8f341c2?s=96&d=mm&r=g","contentUrl":"https:\/\/secure.gravatar.com\/avatar\/ecb9cd41f5f63c9c9b989999a59f6e2639a865ec361e9db054db0679a8f341c2?s=96&d=mm&r=g","caption":"admin"},"sameAs":["https:\/\/www.lovendal.ro\/wp52"]}]}},"_links":{"self":[{"href":"https:\/\/www.lovendal.ro\/wp52\/wp-json\/wp\/v2\/posts\/22463","targetHints":{"allow":["GET"]}}],"collection":[{"href":"https:\/\/www.lovendal.ro\/wp52\/wp-json\/wp\/v2\/posts"}],"about":[{"href":"https:\/\/www.lovendal.ro\/wp52\/wp-json\/wp\/v2\/types\/post"}],"author":[{"embeddable":true,"href":"https:\/\/www.lovendal.ro\/wp52\/wp-json\/wp\/v2\/users\/1"}],"replies":[{"embeddable":true,"href":"https:\/\/www.lovendal.ro\/wp52\/wp-json\/wp\/v2\/comments?post=22463"}],"version-history":[{"count":0,"href":"https:\/\/www.lovendal.ro\/wp52\/wp-json\/wp\/v2\/posts\/22463\/revisions"}],"wp:featuredmedia":[{"embeddable":true,"href":"https:\/\/www.lovendal.ro\/wp52\/wp-json\/wp\/v2\/media\/22464"}],"wp:attachment":[{"href":"https:\/\/www.lovendal.ro\/wp52\/wp-json\/wp\/v2\/media?parent=22463"}],"wp:term":[{"taxonomy":"category","embeddable":true,"href":"https:\/\/www.lovendal.ro\/wp52\/wp-json\/wp\/v2\/categories?post=22463"},{"taxonomy":"post_tag","embeddable":true,"href":"https:\/\/www.lovendal.ro\/wp52\/wp-json\/wp\/v2\/tags?post=22463"}],"curies":[{"name":"wp","href":"https:\/\/api.w.org\/{rel}","templated":true}]}}