{"id":22345,"date":"2012-02-19T11:28:55","date_gmt":"2012-02-19T09:28:55","guid":{"rendered":"http:\/\/www.lovendal.net\/wp52\/?p=22345"},"modified":"2012-02-19T11:28:55","modified_gmt":"2012-02-19T09:28:55","slug":"o-calugarita-irlandeza-din-secolul-19-apare-pe-o-fotografie-din-2012-explicatiile-mele-privind-fotografiile-cu-fantome","status":"publish","type":"post","link":"https:\/\/www.lovendal.ro\/wp52\/o-calugarita-irlandeza-din-secolul-19-apare-pe-o-fotografie-din-2012-explicatiile-mele-privind-fotografiile-cu-fantome\/","title":{"rendered":"O c\u0103lug\u0103ri\u0163\u0103 irlandez\u0103 din secolul 19 apare pe o fotografie din 2012: explica\u0163iile mele privind fotografiile cu fantome"},"content":{"rendered":"<p><a href=\"https:\/\/www.lovendal.ro\/wp52\/wp-content\/uploads\/2012\/02\/fantoma-calugarita-irlandeza.jpg\"><img loading=\"lazy\" decoding=\"async\" class=\"alignleft size-full wp-image-22346\" title=\"fantoma calugarita irlandeza\" src=\"https:\/\/www.lovendal.ro\/wp52\/wp-content\/uploads\/2012\/02\/fantoma-calugarita-irlandeza.jpg\" alt=\"\" width=\"299\" height=\"276\" \/><\/a>O fotografie care pare a con\u0163ine figura fantomatic\u0103 a unei c\u0103lug\u0103ri\u0163e aflat\u0103 pe faleza portului Galway (Irlanda) a produs furori printre locuitorii irlandezi din regiune, anun\u0163\u0103 ziarul on-line <a href=\"http:\/\/galwayindependent.com\/stories\/item\/1110\/2012-7\/Ghostly-image-causes-a-stir\" target=\"_blank\"><strong>Galway Independent<\/strong><\/a>. Fotograful local Jonathan Curran a avut ideea de a capta o serie de 13 fotografii din  zona pitoreasc\u0103, \u00eentr-o \u00eencercare de a crea o vedere panoramic\u0103; c\u00e2nd s-a uitat ulterior peste ele, \u00eentr-una din poze a dat peste ceva cu totul neobi\u015fnuit.<\/p>\n<p>Una  din imagini, care a fost luat\u0103 \u00een mai pu\u0163in de un minut fa\u0163\u0103 de celelalte, pare s\u0103 prezinte o figur\u0103 izolat\u0103 a unei femei, cu aspect de c\u0103lug\u0103ri\u0163\u0103 din secolul al XIX-lea. Domnul  Curran a fost stupefiat de aceast\u0103 descoperire ciudat\u0103 \u015fi, de\u015fi a verificat \u015fi celelalte 12 imagini, c\u0103lug\u0103ri\u0163a nu mai era prezent\u0103 \u00een niciuna din ele.<\/p>\n<p><em>&#8222;Spectrul  nu era vizibil nici \u00eenaintea \u015fi nici dup\u0103 ce fotografia a fost f\u0103cut\u0103 \u015fi  nu a fost surprins \u00een niciuna din celelalte fotografii. C\u0103lug\u0103ri\u0163a pare s\u0103 se iveasc\u0103 la un moment dat \u015fi s\u0103 dispar\u0103 brusc. Alte persoane care s-au plimbat pe falez\u0103 \u00een acea zi n-au fost con\u015ftien\u0163i de prezen\u0163a ei &#8222;<\/em>, a explicat fotograful.<\/p>\n<p>\u00centr-adev\u0103r, pe fotografie apare \u00een mod clar o figur\u0103  distinct\u0103 fantomatic\u0103 feminin\u0103 \u015fi de atunci au existat specula\u0163ii dac\u0103 fotografia este pur \u015fi simplu o iluzie optic\u0103 sau o  reprezentare a unei fantome.<\/p>\n<p>P.S. P\u0103rerea mea despre aceste &#8222;fantome&#8221; este urm\u0103toarea (\u015fi am mai explicat-o \u015fi \u00een alte d\u0103\u0163i): ceea ce numim noi &#8222;fantome&#8221; reprezint\u0103 de fapt &#8222;corpul eteric&#8221; al unei fiin\u0163e aflate \u00een via\u0163\u0103. Aceste &#8222;corpuri eterice&#8221; au proprietatea de a impregna energetic anumite locuri, put\u00e2nd astfel &#8222;supravie\u0163ui&#8221; de-a lungul timpului sub forma unei &#8222;\u00eenregistr\u0103ri energetice&#8221;. E posibil ca, din c\u00e2nd \u00een c\u00e2nd, s\u0103 fie surprinse pe camerele foto \u015fi video imagini statice sau \u00een mi\u015fcare ale acestor &#8222;\u00eenregistr\u0103ri&#8221; ale corpurilor eterice. Da, acea c\u0103lug\u0103ri\u0163\u0103 e posibil s\u0103 fi tr\u0103it cu adev\u0103rat prin secolul al XIX-lea, s\u0103-\u015fi fi l\u0103sat &#8222;amprenta energetic\u0103&#8221; a corpului ei eteric acolo, iar fotograful nu a f\u0103cut altceva dec\u00e2t s\u0103 surprind\u0103 o imagine a trecutului.<\/p>\n","protected":false},"excerpt":{"rendered":"<p>O fotografie care pare a con\u0163ine figura fantomatic\u0103 a unei c\u0103lug\u0103ri\u0163e aflat\u0103 pe faleza portului Galway (Irlanda) a produs furori printre locuitorii irlandezi din regiune, anun\u0163\u0103 ziarul on-line Galway Independent. Fotograful local Jonathan Curran a avut ideea de a capta &#8230; <\/p>\n<p class=\"read-more-container\"><a title=\"O c\u0103lug\u0103ri\u0163\u0103 irlandez\u0103 din secolul 19 apare pe o fotografie din 2012: explica\u0163iile mele privind fotografiile cu fantome\" class=\"read-more button\" href=\"https:\/\/www.lovendal.ro\/wp52\/o-calugarita-irlandeza-din-secolul-19-apare-pe-o-fotografie-din-2012-explicatiile-mele-privind-fotografiile-cu-fantome\/#more-22345\" aria-label=\"Cite\u0219te mai multe despre O c\u0103lug\u0103ri\u0163\u0103 irlandez\u0103 din secolul 19 apare pe o fotografie din 2012: explica\u0163iile mele privind fotografiile cu fantome\">Cititi mai multe<\/a><\/p>\n","protected":false},"author":1,"featured_media":22346,"comment_status":"open","ping_status":"closed","sticky":false,"template":"","format":"standard","meta":{"footnotes":""},"categories":[2761],"tags":[1489,3332,121,490,9812],"class_list":["post-22345","post","type-post","status-publish","format-standard","has-post-thumbnail","hentry","category-poze-controversate","tag-calugarita","tag-corp-eteric","tag-fantome","tag-irlanda","tag-poze-controversate","resize-featured-image"],"yoast_head":"<!-- This site is optimized with the Yoast SEO Premium plugin v23.3 (Yoast SEO v27.4) - https:\/\/yoast.com\/product\/yoast-seo-premium-wordpress\/ -->\n<title>O c\u0103lug\u0103ri\u0163\u0103 irlandez\u0103 din secolul 19 apare pe o fotografie din 2012: explica\u0163iile mele privind fotografiile cu fantome - Secretele lui Lovendal<\/title>\n<meta name=\"robots\" content=\"index, follow, max-snippet:-1, max-image-preview:large, max-video-preview:-1\" \/>\n<link rel=\"canonical\" href=\"https:\/\/www.lovendal.ro\/wp52\/o-calugarita-irlandeza-din-secolul-19-apare-pe-o-fotografie-din-2012-explicatiile-mele-privind-fotografiile-cu-fantome\/\" \/>\n<meta property=\"og:locale\" content=\"ro_RO\" \/>\n<meta property=\"og:type\" content=\"article\" \/>\n<meta property=\"og:title\" content=\"O c\u0103lug\u0103ri\u0163\u0103 irlandez\u0103 din secolul 19 apare pe o fotografie din 2012: explica\u0163iile mele privind fotografiile cu fantome\" \/>\n<meta property=\"og:description\" content=\"O fotografie care pare a con\u0163ine figura fantomatic\u0103 a unei c\u0103lug\u0103ri\u0163e aflat\u0103 pe faleza portului Galway (Irlanda) a produs furori printre locuitorii irlandezi din regiune, anun\u0163\u0103 ziarul on-line Galway Independent. Fotograful local Jonathan Curran a avut ideea de a capta ... Cititi mai multe\" \/>\n<meta property=\"og:url\" content=\"https:\/\/www.lovendal.ro\/wp52\/o-calugarita-irlandeza-din-secolul-19-apare-pe-o-fotografie-din-2012-explicatiile-mele-privind-fotografiile-cu-fantome\/\" \/>\n<meta property=\"og:site_name\" content=\"Secretele lui Lovendal\" \/>\n<meta property=\"article:publisher\" content=\"https:\/\/www.facebook.com\/secreteleluilovendal\" \/>\n<meta property=\"article:published_time\" content=\"2012-02-19T09:28:55+00:00\" \/>\n<meta property=\"og:image\" content=\"https:\/\/www.lovendal.ro\/wp52\/wp-content\/uploads\/2012\/02\/fantoma-calugarita-irlandeza.jpg\" \/>\n\t<meta property=\"og:image:width\" content=\"299\" \/>\n\t<meta property=\"og:image:height\" content=\"276\" \/>\n\t<meta property=\"og:image:type\" content=\"image\/jpeg\" \/>\n<meta name=\"author\" content=\"admin\" \/>\n<meta name=\"twitter:card\" content=\"summary_large_image\" \/>\n<meta name=\"twitter:label1\" content=\"Scris de\" \/>\n\t<meta name=\"twitter:data1\" content=\"admin\" \/>\n\t<meta name=\"twitter:label2\" content=\"Timp estimat pentru citire\" \/>\n\t<meta name=\"twitter:data2\" content=\"2 minute\" \/>\n<script type=\"application\/ld+json\" class=\"yoast-schema-graph\">{\"@context\":\"https:\\\/\\\/schema.org\",\"@graph\":[{\"@type\":\"Article\",\"@id\":\"https:\\\/\\\/www.lovendal.ro\\\/wp52\\\/o-calugarita-irlandeza-din-secolul-19-apare-pe-o-fotografie-din-2012-explicatiile-mele-privind-fotografiile-cu-fantome\\\/#article\",\"isPartOf\":{\"@id\":\"https:\\\/\\\/www.lovendal.ro\\\/wp52\\\/o-calugarita-irlandeza-din-secolul-19-apare-pe-o-fotografie-din-2012-explicatiile-mele-privind-fotografiile-cu-fantome\\\/\"},\"author\":{\"name\":\"admin\",\"@id\":\"https:\\\/\\\/www.lovendal.ro\\\/wp52\\\/#\\\/schema\\\/person\\\/088691de5dfc346bb0c023e1e52ef5d9\"},\"headline\":\"O c\u0103lug\u0103ri\u0163\u0103 irlandez\u0103 din secolul 19 apare pe o fotografie din 2012: explica\u0163iile mele privind fotografiile cu fantome\",\"datePublished\":\"2012-02-19T09:28:55+00:00\",\"mainEntityOfPage\":{\"@id\":\"https:\\\/\\\/www.lovendal.ro\\\/wp52\\\/o-calugarita-irlandeza-din-secolul-19-apare-pe-o-fotografie-din-2012-explicatiile-mele-privind-fotografiile-cu-fantome\\\/\"},\"wordCount\":397,\"commentCount\":7,\"publisher\":{\"@id\":\"https:\\\/\\\/www.lovendal.ro\\\/wp52\\\/#organization\"},\"image\":{\"@id\":\"https:\\\/\\\/www.lovendal.ro\\\/wp52\\\/o-calugarita-irlandeza-din-secolul-19-apare-pe-o-fotografie-din-2012-explicatiile-mele-privind-fotografiile-cu-fantome\\\/#primaryimage\"},\"thumbnailUrl\":\"https:\\\/\\\/www.lovendal.ro\\\/wp52\\\/wp-content\\\/uploads\\\/2012\\\/02\\\/fantoma-calugarita-irlandeza.jpg\",\"keywords\":[\"c\u0103lug\u0103ri\u0163\u0103\",\"corp eteric\",\"fantome\",\"Irlanda\",\"Poze controversate\"],\"articleSection\":[\"Poze controversate\"],\"inLanguage\":\"ro-RO\",\"potentialAction\":[{\"@type\":\"CommentAction\",\"name\":\"Comment\",\"target\":[\"https:\\\/\\\/www.lovendal.ro\\\/wp52\\\/o-calugarita-irlandeza-din-secolul-19-apare-pe-o-fotografie-din-2012-explicatiile-mele-privind-fotografiile-cu-fantome\\\/#respond\"]}]},{\"@type\":\"WebPage\",\"@id\":\"https:\\\/\\\/www.lovendal.ro\\\/wp52\\\/o-calugarita-irlandeza-din-secolul-19-apare-pe-o-fotografie-din-2012-explicatiile-mele-privind-fotografiile-cu-fantome\\\/\",\"url\":\"https:\\\/\\\/www.lovendal.ro\\\/wp52\\\/o-calugarita-irlandeza-din-secolul-19-apare-pe-o-fotografie-din-2012-explicatiile-mele-privind-fotografiile-cu-fantome\\\/\",\"name\":\"O c\u0103lug\u0103ri\u0163\u0103 irlandez\u0103 din secolul 19 apare pe o fotografie din 2012: explica\u0163iile mele privind fotografiile cu fantome - Secretele lui Lovendal\",\"isPartOf\":{\"@id\":\"https:\\\/\\\/www.lovendal.ro\\\/wp52\\\/#website\"},\"primaryImageOfPage\":{\"@id\":\"https:\\\/\\\/www.lovendal.ro\\\/wp52\\\/o-calugarita-irlandeza-din-secolul-19-apare-pe-o-fotografie-din-2012-explicatiile-mele-privind-fotografiile-cu-fantome\\\/#primaryimage\"},\"image\":{\"@id\":\"https:\\\/\\\/www.lovendal.ro\\\/wp52\\\/o-calugarita-irlandeza-din-secolul-19-apare-pe-o-fotografie-din-2012-explicatiile-mele-privind-fotografiile-cu-fantome\\\/#primaryimage\"},\"thumbnailUrl\":\"https:\\\/\\\/www.lovendal.ro\\\/wp52\\\/wp-content\\\/uploads\\\/2012\\\/02\\\/fantoma-calugarita-irlandeza.jpg\",\"datePublished\":\"2012-02-19T09:28:55+00:00\",\"breadcrumb\":{\"@id\":\"https:\\\/\\\/www.lovendal.ro\\\/wp52\\\/o-calugarita-irlandeza-din-secolul-19-apare-pe-o-fotografie-din-2012-explicatiile-mele-privind-fotografiile-cu-fantome\\\/#breadcrumb\"},\"inLanguage\":\"ro-RO\",\"potentialAction\":[{\"@type\":\"ReadAction\",\"target\":[\"https:\\\/\\\/www.lovendal.ro\\\/wp52\\\/o-calugarita-irlandeza-din-secolul-19-apare-pe-o-fotografie-din-2012-explicatiile-mele-privind-fotografiile-cu-fantome\\\/\"]}]},{\"@type\":\"ImageObject\",\"inLanguage\":\"ro-RO\",\"@id\":\"https:\\\/\\\/www.lovendal.ro\\\/wp52\\\/o-calugarita-irlandeza-din-secolul-19-apare-pe-o-fotografie-din-2012-explicatiile-mele-privind-fotografiile-cu-fantome\\\/#primaryimage\",\"url\":\"https:\\\/\\\/www.lovendal.ro\\\/wp52\\\/wp-content\\\/uploads\\\/2012\\\/02\\\/fantoma-calugarita-irlandeza.jpg\",\"contentUrl\":\"https:\\\/\\\/www.lovendal.ro\\\/wp52\\\/wp-content\\\/uploads\\\/2012\\\/02\\\/fantoma-calugarita-irlandeza.jpg\",\"width\":\"299\",\"height\":\"276\"},{\"@type\":\"BreadcrumbList\",\"@id\":\"https:\\\/\\\/www.lovendal.ro\\\/wp52\\\/o-calugarita-irlandeza-din-secolul-19-apare-pe-o-fotografie-din-2012-explicatiile-mele-privind-fotografiile-cu-fantome\\\/#breadcrumb\",\"itemListElement\":[{\"@type\":\"ListItem\",\"position\":1,\"name\":\"Home\",\"item\":\"https:\\\/\\\/www.lovendal.ro\\\/wp52\\\/\"},{\"@type\":\"ListItem\",\"position\":2,\"name\":\"O c\u0103lug\u0103ri\u0163\u0103 irlandez\u0103 din secolul 19 apare pe o fotografie din 2012: explica\u0163iile mele privind fotografiile cu fantome\"}]},{\"@type\":\"WebSite\",\"@id\":\"https:\\\/\\\/www.lovendal.ro\\\/wp52\\\/#website\",\"url\":\"https:\\\/\\\/www.lovendal.ro\\\/wp52\\\/\",\"name\":\"Secretele lui Lovendal\",\"description\":\"Site de secrete, stiinta si metafizica - din 2008 -\",\"publisher\":{\"@id\":\"https:\\\/\\\/www.lovendal.ro\\\/wp52\\\/#organization\"},\"potentialAction\":[{\"@type\":\"SearchAction\",\"target\":{\"@type\":\"EntryPoint\",\"urlTemplate\":\"https:\\\/\\\/www.lovendal.ro\\\/wp52\\\/?s={search_term_string}\"},\"query-input\":{\"@type\":\"PropertyValueSpecification\",\"valueRequired\":true,\"valueName\":\"search_term_string\"}}],\"inLanguage\":\"ro-RO\"},{\"@type\":\"Organization\",\"@id\":\"https:\\\/\\\/www.lovendal.ro\\\/wp52\\\/#organization\",\"name\":\"Secretele lui Lovendal\",\"url\":\"https:\\\/\\\/www.lovendal.ro\\\/wp52\\\/\",\"logo\":{\"@type\":\"ImageObject\",\"inLanguage\":\"ro-RO\",\"@id\":\"https:\\\/\\\/www.lovendal.ro\\\/wp52\\\/#\\\/schema\\\/logo\\\/image\\\/\",\"url\":\"https:\\\/\\\/www.lovendal.ro\\\/wp52\\\/wp-content\\\/uploads\\\/2024\\\/06\\\/cropped-SLL-iun-2024-1.jpg\",\"contentUrl\":\"https:\\\/\\\/www.lovendal.ro\\\/wp52\\\/wp-content\\\/uploads\\\/2024\\\/06\\\/cropped-SLL-iun-2024-1.jpg\",\"width\":771,\"height\":240,\"caption\":\"Secretele lui Lovendal\"},\"image\":{\"@id\":\"https:\\\/\\\/www.lovendal.ro\\\/wp52\\\/#\\\/schema\\\/logo\\\/image\\\/\"},\"sameAs\":[\"https:\\\/\\\/www.facebook.com\\\/secreteleluilovendal\"]},{\"@type\":\"Person\",\"@id\":\"https:\\\/\\\/www.lovendal.ro\\\/wp52\\\/#\\\/schema\\\/person\\\/088691de5dfc346bb0c023e1e52ef5d9\",\"name\":\"admin\",\"image\":{\"@type\":\"ImageObject\",\"inLanguage\":\"ro-RO\",\"@id\":\"https:\\\/\\\/secure.gravatar.com\\\/avatar\\\/ecb9cd41f5f63c9c9b989999a59f6e2639a865ec361e9db054db0679a8f341c2?s=96&d=mm&r=g\",\"url\":\"https:\\\/\\\/secure.gravatar.com\\\/avatar\\\/ecb9cd41f5f63c9c9b989999a59f6e2639a865ec361e9db054db0679a8f341c2?s=96&d=mm&r=g\",\"contentUrl\":\"https:\\\/\\\/secure.gravatar.com\\\/avatar\\\/ecb9cd41f5f63c9c9b989999a59f6e2639a865ec361e9db054db0679a8f341c2?s=96&d=mm&r=g\",\"caption\":\"admin\"},\"sameAs\":[\"https:\\\/\\\/www.lovendal.ro\\\/wp52\"]}]}<\/script>\n<!-- \/ Yoast SEO Premium plugin. -->","yoast_head_json":{"title":"O c\u0103lug\u0103ri\u0163\u0103 irlandez\u0103 din secolul 19 apare pe o fotografie din 2012: explica\u0163iile mele privind fotografiile cu fantome - Secretele lui Lovendal","robots":{"index":"index","follow":"follow","max-snippet":"max-snippet:-1","max-image-preview":"max-image-preview:large","max-video-preview":"max-video-preview:-1"},"canonical":"https:\/\/www.lovendal.ro\/wp52\/o-calugarita-irlandeza-din-secolul-19-apare-pe-o-fotografie-din-2012-explicatiile-mele-privind-fotografiile-cu-fantome\/","og_locale":"ro_RO","og_type":"article","og_title":"O c\u0103lug\u0103ri\u0163\u0103 irlandez\u0103 din secolul 19 apare pe o fotografie din 2012: explica\u0163iile mele privind fotografiile cu fantome","og_description":"O fotografie care pare a con\u0163ine figura fantomatic\u0103 a unei c\u0103lug\u0103ri\u0163e aflat\u0103 pe faleza portului Galway (Irlanda) a produs furori printre locuitorii irlandezi din regiune, anun\u0163\u0103 ziarul on-line Galway Independent. Fotograful local Jonathan Curran a avut ideea de a capta ... Cititi mai multe","og_url":"https:\/\/www.lovendal.ro\/wp52\/o-calugarita-irlandeza-din-secolul-19-apare-pe-o-fotografie-din-2012-explicatiile-mele-privind-fotografiile-cu-fantome\/","og_site_name":"Secretele lui Lovendal","article_publisher":"https:\/\/www.facebook.com\/secreteleluilovendal","article_published_time":"2012-02-19T09:28:55+00:00","og_image":[{"width":299,"height":276,"url":"https:\/\/www.lovendal.ro\/wp52\/wp-content\/uploads\/2012\/02\/fantoma-calugarita-irlandeza.jpg","type":"image\/jpeg"}],"author":"admin","twitter_card":"summary_large_image","twitter_misc":{"Scris de":"admin","Timp estimat pentru citire":"2 minute"},"schema":{"@context":"https:\/\/schema.org","@graph":[{"@type":"Article","@id":"https:\/\/www.lovendal.ro\/wp52\/o-calugarita-irlandeza-din-secolul-19-apare-pe-o-fotografie-din-2012-explicatiile-mele-privind-fotografiile-cu-fantome\/#article","isPartOf":{"@id":"https:\/\/www.lovendal.ro\/wp52\/o-calugarita-irlandeza-din-secolul-19-apare-pe-o-fotografie-din-2012-explicatiile-mele-privind-fotografiile-cu-fantome\/"},"author":{"name":"admin","@id":"https:\/\/www.lovendal.ro\/wp52\/#\/schema\/person\/088691de5dfc346bb0c023e1e52ef5d9"},"headline":"O c\u0103lug\u0103ri\u0163\u0103 irlandez\u0103 din secolul 19 apare pe o fotografie din 2012: explica\u0163iile mele privind fotografiile cu fantome","datePublished":"2012-02-19T09:28:55+00:00","mainEntityOfPage":{"@id":"https:\/\/www.lovendal.ro\/wp52\/o-calugarita-irlandeza-din-secolul-19-apare-pe-o-fotografie-din-2012-explicatiile-mele-privind-fotografiile-cu-fantome\/"},"wordCount":397,"commentCount":7,"publisher":{"@id":"https:\/\/www.lovendal.ro\/wp52\/#organization"},"image":{"@id":"https:\/\/www.lovendal.ro\/wp52\/o-calugarita-irlandeza-din-secolul-19-apare-pe-o-fotografie-din-2012-explicatiile-mele-privind-fotografiile-cu-fantome\/#primaryimage"},"thumbnailUrl":"https:\/\/www.lovendal.ro\/wp52\/wp-content\/uploads\/2012\/02\/fantoma-calugarita-irlandeza.jpg","keywords":["c\u0103lug\u0103ri\u0163\u0103","corp eteric","fantome","Irlanda","Poze controversate"],"articleSection":["Poze controversate"],"inLanguage":"ro-RO","potentialAction":[{"@type":"CommentAction","name":"Comment","target":["https:\/\/www.lovendal.ro\/wp52\/o-calugarita-irlandeza-din-secolul-19-apare-pe-o-fotografie-din-2012-explicatiile-mele-privind-fotografiile-cu-fantome\/#respond"]}]},{"@type":"WebPage","@id":"https:\/\/www.lovendal.ro\/wp52\/o-calugarita-irlandeza-din-secolul-19-apare-pe-o-fotografie-din-2012-explicatiile-mele-privind-fotografiile-cu-fantome\/","url":"https:\/\/www.lovendal.ro\/wp52\/o-calugarita-irlandeza-din-secolul-19-apare-pe-o-fotografie-din-2012-explicatiile-mele-privind-fotografiile-cu-fantome\/","name":"O c\u0103lug\u0103ri\u0163\u0103 irlandez\u0103 din secolul 19 apare pe o fotografie din 2012: explica\u0163iile mele privind fotografiile cu fantome - Secretele lui Lovendal","isPartOf":{"@id":"https:\/\/www.lovendal.ro\/wp52\/#website"},"primaryImageOfPage":{"@id":"https:\/\/www.lovendal.ro\/wp52\/o-calugarita-irlandeza-din-secolul-19-apare-pe-o-fotografie-din-2012-explicatiile-mele-privind-fotografiile-cu-fantome\/#primaryimage"},"image":{"@id":"https:\/\/www.lovendal.ro\/wp52\/o-calugarita-irlandeza-din-secolul-19-apare-pe-o-fotografie-din-2012-explicatiile-mele-privind-fotografiile-cu-fantome\/#primaryimage"},"thumbnailUrl":"https:\/\/www.lovendal.ro\/wp52\/wp-content\/uploads\/2012\/02\/fantoma-calugarita-irlandeza.jpg","datePublished":"2012-02-19T09:28:55+00:00","breadcrumb":{"@id":"https:\/\/www.lovendal.ro\/wp52\/o-calugarita-irlandeza-din-secolul-19-apare-pe-o-fotografie-din-2012-explicatiile-mele-privind-fotografiile-cu-fantome\/#breadcrumb"},"inLanguage":"ro-RO","potentialAction":[{"@type":"ReadAction","target":["https:\/\/www.lovendal.ro\/wp52\/o-calugarita-irlandeza-din-secolul-19-apare-pe-o-fotografie-din-2012-explicatiile-mele-privind-fotografiile-cu-fantome\/"]}]},{"@type":"ImageObject","inLanguage":"ro-RO","@id":"https:\/\/www.lovendal.ro\/wp52\/o-calugarita-irlandeza-din-secolul-19-apare-pe-o-fotografie-din-2012-explicatiile-mele-privind-fotografiile-cu-fantome\/#primaryimage","url":"https:\/\/www.lovendal.ro\/wp52\/wp-content\/uploads\/2012\/02\/fantoma-calugarita-irlandeza.jpg","contentUrl":"https:\/\/www.lovendal.ro\/wp52\/wp-content\/uploads\/2012\/02\/fantoma-calugarita-irlandeza.jpg","width":"299","height":"276"},{"@type":"BreadcrumbList","@id":"https:\/\/www.lovendal.ro\/wp52\/o-calugarita-irlandeza-din-secolul-19-apare-pe-o-fotografie-din-2012-explicatiile-mele-privind-fotografiile-cu-fantome\/#breadcrumb","itemListElement":[{"@type":"ListItem","position":1,"name":"Home","item":"https:\/\/www.lovendal.ro\/wp52\/"},{"@type":"ListItem","position":2,"name":"O c\u0103lug\u0103ri\u0163\u0103 irlandez\u0103 din secolul 19 apare pe o fotografie din 2012: explica\u0163iile mele privind fotografiile cu fantome"}]},{"@type":"WebSite","@id":"https:\/\/www.lovendal.ro\/wp52\/#website","url":"https:\/\/www.lovendal.ro\/wp52\/","name":"Secretele lui Lovendal","description":"Site de secrete, stiinta si metafizica - din 2008 -","publisher":{"@id":"https:\/\/www.lovendal.ro\/wp52\/#organization"},"potentialAction":[{"@type":"SearchAction","target":{"@type":"EntryPoint","urlTemplate":"https:\/\/www.lovendal.ro\/wp52\/?s={search_term_string}"},"query-input":{"@type":"PropertyValueSpecification","valueRequired":true,"valueName":"search_term_string"}}],"inLanguage":"ro-RO"},{"@type":"Organization","@id":"https:\/\/www.lovendal.ro\/wp52\/#organization","name":"Secretele lui Lovendal","url":"https:\/\/www.lovendal.ro\/wp52\/","logo":{"@type":"ImageObject","inLanguage":"ro-RO","@id":"https:\/\/www.lovendal.ro\/wp52\/#\/schema\/logo\/image\/","url":"https:\/\/www.lovendal.ro\/wp52\/wp-content\/uploads\/2024\/06\/cropped-SLL-iun-2024-1.jpg","contentUrl":"https:\/\/www.lovendal.ro\/wp52\/wp-content\/uploads\/2024\/06\/cropped-SLL-iun-2024-1.jpg","width":771,"height":240,"caption":"Secretele lui Lovendal"},"image":{"@id":"https:\/\/www.lovendal.ro\/wp52\/#\/schema\/logo\/image\/"},"sameAs":["https:\/\/www.facebook.com\/secreteleluilovendal"]},{"@type":"Person","@id":"https:\/\/www.lovendal.ro\/wp52\/#\/schema\/person\/088691de5dfc346bb0c023e1e52ef5d9","name":"admin","image":{"@type":"ImageObject","inLanguage":"ro-RO","@id":"https:\/\/secure.gravatar.com\/avatar\/ecb9cd41f5f63c9c9b989999a59f6e2639a865ec361e9db054db0679a8f341c2?s=96&d=mm&r=g","url":"https:\/\/secure.gravatar.com\/avatar\/ecb9cd41f5f63c9c9b989999a59f6e2639a865ec361e9db054db0679a8f341c2?s=96&d=mm&r=g","contentUrl":"https:\/\/secure.gravatar.com\/avatar\/ecb9cd41f5f63c9c9b989999a59f6e2639a865ec361e9db054db0679a8f341c2?s=96&d=mm&r=g","caption":"admin"},"sameAs":["https:\/\/www.lovendal.ro\/wp52"]}]}},"_links":{"self":[{"href":"https:\/\/www.lovendal.ro\/wp52\/wp-json\/wp\/v2\/posts\/22345","targetHints":{"allow":["GET"]}}],"collection":[{"href":"https:\/\/www.lovendal.ro\/wp52\/wp-json\/wp\/v2\/posts"}],"about":[{"href":"https:\/\/www.lovendal.ro\/wp52\/wp-json\/wp\/v2\/types\/post"}],"author":[{"embeddable":true,"href":"https:\/\/www.lovendal.ro\/wp52\/wp-json\/wp\/v2\/users\/1"}],"replies":[{"embeddable":true,"href":"https:\/\/www.lovendal.ro\/wp52\/wp-json\/wp\/v2\/comments?post=22345"}],"version-history":[{"count":0,"href":"https:\/\/www.lovendal.ro\/wp52\/wp-json\/wp\/v2\/posts\/22345\/revisions"}],"wp:featuredmedia":[{"embeddable":true,"href":"https:\/\/www.lovendal.ro\/wp52\/wp-json\/wp\/v2\/media\/22346"}],"wp:attachment":[{"href":"https:\/\/www.lovendal.ro\/wp52\/wp-json\/wp\/v2\/media?parent=22345"}],"wp:term":[{"taxonomy":"category","embeddable":true,"href":"https:\/\/www.lovendal.ro\/wp52\/wp-json\/wp\/v2\/categories?post=22345"},{"taxonomy":"post_tag","embeddable":true,"href":"https:\/\/www.lovendal.ro\/wp52\/wp-json\/wp\/v2\/tags?post=22345"}],"curies":[{"name":"wp","href":"https:\/\/api.w.org\/{rel}","templated":true}]}}