{"id":21750,"date":"2012-01-10T00:09:47","date_gmt":"2012-01-09T22:09:47","guid":{"rendered":"http:\/\/www.lovendal.net\/wp52\/?p=21750"},"modified":"2012-01-09T23:52:33","modified_gmt":"2012-01-09T21:52:33","slug":"venus-in-flacari-intr-o-seara-am-ramas-surprins-cat-de-tare-poate-sa-straluceasca-luceafarul","status":"publish","type":"post","link":"https:\/\/www.lovendal.ro\/wp52\/venus-in-flacari-intr-o-seara-am-ramas-surprins-cat-de-tare-poate-sa-straluceasca-luceafarul\/","title":{"rendered":"Venus \u00een fl\u0103c\u0103ri? \u00centr-o sear\u0103 am r\u0103mas surprins c\u00e2t de tare poate s\u0103 str\u0103luceasc\u0103 Luceaf\u0103rul"},"content":{"rendered":"<p><a href=\"https:\/\/www.lovendal.ro\/wp52\/wp-content\/uploads\/2012\/01\/Venus-in-flacari.jpg\"><img loading=\"lazy\" decoding=\"async\" class=\"alignleft size-full wp-image-21751\" title=\"Venus in flacari\" src=\"https:\/\/www.lovendal.ro\/wp52\/wp-content\/uploads\/2012\/01\/Venus-in-flacari.jpg\" alt=\"\" width=\"307\" height=\"263\" srcset=\"https:\/\/www.lovendal.ro\/wp52\/wp-content\/uploads\/2012\/01\/Venus-in-flacari.jpg 307w, https:\/\/www.lovendal.ro\/wp52\/wp-content\/uploads\/2012\/01\/Venus-in-flacari-300x257.jpg 300w\" sizes=\"auto, (max-width: 307px) 100vw, 307px\" \/><\/a>S\u0103 v\u0103 spun o mic\u0103 \u00eent\u00e2mplare. Era duminic\u0103, 8 ianuarie 2012, \u00een jurul orei 17:15-17:30 cred. Soarele nu apusese demult, cred c\u0103 de maxim un sfert de or\u0103-20 de minute. Cerul era clar, probabil c\u0103 datorit\u0103 frigului care se instalase afar\u0103. Mergeam cu ma\u015fina \u015fi m\u0103 gr\u0103beam s\u0103 ajung destul de repede la o \u00eent\u00e2lnire. De\u015fi conduceam, ochii mi-au fost atra\u015fi de o stea foarte puternic\u0103 ce lucea pe cer. \u0162in\u00e2nd cont de faptul c\u0103 Soarele nu apusese demult \u015fi c\u0103 pe cer nu se puteau \u00eenc\u0103 observa dec\u00e2t pu\u0163ine stele, am tras concluzia c\u0103 singurul corp ceresc ce putea str\u0103luci at\u00e2t de tare nu putea fi dec\u00e2t planeta Venus. Sunt pasionat de stele \u00eenc\u0103 de mic, \u00eemi place s\u0103 m\u0103 uit la ele, iar Luceaf\u0103rul l-am privit de multe ori pe cerul serii&#8230; dar crede\u0163i-m\u0103 c\u0103 nu l-am v\u0103zut niciodat\u0103 at\u00e2t de intens ca duminic\u0103 sear\u0103! Aproape c\u0103 nu-mi puteam dezlipi ochii de la el, de\u015fi trebuia mai degrab\u0103 s\u0103 fiu atent la trafic.<\/p>\n<p>Mi s-a p\u0103rut ciudat ce s-a \u00eent\u00e2mplat cu Venus, de a ajuns at\u00e2t de intens, \u015fi poate c\u0103 a\u015f fi uitat de tot evenimentul, dac\u0103 \u00een noaptea \u00een care scriu articolul acesta n-a\u015f fi dat \u00eent\u00e2mpl\u0103tor (coinciden\u0163a, bat-o vina!) peste un videoclip de pe YouTube, \u00een care un utilizator se \u00eentreab\u0103 ce se \u00eent\u00e2mpl\u0103 cu planeta Venus, care pare c\u0103 e \u00een fl\u0103c\u0103ri! Videoclipul a fost postat pe 28 decembrie 2011, deci, fa\u0163\u0103 de momentul \u00een care am observat eu Luceaf\u0103rul at\u00e2t de tare str\u0103lucind e o diferen\u0163\u0103 de vreo 10 zile. Videoclipul folose\u015fte imaginile preluate de pe satelitul solar spa\u0163ial NASA Stereo Behind \u015fi, la un moment dat, se observ\u0103 ca \u015fi cum ni\u015fte fl\u0103c\u0103ri ar izbucni de pe planeta Venus! Ce se \u00eent\u00e2mpl\u0103 cu planeta noastr\u0103 vecin\u0103? Ia foc? De ce nu ni se prezint\u0103 nicio \u015ftire privitoare la acest subiect?<\/p>\n<p><object classid=\"clsid:d27cdb6e-ae6d-11cf-96b8-444553540000\" width=\"452\" height=\"255\" codebase=\"http:\/\/download.macromedia.com\/pub\/shockwave\/cabs\/flash\/swflash.cab#version=6,0,40,0\"><param name=\"allowFullScreen\" value=\"true\" \/><param name=\"allowscriptaccess\" value=\"always\" \/><param name=\"src\" value=\"http:\/\/www.youtube.com\/v\/Jj65aEroq7w?version=3&amp;hl=ro_RO\" \/><param name=\"allowfullscreen\" value=\"true\" \/><embed type=\"application\/x-shockwave-flash\" width=\"452\" height=\"255\" src=\"http:\/\/www.youtube.com\/v\/Jj65aEroq7w?version=3&amp;hl=ro_RO\" allowscriptaccess=\"always\" allowfullscreen=\"true\"><\/embed><\/object><\/p>\n","protected":false},"excerpt":{"rendered":"<p>S\u0103 v\u0103 spun o mic\u0103 \u00eent\u00e2mplare. Era duminic\u0103, 8 ianuarie 2012, \u00een jurul orei 17:15-17:30 cred. Soarele nu apusese demult, cred c\u0103 de maxim un sfert de or\u0103-20 de minute. Cerul era clar, probabil c\u0103 datorit\u0103 frigului care se instalase &#8230; <\/p>\n<p class=\"read-more-container\"><a title=\"Venus \u00een fl\u0103c\u0103ri? \u00centr-o sear\u0103 am r\u0103mas surprins c\u00e2t de tare poate s\u0103 str\u0103luceasc\u0103 Luceaf\u0103rul\" class=\"read-more button\" href=\"https:\/\/www.lovendal.ro\/wp52\/venus-in-flacari-intr-o-seara-am-ramas-surprins-cat-de-tare-poate-sa-straluceasca-luceafarul\/#more-21750\" aria-label=\"Cite\u0219te mai multe despre Venus \u00een fl\u0103c\u0103ri? \u00centr-o sear\u0103 am r\u0103mas surprins c\u00e2t de tare poate s\u0103 str\u0103luceasc\u0103 Luceaf\u0103rul\">Cititi mai multe<\/a><\/p>\n","protected":false},"author":1,"featured_media":21751,"comment_status":"open","ping_status":"closed","sticky":false,"template":"","format":"standard","meta":{"footnotes":""},"categories":[106],"tags":[102,1988,580,150,865,9803,1029,2042,4223],"class_list":["post-21750","post","type-post","status-publish","format-standard","has-post-thumbnail","hentry","category-stiinta","tag-astronomie","tag-flacara","tag-masina","tag-nasa","tag-soare","tag-stiinta","tag-venus","tag-videoclip","tag-youtube","resize-featured-image"],"yoast_head":"<!-- This site is optimized with the Yoast SEO Premium plugin v23.3 (Yoast SEO v27.4) - https:\/\/yoast.com\/product\/yoast-seo-premium-wordpress\/ -->\n<title>Venus \u00een fl\u0103c\u0103ri? \u00centr-o sear\u0103 am r\u0103mas surprins c\u00e2t de tare poate s\u0103 str\u0103luceasc\u0103 Luceaf\u0103rul - Secretele lui Lovendal<\/title>\n<meta name=\"robots\" content=\"index, follow, max-snippet:-1, max-image-preview:large, max-video-preview:-1\" \/>\n<link rel=\"canonical\" href=\"https:\/\/www.lovendal.ro\/wp52\/venus-in-flacari-intr-o-seara-am-ramas-surprins-cat-de-tare-poate-sa-straluceasca-luceafarul\/\" \/>\n<meta property=\"og:locale\" content=\"ro_RO\" \/>\n<meta property=\"og:type\" content=\"article\" \/>\n<meta property=\"og:title\" content=\"Venus \u00een fl\u0103c\u0103ri? \u00centr-o sear\u0103 am r\u0103mas surprins c\u00e2t de tare poate s\u0103 str\u0103luceasc\u0103 Luceaf\u0103rul\" \/>\n<meta property=\"og:description\" content=\"S\u0103 v\u0103 spun o mic\u0103 \u00eent\u00e2mplare. Era duminic\u0103, 8 ianuarie 2012, \u00een jurul orei 17:15-17:30 cred. Soarele nu apusese demult, cred c\u0103 de maxim un sfert de or\u0103-20 de minute. Cerul era clar, probabil c\u0103 datorit\u0103 frigului care se instalase ... Cititi mai multe\" \/>\n<meta property=\"og:url\" content=\"https:\/\/www.lovendal.ro\/wp52\/venus-in-flacari-intr-o-seara-am-ramas-surprins-cat-de-tare-poate-sa-straluceasca-luceafarul\/\" \/>\n<meta property=\"og:site_name\" content=\"Secretele lui Lovendal\" \/>\n<meta property=\"article:publisher\" content=\"https:\/\/www.facebook.com\/secreteleluilovendal\" \/>\n<meta property=\"article:published_time\" content=\"2012-01-09T22:09:47+00:00\" \/>\n<meta property=\"og:image\" content=\"https:\/\/www.lovendal.ro\/wp52\/wp-content\/uploads\/2012\/01\/Venus-in-flacari.jpg\" \/>\n\t<meta property=\"og:image:width\" content=\"307\" \/>\n\t<meta property=\"og:image:height\" content=\"263\" \/>\n\t<meta property=\"og:image:type\" content=\"image\/jpeg\" \/>\n<meta name=\"author\" content=\"admin\" \/>\n<meta name=\"twitter:card\" content=\"summary_large_image\" \/>\n<meta name=\"twitter:label1\" content=\"Scris de\" \/>\n\t<meta name=\"twitter:data1\" content=\"admin\" \/>\n\t<meta name=\"twitter:label2\" content=\"Timp estimat pentru citire\" \/>\n\t<meta name=\"twitter:data2\" content=\"2 minute\" \/>\n<script type=\"application\/ld+json\" class=\"yoast-schema-graph\">{\"@context\":\"https:\\\/\\\/schema.org\",\"@graph\":[{\"@type\":\"Article\",\"@id\":\"https:\\\/\\\/www.lovendal.ro\\\/wp52\\\/venus-in-flacari-intr-o-seara-am-ramas-surprins-cat-de-tare-poate-sa-straluceasca-luceafarul\\\/#article\",\"isPartOf\":{\"@id\":\"https:\\\/\\\/www.lovendal.ro\\\/wp52\\\/venus-in-flacari-intr-o-seara-am-ramas-surprins-cat-de-tare-poate-sa-straluceasca-luceafarul\\\/\"},\"author\":{\"name\":\"admin\",\"@id\":\"https:\\\/\\\/www.lovendal.ro\\\/wp52\\\/#\\\/schema\\\/person\\\/088691de5dfc346bb0c023e1e52ef5d9\"},\"headline\":\"Venus \u00een fl\u0103c\u0103ri? \u00centr-o sear\u0103 am r\u0103mas surprins c\u00e2t de tare poate s\u0103 str\u0103luceasc\u0103 Luceaf\u0103rul\",\"datePublished\":\"2012-01-09T22:09:47+00:00\",\"mainEntityOfPage\":{\"@id\":\"https:\\\/\\\/www.lovendal.ro\\\/wp52\\\/venus-in-flacari-intr-o-seara-am-ramas-surprins-cat-de-tare-poate-sa-straluceasca-luceafarul\\\/\"},\"wordCount\":360,\"commentCount\":26,\"publisher\":{\"@id\":\"https:\\\/\\\/www.lovendal.ro\\\/wp52\\\/#organization\"},\"image\":{\"@id\":\"https:\\\/\\\/www.lovendal.ro\\\/wp52\\\/venus-in-flacari-intr-o-seara-am-ramas-surprins-cat-de-tare-poate-sa-straluceasca-luceafarul\\\/#primaryimage\"},\"thumbnailUrl\":\"https:\\\/\\\/www.lovendal.ro\\\/wp52\\\/wp-content\\\/uploads\\\/2012\\\/01\\\/Venus-in-flacari.jpg\",\"keywords\":[\"astronomie\",\"flac\u0103r\u0103\",\"ma\u015fin\u0103\",\"NASA\",\"Soare\",\"Stiinta\",\"Venus\",\"videoclip\",\"YouTube\"],\"articleSection\":[\"Stiinta\"],\"inLanguage\":\"ro-RO\",\"potentialAction\":[{\"@type\":\"CommentAction\",\"name\":\"Comment\",\"target\":[\"https:\\\/\\\/www.lovendal.ro\\\/wp52\\\/venus-in-flacari-intr-o-seara-am-ramas-surprins-cat-de-tare-poate-sa-straluceasca-luceafarul\\\/#respond\"]}]},{\"@type\":\"WebPage\",\"@id\":\"https:\\\/\\\/www.lovendal.ro\\\/wp52\\\/venus-in-flacari-intr-o-seara-am-ramas-surprins-cat-de-tare-poate-sa-straluceasca-luceafarul\\\/\",\"url\":\"https:\\\/\\\/www.lovendal.ro\\\/wp52\\\/venus-in-flacari-intr-o-seara-am-ramas-surprins-cat-de-tare-poate-sa-straluceasca-luceafarul\\\/\",\"name\":\"Venus \u00een fl\u0103c\u0103ri? \u00centr-o sear\u0103 am r\u0103mas surprins c\u00e2t de tare poate s\u0103 str\u0103luceasc\u0103 Luceaf\u0103rul - Secretele lui Lovendal\",\"isPartOf\":{\"@id\":\"https:\\\/\\\/www.lovendal.ro\\\/wp52\\\/#website\"},\"primaryImageOfPage\":{\"@id\":\"https:\\\/\\\/www.lovendal.ro\\\/wp52\\\/venus-in-flacari-intr-o-seara-am-ramas-surprins-cat-de-tare-poate-sa-straluceasca-luceafarul\\\/#primaryimage\"},\"image\":{\"@id\":\"https:\\\/\\\/www.lovendal.ro\\\/wp52\\\/venus-in-flacari-intr-o-seara-am-ramas-surprins-cat-de-tare-poate-sa-straluceasca-luceafarul\\\/#primaryimage\"},\"thumbnailUrl\":\"https:\\\/\\\/www.lovendal.ro\\\/wp52\\\/wp-content\\\/uploads\\\/2012\\\/01\\\/Venus-in-flacari.jpg\",\"datePublished\":\"2012-01-09T22:09:47+00:00\",\"breadcrumb\":{\"@id\":\"https:\\\/\\\/www.lovendal.ro\\\/wp52\\\/venus-in-flacari-intr-o-seara-am-ramas-surprins-cat-de-tare-poate-sa-straluceasca-luceafarul\\\/#breadcrumb\"},\"inLanguage\":\"ro-RO\",\"potentialAction\":[{\"@type\":\"ReadAction\",\"target\":[\"https:\\\/\\\/www.lovendal.ro\\\/wp52\\\/venus-in-flacari-intr-o-seara-am-ramas-surprins-cat-de-tare-poate-sa-straluceasca-luceafarul\\\/\"]}]},{\"@type\":\"ImageObject\",\"inLanguage\":\"ro-RO\",\"@id\":\"https:\\\/\\\/www.lovendal.ro\\\/wp52\\\/venus-in-flacari-intr-o-seara-am-ramas-surprins-cat-de-tare-poate-sa-straluceasca-luceafarul\\\/#primaryimage\",\"url\":\"https:\\\/\\\/www.lovendal.ro\\\/wp52\\\/wp-content\\\/uploads\\\/2012\\\/01\\\/Venus-in-flacari.jpg\",\"contentUrl\":\"https:\\\/\\\/www.lovendal.ro\\\/wp52\\\/wp-content\\\/uploads\\\/2012\\\/01\\\/Venus-in-flacari.jpg\",\"width\":\"307\",\"height\":\"263\"},{\"@type\":\"BreadcrumbList\",\"@id\":\"https:\\\/\\\/www.lovendal.ro\\\/wp52\\\/venus-in-flacari-intr-o-seara-am-ramas-surprins-cat-de-tare-poate-sa-straluceasca-luceafarul\\\/#breadcrumb\",\"itemListElement\":[{\"@type\":\"ListItem\",\"position\":1,\"name\":\"Home\",\"item\":\"https:\\\/\\\/www.lovendal.ro\\\/wp52\\\/\"},{\"@type\":\"ListItem\",\"position\":2,\"name\":\"Venus \u00een fl\u0103c\u0103ri? \u00centr-o sear\u0103 am r\u0103mas surprins c\u00e2t de tare poate s\u0103 str\u0103luceasc\u0103 Luceaf\u0103rul\"}]},{\"@type\":\"WebSite\",\"@id\":\"https:\\\/\\\/www.lovendal.ro\\\/wp52\\\/#website\",\"url\":\"https:\\\/\\\/www.lovendal.ro\\\/wp52\\\/\",\"name\":\"Secretele lui Lovendal\",\"description\":\"Site de secrete, stiinta si metafizica - din 2008 -\",\"publisher\":{\"@id\":\"https:\\\/\\\/www.lovendal.ro\\\/wp52\\\/#organization\"},\"potentialAction\":[{\"@type\":\"SearchAction\",\"target\":{\"@type\":\"EntryPoint\",\"urlTemplate\":\"https:\\\/\\\/www.lovendal.ro\\\/wp52\\\/?s={search_term_string}\"},\"query-input\":{\"@type\":\"PropertyValueSpecification\",\"valueRequired\":true,\"valueName\":\"search_term_string\"}}],\"inLanguage\":\"ro-RO\"},{\"@type\":\"Organization\",\"@id\":\"https:\\\/\\\/www.lovendal.ro\\\/wp52\\\/#organization\",\"name\":\"Secretele lui Lovendal\",\"url\":\"https:\\\/\\\/www.lovendal.ro\\\/wp52\\\/\",\"logo\":{\"@type\":\"ImageObject\",\"inLanguage\":\"ro-RO\",\"@id\":\"https:\\\/\\\/www.lovendal.ro\\\/wp52\\\/#\\\/schema\\\/logo\\\/image\\\/\",\"url\":\"https:\\\/\\\/www.lovendal.ro\\\/wp52\\\/wp-content\\\/uploads\\\/2024\\\/06\\\/cropped-SLL-iun-2024-1.jpg\",\"contentUrl\":\"https:\\\/\\\/www.lovendal.ro\\\/wp52\\\/wp-content\\\/uploads\\\/2024\\\/06\\\/cropped-SLL-iun-2024-1.jpg\",\"width\":771,\"height\":240,\"caption\":\"Secretele lui Lovendal\"},\"image\":{\"@id\":\"https:\\\/\\\/www.lovendal.ro\\\/wp52\\\/#\\\/schema\\\/logo\\\/image\\\/\"},\"sameAs\":[\"https:\\\/\\\/www.facebook.com\\\/secreteleluilovendal\"]},{\"@type\":\"Person\",\"@id\":\"https:\\\/\\\/www.lovendal.ro\\\/wp52\\\/#\\\/schema\\\/person\\\/088691de5dfc346bb0c023e1e52ef5d9\",\"name\":\"admin\",\"image\":{\"@type\":\"ImageObject\",\"inLanguage\":\"ro-RO\",\"@id\":\"https:\\\/\\\/secure.gravatar.com\\\/avatar\\\/ecb9cd41f5f63c9c9b989999a59f6e2639a865ec361e9db054db0679a8f341c2?s=96&d=mm&r=g\",\"url\":\"https:\\\/\\\/secure.gravatar.com\\\/avatar\\\/ecb9cd41f5f63c9c9b989999a59f6e2639a865ec361e9db054db0679a8f341c2?s=96&d=mm&r=g\",\"contentUrl\":\"https:\\\/\\\/secure.gravatar.com\\\/avatar\\\/ecb9cd41f5f63c9c9b989999a59f6e2639a865ec361e9db054db0679a8f341c2?s=96&d=mm&r=g\",\"caption\":\"admin\"},\"sameAs\":[\"https:\\\/\\\/www.lovendal.ro\\\/wp52\"]}]}<\/script>\n<!-- \/ Yoast SEO Premium plugin. -->","yoast_head_json":{"title":"Venus \u00een fl\u0103c\u0103ri? \u00centr-o sear\u0103 am r\u0103mas surprins c\u00e2t de tare poate s\u0103 str\u0103luceasc\u0103 Luceaf\u0103rul - Secretele lui Lovendal","robots":{"index":"index","follow":"follow","max-snippet":"max-snippet:-1","max-image-preview":"max-image-preview:large","max-video-preview":"max-video-preview:-1"},"canonical":"https:\/\/www.lovendal.ro\/wp52\/venus-in-flacari-intr-o-seara-am-ramas-surprins-cat-de-tare-poate-sa-straluceasca-luceafarul\/","og_locale":"ro_RO","og_type":"article","og_title":"Venus \u00een fl\u0103c\u0103ri? \u00centr-o sear\u0103 am r\u0103mas surprins c\u00e2t de tare poate s\u0103 str\u0103luceasc\u0103 Luceaf\u0103rul","og_description":"S\u0103 v\u0103 spun o mic\u0103 \u00eent\u00e2mplare. Era duminic\u0103, 8 ianuarie 2012, \u00een jurul orei 17:15-17:30 cred. Soarele nu apusese demult, cred c\u0103 de maxim un sfert de or\u0103-20 de minute. Cerul era clar, probabil c\u0103 datorit\u0103 frigului care se instalase ... Cititi mai multe","og_url":"https:\/\/www.lovendal.ro\/wp52\/venus-in-flacari-intr-o-seara-am-ramas-surprins-cat-de-tare-poate-sa-straluceasca-luceafarul\/","og_site_name":"Secretele lui Lovendal","article_publisher":"https:\/\/www.facebook.com\/secreteleluilovendal","article_published_time":"2012-01-09T22:09:47+00:00","og_image":[{"width":307,"height":263,"url":"https:\/\/www.lovendal.ro\/wp52\/wp-content\/uploads\/2012\/01\/Venus-in-flacari.jpg","type":"image\/jpeg"}],"author":"admin","twitter_card":"summary_large_image","twitter_misc":{"Scris de":"admin","Timp estimat pentru citire":"2 minute"},"schema":{"@context":"https:\/\/schema.org","@graph":[{"@type":"Article","@id":"https:\/\/www.lovendal.ro\/wp52\/venus-in-flacari-intr-o-seara-am-ramas-surprins-cat-de-tare-poate-sa-straluceasca-luceafarul\/#article","isPartOf":{"@id":"https:\/\/www.lovendal.ro\/wp52\/venus-in-flacari-intr-o-seara-am-ramas-surprins-cat-de-tare-poate-sa-straluceasca-luceafarul\/"},"author":{"name":"admin","@id":"https:\/\/www.lovendal.ro\/wp52\/#\/schema\/person\/088691de5dfc346bb0c023e1e52ef5d9"},"headline":"Venus \u00een fl\u0103c\u0103ri? \u00centr-o sear\u0103 am r\u0103mas surprins c\u00e2t de tare poate s\u0103 str\u0103luceasc\u0103 Luceaf\u0103rul","datePublished":"2012-01-09T22:09:47+00:00","mainEntityOfPage":{"@id":"https:\/\/www.lovendal.ro\/wp52\/venus-in-flacari-intr-o-seara-am-ramas-surprins-cat-de-tare-poate-sa-straluceasca-luceafarul\/"},"wordCount":360,"commentCount":26,"publisher":{"@id":"https:\/\/www.lovendal.ro\/wp52\/#organization"},"image":{"@id":"https:\/\/www.lovendal.ro\/wp52\/venus-in-flacari-intr-o-seara-am-ramas-surprins-cat-de-tare-poate-sa-straluceasca-luceafarul\/#primaryimage"},"thumbnailUrl":"https:\/\/www.lovendal.ro\/wp52\/wp-content\/uploads\/2012\/01\/Venus-in-flacari.jpg","keywords":["astronomie","flac\u0103r\u0103","ma\u015fin\u0103","NASA","Soare","Stiinta","Venus","videoclip","YouTube"],"articleSection":["Stiinta"],"inLanguage":"ro-RO","potentialAction":[{"@type":"CommentAction","name":"Comment","target":["https:\/\/www.lovendal.ro\/wp52\/venus-in-flacari-intr-o-seara-am-ramas-surprins-cat-de-tare-poate-sa-straluceasca-luceafarul\/#respond"]}]},{"@type":"WebPage","@id":"https:\/\/www.lovendal.ro\/wp52\/venus-in-flacari-intr-o-seara-am-ramas-surprins-cat-de-tare-poate-sa-straluceasca-luceafarul\/","url":"https:\/\/www.lovendal.ro\/wp52\/venus-in-flacari-intr-o-seara-am-ramas-surprins-cat-de-tare-poate-sa-straluceasca-luceafarul\/","name":"Venus \u00een fl\u0103c\u0103ri? \u00centr-o sear\u0103 am r\u0103mas surprins c\u00e2t de tare poate s\u0103 str\u0103luceasc\u0103 Luceaf\u0103rul - Secretele lui Lovendal","isPartOf":{"@id":"https:\/\/www.lovendal.ro\/wp52\/#website"},"primaryImageOfPage":{"@id":"https:\/\/www.lovendal.ro\/wp52\/venus-in-flacari-intr-o-seara-am-ramas-surprins-cat-de-tare-poate-sa-straluceasca-luceafarul\/#primaryimage"},"image":{"@id":"https:\/\/www.lovendal.ro\/wp52\/venus-in-flacari-intr-o-seara-am-ramas-surprins-cat-de-tare-poate-sa-straluceasca-luceafarul\/#primaryimage"},"thumbnailUrl":"https:\/\/www.lovendal.ro\/wp52\/wp-content\/uploads\/2012\/01\/Venus-in-flacari.jpg","datePublished":"2012-01-09T22:09:47+00:00","breadcrumb":{"@id":"https:\/\/www.lovendal.ro\/wp52\/venus-in-flacari-intr-o-seara-am-ramas-surprins-cat-de-tare-poate-sa-straluceasca-luceafarul\/#breadcrumb"},"inLanguage":"ro-RO","potentialAction":[{"@type":"ReadAction","target":["https:\/\/www.lovendal.ro\/wp52\/venus-in-flacari-intr-o-seara-am-ramas-surprins-cat-de-tare-poate-sa-straluceasca-luceafarul\/"]}]},{"@type":"ImageObject","inLanguage":"ro-RO","@id":"https:\/\/www.lovendal.ro\/wp52\/venus-in-flacari-intr-o-seara-am-ramas-surprins-cat-de-tare-poate-sa-straluceasca-luceafarul\/#primaryimage","url":"https:\/\/www.lovendal.ro\/wp52\/wp-content\/uploads\/2012\/01\/Venus-in-flacari.jpg","contentUrl":"https:\/\/www.lovendal.ro\/wp52\/wp-content\/uploads\/2012\/01\/Venus-in-flacari.jpg","width":"307","height":"263"},{"@type":"BreadcrumbList","@id":"https:\/\/www.lovendal.ro\/wp52\/venus-in-flacari-intr-o-seara-am-ramas-surprins-cat-de-tare-poate-sa-straluceasca-luceafarul\/#breadcrumb","itemListElement":[{"@type":"ListItem","position":1,"name":"Home","item":"https:\/\/www.lovendal.ro\/wp52\/"},{"@type":"ListItem","position":2,"name":"Venus \u00een fl\u0103c\u0103ri? \u00centr-o sear\u0103 am r\u0103mas surprins c\u00e2t de tare poate s\u0103 str\u0103luceasc\u0103 Luceaf\u0103rul"}]},{"@type":"WebSite","@id":"https:\/\/www.lovendal.ro\/wp52\/#website","url":"https:\/\/www.lovendal.ro\/wp52\/","name":"Secretele lui Lovendal","description":"Site de secrete, stiinta si metafizica - din 2008 -","publisher":{"@id":"https:\/\/www.lovendal.ro\/wp52\/#organization"},"potentialAction":[{"@type":"SearchAction","target":{"@type":"EntryPoint","urlTemplate":"https:\/\/www.lovendal.ro\/wp52\/?s={search_term_string}"},"query-input":{"@type":"PropertyValueSpecification","valueRequired":true,"valueName":"search_term_string"}}],"inLanguage":"ro-RO"},{"@type":"Organization","@id":"https:\/\/www.lovendal.ro\/wp52\/#organization","name":"Secretele lui Lovendal","url":"https:\/\/www.lovendal.ro\/wp52\/","logo":{"@type":"ImageObject","inLanguage":"ro-RO","@id":"https:\/\/www.lovendal.ro\/wp52\/#\/schema\/logo\/image\/","url":"https:\/\/www.lovendal.ro\/wp52\/wp-content\/uploads\/2024\/06\/cropped-SLL-iun-2024-1.jpg","contentUrl":"https:\/\/www.lovendal.ro\/wp52\/wp-content\/uploads\/2024\/06\/cropped-SLL-iun-2024-1.jpg","width":771,"height":240,"caption":"Secretele lui Lovendal"},"image":{"@id":"https:\/\/www.lovendal.ro\/wp52\/#\/schema\/logo\/image\/"},"sameAs":["https:\/\/www.facebook.com\/secreteleluilovendal"]},{"@type":"Person","@id":"https:\/\/www.lovendal.ro\/wp52\/#\/schema\/person\/088691de5dfc346bb0c023e1e52ef5d9","name":"admin","image":{"@type":"ImageObject","inLanguage":"ro-RO","@id":"https:\/\/secure.gravatar.com\/avatar\/ecb9cd41f5f63c9c9b989999a59f6e2639a865ec361e9db054db0679a8f341c2?s=96&d=mm&r=g","url":"https:\/\/secure.gravatar.com\/avatar\/ecb9cd41f5f63c9c9b989999a59f6e2639a865ec361e9db054db0679a8f341c2?s=96&d=mm&r=g","contentUrl":"https:\/\/secure.gravatar.com\/avatar\/ecb9cd41f5f63c9c9b989999a59f6e2639a865ec361e9db054db0679a8f341c2?s=96&d=mm&r=g","caption":"admin"},"sameAs":["https:\/\/www.lovendal.ro\/wp52"]}]}},"_links":{"self":[{"href":"https:\/\/www.lovendal.ro\/wp52\/wp-json\/wp\/v2\/posts\/21750","targetHints":{"allow":["GET"]}}],"collection":[{"href":"https:\/\/www.lovendal.ro\/wp52\/wp-json\/wp\/v2\/posts"}],"about":[{"href":"https:\/\/www.lovendal.ro\/wp52\/wp-json\/wp\/v2\/types\/post"}],"author":[{"embeddable":true,"href":"https:\/\/www.lovendal.ro\/wp52\/wp-json\/wp\/v2\/users\/1"}],"replies":[{"embeddable":true,"href":"https:\/\/www.lovendal.ro\/wp52\/wp-json\/wp\/v2\/comments?post=21750"}],"version-history":[{"count":0,"href":"https:\/\/www.lovendal.ro\/wp52\/wp-json\/wp\/v2\/posts\/21750\/revisions"}],"wp:featuredmedia":[{"embeddable":true,"href":"https:\/\/www.lovendal.ro\/wp52\/wp-json\/wp\/v2\/media\/21751"}],"wp:attachment":[{"href":"https:\/\/www.lovendal.ro\/wp52\/wp-json\/wp\/v2\/media?parent=21750"}],"wp:term":[{"taxonomy":"category","embeddable":true,"href":"https:\/\/www.lovendal.ro\/wp52\/wp-json\/wp\/v2\/categories?post=21750"},{"taxonomy":"post_tag","embeddable":true,"href":"https:\/\/www.lovendal.ro\/wp52\/wp-json\/wp\/v2\/tags?post=21750"}],"curies":[{"name":"wp","href":"https:\/\/api.w.org\/{rel}","templated":true}]}}