{"id":21734,"date":"2012-01-08T13:13:05","date_gmt":"2012-01-08T11:13:05","guid":{"rendered":"http:\/\/www.lovendal.net\/wp52\/?p=21734"},"modified":"2012-01-08T13:14:31","modified_gmt":"2012-01-08T11:14:31","slug":"cine-e-acest-misterios-gigant-de-la-funeraliile-liderului-comunist-din-coreea-de-nord-kim-jong-il","status":"publish","type":"post","link":"https:\/\/www.lovendal.ro\/wp52\/cine-e-acest-misterios-gigant-de-la-funeraliile-liderului-comunist-din-coreea-de-nord-kim-jong-il\/","title":{"rendered":"Cine e acest misterios gigant de la funeraliile liderului comunist din Coreea de Nord, Kim Jong Il?"},"content":{"rendered":"<figure id=\"attachment_21735\" aria-describedby=\"caption-attachment-21735\" style=\"width: 292px\" class=\"wp-caption alignleft\"><a class=\"highslide\" onclick=\"return vz.expand(this)\" href=\"https:\/\/www.lovendal.ro\/wp52\/wp-content\/uploads\/2012\/01\/gigant-funeralii-Coreea-de-Nord.jpg\"><img loading=\"lazy\" decoding=\"async\" class=\"size-full wp-image-21735\" title=\"gigant funeralii Coreea de Nord\" src=\"https:\/\/www.lovendal.ro\/wp52\/wp-content\/uploads\/2012\/01\/gigant-funeralii-Coreea-de-Nord.jpg\" alt=\"\" width=\"302\" height=\"199\" \/><\/a><figcaption id=\"caption-attachment-21735\" class=\"wp-caption-text\">CLICK pe imagine pentru marire<\/figcaption><\/figure>\n<p>28 decembrie 2011&#8230;Funeraliile marelui lider comunist din Coreea de Nord. \u00centr-o mare de spectatori \u00eembr\u0103ca\u0163i \u00een negru, ce nu putea fi distin\u015fi, \u00eentruc\u00e2t st\u0103teau cu spatele la camerele de luat vederi, un om se afla \u015fi el la funeraliile lui Kim Jong Il. Acest om era mai deosebit dec\u00e2t ceilal\u0163i, iar anomalia este mai mult dec\u00e2t evident\u0103. Privi\u0163i \u015fi fotografia de la \u00eenceputul articolului (face\u0163i CLICK pe imagine pentru m\u0103rire). \u015ei ve\u0163i observa un gigant, un om at\u00e2t de \u00eenalt, \u00eenc\u00e2t e de cel pu\u0163in de dou\u0103 ori mai \u00eenalt dec\u00e2t cei din dreapta \u015fi din st\u00e2nga sa.<\/p>\n<p>Datorit\u0103 standardelor de via\u0163\u0103 sc\u0103zute \u015fi a malnutri\u0163iei din Coreea de Nord, unele studii au ar\u0103tat faptul c\u0103 exist\u0103 o discrepan\u0163\u0103 crescut\u0103 \u00eentre \u00een\u0103l\u0163imea medie a unui om din Coreea de Nord, comparativ cu cea din Coreea de Sud, de c\u00e2nd peninsula a fost \u00eemp\u0103r\u0163it\u0103 \u00een dou\u0103. Cum nord-coreenii sunt mai scur\u0163i cu 2 cm comparativ cu media, gigantul bocitor de la \u00eenmorm\u00e2ntarea lui Kim Jong Il iese \u015fi mai mult \u00een eviden\u0163\u0103 fa\u0163\u0103 de compatrio\u0163ii s\u0103i nord-coreeni.<\/p>\n<p>Dar, cine o fi gigantul misterios? Iat\u0103 c\u00e2teva ipoteze (desigur, unele din ele sunt spuse cu ironie):<\/p>\n<p>1) Baschetbalistul nord-coreean Ri &#8222;Michael&#8221; Myung Hun, ce m\u0103soar\u0103 2,35 metri.<br \/>\n2) Un om modificat genetic de oamenii de \u015ftiin\u0163\u0103 nord-coreeni.<br \/>\n3) Un robot gigant.<br \/>\n4) Imagine &#8222;photoshopat\u0103&#8221; de oficialii nord-coreeni.<br \/>\n5) Bigfoot ce a venit special din p\u0103dure pentru a asista la \u00eenmorm\u00e2ntarea marelui lider comunist.<br \/>\n6) Nu-i nevoie de nicio explica\u0163ie logic\u0103, din moment ce-i din Coreea de Nord.<\/p>\n<p>Dac\u0103 mai ave\u0163i idei, comenta\u0163i aici&#8230;<\/p>\n","protected":false},"excerpt":{"rendered":"<p>28 decembrie 2011&#8230;Funeraliile marelui lider comunist din Coreea de Nord. \u00centr-o mare de spectatori \u00eembr\u0103ca\u0163i \u00een negru, ce nu putea fi distin\u015fi, \u00eentruc\u00e2t st\u0103teau cu spatele la camerele de luat vederi, un om se afla \u015fi el la funeraliile lui &#8230; <\/p>\n<p class=\"read-more-container\"><a title=\"Cine e acest misterios gigant de la funeraliile liderului comunist din Coreea de Nord, Kim Jong Il?\" class=\"read-more button\" href=\"https:\/\/www.lovendal.ro\/wp52\/cine-e-acest-misterios-gigant-de-la-funeraliile-liderului-comunist-din-coreea-de-nord-kim-jong-il\/#more-21734\" aria-label=\"Cite\u0219te mai multe despre Cine e acest misterios gigant de la funeraliile liderului comunist din Coreea de Nord, Kim Jong Il?\">Cititi mai multe<\/a><\/p>\n","protected":false},"author":1,"featured_media":21735,"comment_status":"open","ping_status":"closed","sticky":false,"template":"","format":"standard","meta":{"footnotes":""},"categories":[2761],"tags":[4897,4246,2542,863,4789,668,4898,9812,496],"class_list":["post-21734","post","type-post","status-publish","format-standard","has-post-thumbnail","hentry","category-poze-controversate","tag-baschetbalist","tag-bigfoot","tag-coreea-de-nord","tag-coreea-de-sud","tag-giganti","tag-inmormantare","tag-kim-jong-il","tag-poze-controversate","tag-robot","resize-featured-image"],"yoast_head":"<!-- This site is optimized with the Yoast SEO Premium plugin v23.3 (Yoast SEO v27.4) - https:\/\/yoast.com\/product\/yoast-seo-premium-wordpress\/ -->\n<title>Cine e acest misterios gigant de la funeraliile liderului comunist din Coreea de Nord, Kim Jong Il? - Secretele lui Lovendal<\/title>\n<meta name=\"robots\" content=\"index, follow, max-snippet:-1, max-image-preview:large, max-video-preview:-1\" \/>\n<link rel=\"canonical\" href=\"https:\/\/www.lovendal.ro\/wp52\/cine-e-acest-misterios-gigant-de-la-funeraliile-liderului-comunist-din-coreea-de-nord-kim-jong-il\/\" \/>\n<meta property=\"og:locale\" content=\"ro_RO\" \/>\n<meta property=\"og:type\" content=\"article\" \/>\n<meta property=\"og:title\" content=\"Cine e acest misterios gigant de la funeraliile liderului comunist din Coreea de Nord, Kim Jong Il?\" \/>\n<meta property=\"og:description\" content=\"28 decembrie 2011&#8230;Funeraliile marelui lider comunist din Coreea de Nord. \u00centr-o mare de spectatori \u00eembr\u0103ca\u0163i \u00een negru, ce nu putea fi distin\u015fi, \u00eentruc\u00e2t st\u0103teau cu spatele la camerele de luat vederi, un om se afla \u015fi el la funeraliile lui ... Cititi mai multe\" \/>\n<meta property=\"og:url\" content=\"https:\/\/www.lovendal.ro\/wp52\/cine-e-acest-misterios-gigant-de-la-funeraliile-liderului-comunist-din-coreea-de-nord-kim-jong-il\/\" \/>\n<meta property=\"og:site_name\" content=\"Secretele lui Lovendal\" \/>\n<meta property=\"article:publisher\" content=\"https:\/\/www.facebook.com\/secreteleluilovendal\" \/>\n<meta property=\"article:published_time\" content=\"2012-01-08T11:13:05+00:00\" \/>\n<meta property=\"article:modified_time\" content=\"2012-01-08T11:14:31+00:00\" \/>\n<meta property=\"og:image\" content=\"https:\/\/www.lovendal.ro\/wp52\/wp-content\/uploads\/2012\/01\/gigant-funeralii-Coreea-de-Nord.jpg\" \/>\n\t<meta property=\"og:image:width\" content=\"1247\" \/>\n\t<meta property=\"og:image:height\" content=\"829\" \/>\n\t<meta property=\"og:image:type\" content=\"image\/jpeg\" \/>\n<meta name=\"author\" content=\"admin\" \/>\n<meta name=\"twitter:card\" content=\"summary_large_image\" \/>\n<meta name=\"twitter:label1\" content=\"Scris de\" \/>\n\t<meta name=\"twitter:data1\" content=\"admin\" \/>\n\t<meta name=\"twitter:label2\" content=\"Timp estimat pentru citire\" \/>\n\t<meta name=\"twitter:data2\" content=\"2 minute\" \/>\n<script type=\"application\/ld+json\" class=\"yoast-schema-graph\">{\"@context\":\"https:\\\/\\\/schema.org\",\"@graph\":[{\"@type\":\"Article\",\"@id\":\"https:\\\/\\\/www.lovendal.ro\\\/wp52\\\/cine-e-acest-misterios-gigant-de-la-funeraliile-liderului-comunist-din-coreea-de-nord-kim-jong-il\\\/#article\",\"isPartOf\":{\"@id\":\"https:\\\/\\\/www.lovendal.ro\\\/wp52\\\/cine-e-acest-misterios-gigant-de-la-funeraliile-liderului-comunist-din-coreea-de-nord-kim-jong-il\\\/\"},\"author\":{\"name\":\"admin\",\"@id\":\"https:\\\/\\\/www.lovendal.ro\\\/wp52\\\/#\\\/schema\\\/person\\\/088691de5dfc346bb0c023e1e52ef5d9\"},\"headline\":\"Cine e acest misterios gigant de la funeraliile liderului comunist din Coreea de Nord, Kim Jong Il?\",\"datePublished\":\"2012-01-08T11:13:05+00:00\",\"dateModified\":\"2012-01-08T11:14:31+00:00\",\"mainEntityOfPage\":{\"@id\":\"https:\\\/\\\/www.lovendal.ro\\\/wp52\\\/cine-e-acest-misterios-gigant-de-la-funeraliile-liderului-comunist-din-coreea-de-nord-kim-jong-il\\\/\"},\"wordCount\":317,\"commentCount\":34,\"publisher\":{\"@id\":\"https:\\\/\\\/www.lovendal.ro\\\/wp52\\\/#organization\"},\"image\":{\"@id\":\"https:\\\/\\\/www.lovendal.ro\\\/wp52\\\/cine-e-acest-misterios-gigant-de-la-funeraliile-liderului-comunist-din-coreea-de-nord-kim-jong-il\\\/#primaryimage\"},\"thumbnailUrl\":\"https:\\\/\\\/www.lovendal.ro\\\/wp52\\\/wp-content\\\/uploads\\\/2012\\\/01\\\/gigant-funeralii-Coreea-de-Nord.jpg\",\"keywords\":[\"baschetbalist\",\"Bigfoot\",\"Coreea de Nord\",\"Coreea de Sud\",\"gigan\u0163i\",\"\u00eenmorm\u00e2ntare\",\"Kim Jong Il\",\"Poze controversate\",\"robot\"],\"articleSection\":[\"Poze controversate\"],\"inLanguage\":\"ro-RO\",\"potentialAction\":[{\"@type\":\"CommentAction\",\"name\":\"Comment\",\"target\":[\"https:\\\/\\\/www.lovendal.ro\\\/wp52\\\/cine-e-acest-misterios-gigant-de-la-funeraliile-liderului-comunist-din-coreea-de-nord-kim-jong-il\\\/#respond\"]}]},{\"@type\":\"WebPage\",\"@id\":\"https:\\\/\\\/www.lovendal.ro\\\/wp52\\\/cine-e-acest-misterios-gigant-de-la-funeraliile-liderului-comunist-din-coreea-de-nord-kim-jong-il\\\/\",\"url\":\"https:\\\/\\\/www.lovendal.ro\\\/wp52\\\/cine-e-acest-misterios-gigant-de-la-funeraliile-liderului-comunist-din-coreea-de-nord-kim-jong-il\\\/\",\"name\":\"Cine e acest misterios gigant de la funeraliile liderului comunist din Coreea de Nord, Kim Jong Il? - Secretele lui Lovendal\",\"isPartOf\":{\"@id\":\"https:\\\/\\\/www.lovendal.ro\\\/wp52\\\/#website\"},\"primaryImageOfPage\":{\"@id\":\"https:\\\/\\\/www.lovendal.ro\\\/wp52\\\/cine-e-acest-misterios-gigant-de-la-funeraliile-liderului-comunist-din-coreea-de-nord-kim-jong-il\\\/#primaryimage\"},\"image\":{\"@id\":\"https:\\\/\\\/www.lovendal.ro\\\/wp52\\\/cine-e-acest-misterios-gigant-de-la-funeraliile-liderului-comunist-din-coreea-de-nord-kim-jong-il\\\/#primaryimage\"},\"thumbnailUrl\":\"https:\\\/\\\/www.lovendal.ro\\\/wp52\\\/wp-content\\\/uploads\\\/2012\\\/01\\\/gigant-funeralii-Coreea-de-Nord.jpg\",\"datePublished\":\"2012-01-08T11:13:05+00:00\",\"dateModified\":\"2012-01-08T11:14:31+00:00\",\"breadcrumb\":{\"@id\":\"https:\\\/\\\/www.lovendal.ro\\\/wp52\\\/cine-e-acest-misterios-gigant-de-la-funeraliile-liderului-comunist-din-coreea-de-nord-kim-jong-il\\\/#breadcrumb\"},\"inLanguage\":\"ro-RO\",\"potentialAction\":[{\"@type\":\"ReadAction\",\"target\":[\"https:\\\/\\\/www.lovendal.ro\\\/wp52\\\/cine-e-acest-misterios-gigant-de-la-funeraliile-liderului-comunist-din-coreea-de-nord-kim-jong-il\\\/\"]}]},{\"@type\":\"ImageObject\",\"inLanguage\":\"ro-RO\",\"@id\":\"https:\\\/\\\/www.lovendal.ro\\\/wp52\\\/cine-e-acest-misterios-gigant-de-la-funeraliile-liderului-comunist-din-coreea-de-nord-kim-jong-il\\\/#primaryimage\",\"url\":\"https:\\\/\\\/www.lovendal.ro\\\/wp52\\\/wp-content\\\/uploads\\\/2012\\\/01\\\/gigant-funeralii-Coreea-de-Nord.jpg\",\"contentUrl\":\"https:\\\/\\\/www.lovendal.ro\\\/wp52\\\/wp-content\\\/uploads\\\/2012\\\/01\\\/gigant-funeralii-Coreea-de-Nord.jpg\",\"width\":\"1247\",\"height\":\"829\",\"caption\":\"CLICK pe imagine pentru marire\"},{\"@type\":\"BreadcrumbList\",\"@id\":\"https:\\\/\\\/www.lovendal.ro\\\/wp52\\\/cine-e-acest-misterios-gigant-de-la-funeraliile-liderului-comunist-din-coreea-de-nord-kim-jong-il\\\/#breadcrumb\",\"itemListElement\":[{\"@type\":\"ListItem\",\"position\":1,\"name\":\"Home\",\"item\":\"https:\\\/\\\/www.lovendal.ro\\\/wp52\\\/\"},{\"@type\":\"ListItem\",\"position\":2,\"name\":\"Cine e acest misterios gigant de la funeraliile liderului comunist din Coreea de Nord, Kim Jong Il?\"}]},{\"@type\":\"WebSite\",\"@id\":\"https:\\\/\\\/www.lovendal.ro\\\/wp52\\\/#website\",\"url\":\"https:\\\/\\\/www.lovendal.ro\\\/wp52\\\/\",\"name\":\"Secretele lui Lovendal\",\"description\":\"Site de secrete, stiinta si metafizica - din 2008 -\",\"publisher\":{\"@id\":\"https:\\\/\\\/www.lovendal.ro\\\/wp52\\\/#organization\"},\"potentialAction\":[{\"@type\":\"SearchAction\",\"target\":{\"@type\":\"EntryPoint\",\"urlTemplate\":\"https:\\\/\\\/www.lovendal.ro\\\/wp52\\\/?s={search_term_string}\"},\"query-input\":{\"@type\":\"PropertyValueSpecification\",\"valueRequired\":true,\"valueName\":\"search_term_string\"}}],\"inLanguage\":\"ro-RO\"},{\"@type\":\"Organization\",\"@id\":\"https:\\\/\\\/www.lovendal.ro\\\/wp52\\\/#organization\",\"name\":\"Secretele lui Lovendal\",\"url\":\"https:\\\/\\\/www.lovendal.ro\\\/wp52\\\/\",\"logo\":{\"@type\":\"ImageObject\",\"inLanguage\":\"ro-RO\",\"@id\":\"https:\\\/\\\/www.lovendal.ro\\\/wp52\\\/#\\\/schema\\\/logo\\\/image\\\/\",\"url\":\"https:\\\/\\\/www.lovendal.ro\\\/wp52\\\/wp-content\\\/uploads\\\/2024\\\/06\\\/cropped-SLL-iun-2024-1.jpg\",\"contentUrl\":\"https:\\\/\\\/www.lovendal.ro\\\/wp52\\\/wp-content\\\/uploads\\\/2024\\\/06\\\/cropped-SLL-iun-2024-1.jpg\",\"width\":771,\"height\":240,\"caption\":\"Secretele lui Lovendal\"},\"image\":{\"@id\":\"https:\\\/\\\/www.lovendal.ro\\\/wp52\\\/#\\\/schema\\\/logo\\\/image\\\/\"},\"sameAs\":[\"https:\\\/\\\/www.facebook.com\\\/secreteleluilovendal\"]},{\"@type\":\"Person\",\"@id\":\"https:\\\/\\\/www.lovendal.ro\\\/wp52\\\/#\\\/schema\\\/person\\\/088691de5dfc346bb0c023e1e52ef5d9\",\"name\":\"admin\",\"image\":{\"@type\":\"ImageObject\",\"inLanguage\":\"ro-RO\",\"@id\":\"https:\\\/\\\/secure.gravatar.com\\\/avatar\\\/ecb9cd41f5f63c9c9b989999a59f6e2639a865ec361e9db054db0679a8f341c2?s=96&d=mm&r=g\",\"url\":\"https:\\\/\\\/secure.gravatar.com\\\/avatar\\\/ecb9cd41f5f63c9c9b989999a59f6e2639a865ec361e9db054db0679a8f341c2?s=96&d=mm&r=g\",\"contentUrl\":\"https:\\\/\\\/secure.gravatar.com\\\/avatar\\\/ecb9cd41f5f63c9c9b989999a59f6e2639a865ec361e9db054db0679a8f341c2?s=96&d=mm&r=g\",\"caption\":\"admin\"},\"sameAs\":[\"https:\\\/\\\/www.lovendal.ro\\\/wp52\"]}]}<\/script>\n<!-- \/ Yoast SEO Premium plugin. -->","yoast_head_json":{"title":"Cine e acest misterios gigant de la funeraliile liderului comunist din Coreea de Nord, Kim Jong Il? - Secretele lui Lovendal","robots":{"index":"index","follow":"follow","max-snippet":"max-snippet:-1","max-image-preview":"max-image-preview:large","max-video-preview":"max-video-preview:-1"},"canonical":"https:\/\/www.lovendal.ro\/wp52\/cine-e-acest-misterios-gigant-de-la-funeraliile-liderului-comunist-din-coreea-de-nord-kim-jong-il\/","og_locale":"ro_RO","og_type":"article","og_title":"Cine e acest misterios gigant de la funeraliile liderului comunist din Coreea de Nord, Kim Jong Il?","og_description":"28 decembrie 2011&#8230;Funeraliile marelui lider comunist din Coreea de Nord. \u00centr-o mare de spectatori \u00eembr\u0103ca\u0163i \u00een negru, ce nu putea fi distin\u015fi, \u00eentruc\u00e2t st\u0103teau cu spatele la camerele de luat vederi, un om se afla \u015fi el la funeraliile lui ... Cititi mai multe","og_url":"https:\/\/www.lovendal.ro\/wp52\/cine-e-acest-misterios-gigant-de-la-funeraliile-liderului-comunist-din-coreea-de-nord-kim-jong-il\/","og_site_name":"Secretele lui Lovendal","article_publisher":"https:\/\/www.facebook.com\/secreteleluilovendal","article_published_time":"2012-01-08T11:13:05+00:00","article_modified_time":"2012-01-08T11:14:31+00:00","og_image":[{"width":1247,"height":829,"url":"https:\/\/www.lovendal.ro\/wp52\/wp-content\/uploads\/2012\/01\/gigant-funeralii-Coreea-de-Nord.jpg","type":"image\/jpeg"}],"author":"admin","twitter_card":"summary_large_image","twitter_misc":{"Scris de":"admin","Timp estimat pentru citire":"2 minute"},"schema":{"@context":"https:\/\/schema.org","@graph":[{"@type":"Article","@id":"https:\/\/www.lovendal.ro\/wp52\/cine-e-acest-misterios-gigant-de-la-funeraliile-liderului-comunist-din-coreea-de-nord-kim-jong-il\/#article","isPartOf":{"@id":"https:\/\/www.lovendal.ro\/wp52\/cine-e-acest-misterios-gigant-de-la-funeraliile-liderului-comunist-din-coreea-de-nord-kim-jong-il\/"},"author":{"name":"admin","@id":"https:\/\/www.lovendal.ro\/wp52\/#\/schema\/person\/088691de5dfc346bb0c023e1e52ef5d9"},"headline":"Cine e acest misterios gigant de la funeraliile liderului comunist din Coreea de Nord, Kim Jong Il?","datePublished":"2012-01-08T11:13:05+00:00","dateModified":"2012-01-08T11:14:31+00:00","mainEntityOfPage":{"@id":"https:\/\/www.lovendal.ro\/wp52\/cine-e-acest-misterios-gigant-de-la-funeraliile-liderului-comunist-din-coreea-de-nord-kim-jong-il\/"},"wordCount":317,"commentCount":34,"publisher":{"@id":"https:\/\/www.lovendal.ro\/wp52\/#organization"},"image":{"@id":"https:\/\/www.lovendal.ro\/wp52\/cine-e-acest-misterios-gigant-de-la-funeraliile-liderului-comunist-din-coreea-de-nord-kim-jong-il\/#primaryimage"},"thumbnailUrl":"https:\/\/www.lovendal.ro\/wp52\/wp-content\/uploads\/2012\/01\/gigant-funeralii-Coreea-de-Nord.jpg","keywords":["baschetbalist","Bigfoot","Coreea de Nord","Coreea de Sud","gigan\u0163i","\u00eenmorm\u00e2ntare","Kim Jong Il","Poze controversate","robot"],"articleSection":["Poze controversate"],"inLanguage":"ro-RO","potentialAction":[{"@type":"CommentAction","name":"Comment","target":["https:\/\/www.lovendal.ro\/wp52\/cine-e-acest-misterios-gigant-de-la-funeraliile-liderului-comunist-din-coreea-de-nord-kim-jong-il\/#respond"]}]},{"@type":"WebPage","@id":"https:\/\/www.lovendal.ro\/wp52\/cine-e-acest-misterios-gigant-de-la-funeraliile-liderului-comunist-din-coreea-de-nord-kim-jong-il\/","url":"https:\/\/www.lovendal.ro\/wp52\/cine-e-acest-misterios-gigant-de-la-funeraliile-liderului-comunist-din-coreea-de-nord-kim-jong-il\/","name":"Cine e acest misterios gigant de la funeraliile liderului comunist din Coreea de Nord, Kim Jong Il? - Secretele lui Lovendal","isPartOf":{"@id":"https:\/\/www.lovendal.ro\/wp52\/#website"},"primaryImageOfPage":{"@id":"https:\/\/www.lovendal.ro\/wp52\/cine-e-acest-misterios-gigant-de-la-funeraliile-liderului-comunist-din-coreea-de-nord-kim-jong-il\/#primaryimage"},"image":{"@id":"https:\/\/www.lovendal.ro\/wp52\/cine-e-acest-misterios-gigant-de-la-funeraliile-liderului-comunist-din-coreea-de-nord-kim-jong-il\/#primaryimage"},"thumbnailUrl":"https:\/\/www.lovendal.ro\/wp52\/wp-content\/uploads\/2012\/01\/gigant-funeralii-Coreea-de-Nord.jpg","datePublished":"2012-01-08T11:13:05+00:00","dateModified":"2012-01-08T11:14:31+00:00","breadcrumb":{"@id":"https:\/\/www.lovendal.ro\/wp52\/cine-e-acest-misterios-gigant-de-la-funeraliile-liderului-comunist-din-coreea-de-nord-kim-jong-il\/#breadcrumb"},"inLanguage":"ro-RO","potentialAction":[{"@type":"ReadAction","target":["https:\/\/www.lovendal.ro\/wp52\/cine-e-acest-misterios-gigant-de-la-funeraliile-liderului-comunist-din-coreea-de-nord-kim-jong-il\/"]}]},{"@type":"ImageObject","inLanguage":"ro-RO","@id":"https:\/\/www.lovendal.ro\/wp52\/cine-e-acest-misterios-gigant-de-la-funeraliile-liderului-comunist-din-coreea-de-nord-kim-jong-il\/#primaryimage","url":"https:\/\/www.lovendal.ro\/wp52\/wp-content\/uploads\/2012\/01\/gigant-funeralii-Coreea-de-Nord.jpg","contentUrl":"https:\/\/www.lovendal.ro\/wp52\/wp-content\/uploads\/2012\/01\/gigant-funeralii-Coreea-de-Nord.jpg","width":"1247","height":"829","caption":"CLICK pe imagine pentru marire"},{"@type":"BreadcrumbList","@id":"https:\/\/www.lovendal.ro\/wp52\/cine-e-acest-misterios-gigant-de-la-funeraliile-liderului-comunist-din-coreea-de-nord-kim-jong-il\/#breadcrumb","itemListElement":[{"@type":"ListItem","position":1,"name":"Home","item":"https:\/\/www.lovendal.ro\/wp52\/"},{"@type":"ListItem","position":2,"name":"Cine e acest misterios gigant de la funeraliile liderului comunist din Coreea de Nord, Kim Jong Il?"}]},{"@type":"WebSite","@id":"https:\/\/www.lovendal.ro\/wp52\/#website","url":"https:\/\/www.lovendal.ro\/wp52\/","name":"Secretele lui Lovendal","description":"Site de secrete, stiinta si metafizica - din 2008 -","publisher":{"@id":"https:\/\/www.lovendal.ro\/wp52\/#organization"},"potentialAction":[{"@type":"SearchAction","target":{"@type":"EntryPoint","urlTemplate":"https:\/\/www.lovendal.ro\/wp52\/?s={search_term_string}"},"query-input":{"@type":"PropertyValueSpecification","valueRequired":true,"valueName":"search_term_string"}}],"inLanguage":"ro-RO"},{"@type":"Organization","@id":"https:\/\/www.lovendal.ro\/wp52\/#organization","name":"Secretele lui Lovendal","url":"https:\/\/www.lovendal.ro\/wp52\/","logo":{"@type":"ImageObject","inLanguage":"ro-RO","@id":"https:\/\/www.lovendal.ro\/wp52\/#\/schema\/logo\/image\/","url":"https:\/\/www.lovendal.ro\/wp52\/wp-content\/uploads\/2024\/06\/cropped-SLL-iun-2024-1.jpg","contentUrl":"https:\/\/www.lovendal.ro\/wp52\/wp-content\/uploads\/2024\/06\/cropped-SLL-iun-2024-1.jpg","width":771,"height":240,"caption":"Secretele lui Lovendal"},"image":{"@id":"https:\/\/www.lovendal.ro\/wp52\/#\/schema\/logo\/image\/"},"sameAs":["https:\/\/www.facebook.com\/secreteleluilovendal"]},{"@type":"Person","@id":"https:\/\/www.lovendal.ro\/wp52\/#\/schema\/person\/088691de5dfc346bb0c023e1e52ef5d9","name":"admin","image":{"@type":"ImageObject","inLanguage":"ro-RO","@id":"https:\/\/secure.gravatar.com\/avatar\/ecb9cd41f5f63c9c9b989999a59f6e2639a865ec361e9db054db0679a8f341c2?s=96&d=mm&r=g","url":"https:\/\/secure.gravatar.com\/avatar\/ecb9cd41f5f63c9c9b989999a59f6e2639a865ec361e9db054db0679a8f341c2?s=96&d=mm&r=g","contentUrl":"https:\/\/secure.gravatar.com\/avatar\/ecb9cd41f5f63c9c9b989999a59f6e2639a865ec361e9db054db0679a8f341c2?s=96&d=mm&r=g","caption":"admin"},"sameAs":["https:\/\/www.lovendal.ro\/wp52"]}]}},"_links":{"self":[{"href":"https:\/\/www.lovendal.ro\/wp52\/wp-json\/wp\/v2\/posts\/21734","targetHints":{"allow":["GET"]}}],"collection":[{"href":"https:\/\/www.lovendal.ro\/wp52\/wp-json\/wp\/v2\/posts"}],"about":[{"href":"https:\/\/www.lovendal.ro\/wp52\/wp-json\/wp\/v2\/types\/post"}],"author":[{"embeddable":true,"href":"https:\/\/www.lovendal.ro\/wp52\/wp-json\/wp\/v2\/users\/1"}],"replies":[{"embeddable":true,"href":"https:\/\/www.lovendal.ro\/wp52\/wp-json\/wp\/v2\/comments?post=21734"}],"version-history":[{"count":0,"href":"https:\/\/www.lovendal.ro\/wp52\/wp-json\/wp\/v2\/posts\/21734\/revisions"}],"wp:featuredmedia":[{"embeddable":true,"href":"https:\/\/www.lovendal.ro\/wp52\/wp-json\/wp\/v2\/media\/21735"}],"wp:attachment":[{"href":"https:\/\/www.lovendal.ro\/wp52\/wp-json\/wp\/v2\/media?parent=21734"}],"wp:term":[{"taxonomy":"category","embeddable":true,"href":"https:\/\/www.lovendal.ro\/wp52\/wp-json\/wp\/v2\/categories?post=21734"},{"taxonomy":"post_tag","embeddable":true,"href":"https:\/\/www.lovendal.ro\/wp52\/wp-json\/wp\/v2\/tags?post=21734"}],"curies":[{"name":"wp","href":"https:\/\/api.w.org\/{rel}","templated":true}]}}