{"id":21621,"date":"2012-01-01T12:42:42","date_gmt":"2012-01-01T10:42:42","guid":{"rendered":"http:\/\/www.lovendal.net\/wp52\/?p=21621"},"modified":"2012-01-01T12:42:42","modified_gmt":"2012-01-01T10:42:42","slug":"si-in-anii-1492-si-1493-se-prevestea-sfarsitul-lumii-asa-cum-se-prevesteste-acum-pentru-2012-sa-mai-credem","status":"publish","type":"post","link":"https:\/\/www.lovendal.ro\/wp52\/si-in-anii-1492-si-1493-se-prevestea-sfarsitul-lumii-asa-cum-se-prevesteste-acum-pentru-2012-sa-mai-credem\/","title":{"rendered":"\u015ei \u00een anii 1492 \u015fi 1493 se prevestea sf\u00e2r\u015fitul lumii, a\u015fa cum se preveste\u015fte acum pentru 2012&#8230; S\u0103 mai credem?"},"content":{"rendered":"<p><a href=\"https:\/\/www.lovendal.ro\/wp52\/wp-content\/uploads\/2012\/01\/Apocalipsa-Triumful-mortii.jpg\"><img loading=\"lazy\" decoding=\"async\" class=\"alignleft size-full wp-image-21622\" title=\"Apocalipsa Triumful mortii\" src=\"https:\/\/www.lovendal.ro\/wp52\/wp-content\/uploads\/2012\/01\/Apocalipsa-Triumful-mortii.jpg\" alt=\"\" width=\"295\" height=\"210\" \/><\/a>Precum spuneam \u015fi \u00een articolul principal al finalului de an 2011 (<a href=\"https:\/\/www.lovendal.ro\/wp52\/la-multi-ani-2012-va-promit-ca-pe-21-decembrie-2012-lumea-nu-se-va-sfarsi\/\" target=\"_blank\"><strong>https:\/\/www.lovendal.ro\/wp52\/la-multi-ani-2012-va-promit-ca-pe-21-decembrie-2012-lumea-nu-se-va-sfarsi\/<\/strong><\/a>), de\u015fi exist\u0103 unii care au b\u0103gat frica \u00een noi, conform c\u0103reia Apocalipsa ar putea veni pe 21-12-2012, sunt slabe \u015fanse s\u0103 se \u00eent\u00e2mple ceva atunci. De ce? Pentru c\u0103 oamenilor le-a fost \u00eentotdeauna fric\u0103 de sf\u00e2r\u015fitul lumii, prevestind o serie de date apocaliptice, care, de fapt, nu au mai avut loc niciodat\u0103.<\/p>\n<p>De exemplu, \u00een predicile \u015fi \u00een poeziile sale, Girolamo Savonarola denun\u0163a \u00een cuvinte aspre corup\u0163ia Bisericii \u015fi prevestea o cumplit\u0103 pedeaps\u0103 divin\u0103. \u00cen 1492, \u00een timpul unei predici din postul Cr\u0103ciunului, el m\u0103rturise\u015fte c\u0103 a v\u0103zut, \u00een mijlocul cerului, o m\u00e2n\u0103 \u0163in\u00e2nd o sabie \u00eenconjurat\u0103 de o inscrip\u0163ie cutremur\u0103toare: <em>Gladius Domini super terram cito et velociter<\/em>. <em>\u201eSabia lui Dumnezeu care degrab\u0103 \u015fi cur\u00e2nd (va c\u0103dea) asupra p\u0103m\u00e2ntului.&#8221; <\/em>Vocile care \u00eenso\u0163eau viziunea promiteau \u00eendurare pentru cei drep\u0163i \u015fi pedeaps\u0103 pentru cei r\u0103i. Ele anun\u0163au apropiata sosire a m\u00e2niei divine. Apoi, brusc, v\u00e2rful s\u0103biei se \u00eendrepta spre p\u0103m\u00e2nt, se f\u0103cea \u00eentuneric, pornea s\u0103 cad\u0103 o ploaie de s\u0103bii, de s\u0103ge\u0163i \u015fi de foc, \u00een timp ce r\u0103sunau tunete \u00eenfior\u0103toare \u015fi flagelul r\u0103zboiului, foametei \u015fi ciumei se r\u0103sp\u00e2ndea \u00een lume.<\/p>\n<p>\u00cen alte locuri din Italia, preziceri asem\u0103n\u0103toare circulau din om \u00een om. Peste tot ap\u0103reau profe\u0163i. \u00cen 1491, unul dintre ace\u015ftia \u00ee\u015fi face apari\u0163ia la Roma. Este un predicator \u00eembr\u0103cat s\u0103r\u0103c\u0103cios, purt\u00e2nd \u00een m\u00e2n\u0103 o cruciuli\u0163\u0103 din lemn, foarte conving\u0103tor \u015fi instruit. El se adreseaz\u0103 mul\u0163imii adunate \u00een jurul s\u0103u \u00een pie\u0163ele publice:<em> \u201eRomani, \u00eenainte de sf\u00eer\u015fitul anului, ve\u0163i v\u0103rsa multe lacrimi \u015fi mari nenorociri se vor abate asupra voastr\u0103. Anul urm\u0103tor, aceste necazuri vor cuprinde \u00eentreaga Italie, \u00eens\u0103 \u00een anul 1493 va ap\u0103rea P\u0103storul angelic, cel care, lipsit de putere p\u0103m\u00e2nteasc\u0103, nu va c\u0103uta dec\u00e2t salvarea sufletelor.&#8221;<\/em><\/p>\n","protected":false},"excerpt":{"rendered":"<p>Precum spuneam \u015fi \u00een articolul principal al finalului de an 2011 (https:\/\/www.lovendal.ro\/wp52\/la-multi-ani-2012-va-promit-ca-pe-21-decembrie-2012-lumea-nu-se-va-sfarsi\/), de\u015fi exist\u0103 unii care au b\u0103gat frica \u00een noi, conform c\u0103reia Apocalipsa ar putea veni pe 21-12-2012, sunt slabe \u015fanse s\u0103 se \u00eent\u00e2mple ceva atunci. De ce? Pentru &#8230; <\/p>\n<p class=\"read-more-container\"><a title=\"\u015ei \u00een anii 1492 \u015fi 1493 se prevestea sf\u00e2r\u015fitul lumii, a\u015fa cum se preveste\u015fte acum pentru 2012&#8230; S\u0103 mai credem?\" class=\"read-more button\" href=\"https:\/\/www.lovendal.ro\/wp52\/si-in-anii-1492-si-1493-se-prevestea-sfarsitul-lumii-asa-cum-se-prevesteste-acum-pentru-2012-sa-mai-credem\/#more-21621\" aria-label=\"Cite\u0219te mai multe despre \u015ei \u00een anii 1492 \u015fi 1493 se prevestea sf\u00e2r\u015fitul lumii, a\u015fa cum se preveste\u015fte acum pentru 2012&#8230; S\u0103 mai credem?\">Cititi mai multe<\/a><\/p>\n","protected":false},"author":1,"featured_media":21622,"comment_status":"open","ping_status":"closed","sticky":false,"template":"","format":"standard","meta":{"footnotes":""},"categories":[14],"tags":[1017,253,324,702,323,492,86,9796,2775,4864,553,4865,1124],"class_list":["post-21621","post","type-post","status-publish","format-standard","has-post-thumbnail","hentry","category-paranormal-spiritualitate","tag-1017","tag-biserica","tag-ciuma","tag-craciun","tag-dumnezeu","tag-foamete","tag-italia","tag-paranormal-spiritualitate","tag-profetie","tag-razboia","tag-roma","tag-savonarola","tag-sfarsitul-lumii","resize-featured-image"],"yoast_head":"<!-- This site is optimized with the Yoast SEO Premium plugin v23.3 (Yoast SEO v27.4) - https:\/\/yoast.com\/product\/yoast-seo-premium-wordpress\/ -->\n<title>\u015ei \u00een anii 1492 \u015fi 1493 se prevestea sf\u00e2r\u015fitul lumii, a\u015fa cum se preveste\u015fte acum pentru 2012... S\u0103 mai credem? - Secretele lui Lovendal<\/title>\n<meta name=\"robots\" content=\"index, follow, max-snippet:-1, max-image-preview:large, max-video-preview:-1\" \/>\n<link rel=\"canonical\" href=\"https:\/\/www.lovendal.ro\/wp52\/si-in-anii-1492-si-1493-se-prevestea-sfarsitul-lumii-asa-cum-se-prevesteste-acum-pentru-2012-sa-mai-credem\/\" \/>\n<meta property=\"og:locale\" content=\"ro_RO\" \/>\n<meta property=\"og:type\" content=\"article\" \/>\n<meta property=\"og:title\" content=\"\u015ei \u00een anii 1492 \u015fi 1493 se prevestea sf\u00e2r\u015fitul lumii, a\u015fa cum se preveste\u015fte acum pentru 2012... S\u0103 mai credem?\" \/>\n<meta property=\"og:description\" content=\"Precum spuneam \u015fi \u00een articolul principal al finalului de an 2011 (https:\/\/www.lovendal.ro\/wp52\/la-multi-ani-2012-va-promit-ca-pe-21-decembrie-2012-lumea-nu-se-va-sfarsi\/), de\u015fi exist\u0103 unii care au b\u0103gat frica \u00een noi, conform c\u0103reia Apocalipsa ar putea veni pe 21-12-2012, sunt slabe \u015fanse s\u0103 se \u00eent\u00e2mple ceva atunci. De ce? Pentru ... Cititi mai multe\" \/>\n<meta property=\"og:url\" content=\"https:\/\/www.lovendal.ro\/wp52\/si-in-anii-1492-si-1493-se-prevestea-sfarsitul-lumii-asa-cum-se-prevesteste-acum-pentru-2012-sa-mai-credem\/\" \/>\n<meta property=\"og:site_name\" content=\"Secretele lui Lovendal\" \/>\n<meta property=\"article:publisher\" content=\"https:\/\/www.facebook.com\/secreteleluilovendal\" \/>\n<meta property=\"article:published_time\" content=\"2012-01-01T10:42:42+00:00\" \/>\n<meta property=\"og:image\" content=\"https:\/\/www.lovendal.ro\/wp52\/wp-content\/uploads\/2012\/01\/Apocalipsa-Triumful-mortii.jpg\" \/>\n\t<meta property=\"og:image:width\" content=\"295\" \/>\n\t<meta property=\"og:image:height\" content=\"210\" \/>\n\t<meta property=\"og:image:type\" content=\"image\/jpeg\" \/>\n<meta name=\"author\" content=\"admin\" \/>\n<meta name=\"twitter:card\" content=\"summary_large_image\" \/>\n<meta name=\"twitter:label1\" content=\"Scris de\" \/>\n\t<meta name=\"twitter:data1\" content=\"admin\" \/>\n\t<meta name=\"twitter:label2\" content=\"Timp estimat pentru citire\" \/>\n\t<meta name=\"twitter:data2\" content=\"2 minute\" \/>\n<script type=\"application\/ld+json\" class=\"yoast-schema-graph\">{\"@context\":\"https:\\\/\\\/schema.org\",\"@graph\":[{\"@type\":\"Article\",\"@id\":\"https:\\\/\\\/www.lovendal.ro\\\/wp52\\\/si-in-anii-1492-si-1493-se-prevestea-sfarsitul-lumii-asa-cum-se-prevesteste-acum-pentru-2012-sa-mai-credem\\\/#article\",\"isPartOf\":{\"@id\":\"https:\\\/\\\/www.lovendal.ro\\\/wp52\\\/si-in-anii-1492-si-1493-se-prevestea-sfarsitul-lumii-asa-cum-se-prevesteste-acum-pentru-2012-sa-mai-credem\\\/\"},\"author\":{\"name\":\"admin\",\"@id\":\"https:\\\/\\\/www.lovendal.ro\\\/wp52\\\/#\\\/schema\\\/person\\\/088691de5dfc346bb0c023e1e52ef5d9\"},\"headline\":\"\u015ei \u00een anii 1492 \u015fi 1493 se prevestea sf\u00e2r\u015fitul lumii, a\u015fa cum se preveste\u015fte acum pentru 2012&#8230; S\u0103 mai credem?\",\"datePublished\":\"2012-01-01T10:42:42+00:00\",\"mainEntityOfPage\":{\"@id\":\"https:\\\/\\\/www.lovendal.ro\\\/wp52\\\/si-in-anii-1492-si-1493-se-prevestea-sfarsitul-lumii-asa-cum-se-prevesteste-acum-pentru-2012-sa-mai-credem\\\/\"},\"wordCount\":380,\"commentCount\":19,\"publisher\":{\"@id\":\"https:\\\/\\\/www.lovendal.ro\\\/wp52\\\/#organization\"},\"image\":{\"@id\":\"https:\\\/\\\/www.lovendal.ro\\\/wp52\\\/si-in-anii-1492-si-1493-se-prevestea-sfarsitul-lumii-asa-cum-se-prevesteste-acum-pentru-2012-sa-mai-credem\\\/#primaryimage\"},\"thumbnailUrl\":\"https:\\\/\\\/www.lovendal.ro\\\/wp52\\\/wp-content\\\/uploads\\\/2012\\\/01\\\/Apocalipsa-Triumful-mortii.jpg\",\"keywords\":[\"2012\",\"biseric\u0103\",\"cium\u0103\",\"Cr\u0103ciun\",\"Dumnezeu\",\"foamete\",\"Italia\",\"Paranormal-Spiritualitate\",\"profe\u0163ie\",\"r\u0103zboia\",\"Roma\",\"Savonarola\",\"sf\u00e2r\u015fitul lumii\"],\"articleSection\":[\"Paranormal-Spiritualitate\"],\"inLanguage\":\"ro-RO\",\"potentialAction\":[{\"@type\":\"CommentAction\",\"name\":\"Comment\",\"target\":[\"https:\\\/\\\/www.lovendal.ro\\\/wp52\\\/si-in-anii-1492-si-1493-se-prevestea-sfarsitul-lumii-asa-cum-se-prevesteste-acum-pentru-2012-sa-mai-credem\\\/#respond\"]}]},{\"@type\":\"WebPage\",\"@id\":\"https:\\\/\\\/www.lovendal.ro\\\/wp52\\\/si-in-anii-1492-si-1493-se-prevestea-sfarsitul-lumii-asa-cum-se-prevesteste-acum-pentru-2012-sa-mai-credem\\\/\",\"url\":\"https:\\\/\\\/www.lovendal.ro\\\/wp52\\\/si-in-anii-1492-si-1493-se-prevestea-sfarsitul-lumii-asa-cum-se-prevesteste-acum-pentru-2012-sa-mai-credem\\\/\",\"name\":\"\u015ei \u00een anii 1492 \u015fi 1493 se prevestea sf\u00e2r\u015fitul lumii, a\u015fa cum se preveste\u015fte acum pentru 2012... S\u0103 mai credem? - Secretele lui Lovendal\",\"isPartOf\":{\"@id\":\"https:\\\/\\\/www.lovendal.ro\\\/wp52\\\/#website\"},\"primaryImageOfPage\":{\"@id\":\"https:\\\/\\\/www.lovendal.ro\\\/wp52\\\/si-in-anii-1492-si-1493-se-prevestea-sfarsitul-lumii-asa-cum-se-prevesteste-acum-pentru-2012-sa-mai-credem\\\/#primaryimage\"},\"image\":{\"@id\":\"https:\\\/\\\/www.lovendal.ro\\\/wp52\\\/si-in-anii-1492-si-1493-se-prevestea-sfarsitul-lumii-asa-cum-se-prevesteste-acum-pentru-2012-sa-mai-credem\\\/#primaryimage\"},\"thumbnailUrl\":\"https:\\\/\\\/www.lovendal.ro\\\/wp52\\\/wp-content\\\/uploads\\\/2012\\\/01\\\/Apocalipsa-Triumful-mortii.jpg\",\"datePublished\":\"2012-01-01T10:42:42+00:00\",\"breadcrumb\":{\"@id\":\"https:\\\/\\\/www.lovendal.ro\\\/wp52\\\/si-in-anii-1492-si-1493-se-prevestea-sfarsitul-lumii-asa-cum-se-prevesteste-acum-pentru-2012-sa-mai-credem\\\/#breadcrumb\"},\"inLanguage\":\"ro-RO\",\"potentialAction\":[{\"@type\":\"ReadAction\",\"target\":[\"https:\\\/\\\/www.lovendal.ro\\\/wp52\\\/si-in-anii-1492-si-1493-se-prevestea-sfarsitul-lumii-asa-cum-se-prevesteste-acum-pentru-2012-sa-mai-credem\\\/\"]}]},{\"@type\":\"ImageObject\",\"inLanguage\":\"ro-RO\",\"@id\":\"https:\\\/\\\/www.lovendal.ro\\\/wp52\\\/si-in-anii-1492-si-1493-se-prevestea-sfarsitul-lumii-asa-cum-se-prevesteste-acum-pentru-2012-sa-mai-credem\\\/#primaryimage\",\"url\":\"https:\\\/\\\/www.lovendal.ro\\\/wp52\\\/wp-content\\\/uploads\\\/2012\\\/01\\\/Apocalipsa-Triumful-mortii.jpg\",\"contentUrl\":\"https:\\\/\\\/www.lovendal.ro\\\/wp52\\\/wp-content\\\/uploads\\\/2012\\\/01\\\/Apocalipsa-Triumful-mortii.jpg\",\"width\":\"295\",\"height\":\"210\"},{\"@type\":\"BreadcrumbList\",\"@id\":\"https:\\\/\\\/www.lovendal.ro\\\/wp52\\\/si-in-anii-1492-si-1493-se-prevestea-sfarsitul-lumii-asa-cum-se-prevesteste-acum-pentru-2012-sa-mai-credem\\\/#breadcrumb\",\"itemListElement\":[{\"@type\":\"ListItem\",\"position\":1,\"name\":\"Home\",\"item\":\"https:\\\/\\\/www.lovendal.ro\\\/wp52\\\/\"},{\"@type\":\"ListItem\",\"position\":2,\"name\":\"\u015ei \u00een anii 1492 \u015fi 1493 se prevestea sf\u00e2r\u015fitul lumii, a\u015fa cum se preveste\u015fte acum pentru 2012&#8230; S\u0103 mai credem?\"}]},{\"@type\":\"WebSite\",\"@id\":\"https:\\\/\\\/www.lovendal.ro\\\/wp52\\\/#website\",\"url\":\"https:\\\/\\\/www.lovendal.ro\\\/wp52\\\/\",\"name\":\"Secretele lui Lovendal\",\"description\":\"Site de secrete, stiinta si metafizica - din 2008 -\",\"publisher\":{\"@id\":\"https:\\\/\\\/www.lovendal.ro\\\/wp52\\\/#organization\"},\"potentialAction\":[{\"@type\":\"SearchAction\",\"target\":{\"@type\":\"EntryPoint\",\"urlTemplate\":\"https:\\\/\\\/www.lovendal.ro\\\/wp52\\\/?s={search_term_string}\"},\"query-input\":{\"@type\":\"PropertyValueSpecification\",\"valueRequired\":true,\"valueName\":\"search_term_string\"}}],\"inLanguage\":\"ro-RO\"},{\"@type\":\"Organization\",\"@id\":\"https:\\\/\\\/www.lovendal.ro\\\/wp52\\\/#organization\",\"name\":\"Secretele lui Lovendal\",\"url\":\"https:\\\/\\\/www.lovendal.ro\\\/wp52\\\/\",\"logo\":{\"@type\":\"ImageObject\",\"inLanguage\":\"ro-RO\",\"@id\":\"https:\\\/\\\/www.lovendal.ro\\\/wp52\\\/#\\\/schema\\\/logo\\\/image\\\/\",\"url\":\"https:\\\/\\\/www.lovendal.ro\\\/wp52\\\/wp-content\\\/uploads\\\/2024\\\/06\\\/cropped-SLL-iun-2024-1.jpg\",\"contentUrl\":\"https:\\\/\\\/www.lovendal.ro\\\/wp52\\\/wp-content\\\/uploads\\\/2024\\\/06\\\/cropped-SLL-iun-2024-1.jpg\",\"width\":771,\"height\":240,\"caption\":\"Secretele lui Lovendal\"},\"image\":{\"@id\":\"https:\\\/\\\/www.lovendal.ro\\\/wp52\\\/#\\\/schema\\\/logo\\\/image\\\/\"},\"sameAs\":[\"https:\\\/\\\/www.facebook.com\\\/secreteleluilovendal\"]},{\"@type\":\"Person\",\"@id\":\"https:\\\/\\\/www.lovendal.ro\\\/wp52\\\/#\\\/schema\\\/person\\\/088691de5dfc346bb0c023e1e52ef5d9\",\"name\":\"admin\",\"image\":{\"@type\":\"ImageObject\",\"inLanguage\":\"ro-RO\",\"@id\":\"https:\\\/\\\/secure.gravatar.com\\\/avatar\\\/ecb9cd41f5f63c9c9b989999a59f6e2639a865ec361e9db054db0679a8f341c2?s=96&d=mm&r=g\",\"url\":\"https:\\\/\\\/secure.gravatar.com\\\/avatar\\\/ecb9cd41f5f63c9c9b989999a59f6e2639a865ec361e9db054db0679a8f341c2?s=96&d=mm&r=g\",\"contentUrl\":\"https:\\\/\\\/secure.gravatar.com\\\/avatar\\\/ecb9cd41f5f63c9c9b989999a59f6e2639a865ec361e9db054db0679a8f341c2?s=96&d=mm&r=g\",\"caption\":\"admin\"},\"sameAs\":[\"https:\\\/\\\/www.lovendal.ro\\\/wp52\"]}]}<\/script>\n<!-- \/ Yoast SEO Premium plugin. -->","yoast_head_json":{"title":"\u015ei \u00een anii 1492 \u015fi 1493 se prevestea sf\u00e2r\u015fitul lumii, a\u015fa cum se preveste\u015fte acum pentru 2012... S\u0103 mai credem? - Secretele lui Lovendal","robots":{"index":"index","follow":"follow","max-snippet":"max-snippet:-1","max-image-preview":"max-image-preview:large","max-video-preview":"max-video-preview:-1"},"canonical":"https:\/\/www.lovendal.ro\/wp52\/si-in-anii-1492-si-1493-se-prevestea-sfarsitul-lumii-asa-cum-se-prevesteste-acum-pentru-2012-sa-mai-credem\/","og_locale":"ro_RO","og_type":"article","og_title":"\u015ei \u00een anii 1492 \u015fi 1493 se prevestea sf\u00e2r\u015fitul lumii, a\u015fa cum se preveste\u015fte acum pentru 2012... S\u0103 mai credem?","og_description":"Precum spuneam \u015fi \u00een articolul principal al finalului de an 2011 (https:\/\/www.lovendal.ro\/wp52\/la-multi-ani-2012-va-promit-ca-pe-21-decembrie-2012-lumea-nu-se-va-sfarsi\/), de\u015fi exist\u0103 unii care au b\u0103gat frica \u00een noi, conform c\u0103reia Apocalipsa ar putea veni pe 21-12-2012, sunt slabe \u015fanse s\u0103 se \u00eent\u00e2mple ceva atunci. De ce? Pentru ... Cititi mai multe","og_url":"https:\/\/www.lovendal.ro\/wp52\/si-in-anii-1492-si-1493-se-prevestea-sfarsitul-lumii-asa-cum-se-prevesteste-acum-pentru-2012-sa-mai-credem\/","og_site_name":"Secretele lui Lovendal","article_publisher":"https:\/\/www.facebook.com\/secreteleluilovendal","article_published_time":"2012-01-01T10:42:42+00:00","og_image":[{"width":295,"height":210,"url":"https:\/\/www.lovendal.ro\/wp52\/wp-content\/uploads\/2012\/01\/Apocalipsa-Triumful-mortii.jpg","type":"image\/jpeg"}],"author":"admin","twitter_card":"summary_large_image","twitter_misc":{"Scris de":"admin","Timp estimat pentru citire":"2 minute"},"schema":{"@context":"https:\/\/schema.org","@graph":[{"@type":"Article","@id":"https:\/\/www.lovendal.ro\/wp52\/si-in-anii-1492-si-1493-se-prevestea-sfarsitul-lumii-asa-cum-se-prevesteste-acum-pentru-2012-sa-mai-credem\/#article","isPartOf":{"@id":"https:\/\/www.lovendal.ro\/wp52\/si-in-anii-1492-si-1493-se-prevestea-sfarsitul-lumii-asa-cum-se-prevesteste-acum-pentru-2012-sa-mai-credem\/"},"author":{"name":"admin","@id":"https:\/\/www.lovendal.ro\/wp52\/#\/schema\/person\/088691de5dfc346bb0c023e1e52ef5d9"},"headline":"\u015ei \u00een anii 1492 \u015fi 1493 se prevestea sf\u00e2r\u015fitul lumii, a\u015fa cum se preveste\u015fte acum pentru 2012&#8230; S\u0103 mai credem?","datePublished":"2012-01-01T10:42:42+00:00","mainEntityOfPage":{"@id":"https:\/\/www.lovendal.ro\/wp52\/si-in-anii-1492-si-1493-se-prevestea-sfarsitul-lumii-asa-cum-se-prevesteste-acum-pentru-2012-sa-mai-credem\/"},"wordCount":380,"commentCount":19,"publisher":{"@id":"https:\/\/www.lovendal.ro\/wp52\/#organization"},"image":{"@id":"https:\/\/www.lovendal.ro\/wp52\/si-in-anii-1492-si-1493-se-prevestea-sfarsitul-lumii-asa-cum-se-prevesteste-acum-pentru-2012-sa-mai-credem\/#primaryimage"},"thumbnailUrl":"https:\/\/www.lovendal.ro\/wp52\/wp-content\/uploads\/2012\/01\/Apocalipsa-Triumful-mortii.jpg","keywords":["2012","biseric\u0103","cium\u0103","Cr\u0103ciun","Dumnezeu","foamete","Italia","Paranormal-Spiritualitate","profe\u0163ie","r\u0103zboia","Roma","Savonarola","sf\u00e2r\u015fitul lumii"],"articleSection":["Paranormal-Spiritualitate"],"inLanguage":"ro-RO","potentialAction":[{"@type":"CommentAction","name":"Comment","target":["https:\/\/www.lovendal.ro\/wp52\/si-in-anii-1492-si-1493-se-prevestea-sfarsitul-lumii-asa-cum-se-prevesteste-acum-pentru-2012-sa-mai-credem\/#respond"]}]},{"@type":"WebPage","@id":"https:\/\/www.lovendal.ro\/wp52\/si-in-anii-1492-si-1493-se-prevestea-sfarsitul-lumii-asa-cum-se-prevesteste-acum-pentru-2012-sa-mai-credem\/","url":"https:\/\/www.lovendal.ro\/wp52\/si-in-anii-1492-si-1493-se-prevestea-sfarsitul-lumii-asa-cum-se-prevesteste-acum-pentru-2012-sa-mai-credem\/","name":"\u015ei \u00een anii 1492 \u015fi 1493 se prevestea sf\u00e2r\u015fitul lumii, a\u015fa cum se preveste\u015fte acum pentru 2012... S\u0103 mai credem? - Secretele lui Lovendal","isPartOf":{"@id":"https:\/\/www.lovendal.ro\/wp52\/#website"},"primaryImageOfPage":{"@id":"https:\/\/www.lovendal.ro\/wp52\/si-in-anii-1492-si-1493-se-prevestea-sfarsitul-lumii-asa-cum-se-prevesteste-acum-pentru-2012-sa-mai-credem\/#primaryimage"},"image":{"@id":"https:\/\/www.lovendal.ro\/wp52\/si-in-anii-1492-si-1493-se-prevestea-sfarsitul-lumii-asa-cum-se-prevesteste-acum-pentru-2012-sa-mai-credem\/#primaryimage"},"thumbnailUrl":"https:\/\/www.lovendal.ro\/wp52\/wp-content\/uploads\/2012\/01\/Apocalipsa-Triumful-mortii.jpg","datePublished":"2012-01-01T10:42:42+00:00","breadcrumb":{"@id":"https:\/\/www.lovendal.ro\/wp52\/si-in-anii-1492-si-1493-se-prevestea-sfarsitul-lumii-asa-cum-se-prevesteste-acum-pentru-2012-sa-mai-credem\/#breadcrumb"},"inLanguage":"ro-RO","potentialAction":[{"@type":"ReadAction","target":["https:\/\/www.lovendal.ro\/wp52\/si-in-anii-1492-si-1493-se-prevestea-sfarsitul-lumii-asa-cum-se-prevesteste-acum-pentru-2012-sa-mai-credem\/"]}]},{"@type":"ImageObject","inLanguage":"ro-RO","@id":"https:\/\/www.lovendal.ro\/wp52\/si-in-anii-1492-si-1493-se-prevestea-sfarsitul-lumii-asa-cum-se-prevesteste-acum-pentru-2012-sa-mai-credem\/#primaryimage","url":"https:\/\/www.lovendal.ro\/wp52\/wp-content\/uploads\/2012\/01\/Apocalipsa-Triumful-mortii.jpg","contentUrl":"https:\/\/www.lovendal.ro\/wp52\/wp-content\/uploads\/2012\/01\/Apocalipsa-Triumful-mortii.jpg","width":"295","height":"210"},{"@type":"BreadcrumbList","@id":"https:\/\/www.lovendal.ro\/wp52\/si-in-anii-1492-si-1493-se-prevestea-sfarsitul-lumii-asa-cum-se-prevesteste-acum-pentru-2012-sa-mai-credem\/#breadcrumb","itemListElement":[{"@type":"ListItem","position":1,"name":"Home","item":"https:\/\/www.lovendal.ro\/wp52\/"},{"@type":"ListItem","position":2,"name":"\u015ei \u00een anii 1492 \u015fi 1493 se prevestea sf\u00e2r\u015fitul lumii, a\u015fa cum se preveste\u015fte acum pentru 2012&#8230; S\u0103 mai credem?"}]},{"@type":"WebSite","@id":"https:\/\/www.lovendal.ro\/wp52\/#website","url":"https:\/\/www.lovendal.ro\/wp52\/","name":"Secretele lui Lovendal","description":"Site de secrete, stiinta si metafizica - din 2008 -","publisher":{"@id":"https:\/\/www.lovendal.ro\/wp52\/#organization"},"potentialAction":[{"@type":"SearchAction","target":{"@type":"EntryPoint","urlTemplate":"https:\/\/www.lovendal.ro\/wp52\/?s={search_term_string}"},"query-input":{"@type":"PropertyValueSpecification","valueRequired":true,"valueName":"search_term_string"}}],"inLanguage":"ro-RO"},{"@type":"Organization","@id":"https:\/\/www.lovendal.ro\/wp52\/#organization","name":"Secretele lui Lovendal","url":"https:\/\/www.lovendal.ro\/wp52\/","logo":{"@type":"ImageObject","inLanguage":"ro-RO","@id":"https:\/\/www.lovendal.ro\/wp52\/#\/schema\/logo\/image\/","url":"https:\/\/www.lovendal.ro\/wp52\/wp-content\/uploads\/2024\/06\/cropped-SLL-iun-2024-1.jpg","contentUrl":"https:\/\/www.lovendal.ro\/wp52\/wp-content\/uploads\/2024\/06\/cropped-SLL-iun-2024-1.jpg","width":771,"height":240,"caption":"Secretele lui Lovendal"},"image":{"@id":"https:\/\/www.lovendal.ro\/wp52\/#\/schema\/logo\/image\/"},"sameAs":["https:\/\/www.facebook.com\/secreteleluilovendal"]},{"@type":"Person","@id":"https:\/\/www.lovendal.ro\/wp52\/#\/schema\/person\/088691de5dfc346bb0c023e1e52ef5d9","name":"admin","image":{"@type":"ImageObject","inLanguage":"ro-RO","@id":"https:\/\/secure.gravatar.com\/avatar\/ecb9cd41f5f63c9c9b989999a59f6e2639a865ec361e9db054db0679a8f341c2?s=96&d=mm&r=g","url":"https:\/\/secure.gravatar.com\/avatar\/ecb9cd41f5f63c9c9b989999a59f6e2639a865ec361e9db054db0679a8f341c2?s=96&d=mm&r=g","contentUrl":"https:\/\/secure.gravatar.com\/avatar\/ecb9cd41f5f63c9c9b989999a59f6e2639a865ec361e9db054db0679a8f341c2?s=96&d=mm&r=g","caption":"admin"},"sameAs":["https:\/\/www.lovendal.ro\/wp52"]}]}},"_links":{"self":[{"href":"https:\/\/www.lovendal.ro\/wp52\/wp-json\/wp\/v2\/posts\/21621","targetHints":{"allow":["GET"]}}],"collection":[{"href":"https:\/\/www.lovendal.ro\/wp52\/wp-json\/wp\/v2\/posts"}],"about":[{"href":"https:\/\/www.lovendal.ro\/wp52\/wp-json\/wp\/v2\/types\/post"}],"author":[{"embeddable":true,"href":"https:\/\/www.lovendal.ro\/wp52\/wp-json\/wp\/v2\/users\/1"}],"replies":[{"embeddable":true,"href":"https:\/\/www.lovendal.ro\/wp52\/wp-json\/wp\/v2\/comments?post=21621"}],"version-history":[{"count":0,"href":"https:\/\/www.lovendal.ro\/wp52\/wp-json\/wp\/v2\/posts\/21621\/revisions"}],"wp:featuredmedia":[{"embeddable":true,"href":"https:\/\/www.lovendal.ro\/wp52\/wp-json\/wp\/v2\/media\/21622"}],"wp:attachment":[{"href":"https:\/\/www.lovendal.ro\/wp52\/wp-json\/wp\/v2\/media?parent=21621"}],"wp:term":[{"taxonomy":"category","embeddable":true,"href":"https:\/\/www.lovendal.ro\/wp52\/wp-json\/wp\/v2\/categories?post=21621"},{"taxonomy":"post_tag","embeddable":true,"href":"https:\/\/www.lovendal.ro\/wp52\/wp-json\/wp\/v2\/tags?post=21621"}],"curies":[{"name":"wp","href":"https:\/\/api.w.org\/{rel}","templated":true}]}}