{"id":21491,"date":"2011-12-25T00:17:21","date_gmt":"2011-12-24T22:17:21","guid":{"rendered":"http:\/\/www.lovendal.net\/wp52\/?p=21491"},"modified":"2011-12-25T00:17:21","modified_gmt":"2011-12-24T22:17:21","slug":"un-argument-meteorologic-care-ar-respinge-ideea-ca-iisus-hristos-s-ar-fi-nascut-pe-25-decembrie","status":"publish","type":"post","link":"https:\/\/www.lovendal.ro\/wp52\/un-argument-meteorologic-care-ar-respinge-ideea-ca-iisus-hristos-s-ar-fi-nascut-pe-25-decembrie\/","title":{"rendered":"Un argument meteorologic care ar respinge ideea c\u0103 Iisus Hristos s-ar fi n\u0103scut pe 25 decembrie"},"content":{"rendered":"<p><a href=\"https:\/\/www.lovendal.ro\/wp52\/wp-content\/uploads\/2011\/12\/nasterea-lui-Iisus.jpg\"><img loading=\"lazy\" decoding=\"async\" class=\"alignleft size-full wp-image-21492\" title=\"nasterea lui Iisus\" src=\"https:\/\/www.lovendal.ro\/wp52\/wp-content\/uploads\/2011\/12\/nasterea-lui-Iisus.jpg\" alt=\"\" width=\"293\" height=\"176\" \/><\/a>Se \u015ftie controversa legat\u0103 de na\u015fterea lui Iisus Hristos pe 25 decembrie. Ziua de 25 decembrie ca zi de Cr\u0103ciun este atestat\u0103 documentar pentru prima dat\u0103 \u00een anul 354 d.Hr; sub \u00eemp\u0103ratul roman Iustinian, ea a fost recunoscut\u0103 ca s\u0103rb\u0103toare legal\u0103. De\u015fi cre\u015ftinismul accept\u0103 aceast\u0103 dat\u0103 din mai multe motive (vezi articolul bine documentat: <a href=\"https:\/\/www.lovendal.ro\/wp52\/sarbatorim-gresit-craciunul-pe-25-decembrie-intrucat-iisus-s-ar-fi-nascut-in-alta-data\/\" target=\"_blank\"><strong>https:\/\/www.lovendal.ro\/wp52\/sarbatorim-gresit-craciunul-pe-25-decembrie-intrucat-iisus-s-ar-fi-nascut-in-alta-data\/<\/strong><\/a>), totu\u015fi, al\u0163ii nu cred c\u0103 M\u00e2ntuitorul s-ar fi n\u0103scut cu adev\u0103rat \u00een aceast\u0103 zi. \u015ei iat\u0103 unul din argumentele acestora din urm\u0103, un argument destul de solid (zic eu).<\/p>\n<p>Dup\u0103 Evanghelia lui Luca, <em>\u201e\u00een \u0163inutul acela erau p\u0103stori, st\u00e2nd pe c\u00e2mp \u015fi f\u0103c\u00e2nd de straj\u0103 noaptea \u00eemprejurul turmei lor&#8221;<\/em> (Luca 2:8). Meteorologii au f\u0103cut m\u0103sur\u0103tori exacte ale temperaturii la Hebron. \u00cen acest loc din sudul Mun\u0163ilor Iuda este aceea\u015fi clim\u0103 ca \u00een apropiatul Bethleem. Curba temperaturilor indic\u0103 \u00een trei luni \u00eenghe\u0163: \u00een decembrie &#8211; 2,8, \u00een ianuarie &#8211; 1,6, \u00een februarie &#8211; 0,1 grade Celsius. Primele dou\u0103 luni au, \u00een acela\u015fi timp, \u015fi cele mai mari cantit\u0103\u0163i de precipita\u0163ii ale anului: 147 milimetri \u00een decembrie, 187 milimetri \u00een ianuarie. Conform rezultatelor cercet\u0103rilor de p\u00e2n\u0103 acum\/clima Palestinei nu s-a schimbat fundamental \u00een ultimii 2 000 de ani, a\u015fadar putem porni de la observa\u0163iile meteorologice moderne, precise.<\/p>\n<p>\u00cen perioada Cr\u0103ciunului avem \u00eenghe\u0163 la Bethleem, iar la temperaturi sub zero grade nu vor fi fost nici \u00een \u0162ara F\u0103g\u0103duitei vite la p\u0103\u015fune. Aceast\u0103 constatare este \u00eent\u0103rit\u0103 de o \u00eensemnare din Talmud, care spune c\u0103 \u00een regiunea aceea turmele sunt scoase la p\u0103\u015fune \u00een martie \u015fi adunate iar la \u00eenceputul lui noiembrie. Vitele r\u0103m\u00e2n aproape opt luni \u00een libertate.<\/p>\n<p>\u00cen jurul Cr\u0103ciunului nostru, animalele r\u0103m\u00e2n \u015fi \u00een Palestina \u00een staul, iar p\u0103storii r\u0103m\u00e2n \u00eempreun\u0103 cu ele. A\u015fadar, tradi\u0163ia din Evanghelia lui Luca indic\u0103 na\u015fterea lui Iisus \u00eenainte de \u00eenceputul perioadei de iarn\u0103.<\/p>\n","protected":false},"excerpt":{"rendered":"<p>Se \u015ftie controversa legat\u0103 de na\u015fterea lui Iisus Hristos pe 25 decembrie. Ziua de 25 decembrie ca zi de Cr\u0103ciun este atestat\u0103 documentar pentru prima dat\u0103 \u00een anul 354 d.Hr; sub \u00eemp\u0103ratul roman Iustinian, ea a fost recunoscut\u0103 ca s\u0103rb\u0103toare &#8230; <\/p>\n<p class=\"read-more-container\"><a title=\"Un argument meteorologic care ar respinge ideea c\u0103 Iisus Hristos s-ar fi n\u0103scut pe 25 decembrie\" class=\"read-more button\" href=\"https:\/\/www.lovendal.ro\/wp52\/un-argument-meteorologic-care-ar-respinge-ideea-ca-iisus-hristos-s-ar-fi-nascut-pe-25-decembrie\/#more-21491\" aria-label=\"Cite\u0219te mai multe despre Un argument meteorologic care ar respinge ideea c\u0103 Iisus Hristos s-ar fi n\u0103scut pe 25 decembrie\">Cititi mai multe<\/a><\/p>\n","protected":false},"author":1,"featured_media":21492,"comment_status":"open","ping_status":"closed","sticky":false,"template":"","format":"standard","meta":{"footnotes":""},"categories":[14],"tags":[4839,1028,702,211,210,2913,498,9796,2104,4841,2358,4840,1372],"class_list":["post-21491","post","type-post","status-publish","format-standard","has-post-thumbnail","hentry","category-paranormal-spiritualitate","tag-25-decembrie","tag-bethleem","tag-craciun","tag-crestinism","tag-iisus-hristos","tag-nastere","tag-palestina","tag-paranormal-spiritualitate","tag-pastor","tag-pasunat","tag-temperatura","tag-vite","tag-vreme","resize-featured-image"],"yoast_head":"<!-- This site is optimized with the Yoast SEO Premium plugin v23.3 (Yoast SEO v27.4) - https:\/\/yoast.com\/product\/yoast-seo-premium-wordpress\/ -->\n<title>Un argument meteorologic care ar respinge ideea c\u0103 Iisus Hristos s-ar fi n\u0103scut pe 25 decembrie - Secretele lui Lovendal<\/title>\n<meta name=\"robots\" content=\"index, follow, max-snippet:-1, max-image-preview:large, max-video-preview:-1\" \/>\n<link rel=\"canonical\" href=\"https:\/\/www.lovendal.ro\/wp52\/un-argument-meteorologic-care-ar-respinge-ideea-ca-iisus-hristos-s-ar-fi-nascut-pe-25-decembrie\/\" \/>\n<meta property=\"og:locale\" content=\"ro_RO\" \/>\n<meta property=\"og:type\" content=\"article\" \/>\n<meta property=\"og:title\" content=\"Un argument meteorologic care ar respinge ideea c\u0103 Iisus Hristos s-ar fi n\u0103scut pe 25 decembrie\" \/>\n<meta property=\"og:description\" content=\"Se \u015ftie controversa legat\u0103 de na\u015fterea lui Iisus Hristos pe 25 decembrie. Ziua de 25 decembrie ca zi de Cr\u0103ciun este atestat\u0103 documentar pentru prima dat\u0103 \u00een anul 354 d.Hr; sub \u00eemp\u0103ratul roman Iustinian, ea a fost recunoscut\u0103 ca s\u0103rb\u0103toare ... Cititi mai multe\" \/>\n<meta property=\"og:url\" content=\"https:\/\/www.lovendal.ro\/wp52\/un-argument-meteorologic-care-ar-respinge-ideea-ca-iisus-hristos-s-ar-fi-nascut-pe-25-decembrie\/\" \/>\n<meta property=\"og:site_name\" content=\"Secretele lui Lovendal\" \/>\n<meta property=\"article:publisher\" content=\"https:\/\/www.facebook.com\/secreteleluilovendal\" \/>\n<meta property=\"article:published_time\" content=\"2011-12-24T22:17:21+00:00\" \/>\n<meta property=\"og:image\" content=\"https:\/\/www.lovendal.ro\/wp52\/wp-content\/uploads\/2011\/12\/nasterea-lui-Iisus.jpg\" \/>\n\t<meta property=\"og:image:width\" content=\"293\" \/>\n\t<meta property=\"og:image:height\" content=\"176\" \/>\n\t<meta property=\"og:image:type\" content=\"image\/jpeg\" \/>\n<meta name=\"author\" content=\"admin\" \/>\n<meta name=\"twitter:card\" content=\"summary_large_image\" \/>\n<meta name=\"twitter:label1\" content=\"Scris de\" \/>\n\t<meta name=\"twitter:data1\" content=\"admin\" \/>\n\t<meta name=\"twitter:label2\" content=\"Timp estimat pentru citire\" \/>\n\t<meta name=\"twitter:data2\" content=\"2 minute\" \/>\n<script type=\"application\/ld+json\" class=\"yoast-schema-graph\">{\"@context\":\"https:\\\/\\\/schema.org\",\"@graph\":[{\"@type\":\"Article\",\"@id\":\"https:\\\/\\\/www.lovendal.ro\\\/wp52\\\/un-argument-meteorologic-care-ar-respinge-ideea-ca-iisus-hristos-s-ar-fi-nascut-pe-25-decembrie\\\/#article\",\"isPartOf\":{\"@id\":\"https:\\\/\\\/www.lovendal.ro\\\/wp52\\\/un-argument-meteorologic-care-ar-respinge-ideea-ca-iisus-hristos-s-ar-fi-nascut-pe-25-decembrie\\\/\"},\"author\":{\"name\":\"admin\",\"@id\":\"https:\\\/\\\/www.lovendal.ro\\\/wp52\\\/#\\\/schema\\\/person\\\/088691de5dfc346bb0c023e1e52ef5d9\"},\"headline\":\"Un argument meteorologic care ar respinge ideea c\u0103 Iisus Hristos s-ar fi n\u0103scut pe 25 decembrie\",\"datePublished\":\"2011-12-24T22:17:21+00:00\",\"mainEntityOfPage\":{\"@id\":\"https:\\\/\\\/www.lovendal.ro\\\/wp52\\\/un-argument-meteorologic-care-ar-respinge-ideea-ca-iisus-hristos-s-ar-fi-nascut-pe-25-decembrie\\\/\"},\"wordCount\":352,\"commentCount\":72,\"publisher\":{\"@id\":\"https:\\\/\\\/www.lovendal.ro\\\/wp52\\\/#organization\"},\"image\":{\"@id\":\"https:\\\/\\\/www.lovendal.ro\\\/wp52\\\/un-argument-meteorologic-care-ar-respinge-ideea-ca-iisus-hristos-s-ar-fi-nascut-pe-25-decembrie\\\/#primaryimage\"},\"thumbnailUrl\":\"https:\\\/\\\/www.lovendal.ro\\\/wp52\\\/wp-content\\\/uploads\\\/2011\\\/12\\\/nasterea-lui-Iisus.jpg\",\"keywords\":[\"25 decembrie\",\"Bethleem\",\"Cr\u0103ciun\",\"cre\u015ftinism\",\"Iisus Hristos\",\"na\u015ftere\",\"Palestina\",\"Paranormal-Spiritualitate\",\"pastor\",\"p\u0103\u015funat\",\"temperatur\u0103\",\"vite\",\"vreme\"],\"articleSection\":[\"Paranormal-Spiritualitate\"],\"inLanguage\":\"ro-RO\",\"potentialAction\":[{\"@type\":\"CommentAction\",\"name\":\"Comment\",\"target\":[\"https:\\\/\\\/www.lovendal.ro\\\/wp52\\\/un-argument-meteorologic-care-ar-respinge-ideea-ca-iisus-hristos-s-ar-fi-nascut-pe-25-decembrie\\\/#respond\"]}]},{\"@type\":\"WebPage\",\"@id\":\"https:\\\/\\\/www.lovendal.ro\\\/wp52\\\/un-argument-meteorologic-care-ar-respinge-ideea-ca-iisus-hristos-s-ar-fi-nascut-pe-25-decembrie\\\/\",\"url\":\"https:\\\/\\\/www.lovendal.ro\\\/wp52\\\/un-argument-meteorologic-care-ar-respinge-ideea-ca-iisus-hristos-s-ar-fi-nascut-pe-25-decembrie\\\/\",\"name\":\"Un argument meteorologic care ar respinge ideea c\u0103 Iisus Hristos s-ar fi n\u0103scut pe 25 decembrie - Secretele lui Lovendal\",\"isPartOf\":{\"@id\":\"https:\\\/\\\/www.lovendal.ro\\\/wp52\\\/#website\"},\"primaryImageOfPage\":{\"@id\":\"https:\\\/\\\/www.lovendal.ro\\\/wp52\\\/un-argument-meteorologic-care-ar-respinge-ideea-ca-iisus-hristos-s-ar-fi-nascut-pe-25-decembrie\\\/#primaryimage\"},\"image\":{\"@id\":\"https:\\\/\\\/www.lovendal.ro\\\/wp52\\\/un-argument-meteorologic-care-ar-respinge-ideea-ca-iisus-hristos-s-ar-fi-nascut-pe-25-decembrie\\\/#primaryimage\"},\"thumbnailUrl\":\"https:\\\/\\\/www.lovendal.ro\\\/wp52\\\/wp-content\\\/uploads\\\/2011\\\/12\\\/nasterea-lui-Iisus.jpg\",\"datePublished\":\"2011-12-24T22:17:21+00:00\",\"breadcrumb\":{\"@id\":\"https:\\\/\\\/www.lovendal.ro\\\/wp52\\\/un-argument-meteorologic-care-ar-respinge-ideea-ca-iisus-hristos-s-ar-fi-nascut-pe-25-decembrie\\\/#breadcrumb\"},\"inLanguage\":\"ro-RO\",\"potentialAction\":[{\"@type\":\"ReadAction\",\"target\":[\"https:\\\/\\\/www.lovendal.ro\\\/wp52\\\/un-argument-meteorologic-care-ar-respinge-ideea-ca-iisus-hristos-s-ar-fi-nascut-pe-25-decembrie\\\/\"]}]},{\"@type\":\"ImageObject\",\"inLanguage\":\"ro-RO\",\"@id\":\"https:\\\/\\\/www.lovendal.ro\\\/wp52\\\/un-argument-meteorologic-care-ar-respinge-ideea-ca-iisus-hristos-s-ar-fi-nascut-pe-25-decembrie\\\/#primaryimage\",\"url\":\"https:\\\/\\\/www.lovendal.ro\\\/wp52\\\/wp-content\\\/uploads\\\/2011\\\/12\\\/nasterea-lui-Iisus.jpg\",\"contentUrl\":\"https:\\\/\\\/www.lovendal.ro\\\/wp52\\\/wp-content\\\/uploads\\\/2011\\\/12\\\/nasterea-lui-Iisus.jpg\",\"width\":\"293\",\"height\":\"176\"},{\"@type\":\"BreadcrumbList\",\"@id\":\"https:\\\/\\\/www.lovendal.ro\\\/wp52\\\/un-argument-meteorologic-care-ar-respinge-ideea-ca-iisus-hristos-s-ar-fi-nascut-pe-25-decembrie\\\/#breadcrumb\",\"itemListElement\":[{\"@type\":\"ListItem\",\"position\":1,\"name\":\"Home\",\"item\":\"https:\\\/\\\/www.lovendal.ro\\\/wp52\\\/\"},{\"@type\":\"ListItem\",\"position\":2,\"name\":\"Un argument meteorologic care ar respinge ideea c\u0103 Iisus Hristos s-ar fi n\u0103scut pe 25 decembrie\"}]},{\"@type\":\"WebSite\",\"@id\":\"https:\\\/\\\/www.lovendal.ro\\\/wp52\\\/#website\",\"url\":\"https:\\\/\\\/www.lovendal.ro\\\/wp52\\\/\",\"name\":\"Secretele lui Lovendal\",\"description\":\"Site de secrete, stiinta si metafizica - din 2008 -\",\"publisher\":{\"@id\":\"https:\\\/\\\/www.lovendal.ro\\\/wp52\\\/#organization\"},\"potentialAction\":[{\"@type\":\"SearchAction\",\"target\":{\"@type\":\"EntryPoint\",\"urlTemplate\":\"https:\\\/\\\/www.lovendal.ro\\\/wp52\\\/?s={search_term_string}\"},\"query-input\":{\"@type\":\"PropertyValueSpecification\",\"valueRequired\":true,\"valueName\":\"search_term_string\"}}],\"inLanguage\":\"ro-RO\"},{\"@type\":\"Organization\",\"@id\":\"https:\\\/\\\/www.lovendal.ro\\\/wp52\\\/#organization\",\"name\":\"Secretele lui Lovendal\",\"url\":\"https:\\\/\\\/www.lovendal.ro\\\/wp52\\\/\",\"logo\":{\"@type\":\"ImageObject\",\"inLanguage\":\"ro-RO\",\"@id\":\"https:\\\/\\\/www.lovendal.ro\\\/wp52\\\/#\\\/schema\\\/logo\\\/image\\\/\",\"url\":\"https:\\\/\\\/www.lovendal.ro\\\/wp52\\\/wp-content\\\/uploads\\\/2024\\\/06\\\/cropped-SLL-iun-2024-1.jpg\",\"contentUrl\":\"https:\\\/\\\/www.lovendal.ro\\\/wp52\\\/wp-content\\\/uploads\\\/2024\\\/06\\\/cropped-SLL-iun-2024-1.jpg\",\"width\":771,\"height\":240,\"caption\":\"Secretele lui Lovendal\"},\"image\":{\"@id\":\"https:\\\/\\\/www.lovendal.ro\\\/wp52\\\/#\\\/schema\\\/logo\\\/image\\\/\"},\"sameAs\":[\"https:\\\/\\\/www.facebook.com\\\/secreteleluilovendal\"]},{\"@type\":\"Person\",\"@id\":\"https:\\\/\\\/www.lovendal.ro\\\/wp52\\\/#\\\/schema\\\/person\\\/088691de5dfc346bb0c023e1e52ef5d9\",\"name\":\"admin\",\"image\":{\"@type\":\"ImageObject\",\"inLanguage\":\"ro-RO\",\"@id\":\"https:\\\/\\\/secure.gravatar.com\\\/avatar\\\/ecb9cd41f5f63c9c9b989999a59f6e2639a865ec361e9db054db0679a8f341c2?s=96&d=mm&r=g\",\"url\":\"https:\\\/\\\/secure.gravatar.com\\\/avatar\\\/ecb9cd41f5f63c9c9b989999a59f6e2639a865ec361e9db054db0679a8f341c2?s=96&d=mm&r=g\",\"contentUrl\":\"https:\\\/\\\/secure.gravatar.com\\\/avatar\\\/ecb9cd41f5f63c9c9b989999a59f6e2639a865ec361e9db054db0679a8f341c2?s=96&d=mm&r=g\",\"caption\":\"admin\"},\"sameAs\":[\"https:\\\/\\\/www.lovendal.ro\\\/wp52\"]}]}<\/script>\n<!-- \/ Yoast SEO Premium plugin. -->","yoast_head_json":{"title":"Un argument meteorologic care ar respinge ideea c\u0103 Iisus Hristos s-ar fi n\u0103scut pe 25 decembrie - Secretele lui Lovendal","robots":{"index":"index","follow":"follow","max-snippet":"max-snippet:-1","max-image-preview":"max-image-preview:large","max-video-preview":"max-video-preview:-1"},"canonical":"https:\/\/www.lovendal.ro\/wp52\/un-argument-meteorologic-care-ar-respinge-ideea-ca-iisus-hristos-s-ar-fi-nascut-pe-25-decembrie\/","og_locale":"ro_RO","og_type":"article","og_title":"Un argument meteorologic care ar respinge ideea c\u0103 Iisus Hristos s-ar fi n\u0103scut pe 25 decembrie","og_description":"Se \u015ftie controversa legat\u0103 de na\u015fterea lui Iisus Hristos pe 25 decembrie. Ziua de 25 decembrie ca zi de Cr\u0103ciun este atestat\u0103 documentar pentru prima dat\u0103 \u00een anul 354 d.Hr; sub \u00eemp\u0103ratul roman Iustinian, ea a fost recunoscut\u0103 ca s\u0103rb\u0103toare ... Cititi mai multe","og_url":"https:\/\/www.lovendal.ro\/wp52\/un-argument-meteorologic-care-ar-respinge-ideea-ca-iisus-hristos-s-ar-fi-nascut-pe-25-decembrie\/","og_site_name":"Secretele lui Lovendal","article_publisher":"https:\/\/www.facebook.com\/secreteleluilovendal","article_published_time":"2011-12-24T22:17:21+00:00","og_image":[{"width":293,"height":176,"url":"https:\/\/www.lovendal.ro\/wp52\/wp-content\/uploads\/2011\/12\/nasterea-lui-Iisus.jpg","type":"image\/jpeg"}],"author":"admin","twitter_card":"summary_large_image","twitter_misc":{"Scris de":"admin","Timp estimat pentru citire":"2 minute"},"schema":{"@context":"https:\/\/schema.org","@graph":[{"@type":"Article","@id":"https:\/\/www.lovendal.ro\/wp52\/un-argument-meteorologic-care-ar-respinge-ideea-ca-iisus-hristos-s-ar-fi-nascut-pe-25-decembrie\/#article","isPartOf":{"@id":"https:\/\/www.lovendal.ro\/wp52\/un-argument-meteorologic-care-ar-respinge-ideea-ca-iisus-hristos-s-ar-fi-nascut-pe-25-decembrie\/"},"author":{"name":"admin","@id":"https:\/\/www.lovendal.ro\/wp52\/#\/schema\/person\/088691de5dfc346bb0c023e1e52ef5d9"},"headline":"Un argument meteorologic care ar respinge ideea c\u0103 Iisus Hristos s-ar fi n\u0103scut pe 25 decembrie","datePublished":"2011-12-24T22:17:21+00:00","mainEntityOfPage":{"@id":"https:\/\/www.lovendal.ro\/wp52\/un-argument-meteorologic-care-ar-respinge-ideea-ca-iisus-hristos-s-ar-fi-nascut-pe-25-decembrie\/"},"wordCount":352,"commentCount":72,"publisher":{"@id":"https:\/\/www.lovendal.ro\/wp52\/#organization"},"image":{"@id":"https:\/\/www.lovendal.ro\/wp52\/un-argument-meteorologic-care-ar-respinge-ideea-ca-iisus-hristos-s-ar-fi-nascut-pe-25-decembrie\/#primaryimage"},"thumbnailUrl":"https:\/\/www.lovendal.ro\/wp52\/wp-content\/uploads\/2011\/12\/nasterea-lui-Iisus.jpg","keywords":["25 decembrie","Bethleem","Cr\u0103ciun","cre\u015ftinism","Iisus Hristos","na\u015ftere","Palestina","Paranormal-Spiritualitate","pastor","p\u0103\u015funat","temperatur\u0103","vite","vreme"],"articleSection":["Paranormal-Spiritualitate"],"inLanguage":"ro-RO","potentialAction":[{"@type":"CommentAction","name":"Comment","target":["https:\/\/www.lovendal.ro\/wp52\/un-argument-meteorologic-care-ar-respinge-ideea-ca-iisus-hristos-s-ar-fi-nascut-pe-25-decembrie\/#respond"]}]},{"@type":"WebPage","@id":"https:\/\/www.lovendal.ro\/wp52\/un-argument-meteorologic-care-ar-respinge-ideea-ca-iisus-hristos-s-ar-fi-nascut-pe-25-decembrie\/","url":"https:\/\/www.lovendal.ro\/wp52\/un-argument-meteorologic-care-ar-respinge-ideea-ca-iisus-hristos-s-ar-fi-nascut-pe-25-decembrie\/","name":"Un argument meteorologic care ar respinge ideea c\u0103 Iisus Hristos s-ar fi n\u0103scut pe 25 decembrie - Secretele lui Lovendal","isPartOf":{"@id":"https:\/\/www.lovendal.ro\/wp52\/#website"},"primaryImageOfPage":{"@id":"https:\/\/www.lovendal.ro\/wp52\/un-argument-meteorologic-care-ar-respinge-ideea-ca-iisus-hristos-s-ar-fi-nascut-pe-25-decembrie\/#primaryimage"},"image":{"@id":"https:\/\/www.lovendal.ro\/wp52\/un-argument-meteorologic-care-ar-respinge-ideea-ca-iisus-hristos-s-ar-fi-nascut-pe-25-decembrie\/#primaryimage"},"thumbnailUrl":"https:\/\/www.lovendal.ro\/wp52\/wp-content\/uploads\/2011\/12\/nasterea-lui-Iisus.jpg","datePublished":"2011-12-24T22:17:21+00:00","breadcrumb":{"@id":"https:\/\/www.lovendal.ro\/wp52\/un-argument-meteorologic-care-ar-respinge-ideea-ca-iisus-hristos-s-ar-fi-nascut-pe-25-decembrie\/#breadcrumb"},"inLanguage":"ro-RO","potentialAction":[{"@type":"ReadAction","target":["https:\/\/www.lovendal.ro\/wp52\/un-argument-meteorologic-care-ar-respinge-ideea-ca-iisus-hristos-s-ar-fi-nascut-pe-25-decembrie\/"]}]},{"@type":"ImageObject","inLanguage":"ro-RO","@id":"https:\/\/www.lovendal.ro\/wp52\/un-argument-meteorologic-care-ar-respinge-ideea-ca-iisus-hristos-s-ar-fi-nascut-pe-25-decembrie\/#primaryimage","url":"https:\/\/www.lovendal.ro\/wp52\/wp-content\/uploads\/2011\/12\/nasterea-lui-Iisus.jpg","contentUrl":"https:\/\/www.lovendal.ro\/wp52\/wp-content\/uploads\/2011\/12\/nasterea-lui-Iisus.jpg","width":"293","height":"176"},{"@type":"BreadcrumbList","@id":"https:\/\/www.lovendal.ro\/wp52\/un-argument-meteorologic-care-ar-respinge-ideea-ca-iisus-hristos-s-ar-fi-nascut-pe-25-decembrie\/#breadcrumb","itemListElement":[{"@type":"ListItem","position":1,"name":"Home","item":"https:\/\/www.lovendal.ro\/wp52\/"},{"@type":"ListItem","position":2,"name":"Un argument meteorologic care ar respinge ideea c\u0103 Iisus Hristos s-ar fi n\u0103scut pe 25 decembrie"}]},{"@type":"WebSite","@id":"https:\/\/www.lovendal.ro\/wp52\/#website","url":"https:\/\/www.lovendal.ro\/wp52\/","name":"Secretele lui Lovendal","description":"Site de secrete, stiinta si metafizica - din 2008 -","publisher":{"@id":"https:\/\/www.lovendal.ro\/wp52\/#organization"},"potentialAction":[{"@type":"SearchAction","target":{"@type":"EntryPoint","urlTemplate":"https:\/\/www.lovendal.ro\/wp52\/?s={search_term_string}"},"query-input":{"@type":"PropertyValueSpecification","valueRequired":true,"valueName":"search_term_string"}}],"inLanguage":"ro-RO"},{"@type":"Organization","@id":"https:\/\/www.lovendal.ro\/wp52\/#organization","name":"Secretele lui Lovendal","url":"https:\/\/www.lovendal.ro\/wp52\/","logo":{"@type":"ImageObject","inLanguage":"ro-RO","@id":"https:\/\/www.lovendal.ro\/wp52\/#\/schema\/logo\/image\/","url":"https:\/\/www.lovendal.ro\/wp52\/wp-content\/uploads\/2024\/06\/cropped-SLL-iun-2024-1.jpg","contentUrl":"https:\/\/www.lovendal.ro\/wp52\/wp-content\/uploads\/2024\/06\/cropped-SLL-iun-2024-1.jpg","width":771,"height":240,"caption":"Secretele lui Lovendal"},"image":{"@id":"https:\/\/www.lovendal.ro\/wp52\/#\/schema\/logo\/image\/"},"sameAs":["https:\/\/www.facebook.com\/secreteleluilovendal"]},{"@type":"Person","@id":"https:\/\/www.lovendal.ro\/wp52\/#\/schema\/person\/088691de5dfc346bb0c023e1e52ef5d9","name":"admin","image":{"@type":"ImageObject","inLanguage":"ro-RO","@id":"https:\/\/secure.gravatar.com\/avatar\/ecb9cd41f5f63c9c9b989999a59f6e2639a865ec361e9db054db0679a8f341c2?s=96&d=mm&r=g","url":"https:\/\/secure.gravatar.com\/avatar\/ecb9cd41f5f63c9c9b989999a59f6e2639a865ec361e9db054db0679a8f341c2?s=96&d=mm&r=g","contentUrl":"https:\/\/secure.gravatar.com\/avatar\/ecb9cd41f5f63c9c9b989999a59f6e2639a865ec361e9db054db0679a8f341c2?s=96&d=mm&r=g","caption":"admin"},"sameAs":["https:\/\/www.lovendal.ro\/wp52"]}]}},"_links":{"self":[{"href":"https:\/\/www.lovendal.ro\/wp52\/wp-json\/wp\/v2\/posts\/21491","targetHints":{"allow":["GET"]}}],"collection":[{"href":"https:\/\/www.lovendal.ro\/wp52\/wp-json\/wp\/v2\/posts"}],"about":[{"href":"https:\/\/www.lovendal.ro\/wp52\/wp-json\/wp\/v2\/types\/post"}],"author":[{"embeddable":true,"href":"https:\/\/www.lovendal.ro\/wp52\/wp-json\/wp\/v2\/users\/1"}],"replies":[{"embeddable":true,"href":"https:\/\/www.lovendal.ro\/wp52\/wp-json\/wp\/v2\/comments?post=21491"}],"version-history":[{"count":0,"href":"https:\/\/www.lovendal.ro\/wp52\/wp-json\/wp\/v2\/posts\/21491\/revisions"}],"wp:featuredmedia":[{"embeddable":true,"href":"https:\/\/www.lovendal.ro\/wp52\/wp-json\/wp\/v2\/media\/21492"}],"wp:attachment":[{"href":"https:\/\/www.lovendal.ro\/wp52\/wp-json\/wp\/v2\/media?parent=21491"}],"wp:term":[{"taxonomy":"category","embeddable":true,"href":"https:\/\/www.lovendal.ro\/wp52\/wp-json\/wp\/v2\/categories?post=21491"},{"taxonomy":"post_tag","embeddable":true,"href":"https:\/\/www.lovendal.ro\/wp52\/wp-json\/wp\/v2\/tags?post=21491"}],"curies":[{"name":"wp","href":"https:\/\/api.w.org\/{rel}","templated":true}]}}