{"id":21483,"date":"2011-12-24T17:50:39","date_gmt":"2011-12-24T15:50:39","guid":{"rendered":"http:\/\/www.lovendal.net\/wp52\/?p=21483"},"modified":"2011-12-24T17:50:39","modified_gmt":"2011-12-24T15:50:39","slug":"am-in-plan-sa-distrug-luna-ce-efecte-vor-fi-asupra-pamantului-vom-mai-supravietui","status":"publish","type":"post","link":"https:\/\/www.lovendal.ro\/wp52\/am-in-plan-sa-distrug-luna-ce-efecte-vor-fi-asupra-pamantului-vom-mai-supravietui\/","title":{"rendered":"Am \u00een plan s\u0103 distrug Luna. Ce efecte vor fi asupra P\u0103m\u00e2ntului? Vom mai supravie\u0163ui?"},"content":{"rendered":"<p><a href=\"https:\/\/www.lovendal.ro\/wp52\/wp-content\/uploads\/2011\/12\/Luna-309.jpg\"><img loading=\"lazy\" decoding=\"async\" class=\"alignleft size-full wp-image-21484\" title=\"Luna 309\" src=\"https:\/\/www.lovendal.ro\/wp52\/wp-content\/uploads\/2011\/12\/Luna-309.jpg\" alt=\"\" width=\"297\" height=\"244\" \/><\/a>Am primit de la un cititor urm\u0103torul email (zic eu interesant):<\/p>\n<p><em>&#8222;Drag\u0103 Lovendal,<\/em><\/p>\n<p><em>M-am g\u00e2ndit ca s\u0103 te consult, \u00eenainte s\u0103 trec la ac\u0163iune. Am un plan prin care doresc s\u0103 distrug Luna. \u00centrebarea mea e foarte simpl\u0103: Ce se \u00eent\u00e2mpl\u0103 dac\u0103 voi distruge Luna? Ar putea P\u0103m\u00e2ntul \u015fi tic\u0103lo\u015fii ce tr\u0103iesc \u00een el s\u0103 supravie\u0163uiasc\u0103 f\u0103r\u0103 Lun\u0103? Ar putea lipsa gravita\u0163iei Lunii s\u0103 produc\u0103 vreo pagub\u0103 \u00een afar\u0103 de faptul c\u0103 i-ar enerva pe surfi\u015fti? Nu voi \u00eencepe opera\u0163iunea p\u00e2n\u0103 ce nu primesc un r\u0103spuns.<\/em><\/p>\n<p><em>Rocketman&#8221;.<\/em><\/p>\n<p>Iat\u0103 \u015fi r\u0103spunsul meu:<\/p>\n<p>Drag\u0103 Rocketman, a distruge un corp ceresc arat\u0103 o lips\u0103 de maturitate. Exist\u0103 \u015fi alte modalit\u0103\u0163i prin care a-i putea s\u0103-\u0163i exprimi m\u00e2nia. \u00cen momentul de fa\u0163\u0103, nu pot s\u0103-\u0163i spun exact care vor fi efectele dac\u0103 vei distruge Luna. Unii spun c\u0103 nu s-ar \u00eent\u00e2mpla nimic, iar al\u0163ii cred c\u0103 f\u0103r\u0103 Lun\u0103 ar fi sf\u00e2r\u015fitul nostru. Iat\u0103 \u015fi efectele pe care mi le-a\u015f putea imagina dac\u0103 am r\u0103m\u00e2ne f\u0103r\u0103 Lun\u0103:<\/p>\n<p>(1) N-am mai avea maree \u015fi n-am mai putea face surfing. Totu\u015fi, mareele n-ar disp\u0103rea complet, c\u0103ci se pare c\u0103 \u015fi Soarele are un anumit rol \u00een producerea mareelor, nu doar Luna. Desigur, aceste maree ar fi mult mai diminuate \u00een amplitudine.<\/p>\n<p>(2) Lupii n-ar mai urla la Lun\u0103, ci la&#8230;Alpha Centauri, s\u0103 presupunem.<\/p>\n<p>(3) Nop\u0163ile senine ar fi mult mai \u00eentunecate. Asta \u00eenseamn\u0103 c\u0103 ar cre\u015fte activit\u0103\u0163ile infrac\u0163ionale noaptea.<\/p>\n<p>(4) Ar fi mai pu\u0163ini nebuni \u00een lume. Se \u015ftie c\u0103 exist\u0103 o teorie conform c\u0103reia nebunii s-ar manifesta mai mult \u00een perioadele cu Lun\u0103 plin\u0103.<\/p>\n<p>(5) F\u0103r\u0103 eclipse (de Soare \u015fi de Lun\u0103). Gata cu aceste fenomene astronomice, ce \u00eentotdeauna constituie o atrac\u0163ie pentru mul\u0163i oameni.<\/p>\n<p>(6) Pe 20 iulie 2069, la 100 de ani dup\u0103 aselenizare, oamenii vor spune: &#8222;Neil Armstrong a p\u0103\u015fit&#8230;unde?&#8221;<\/p>\n<p>Unii cercet\u0103tori sunt mai radicali. Ei spun c\u0103 dac\u0103 Luna n-ar fi existat, noi nici nu am mai fi existat \u00een ziua de azi:<\/p>\n<p>&#8211; marele cratere de pe Lun\u0103 (de c\u00e2teva sute de km diametru) sunt rezultatul pr\u0103bu\u015firii unor gigan\u0163i meteori\u0163i \u015fi asteroizi pe Lun\u0103. Dac\u0103 astrul selenar n-ar fi existat, aceste corpuri cere\u015fti s-ar fi pr\u0103bu\u015fit pe P\u0103m\u00e2nt \u015fi, astfel, ar fi dus la extinc\u0163ia vie\u0163ii de pe Terra.<\/p>\n<p>&#8211; mareele ar fi fost extrem de slabe, \u015fi astfel n-ar mai fi putut ap\u0103rea amfibienele, deci animalele \u015fi, ca urmare, nici noi, oamenii.<\/p>\n<p>Totu\u015fi, drag\u0103 Rocketman, de ce-ai vrea tu s\u0103 distrugi Luna?<\/p>\n","protected":false},"excerpt":{"rendered":"<p>Am primit de la un cititor urm\u0103torul email (zic eu interesant): &#8222;Drag\u0103 Lovendal, M-am g\u00e2ndit ca s\u0103 te consult, \u00eenainte s\u0103 trec la ac\u0163iune. Am un plan prin care doresc s\u0103 distrug Luna. \u00centrebarea mea e foarte simpl\u0103: Ce se &#8230; <\/p>\n<p class=\"read-more-container\"><a title=\"Am \u00een plan s\u0103 distrug Luna. Ce efecte vor fi asupra P\u0103m\u00e2ntului? Vom mai supravie\u0163ui?\" class=\"read-more button\" href=\"https:\/\/www.lovendal.ro\/wp52\/am-in-plan-sa-distrug-luna-ce-efecte-vor-fi-asupra-pamantului-vom-mai-supravietui\/#more-21483\" aria-label=\"Cite\u0219te mai multe despre Am \u00een plan s\u0103 distrug Luna. Ce efecte vor fi asupra P\u0103m\u00e2ntului? Vom mai supravie\u0163ui?\">Cititi mai multe<\/a><\/p>\n","protected":false},"author":1,"featured_media":21484,"comment_status":"open","ping_status":"closed","sticky":false,"template":"","format":"standard","meta":{"footnotes":""},"categories":[106],"tags":[2075,102,3459,4838,1367,149,817,3842,1485,105,9803,4837,366],"class_list":["post-21483","post","type-post","status-publish","format-standard","has-post-thumbnail","hentry","category-stiinta","tag-aselenizare","tag-astronomie","tag-crater","tag-eclipsa","tag-gravitatie","tag-luna","tag-lup","tag-maree","tag-nebunie","tag-pamant","tag-stiinta","tag-surfing","tag-viata","resize-featured-image"],"yoast_head":"<!-- This site is optimized with the Yoast SEO Premium plugin v23.3 (Yoast SEO v27.4) - https:\/\/yoast.com\/product\/yoast-seo-premium-wordpress\/ -->\n<title>Am \u00een plan s\u0103 distrug Luna. Ce efecte vor fi asupra P\u0103m\u00e2ntului? Vom mai supravie\u0163ui? - Secretele lui Lovendal<\/title>\n<meta name=\"robots\" content=\"index, follow, max-snippet:-1, max-image-preview:large, max-video-preview:-1\" \/>\n<link rel=\"canonical\" href=\"https:\/\/www.lovendal.ro\/wp52\/am-in-plan-sa-distrug-luna-ce-efecte-vor-fi-asupra-pamantului-vom-mai-supravietui\/\" \/>\n<meta property=\"og:locale\" content=\"ro_RO\" \/>\n<meta property=\"og:type\" content=\"article\" \/>\n<meta property=\"og:title\" content=\"Am \u00een plan s\u0103 distrug Luna. Ce efecte vor fi asupra P\u0103m\u00e2ntului? Vom mai supravie\u0163ui?\" \/>\n<meta property=\"og:description\" content=\"Am primit de la un cititor urm\u0103torul email (zic eu interesant): &#8222;Drag\u0103 Lovendal, M-am g\u00e2ndit ca s\u0103 te consult, \u00eenainte s\u0103 trec la ac\u0163iune. Am un plan prin care doresc s\u0103 distrug Luna. \u00centrebarea mea e foarte simpl\u0103: Ce se ... Cititi mai multe\" \/>\n<meta property=\"og:url\" content=\"https:\/\/www.lovendal.ro\/wp52\/am-in-plan-sa-distrug-luna-ce-efecte-vor-fi-asupra-pamantului-vom-mai-supravietui\/\" \/>\n<meta property=\"og:site_name\" content=\"Secretele lui Lovendal\" \/>\n<meta property=\"article:publisher\" content=\"https:\/\/www.facebook.com\/secreteleluilovendal\" \/>\n<meta property=\"article:published_time\" content=\"2011-12-24T15:50:39+00:00\" \/>\n<meta property=\"og:image\" content=\"https:\/\/www.lovendal.ro\/wp52\/wp-content\/uploads\/2011\/12\/Luna-309.jpg\" \/>\n\t<meta property=\"og:image:width\" content=\"297\" \/>\n\t<meta property=\"og:image:height\" content=\"244\" \/>\n\t<meta property=\"og:image:type\" content=\"image\/jpeg\" \/>\n<meta name=\"author\" content=\"admin\" \/>\n<meta name=\"twitter:card\" content=\"summary_large_image\" \/>\n<meta name=\"twitter:label1\" content=\"Scris de\" \/>\n\t<meta name=\"twitter:data1\" content=\"admin\" \/>\n\t<meta name=\"twitter:label2\" content=\"Timp estimat pentru citire\" \/>\n\t<meta name=\"twitter:data2\" content=\"2 minute\" \/>\n<script type=\"application\/ld+json\" class=\"yoast-schema-graph\">{\"@context\":\"https:\\\/\\\/schema.org\",\"@graph\":[{\"@type\":\"Article\",\"@id\":\"https:\\\/\\\/www.lovendal.ro\\\/wp52\\\/am-in-plan-sa-distrug-luna-ce-efecte-vor-fi-asupra-pamantului-vom-mai-supravietui\\\/#article\",\"isPartOf\":{\"@id\":\"https:\\\/\\\/www.lovendal.ro\\\/wp52\\\/am-in-plan-sa-distrug-luna-ce-efecte-vor-fi-asupra-pamantului-vom-mai-supravietui\\\/\"},\"author\":{\"name\":\"admin\",\"@id\":\"https:\\\/\\\/www.lovendal.ro\\\/wp52\\\/#\\\/schema\\\/person\\\/088691de5dfc346bb0c023e1e52ef5d9\"},\"headline\":\"Am \u00een plan s\u0103 distrug Luna. Ce efecte vor fi asupra P\u0103m\u00e2ntului? Vom mai supravie\u0163ui?\",\"datePublished\":\"2011-12-24T15:50:39+00:00\",\"mainEntityOfPage\":{\"@id\":\"https:\\\/\\\/www.lovendal.ro\\\/wp52\\\/am-in-plan-sa-distrug-luna-ce-efecte-vor-fi-asupra-pamantului-vom-mai-supravietui\\\/\"},\"wordCount\":472,\"commentCount\":30,\"publisher\":{\"@id\":\"https:\\\/\\\/www.lovendal.ro\\\/wp52\\\/#organization\"},\"image\":{\"@id\":\"https:\\\/\\\/www.lovendal.ro\\\/wp52\\\/am-in-plan-sa-distrug-luna-ce-efecte-vor-fi-asupra-pamantului-vom-mai-supravietui\\\/#primaryimage\"},\"thumbnailUrl\":\"https:\\\/\\\/www.lovendal.ro\\\/wp52\\\/wp-content\\\/uploads\\\/2011\\\/12\\\/Luna-309.jpg\",\"keywords\":[\"aselenizare\",\"astronomie\",\"crater\",\"eclips\u0103\",\"gravita\u0163ie\",\"Lun\u0103\",\"lup\",\"maree\",\"nebunie\",\"P\u0103m\u00e2nt\",\"Stiinta\",\"surfing\",\"via\u0163\u0103\"],\"articleSection\":[\"Stiinta\"],\"inLanguage\":\"ro-RO\",\"potentialAction\":[{\"@type\":\"CommentAction\",\"name\":\"Comment\",\"target\":[\"https:\\\/\\\/www.lovendal.ro\\\/wp52\\\/am-in-plan-sa-distrug-luna-ce-efecte-vor-fi-asupra-pamantului-vom-mai-supravietui\\\/#respond\"]}]},{\"@type\":\"WebPage\",\"@id\":\"https:\\\/\\\/www.lovendal.ro\\\/wp52\\\/am-in-plan-sa-distrug-luna-ce-efecte-vor-fi-asupra-pamantului-vom-mai-supravietui\\\/\",\"url\":\"https:\\\/\\\/www.lovendal.ro\\\/wp52\\\/am-in-plan-sa-distrug-luna-ce-efecte-vor-fi-asupra-pamantului-vom-mai-supravietui\\\/\",\"name\":\"Am \u00een plan s\u0103 distrug Luna. Ce efecte vor fi asupra P\u0103m\u00e2ntului? Vom mai supravie\u0163ui? - Secretele lui Lovendal\",\"isPartOf\":{\"@id\":\"https:\\\/\\\/www.lovendal.ro\\\/wp52\\\/#website\"},\"primaryImageOfPage\":{\"@id\":\"https:\\\/\\\/www.lovendal.ro\\\/wp52\\\/am-in-plan-sa-distrug-luna-ce-efecte-vor-fi-asupra-pamantului-vom-mai-supravietui\\\/#primaryimage\"},\"image\":{\"@id\":\"https:\\\/\\\/www.lovendal.ro\\\/wp52\\\/am-in-plan-sa-distrug-luna-ce-efecte-vor-fi-asupra-pamantului-vom-mai-supravietui\\\/#primaryimage\"},\"thumbnailUrl\":\"https:\\\/\\\/www.lovendal.ro\\\/wp52\\\/wp-content\\\/uploads\\\/2011\\\/12\\\/Luna-309.jpg\",\"datePublished\":\"2011-12-24T15:50:39+00:00\",\"breadcrumb\":{\"@id\":\"https:\\\/\\\/www.lovendal.ro\\\/wp52\\\/am-in-plan-sa-distrug-luna-ce-efecte-vor-fi-asupra-pamantului-vom-mai-supravietui\\\/#breadcrumb\"},\"inLanguage\":\"ro-RO\",\"potentialAction\":[{\"@type\":\"ReadAction\",\"target\":[\"https:\\\/\\\/www.lovendal.ro\\\/wp52\\\/am-in-plan-sa-distrug-luna-ce-efecte-vor-fi-asupra-pamantului-vom-mai-supravietui\\\/\"]}]},{\"@type\":\"ImageObject\",\"inLanguage\":\"ro-RO\",\"@id\":\"https:\\\/\\\/www.lovendal.ro\\\/wp52\\\/am-in-plan-sa-distrug-luna-ce-efecte-vor-fi-asupra-pamantului-vom-mai-supravietui\\\/#primaryimage\",\"url\":\"https:\\\/\\\/www.lovendal.ro\\\/wp52\\\/wp-content\\\/uploads\\\/2011\\\/12\\\/Luna-309.jpg\",\"contentUrl\":\"https:\\\/\\\/www.lovendal.ro\\\/wp52\\\/wp-content\\\/uploads\\\/2011\\\/12\\\/Luna-309.jpg\",\"width\":\"297\",\"height\":\"244\"},{\"@type\":\"BreadcrumbList\",\"@id\":\"https:\\\/\\\/www.lovendal.ro\\\/wp52\\\/am-in-plan-sa-distrug-luna-ce-efecte-vor-fi-asupra-pamantului-vom-mai-supravietui\\\/#breadcrumb\",\"itemListElement\":[{\"@type\":\"ListItem\",\"position\":1,\"name\":\"Home\",\"item\":\"https:\\\/\\\/www.lovendal.ro\\\/wp52\\\/\"},{\"@type\":\"ListItem\",\"position\":2,\"name\":\"Am \u00een plan s\u0103 distrug Luna. Ce efecte vor fi asupra P\u0103m\u00e2ntului? Vom mai supravie\u0163ui?\"}]},{\"@type\":\"WebSite\",\"@id\":\"https:\\\/\\\/www.lovendal.ro\\\/wp52\\\/#website\",\"url\":\"https:\\\/\\\/www.lovendal.ro\\\/wp52\\\/\",\"name\":\"Secretele lui Lovendal\",\"description\":\"Site de secrete, stiinta si metafizica - din 2008 -\",\"publisher\":{\"@id\":\"https:\\\/\\\/www.lovendal.ro\\\/wp52\\\/#organization\"},\"potentialAction\":[{\"@type\":\"SearchAction\",\"target\":{\"@type\":\"EntryPoint\",\"urlTemplate\":\"https:\\\/\\\/www.lovendal.ro\\\/wp52\\\/?s={search_term_string}\"},\"query-input\":{\"@type\":\"PropertyValueSpecification\",\"valueRequired\":true,\"valueName\":\"search_term_string\"}}],\"inLanguage\":\"ro-RO\"},{\"@type\":\"Organization\",\"@id\":\"https:\\\/\\\/www.lovendal.ro\\\/wp52\\\/#organization\",\"name\":\"Secretele lui Lovendal\",\"url\":\"https:\\\/\\\/www.lovendal.ro\\\/wp52\\\/\",\"logo\":{\"@type\":\"ImageObject\",\"inLanguage\":\"ro-RO\",\"@id\":\"https:\\\/\\\/www.lovendal.ro\\\/wp52\\\/#\\\/schema\\\/logo\\\/image\\\/\",\"url\":\"https:\\\/\\\/www.lovendal.ro\\\/wp52\\\/wp-content\\\/uploads\\\/2024\\\/06\\\/cropped-SLL-iun-2024-1.jpg\",\"contentUrl\":\"https:\\\/\\\/www.lovendal.ro\\\/wp52\\\/wp-content\\\/uploads\\\/2024\\\/06\\\/cropped-SLL-iun-2024-1.jpg\",\"width\":771,\"height\":240,\"caption\":\"Secretele lui Lovendal\"},\"image\":{\"@id\":\"https:\\\/\\\/www.lovendal.ro\\\/wp52\\\/#\\\/schema\\\/logo\\\/image\\\/\"},\"sameAs\":[\"https:\\\/\\\/www.facebook.com\\\/secreteleluilovendal\"]},{\"@type\":\"Person\",\"@id\":\"https:\\\/\\\/www.lovendal.ro\\\/wp52\\\/#\\\/schema\\\/person\\\/088691de5dfc346bb0c023e1e52ef5d9\",\"name\":\"admin\",\"image\":{\"@type\":\"ImageObject\",\"inLanguage\":\"ro-RO\",\"@id\":\"https:\\\/\\\/secure.gravatar.com\\\/avatar\\\/ecb9cd41f5f63c9c9b989999a59f6e2639a865ec361e9db054db0679a8f341c2?s=96&d=mm&r=g\",\"url\":\"https:\\\/\\\/secure.gravatar.com\\\/avatar\\\/ecb9cd41f5f63c9c9b989999a59f6e2639a865ec361e9db054db0679a8f341c2?s=96&d=mm&r=g\",\"contentUrl\":\"https:\\\/\\\/secure.gravatar.com\\\/avatar\\\/ecb9cd41f5f63c9c9b989999a59f6e2639a865ec361e9db054db0679a8f341c2?s=96&d=mm&r=g\",\"caption\":\"admin\"},\"sameAs\":[\"https:\\\/\\\/www.lovendal.ro\\\/wp52\"]}]}<\/script>\n<!-- \/ Yoast SEO Premium plugin. -->","yoast_head_json":{"title":"Am \u00een plan s\u0103 distrug Luna. Ce efecte vor fi asupra P\u0103m\u00e2ntului? Vom mai supravie\u0163ui? - Secretele lui Lovendal","robots":{"index":"index","follow":"follow","max-snippet":"max-snippet:-1","max-image-preview":"max-image-preview:large","max-video-preview":"max-video-preview:-1"},"canonical":"https:\/\/www.lovendal.ro\/wp52\/am-in-plan-sa-distrug-luna-ce-efecte-vor-fi-asupra-pamantului-vom-mai-supravietui\/","og_locale":"ro_RO","og_type":"article","og_title":"Am \u00een plan s\u0103 distrug Luna. Ce efecte vor fi asupra P\u0103m\u00e2ntului? Vom mai supravie\u0163ui?","og_description":"Am primit de la un cititor urm\u0103torul email (zic eu interesant): &#8222;Drag\u0103 Lovendal, M-am g\u00e2ndit ca s\u0103 te consult, \u00eenainte s\u0103 trec la ac\u0163iune. Am un plan prin care doresc s\u0103 distrug Luna. \u00centrebarea mea e foarte simpl\u0103: Ce se ... Cititi mai multe","og_url":"https:\/\/www.lovendal.ro\/wp52\/am-in-plan-sa-distrug-luna-ce-efecte-vor-fi-asupra-pamantului-vom-mai-supravietui\/","og_site_name":"Secretele lui Lovendal","article_publisher":"https:\/\/www.facebook.com\/secreteleluilovendal","article_published_time":"2011-12-24T15:50:39+00:00","og_image":[{"width":297,"height":244,"url":"https:\/\/www.lovendal.ro\/wp52\/wp-content\/uploads\/2011\/12\/Luna-309.jpg","type":"image\/jpeg"}],"author":"admin","twitter_card":"summary_large_image","twitter_misc":{"Scris de":"admin","Timp estimat pentru citire":"2 minute"},"schema":{"@context":"https:\/\/schema.org","@graph":[{"@type":"Article","@id":"https:\/\/www.lovendal.ro\/wp52\/am-in-plan-sa-distrug-luna-ce-efecte-vor-fi-asupra-pamantului-vom-mai-supravietui\/#article","isPartOf":{"@id":"https:\/\/www.lovendal.ro\/wp52\/am-in-plan-sa-distrug-luna-ce-efecte-vor-fi-asupra-pamantului-vom-mai-supravietui\/"},"author":{"name":"admin","@id":"https:\/\/www.lovendal.ro\/wp52\/#\/schema\/person\/088691de5dfc346bb0c023e1e52ef5d9"},"headline":"Am \u00een plan s\u0103 distrug Luna. Ce efecte vor fi asupra P\u0103m\u00e2ntului? Vom mai supravie\u0163ui?","datePublished":"2011-12-24T15:50:39+00:00","mainEntityOfPage":{"@id":"https:\/\/www.lovendal.ro\/wp52\/am-in-plan-sa-distrug-luna-ce-efecte-vor-fi-asupra-pamantului-vom-mai-supravietui\/"},"wordCount":472,"commentCount":30,"publisher":{"@id":"https:\/\/www.lovendal.ro\/wp52\/#organization"},"image":{"@id":"https:\/\/www.lovendal.ro\/wp52\/am-in-plan-sa-distrug-luna-ce-efecte-vor-fi-asupra-pamantului-vom-mai-supravietui\/#primaryimage"},"thumbnailUrl":"https:\/\/www.lovendal.ro\/wp52\/wp-content\/uploads\/2011\/12\/Luna-309.jpg","keywords":["aselenizare","astronomie","crater","eclips\u0103","gravita\u0163ie","Lun\u0103","lup","maree","nebunie","P\u0103m\u00e2nt","Stiinta","surfing","via\u0163\u0103"],"articleSection":["Stiinta"],"inLanguage":"ro-RO","potentialAction":[{"@type":"CommentAction","name":"Comment","target":["https:\/\/www.lovendal.ro\/wp52\/am-in-plan-sa-distrug-luna-ce-efecte-vor-fi-asupra-pamantului-vom-mai-supravietui\/#respond"]}]},{"@type":"WebPage","@id":"https:\/\/www.lovendal.ro\/wp52\/am-in-plan-sa-distrug-luna-ce-efecte-vor-fi-asupra-pamantului-vom-mai-supravietui\/","url":"https:\/\/www.lovendal.ro\/wp52\/am-in-plan-sa-distrug-luna-ce-efecte-vor-fi-asupra-pamantului-vom-mai-supravietui\/","name":"Am \u00een plan s\u0103 distrug Luna. Ce efecte vor fi asupra P\u0103m\u00e2ntului? Vom mai supravie\u0163ui? - Secretele lui Lovendal","isPartOf":{"@id":"https:\/\/www.lovendal.ro\/wp52\/#website"},"primaryImageOfPage":{"@id":"https:\/\/www.lovendal.ro\/wp52\/am-in-plan-sa-distrug-luna-ce-efecte-vor-fi-asupra-pamantului-vom-mai-supravietui\/#primaryimage"},"image":{"@id":"https:\/\/www.lovendal.ro\/wp52\/am-in-plan-sa-distrug-luna-ce-efecte-vor-fi-asupra-pamantului-vom-mai-supravietui\/#primaryimage"},"thumbnailUrl":"https:\/\/www.lovendal.ro\/wp52\/wp-content\/uploads\/2011\/12\/Luna-309.jpg","datePublished":"2011-12-24T15:50:39+00:00","breadcrumb":{"@id":"https:\/\/www.lovendal.ro\/wp52\/am-in-plan-sa-distrug-luna-ce-efecte-vor-fi-asupra-pamantului-vom-mai-supravietui\/#breadcrumb"},"inLanguage":"ro-RO","potentialAction":[{"@type":"ReadAction","target":["https:\/\/www.lovendal.ro\/wp52\/am-in-plan-sa-distrug-luna-ce-efecte-vor-fi-asupra-pamantului-vom-mai-supravietui\/"]}]},{"@type":"ImageObject","inLanguage":"ro-RO","@id":"https:\/\/www.lovendal.ro\/wp52\/am-in-plan-sa-distrug-luna-ce-efecte-vor-fi-asupra-pamantului-vom-mai-supravietui\/#primaryimage","url":"https:\/\/www.lovendal.ro\/wp52\/wp-content\/uploads\/2011\/12\/Luna-309.jpg","contentUrl":"https:\/\/www.lovendal.ro\/wp52\/wp-content\/uploads\/2011\/12\/Luna-309.jpg","width":"297","height":"244"},{"@type":"BreadcrumbList","@id":"https:\/\/www.lovendal.ro\/wp52\/am-in-plan-sa-distrug-luna-ce-efecte-vor-fi-asupra-pamantului-vom-mai-supravietui\/#breadcrumb","itemListElement":[{"@type":"ListItem","position":1,"name":"Home","item":"https:\/\/www.lovendal.ro\/wp52\/"},{"@type":"ListItem","position":2,"name":"Am \u00een plan s\u0103 distrug Luna. Ce efecte vor fi asupra P\u0103m\u00e2ntului? Vom mai supravie\u0163ui?"}]},{"@type":"WebSite","@id":"https:\/\/www.lovendal.ro\/wp52\/#website","url":"https:\/\/www.lovendal.ro\/wp52\/","name":"Secretele lui Lovendal","description":"Site de secrete, stiinta si metafizica - din 2008 -","publisher":{"@id":"https:\/\/www.lovendal.ro\/wp52\/#organization"},"potentialAction":[{"@type":"SearchAction","target":{"@type":"EntryPoint","urlTemplate":"https:\/\/www.lovendal.ro\/wp52\/?s={search_term_string}"},"query-input":{"@type":"PropertyValueSpecification","valueRequired":true,"valueName":"search_term_string"}}],"inLanguage":"ro-RO"},{"@type":"Organization","@id":"https:\/\/www.lovendal.ro\/wp52\/#organization","name":"Secretele lui Lovendal","url":"https:\/\/www.lovendal.ro\/wp52\/","logo":{"@type":"ImageObject","inLanguage":"ro-RO","@id":"https:\/\/www.lovendal.ro\/wp52\/#\/schema\/logo\/image\/","url":"https:\/\/www.lovendal.ro\/wp52\/wp-content\/uploads\/2024\/06\/cropped-SLL-iun-2024-1.jpg","contentUrl":"https:\/\/www.lovendal.ro\/wp52\/wp-content\/uploads\/2024\/06\/cropped-SLL-iun-2024-1.jpg","width":771,"height":240,"caption":"Secretele lui Lovendal"},"image":{"@id":"https:\/\/www.lovendal.ro\/wp52\/#\/schema\/logo\/image\/"},"sameAs":["https:\/\/www.facebook.com\/secreteleluilovendal"]},{"@type":"Person","@id":"https:\/\/www.lovendal.ro\/wp52\/#\/schema\/person\/088691de5dfc346bb0c023e1e52ef5d9","name":"admin","image":{"@type":"ImageObject","inLanguage":"ro-RO","@id":"https:\/\/secure.gravatar.com\/avatar\/ecb9cd41f5f63c9c9b989999a59f6e2639a865ec361e9db054db0679a8f341c2?s=96&d=mm&r=g","url":"https:\/\/secure.gravatar.com\/avatar\/ecb9cd41f5f63c9c9b989999a59f6e2639a865ec361e9db054db0679a8f341c2?s=96&d=mm&r=g","contentUrl":"https:\/\/secure.gravatar.com\/avatar\/ecb9cd41f5f63c9c9b989999a59f6e2639a865ec361e9db054db0679a8f341c2?s=96&d=mm&r=g","caption":"admin"},"sameAs":["https:\/\/www.lovendal.ro\/wp52"]}]}},"_links":{"self":[{"href":"https:\/\/www.lovendal.ro\/wp52\/wp-json\/wp\/v2\/posts\/21483","targetHints":{"allow":["GET"]}}],"collection":[{"href":"https:\/\/www.lovendal.ro\/wp52\/wp-json\/wp\/v2\/posts"}],"about":[{"href":"https:\/\/www.lovendal.ro\/wp52\/wp-json\/wp\/v2\/types\/post"}],"author":[{"embeddable":true,"href":"https:\/\/www.lovendal.ro\/wp52\/wp-json\/wp\/v2\/users\/1"}],"replies":[{"embeddable":true,"href":"https:\/\/www.lovendal.ro\/wp52\/wp-json\/wp\/v2\/comments?post=21483"}],"version-history":[{"count":0,"href":"https:\/\/www.lovendal.ro\/wp52\/wp-json\/wp\/v2\/posts\/21483\/revisions"}],"wp:featuredmedia":[{"embeddable":true,"href":"https:\/\/www.lovendal.ro\/wp52\/wp-json\/wp\/v2\/media\/21484"}],"wp:attachment":[{"href":"https:\/\/www.lovendal.ro\/wp52\/wp-json\/wp\/v2\/media?parent=21483"}],"wp:term":[{"taxonomy":"category","embeddable":true,"href":"https:\/\/www.lovendal.ro\/wp52\/wp-json\/wp\/v2\/categories?post=21483"},{"taxonomy":"post_tag","embeddable":true,"href":"https:\/\/www.lovendal.ro\/wp52\/wp-json\/wp\/v2\/tags?post=21483"}],"curies":[{"name":"wp","href":"https:\/\/api.w.org\/{rel}","templated":true}]}}