{"id":21451,"date":"2011-12-21T11:28:37","date_gmt":"2011-12-21T09:28:37","guid":{"rendered":"http:\/\/www.lovendal.net\/wp52\/?p=21451"},"modified":"2011-12-21T11:28:37","modified_gmt":"2011-12-21T09:28:37","slug":"atunci-cand-visam-noi-de-fapt-calatorim-in-universuri-paralele-mintea-noastra-e-o-gaura-de-vierme","status":"publish","type":"post","link":"https:\/\/www.lovendal.ro\/wp52\/atunci-cand-visam-noi-de-fapt-calatorim-in-universuri-paralele-mintea-noastra-e-o-gaura-de-vierme\/","title":{"rendered":"Atunci c\u00e2nd vis\u0103m, noi, de fapt, c\u0103l\u0103torim \u00een Universuri paralele&#8230; Mintea noastr\u0103 e o &#8222;gaur\u0103 de vierme&#8221;?"},"content":{"rendered":"<p><a href=\"https:\/\/www.lovendal.ro\/wp52\/wp-content\/uploads\/2011\/12\/vis-fantastic.jpg\"><img loading=\"lazy\" decoding=\"async\" class=\"alignleft size-full wp-image-21452\" title=\"vis fantastic\" src=\"https:\/\/www.lovendal.ro\/wp52\/wp-content\/uploads\/2011\/12\/vis-fantastic.jpg\" alt=\"\" width=\"301\" height=\"233\" srcset=\"https:\/\/www.lovendal.ro\/wp52\/wp-content\/uploads\/2011\/12\/vis-fantastic.jpg 301w, https:\/\/www.lovendal.ro\/wp52\/wp-content\/uploads\/2011\/12\/vis-fantastic-300x232.jpg 300w\" sizes=\"auto, (max-width: 301px) 100vw, 301px\" \/><\/a>Ceea ce voi spune mai jos este doar o opinie personal\u0103 \u015fi nu un adev\u0103r absolut. Aviz comentatorilor r\u0103ut\u0103cio\u015fi care, dac\u0103 o idee nu se muleaz\u0103 g\u00e2ndurilor lor, atunci ea devine ridicol\u0103, prosteasc\u0103, lipsit\u0103 de orice logic\u0103 etc.<\/p>\n<p>A\u015fadar, eu cred \u00een universurile paralele. De asemenea, mai cred c\u0103, atunci c\u00e2nd noi vis\u0103m, de fapt noi travers\u0103m aceste universuri paralele, experiment\u00e2nd temporar realit\u0103\u0163ile noastre schimb\u0103toare, nu ca un simplu spectator, ci asemenea unui actor care joac\u0103 \u00eentr-o pies\u0103 de teatru.<\/p>\n<p>Mul\u0163i vor spune c\u0103 visele reprezint\u0103 doar imagina\u0163ia fiec\u0103ruia, atunci c\u00e2nd dormim. Dar, s\u0103 clarific\u0103m un lucru. Imagina\u0163ia (sau visele lucide) nu intr\u0103 \u00een multe detalii pe care le g\u0103sim \u00een vise: culori, texturi, mirosuri, r\u0103ni fizice, plante, c\u00e2ini, raze de soare, pic\u0103turi de ploaie, murd\u0103rie etc. De exemplu, dac\u0103 vreau ca ziua s\u0103-l visez pe Tom Cruise, toat\u0103 mintea mea va evoca amintiri cu privire la chipul s\u0103u, trupul s\u0103u etc. Dar, \u00eentr-un vis se \u00eent\u00e2mpl\u0103 mai mult dec\u00e2t at\u00e2t. Nu degeaba uneori vom spune c\u00e2nd ne trezim: <em>&#8222;Am avut un vis care p\u0103rea at\u00e2t de real&#8230;&#8221; <\/em>Adesea am visat detalii surprinz\u0103toare: ca o \u00eembr\u0103c\u0103minte deosebit\u0103, un loc fantastic, o lumin\u0103 incredibil\u0103, arome minunate, tablouri pe perete, culori ale covoarelor etc. Min\u0163ile noastre nu pot produce asemenea detalii surprinz\u0103toare, doar cu simplul ajutor al imagina\u0163iei.<\/p>\n<p>De asemenea, visele par deja a avea loc atunci c\u00e2nd &#8222;ajungi acolo&#8221;. Tu, ca persoan\u0103, pari s\u0103 fi plasat \u00een alt\u0103 existen\u0163\u0103, realitate. Interesant e faptul c\u0103 \u00een vis po\u0163i vedea persoane care nu le-ai v\u0103zut niciodat\u0103 \u00een via\u0163\u0103.<\/p>\n<p>C\u0103l\u0103toriile \u00een alte universuri poate implica \u015fi pu\u0163in\u0103 c\u0103l\u0103torie \u00een timp. Arta c\u0103l\u0103toriei \u00een timp \u00eenseamn\u0103 pur \u015fi simplu mi\u015fcarea mai repede dec\u00e2t viteza luminii. Atunci c\u00e2nd vizit\u0103m t\u0103r\u00e2mul viselor noastre, min\u0163ile noastre se afl\u0103 \u00een starea lor cea mai pur\u0103. Mul\u0163i cred c\u0103 noi suntem incon\u015ftien\u0163i \u00een timpul somnului, dar studiile arat\u0103 c\u0103 mi\u015fc\u0103rile undelor creierului nostru sunt asem\u0103n\u0103toare \u015fi atunci c\u00e2nd suntem treji.<\/p>\n<p>Mintea, \u00een opinia mea, este o &#8222;gaur\u0103 de vierme&#8221;, cu ajutorul c\u0103ruia putem c\u0103l\u0103tori la distan\u0163e incredibil de mari. Undele electromagnetice (sau undele radio) au capacitatea de a c\u0103l\u0103tori la viteze mai mari dec\u00e2t viteza luminii, iar undele creierului reprezint\u0103, tehnic vorbind, unde radio.<\/p>\n<p>G\u00e2ndi\u0163i-v\u0103 c\u0103 singura posibilitate de a c\u0103l\u0103tori mai repede dec\u00e2t viteza luminii este folosirea vitezei g\u00e2ndului. G\u00e2ndul ajunge \u00eenaintea luminii. Acest lucru ne permite s\u0103 travers\u0103m distan\u0163e mari prin acest Univers \u015fi prin milioane de alte Universuri, \u00eenainte \u015fi \u00eenapoi \u00een timp, schimb\u00e2nd realit\u0103\u0163ile, atunci c\u00e2nd mintea noastr\u0103 se afl\u0103 \u00eentr-o stare de subcon\u015ftien\u0163\u0103.<\/p>\n<p>De aceea, \u00een vise, lucrurile par prea nebune\u015fti sau prea fantastice. Exist\u0103 mai multe legi ale fizicii \u015fi ale gravita\u0163iei \u00een alte Universuri. Uneori, \u00een vise, avem impresia c\u0103 scenele se schimb\u0103, pentru c\u0103 noi c\u0103l\u0103torim \u00een at\u00e2tea Universuri \u015fi vizit\u0103m timpuri \u015fi locuri at\u00e2t de diferite.<\/p>\n<p>Atunci c\u00e2nd ne trezim din vis, suntem pu\u0163ini dezorienta\u0163i \u015fi ne \u00eentreb\u0103m <em>&#8222;Unde ne afl\u0103m?&#8221; &#8222;Cine sunt?&#8221;<\/em> \u00eentruc\u00e2t c\u0103l\u0103torim \u00een Universuri \u00een care legile fizicii sunt complet altele&#8230;<\/p>\n","protected":false},"excerpt":{"rendered":"<p>Ceea ce voi spune mai jos este doar o opinie personal\u0103 \u015fi nu un adev\u0103r absolut. Aviz comentatorilor r\u0103ut\u0103cio\u015fi care, dac\u0103 o idee nu se muleaz\u0103 g\u00e2ndurilor lor, atunci ea devine ridicol\u0103, prosteasc\u0103, lipsit\u0103 de orice logic\u0103 etc. A\u015fadar, eu &#8230; <\/p>\n<p class=\"read-more-container\"><a title=\"Atunci c\u00e2nd vis\u0103m, noi, de fapt, c\u0103l\u0103torim \u00een Universuri paralele&#8230; Mintea noastr\u0103 e o &#8222;gaur\u0103 de vierme&#8221;?\" class=\"read-more button\" href=\"https:\/\/www.lovendal.ro\/wp52\/atunci-cand-visam-noi-de-fapt-calatorim-in-universuri-paralele-mintea-noastra-e-o-gaura-de-vierme\/#more-21451\" aria-label=\"Cite\u0219te mai multe despre Atunci c\u00e2nd vis\u0103m, noi, de fapt, c\u0103l\u0103torim \u00een Universuri paralele&#8230; Mintea noastr\u0103 e o &#8222;gaur\u0103 de vierme&#8221;?\">Cititi mai multe<\/a><\/p>\n","protected":false},"author":1,"featured_media":21452,"comment_status":"open","ping_status":"closed","sticky":false,"template":"","format":"standard","meta":{"footnotes":""},"categories":[14],"tags":[928,230,3999,3510,1173,755,9796,2343,1395,575,2916],"class_list":["post-21451","post","type-post","status-publish","format-standard","has-post-thumbnail","hentry","category-paranormal-spiritualitate","tag-calatoria-in-timp","tag-creier","tag-gand","tag-gaura-de-vierme","tag-imaginatie","tag-minte","tag-paranormal-spiritualitate","tag-subconstient","tag-univers-paralel","tag-vis","tag-viteza-luminii","resize-featured-image"],"yoast_head":"<!-- This site is optimized with the Yoast SEO Premium plugin v23.3 (Yoast SEO v27.4) - https:\/\/yoast.com\/product\/yoast-seo-premium-wordpress\/ -->\n<title>Atunci c\u00e2nd vis\u0103m, noi, de fapt, c\u0103l\u0103torim \u00een Universuri paralele... Mintea noastr\u0103 e o &quot;gaur\u0103 de vierme&quot;? - Secretele lui Lovendal<\/title>\n<meta name=\"robots\" content=\"index, follow, max-snippet:-1, max-image-preview:large, max-video-preview:-1\" \/>\n<link rel=\"canonical\" href=\"https:\/\/www.lovendal.ro\/wp52\/atunci-cand-visam-noi-de-fapt-calatorim-in-universuri-paralele-mintea-noastra-e-o-gaura-de-vierme\/\" \/>\n<meta property=\"og:locale\" content=\"ro_RO\" \/>\n<meta property=\"og:type\" content=\"article\" \/>\n<meta property=\"og:title\" content=\"Atunci c\u00e2nd vis\u0103m, noi, de fapt, c\u0103l\u0103torim \u00een Universuri paralele... Mintea noastr\u0103 e o &quot;gaur\u0103 de vierme&quot;?\" \/>\n<meta property=\"og:description\" content=\"Ceea ce voi spune mai jos este doar o opinie personal\u0103 \u015fi nu un adev\u0103r absolut. Aviz comentatorilor r\u0103ut\u0103cio\u015fi care, dac\u0103 o idee nu se muleaz\u0103 g\u00e2ndurilor lor, atunci ea devine ridicol\u0103, prosteasc\u0103, lipsit\u0103 de orice logic\u0103 etc. A\u015fadar, eu ... Cititi mai multe\" \/>\n<meta property=\"og:url\" content=\"https:\/\/www.lovendal.ro\/wp52\/atunci-cand-visam-noi-de-fapt-calatorim-in-universuri-paralele-mintea-noastra-e-o-gaura-de-vierme\/\" \/>\n<meta property=\"og:site_name\" content=\"Secretele lui Lovendal\" \/>\n<meta property=\"article:publisher\" content=\"https:\/\/www.facebook.com\/secreteleluilovendal\" \/>\n<meta property=\"article:published_time\" content=\"2011-12-21T09:28:37+00:00\" \/>\n<meta property=\"og:image\" content=\"https:\/\/www.lovendal.ro\/wp52\/wp-content\/uploads\/2011\/12\/vis-fantastic.jpg\" \/>\n\t<meta property=\"og:image:width\" content=\"301\" \/>\n\t<meta property=\"og:image:height\" content=\"233\" \/>\n\t<meta property=\"og:image:type\" content=\"image\/jpeg\" \/>\n<meta name=\"author\" content=\"admin\" \/>\n<meta name=\"twitter:card\" content=\"summary_large_image\" \/>\n<meta name=\"twitter:label1\" content=\"Scris de\" \/>\n\t<meta name=\"twitter:data1\" content=\"admin\" \/>\n\t<meta name=\"twitter:label2\" content=\"Timp estimat pentru citire\" \/>\n\t<meta name=\"twitter:data2\" content=\"3 minute\" \/>\n<script type=\"application\/ld+json\" class=\"yoast-schema-graph\">{\"@context\":\"https:\\\/\\\/schema.org\",\"@graph\":[{\"@type\":\"Article\",\"@id\":\"https:\\\/\\\/www.lovendal.ro\\\/wp52\\\/atunci-cand-visam-noi-de-fapt-calatorim-in-universuri-paralele-mintea-noastra-e-o-gaura-de-vierme\\\/#article\",\"isPartOf\":{\"@id\":\"https:\\\/\\\/www.lovendal.ro\\\/wp52\\\/atunci-cand-visam-noi-de-fapt-calatorim-in-universuri-paralele-mintea-noastra-e-o-gaura-de-vierme\\\/\"},\"author\":{\"name\":\"admin\",\"@id\":\"https:\\\/\\\/www.lovendal.ro\\\/wp52\\\/#\\\/schema\\\/person\\\/088691de5dfc346bb0c023e1e52ef5d9\"},\"headline\":\"Atunci c\u00e2nd vis\u0103m, noi, de fapt, c\u0103l\u0103torim \u00een Universuri paralele&#8230; Mintea noastr\u0103 e o &#8222;gaur\u0103 de vierme&#8221;?\",\"datePublished\":\"2011-12-21T09:28:37+00:00\",\"mainEntityOfPage\":{\"@id\":\"https:\\\/\\\/www.lovendal.ro\\\/wp52\\\/atunci-cand-visam-noi-de-fapt-calatorim-in-universuri-paralele-mintea-noastra-e-o-gaura-de-vierme\\\/\"},\"wordCount\":612,\"commentCount\":47,\"publisher\":{\"@id\":\"https:\\\/\\\/www.lovendal.ro\\\/wp52\\\/#organization\"},\"image\":{\"@id\":\"https:\\\/\\\/www.lovendal.ro\\\/wp52\\\/atunci-cand-visam-noi-de-fapt-calatorim-in-universuri-paralele-mintea-noastra-e-o-gaura-de-vierme\\\/#primaryimage\"},\"thumbnailUrl\":\"https:\\\/\\\/www.lovendal.ro\\\/wp52\\\/wp-content\\\/uploads\\\/2011\\\/12\\\/vis-fantastic.jpg\",\"keywords\":[\"c\u0103l\u0103toria \u00een timp\",\"creier\",\"g\u00e2nd\",\"gaur\u0103 de vierme\",\"imagina\u0163ie\",\"minte\",\"Paranormal-Spiritualitate\",\"subcon\u015ftient\",\"univers paralel\",\"vis\",\"viteza luminii\"],\"articleSection\":[\"Paranormal-Spiritualitate\"],\"inLanguage\":\"ro-RO\",\"potentialAction\":[{\"@type\":\"CommentAction\",\"name\":\"Comment\",\"target\":[\"https:\\\/\\\/www.lovendal.ro\\\/wp52\\\/atunci-cand-visam-noi-de-fapt-calatorim-in-universuri-paralele-mintea-noastra-e-o-gaura-de-vierme\\\/#respond\"]}]},{\"@type\":\"WebPage\",\"@id\":\"https:\\\/\\\/www.lovendal.ro\\\/wp52\\\/atunci-cand-visam-noi-de-fapt-calatorim-in-universuri-paralele-mintea-noastra-e-o-gaura-de-vierme\\\/\",\"url\":\"https:\\\/\\\/www.lovendal.ro\\\/wp52\\\/atunci-cand-visam-noi-de-fapt-calatorim-in-universuri-paralele-mintea-noastra-e-o-gaura-de-vierme\\\/\",\"name\":\"Atunci c\u00e2nd vis\u0103m, noi, de fapt, c\u0103l\u0103torim \u00een Universuri paralele... Mintea noastr\u0103 e o \\\"gaur\u0103 de vierme\\\"? - Secretele lui Lovendal\",\"isPartOf\":{\"@id\":\"https:\\\/\\\/www.lovendal.ro\\\/wp52\\\/#website\"},\"primaryImageOfPage\":{\"@id\":\"https:\\\/\\\/www.lovendal.ro\\\/wp52\\\/atunci-cand-visam-noi-de-fapt-calatorim-in-universuri-paralele-mintea-noastra-e-o-gaura-de-vierme\\\/#primaryimage\"},\"image\":{\"@id\":\"https:\\\/\\\/www.lovendal.ro\\\/wp52\\\/atunci-cand-visam-noi-de-fapt-calatorim-in-universuri-paralele-mintea-noastra-e-o-gaura-de-vierme\\\/#primaryimage\"},\"thumbnailUrl\":\"https:\\\/\\\/www.lovendal.ro\\\/wp52\\\/wp-content\\\/uploads\\\/2011\\\/12\\\/vis-fantastic.jpg\",\"datePublished\":\"2011-12-21T09:28:37+00:00\",\"breadcrumb\":{\"@id\":\"https:\\\/\\\/www.lovendal.ro\\\/wp52\\\/atunci-cand-visam-noi-de-fapt-calatorim-in-universuri-paralele-mintea-noastra-e-o-gaura-de-vierme\\\/#breadcrumb\"},\"inLanguage\":\"ro-RO\",\"potentialAction\":[{\"@type\":\"ReadAction\",\"target\":[\"https:\\\/\\\/www.lovendal.ro\\\/wp52\\\/atunci-cand-visam-noi-de-fapt-calatorim-in-universuri-paralele-mintea-noastra-e-o-gaura-de-vierme\\\/\"]}]},{\"@type\":\"ImageObject\",\"inLanguage\":\"ro-RO\",\"@id\":\"https:\\\/\\\/www.lovendal.ro\\\/wp52\\\/atunci-cand-visam-noi-de-fapt-calatorim-in-universuri-paralele-mintea-noastra-e-o-gaura-de-vierme\\\/#primaryimage\",\"url\":\"https:\\\/\\\/www.lovendal.ro\\\/wp52\\\/wp-content\\\/uploads\\\/2011\\\/12\\\/vis-fantastic.jpg\",\"contentUrl\":\"https:\\\/\\\/www.lovendal.ro\\\/wp52\\\/wp-content\\\/uploads\\\/2011\\\/12\\\/vis-fantastic.jpg\",\"width\":\"301\",\"height\":\"233\"},{\"@type\":\"BreadcrumbList\",\"@id\":\"https:\\\/\\\/www.lovendal.ro\\\/wp52\\\/atunci-cand-visam-noi-de-fapt-calatorim-in-universuri-paralele-mintea-noastra-e-o-gaura-de-vierme\\\/#breadcrumb\",\"itemListElement\":[{\"@type\":\"ListItem\",\"position\":1,\"name\":\"Home\",\"item\":\"https:\\\/\\\/www.lovendal.ro\\\/wp52\\\/\"},{\"@type\":\"ListItem\",\"position\":2,\"name\":\"Atunci c\u00e2nd vis\u0103m, noi, de fapt, c\u0103l\u0103torim \u00een Universuri paralele&#8230; Mintea noastr\u0103 e o &#8222;gaur\u0103 de vierme&#8221;?\"}]},{\"@type\":\"WebSite\",\"@id\":\"https:\\\/\\\/www.lovendal.ro\\\/wp52\\\/#website\",\"url\":\"https:\\\/\\\/www.lovendal.ro\\\/wp52\\\/\",\"name\":\"Secretele lui Lovendal\",\"description\":\"Site de secrete, stiinta si metafizica - din 2008 -\",\"publisher\":{\"@id\":\"https:\\\/\\\/www.lovendal.ro\\\/wp52\\\/#organization\"},\"potentialAction\":[{\"@type\":\"SearchAction\",\"target\":{\"@type\":\"EntryPoint\",\"urlTemplate\":\"https:\\\/\\\/www.lovendal.ro\\\/wp52\\\/?s={search_term_string}\"},\"query-input\":{\"@type\":\"PropertyValueSpecification\",\"valueRequired\":true,\"valueName\":\"search_term_string\"}}],\"inLanguage\":\"ro-RO\"},{\"@type\":\"Organization\",\"@id\":\"https:\\\/\\\/www.lovendal.ro\\\/wp52\\\/#organization\",\"name\":\"Secretele lui Lovendal\",\"url\":\"https:\\\/\\\/www.lovendal.ro\\\/wp52\\\/\",\"logo\":{\"@type\":\"ImageObject\",\"inLanguage\":\"ro-RO\",\"@id\":\"https:\\\/\\\/www.lovendal.ro\\\/wp52\\\/#\\\/schema\\\/logo\\\/image\\\/\",\"url\":\"https:\\\/\\\/www.lovendal.ro\\\/wp52\\\/wp-content\\\/uploads\\\/2024\\\/06\\\/cropped-SLL-iun-2024-1.jpg\",\"contentUrl\":\"https:\\\/\\\/www.lovendal.ro\\\/wp52\\\/wp-content\\\/uploads\\\/2024\\\/06\\\/cropped-SLL-iun-2024-1.jpg\",\"width\":771,\"height\":240,\"caption\":\"Secretele lui Lovendal\"},\"image\":{\"@id\":\"https:\\\/\\\/www.lovendal.ro\\\/wp52\\\/#\\\/schema\\\/logo\\\/image\\\/\"},\"sameAs\":[\"https:\\\/\\\/www.facebook.com\\\/secreteleluilovendal\"]},{\"@type\":\"Person\",\"@id\":\"https:\\\/\\\/www.lovendal.ro\\\/wp52\\\/#\\\/schema\\\/person\\\/088691de5dfc346bb0c023e1e52ef5d9\",\"name\":\"admin\",\"image\":{\"@type\":\"ImageObject\",\"inLanguage\":\"ro-RO\",\"@id\":\"https:\\\/\\\/secure.gravatar.com\\\/avatar\\\/ecb9cd41f5f63c9c9b989999a59f6e2639a865ec361e9db054db0679a8f341c2?s=96&d=mm&r=g\",\"url\":\"https:\\\/\\\/secure.gravatar.com\\\/avatar\\\/ecb9cd41f5f63c9c9b989999a59f6e2639a865ec361e9db054db0679a8f341c2?s=96&d=mm&r=g\",\"contentUrl\":\"https:\\\/\\\/secure.gravatar.com\\\/avatar\\\/ecb9cd41f5f63c9c9b989999a59f6e2639a865ec361e9db054db0679a8f341c2?s=96&d=mm&r=g\",\"caption\":\"admin\"},\"sameAs\":[\"https:\\\/\\\/www.lovendal.ro\\\/wp52\"]}]}<\/script>\n<!-- \/ Yoast SEO Premium plugin. -->","yoast_head_json":{"title":"Atunci c\u00e2nd vis\u0103m, noi, de fapt, c\u0103l\u0103torim \u00een Universuri paralele... Mintea noastr\u0103 e o \"gaur\u0103 de vierme\"? - Secretele lui Lovendal","robots":{"index":"index","follow":"follow","max-snippet":"max-snippet:-1","max-image-preview":"max-image-preview:large","max-video-preview":"max-video-preview:-1"},"canonical":"https:\/\/www.lovendal.ro\/wp52\/atunci-cand-visam-noi-de-fapt-calatorim-in-universuri-paralele-mintea-noastra-e-o-gaura-de-vierme\/","og_locale":"ro_RO","og_type":"article","og_title":"Atunci c\u00e2nd vis\u0103m, noi, de fapt, c\u0103l\u0103torim \u00een Universuri paralele... Mintea noastr\u0103 e o \"gaur\u0103 de vierme\"?","og_description":"Ceea ce voi spune mai jos este doar o opinie personal\u0103 \u015fi nu un adev\u0103r absolut. Aviz comentatorilor r\u0103ut\u0103cio\u015fi care, dac\u0103 o idee nu se muleaz\u0103 g\u00e2ndurilor lor, atunci ea devine ridicol\u0103, prosteasc\u0103, lipsit\u0103 de orice logic\u0103 etc. A\u015fadar, eu ... Cititi mai multe","og_url":"https:\/\/www.lovendal.ro\/wp52\/atunci-cand-visam-noi-de-fapt-calatorim-in-universuri-paralele-mintea-noastra-e-o-gaura-de-vierme\/","og_site_name":"Secretele lui Lovendal","article_publisher":"https:\/\/www.facebook.com\/secreteleluilovendal","article_published_time":"2011-12-21T09:28:37+00:00","og_image":[{"width":301,"height":233,"url":"https:\/\/www.lovendal.ro\/wp52\/wp-content\/uploads\/2011\/12\/vis-fantastic.jpg","type":"image\/jpeg"}],"author":"admin","twitter_card":"summary_large_image","twitter_misc":{"Scris de":"admin","Timp estimat pentru citire":"3 minute"},"schema":{"@context":"https:\/\/schema.org","@graph":[{"@type":"Article","@id":"https:\/\/www.lovendal.ro\/wp52\/atunci-cand-visam-noi-de-fapt-calatorim-in-universuri-paralele-mintea-noastra-e-o-gaura-de-vierme\/#article","isPartOf":{"@id":"https:\/\/www.lovendal.ro\/wp52\/atunci-cand-visam-noi-de-fapt-calatorim-in-universuri-paralele-mintea-noastra-e-o-gaura-de-vierme\/"},"author":{"name":"admin","@id":"https:\/\/www.lovendal.ro\/wp52\/#\/schema\/person\/088691de5dfc346bb0c023e1e52ef5d9"},"headline":"Atunci c\u00e2nd vis\u0103m, noi, de fapt, c\u0103l\u0103torim \u00een Universuri paralele&#8230; Mintea noastr\u0103 e o &#8222;gaur\u0103 de vierme&#8221;?","datePublished":"2011-12-21T09:28:37+00:00","mainEntityOfPage":{"@id":"https:\/\/www.lovendal.ro\/wp52\/atunci-cand-visam-noi-de-fapt-calatorim-in-universuri-paralele-mintea-noastra-e-o-gaura-de-vierme\/"},"wordCount":612,"commentCount":47,"publisher":{"@id":"https:\/\/www.lovendal.ro\/wp52\/#organization"},"image":{"@id":"https:\/\/www.lovendal.ro\/wp52\/atunci-cand-visam-noi-de-fapt-calatorim-in-universuri-paralele-mintea-noastra-e-o-gaura-de-vierme\/#primaryimage"},"thumbnailUrl":"https:\/\/www.lovendal.ro\/wp52\/wp-content\/uploads\/2011\/12\/vis-fantastic.jpg","keywords":["c\u0103l\u0103toria \u00een timp","creier","g\u00e2nd","gaur\u0103 de vierme","imagina\u0163ie","minte","Paranormal-Spiritualitate","subcon\u015ftient","univers paralel","vis","viteza luminii"],"articleSection":["Paranormal-Spiritualitate"],"inLanguage":"ro-RO","potentialAction":[{"@type":"CommentAction","name":"Comment","target":["https:\/\/www.lovendal.ro\/wp52\/atunci-cand-visam-noi-de-fapt-calatorim-in-universuri-paralele-mintea-noastra-e-o-gaura-de-vierme\/#respond"]}]},{"@type":"WebPage","@id":"https:\/\/www.lovendal.ro\/wp52\/atunci-cand-visam-noi-de-fapt-calatorim-in-universuri-paralele-mintea-noastra-e-o-gaura-de-vierme\/","url":"https:\/\/www.lovendal.ro\/wp52\/atunci-cand-visam-noi-de-fapt-calatorim-in-universuri-paralele-mintea-noastra-e-o-gaura-de-vierme\/","name":"Atunci c\u00e2nd vis\u0103m, noi, de fapt, c\u0103l\u0103torim \u00een Universuri paralele... Mintea noastr\u0103 e o \"gaur\u0103 de vierme\"? - Secretele lui Lovendal","isPartOf":{"@id":"https:\/\/www.lovendal.ro\/wp52\/#website"},"primaryImageOfPage":{"@id":"https:\/\/www.lovendal.ro\/wp52\/atunci-cand-visam-noi-de-fapt-calatorim-in-universuri-paralele-mintea-noastra-e-o-gaura-de-vierme\/#primaryimage"},"image":{"@id":"https:\/\/www.lovendal.ro\/wp52\/atunci-cand-visam-noi-de-fapt-calatorim-in-universuri-paralele-mintea-noastra-e-o-gaura-de-vierme\/#primaryimage"},"thumbnailUrl":"https:\/\/www.lovendal.ro\/wp52\/wp-content\/uploads\/2011\/12\/vis-fantastic.jpg","datePublished":"2011-12-21T09:28:37+00:00","breadcrumb":{"@id":"https:\/\/www.lovendal.ro\/wp52\/atunci-cand-visam-noi-de-fapt-calatorim-in-universuri-paralele-mintea-noastra-e-o-gaura-de-vierme\/#breadcrumb"},"inLanguage":"ro-RO","potentialAction":[{"@type":"ReadAction","target":["https:\/\/www.lovendal.ro\/wp52\/atunci-cand-visam-noi-de-fapt-calatorim-in-universuri-paralele-mintea-noastra-e-o-gaura-de-vierme\/"]}]},{"@type":"ImageObject","inLanguage":"ro-RO","@id":"https:\/\/www.lovendal.ro\/wp52\/atunci-cand-visam-noi-de-fapt-calatorim-in-universuri-paralele-mintea-noastra-e-o-gaura-de-vierme\/#primaryimage","url":"https:\/\/www.lovendal.ro\/wp52\/wp-content\/uploads\/2011\/12\/vis-fantastic.jpg","contentUrl":"https:\/\/www.lovendal.ro\/wp52\/wp-content\/uploads\/2011\/12\/vis-fantastic.jpg","width":"301","height":"233"},{"@type":"BreadcrumbList","@id":"https:\/\/www.lovendal.ro\/wp52\/atunci-cand-visam-noi-de-fapt-calatorim-in-universuri-paralele-mintea-noastra-e-o-gaura-de-vierme\/#breadcrumb","itemListElement":[{"@type":"ListItem","position":1,"name":"Home","item":"https:\/\/www.lovendal.ro\/wp52\/"},{"@type":"ListItem","position":2,"name":"Atunci c\u00e2nd vis\u0103m, noi, de fapt, c\u0103l\u0103torim \u00een Universuri paralele&#8230; Mintea noastr\u0103 e o &#8222;gaur\u0103 de vierme&#8221;?"}]},{"@type":"WebSite","@id":"https:\/\/www.lovendal.ro\/wp52\/#website","url":"https:\/\/www.lovendal.ro\/wp52\/","name":"Secretele lui Lovendal","description":"Site de secrete, stiinta si metafizica - din 2008 -","publisher":{"@id":"https:\/\/www.lovendal.ro\/wp52\/#organization"},"potentialAction":[{"@type":"SearchAction","target":{"@type":"EntryPoint","urlTemplate":"https:\/\/www.lovendal.ro\/wp52\/?s={search_term_string}"},"query-input":{"@type":"PropertyValueSpecification","valueRequired":true,"valueName":"search_term_string"}}],"inLanguage":"ro-RO"},{"@type":"Organization","@id":"https:\/\/www.lovendal.ro\/wp52\/#organization","name":"Secretele lui Lovendal","url":"https:\/\/www.lovendal.ro\/wp52\/","logo":{"@type":"ImageObject","inLanguage":"ro-RO","@id":"https:\/\/www.lovendal.ro\/wp52\/#\/schema\/logo\/image\/","url":"https:\/\/www.lovendal.ro\/wp52\/wp-content\/uploads\/2024\/06\/cropped-SLL-iun-2024-1.jpg","contentUrl":"https:\/\/www.lovendal.ro\/wp52\/wp-content\/uploads\/2024\/06\/cropped-SLL-iun-2024-1.jpg","width":771,"height":240,"caption":"Secretele lui Lovendal"},"image":{"@id":"https:\/\/www.lovendal.ro\/wp52\/#\/schema\/logo\/image\/"},"sameAs":["https:\/\/www.facebook.com\/secreteleluilovendal"]},{"@type":"Person","@id":"https:\/\/www.lovendal.ro\/wp52\/#\/schema\/person\/088691de5dfc346bb0c023e1e52ef5d9","name":"admin","image":{"@type":"ImageObject","inLanguage":"ro-RO","@id":"https:\/\/secure.gravatar.com\/avatar\/ecb9cd41f5f63c9c9b989999a59f6e2639a865ec361e9db054db0679a8f341c2?s=96&d=mm&r=g","url":"https:\/\/secure.gravatar.com\/avatar\/ecb9cd41f5f63c9c9b989999a59f6e2639a865ec361e9db054db0679a8f341c2?s=96&d=mm&r=g","contentUrl":"https:\/\/secure.gravatar.com\/avatar\/ecb9cd41f5f63c9c9b989999a59f6e2639a865ec361e9db054db0679a8f341c2?s=96&d=mm&r=g","caption":"admin"},"sameAs":["https:\/\/www.lovendal.ro\/wp52"]}]}},"_links":{"self":[{"href":"https:\/\/www.lovendal.ro\/wp52\/wp-json\/wp\/v2\/posts\/21451","targetHints":{"allow":["GET"]}}],"collection":[{"href":"https:\/\/www.lovendal.ro\/wp52\/wp-json\/wp\/v2\/posts"}],"about":[{"href":"https:\/\/www.lovendal.ro\/wp52\/wp-json\/wp\/v2\/types\/post"}],"author":[{"embeddable":true,"href":"https:\/\/www.lovendal.ro\/wp52\/wp-json\/wp\/v2\/users\/1"}],"replies":[{"embeddable":true,"href":"https:\/\/www.lovendal.ro\/wp52\/wp-json\/wp\/v2\/comments?post=21451"}],"version-history":[{"count":0,"href":"https:\/\/www.lovendal.ro\/wp52\/wp-json\/wp\/v2\/posts\/21451\/revisions"}],"wp:featuredmedia":[{"embeddable":true,"href":"https:\/\/www.lovendal.ro\/wp52\/wp-json\/wp\/v2\/media\/21452"}],"wp:attachment":[{"href":"https:\/\/www.lovendal.ro\/wp52\/wp-json\/wp\/v2\/media?parent=21451"}],"wp:term":[{"taxonomy":"category","embeddable":true,"href":"https:\/\/www.lovendal.ro\/wp52\/wp-json\/wp\/v2\/categories?post=21451"},{"taxonomy":"post_tag","embeddable":true,"href":"https:\/\/www.lovendal.ro\/wp52\/wp-json\/wp\/v2\/tags?post=21451"}],"curies":[{"name":"wp","href":"https:\/\/api.w.org\/{rel}","templated":true}]}}