{"id":21433,"date":"2011-12-20T16:57:18","date_gmt":"2011-12-20T14:57:18","guid":{"rendered":"http:\/\/www.lovendal.net\/wp52\/?p=21433"},"modified":"2011-12-29T07:14:55","modified_gmt":"2011-12-29T05:14:55","slug":"un-nor-sinuciga%c8%99-de-gaz-se-indreapta-spre-uriasa-gaura-neagra-din-centrul-galaxiei-noastre","status":"publish","type":"post","link":"https:\/\/www.lovendal.ro\/wp52\/un-nor-sinuciga%c8%99-de-gaz-se-indreapta-spre-uriasa-gaura-neagra-din-centrul-galaxiei-noastre\/","title":{"rendered":"Un nor sinuciga\u0219 de gaz se \u00eendreapt\u0103 spre uria\u015fa gaur\u0103 neagr\u0103 din centrul galaxiei noastre"},"content":{"rendered":"<p><a href=\"https:\/\/www.lovendal.ro\/wp52\/wp-content\/uploads\/2011\/12\/nor-sinucigas.jpg\"><img loading=\"lazy\" decoding=\"async\" class=\"alignleft size-full wp-image-21435\" title=\"nor sinucigas\" src=\"https:\/\/www.lovendal.ro\/wp52\/wp-content\/uploads\/2011\/12\/nor-sinucigas.jpg\" alt=\"\" width=\"300\" height=\"229\" \/><\/a>Gigantul somnoros din centrul C\u0103ii Lactee este pe cale de a se trezi. Un nor sinuciga\u0219 de gaz se \u00eendreapt\u0103 spre gaura neagr\u0103 supermasiv\u0103 din centrul galaxiei noastre, fiind probabil \u00eenghi\u0163it de gaura neagr\u0103, acest lucru gener\u00e2nd fl\u0103c\u0103ri imense de radia\u0163ii, \u015fi explic\u00e2nd astfel de ce gaura neagr\u0103 este \u00een mod normal at\u00e2t de lini\u015ftit\u0103. &#8222;Norul apocaliptic&#8221; a fost surprins de c\u0103tre astronomi.<\/p>\n<p><em>&#8222;Observ\u0103m centrul galactic de 20 de ani, \u00een special pentru a observa mi\u015fcarea stelelor&#8221;<\/em>, spune Reinhard Genzel de la Institutul pentru Fizic\u0103 Extraterestr\u0103 Max Planck din Garching, Germania. Colegul lui Genzel, Stefan Gillessen, a observat norul \u00een imaginile surprinse de marele telescop din Chile,\u00a0 \u00een martie 2011. Este un nor dens neobi\u0219nuit, nu mai mare dec\u00e2t sistemul nostru solar \u0219i av\u00e2nd de trei ori masa P\u0103m\u00e2ntului.<\/p>\n<p>Echipa \u0219i-a dat seama c\u0103 norul apare, de asemenea, \u0219i \u00een alte imagini anterioare, lucrul acesta f\u0103c\u00e2nd posibil\u0103 determinarea traiectoriei \u0219i a vitezei. Astfel, s-a determinat c\u0103 norul se mi\u0219c\u0103 cu circa 2.500 kms spre gaura neagr\u0103 a galaxiei noastre. Cum noi suntem situa\u021bi la circa 26.000 de ani-lumin\u0103 fa\u021b\u0103 de centrul galaxiei, se pare c\u0103 acest eveniment a avut loc \u00een urm\u0103 cu 26.000 de ani \u00een urm\u0103. \u00cen anul 2013, norul sinuciga\u0219 va putea fi observat cel mai bine.<\/p>\n","protected":false},"excerpt":{"rendered":"<p>Gigantul somnoros din centrul C\u0103ii Lactee este pe cale de a se trezi. Un nor sinuciga\u0219 de gaz se \u00eendreapt\u0103 spre gaura neagr\u0103 supermasiv\u0103 din centrul galaxiei noastre, fiind probabil \u00eenghi\u0163it de gaura neagr\u0103, acest lucru gener\u00e2nd fl\u0103c\u0103ri imense de &#8230; <\/p>\n<p class=\"read-more-container\"><a title=\"Un nor sinuciga\u0219 de gaz se \u00eendreapt\u0103 spre uria\u015fa gaur\u0103 neagr\u0103 din centrul galaxiei noastre\" class=\"read-more button\" href=\"https:\/\/www.lovendal.ro\/wp52\/un-nor-sinuciga%c8%99-de-gaz-se-indreapta-spre-uriasa-gaura-neagra-din-centrul-galaxiei-noastre\/#more-21433\" aria-label=\"Cite\u0219te mai multe despre Un nor sinuciga\u0219 de gaz se \u00eendreapt\u0103 spre uria\u015fa gaur\u0103 neagr\u0103 din centrul galaxiei noastre\">Cititi mai multe<\/a><\/p>\n","protected":false},"author":1,"featured_media":21435,"comment_status":"open","ping_status":"closed","sticky":false,"template":"","format":"standard","meta":{"footnotes":""},"categories":[106],"tags":[102,1405,2547,433,596,203,1238,3287,9803,434],"class_list":["post-21433","post","type-post","status-publish","format-standard","has-post-thumbnail","hentry","category-stiinta","tag-astronomie","tag-calea-lactee","tag-chile","tag-galaxie","tag-gaura-neagra","tag-germania","tag-nor","tag-sistemul-solar","tag-stiinta","tag-telescop","resize-featured-image"],"yoast_head":"<!-- This site is optimized with the Yoast SEO Premium plugin v23.3 (Yoast SEO v27.4) - https:\/\/yoast.com\/product\/yoast-seo-premium-wordpress\/ -->\n<title>Un nor sinuciga\u0219 de gaz se \u00eendreapt\u0103 spre uria\u015fa gaur\u0103 neagr\u0103 din centrul galaxiei noastre - Secretele lui Lovendal<\/title>\n<meta name=\"robots\" content=\"index, follow, max-snippet:-1, max-image-preview:large, max-video-preview:-1\" \/>\n<link rel=\"canonical\" href=\"https:\/\/www.lovendal.ro\/wp52\/un-nor-sinuciga\u0219-de-gaz-se-indreapta-spre-uriasa-gaura-neagra-din-centrul-galaxiei-noastre\/\" \/>\n<meta property=\"og:locale\" content=\"ro_RO\" \/>\n<meta property=\"og:type\" content=\"article\" \/>\n<meta property=\"og:title\" content=\"Un nor sinuciga\u0219 de gaz se \u00eendreapt\u0103 spre uria\u015fa gaur\u0103 neagr\u0103 din centrul galaxiei noastre\" \/>\n<meta property=\"og:description\" content=\"Gigantul somnoros din centrul C\u0103ii Lactee este pe cale de a se trezi. Un nor sinuciga\u0219 de gaz se \u00eendreapt\u0103 spre gaura neagr\u0103 supermasiv\u0103 din centrul galaxiei noastre, fiind probabil \u00eenghi\u0163it de gaura neagr\u0103, acest lucru gener\u00e2nd fl\u0103c\u0103ri imense de ... Cititi mai multe\" \/>\n<meta property=\"og:url\" content=\"https:\/\/www.lovendal.ro\/wp52\/un-nor-sinuciga\u0219-de-gaz-se-indreapta-spre-uriasa-gaura-neagra-din-centrul-galaxiei-noastre\/\" \/>\n<meta property=\"og:site_name\" content=\"Secretele lui Lovendal\" \/>\n<meta property=\"article:publisher\" content=\"https:\/\/www.facebook.com\/secreteleluilovendal\" \/>\n<meta property=\"article:published_time\" content=\"2011-12-20T14:57:18+00:00\" \/>\n<meta property=\"article:modified_time\" content=\"2011-12-29T05:14:55+00:00\" \/>\n<meta property=\"og:image\" content=\"https:\/\/www.lovendal.ro\/wp52\/wp-content\/uploads\/2011\/12\/nor-sinucigas.jpg\" \/>\n\t<meta property=\"og:image:width\" content=\"300\" \/>\n\t<meta property=\"og:image:height\" content=\"229\" \/>\n\t<meta property=\"og:image:type\" content=\"image\/jpeg\" \/>\n<meta name=\"author\" content=\"admin\" \/>\n<meta name=\"twitter:card\" content=\"summary_large_image\" \/>\n<meta name=\"twitter:label1\" content=\"Scris de\" \/>\n\t<meta name=\"twitter:data1\" content=\"admin\" \/>\n\t<meta name=\"twitter:label2\" content=\"Timp estimat pentru citire\" \/>\n\t<meta name=\"twitter:data2\" content=\"1 minut\" \/>\n<script type=\"application\/ld+json\" class=\"yoast-schema-graph\">{\"@context\":\"https:\\\/\\\/schema.org\",\"@graph\":[{\"@type\":\"Article\",\"@id\":\"https:\\\/\\\/www.lovendal.ro\\\/wp52\\\/un-nor-sinuciga%c8%99-de-gaz-se-indreapta-spre-uriasa-gaura-neagra-din-centrul-galaxiei-noastre\\\/#article\",\"isPartOf\":{\"@id\":\"https:\\\/\\\/www.lovendal.ro\\\/wp52\\\/un-nor-sinuciga%c8%99-de-gaz-se-indreapta-spre-uriasa-gaura-neagra-din-centrul-galaxiei-noastre\\\/\"},\"author\":{\"name\":\"admin\",\"@id\":\"https:\\\/\\\/www.lovendal.ro\\\/wp52\\\/#\\\/schema\\\/person\\\/088691de5dfc346bb0c023e1e52ef5d9\"},\"headline\":\"Un nor sinuciga\u0219 de gaz se \u00eendreapt\u0103 spre uria\u015fa gaur\u0103 neagr\u0103 din centrul galaxiei noastre\",\"datePublished\":\"2011-12-20T14:57:18+00:00\",\"dateModified\":\"2011-12-29T05:14:55+00:00\",\"mainEntityOfPage\":{\"@id\":\"https:\\\/\\\/www.lovendal.ro\\\/wp52\\\/un-nor-sinuciga%c8%99-de-gaz-se-indreapta-spre-uriasa-gaura-neagra-din-centrul-galaxiei-noastre\\\/\"},\"wordCount\":241,\"commentCount\":6,\"publisher\":{\"@id\":\"https:\\\/\\\/www.lovendal.ro\\\/wp52\\\/#organization\"},\"image\":{\"@id\":\"https:\\\/\\\/www.lovendal.ro\\\/wp52\\\/un-nor-sinuciga%c8%99-de-gaz-se-indreapta-spre-uriasa-gaura-neagra-din-centrul-galaxiei-noastre\\\/#primaryimage\"},\"thumbnailUrl\":\"https:\\\/\\\/www.lovendal.ro\\\/wp52\\\/wp-content\\\/uploads\\\/2011\\\/12\\\/nor-sinucigas.jpg\",\"keywords\":[\"astronomie\",\"Calea Lactee\",\"Chile\",\"galaxie\",\"gaura neagr\u0103\",\"Germania\",\"nor\",\"sistemul solar\",\"Stiinta\",\"telescop\"],\"articleSection\":[\"Stiinta\"],\"inLanguage\":\"ro-RO\",\"potentialAction\":[{\"@type\":\"CommentAction\",\"name\":\"Comment\",\"target\":[\"https:\\\/\\\/www.lovendal.ro\\\/wp52\\\/un-nor-sinuciga%c8%99-de-gaz-se-indreapta-spre-uriasa-gaura-neagra-din-centrul-galaxiei-noastre\\\/#respond\"]}]},{\"@type\":\"WebPage\",\"@id\":\"https:\\\/\\\/www.lovendal.ro\\\/wp52\\\/un-nor-sinuciga%c8%99-de-gaz-se-indreapta-spre-uriasa-gaura-neagra-din-centrul-galaxiei-noastre\\\/\",\"url\":\"https:\\\/\\\/www.lovendal.ro\\\/wp52\\\/un-nor-sinuciga%c8%99-de-gaz-se-indreapta-spre-uriasa-gaura-neagra-din-centrul-galaxiei-noastre\\\/\",\"name\":\"Un nor sinuciga\u0219 de gaz se \u00eendreapt\u0103 spre uria\u015fa gaur\u0103 neagr\u0103 din centrul galaxiei noastre - Secretele lui Lovendal\",\"isPartOf\":{\"@id\":\"https:\\\/\\\/www.lovendal.ro\\\/wp52\\\/#website\"},\"primaryImageOfPage\":{\"@id\":\"https:\\\/\\\/www.lovendal.ro\\\/wp52\\\/un-nor-sinuciga%c8%99-de-gaz-se-indreapta-spre-uriasa-gaura-neagra-din-centrul-galaxiei-noastre\\\/#primaryimage\"},\"image\":{\"@id\":\"https:\\\/\\\/www.lovendal.ro\\\/wp52\\\/un-nor-sinuciga%c8%99-de-gaz-se-indreapta-spre-uriasa-gaura-neagra-din-centrul-galaxiei-noastre\\\/#primaryimage\"},\"thumbnailUrl\":\"https:\\\/\\\/www.lovendal.ro\\\/wp52\\\/wp-content\\\/uploads\\\/2011\\\/12\\\/nor-sinucigas.jpg\",\"datePublished\":\"2011-12-20T14:57:18+00:00\",\"dateModified\":\"2011-12-29T05:14:55+00:00\",\"breadcrumb\":{\"@id\":\"https:\\\/\\\/www.lovendal.ro\\\/wp52\\\/un-nor-sinuciga%c8%99-de-gaz-se-indreapta-spre-uriasa-gaura-neagra-din-centrul-galaxiei-noastre\\\/#breadcrumb\"},\"inLanguage\":\"ro-RO\",\"potentialAction\":[{\"@type\":\"ReadAction\",\"target\":[\"https:\\\/\\\/www.lovendal.ro\\\/wp52\\\/un-nor-sinuciga%c8%99-de-gaz-se-indreapta-spre-uriasa-gaura-neagra-din-centrul-galaxiei-noastre\\\/\"]}]},{\"@type\":\"ImageObject\",\"inLanguage\":\"ro-RO\",\"@id\":\"https:\\\/\\\/www.lovendal.ro\\\/wp52\\\/un-nor-sinuciga%c8%99-de-gaz-se-indreapta-spre-uriasa-gaura-neagra-din-centrul-galaxiei-noastre\\\/#primaryimage\",\"url\":\"https:\\\/\\\/www.lovendal.ro\\\/wp52\\\/wp-content\\\/uploads\\\/2011\\\/12\\\/nor-sinucigas.jpg\",\"contentUrl\":\"https:\\\/\\\/www.lovendal.ro\\\/wp52\\\/wp-content\\\/uploads\\\/2011\\\/12\\\/nor-sinucigas.jpg\",\"width\":\"300\",\"height\":\"229\"},{\"@type\":\"BreadcrumbList\",\"@id\":\"https:\\\/\\\/www.lovendal.ro\\\/wp52\\\/un-nor-sinuciga%c8%99-de-gaz-se-indreapta-spre-uriasa-gaura-neagra-din-centrul-galaxiei-noastre\\\/#breadcrumb\",\"itemListElement\":[{\"@type\":\"ListItem\",\"position\":1,\"name\":\"Home\",\"item\":\"https:\\\/\\\/www.lovendal.ro\\\/wp52\\\/\"},{\"@type\":\"ListItem\",\"position\":2,\"name\":\"Un nor sinuciga\u0219 de gaz se \u00eendreapt\u0103 spre uria\u015fa gaur\u0103 neagr\u0103 din centrul galaxiei noastre\"}]},{\"@type\":\"WebSite\",\"@id\":\"https:\\\/\\\/www.lovendal.ro\\\/wp52\\\/#website\",\"url\":\"https:\\\/\\\/www.lovendal.ro\\\/wp52\\\/\",\"name\":\"Secretele lui Lovendal\",\"description\":\"Site de secrete, stiinta si metafizica - din 2008 -\",\"publisher\":{\"@id\":\"https:\\\/\\\/www.lovendal.ro\\\/wp52\\\/#organization\"},\"potentialAction\":[{\"@type\":\"SearchAction\",\"target\":{\"@type\":\"EntryPoint\",\"urlTemplate\":\"https:\\\/\\\/www.lovendal.ro\\\/wp52\\\/?s={search_term_string}\"},\"query-input\":{\"@type\":\"PropertyValueSpecification\",\"valueRequired\":true,\"valueName\":\"search_term_string\"}}],\"inLanguage\":\"ro-RO\"},{\"@type\":\"Organization\",\"@id\":\"https:\\\/\\\/www.lovendal.ro\\\/wp52\\\/#organization\",\"name\":\"Secretele lui Lovendal\",\"url\":\"https:\\\/\\\/www.lovendal.ro\\\/wp52\\\/\",\"logo\":{\"@type\":\"ImageObject\",\"inLanguage\":\"ro-RO\",\"@id\":\"https:\\\/\\\/www.lovendal.ro\\\/wp52\\\/#\\\/schema\\\/logo\\\/image\\\/\",\"url\":\"https:\\\/\\\/www.lovendal.ro\\\/wp52\\\/wp-content\\\/uploads\\\/2024\\\/06\\\/cropped-SLL-iun-2024-1.jpg\",\"contentUrl\":\"https:\\\/\\\/www.lovendal.ro\\\/wp52\\\/wp-content\\\/uploads\\\/2024\\\/06\\\/cropped-SLL-iun-2024-1.jpg\",\"width\":771,\"height\":240,\"caption\":\"Secretele lui Lovendal\"},\"image\":{\"@id\":\"https:\\\/\\\/www.lovendal.ro\\\/wp52\\\/#\\\/schema\\\/logo\\\/image\\\/\"},\"sameAs\":[\"https:\\\/\\\/www.facebook.com\\\/secreteleluilovendal\"]},{\"@type\":\"Person\",\"@id\":\"https:\\\/\\\/www.lovendal.ro\\\/wp52\\\/#\\\/schema\\\/person\\\/088691de5dfc346bb0c023e1e52ef5d9\",\"name\":\"admin\",\"image\":{\"@type\":\"ImageObject\",\"inLanguage\":\"ro-RO\",\"@id\":\"https:\\\/\\\/secure.gravatar.com\\\/avatar\\\/ecb9cd41f5f63c9c9b989999a59f6e2639a865ec361e9db054db0679a8f341c2?s=96&d=mm&r=g\",\"url\":\"https:\\\/\\\/secure.gravatar.com\\\/avatar\\\/ecb9cd41f5f63c9c9b989999a59f6e2639a865ec361e9db054db0679a8f341c2?s=96&d=mm&r=g\",\"contentUrl\":\"https:\\\/\\\/secure.gravatar.com\\\/avatar\\\/ecb9cd41f5f63c9c9b989999a59f6e2639a865ec361e9db054db0679a8f341c2?s=96&d=mm&r=g\",\"caption\":\"admin\"},\"sameAs\":[\"https:\\\/\\\/www.lovendal.ro\\\/wp52\"]}]}<\/script>\n<!-- \/ Yoast SEO Premium plugin. -->","yoast_head_json":{"title":"Un nor sinuciga\u0219 de gaz se \u00eendreapt\u0103 spre uria\u015fa gaur\u0103 neagr\u0103 din centrul galaxiei noastre - Secretele lui Lovendal","robots":{"index":"index","follow":"follow","max-snippet":"max-snippet:-1","max-image-preview":"max-image-preview:large","max-video-preview":"max-video-preview:-1"},"canonical":"https:\/\/www.lovendal.ro\/wp52\/un-nor-sinuciga\u0219-de-gaz-se-indreapta-spre-uriasa-gaura-neagra-din-centrul-galaxiei-noastre\/","og_locale":"ro_RO","og_type":"article","og_title":"Un nor sinuciga\u0219 de gaz se \u00eendreapt\u0103 spre uria\u015fa gaur\u0103 neagr\u0103 din centrul galaxiei noastre","og_description":"Gigantul somnoros din centrul C\u0103ii Lactee este pe cale de a se trezi. Un nor sinuciga\u0219 de gaz se \u00eendreapt\u0103 spre gaura neagr\u0103 supermasiv\u0103 din centrul galaxiei noastre, fiind probabil \u00eenghi\u0163it de gaura neagr\u0103, acest lucru gener\u00e2nd fl\u0103c\u0103ri imense de ... Cititi mai multe","og_url":"https:\/\/www.lovendal.ro\/wp52\/un-nor-sinuciga\u0219-de-gaz-se-indreapta-spre-uriasa-gaura-neagra-din-centrul-galaxiei-noastre\/","og_site_name":"Secretele lui Lovendal","article_publisher":"https:\/\/www.facebook.com\/secreteleluilovendal","article_published_time":"2011-12-20T14:57:18+00:00","article_modified_time":"2011-12-29T05:14:55+00:00","og_image":[{"width":300,"height":229,"url":"https:\/\/www.lovendal.ro\/wp52\/wp-content\/uploads\/2011\/12\/nor-sinucigas.jpg","type":"image\/jpeg"}],"author":"admin","twitter_card":"summary_large_image","twitter_misc":{"Scris de":"admin","Timp estimat pentru citire":"1 minut"},"schema":{"@context":"https:\/\/schema.org","@graph":[{"@type":"Article","@id":"https:\/\/www.lovendal.ro\/wp52\/un-nor-sinuciga%c8%99-de-gaz-se-indreapta-spre-uriasa-gaura-neagra-din-centrul-galaxiei-noastre\/#article","isPartOf":{"@id":"https:\/\/www.lovendal.ro\/wp52\/un-nor-sinuciga%c8%99-de-gaz-se-indreapta-spre-uriasa-gaura-neagra-din-centrul-galaxiei-noastre\/"},"author":{"name":"admin","@id":"https:\/\/www.lovendal.ro\/wp52\/#\/schema\/person\/088691de5dfc346bb0c023e1e52ef5d9"},"headline":"Un nor sinuciga\u0219 de gaz se \u00eendreapt\u0103 spre uria\u015fa gaur\u0103 neagr\u0103 din centrul galaxiei noastre","datePublished":"2011-12-20T14:57:18+00:00","dateModified":"2011-12-29T05:14:55+00:00","mainEntityOfPage":{"@id":"https:\/\/www.lovendal.ro\/wp52\/un-nor-sinuciga%c8%99-de-gaz-se-indreapta-spre-uriasa-gaura-neagra-din-centrul-galaxiei-noastre\/"},"wordCount":241,"commentCount":6,"publisher":{"@id":"https:\/\/www.lovendal.ro\/wp52\/#organization"},"image":{"@id":"https:\/\/www.lovendal.ro\/wp52\/un-nor-sinuciga%c8%99-de-gaz-se-indreapta-spre-uriasa-gaura-neagra-din-centrul-galaxiei-noastre\/#primaryimage"},"thumbnailUrl":"https:\/\/www.lovendal.ro\/wp52\/wp-content\/uploads\/2011\/12\/nor-sinucigas.jpg","keywords":["astronomie","Calea Lactee","Chile","galaxie","gaura neagr\u0103","Germania","nor","sistemul solar","Stiinta","telescop"],"articleSection":["Stiinta"],"inLanguage":"ro-RO","potentialAction":[{"@type":"CommentAction","name":"Comment","target":["https:\/\/www.lovendal.ro\/wp52\/un-nor-sinuciga%c8%99-de-gaz-se-indreapta-spre-uriasa-gaura-neagra-din-centrul-galaxiei-noastre\/#respond"]}]},{"@type":"WebPage","@id":"https:\/\/www.lovendal.ro\/wp52\/un-nor-sinuciga%c8%99-de-gaz-se-indreapta-spre-uriasa-gaura-neagra-din-centrul-galaxiei-noastre\/","url":"https:\/\/www.lovendal.ro\/wp52\/un-nor-sinuciga%c8%99-de-gaz-se-indreapta-spre-uriasa-gaura-neagra-din-centrul-galaxiei-noastre\/","name":"Un nor sinuciga\u0219 de gaz se \u00eendreapt\u0103 spre uria\u015fa gaur\u0103 neagr\u0103 din centrul galaxiei noastre - Secretele lui Lovendal","isPartOf":{"@id":"https:\/\/www.lovendal.ro\/wp52\/#website"},"primaryImageOfPage":{"@id":"https:\/\/www.lovendal.ro\/wp52\/un-nor-sinuciga%c8%99-de-gaz-se-indreapta-spre-uriasa-gaura-neagra-din-centrul-galaxiei-noastre\/#primaryimage"},"image":{"@id":"https:\/\/www.lovendal.ro\/wp52\/un-nor-sinuciga%c8%99-de-gaz-se-indreapta-spre-uriasa-gaura-neagra-din-centrul-galaxiei-noastre\/#primaryimage"},"thumbnailUrl":"https:\/\/www.lovendal.ro\/wp52\/wp-content\/uploads\/2011\/12\/nor-sinucigas.jpg","datePublished":"2011-12-20T14:57:18+00:00","dateModified":"2011-12-29T05:14:55+00:00","breadcrumb":{"@id":"https:\/\/www.lovendal.ro\/wp52\/un-nor-sinuciga%c8%99-de-gaz-se-indreapta-spre-uriasa-gaura-neagra-din-centrul-galaxiei-noastre\/#breadcrumb"},"inLanguage":"ro-RO","potentialAction":[{"@type":"ReadAction","target":["https:\/\/www.lovendal.ro\/wp52\/un-nor-sinuciga%c8%99-de-gaz-se-indreapta-spre-uriasa-gaura-neagra-din-centrul-galaxiei-noastre\/"]}]},{"@type":"ImageObject","inLanguage":"ro-RO","@id":"https:\/\/www.lovendal.ro\/wp52\/un-nor-sinuciga%c8%99-de-gaz-se-indreapta-spre-uriasa-gaura-neagra-din-centrul-galaxiei-noastre\/#primaryimage","url":"https:\/\/www.lovendal.ro\/wp52\/wp-content\/uploads\/2011\/12\/nor-sinucigas.jpg","contentUrl":"https:\/\/www.lovendal.ro\/wp52\/wp-content\/uploads\/2011\/12\/nor-sinucigas.jpg","width":"300","height":"229"},{"@type":"BreadcrumbList","@id":"https:\/\/www.lovendal.ro\/wp52\/un-nor-sinuciga%c8%99-de-gaz-se-indreapta-spre-uriasa-gaura-neagra-din-centrul-galaxiei-noastre\/#breadcrumb","itemListElement":[{"@type":"ListItem","position":1,"name":"Home","item":"https:\/\/www.lovendal.ro\/wp52\/"},{"@type":"ListItem","position":2,"name":"Un nor sinuciga\u0219 de gaz se \u00eendreapt\u0103 spre uria\u015fa gaur\u0103 neagr\u0103 din centrul galaxiei noastre"}]},{"@type":"WebSite","@id":"https:\/\/www.lovendal.ro\/wp52\/#website","url":"https:\/\/www.lovendal.ro\/wp52\/","name":"Secretele lui Lovendal","description":"Site de secrete, stiinta si metafizica - din 2008 -","publisher":{"@id":"https:\/\/www.lovendal.ro\/wp52\/#organization"},"potentialAction":[{"@type":"SearchAction","target":{"@type":"EntryPoint","urlTemplate":"https:\/\/www.lovendal.ro\/wp52\/?s={search_term_string}"},"query-input":{"@type":"PropertyValueSpecification","valueRequired":true,"valueName":"search_term_string"}}],"inLanguage":"ro-RO"},{"@type":"Organization","@id":"https:\/\/www.lovendal.ro\/wp52\/#organization","name":"Secretele lui Lovendal","url":"https:\/\/www.lovendal.ro\/wp52\/","logo":{"@type":"ImageObject","inLanguage":"ro-RO","@id":"https:\/\/www.lovendal.ro\/wp52\/#\/schema\/logo\/image\/","url":"https:\/\/www.lovendal.ro\/wp52\/wp-content\/uploads\/2024\/06\/cropped-SLL-iun-2024-1.jpg","contentUrl":"https:\/\/www.lovendal.ro\/wp52\/wp-content\/uploads\/2024\/06\/cropped-SLL-iun-2024-1.jpg","width":771,"height":240,"caption":"Secretele lui Lovendal"},"image":{"@id":"https:\/\/www.lovendal.ro\/wp52\/#\/schema\/logo\/image\/"},"sameAs":["https:\/\/www.facebook.com\/secreteleluilovendal"]},{"@type":"Person","@id":"https:\/\/www.lovendal.ro\/wp52\/#\/schema\/person\/088691de5dfc346bb0c023e1e52ef5d9","name":"admin","image":{"@type":"ImageObject","inLanguage":"ro-RO","@id":"https:\/\/secure.gravatar.com\/avatar\/ecb9cd41f5f63c9c9b989999a59f6e2639a865ec361e9db054db0679a8f341c2?s=96&d=mm&r=g","url":"https:\/\/secure.gravatar.com\/avatar\/ecb9cd41f5f63c9c9b989999a59f6e2639a865ec361e9db054db0679a8f341c2?s=96&d=mm&r=g","contentUrl":"https:\/\/secure.gravatar.com\/avatar\/ecb9cd41f5f63c9c9b989999a59f6e2639a865ec361e9db054db0679a8f341c2?s=96&d=mm&r=g","caption":"admin"},"sameAs":["https:\/\/www.lovendal.ro\/wp52"]}]}},"_links":{"self":[{"href":"https:\/\/www.lovendal.ro\/wp52\/wp-json\/wp\/v2\/posts\/21433","targetHints":{"allow":["GET"]}}],"collection":[{"href":"https:\/\/www.lovendal.ro\/wp52\/wp-json\/wp\/v2\/posts"}],"about":[{"href":"https:\/\/www.lovendal.ro\/wp52\/wp-json\/wp\/v2\/types\/post"}],"author":[{"embeddable":true,"href":"https:\/\/www.lovendal.ro\/wp52\/wp-json\/wp\/v2\/users\/1"}],"replies":[{"embeddable":true,"href":"https:\/\/www.lovendal.ro\/wp52\/wp-json\/wp\/v2\/comments?post=21433"}],"version-history":[{"count":0,"href":"https:\/\/www.lovendal.ro\/wp52\/wp-json\/wp\/v2\/posts\/21433\/revisions"}],"wp:featuredmedia":[{"embeddable":true,"href":"https:\/\/www.lovendal.ro\/wp52\/wp-json\/wp\/v2\/media\/21435"}],"wp:attachment":[{"href":"https:\/\/www.lovendal.ro\/wp52\/wp-json\/wp\/v2\/media?parent=21433"}],"wp:term":[{"taxonomy":"category","embeddable":true,"href":"https:\/\/www.lovendal.ro\/wp52\/wp-json\/wp\/v2\/categories?post=21433"},{"taxonomy":"post_tag","embeddable":true,"href":"https:\/\/www.lovendal.ro\/wp52\/wp-json\/wp\/v2\/tags?post=21433"}],"curies":[{"name":"wp","href":"https:\/\/api.w.org\/{rel}","templated":true}]}}