{"id":20749,"date":"2011-10-31T21:15:26","date_gmt":"2011-10-31T18:15:26","guid":{"rendered":"http:\/\/www.lovendal.net\/wp52\/?p=20749"},"modified":"2011-10-31T21:15:26","modified_gmt":"2011-10-31T18:15:26","slug":"daca-consiliului-mayas-itza-nu-i-se-va-permite-o-ceremonie-la-piramidele-de-la-chichen-itza-pe-21-decembrie-2012-va-veni-apocalipsa-pe-pamant","status":"publish","type":"post","link":"https:\/\/www.lovendal.ro\/wp52\/daca-consiliului-mayas-itza-nu-i-se-va-permite-o-ceremonie-la-piramidele-de-la-chichen-itza-pe-21-decembrie-2012-va-veni-apocalipsa-pe-pamant\/","title":{"rendered":"Dac\u0103 Consiliului Maya\u015f Itza nu i se va permite o ceremonie la piramidele de la Chichen Itza pe 21 decembrie 2012, va veni Apocalipsa pe P\u0103m\u00e2nt"},"content":{"rendered":"<p><a href=\"https:\/\/www.lovendal.ro\/wp52\/wp-content\/uploads\/2011\/10\/2012ChichenItza.jpg\"><img loading=\"lazy\" decoding=\"async\" class=\"alignleft size-full wp-image-20750\" title=\"2012ChichenItza\" src=\"https:\/\/www.lovendal.ro\/wp52\/wp-content\/uploads\/2011\/10\/2012ChichenItza.jpg\" alt=\"\" width=\"297\" height=\"203\" \/><\/a>Consiliul Maya\u015f Itza (The Itza Mayan Council) a confirmat faptul c\u0103 \u00eenc\u0103 dou\u0103 codice maya\u015fe au fost ad\u0103ugate mo\u015ftenirii culturale a lumii, anun\u0163\u0103 site-ul <a href=\"http:\/\/www.in5d.com\/1000-mayan-codices-discovered-in-museum-basement.html\" target=\"_blank\"><strong>In5d.com<\/strong><\/a>. Consiliul a studiat aceste codice de 10 ani, iar pentru a le demonstra autenticitatea, ele au fost datate cu carbon radioactiv \u00een jurul anilor 1300 \u015fi autentificate de dou\u0103 universit\u0103\u0163i diferite. Unul din codice se nume\u015fte Windcall Codex \u015fi are 13 pagini. Pe prima pagin\u0103 a codexului, sunt prezenta\u0163i cinci maya\u015fi realiz\u00e2nd o ceremonie, prin care sunt \u0163inute cinci cranii de cristal. Cristalele apar \u00een \u00eentreg codexul, p\u00e2n\u0103 \u00een ultima pagin\u0103, acolo unde apare o transformare \u00een Chichen Itza.<\/p>\n<p>Conform lui Hunbatz Men, seniorul maya\u015filor, aceste codice au fost descoperite \u00eentr-un muzeu din Los Angeles. Hunbatz l-a rugat pe Drunvalo Melchizedek, profesor de spiritualitate \u00een cultura maya\u015f\u0103, s\u0103 ob\u0163in\u0103 codicele originale de la muzeu, dar a fost refuzat datorit\u0103 noilor legi ale muzeelor. Totu\u015fi, cu aceast\u0103 ocazie, directorul muzeului l-a informat pe Melchizedek c\u0103 \u00een subsolul institu\u0163iei se afl\u0103 peste 1.000 de codice originale, neexploarate \u00eenc\u0103, \u015fi care apar\u0163in colec\u0163iei lui Randolph  Hurst, din anii 1920. S-a ob\u0163inut acordul ca 75.000 de pagini din cele 1.000 de codice s\u0103 fie fotografiate \u015fi analizate de exper\u0163ii maya\u015fi.<\/p>\n<p>\u00cen general se crede c\u0103 toate calendarele maya\u015fe au fost folosite pentru a \u00eenregistra ciclurile de timp. Drunvalo spune c\u0103 ciclul maya\u015f actual chiar se termin\u0103 pe 21 decembrie 2012, atunci c\u00e2nd apare alinierea galactic\u0103. Totu\u015fi, aceasta nu \u00eenseamn\u0103 c\u0103 profe\u0163iile maya\u015fe vor avea loc chiar pe data de 21 decembrie 2012; un alt senior al maya\u015filor spune c\u0103<em> &#8222;exist\u0103 o perioad\u0103 de timp \u00een care profe\u0163iile maya\u015fe pot fi \u00eemplinite, \u015fi aceasta se \u00eentinde din octombrie 2007 p\u00e2n\u0103 \u00een decembrie 2015.&#8221;<\/em><\/p>\n<p>Ce este mai uimitor e faptul c\u0103 guvernul mexican nu va permite Consiliului Itza o ceremonie pe 21 decembrie 2012 la piramidele de la Chichen Itza. Din punct de vedere al maya\u015filor, dac\u0103 ei nu fac aceste ceremonii, acest lucru va \u00eensemna sf\u00e2r\u015fitul vie\u0163ii planetei.<\/p>\n","protected":false},"excerpt":{"rendered":"<p>Consiliul Maya\u015f Itza (The Itza Mayan Council) a confirmat faptul c\u0103 \u00eenc\u0103 dou\u0103 codice maya\u015fe au fost ad\u0103ugate mo\u015ftenirii culturale a lumii, anun\u0163\u0103 site-ul In5d.com. Consiliul a studiat aceste codice de 10 ani, iar pentru a le demonstra autenticitatea, ele &#8230; <\/p>\n<p class=\"read-more-container\"><a title=\"Dac\u0103 Consiliului Maya\u015f Itza nu i se va permite o ceremonie la piramidele de la Chichen Itza pe 21 decembrie 2012, va veni Apocalipsa pe P\u0103m\u00e2nt\" class=\"read-more button\" href=\"https:\/\/www.lovendal.ro\/wp52\/daca-consiliului-mayas-itza-nu-i-se-va-permite-o-ceremonie-la-piramidele-de-la-chichen-itza-pe-21-decembrie-2012-va-veni-apocalipsa-pe-pamant\/#more-20749\" aria-label=\"Cite\u0219te mai multe despre Dac\u0103 Consiliului Maya\u015f Itza nu i se va permite o ceremonie la piramidele de la Chichen Itza pe 21 decembrie 2012, va veni Apocalipsa pe P\u0103m\u00e2nt\">Cititi mai multe<\/a><\/p>\n","protected":false},"author":1,"featured_media":20750,"comment_status":"open","ping_status":"closed","sticky":false,"template":"","format":"standard","meta":{"footnotes":""},"categories":[14],"tags":[1017,4665,4029,489,268,9796,130,1124],"class_list":["post-20749","post","type-post","status-publish","format-standard","has-post-thumbnail","hentry","category-paranormal-spiritualitate","tag-1017","tag-chichen-itza","tag-los-angeles","tag-mayasi","tag-muzeu","tag-paranormal-spiritualitate","tag-piramide","tag-sfarsitul-lumii","resize-featured-image"],"yoast_head":"<!-- This site is optimized with the Yoast SEO Premium plugin v23.3 (Yoast SEO v27.4) - https:\/\/yoast.com\/product\/yoast-seo-premium-wordpress\/ -->\n<title>Dac\u0103 Consiliului Maya\u015f Itza nu i se va permite o ceremonie la piramidele de la Chichen Itza pe 21 decembrie 2012, va veni Apocalipsa pe P\u0103m\u00e2nt  - Secretele lui Lovendal<\/title>\n<meta name=\"robots\" content=\"index, follow, max-snippet:-1, max-image-preview:large, max-video-preview:-1\" \/>\n<link rel=\"canonical\" href=\"https:\/\/www.lovendal.ro\/wp52\/daca-consiliului-mayas-itza-nu-i-se-va-permite-o-ceremonie-la-piramidele-de-la-chichen-itza-pe-21-decembrie-2012-va-veni-apocalipsa-pe-pamant\/\" \/>\n<meta property=\"og:locale\" content=\"ro_RO\" \/>\n<meta property=\"og:type\" content=\"article\" \/>\n<meta property=\"og:title\" content=\"Dac\u0103 Consiliului Maya\u015f Itza nu i se va permite o ceremonie la piramidele de la Chichen Itza pe 21 decembrie 2012, va veni Apocalipsa pe P\u0103m\u00e2nt\" \/>\n<meta property=\"og:description\" content=\"Consiliul Maya\u015f Itza (The Itza Mayan Council) a confirmat faptul c\u0103 \u00eenc\u0103 dou\u0103 codice maya\u015fe au fost ad\u0103ugate mo\u015ftenirii culturale a lumii, anun\u0163\u0103 site-ul In5d.com. Consiliul a studiat aceste codice de 10 ani, iar pentru a le demonstra autenticitatea, ele ... Cititi mai multe\" \/>\n<meta property=\"og:url\" content=\"https:\/\/www.lovendal.ro\/wp52\/daca-consiliului-mayas-itza-nu-i-se-va-permite-o-ceremonie-la-piramidele-de-la-chichen-itza-pe-21-decembrie-2012-va-veni-apocalipsa-pe-pamant\/\" \/>\n<meta property=\"og:site_name\" content=\"Secretele lui Lovendal\" \/>\n<meta property=\"article:publisher\" content=\"https:\/\/www.facebook.com\/secreteleluilovendal\" \/>\n<meta property=\"article:published_time\" content=\"2011-10-31T18:15:26+00:00\" \/>\n<meta property=\"og:image\" content=\"https:\/\/www.lovendal.ro\/wp52\/wp-content\/uploads\/2011\/10\/2012ChichenItza.jpg\" \/>\n\t<meta property=\"og:image:width\" content=\"297\" \/>\n\t<meta property=\"og:image:height\" content=\"203\" \/>\n\t<meta property=\"og:image:type\" content=\"image\/jpeg\" \/>\n<meta name=\"author\" content=\"admin\" \/>\n<meta name=\"twitter:card\" content=\"summary_large_image\" \/>\n<meta name=\"twitter:label1\" content=\"Scris de\" \/>\n\t<meta name=\"twitter:data1\" content=\"admin\" \/>\n\t<meta name=\"twitter:label2\" content=\"Timp estimat pentru citire\" \/>\n\t<meta name=\"twitter:data2\" content=\"2 minute\" \/>\n<script type=\"application\/ld+json\" class=\"yoast-schema-graph\">{\"@context\":\"https:\\\/\\\/schema.org\",\"@graph\":[{\"@type\":\"Article\",\"@id\":\"https:\\\/\\\/www.lovendal.ro\\\/wp52\\\/daca-consiliului-mayas-itza-nu-i-se-va-permite-o-ceremonie-la-piramidele-de-la-chichen-itza-pe-21-decembrie-2012-va-veni-apocalipsa-pe-pamant\\\/#article\",\"isPartOf\":{\"@id\":\"https:\\\/\\\/www.lovendal.ro\\\/wp52\\\/daca-consiliului-mayas-itza-nu-i-se-va-permite-o-ceremonie-la-piramidele-de-la-chichen-itza-pe-21-decembrie-2012-va-veni-apocalipsa-pe-pamant\\\/\"},\"author\":{\"name\":\"admin\",\"@id\":\"https:\\\/\\\/www.lovendal.ro\\\/wp52\\\/#\\\/schema\\\/person\\\/088691de5dfc346bb0c023e1e52ef5d9\"},\"headline\":\"Dac\u0103 Consiliului Maya\u015f Itza nu i se va permite o ceremonie la piramidele de la Chichen Itza pe 21 decembrie 2012, va veni Apocalipsa pe P\u0103m\u00e2nt\",\"datePublished\":\"2011-10-31T18:15:26+00:00\",\"mainEntityOfPage\":{\"@id\":\"https:\\\/\\\/www.lovendal.ro\\\/wp52\\\/daca-consiliului-mayas-itza-nu-i-se-va-permite-o-ceremonie-la-piramidele-de-la-chichen-itza-pe-21-decembrie-2012-va-veni-apocalipsa-pe-pamant\\\/\"},\"wordCount\":372,\"commentCount\":1,\"publisher\":{\"@id\":\"https:\\\/\\\/www.lovendal.ro\\\/wp52\\\/#organization\"},\"image\":{\"@id\":\"https:\\\/\\\/www.lovendal.ro\\\/wp52\\\/daca-consiliului-mayas-itza-nu-i-se-va-permite-o-ceremonie-la-piramidele-de-la-chichen-itza-pe-21-decembrie-2012-va-veni-apocalipsa-pe-pamant\\\/#primaryimage\"},\"thumbnailUrl\":\"https:\\\/\\\/www.lovendal.ro\\\/wp52\\\/wp-content\\\/uploads\\\/2011\\\/10\\\/2012ChichenItza.jpg\",\"keywords\":[\"2012\",\"Chichen Itza\",\"Los Angeles\",\"maya\u015fi\",\"muzeu\",\"Paranormal-Spiritualitate\",\"piramide\",\"sf\u00e2r\u015fitul lumii\"],\"articleSection\":[\"Paranormal-Spiritualitate\"],\"inLanguage\":\"ro-RO\",\"potentialAction\":[{\"@type\":\"CommentAction\",\"name\":\"Comment\",\"target\":[\"https:\\\/\\\/www.lovendal.ro\\\/wp52\\\/daca-consiliului-mayas-itza-nu-i-se-va-permite-o-ceremonie-la-piramidele-de-la-chichen-itza-pe-21-decembrie-2012-va-veni-apocalipsa-pe-pamant\\\/#respond\"]}]},{\"@type\":\"WebPage\",\"@id\":\"https:\\\/\\\/www.lovendal.ro\\\/wp52\\\/daca-consiliului-mayas-itza-nu-i-se-va-permite-o-ceremonie-la-piramidele-de-la-chichen-itza-pe-21-decembrie-2012-va-veni-apocalipsa-pe-pamant\\\/\",\"url\":\"https:\\\/\\\/www.lovendal.ro\\\/wp52\\\/daca-consiliului-mayas-itza-nu-i-se-va-permite-o-ceremonie-la-piramidele-de-la-chichen-itza-pe-21-decembrie-2012-va-veni-apocalipsa-pe-pamant\\\/\",\"name\":\"Dac\u0103 Consiliului Maya\u015f Itza nu i se va permite o ceremonie la piramidele de la Chichen Itza pe 21 decembrie 2012, va veni Apocalipsa pe P\u0103m\u00e2nt - Secretele lui Lovendal\",\"isPartOf\":{\"@id\":\"https:\\\/\\\/www.lovendal.ro\\\/wp52\\\/#website\"},\"primaryImageOfPage\":{\"@id\":\"https:\\\/\\\/www.lovendal.ro\\\/wp52\\\/daca-consiliului-mayas-itza-nu-i-se-va-permite-o-ceremonie-la-piramidele-de-la-chichen-itza-pe-21-decembrie-2012-va-veni-apocalipsa-pe-pamant\\\/#primaryimage\"},\"image\":{\"@id\":\"https:\\\/\\\/www.lovendal.ro\\\/wp52\\\/daca-consiliului-mayas-itza-nu-i-se-va-permite-o-ceremonie-la-piramidele-de-la-chichen-itza-pe-21-decembrie-2012-va-veni-apocalipsa-pe-pamant\\\/#primaryimage\"},\"thumbnailUrl\":\"https:\\\/\\\/www.lovendal.ro\\\/wp52\\\/wp-content\\\/uploads\\\/2011\\\/10\\\/2012ChichenItza.jpg\",\"datePublished\":\"2011-10-31T18:15:26+00:00\",\"breadcrumb\":{\"@id\":\"https:\\\/\\\/www.lovendal.ro\\\/wp52\\\/daca-consiliului-mayas-itza-nu-i-se-va-permite-o-ceremonie-la-piramidele-de-la-chichen-itza-pe-21-decembrie-2012-va-veni-apocalipsa-pe-pamant\\\/#breadcrumb\"},\"inLanguage\":\"ro-RO\",\"potentialAction\":[{\"@type\":\"ReadAction\",\"target\":[\"https:\\\/\\\/www.lovendal.ro\\\/wp52\\\/daca-consiliului-mayas-itza-nu-i-se-va-permite-o-ceremonie-la-piramidele-de-la-chichen-itza-pe-21-decembrie-2012-va-veni-apocalipsa-pe-pamant\\\/\"]}]},{\"@type\":\"ImageObject\",\"inLanguage\":\"ro-RO\",\"@id\":\"https:\\\/\\\/www.lovendal.ro\\\/wp52\\\/daca-consiliului-mayas-itza-nu-i-se-va-permite-o-ceremonie-la-piramidele-de-la-chichen-itza-pe-21-decembrie-2012-va-veni-apocalipsa-pe-pamant\\\/#primaryimage\",\"url\":\"https:\\\/\\\/www.lovendal.ro\\\/wp52\\\/wp-content\\\/uploads\\\/2011\\\/10\\\/2012ChichenItza.jpg\",\"contentUrl\":\"https:\\\/\\\/www.lovendal.ro\\\/wp52\\\/wp-content\\\/uploads\\\/2011\\\/10\\\/2012ChichenItza.jpg\",\"width\":\"297\",\"height\":\"203\"},{\"@type\":\"BreadcrumbList\",\"@id\":\"https:\\\/\\\/www.lovendal.ro\\\/wp52\\\/daca-consiliului-mayas-itza-nu-i-se-va-permite-o-ceremonie-la-piramidele-de-la-chichen-itza-pe-21-decembrie-2012-va-veni-apocalipsa-pe-pamant\\\/#breadcrumb\",\"itemListElement\":[{\"@type\":\"ListItem\",\"position\":1,\"name\":\"Home\",\"item\":\"https:\\\/\\\/www.lovendal.ro\\\/wp52\\\/\"},{\"@type\":\"ListItem\",\"position\":2,\"name\":\"Dac\u0103 Consiliului Maya\u015f Itza nu i se va permite o ceremonie la piramidele de la Chichen Itza pe 21 decembrie 2012, va veni Apocalipsa pe P\u0103m\u00e2nt\"}]},{\"@type\":\"WebSite\",\"@id\":\"https:\\\/\\\/www.lovendal.ro\\\/wp52\\\/#website\",\"url\":\"https:\\\/\\\/www.lovendal.ro\\\/wp52\\\/\",\"name\":\"Secretele lui Lovendal\",\"description\":\"Site de secrete, stiinta si metafizica - din 2008 -\",\"publisher\":{\"@id\":\"https:\\\/\\\/www.lovendal.ro\\\/wp52\\\/#organization\"},\"potentialAction\":[{\"@type\":\"SearchAction\",\"target\":{\"@type\":\"EntryPoint\",\"urlTemplate\":\"https:\\\/\\\/www.lovendal.ro\\\/wp52\\\/?s={search_term_string}\"},\"query-input\":{\"@type\":\"PropertyValueSpecification\",\"valueRequired\":true,\"valueName\":\"search_term_string\"}}],\"inLanguage\":\"ro-RO\"},{\"@type\":\"Organization\",\"@id\":\"https:\\\/\\\/www.lovendal.ro\\\/wp52\\\/#organization\",\"name\":\"Secretele lui Lovendal\",\"url\":\"https:\\\/\\\/www.lovendal.ro\\\/wp52\\\/\",\"logo\":{\"@type\":\"ImageObject\",\"inLanguage\":\"ro-RO\",\"@id\":\"https:\\\/\\\/www.lovendal.ro\\\/wp52\\\/#\\\/schema\\\/logo\\\/image\\\/\",\"url\":\"https:\\\/\\\/www.lovendal.ro\\\/wp52\\\/wp-content\\\/uploads\\\/2024\\\/06\\\/cropped-SLL-iun-2024-1.jpg\",\"contentUrl\":\"https:\\\/\\\/www.lovendal.ro\\\/wp52\\\/wp-content\\\/uploads\\\/2024\\\/06\\\/cropped-SLL-iun-2024-1.jpg\",\"width\":771,\"height\":240,\"caption\":\"Secretele lui Lovendal\"},\"image\":{\"@id\":\"https:\\\/\\\/www.lovendal.ro\\\/wp52\\\/#\\\/schema\\\/logo\\\/image\\\/\"},\"sameAs\":[\"https:\\\/\\\/www.facebook.com\\\/secreteleluilovendal\"]},{\"@type\":\"Person\",\"@id\":\"https:\\\/\\\/www.lovendal.ro\\\/wp52\\\/#\\\/schema\\\/person\\\/088691de5dfc346bb0c023e1e52ef5d9\",\"name\":\"admin\",\"image\":{\"@type\":\"ImageObject\",\"inLanguage\":\"ro-RO\",\"@id\":\"https:\\\/\\\/secure.gravatar.com\\\/avatar\\\/ecb9cd41f5f63c9c9b989999a59f6e2639a865ec361e9db054db0679a8f341c2?s=96&d=mm&r=g\",\"url\":\"https:\\\/\\\/secure.gravatar.com\\\/avatar\\\/ecb9cd41f5f63c9c9b989999a59f6e2639a865ec361e9db054db0679a8f341c2?s=96&d=mm&r=g\",\"contentUrl\":\"https:\\\/\\\/secure.gravatar.com\\\/avatar\\\/ecb9cd41f5f63c9c9b989999a59f6e2639a865ec361e9db054db0679a8f341c2?s=96&d=mm&r=g\",\"caption\":\"admin\"},\"sameAs\":[\"https:\\\/\\\/www.lovendal.ro\\\/wp52\"]}]}<\/script>\n<!-- \/ Yoast SEO Premium plugin. -->","yoast_head_json":{"title":"Dac\u0103 Consiliului Maya\u015f Itza nu i se va permite o ceremonie la piramidele de la Chichen Itza pe 21 decembrie 2012, va veni Apocalipsa pe P\u0103m\u00e2nt  - Secretele lui Lovendal","robots":{"index":"index","follow":"follow","max-snippet":"max-snippet:-1","max-image-preview":"max-image-preview:large","max-video-preview":"max-video-preview:-1"},"canonical":"https:\/\/www.lovendal.ro\/wp52\/daca-consiliului-mayas-itza-nu-i-se-va-permite-o-ceremonie-la-piramidele-de-la-chichen-itza-pe-21-decembrie-2012-va-veni-apocalipsa-pe-pamant\/","og_locale":"ro_RO","og_type":"article","og_title":"Dac\u0103 Consiliului Maya\u015f Itza nu i se va permite o ceremonie la piramidele de la Chichen Itza pe 21 decembrie 2012, va veni Apocalipsa pe P\u0103m\u00e2nt","og_description":"Consiliul Maya\u015f Itza (The Itza Mayan Council) a confirmat faptul c\u0103 \u00eenc\u0103 dou\u0103 codice maya\u015fe au fost ad\u0103ugate mo\u015ftenirii culturale a lumii, anun\u0163\u0103 site-ul In5d.com. Consiliul a studiat aceste codice de 10 ani, iar pentru a le demonstra autenticitatea, ele ... Cititi mai multe","og_url":"https:\/\/www.lovendal.ro\/wp52\/daca-consiliului-mayas-itza-nu-i-se-va-permite-o-ceremonie-la-piramidele-de-la-chichen-itza-pe-21-decembrie-2012-va-veni-apocalipsa-pe-pamant\/","og_site_name":"Secretele lui Lovendal","article_publisher":"https:\/\/www.facebook.com\/secreteleluilovendal","article_published_time":"2011-10-31T18:15:26+00:00","og_image":[{"width":297,"height":203,"url":"https:\/\/www.lovendal.ro\/wp52\/wp-content\/uploads\/2011\/10\/2012ChichenItza.jpg","type":"image\/jpeg"}],"author":"admin","twitter_card":"summary_large_image","twitter_misc":{"Scris de":"admin","Timp estimat pentru citire":"2 minute"},"schema":{"@context":"https:\/\/schema.org","@graph":[{"@type":"Article","@id":"https:\/\/www.lovendal.ro\/wp52\/daca-consiliului-mayas-itza-nu-i-se-va-permite-o-ceremonie-la-piramidele-de-la-chichen-itza-pe-21-decembrie-2012-va-veni-apocalipsa-pe-pamant\/#article","isPartOf":{"@id":"https:\/\/www.lovendal.ro\/wp52\/daca-consiliului-mayas-itza-nu-i-se-va-permite-o-ceremonie-la-piramidele-de-la-chichen-itza-pe-21-decembrie-2012-va-veni-apocalipsa-pe-pamant\/"},"author":{"name":"admin","@id":"https:\/\/www.lovendal.ro\/wp52\/#\/schema\/person\/088691de5dfc346bb0c023e1e52ef5d9"},"headline":"Dac\u0103 Consiliului Maya\u015f Itza nu i se va permite o ceremonie la piramidele de la Chichen Itza pe 21 decembrie 2012, va veni Apocalipsa pe P\u0103m\u00e2nt","datePublished":"2011-10-31T18:15:26+00:00","mainEntityOfPage":{"@id":"https:\/\/www.lovendal.ro\/wp52\/daca-consiliului-mayas-itza-nu-i-se-va-permite-o-ceremonie-la-piramidele-de-la-chichen-itza-pe-21-decembrie-2012-va-veni-apocalipsa-pe-pamant\/"},"wordCount":372,"commentCount":1,"publisher":{"@id":"https:\/\/www.lovendal.ro\/wp52\/#organization"},"image":{"@id":"https:\/\/www.lovendal.ro\/wp52\/daca-consiliului-mayas-itza-nu-i-se-va-permite-o-ceremonie-la-piramidele-de-la-chichen-itza-pe-21-decembrie-2012-va-veni-apocalipsa-pe-pamant\/#primaryimage"},"thumbnailUrl":"https:\/\/www.lovendal.ro\/wp52\/wp-content\/uploads\/2011\/10\/2012ChichenItza.jpg","keywords":["2012","Chichen Itza","Los Angeles","maya\u015fi","muzeu","Paranormal-Spiritualitate","piramide","sf\u00e2r\u015fitul lumii"],"articleSection":["Paranormal-Spiritualitate"],"inLanguage":"ro-RO","potentialAction":[{"@type":"CommentAction","name":"Comment","target":["https:\/\/www.lovendal.ro\/wp52\/daca-consiliului-mayas-itza-nu-i-se-va-permite-o-ceremonie-la-piramidele-de-la-chichen-itza-pe-21-decembrie-2012-va-veni-apocalipsa-pe-pamant\/#respond"]}]},{"@type":"WebPage","@id":"https:\/\/www.lovendal.ro\/wp52\/daca-consiliului-mayas-itza-nu-i-se-va-permite-o-ceremonie-la-piramidele-de-la-chichen-itza-pe-21-decembrie-2012-va-veni-apocalipsa-pe-pamant\/","url":"https:\/\/www.lovendal.ro\/wp52\/daca-consiliului-mayas-itza-nu-i-se-va-permite-o-ceremonie-la-piramidele-de-la-chichen-itza-pe-21-decembrie-2012-va-veni-apocalipsa-pe-pamant\/","name":"Dac\u0103 Consiliului Maya\u015f Itza nu i se va permite o ceremonie la piramidele de la Chichen Itza pe 21 decembrie 2012, va veni Apocalipsa pe P\u0103m\u00e2nt - Secretele lui Lovendal","isPartOf":{"@id":"https:\/\/www.lovendal.ro\/wp52\/#website"},"primaryImageOfPage":{"@id":"https:\/\/www.lovendal.ro\/wp52\/daca-consiliului-mayas-itza-nu-i-se-va-permite-o-ceremonie-la-piramidele-de-la-chichen-itza-pe-21-decembrie-2012-va-veni-apocalipsa-pe-pamant\/#primaryimage"},"image":{"@id":"https:\/\/www.lovendal.ro\/wp52\/daca-consiliului-mayas-itza-nu-i-se-va-permite-o-ceremonie-la-piramidele-de-la-chichen-itza-pe-21-decembrie-2012-va-veni-apocalipsa-pe-pamant\/#primaryimage"},"thumbnailUrl":"https:\/\/www.lovendal.ro\/wp52\/wp-content\/uploads\/2011\/10\/2012ChichenItza.jpg","datePublished":"2011-10-31T18:15:26+00:00","breadcrumb":{"@id":"https:\/\/www.lovendal.ro\/wp52\/daca-consiliului-mayas-itza-nu-i-se-va-permite-o-ceremonie-la-piramidele-de-la-chichen-itza-pe-21-decembrie-2012-va-veni-apocalipsa-pe-pamant\/#breadcrumb"},"inLanguage":"ro-RO","potentialAction":[{"@type":"ReadAction","target":["https:\/\/www.lovendal.ro\/wp52\/daca-consiliului-mayas-itza-nu-i-se-va-permite-o-ceremonie-la-piramidele-de-la-chichen-itza-pe-21-decembrie-2012-va-veni-apocalipsa-pe-pamant\/"]}]},{"@type":"ImageObject","inLanguage":"ro-RO","@id":"https:\/\/www.lovendal.ro\/wp52\/daca-consiliului-mayas-itza-nu-i-se-va-permite-o-ceremonie-la-piramidele-de-la-chichen-itza-pe-21-decembrie-2012-va-veni-apocalipsa-pe-pamant\/#primaryimage","url":"https:\/\/www.lovendal.ro\/wp52\/wp-content\/uploads\/2011\/10\/2012ChichenItza.jpg","contentUrl":"https:\/\/www.lovendal.ro\/wp52\/wp-content\/uploads\/2011\/10\/2012ChichenItza.jpg","width":"297","height":"203"},{"@type":"BreadcrumbList","@id":"https:\/\/www.lovendal.ro\/wp52\/daca-consiliului-mayas-itza-nu-i-se-va-permite-o-ceremonie-la-piramidele-de-la-chichen-itza-pe-21-decembrie-2012-va-veni-apocalipsa-pe-pamant\/#breadcrumb","itemListElement":[{"@type":"ListItem","position":1,"name":"Home","item":"https:\/\/www.lovendal.ro\/wp52\/"},{"@type":"ListItem","position":2,"name":"Dac\u0103 Consiliului Maya\u015f Itza nu i se va permite o ceremonie la piramidele de la Chichen Itza pe 21 decembrie 2012, va veni Apocalipsa pe P\u0103m\u00e2nt"}]},{"@type":"WebSite","@id":"https:\/\/www.lovendal.ro\/wp52\/#website","url":"https:\/\/www.lovendal.ro\/wp52\/","name":"Secretele lui Lovendal","description":"Site de secrete, stiinta si metafizica - din 2008 -","publisher":{"@id":"https:\/\/www.lovendal.ro\/wp52\/#organization"},"potentialAction":[{"@type":"SearchAction","target":{"@type":"EntryPoint","urlTemplate":"https:\/\/www.lovendal.ro\/wp52\/?s={search_term_string}"},"query-input":{"@type":"PropertyValueSpecification","valueRequired":true,"valueName":"search_term_string"}}],"inLanguage":"ro-RO"},{"@type":"Organization","@id":"https:\/\/www.lovendal.ro\/wp52\/#organization","name":"Secretele lui Lovendal","url":"https:\/\/www.lovendal.ro\/wp52\/","logo":{"@type":"ImageObject","inLanguage":"ro-RO","@id":"https:\/\/www.lovendal.ro\/wp52\/#\/schema\/logo\/image\/","url":"https:\/\/www.lovendal.ro\/wp52\/wp-content\/uploads\/2024\/06\/cropped-SLL-iun-2024-1.jpg","contentUrl":"https:\/\/www.lovendal.ro\/wp52\/wp-content\/uploads\/2024\/06\/cropped-SLL-iun-2024-1.jpg","width":771,"height":240,"caption":"Secretele lui Lovendal"},"image":{"@id":"https:\/\/www.lovendal.ro\/wp52\/#\/schema\/logo\/image\/"},"sameAs":["https:\/\/www.facebook.com\/secreteleluilovendal"]},{"@type":"Person","@id":"https:\/\/www.lovendal.ro\/wp52\/#\/schema\/person\/088691de5dfc346bb0c023e1e52ef5d9","name":"admin","image":{"@type":"ImageObject","inLanguage":"ro-RO","@id":"https:\/\/secure.gravatar.com\/avatar\/ecb9cd41f5f63c9c9b989999a59f6e2639a865ec361e9db054db0679a8f341c2?s=96&d=mm&r=g","url":"https:\/\/secure.gravatar.com\/avatar\/ecb9cd41f5f63c9c9b989999a59f6e2639a865ec361e9db054db0679a8f341c2?s=96&d=mm&r=g","contentUrl":"https:\/\/secure.gravatar.com\/avatar\/ecb9cd41f5f63c9c9b989999a59f6e2639a865ec361e9db054db0679a8f341c2?s=96&d=mm&r=g","caption":"admin"},"sameAs":["https:\/\/www.lovendal.ro\/wp52"]}]}},"_links":{"self":[{"href":"https:\/\/www.lovendal.ro\/wp52\/wp-json\/wp\/v2\/posts\/20749","targetHints":{"allow":["GET"]}}],"collection":[{"href":"https:\/\/www.lovendal.ro\/wp52\/wp-json\/wp\/v2\/posts"}],"about":[{"href":"https:\/\/www.lovendal.ro\/wp52\/wp-json\/wp\/v2\/types\/post"}],"author":[{"embeddable":true,"href":"https:\/\/www.lovendal.ro\/wp52\/wp-json\/wp\/v2\/users\/1"}],"replies":[{"embeddable":true,"href":"https:\/\/www.lovendal.ro\/wp52\/wp-json\/wp\/v2\/comments?post=20749"}],"version-history":[{"count":0,"href":"https:\/\/www.lovendal.ro\/wp52\/wp-json\/wp\/v2\/posts\/20749\/revisions"}],"wp:featuredmedia":[{"embeddable":true,"href":"https:\/\/www.lovendal.ro\/wp52\/wp-json\/wp\/v2\/media\/20750"}],"wp:attachment":[{"href":"https:\/\/www.lovendal.ro\/wp52\/wp-json\/wp\/v2\/media?parent=20749"}],"wp:term":[{"taxonomy":"category","embeddable":true,"href":"https:\/\/www.lovendal.ro\/wp52\/wp-json\/wp\/v2\/categories?post=20749"},{"taxonomy":"post_tag","embeddable":true,"href":"https:\/\/www.lovendal.ro\/wp52\/wp-json\/wp\/v2\/tags?post=20749"}],"curies":[{"name":"wp","href":"https:\/\/api.w.org\/{rel}","templated":true}]}}