{"id":20617,"date":"2020-02-17T19:10:37","date_gmt":"2020-02-17T17:10:37","guid":{"rendered":"http:\/\/www.lovendal.net\/wp52\/?p=20617"},"modified":"2020-02-17T19:21:02","modified_gmt":"2020-02-17T17:21:02","slug":"dar-daca-noi-suntem-de-fapt-diavoli-si-suntem-condamnati-sa-traim-in-acest-iad-numit-pamant","status":"publish","type":"post","link":"https:\/\/www.lovendal.ro\/wp52\/dar-daca-noi-suntem-de-fapt-diavoli-si-suntem-condamnati-sa-traim-in-acest-iad-numit-pamant\/","title":{"rendered":"Dar dac\u0103 noi suntem, de fapt, diavoli \u015fi suntem condamna\u0163i s\u0103 tr\u0103im \u00een acest iad, numit P\u0103m\u00e2nt?"},"content":{"rendered":"<figure id=\"attachment_66837\" aria-describedby=\"caption-attachment-66837\" style=\"width: 340px\" class=\"wp-caption alignleft\"><a href=\"https:\/\/www.lovendal.ro\/wp52\/wp-content\/uploads\/2011\/10\/IAD-FOC.jpg\"><img loading=\"lazy\" decoding=\"async\" class=\"size-full wp-image-66837\" src=\"https:\/\/www.lovendal.ro\/wp52\/wp-content\/uploads\/2011\/10\/IAD-FOC.jpg\" alt=\"\" width=\"350\" height=\"259\" srcset=\"https:\/\/www.lovendal.ro\/wp52\/wp-content\/uploads\/2011\/10\/IAD-FOC.jpg 350w, https:\/\/www.lovendal.ro\/wp52\/wp-content\/uploads\/2011\/10\/IAD-FOC-300x222.jpg 300w, https:\/\/www.lovendal.ro\/wp52\/wp-content\/uploads\/2011\/10\/IAD-FOC-80x60.jpg 80w\" sizes=\"auto, (max-width: 350px) 100vw, 350px\" \/><\/a><figcaption id=\"caption-attachment-66837\" class=\"wp-caption-text\"><strong>Imagine:<\/strong> <a href=\"https:\/\/pixabay.com\/ro\/photos\/incendiu-noapte-lumina-2901807\/\" target=\"_blank\" rel=\"noopener noreferrer\"><strong>pixabay.com<\/strong><\/a> (Commons Creative &#8211; free)<\/figcaption><\/figure>\n<p>P\u0103m\u00e2ntul este un iad lipsit de dumnezeire, iar noi suntem demonii a c\u0103ror suflete au fost prinse \u00een el. Adev\u0103rul brutal conform c\u0103ruia cineva ar fi bun sau frumos e unul pur subiectiv. Totul din lumea aceasta e malefic \u015fi oricine pretinde c\u0103 ar fi ceva bun sau frumos se \u00een\u015feal\u0103 amarnic. Pentru c\u0103 ni se impune s\u0103 vedem lucrurile astfel. Ni se impune s\u0103 vedem doar ceea ce e frumos \u015fi nu partea \u00eentunecat\u0103 a lucrurilor. Ni se refuz\u0103 adev\u0103rul brutal conform c\u0103ruia nimic din aceast\u0103 lume nu e bun sau frumos. Trupurile noastre reprezint\u0103 \u00eenchisoarea sufletelor noastre, \u015fi prin trup suferim \u015fi sim\u0163im durerea&#8230;<\/p>\n<p>Unii vor zice c\u0103 Soarele de pe cer e unul minunat&#8230; \u00een realitate, el ofile\u015fte \u015fi arde oriunde \u00ee\u015fi arunc\u0103 razele. Al\u0163ii zic c\u0103 ploaia este meditativ\u0103 \u015fi lini\u015ftitoare&#8230; de fapt, dac\u0103 e s\u0103 ne lu\u0103m dup\u0103 Bacovia, ploaia inund\u0103 \u015fi \u00eeneac\u0103 lucrurile. Z\u0103pada poate fi pentru unii ceva minunat&#8230; \u00een realitate, ea creeaz\u0103 viscole \u015fi avalan\u015fe, \u00eenghea\u0163\u0103 \u015fi ucide. \u015ei p\u0103s\u0103rile ar fi fiin\u0163e minunate, \u00eens\u0103, dac\u0103 am judeca din perspectiva insectelor (cu care marea majoritate a p\u0103s\u0103rilor se hr\u0103nesc), ele nu ar fi dec\u00e2t ni\u015fte mon\u015ftri \u00eenaripa\u0163i \u015fi carnivori.<\/p>\n<p>R\u0103ul \u015fi lucrurile ur\u00e2te din aceast\u0103 lume malefic\u0103, dep\u0103\u015fesc cu mult binele \u015fi frumosul, astfel \u00eenc\u00e2t a pretinde c\u0103 ceva ar fi bine \u00eenseamn\u0103, de fapt, a tr\u0103i \u00een deziluzie \u015fi negare. De fapt, noi tr\u0103im cu boala, crima, \u00eemb\u0103tr\u00e2nirea, foametea, minciuna, lacrimile, durerea, sinuciderea, \u00een\u015fel\u0103toria, uraganele, genocidul, inunda\u0163iile, nebunia, seceta, accidentele, s\u0103r\u0103cia, cutremurele, erup\u0163iile vulcanice, violul, crimele, pedofilia, incendiul, r\u0103nile, fracturile, c\u0103derile de avioane, traficul de droguri, atacurile cardiace, otr\u0103vurile, avortul, tortura, singur\u0103tatea, grindina, depresia etc. \u015ei, din p\u0103cate, lista este enorm\u0103&#8230;<\/p>\n<p>\u00cen concluzie, sufletele noastre au fost condamnate, iar noi suntem de fapt demonii care suntem prin\u015fi \u00een iadul pe care-l numim P\u0103m\u00e2nt, iar orice evadare de aici este o iluzie, c\u0103ci nici m\u0103car sinuciderea nu ne va sc\u0103pa. Nici moartea nu ne va elibera. Pentru c\u0103, dac\u0103 exist\u0103 re\u00eencarnarea, atunci ne vom na\u015fte din nou \u015fi din nou, iar suferin\u0163a de aici va fi pentru eternitate. Suntem, pur \u015fi simplu, prin\u015fi pe acest P\u0103m\u00e2nt, o \u00eenchisoare malefic\u0103 perfect\u0103, neav\u00e2nd nicio posibilitate de a fugi sau a ne ascunde&#8230;<\/p>\n","protected":false},"excerpt":{"rendered":"<p>P\u0103m\u00e2ntul este un iad lipsit de dumnezeire, iar noi suntem demonii a c\u0103ror suflete au fost prinse \u00een el. Adev\u0103rul brutal conform c\u0103ruia cineva ar fi bun sau frumos e unul pur subiectiv. Totul din lumea aceasta e malefic \u015fi &#8230; <\/p>\n<p class=\"read-more-container\"><a title=\"Dar dac\u0103 noi suntem, de fapt, diavoli \u015fi suntem condamna\u0163i s\u0103 tr\u0103im \u00een acest iad, numit P\u0103m\u00e2nt?\" class=\"read-more button\" href=\"https:\/\/www.lovendal.ro\/wp52\/dar-daca-noi-suntem-de-fapt-diavoli-si-suntem-condamnati-sa-traim-in-acest-iad-numit-pamant\/#more-20617\" aria-label=\"Cite\u0219te mai multe despre Dar dac\u0103 noi suntem, de fapt, diavoli \u015fi suntem condamna\u0163i s\u0103 tr\u0103im \u00een acest iad, numit P\u0103m\u00e2nt?\">Cititi mai multe<\/a><\/p>\n","protected":false},"author":1,"featured_media":66837,"comment_status":"open","ping_status":"closed","sticky":false,"template":"","format":"standard","meta":{"footnotes":""},"categories":[2883],"tags":[4637,4556,9813,1923,108,105,1307,868,681,865,4271,1676,1014,3530],"class_list":["post-20617","post","type-post","status-publish","format-standard","has-post-thumbnail","hentry","category-editorial","tag-bacovia","tag-diavoli","tag-editorial","tag-iad","tag-moarte","tag-pamant","tag-ploaie","tag-reincarnare","tag-sinucidere","tag-soare","tag-suferinta","tag-suflet","tag-trup","tag-zapada","resize-featured-image"],"yoast_head":"<!-- This site is optimized with the Yoast SEO Premium plugin v23.3 (Yoast SEO v27.4) - https:\/\/yoast.com\/product\/yoast-seo-premium-wordpress\/ -->\n<title>Dar dac\u0103 noi suntem, de fapt, diavoli \u015fi suntem condamna\u0163i s\u0103 tr\u0103im \u00een acest iad, numit P\u0103m\u00e2nt? - Secretele lui Lovendal<\/title>\n<meta name=\"robots\" content=\"index, follow, max-snippet:-1, max-image-preview:large, max-video-preview:-1\" \/>\n<link rel=\"canonical\" href=\"https:\/\/www.lovendal.ro\/wp52\/dar-daca-noi-suntem-de-fapt-diavoli-si-suntem-condamnati-sa-traim-in-acest-iad-numit-pamant\/\" \/>\n<meta property=\"og:locale\" content=\"ro_RO\" \/>\n<meta property=\"og:type\" content=\"article\" \/>\n<meta property=\"og:title\" content=\"Dar dac\u0103 noi suntem, de fapt, diavoli \u015fi suntem condamna\u0163i s\u0103 tr\u0103im \u00een acest iad, numit P\u0103m\u00e2nt?\" \/>\n<meta property=\"og:description\" content=\"P\u0103m\u00e2ntul este un iad lipsit de dumnezeire, iar noi suntem demonii a c\u0103ror suflete au fost prinse \u00een el. Adev\u0103rul brutal conform c\u0103ruia cineva ar fi bun sau frumos e unul pur subiectiv. Totul din lumea aceasta e malefic \u015fi ... Cititi mai multe\" \/>\n<meta property=\"og:url\" content=\"https:\/\/www.lovendal.ro\/wp52\/dar-daca-noi-suntem-de-fapt-diavoli-si-suntem-condamnati-sa-traim-in-acest-iad-numit-pamant\/\" \/>\n<meta property=\"og:site_name\" content=\"Secretele lui Lovendal\" \/>\n<meta property=\"article:publisher\" content=\"https:\/\/www.facebook.com\/secreteleluilovendal\" \/>\n<meta property=\"article:published_time\" content=\"2020-02-17T17:10:37+00:00\" \/>\n<meta property=\"article:modified_time\" content=\"2020-02-17T17:21:02+00:00\" \/>\n<meta property=\"og:image\" content=\"https:\/\/www.lovendal.ro\/wp52\/wp-content\/uploads\/2011\/10\/IAD-FOC.jpg\" \/>\n\t<meta property=\"og:image:width\" content=\"350\" \/>\n\t<meta property=\"og:image:height\" content=\"259\" \/>\n\t<meta property=\"og:image:type\" content=\"image\/jpeg\" \/>\n<meta name=\"author\" content=\"admin\" \/>\n<meta name=\"twitter:card\" content=\"summary_large_image\" \/>\n<meta name=\"twitter:label1\" content=\"Scris de\" \/>\n\t<meta name=\"twitter:data1\" content=\"admin\" \/>\n\t<meta name=\"twitter:label2\" content=\"Timp estimat pentru citire\" \/>\n\t<meta name=\"twitter:data2\" content=\"2 minute\" \/>\n<script type=\"application\/ld+json\" class=\"yoast-schema-graph\">{\"@context\":\"https:\\\/\\\/schema.org\",\"@graph\":[{\"@type\":\"Article\",\"@id\":\"https:\\\/\\\/www.lovendal.ro\\\/wp52\\\/dar-daca-noi-suntem-de-fapt-diavoli-si-suntem-condamnati-sa-traim-in-acest-iad-numit-pamant\\\/#article\",\"isPartOf\":{\"@id\":\"https:\\\/\\\/www.lovendal.ro\\\/wp52\\\/dar-daca-noi-suntem-de-fapt-diavoli-si-suntem-condamnati-sa-traim-in-acest-iad-numit-pamant\\\/\"},\"author\":{\"name\":\"admin\",\"@id\":\"https:\\\/\\\/www.lovendal.ro\\\/wp52\\\/#\\\/schema\\\/person\\\/088691de5dfc346bb0c023e1e52ef5d9\"},\"headline\":\"Dar dac\u0103 noi suntem, de fapt, diavoli \u015fi suntem condamna\u0163i s\u0103 tr\u0103im \u00een acest iad, numit P\u0103m\u00e2nt?\",\"datePublished\":\"2020-02-17T17:10:37+00:00\",\"dateModified\":\"2020-02-17T17:21:02+00:00\",\"mainEntityOfPage\":{\"@id\":\"https:\\\/\\\/www.lovendal.ro\\\/wp52\\\/dar-daca-noi-suntem-de-fapt-diavoli-si-suntem-condamnati-sa-traim-in-acest-iad-numit-pamant\\\/\"},\"wordCount\":460,\"commentCount\":36,\"publisher\":{\"@id\":\"https:\\\/\\\/www.lovendal.ro\\\/wp52\\\/#organization\"},\"image\":{\"@id\":\"https:\\\/\\\/www.lovendal.ro\\\/wp52\\\/dar-daca-noi-suntem-de-fapt-diavoli-si-suntem-condamnati-sa-traim-in-acest-iad-numit-pamant\\\/#primaryimage\"},\"thumbnailUrl\":\"https:\\\/\\\/www.lovendal.ro\\\/wp52\\\/wp-content\\\/uploads\\\/2011\\\/10\\\/IAD-FOC.jpg\",\"keywords\":[\"Bacovia\",\"diavoli\",\"Editorial\",\"iad\",\"moarte\",\"P\u0103m\u00e2nt\",\"ploaie\",\"re\u00eencarnare\",\"sinucidere\",\"Soare\",\"suferin\u0163\u0103\",\"suflet\",\"trup\",\"z\u0103pad\u0103\"],\"articleSection\":[\"Editorial\"],\"inLanguage\":\"ro-RO\",\"potentialAction\":[{\"@type\":\"CommentAction\",\"name\":\"Comment\",\"target\":[\"https:\\\/\\\/www.lovendal.ro\\\/wp52\\\/dar-daca-noi-suntem-de-fapt-diavoli-si-suntem-condamnati-sa-traim-in-acest-iad-numit-pamant\\\/#respond\"]}]},{\"@type\":\"WebPage\",\"@id\":\"https:\\\/\\\/www.lovendal.ro\\\/wp52\\\/dar-daca-noi-suntem-de-fapt-diavoli-si-suntem-condamnati-sa-traim-in-acest-iad-numit-pamant\\\/\",\"url\":\"https:\\\/\\\/www.lovendal.ro\\\/wp52\\\/dar-daca-noi-suntem-de-fapt-diavoli-si-suntem-condamnati-sa-traim-in-acest-iad-numit-pamant\\\/\",\"name\":\"Dar dac\u0103 noi suntem, de fapt, diavoli \u015fi suntem condamna\u0163i s\u0103 tr\u0103im \u00een acest iad, numit P\u0103m\u00e2nt? - Secretele lui Lovendal\",\"isPartOf\":{\"@id\":\"https:\\\/\\\/www.lovendal.ro\\\/wp52\\\/#website\"},\"primaryImageOfPage\":{\"@id\":\"https:\\\/\\\/www.lovendal.ro\\\/wp52\\\/dar-daca-noi-suntem-de-fapt-diavoli-si-suntem-condamnati-sa-traim-in-acest-iad-numit-pamant\\\/#primaryimage\"},\"image\":{\"@id\":\"https:\\\/\\\/www.lovendal.ro\\\/wp52\\\/dar-daca-noi-suntem-de-fapt-diavoli-si-suntem-condamnati-sa-traim-in-acest-iad-numit-pamant\\\/#primaryimage\"},\"thumbnailUrl\":\"https:\\\/\\\/www.lovendal.ro\\\/wp52\\\/wp-content\\\/uploads\\\/2011\\\/10\\\/IAD-FOC.jpg\",\"datePublished\":\"2020-02-17T17:10:37+00:00\",\"dateModified\":\"2020-02-17T17:21:02+00:00\",\"breadcrumb\":{\"@id\":\"https:\\\/\\\/www.lovendal.ro\\\/wp52\\\/dar-daca-noi-suntem-de-fapt-diavoli-si-suntem-condamnati-sa-traim-in-acest-iad-numit-pamant\\\/#breadcrumb\"},\"inLanguage\":\"ro-RO\",\"potentialAction\":[{\"@type\":\"ReadAction\",\"target\":[\"https:\\\/\\\/www.lovendal.ro\\\/wp52\\\/dar-daca-noi-suntem-de-fapt-diavoli-si-suntem-condamnati-sa-traim-in-acest-iad-numit-pamant\\\/\"]}]},{\"@type\":\"ImageObject\",\"inLanguage\":\"ro-RO\",\"@id\":\"https:\\\/\\\/www.lovendal.ro\\\/wp52\\\/dar-daca-noi-suntem-de-fapt-diavoli-si-suntem-condamnati-sa-traim-in-acest-iad-numit-pamant\\\/#primaryimage\",\"url\":\"https:\\\/\\\/www.lovendal.ro\\\/wp52\\\/wp-content\\\/uploads\\\/2011\\\/10\\\/IAD-FOC.jpg\",\"contentUrl\":\"https:\\\/\\\/www.lovendal.ro\\\/wp52\\\/wp-content\\\/uploads\\\/2011\\\/10\\\/IAD-FOC.jpg\",\"width\":350,\"height\":259,\"caption\":\"Imagine: pixabay.com (Commons Creative - free)\"},{\"@type\":\"BreadcrumbList\",\"@id\":\"https:\\\/\\\/www.lovendal.ro\\\/wp52\\\/dar-daca-noi-suntem-de-fapt-diavoli-si-suntem-condamnati-sa-traim-in-acest-iad-numit-pamant\\\/#breadcrumb\",\"itemListElement\":[{\"@type\":\"ListItem\",\"position\":1,\"name\":\"Home\",\"item\":\"https:\\\/\\\/www.lovendal.ro\\\/wp52\\\/\"},{\"@type\":\"ListItem\",\"position\":2,\"name\":\"Dar dac\u0103 noi suntem, de fapt, diavoli \u015fi suntem condamna\u0163i s\u0103 tr\u0103im \u00een acest iad, numit P\u0103m\u00e2nt?\"}]},{\"@type\":\"WebSite\",\"@id\":\"https:\\\/\\\/www.lovendal.ro\\\/wp52\\\/#website\",\"url\":\"https:\\\/\\\/www.lovendal.ro\\\/wp52\\\/\",\"name\":\"Secretele lui Lovendal\",\"description\":\"Site de secrete, stiinta si metafizica - din 2008 -\",\"publisher\":{\"@id\":\"https:\\\/\\\/www.lovendal.ro\\\/wp52\\\/#organization\"},\"potentialAction\":[{\"@type\":\"SearchAction\",\"target\":{\"@type\":\"EntryPoint\",\"urlTemplate\":\"https:\\\/\\\/www.lovendal.ro\\\/wp52\\\/?s={search_term_string}\"},\"query-input\":{\"@type\":\"PropertyValueSpecification\",\"valueRequired\":true,\"valueName\":\"search_term_string\"}}],\"inLanguage\":\"ro-RO\"},{\"@type\":\"Organization\",\"@id\":\"https:\\\/\\\/www.lovendal.ro\\\/wp52\\\/#organization\",\"name\":\"Secretele lui Lovendal\",\"url\":\"https:\\\/\\\/www.lovendal.ro\\\/wp52\\\/\",\"logo\":{\"@type\":\"ImageObject\",\"inLanguage\":\"ro-RO\",\"@id\":\"https:\\\/\\\/www.lovendal.ro\\\/wp52\\\/#\\\/schema\\\/logo\\\/image\\\/\",\"url\":\"https:\\\/\\\/www.lovendal.ro\\\/wp52\\\/wp-content\\\/uploads\\\/2024\\\/06\\\/cropped-SLL-iun-2024-1.jpg\",\"contentUrl\":\"https:\\\/\\\/www.lovendal.ro\\\/wp52\\\/wp-content\\\/uploads\\\/2024\\\/06\\\/cropped-SLL-iun-2024-1.jpg\",\"width\":771,\"height\":240,\"caption\":\"Secretele lui Lovendal\"},\"image\":{\"@id\":\"https:\\\/\\\/www.lovendal.ro\\\/wp52\\\/#\\\/schema\\\/logo\\\/image\\\/\"},\"sameAs\":[\"https:\\\/\\\/www.facebook.com\\\/secreteleluilovendal\"]},{\"@type\":\"Person\",\"@id\":\"https:\\\/\\\/www.lovendal.ro\\\/wp52\\\/#\\\/schema\\\/person\\\/088691de5dfc346bb0c023e1e52ef5d9\",\"name\":\"admin\",\"image\":{\"@type\":\"ImageObject\",\"inLanguage\":\"ro-RO\",\"@id\":\"https:\\\/\\\/secure.gravatar.com\\\/avatar\\\/ecb9cd41f5f63c9c9b989999a59f6e2639a865ec361e9db054db0679a8f341c2?s=96&d=mm&r=g\",\"url\":\"https:\\\/\\\/secure.gravatar.com\\\/avatar\\\/ecb9cd41f5f63c9c9b989999a59f6e2639a865ec361e9db054db0679a8f341c2?s=96&d=mm&r=g\",\"contentUrl\":\"https:\\\/\\\/secure.gravatar.com\\\/avatar\\\/ecb9cd41f5f63c9c9b989999a59f6e2639a865ec361e9db054db0679a8f341c2?s=96&d=mm&r=g\",\"caption\":\"admin\"},\"sameAs\":[\"https:\\\/\\\/www.lovendal.ro\\\/wp52\"]}]}<\/script>\n<!-- \/ Yoast SEO Premium plugin. -->","yoast_head_json":{"title":"Dar dac\u0103 noi suntem, de fapt, diavoli \u015fi suntem condamna\u0163i s\u0103 tr\u0103im \u00een acest iad, numit P\u0103m\u00e2nt? - Secretele lui Lovendal","robots":{"index":"index","follow":"follow","max-snippet":"max-snippet:-1","max-image-preview":"max-image-preview:large","max-video-preview":"max-video-preview:-1"},"canonical":"https:\/\/www.lovendal.ro\/wp52\/dar-daca-noi-suntem-de-fapt-diavoli-si-suntem-condamnati-sa-traim-in-acest-iad-numit-pamant\/","og_locale":"ro_RO","og_type":"article","og_title":"Dar dac\u0103 noi suntem, de fapt, diavoli \u015fi suntem condamna\u0163i s\u0103 tr\u0103im \u00een acest iad, numit P\u0103m\u00e2nt?","og_description":"P\u0103m\u00e2ntul este un iad lipsit de dumnezeire, iar noi suntem demonii a c\u0103ror suflete au fost prinse \u00een el. Adev\u0103rul brutal conform c\u0103ruia cineva ar fi bun sau frumos e unul pur subiectiv. Totul din lumea aceasta e malefic \u015fi ... Cititi mai multe","og_url":"https:\/\/www.lovendal.ro\/wp52\/dar-daca-noi-suntem-de-fapt-diavoli-si-suntem-condamnati-sa-traim-in-acest-iad-numit-pamant\/","og_site_name":"Secretele lui Lovendal","article_publisher":"https:\/\/www.facebook.com\/secreteleluilovendal","article_published_time":"2020-02-17T17:10:37+00:00","article_modified_time":"2020-02-17T17:21:02+00:00","og_image":[{"width":350,"height":259,"url":"https:\/\/www.lovendal.ro\/wp52\/wp-content\/uploads\/2011\/10\/IAD-FOC.jpg","type":"image\/jpeg"}],"author":"admin","twitter_card":"summary_large_image","twitter_misc":{"Scris de":"admin","Timp estimat pentru citire":"2 minute"},"schema":{"@context":"https:\/\/schema.org","@graph":[{"@type":"Article","@id":"https:\/\/www.lovendal.ro\/wp52\/dar-daca-noi-suntem-de-fapt-diavoli-si-suntem-condamnati-sa-traim-in-acest-iad-numit-pamant\/#article","isPartOf":{"@id":"https:\/\/www.lovendal.ro\/wp52\/dar-daca-noi-suntem-de-fapt-diavoli-si-suntem-condamnati-sa-traim-in-acest-iad-numit-pamant\/"},"author":{"name":"admin","@id":"https:\/\/www.lovendal.ro\/wp52\/#\/schema\/person\/088691de5dfc346bb0c023e1e52ef5d9"},"headline":"Dar dac\u0103 noi suntem, de fapt, diavoli \u015fi suntem condamna\u0163i s\u0103 tr\u0103im \u00een acest iad, numit P\u0103m\u00e2nt?","datePublished":"2020-02-17T17:10:37+00:00","dateModified":"2020-02-17T17:21:02+00:00","mainEntityOfPage":{"@id":"https:\/\/www.lovendal.ro\/wp52\/dar-daca-noi-suntem-de-fapt-diavoli-si-suntem-condamnati-sa-traim-in-acest-iad-numit-pamant\/"},"wordCount":460,"commentCount":36,"publisher":{"@id":"https:\/\/www.lovendal.ro\/wp52\/#organization"},"image":{"@id":"https:\/\/www.lovendal.ro\/wp52\/dar-daca-noi-suntem-de-fapt-diavoli-si-suntem-condamnati-sa-traim-in-acest-iad-numit-pamant\/#primaryimage"},"thumbnailUrl":"https:\/\/www.lovendal.ro\/wp52\/wp-content\/uploads\/2011\/10\/IAD-FOC.jpg","keywords":["Bacovia","diavoli","Editorial","iad","moarte","P\u0103m\u00e2nt","ploaie","re\u00eencarnare","sinucidere","Soare","suferin\u0163\u0103","suflet","trup","z\u0103pad\u0103"],"articleSection":["Editorial"],"inLanguage":"ro-RO","potentialAction":[{"@type":"CommentAction","name":"Comment","target":["https:\/\/www.lovendal.ro\/wp52\/dar-daca-noi-suntem-de-fapt-diavoli-si-suntem-condamnati-sa-traim-in-acest-iad-numit-pamant\/#respond"]}]},{"@type":"WebPage","@id":"https:\/\/www.lovendal.ro\/wp52\/dar-daca-noi-suntem-de-fapt-diavoli-si-suntem-condamnati-sa-traim-in-acest-iad-numit-pamant\/","url":"https:\/\/www.lovendal.ro\/wp52\/dar-daca-noi-suntem-de-fapt-diavoli-si-suntem-condamnati-sa-traim-in-acest-iad-numit-pamant\/","name":"Dar dac\u0103 noi suntem, de fapt, diavoli \u015fi suntem condamna\u0163i s\u0103 tr\u0103im \u00een acest iad, numit P\u0103m\u00e2nt? - Secretele lui Lovendal","isPartOf":{"@id":"https:\/\/www.lovendal.ro\/wp52\/#website"},"primaryImageOfPage":{"@id":"https:\/\/www.lovendal.ro\/wp52\/dar-daca-noi-suntem-de-fapt-diavoli-si-suntem-condamnati-sa-traim-in-acest-iad-numit-pamant\/#primaryimage"},"image":{"@id":"https:\/\/www.lovendal.ro\/wp52\/dar-daca-noi-suntem-de-fapt-diavoli-si-suntem-condamnati-sa-traim-in-acest-iad-numit-pamant\/#primaryimage"},"thumbnailUrl":"https:\/\/www.lovendal.ro\/wp52\/wp-content\/uploads\/2011\/10\/IAD-FOC.jpg","datePublished":"2020-02-17T17:10:37+00:00","dateModified":"2020-02-17T17:21:02+00:00","breadcrumb":{"@id":"https:\/\/www.lovendal.ro\/wp52\/dar-daca-noi-suntem-de-fapt-diavoli-si-suntem-condamnati-sa-traim-in-acest-iad-numit-pamant\/#breadcrumb"},"inLanguage":"ro-RO","potentialAction":[{"@type":"ReadAction","target":["https:\/\/www.lovendal.ro\/wp52\/dar-daca-noi-suntem-de-fapt-diavoli-si-suntem-condamnati-sa-traim-in-acest-iad-numit-pamant\/"]}]},{"@type":"ImageObject","inLanguage":"ro-RO","@id":"https:\/\/www.lovendal.ro\/wp52\/dar-daca-noi-suntem-de-fapt-diavoli-si-suntem-condamnati-sa-traim-in-acest-iad-numit-pamant\/#primaryimage","url":"https:\/\/www.lovendal.ro\/wp52\/wp-content\/uploads\/2011\/10\/IAD-FOC.jpg","contentUrl":"https:\/\/www.lovendal.ro\/wp52\/wp-content\/uploads\/2011\/10\/IAD-FOC.jpg","width":350,"height":259,"caption":"Imagine: pixabay.com (Commons Creative - free)"},{"@type":"BreadcrumbList","@id":"https:\/\/www.lovendal.ro\/wp52\/dar-daca-noi-suntem-de-fapt-diavoli-si-suntem-condamnati-sa-traim-in-acest-iad-numit-pamant\/#breadcrumb","itemListElement":[{"@type":"ListItem","position":1,"name":"Home","item":"https:\/\/www.lovendal.ro\/wp52\/"},{"@type":"ListItem","position":2,"name":"Dar dac\u0103 noi suntem, de fapt, diavoli \u015fi suntem condamna\u0163i s\u0103 tr\u0103im \u00een acest iad, numit P\u0103m\u00e2nt?"}]},{"@type":"WebSite","@id":"https:\/\/www.lovendal.ro\/wp52\/#website","url":"https:\/\/www.lovendal.ro\/wp52\/","name":"Secretele lui Lovendal","description":"Site de secrete, stiinta si metafizica - din 2008 -","publisher":{"@id":"https:\/\/www.lovendal.ro\/wp52\/#organization"},"potentialAction":[{"@type":"SearchAction","target":{"@type":"EntryPoint","urlTemplate":"https:\/\/www.lovendal.ro\/wp52\/?s={search_term_string}"},"query-input":{"@type":"PropertyValueSpecification","valueRequired":true,"valueName":"search_term_string"}}],"inLanguage":"ro-RO"},{"@type":"Organization","@id":"https:\/\/www.lovendal.ro\/wp52\/#organization","name":"Secretele lui Lovendal","url":"https:\/\/www.lovendal.ro\/wp52\/","logo":{"@type":"ImageObject","inLanguage":"ro-RO","@id":"https:\/\/www.lovendal.ro\/wp52\/#\/schema\/logo\/image\/","url":"https:\/\/www.lovendal.ro\/wp52\/wp-content\/uploads\/2024\/06\/cropped-SLL-iun-2024-1.jpg","contentUrl":"https:\/\/www.lovendal.ro\/wp52\/wp-content\/uploads\/2024\/06\/cropped-SLL-iun-2024-1.jpg","width":771,"height":240,"caption":"Secretele lui Lovendal"},"image":{"@id":"https:\/\/www.lovendal.ro\/wp52\/#\/schema\/logo\/image\/"},"sameAs":["https:\/\/www.facebook.com\/secreteleluilovendal"]},{"@type":"Person","@id":"https:\/\/www.lovendal.ro\/wp52\/#\/schema\/person\/088691de5dfc346bb0c023e1e52ef5d9","name":"admin","image":{"@type":"ImageObject","inLanguage":"ro-RO","@id":"https:\/\/secure.gravatar.com\/avatar\/ecb9cd41f5f63c9c9b989999a59f6e2639a865ec361e9db054db0679a8f341c2?s=96&d=mm&r=g","url":"https:\/\/secure.gravatar.com\/avatar\/ecb9cd41f5f63c9c9b989999a59f6e2639a865ec361e9db054db0679a8f341c2?s=96&d=mm&r=g","contentUrl":"https:\/\/secure.gravatar.com\/avatar\/ecb9cd41f5f63c9c9b989999a59f6e2639a865ec361e9db054db0679a8f341c2?s=96&d=mm&r=g","caption":"admin"},"sameAs":["https:\/\/www.lovendal.ro\/wp52"]}]}},"_links":{"self":[{"href":"https:\/\/www.lovendal.ro\/wp52\/wp-json\/wp\/v2\/posts\/20617","targetHints":{"allow":["GET"]}}],"collection":[{"href":"https:\/\/www.lovendal.ro\/wp52\/wp-json\/wp\/v2\/posts"}],"about":[{"href":"https:\/\/www.lovendal.ro\/wp52\/wp-json\/wp\/v2\/types\/post"}],"author":[{"embeddable":true,"href":"https:\/\/www.lovendal.ro\/wp52\/wp-json\/wp\/v2\/users\/1"}],"replies":[{"embeddable":true,"href":"https:\/\/www.lovendal.ro\/wp52\/wp-json\/wp\/v2\/comments?post=20617"}],"version-history":[{"count":0,"href":"https:\/\/www.lovendal.ro\/wp52\/wp-json\/wp\/v2\/posts\/20617\/revisions"}],"wp:featuredmedia":[{"embeddable":true,"href":"https:\/\/www.lovendal.ro\/wp52\/wp-json\/wp\/v2\/media\/66837"}],"wp:attachment":[{"href":"https:\/\/www.lovendal.ro\/wp52\/wp-json\/wp\/v2\/media?parent=20617"}],"wp:term":[{"taxonomy":"category","embeddable":true,"href":"https:\/\/www.lovendal.ro\/wp52\/wp-json\/wp\/v2\/categories?post=20617"},{"taxonomy":"post_tag","embeddable":true,"href":"https:\/\/www.lovendal.ro\/wp52\/wp-json\/wp\/v2\/tags?post=20617"}],"curies":[{"name":"wp","href":"https:\/\/api.w.org\/{rel}","templated":true}]}}