{"id":20540,"date":"2011-10-17T19:43:52","date_gmt":"2011-10-17T16:43:52","guid":{"rendered":"http:\/\/www.lovendal.net\/wp52\/?p=20540"},"modified":"2011-10-17T19:43:52","modified_gmt":"2011-10-17T16:43:52","slug":"fenomenul-vocii-electronice-papa-pius-al-xii-lea-stia-ca-exista-aparate-de-inregistrare-a-vocii-mortilor","status":"publish","type":"post","link":"https:\/\/www.lovendal.ro\/wp52\/fenomenul-vocii-electronice-papa-pius-al-xii-lea-stia-ca-exista-aparate-de-inregistrare-a-vocii-mortilor\/","title":{"rendered":"Fenomenul vocii electronice: papa Pius al XII-lea \u015ftia c\u0103 exist\u0103 aparate de \u00eenregistrare a vocii mor\u0163ilor"},"content":{"rendered":"<p><a href=\"https:\/\/www.lovendal.ro\/wp52\/wp-content\/uploads\/2011\/10\/EVP.jpg\"><img loading=\"lazy\" decoding=\"async\" class=\"alignleft size-full wp-image-20541\" title=\"EVP\" src=\"https:\/\/www.lovendal.ro\/wp52\/wp-content\/uploads\/2011\/10\/EVP.jpg\" alt=\"\" width=\"288\" height=\"277\" \/><\/a>Pe data de 15 septembrie 1952, doi preo\u0163i catolici, preotul Ernetti \u015fi preotul Gemilli, Colaborau pentru un proiect muzical de cercetare; Ernetti era om de \u015ftiin\u0163\u0103, fizician, filosof \u015fi iubitor de muzic\u0103, recunoscut interna\u0163ional, iar Gemilli era pre\u015fedintele Academiei Papale. Cei doi \u00eencercau s\u0103 \u00eenregistreze un cant Gregorian, dar un cablu din echipamentul lor se tot rupea. Exasperat, Gemilli \u015fi-a ridicat privirea \u015fi a cerut ajutorul tat\u0103ui s\u0103u, care murise. Spre mirarea lui, vocea tat\u0103lui s\u0103u s-a auzit spun\u00e2nd: <em>\u201eBine\u00een\u0163eles c\u0103 te voi ajuta. Eu sunt mereu cu tine.&#8221; <\/em>Ei au repetat experimentul, iar vocea s-a auzit \u015fi mai clar dec\u00e2t \u00eenainte:<em> \u201eDar, Zucchini, este evident, nu \u015ftii c\u0103 sunt eu?&#8221;<\/em><\/p>\n<p>Gemilli era uluit. Nimeni nu \u015ftia porecla lui din copil\u0103rie \u00een afar\u0103 de tat\u0103l s\u0103u. Deodat\u0103, preotul s-a \u00eensp\u0103im\u00e2ntat, pentru c\u0103, fiind preot catolic, nu avea dreptul s\u0103 vorbeasc\u0103 cu cei mor\u0163i. \u00eengrijora\u0163i, cei doi preo\u0163i au cerut permisiunea s\u0103 fie audia\u0163i de Papa Pius al-XII-lea, la Roma.<\/p>\n<p>Gemilli i-a spus Pontifului despre aceast\u0103 experien\u0163\u0103 \u015fi, spre surpriza lui, a fost lini\u015ftit din nou. Conform textului tradus \u00een 1990 despre \u00eent\u00e2lnirea lor, Papa Pius i-a vorbit lui Gemilli astfel: <em>\u201eChiar nu trebuie s\u0103 te \u00eengrijorezi. Existen\u0163a acestei voci este strict un adev\u0103r \u015ftiin\u0163ific \u015fi nu are de-a face cu spiritismul. Aparatul de \u00eenregistrat este perfect obiectiv. Recepteaz\u0103 \u015fi \u00eenregistreaz\u0103 undele sonore de oriunde ar veni ele. Este posibil ca acest experiment s\u0103 devin\u0103 temelia studiilor \u015ftiin\u0163ifice, care vor \u00eent\u0103ri credin\u0163a oamenilor \u00een via\u0163a de apoi.&#8221;<\/em><\/p>\n","protected":false},"excerpt":{"rendered":"<p>Pe data de 15 septembrie 1952, doi preo\u0163i catolici, preotul Ernetti \u015fi preotul Gemilli, Colaborau pentru un proiect muzical de cercetare; Ernetti era om de \u015ftiin\u0163\u0103, fizician, filosof \u015fi iubitor de muzic\u0103, recunoscut interna\u0163ional, iar Gemilli era pre\u015fedintele Academiei Papale. &#8230; <\/p>\n<p class=\"read-more-container\"><a title=\"Fenomenul vocii electronice: papa Pius al XII-lea \u015ftia c\u0103 exist\u0103 aparate de \u00eenregistrare a vocii mor\u0163ilor\" class=\"read-more button\" href=\"https:\/\/www.lovendal.ro\/wp52\/fenomenul-vocii-electronice-papa-pius-al-xii-lea-stia-ca-exista-aparate-de-inregistrare-a-vocii-mortilor\/#more-20540\" aria-label=\"Cite\u0219te mai multe despre Fenomenul vocii electronice: papa Pius al XII-lea \u015ftia c\u0103 exist\u0103 aparate de \u00eenregistrare a vocii mor\u0163ilor\">Cititi mai multe<\/a><\/p>\n","protected":false},"author":1,"featured_media":20541,"comment_status":"open","ping_status":"closed","sticky":false,"template":"","format":"standard","meta":{"footnotes":""},"categories":[14],"tags":[108,97,9796,4619,4620],"class_list":["post-20540","post","type-post","status-publish","format-standard","has-post-thumbnail","hentry","category-paranormal-spiritualitate","tag-moarte","tag-papa","tag-paranormal-spiritualitate","tag-pius-al-xii-lea","tag-vocea-electronica","resize-featured-image"],"yoast_head":"<!-- This site is optimized with the Yoast SEO Premium plugin v23.3 (Yoast SEO v27.4) - https:\/\/yoast.com\/product\/yoast-seo-premium-wordpress\/ -->\n<title>Fenomenul vocii electronice: papa Pius al XII-lea \u015ftia c\u0103 exist\u0103 aparate de \u00eenregistrare a vocii mor\u0163ilor - Secretele lui Lovendal<\/title>\n<meta name=\"robots\" content=\"index, follow, max-snippet:-1, max-image-preview:large, max-video-preview:-1\" \/>\n<link rel=\"canonical\" href=\"https:\/\/www.lovendal.ro\/wp52\/fenomenul-vocii-electronice-papa-pius-al-xii-lea-stia-ca-exista-aparate-de-inregistrare-a-vocii-mortilor\/\" \/>\n<meta property=\"og:locale\" content=\"ro_RO\" \/>\n<meta property=\"og:type\" content=\"article\" \/>\n<meta property=\"og:title\" content=\"Fenomenul vocii electronice: papa Pius al XII-lea \u015ftia c\u0103 exist\u0103 aparate de \u00eenregistrare a vocii mor\u0163ilor\" \/>\n<meta property=\"og:description\" content=\"Pe data de 15 septembrie 1952, doi preo\u0163i catolici, preotul Ernetti \u015fi preotul Gemilli, Colaborau pentru un proiect muzical de cercetare; Ernetti era om de \u015ftiin\u0163\u0103, fizician, filosof \u015fi iubitor de muzic\u0103, recunoscut interna\u0163ional, iar Gemilli era pre\u015fedintele Academiei Papale. ... Cititi mai multe\" \/>\n<meta property=\"og:url\" content=\"https:\/\/www.lovendal.ro\/wp52\/fenomenul-vocii-electronice-papa-pius-al-xii-lea-stia-ca-exista-aparate-de-inregistrare-a-vocii-mortilor\/\" \/>\n<meta property=\"og:site_name\" content=\"Secretele lui Lovendal\" \/>\n<meta property=\"article:publisher\" content=\"https:\/\/www.facebook.com\/secreteleluilovendal\" \/>\n<meta property=\"article:published_time\" content=\"2011-10-17T16:43:52+00:00\" \/>\n<meta property=\"og:image\" content=\"https:\/\/www.lovendal.ro\/wp52\/wp-content\/uploads\/2011\/10\/EVP.jpg\" \/>\n\t<meta property=\"og:image:width\" content=\"288\" \/>\n\t<meta property=\"og:image:height\" content=\"277\" \/>\n\t<meta property=\"og:image:type\" content=\"image\/jpeg\" \/>\n<meta name=\"author\" content=\"admin\" \/>\n<meta name=\"twitter:card\" content=\"summary_large_image\" \/>\n<meta name=\"twitter:label1\" content=\"Scris de\" \/>\n\t<meta name=\"twitter:data1\" content=\"admin\" \/>\n\t<meta name=\"twitter:label2\" content=\"Timp estimat pentru citire\" \/>\n\t<meta name=\"twitter:data2\" content=\"1 minut\" \/>\n<script type=\"application\/ld+json\" class=\"yoast-schema-graph\">{\"@context\":\"https:\\\/\\\/schema.org\",\"@graph\":[{\"@type\":\"Article\",\"@id\":\"https:\\\/\\\/www.lovendal.ro\\\/wp52\\\/fenomenul-vocii-electronice-papa-pius-al-xii-lea-stia-ca-exista-aparate-de-inregistrare-a-vocii-mortilor\\\/#article\",\"isPartOf\":{\"@id\":\"https:\\\/\\\/www.lovendal.ro\\\/wp52\\\/fenomenul-vocii-electronice-papa-pius-al-xii-lea-stia-ca-exista-aparate-de-inregistrare-a-vocii-mortilor\\\/\"},\"author\":{\"name\":\"admin\",\"@id\":\"https:\\\/\\\/www.lovendal.ro\\\/wp52\\\/#\\\/schema\\\/person\\\/088691de5dfc346bb0c023e1e52ef5d9\"},\"headline\":\"Fenomenul vocii electronice: papa Pius al XII-lea \u015ftia c\u0103 exist\u0103 aparate de \u00eenregistrare a vocii mor\u0163ilor\",\"datePublished\":\"2011-10-17T16:43:52+00:00\",\"mainEntityOfPage\":{\"@id\":\"https:\\\/\\\/www.lovendal.ro\\\/wp52\\\/fenomenul-vocii-electronice-papa-pius-al-xii-lea-stia-ca-exista-aparate-de-inregistrare-a-vocii-mortilor\\\/\"},\"wordCount\":289,\"commentCount\":3,\"publisher\":{\"@id\":\"https:\\\/\\\/www.lovendal.ro\\\/wp52\\\/#organization\"},\"image\":{\"@id\":\"https:\\\/\\\/www.lovendal.ro\\\/wp52\\\/fenomenul-vocii-electronice-papa-pius-al-xii-lea-stia-ca-exista-aparate-de-inregistrare-a-vocii-mortilor\\\/#primaryimage\"},\"thumbnailUrl\":\"https:\\\/\\\/www.lovendal.ro\\\/wp52\\\/wp-content\\\/uploads\\\/2011\\\/10\\\/EVP.jpg\",\"keywords\":[\"moarte\",\"papa\",\"Paranormal-Spiritualitate\",\"Pius al XII-lea\",\"vocea electronic\u0103\"],\"articleSection\":[\"Paranormal-Spiritualitate\"],\"inLanguage\":\"ro-RO\",\"potentialAction\":[{\"@type\":\"CommentAction\",\"name\":\"Comment\",\"target\":[\"https:\\\/\\\/www.lovendal.ro\\\/wp52\\\/fenomenul-vocii-electronice-papa-pius-al-xii-lea-stia-ca-exista-aparate-de-inregistrare-a-vocii-mortilor\\\/#respond\"]}]},{\"@type\":\"WebPage\",\"@id\":\"https:\\\/\\\/www.lovendal.ro\\\/wp52\\\/fenomenul-vocii-electronice-papa-pius-al-xii-lea-stia-ca-exista-aparate-de-inregistrare-a-vocii-mortilor\\\/\",\"url\":\"https:\\\/\\\/www.lovendal.ro\\\/wp52\\\/fenomenul-vocii-electronice-papa-pius-al-xii-lea-stia-ca-exista-aparate-de-inregistrare-a-vocii-mortilor\\\/\",\"name\":\"Fenomenul vocii electronice: papa Pius al XII-lea \u015ftia c\u0103 exist\u0103 aparate de \u00eenregistrare a vocii mor\u0163ilor - Secretele lui Lovendal\",\"isPartOf\":{\"@id\":\"https:\\\/\\\/www.lovendal.ro\\\/wp52\\\/#website\"},\"primaryImageOfPage\":{\"@id\":\"https:\\\/\\\/www.lovendal.ro\\\/wp52\\\/fenomenul-vocii-electronice-papa-pius-al-xii-lea-stia-ca-exista-aparate-de-inregistrare-a-vocii-mortilor\\\/#primaryimage\"},\"image\":{\"@id\":\"https:\\\/\\\/www.lovendal.ro\\\/wp52\\\/fenomenul-vocii-electronice-papa-pius-al-xii-lea-stia-ca-exista-aparate-de-inregistrare-a-vocii-mortilor\\\/#primaryimage\"},\"thumbnailUrl\":\"https:\\\/\\\/www.lovendal.ro\\\/wp52\\\/wp-content\\\/uploads\\\/2011\\\/10\\\/EVP.jpg\",\"datePublished\":\"2011-10-17T16:43:52+00:00\",\"breadcrumb\":{\"@id\":\"https:\\\/\\\/www.lovendal.ro\\\/wp52\\\/fenomenul-vocii-electronice-papa-pius-al-xii-lea-stia-ca-exista-aparate-de-inregistrare-a-vocii-mortilor\\\/#breadcrumb\"},\"inLanguage\":\"ro-RO\",\"potentialAction\":[{\"@type\":\"ReadAction\",\"target\":[\"https:\\\/\\\/www.lovendal.ro\\\/wp52\\\/fenomenul-vocii-electronice-papa-pius-al-xii-lea-stia-ca-exista-aparate-de-inregistrare-a-vocii-mortilor\\\/\"]}]},{\"@type\":\"ImageObject\",\"inLanguage\":\"ro-RO\",\"@id\":\"https:\\\/\\\/www.lovendal.ro\\\/wp52\\\/fenomenul-vocii-electronice-papa-pius-al-xii-lea-stia-ca-exista-aparate-de-inregistrare-a-vocii-mortilor\\\/#primaryimage\",\"url\":\"https:\\\/\\\/www.lovendal.ro\\\/wp52\\\/wp-content\\\/uploads\\\/2011\\\/10\\\/EVP.jpg\",\"contentUrl\":\"https:\\\/\\\/www.lovendal.ro\\\/wp52\\\/wp-content\\\/uploads\\\/2011\\\/10\\\/EVP.jpg\",\"width\":\"288\",\"height\":\"277\"},{\"@type\":\"BreadcrumbList\",\"@id\":\"https:\\\/\\\/www.lovendal.ro\\\/wp52\\\/fenomenul-vocii-electronice-papa-pius-al-xii-lea-stia-ca-exista-aparate-de-inregistrare-a-vocii-mortilor\\\/#breadcrumb\",\"itemListElement\":[{\"@type\":\"ListItem\",\"position\":1,\"name\":\"Home\",\"item\":\"https:\\\/\\\/www.lovendal.ro\\\/wp52\\\/\"},{\"@type\":\"ListItem\",\"position\":2,\"name\":\"Fenomenul vocii electronice: papa Pius al XII-lea \u015ftia c\u0103 exist\u0103 aparate de \u00eenregistrare a vocii mor\u0163ilor\"}]},{\"@type\":\"WebSite\",\"@id\":\"https:\\\/\\\/www.lovendal.ro\\\/wp52\\\/#website\",\"url\":\"https:\\\/\\\/www.lovendal.ro\\\/wp52\\\/\",\"name\":\"Secretele lui Lovendal\",\"description\":\"Site de secrete, stiinta si metafizica - din 2008 -\",\"publisher\":{\"@id\":\"https:\\\/\\\/www.lovendal.ro\\\/wp52\\\/#organization\"},\"potentialAction\":[{\"@type\":\"SearchAction\",\"target\":{\"@type\":\"EntryPoint\",\"urlTemplate\":\"https:\\\/\\\/www.lovendal.ro\\\/wp52\\\/?s={search_term_string}\"},\"query-input\":{\"@type\":\"PropertyValueSpecification\",\"valueRequired\":true,\"valueName\":\"search_term_string\"}}],\"inLanguage\":\"ro-RO\"},{\"@type\":\"Organization\",\"@id\":\"https:\\\/\\\/www.lovendal.ro\\\/wp52\\\/#organization\",\"name\":\"Secretele lui Lovendal\",\"url\":\"https:\\\/\\\/www.lovendal.ro\\\/wp52\\\/\",\"logo\":{\"@type\":\"ImageObject\",\"inLanguage\":\"ro-RO\",\"@id\":\"https:\\\/\\\/www.lovendal.ro\\\/wp52\\\/#\\\/schema\\\/logo\\\/image\\\/\",\"url\":\"https:\\\/\\\/www.lovendal.ro\\\/wp52\\\/wp-content\\\/uploads\\\/2024\\\/06\\\/cropped-SLL-iun-2024-1.jpg\",\"contentUrl\":\"https:\\\/\\\/www.lovendal.ro\\\/wp52\\\/wp-content\\\/uploads\\\/2024\\\/06\\\/cropped-SLL-iun-2024-1.jpg\",\"width\":771,\"height\":240,\"caption\":\"Secretele lui Lovendal\"},\"image\":{\"@id\":\"https:\\\/\\\/www.lovendal.ro\\\/wp52\\\/#\\\/schema\\\/logo\\\/image\\\/\"},\"sameAs\":[\"https:\\\/\\\/www.facebook.com\\\/secreteleluilovendal\"]},{\"@type\":\"Person\",\"@id\":\"https:\\\/\\\/www.lovendal.ro\\\/wp52\\\/#\\\/schema\\\/person\\\/088691de5dfc346bb0c023e1e52ef5d9\",\"name\":\"admin\",\"image\":{\"@type\":\"ImageObject\",\"inLanguage\":\"ro-RO\",\"@id\":\"https:\\\/\\\/secure.gravatar.com\\\/avatar\\\/ecb9cd41f5f63c9c9b989999a59f6e2639a865ec361e9db054db0679a8f341c2?s=96&d=mm&r=g\",\"url\":\"https:\\\/\\\/secure.gravatar.com\\\/avatar\\\/ecb9cd41f5f63c9c9b989999a59f6e2639a865ec361e9db054db0679a8f341c2?s=96&d=mm&r=g\",\"contentUrl\":\"https:\\\/\\\/secure.gravatar.com\\\/avatar\\\/ecb9cd41f5f63c9c9b989999a59f6e2639a865ec361e9db054db0679a8f341c2?s=96&d=mm&r=g\",\"caption\":\"admin\"},\"sameAs\":[\"https:\\\/\\\/www.lovendal.ro\\\/wp52\"]}]}<\/script>\n<!-- \/ Yoast SEO Premium plugin. -->","yoast_head_json":{"title":"Fenomenul vocii electronice: papa Pius al XII-lea \u015ftia c\u0103 exist\u0103 aparate de \u00eenregistrare a vocii mor\u0163ilor - Secretele lui Lovendal","robots":{"index":"index","follow":"follow","max-snippet":"max-snippet:-1","max-image-preview":"max-image-preview:large","max-video-preview":"max-video-preview:-1"},"canonical":"https:\/\/www.lovendal.ro\/wp52\/fenomenul-vocii-electronice-papa-pius-al-xii-lea-stia-ca-exista-aparate-de-inregistrare-a-vocii-mortilor\/","og_locale":"ro_RO","og_type":"article","og_title":"Fenomenul vocii electronice: papa Pius al XII-lea \u015ftia c\u0103 exist\u0103 aparate de \u00eenregistrare a vocii mor\u0163ilor","og_description":"Pe data de 15 septembrie 1952, doi preo\u0163i catolici, preotul Ernetti \u015fi preotul Gemilli, Colaborau pentru un proiect muzical de cercetare; Ernetti era om de \u015ftiin\u0163\u0103, fizician, filosof \u015fi iubitor de muzic\u0103, recunoscut interna\u0163ional, iar Gemilli era pre\u015fedintele Academiei Papale. ... Cititi mai multe","og_url":"https:\/\/www.lovendal.ro\/wp52\/fenomenul-vocii-electronice-papa-pius-al-xii-lea-stia-ca-exista-aparate-de-inregistrare-a-vocii-mortilor\/","og_site_name":"Secretele lui Lovendal","article_publisher":"https:\/\/www.facebook.com\/secreteleluilovendal","article_published_time":"2011-10-17T16:43:52+00:00","og_image":[{"width":288,"height":277,"url":"https:\/\/www.lovendal.ro\/wp52\/wp-content\/uploads\/2011\/10\/EVP.jpg","type":"image\/jpeg"}],"author":"admin","twitter_card":"summary_large_image","twitter_misc":{"Scris de":"admin","Timp estimat pentru citire":"1 minut"},"schema":{"@context":"https:\/\/schema.org","@graph":[{"@type":"Article","@id":"https:\/\/www.lovendal.ro\/wp52\/fenomenul-vocii-electronice-papa-pius-al-xii-lea-stia-ca-exista-aparate-de-inregistrare-a-vocii-mortilor\/#article","isPartOf":{"@id":"https:\/\/www.lovendal.ro\/wp52\/fenomenul-vocii-electronice-papa-pius-al-xii-lea-stia-ca-exista-aparate-de-inregistrare-a-vocii-mortilor\/"},"author":{"name":"admin","@id":"https:\/\/www.lovendal.ro\/wp52\/#\/schema\/person\/088691de5dfc346bb0c023e1e52ef5d9"},"headline":"Fenomenul vocii electronice: papa Pius al XII-lea \u015ftia c\u0103 exist\u0103 aparate de \u00eenregistrare a vocii mor\u0163ilor","datePublished":"2011-10-17T16:43:52+00:00","mainEntityOfPage":{"@id":"https:\/\/www.lovendal.ro\/wp52\/fenomenul-vocii-electronice-papa-pius-al-xii-lea-stia-ca-exista-aparate-de-inregistrare-a-vocii-mortilor\/"},"wordCount":289,"commentCount":3,"publisher":{"@id":"https:\/\/www.lovendal.ro\/wp52\/#organization"},"image":{"@id":"https:\/\/www.lovendal.ro\/wp52\/fenomenul-vocii-electronice-papa-pius-al-xii-lea-stia-ca-exista-aparate-de-inregistrare-a-vocii-mortilor\/#primaryimage"},"thumbnailUrl":"https:\/\/www.lovendal.ro\/wp52\/wp-content\/uploads\/2011\/10\/EVP.jpg","keywords":["moarte","papa","Paranormal-Spiritualitate","Pius al XII-lea","vocea electronic\u0103"],"articleSection":["Paranormal-Spiritualitate"],"inLanguage":"ro-RO","potentialAction":[{"@type":"CommentAction","name":"Comment","target":["https:\/\/www.lovendal.ro\/wp52\/fenomenul-vocii-electronice-papa-pius-al-xii-lea-stia-ca-exista-aparate-de-inregistrare-a-vocii-mortilor\/#respond"]}]},{"@type":"WebPage","@id":"https:\/\/www.lovendal.ro\/wp52\/fenomenul-vocii-electronice-papa-pius-al-xii-lea-stia-ca-exista-aparate-de-inregistrare-a-vocii-mortilor\/","url":"https:\/\/www.lovendal.ro\/wp52\/fenomenul-vocii-electronice-papa-pius-al-xii-lea-stia-ca-exista-aparate-de-inregistrare-a-vocii-mortilor\/","name":"Fenomenul vocii electronice: papa Pius al XII-lea \u015ftia c\u0103 exist\u0103 aparate de \u00eenregistrare a vocii mor\u0163ilor - Secretele lui Lovendal","isPartOf":{"@id":"https:\/\/www.lovendal.ro\/wp52\/#website"},"primaryImageOfPage":{"@id":"https:\/\/www.lovendal.ro\/wp52\/fenomenul-vocii-electronice-papa-pius-al-xii-lea-stia-ca-exista-aparate-de-inregistrare-a-vocii-mortilor\/#primaryimage"},"image":{"@id":"https:\/\/www.lovendal.ro\/wp52\/fenomenul-vocii-electronice-papa-pius-al-xii-lea-stia-ca-exista-aparate-de-inregistrare-a-vocii-mortilor\/#primaryimage"},"thumbnailUrl":"https:\/\/www.lovendal.ro\/wp52\/wp-content\/uploads\/2011\/10\/EVP.jpg","datePublished":"2011-10-17T16:43:52+00:00","breadcrumb":{"@id":"https:\/\/www.lovendal.ro\/wp52\/fenomenul-vocii-electronice-papa-pius-al-xii-lea-stia-ca-exista-aparate-de-inregistrare-a-vocii-mortilor\/#breadcrumb"},"inLanguage":"ro-RO","potentialAction":[{"@type":"ReadAction","target":["https:\/\/www.lovendal.ro\/wp52\/fenomenul-vocii-electronice-papa-pius-al-xii-lea-stia-ca-exista-aparate-de-inregistrare-a-vocii-mortilor\/"]}]},{"@type":"ImageObject","inLanguage":"ro-RO","@id":"https:\/\/www.lovendal.ro\/wp52\/fenomenul-vocii-electronice-papa-pius-al-xii-lea-stia-ca-exista-aparate-de-inregistrare-a-vocii-mortilor\/#primaryimage","url":"https:\/\/www.lovendal.ro\/wp52\/wp-content\/uploads\/2011\/10\/EVP.jpg","contentUrl":"https:\/\/www.lovendal.ro\/wp52\/wp-content\/uploads\/2011\/10\/EVP.jpg","width":"288","height":"277"},{"@type":"BreadcrumbList","@id":"https:\/\/www.lovendal.ro\/wp52\/fenomenul-vocii-electronice-papa-pius-al-xii-lea-stia-ca-exista-aparate-de-inregistrare-a-vocii-mortilor\/#breadcrumb","itemListElement":[{"@type":"ListItem","position":1,"name":"Home","item":"https:\/\/www.lovendal.ro\/wp52\/"},{"@type":"ListItem","position":2,"name":"Fenomenul vocii electronice: papa Pius al XII-lea \u015ftia c\u0103 exist\u0103 aparate de \u00eenregistrare a vocii mor\u0163ilor"}]},{"@type":"WebSite","@id":"https:\/\/www.lovendal.ro\/wp52\/#website","url":"https:\/\/www.lovendal.ro\/wp52\/","name":"Secretele lui Lovendal","description":"Site de secrete, stiinta si metafizica - din 2008 -","publisher":{"@id":"https:\/\/www.lovendal.ro\/wp52\/#organization"},"potentialAction":[{"@type":"SearchAction","target":{"@type":"EntryPoint","urlTemplate":"https:\/\/www.lovendal.ro\/wp52\/?s={search_term_string}"},"query-input":{"@type":"PropertyValueSpecification","valueRequired":true,"valueName":"search_term_string"}}],"inLanguage":"ro-RO"},{"@type":"Organization","@id":"https:\/\/www.lovendal.ro\/wp52\/#organization","name":"Secretele lui Lovendal","url":"https:\/\/www.lovendal.ro\/wp52\/","logo":{"@type":"ImageObject","inLanguage":"ro-RO","@id":"https:\/\/www.lovendal.ro\/wp52\/#\/schema\/logo\/image\/","url":"https:\/\/www.lovendal.ro\/wp52\/wp-content\/uploads\/2024\/06\/cropped-SLL-iun-2024-1.jpg","contentUrl":"https:\/\/www.lovendal.ro\/wp52\/wp-content\/uploads\/2024\/06\/cropped-SLL-iun-2024-1.jpg","width":771,"height":240,"caption":"Secretele lui Lovendal"},"image":{"@id":"https:\/\/www.lovendal.ro\/wp52\/#\/schema\/logo\/image\/"},"sameAs":["https:\/\/www.facebook.com\/secreteleluilovendal"]},{"@type":"Person","@id":"https:\/\/www.lovendal.ro\/wp52\/#\/schema\/person\/088691de5dfc346bb0c023e1e52ef5d9","name":"admin","image":{"@type":"ImageObject","inLanguage":"ro-RO","@id":"https:\/\/secure.gravatar.com\/avatar\/ecb9cd41f5f63c9c9b989999a59f6e2639a865ec361e9db054db0679a8f341c2?s=96&d=mm&r=g","url":"https:\/\/secure.gravatar.com\/avatar\/ecb9cd41f5f63c9c9b989999a59f6e2639a865ec361e9db054db0679a8f341c2?s=96&d=mm&r=g","contentUrl":"https:\/\/secure.gravatar.com\/avatar\/ecb9cd41f5f63c9c9b989999a59f6e2639a865ec361e9db054db0679a8f341c2?s=96&d=mm&r=g","caption":"admin"},"sameAs":["https:\/\/www.lovendal.ro\/wp52"]}]}},"_links":{"self":[{"href":"https:\/\/www.lovendal.ro\/wp52\/wp-json\/wp\/v2\/posts\/20540","targetHints":{"allow":["GET"]}}],"collection":[{"href":"https:\/\/www.lovendal.ro\/wp52\/wp-json\/wp\/v2\/posts"}],"about":[{"href":"https:\/\/www.lovendal.ro\/wp52\/wp-json\/wp\/v2\/types\/post"}],"author":[{"embeddable":true,"href":"https:\/\/www.lovendal.ro\/wp52\/wp-json\/wp\/v2\/users\/1"}],"replies":[{"embeddable":true,"href":"https:\/\/www.lovendal.ro\/wp52\/wp-json\/wp\/v2\/comments?post=20540"}],"version-history":[{"count":0,"href":"https:\/\/www.lovendal.ro\/wp52\/wp-json\/wp\/v2\/posts\/20540\/revisions"}],"wp:featuredmedia":[{"embeddable":true,"href":"https:\/\/www.lovendal.ro\/wp52\/wp-json\/wp\/v2\/media\/20541"}],"wp:attachment":[{"href":"https:\/\/www.lovendal.ro\/wp52\/wp-json\/wp\/v2\/media?parent=20540"}],"wp:term":[{"taxonomy":"category","embeddable":true,"href":"https:\/\/www.lovendal.ro\/wp52\/wp-json\/wp\/v2\/categories?post=20540"},{"taxonomy":"post_tag","embeddable":true,"href":"https:\/\/www.lovendal.ro\/wp52\/wp-json\/wp\/v2\/tags?post=20540"}],"curies":[{"name":"wp","href":"https:\/\/api.w.org\/{rel}","templated":true}]}}