{"id":20490,"date":"2011-10-14T08:57:46","date_gmt":"2011-10-14T05:57:46","guid":{"rendered":"http:\/\/www.lovendal.net\/wp52\/?p=20490"},"modified":"2011-10-14T08:58:01","modified_gmt":"2011-10-14T05:58:01","slug":"chiar-si-nasa-e-uimita-de-acest-rasarit-de-soare-neobisnuit-din-argentina","status":"publish","type":"post","link":"https:\/\/www.lovendal.ro\/wp52\/chiar-si-nasa-e-uimita-de-acest-rasarit-de-soare-neobisnuit-din-argentina\/","title":{"rendered":"Chiar \u015fi NASA e uimit\u0103 de acest r\u0103s\u0103rit de Soare neobi\u015fnuit din Argentina"},"content":{"rendered":"<figure id=\"attachment_20491\" aria-describedby=\"caption-attachment-20491\" style=\"width: 299px\" class=\"wp-caption alignleft\"><a class=\"highslide\" onclick=\"return vz.expand(this)\" href=\"https:\/\/www.lovendal.ro\/wp52\/wp-content\/uploads\/2011\/10\/rasarit-de-Soare-Argentina.jpg\"><img loading=\"lazy\" decoding=\"async\" class=\"size-full wp-image-20491\" title=\"rasarit de Soare Argentina\" src=\"https:\/\/www.lovendal.ro\/wp52\/wp-content\/uploads\/2011\/10\/rasarit-de-Soare-Argentina.jpg\" alt=\"\" width=\"309\" height=\"188\" srcset=\"https:\/\/www.lovendal.ro\/wp52\/wp-content\/uploads\/2011\/10\/rasarit-de-Soare-Argentina.jpg 1000w, https:\/\/www.lovendal.ro\/wp52\/wp-content\/uploads\/2011\/10\/rasarit-de-Soare-Argentina-300x183.jpg 300w\" sizes=\"auto, (max-width: 309px) 100vw, 309px\" \/><\/a><figcaption id=\"caption-attachment-20491\" class=\"wp-caption-text\">Click pe imagine pentru marire<\/figcaption><\/figure>\n<p>Fotografia din st\u00e2nga articolului nu este f\u0103cut\u0103 de mine, bine\u00een\u0163eles. Dar e ciudat\u0103. Extrem de ciudat\u0103. De ce ar ar\u0103ta un r\u0103s\u0103rit de Soare at\u00e2t de bizar? Nimeni nu poate \u015fti sigur. Ceea ce este sigur e faptul c\u0103 neobi\u015fnuitul r\u0103s\u0103rit de soare a fost surprins \u00een septembrie 2011 \u00een Buenos Aires (Argentina). R\u00e2ul \u00een care se oglinde\u015fte Soarele este Rio de Plata, considerat de mul\u0163i a fi cel mai s\u0103lbatic r\u00e2u din lume.<\/p>\n<p>De\u015fi imaginea de mai sus este de fapt o combina\u0163ie \u00eentre o expunere normal\u0103 \u015fi una foarte scurt\u0103, pentru a evita suprasaturarea unui Soare str\u0103lucitor, fotograful a v\u0103zut aceast\u0103 structur\u0103 neobi\u015fnuit\u0103 cu proprii s\u0103i ochi, indic\u00e2nd faptul c\u0103 acest efect nu a fost cauzat nici de reflexii \u015fi nici de distorsiunile din camer\u0103 sau lentile.<\/p>\n<p>Ceea ce par a fi ni\u015fte bra\u0163e pe aceast\u0103 iluzie monstruoas\u0103 ar putea reprezenta, de exemplu, un nivel cobor\u00e2t de nori, suficient de gros pentru a \u00eempr\u0103\u015ftia lumina Soarelui f\u0103r\u0103 a o bloca. \u00cen plus, distorsiunea vizibil\u0103 \u00een partea de jos a imaginii Soarelui ar putea indica un miraj, adic\u0103 o &#8222;fata morgana&#8221;, creat prin refractarea ciudat\u0103 a stratului de aer deasupra apei. Acest fenomen atmosferic neobi\u015fnuit r\u0103m\u00e2ne totu\u015fi misterios, \u00eentruc\u00e2t lipsesc datele necesare.<\/p>\n<p>P.S. Aceast\u0103 poz\u0103 a ap\u0103rut pe site-ul NASA \u015fi a fost realizat\u0103 de Luis Argerich.<\/p>\n","protected":false},"excerpt":{"rendered":"<p>Fotografia din st\u00e2nga articolului nu este f\u0103cut\u0103 de mine, bine\u00een\u0163eles. Dar e ciudat\u0103. Extrem de ciudat\u0103. De ce ar ar\u0103ta un r\u0103s\u0103rit de Soare at\u00e2t de bizar? Nimeni nu poate \u015fti sigur. Ceea ce este sigur e faptul c\u0103 neobi\u015fnuitul &#8230; <\/p>\n<p class=\"read-more-container\"><a title=\"Chiar \u015fi NASA e uimit\u0103 de acest r\u0103s\u0103rit de Soare neobi\u015fnuit din Argentina\" class=\"read-more button\" href=\"https:\/\/www.lovendal.ro\/wp52\/chiar-si-nasa-e-uimita-de-acest-rasarit-de-soare-neobisnuit-din-argentina\/#more-20490\" aria-label=\"Cite\u0219te mai multe despre Chiar \u015fi NASA e uimit\u0103 de acest r\u0103s\u0103rit de Soare neobi\u015fnuit din Argentina\">Cititi mai multe<\/a><\/p>\n","protected":false},"author":1,"featured_media":20491,"comment_status":"open","ping_status":"closed","sticky":false,"template":"","format":"standard","meta":{"footnotes":""},"categories":[2761],"tags":[1340,4412,617,150,1978,9812,2979,4613,865],"class_list":["post-20490","post","type-post","status-publish","format-standard","has-post-thumbnail","hentry","category-poze-controversate","tag-argentina","tag-buenos-aires","tag-fata-morgana","tag-nasa","tag-nori","tag-poze-controversate","tag-rasarit-de-soare","tag-rio-de-plata","tag-soare","resize-featured-image"],"yoast_head":"<!-- This site is optimized with the Yoast SEO Premium plugin v23.3 (Yoast SEO v27.4) - https:\/\/yoast.com\/product\/yoast-seo-premium-wordpress\/ -->\n<title>Chiar \u015fi NASA e uimit\u0103 de acest r\u0103s\u0103rit de Soare neobi\u015fnuit din Argentina - Secretele lui Lovendal<\/title>\n<meta name=\"robots\" content=\"index, follow, max-snippet:-1, max-image-preview:large, max-video-preview:-1\" \/>\n<link rel=\"canonical\" href=\"https:\/\/www.lovendal.ro\/wp52\/chiar-si-nasa-e-uimita-de-acest-rasarit-de-soare-neobisnuit-din-argentina\/\" \/>\n<meta property=\"og:locale\" content=\"ro_RO\" \/>\n<meta property=\"og:type\" content=\"article\" \/>\n<meta property=\"og:title\" content=\"Chiar \u015fi NASA e uimit\u0103 de acest r\u0103s\u0103rit de Soare neobi\u015fnuit din Argentina\" \/>\n<meta property=\"og:description\" content=\"Fotografia din st\u00e2nga articolului nu este f\u0103cut\u0103 de mine, bine\u00een\u0163eles. Dar e ciudat\u0103. Extrem de ciudat\u0103. De ce ar ar\u0103ta un r\u0103s\u0103rit de Soare at\u00e2t de bizar? Nimeni nu poate \u015fti sigur. Ceea ce este sigur e faptul c\u0103 neobi\u015fnuitul ... Cititi mai multe\" \/>\n<meta property=\"og:url\" content=\"https:\/\/www.lovendal.ro\/wp52\/chiar-si-nasa-e-uimita-de-acest-rasarit-de-soare-neobisnuit-din-argentina\/\" \/>\n<meta property=\"og:site_name\" content=\"Secretele lui Lovendal\" \/>\n<meta property=\"article:publisher\" content=\"https:\/\/www.facebook.com\/secreteleluilovendal\" \/>\n<meta property=\"article:published_time\" content=\"2011-10-14T05:57:46+00:00\" \/>\n<meta property=\"article:modified_time\" content=\"2011-10-14T05:58:01+00:00\" \/>\n<meta property=\"og:image\" content=\"https:\/\/www.lovendal.ro\/wp52\/wp-content\/uploads\/2011\/10\/rasarit-de-Soare-Argentina.jpg\" \/>\n\t<meta property=\"og:image:width\" content=\"1000\" \/>\n\t<meta property=\"og:image:height\" content=\"611\" \/>\n\t<meta property=\"og:image:type\" content=\"image\/jpeg\" \/>\n<meta name=\"author\" content=\"admin\" \/>\n<meta name=\"twitter:card\" content=\"summary_large_image\" \/>\n<meta name=\"twitter:label1\" content=\"Scris de\" \/>\n\t<meta name=\"twitter:data1\" content=\"admin\" \/>\n\t<meta name=\"twitter:label2\" content=\"Timp estimat pentru citire\" \/>\n\t<meta name=\"twitter:data2\" content=\"1 minut\" \/>\n<script type=\"application\/ld+json\" class=\"yoast-schema-graph\">{\"@context\":\"https:\\\/\\\/schema.org\",\"@graph\":[{\"@type\":\"Article\",\"@id\":\"https:\\\/\\\/www.lovendal.ro\\\/wp52\\\/chiar-si-nasa-e-uimita-de-acest-rasarit-de-soare-neobisnuit-din-argentina\\\/#article\",\"isPartOf\":{\"@id\":\"https:\\\/\\\/www.lovendal.ro\\\/wp52\\\/chiar-si-nasa-e-uimita-de-acest-rasarit-de-soare-neobisnuit-din-argentina\\\/\"},\"author\":{\"name\":\"admin\",\"@id\":\"https:\\\/\\\/www.lovendal.ro\\\/wp52\\\/#\\\/schema\\\/person\\\/088691de5dfc346bb0c023e1e52ef5d9\"},\"headline\":\"Chiar \u015fi NASA e uimit\u0103 de acest r\u0103s\u0103rit de Soare neobi\u015fnuit din Argentina\",\"datePublished\":\"2011-10-14T05:57:46+00:00\",\"dateModified\":\"2011-10-14T05:58:01+00:00\",\"mainEntityOfPage\":{\"@id\":\"https:\\\/\\\/www.lovendal.ro\\\/wp52\\\/chiar-si-nasa-e-uimita-de-acest-rasarit-de-soare-neobisnuit-din-argentina\\\/\"},\"wordCount\":281,\"commentCount\":8,\"publisher\":{\"@id\":\"https:\\\/\\\/www.lovendal.ro\\\/wp52\\\/#organization\"},\"image\":{\"@id\":\"https:\\\/\\\/www.lovendal.ro\\\/wp52\\\/chiar-si-nasa-e-uimita-de-acest-rasarit-de-soare-neobisnuit-din-argentina\\\/#primaryimage\"},\"thumbnailUrl\":\"https:\\\/\\\/www.lovendal.ro\\\/wp52\\\/wp-content\\\/uploads\\\/2011\\\/10\\\/rasarit-de-Soare-Argentina.jpg\",\"keywords\":[\"Argentina\",\"Buenos Aires\",\"Fata Morgan\u0103\",\"NASA\",\"nori\",\"Poze controversate\",\"r\u0103s\u0103rit de Soare\",\"Rio de Plata\",\"Soare\"],\"articleSection\":[\"Poze controversate\"],\"inLanguage\":\"ro-RO\",\"potentialAction\":[{\"@type\":\"CommentAction\",\"name\":\"Comment\",\"target\":[\"https:\\\/\\\/www.lovendal.ro\\\/wp52\\\/chiar-si-nasa-e-uimita-de-acest-rasarit-de-soare-neobisnuit-din-argentina\\\/#respond\"]}]},{\"@type\":\"WebPage\",\"@id\":\"https:\\\/\\\/www.lovendal.ro\\\/wp52\\\/chiar-si-nasa-e-uimita-de-acest-rasarit-de-soare-neobisnuit-din-argentina\\\/\",\"url\":\"https:\\\/\\\/www.lovendal.ro\\\/wp52\\\/chiar-si-nasa-e-uimita-de-acest-rasarit-de-soare-neobisnuit-din-argentina\\\/\",\"name\":\"Chiar \u015fi NASA e uimit\u0103 de acest r\u0103s\u0103rit de Soare neobi\u015fnuit din Argentina - Secretele lui Lovendal\",\"isPartOf\":{\"@id\":\"https:\\\/\\\/www.lovendal.ro\\\/wp52\\\/#website\"},\"primaryImageOfPage\":{\"@id\":\"https:\\\/\\\/www.lovendal.ro\\\/wp52\\\/chiar-si-nasa-e-uimita-de-acest-rasarit-de-soare-neobisnuit-din-argentina\\\/#primaryimage\"},\"image\":{\"@id\":\"https:\\\/\\\/www.lovendal.ro\\\/wp52\\\/chiar-si-nasa-e-uimita-de-acest-rasarit-de-soare-neobisnuit-din-argentina\\\/#primaryimage\"},\"thumbnailUrl\":\"https:\\\/\\\/www.lovendal.ro\\\/wp52\\\/wp-content\\\/uploads\\\/2011\\\/10\\\/rasarit-de-Soare-Argentina.jpg\",\"datePublished\":\"2011-10-14T05:57:46+00:00\",\"dateModified\":\"2011-10-14T05:58:01+00:00\",\"breadcrumb\":{\"@id\":\"https:\\\/\\\/www.lovendal.ro\\\/wp52\\\/chiar-si-nasa-e-uimita-de-acest-rasarit-de-soare-neobisnuit-din-argentina\\\/#breadcrumb\"},\"inLanguage\":\"ro-RO\",\"potentialAction\":[{\"@type\":\"ReadAction\",\"target\":[\"https:\\\/\\\/www.lovendal.ro\\\/wp52\\\/chiar-si-nasa-e-uimita-de-acest-rasarit-de-soare-neobisnuit-din-argentina\\\/\"]}]},{\"@type\":\"ImageObject\",\"inLanguage\":\"ro-RO\",\"@id\":\"https:\\\/\\\/www.lovendal.ro\\\/wp52\\\/chiar-si-nasa-e-uimita-de-acest-rasarit-de-soare-neobisnuit-din-argentina\\\/#primaryimage\",\"url\":\"https:\\\/\\\/www.lovendal.ro\\\/wp52\\\/wp-content\\\/uploads\\\/2011\\\/10\\\/rasarit-de-Soare-Argentina.jpg\",\"contentUrl\":\"https:\\\/\\\/www.lovendal.ro\\\/wp52\\\/wp-content\\\/uploads\\\/2011\\\/10\\\/rasarit-de-Soare-Argentina.jpg\",\"width\":\"1000\",\"height\":\"611\",\"caption\":\"Click pe imagine pentru marire\"},{\"@type\":\"BreadcrumbList\",\"@id\":\"https:\\\/\\\/www.lovendal.ro\\\/wp52\\\/chiar-si-nasa-e-uimita-de-acest-rasarit-de-soare-neobisnuit-din-argentina\\\/#breadcrumb\",\"itemListElement\":[{\"@type\":\"ListItem\",\"position\":1,\"name\":\"Home\",\"item\":\"https:\\\/\\\/www.lovendal.ro\\\/wp52\\\/\"},{\"@type\":\"ListItem\",\"position\":2,\"name\":\"Chiar \u015fi NASA e uimit\u0103 de acest r\u0103s\u0103rit de Soare neobi\u015fnuit din Argentina\"}]},{\"@type\":\"WebSite\",\"@id\":\"https:\\\/\\\/www.lovendal.ro\\\/wp52\\\/#website\",\"url\":\"https:\\\/\\\/www.lovendal.ro\\\/wp52\\\/\",\"name\":\"Secretele lui Lovendal\",\"description\":\"Site de secrete, stiinta si metafizica - din 2008 -\",\"publisher\":{\"@id\":\"https:\\\/\\\/www.lovendal.ro\\\/wp52\\\/#organization\"},\"potentialAction\":[{\"@type\":\"SearchAction\",\"target\":{\"@type\":\"EntryPoint\",\"urlTemplate\":\"https:\\\/\\\/www.lovendal.ro\\\/wp52\\\/?s={search_term_string}\"},\"query-input\":{\"@type\":\"PropertyValueSpecification\",\"valueRequired\":true,\"valueName\":\"search_term_string\"}}],\"inLanguage\":\"ro-RO\"},{\"@type\":\"Organization\",\"@id\":\"https:\\\/\\\/www.lovendal.ro\\\/wp52\\\/#organization\",\"name\":\"Secretele lui Lovendal\",\"url\":\"https:\\\/\\\/www.lovendal.ro\\\/wp52\\\/\",\"logo\":{\"@type\":\"ImageObject\",\"inLanguage\":\"ro-RO\",\"@id\":\"https:\\\/\\\/www.lovendal.ro\\\/wp52\\\/#\\\/schema\\\/logo\\\/image\\\/\",\"url\":\"https:\\\/\\\/www.lovendal.ro\\\/wp52\\\/wp-content\\\/uploads\\\/2024\\\/06\\\/cropped-SLL-iun-2024-1.jpg\",\"contentUrl\":\"https:\\\/\\\/www.lovendal.ro\\\/wp52\\\/wp-content\\\/uploads\\\/2024\\\/06\\\/cropped-SLL-iun-2024-1.jpg\",\"width\":771,\"height\":240,\"caption\":\"Secretele lui Lovendal\"},\"image\":{\"@id\":\"https:\\\/\\\/www.lovendal.ro\\\/wp52\\\/#\\\/schema\\\/logo\\\/image\\\/\"},\"sameAs\":[\"https:\\\/\\\/www.facebook.com\\\/secreteleluilovendal\"]},{\"@type\":\"Person\",\"@id\":\"https:\\\/\\\/www.lovendal.ro\\\/wp52\\\/#\\\/schema\\\/person\\\/088691de5dfc346bb0c023e1e52ef5d9\",\"name\":\"admin\",\"image\":{\"@type\":\"ImageObject\",\"inLanguage\":\"ro-RO\",\"@id\":\"https:\\\/\\\/secure.gravatar.com\\\/avatar\\\/ecb9cd41f5f63c9c9b989999a59f6e2639a865ec361e9db054db0679a8f341c2?s=96&d=mm&r=g\",\"url\":\"https:\\\/\\\/secure.gravatar.com\\\/avatar\\\/ecb9cd41f5f63c9c9b989999a59f6e2639a865ec361e9db054db0679a8f341c2?s=96&d=mm&r=g\",\"contentUrl\":\"https:\\\/\\\/secure.gravatar.com\\\/avatar\\\/ecb9cd41f5f63c9c9b989999a59f6e2639a865ec361e9db054db0679a8f341c2?s=96&d=mm&r=g\",\"caption\":\"admin\"},\"sameAs\":[\"https:\\\/\\\/www.lovendal.ro\\\/wp52\"]}]}<\/script>\n<!-- \/ Yoast SEO Premium plugin. -->","yoast_head_json":{"title":"Chiar \u015fi NASA e uimit\u0103 de acest r\u0103s\u0103rit de Soare neobi\u015fnuit din Argentina - Secretele lui Lovendal","robots":{"index":"index","follow":"follow","max-snippet":"max-snippet:-1","max-image-preview":"max-image-preview:large","max-video-preview":"max-video-preview:-1"},"canonical":"https:\/\/www.lovendal.ro\/wp52\/chiar-si-nasa-e-uimita-de-acest-rasarit-de-soare-neobisnuit-din-argentina\/","og_locale":"ro_RO","og_type":"article","og_title":"Chiar \u015fi NASA e uimit\u0103 de acest r\u0103s\u0103rit de Soare neobi\u015fnuit din Argentina","og_description":"Fotografia din st\u00e2nga articolului nu este f\u0103cut\u0103 de mine, bine\u00een\u0163eles. Dar e ciudat\u0103. Extrem de ciudat\u0103. De ce ar ar\u0103ta un r\u0103s\u0103rit de Soare at\u00e2t de bizar? Nimeni nu poate \u015fti sigur. Ceea ce este sigur e faptul c\u0103 neobi\u015fnuitul ... Cititi mai multe","og_url":"https:\/\/www.lovendal.ro\/wp52\/chiar-si-nasa-e-uimita-de-acest-rasarit-de-soare-neobisnuit-din-argentina\/","og_site_name":"Secretele lui Lovendal","article_publisher":"https:\/\/www.facebook.com\/secreteleluilovendal","article_published_time":"2011-10-14T05:57:46+00:00","article_modified_time":"2011-10-14T05:58:01+00:00","og_image":[{"width":1000,"height":611,"url":"https:\/\/www.lovendal.ro\/wp52\/wp-content\/uploads\/2011\/10\/rasarit-de-Soare-Argentina.jpg","type":"image\/jpeg"}],"author":"admin","twitter_card":"summary_large_image","twitter_misc":{"Scris de":"admin","Timp estimat pentru citire":"1 minut"},"schema":{"@context":"https:\/\/schema.org","@graph":[{"@type":"Article","@id":"https:\/\/www.lovendal.ro\/wp52\/chiar-si-nasa-e-uimita-de-acest-rasarit-de-soare-neobisnuit-din-argentina\/#article","isPartOf":{"@id":"https:\/\/www.lovendal.ro\/wp52\/chiar-si-nasa-e-uimita-de-acest-rasarit-de-soare-neobisnuit-din-argentina\/"},"author":{"name":"admin","@id":"https:\/\/www.lovendal.ro\/wp52\/#\/schema\/person\/088691de5dfc346bb0c023e1e52ef5d9"},"headline":"Chiar \u015fi NASA e uimit\u0103 de acest r\u0103s\u0103rit de Soare neobi\u015fnuit din Argentina","datePublished":"2011-10-14T05:57:46+00:00","dateModified":"2011-10-14T05:58:01+00:00","mainEntityOfPage":{"@id":"https:\/\/www.lovendal.ro\/wp52\/chiar-si-nasa-e-uimita-de-acest-rasarit-de-soare-neobisnuit-din-argentina\/"},"wordCount":281,"commentCount":8,"publisher":{"@id":"https:\/\/www.lovendal.ro\/wp52\/#organization"},"image":{"@id":"https:\/\/www.lovendal.ro\/wp52\/chiar-si-nasa-e-uimita-de-acest-rasarit-de-soare-neobisnuit-din-argentina\/#primaryimage"},"thumbnailUrl":"https:\/\/www.lovendal.ro\/wp52\/wp-content\/uploads\/2011\/10\/rasarit-de-Soare-Argentina.jpg","keywords":["Argentina","Buenos Aires","Fata Morgan\u0103","NASA","nori","Poze controversate","r\u0103s\u0103rit de Soare","Rio de Plata","Soare"],"articleSection":["Poze controversate"],"inLanguage":"ro-RO","potentialAction":[{"@type":"CommentAction","name":"Comment","target":["https:\/\/www.lovendal.ro\/wp52\/chiar-si-nasa-e-uimita-de-acest-rasarit-de-soare-neobisnuit-din-argentina\/#respond"]}]},{"@type":"WebPage","@id":"https:\/\/www.lovendal.ro\/wp52\/chiar-si-nasa-e-uimita-de-acest-rasarit-de-soare-neobisnuit-din-argentina\/","url":"https:\/\/www.lovendal.ro\/wp52\/chiar-si-nasa-e-uimita-de-acest-rasarit-de-soare-neobisnuit-din-argentina\/","name":"Chiar \u015fi NASA e uimit\u0103 de acest r\u0103s\u0103rit de Soare neobi\u015fnuit din Argentina - Secretele lui Lovendal","isPartOf":{"@id":"https:\/\/www.lovendal.ro\/wp52\/#website"},"primaryImageOfPage":{"@id":"https:\/\/www.lovendal.ro\/wp52\/chiar-si-nasa-e-uimita-de-acest-rasarit-de-soare-neobisnuit-din-argentina\/#primaryimage"},"image":{"@id":"https:\/\/www.lovendal.ro\/wp52\/chiar-si-nasa-e-uimita-de-acest-rasarit-de-soare-neobisnuit-din-argentina\/#primaryimage"},"thumbnailUrl":"https:\/\/www.lovendal.ro\/wp52\/wp-content\/uploads\/2011\/10\/rasarit-de-Soare-Argentina.jpg","datePublished":"2011-10-14T05:57:46+00:00","dateModified":"2011-10-14T05:58:01+00:00","breadcrumb":{"@id":"https:\/\/www.lovendal.ro\/wp52\/chiar-si-nasa-e-uimita-de-acest-rasarit-de-soare-neobisnuit-din-argentina\/#breadcrumb"},"inLanguage":"ro-RO","potentialAction":[{"@type":"ReadAction","target":["https:\/\/www.lovendal.ro\/wp52\/chiar-si-nasa-e-uimita-de-acest-rasarit-de-soare-neobisnuit-din-argentina\/"]}]},{"@type":"ImageObject","inLanguage":"ro-RO","@id":"https:\/\/www.lovendal.ro\/wp52\/chiar-si-nasa-e-uimita-de-acest-rasarit-de-soare-neobisnuit-din-argentina\/#primaryimage","url":"https:\/\/www.lovendal.ro\/wp52\/wp-content\/uploads\/2011\/10\/rasarit-de-Soare-Argentina.jpg","contentUrl":"https:\/\/www.lovendal.ro\/wp52\/wp-content\/uploads\/2011\/10\/rasarit-de-Soare-Argentina.jpg","width":"1000","height":"611","caption":"Click pe imagine pentru marire"},{"@type":"BreadcrumbList","@id":"https:\/\/www.lovendal.ro\/wp52\/chiar-si-nasa-e-uimita-de-acest-rasarit-de-soare-neobisnuit-din-argentina\/#breadcrumb","itemListElement":[{"@type":"ListItem","position":1,"name":"Home","item":"https:\/\/www.lovendal.ro\/wp52\/"},{"@type":"ListItem","position":2,"name":"Chiar \u015fi NASA e uimit\u0103 de acest r\u0103s\u0103rit de Soare neobi\u015fnuit din Argentina"}]},{"@type":"WebSite","@id":"https:\/\/www.lovendal.ro\/wp52\/#website","url":"https:\/\/www.lovendal.ro\/wp52\/","name":"Secretele lui Lovendal","description":"Site de secrete, stiinta si metafizica - din 2008 -","publisher":{"@id":"https:\/\/www.lovendal.ro\/wp52\/#organization"},"potentialAction":[{"@type":"SearchAction","target":{"@type":"EntryPoint","urlTemplate":"https:\/\/www.lovendal.ro\/wp52\/?s={search_term_string}"},"query-input":{"@type":"PropertyValueSpecification","valueRequired":true,"valueName":"search_term_string"}}],"inLanguage":"ro-RO"},{"@type":"Organization","@id":"https:\/\/www.lovendal.ro\/wp52\/#organization","name":"Secretele lui Lovendal","url":"https:\/\/www.lovendal.ro\/wp52\/","logo":{"@type":"ImageObject","inLanguage":"ro-RO","@id":"https:\/\/www.lovendal.ro\/wp52\/#\/schema\/logo\/image\/","url":"https:\/\/www.lovendal.ro\/wp52\/wp-content\/uploads\/2024\/06\/cropped-SLL-iun-2024-1.jpg","contentUrl":"https:\/\/www.lovendal.ro\/wp52\/wp-content\/uploads\/2024\/06\/cropped-SLL-iun-2024-1.jpg","width":771,"height":240,"caption":"Secretele lui Lovendal"},"image":{"@id":"https:\/\/www.lovendal.ro\/wp52\/#\/schema\/logo\/image\/"},"sameAs":["https:\/\/www.facebook.com\/secreteleluilovendal"]},{"@type":"Person","@id":"https:\/\/www.lovendal.ro\/wp52\/#\/schema\/person\/088691de5dfc346bb0c023e1e52ef5d9","name":"admin","image":{"@type":"ImageObject","inLanguage":"ro-RO","@id":"https:\/\/secure.gravatar.com\/avatar\/ecb9cd41f5f63c9c9b989999a59f6e2639a865ec361e9db054db0679a8f341c2?s=96&d=mm&r=g","url":"https:\/\/secure.gravatar.com\/avatar\/ecb9cd41f5f63c9c9b989999a59f6e2639a865ec361e9db054db0679a8f341c2?s=96&d=mm&r=g","contentUrl":"https:\/\/secure.gravatar.com\/avatar\/ecb9cd41f5f63c9c9b989999a59f6e2639a865ec361e9db054db0679a8f341c2?s=96&d=mm&r=g","caption":"admin"},"sameAs":["https:\/\/www.lovendal.ro\/wp52"]}]}},"_links":{"self":[{"href":"https:\/\/www.lovendal.ro\/wp52\/wp-json\/wp\/v2\/posts\/20490","targetHints":{"allow":["GET"]}}],"collection":[{"href":"https:\/\/www.lovendal.ro\/wp52\/wp-json\/wp\/v2\/posts"}],"about":[{"href":"https:\/\/www.lovendal.ro\/wp52\/wp-json\/wp\/v2\/types\/post"}],"author":[{"embeddable":true,"href":"https:\/\/www.lovendal.ro\/wp52\/wp-json\/wp\/v2\/users\/1"}],"replies":[{"embeddable":true,"href":"https:\/\/www.lovendal.ro\/wp52\/wp-json\/wp\/v2\/comments?post=20490"}],"version-history":[{"count":0,"href":"https:\/\/www.lovendal.ro\/wp52\/wp-json\/wp\/v2\/posts\/20490\/revisions"}],"wp:featuredmedia":[{"embeddable":true,"href":"https:\/\/www.lovendal.ro\/wp52\/wp-json\/wp\/v2\/media\/20491"}],"wp:attachment":[{"href":"https:\/\/www.lovendal.ro\/wp52\/wp-json\/wp\/v2\/media?parent=20490"}],"wp:term":[{"taxonomy":"category","embeddable":true,"href":"https:\/\/www.lovendal.ro\/wp52\/wp-json\/wp\/v2\/categories?post=20490"},{"taxonomy":"post_tag","embeddable":true,"href":"https:\/\/www.lovendal.ro\/wp52\/wp-json\/wp\/v2\/tags?post=20490"}],"curies":[{"name":"wp","href":"https:\/\/api.w.org\/{rel}","templated":true}]}}