{"id":2012,"date":"2008-12-17T09:50:18","date_gmt":"2008-12-17T05:50:18","guid":{"rendered":"http:\/\/www.lovendal.net\/wp52\/?p=2012"},"modified":"2017-04-20T18:41:17","modified_gmt":"2017-04-20T15:41:17","slug":"fascismul-in-germania-lui-hitler-si-a-avut-originile-din-secolele-xv-si-xvi","status":"publish","type":"post","link":"https:\/\/www.lovendal.ro\/wp52\/fascismul-in-germania-lui-hitler-si-a-avut-originile-din-secolele-xv-si-xvi\/","title":{"rendered":"Fascismul \u00een Germania lui Hitler \u015fi-a avut originile \u00een secolele XV \u015fi XVI"},"content":{"rendered":"<p><img loading=\"lazy\" decoding=\"async\" class=\"alignleft size-full wp-image-2013\" title=\"fascism\" src=\"https:\/\/www.lovendal.ro\/wp52\/wp-content\/uploads\/2008\/12\/fascism.jpg\" alt=\"fascism\" width=\"380\" height=\"254\" srcset=\"https:\/\/www.lovendal.ro\/wp52\/wp-content\/uploads\/2008\/12\/fascism.jpg 380w, https:\/\/www.lovendal.ro\/wp52\/wp-content\/uploads\/2008\/12\/fascism-300x200.jpg 300w\" sizes=\"auto, (max-width: 380px) 100vw, 380px\" \/>Cu toate c\u0103 ascensiunea fascismului \u00een Germania, dup\u0103 primul r\u0103zboi mondial, \u00ee\u015fi are cauze economice \u015fi sociale obiective, totu\u015fi, toate acestea nu pot explica nicidecum tr\u0103s\u0103turile specifice care i-au adus o trist\u0103 celebritate regimului hitlerist. \u015ei statut fascist italian era unul totalitar, iar nazi\u015ftii s-au inspirat din el \u00een numeroase domenii. Cu toate acestea, el nu a crezut necesar ca, \u00een numele unui mit al s\u00e2ngelui, s\u0103-i extermine masiv pe evrei, \u0163igani \u015fi pe bolnavii mintali. Niciun fizician italian, oric\u00e2t de fanatic fascist ar fi fost el, n-a declarat niciodat\u0103 c\u0103 p\u0103m\u00e2ntul e gol pe din\u0103untru \u015fi c\u0103 noi locuim \u00een interiorul lui. Regimul mussolinian n-a finan\u0163at niciodat\u0103 vreo expedi\u0163ie la Troia \u00een scopul reg\u0103sirii urmelor lui Aeneas, iar Mussolini n-a pretins niciodat\u0103 c\u0103 e re\u00eencarnarea lui Tarquinius Superbus.<\/p>\n<p>Abera\u0163ii \u00een acest gen, cum \u015fi multe altele asemenea, au fost monopolul nazismului. Or, apari\u0163ia lor \u00een plin secol XX \u015fi \u00eentr-o \u0163ar\u0103 de \u00eenalt\u0103 cultur\u0103 n-ar putea fi explicat\u0103 f\u0103r\u0103 cercetarea surselor oculte ale \u00eensp\u0103im\u00e2nt\u0103torului sistem cu care Adolf Hitler \u015fi inspiratorii s\u0103i au pornit s\u0103 cucereasc\u0103 lumea.<\/p>\n<p>La drept vorbind, aceste abera\u0163ii \u00ee\u015fi au originea \u00een trecutul \u00eendep\u0103rtat al istoriei germane. La \u00eenceputul secolului al XV-lea circula un pamflet anonim intitulat <em><strong>Gamalon<\/strong><\/em> \u015fi care vestea c\u0103 viitorul \u00eemp\u0103rat al Germaniei avea s\u0103 distrug\u0103 Fran\u0163a \u015fi papalitatea, apoi s\u0103-i extermine pe evrei \u015fi s\u0103-i \u00eenrobeasc\u0103 pe slavi. Un secol mai t\u00e2rziu ap\u0103rea<em><strong> Cartea cu o sut\u0103 de capitole<\/strong><\/em> al c\u0103rei autor, cunoscut sub denumirea de \u201erevolu\u0163ionarul de pe Rhinui-de-sus&#8221;, declara c\u0103 programul lui era inspirat de Dumnezeu \u015fi dictat de arhanghelul Mihail. Era vorba, mai \u00eent\u00e2i, de crearea unei societ\u0103\u0163i secrete de credincio\u015fi av\u00e2nd drept emblem\u0103 o cruce galben\u0103 \u015fi care, dup\u0103 ce \u00eel vor fi asasinat pe Maximilian, \u00eemp\u0103ratul din acea vreme, \u00eel vor ajuta pe misteriosul \u201e\u00eemp\u0103rat din P\u0103durea Neagr\u0103&#8221;, personaj mesianic s\u0103 ajung\u0103 s\u0103 domine lumea de la vest la est, cucerind-o prin for\u0163a armelor.<em> \u201e\u00cen cur\u00e2nd bea-vom s\u00e2nge drept vin&#8221;,<\/em> vestea cu bucurie autorul. Al cui s\u00e2nge? Al clerului, al c\u0103m\u0103tarilor \u015fi al p\u0103c\u0103to\u015filor \u00eenr\u0103i\u0163i, c\u0103ci to\u0163i ace\u015ftia trebuie extermina\u0163i: <em>\u201eFie lapida\u0163i, fie sugruma\u0163i, fie ar\u015fi, fie \u00eengrop\u00e2ndu-i de vii.&#8221;<\/em><\/p>\n<p>Autorul profeseaz\u0103 \u00eens\u0103 mai ales un na\u0163ionalism delirant: pentru el, poporul ales nu este poporul evreu, ci poporul german; \u00eensu\u015fi Adam, ca \u015fi descenden\u0163ii s\u0103i \u015fi to\u0163i patriarhii erau germani \u015fi vorbeau germana, care era limba universal\u0103 de dinaintea construirii Turnului Babel. Legea divin\u0103 nu este Decalogul, inven\u0163ie a impostorului Moise, ci aceea care e \u00eenscris\u0103 \u00een statutele din Trier. \u00censu\u015fi Alexandru cel Mare a fost un erou de ras\u0103 german\u0103; popoarele latine n-au f\u0103cut dec\u00e2t s\u0103 polueze specia uman\u0103, dar \u00eemp\u0103ratul din P\u0103durea Neagr\u0103 le va pune sub jugul s\u0103u, va restaura V\u00e2rsta de Aur a vechilor germani, eveniment pe care autorul \u00eel a\u015fteapt\u0103 pentru anul 1515, \u015fi va fi recunoscut ca Dumnezeu p\u0103m\u00e2ntesc. De la Moeller von den Bruck la Alfred Rosenberg trec\u00e2nd prin Walter Darre, to\u0163i precursorii sau ideologii nazismului \u00ee\u015fi vor face din aceste teme paranoice pe care le vor adapta gustului vremii esen\u0163a discursului lor.<\/p>\n","protected":false},"excerpt":{"rendered":"<p>Cu toate c\u0103 ascensiunea fascismului \u00een Germania, dup\u0103 primul r\u0103zboi mondial, \u00ee\u015fi are cauze economice \u015fi sociale obiective, totu\u015fi, toate acestea nu pot explica nicidecum tr\u0103s\u0103turile specifice care i-au adus o trist\u0103 celebritate regimului hitlerist. \u015ei statut fascist italian era &#8230; <\/p>\n<p class=\"read-more-container\"><a title=\"Fascismul \u00een Germania lui Hitler \u015fi-a avut originile \u00een secolele XV \u015fi XVI\" class=\"read-more button\" href=\"https:\/\/www.lovendal.ro\/wp52\/fascismul-in-germania-lui-hitler-si-a-avut-originile-din-secolele-xv-si-xvi\/#more-2012\" aria-label=\"Cite\u0219te mai multe despre Fascismul \u00een Germania lui Hitler \u015fi-a avut originile \u00een secolele XV \u015fi XVI\">Cititi mai multe<\/a><\/p>\n","protected":false},"author":1,"featured_media":2013,"comment_status":"open","ping_status":"closed","sticky":false,"template":"","format":"standard","meta":{"footnotes":""},"categories":[9],"tags":[521,202,203,85,1532,294,87],"class_list":["post-2012","post","type-post","status-publish","format-standard","has-post-thumbnail","hentry","category-istorie","tag-fascism","tag-franta","tag-germania","tag-hitler","tag-istorie-si-civilizatii","tag-maximilian-i","tag-mussolini","resize-featured-image"],"yoast_head":"<!-- This site is optimized with the Yoast SEO Premium plugin v23.3 (Yoast SEO v27.4) - https:\/\/yoast.com\/product\/yoast-seo-premium-wordpress\/ -->\n<title>Fascismul \u00een Germania lui Hitler \u015fi-a avut originile \u00een secolele XV \u015fi XVI - Secretele lui Lovendal<\/title>\n<meta name=\"robots\" content=\"index, follow, max-snippet:-1, max-image-preview:large, max-video-preview:-1\" \/>\n<link rel=\"canonical\" href=\"https:\/\/www.lovendal.ro\/wp52\/fascismul-in-germania-lui-hitler-si-a-avut-originile-din-secolele-xv-si-xvi\/\" \/>\n<meta property=\"og:locale\" content=\"ro_RO\" \/>\n<meta property=\"og:type\" content=\"article\" \/>\n<meta property=\"og:title\" content=\"Fascismul \u00een Germania lui Hitler \u015fi-a avut originile \u00een secolele XV \u015fi XVI\" \/>\n<meta property=\"og:description\" content=\"Cu toate c\u0103 ascensiunea fascismului \u00een Germania, dup\u0103 primul r\u0103zboi mondial, \u00ee\u015fi are cauze economice \u015fi sociale obiective, totu\u015fi, toate acestea nu pot explica nicidecum tr\u0103s\u0103turile specifice care i-au adus o trist\u0103 celebritate regimului hitlerist. \u015ei statut fascist italian era ... Cititi mai multe\" \/>\n<meta property=\"og:url\" content=\"https:\/\/www.lovendal.ro\/wp52\/fascismul-in-germania-lui-hitler-si-a-avut-originile-din-secolele-xv-si-xvi\/\" \/>\n<meta property=\"og:site_name\" content=\"Secretele lui Lovendal\" \/>\n<meta property=\"article:publisher\" content=\"https:\/\/www.facebook.com\/secreteleluilovendal\" \/>\n<meta property=\"article:published_time\" content=\"2008-12-17T05:50:18+00:00\" \/>\n<meta property=\"article:modified_time\" content=\"2017-04-20T15:41:17+00:00\" \/>\n<meta property=\"og:image\" content=\"https:\/\/www.lovendal.ro\/wp52\/wp-content\/uploads\/2008\/12\/fascism.jpg\" \/>\n\t<meta property=\"og:image:width\" content=\"380\" \/>\n\t<meta property=\"og:image:height\" content=\"254\" \/>\n\t<meta property=\"og:image:type\" content=\"image\/jpeg\" \/>\n<meta name=\"author\" content=\"admin\" \/>\n<meta name=\"twitter:card\" content=\"summary_large_image\" \/>\n<meta name=\"twitter:label1\" content=\"Scris de\" \/>\n\t<meta name=\"twitter:data1\" content=\"admin\" \/>\n\t<meta name=\"twitter:label2\" content=\"Timp estimat pentru citire\" \/>\n\t<meta name=\"twitter:data2\" content=\"3 minute\" \/>\n<script type=\"application\/ld+json\" class=\"yoast-schema-graph\">{\"@context\":\"https:\\\/\\\/schema.org\",\"@graph\":[{\"@type\":\"Article\",\"@id\":\"https:\\\/\\\/www.lovendal.ro\\\/wp52\\\/fascismul-in-germania-lui-hitler-si-a-avut-originile-din-secolele-xv-si-xvi\\\/#article\",\"isPartOf\":{\"@id\":\"https:\\\/\\\/www.lovendal.ro\\\/wp52\\\/fascismul-in-germania-lui-hitler-si-a-avut-originile-din-secolele-xv-si-xvi\\\/\"},\"author\":{\"name\":\"admin\",\"@id\":\"https:\\\/\\\/www.lovendal.ro\\\/wp52\\\/#\\\/schema\\\/person\\\/088691de5dfc346bb0c023e1e52ef5d9\"},\"headline\":\"Fascismul \u00een Germania lui Hitler \u015fi-a avut originile \u00een secolele XV \u015fi XVI\",\"datePublished\":\"2008-12-17T05:50:18+00:00\",\"dateModified\":\"2017-04-20T15:41:17+00:00\",\"mainEntityOfPage\":{\"@id\":\"https:\\\/\\\/www.lovendal.ro\\\/wp52\\\/fascismul-in-germania-lui-hitler-si-a-avut-originile-din-secolele-xv-si-xvi\\\/\"},\"wordCount\":593,\"commentCount\":0,\"publisher\":{\"@id\":\"https:\\\/\\\/www.lovendal.ro\\\/wp52\\\/#organization\"},\"image\":{\"@id\":\"https:\\\/\\\/www.lovendal.ro\\\/wp52\\\/fascismul-in-germania-lui-hitler-si-a-avut-originile-din-secolele-xv-si-xvi\\\/#primaryimage\"},\"thumbnailUrl\":\"https:\\\/\\\/www.lovendal.ro\\\/wp52\\\/wp-content\\\/uploads\\\/2008\\\/12\\\/fascism.jpg\",\"keywords\":[\"fascism\",\"Fran\u0163a\",\"Germania\",\"Hitler\",\"Istorie si Civilizatii\",\"Maximilian I\",\"Mussolini\"],\"articleSection\":[\"Istorie si Civilizatii\"],\"inLanguage\":\"ro-RO\",\"potentialAction\":[{\"@type\":\"CommentAction\",\"name\":\"Comment\",\"target\":[\"https:\\\/\\\/www.lovendal.ro\\\/wp52\\\/fascismul-in-germania-lui-hitler-si-a-avut-originile-din-secolele-xv-si-xvi\\\/#respond\"]}]},{\"@type\":\"WebPage\",\"@id\":\"https:\\\/\\\/www.lovendal.ro\\\/wp52\\\/fascismul-in-germania-lui-hitler-si-a-avut-originile-din-secolele-xv-si-xvi\\\/\",\"url\":\"https:\\\/\\\/www.lovendal.ro\\\/wp52\\\/fascismul-in-germania-lui-hitler-si-a-avut-originile-din-secolele-xv-si-xvi\\\/\",\"name\":\"Fascismul \u00een Germania lui Hitler \u015fi-a avut originile \u00een secolele XV \u015fi XVI - Secretele lui Lovendal\",\"isPartOf\":{\"@id\":\"https:\\\/\\\/www.lovendal.ro\\\/wp52\\\/#website\"},\"primaryImageOfPage\":{\"@id\":\"https:\\\/\\\/www.lovendal.ro\\\/wp52\\\/fascismul-in-germania-lui-hitler-si-a-avut-originile-din-secolele-xv-si-xvi\\\/#primaryimage\"},\"image\":{\"@id\":\"https:\\\/\\\/www.lovendal.ro\\\/wp52\\\/fascismul-in-germania-lui-hitler-si-a-avut-originile-din-secolele-xv-si-xvi\\\/#primaryimage\"},\"thumbnailUrl\":\"https:\\\/\\\/www.lovendal.ro\\\/wp52\\\/wp-content\\\/uploads\\\/2008\\\/12\\\/fascism.jpg\",\"datePublished\":\"2008-12-17T05:50:18+00:00\",\"dateModified\":\"2017-04-20T15:41:17+00:00\",\"breadcrumb\":{\"@id\":\"https:\\\/\\\/www.lovendal.ro\\\/wp52\\\/fascismul-in-germania-lui-hitler-si-a-avut-originile-din-secolele-xv-si-xvi\\\/#breadcrumb\"},\"inLanguage\":\"ro-RO\",\"potentialAction\":[{\"@type\":\"ReadAction\",\"target\":[\"https:\\\/\\\/www.lovendal.ro\\\/wp52\\\/fascismul-in-germania-lui-hitler-si-a-avut-originile-din-secolele-xv-si-xvi\\\/\"]}]},{\"@type\":\"ImageObject\",\"inLanguage\":\"ro-RO\",\"@id\":\"https:\\\/\\\/www.lovendal.ro\\\/wp52\\\/fascismul-in-germania-lui-hitler-si-a-avut-originile-din-secolele-xv-si-xvi\\\/#primaryimage\",\"url\":\"https:\\\/\\\/www.lovendal.ro\\\/wp52\\\/wp-content\\\/uploads\\\/2008\\\/12\\\/fascism.jpg\",\"contentUrl\":\"https:\\\/\\\/www.lovendal.ro\\\/wp52\\\/wp-content\\\/uploads\\\/2008\\\/12\\\/fascism.jpg\",\"width\":\"380\",\"height\":\"254\"},{\"@type\":\"BreadcrumbList\",\"@id\":\"https:\\\/\\\/www.lovendal.ro\\\/wp52\\\/fascismul-in-germania-lui-hitler-si-a-avut-originile-din-secolele-xv-si-xvi\\\/#breadcrumb\",\"itemListElement\":[{\"@type\":\"ListItem\",\"position\":1,\"name\":\"Home\",\"item\":\"https:\\\/\\\/www.lovendal.ro\\\/wp52\\\/\"},{\"@type\":\"ListItem\",\"position\":2,\"name\":\"Fascismul \u00een Germania lui Hitler \u015fi-a avut originile \u00een secolele XV \u015fi XVI\"}]},{\"@type\":\"WebSite\",\"@id\":\"https:\\\/\\\/www.lovendal.ro\\\/wp52\\\/#website\",\"url\":\"https:\\\/\\\/www.lovendal.ro\\\/wp52\\\/\",\"name\":\"Secretele lui Lovendal\",\"description\":\"Site de secrete, stiinta si metafizica - din 2008 -\",\"publisher\":{\"@id\":\"https:\\\/\\\/www.lovendal.ro\\\/wp52\\\/#organization\"},\"potentialAction\":[{\"@type\":\"SearchAction\",\"target\":{\"@type\":\"EntryPoint\",\"urlTemplate\":\"https:\\\/\\\/www.lovendal.ro\\\/wp52\\\/?s={search_term_string}\"},\"query-input\":{\"@type\":\"PropertyValueSpecification\",\"valueRequired\":true,\"valueName\":\"search_term_string\"}}],\"inLanguage\":\"ro-RO\"},{\"@type\":\"Organization\",\"@id\":\"https:\\\/\\\/www.lovendal.ro\\\/wp52\\\/#organization\",\"name\":\"Secretele lui Lovendal\",\"url\":\"https:\\\/\\\/www.lovendal.ro\\\/wp52\\\/\",\"logo\":{\"@type\":\"ImageObject\",\"inLanguage\":\"ro-RO\",\"@id\":\"https:\\\/\\\/www.lovendal.ro\\\/wp52\\\/#\\\/schema\\\/logo\\\/image\\\/\",\"url\":\"https:\\\/\\\/www.lovendal.ro\\\/wp52\\\/wp-content\\\/uploads\\\/2024\\\/06\\\/cropped-SLL-iun-2024-1.jpg\",\"contentUrl\":\"https:\\\/\\\/www.lovendal.ro\\\/wp52\\\/wp-content\\\/uploads\\\/2024\\\/06\\\/cropped-SLL-iun-2024-1.jpg\",\"width\":771,\"height\":240,\"caption\":\"Secretele lui Lovendal\"},\"image\":{\"@id\":\"https:\\\/\\\/www.lovendal.ro\\\/wp52\\\/#\\\/schema\\\/logo\\\/image\\\/\"},\"sameAs\":[\"https:\\\/\\\/www.facebook.com\\\/secreteleluilovendal\"]},{\"@type\":\"Person\",\"@id\":\"https:\\\/\\\/www.lovendal.ro\\\/wp52\\\/#\\\/schema\\\/person\\\/088691de5dfc346bb0c023e1e52ef5d9\",\"name\":\"admin\",\"image\":{\"@type\":\"ImageObject\",\"inLanguage\":\"ro-RO\",\"@id\":\"https:\\\/\\\/secure.gravatar.com\\\/avatar\\\/ecb9cd41f5f63c9c9b989999a59f6e2639a865ec361e9db054db0679a8f341c2?s=96&d=mm&r=g\",\"url\":\"https:\\\/\\\/secure.gravatar.com\\\/avatar\\\/ecb9cd41f5f63c9c9b989999a59f6e2639a865ec361e9db054db0679a8f341c2?s=96&d=mm&r=g\",\"contentUrl\":\"https:\\\/\\\/secure.gravatar.com\\\/avatar\\\/ecb9cd41f5f63c9c9b989999a59f6e2639a865ec361e9db054db0679a8f341c2?s=96&d=mm&r=g\",\"caption\":\"admin\"},\"sameAs\":[\"https:\\\/\\\/www.lovendal.ro\\\/wp52\"]}]}<\/script>\n<!-- \/ Yoast SEO Premium plugin. -->","yoast_head_json":{"title":"Fascismul \u00een Germania lui Hitler \u015fi-a avut originile \u00een secolele XV \u015fi XVI - Secretele lui Lovendal","robots":{"index":"index","follow":"follow","max-snippet":"max-snippet:-1","max-image-preview":"max-image-preview:large","max-video-preview":"max-video-preview:-1"},"canonical":"https:\/\/www.lovendal.ro\/wp52\/fascismul-in-germania-lui-hitler-si-a-avut-originile-din-secolele-xv-si-xvi\/","og_locale":"ro_RO","og_type":"article","og_title":"Fascismul \u00een Germania lui Hitler \u015fi-a avut originile \u00een secolele XV \u015fi XVI","og_description":"Cu toate c\u0103 ascensiunea fascismului \u00een Germania, dup\u0103 primul r\u0103zboi mondial, \u00ee\u015fi are cauze economice \u015fi sociale obiective, totu\u015fi, toate acestea nu pot explica nicidecum tr\u0103s\u0103turile specifice care i-au adus o trist\u0103 celebritate regimului hitlerist. \u015ei statut fascist italian era ... Cititi mai multe","og_url":"https:\/\/www.lovendal.ro\/wp52\/fascismul-in-germania-lui-hitler-si-a-avut-originile-din-secolele-xv-si-xvi\/","og_site_name":"Secretele lui Lovendal","article_publisher":"https:\/\/www.facebook.com\/secreteleluilovendal","article_published_time":"2008-12-17T05:50:18+00:00","article_modified_time":"2017-04-20T15:41:17+00:00","og_image":[{"width":380,"height":254,"url":"https:\/\/www.lovendal.ro\/wp52\/wp-content\/uploads\/2008\/12\/fascism.jpg","type":"image\/jpeg"}],"author":"admin","twitter_card":"summary_large_image","twitter_misc":{"Scris de":"admin","Timp estimat pentru citire":"3 minute"},"schema":{"@context":"https:\/\/schema.org","@graph":[{"@type":"Article","@id":"https:\/\/www.lovendal.ro\/wp52\/fascismul-in-germania-lui-hitler-si-a-avut-originile-din-secolele-xv-si-xvi\/#article","isPartOf":{"@id":"https:\/\/www.lovendal.ro\/wp52\/fascismul-in-germania-lui-hitler-si-a-avut-originile-din-secolele-xv-si-xvi\/"},"author":{"name":"admin","@id":"https:\/\/www.lovendal.ro\/wp52\/#\/schema\/person\/088691de5dfc346bb0c023e1e52ef5d9"},"headline":"Fascismul \u00een Germania lui Hitler \u015fi-a avut originile \u00een secolele XV \u015fi XVI","datePublished":"2008-12-17T05:50:18+00:00","dateModified":"2017-04-20T15:41:17+00:00","mainEntityOfPage":{"@id":"https:\/\/www.lovendal.ro\/wp52\/fascismul-in-germania-lui-hitler-si-a-avut-originile-din-secolele-xv-si-xvi\/"},"wordCount":593,"commentCount":0,"publisher":{"@id":"https:\/\/www.lovendal.ro\/wp52\/#organization"},"image":{"@id":"https:\/\/www.lovendal.ro\/wp52\/fascismul-in-germania-lui-hitler-si-a-avut-originile-din-secolele-xv-si-xvi\/#primaryimage"},"thumbnailUrl":"https:\/\/www.lovendal.ro\/wp52\/wp-content\/uploads\/2008\/12\/fascism.jpg","keywords":["fascism","Fran\u0163a","Germania","Hitler","Istorie si Civilizatii","Maximilian I","Mussolini"],"articleSection":["Istorie si Civilizatii"],"inLanguage":"ro-RO","potentialAction":[{"@type":"CommentAction","name":"Comment","target":["https:\/\/www.lovendal.ro\/wp52\/fascismul-in-germania-lui-hitler-si-a-avut-originile-din-secolele-xv-si-xvi\/#respond"]}]},{"@type":"WebPage","@id":"https:\/\/www.lovendal.ro\/wp52\/fascismul-in-germania-lui-hitler-si-a-avut-originile-din-secolele-xv-si-xvi\/","url":"https:\/\/www.lovendal.ro\/wp52\/fascismul-in-germania-lui-hitler-si-a-avut-originile-din-secolele-xv-si-xvi\/","name":"Fascismul \u00een Germania lui Hitler \u015fi-a avut originile \u00een secolele XV \u015fi XVI - Secretele lui Lovendal","isPartOf":{"@id":"https:\/\/www.lovendal.ro\/wp52\/#website"},"primaryImageOfPage":{"@id":"https:\/\/www.lovendal.ro\/wp52\/fascismul-in-germania-lui-hitler-si-a-avut-originile-din-secolele-xv-si-xvi\/#primaryimage"},"image":{"@id":"https:\/\/www.lovendal.ro\/wp52\/fascismul-in-germania-lui-hitler-si-a-avut-originile-din-secolele-xv-si-xvi\/#primaryimage"},"thumbnailUrl":"https:\/\/www.lovendal.ro\/wp52\/wp-content\/uploads\/2008\/12\/fascism.jpg","datePublished":"2008-12-17T05:50:18+00:00","dateModified":"2017-04-20T15:41:17+00:00","breadcrumb":{"@id":"https:\/\/www.lovendal.ro\/wp52\/fascismul-in-germania-lui-hitler-si-a-avut-originile-din-secolele-xv-si-xvi\/#breadcrumb"},"inLanguage":"ro-RO","potentialAction":[{"@type":"ReadAction","target":["https:\/\/www.lovendal.ro\/wp52\/fascismul-in-germania-lui-hitler-si-a-avut-originile-din-secolele-xv-si-xvi\/"]}]},{"@type":"ImageObject","inLanguage":"ro-RO","@id":"https:\/\/www.lovendal.ro\/wp52\/fascismul-in-germania-lui-hitler-si-a-avut-originile-din-secolele-xv-si-xvi\/#primaryimage","url":"https:\/\/www.lovendal.ro\/wp52\/wp-content\/uploads\/2008\/12\/fascism.jpg","contentUrl":"https:\/\/www.lovendal.ro\/wp52\/wp-content\/uploads\/2008\/12\/fascism.jpg","width":"380","height":"254"},{"@type":"BreadcrumbList","@id":"https:\/\/www.lovendal.ro\/wp52\/fascismul-in-germania-lui-hitler-si-a-avut-originile-din-secolele-xv-si-xvi\/#breadcrumb","itemListElement":[{"@type":"ListItem","position":1,"name":"Home","item":"https:\/\/www.lovendal.ro\/wp52\/"},{"@type":"ListItem","position":2,"name":"Fascismul \u00een Germania lui Hitler \u015fi-a avut originile \u00een secolele XV \u015fi XVI"}]},{"@type":"WebSite","@id":"https:\/\/www.lovendal.ro\/wp52\/#website","url":"https:\/\/www.lovendal.ro\/wp52\/","name":"Secretele lui Lovendal","description":"Site de secrete, stiinta si metafizica - din 2008 -","publisher":{"@id":"https:\/\/www.lovendal.ro\/wp52\/#organization"},"potentialAction":[{"@type":"SearchAction","target":{"@type":"EntryPoint","urlTemplate":"https:\/\/www.lovendal.ro\/wp52\/?s={search_term_string}"},"query-input":{"@type":"PropertyValueSpecification","valueRequired":true,"valueName":"search_term_string"}}],"inLanguage":"ro-RO"},{"@type":"Organization","@id":"https:\/\/www.lovendal.ro\/wp52\/#organization","name":"Secretele lui Lovendal","url":"https:\/\/www.lovendal.ro\/wp52\/","logo":{"@type":"ImageObject","inLanguage":"ro-RO","@id":"https:\/\/www.lovendal.ro\/wp52\/#\/schema\/logo\/image\/","url":"https:\/\/www.lovendal.ro\/wp52\/wp-content\/uploads\/2024\/06\/cropped-SLL-iun-2024-1.jpg","contentUrl":"https:\/\/www.lovendal.ro\/wp52\/wp-content\/uploads\/2024\/06\/cropped-SLL-iun-2024-1.jpg","width":771,"height":240,"caption":"Secretele lui Lovendal"},"image":{"@id":"https:\/\/www.lovendal.ro\/wp52\/#\/schema\/logo\/image\/"},"sameAs":["https:\/\/www.facebook.com\/secreteleluilovendal"]},{"@type":"Person","@id":"https:\/\/www.lovendal.ro\/wp52\/#\/schema\/person\/088691de5dfc346bb0c023e1e52ef5d9","name":"admin","image":{"@type":"ImageObject","inLanguage":"ro-RO","@id":"https:\/\/secure.gravatar.com\/avatar\/ecb9cd41f5f63c9c9b989999a59f6e2639a865ec361e9db054db0679a8f341c2?s=96&d=mm&r=g","url":"https:\/\/secure.gravatar.com\/avatar\/ecb9cd41f5f63c9c9b989999a59f6e2639a865ec361e9db054db0679a8f341c2?s=96&d=mm&r=g","contentUrl":"https:\/\/secure.gravatar.com\/avatar\/ecb9cd41f5f63c9c9b989999a59f6e2639a865ec361e9db054db0679a8f341c2?s=96&d=mm&r=g","caption":"admin"},"sameAs":["https:\/\/www.lovendal.ro\/wp52"]}]}},"_links":{"self":[{"href":"https:\/\/www.lovendal.ro\/wp52\/wp-json\/wp\/v2\/posts\/2012","targetHints":{"allow":["GET"]}}],"collection":[{"href":"https:\/\/www.lovendal.ro\/wp52\/wp-json\/wp\/v2\/posts"}],"about":[{"href":"https:\/\/www.lovendal.ro\/wp52\/wp-json\/wp\/v2\/types\/post"}],"author":[{"embeddable":true,"href":"https:\/\/www.lovendal.ro\/wp52\/wp-json\/wp\/v2\/users\/1"}],"replies":[{"embeddable":true,"href":"https:\/\/www.lovendal.ro\/wp52\/wp-json\/wp\/v2\/comments?post=2012"}],"version-history":[{"count":0,"href":"https:\/\/www.lovendal.ro\/wp52\/wp-json\/wp\/v2\/posts\/2012\/revisions"}],"wp:featuredmedia":[{"embeddable":true,"href":"https:\/\/www.lovendal.ro\/wp52\/wp-json\/wp\/v2\/media\/2013"}],"wp:attachment":[{"href":"https:\/\/www.lovendal.ro\/wp52\/wp-json\/wp\/v2\/media?parent=2012"}],"wp:term":[{"taxonomy":"category","embeddable":true,"href":"https:\/\/www.lovendal.ro\/wp52\/wp-json\/wp\/v2\/categories?post=2012"},{"taxonomy":"post_tag","embeddable":true,"href":"https:\/\/www.lovendal.ro\/wp52\/wp-json\/wp\/v2\/tags?post=2012"}],"curies":[{"name":"wp","href":"https:\/\/api.w.org\/{rel}","templated":true}]}}