{"id":19736,"date":"2011-08-23T22:31:42","date_gmt":"2011-08-23T19:31:42","guid":{"rendered":"http:\/\/www.lovendal.net\/wp52\/?p=19736"},"modified":"2011-08-23T22:31:42","modified_gmt":"2011-08-23T19:31:42","slug":"nasa-spune-ca-extraterestrii-ne-ar-putea-ataca-ca-urmare-a-incalzirii-globale","status":"publish","type":"post","link":"https:\/\/www.lovendal.ro\/wp52\/nasa-spune-ca-extraterestrii-ne-ar-putea-ataca-ca-urmare-a-incalzirii-globale\/","title":{"rendered":"NASA spune c\u0103 extratere\u015ftrii ne-ar putea ataca ca urmare a \u00eenc\u0103lzirii globale"},"content":{"rendered":"<p><a href=\"https:\/\/www.lovendal.ro\/wp52\/wp-content\/uploads\/2011\/08\/extraterestri-verzi.jpg\"><img loading=\"lazy\" decoding=\"async\" class=\"alignleft size-full wp-image-19737\" title=\"extraterestri verzi\" src=\"https:\/\/www.lovendal.ro\/wp52\/wp-content\/uploads\/2011\/08\/extraterestri-verzi.jpg\" alt=\"\" width=\"300\" height=\"206\" \/><\/a>Poate c\u0103 NASA crede c\u0103 micii omule\u0163i verzi sunt chiar verzi&#8230;Spun asta \u00eentruc\u00e2t \u00eentr-unul din articolele publicate de o institu\u0163ie afiliat\u0103 la NASA se sugereaz\u0103 faptul c\u0103 nivelurile \u00eenalte de gaze de ser\u0103 de pe P\u0103m\u00e2nt ar putea provoca un atac extraterestru.<\/p>\n<p>Folosind spectrometria, extratere\u015ftrii de pe alte sisteme solare ar putea detecta schimb\u0103rile din atmosfera P\u0103m\u00e2ntului \u015fi s\u0103 deduc\u0103 de aici c\u0103 am sc\u0103pat totul de sub control, sugereaz\u0103 raportul publicat de Divizia de \u015etiin\u0163\u0103 Planetar\u0103 a NASA \u015fi Universitatea de Stat Pennsylvania \u015fi care poate fi citit <a href=\"http:\/\/arxiv.org\/abs\/1104.4462\" target=\"_blank\"><strong>AICI<\/strong><\/a>.<\/p>\n<p><em>&#8222;Acest scenariu ne ofer\u0103 motivul pentru a limita cre\u015fterea gazelor de ser\u0103 \u015fi a reduce impactul nostru asupra ecosistemului global. Ar fi foarte important pentru noi \u00een a limita emisiile noastre de gaze de ser\u0103, din moment ce compozi\u0163ia atmosferic\u0103 poate fi observat\u0103 de pe alte planete&#8221;<\/em>, spun autorii.<\/p>\n<p><em>&#8222;Un atac preventiv ar putea fi posibil \u00een fazele ini\u0163iale ale expansiunii noastre, \u00eentruc\u00e2t o civiliza\u0163ie ar putea fi mai greu distrus\u0103, odat\u0103 ce ar continua expansiunea&#8221;<\/em>, spun autorii acestui studiu, care ar fi buni de scenarii gen Hollywood.<\/p>\n<p>P.S. Precum am spus \u00een nenum\u0103rate r\u00e2nduri, \u00eenc\u0103lzirea global\u0103 este doar un mit (<a href=\"https:\/\/www.lovendal.ro\/wp52\/conspiratia-incalzirii-globale-10-mituri-care-au-inselat-omenirea\/\" target=\"_blank\"><strong>https:\/\/www.lovendal.ro\/wp52\/conspiratia-incalzirii-globale-10-mituri-care-au-inselat-omenirea\/<\/strong><\/a>). V\u0103z\u00e2nd c\u0103 \u00een\u015fel\u0103toria cu \u00eenc\u0103lzirea global\u0103 nu mai \u0163ine, acum se g\u00e2ndesc s\u0103 ne amenin\u0163e cu invazia extraterestr\u0103. Da, desigur, NASA e o organiza\u0163ie tare serioas\u0103&#8230;<\/p>\n","protected":false},"excerpt":{"rendered":"<p>Poate c\u0103 NASA crede c\u0103 micii omule\u0163i verzi sunt chiar verzi&#8230;Spun asta \u00eentruc\u00e2t \u00eentr-unul din articolele publicate de o institu\u0163ie afiliat\u0103 la NASA se sugereaz\u0103 faptul c\u0103 nivelurile \u00eenalte de gaze de ser\u0103 de pe P\u0103m\u00e2nt ar putea provoca un &#8230; <\/p>\n<p class=\"read-more-container\"><a title=\"NASA spune c\u0103 extratere\u015ftrii ne-ar putea ataca ca urmare a \u00eenc\u0103lzirii globale\" class=\"read-more button\" href=\"https:\/\/www.lovendal.ro\/wp52\/nasa-spune-ca-extraterestrii-ne-ar-putea-ataca-ca-urmare-a-incalzirii-globale\/#more-19736\" aria-label=\"Cite\u0219te mai multe despre NASA spune c\u0103 extratere\u015ftrii ne-ar putea ataca ca urmare a \u00eenc\u0103lzirii globale\">Cititi mai multe<\/a><\/p>\n","protected":false},"author":1,"featured_media":19737,"comment_status":"open","ping_status":"closed","sticky":false,"template":"","format":"standard","meta":{"footnotes":""},"categories":[14],"tags":[1961,51,1960,150,105,9796],"class_list":["post-19736","post","type-post","status-publish","format-standard","has-post-thumbnail","hentry","category-paranormal-spiritualitate","tag-efect-de-sera","tag-extraterestri","tag-incalzire-globala","tag-nasa","tag-pamant","tag-paranormal-spiritualitate","resize-featured-image"],"yoast_head":"<!-- This site is optimized with the Yoast SEO Premium plugin v23.3 (Yoast SEO v27.4) - https:\/\/yoast.com\/product\/yoast-seo-premium-wordpress\/ -->\n<title>NASA spune c\u0103 extratere\u015ftrii ne-ar putea ataca ca urmare a \u00eenc\u0103lzirii globale - Secretele lui Lovendal<\/title>\n<meta name=\"robots\" content=\"index, follow, max-snippet:-1, max-image-preview:large, max-video-preview:-1\" \/>\n<link rel=\"canonical\" href=\"https:\/\/www.lovendal.ro\/wp52\/nasa-spune-ca-extraterestrii-ne-ar-putea-ataca-ca-urmare-a-incalzirii-globale\/\" \/>\n<meta property=\"og:locale\" content=\"ro_RO\" \/>\n<meta property=\"og:type\" content=\"article\" \/>\n<meta property=\"og:title\" content=\"NASA spune c\u0103 extratere\u015ftrii ne-ar putea ataca ca urmare a \u00eenc\u0103lzirii globale\" \/>\n<meta property=\"og:description\" content=\"Poate c\u0103 NASA crede c\u0103 micii omule\u0163i verzi sunt chiar verzi&#8230;Spun asta \u00eentruc\u00e2t \u00eentr-unul din articolele publicate de o institu\u0163ie afiliat\u0103 la NASA se sugereaz\u0103 faptul c\u0103 nivelurile \u00eenalte de gaze de ser\u0103 de pe P\u0103m\u00e2nt ar putea provoca un ... Cititi mai multe\" \/>\n<meta property=\"og:url\" content=\"https:\/\/www.lovendal.ro\/wp52\/nasa-spune-ca-extraterestrii-ne-ar-putea-ataca-ca-urmare-a-incalzirii-globale\/\" \/>\n<meta property=\"og:site_name\" content=\"Secretele lui Lovendal\" \/>\n<meta property=\"article:publisher\" content=\"https:\/\/www.facebook.com\/secreteleluilovendal\" \/>\n<meta property=\"article:published_time\" content=\"2011-08-23T19:31:42+00:00\" \/>\n<meta property=\"og:image\" content=\"https:\/\/www.lovendal.ro\/wp52\/wp-content\/uploads\/2011\/08\/extraterestri-verzi.jpg\" \/>\n\t<meta property=\"og:image:width\" content=\"300\" \/>\n\t<meta property=\"og:image:height\" content=\"206\" \/>\n\t<meta property=\"og:image:type\" content=\"image\/jpeg\" \/>\n<meta name=\"author\" content=\"admin\" \/>\n<meta name=\"twitter:card\" content=\"summary_large_image\" \/>\n<meta name=\"twitter:label1\" content=\"Scris de\" \/>\n\t<meta name=\"twitter:data1\" content=\"admin\" \/>\n\t<meta name=\"twitter:label2\" content=\"Timp estimat pentru citire\" \/>\n\t<meta name=\"twitter:data2\" content=\"1 minut\" \/>\n<script type=\"application\/ld+json\" class=\"yoast-schema-graph\">{\"@context\":\"https:\\\/\\\/schema.org\",\"@graph\":[{\"@type\":\"Article\",\"@id\":\"https:\\\/\\\/www.lovendal.ro\\\/wp52\\\/nasa-spune-ca-extraterestrii-ne-ar-putea-ataca-ca-urmare-a-incalzirii-globale\\\/#article\",\"isPartOf\":{\"@id\":\"https:\\\/\\\/www.lovendal.ro\\\/wp52\\\/nasa-spune-ca-extraterestrii-ne-ar-putea-ataca-ca-urmare-a-incalzirii-globale\\\/\"},\"author\":{\"name\":\"admin\",\"@id\":\"https:\\\/\\\/www.lovendal.ro\\\/wp52\\\/#\\\/schema\\\/person\\\/088691de5dfc346bb0c023e1e52ef5d9\"},\"headline\":\"NASA spune c\u0103 extratere\u015ftrii ne-ar putea ataca ca urmare a \u00eenc\u0103lzirii globale\",\"datePublished\":\"2011-08-23T19:31:42+00:00\",\"mainEntityOfPage\":{\"@id\":\"https:\\\/\\\/www.lovendal.ro\\\/wp52\\\/nasa-spune-ca-extraterestrii-ne-ar-putea-ataca-ca-urmare-a-incalzirii-globale\\\/\"},\"wordCount\":266,\"commentCount\":11,\"publisher\":{\"@id\":\"https:\\\/\\\/www.lovendal.ro\\\/wp52\\\/#organization\"},\"image\":{\"@id\":\"https:\\\/\\\/www.lovendal.ro\\\/wp52\\\/nasa-spune-ca-extraterestrii-ne-ar-putea-ataca-ca-urmare-a-incalzirii-globale\\\/#primaryimage\"},\"thumbnailUrl\":\"https:\\\/\\\/www.lovendal.ro\\\/wp52\\\/wp-content\\\/uploads\\\/2011\\\/08\\\/extraterestri-verzi.jpg\",\"keywords\":[\"efect de ser\u0103\",\"extratere\u015ftri\",\"\u00eenc\u0103lzire global\u0103\",\"NASA\",\"P\u0103m\u00e2nt\",\"Paranormal-Spiritualitate\"],\"articleSection\":[\"Paranormal-Spiritualitate\"],\"inLanguage\":\"ro-RO\",\"potentialAction\":[{\"@type\":\"CommentAction\",\"name\":\"Comment\",\"target\":[\"https:\\\/\\\/www.lovendal.ro\\\/wp52\\\/nasa-spune-ca-extraterestrii-ne-ar-putea-ataca-ca-urmare-a-incalzirii-globale\\\/#respond\"]}]},{\"@type\":\"WebPage\",\"@id\":\"https:\\\/\\\/www.lovendal.ro\\\/wp52\\\/nasa-spune-ca-extraterestrii-ne-ar-putea-ataca-ca-urmare-a-incalzirii-globale\\\/\",\"url\":\"https:\\\/\\\/www.lovendal.ro\\\/wp52\\\/nasa-spune-ca-extraterestrii-ne-ar-putea-ataca-ca-urmare-a-incalzirii-globale\\\/\",\"name\":\"NASA spune c\u0103 extratere\u015ftrii ne-ar putea ataca ca urmare a \u00eenc\u0103lzirii globale - Secretele lui Lovendal\",\"isPartOf\":{\"@id\":\"https:\\\/\\\/www.lovendal.ro\\\/wp52\\\/#website\"},\"primaryImageOfPage\":{\"@id\":\"https:\\\/\\\/www.lovendal.ro\\\/wp52\\\/nasa-spune-ca-extraterestrii-ne-ar-putea-ataca-ca-urmare-a-incalzirii-globale\\\/#primaryimage\"},\"image\":{\"@id\":\"https:\\\/\\\/www.lovendal.ro\\\/wp52\\\/nasa-spune-ca-extraterestrii-ne-ar-putea-ataca-ca-urmare-a-incalzirii-globale\\\/#primaryimage\"},\"thumbnailUrl\":\"https:\\\/\\\/www.lovendal.ro\\\/wp52\\\/wp-content\\\/uploads\\\/2011\\\/08\\\/extraterestri-verzi.jpg\",\"datePublished\":\"2011-08-23T19:31:42+00:00\",\"breadcrumb\":{\"@id\":\"https:\\\/\\\/www.lovendal.ro\\\/wp52\\\/nasa-spune-ca-extraterestrii-ne-ar-putea-ataca-ca-urmare-a-incalzirii-globale\\\/#breadcrumb\"},\"inLanguage\":\"ro-RO\",\"potentialAction\":[{\"@type\":\"ReadAction\",\"target\":[\"https:\\\/\\\/www.lovendal.ro\\\/wp52\\\/nasa-spune-ca-extraterestrii-ne-ar-putea-ataca-ca-urmare-a-incalzirii-globale\\\/\"]}]},{\"@type\":\"ImageObject\",\"inLanguage\":\"ro-RO\",\"@id\":\"https:\\\/\\\/www.lovendal.ro\\\/wp52\\\/nasa-spune-ca-extraterestrii-ne-ar-putea-ataca-ca-urmare-a-incalzirii-globale\\\/#primaryimage\",\"url\":\"https:\\\/\\\/www.lovendal.ro\\\/wp52\\\/wp-content\\\/uploads\\\/2011\\\/08\\\/extraterestri-verzi.jpg\",\"contentUrl\":\"https:\\\/\\\/www.lovendal.ro\\\/wp52\\\/wp-content\\\/uploads\\\/2011\\\/08\\\/extraterestri-verzi.jpg\",\"width\":\"300\",\"height\":\"206\"},{\"@type\":\"BreadcrumbList\",\"@id\":\"https:\\\/\\\/www.lovendal.ro\\\/wp52\\\/nasa-spune-ca-extraterestrii-ne-ar-putea-ataca-ca-urmare-a-incalzirii-globale\\\/#breadcrumb\",\"itemListElement\":[{\"@type\":\"ListItem\",\"position\":1,\"name\":\"Home\",\"item\":\"https:\\\/\\\/www.lovendal.ro\\\/wp52\\\/\"},{\"@type\":\"ListItem\",\"position\":2,\"name\":\"NASA spune c\u0103 extratere\u015ftrii ne-ar putea ataca ca urmare a \u00eenc\u0103lzirii globale\"}]},{\"@type\":\"WebSite\",\"@id\":\"https:\\\/\\\/www.lovendal.ro\\\/wp52\\\/#website\",\"url\":\"https:\\\/\\\/www.lovendal.ro\\\/wp52\\\/\",\"name\":\"Secretele lui Lovendal\",\"description\":\"Site de secrete, stiinta si metafizica - din 2008 -\",\"publisher\":{\"@id\":\"https:\\\/\\\/www.lovendal.ro\\\/wp52\\\/#organization\"},\"potentialAction\":[{\"@type\":\"SearchAction\",\"target\":{\"@type\":\"EntryPoint\",\"urlTemplate\":\"https:\\\/\\\/www.lovendal.ro\\\/wp52\\\/?s={search_term_string}\"},\"query-input\":{\"@type\":\"PropertyValueSpecification\",\"valueRequired\":true,\"valueName\":\"search_term_string\"}}],\"inLanguage\":\"ro-RO\"},{\"@type\":\"Organization\",\"@id\":\"https:\\\/\\\/www.lovendal.ro\\\/wp52\\\/#organization\",\"name\":\"Secretele lui Lovendal\",\"url\":\"https:\\\/\\\/www.lovendal.ro\\\/wp52\\\/\",\"logo\":{\"@type\":\"ImageObject\",\"inLanguage\":\"ro-RO\",\"@id\":\"https:\\\/\\\/www.lovendal.ro\\\/wp52\\\/#\\\/schema\\\/logo\\\/image\\\/\",\"url\":\"https:\\\/\\\/www.lovendal.ro\\\/wp52\\\/wp-content\\\/uploads\\\/2024\\\/06\\\/cropped-SLL-iun-2024-1.jpg\",\"contentUrl\":\"https:\\\/\\\/www.lovendal.ro\\\/wp52\\\/wp-content\\\/uploads\\\/2024\\\/06\\\/cropped-SLL-iun-2024-1.jpg\",\"width\":771,\"height\":240,\"caption\":\"Secretele lui Lovendal\"},\"image\":{\"@id\":\"https:\\\/\\\/www.lovendal.ro\\\/wp52\\\/#\\\/schema\\\/logo\\\/image\\\/\"},\"sameAs\":[\"https:\\\/\\\/www.facebook.com\\\/secreteleluilovendal\"]},{\"@type\":\"Person\",\"@id\":\"https:\\\/\\\/www.lovendal.ro\\\/wp52\\\/#\\\/schema\\\/person\\\/088691de5dfc346bb0c023e1e52ef5d9\",\"name\":\"admin\",\"image\":{\"@type\":\"ImageObject\",\"inLanguage\":\"ro-RO\",\"@id\":\"https:\\\/\\\/secure.gravatar.com\\\/avatar\\\/ecb9cd41f5f63c9c9b989999a59f6e2639a865ec361e9db054db0679a8f341c2?s=96&d=mm&r=g\",\"url\":\"https:\\\/\\\/secure.gravatar.com\\\/avatar\\\/ecb9cd41f5f63c9c9b989999a59f6e2639a865ec361e9db054db0679a8f341c2?s=96&d=mm&r=g\",\"contentUrl\":\"https:\\\/\\\/secure.gravatar.com\\\/avatar\\\/ecb9cd41f5f63c9c9b989999a59f6e2639a865ec361e9db054db0679a8f341c2?s=96&d=mm&r=g\",\"caption\":\"admin\"},\"sameAs\":[\"https:\\\/\\\/www.lovendal.ro\\\/wp52\"]}]}<\/script>\n<!-- \/ Yoast SEO Premium plugin. -->","yoast_head_json":{"title":"NASA spune c\u0103 extratere\u015ftrii ne-ar putea ataca ca urmare a \u00eenc\u0103lzirii globale - Secretele lui Lovendal","robots":{"index":"index","follow":"follow","max-snippet":"max-snippet:-1","max-image-preview":"max-image-preview:large","max-video-preview":"max-video-preview:-1"},"canonical":"https:\/\/www.lovendal.ro\/wp52\/nasa-spune-ca-extraterestrii-ne-ar-putea-ataca-ca-urmare-a-incalzirii-globale\/","og_locale":"ro_RO","og_type":"article","og_title":"NASA spune c\u0103 extratere\u015ftrii ne-ar putea ataca ca urmare a \u00eenc\u0103lzirii globale","og_description":"Poate c\u0103 NASA crede c\u0103 micii omule\u0163i verzi sunt chiar verzi&#8230;Spun asta \u00eentruc\u00e2t \u00eentr-unul din articolele publicate de o institu\u0163ie afiliat\u0103 la NASA se sugereaz\u0103 faptul c\u0103 nivelurile \u00eenalte de gaze de ser\u0103 de pe P\u0103m\u00e2nt ar putea provoca un ... Cititi mai multe","og_url":"https:\/\/www.lovendal.ro\/wp52\/nasa-spune-ca-extraterestrii-ne-ar-putea-ataca-ca-urmare-a-incalzirii-globale\/","og_site_name":"Secretele lui Lovendal","article_publisher":"https:\/\/www.facebook.com\/secreteleluilovendal","article_published_time":"2011-08-23T19:31:42+00:00","og_image":[{"width":300,"height":206,"url":"https:\/\/www.lovendal.ro\/wp52\/wp-content\/uploads\/2011\/08\/extraterestri-verzi.jpg","type":"image\/jpeg"}],"author":"admin","twitter_card":"summary_large_image","twitter_misc":{"Scris de":"admin","Timp estimat pentru citire":"1 minut"},"schema":{"@context":"https:\/\/schema.org","@graph":[{"@type":"Article","@id":"https:\/\/www.lovendal.ro\/wp52\/nasa-spune-ca-extraterestrii-ne-ar-putea-ataca-ca-urmare-a-incalzirii-globale\/#article","isPartOf":{"@id":"https:\/\/www.lovendal.ro\/wp52\/nasa-spune-ca-extraterestrii-ne-ar-putea-ataca-ca-urmare-a-incalzirii-globale\/"},"author":{"name":"admin","@id":"https:\/\/www.lovendal.ro\/wp52\/#\/schema\/person\/088691de5dfc346bb0c023e1e52ef5d9"},"headline":"NASA spune c\u0103 extratere\u015ftrii ne-ar putea ataca ca urmare a \u00eenc\u0103lzirii globale","datePublished":"2011-08-23T19:31:42+00:00","mainEntityOfPage":{"@id":"https:\/\/www.lovendal.ro\/wp52\/nasa-spune-ca-extraterestrii-ne-ar-putea-ataca-ca-urmare-a-incalzirii-globale\/"},"wordCount":266,"commentCount":11,"publisher":{"@id":"https:\/\/www.lovendal.ro\/wp52\/#organization"},"image":{"@id":"https:\/\/www.lovendal.ro\/wp52\/nasa-spune-ca-extraterestrii-ne-ar-putea-ataca-ca-urmare-a-incalzirii-globale\/#primaryimage"},"thumbnailUrl":"https:\/\/www.lovendal.ro\/wp52\/wp-content\/uploads\/2011\/08\/extraterestri-verzi.jpg","keywords":["efect de ser\u0103","extratere\u015ftri","\u00eenc\u0103lzire global\u0103","NASA","P\u0103m\u00e2nt","Paranormal-Spiritualitate"],"articleSection":["Paranormal-Spiritualitate"],"inLanguage":"ro-RO","potentialAction":[{"@type":"CommentAction","name":"Comment","target":["https:\/\/www.lovendal.ro\/wp52\/nasa-spune-ca-extraterestrii-ne-ar-putea-ataca-ca-urmare-a-incalzirii-globale\/#respond"]}]},{"@type":"WebPage","@id":"https:\/\/www.lovendal.ro\/wp52\/nasa-spune-ca-extraterestrii-ne-ar-putea-ataca-ca-urmare-a-incalzirii-globale\/","url":"https:\/\/www.lovendal.ro\/wp52\/nasa-spune-ca-extraterestrii-ne-ar-putea-ataca-ca-urmare-a-incalzirii-globale\/","name":"NASA spune c\u0103 extratere\u015ftrii ne-ar putea ataca ca urmare a \u00eenc\u0103lzirii globale - Secretele lui Lovendal","isPartOf":{"@id":"https:\/\/www.lovendal.ro\/wp52\/#website"},"primaryImageOfPage":{"@id":"https:\/\/www.lovendal.ro\/wp52\/nasa-spune-ca-extraterestrii-ne-ar-putea-ataca-ca-urmare-a-incalzirii-globale\/#primaryimage"},"image":{"@id":"https:\/\/www.lovendal.ro\/wp52\/nasa-spune-ca-extraterestrii-ne-ar-putea-ataca-ca-urmare-a-incalzirii-globale\/#primaryimage"},"thumbnailUrl":"https:\/\/www.lovendal.ro\/wp52\/wp-content\/uploads\/2011\/08\/extraterestri-verzi.jpg","datePublished":"2011-08-23T19:31:42+00:00","breadcrumb":{"@id":"https:\/\/www.lovendal.ro\/wp52\/nasa-spune-ca-extraterestrii-ne-ar-putea-ataca-ca-urmare-a-incalzirii-globale\/#breadcrumb"},"inLanguage":"ro-RO","potentialAction":[{"@type":"ReadAction","target":["https:\/\/www.lovendal.ro\/wp52\/nasa-spune-ca-extraterestrii-ne-ar-putea-ataca-ca-urmare-a-incalzirii-globale\/"]}]},{"@type":"ImageObject","inLanguage":"ro-RO","@id":"https:\/\/www.lovendal.ro\/wp52\/nasa-spune-ca-extraterestrii-ne-ar-putea-ataca-ca-urmare-a-incalzirii-globale\/#primaryimage","url":"https:\/\/www.lovendal.ro\/wp52\/wp-content\/uploads\/2011\/08\/extraterestri-verzi.jpg","contentUrl":"https:\/\/www.lovendal.ro\/wp52\/wp-content\/uploads\/2011\/08\/extraterestri-verzi.jpg","width":"300","height":"206"},{"@type":"BreadcrumbList","@id":"https:\/\/www.lovendal.ro\/wp52\/nasa-spune-ca-extraterestrii-ne-ar-putea-ataca-ca-urmare-a-incalzirii-globale\/#breadcrumb","itemListElement":[{"@type":"ListItem","position":1,"name":"Home","item":"https:\/\/www.lovendal.ro\/wp52\/"},{"@type":"ListItem","position":2,"name":"NASA spune c\u0103 extratere\u015ftrii ne-ar putea ataca ca urmare a \u00eenc\u0103lzirii globale"}]},{"@type":"WebSite","@id":"https:\/\/www.lovendal.ro\/wp52\/#website","url":"https:\/\/www.lovendal.ro\/wp52\/","name":"Secretele lui Lovendal","description":"Site de secrete, stiinta si metafizica - din 2008 -","publisher":{"@id":"https:\/\/www.lovendal.ro\/wp52\/#organization"},"potentialAction":[{"@type":"SearchAction","target":{"@type":"EntryPoint","urlTemplate":"https:\/\/www.lovendal.ro\/wp52\/?s={search_term_string}"},"query-input":{"@type":"PropertyValueSpecification","valueRequired":true,"valueName":"search_term_string"}}],"inLanguage":"ro-RO"},{"@type":"Organization","@id":"https:\/\/www.lovendal.ro\/wp52\/#organization","name":"Secretele lui Lovendal","url":"https:\/\/www.lovendal.ro\/wp52\/","logo":{"@type":"ImageObject","inLanguage":"ro-RO","@id":"https:\/\/www.lovendal.ro\/wp52\/#\/schema\/logo\/image\/","url":"https:\/\/www.lovendal.ro\/wp52\/wp-content\/uploads\/2024\/06\/cropped-SLL-iun-2024-1.jpg","contentUrl":"https:\/\/www.lovendal.ro\/wp52\/wp-content\/uploads\/2024\/06\/cropped-SLL-iun-2024-1.jpg","width":771,"height":240,"caption":"Secretele lui Lovendal"},"image":{"@id":"https:\/\/www.lovendal.ro\/wp52\/#\/schema\/logo\/image\/"},"sameAs":["https:\/\/www.facebook.com\/secreteleluilovendal"]},{"@type":"Person","@id":"https:\/\/www.lovendal.ro\/wp52\/#\/schema\/person\/088691de5dfc346bb0c023e1e52ef5d9","name":"admin","image":{"@type":"ImageObject","inLanguage":"ro-RO","@id":"https:\/\/secure.gravatar.com\/avatar\/ecb9cd41f5f63c9c9b989999a59f6e2639a865ec361e9db054db0679a8f341c2?s=96&d=mm&r=g","url":"https:\/\/secure.gravatar.com\/avatar\/ecb9cd41f5f63c9c9b989999a59f6e2639a865ec361e9db054db0679a8f341c2?s=96&d=mm&r=g","contentUrl":"https:\/\/secure.gravatar.com\/avatar\/ecb9cd41f5f63c9c9b989999a59f6e2639a865ec361e9db054db0679a8f341c2?s=96&d=mm&r=g","caption":"admin"},"sameAs":["https:\/\/www.lovendal.ro\/wp52"]}]}},"_links":{"self":[{"href":"https:\/\/www.lovendal.ro\/wp52\/wp-json\/wp\/v2\/posts\/19736","targetHints":{"allow":["GET"]}}],"collection":[{"href":"https:\/\/www.lovendal.ro\/wp52\/wp-json\/wp\/v2\/posts"}],"about":[{"href":"https:\/\/www.lovendal.ro\/wp52\/wp-json\/wp\/v2\/types\/post"}],"author":[{"embeddable":true,"href":"https:\/\/www.lovendal.ro\/wp52\/wp-json\/wp\/v2\/users\/1"}],"replies":[{"embeddable":true,"href":"https:\/\/www.lovendal.ro\/wp52\/wp-json\/wp\/v2\/comments?post=19736"}],"version-history":[{"count":0,"href":"https:\/\/www.lovendal.ro\/wp52\/wp-json\/wp\/v2\/posts\/19736\/revisions"}],"wp:featuredmedia":[{"embeddable":true,"href":"https:\/\/www.lovendal.ro\/wp52\/wp-json\/wp\/v2\/media\/19737"}],"wp:attachment":[{"href":"https:\/\/www.lovendal.ro\/wp52\/wp-json\/wp\/v2\/media?parent=19736"}],"wp:term":[{"taxonomy":"category","embeddable":true,"href":"https:\/\/www.lovendal.ro\/wp52\/wp-json\/wp\/v2\/categories?post=19736"},{"taxonomy":"post_tag","embeddable":true,"href":"https:\/\/www.lovendal.ro\/wp52\/wp-json\/wp\/v2\/tags?post=19736"}],"curies":[{"name":"wp","href":"https:\/\/api.w.org\/{rel}","templated":true}]}}