{"id":19619,"date":"2011-08-15T19:16:22","date_gmt":"2011-08-15T16:16:22","guid":{"rendered":"http:\/\/www.lovendal.net\/wp52\/?p=19619"},"modified":"2011-08-16T16:29:46","modified_gmt":"2011-08-16T13:29:46","slug":"marele-mister-biblic-al-creatiei-cum-a-fost-creata-lumea-si-adevarata-origine-a-lui-lucifer-partea-1","status":"publish","type":"post","link":"https:\/\/www.lovendal.ro\/wp52\/marele-mister-biblic-al-creatiei-cum-a-fost-creata-lumea-si-adevarata-origine-a-lui-lucifer-partea-1\/","title":{"rendered":"Marele mister biblic al Crea\u0163iei: cum a fost creat\u0103 lumea \u015fi adev\u0103rata origine a lui Lucifer (partea 1)"},"content":{"rendered":"<p><a href=\"https:\/\/www.lovendal.ro\/wp52\/wp-content\/uploads\/2011\/08\/creatia-lumii.jpg\"><img loading=\"lazy\" decoding=\"async\" class=\"alignleft size-full wp-image-19621\" title=\"creatia lumii\" src=\"https:\/\/www.lovendal.ro\/wp52\/wp-content\/uploads\/2011\/08\/creatia-lumii.jpg\" alt=\"\" width=\"309\" height=\"255\" srcset=\"https:\/\/www.lovendal.ro\/wp52\/wp-content\/uploads\/2011\/08\/creatia-lumii.jpg 309w, https:\/\/www.lovendal.ro\/wp52\/wp-content\/uploads\/2011\/08\/creatia-lumii-300x248.jpg 300w, https:\/\/www.lovendal.ro\/wp52\/wp-content\/uploads\/2011\/08\/creatia-lumii-20x17.jpg 20w\" sizes=\"auto, (max-width: 309px) 100vw, 309px\" \/><\/a>Cei care au citit Biblia au observat c\u0103 aceasta este plin\u0103 de mistere \u015fi de paradoxuri ce nu au putut fi explicate satisf\u0103c\u0103tor nici m\u0103car de teologi. \u00cen acest articol vom \u00eencerca o explica\u0163ie la dou\u0103 din \u00eentreb\u0103rile care i-au r\u0103scolit pe mul\u0163i. De\u015fi aceste dou\u0103 probleme par a fi diferite, totu\u015fi ele au o cauz\u0103 \u015fi o origine comun\u0103. Iar aceste \u00eentreb\u0103ri sunt:<br \/>\n&#8211; Biblia ne arat\u0103 crea\u0163ia lumii chiar de la \u00eenceputuri? A\u015fadar, a creat chiar Dumnezeu lumea \u00een doar 6 zile?<br \/>\n&#8211; Care este adev\u0103rata origine a lui Satana \u015fi a \u00eengerilor s\u0103i malefici?<\/p>\n<p><strong>O pauz\u0103 \u00een povestea crea\u0163iei lumii?<\/strong><\/p>\n<p>\u00cenc\u0103 din primele versete din Genez\u0103 (1:1-2), avem o mic\u0103 b\u0103nuial\u0103 c\u0103 povestea crea\u0163iei lumii are o anumit\u0103 pauz\u0103:<br \/>\n<em>&#8222;1. La \u00eenceput a f\u0103cut Dumnezeu cerul \u015fi p\u0103m\u00e2ntul.<br \/>\n2. \u015ei p\u0103m\u00e2ntul era netocmit \u015fi gol. \u00centuneric era deasupra ad\u00e2ncului \u015fi Duhul lui Dumnezeu Se purta pe deasupra apelor.&#8221;<\/em><\/p>\n<p><strong>Un alt Univers \u00eenaintea crea\u0163iei biblice?<\/strong><\/p>\n<p>Dac\u0103 vom compara versetul 1, cu celelalte 30 de versete din capitolul 1 al Genezei, vom observa c\u0103 \u00een timp ce \u00een 30 de versete se descrie detaliat actul crea\u0163iei, pas cu pas, primul verset (&#8222;<em>La \u00eenceput a f\u0103cut Dumnezeu cerul \u015fi p\u0103m\u00e2ntul&#8221;)<\/em> pare o referin\u0163\u0103 a unui timp extrem de \u00eendep\u0103rtat, diferit de celelalte versete. B\u0103nuiala ne este confirmat\u0103 dac\u0103 vom citi urm\u0103toarele trei versete din Noul Testament, mai precis din II Petru 3:5-7:<\/p>\n<p><em>&#8222;5. \tC\u0103ci ei \u00een chip voit uit\u0103 aceasta, c\u0103 <strong>cerurile erau de demult <\/strong>\u015fi c\u0103 p\u0103m\u00e2ntul s-a \u00eenchegat, la cuv\u00e2ntul Domnului, din ap\u0103 \u015fi prin ap\u0103,<br \/>\n6. \t\u015ei prin ap\u0103 <strong>lumea de atunci a pierit \u00eenecat\u0103<\/strong>,<br \/>\n7. \tIar <strong>cerurile de acum \u015fi p\u0103m\u00e2ntul<\/strong> sunt \u0163inute prin acela\u015fi cuv\u00e2nt \u015fi p\u0103strate pentru focul din ziua judec\u0103\u0163ii \u015fi a pieirii oamenilor necredincio\u015fi.&#8221; <\/em><\/p>\n<p>A\u015fadar, ni se vorbe\u015fte de o lume str\u0103veche, ce nu mai este, c\u0103ci a pierit \u00eenecat\u0103 (vezi cuvintele \u00eengro\u015fate din textul de mai sus), \u015fi de o lume nou\u0103 &#8211;<em> &#8222;cerurile \u015fi p\u0103m\u00e2ntul de acum&#8221;<\/em>, crea\u0163ia actual\u0103 de care se vorbe\u015fte \u00een primul capitol al Genezei. A\u015fadar, \u00een privin\u0163a crea\u0163iei biblice, de ce n-am putea lua \u00een considerare urm\u0103toarea ipotez\u0103: \u00een momentul versetului 1:2 din Genez\u0103, P\u0103m\u00e2ntul era o planet\u0103 lipsit\u0103 de via\u0163\u0103 \u015fi nelocuit\u0103, ce plutea \u00een r\u0103m\u0103\u015fi\u0163ele haotice, reci \u015fi \u00eentunecate ale unui vechi Univers. Planeta era \u00eenghi\u0163it\u0103 de ape, iar \u00een jurul ei nu era dec\u00e2t un abis al unui Univers ruinat.<\/p>\n<p><strong>De ce Dumnezeu a spus: &#8222;S\u0103 fie lumin\u0103&#8221;<\/strong><\/p>\n<p>S\u0103 ne oprim la versetul 1:3 din Genez\u0103, cel \u00een care: <em>&#8222;\u015ei a zis Dumnezeu: &#8222;S\u0103 fie lumin\u0103!&#8221; \u015ei a fost lumin\u0103&#8221;<\/em>, c\u0103ci \u00eencep\u00e2nd de aici \u00eencepe procesul creativ de 6 zile din Biblie. Dac\u0103 lumina era primul lucru creat de Dumnezeu, atunci care erau celelalte lucruri care se aflau deja \u00een existen\u0163\u0103? Versetul 1:2 ne spune c\u0103 exista deja apa (compus\u0103 din oxigen \u015fi hidrogen) \u015fi P\u0103m\u00e2ntul:<em> &#8222;\u015ei <strong>p\u0103m\u00e2ntul <\/strong>era netocmit \u015fi gol. \u00centuneric era deasupra ad\u00e2ncului \u015fi Duhul lui Dumnezeu Se purta pe deasupra <strong>apelor<\/strong>.&#8221; <\/em>Dar, apa \u015fi p\u0103m\u00e2ntul reprezint\u0103 materie. Conform observa\u0163iilor din fizic\u0103, pentru ca materia s\u0103 existe, trebuie s\u0103 existe spa\u0163iu. Dar spa\u0163iul \u015fi materia trebuie s\u0103 existe \u00een timp, iar toate aceste trei (spa\u0163iul, timpul \u015fi materia) sunt guvernate de viteza luminii (care este constant\u0103). A\u015fadar, acum \u00een\u0163elegem de ce Dumnezeu a spus: <em>&#8222;S\u0103 fie lumin\u0103&#8221; <\/em>pentru un P\u0103m\u00e2nt scufundat \u00een ape, care exista deja dintr-un univers str\u0103vechi.<\/p>\n<p>De asemenea, trebuie luat \u00een considerare \u015fi un alt factor important: \u00eentunericul. Atunci nu era doar un \u00eentuneric fizic (absen\u0163a luminii), ci \u015fi un \u00eentuneric spiritual (absen\u0163a sfin\u0163eniei \u015fi armoniei). \u00cen concluzie, ipoteza de la care pornim este aceasta: planeta P\u0103m\u00e2nt exista deja \u00een Univers, \u00eenainte \u00eenceperii procesului creativ din Biblie, din versetele 1:3-1:31.<\/p>\n<p><strong>Toate formele de via\u0163\u0103 din ziua de azi nu sunt mai vechi de 6.000 de ani?<\/strong><\/p>\n<p>Pe de alt\u0103 parte, dac\u0103 \u00eenregistr\u0103rile din fosilele gelogice sunt adev\u0103rate, c\u0103 toat\u0103 \u015ftiin\u0163a geologiei este una veritabil\u0103, c\u0103 cele mai vechi pietre de pe P\u0103m\u00e2nt au o vechime cuprins\u0103 \u00eentre 3,8 miliarde \u015fi 4,5 miliarde de ani, \u015fi c\u0103 primele fosile de via\u0163\u0103 organic\u0103 de pe planet\u0103 au ap\u0103rut \u00eentre 500 \u015fi 700 de milioane de ani \u00een urm\u0103, atunci putem s\u0103 ajungem la urm\u0103toarea concluzie logic\u0103: cele \u015fase zile ale Genezei din Biblie spune povestea recrea\u0163iei sau regener\u0103rii unui P\u0103m\u00e2nt ce exista demult, nu timpul original al crea\u0163iei Universului.<\/p>\n<p>Totu\u015fi, dac\u0103 accept\u0103m aceast\u0103 solu\u0163ie, aceasta \u00eenseamn\u0103 c\u0103 oamenii de \u015ftiin\u0163\u0103 se \u00een\u015feal\u0103 c\u00e2nd spun c\u0103 toate fiin\u0163ele vii de pe planet\u0103 din ziua de azi sunt descenden\u0163ii direc\u0163i ai microorganismelor de acum sute de milioane de ani, ca urmare a evolu\u0163iei naturale, \u00eentruc\u00e2t \u00een Geneza 1:2 ni se prezint\u0103 o planet\u0103 moart\u0103, lipsit de orice form\u0103 de via\u0163\u0103. Pe de alt\u0103 parte, aceasta \u00eenseamn\u0103 c\u0103 orice fiin\u0163\u0103 vie de pe suprafa\u0163a planetei din ziua de azi este descendent\u0103 a formelor de via\u0163\u0103 ap\u0103rute acum 6.000 de ani. \u00cen plus, fiecare b\u0103rbat, femeie \u015fi copil \u00een via\u0163\u0103 din ziua de azi, ar descinde, din punct de vedere genetic, din primul om, Adam. Aceasta \u00eenseamn\u0103 c\u0103 ADN-ul &#8222;oamenilor&#8221; mai vechi de 6.000 de ani (Neanderthal sau Cro-Magnon) nu are vreo conexiune genetic\u0103 cu oamenii din ziua de azi.<\/p>\n<p><strong>Acum 12.000 de ani a avut loc o adev\u0103rat\u0103 apocalips\u0103<\/strong><\/p>\n<p>\u00cen esen\u0163\u0103, Sf\u00e2nta Scriptur\u0103 vrea s\u0103 ne spun\u0103 urm\u0103toarele: \u00een urm\u0103 cu mult timp \u00een urm\u0103, Dumnezeu a creat p\u0103m\u00e2ntul \u015fi cerul (Geneza 1:1); \u00een aceste verset avem un p\u0103m\u00e2nt \u015fi un cer glorios. \u00cen versetul imediat urm\u0103tor (1:2), p\u0103m\u00e2ntul \u015fi cerul par a fi distruse. \u00centre 1:1: \u015fi 1:2, pare a fi un gol \u00een timp imens, de ordinul milioanelor sau miliardelor de ani. Ce s-a \u00eent\u00e2mplat \u00eentre timp? Geologia ne spune c\u0103 la sf\u00e2r\u015fitul erei glaciare (denumit\u0103 Pleistocen), adic\u0103 acum 12.000-14.000 de ani, a avut loc o dispari\u0163ie general\u0103 la nivelul vie\u0163ii planetare, ca urmare a unei sc\u0103deri bru\u015fte \u00een temperatura global\u0103. De aici, ne putem pune urm\u0103toarele \u00eentreb\u0103ri: ce s-a \u00eent\u00e2mplat \u00eentre Geneza 1:1 \u015fi Geneza 1:2? Cum de moartea era deja \u00een existen\u0163\u0103, \u00eenaintea celor 6 zile ale crea\u0163iei biblice \u015fi \u00eenainte ca Adam s\u0103 p\u0103c\u0103tuiasc\u0103? Pentru a g\u0103si r\u0103spunsul la aceste \u00eentreb\u0103ri, trebuie s\u0103 ne uit\u0103m la scrierile profe\u0163ilor Isaia \u015fi Iezechiel, c\u0103ci acolo se vorbe\u015fte de Satana, care este cheia pentru a dezlega marele mister.<\/p>\n<p><strong>Spiritul str\u0103vechi \u015fi malefic din scrierile profe\u0163ilor Isaia \u015fi Iezechiel<\/strong><\/p>\n<p>\u00cen pasajele biblice de mai jos se vorbe\u015fte de un spirit str\u0103vechi \u015fi malefic:<\/p>\n<p><em>&#8222;12. \tCum ai c\u0103zut tu din ceruri, stea str\u0103lucitoare, fecior al dimine\u0163ii! Cum ai fost aruncat la p\u0103m\u00e2nt, tu, biruitor de neamuri!<br \/>\n13. \tTu care ziceai \u00een cugetul t\u0103u: &#8222;Ridica-m\u0103-voi \u00een ceruri \u015fi mai presus de stelele Dumnezeului celui puternic voi a\u015feza jil\u0163ul meu! \u00cen muntele cel sf\u00e2nt voi pune s\u0103la\u015ful meu, \u00een fundurile laturei celei de miaz\u0103noapte.<br \/>\n14. \tSui-m\u0103-voi deasupra norilor \u015fi asemenea cu Cel Prea\u00eenalt voi fi&#8221;.<br \/>\n15. \t\u015ei acum, tu te pogori \u00een iad, \u00een cele mai de jos ale ad\u00e2ncului!<br \/>\n16. \tCei ce te v\u0103d \u00ee\u015fi \u00eentorc privirea \u00een spre tine \u015fi se uit\u0103 cu luare aminte zic\u00e2nd: &#8222;Oare acesta este omul de care tremura p\u0103m\u00e2ntul \u015fi \u00eemp\u0103r\u0103\u0163iile se cutremurau?&#8221; <\/em>(Isaia 14:12-16)<\/p>\n<p><em>&#8222;13. \tTu te aflai \u00een Eden, \u00een gr\u0103dina lui Dumnezeu; hainele tale erau \u00eempodobite cu tot felul de pietre scumpe: cu rubine, topaze \u015fi diamante, cu crisolit, onix \u015fi iaspis, cu safir, smarald, carbuncul \u015fi aur; toate erau preg\u0103tite \u015fi a\u015fezate cu iscusin\u0163\u0103 \u00een cuibule\u0163e \u015fi puse pe tine \u00een ziua \u00een care ai fost f\u0103cut.<br \/>\n14. \tTu erai heruvimul pus ca s\u0103 ocrote\u015fti; te a\u015fezasem pe muntele cel sf\u00e2nt al lui Dumnezeu, \u015fi umblai prin mijlocul pietrelor celor de foc.<br \/>\n15. \tFost-ai f\u0103r\u0103 prihan\u0103 \u00een c\u0103ile tale din ziua facerii tale \u015fi p\u00e2n\u0103 s-a \u00eencuibat \u00een tine nelegiuirea.<br \/>\n16. \tDin pricina \u00eentinderii nego\u0163ului t\u0103u, l\u0103untrul t\u0103u s-a umplut de nedreptate \u015fi ai p\u0103c\u0103tuit, \u015fi Eu te-am izgonit pe tine, heruvim ocrotitor, din pietrele cele sc\u00e2nteietoare \u015fi te-am aruncat din muntele lui Dumnezeu, ca pe un necurat.<br \/>\n17. \tDin pricina frumuse\u0163ii tale s-a \u00eeng\u00e2mfat inima ta, \u015fi pentru trufia ta \u0163i-ai pierdut \u00een\u0163elepciunea. De aceea te-am aruncat la p\u0103m\u00e2nt \u015fi te voi da \u00eenaintea regilor spre batjocur\u0103.&#8221;<\/em> (Iezechiel 28:13-17)<\/p>\n<p><strong>Lucifer era regele \u00cemp\u0103r\u0103\u0163iei Cerurilor&#8230;<\/strong><\/p>\n<p>Fragmentele de mai jos nu pot fi atribuite vreunui prin\u0163 sau rege din Biblie, c\u0103ci niciun om &#8222;nu se afla \u00een Eden \u015fi a cobor\u00e2t pe p\u0103m\u00e2nt&#8221;. E vorba de Lucifer sau de Satana, a c\u0103rui origine nu poate fi atribuit\u0103 dup\u0103 crea\u0163ia biblic\u0103, ci \u00eenaintea ei. Lucifer era regele \u00cemp\u0103r\u0103\u0163iei Cerurilor, \u00een ziua \u00een care Dumnezeu a creat lumea \u015fi cerurile (Geneza 1:1). Aceast\u0103 fiin\u0163\u0103 angelic\u0103 era a doua \u00een Tronul lui Dumnezeu. \u00cen acele vremuri ale Crea\u0163iei, exista o armonie spiritual\u0103, de la suprafa\u0163a P\u0103m\u00e2ntului p\u00e2n\u0103 la Tronul Etern al lui Dumnezeu. Materia fizic\u0103 \u015fi spiritul erau supravegheate de c\u0103tre Lucifer, fiin\u0163\u0103 creat\u0103 \u015fi desemnat\u0103 de Dumnezeu pentru a avea grij\u0103 de \u00eentreg Universul.<\/p>\n<p><strong>&#8230;p\u00e2n\u0103 c\u00e2nd a vrut s\u0103 fie Dumnezeu \u015fi atunci moartea a cuprins Universul<\/strong><\/p>\n<p>La un moment dat, Lucifer nu s-a mul\u0163umit s\u0103 fie &#8222;rege al Universului&#8221;, ci a dorit s\u0103 fie \u00eensu\u015fi Dumnezeu, asemenea &#8222;Celui Prea\u00eenalt&#8221;, a\u015fa cum afl\u0103m din Isaia 14:14. Lucifer a devenit un rebel \u015fi a fost prima fiin\u0163\u0103 creat\u0103 care a p\u0103c\u0103tuit, cu mult \u00eenaintea lui Adam.<\/p>\n<p>Dup\u0103 revolta \u015fi p\u0103c\u0103tuirea lui Lucifer, a ap\u0103rut moartea, care s-a r\u0103sp\u00e2ndit \u00een Eden, Gr\u0103dina lui Dumnezeu pe P\u0103m\u00e2nt, \u015fi \u00een \u00eentreg Cosmosul. Toate lucrurile din acest Cosmos, care se aflau sub conducerea lui Lucifer, au fost cuprinse \u015fi ele de moarte. Oamenii de \u015ftiin\u0163\u0103 au folosit termenul de &#8222;evolu\u0163ie&#8221; pentru a descrie &#8222;progresul&#8221; formelor de via\u0163\u0103 de pe aceast\u0103 planet\u0103, a\u015fa cum apare el \u00eenregistrat \u00een fosile. Darwin a numit procesul &#8222;supravie\u0163uirea celui mai puternic&#8221;, iar acest lucru (uciderea \u015fi adaptarea) a avut loc pentru a se lupta \u00eempotriva mor\u0163ii. Dinozaurii au intrat \u00een existen\u0163\u0103 \u015fi au murit. Toate lucrurile au murit \u015fi toate creaturile, dup\u0103 ce au ap\u0103rut, apoi s-au stins. \u015ei acest lucru s-a \u00eent\u00e2mplat \u015fi \u00een cazul stelelor din Univers.<\/p>\n<p>Continuarea AICI: <a href=\"https:\/\/www.lovendal.ro\/wp52\/marele-mister-biblic-al-creatiei-cum-a-fost-creata-lumea-si-adevarata-origine-a-lui-lucifer-partea-2\/\" target=\"_blank\"><strong>https:\/\/www.lovendal.ro\/wp52\/marele-mister-biblic-al-creatiei-cum-a-fost-creata-lumea-si-adevarata-origine-a-lui-lucifer-partea-2\/<\/strong><\/a><\/p>\n","protected":false},"excerpt":{"rendered":"<p>Cei care au citit Biblia au observat c\u0103 aceasta este plin\u0103 de mistere \u015fi de paradoxuri ce nu au putut fi explicate satisf\u0103c\u0103tor nici m\u0103car de teologi. \u00cen acest articol vom \u00eencerca o explica\u0163ie la dou\u0103 din \u00eentreb\u0103rile care i-au &#8230; <\/p>\n<p class=\"read-more-container\"><a title=\"Marele mister biblic al Crea\u0163iei: cum a fost creat\u0103 lumea \u015fi adev\u0103rata origine a lui Lucifer (partea 1)\" class=\"read-more button\" href=\"https:\/\/www.lovendal.ro\/wp52\/marele-mister-biblic-al-creatiei-cum-a-fost-creata-lumea-si-adevarata-origine-a-lui-lucifer-partea-1\/#more-19619\" aria-label=\"Cite\u0219te mai multe despre Marele mister biblic al Crea\u0163iei: cum a fost creat\u0103 lumea \u015fi adev\u0103rata origine a lui Lucifer (partea 1)\">Cititi mai multe<\/a><\/p>\n","protected":false},"author":1,"featured_media":19621,"comment_status":"open","ping_status":"closed","sticky":false,"template":"","format":"standard","meta":{"footnotes":""},"categories":[14],"tags":[1699,415,601,60,2466,252,323,1438,4442,4367,1007,2056,4441,952,345,108,105,9796,732,750,1087],"class_list":["post-19619","post","type-post","status-publish","format-standard","has-post-thumbnail","hentry","category-paranormal-spiritualitate","tag-adam","tag-adn","tag-apa","tag-biblie","tag-cer","tag-darwin","tag-dumnezeu","tag-era-glaciara","tag-fosila","tag-geneza","tag-geologie","tag-lucifer","tag-lume","tag-lumina","tag-materie","tag-moarte","tag-pamant","tag-paranormal-spiritualitate","tag-planeta","tag-satana","tag-univers","resize-featured-image"],"yoast_head":"<!-- This site is optimized with the Yoast SEO Premium plugin v23.3 (Yoast SEO v27.4) - https:\/\/yoast.com\/product\/yoast-seo-premium-wordpress\/ -->\n<title>Marele mister biblic al Crea\u0163iei: cum a fost creat\u0103 lumea \u015fi adev\u0103rata origine a lui Lucifer (partea 1) - Secretele lui Lovendal<\/title>\n<meta name=\"robots\" content=\"index, follow, max-snippet:-1, max-image-preview:large, max-video-preview:-1\" \/>\n<link rel=\"canonical\" href=\"https:\/\/www.lovendal.ro\/wp52\/marele-mister-biblic-al-creatiei-cum-a-fost-creata-lumea-si-adevarata-origine-a-lui-lucifer-partea-1\/\" \/>\n<meta property=\"og:locale\" content=\"ro_RO\" \/>\n<meta property=\"og:type\" content=\"article\" \/>\n<meta property=\"og:title\" content=\"Marele mister biblic al Crea\u0163iei: cum a fost creat\u0103 lumea \u015fi adev\u0103rata origine a lui Lucifer (partea 1)\" \/>\n<meta property=\"og:description\" content=\"Cei care au citit Biblia au observat c\u0103 aceasta este plin\u0103 de mistere \u015fi de paradoxuri ce nu au putut fi explicate satisf\u0103c\u0103tor nici m\u0103car de teologi. \u00cen acest articol vom \u00eencerca o explica\u0163ie la dou\u0103 din \u00eentreb\u0103rile care i-au ... Cititi mai multe\" \/>\n<meta property=\"og:url\" content=\"https:\/\/www.lovendal.ro\/wp52\/marele-mister-biblic-al-creatiei-cum-a-fost-creata-lumea-si-adevarata-origine-a-lui-lucifer-partea-1\/\" \/>\n<meta property=\"og:site_name\" content=\"Secretele lui Lovendal\" \/>\n<meta property=\"article:publisher\" content=\"https:\/\/www.facebook.com\/secreteleluilovendal\" \/>\n<meta property=\"article:published_time\" content=\"2011-08-15T16:16:22+00:00\" \/>\n<meta property=\"article:modified_time\" content=\"2011-08-16T13:29:46+00:00\" \/>\n<meta property=\"og:image\" content=\"https:\/\/www.lovendal.ro\/wp52\/wp-content\/uploads\/2011\/08\/creatia-lumii.jpg\" \/>\n\t<meta property=\"og:image:width\" content=\"309\" \/>\n\t<meta property=\"og:image:height\" content=\"255\" \/>\n\t<meta property=\"og:image:type\" content=\"image\/jpeg\" \/>\n<meta name=\"author\" content=\"admin\" \/>\n<meta name=\"twitter:card\" content=\"summary_large_image\" \/>\n<meta name=\"twitter:label1\" content=\"Scris de\" \/>\n\t<meta name=\"twitter:data1\" content=\"admin\" \/>\n\t<meta name=\"twitter:label2\" content=\"Timp estimat pentru citire\" \/>\n\t<meta name=\"twitter:data2\" content=\"9 minute\" \/>\n<script type=\"application\/ld+json\" class=\"yoast-schema-graph\">{\"@context\":\"https:\\\/\\\/schema.org\",\"@graph\":[{\"@type\":\"Article\",\"@id\":\"https:\\\/\\\/www.lovendal.ro\\\/wp52\\\/marele-mister-biblic-al-creatiei-cum-a-fost-creata-lumea-si-adevarata-origine-a-lui-lucifer-partea-1\\\/#article\",\"isPartOf\":{\"@id\":\"https:\\\/\\\/www.lovendal.ro\\\/wp52\\\/marele-mister-biblic-al-creatiei-cum-a-fost-creata-lumea-si-adevarata-origine-a-lui-lucifer-partea-1\\\/\"},\"author\":{\"name\":\"admin\",\"@id\":\"https:\\\/\\\/www.lovendal.ro\\\/wp52\\\/#\\\/schema\\\/person\\\/088691de5dfc346bb0c023e1e52ef5d9\"},\"headline\":\"Marele mister biblic al Crea\u0163iei: cum a fost creat\u0103 lumea \u015fi adev\u0103rata origine a lui Lucifer (partea 1)\",\"datePublished\":\"2011-08-15T16:16:22+00:00\",\"dateModified\":\"2011-08-16T13:29:46+00:00\",\"mainEntityOfPage\":{\"@id\":\"https:\\\/\\\/www.lovendal.ro\\\/wp52\\\/marele-mister-biblic-al-creatiei-cum-a-fost-creata-lumea-si-adevarata-origine-a-lui-lucifer-partea-1\\\/\"},\"wordCount\":1866,\"commentCount\":52,\"publisher\":{\"@id\":\"https:\\\/\\\/www.lovendal.ro\\\/wp52\\\/#organization\"},\"image\":{\"@id\":\"https:\\\/\\\/www.lovendal.ro\\\/wp52\\\/marele-mister-biblic-al-creatiei-cum-a-fost-creata-lumea-si-adevarata-origine-a-lui-lucifer-partea-1\\\/#primaryimage\"},\"thumbnailUrl\":\"https:\\\/\\\/www.lovendal.ro\\\/wp52\\\/wp-content\\\/uploads\\\/2011\\\/08\\\/creatia-lumii.jpg\",\"keywords\":[\"Adam\",\"ADN\",\"ap\u0103\",\"Biblie\",\"cer\",\"Darwin\",\"Dumnezeu\",\"era glaciar\u0103\",\"fosil\u0103\",\"Geneza\",\"geologie\",\"Lucifer\",\"lume\",\"lumin\u0103\",\"materie\",\"moarte\",\"P\u0103m\u00e2nt\",\"Paranormal-Spiritualitate\",\"planet\u0103\",\"Satana\",\"Univers\"],\"articleSection\":[\"Paranormal-Spiritualitate\"],\"inLanguage\":\"ro-RO\",\"potentialAction\":[{\"@type\":\"CommentAction\",\"name\":\"Comment\",\"target\":[\"https:\\\/\\\/www.lovendal.ro\\\/wp52\\\/marele-mister-biblic-al-creatiei-cum-a-fost-creata-lumea-si-adevarata-origine-a-lui-lucifer-partea-1\\\/#respond\"]}]},{\"@type\":\"WebPage\",\"@id\":\"https:\\\/\\\/www.lovendal.ro\\\/wp52\\\/marele-mister-biblic-al-creatiei-cum-a-fost-creata-lumea-si-adevarata-origine-a-lui-lucifer-partea-1\\\/\",\"url\":\"https:\\\/\\\/www.lovendal.ro\\\/wp52\\\/marele-mister-biblic-al-creatiei-cum-a-fost-creata-lumea-si-adevarata-origine-a-lui-lucifer-partea-1\\\/\",\"name\":\"Marele mister biblic al Crea\u0163iei: cum a fost creat\u0103 lumea \u015fi adev\u0103rata origine a lui Lucifer (partea 1) - Secretele lui Lovendal\",\"isPartOf\":{\"@id\":\"https:\\\/\\\/www.lovendal.ro\\\/wp52\\\/#website\"},\"primaryImageOfPage\":{\"@id\":\"https:\\\/\\\/www.lovendal.ro\\\/wp52\\\/marele-mister-biblic-al-creatiei-cum-a-fost-creata-lumea-si-adevarata-origine-a-lui-lucifer-partea-1\\\/#primaryimage\"},\"image\":{\"@id\":\"https:\\\/\\\/www.lovendal.ro\\\/wp52\\\/marele-mister-biblic-al-creatiei-cum-a-fost-creata-lumea-si-adevarata-origine-a-lui-lucifer-partea-1\\\/#primaryimage\"},\"thumbnailUrl\":\"https:\\\/\\\/www.lovendal.ro\\\/wp52\\\/wp-content\\\/uploads\\\/2011\\\/08\\\/creatia-lumii.jpg\",\"datePublished\":\"2011-08-15T16:16:22+00:00\",\"dateModified\":\"2011-08-16T13:29:46+00:00\",\"breadcrumb\":{\"@id\":\"https:\\\/\\\/www.lovendal.ro\\\/wp52\\\/marele-mister-biblic-al-creatiei-cum-a-fost-creata-lumea-si-adevarata-origine-a-lui-lucifer-partea-1\\\/#breadcrumb\"},\"inLanguage\":\"ro-RO\",\"potentialAction\":[{\"@type\":\"ReadAction\",\"target\":[\"https:\\\/\\\/www.lovendal.ro\\\/wp52\\\/marele-mister-biblic-al-creatiei-cum-a-fost-creata-lumea-si-adevarata-origine-a-lui-lucifer-partea-1\\\/\"]}]},{\"@type\":\"ImageObject\",\"inLanguage\":\"ro-RO\",\"@id\":\"https:\\\/\\\/www.lovendal.ro\\\/wp52\\\/marele-mister-biblic-al-creatiei-cum-a-fost-creata-lumea-si-adevarata-origine-a-lui-lucifer-partea-1\\\/#primaryimage\",\"url\":\"https:\\\/\\\/www.lovendal.ro\\\/wp52\\\/wp-content\\\/uploads\\\/2011\\\/08\\\/creatia-lumii.jpg\",\"contentUrl\":\"https:\\\/\\\/www.lovendal.ro\\\/wp52\\\/wp-content\\\/uploads\\\/2011\\\/08\\\/creatia-lumii.jpg\",\"width\":309,\"height\":255},{\"@type\":\"BreadcrumbList\",\"@id\":\"https:\\\/\\\/www.lovendal.ro\\\/wp52\\\/marele-mister-biblic-al-creatiei-cum-a-fost-creata-lumea-si-adevarata-origine-a-lui-lucifer-partea-1\\\/#breadcrumb\",\"itemListElement\":[{\"@type\":\"ListItem\",\"position\":1,\"name\":\"Home\",\"item\":\"https:\\\/\\\/www.lovendal.ro\\\/wp52\\\/\"},{\"@type\":\"ListItem\",\"position\":2,\"name\":\"Marele mister biblic al Crea\u0163iei: cum a fost creat\u0103 lumea \u015fi adev\u0103rata origine a lui Lucifer (partea 1)\"}]},{\"@type\":\"WebSite\",\"@id\":\"https:\\\/\\\/www.lovendal.ro\\\/wp52\\\/#website\",\"url\":\"https:\\\/\\\/www.lovendal.ro\\\/wp52\\\/\",\"name\":\"Secretele lui Lovendal\",\"description\":\"Site de secrete, stiinta si metafizica - din 2008 -\",\"publisher\":{\"@id\":\"https:\\\/\\\/www.lovendal.ro\\\/wp52\\\/#organization\"},\"potentialAction\":[{\"@type\":\"SearchAction\",\"target\":{\"@type\":\"EntryPoint\",\"urlTemplate\":\"https:\\\/\\\/www.lovendal.ro\\\/wp52\\\/?s={search_term_string}\"},\"query-input\":{\"@type\":\"PropertyValueSpecification\",\"valueRequired\":true,\"valueName\":\"search_term_string\"}}],\"inLanguage\":\"ro-RO\"},{\"@type\":\"Organization\",\"@id\":\"https:\\\/\\\/www.lovendal.ro\\\/wp52\\\/#organization\",\"name\":\"Secretele lui Lovendal\",\"url\":\"https:\\\/\\\/www.lovendal.ro\\\/wp52\\\/\",\"logo\":{\"@type\":\"ImageObject\",\"inLanguage\":\"ro-RO\",\"@id\":\"https:\\\/\\\/www.lovendal.ro\\\/wp52\\\/#\\\/schema\\\/logo\\\/image\\\/\",\"url\":\"https:\\\/\\\/www.lovendal.ro\\\/wp52\\\/wp-content\\\/uploads\\\/2024\\\/06\\\/cropped-SLL-iun-2024-1.jpg\",\"contentUrl\":\"https:\\\/\\\/www.lovendal.ro\\\/wp52\\\/wp-content\\\/uploads\\\/2024\\\/06\\\/cropped-SLL-iun-2024-1.jpg\",\"width\":771,\"height\":240,\"caption\":\"Secretele lui Lovendal\"},\"image\":{\"@id\":\"https:\\\/\\\/www.lovendal.ro\\\/wp52\\\/#\\\/schema\\\/logo\\\/image\\\/\"},\"sameAs\":[\"https:\\\/\\\/www.facebook.com\\\/secreteleluilovendal\"]},{\"@type\":\"Person\",\"@id\":\"https:\\\/\\\/www.lovendal.ro\\\/wp52\\\/#\\\/schema\\\/person\\\/088691de5dfc346bb0c023e1e52ef5d9\",\"name\":\"admin\",\"image\":{\"@type\":\"ImageObject\",\"inLanguage\":\"ro-RO\",\"@id\":\"https:\\\/\\\/secure.gravatar.com\\\/avatar\\\/ecb9cd41f5f63c9c9b989999a59f6e2639a865ec361e9db054db0679a8f341c2?s=96&d=mm&r=g\",\"url\":\"https:\\\/\\\/secure.gravatar.com\\\/avatar\\\/ecb9cd41f5f63c9c9b989999a59f6e2639a865ec361e9db054db0679a8f341c2?s=96&d=mm&r=g\",\"contentUrl\":\"https:\\\/\\\/secure.gravatar.com\\\/avatar\\\/ecb9cd41f5f63c9c9b989999a59f6e2639a865ec361e9db054db0679a8f341c2?s=96&d=mm&r=g\",\"caption\":\"admin\"},\"sameAs\":[\"https:\\\/\\\/www.lovendal.ro\\\/wp52\"]}]}<\/script>\n<!-- \/ Yoast SEO Premium plugin. -->","yoast_head_json":{"title":"Marele mister biblic al Crea\u0163iei: cum a fost creat\u0103 lumea \u015fi adev\u0103rata origine a lui Lucifer (partea 1) - Secretele lui Lovendal","robots":{"index":"index","follow":"follow","max-snippet":"max-snippet:-1","max-image-preview":"max-image-preview:large","max-video-preview":"max-video-preview:-1"},"canonical":"https:\/\/www.lovendal.ro\/wp52\/marele-mister-biblic-al-creatiei-cum-a-fost-creata-lumea-si-adevarata-origine-a-lui-lucifer-partea-1\/","og_locale":"ro_RO","og_type":"article","og_title":"Marele mister biblic al Crea\u0163iei: cum a fost creat\u0103 lumea \u015fi adev\u0103rata origine a lui Lucifer (partea 1)","og_description":"Cei care au citit Biblia au observat c\u0103 aceasta este plin\u0103 de mistere \u015fi de paradoxuri ce nu au putut fi explicate satisf\u0103c\u0103tor nici m\u0103car de teologi. \u00cen acest articol vom \u00eencerca o explica\u0163ie la dou\u0103 din \u00eentreb\u0103rile care i-au ... Cititi mai multe","og_url":"https:\/\/www.lovendal.ro\/wp52\/marele-mister-biblic-al-creatiei-cum-a-fost-creata-lumea-si-adevarata-origine-a-lui-lucifer-partea-1\/","og_site_name":"Secretele lui Lovendal","article_publisher":"https:\/\/www.facebook.com\/secreteleluilovendal","article_published_time":"2011-08-15T16:16:22+00:00","article_modified_time":"2011-08-16T13:29:46+00:00","og_image":[{"width":309,"height":255,"url":"https:\/\/www.lovendal.ro\/wp52\/wp-content\/uploads\/2011\/08\/creatia-lumii.jpg","type":"image\/jpeg"}],"author":"admin","twitter_card":"summary_large_image","twitter_misc":{"Scris de":"admin","Timp estimat pentru citire":"9 minute"},"schema":{"@context":"https:\/\/schema.org","@graph":[{"@type":"Article","@id":"https:\/\/www.lovendal.ro\/wp52\/marele-mister-biblic-al-creatiei-cum-a-fost-creata-lumea-si-adevarata-origine-a-lui-lucifer-partea-1\/#article","isPartOf":{"@id":"https:\/\/www.lovendal.ro\/wp52\/marele-mister-biblic-al-creatiei-cum-a-fost-creata-lumea-si-adevarata-origine-a-lui-lucifer-partea-1\/"},"author":{"name":"admin","@id":"https:\/\/www.lovendal.ro\/wp52\/#\/schema\/person\/088691de5dfc346bb0c023e1e52ef5d9"},"headline":"Marele mister biblic al Crea\u0163iei: cum a fost creat\u0103 lumea \u015fi adev\u0103rata origine a lui Lucifer (partea 1)","datePublished":"2011-08-15T16:16:22+00:00","dateModified":"2011-08-16T13:29:46+00:00","mainEntityOfPage":{"@id":"https:\/\/www.lovendal.ro\/wp52\/marele-mister-biblic-al-creatiei-cum-a-fost-creata-lumea-si-adevarata-origine-a-lui-lucifer-partea-1\/"},"wordCount":1866,"commentCount":52,"publisher":{"@id":"https:\/\/www.lovendal.ro\/wp52\/#organization"},"image":{"@id":"https:\/\/www.lovendal.ro\/wp52\/marele-mister-biblic-al-creatiei-cum-a-fost-creata-lumea-si-adevarata-origine-a-lui-lucifer-partea-1\/#primaryimage"},"thumbnailUrl":"https:\/\/www.lovendal.ro\/wp52\/wp-content\/uploads\/2011\/08\/creatia-lumii.jpg","keywords":["Adam","ADN","ap\u0103","Biblie","cer","Darwin","Dumnezeu","era glaciar\u0103","fosil\u0103","Geneza","geologie","Lucifer","lume","lumin\u0103","materie","moarte","P\u0103m\u00e2nt","Paranormal-Spiritualitate","planet\u0103","Satana","Univers"],"articleSection":["Paranormal-Spiritualitate"],"inLanguage":"ro-RO","potentialAction":[{"@type":"CommentAction","name":"Comment","target":["https:\/\/www.lovendal.ro\/wp52\/marele-mister-biblic-al-creatiei-cum-a-fost-creata-lumea-si-adevarata-origine-a-lui-lucifer-partea-1\/#respond"]}]},{"@type":"WebPage","@id":"https:\/\/www.lovendal.ro\/wp52\/marele-mister-biblic-al-creatiei-cum-a-fost-creata-lumea-si-adevarata-origine-a-lui-lucifer-partea-1\/","url":"https:\/\/www.lovendal.ro\/wp52\/marele-mister-biblic-al-creatiei-cum-a-fost-creata-lumea-si-adevarata-origine-a-lui-lucifer-partea-1\/","name":"Marele mister biblic al Crea\u0163iei: cum a fost creat\u0103 lumea \u015fi adev\u0103rata origine a lui Lucifer (partea 1) - Secretele lui Lovendal","isPartOf":{"@id":"https:\/\/www.lovendal.ro\/wp52\/#website"},"primaryImageOfPage":{"@id":"https:\/\/www.lovendal.ro\/wp52\/marele-mister-biblic-al-creatiei-cum-a-fost-creata-lumea-si-adevarata-origine-a-lui-lucifer-partea-1\/#primaryimage"},"image":{"@id":"https:\/\/www.lovendal.ro\/wp52\/marele-mister-biblic-al-creatiei-cum-a-fost-creata-lumea-si-adevarata-origine-a-lui-lucifer-partea-1\/#primaryimage"},"thumbnailUrl":"https:\/\/www.lovendal.ro\/wp52\/wp-content\/uploads\/2011\/08\/creatia-lumii.jpg","datePublished":"2011-08-15T16:16:22+00:00","dateModified":"2011-08-16T13:29:46+00:00","breadcrumb":{"@id":"https:\/\/www.lovendal.ro\/wp52\/marele-mister-biblic-al-creatiei-cum-a-fost-creata-lumea-si-adevarata-origine-a-lui-lucifer-partea-1\/#breadcrumb"},"inLanguage":"ro-RO","potentialAction":[{"@type":"ReadAction","target":["https:\/\/www.lovendal.ro\/wp52\/marele-mister-biblic-al-creatiei-cum-a-fost-creata-lumea-si-adevarata-origine-a-lui-lucifer-partea-1\/"]}]},{"@type":"ImageObject","inLanguage":"ro-RO","@id":"https:\/\/www.lovendal.ro\/wp52\/marele-mister-biblic-al-creatiei-cum-a-fost-creata-lumea-si-adevarata-origine-a-lui-lucifer-partea-1\/#primaryimage","url":"https:\/\/www.lovendal.ro\/wp52\/wp-content\/uploads\/2011\/08\/creatia-lumii.jpg","contentUrl":"https:\/\/www.lovendal.ro\/wp52\/wp-content\/uploads\/2011\/08\/creatia-lumii.jpg","width":309,"height":255},{"@type":"BreadcrumbList","@id":"https:\/\/www.lovendal.ro\/wp52\/marele-mister-biblic-al-creatiei-cum-a-fost-creata-lumea-si-adevarata-origine-a-lui-lucifer-partea-1\/#breadcrumb","itemListElement":[{"@type":"ListItem","position":1,"name":"Home","item":"https:\/\/www.lovendal.ro\/wp52\/"},{"@type":"ListItem","position":2,"name":"Marele mister biblic al Crea\u0163iei: cum a fost creat\u0103 lumea \u015fi adev\u0103rata origine a lui Lucifer (partea 1)"}]},{"@type":"WebSite","@id":"https:\/\/www.lovendal.ro\/wp52\/#website","url":"https:\/\/www.lovendal.ro\/wp52\/","name":"Secretele lui Lovendal","description":"Site de secrete, stiinta si metafizica - din 2008 -","publisher":{"@id":"https:\/\/www.lovendal.ro\/wp52\/#organization"},"potentialAction":[{"@type":"SearchAction","target":{"@type":"EntryPoint","urlTemplate":"https:\/\/www.lovendal.ro\/wp52\/?s={search_term_string}"},"query-input":{"@type":"PropertyValueSpecification","valueRequired":true,"valueName":"search_term_string"}}],"inLanguage":"ro-RO"},{"@type":"Organization","@id":"https:\/\/www.lovendal.ro\/wp52\/#organization","name":"Secretele lui Lovendal","url":"https:\/\/www.lovendal.ro\/wp52\/","logo":{"@type":"ImageObject","inLanguage":"ro-RO","@id":"https:\/\/www.lovendal.ro\/wp52\/#\/schema\/logo\/image\/","url":"https:\/\/www.lovendal.ro\/wp52\/wp-content\/uploads\/2024\/06\/cropped-SLL-iun-2024-1.jpg","contentUrl":"https:\/\/www.lovendal.ro\/wp52\/wp-content\/uploads\/2024\/06\/cropped-SLL-iun-2024-1.jpg","width":771,"height":240,"caption":"Secretele lui Lovendal"},"image":{"@id":"https:\/\/www.lovendal.ro\/wp52\/#\/schema\/logo\/image\/"},"sameAs":["https:\/\/www.facebook.com\/secreteleluilovendal"]},{"@type":"Person","@id":"https:\/\/www.lovendal.ro\/wp52\/#\/schema\/person\/088691de5dfc346bb0c023e1e52ef5d9","name":"admin","image":{"@type":"ImageObject","inLanguage":"ro-RO","@id":"https:\/\/secure.gravatar.com\/avatar\/ecb9cd41f5f63c9c9b989999a59f6e2639a865ec361e9db054db0679a8f341c2?s=96&d=mm&r=g","url":"https:\/\/secure.gravatar.com\/avatar\/ecb9cd41f5f63c9c9b989999a59f6e2639a865ec361e9db054db0679a8f341c2?s=96&d=mm&r=g","contentUrl":"https:\/\/secure.gravatar.com\/avatar\/ecb9cd41f5f63c9c9b989999a59f6e2639a865ec361e9db054db0679a8f341c2?s=96&d=mm&r=g","caption":"admin"},"sameAs":["https:\/\/www.lovendal.ro\/wp52"]}]}},"_links":{"self":[{"href":"https:\/\/www.lovendal.ro\/wp52\/wp-json\/wp\/v2\/posts\/19619","targetHints":{"allow":["GET"]}}],"collection":[{"href":"https:\/\/www.lovendal.ro\/wp52\/wp-json\/wp\/v2\/posts"}],"about":[{"href":"https:\/\/www.lovendal.ro\/wp52\/wp-json\/wp\/v2\/types\/post"}],"author":[{"embeddable":true,"href":"https:\/\/www.lovendal.ro\/wp52\/wp-json\/wp\/v2\/users\/1"}],"replies":[{"embeddable":true,"href":"https:\/\/www.lovendal.ro\/wp52\/wp-json\/wp\/v2\/comments?post=19619"}],"version-history":[{"count":0,"href":"https:\/\/www.lovendal.ro\/wp52\/wp-json\/wp\/v2\/posts\/19619\/revisions"}],"wp:featuredmedia":[{"embeddable":true,"href":"https:\/\/www.lovendal.ro\/wp52\/wp-json\/wp\/v2\/media\/19621"}],"wp:attachment":[{"href":"https:\/\/www.lovendal.ro\/wp52\/wp-json\/wp\/v2\/media?parent=19619"}],"wp:term":[{"taxonomy":"category","embeddable":true,"href":"https:\/\/www.lovendal.ro\/wp52\/wp-json\/wp\/v2\/categories?post=19619"},{"taxonomy":"post_tag","embeddable":true,"href":"https:\/\/www.lovendal.ro\/wp52\/wp-json\/wp\/v2\/tags?post=19619"}],"curies":[{"name":"wp","href":"https:\/\/api.w.org\/{rel}","templated":true}]}}