{"id":1940,"date":"2008-12-15T09:46:12","date_gmt":"2008-12-15T05:46:12","guid":{"rendered":"http:\/\/www.lovendal.net\/wp52\/?p=1940"},"modified":"2020-02-14T20:59:02","modified_gmt":"2020-02-14T18:59:02","slug":"edward-al-viii-lea-al-angliei-monarhul-betiv-si-aflat-sub-influenta-unui-mag-negru","status":"publish","type":"post","link":"https:\/\/www.lovendal.ro\/wp52\/edward-al-viii-lea-al-angliei-monarhul-betiv-si-aflat-sub-influenta-unui-mag-negru\/","title":{"rendered":"Edward al VIII-lea al Angliei, monarhul be\u0163iv \u015fi aflat sub influen\u0163a unui mag negru"},"content":{"rendered":"<p><a href=\"https:\/\/www.lovendal.ro\/wp52\/wp-content\/uploads\/2008\/12\/Edward-VIII-1.jpg\"><img loading=\"lazy\" decoding=\"async\" class=\"alignleft size-full wp-image-66774\" src=\"https:\/\/www.lovendal.ro\/wp52\/wp-content\/uploads\/2008\/12\/Edward-VIII-1.jpg\" alt=\"\" width=\"346\" height=\"318\" \/><\/a>Abdicarea monarhului britanic Eduard al VIII-lea, \u00een decembrie 1936, nu a fost determinat\u0103 numai de scandaloasa rela\u0163ie a acestuia cu americanc\u0103 Wallis Simpson, ci \u015fi de influen\u0163a exercitat\u0103 asupra sa de unui soi de &#8222;Rasputin&#8221; britanic, care \u00eencerca s\u0103-l trateze de alcoolism. Supranumit &#8222;Yoghinul din Yorkshire&#8221;, Alexander Cannon este descris ca un terapeut f\u0103r\u0103 scrupule, hipnotizator \u015fi mag, care \u015fi-a \u00eenv\u0103\u0163at tehnicile mistice \u00een timp ce activ\u0103 ca medic pe l\u00e2ng\u0103 o \u00eenchisoare din Beijing. Toate dosarele legate de aceast\u0103 afacere tulbure au fost \u00eengropate dup\u0103 abdicarea lui Eduard al VIII-lea \u00een arhivele imperiale, \u00eens\u0103, recent, au v\u0103zut din nou lumina zilei gra\u0163ie unui studiu \u00eentreprins de BBC \u015fi de Roger Sims, cercet\u0103tor la Manx Museum, relateaz\u0103 &#8222;La Stampa&#8221; consultat\u0103 de Agerpres.<\/p>\n<p>Edward al VIII-lea se f\u0103cea deja vinovat de dou\u0103 chestiuni impardonabile pentru elita britanic\u0103 a vremii: era \u00eendr\u0103gostit de americanc\u0103 Wallis Simpson, divor\u0163at\u0103 de dou\u0103 ori, \u015fi suferea de alcoolism. Potrivit BBC, pic\u0103tura care a umplut \u00een cele din urm\u0103 paharul, conduc\u00e2nd la abdicarea monarhului, a fost \u00eens\u0103 c\u0103derea sa sub influen\u0163a controversatului Alexander Cannon. Prin \u015fedin\u0163e de hipnoz\u0103 \u015fi trucuri comerciale, acesta reu\u015fise s\u0103-i c\u00e2\u015ftige \u00eencrederea lui Eduard al VIII-lea, care apelase la el pentru a se vindeca de dependen\u0163a de alcool. Imediat ce informa\u0163ia a trecut pragul din Downing Street, dup\u0103 doar 11 zile, Eduard al VIII-lea \u00eei trecea sceptrul fratelui s\u0103u, iar Cannon era expediat \u00een exil pe Insula Man.<\/p>\n<p>Cel care a denun\u0163at rela\u0163ia st\u00e2njenitoare dintre rege \u015fi Cannon a fost \u00eensu\u015fi arhiepiscopul de Canterbury, Cosmo Lang, care fusese pus \u00een gard\u0103 de un vicar de la \u0163ar\u0103. Arhiepiscopul i-a trimis lui William Brown-medic care \u00ee\u015fi avea cabinetul \u00een Harley Street, \u00een apropiere de cabinetul lui Cannon-o scrisoare \u00een care-i cerea informa\u0163ii despre activit\u0103\u0163ile &#8222;vraciului&#8221;. <em>&#8216;&#8221;O surs\u0103 demn\u0103 de \u00eencredere mi-a relatat ca un anumit doctor Cannon l-a luat recent sub \u00eengrijirea sa pe rege. Sunte\u0163i amabil s\u0103-mi spune\u0163i dac\u0103 este vorba de o persoan\u0103 \u00een care po\u0163i avea \u00eencredere? Potrivit informa\u0163iilor mele, pare s\u0103 fie unul care \u00eencurajeaz\u0103 metode \u00eentr-un fel periculoase&#8217;<\/em>&#8216;, a scris Lang. Simultan, arhiepiscopul i-a relatat suspiciunile sale premierului. A fost demarata o investiga\u0163ie supersecreta a MI-5, serviciul secret intern al Marii Britanii.<\/p>\n<p><em>&#8221;Se credea c\u0103 doctorul Cannon ar avea o influen\u0163\u0103 asupra regelui, care \u00een acea vreme era supus unor presiuni considerabile \u015fi urma tratament pentru diferite probleme&#8221;,<\/em> a explicat Roger Sims care, \u00een colaborare cu BBC, a redeschis \u015fi a analizat cu minu\u0163iozitate arhivele secrete care vorbeau despre rela\u0163ia dintre Eduard al VIII-lea \u015fi dubiosul t\u0103m\u0103duitor.<em> &#8221;Cannon era un medic care practica metode neortodoxe \u015fi era pe cale s\u0103 devin\u0103 foarte intim cu monarhul, un confident al acestuia&#8221;,<\/em> a mai spus Sims. Mai multe personalit\u0103\u0163i ale epocii au fost de-a dreptul alarmate de rela\u0163ia care se \u00eencropea \u00eentre cei doi. <em>&#8221;Monarhul a c\u0103zut pe m\u00e2na \u015fefului magiei negre engleze&#8221;,<\/em> afirm\u0103 Piers Compton, fostul responsabil pentru cultura de la &#8221;The Universe Catholic&#8221;.<\/p>\n<p>Edward a fost &#8221;prins \u00een curs\u0103 \u015fi invaluit&#8221; de Cannon, le-a spus agen\u0163ilor secre\u0163i \u015fi John Gastor, o alt\u0103 persoan\u0103 bine informat\u0103 din epoc\u0103. Astfel, guvernul, care a fost nevoit simultan s\u0103 \u00eenfrunte \u015fi izbucnirea scandalului Wallis Simpson, a decis s\u0103 treac\u0103 la ac\u0163iune. L-a expediat pe &#8221;guru&#8221; \u00een exil pe Insula Man, apoi s-a ocupat de \u00eenmorm\u00e2ntarea \u00eentregii afaceri. Dup\u0103 abdicare, Eduard a fost numit duce de Windsor \u015fi a locuit \u00een sediul Misiunii Militare Britanice din Paris dar, fiind acuzat c\u0103 ar manifesta simpatii pro-naziste, a fost trimis \u00een Bahamas, ca guvernator al acestor insule. Ulterior, nu a mai primit nici o \u00eens\u0103rcinare oficial\u0103 \u015fi a murit \u00eentr-un anonimat total, \u00een 1972, \u00een Fran\u0163a.<br \/>\n\u00cen ceea ce-l prive\u015fte pe Cannon, acesta \u015fi-a continuat netulburat activit\u0103\u0163ile dubioase \u015fi \u00een noua sa locuin\u0163\u0103, goticul Bangalore Castel din Insula Man. &#8222;Vraciul&#8221; s-a f\u0103cut cur\u00e2nd cunoscut comunit\u0103\u0163ii locale drept &#8222;excentric&#8221;: iubitor al negrului, el se \u00eembrac\u0103 cu o mantie larg\u0103 \u015fi avea un stil de via\u0163\u0103 foarte intens. Unele \u00eenregistr\u0103ri g\u0103site \u00een casa magului diletant, acum p\u0103strate la Manx Museum, arat\u0103 cum, spre deliciul amatorilor de mistere, Cannon organiza \u00een castelul s\u0103u spectacole de magie \u015fi experimente psihice.<\/p>\n","protected":false},"excerpt":{"rendered":"<p>Abdicarea monarhului britanic Eduard al VIII-lea, \u00een decembrie 1936, nu a fost determinat\u0103 numai de scandaloasa rela\u0163ie a acestuia cu americanc\u0103 Wallis Simpson, ci \u015fi de influen\u0163a exercitat\u0103 asupra sa de unui soi de &#8222;Rasputin&#8221; britanic, care \u00eencerca s\u0103-l trateze &#8230; <\/p>\n<p class=\"read-more-container\"><a title=\"Edward al VIII-lea al Angliei, monarhul be\u0163iv \u015fi aflat sub influen\u0163a unui mag negru\" class=\"read-more button\" href=\"https:\/\/www.lovendal.ro\/wp52\/edward-al-viii-lea-al-angliei-monarhul-betiv-si-aflat-sub-influenta-unui-mag-negru\/#more-1940\" aria-label=\"Cite\u0219te mai multe despre Edward al VIII-lea al Angliei, monarhul be\u0163iv \u015fi aflat sub influen\u0163a unui mag negru\">Cititi mai multe<\/a><\/p>\n","protected":false},"author":1,"featured_media":66774,"comment_status":"open","ping_status":"closed","sticky":false,"template":"","format":"standard","meta":{"footnotes":""},"categories":[9],"tags":[641,1532,392,453],"class_list":["post-1940","post","type-post","status-publish","format-standard","has-post-thumbnail","hentry","category-istorie","tag-edward-al-viii-lea","tag-istorie-si-civilizatii","tag-marea-britanie","tag-rege","resize-featured-image"],"yoast_head":"<!-- This site is optimized with the Yoast SEO Premium plugin v23.3 (Yoast SEO v27.4) - https:\/\/yoast.com\/product\/yoast-seo-premium-wordpress\/ -->\n<title>Edward al VIII-lea al Angliei, monarhul be\u0163iv \u015fi aflat sub influen\u0163a unui mag negru - Secretele lui Lovendal<\/title>\n<meta name=\"robots\" content=\"index, follow, max-snippet:-1, max-image-preview:large, max-video-preview:-1\" \/>\n<link rel=\"canonical\" href=\"https:\/\/www.lovendal.ro\/wp52\/edward-al-viii-lea-al-angliei-monarhul-betiv-si-aflat-sub-influenta-unui-mag-negru\/\" \/>\n<meta property=\"og:locale\" content=\"ro_RO\" \/>\n<meta property=\"og:type\" content=\"article\" \/>\n<meta property=\"og:title\" content=\"Edward al VIII-lea al Angliei, monarhul be\u0163iv \u015fi aflat sub influen\u0163a unui mag negru\" \/>\n<meta property=\"og:description\" content=\"Abdicarea monarhului britanic Eduard al VIII-lea, \u00een decembrie 1936, nu a fost determinat\u0103 numai de scandaloasa rela\u0163ie a acestuia cu americanc\u0103 Wallis Simpson, ci \u015fi de influen\u0163a exercitat\u0103 asupra sa de unui soi de &#8222;Rasputin&#8221; britanic, care \u00eencerca s\u0103-l trateze ... Cititi mai multe\" \/>\n<meta property=\"og:url\" content=\"https:\/\/www.lovendal.ro\/wp52\/edward-al-viii-lea-al-angliei-monarhul-betiv-si-aflat-sub-influenta-unui-mag-negru\/\" \/>\n<meta property=\"og:site_name\" content=\"Secretele lui Lovendal\" \/>\n<meta property=\"article:publisher\" content=\"https:\/\/www.facebook.com\/secreteleluilovendal\" \/>\n<meta property=\"article:published_time\" content=\"2008-12-15T05:46:12+00:00\" \/>\n<meta property=\"article:modified_time\" content=\"2020-02-14T18:59:02+00:00\" \/>\n<meta property=\"og:image\" content=\"https:\/\/www.lovendal.ro\/wp52\/wp-content\/uploads\/2008\/12\/Edward-VIII-1.jpg\" \/>\n\t<meta property=\"og:image:width\" content=\"346\" \/>\n\t<meta property=\"og:image:height\" content=\"318\" \/>\n\t<meta property=\"og:image:type\" content=\"image\/jpeg\" \/>\n<meta name=\"author\" content=\"admin\" \/>\n<meta name=\"twitter:card\" content=\"summary_large_image\" \/>\n<meta name=\"twitter:label1\" content=\"Scris de\" \/>\n\t<meta name=\"twitter:data1\" content=\"admin\" \/>\n\t<meta name=\"twitter:label2\" content=\"Timp estimat pentru citire\" \/>\n\t<meta name=\"twitter:data2\" content=\"4 minute\" \/>\n<script type=\"application\/ld+json\" class=\"yoast-schema-graph\">{\"@context\":\"https:\\\/\\\/schema.org\",\"@graph\":[{\"@type\":\"Article\",\"@id\":\"https:\\\/\\\/www.lovendal.ro\\\/wp52\\\/edward-al-viii-lea-al-angliei-monarhul-betiv-si-aflat-sub-influenta-unui-mag-negru\\\/#article\",\"isPartOf\":{\"@id\":\"https:\\\/\\\/www.lovendal.ro\\\/wp52\\\/edward-al-viii-lea-al-angliei-monarhul-betiv-si-aflat-sub-influenta-unui-mag-negru\\\/\"},\"author\":{\"name\":\"admin\",\"@id\":\"https:\\\/\\\/www.lovendal.ro\\\/wp52\\\/#\\\/schema\\\/person\\\/088691de5dfc346bb0c023e1e52ef5d9\"},\"headline\":\"Edward al VIII-lea al Angliei, monarhul be\u0163iv \u015fi aflat sub influen\u0163a unui mag negru\",\"datePublished\":\"2008-12-15T05:46:12+00:00\",\"dateModified\":\"2020-02-14T18:59:02+00:00\",\"mainEntityOfPage\":{\"@id\":\"https:\\\/\\\/www.lovendal.ro\\\/wp52\\\/edward-al-viii-lea-al-angliei-monarhul-betiv-si-aflat-sub-influenta-unui-mag-negru\\\/\"},\"wordCount\":750,\"commentCount\":0,\"publisher\":{\"@id\":\"https:\\\/\\\/www.lovendal.ro\\\/wp52\\\/#organization\"},\"image\":{\"@id\":\"https:\\\/\\\/www.lovendal.ro\\\/wp52\\\/edward-al-viii-lea-al-angliei-monarhul-betiv-si-aflat-sub-influenta-unui-mag-negru\\\/#primaryimage\"},\"thumbnailUrl\":\"https:\\\/\\\/www.lovendal.ro\\\/wp52\\\/wp-content\\\/uploads\\\/2008\\\/12\\\/Edward-VIII-1.jpg\",\"keywords\":[\"Edward al VIII-lea\",\"Istorie si Civilizatii\",\"Marea Britanie\",\"rege\"],\"articleSection\":[\"Istorie si Civilizatii\"],\"inLanguage\":\"ro-RO\",\"potentialAction\":[{\"@type\":\"CommentAction\",\"name\":\"Comment\",\"target\":[\"https:\\\/\\\/www.lovendal.ro\\\/wp52\\\/edward-al-viii-lea-al-angliei-monarhul-betiv-si-aflat-sub-influenta-unui-mag-negru\\\/#respond\"]}]},{\"@type\":\"WebPage\",\"@id\":\"https:\\\/\\\/www.lovendal.ro\\\/wp52\\\/edward-al-viii-lea-al-angliei-monarhul-betiv-si-aflat-sub-influenta-unui-mag-negru\\\/\",\"url\":\"https:\\\/\\\/www.lovendal.ro\\\/wp52\\\/edward-al-viii-lea-al-angliei-monarhul-betiv-si-aflat-sub-influenta-unui-mag-negru\\\/\",\"name\":\"Edward al VIII-lea al Angliei, monarhul be\u0163iv \u015fi aflat sub influen\u0163a unui mag negru - Secretele lui Lovendal\",\"isPartOf\":{\"@id\":\"https:\\\/\\\/www.lovendal.ro\\\/wp52\\\/#website\"},\"primaryImageOfPage\":{\"@id\":\"https:\\\/\\\/www.lovendal.ro\\\/wp52\\\/edward-al-viii-lea-al-angliei-monarhul-betiv-si-aflat-sub-influenta-unui-mag-negru\\\/#primaryimage\"},\"image\":{\"@id\":\"https:\\\/\\\/www.lovendal.ro\\\/wp52\\\/edward-al-viii-lea-al-angliei-monarhul-betiv-si-aflat-sub-influenta-unui-mag-negru\\\/#primaryimage\"},\"thumbnailUrl\":\"https:\\\/\\\/www.lovendal.ro\\\/wp52\\\/wp-content\\\/uploads\\\/2008\\\/12\\\/Edward-VIII-1.jpg\",\"datePublished\":\"2008-12-15T05:46:12+00:00\",\"dateModified\":\"2020-02-14T18:59:02+00:00\",\"breadcrumb\":{\"@id\":\"https:\\\/\\\/www.lovendal.ro\\\/wp52\\\/edward-al-viii-lea-al-angliei-monarhul-betiv-si-aflat-sub-influenta-unui-mag-negru\\\/#breadcrumb\"},\"inLanguage\":\"ro-RO\",\"potentialAction\":[{\"@type\":\"ReadAction\",\"target\":[\"https:\\\/\\\/www.lovendal.ro\\\/wp52\\\/edward-al-viii-lea-al-angliei-monarhul-betiv-si-aflat-sub-influenta-unui-mag-negru\\\/\"]}]},{\"@type\":\"ImageObject\",\"inLanguage\":\"ro-RO\",\"@id\":\"https:\\\/\\\/www.lovendal.ro\\\/wp52\\\/edward-al-viii-lea-al-angliei-monarhul-betiv-si-aflat-sub-influenta-unui-mag-negru\\\/#primaryimage\",\"url\":\"https:\\\/\\\/www.lovendal.ro\\\/wp52\\\/wp-content\\\/uploads\\\/2008\\\/12\\\/Edward-VIII-1.jpg\",\"contentUrl\":\"https:\\\/\\\/www.lovendal.ro\\\/wp52\\\/wp-content\\\/uploads\\\/2008\\\/12\\\/Edward-VIII-1.jpg\",\"width\":346,\"height\":318},{\"@type\":\"BreadcrumbList\",\"@id\":\"https:\\\/\\\/www.lovendal.ro\\\/wp52\\\/edward-al-viii-lea-al-angliei-monarhul-betiv-si-aflat-sub-influenta-unui-mag-negru\\\/#breadcrumb\",\"itemListElement\":[{\"@type\":\"ListItem\",\"position\":1,\"name\":\"Home\",\"item\":\"https:\\\/\\\/www.lovendal.ro\\\/wp52\\\/\"},{\"@type\":\"ListItem\",\"position\":2,\"name\":\"Edward al VIII-lea al Angliei, monarhul be\u0163iv \u015fi aflat sub influen\u0163a unui mag negru\"}]},{\"@type\":\"WebSite\",\"@id\":\"https:\\\/\\\/www.lovendal.ro\\\/wp52\\\/#website\",\"url\":\"https:\\\/\\\/www.lovendal.ro\\\/wp52\\\/\",\"name\":\"Secretele lui Lovendal\",\"description\":\"Site de secrete, stiinta si metafizica - din 2008 -\",\"publisher\":{\"@id\":\"https:\\\/\\\/www.lovendal.ro\\\/wp52\\\/#organization\"},\"potentialAction\":[{\"@type\":\"SearchAction\",\"target\":{\"@type\":\"EntryPoint\",\"urlTemplate\":\"https:\\\/\\\/www.lovendal.ro\\\/wp52\\\/?s={search_term_string}\"},\"query-input\":{\"@type\":\"PropertyValueSpecification\",\"valueRequired\":true,\"valueName\":\"search_term_string\"}}],\"inLanguage\":\"ro-RO\"},{\"@type\":\"Organization\",\"@id\":\"https:\\\/\\\/www.lovendal.ro\\\/wp52\\\/#organization\",\"name\":\"Secretele lui Lovendal\",\"url\":\"https:\\\/\\\/www.lovendal.ro\\\/wp52\\\/\",\"logo\":{\"@type\":\"ImageObject\",\"inLanguage\":\"ro-RO\",\"@id\":\"https:\\\/\\\/www.lovendal.ro\\\/wp52\\\/#\\\/schema\\\/logo\\\/image\\\/\",\"url\":\"https:\\\/\\\/www.lovendal.ro\\\/wp52\\\/wp-content\\\/uploads\\\/2024\\\/06\\\/cropped-SLL-iun-2024-1.jpg\",\"contentUrl\":\"https:\\\/\\\/www.lovendal.ro\\\/wp52\\\/wp-content\\\/uploads\\\/2024\\\/06\\\/cropped-SLL-iun-2024-1.jpg\",\"width\":771,\"height\":240,\"caption\":\"Secretele lui Lovendal\"},\"image\":{\"@id\":\"https:\\\/\\\/www.lovendal.ro\\\/wp52\\\/#\\\/schema\\\/logo\\\/image\\\/\"},\"sameAs\":[\"https:\\\/\\\/www.facebook.com\\\/secreteleluilovendal\"]},{\"@type\":\"Person\",\"@id\":\"https:\\\/\\\/www.lovendal.ro\\\/wp52\\\/#\\\/schema\\\/person\\\/088691de5dfc346bb0c023e1e52ef5d9\",\"name\":\"admin\",\"image\":{\"@type\":\"ImageObject\",\"inLanguage\":\"ro-RO\",\"@id\":\"https:\\\/\\\/secure.gravatar.com\\\/avatar\\\/ecb9cd41f5f63c9c9b989999a59f6e2639a865ec361e9db054db0679a8f341c2?s=96&d=mm&r=g\",\"url\":\"https:\\\/\\\/secure.gravatar.com\\\/avatar\\\/ecb9cd41f5f63c9c9b989999a59f6e2639a865ec361e9db054db0679a8f341c2?s=96&d=mm&r=g\",\"contentUrl\":\"https:\\\/\\\/secure.gravatar.com\\\/avatar\\\/ecb9cd41f5f63c9c9b989999a59f6e2639a865ec361e9db054db0679a8f341c2?s=96&d=mm&r=g\",\"caption\":\"admin\"},\"sameAs\":[\"https:\\\/\\\/www.lovendal.ro\\\/wp52\"]}]}<\/script>\n<!-- \/ Yoast SEO Premium plugin. -->","yoast_head_json":{"title":"Edward al VIII-lea al Angliei, monarhul be\u0163iv \u015fi aflat sub influen\u0163a unui mag negru - Secretele lui Lovendal","robots":{"index":"index","follow":"follow","max-snippet":"max-snippet:-1","max-image-preview":"max-image-preview:large","max-video-preview":"max-video-preview:-1"},"canonical":"https:\/\/www.lovendal.ro\/wp52\/edward-al-viii-lea-al-angliei-monarhul-betiv-si-aflat-sub-influenta-unui-mag-negru\/","og_locale":"ro_RO","og_type":"article","og_title":"Edward al VIII-lea al Angliei, monarhul be\u0163iv \u015fi aflat sub influen\u0163a unui mag negru","og_description":"Abdicarea monarhului britanic Eduard al VIII-lea, \u00een decembrie 1936, nu a fost determinat\u0103 numai de scandaloasa rela\u0163ie a acestuia cu americanc\u0103 Wallis Simpson, ci \u015fi de influen\u0163a exercitat\u0103 asupra sa de unui soi de &#8222;Rasputin&#8221; britanic, care \u00eencerca s\u0103-l trateze ... Cititi mai multe","og_url":"https:\/\/www.lovendal.ro\/wp52\/edward-al-viii-lea-al-angliei-monarhul-betiv-si-aflat-sub-influenta-unui-mag-negru\/","og_site_name":"Secretele lui Lovendal","article_publisher":"https:\/\/www.facebook.com\/secreteleluilovendal","article_published_time":"2008-12-15T05:46:12+00:00","article_modified_time":"2020-02-14T18:59:02+00:00","og_image":[{"width":346,"height":318,"url":"https:\/\/www.lovendal.ro\/wp52\/wp-content\/uploads\/2008\/12\/Edward-VIII-1.jpg","type":"image\/jpeg"}],"author":"admin","twitter_card":"summary_large_image","twitter_misc":{"Scris de":"admin","Timp estimat pentru citire":"4 minute"},"schema":{"@context":"https:\/\/schema.org","@graph":[{"@type":"Article","@id":"https:\/\/www.lovendal.ro\/wp52\/edward-al-viii-lea-al-angliei-monarhul-betiv-si-aflat-sub-influenta-unui-mag-negru\/#article","isPartOf":{"@id":"https:\/\/www.lovendal.ro\/wp52\/edward-al-viii-lea-al-angliei-monarhul-betiv-si-aflat-sub-influenta-unui-mag-negru\/"},"author":{"name":"admin","@id":"https:\/\/www.lovendal.ro\/wp52\/#\/schema\/person\/088691de5dfc346bb0c023e1e52ef5d9"},"headline":"Edward al VIII-lea al Angliei, monarhul be\u0163iv \u015fi aflat sub influen\u0163a unui mag negru","datePublished":"2008-12-15T05:46:12+00:00","dateModified":"2020-02-14T18:59:02+00:00","mainEntityOfPage":{"@id":"https:\/\/www.lovendal.ro\/wp52\/edward-al-viii-lea-al-angliei-monarhul-betiv-si-aflat-sub-influenta-unui-mag-negru\/"},"wordCount":750,"commentCount":0,"publisher":{"@id":"https:\/\/www.lovendal.ro\/wp52\/#organization"},"image":{"@id":"https:\/\/www.lovendal.ro\/wp52\/edward-al-viii-lea-al-angliei-monarhul-betiv-si-aflat-sub-influenta-unui-mag-negru\/#primaryimage"},"thumbnailUrl":"https:\/\/www.lovendal.ro\/wp52\/wp-content\/uploads\/2008\/12\/Edward-VIII-1.jpg","keywords":["Edward al VIII-lea","Istorie si Civilizatii","Marea Britanie","rege"],"articleSection":["Istorie si Civilizatii"],"inLanguage":"ro-RO","potentialAction":[{"@type":"CommentAction","name":"Comment","target":["https:\/\/www.lovendal.ro\/wp52\/edward-al-viii-lea-al-angliei-monarhul-betiv-si-aflat-sub-influenta-unui-mag-negru\/#respond"]}]},{"@type":"WebPage","@id":"https:\/\/www.lovendal.ro\/wp52\/edward-al-viii-lea-al-angliei-monarhul-betiv-si-aflat-sub-influenta-unui-mag-negru\/","url":"https:\/\/www.lovendal.ro\/wp52\/edward-al-viii-lea-al-angliei-monarhul-betiv-si-aflat-sub-influenta-unui-mag-negru\/","name":"Edward al VIII-lea al Angliei, monarhul be\u0163iv \u015fi aflat sub influen\u0163a unui mag negru - Secretele lui Lovendal","isPartOf":{"@id":"https:\/\/www.lovendal.ro\/wp52\/#website"},"primaryImageOfPage":{"@id":"https:\/\/www.lovendal.ro\/wp52\/edward-al-viii-lea-al-angliei-monarhul-betiv-si-aflat-sub-influenta-unui-mag-negru\/#primaryimage"},"image":{"@id":"https:\/\/www.lovendal.ro\/wp52\/edward-al-viii-lea-al-angliei-monarhul-betiv-si-aflat-sub-influenta-unui-mag-negru\/#primaryimage"},"thumbnailUrl":"https:\/\/www.lovendal.ro\/wp52\/wp-content\/uploads\/2008\/12\/Edward-VIII-1.jpg","datePublished":"2008-12-15T05:46:12+00:00","dateModified":"2020-02-14T18:59:02+00:00","breadcrumb":{"@id":"https:\/\/www.lovendal.ro\/wp52\/edward-al-viii-lea-al-angliei-monarhul-betiv-si-aflat-sub-influenta-unui-mag-negru\/#breadcrumb"},"inLanguage":"ro-RO","potentialAction":[{"@type":"ReadAction","target":["https:\/\/www.lovendal.ro\/wp52\/edward-al-viii-lea-al-angliei-monarhul-betiv-si-aflat-sub-influenta-unui-mag-negru\/"]}]},{"@type":"ImageObject","inLanguage":"ro-RO","@id":"https:\/\/www.lovendal.ro\/wp52\/edward-al-viii-lea-al-angliei-monarhul-betiv-si-aflat-sub-influenta-unui-mag-negru\/#primaryimage","url":"https:\/\/www.lovendal.ro\/wp52\/wp-content\/uploads\/2008\/12\/Edward-VIII-1.jpg","contentUrl":"https:\/\/www.lovendal.ro\/wp52\/wp-content\/uploads\/2008\/12\/Edward-VIII-1.jpg","width":346,"height":318},{"@type":"BreadcrumbList","@id":"https:\/\/www.lovendal.ro\/wp52\/edward-al-viii-lea-al-angliei-monarhul-betiv-si-aflat-sub-influenta-unui-mag-negru\/#breadcrumb","itemListElement":[{"@type":"ListItem","position":1,"name":"Home","item":"https:\/\/www.lovendal.ro\/wp52\/"},{"@type":"ListItem","position":2,"name":"Edward al VIII-lea al Angliei, monarhul be\u0163iv \u015fi aflat sub influen\u0163a unui mag negru"}]},{"@type":"WebSite","@id":"https:\/\/www.lovendal.ro\/wp52\/#website","url":"https:\/\/www.lovendal.ro\/wp52\/","name":"Secretele lui Lovendal","description":"Site de secrete, stiinta si metafizica - din 2008 -","publisher":{"@id":"https:\/\/www.lovendal.ro\/wp52\/#organization"},"potentialAction":[{"@type":"SearchAction","target":{"@type":"EntryPoint","urlTemplate":"https:\/\/www.lovendal.ro\/wp52\/?s={search_term_string}"},"query-input":{"@type":"PropertyValueSpecification","valueRequired":true,"valueName":"search_term_string"}}],"inLanguage":"ro-RO"},{"@type":"Organization","@id":"https:\/\/www.lovendal.ro\/wp52\/#organization","name":"Secretele lui Lovendal","url":"https:\/\/www.lovendal.ro\/wp52\/","logo":{"@type":"ImageObject","inLanguage":"ro-RO","@id":"https:\/\/www.lovendal.ro\/wp52\/#\/schema\/logo\/image\/","url":"https:\/\/www.lovendal.ro\/wp52\/wp-content\/uploads\/2024\/06\/cropped-SLL-iun-2024-1.jpg","contentUrl":"https:\/\/www.lovendal.ro\/wp52\/wp-content\/uploads\/2024\/06\/cropped-SLL-iun-2024-1.jpg","width":771,"height":240,"caption":"Secretele lui Lovendal"},"image":{"@id":"https:\/\/www.lovendal.ro\/wp52\/#\/schema\/logo\/image\/"},"sameAs":["https:\/\/www.facebook.com\/secreteleluilovendal"]},{"@type":"Person","@id":"https:\/\/www.lovendal.ro\/wp52\/#\/schema\/person\/088691de5dfc346bb0c023e1e52ef5d9","name":"admin","image":{"@type":"ImageObject","inLanguage":"ro-RO","@id":"https:\/\/secure.gravatar.com\/avatar\/ecb9cd41f5f63c9c9b989999a59f6e2639a865ec361e9db054db0679a8f341c2?s=96&d=mm&r=g","url":"https:\/\/secure.gravatar.com\/avatar\/ecb9cd41f5f63c9c9b989999a59f6e2639a865ec361e9db054db0679a8f341c2?s=96&d=mm&r=g","contentUrl":"https:\/\/secure.gravatar.com\/avatar\/ecb9cd41f5f63c9c9b989999a59f6e2639a865ec361e9db054db0679a8f341c2?s=96&d=mm&r=g","caption":"admin"},"sameAs":["https:\/\/www.lovendal.ro\/wp52"]}]}},"_links":{"self":[{"href":"https:\/\/www.lovendal.ro\/wp52\/wp-json\/wp\/v2\/posts\/1940","targetHints":{"allow":["GET"]}}],"collection":[{"href":"https:\/\/www.lovendal.ro\/wp52\/wp-json\/wp\/v2\/posts"}],"about":[{"href":"https:\/\/www.lovendal.ro\/wp52\/wp-json\/wp\/v2\/types\/post"}],"author":[{"embeddable":true,"href":"https:\/\/www.lovendal.ro\/wp52\/wp-json\/wp\/v2\/users\/1"}],"replies":[{"embeddable":true,"href":"https:\/\/www.lovendal.ro\/wp52\/wp-json\/wp\/v2\/comments?post=1940"}],"version-history":[{"count":0,"href":"https:\/\/www.lovendal.ro\/wp52\/wp-json\/wp\/v2\/posts\/1940\/revisions"}],"wp:featuredmedia":[{"embeddable":true,"href":"https:\/\/www.lovendal.ro\/wp52\/wp-json\/wp\/v2\/media\/66774"}],"wp:attachment":[{"href":"https:\/\/www.lovendal.ro\/wp52\/wp-json\/wp\/v2\/media?parent=1940"}],"wp:term":[{"taxonomy":"category","embeddable":true,"href":"https:\/\/www.lovendal.ro\/wp52\/wp-json\/wp\/v2\/categories?post=1940"},{"taxonomy":"post_tag","embeddable":true,"href":"https:\/\/www.lovendal.ro\/wp52\/wp-json\/wp\/v2\/tags?post=1940"}],"curies":[{"name":"wp","href":"https:\/\/api.w.org\/{rel}","templated":true}]}}