{"id":1901,"date":"2008-12-14T10:31:01","date_gmt":"2008-12-14T06:31:01","guid":{"rendered":"http:\/\/www.lovendal.net\/wp52\/?p=1901"},"modified":"2010-10-26T07:19:40","modified_gmt":"2010-10-26T04:19:40","slug":"urmasii-lui-noe-pelasgii-isi-au-originea-in-muntii-retezat","status":"publish","type":"post","link":"https:\/\/www.lovendal.ro\/wp52\/urmasii-lui-noe-pelasgii-isi-au-originea-in-muntii-retezat\/","title":{"rendered":"Urma\u015fii lui Noe, pelasgii, \u00ee\u015fi au originea \u00een Mun\u0163ii Retezat"},"content":{"rendered":"<p><a href=\"https:\/\/www.lovendal.ro\/wp52\/wp-content\/uploads\/2008\/12\/retezat.jpg\"><img loading=\"lazy\" decoding=\"async\" class=\"alignleft size-full wp-image-1902\" title=\"retezat\" src=\"https:\/\/www.lovendal.ro\/wp52\/wp-content\/uploads\/2008\/12\/retezat.jpg\" alt=\"retezat\" width=\"405\" height=\"300\" \/><\/a>Pentru greci, pelasgii erau cei mai vechi oameni de pe p\u0103m\u00e2nt (Homer, Ephor, Eschil) ba chiar sfin\u0163i (Dionisiu din Halicarnas) sau divini (Homer). Ei se aflau \u00een Crecia \u00eenc\u0103 dinaintea celor dou\u0103 potopuri, unul petrecut pe vremea regelui Ogyges, cel\u0103lalt pe vremea lui Deucalion, ambele \u00eenainte de Noe. Ba, mai mult, ei tr\u0103iser\u0103 \u00eenaintea de apari\u0163ia Lunii pe cer. Primul om n\u0103scut pe p\u0103m\u00e2nt se numea Pelasg \u015fi era un exemplar deosebit din toate punctele de vedere, care i-a civilizat pe s\u0103lbaticii care existau deja \u00eenaintea lui. Poetul Asini \u015fi Pausanias spun c\u0103 Pelasg s-a n\u0103scut din p\u0103m\u00e2ntul cel negru pe culmile \u00eenalte ale mun\u0163ilor. Cu el s-a \u00eenceput spe\u0163a de oameni muncitori. Alt\u0103 personalitate pelasg\u0103 a fost Prometeu care era fiul lui Iapet, mam\u0103 fiindu-i Geea. \u015ei el i-a civilizat pe b\u0103\u015ftina\u015fi, printre altele \u00eenv\u0103\u0163\u00e2ndu-i s\u0103 extrag\u0103 minereuri \u015fi aurul.<\/p>\n<p>Pelasgii \u015fi popula\u0163iile componente dar cu nume diferite \u00een timp \u015fi spa\u0163iu ca: hiperborei, arimi, ramani, sci\u0163i (vechi), ge\u0163i, valahi, ocupau o suprafa\u0163\u0103 foarte mare a Europei a c\u0103rui centru de greutate era spa\u0163iul carpato-danubiano-pontic, spa\u0163iul stabilit de arheologii contemporani pe baza unor probe materiale care nu se g\u0103sesc dec\u00e2t \u00een aceast\u0103 parte de r\u0103s\u0103rit a Europei.<\/p>\n<p>P\u0103m\u00e2ntul negru men\u0163ionat de Pausanias este evident c\u0103 se afla la nord de Dun\u0103re (cel din Basarabia este celebru \u015fi ast\u0103zi) din care cauz\u0103 p\u00e2n\u0103 nu de mult \u0163ara noastr\u0103 era considerat\u0103 gr\u00e2narul Europei. Exploatarea minereurilor \u015fi a aurului (vezi Baia de Fier, Baia de Aram\u0103, \u015fi mun\u0163ii Apuseni) Prometeu nu putea s-o fac\u0103 dec\u00e2t tot pe acest teritoriu, deoarece aur \u00een Europa nu se mai g\u0103sea dec\u00e2t \u00een Spania.<\/p>\n<p>\u00cen Genez\u0103 9 \u015fi 10 se arat\u0103 c\u0103 primul dintre cei trei fii ai lui Noe a fost SEM. Urma\u015fii acestuia au fost: Elam, Asur, Arpac\u015fad, Lud \u015fi Aram. Din Arpc\u015fad urma\u015fii sunt \u015eelah, Eber, Ioctan \u015fi Peleg, \u015fi a\u015fa mai departe. Ne oprim la acesta pentru c\u0103 : \u201e\u00een zilele lui s-a \u00eemp\u0103r\u0163it p\u0103m\u00e2ntul, cuv\u00e2ntul \u00eensu\u015fi \u00eensemn\u00e2nd \u00eemp\u0103r\u0163ire\u201d. Dar, \u00eenc\u0103 mai mult, Peleg prea seam\u0103n\u0103 cu Peleaga V\u00e2rful de 2509 m., cel mai \u00eenalt al mun\u0163ilor Retezat \u015fi ne reamintim c\u0103 Asin \u015fi Pausanias au scris c\u0103 Pelasg s-a n\u0103scut pe culmile \u00eenalte ale mun\u0163ilor. Revenind la Genez\u0103 se mai poate ad\u0103uga c\u0103 lui Eber i s-a n\u0103scut Peleg c\u00e2nd avea 34 de ani \u015fi c\u0103 la r\u00e2ndul lui acesta a devenit tat\u0103 la 31 de ani fiul s\u0103u fiind Reu. Peleg a tr\u0103it 239 ani, de altfel ca \u015fi Reu.Dup\u0103 cronologia tradi\u0163ional\u0103 sau mistic\u0103 bazat\u0103 pe mi\u015fcarea Soarelui \u015fi a Terrei pe ecliptic\u0103, Nostradamus \u015fi Tritheme consider\u0103 c\u0103: Sem a tr\u0103it 600 de ani din care 98 \u00eenaintea Potopului, Arpac\u015fad a tr\u0103it 438 ani, n\u0103sc\u00e2ndu-se \u00een anul 2 dup\u0103 potop, \u015eelah a tr\u0103it 433 ani, n\u0103sc\u00e2ndu-se \u00een anul 37 d.P., Peleg a tr\u0103it \u00eentre anii 101-340 d.P., Reu a tr\u0103it \u00eentre anii 131-370 d.P.<\/p>\n<p>Aceea\u015fi cronologie consider\u0103 c\u0103 de la Adam la Noe s-au scurs 8608 ani, 4304 de la Noe la Abraham, 2152 de la Abraham la Issus Hristos. Perioada de la Noe la Abraham de 4304 ani corespunde la dou\u0103 perioade zodiacale \u00een care s-a aflat Omenirea, respectiv \u00een Gemeni \u015fi Taur. Dup\u0103 teoria ciclurilor vie\u0163ii pe Terra, fiecare din acestea s-a terminat cu mari convulsiuni care conduc la pieirea omenirii respective, cu c\u00e2teva excep\u0163ii c\u0103ci o continuitate a existat \u015fi va exista. \u00cenaintea ciclului \u00een care ne afl\u0103m acum, omenirea \u00eenceput\u0103 de la Adam a fost distrus\u0103 prin Foc pe vremea c\u00e2nd se trecea din Zodia Scorpionului \u00een Balan\u0163\u0103. Ciclul de via\u0163\u0103 urm\u0103tor a corespuns zodiilor Balan\u0163\u0103, Fecioar\u0103, Leu \u015fi Rac \u015fi a fost distrus\u0103 prin Ap\u0103, respectiv Potop. Fixarea \u00een timp \u0163in\u00e2nd seama de mersul soarelui pe ecliptic\u0103 a acestor perioade se poate face \u015ftiind c\u0103 omenirea se afl\u0103 \u00eentr-un semn zodiacal timp de 2152 ani. Ciclul \u00een care ne afl\u0103m \u015fi care cuprinde zodiile: Gemeni, Taur, Berbec \u015fi Pe\u015fti se va \u00eencheia \u00een anul 2137 elementul distrug\u0103tor fiind la data aceea Aerul.<\/p>\n<p>\u0162in\u00e2nd seama de cele de mai de sus, \u00eenseamn\u0103 c\u0103 \u00eenceputul actualului ciclu respectiv potopul lui Noe a avut loc pe la anul 6471 \u00ee.H. \u015fi c\u0103 deci Pelasg, cel care ne intereseaz\u0103 pe noi, a tr\u0103it \u00eentre anii 6370 \u015fi circa 6131 \u00ee.H., ceea ce nu \u00eenseamn\u0103 c\u0103 popula\u0163ia care, de atunci s-a numit pelasgi nu era mult mai veche.<\/p>\n<p>Re\u0163in\u00e2nd c\u0103 marele popor pelasg \u00ee\u015fi avea centrul geometric de r\u0103sp\u00e2ndire tocmai aproximativ actualul jude\u0163 Hunedoara \u015fi mai la sud pe valea Cernei incluz\u00e2nd Clisura Dun\u0103rii, \u015fi \u015ftiind c\u0103 cei care conduceau destinele oamenilor locuiau zonele \u00eenalte ale mun\u0163ilor, este aproape firesc ca Vf. Peleaga s\u0103 poarte numele regelui sacerdot Peleg (sau Pelasg) al pelasgilor. Probabil c\u0103 \u00een poiana Pelegii era re\u015fedin\u0163a lui obi\u015fnuit\u0103, pe v\u00e2rf sau pe Valea Rea retr\u0103g\u00e2ndu-se doar periodic conform obiceiului consemnat mai t\u00e2rziu la Zalmoxe.<\/p>\n<p>\u00cen momentul istoric \u00een care, \u00een expansiunea lor, pelasgii au ajuns \u015fi \u00een Orient Mijlociu respectiv \u00een Mesopotamia, ei au l\u0103sat amprenta numelui regelui at\u00e2t \u00een Vechiul Testament c\u00e2t \u015fi \u00een toponimia local\u0103. Peleg este un urma\u015f al lui Arpac\u015fad care trimite direct la Arpa\u015f, localitate aflat\u0103 \u00een linie dreapt\u0103 la 140 km de vf. Peleaga. Ham, care era al doilea fiu al lui Noe, l-a avut ca urma\u015f pe Canaan care ar putea s\u0103 provin\u0103 de la C\u00e2ineni, care se afl\u0103 numai la 111 km de vf. Peleaga, \u015fi unde de asemenea se \u00eent\u00e2mpl\u0103 unele evenimente ciudate inclusiv, \u00een ultima vreme, a unei frecven\u0163e mai ridicate de accidente auto. Investiga\u0163ia poate cuprinde \u015fi nume de localit\u0103\u0163i ca Gherar (Geneza 10,19) care poate fi foarte bine Ghelar, care cu 40 Km este \u00eenc\u0103 \u015fi mai aproape de vf. Peleaga. Celebra Gomora poate fi la fel de bine Govora aflat\u0103 la 105 km. distan\u0163\u0103, \u015fi periclitat\u0103 \u015fi zona ei dealungul mai multor ani, cu dispari\u0163ia prin gaze toxice care se fabricau \u00een apropiere. Alt\u0103 localitate Le\u015fa poate fi foarte bine Lisa la 175 km de-a lungul mun\u0163ilor. Din cartea Genezei s-a v\u0103zut c\u0103 genealogia dup\u0103 Noe apare \u015fi Peleg care a tr\u0103it 239 de ani \u015fi care la 31 de ani l-a avut ca fiu pe Reu. &#8222;Valea Rea&#8221; din Mun\u0163ii Retezatului se scria la \u00eenceputul sec. XX &#8222;Valea Reu&#8221;.<\/p>\n<p>Se poate observa c\u0103 toate aceste nume de localit\u0103\u0163i \u015fi de oameni se reg\u0103sesc numai \u00een Carpa\u0163ii Meridionali \u015fi la o distan\u0163\u0103 maxim\u0103 \u00een linie dreapt\u0103 de maxim 175 km de vf. Peleaga.<\/p>\n<p><strong>(Articol scris de Teodor Filip)<\/strong><\/p>\n","protected":false},"excerpt":{"rendered":"<p>Pentru greci, pelasgii erau cei mai vechi oameni de pe p\u0103m\u00e2nt (Homer, Ephor, Eschil) ba chiar sfin\u0163i (Dionisiu din Halicarnas) sau divini (Homer). Ei se aflau \u00een Crecia \u00eenc\u0103 dinaintea celor dou\u0103 potopuri, unul petrecut pe vremea regelui Ogyges, cel\u0103lalt &#8230; <\/p>\n<p class=\"read-more-container\"><a title=\"Urma\u015fii lui Noe, pelasgii, \u00ee\u015fi au originea \u00een Mun\u0163ii Retezat\" class=\"read-more button\" href=\"https:\/\/www.lovendal.ro\/wp52\/urmasii-lui-noe-pelasgii-isi-au-originea-in-muntii-retezat\/#more-1901\" aria-label=\"Cite\u0219te mai multe despre Urma\u015fii lui Noe, pelasgii, \u00ee\u015fi au originea \u00een Mun\u0163ii Retezat\">Cititi mai multe<\/a><\/p>\n","protected":false},"author":1,"featured_media":1902,"comment_status":"open","ping_status":"closed","sticky":false,"template":"","format":"standard","meta":{"footnotes":""},"categories":[9],"tags":[375,1532,62,634,635,633],"class_list":["post-1901","post","type-post","status-publish","format-standard","has-post-thumbnail","hentry","category-istorie","tag-grecia","tag-istorie-si-civilizatii","tag-noe","tag-pelasgi","tag-potop","tag-retezat","resize-featured-image"],"yoast_head":"<!-- This site is optimized with the Yoast SEO Premium plugin v23.3 (Yoast SEO v27.4) - https:\/\/yoast.com\/product\/yoast-seo-premium-wordpress\/ -->\n<title>Urma\u015fii lui Noe, pelasgii, \u00ee\u015fi au originea \u00een Mun\u0163ii Retezat - Secretele lui Lovendal<\/title>\n<meta name=\"robots\" content=\"index, follow, max-snippet:-1, max-image-preview:large, max-video-preview:-1\" \/>\n<link rel=\"canonical\" href=\"https:\/\/www.lovendal.ro\/wp52\/urmasii-lui-noe-pelasgii-isi-au-originea-in-muntii-retezat\/\" \/>\n<meta property=\"og:locale\" content=\"ro_RO\" \/>\n<meta property=\"og:type\" content=\"article\" \/>\n<meta property=\"og:title\" content=\"Urma\u015fii lui Noe, pelasgii, \u00ee\u015fi au originea \u00een Mun\u0163ii Retezat\" \/>\n<meta property=\"og:description\" content=\"Pentru greci, pelasgii erau cei mai vechi oameni de pe p\u0103m\u00e2nt (Homer, Ephor, Eschil) ba chiar sfin\u0163i (Dionisiu din Halicarnas) sau divini (Homer). Ei se aflau \u00een Crecia \u00eenc\u0103 dinaintea celor dou\u0103 potopuri, unul petrecut pe vremea regelui Ogyges, cel\u0103lalt ... Cititi mai multe\" \/>\n<meta property=\"og:url\" content=\"https:\/\/www.lovendal.ro\/wp52\/urmasii-lui-noe-pelasgii-isi-au-originea-in-muntii-retezat\/\" \/>\n<meta property=\"og:site_name\" content=\"Secretele lui Lovendal\" \/>\n<meta property=\"article:publisher\" content=\"https:\/\/www.facebook.com\/secreteleluilovendal\" \/>\n<meta property=\"article:published_time\" content=\"2008-12-14T06:31:01+00:00\" \/>\n<meta property=\"article:modified_time\" content=\"2010-10-26T04:19:40+00:00\" \/>\n<meta property=\"og:image\" content=\"https:\/\/www.lovendal.ro\/wp52\/wp-content\/uploads\/2008\/12\/retezat.jpg\" \/>\n\t<meta property=\"og:image:width\" content=\"557\" \/>\n\t<meta property=\"og:image:height\" content=\"413\" \/>\n\t<meta property=\"og:image:type\" content=\"image\/jpeg\" \/>\n<meta name=\"author\" content=\"admin\" \/>\n<meta name=\"twitter:card\" content=\"summary_large_image\" \/>\n<meta name=\"twitter:label1\" content=\"Scris de\" \/>\n\t<meta name=\"twitter:data1\" content=\"admin\" \/>\n\t<meta name=\"twitter:label2\" content=\"Timp estimat pentru citire\" \/>\n\t<meta name=\"twitter:data2\" content=\"6 minute\" \/>\n<script type=\"application\/ld+json\" class=\"yoast-schema-graph\">{\"@context\":\"https:\\\/\\\/schema.org\",\"@graph\":[{\"@type\":\"Article\",\"@id\":\"https:\\\/\\\/www.lovendal.ro\\\/wp52\\\/urmasii-lui-noe-pelasgii-isi-au-originea-in-muntii-retezat\\\/#article\",\"isPartOf\":{\"@id\":\"https:\\\/\\\/www.lovendal.ro\\\/wp52\\\/urmasii-lui-noe-pelasgii-isi-au-originea-in-muntii-retezat\\\/\"},\"author\":{\"name\":\"admin\",\"@id\":\"https:\\\/\\\/www.lovendal.ro\\\/wp52\\\/#\\\/schema\\\/person\\\/088691de5dfc346bb0c023e1e52ef5d9\"},\"headline\":\"Urma\u015fii lui Noe, pelasgii, \u00ee\u015fi au originea \u00een Mun\u0163ii Retezat\",\"datePublished\":\"2008-12-14T06:31:01+00:00\",\"dateModified\":\"2010-10-26T04:19:40+00:00\",\"mainEntityOfPage\":{\"@id\":\"https:\\\/\\\/www.lovendal.ro\\\/wp52\\\/urmasii-lui-noe-pelasgii-isi-au-originea-in-muntii-retezat\\\/\"},\"wordCount\":1174,\"commentCount\":8,\"publisher\":{\"@id\":\"https:\\\/\\\/www.lovendal.ro\\\/wp52\\\/#organization\"},\"image\":{\"@id\":\"https:\\\/\\\/www.lovendal.ro\\\/wp52\\\/urmasii-lui-noe-pelasgii-isi-au-originea-in-muntii-retezat\\\/#primaryimage\"},\"thumbnailUrl\":\"https:\\\/\\\/www.lovendal.ro\\\/wp52\\\/wp-content\\\/uploads\\\/2008\\\/12\\\/retezat.jpg\",\"keywords\":[\"Grecia\",\"Istorie si Civilizatii\",\"Noe\",\"pelasgi\",\"potop\",\"Retezat\"],\"articleSection\":[\"Istorie si Civilizatii\"],\"inLanguage\":\"ro-RO\",\"potentialAction\":[{\"@type\":\"CommentAction\",\"name\":\"Comment\",\"target\":[\"https:\\\/\\\/www.lovendal.ro\\\/wp52\\\/urmasii-lui-noe-pelasgii-isi-au-originea-in-muntii-retezat\\\/#respond\"]}]},{\"@type\":\"WebPage\",\"@id\":\"https:\\\/\\\/www.lovendal.ro\\\/wp52\\\/urmasii-lui-noe-pelasgii-isi-au-originea-in-muntii-retezat\\\/\",\"url\":\"https:\\\/\\\/www.lovendal.ro\\\/wp52\\\/urmasii-lui-noe-pelasgii-isi-au-originea-in-muntii-retezat\\\/\",\"name\":\"Urma\u015fii lui Noe, pelasgii, \u00ee\u015fi au originea \u00een Mun\u0163ii Retezat - Secretele lui Lovendal\",\"isPartOf\":{\"@id\":\"https:\\\/\\\/www.lovendal.ro\\\/wp52\\\/#website\"},\"primaryImageOfPage\":{\"@id\":\"https:\\\/\\\/www.lovendal.ro\\\/wp52\\\/urmasii-lui-noe-pelasgii-isi-au-originea-in-muntii-retezat\\\/#primaryimage\"},\"image\":{\"@id\":\"https:\\\/\\\/www.lovendal.ro\\\/wp52\\\/urmasii-lui-noe-pelasgii-isi-au-originea-in-muntii-retezat\\\/#primaryimage\"},\"thumbnailUrl\":\"https:\\\/\\\/www.lovendal.ro\\\/wp52\\\/wp-content\\\/uploads\\\/2008\\\/12\\\/retezat.jpg\",\"datePublished\":\"2008-12-14T06:31:01+00:00\",\"dateModified\":\"2010-10-26T04:19:40+00:00\",\"breadcrumb\":{\"@id\":\"https:\\\/\\\/www.lovendal.ro\\\/wp52\\\/urmasii-lui-noe-pelasgii-isi-au-originea-in-muntii-retezat\\\/#breadcrumb\"},\"inLanguage\":\"ro-RO\",\"potentialAction\":[{\"@type\":\"ReadAction\",\"target\":[\"https:\\\/\\\/www.lovendal.ro\\\/wp52\\\/urmasii-lui-noe-pelasgii-isi-au-originea-in-muntii-retezat\\\/\"]}]},{\"@type\":\"ImageObject\",\"inLanguage\":\"ro-RO\",\"@id\":\"https:\\\/\\\/www.lovendal.ro\\\/wp52\\\/urmasii-lui-noe-pelasgii-isi-au-originea-in-muntii-retezat\\\/#primaryimage\",\"url\":\"https:\\\/\\\/www.lovendal.ro\\\/wp52\\\/wp-content\\\/uploads\\\/2008\\\/12\\\/retezat.jpg\",\"contentUrl\":\"https:\\\/\\\/www.lovendal.ro\\\/wp52\\\/wp-content\\\/uploads\\\/2008\\\/12\\\/retezat.jpg\",\"width\":\"557\",\"height\":\"413\"},{\"@type\":\"BreadcrumbList\",\"@id\":\"https:\\\/\\\/www.lovendal.ro\\\/wp52\\\/urmasii-lui-noe-pelasgii-isi-au-originea-in-muntii-retezat\\\/#breadcrumb\",\"itemListElement\":[{\"@type\":\"ListItem\",\"position\":1,\"name\":\"Home\",\"item\":\"https:\\\/\\\/www.lovendal.ro\\\/wp52\\\/\"},{\"@type\":\"ListItem\",\"position\":2,\"name\":\"Urma\u015fii lui Noe, pelasgii, \u00ee\u015fi au originea \u00een Mun\u0163ii Retezat\"}]},{\"@type\":\"WebSite\",\"@id\":\"https:\\\/\\\/www.lovendal.ro\\\/wp52\\\/#website\",\"url\":\"https:\\\/\\\/www.lovendal.ro\\\/wp52\\\/\",\"name\":\"Secretele lui Lovendal\",\"description\":\"Site de secrete, stiinta si metafizica - din 2008 -\",\"publisher\":{\"@id\":\"https:\\\/\\\/www.lovendal.ro\\\/wp52\\\/#organization\"},\"potentialAction\":[{\"@type\":\"SearchAction\",\"target\":{\"@type\":\"EntryPoint\",\"urlTemplate\":\"https:\\\/\\\/www.lovendal.ro\\\/wp52\\\/?s={search_term_string}\"},\"query-input\":{\"@type\":\"PropertyValueSpecification\",\"valueRequired\":true,\"valueName\":\"search_term_string\"}}],\"inLanguage\":\"ro-RO\"},{\"@type\":\"Organization\",\"@id\":\"https:\\\/\\\/www.lovendal.ro\\\/wp52\\\/#organization\",\"name\":\"Secretele lui Lovendal\",\"url\":\"https:\\\/\\\/www.lovendal.ro\\\/wp52\\\/\",\"logo\":{\"@type\":\"ImageObject\",\"inLanguage\":\"ro-RO\",\"@id\":\"https:\\\/\\\/www.lovendal.ro\\\/wp52\\\/#\\\/schema\\\/logo\\\/image\\\/\",\"url\":\"https:\\\/\\\/www.lovendal.ro\\\/wp52\\\/wp-content\\\/uploads\\\/2024\\\/06\\\/cropped-SLL-iun-2024-1.jpg\",\"contentUrl\":\"https:\\\/\\\/www.lovendal.ro\\\/wp52\\\/wp-content\\\/uploads\\\/2024\\\/06\\\/cropped-SLL-iun-2024-1.jpg\",\"width\":771,\"height\":240,\"caption\":\"Secretele lui Lovendal\"},\"image\":{\"@id\":\"https:\\\/\\\/www.lovendal.ro\\\/wp52\\\/#\\\/schema\\\/logo\\\/image\\\/\"},\"sameAs\":[\"https:\\\/\\\/www.facebook.com\\\/secreteleluilovendal\"]},{\"@type\":\"Person\",\"@id\":\"https:\\\/\\\/www.lovendal.ro\\\/wp52\\\/#\\\/schema\\\/person\\\/088691de5dfc346bb0c023e1e52ef5d9\",\"name\":\"admin\",\"image\":{\"@type\":\"ImageObject\",\"inLanguage\":\"ro-RO\",\"@id\":\"https:\\\/\\\/secure.gravatar.com\\\/avatar\\\/ecb9cd41f5f63c9c9b989999a59f6e2639a865ec361e9db054db0679a8f341c2?s=96&d=mm&r=g\",\"url\":\"https:\\\/\\\/secure.gravatar.com\\\/avatar\\\/ecb9cd41f5f63c9c9b989999a59f6e2639a865ec361e9db054db0679a8f341c2?s=96&d=mm&r=g\",\"contentUrl\":\"https:\\\/\\\/secure.gravatar.com\\\/avatar\\\/ecb9cd41f5f63c9c9b989999a59f6e2639a865ec361e9db054db0679a8f341c2?s=96&d=mm&r=g\",\"caption\":\"admin\"},\"sameAs\":[\"https:\\\/\\\/www.lovendal.ro\\\/wp52\"]}]}<\/script>\n<!-- \/ Yoast SEO Premium plugin. -->","yoast_head_json":{"title":"Urma\u015fii lui Noe, pelasgii, \u00ee\u015fi au originea \u00een Mun\u0163ii Retezat - Secretele lui Lovendal","robots":{"index":"index","follow":"follow","max-snippet":"max-snippet:-1","max-image-preview":"max-image-preview:large","max-video-preview":"max-video-preview:-1"},"canonical":"https:\/\/www.lovendal.ro\/wp52\/urmasii-lui-noe-pelasgii-isi-au-originea-in-muntii-retezat\/","og_locale":"ro_RO","og_type":"article","og_title":"Urma\u015fii lui Noe, pelasgii, \u00ee\u015fi au originea \u00een Mun\u0163ii Retezat","og_description":"Pentru greci, pelasgii erau cei mai vechi oameni de pe p\u0103m\u00e2nt (Homer, Ephor, Eschil) ba chiar sfin\u0163i (Dionisiu din Halicarnas) sau divini (Homer). Ei se aflau \u00een Crecia \u00eenc\u0103 dinaintea celor dou\u0103 potopuri, unul petrecut pe vremea regelui Ogyges, cel\u0103lalt ... Cititi mai multe","og_url":"https:\/\/www.lovendal.ro\/wp52\/urmasii-lui-noe-pelasgii-isi-au-originea-in-muntii-retezat\/","og_site_name":"Secretele lui Lovendal","article_publisher":"https:\/\/www.facebook.com\/secreteleluilovendal","article_published_time":"2008-12-14T06:31:01+00:00","article_modified_time":"2010-10-26T04:19:40+00:00","og_image":[{"width":557,"height":413,"url":"https:\/\/www.lovendal.ro\/wp52\/wp-content\/uploads\/2008\/12\/retezat.jpg","type":"image\/jpeg"}],"author":"admin","twitter_card":"summary_large_image","twitter_misc":{"Scris de":"admin","Timp estimat pentru citire":"6 minute"},"schema":{"@context":"https:\/\/schema.org","@graph":[{"@type":"Article","@id":"https:\/\/www.lovendal.ro\/wp52\/urmasii-lui-noe-pelasgii-isi-au-originea-in-muntii-retezat\/#article","isPartOf":{"@id":"https:\/\/www.lovendal.ro\/wp52\/urmasii-lui-noe-pelasgii-isi-au-originea-in-muntii-retezat\/"},"author":{"name":"admin","@id":"https:\/\/www.lovendal.ro\/wp52\/#\/schema\/person\/088691de5dfc346bb0c023e1e52ef5d9"},"headline":"Urma\u015fii lui Noe, pelasgii, \u00ee\u015fi au originea \u00een Mun\u0163ii Retezat","datePublished":"2008-12-14T06:31:01+00:00","dateModified":"2010-10-26T04:19:40+00:00","mainEntityOfPage":{"@id":"https:\/\/www.lovendal.ro\/wp52\/urmasii-lui-noe-pelasgii-isi-au-originea-in-muntii-retezat\/"},"wordCount":1174,"commentCount":8,"publisher":{"@id":"https:\/\/www.lovendal.ro\/wp52\/#organization"},"image":{"@id":"https:\/\/www.lovendal.ro\/wp52\/urmasii-lui-noe-pelasgii-isi-au-originea-in-muntii-retezat\/#primaryimage"},"thumbnailUrl":"https:\/\/www.lovendal.ro\/wp52\/wp-content\/uploads\/2008\/12\/retezat.jpg","keywords":["Grecia","Istorie si Civilizatii","Noe","pelasgi","potop","Retezat"],"articleSection":["Istorie si Civilizatii"],"inLanguage":"ro-RO","potentialAction":[{"@type":"CommentAction","name":"Comment","target":["https:\/\/www.lovendal.ro\/wp52\/urmasii-lui-noe-pelasgii-isi-au-originea-in-muntii-retezat\/#respond"]}]},{"@type":"WebPage","@id":"https:\/\/www.lovendal.ro\/wp52\/urmasii-lui-noe-pelasgii-isi-au-originea-in-muntii-retezat\/","url":"https:\/\/www.lovendal.ro\/wp52\/urmasii-lui-noe-pelasgii-isi-au-originea-in-muntii-retezat\/","name":"Urma\u015fii lui Noe, pelasgii, \u00ee\u015fi au originea \u00een Mun\u0163ii Retezat - Secretele lui Lovendal","isPartOf":{"@id":"https:\/\/www.lovendal.ro\/wp52\/#website"},"primaryImageOfPage":{"@id":"https:\/\/www.lovendal.ro\/wp52\/urmasii-lui-noe-pelasgii-isi-au-originea-in-muntii-retezat\/#primaryimage"},"image":{"@id":"https:\/\/www.lovendal.ro\/wp52\/urmasii-lui-noe-pelasgii-isi-au-originea-in-muntii-retezat\/#primaryimage"},"thumbnailUrl":"https:\/\/www.lovendal.ro\/wp52\/wp-content\/uploads\/2008\/12\/retezat.jpg","datePublished":"2008-12-14T06:31:01+00:00","dateModified":"2010-10-26T04:19:40+00:00","breadcrumb":{"@id":"https:\/\/www.lovendal.ro\/wp52\/urmasii-lui-noe-pelasgii-isi-au-originea-in-muntii-retezat\/#breadcrumb"},"inLanguage":"ro-RO","potentialAction":[{"@type":"ReadAction","target":["https:\/\/www.lovendal.ro\/wp52\/urmasii-lui-noe-pelasgii-isi-au-originea-in-muntii-retezat\/"]}]},{"@type":"ImageObject","inLanguage":"ro-RO","@id":"https:\/\/www.lovendal.ro\/wp52\/urmasii-lui-noe-pelasgii-isi-au-originea-in-muntii-retezat\/#primaryimage","url":"https:\/\/www.lovendal.ro\/wp52\/wp-content\/uploads\/2008\/12\/retezat.jpg","contentUrl":"https:\/\/www.lovendal.ro\/wp52\/wp-content\/uploads\/2008\/12\/retezat.jpg","width":"557","height":"413"},{"@type":"BreadcrumbList","@id":"https:\/\/www.lovendal.ro\/wp52\/urmasii-lui-noe-pelasgii-isi-au-originea-in-muntii-retezat\/#breadcrumb","itemListElement":[{"@type":"ListItem","position":1,"name":"Home","item":"https:\/\/www.lovendal.ro\/wp52\/"},{"@type":"ListItem","position":2,"name":"Urma\u015fii lui Noe, pelasgii, \u00ee\u015fi au originea \u00een Mun\u0163ii Retezat"}]},{"@type":"WebSite","@id":"https:\/\/www.lovendal.ro\/wp52\/#website","url":"https:\/\/www.lovendal.ro\/wp52\/","name":"Secretele lui Lovendal","description":"Site de secrete, stiinta si metafizica - din 2008 -","publisher":{"@id":"https:\/\/www.lovendal.ro\/wp52\/#organization"},"potentialAction":[{"@type":"SearchAction","target":{"@type":"EntryPoint","urlTemplate":"https:\/\/www.lovendal.ro\/wp52\/?s={search_term_string}"},"query-input":{"@type":"PropertyValueSpecification","valueRequired":true,"valueName":"search_term_string"}}],"inLanguage":"ro-RO"},{"@type":"Organization","@id":"https:\/\/www.lovendal.ro\/wp52\/#organization","name":"Secretele lui Lovendal","url":"https:\/\/www.lovendal.ro\/wp52\/","logo":{"@type":"ImageObject","inLanguage":"ro-RO","@id":"https:\/\/www.lovendal.ro\/wp52\/#\/schema\/logo\/image\/","url":"https:\/\/www.lovendal.ro\/wp52\/wp-content\/uploads\/2024\/06\/cropped-SLL-iun-2024-1.jpg","contentUrl":"https:\/\/www.lovendal.ro\/wp52\/wp-content\/uploads\/2024\/06\/cropped-SLL-iun-2024-1.jpg","width":771,"height":240,"caption":"Secretele lui Lovendal"},"image":{"@id":"https:\/\/www.lovendal.ro\/wp52\/#\/schema\/logo\/image\/"},"sameAs":["https:\/\/www.facebook.com\/secreteleluilovendal"]},{"@type":"Person","@id":"https:\/\/www.lovendal.ro\/wp52\/#\/schema\/person\/088691de5dfc346bb0c023e1e52ef5d9","name":"admin","image":{"@type":"ImageObject","inLanguage":"ro-RO","@id":"https:\/\/secure.gravatar.com\/avatar\/ecb9cd41f5f63c9c9b989999a59f6e2639a865ec361e9db054db0679a8f341c2?s=96&d=mm&r=g","url":"https:\/\/secure.gravatar.com\/avatar\/ecb9cd41f5f63c9c9b989999a59f6e2639a865ec361e9db054db0679a8f341c2?s=96&d=mm&r=g","contentUrl":"https:\/\/secure.gravatar.com\/avatar\/ecb9cd41f5f63c9c9b989999a59f6e2639a865ec361e9db054db0679a8f341c2?s=96&d=mm&r=g","caption":"admin"},"sameAs":["https:\/\/www.lovendal.ro\/wp52"]}]}},"_links":{"self":[{"href":"https:\/\/www.lovendal.ro\/wp52\/wp-json\/wp\/v2\/posts\/1901","targetHints":{"allow":["GET"]}}],"collection":[{"href":"https:\/\/www.lovendal.ro\/wp52\/wp-json\/wp\/v2\/posts"}],"about":[{"href":"https:\/\/www.lovendal.ro\/wp52\/wp-json\/wp\/v2\/types\/post"}],"author":[{"embeddable":true,"href":"https:\/\/www.lovendal.ro\/wp52\/wp-json\/wp\/v2\/users\/1"}],"replies":[{"embeddable":true,"href":"https:\/\/www.lovendal.ro\/wp52\/wp-json\/wp\/v2\/comments?post=1901"}],"version-history":[{"count":0,"href":"https:\/\/www.lovendal.ro\/wp52\/wp-json\/wp\/v2\/posts\/1901\/revisions"}],"wp:featuredmedia":[{"embeddable":true,"href":"https:\/\/www.lovendal.ro\/wp52\/wp-json\/wp\/v2\/media\/1902"}],"wp:attachment":[{"href":"https:\/\/www.lovendal.ro\/wp52\/wp-json\/wp\/v2\/media?parent=1901"}],"wp:term":[{"taxonomy":"category","embeddable":true,"href":"https:\/\/www.lovendal.ro\/wp52\/wp-json\/wp\/v2\/categories?post=1901"},{"taxonomy":"post_tag","embeddable":true,"href":"https:\/\/www.lovendal.ro\/wp52\/wp-json\/wp\/v2\/tags?post=1901"}],"curies":[{"name":"wp","href":"https:\/\/api.w.org\/{rel}","templated":true}]}}