{"id":18991,"date":"2011-07-03T09:32:52","date_gmt":"2011-07-03T06:32:52","guid":{"rendered":"http:\/\/www.lovendal.net\/wp52\/?p=18991"},"modified":"2020-06-26T12:48:20","modified_gmt":"2020-06-26T09:48:20","slug":"acceleratorul-de-particule-cern-de-la-geneva-va-crea-o-gaura-neagra-ce-va-inghiti-planeta-nibiru","status":"publish","type":"post","link":"https:\/\/www.lovendal.ro\/wp52\/acceleratorul-de-particule-cern-de-la-geneva-va-crea-o-gaura-neagra-ce-va-inghiti-planeta-nibiru\/","title":{"rendered":"Acceleratorul de particule CERN de la Geneva va crea o gaur\u0103 neagr\u0103 ce va \u00eenghi\u0163i planeta Nibiru"},"content":{"rendered":"<p><a href=\"https:\/\/www.lovendal.ro\/wp52\/wp-content\/uploads\/2011\/07\/gaura-neagra-702.jpg\"><img loading=\"lazy\" decoding=\"async\" class=\"alignleft size-full wp-image-18993\" title=\"gaura neagra 702\" src=\"https:\/\/www.lovendal.ro\/wp52\/wp-content\/uploads\/2011\/07\/gaura-neagra-702.jpg\" alt=\"\" width=\"303\" height=\"228\" srcset=\"https:\/\/www.lovendal.ro\/wp52\/wp-content\/uploads\/2011\/07\/gaura-neagra-702.jpg 303w, https:\/\/www.lovendal.ro\/wp52\/wp-content\/uploads\/2011\/07\/gaura-neagra-702-300x225.jpg 300w\" sizes=\"auto, (max-width: 303px) 100vw, 303px\" \/><\/a>E adev\u0103rat c\u0103 \u015fi mie \u00eemi plac teoriile conspira\u0163iei, dar am impresia c\u0103 unii \u00eentrec limitele destul de mult. O teorie a conspira\u0163iei trebuie s\u0103 aib\u0103 anumite probe, dovezi, \u015fi, chiar dac\u0103 aceste probe nu exist\u0103, trebuie m\u0103car ca s\u0103 existe o minim\u0103 logic\u0103, de bun sim\u0163. \u00cens\u0103, pentru unii se pare c\u0103 grani\u0163a dintre fantezie \u015fi realitate nu mai exist\u0103 demult, iar tot ce viseaz\u0103 noaptea sau \u00ee\u015fi \u00eenchipuie ziua devine realitate.<\/p>\n<p>S\u0103 lu\u0103m cazul unui tip al c\u0103rui nume nu-l cunosc, dar care a publicat \u00een decembrie 2008 un videoclip pe YouTube prin care el crede c\u0103 a descoperit secretul Acceleratorului de Particule CERN de la Geneva. A\u015fadar, ce ne spune acest tip \u00een filmule\u0163ul de mai jos?<\/p>\n<p>&#8211; Ce \u015fti\u0163i de Acceleratorul de Particule de la Geneva?<\/p>\n<p>&#8211; A\u0163i aflat c\u0103 el a fost construit pentru a descoperi mai multe despre cum a ap\u0103rut via\u0163a pe P\u0103m\u00e2nt, despre ceea ce s-a \u00eent\u00e2mplat dup\u0103 marele Big Bang&#8230;<\/p>\n<p>&#8211; Dar, \u00eenc\u0103 o dat\u0103, oamenii de \u015ftiin\u0163\u0103 v-au min\u0163it. El a fost construit pentru a ne salva de&#8230;cel mai malefic lucru dintre toate care exist\u0103: planeta X!<\/p>\n<p>&#8211; Ei vor s\u0103 creeze o gaur\u0103 neagr\u0103 cu acest accelerator, astfel \u00eenc\u00e2t c\u00e2nd va sosi \u00een 2012, Nibiru va fi m\u00e2ncat de aceast\u0103 gaur\u0103! Acceleratorul de particule e singura \u015fans\u0103 pentru omenire!<\/p>\n<p>&#8211; Oamenii de \u015ftiin\u0163\u0103 lucreaz\u0103 zi \u015fi noapte la aceast\u0103 problem\u0103. Ei trebuie s-o rezolve!<\/p>\n<p>P.S. La urm\u0103, tipul ne spune c\u0103 el e singurul care ne arat\u0103 adev\u0103rul. \u015ei ne \u00eendeamn\u0103 s\u0103 depunem 25.000 de euro \u00een contul s\u0103u bancar, \u00een numele Domnului. Sincer s\u0103 fiu, eu i-a\u015f da omului \u0103sta bani, dar n-a scris \u00een ce cont s\u0103-i depun&#8230;<\/p>\n<p>&nbsp;<\/p>\n","protected":false},"excerpt":{"rendered":"<p>E adev\u0103rat c\u0103 \u015fi mie \u00eemi plac teoriile conspira\u0163iei, dar am impresia c\u0103 unii \u00eentrec limitele destul de mult. O teorie a conspira\u0163iei trebuie s\u0103 aib\u0103 anumite probe, dovezi, \u015fi, chiar dac\u0103 aceste probe nu exist\u0103, trebuie m\u0103car ca s\u0103 &#8230; <\/p>\n<p class=\"read-more-container\"><a title=\"Acceleratorul de particule CERN de la Geneva va crea o gaur\u0103 neagr\u0103 ce va \u00eenghi\u0163i planeta Nibiru\" class=\"read-more button\" href=\"https:\/\/www.lovendal.ro\/wp52\/acceleratorul-de-particule-cern-de-la-geneva-va-crea-o-gaura-neagra-ce-va-inghiti-planeta-nibiru\/#more-18991\" aria-label=\"Cite\u0219te mai multe despre Acceleratorul de particule CERN de la Geneva va crea o gaur\u0103 neagr\u0103 ce va \u00eenghi\u0163i planeta Nibiru\">Cititi mai multe<\/a><\/p>\n","protected":false},"author":1,"featured_media":18993,"comment_status":"open","ping_status":"closed","sticky":false,"template":"","format":"standard","meta":{"footnotes":""},"categories":[1833],"tags":[4074,9808,596,562],"class_list":["post-18991","post","type-post","status-publish","format-standard","has-post-thumbnail","hentry","category-farse-celebre","tag-acceleratorul-de-particule-de-la-geneva","tag-farse-celebre","tag-gaura-neagra","tag-nibiru","resize-featured-image"],"yoast_head":"<!-- This site is optimized with the Yoast SEO Premium plugin v23.3 (Yoast SEO v27.4) - https:\/\/yoast.com\/product\/yoast-seo-premium-wordpress\/ -->\n<title>Acceleratorul de particule CERN de la Geneva va crea o gaur\u0103 neagr\u0103 ce va \u00eenghi\u0163i planeta Nibiru - Secretele lui Lovendal<\/title>\n<meta name=\"robots\" content=\"index, follow, max-snippet:-1, max-image-preview:large, max-video-preview:-1\" \/>\n<link rel=\"canonical\" href=\"https:\/\/www.lovendal.ro\/wp52\/acceleratorul-de-particule-cern-de-la-geneva-va-crea-o-gaura-neagra-ce-va-inghiti-planeta-nibiru\/\" \/>\n<meta property=\"og:locale\" content=\"ro_RO\" \/>\n<meta property=\"og:type\" content=\"article\" \/>\n<meta property=\"og:title\" content=\"Acceleratorul de particule CERN de la Geneva va crea o gaur\u0103 neagr\u0103 ce va \u00eenghi\u0163i planeta Nibiru\" \/>\n<meta property=\"og:description\" content=\"E adev\u0103rat c\u0103 \u015fi mie \u00eemi plac teoriile conspira\u0163iei, dar am impresia c\u0103 unii \u00eentrec limitele destul de mult. O teorie a conspira\u0163iei trebuie s\u0103 aib\u0103 anumite probe, dovezi, \u015fi, chiar dac\u0103 aceste probe nu exist\u0103, trebuie m\u0103car ca s\u0103 ... Cititi mai multe\" \/>\n<meta property=\"og:url\" content=\"https:\/\/www.lovendal.ro\/wp52\/acceleratorul-de-particule-cern-de-la-geneva-va-crea-o-gaura-neagra-ce-va-inghiti-planeta-nibiru\/\" \/>\n<meta property=\"og:site_name\" content=\"Secretele lui Lovendal\" \/>\n<meta property=\"article:publisher\" content=\"https:\/\/www.facebook.com\/secreteleluilovendal\" \/>\n<meta property=\"article:published_time\" content=\"2011-07-03T06:32:52+00:00\" \/>\n<meta property=\"article:modified_time\" content=\"2020-06-26T09:48:20+00:00\" \/>\n<meta property=\"og:image\" content=\"https:\/\/www.lovendal.ro\/wp52\/wp-content\/uploads\/2011\/07\/gaura-neagra-702.jpg\" \/>\n\t<meta property=\"og:image:width\" content=\"303\" \/>\n\t<meta property=\"og:image:height\" content=\"228\" \/>\n\t<meta property=\"og:image:type\" content=\"image\/jpeg\" \/>\n<meta name=\"author\" content=\"admin\" \/>\n<meta name=\"twitter:card\" content=\"summary_large_image\" \/>\n<meta name=\"twitter:label1\" content=\"Scris de\" \/>\n\t<meta name=\"twitter:data1\" content=\"admin\" \/>\n\t<meta name=\"twitter:label2\" content=\"Timp estimat pentru citire\" \/>\n\t<meta name=\"twitter:data2\" content=\"2 minute\" \/>\n<script type=\"application\/ld+json\" class=\"yoast-schema-graph\">{\"@context\":\"https:\\\/\\\/schema.org\",\"@graph\":[{\"@type\":\"Article\",\"@id\":\"https:\\\/\\\/www.lovendal.ro\\\/wp52\\\/acceleratorul-de-particule-cern-de-la-geneva-va-crea-o-gaura-neagra-ce-va-inghiti-planeta-nibiru\\\/#article\",\"isPartOf\":{\"@id\":\"https:\\\/\\\/www.lovendal.ro\\\/wp52\\\/acceleratorul-de-particule-cern-de-la-geneva-va-crea-o-gaura-neagra-ce-va-inghiti-planeta-nibiru\\\/\"},\"author\":{\"name\":\"admin\",\"@id\":\"https:\\\/\\\/www.lovendal.ro\\\/wp52\\\/#\\\/schema\\\/person\\\/088691de5dfc346bb0c023e1e52ef5d9\"},\"headline\":\"Acceleratorul de particule CERN de la Geneva va crea o gaur\u0103 neagr\u0103 ce va \u00eenghi\u0163i planeta Nibiru\",\"datePublished\":\"2011-07-03T06:32:52+00:00\",\"dateModified\":\"2020-06-26T09:48:20+00:00\",\"mainEntityOfPage\":{\"@id\":\"https:\\\/\\\/www.lovendal.ro\\\/wp52\\\/acceleratorul-de-particule-cern-de-la-geneva-va-crea-o-gaura-neagra-ce-va-inghiti-planeta-nibiru\\\/\"},\"wordCount\":322,\"commentCount\":29,\"publisher\":{\"@id\":\"https:\\\/\\\/www.lovendal.ro\\\/wp52\\\/#organization\"},\"image\":{\"@id\":\"https:\\\/\\\/www.lovendal.ro\\\/wp52\\\/acceleratorul-de-particule-cern-de-la-geneva-va-crea-o-gaura-neagra-ce-va-inghiti-planeta-nibiru\\\/#primaryimage\"},\"thumbnailUrl\":\"https:\\\/\\\/www.lovendal.ro\\\/wp52\\\/wp-content\\\/uploads\\\/2011\\\/07\\\/gaura-neagra-702.jpg\",\"keywords\":[\"acceleratorul de particule de la Geneva\",\"Farse si Fantezii\",\"gaura neagr\u0103\",\"Nibiru\"],\"articleSection\":[\"Farse si Fantezii\"],\"inLanguage\":\"ro-RO\",\"potentialAction\":[{\"@type\":\"CommentAction\",\"name\":\"Comment\",\"target\":[\"https:\\\/\\\/www.lovendal.ro\\\/wp52\\\/acceleratorul-de-particule-cern-de-la-geneva-va-crea-o-gaura-neagra-ce-va-inghiti-planeta-nibiru\\\/#respond\"]}]},{\"@type\":\"WebPage\",\"@id\":\"https:\\\/\\\/www.lovendal.ro\\\/wp52\\\/acceleratorul-de-particule-cern-de-la-geneva-va-crea-o-gaura-neagra-ce-va-inghiti-planeta-nibiru\\\/\",\"url\":\"https:\\\/\\\/www.lovendal.ro\\\/wp52\\\/acceleratorul-de-particule-cern-de-la-geneva-va-crea-o-gaura-neagra-ce-va-inghiti-planeta-nibiru\\\/\",\"name\":\"Acceleratorul de particule CERN de la Geneva va crea o gaur\u0103 neagr\u0103 ce va \u00eenghi\u0163i planeta Nibiru - Secretele lui Lovendal\",\"isPartOf\":{\"@id\":\"https:\\\/\\\/www.lovendal.ro\\\/wp52\\\/#website\"},\"primaryImageOfPage\":{\"@id\":\"https:\\\/\\\/www.lovendal.ro\\\/wp52\\\/acceleratorul-de-particule-cern-de-la-geneva-va-crea-o-gaura-neagra-ce-va-inghiti-planeta-nibiru\\\/#primaryimage\"},\"image\":{\"@id\":\"https:\\\/\\\/www.lovendal.ro\\\/wp52\\\/acceleratorul-de-particule-cern-de-la-geneva-va-crea-o-gaura-neagra-ce-va-inghiti-planeta-nibiru\\\/#primaryimage\"},\"thumbnailUrl\":\"https:\\\/\\\/www.lovendal.ro\\\/wp52\\\/wp-content\\\/uploads\\\/2011\\\/07\\\/gaura-neagra-702.jpg\",\"datePublished\":\"2011-07-03T06:32:52+00:00\",\"dateModified\":\"2020-06-26T09:48:20+00:00\",\"breadcrumb\":{\"@id\":\"https:\\\/\\\/www.lovendal.ro\\\/wp52\\\/acceleratorul-de-particule-cern-de-la-geneva-va-crea-o-gaura-neagra-ce-va-inghiti-planeta-nibiru\\\/#breadcrumb\"},\"inLanguage\":\"ro-RO\",\"potentialAction\":[{\"@type\":\"ReadAction\",\"target\":[\"https:\\\/\\\/www.lovendal.ro\\\/wp52\\\/acceleratorul-de-particule-cern-de-la-geneva-va-crea-o-gaura-neagra-ce-va-inghiti-planeta-nibiru\\\/\"]}]},{\"@type\":\"ImageObject\",\"inLanguage\":\"ro-RO\",\"@id\":\"https:\\\/\\\/www.lovendal.ro\\\/wp52\\\/acceleratorul-de-particule-cern-de-la-geneva-va-crea-o-gaura-neagra-ce-va-inghiti-planeta-nibiru\\\/#primaryimage\",\"url\":\"https:\\\/\\\/www.lovendal.ro\\\/wp52\\\/wp-content\\\/uploads\\\/2011\\\/07\\\/gaura-neagra-702.jpg\",\"contentUrl\":\"https:\\\/\\\/www.lovendal.ro\\\/wp52\\\/wp-content\\\/uploads\\\/2011\\\/07\\\/gaura-neagra-702.jpg\",\"width\":\"303\",\"height\":\"228\"},{\"@type\":\"BreadcrumbList\",\"@id\":\"https:\\\/\\\/www.lovendal.ro\\\/wp52\\\/acceleratorul-de-particule-cern-de-la-geneva-va-crea-o-gaura-neagra-ce-va-inghiti-planeta-nibiru\\\/#breadcrumb\",\"itemListElement\":[{\"@type\":\"ListItem\",\"position\":1,\"name\":\"Home\",\"item\":\"https:\\\/\\\/www.lovendal.ro\\\/wp52\\\/\"},{\"@type\":\"ListItem\",\"position\":2,\"name\":\"Acceleratorul de particule CERN de la Geneva va crea o gaur\u0103 neagr\u0103 ce va \u00eenghi\u0163i planeta Nibiru\"}]},{\"@type\":\"WebSite\",\"@id\":\"https:\\\/\\\/www.lovendal.ro\\\/wp52\\\/#website\",\"url\":\"https:\\\/\\\/www.lovendal.ro\\\/wp52\\\/\",\"name\":\"Secretele lui Lovendal\",\"description\":\"Site de secrete, stiinta si metafizica - din 2008 -\",\"publisher\":{\"@id\":\"https:\\\/\\\/www.lovendal.ro\\\/wp52\\\/#organization\"},\"potentialAction\":[{\"@type\":\"SearchAction\",\"target\":{\"@type\":\"EntryPoint\",\"urlTemplate\":\"https:\\\/\\\/www.lovendal.ro\\\/wp52\\\/?s={search_term_string}\"},\"query-input\":{\"@type\":\"PropertyValueSpecification\",\"valueRequired\":true,\"valueName\":\"search_term_string\"}}],\"inLanguage\":\"ro-RO\"},{\"@type\":\"Organization\",\"@id\":\"https:\\\/\\\/www.lovendal.ro\\\/wp52\\\/#organization\",\"name\":\"Secretele lui Lovendal\",\"url\":\"https:\\\/\\\/www.lovendal.ro\\\/wp52\\\/\",\"logo\":{\"@type\":\"ImageObject\",\"inLanguage\":\"ro-RO\",\"@id\":\"https:\\\/\\\/www.lovendal.ro\\\/wp52\\\/#\\\/schema\\\/logo\\\/image\\\/\",\"url\":\"https:\\\/\\\/www.lovendal.ro\\\/wp52\\\/wp-content\\\/uploads\\\/2024\\\/06\\\/cropped-SLL-iun-2024-1.jpg\",\"contentUrl\":\"https:\\\/\\\/www.lovendal.ro\\\/wp52\\\/wp-content\\\/uploads\\\/2024\\\/06\\\/cropped-SLL-iun-2024-1.jpg\",\"width\":771,\"height\":240,\"caption\":\"Secretele lui Lovendal\"},\"image\":{\"@id\":\"https:\\\/\\\/www.lovendal.ro\\\/wp52\\\/#\\\/schema\\\/logo\\\/image\\\/\"},\"sameAs\":[\"https:\\\/\\\/www.facebook.com\\\/secreteleluilovendal\"]},{\"@type\":\"Person\",\"@id\":\"https:\\\/\\\/www.lovendal.ro\\\/wp52\\\/#\\\/schema\\\/person\\\/088691de5dfc346bb0c023e1e52ef5d9\",\"name\":\"admin\",\"image\":{\"@type\":\"ImageObject\",\"inLanguage\":\"ro-RO\",\"@id\":\"https:\\\/\\\/secure.gravatar.com\\\/avatar\\\/ecb9cd41f5f63c9c9b989999a59f6e2639a865ec361e9db054db0679a8f341c2?s=96&d=mm&r=g\",\"url\":\"https:\\\/\\\/secure.gravatar.com\\\/avatar\\\/ecb9cd41f5f63c9c9b989999a59f6e2639a865ec361e9db054db0679a8f341c2?s=96&d=mm&r=g\",\"contentUrl\":\"https:\\\/\\\/secure.gravatar.com\\\/avatar\\\/ecb9cd41f5f63c9c9b989999a59f6e2639a865ec361e9db054db0679a8f341c2?s=96&d=mm&r=g\",\"caption\":\"admin\"},\"sameAs\":[\"https:\\\/\\\/www.lovendal.ro\\\/wp52\"]}]}<\/script>\n<!-- \/ Yoast SEO Premium plugin. -->","yoast_head_json":{"title":"Acceleratorul de particule CERN de la Geneva va crea o gaur\u0103 neagr\u0103 ce va \u00eenghi\u0163i planeta Nibiru - Secretele lui Lovendal","robots":{"index":"index","follow":"follow","max-snippet":"max-snippet:-1","max-image-preview":"max-image-preview:large","max-video-preview":"max-video-preview:-1"},"canonical":"https:\/\/www.lovendal.ro\/wp52\/acceleratorul-de-particule-cern-de-la-geneva-va-crea-o-gaura-neagra-ce-va-inghiti-planeta-nibiru\/","og_locale":"ro_RO","og_type":"article","og_title":"Acceleratorul de particule CERN de la Geneva va crea o gaur\u0103 neagr\u0103 ce va \u00eenghi\u0163i planeta Nibiru","og_description":"E adev\u0103rat c\u0103 \u015fi mie \u00eemi plac teoriile conspira\u0163iei, dar am impresia c\u0103 unii \u00eentrec limitele destul de mult. O teorie a conspira\u0163iei trebuie s\u0103 aib\u0103 anumite probe, dovezi, \u015fi, chiar dac\u0103 aceste probe nu exist\u0103, trebuie m\u0103car ca s\u0103 ... Cititi mai multe","og_url":"https:\/\/www.lovendal.ro\/wp52\/acceleratorul-de-particule-cern-de-la-geneva-va-crea-o-gaura-neagra-ce-va-inghiti-planeta-nibiru\/","og_site_name":"Secretele lui Lovendal","article_publisher":"https:\/\/www.facebook.com\/secreteleluilovendal","article_published_time":"2011-07-03T06:32:52+00:00","article_modified_time":"2020-06-26T09:48:20+00:00","og_image":[{"width":303,"height":228,"url":"https:\/\/www.lovendal.ro\/wp52\/wp-content\/uploads\/2011\/07\/gaura-neagra-702.jpg","type":"image\/jpeg"}],"author":"admin","twitter_card":"summary_large_image","twitter_misc":{"Scris de":"admin","Timp estimat pentru citire":"2 minute"},"schema":{"@context":"https:\/\/schema.org","@graph":[{"@type":"Article","@id":"https:\/\/www.lovendal.ro\/wp52\/acceleratorul-de-particule-cern-de-la-geneva-va-crea-o-gaura-neagra-ce-va-inghiti-planeta-nibiru\/#article","isPartOf":{"@id":"https:\/\/www.lovendal.ro\/wp52\/acceleratorul-de-particule-cern-de-la-geneva-va-crea-o-gaura-neagra-ce-va-inghiti-planeta-nibiru\/"},"author":{"name":"admin","@id":"https:\/\/www.lovendal.ro\/wp52\/#\/schema\/person\/088691de5dfc346bb0c023e1e52ef5d9"},"headline":"Acceleratorul de particule CERN de la Geneva va crea o gaur\u0103 neagr\u0103 ce va \u00eenghi\u0163i planeta Nibiru","datePublished":"2011-07-03T06:32:52+00:00","dateModified":"2020-06-26T09:48:20+00:00","mainEntityOfPage":{"@id":"https:\/\/www.lovendal.ro\/wp52\/acceleratorul-de-particule-cern-de-la-geneva-va-crea-o-gaura-neagra-ce-va-inghiti-planeta-nibiru\/"},"wordCount":322,"commentCount":29,"publisher":{"@id":"https:\/\/www.lovendal.ro\/wp52\/#organization"},"image":{"@id":"https:\/\/www.lovendal.ro\/wp52\/acceleratorul-de-particule-cern-de-la-geneva-va-crea-o-gaura-neagra-ce-va-inghiti-planeta-nibiru\/#primaryimage"},"thumbnailUrl":"https:\/\/www.lovendal.ro\/wp52\/wp-content\/uploads\/2011\/07\/gaura-neagra-702.jpg","keywords":["acceleratorul de particule de la Geneva","Farse si Fantezii","gaura neagr\u0103","Nibiru"],"articleSection":["Farse si Fantezii"],"inLanguage":"ro-RO","potentialAction":[{"@type":"CommentAction","name":"Comment","target":["https:\/\/www.lovendal.ro\/wp52\/acceleratorul-de-particule-cern-de-la-geneva-va-crea-o-gaura-neagra-ce-va-inghiti-planeta-nibiru\/#respond"]}]},{"@type":"WebPage","@id":"https:\/\/www.lovendal.ro\/wp52\/acceleratorul-de-particule-cern-de-la-geneva-va-crea-o-gaura-neagra-ce-va-inghiti-planeta-nibiru\/","url":"https:\/\/www.lovendal.ro\/wp52\/acceleratorul-de-particule-cern-de-la-geneva-va-crea-o-gaura-neagra-ce-va-inghiti-planeta-nibiru\/","name":"Acceleratorul de particule CERN de la Geneva va crea o gaur\u0103 neagr\u0103 ce va \u00eenghi\u0163i planeta Nibiru - Secretele lui Lovendal","isPartOf":{"@id":"https:\/\/www.lovendal.ro\/wp52\/#website"},"primaryImageOfPage":{"@id":"https:\/\/www.lovendal.ro\/wp52\/acceleratorul-de-particule-cern-de-la-geneva-va-crea-o-gaura-neagra-ce-va-inghiti-planeta-nibiru\/#primaryimage"},"image":{"@id":"https:\/\/www.lovendal.ro\/wp52\/acceleratorul-de-particule-cern-de-la-geneva-va-crea-o-gaura-neagra-ce-va-inghiti-planeta-nibiru\/#primaryimage"},"thumbnailUrl":"https:\/\/www.lovendal.ro\/wp52\/wp-content\/uploads\/2011\/07\/gaura-neagra-702.jpg","datePublished":"2011-07-03T06:32:52+00:00","dateModified":"2020-06-26T09:48:20+00:00","breadcrumb":{"@id":"https:\/\/www.lovendal.ro\/wp52\/acceleratorul-de-particule-cern-de-la-geneva-va-crea-o-gaura-neagra-ce-va-inghiti-planeta-nibiru\/#breadcrumb"},"inLanguage":"ro-RO","potentialAction":[{"@type":"ReadAction","target":["https:\/\/www.lovendal.ro\/wp52\/acceleratorul-de-particule-cern-de-la-geneva-va-crea-o-gaura-neagra-ce-va-inghiti-planeta-nibiru\/"]}]},{"@type":"ImageObject","inLanguage":"ro-RO","@id":"https:\/\/www.lovendal.ro\/wp52\/acceleratorul-de-particule-cern-de-la-geneva-va-crea-o-gaura-neagra-ce-va-inghiti-planeta-nibiru\/#primaryimage","url":"https:\/\/www.lovendal.ro\/wp52\/wp-content\/uploads\/2011\/07\/gaura-neagra-702.jpg","contentUrl":"https:\/\/www.lovendal.ro\/wp52\/wp-content\/uploads\/2011\/07\/gaura-neagra-702.jpg","width":"303","height":"228"},{"@type":"BreadcrumbList","@id":"https:\/\/www.lovendal.ro\/wp52\/acceleratorul-de-particule-cern-de-la-geneva-va-crea-o-gaura-neagra-ce-va-inghiti-planeta-nibiru\/#breadcrumb","itemListElement":[{"@type":"ListItem","position":1,"name":"Home","item":"https:\/\/www.lovendal.ro\/wp52\/"},{"@type":"ListItem","position":2,"name":"Acceleratorul de particule CERN de la Geneva va crea o gaur\u0103 neagr\u0103 ce va \u00eenghi\u0163i planeta Nibiru"}]},{"@type":"WebSite","@id":"https:\/\/www.lovendal.ro\/wp52\/#website","url":"https:\/\/www.lovendal.ro\/wp52\/","name":"Secretele lui Lovendal","description":"Site de secrete, stiinta si metafizica - din 2008 -","publisher":{"@id":"https:\/\/www.lovendal.ro\/wp52\/#organization"},"potentialAction":[{"@type":"SearchAction","target":{"@type":"EntryPoint","urlTemplate":"https:\/\/www.lovendal.ro\/wp52\/?s={search_term_string}"},"query-input":{"@type":"PropertyValueSpecification","valueRequired":true,"valueName":"search_term_string"}}],"inLanguage":"ro-RO"},{"@type":"Organization","@id":"https:\/\/www.lovendal.ro\/wp52\/#organization","name":"Secretele lui Lovendal","url":"https:\/\/www.lovendal.ro\/wp52\/","logo":{"@type":"ImageObject","inLanguage":"ro-RO","@id":"https:\/\/www.lovendal.ro\/wp52\/#\/schema\/logo\/image\/","url":"https:\/\/www.lovendal.ro\/wp52\/wp-content\/uploads\/2024\/06\/cropped-SLL-iun-2024-1.jpg","contentUrl":"https:\/\/www.lovendal.ro\/wp52\/wp-content\/uploads\/2024\/06\/cropped-SLL-iun-2024-1.jpg","width":771,"height":240,"caption":"Secretele lui Lovendal"},"image":{"@id":"https:\/\/www.lovendal.ro\/wp52\/#\/schema\/logo\/image\/"},"sameAs":["https:\/\/www.facebook.com\/secreteleluilovendal"]},{"@type":"Person","@id":"https:\/\/www.lovendal.ro\/wp52\/#\/schema\/person\/088691de5dfc346bb0c023e1e52ef5d9","name":"admin","image":{"@type":"ImageObject","inLanguage":"ro-RO","@id":"https:\/\/secure.gravatar.com\/avatar\/ecb9cd41f5f63c9c9b989999a59f6e2639a865ec361e9db054db0679a8f341c2?s=96&d=mm&r=g","url":"https:\/\/secure.gravatar.com\/avatar\/ecb9cd41f5f63c9c9b989999a59f6e2639a865ec361e9db054db0679a8f341c2?s=96&d=mm&r=g","contentUrl":"https:\/\/secure.gravatar.com\/avatar\/ecb9cd41f5f63c9c9b989999a59f6e2639a865ec361e9db054db0679a8f341c2?s=96&d=mm&r=g","caption":"admin"},"sameAs":["https:\/\/www.lovendal.ro\/wp52"]}]}},"_links":{"self":[{"href":"https:\/\/www.lovendal.ro\/wp52\/wp-json\/wp\/v2\/posts\/18991","targetHints":{"allow":["GET"]}}],"collection":[{"href":"https:\/\/www.lovendal.ro\/wp52\/wp-json\/wp\/v2\/posts"}],"about":[{"href":"https:\/\/www.lovendal.ro\/wp52\/wp-json\/wp\/v2\/types\/post"}],"author":[{"embeddable":true,"href":"https:\/\/www.lovendal.ro\/wp52\/wp-json\/wp\/v2\/users\/1"}],"replies":[{"embeddable":true,"href":"https:\/\/www.lovendal.ro\/wp52\/wp-json\/wp\/v2\/comments?post=18991"}],"version-history":[{"count":0,"href":"https:\/\/www.lovendal.ro\/wp52\/wp-json\/wp\/v2\/posts\/18991\/revisions"}],"wp:featuredmedia":[{"embeddable":true,"href":"https:\/\/www.lovendal.ro\/wp52\/wp-json\/wp\/v2\/media\/18993"}],"wp:attachment":[{"href":"https:\/\/www.lovendal.ro\/wp52\/wp-json\/wp\/v2\/media?parent=18991"}],"wp:term":[{"taxonomy":"category","embeddable":true,"href":"https:\/\/www.lovendal.ro\/wp52\/wp-json\/wp\/v2\/categories?post=18991"},{"taxonomy":"post_tag","embeddable":true,"href":"https:\/\/www.lovendal.ro\/wp52\/wp-json\/wp\/v2\/tags?post=18991"}],"curies":[{"name":"wp","href":"https:\/\/api.w.org\/{rel}","templated":true}]}}