{"id":18924,"date":"2011-06-29T08:27:20","date_gmt":"2011-06-29T05:27:20","guid":{"rendered":"http:\/\/www.lovendal.net\/wp52\/?p=18924"},"modified":"2011-06-29T08:27:20","modified_gmt":"2011-06-29T05:27:20","slug":"extraterestrii-vor-fi-descoperiti-de-rusi-pana-in-2031-chiar-asa","status":"publish","type":"post","link":"https:\/\/www.lovendal.ro\/wp52\/extraterestrii-vor-fi-descoperiti-de-rusi-pana-in-2031-chiar-asa\/","title":{"rendered":"Extratere\u015ftrii vor fi descoperi\u0163i de ru\u015fi p\u00e2n\u0103 \u00een 2031. Chiar a\u015fa?"},"content":{"rendered":"<p><a href=\"https:\/\/www.lovendal.ro\/wp52\/wp-content\/uploads\/2011\/06\/extraterestri087.jpg\"><img loading=\"lazy\" decoding=\"async\" class=\"alignleft size-full wp-image-18925\" title=\"extraterestri087\" src=\"https:\/\/www.lovendal.ro\/wp52\/wp-content\/uploads\/2011\/06\/extraterestri087.jpg\" alt=\"\" width=\"302\" height=\"268\" srcset=\"https:\/\/www.lovendal.ro\/wp52\/wp-content\/uploads\/2011\/06\/extraterestri087.jpg 302w, https:\/\/www.lovendal.ro\/wp52\/wp-content\/uploads\/2011\/06\/extraterestri087-300x266.jpg 300w\" sizes=\"auto, (max-width: 302px) 100vw, 302px\" \/><\/a>Civiliza\u0163ia uman\u0103 ar putea intra \u00een contact cu civiliza\u0163iile extraterestre \u00een urm\u0103toarele dou\u0103 decenii, conform unui astronaut rus de prestigiu.<em> &#8222;Astronomii ru\u015fi se a\u015fteapt\u0103 s\u0103 se \u00eent\u00e2lneasc\u0103 cu extratere\u015ftrii p\u00e2n\u0103 \u00een 2031&#8221;<\/em>, a spus Andrei Finkelstein, directorul Institutului Rus de Astronomie, vorbind la un forum interna\u0163ional dedicat vie\u0163ii extraterestre \u015fi citat de <a href=\"http:\/\/www.ibtimes.com\/articles\/170421\/20110628\/aliens-exist-aliens-landing-aliens-shall-be-found-by-2031-ufo-seen-in-londo-flying-saucers-space-ali.htm\" target=\"_blank\"><strong>International Business Times<\/strong><\/a>.<\/p>\n<p><em>&#8222;Geneza vie\u0163ii este inevitabil\u0103, la fel ca \u015fi formarea atomilor. Via\u0163a poate exista \u015fi pe alte planete, \u015fi o vom g\u0103si \u00een urm\u0103torii 20 de ani&#8221;,<\/em> a declarat Finkelstein, care a mai ad\u0103ugat c\u0103 extratere\u015ftrii ar putea sem\u0103na foarte bine cu oamenii: <em>&#8222;Ei s-ar putea s\u0103 aib\u0103 dou\u0103 m\u00e2ini, dou\u0103 picioare \u015fi un cap. Ar putea ca pielea s\u0103 fie colorat\u0103 altfel, dar chiar \u015fi noi, oamenii, avem acest lucru&#8221;.<\/em><\/p>\n<div>\n<p>Conform aceluia\u015fi Finkelstein, 10% din planetele cunoscute din galaxie se asem\u0103n\u0103 cu P\u0103m\u00e2ntul, ceea ce cre\u015fte posibilitatea existen\u0163ei vie\u0163ii oriunde. <em>&#8222;Dac\u0103 apa poate fi g\u0103sit\u0103, ar putea exista \u015fi via\u0163\u0103&#8221;<\/em>, mai spune astronomul rus.<\/p>\n<p>Contactul cu civiliza\u0163iile extraterestre a fost unul dintre cele mai mari eforturi f\u0103cute de oamenii de \u015ftiin\u0163\u0103 \u015fi de astronomi \u00een ultimele decenii. Totu\u015fi, cunoscutul cosmolog Stephen Hawking a spus c\u0103, de\u015fi via\u0163a extraterestr\u0103 exist\u0103 cu siguran\u0163\u0103, contactul cu ei ar putea fi devastator pentru omenire. <em>&#8222;Dac\u0103 extratere\u015ftrii ne-ar vizita, rezultatul s-ar asem\u0103na cu acela c\u00e2nd Cristofor Columb a ajuns \u00een America, ceea ce n-a fost prea bine pentru americanii nativi&#8221;<\/em>, a spus Hakwing, ad\u0103ug\u00e2nd c\u0103 omul ar trebui s\u0103 evite contactul cu formele extraterestre de via\u0163\u0103.<\/p>\n<p>P.S. Am \u015fi eu de f\u0103cut unele comentarii cu privire la aceast\u0103 \u015ftire. \u00cen primul r\u00e2nd, m\u0103 amuz\u0103 profe\u0163iile f\u0103cute de unii oameni de \u015ftiin\u0163\u0103. P\u00e2n\u0103 \u00een 2031 intr\u0103m \u00een contact cu extratere\u015ftrii&#8230;Hmmm&#8230;Sigur nu p\u00e2n\u0103 \u00een 2025? Sau 2034? Nu, dom&#8217;le! 2031 sigur! V\u0103 da\u0163i seama c\u0103 aceasta \u015ftire va fi uitat\u0103 \u00een viitorul apropiat, c\u0103ci omenirea are, \u00een general, mintea scurt\u0103, iar \u00een 2031 nimeni nu-i va mai putea cere socoteal\u0103 lui Finkelstein.<\/p>\n<p>\u00cen al doilea r\u00e2nd, eu nu \u00een\u0163eleg un singur lucru. Atei\u015ftii sus\u0163in c\u0103 via\u0163a a ap\u0103rut pe P\u0103m\u00e2nt din pur\u0103 \u00eent\u00e2mplare. Extrem de greu de crezut, \u0163in\u00e2nd cont de toate condi\u0163iile necesare apari\u0163iei spontane a vie\u0163ii&#8230;\u015fansele ar fi fost ceva de genul 0,000001%. S\u0103 presupunem, prin absurd, c\u0103 \u015fansa aceast\u0103 extrem de mic\u0103 (de 0,000001%) s-ar fi ivit \u00een cazul P\u0103m\u00e2ntului. Dar Hawking, marele ateist, crede c\u0103 exist\u0103 extratere\u015ftrii, deci via\u0163a a mai ap\u0103rut \u015fi \u00een alte locuri din Univers. Cum naiba?? Tot din \u00eent\u00e2mplare?? D\u0103-o-ncolo de treab\u0103! Ni\u015fte baliverne&#8230; De aceea, \u00eencrederea mea \u00een oamenii de \u015ftiin\u0163\u0103 se apropie, \u00een multe cazuri, de 0.<\/p>\n<\/div>\n","protected":false},"excerpt":{"rendered":"<p>Civiliza\u0163ia uman\u0103 ar putea intra \u00een contact cu civiliza\u0163iile extraterestre \u00een urm\u0103toarele dou\u0103 decenii, conform unui astronaut rus de prestigiu. &#8222;Astronomii ru\u015fi se a\u015fteapt\u0103 s\u0103 se \u00eent\u00e2lneasc\u0103 cu extratere\u015ftrii p\u00e2n\u0103 \u00een 2031&#8221;, a spus Andrei Finkelstein, directorul Institutului Rus de &#8230; <\/p>\n<p class=\"read-more-container\"><a title=\"Extratere\u015ftrii vor fi descoperi\u0163i de ru\u015fi p\u00e2n\u0103 \u00een 2031. Chiar a\u015fa?\" class=\"read-more button\" href=\"https:\/\/www.lovendal.ro\/wp52\/extraterestrii-vor-fi-descoperiti-de-rusi-pana-in-2031-chiar-asa\/#more-18924\" aria-label=\"Cite\u0219te mai multe despre Extratere\u015ftrii vor fi descoperi\u0163i de ru\u015fi p\u00e2n\u0103 \u00een 2031. Chiar a\u015fa?\">Cititi mai multe<\/a><\/p>\n","protected":false},"author":1,"featured_media":18925,"comment_status":"open","ping_status":"closed","sticky":false,"template":"","format":"standard","meta":{"footnotes":""},"categories":[14],"tags":[102,2509,51,9796,2822,3203,366],"class_list":["post-18924","post","type-post","status-publish","format-standard","has-post-thumbnail","hentry","category-paranormal-spiritualitate","tag-astronomie","tag-ateism","tag-extraterestri","tag-paranormal-spiritualitate","tag-rusi","tag-stephen-hawking","tag-viata","resize-featured-image"],"yoast_head":"<!-- This site is optimized with the Yoast SEO Premium plugin v23.3 (Yoast SEO v27.4) - https:\/\/yoast.com\/product\/yoast-seo-premium-wordpress\/ -->\n<title>Extratere\u015ftrii vor fi descoperi\u0163i de ru\u015fi p\u00e2n\u0103 \u00een 2031. Chiar a\u015fa? - Secretele lui Lovendal<\/title>\n<meta name=\"robots\" content=\"index, follow, max-snippet:-1, max-image-preview:large, max-video-preview:-1\" \/>\n<link rel=\"canonical\" href=\"https:\/\/www.lovendal.ro\/wp52\/extraterestrii-vor-fi-descoperiti-de-rusi-pana-in-2031-chiar-asa\/\" \/>\n<meta property=\"og:locale\" content=\"ro_RO\" \/>\n<meta property=\"og:type\" content=\"article\" \/>\n<meta property=\"og:title\" content=\"Extratere\u015ftrii vor fi descoperi\u0163i de ru\u015fi p\u00e2n\u0103 \u00een 2031. Chiar a\u015fa?\" \/>\n<meta property=\"og:description\" content=\"Civiliza\u0163ia uman\u0103 ar putea intra \u00een contact cu civiliza\u0163iile extraterestre \u00een urm\u0103toarele dou\u0103 decenii, conform unui astronaut rus de prestigiu. &#8222;Astronomii ru\u015fi se a\u015fteapt\u0103 s\u0103 se \u00eent\u00e2lneasc\u0103 cu extratere\u015ftrii p\u00e2n\u0103 \u00een 2031&#8221;, a spus Andrei Finkelstein, directorul Institutului Rus de ... Cititi mai multe\" \/>\n<meta property=\"og:url\" content=\"https:\/\/www.lovendal.ro\/wp52\/extraterestrii-vor-fi-descoperiti-de-rusi-pana-in-2031-chiar-asa\/\" \/>\n<meta property=\"og:site_name\" content=\"Secretele lui Lovendal\" \/>\n<meta property=\"article:publisher\" content=\"https:\/\/www.facebook.com\/secreteleluilovendal\" \/>\n<meta property=\"article:published_time\" content=\"2011-06-29T05:27:20+00:00\" \/>\n<meta property=\"og:image\" content=\"https:\/\/www.lovendal.ro\/wp52\/wp-content\/uploads\/2011\/06\/extraterestri087.jpg\" \/>\n\t<meta property=\"og:image:width\" content=\"302\" \/>\n\t<meta property=\"og:image:height\" content=\"268\" \/>\n\t<meta property=\"og:image:type\" content=\"image\/jpeg\" \/>\n<meta name=\"author\" content=\"admin\" \/>\n<meta name=\"twitter:card\" content=\"summary_large_image\" \/>\n<meta name=\"twitter:label1\" content=\"Scris de\" \/>\n\t<meta name=\"twitter:data1\" content=\"admin\" \/>\n\t<meta name=\"twitter:label2\" content=\"Timp estimat pentru citire\" \/>\n\t<meta name=\"twitter:data2\" content=\"2 minute\" \/>\n<script type=\"application\/ld+json\" class=\"yoast-schema-graph\">{\"@context\":\"https:\\\/\\\/schema.org\",\"@graph\":[{\"@type\":\"Article\",\"@id\":\"https:\\\/\\\/www.lovendal.ro\\\/wp52\\\/extraterestrii-vor-fi-descoperiti-de-rusi-pana-in-2031-chiar-asa\\\/#article\",\"isPartOf\":{\"@id\":\"https:\\\/\\\/www.lovendal.ro\\\/wp52\\\/extraterestrii-vor-fi-descoperiti-de-rusi-pana-in-2031-chiar-asa\\\/\"},\"author\":{\"name\":\"admin\",\"@id\":\"https:\\\/\\\/www.lovendal.ro\\\/wp52\\\/#\\\/schema\\\/person\\\/088691de5dfc346bb0c023e1e52ef5d9\"},\"headline\":\"Extratere\u015ftrii vor fi descoperi\u0163i de ru\u015fi p\u00e2n\u0103 \u00een 2031. Chiar a\u015fa?\",\"datePublished\":\"2011-06-29T05:27:20+00:00\",\"mainEntityOfPage\":{\"@id\":\"https:\\\/\\\/www.lovendal.ro\\\/wp52\\\/extraterestrii-vor-fi-descoperiti-de-rusi-pana-in-2031-chiar-asa\\\/\"},\"wordCount\":501,\"commentCount\":23,\"publisher\":{\"@id\":\"https:\\\/\\\/www.lovendal.ro\\\/wp52\\\/#organization\"},\"image\":{\"@id\":\"https:\\\/\\\/www.lovendal.ro\\\/wp52\\\/extraterestrii-vor-fi-descoperiti-de-rusi-pana-in-2031-chiar-asa\\\/#primaryimage\"},\"thumbnailUrl\":\"https:\\\/\\\/www.lovendal.ro\\\/wp52\\\/wp-content\\\/uploads\\\/2011\\\/06\\\/extraterestri087.jpg\",\"keywords\":[\"astronomie\",\"ateism\",\"extratere\u015ftri\",\"Paranormal-Spiritualitate\",\"ru\u015fi\",\"Stephen Hawking\",\"via\u0163\u0103\"],\"articleSection\":[\"Paranormal-Spiritualitate\"],\"inLanguage\":\"ro-RO\",\"potentialAction\":[{\"@type\":\"CommentAction\",\"name\":\"Comment\",\"target\":[\"https:\\\/\\\/www.lovendal.ro\\\/wp52\\\/extraterestrii-vor-fi-descoperiti-de-rusi-pana-in-2031-chiar-asa\\\/#respond\"]}]},{\"@type\":\"WebPage\",\"@id\":\"https:\\\/\\\/www.lovendal.ro\\\/wp52\\\/extraterestrii-vor-fi-descoperiti-de-rusi-pana-in-2031-chiar-asa\\\/\",\"url\":\"https:\\\/\\\/www.lovendal.ro\\\/wp52\\\/extraterestrii-vor-fi-descoperiti-de-rusi-pana-in-2031-chiar-asa\\\/\",\"name\":\"Extratere\u015ftrii vor fi descoperi\u0163i de ru\u015fi p\u00e2n\u0103 \u00een 2031. Chiar a\u015fa? - Secretele lui Lovendal\",\"isPartOf\":{\"@id\":\"https:\\\/\\\/www.lovendal.ro\\\/wp52\\\/#website\"},\"primaryImageOfPage\":{\"@id\":\"https:\\\/\\\/www.lovendal.ro\\\/wp52\\\/extraterestrii-vor-fi-descoperiti-de-rusi-pana-in-2031-chiar-asa\\\/#primaryimage\"},\"image\":{\"@id\":\"https:\\\/\\\/www.lovendal.ro\\\/wp52\\\/extraterestrii-vor-fi-descoperiti-de-rusi-pana-in-2031-chiar-asa\\\/#primaryimage\"},\"thumbnailUrl\":\"https:\\\/\\\/www.lovendal.ro\\\/wp52\\\/wp-content\\\/uploads\\\/2011\\\/06\\\/extraterestri087.jpg\",\"datePublished\":\"2011-06-29T05:27:20+00:00\",\"breadcrumb\":{\"@id\":\"https:\\\/\\\/www.lovendal.ro\\\/wp52\\\/extraterestrii-vor-fi-descoperiti-de-rusi-pana-in-2031-chiar-asa\\\/#breadcrumb\"},\"inLanguage\":\"ro-RO\",\"potentialAction\":[{\"@type\":\"ReadAction\",\"target\":[\"https:\\\/\\\/www.lovendal.ro\\\/wp52\\\/extraterestrii-vor-fi-descoperiti-de-rusi-pana-in-2031-chiar-asa\\\/\"]}]},{\"@type\":\"ImageObject\",\"inLanguage\":\"ro-RO\",\"@id\":\"https:\\\/\\\/www.lovendal.ro\\\/wp52\\\/extraterestrii-vor-fi-descoperiti-de-rusi-pana-in-2031-chiar-asa\\\/#primaryimage\",\"url\":\"https:\\\/\\\/www.lovendal.ro\\\/wp52\\\/wp-content\\\/uploads\\\/2011\\\/06\\\/extraterestri087.jpg\",\"contentUrl\":\"https:\\\/\\\/www.lovendal.ro\\\/wp52\\\/wp-content\\\/uploads\\\/2011\\\/06\\\/extraterestri087.jpg\",\"width\":\"302\",\"height\":\"268\"},{\"@type\":\"BreadcrumbList\",\"@id\":\"https:\\\/\\\/www.lovendal.ro\\\/wp52\\\/extraterestrii-vor-fi-descoperiti-de-rusi-pana-in-2031-chiar-asa\\\/#breadcrumb\",\"itemListElement\":[{\"@type\":\"ListItem\",\"position\":1,\"name\":\"Home\",\"item\":\"https:\\\/\\\/www.lovendal.ro\\\/wp52\\\/\"},{\"@type\":\"ListItem\",\"position\":2,\"name\":\"Extratere\u015ftrii vor fi descoperi\u0163i de ru\u015fi p\u00e2n\u0103 \u00een 2031. Chiar a\u015fa?\"}]},{\"@type\":\"WebSite\",\"@id\":\"https:\\\/\\\/www.lovendal.ro\\\/wp52\\\/#website\",\"url\":\"https:\\\/\\\/www.lovendal.ro\\\/wp52\\\/\",\"name\":\"Secretele lui Lovendal\",\"description\":\"Site de secrete, stiinta si metafizica - din 2008 -\",\"publisher\":{\"@id\":\"https:\\\/\\\/www.lovendal.ro\\\/wp52\\\/#organization\"},\"potentialAction\":[{\"@type\":\"SearchAction\",\"target\":{\"@type\":\"EntryPoint\",\"urlTemplate\":\"https:\\\/\\\/www.lovendal.ro\\\/wp52\\\/?s={search_term_string}\"},\"query-input\":{\"@type\":\"PropertyValueSpecification\",\"valueRequired\":true,\"valueName\":\"search_term_string\"}}],\"inLanguage\":\"ro-RO\"},{\"@type\":\"Organization\",\"@id\":\"https:\\\/\\\/www.lovendal.ro\\\/wp52\\\/#organization\",\"name\":\"Secretele lui Lovendal\",\"url\":\"https:\\\/\\\/www.lovendal.ro\\\/wp52\\\/\",\"logo\":{\"@type\":\"ImageObject\",\"inLanguage\":\"ro-RO\",\"@id\":\"https:\\\/\\\/www.lovendal.ro\\\/wp52\\\/#\\\/schema\\\/logo\\\/image\\\/\",\"url\":\"https:\\\/\\\/www.lovendal.ro\\\/wp52\\\/wp-content\\\/uploads\\\/2024\\\/06\\\/cropped-SLL-iun-2024-1.jpg\",\"contentUrl\":\"https:\\\/\\\/www.lovendal.ro\\\/wp52\\\/wp-content\\\/uploads\\\/2024\\\/06\\\/cropped-SLL-iun-2024-1.jpg\",\"width\":771,\"height\":240,\"caption\":\"Secretele lui Lovendal\"},\"image\":{\"@id\":\"https:\\\/\\\/www.lovendal.ro\\\/wp52\\\/#\\\/schema\\\/logo\\\/image\\\/\"},\"sameAs\":[\"https:\\\/\\\/www.facebook.com\\\/secreteleluilovendal\"]},{\"@type\":\"Person\",\"@id\":\"https:\\\/\\\/www.lovendal.ro\\\/wp52\\\/#\\\/schema\\\/person\\\/088691de5dfc346bb0c023e1e52ef5d9\",\"name\":\"admin\",\"image\":{\"@type\":\"ImageObject\",\"inLanguage\":\"ro-RO\",\"@id\":\"https:\\\/\\\/secure.gravatar.com\\\/avatar\\\/ecb9cd41f5f63c9c9b989999a59f6e2639a865ec361e9db054db0679a8f341c2?s=96&d=mm&r=g\",\"url\":\"https:\\\/\\\/secure.gravatar.com\\\/avatar\\\/ecb9cd41f5f63c9c9b989999a59f6e2639a865ec361e9db054db0679a8f341c2?s=96&d=mm&r=g\",\"contentUrl\":\"https:\\\/\\\/secure.gravatar.com\\\/avatar\\\/ecb9cd41f5f63c9c9b989999a59f6e2639a865ec361e9db054db0679a8f341c2?s=96&d=mm&r=g\",\"caption\":\"admin\"},\"sameAs\":[\"https:\\\/\\\/www.lovendal.ro\\\/wp52\"]}]}<\/script>\n<!-- \/ Yoast SEO Premium plugin. -->","yoast_head_json":{"title":"Extratere\u015ftrii vor fi descoperi\u0163i de ru\u015fi p\u00e2n\u0103 \u00een 2031. Chiar a\u015fa? - Secretele lui Lovendal","robots":{"index":"index","follow":"follow","max-snippet":"max-snippet:-1","max-image-preview":"max-image-preview:large","max-video-preview":"max-video-preview:-1"},"canonical":"https:\/\/www.lovendal.ro\/wp52\/extraterestrii-vor-fi-descoperiti-de-rusi-pana-in-2031-chiar-asa\/","og_locale":"ro_RO","og_type":"article","og_title":"Extratere\u015ftrii vor fi descoperi\u0163i de ru\u015fi p\u00e2n\u0103 \u00een 2031. Chiar a\u015fa?","og_description":"Civiliza\u0163ia uman\u0103 ar putea intra \u00een contact cu civiliza\u0163iile extraterestre \u00een urm\u0103toarele dou\u0103 decenii, conform unui astronaut rus de prestigiu. &#8222;Astronomii ru\u015fi se a\u015fteapt\u0103 s\u0103 se \u00eent\u00e2lneasc\u0103 cu extratere\u015ftrii p\u00e2n\u0103 \u00een 2031&#8221;, a spus Andrei Finkelstein, directorul Institutului Rus de ... Cititi mai multe","og_url":"https:\/\/www.lovendal.ro\/wp52\/extraterestrii-vor-fi-descoperiti-de-rusi-pana-in-2031-chiar-asa\/","og_site_name":"Secretele lui Lovendal","article_publisher":"https:\/\/www.facebook.com\/secreteleluilovendal","article_published_time":"2011-06-29T05:27:20+00:00","og_image":[{"width":302,"height":268,"url":"https:\/\/www.lovendal.ro\/wp52\/wp-content\/uploads\/2011\/06\/extraterestri087.jpg","type":"image\/jpeg"}],"author":"admin","twitter_card":"summary_large_image","twitter_misc":{"Scris de":"admin","Timp estimat pentru citire":"2 minute"},"schema":{"@context":"https:\/\/schema.org","@graph":[{"@type":"Article","@id":"https:\/\/www.lovendal.ro\/wp52\/extraterestrii-vor-fi-descoperiti-de-rusi-pana-in-2031-chiar-asa\/#article","isPartOf":{"@id":"https:\/\/www.lovendal.ro\/wp52\/extraterestrii-vor-fi-descoperiti-de-rusi-pana-in-2031-chiar-asa\/"},"author":{"name":"admin","@id":"https:\/\/www.lovendal.ro\/wp52\/#\/schema\/person\/088691de5dfc346bb0c023e1e52ef5d9"},"headline":"Extratere\u015ftrii vor fi descoperi\u0163i de ru\u015fi p\u00e2n\u0103 \u00een 2031. Chiar a\u015fa?","datePublished":"2011-06-29T05:27:20+00:00","mainEntityOfPage":{"@id":"https:\/\/www.lovendal.ro\/wp52\/extraterestrii-vor-fi-descoperiti-de-rusi-pana-in-2031-chiar-asa\/"},"wordCount":501,"commentCount":23,"publisher":{"@id":"https:\/\/www.lovendal.ro\/wp52\/#organization"},"image":{"@id":"https:\/\/www.lovendal.ro\/wp52\/extraterestrii-vor-fi-descoperiti-de-rusi-pana-in-2031-chiar-asa\/#primaryimage"},"thumbnailUrl":"https:\/\/www.lovendal.ro\/wp52\/wp-content\/uploads\/2011\/06\/extraterestri087.jpg","keywords":["astronomie","ateism","extratere\u015ftri","Paranormal-Spiritualitate","ru\u015fi","Stephen Hawking","via\u0163\u0103"],"articleSection":["Paranormal-Spiritualitate"],"inLanguage":"ro-RO","potentialAction":[{"@type":"CommentAction","name":"Comment","target":["https:\/\/www.lovendal.ro\/wp52\/extraterestrii-vor-fi-descoperiti-de-rusi-pana-in-2031-chiar-asa\/#respond"]}]},{"@type":"WebPage","@id":"https:\/\/www.lovendal.ro\/wp52\/extraterestrii-vor-fi-descoperiti-de-rusi-pana-in-2031-chiar-asa\/","url":"https:\/\/www.lovendal.ro\/wp52\/extraterestrii-vor-fi-descoperiti-de-rusi-pana-in-2031-chiar-asa\/","name":"Extratere\u015ftrii vor fi descoperi\u0163i de ru\u015fi p\u00e2n\u0103 \u00een 2031. Chiar a\u015fa? - Secretele lui Lovendal","isPartOf":{"@id":"https:\/\/www.lovendal.ro\/wp52\/#website"},"primaryImageOfPage":{"@id":"https:\/\/www.lovendal.ro\/wp52\/extraterestrii-vor-fi-descoperiti-de-rusi-pana-in-2031-chiar-asa\/#primaryimage"},"image":{"@id":"https:\/\/www.lovendal.ro\/wp52\/extraterestrii-vor-fi-descoperiti-de-rusi-pana-in-2031-chiar-asa\/#primaryimage"},"thumbnailUrl":"https:\/\/www.lovendal.ro\/wp52\/wp-content\/uploads\/2011\/06\/extraterestri087.jpg","datePublished":"2011-06-29T05:27:20+00:00","breadcrumb":{"@id":"https:\/\/www.lovendal.ro\/wp52\/extraterestrii-vor-fi-descoperiti-de-rusi-pana-in-2031-chiar-asa\/#breadcrumb"},"inLanguage":"ro-RO","potentialAction":[{"@type":"ReadAction","target":["https:\/\/www.lovendal.ro\/wp52\/extraterestrii-vor-fi-descoperiti-de-rusi-pana-in-2031-chiar-asa\/"]}]},{"@type":"ImageObject","inLanguage":"ro-RO","@id":"https:\/\/www.lovendal.ro\/wp52\/extraterestrii-vor-fi-descoperiti-de-rusi-pana-in-2031-chiar-asa\/#primaryimage","url":"https:\/\/www.lovendal.ro\/wp52\/wp-content\/uploads\/2011\/06\/extraterestri087.jpg","contentUrl":"https:\/\/www.lovendal.ro\/wp52\/wp-content\/uploads\/2011\/06\/extraterestri087.jpg","width":"302","height":"268"},{"@type":"BreadcrumbList","@id":"https:\/\/www.lovendal.ro\/wp52\/extraterestrii-vor-fi-descoperiti-de-rusi-pana-in-2031-chiar-asa\/#breadcrumb","itemListElement":[{"@type":"ListItem","position":1,"name":"Home","item":"https:\/\/www.lovendal.ro\/wp52\/"},{"@type":"ListItem","position":2,"name":"Extratere\u015ftrii vor fi descoperi\u0163i de ru\u015fi p\u00e2n\u0103 \u00een 2031. Chiar a\u015fa?"}]},{"@type":"WebSite","@id":"https:\/\/www.lovendal.ro\/wp52\/#website","url":"https:\/\/www.lovendal.ro\/wp52\/","name":"Secretele lui Lovendal","description":"Site de secrete, stiinta si metafizica - din 2008 -","publisher":{"@id":"https:\/\/www.lovendal.ro\/wp52\/#organization"},"potentialAction":[{"@type":"SearchAction","target":{"@type":"EntryPoint","urlTemplate":"https:\/\/www.lovendal.ro\/wp52\/?s={search_term_string}"},"query-input":{"@type":"PropertyValueSpecification","valueRequired":true,"valueName":"search_term_string"}}],"inLanguage":"ro-RO"},{"@type":"Organization","@id":"https:\/\/www.lovendal.ro\/wp52\/#organization","name":"Secretele lui Lovendal","url":"https:\/\/www.lovendal.ro\/wp52\/","logo":{"@type":"ImageObject","inLanguage":"ro-RO","@id":"https:\/\/www.lovendal.ro\/wp52\/#\/schema\/logo\/image\/","url":"https:\/\/www.lovendal.ro\/wp52\/wp-content\/uploads\/2024\/06\/cropped-SLL-iun-2024-1.jpg","contentUrl":"https:\/\/www.lovendal.ro\/wp52\/wp-content\/uploads\/2024\/06\/cropped-SLL-iun-2024-1.jpg","width":771,"height":240,"caption":"Secretele lui Lovendal"},"image":{"@id":"https:\/\/www.lovendal.ro\/wp52\/#\/schema\/logo\/image\/"},"sameAs":["https:\/\/www.facebook.com\/secreteleluilovendal"]},{"@type":"Person","@id":"https:\/\/www.lovendal.ro\/wp52\/#\/schema\/person\/088691de5dfc346bb0c023e1e52ef5d9","name":"admin","image":{"@type":"ImageObject","inLanguage":"ro-RO","@id":"https:\/\/secure.gravatar.com\/avatar\/ecb9cd41f5f63c9c9b989999a59f6e2639a865ec361e9db054db0679a8f341c2?s=96&d=mm&r=g","url":"https:\/\/secure.gravatar.com\/avatar\/ecb9cd41f5f63c9c9b989999a59f6e2639a865ec361e9db054db0679a8f341c2?s=96&d=mm&r=g","contentUrl":"https:\/\/secure.gravatar.com\/avatar\/ecb9cd41f5f63c9c9b989999a59f6e2639a865ec361e9db054db0679a8f341c2?s=96&d=mm&r=g","caption":"admin"},"sameAs":["https:\/\/www.lovendal.ro\/wp52"]}]}},"_links":{"self":[{"href":"https:\/\/www.lovendal.ro\/wp52\/wp-json\/wp\/v2\/posts\/18924","targetHints":{"allow":["GET"]}}],"collection":[{"href":"https:\/\/www.lovendal.ro\/wp52\/wp-json\/wp\/v2\/posts"}],"about":[{"href":"https:\/\/www.lovendal.ro\/wp52\/wp-json\/wp\/v2\/types\/post"}],"author":[{"embeddable":true,"href":"https:\/\/www.lovendal.ro\/wp52\/wp-json\/wp\/v2\/users\/1"}],"replies":[{"embeddable":true,"href":"https:\/\/www.lovendal.ro\/wp52\/wp-json\/wp\/v2\/comments?post=18924"}],"version-history":[{"count":0,"href":"https:\/\/www.lovendal.ro\/wp52\/wp-json\/wp\/v2\/posts\/18924\/revisions"}],"wp:featuredmedia":[{"embeddable":true,"href":"https:\/\/www.lovendal.ro\/wp52\/wp-json\/wp\/v2\/media\/18925"}],"wp:attachment":[{"href":"https:\/\/www.lovendal.ro\/wp52\/wp-json\/wp\/v2\/media?parent=18924"}],"wp:term":[{"taxonomy":"category","embeddable":true,"href":"https:\/\/www.lovendal.ro\/wp52\/wp-json\/wp\/v2\/categories?post=18924"},{"taxonomy":"post_tag","embeddable":true,"href":"https:\/\/www.lovendal.ro\/wp52\/wp-json\/wp\/v2\/tags?post=18924"}],"curies":[{"name":"wp","href":"https:\/\/api.w.org\/{rel}","templated":true}]}}