{"id":18715,"date":"2011-06-13T22:23:51","date_gmt":"2011-06-13T19:23:51","guid":{"rendered":"http:\/\/www.lovendal.net\/wp52\/?p=18715"},"modified":"2011-06-13T22:23:51","modified_gmt":"2011-06-13T19:23:51","slug":"pentru-unele-portocale-culoarea-naturala-este-verde-pentru-a-le-colora-in-portocaliu-se-gazeaza-cu-etilena","status":"publish","type":"post","link":"https:\/\/www.lovendal.ro\/wp52\/pentru-unele-portocale-culoarea-naturala-este-verde-pentru-a-le-colora-in-portocaliu-se-gazeaza-cu-etilena\/","title":{"rendered":"Pentru unele portocale culoarea natural\u0103 este verde&#8230;Pentru a le colora \u00een portocaliu, se gazeaz\u0103 cu etilen\u0103!"},"content":{"rendered":"<p><a href=\"https:\/\/www.lovendal.ro\/wp52\/wp-content\/uploads\/2011\/06\/portocale-adevarate.jpg\"><img loading=\"lazy\" decoding=\"async\" class=\"alignleft size-full wp-image-18716\" title=\"portocale adevarate\" src=\"https:\/\/www.lovendal.ro\/wp52\/wp-content\/uploads\/2011\/06\/portocale-adevarate.jpg\" alt=\"\" width=\"301\" height=\"279\" srcset=\"https:\/\/www.lovendal.ro\/wp52\/wp-content\/uploads\/2011\/06\/portocale-adevarate.jpg 301w, https:\/\/www.lovendal.ro\/wp52\/wp-content\/uploads\/2011\/06\/portocale-adevarate-300x278.jpg 300w\" sizes=\"auto, (max-width: 301px) 100vw, 301px\" \/><\/a>Portocalii nu cresc spontan \u00een s\u0103lb\u0103ticie. Sunt rezultatul unei \u00eencruci\u015f\u0103ri \u00eentre tangerine \u015fi pomelo (sau grepfrutul chinezesc, care este galben sau verde-deschis) \u015fi au fost cultiva\u0163i pentru prima dat\u0103 \u00een Asia de Sud-Est. Acolo portocalele erau verzi pe atunci, \u015fi la fel sunt \u015fi acum. Tangerinele thailandeze \u015fi portocalele vietnameze sunt de un verde-intens la exterior, fiind portocalii doar \u00een interior.<\/p>\n<p>Portocalele sunt fructe subtropicale, iar culoarea lor depinde de locul \u00een care cresc. \u00cen climate mai temperate, coaja verde cap\u0103t\u0103 nuan\u0163e portocalii atunci c\u00e2nd vremea este r\u0103coroas\u0103, dar \u00een \u0163\u0103rile calde clorofila nu este distrus\u0103, iar fructele r\u0103m\u00e2n verzi. Portocalele din Honduras, spre exemplu, sunt m\u00e2ncate de localnici a\u015fa verzi cum sunt, \u00eens\u0103 pentru export sunt colorate artificial \u00een oranj. Colorarea se face cu etilena gazoas\u0103 &#8211; un produs secundar al industriei petroliere, utilizat \u00een principal la fabricarea maselor plastice. Etilena este compusul organic produs pe scara cea mai larg\u0103 la nivel mondial: \u00een fiecare an sunt ob\u0163inute 100 de milioane de tone. Etilena \u00eendep\u0103rteaz\u0103 stratul verde natural de la suprafa\u0163a portocalelor, astfel c\u0103 \u00een locul lui r\u0103m\u00e2ne cel oranj cu care suntem at\u00e2t de obi\u015fnui\u0163i.<\/p>\n<p>Portocalele care se v\u00e2nd \u00een supermarketuri par \u00een \u00eentregime portocalii, \u015fi probabil c\u0103 acum \u00eencepe\u0163i s\u0103 v\u0103 \u00eentreba\u0163i dac\u0103 nu cumva au fost \u201egazate&#8221;. Portocalele care se v\u00e2nd \u00een supermarketuri par \u00een \u00eentregime portocalii, \u015fi probabil c\u0103 acum \u00eencepe\u0163i s\u0103 v\u0103 \u00eentreba\u0163i dac\u0103 nu cumva au fost \u201egazate&#8221;. Se spune c\u0103 etilena este un gaz inodor, f\u0103r\u0103 gust \u015fi inofensiv, pe care multe fructe \u015fi legume \u00eel eman\u0103 \u00een mod natural dup\u0103 ce au fost culese. Dar, pe l\u00e2ng\u0103 colorarea portocalelor, etilenul este folosit \u015fi la fabricarea maselor plastice, dar \u015fi a detergen\u0163ilor \u015fi antigelului. Poft\u0103 bun\u0103! Portocale cu detergen\u0163i&#8230;<\/p>\n","protected":false},"excerpt":{"rendered":"<p>Portocalii nu cresc spontan \u00een s\u0103lb\u0103ticie. Sunt rezultatul unei \u00eencruci\u015f\u0103ri \u00eentre tangerine \u015fi pomelo (sau grepfrutul chinezesc, care este galben sau verde-deschis) \u015fi au fost cultiva\u0163i pentru prima dat\u0103 \u00een Asia de Sud-Est. Acolo portocalele erau verzi pe atunci, \u015fi &#8230; <\/p>\n<p class=\"read-more-container\"><a title=\"Pentru unele portocale culoarea natural\u0103 este verde&#8230;Pentru a le colora \u00een portocaliu, se gazeaz\u0103 cu etilen\u0103!\" class=\"read-more button\" href=\"https:\/\/www.lovendal.ro\/wp52\/pentru-unele-portocale-culoarea-naturala-este-verde-pentru-a-le-colora-in-portocaliu-se-gazeaza-cu-etilena\/#more-18715\" aria-label=\"Cite\u0219te mai multe despre Pentru unele portocale culoarea natural\u0103 este verde&#8230;Pentru a le colora \u00een portocaliu, se gazeaz\u0103 cu etilen\u0103!\">Cititi mai multe<\/a><\/p>\n","protected":false},"author":1,"featured_media":18716,"comment_status":"open","ping_status":"closed","sticky":false,"template":"","format":"standard","meta":{"footnotes":""},"categories":[54],"tags":[4264,9800,4262,4263,1163],"class_list":["post-18715","post","type-post","status-publish","format-standard","has-post-thumbnail","hentry","category-natura-animale","tag-etilena","tag-natura-animale","tag-portocale","tag-portocaliu","tag-verde","resize-featured-image"],"yoast_head":"<!-- This site is optimized with the Yoast SEO Premium plugin v23.3 (Yoast SEO v27.4) - https:\/\/yoast.com\/product\/yoast-seo-premium-wordpress\/ -->\n<title>Pentru unele portocale culoarea natural\u0103 este verde...Pentru a le colora \u00een portocaliu, se gazeaz\u0103 cu etilen\u0103! - Secretele lui Lovendal<\/title>\n<meta name=\"robots\" content=\"index, follow, max-snippet:-1, max-image-preview:large, max-video-preview:-1\" \/>\n<link rel=\"canonical\" href=\"https:\/\/www.lovendal.ro\/wp52\/pentru-unele-portocale-culoarea-naturala-este-verde-pentru-a-le-colora-in-portocaliu-se-gazeaza-cu-etilena\/\" \/>\n<meta property=\"og:locale\" content=\"ro_RO\" \/>\n<meta property=\"og:type\" content=\"article\" \/>\n<meta property=\"og:title\" content=\"Pentru unele portocale culoarea natural\u0103 este verde...Pentru a le colora \u00een portocaliu, se gazeaz\u0103 cu etilen\u0103!\" \/>\n<meta property=\"og:description\" content=\"Portocalii nu cresc spontan \u00een s\u0103lb\u0103ticie. Sunt rezultatul unei \u00eencruci\u015f\u0103ri \u00eentre tangerine \u015fi pomelo (sau grepfrutul chinezesc, care este galben sau verde-deschis) \u015fi au fost cultiva\u0163i pentru prima dat\u0103 \u00een Asia de Sud-Est. Acolo portocalele erau verzi pe atunci, \u015fi ... Cititi mai multe\" \/>\n<meta property=\"og:url\" content=\"https:\/\/www.lovendal.ro\/wp52\/pentru-unele-portocale-culoarea-naturala-este-verde-pentru-a-le-colora-in-portocaliu-se-gazeaza-cu-etilena\/\" \/>\n<meta property=\"og:site_name\" content=\"Secretele lui Lovendal\" \/>\n<meta property=\"article:publisher\" content=\"https:\/\/www.facebook.com\/secreteleluilovendal\" \/>\n<meta property=\"article:published_time\" content=\"2011-06-13T19:23:51+00:00\" \/>\n<meta property=\"og:image\" content=\"https:\/\/www.lovendal.ro\/wp52\/wp-content\/uploads\/2011\/06\/portocale-adevarate.jpg\" \/>\n\t<meta property=\"og:image:width\" content=\"301\" \/>\n\t<meta property=\"og:image:height\" content=\"279\" \/>\n\t<meta property=\"og:image:type\" content=\"image\/jpeg\" \/>\n<meta name=\"author\" content=\"admin\" \/>\n<meta name=\"twitter:card\" content=\"summary_large_image\" \/>\n<meta name=\"twitter:label1\" content=\"Scris de\" \/>\n\t<meta name=\"twitter:data1\" content=\"admin\" \/>\n\t<meta name=\"twitter:label2\" content=\"Timp estimat pentru citire\" \/>\n\t<meta name=\"twitter:data2\" content=\"2 minute\" \/>\n<script type=\"application\/ld+json\" class=\"yoast-schema-graph\">{\"@context\":\"https:\\\/\\\/schema.org\",\"@graph\":[{\"@type\":\"Article\",\"@id\":\"https:\\\/\\\/www.lovendal.ro\\\/wp52\\\/pentru-unele-portocale-culoarea-naturala-este-verde-pentru-a-le-colora-in-portocaliu-se-gazeaza-cu-etilena\\\/#article\",\"isPartOf\":{\"@id\":\"https:\\\/\\\/www.lovendal.ro\\\/wp52\\\/pentru-unele-portocale-culoarea-naturala-este-verde-pentru-a-le-colora-in-portocaliu-se-gazeaza-cu-etilena\\\/\"},\"author\":{\"name\":\"admin\",\"@id\":\"https:\\\/\\\/www.lovendal.ro\\\/wp52\\\/#\\\/schema\\\/person\\\/088691de5dfc346bb0c023e1e52ef5d9\"},\"headline\":\"Pentru unele portocale culoarea natural\u0103 este verde&#8230;Pentru a le colora \u00een portocaliu, se gazeaz\u0103 cu etilen\u0103!\",\"datePublished\":\"2011-06-13T19:23:51+00:00\",\"mainEntityOfPage\":{\"@id\":\"https:\\\/\\\/www.lovendal.ro\\\/wp52\\\/pentru-unele-portocale-culoarea-naturala-este-verde-pentru-a-le-colora-in-portocaliu-se-gazeaza-cu-etilena\\\/\"},\"wordCount\":333,\"commentCount\":11,\"publisher\":{\"@id\":\"https:\\\/\\\/www.lovendal.ro\\\/wp52\\\/#organization\"},\"image\":{\"@id\":\"https:\\\/\\\/www.lovendal.ro\\\/wp52\\\/pentru-unele-portocale-culoarea-naturala-este-verde-pentru-a-le-colora-in-portocaliu-se-gazeaza-cu-etilena\\\/#primaryimage\"},\"thumbnailUrl\":\"https:\\\/\\\/www.lovendal.ro\\\/wp52\\\/wp-content\\\/uploads\\\/2011\\\/06\\\/portocale-adevarate.jpg\",\"keywords\":[\"etilen\u0103\",\"Natura-Animale\",\"portocale\",\"portocaliu\",\"verde\"],\"articleSection\":[\"Natura-Animale\"],\"inLanguage\":\"ro-RO\",\"potentialAction\":[{\"@type\":\"CommentAction\",\"name\":\"Comment\",\"target\":[\"https:\\\/\\\/www.lovendal.ro\\\/wp52\\\/pentru-unele-portocale-culoarea-naturala-este-verde-pentru-a-le-colora-in-portocaliu-se-gazeaza-cu-etilena\\\/#respond\"]}]},{\"@type\":\"WebPage\",\"@id\":\"https:\\\/\\\/www.lovendal.ro\\\/wp52\\\/pentru-unele-portocale-culoarea-naturala-este-verde-pentru-a-le-colora-in-portocaliu-se-gazeaza-cu-etilena\\\/\",\"url\":\"https:\\\/\\\/www.lovendal.ro\\\/wp52\\\/pentru-unele-portocale-culoarea-naturala-este-verde-pentru-a-le-colora-in-portocaliu-se-gazeaza-cu-etilena\\\/\",\"name\":\"Pentru unele portocale culoarea natural\u0103 este verde...Pentru a le colora \u00een portocaliu, se gazeaz\u0103 cu etilen\u0103! - Secretele lui Lovendal\",\"isPartOf\":{\"@id\":\"https:\\\/\\\/www.lovendal.ro\\\/wp52\\\/#website\"},\"primaryImageOfPage\":{\"@id\":\"https:\\\/\\\/www.lovendal.ro\\\/wp52\\\/pentru-unele-portocale-culoarea-naturala-este-verde-pentru-a-le-colora-in-portocaliu-se-gazeaza-cu-etilena\\\/#primaryimage\"},\"image\":{\"@id\":\"https:\\\/\\\/www.lovendal.ro\\\/wp52\\\/pentru-unele-portocale-culoarea-naturala-este-verde-pentru-a-le-colora-in-portocaliu-se-gazeaza-cu-etilena\\\/#primaryimage\"},\"thumbnailUrl\":\"https:\\\/\\\/www.lovendal.ro\\\/wp52\\\/wp-content\\\/uploads\\\/2011\\\/06\\\/portocale-adevarate.jpg\",\"datePublished\":\"2011-06-13T19:23:51+00:00\",\"breadcrumb\":{\"@id\":\"https:\\\/\\\/www.lovendal.ro\\\/wp52\\\/pentru-unele-portocale-culoarea-naturala-este-verde-pentru-a-le-colora-in-portocaliu-se-gazeaza-cu-etilena\\\/#breadcrumb\"},\"inLanguage\":\"ro-RO\",\"potentialAction\":[{\"@type\":\"ReadAction\",\"target\":[\"https:\\\/\\\/www.lovendal.ro\\\/wp52\\\/pentru-unele-portocale-culoarea-naturala-este-verde-pentru-a-le-colora-in-portocaliu-se-gazeaza-cu-etilena\\\/\"]}]},{\"@type\":\"ImageObject\",\"inLanguage\":\"ro-RO\",\"@id\":\"https:\\\/\\\/www.lovendal.ro\\\/wp52\\\/pentru-unele-portocale-culoarea-naturala-este-verde-pentru-a-le-colora-in-portocaliu-se-gazeaza-cu-etilena\\\/#primaryimage\",\"url\":\"https:\\\/\\\/www.lovendal.ro\\\/wp52\\\/wp-content\\\/uploads\\\/2011\\\/06\\\/portocale-adevarate.jpg\",\"contentUrl\":\"https:\\\/\\\/www.lovendal.ro\\\/wp52\\\/wp-content\\\/uploads\\\/2011\\\/06\\\/portocale-adevarate.jpg\",\"width\":\"301\",\"height\":\"279\"},{\"@type\":\"BreadcrumbList\",\"@id\":\"https:\\\/\\\/www.lovendal.ro\\\/wp52\\\/pentru-unele-portocale-culoarea-naturala-este-verde-pentru-a-le-colora-in-portocaliu-se-gazeaza-cu-etilena\\\/#breadcrumb\",\"itemListElement\":[{\"@type\":\"ListItem\",\"position\":1,\"name\":\"Home\",\"item\":\"https:\\\/\\\/www.lovendal.ro\\\/wp52\\\/\"},{\"@type\":\"ListItem\",\"position\":2,\"name\":\"Pentru unele portocale culoarea natural\u0103 este verde&#8230;Pentru a le colora \u00een portocaliu, se gazeaz\u0103 cu etilen\u0103!\"}]},{\"@type\":\"WebSite\",\"@id\":\"https:\\\/\\\/www.lovendal.ro\\\/wp52\\\/#website\",\"url\":\"https:\\\/\\\/www.lovendal.ro\\\/wp52\\\/\",\"name\":\"Secretele lui Lovendal\",\"description\":\"Site de secrete, stiinta si metafizica - din 2008 -\",\"publisher\":{\"@id\":\"https:\\\/\\\/www.lovendal.ro\\\/wp52\\\/#organization\"},\"potentialAction\":[{\"@type\":\"SearchAction\",\"target\":{\"@type\":\"EntryPoint\",\"urlTemplate\":\"https:\\\/\\\/www.lovendal.ro\\\/wp52\\\/?s={search_term_string}\"},\"query-input\":{\"@type\":\"PropertyValueSpecification\",\"valueRequired\":true,\"valueName\":\"search_term_string\"}}],\"inLanguage\":\"ro-RO\"},{\"@type\":\"Organization\",\"@id\":\"https:\\\/\\\/www.lovendal.ro\\\/wp52\\\/#organization\",\"name\":\"Secretele lui Lovendal\",\"url\":\"https:\\\/\\\/www.lovendal.ro\\\/wp52\\\/\",\"logo\":{\"@type\":\"ImageObject\",\"inLanguage\":\"ro-RO\",\"@id\":\"https:\\\/\\\/www.lovendal.ro\\\/wp52\\\/#\\\/schema\\\/logo\\\/image\\\/\",\"url\":\"https:\\\/\\\/www.lovendal.ro\\\/wp52\\\/wp-content\\\/uploads\\\/2024\\\/06\\\/cropped-SLL-iun-2024-1.jpg\",\"contentUrl\":\"https:\\\/\\\/www.lovendal.ro\\\/wp52\\\/wp-content\\\/uploads\\\/2024\\\/06\\\/cropped-SLL-iun-2024-1.jpg\",\"width\":771,\"height\":240,\"caption\":\"Secretele lui Lovendal\"},\"image\":{\"@id\":\"https:\\\/\\\/www.lovendal.ro\\\/wp52\\\/#\\\/schema\\\/logo\\\/image\\\/\"},\"sameAs\":[\"https:\\\/\\\/www.facebook.com\\\/secreteleluilovendal\"]},{\"@type\":\"Person\",\"@id\":\"https:\\\/\\\/www.lovendal.ro\\\/wp52\\\/#\\\/schema\\\/person\\\/088691de5dfc346bb0c023e1e52ef5d9\",\"name\":\"admin\",\"image\":{\"@type\":\"ImageObject\",\"inLanguage\":\"ro-RO\",\"@id\":\"https:\\\/\\\/secure.gravatar.com\\\/avatar\\\/ecb9cd41f5f63c9c9b989999a59f6e2639a865ec361e9db054db0679a8f341c2?s=96&d=mm&r=g\",\"url\":\"https:\\\/\\\/secure.gravatar.com\\\/avatar\\\/ecb9cd41f5f63c9c9b989999a59f6e2639a865ec361e9db054db0679a8f341c2?s=96&d=mm&r=g\",\"contentUrl\":\"https:\\\/\\\/secure.gravatar.com\\\/avatar\\\/ecb9cd41f5f63c9c9b989999a59f6e2639a865ec361e9db054db0679a8f341c2?s=96&d=mm&r=g\",\"caption\":\"admin\"},\"sameAs\":[\"https:\\\/\\\/www.lovendal.ro\\\/wp52\"]}]}<\/script>\n<!-- \/ Yoast SEO Premium plugin. -->","yoast_head_json":{"title":"Pentru unele portocale culoarea natural\u0103 este verde...Pentru a le colora \u00een portocaliu, se gazeaz\u0103 cu etilen\u0103! - Secretele lui Lovendal","robots":{"index":"index","follow":"follow","max-snippet":"max-snippet:-1","max-image-preview":"max-image-preview:large","max-video-preview":"max-video-preview:-1"},"canonical":"https:\/\/www.lovendal.ro\/wp52\/pentru-unele-portocale-culoarea-naturala-este-verde-pentru-a-le-colora-in-portocaliu-se-gazeaza-cu-etilena\/","og_locale":"ro_RO","og_type":"article","og_title":"Pentru unele portocale culoarea natural\u0103 este verde...Pentru a le colora \u00een portocaliu, se gazeaz\u0103 cu etilen\u0103!","og_description":"Portocalii nu cresc spontan \u00een s\u0103lb\u0103ticie. Sunt rezultatul unei \u00eencruci\u015f\u0103ri \u00eentre tangerine \u015fi pomelo (sau grepfrutul chinezesc, care este galben sau verde-deschis) \u015fi au fost cultiva\u0163i pentru prima dat\u0103 \u00een Asia de Sud-Est. Acolo portocalele erau verzi pe atunci, \u015fi ... Cititi mai multe","og_url":"https:\/\/www.lovendal.ro\/wp52\/pentru-unele-portocale-culoarea-naturala-este-verde-pentru-a-le-colora-in-portocaliu-se-gazeaza-cu-etilena\/","og_site_name":"Secretele lui Lovendal","article_publisher":"https:\/\/www.facebook.com\/secreteleluilovendal","article_published_time":"2011-06-13T19:23:51+00:00","og_image":[{"width":301,"height":279,"url":"https:\/\/www.lovendal.ro\/wp52\/wp-content\/uploads\/2011\/06\/portocale-adevarate.jpg","type":"image\/jpeg"}],"author":"admin","twitter_card":"summary_large_image","twitter_misc":{"Scris de":"admin","Timp estimat pentru citire":"2 minute"},"schema":{"@context":"https:\/\/schema.org","@graph":[{"@type":"Article","@id":"https:\/\/www.lovendal.ro\/wp52\/pentru-unele-portocale-culoarea-naturala-este-verde-pentru-a-le-colora-in-portocaliu-se-gazeaza-cu-etilena\/#article","isPartOf":{"@id":"https:\/\/www.lovendal.ro\/wp52\/pentru-unele-portocale-culoarea-naturala-este-verde-pentru-a-le-colora-in-portocaliu-se-gazeaza-cu-etilena\/"},"author":{"name":"admin","@id":"https:\/\/www.lovendal.ro\/wp52\/#\/schema\/person\/088691de5dfc346bb0c023e1e52ef5d9"},"headline":"Pentru unele portocale culoarea natural\u0103 este verde&#8230;Pentru a le colora \u00een portocaliu, se gazeaz\u0103 cu etilen\u0103!","datePublished":"2011-06-13T19:23:51+00:00","mainEntityOfPage":{"@id":"https:\/\/www.lovendal.ro\/wp52\/pentru-unele-portocale-culoarea-naturala-este-verde-pentru-a-le-colora-in-portocaliu-se-gazeaza-cu-etilena\/"},"wordCount":333,"commentCount":11,"publisher":{"@id":"https:\/\/www.lovendal.ro\/wp52\/#organization"},"image":{"@id":"https:\/\/www.lovendal.ro\/wp52\/pentru-unele-portocale-culoarea-naturala-este-verde-pentru-a-le-colora-in-portocaliu-se-gazeaza-cu-etilena\/#primaryimage"},"thumbnailUrl":"https:\/\/www.lovendal.ro\/wp52\/wp-content\/uploads\/2011\/06\/portocale-adevarate.jpg","keywords":["etilen\u0103","Natura-Animale","portocale","portocaliu","verde"],"articleSection":["Natura-Animale"],"inLanguage":"ro-RO","potentialAction":[{"@type":"CommentAction","name":"Comment","target":["https:\/\/www.lovendal.ro\/wp52\/pentru-unele-portocale-culoarea-naturala-este-verde-pentru-a-le-colora-in-portocaliu-se-gazeaza-cu-etilena\/#respond"]}]},{"@type":"WebPage","@id":"https:\/\/www.lovendal.ro\/wp52\/pentru-unele-portocale-culoarea-naturala-este-verde-pentru-a-le-colora-in-portocaliu-se-gazeaza-cu-etilena\/","url":"https:\/\/www.lovendal.ro\/wp52\/pentru-unele-portocale-culoarea-naturala-este-verde-pentru-a-le-colora-in-portocaliu-se-gazeaza-cu-etilena\/","name":"Pentru unele portocale culoarea natural\u0103 este verde...Pentru a le colora \u00een portocaliu, se gazeaz\u0103 cu etilen\u0103! - Secretele lui Lovendal","isPartOf":{"@id":"https:\/\/www.lovendal.ro\/wp52\/#website"},"primaryImageOfPage":{"@id":"https:\/\/www.lovendal.ro\/wp52\/pentru-unele-portocale-culoarea-naturala-este-verde-pentru-a-le-colora-in-portocaliu-se-gazeaza-cu-etilena\/#primaryimage"},"image":{"@id":"https:\/\/www.lovendal.ro\/wp52\/pentru-unele-portocale-culoarea-naturala-este-verde-pentru-a-le-colora-in-portocaliu-se-gazeaza-cu-etilena\/#primaryimage"},"thumbnailUrl":"https:\/\/www.lovendal.ro\/wp52\/wp-content\/uploads\/2011\/06\/portocale-adevarate.jpg","datePublished":"2011-06-13T19:23:51+00:00","breadcrumb":{"@id":"https:\/\/www.lovendal.ro\/wp52\/pentru-unele-portocale-culoarea-naturala-este-verde-pentru-a-le-colora-in-portocaliu-se-gazeaza-cu-etilena\/#breadcrumb"},"inLanguage":"ro-RO","potentialAction":[{"@type":"ReadAction","target":["https:\/\/www.lovendal.ro\/wp52\/pentru-unele-portocale-culoarea-naturala-este-verde-pentru-a-le-colora-in-portocaliu-se-gazeaza-cu-etilena\/"]}]},{"@type":"ImageObject","inLanguage":"ro-RO","@id":"https:\/\/www.lovendal.ro\/wp52\/pentru-unele-portocale-culoarea-naturala-este-verde-pentru-a-le-colora-in-portocaliu-se-gazeaza-cu-etilena\/#primaryimage","url":"https:\/\/www.lovendal.ro\/wp52\/wp-content\/uploads\/2011\/06\/portocale-adevarate.jpg","contentUrl":"https:\/\/www.lovendal.ro\/wp52\/wp-content\/uploads\/2011\/06\/portocale-adevarate.jpg","width":"301","height":"279"},{"@type":"BreadcrumbList","@id":"https:\/\/www.lovendal.ro\/wp52\/pentru-unele-portocale-culoarea-naturala-este-verde-pentru-a-le-colora-in-portocaliu-se-gazeaza-cu-etilena\/#breadcrumb","itemListElement":[{"@type":"ListItem","position":1,"name":"Home","item":"https:\/\/www.lovendal.ro\/wp52\/"},{"@type":"ListItem","position":2,"name":"Pentru unele portocale culoarea natural\u0103 este verde&#8230;Pentru a le colora \u00een portocaliu, se gazeaz\u0103 cu etilen\u0103!"}]},{"@type":"WebSite","@id":"https:\/\/www.lovendal.ro\/wp52\/#website","url":"https:\/\/www.lovendal.ro\/wp52\/","name":"Secretele lui Lovendal","description":"Site de secrete, stiinta si metafizica - din 2008 -","publisher":{"@id":"https:\/\/www.lovendal.ro\/wp52\/#organization"},"potentialAction":[{"@type":"SearchAction","target":{"@type":"EntryPoint","urlTemplate":"https:\/\/www.lovendal.ro\/wp52\/?s={search_term_string}"},"query-input":{"@type":"PropertyValueSpecification","valueRequired":true,"valueName":"search_term_string"}}],"inLanguage":"ro-RO"},{"@type":"Organization","@id":"https:\/\/www.lovendal.ro\/wp52\/#organization","name":"Secretele lui Lovendal","url":"https:\/\/www.lovendal.ro\/wp52\/","logo":{"@type":"ImageObject","inLanguage":"ro-RO","@id":"https:\/\/www.lovendal.ro\/wp52\/#\/schema\/logo\/image\/","url":"https:\/\/www.lovendal.ro\/wp52\/wp-content\/uploads\/2024\/06\/cropped-SLL-iun-2024-1.jpg","contentUrl":"https:\/\/www.lovendal.ro\/wp52\/wp-content\/uploads\/2024\/06\/cropped-SLL-iun-2024-1.jpg","width":771,"height":240,"caption":"Secretele lui Lovendal"},"image":{"@id":"https:\/\/www.lovendal.ro\/wp52\/#\/schema\/logo\/image\/"},"sameAs":["https:\/\/www.facebook.com\/secreteleluilovendal"]},{"@type":"Person","@id":"https:\/\/www.lovendal.ro\/wp52\/#\/schema\/person\/088691de5dfc346bb0c023e1e52ef5d9","name":"admin","image":{"@type":"ImageObject","inLanguage":"ro-RO","@id":"https:\/\/secure.gravatar.com\/avatar\/ecb9cd41f5f63c9c9b989999a59f6e2639a865ec361e9db054db0679a8f341c2?s=96&d=mm&r=g","url":"https:\/\/secure.gravatar.com\/avatar\/ecb9cd41f5f63c9c9b989999a59f6e2639a865ec361e9db054db0679a8f341c2?s=96&d=mm&r=g","contentUrl":"https:\/\/secure.gravatar.com\/avatar\/ecb9cd41f5f63c9c9b989999a59f6e2639a865ec361e9db054db0679a8f341c2?s=96&d=mm&r=g","caption":"admin"},"sameAs":["https:\/\/www.lovendal.ro\/wp52"]}]}},"_links":{"self":[{"href":"https:\/\/www.lovendal.ro\/wp52\/wp-json\/wp\/v2\/posts\/18715","targetHints":{"allow":["GET"]}}],"collection":[{"href":"https:\/\/www.lovendal.ro\/wp52\/wp-json\/wp\/v2\/posts"}],"about":[{"href":"https:\/\/www.lovendal.ro\/wp52\/wp-json\/wp\/v2\/types\/post"}],"author":[{"embeddable":true,"href":"https:\/\/www.lovendal.ro\/wp52\/wp-json\/wp\/v2\/users\/1"}],"replies":[{"embeddable":true,"href":"https:\/\/www.lovendal.ro\/wp52\/wp-json\/wp\/v2\/comments?post=18715"}],"version-history":[{"count":0,"href":"https:\/\/www.lovendal.ro\/wp52\/wp-json\/wp\/v2\/posts\/18715\/revisions"}],"wp:featuredmedia":[{"embeddable":true,"href":"https:\/\/www.lovendal.ro\/wp52\/wp-json\/wp\/v2\/media\/18716"}],"wp:attachment":[{"href":"https:\/\/www.lovendal.ro\/wp52\/wp-json\/wp\/v2\/media?parent=18715"}],"wp:term":[{"taxonomy":"category","embeddable":true,"href":"https:\/\/www.lovendal.ro\/wp52\/wp-json\/wp\/v2\/categories?post=18715"},{"taxonomy":"post_tag","embeddable":true,"href":"https:\/\/www.lovendal.ro\/wp52\/wp-json\/wp\/v2\/tags?post=18715"}],"curies":[{"name":"wp","href":"https:\/\/api.w.org\/{rel}","templated":true}]}}