{"id":18341,"date":"2011-05-15T09:39:40","date_gmt":"2011-05-15T06:39:40","guid":{"rendered":"http:\/\/www.lovendal.net\/wp52\/?p=18341"},"modified":"2011-05-15T09:39:40","modified_gmt":"2011-05-15T06:39:40","slug":"a-fost-descoperit-cel-de-al-13-lea-craniu-de-cristal-am-scapat-de-apocalipsa-de-pe-21-decembrie-2012","status":"publish","type":"post","link":"https:\/\/www.lovendal.ro\/wp52\/a-fost-descoperit-cel-de-al-13-lea-craniu-de-cristal-am-scapat-de-apocalipsa-de-pe-21-decembrie-2012\/","title":{"rendered":"A fost descoperit cel de-al 13-lea craniu de cristal&#8230; Am sc\u0103pat de Apocalipsa de pe 21 decembrie 2012!"},"content":{"rendered":"<p><a href=\"https:\/\/www.lovendal.ro\/wp52\/wp-content\/uploads\/2011\/05\/craniu-de-cristal-20.jpg\"><img loading=\"lazy\" decoding=\"async\" class=\"alignleft size-full wp-image-18342\" title=\"craniu de cristal 20\" src=\"https:\/\/www.lovendal.ro\/wp52\/wp-content\/uploads\/2011\/05\/craniu-de-cristal-20.jpg\" alt=\"\" width=\"298\" height=\"292\" \/><\/a>A\u015fa cum a semnalat \u015fi revista <em>&#8222;Mysteries&#8221;,<\/em> jurnalistul elve\u0163ian Luc a g\u0103sit un craniu de cristal \u00een mansarda unei case din Bavaria, fiind ascuns \u00eentr-o cutie veche de lemn. Craniul descoperit are 12 kilograme \u015fi m\u0103soar\u0103 17,5 cm \u00een\u0103l\u0163ime \u015fi 21 cm lungime.<\/p>\n<p>De secole \u00eentregi, misterioasele cranii de cristal i-au uimit pe cei pasiona\u0163i. P\u00e2n\u0103 acum erau cunoscute 12 cranii; ultimul g\u0103sit de jurnalistul elve\u0163ian ar fi al 13-lea craniu. Se presupune c\u0103 aceste cranii ar proveni din fostele civiliza\u0163ii din America Central\u0103 \u015fi de Sud, acolo unde preo\u0163ii maya\u015fi sau azteci le aduceau cu ei \u00een ritualuri religioase. Conform legendei, toate cele 13 cranii de cristal vor crea \u00eempreun\u0103 o nou\u0103 lumin\u0103 pe data de 21 decembrie 2012, atunci c\u00e2nd calendarul maya\u015f anun\u0163\u0103 sf\u00e2r\u015fitul lumii, \u015fi astfel Apocalipsa va putea fi evitat\u0103.<\/p>\n<p><strong>Istoria celui de-al 13-lea craniu de cristal<\/strong><\/p>\n<p>Craniul de cristal recent g\u0103sit f\u0103cea parte dintr-o list\u0103 de 35 de comori ce au fost transportate \u00een secret, la ordinele lui Hitler \u015fi Himmler, \u00eenainte de sf\u00e2r\u015fitul celui de-al doilea r\u0103zboi mondial, \u00een Strakonice (Boemia de Sud, actuala Republic\u0103 Ceh\u0103). \u00cen lista de transport, la nr.14 apare craniul de cristal, din &#8222;colec\u0163ia Rahn&#8221;. Se \u015ftie c\u0103 acest craniu a apar\u0163inut cercet\u0103torului Otto Rahn, care, printre altele, s-a al\u0103turat nazi\u015ftilor \u00een c\u0103utarea Sf. Graal.<\/p>\n<p>Sursa: <a href=\"http:\/\/www.bild.de\/news\/2011\/kunst\/kristallschaedel-von-himmler-gefunden-16654604.bild.html\" target=\"_blank\"><strong>Bild.de<\/strong><\/a><\/p>\n<p>P.S. Totu\u015fi, cercet\u0103torii sunt sceptici cu privire la autenticitatea acestor cranii. Astfel, un studiu din anul 2009 publicat de revista Journal of Archaelogical Science (<a href=\"https:\/\/www.lovendal.ro\/wp52\/cele-12-cranii-de-cristal-mayase-sunt-false\/\" target=\"_blank\"><strong>https:\/\/www.lovendal.ro\/wp52\/cele-12-cranii-de-cristal-mayase-sunt-false\/<\/strong><\/a>) se arat\u0103 faptul c\u0103 toate craniile de cristal au fost t\u0103iate \u015fi polizate cu instrumente din secolul al XIX-lea, ceea ce demonstreaz\u0103 c\u0103 ele nu au fost crea\u0163ia vechilor civiliza\u0163ii aztece sau maya\u015fe. Cine \u015ftie care e p\u00e2n\u0103 la urm\u0103 adev\u0103rul&#8230;<\/p>\n","protected":false},"excerpt":{"rendered":"<p>A\u015fa cum a semnalat \u015fi revista &#8222;Mysteries&#8221;, jurnalistul elve\u0163ian Luc a g\u0103sit un craniu de cristal \u00een mansarda unei case din Bavaria, fiind ascuns \u00eentr-o cutie veche de lemn. Craniul descoperit are 12 kilograme \u015fi m\u0103soar\u0103 17,5 cm \u00een\u0103l\u0163ime \u015fi &#8230; <\/p>\n<p class=\"read-more-container\"><a title=\"A fost descoperit cel de-al 13-lea craniu de cristal&#8230; Am sc\u0103pat de Apocalipsa de pe 21 decembrie 2012!\" class=\"read-more button\" href=\"https:\/\/www.lovendal.ro\/wp52\/a-fost-descoperit-cel-de-al-13-lea-craniu-de-cristal-am-scapat-de-apocalipsa-de-pe-21-decembrie-2012\/#more-18341\" aria-label=\"Cite\u0219te mai multe despre A fost descoperit cel de-al 13-lea craniu de cristal&#8230; Am sc\u0103pat de Apocalipsa de pe 21 decembrie 2012!\">Cititi mai multe<\/a><\/p>\n","protected":false},"author":1,"featured_media":18342,"comment_status":"open","ping_status":"closed","sticky":false,"template":"","format":"standard","meta":{"footnotes":""},"categories":[14],"tags":[4203,4204,2049,85,489,3337,9796,1124],"class_list":["post-18341","post","type-post","status-publish","format-standard","has-post-thumbnail","hentry","category-paranormal-spiritualitate","tag-bavaria","tag-cehia","tag-cranii-de-cristal","tag-hitler","tag-mayasi","tag-nazisti","tag-paranormal-spiritualitate","tag-sfarsitul-lumii","resize-featured-image"],"yoast_head":"<!-- This site is optimized with the Yoast SEO Premium plugin v23.3 (Yoast SEO v27.4) - https:\/\/yoast.com\/product\/yoast-seo-premium-wordpress\/ -->\n<title>A fost descoperit cel de-al 13-lea craniu de cristal... Am sc\u0103pat de Apocalipsa de pe 21 decembrie 2012! - Secretele lui Lovendal<\/title>\n<meta name=\"robots\" content=\"index, follow, max-snippet:-1, max-image-preview:large, max-video-preview:-1\" \/>\n<link rel=\"canonical\" href=\"https:\/\/www.lovendal.ro\/wp52\/a-fost-descoperit-cel-de-al-13-lea-craniu-de-cristal-am-scapat-de-apocalipsa-de-pe-21-decembrie-2012\/\" \/>\n<meta property=\"og:locale\" content=\"ro_RO\" \/>\n<meta property=\"og:type\" content=\"article\" \/>\n<meta property=\"og:title\" content=\"A fost descoperit cel de-al 13-lea craniu de cristal... Am sc\u0103pat de Apocalipsa de pe 21 decembrie 2012!\" \/>\n<meta property=\"og:description\" content=\"A\u015fa cum a semnalat \u015fi revista &#8222;Mysteries&#8221;, jurnalistul elve\u0163ian Luc a g\u0103sit un craniu de cristal \u00een mansarda unei case din Bavaria, fiind ascuns \u00eentr-o cutie veche de lemn. Craniul descoperit are 12 kilograme \u015fi m\u0103soar\u0103 17,5 cm \u00een\u0103l\u0163ime \u015fi ... Cititi mai multe\" \/>\n<meta property=\"og:url\" content=\"https:\/\/www.lovendal.ro\/wp52\/a-fost-descoperit-cel-de-al-13-lea-craniu-de-cristal-am-scapat-de-apocalipsa-de-pe-21-decembrie-2012\/\" \/>\n<meta property=\"og:site_name\" content=\"Secretele lui Lovendal\" \/>\n<meta property=\"article:publisher\" content=\"https:\/\/www.facebook.com\/secreteleluilovendal\" \/>\n<meta property=\"article:published_time\" content=\"2011-05-15T06:39:40+00:00\" \/>\n<meta property=\"og:image\" content=\"https:\/\/www.lovendal.ro\/wp52\/wp-content\/uploads\/2011\/05\/craniu-de-cristal-20.jpg\" \/>\n\t<meta property=\"og:image:width\" content=\"298\" \/>\n\t<meta property=\"og:image:height\" content=\"292\" \/>\n\t<meta property=\"og:image:type\" content=\"image\/jpeg\" \/>\n<meta name=\"author\" content=\"admin\" \/>\n<meta name=\"twitter:card\" content=\"summary_large_image\" \/>\n<meta name=\"twitter:label1\" content=\"Scris de\" \/>\n\t<meta name=\"twitter:data1\" content=\"admin\" \/>\n\t<meta name=\"twitter:label2\" content=\"Timp estimat pentru citire\" \/>\n\t<meta name=\"twitter:data2\" content=\"2 minute\" \/>\n<script type=\"application\/ld+json\" class=\"yoast-schema-graph\">{\"@context\":\"https:\\\/\\\/schema.org\",\"@graph\":[{\"@type\":\"Article\",\"@id\":\"https:\\\/\\\/www.lovendal.ro\\\/wp52\\\/a-fost-descoperit-cel-de-al-13-lea-craniu-de-cristal-am-scapat-de-apocalipsa-de-pe-21-decembrie-2012\\\/#article\",\"isPartOf\":{\"@id\":\"https:\\\/\\\/www.lovendal.ro\\\/wp52\\\/a-fost-descoperit-cel-de-al-13-lea-craniu-de-cristal-am-scapat-de-apocalipsa-de-pe-21-decembrie-2012\\\/\"},\"author\":{\"name\":\"admin\",\"@id\":\"https:\\\/\\\/www.lovendal.ro\\\/wp52\\\/#\\\/schema\\\/person\\\/088691de5dfc346bb0c023e1e52ef5d9\"},\"headline\":\"A fost descoperit cel de-al 13-lea craniu de cristal&#8230; Am sc\u0103pat de Apocalipsa de pe 21 decembrie 2012!\",\"datePublished\":\"2011-05-15T06:39:40+00:00\",\"mainEntityOfPage\":{\"@id\":\"https:\\\/\\\/www.lovendal.ro\\\/wp52\\\/a-fost-descoperit-cel-de-al-13-lea-craniu-de-cristal-am-scapat-de-apocalipsa-de-pe-21-decembrie-2012\\\/\"},\"wordCount\":334,\"commentCount\":21,\"publisher\":{\"@id\":\"https:\\\/\\\/www.lovendal.ro\\\/wp52\\\/#organization\"},\"image\":{\"@id\":\"https:\\\/\\\/www.lovendal.ro\\\/wp52\\\/a-fost-descoperit-cel-de-al-13-lea-craniu-de-cristal-am-scapat-de-apocalipsa-de-pe-21-decembrie-2012\\\/#primaryimage\"},\"thumbnailUrl\":\"https:\\\/\\\/www.lovendal.ro\\\/wp52\\\/wp-content\\\/uploads\\\/2011\\\/05\\\/craniu-de-cristal-20.jpg\",\"keywords\":[\"Bavaria\",\"Cehia\",\"cranii de cristal\",\"Hitler\",\"maya\u015fi\",\"nazi\u015fti\",\"Paranormal-Spiritualitate\",\"sf\u00e2r\u015fitul lumii\"],\"articleSection\":[\"Paranormal-Spiritualitate\"],\"inLanguage\":\"ro-RO\",\"potentialAction\":[{\"@type\":\"CommentAction\",\"name\":\"Comment\",\"target\":[\"https:\\\/\\\/www.lovendal.ro\\\/wp52\\\/a-fost-descoperit-cel-de-al-13-lea-craniu-de-cristal-am-scapat-de-apocalipsa-de-pe-21-decembrie-2012\\\/#respond\"]}]},{\"@type\":\"WebPage\",\"@id\":\"https:\\\/\\\/www.lovendal.ro\\\/wp52\\\/a-fost-descoperit-cel-de-al-13-lea-craniu-de-cristal-am-scapat-de-apocalipsa-de-pe-21-decembrie-2012\\\/\",\"url\":\"https:\\\/\\\/www.lovendal.ro\\\/wp52\\\/a-fost-descoperit-cel-de-al-13-lea-craniu-de-cristal-am-scapat-de-apocalipsa-de-pe-21-decembrie-2012\\\/\",\"name\":\"A fost descoperit cel de-al 13-lea craniu de cristal... Am sc\u0103pat de Apocalipsa de pe 21 decembrie 2012! - Secretele lui Lovendal\",\"isPartOf\":{\"@id\":\"https:\\\/\\\/www.lovendal.ro\\\/wp52\\\/#website\"},\"primaryImageOfPage\":{\"@id\":\"https:\\\/\\\/www.lovendal.ro\\\/wp52\\\/a-fost-descoperit-cel-de-al-13-lea-craniu-de-cristal-am-scapat-de-apocalipsa-de-pe-21-decembrie-2012\\\/#primaryimage\"},\"image\":{\"@id\":\"https:\\\/\\\/www.lovendal.ro\\\/wp52\\\/a-fost-descoperit-cel-de-al-13-lea-craniu-de-cristal-am-scapat-de-apocalipsa-de-pe-21-decembrie-2012\\\/#primaryimage\"},\"thumbnailUrl\":\"https:\\\/\\\/www.lovendal.ro\\\/wp52\\\/wp-content\\\/uploads\\\/2011\\\/05\\\/craniu-de-cristal-20.jpg\",\"datePublished\":\"2011-05-15T06:39:40+00:00\",\"breadcrumb\":{\"@id\":\"https:\\\/\\\/www.lovendal.ro\\\/wp52\\\/a-fost-descoperit-cel-de-al-13-lea-craniu-de-cristal-am-scapat-de-apocalipsa-de-pe-21-decembrie-2012\\\/#breadcrumb\"},\"inLanguage\":\"ro-RO\",\"potentialAction\":[{\"@type\":\"ReadAction\",\"target\":[\"https:\\\/\\\/www.lovendal.ro\\\/wp52\\\/a-fost-descoperit-cel-de-al-13-lea-craniu-de-cristal-am-scapat-de-apocalipsa-de-pe-21-decembrie-2012\\\/\"]}]},{\"@type\":\"ImageObject\",\"inLanguage\":\"ro-RO\",\"@id\":\"https:\\\/\\\/www.lovendal.ro\\\/wp52\\\/a-fost-descoperit-cel-de-al-13-lea-craniu-de-cristal-am-scapat-de-apocalipsa-de-pe-21-decembrie-2012\\\/#primaryimage\",\"url\":\"https:\\\/\\\/www.lovendal.ro\\\/wp52\\\/wp-content\\\/uploads\\\/2011\\\/05\\\/craniu-de-cristal-20.jpg\",\"contentUrl\":\"https:\\\/\\\/www.lovendal.ro\\\/wp52\\\/wp-content\\\/uploads\\\/2011\\\/05\\\/craniu-de-cristal-20.jpg\",\"width\":\"298\",\"height\":\"292\"},{\"@type\":\"BreadcrumbList\",\"@id\":\"https:\\\/\\\/www.lovendal.ro\\\/wp52\\\/a-fost-descoperit-cel-de-al-13-lea-craniu-de-cristal-am-scapat-de-apocalipsa-de-pe-21-decembrie-2012\\\/#breadcrumb\",\"itemListElement\":[{\"@type\":\"ListItem\",\"position\":1,\"name\":\"Home\",\"item\":\"https:\\\/\\\/www.lovendal.ro\\\/wp52\\\/\"},{\"@type\":\"ListItem\",\"position\":2,\"name\":\"A fost descoperit cel de-al 13-lea craniu de cristal&#8230; Am sc\u0103pat de Apocalipsa de pe 21 decembrie 2012!\"}]},{\"@type\":\"WebSite\",\"@id\":\"https:\\\/\\\/www.lovendal.ro\\\/wp52\\\/#website\",\"url\":\"https:\\\/\\\/www.lovendal.ro\\\/wp52\\\/\",\"name\":\"Secretele lui Lovendal\",\"description\":\"Site de secrete, stiinta si metafizica - din 2008 -\",\"publisher\":{\"@id\":\"https:\\\/\\\/www.lovendal.ro\\\/wp52\\\/#organization\"},\"potentialAction\":[{\"@type\":\"SearchAction\",\"target\":{\"@type\":\"EntryPoint\",\"urlTemplate\":\"https:\\\/\\\/www.lovendal.ro\\\/wp52\\\/?s={search_term_string}\"},\"query-input\":{\"@type\":\"PropertyValueSpecification\",\"valueRequired\":true,\"valueName\":\"search_term_string\"}}],\"inLanguage\":\"ro-RO\"},{\"@type\":\"Organization\",\"@id\":\"https:\\\/\\\/www.lovendal.ro\\\/wp52\\\/#organization\",\"name\":\"Secretele lui Lovendal\",\"url\":\"https:\\\/\\\/www.lovendal.ro\\\/wp52\\\/\",\"logo\":{\"@type\":\"ImageObject\",\"inLanguage\":\"ro-RO\",\"@id\":\"https:\\\/\\\/www.lovendal.ro\\\/wp52\\\/#\\\/schema\\\/logo\\\/image\\\/\",\"url\":\"https:\\\/\\\/www.lovendal.ro\\\/wp52\\\/wp-content\\\/uploads\\\/2024\\\/06\\\/cropped-SLL-iun-2024-1.jpg\",\"contentUrl\":\"https:\\\/\\\/www.lovendal.ro\\\/wp52\\\/wp-content\\\/uploads\\\/2024\\\/06\\\/cropped-SLL-iun-2024-1.jpg\",\"width\":771,\"height\":240,\"caption\":\"Secretele lui Lovendal\"},\"image\":{\"@id\":\"https:\\\/\\\/www.lovendal.ro\\\/wp52\\\/#\\\/schema\\\/logo\\\/image\\\/\"},\"sameAs\":[\"https:\\\/\\\/www.facebook.com\\\/secreteleluilovendal\"]},{\"@type\":\"Person\",\"@id\":\"https:\\\/\\\/www.lovendal.ro\\\/wp52\\\/#\\\/schema\\\/person\\\/088691de5dfc346bb0c023e1e52ef5d9\",\"name\":\"admin\",\"image\":{\"@type\":\"ImageObject\",\"inLanguage\":\"ro-RO\",\"@id\":\"https:\\\/\\\/secure.gravatar.com\\\/avatar\\\/ecb9cd41f5f63c9c9b989999a59f6e2639a865ec361e9db054db0679a8f341c2?s=96&d=mm&r=g\",\"url\":\"https:\\\/\\\/secure.gravatar.com\\\/avatar\\\/ecb9cd41f5f63c9c9b989999a59f6e2639a865ec361e9db054db0679a8f341c2?s=96&d=mm&r=g\",\"contentUrl\":\"https:\\\/\\\/secure.gravatar.com\\\/avatar\\\/ecb9cd41f5f63c9c9b989999a59f6e2639a865ec361e9db054db0679a8f341c2?s=96&d=mm&r=g\",\"caption\":\"admin\"},\"sameAs\":[\"https:\\\/\\\/www.lovendal.ro\\\/wp52\"]}]}<\/script>\n<!-- \/ Yoast SEO Premium plugin. -->","yoast_head_json":{"title":"A fost descoperit cel de-al 13-lea craniu de cristal... Am sc\u0103pat de Apocalipsa de pe 21 decembrie 2012! - Secretele lui Lovendal","robots":{"index":"index","follow":"follow","max-snippet":"max-snippet:-1","max-image-preview":"max-image-preview:large","max-video-preview":"max-video-preview:-1"},"canonical":"https:\/\/www.lovendal.ro\/wp52\/a-fost-descoperit-cel-de-al-13-lea-craniu-de-cristal-am-scapat-de-apocalipsa-de-pe-21-decembrie-2012\/","og_locale":"ro_RO","og_type":"article","og_title":"A fost descoperit cel de-al 13-lea craniu de cristal... Am sc\u0103pat de Apocalipsa de pe 21 decembrie 2012!","og_description":"A\u015fa cum a semnalat \u015fi revista &#8222;Mysteries&#8221;, jurnalistul elve\u0163ian Luc a g\u0103sit un craniu de cristal \u00een mansarda unei case din Bavaria, fiind ascuns \u00eentr-o cutie veche de lemn. Craniul descoperit are 12 kilograme \u015fi m\u0103soar\u0103 17,5 cm \u00een\u0103l\u0163ime \u015fi ... Cititi mai multe","og_url":"https:\/\/www.lovendal.ro\/wp52\/a-fost-descoperit-cel-de-al-13-lea-craniu-de-cristal-am-scapat-de-apocalipsa-de-pe-21-decembrie-2012\/","og_site_name":"Secretele lui Lovendal","article_publisher":"https:\/\/www.facebook.com\/secreteleluilovendal","article_published_time":"2011-05-15T06:39:40+00:00","og_image":[{"width":298,"height":292,"url":"https:\/\/www.lovendal.ro\/wp52\/wp-content\/uploads\/2011\/05\/craniu-de-cristal-20.jpg","type":"image\/jpeg"}],"author":"admin","twitter_card":"summary_large_image","twitter_misc":{"Scris de":"admin","Timp estimat pentru citire":"2 minute"},"schema":{"@context":"https:\/\/schema.org","@graph":[{"@type":"Article","@id":"https:\/\/www.lovendal.ro\/wp52\/a-fost-descoperit-cel-de-al-13-lea-craniu-de-cristal-am-scapat-de-apocalipsa-de-pe-21-decembrie-2012\/#article","isPartOf":{"@id":"https:\/\/www.lovendal.ro\/wp52\/a-fost-descoperit-cel-de-al-13-lea-craniu-de-cristal-am-scapat-de-apocalipsa-de-pe-21-decembrie-2012\/"},"author":{"name":"admin","@id":"https:\/\/www.lovendal.ro\/wp52\/#\/schema\/person\/088691de5dfc346bb0c023e1e52ef5d9"},"headline":"A fost descoperit cel de-al 13-lea craniu de cristal&#8230; Am sc\u0103pat de Apocalipsa de pe 21 decembrie 2012!","datePublished":"2011-05-15T06:39:40+00:00","mainEntityOfPage":{"@id":"https:\/\/www.lovendal.ro\/wp52\/a-fost-descoperit-cel-de-al-13-lea-craniu-de-cristal-am-scapat-de-apocalipsa-de-pe-21-decembrie-2012\/"},"wordCount":334,"commentCount":21,"publisher":{"@id":"https:\/\/www.lovendal.ro\/wp52\/#organization"},"image":{"@id":"https:\/\/www.lovendal.ro\/wp52\/a-fost-descoperit-cel-de-al-13-lea-craniu-de-cristal-am-scapat-de-apocalipsa-de-pe-21-decembrie-2012\/#primaryimage"},"thumbnailUrl":"https:\/\/www.lovendal.ro\/wp52\/wp-content\/uploads\/2011\/05\/craniu-de-cristal-20.jpg","keywords":["Bavaria","Cehia","cranii de cristal","Hitler","maya\u015fi","nazi\u015fti","Paranormal-Spiritualitate","sf\u00e2r\u015fitul lumii"],"articleSection":["Paranormal-Spiritualitate"],"inLanguage":"ro-RO","potentialAction":[{"@type":"CommentAction","name":"Comment","target":["https:\/\/www.lovendal.ro\/wp52\/a-fost-descoperit-cel-de-al-13-lea-craniu-de-cristal-am-scapat-de-apocalipsa-de-pe-21-decembrie-2012\/#respond"]}]},{"@type":"WebPage","@id":"https:\/\/www.lovendal.ro\/wp52\/a-fost-descoperit-cel-de-al-13-lea-craniu-de-cristal-am-scapat-de-apocalipsa-de-pe-21-decembrie-2012\/","url":"https:\/\/www.lovendal.ro\/wp52\/a-fost-descoperit-cel-de-al-13-lea-craniu-de-cristal-am-scapat-de-apocalipsa-de-pe-21-decembrie-2012\/","name":"A fost descoperit cel de-al 13-lea craniu de cristal... Am sc\u0103pat de Apocalipsa de pe 21 decembrie 2012! - Secretele lui Lovendal","isPartOf":{"@id":"https:\/\/www.lovendal.ro\/wp52\/#website"},"primaryImageOfPage":{"@id":"https:\/\/www.lovendal.ro\/wp52\/a-fost-descoperit-cel-de-al-13-lea-craniu-de-cristal-am-scapat-de-apocalipsa-de-pe-21-decembrie-2012\/#primaryimage"},"image":{"@id":"https:\/\/www.lovendal.ro\/wp52\/a-fost-descoperit-cel-de-al-13-lea-craniu-de-cristal-am-scapat-de-apocalipsa-de-pe-21-decembrie-2012\/#primaryimage"},"thumbnailUrl":"https:\/\/www.lovendal.ro\/wp52\/wp-content\/uploads\/2011\/05\/craniu-de-cristal-20.jpg","datePublished":"2011-05-15T06:39:40+00:00","breadcrumb":{"@id":"https:\/\/www.lovendal.ro\/wp52\/a-fost-descoperit-cel-de-al-13-lea-craniu-de-cristal-am-scapat-de-apocalipsa-de-pe-21-decembrie-2012\/#breadcrumb"},"inLanguage":"ro-RO","potentialAction":[{"@type":"ReadAction","target":["https:\/\/www.lovendal.ro\/wp52\/a-fost-descoperit-cel-de-al-13-lea-craniu-de-cristal-am-scapat-de-apocalipsa-de-pe-21-decembrie-2012\/"]}]},{"@type":"ImageObject","inLanguage":"ro-RO","@id":"https:\/\/www.lovendal.ro\/wp52\/a-fost-descoperit-cel-de-al-13-lea-craniu-de-cristal-am-scapat-de-apocalipsa-de-pe-21-decembrie-2012\/#primaryimage","url":"https:\/\/www.lovendal.ro\/wp52\/wp-content\/uploads\/2011\/05\/craniu-de-cristal-20.jpg","contentUrl":"https:\/\/www.lovendal.ro\/wp52\/wp-content\/uploads\/2011\/05\/craniu-de-cristal-20.jpg","width":"298","height":"292"},{"@type":"BreadcrumbList","@id":"https:\/\/www.lovendal.ro\/wp52\/a-fost-descoperit-cel-de-al-13-lea-craniu-de-cristal-am-scapat-de-apocalipsa-de-pe-21-decembrie-2012\/#breadcrumb","itemListElement":[{"@type":"ListItem","position":1,"name":"Home","item":"https:\/\/www.lovendal.ro\/wp52\/"},{"@type":"ListItem","position":2,"name":"A fost descoperit cel de-al 13-lea craniu de cristal&#8230; Am sc\u0103pat de Apocalipsa de pe 21 decembrie 2012!"}]},{"@type":"WebSite","@id":"https:\/\/www.lovendal.ro\/wp52\/#website","url":"https:\/\/www.lovendal.ro\/wp52\/","name":"Secretele lui Lovendal","description":"Site de secrete, stiinta si metafizica - din 2008 -","publisher":{"@id":"https:\/\/www.lovendal.ro\/wp52\/#organization"},"potentialAction":[{"@type":"SearchAction","target":{"@type":"EntryPoint","urlTemplate":"https:\/\/www.lovendal.ro\/wp52\/?s={search_term_string}"},"query-input":{"@type":"PropertyValueSpecification","valueRequired":true,"valueName":"search_term_string"}}],"inLanguage":"ro-RO"},{"@type":"Organization","@id":"https:\/\/www.lovendal.ro\/wp52\/#organization","name":"Secretele lui Lovendal","url":"https:\/\/www.lovendal.ro\/wp52\/","logo":{"@type":"ImageObject","inLanguage":"ro-RO","@id":"https:\/\/www.lovendal.ro\/wp52\/#\/schema\/logo\/image\/","url":"https:\/\/www.lovendal.ro\/wp52\/wp-content\/uploads\/2024\/06\/cropped-SLL-iun-2024-1.jpg","contentUrl":"https:\/\/www.lovendal.ro\/wp52\/wp-content\/uploads\/2024\/06\/cropped-SLL-iun-2024-1.jpg","width":771,"height":240,"caption":"Secretele lui Lovendal"},"image":{"@id":"https:\/\/www.lovendal.ro\/wp52\/#\/schema\/logo\/image\/"},"sameAs":["https:\/\/www.facebook.com\/secreteleluilovendal"]},{"@type":"Person","@id":"https:\/\/www.lovendal.ro\/wp52\/#\/schema\/person\/088691de5dfc346bb0c023e1e52ef5d9","name":"admin","image":{"@type":"ImageObject","inLanguage":"ro-RO","@id":"https:\/\/secure.gravatar.com\/avatar\/ecb9cd41f5f63c9c9b989999a59f6e2639a865ec361e9db054db0679a8f341c2?s=96&d=mm&r=g","url":"https:\/\/secure.gravatar.com\/avatar\/ecb9cd41f5f63c9c9b989999a59f6e2639a865ec361e9db054db0679a8f341c2?s=96&d=mm&r=g","contentUrl":"https:\/\/secure.gravatar.com\/avatar\/ecb9cd41f5f63c9c9b989999a59f6e2639a865ec361e9db054db0679a8f341c2?s=96&d=mm&r=g","caption":"admin"},"sameAs":["https:\/\/www.lovendal.ro\/wp52"]}]}},"_links":{"self":[{"href":"https:\/\/www.lovendal.ro\/wp52\/wp-json\/wp\/v2\/posts\/18341","targetHints":{"allow":["GET"]}}],"collection":[{"href":"https:\/\/www.lovendal.ro\/wp52\/wp-json\/wp\/v2\/posts"}],"about":[{"href":"https:\/\/www.lovendal.ro\/wp52\/wp-json\/wp\/v2\/types\/post"}],"author":[{"embeddable":true,"href":"https:\/\/www.lovendal.ro\/wp52\/wp-json\/wp\/v2\/users\/1"}],"replies":[{"embeddable":true,"href":"https:\/\/www.lovendal.ro\/wp52\/wp-json\/wp\/v2\/comments?post=18341"}],"version-history":[{"count":0,"href":"https:\/\/www.lovendal.ro\/wp52\/wp-json\/wp\/v2\/posts\/18341\/revisions"}],"wp:featuredmedia":[{"embeddable":true,"href":"https:\/\/www.lovendal.ro\/wp52\/wp-json\/wp\/v2\/media\/18342"}],"wp:attachment":[{"href":"https:\/\/www.lovendal.ro\/wp52\/wp-json\/wp\/v2\/media?parent=18341"}],"wp:term":[{"taxonomy":"category","embeddable":true,"href":"https:\/\/www.lovendal.ro\/wp52\/wp-json\/wp\/v2\/categories?post=18341"},{"taxonomy":"post_tag","embeddable":true,"href":"https:\/\/www.lovendal.ro\/wp52\/wp-json\/wp\/v2\/tags?post=18341"}],"curies":[{"name":"wp","href":"https:\/\/api.w.org\/{rel}","templated":true}]}}