{"id":1802,"date":"2020-02-14T13:30:27","date_gmt":"2020-02-14T11:30:27","guid":{"rendered":"http:\/\/www.lovendal.net\/wp52\/?p=1802"},"modified":"2020-02-14T13:47:54","modified_gmt":"2020-02-14T11:47:54","slug":"in-revolutia-din-89-romania-ar-fi-trebuit-ocupata-de-trupele-onu","status":"publish","type":"post","link":"https:\/\/www.lovendal.ro\/wp52\/in-revolutia-din-89-romania-ar-fi-trebuit-ocupata-de-trupele-onu\/","title":{"rendered":"\u00cen Revolu\u0163ia din 89, Rom\u00e2nia trebuia s\u0103 fie ocupat\u0103 de trupele ONU?"},"content":{"rendered":"<figure id=\"attachment_66738\" aria-describedby=\"caption-attachment-66738\" style=\"width: 340px\" class=\"wp-caption alignleft\"><a href=\"https:\/\/www.lovendal.ro\/wp52\/wp-content\/uploads\/2008\/12\/Revolutia-romana-din-89-ONU.jpg\"><img loading=\"lazy\" decoding=\"async\" class=\"size-full wp-image-66738\" src=\"https:\/\/www.lovendal.ro\/wp52\/wp-content\/uploads\/2008\/12\/Revolutia-romana-din-89-ONU.jpg\" alt=\"\" width=\"350\" height=\"286\" srcset=\"https:\/\/www.lovendal.ro\/wp52\/wp-content\/uploads\/2008\/12\/Revolutia-romana-din-89-ONU.jpg 350w, https:\/\/www.lovendal.ro\/wp52\/wp-content\/uploads\/2008\/12\/Revolutia-romana-din-89-ONU-300x245.jpg 300w\" sizes=\"auto, (max-width: 350px) 100vw, 350px\" \/><\/a><figcaption id=\"caption-attachment-66738\" class=\"wp-caption-text\"><strong>Imagine:<\/strong> prelucrare proprie<\/figcaption><\/figure>\n<p>Pe 6 decembrie 2008, a murit fostul demnitar comunist, Paul Niculescu-Mizil, cel care a de\u0163inut func\u0163ii de conducere \u00een elita comunist\u0103 \u00eentre 1950 \u015fi 1989, \u015fi care a stat \u00een \u00eenchisoare dup\u0103 1990, fiind acuzat de complicitate la genocid. \u00centr-un interviu acordat cotidianului &#8222;Gardianul&#8221; \u00een 1992, Niculescu-Mizil face c\u00e2teva dezv\u0103luiri incendiare despre rolul puterilor str\u0103ine \u00een Revolu\u0163ia din 1989. Iat\u0103 c\u00e2teva fragmente:<\/p>\n<p><em><strong>Reporter: <\/strong>Care a fost aportul dumneavoastr\u0103 la Revolu\u0163ie?<\/em><\/p>\n<p><strong>Paul Niculescu-Mizil: <\/strong><em>(&#8230;)Rezult\u0103 cu claritate din procesele care au avut loc \u00eenainte de 17 decembrie c\u0103 au existat acte de interven\u0163ie militar\u0103, de trimiteri de agen\u0163i str\u0103ini, de armament \u00een interiorul Rom\u00e2niei, care au pus la cale evenimentele despre care s-a vorbit. Chiar eu \u00eensumi, \u00een cuv\u00e2ntul meu de ap\u0103rare, am ar\u0103tat c\u0103 pe lista a\u015fa-ziselor victime ale Revolu\u0163iei, din dosarul de acuzare figurau cet\u0103\u0163eni sovietici, maghiari cu domiciliul \u00een fosta Uniune Sovietic\u0103 \u015fi Ungaria, care \u015fi-au g\u0103sit sf\u00e2r\u015fitul \u00een timpul acelor zile pe p\u0103m\u00e2ntul rom\u00e2nesc. Am cerut justi\u0163iei s\u0103 cerceteze ce hram purtau acei oameni atunci. De asemenea, \u00een cursul proceselor de la Timi\u015foara, s-au adus fapte de necontestat, care vorbesc despre prezen\u0163a str\u0103in\u0103, cu preponderenta maghiara, \u00een activit\u0103\u0163ile lui decembrie \u201989.<\/em><\/p>\n<p><em>Dar dup\u0103 aceea au ap\u0103rut documente care sub nici o form\u0103 nu pot fi contestate. Am \u00een vedere \u00een primul r\u00e2nd cartea scris\u0103 de ministrul de externe maghiar Gyula Horn, cu titlul \u201cDelimit\u0103ri\u201d, publicat\u0103 \u00een Ungaria \u015fi Germania. \u00cen aceast\u0103 carte se recunoa\u015fte textual ca autorit\u0103\u0163ile maghiare \u00een acele zile au intervenit activ \u00een Rom\u00e2nia. Statul-Major al Armatei maghiare a avut leg\u0103turi, recunoscute \u00een carte, cu for\u0163e din interior. S-a invocat \u00een mod oficial, \u00een Consiliul de Securitate, necesitatea trimiterii de trupe \u00een Rom\u00e2nia. Dac\u0103 aceast\u0103 m\u0103sur\u0103 nu a fost luat\u0103 \u00een aceste zile, s-a datorat vetoului opus de reprezentantul Chinei \u00een Consiliul de Securitate. \u00cen aceast\u0103 carte sunt descrise contactele ministrului de externe maghiar \u015fi ale \u00eenaltelor autorit\u0103\u0163i maghiare cu ministrul de externe al Uniunii Sovietice de atunci, cu alte for\u0163e de pe plan interna\u0163ional, pentru interven\u0163ie \u00een Rom\u00e2nia. Este un document pe care eu l-am propus ca act probatoriu \u00een procesul meu, dar s-a refuzat.<br \/>\n<\/em><\/p>\n","protected":false},"excerpt":{"rendered":"<p>Pe 6 decembrie 2008, a murit fostul demnitar comunist, Paul Niculescu-Mizil, cel care a de\u0163inut func\u0163ii de conducere \u00een elita comunist\u0103 \u00eentre 1950 \u015fi 1989, \u015fi care a stat \u00een \u00eenchisoare dup\u0103 1990, fiind acuzat de complicitate la genocid. \u00centr-un &#8230; <\/p>\n<p class=\"read-more-container\"><a title=\"\u00cen Revolu\u0163ia din 89, Rom\u00e2nia trebuia s\u0103 fie ocupat\u0103 de trupele ONU?\" class=\"read-more button\" href=\"https:\/\/www.lovendal.ro\/wp52\/in-revolutia-din-89-romania-ar-fi-trebuit-ocupata-de-trupele-onu\/#more-1802\" aria-label=\"Cite\u0219te mai multe despre \u00cen Revolu\u0163ia din 89, Rom\u00e2nia trebuia s\u0103 fie ocupat\u0103 de trupele ONU?\">Cititi mai multe<\/a><\/p>\n","protected":false},"author":1,"featured_media":66738,"comment_status":"open","ping_status":"closed","sticky":false,"template":"","format":"standard","meta":{"footnotes":""},"categories":[9],"tags":[446,81,590,588,589,591],"class_list":["post-1802","post","type-post","status-publish","format-standard","has-post-thumbnail","hentry","category-istorie","tag-china","tag-comunism","tag-onu","tag-paul-niculescu-mizile","tag-revolutia-romana-din-89","tag-ungaria","resize-featured-image"],"yoast_head":"<!-- This site is optimized with the Yoast SEO Premium plugin v23.3 (Yoast SEO v27.4) - https:\/\/yoast.com\/product\/yoast-seo-premium-wordpress\/ -->\n<title>\u00cen Revolu\u0163ia din 89, Rom\u00e2nia trebuia s\u0103 fie ocupat\u0103 de trupele ONU? - Secretele lui Lovendal<\/title>\n<meta name=\"robots\" content=\"index, follow, max-snippet:-1, max-image-preview:large, max-video-preview:-1\" \/>\n<link rel=\"canonical\" href=\"https:\/\/www.lovendal.ro\/wp52\/in-revolutia-din-89-romania-ar-fi-trebuit-ocupata-de-trupele-onu\/\" \/>\n<meta property=\"og:locale\" content=\"ro_RO\" \/>\n<meta property=\"og:type\" content=\"article\" \/>\n<meta property=\"og:title\" content=\"\u00cen Revolu\u0163ia din 89, Rom\u00e2nia trebuia s\u0103 fie ocupat\u0103 de trupele ONU?\" \/>\n<meta property=\"og:description\" content=\"Pe 6 decembrie 2008, a murit fostul demnitar comunist, Paul Niculescu-Mizil, cel care a de\u0163inut func\u0163ii de conducere \u00een elita comunist\u0103 \u00eentre 1950 \u015fi 1989, \u015fi care a stat \u00een \u00eenchisoare dup\u0103 1990, fiind acuzat de complicitate la genocid. \u00centr-un ... Cititi mai multe\" \/>\n<meta property=\"og:url\" content=\"https:\/\/www.lovendal.ro\/wp52\/in-revolutia-din-89-romania-ar-fi-trebuit-ocupata-de-trupele-onu\/\" \/>\n<meta property=\"og:site_name\" content=\"Secretele lui Lovendal\" \/>\n<meta property=\"article:publisher\" content=\"https:\/\/www.facebook.com\/secreteleluilovendal\" \/>\n<meta property=\"article:published_time\" content=\"2020-02-14T11:30:27+00:00\" \/>\n<meta property=\"article:modified_time\" content=\"2020-02-14T11:47:54+00:00\" \/>\n<meta property=\"og:image\" content=\"https:\/\/www.lovendal.ro\/wp52\/wp-content\/uploads\/2008\/12\/Revolutia-romana-din-89-ONU.jpg\" \/>\n\t<meta property=\"og:image:width\" content=\"350\" \/>\n\t<meta property=\"og:image:height\" content=\"286\" \/>\n\t<meta property=\"og:image:type\" content=\"image\/jpeg\" \/>\n<meta name=\"author\" content=\"admin\" \/>\n<meta name=\"twitter:card\" content=\"summary_large_image\" \/>\n<meta name=\"twitter:label1\" content=\"Scris de\" \/>\n\t<meta name=\"twitter:data1\" content=\"admin\" \/>\n\t<meta name=\"twitter:label2\" content=\"Timp estimat pentru citire\" \/>\n\t<meta name=\"twitter:data2\" content=\"2 minute\" \/>\n<script type=\"application\/ld+json\" class=\"yoast-schema-graph\">{\"@context\":\"https:\\\/\\\/schema.org\",\"@graph\":[{\"@type\":\"Article\",\"@id\":\"https:\\\/\\\/www.lovendal.ro\\\/wp52\\\/in-revolutia-din-89-romania-ar-fi-trebuit-ocupata-de-trupele-onu\\\/#article\",\"isPartOf\":{\"@id\":\"https:\\\/\\\/www.lovendal.ro\\\/wp52\\\/in-revolutia-din-89-romania-ar-fi-trebuit-ocupata-de-trupele-onu\\\/\"},\"author\":{\"name\":\"admin\",\"@id\":\"https:\\\/\\\/www.lovendal.ro\\\/wp52\\\/#\\\/schema\\\/person\\\/088691de5dfc346bb0c023e1e52ef5d9\"},\"headline\":\"\u00cen Revolu\u0163ia din 89, Rom\u00e2nia trebuia s\u0103 fie ocupat\u0103 de trupele ONU?\",\"datePublished\":\"2020-02-14T11:30:27+00:00\",\"dateModified\":\"2020-02-14T11:47:54+00:00\",\"mainEntityOfPage\":{\"@id\":\"https:\\\/\\\/www.lovendal.ro\\\/wp52\\\/in-revolutia-din-89-romania-ar-fi-trebuit-ocupata-de-trupele-onu\\\/\"},\"wordCount\":408,\"commentCount\":4,\"publisher\":{\"@id\":\"https:\\\/\\\/www.lovendal.ro\\\/wp52\\\/#organization\"},\"image\":{\"@id\":\"https:\\\/\\\/www.lovendal.ro\\\/wp52\\\/in-revolutia-din-89-romania-ar-fi-trebuit-ocupata-de-trupele-onu\\\/#primaryimage\"},\"thumbnailUrl\":\"https:\\\/\\\/www.lovendal.ro\\\/wp52\\\/wp-content\\\/uploads\\\/2008\\\/12\\\/Revolutia-romana-din-89-ONU.jpg\",\"keywords\":[\"China\",\"comunism\",\"ONU\",\"Paul Niculescu-Mizile\",\"Revolu\u0163ia rom\u00e2n\u0103 din 89\",\"Ungaria\"],\"articleSection\":[\"Istorie si Civilizatii\"],\"inLanguage\":\"ro-RO\",\"potentialAction\":[{\"@type\":\"CommentAction\",\"name\":\"Comment\",\"target\":[\"https:\\\/\\\/www.lovendal.ro\\\/wp52\\\/in-revolutia-din-89-romania-ar-fi-trebuit-ocupata-de-trupele-onu\\\/#respond\"]}]},{\"@type\":\"WebPage\",\"@id\":\"https:\\\/\\\/www.lovendal.ro\\\/wp52\\\/in-revolutia-din-89-romania-ar-fi-trebuit-ocupata-de-trupele-onu\\\/\",\"url\":\"https:\\\/\\\/www.lovendal.ro\\\/wp52\\\/in-revolutia-din-89-romania-ar-fi-trebuit-ocupata-de-trupele-onu\\\/\",\"name\":\"\u00cen Revolu\u0163ia din 89, Rom\u00e2nia trebuia s\u0103 fie ocupat\u0103 de trupele ONU? - Secretele lui Lovendal\",\"isPartOf\":{\"@id\":\"https:\\\/\\\/www.lovendal.ro\\\/wp52\\\/#website\"},\"primaryImageOfPage\":{\"@id\":\"https:\\\/\\\/www.lovendal.ro\\\/wp52\\\/in-revolutia-din-89-romania-ar-fi-trebuit-ocupata-de-trupele-onu\\\/#primaryimage\"},\"image\":{\"@id\":\"https:\\\/\\\/www.lovendal.ro\\\/wp52\\\/in-revolutia-din-89-romania-ar-fi-trebuit-ocupata-de-trupele-onu\\\/#primaryimage\"},\"thumbnailUrl\":\"https:\\\/\\\/www.lovendal.ro\\\/wp52\\\/wp-content\\\/uploads\\\/2008\\\/12\\\/Revolutia-romana-din-89-ONU.jpg\",\"datePublished\":\"2020-02-14T11:30:27+00:00\",\"dateModified\":\"2020-02-14T11:47:54+00:00\",\"breadcrumb\":{\"@id\":\"https:\\\/\\\/www.lovendal.ro\\\/wp52\\\/in-revolutia-din-89-romania-ar-fi-trebuit-ocupata-de-trupele-onu\\\/#breadcrumb\"},\"inLanguage\":\"ro-RO\",\"potentialAction\":[{\"@type\":\"ReadAction\",\"target\":[\"https:\\\/\\\/www.lovendal.ro\\\/wp52\\\/in-revolutia-din-89-romania-ar-fi-trebuit-ocupata-de-trupele-onu\\\/\"]}]},{\"@type\":\"ImageObject\",\"inLanguage\":\"ro-RO\",\"@id\":\"https:\\\/\\\/www.lovendal.ro\\\/wp52\\\/in-revolutia-din-89-romania-ar-fi-trebuit-ocupata-de-trupele-onu\\\/#primaryimage\",\"url\":\"https:\\\/\\\/www.lovendal.ro\\\/wp52\\\/wp-content\\\/uploads\\\/2008\\\/12\\\/Revolutia-romana-din-89-ONU.jpg\",\"contentUrl\":\"https:\\\/\\\/www.lovendal.ro\\\/wp52\\\/wp-content\\\/uploads\\\/2008\\\/12\\\/Revolutia-romana-din-89-ONU.jpg\",\"width\":350,\"height\":286,\"caption\":\"Imagine: prelucrare proprie\"},{\"@type\":\"BreadcrumbList\",\"@id\":\"https:\\\/\\\/www.lovendal.ro\\\/wp52\\\/in-revolutia-din-89-romania-ar-fi-trebuit-ocupata-de-trupele-onu\\\/#breadcrumb\",\"itemListElement\":[{\"@type\":\"ListItem\",\"position\":1,\"name\":\"Home\",\"item\":\"https:\\\/\\\/www.lovendal.ro\\\/wp52\\\/\"},{\"@type\":\"ListItem\",\"position\":2,\"name\":\"\u00cen Revolu\u0163ia din 89, Rom\u00e2nia trebuia s\u0103 fie ocupat\u0103 de trupele ONU?\"}]},{\"@type\":\"WebSite\",\"@id\":\"https:\\\/\\\/www.lovendal.ro\\\/wp52\\\/#website\",\"url\":\"https:\\\/\\\/www.lovendal.ro\\\/wp52\\\/\",\"name\":\"Secretele lui Lovendal\",\"description\":\"Site de secrete, stiinta si metafizica - din 2008 -\",\"publisher\":{\"@id\":\"https:\\\/\\\/www.lovendal.ro\\\/wp52\\\/#organization\"},\"potentialAction\":[{\"@type\":\"SearchAction\",\"target\":{\"@type\":\"EntryPoint\",\"urlTemplate\":\"https:\\\/\\\/www.lovendal.ro\\\/wp52\\\/?s={search_term_string}\"},\"query-input\":{\"@type\":\"PropertyValueSpecification\",\"valueRequired\":true,\"valueName\":\"search_term_string\"}}],\"inLanguage\":\"ro-RO\"},{\"@type\":\"Organization\",\"@id\":\"https:\\\/\\\/www.lovendal.ro\\\/wp52\\\/#organization\",\"name\":\"Secretele lui Lovendal\",\"url\":\"https:\\\/\\\/www.lovendal.ro\\\/wp52\\\/\",\"logo\":{\"@type\":\"ImageObject\",\"inLanguage\":\"ro-RO\",\"@id\":\"https:\\\/\\\/www.lovendal.ro\\\/wp52\\\/#\\\/schema\\\/logo\\\/image\\\/\",\"url\":\"https:\\\/\\\/www.lovendal.ro\\\/wp52\\\/wp-content\\\/uploads\\\/2024\\\/06\\\/cropped-SLL-iun-2024-1.jpg\",\"contentUrl\":\"https:\\\/\\\/www.lovendal.ro\\\/wp52\\\/wp-content\\\/uploads\\\/2024\\\/06\\\/cropped-SLL-iun-2024-1.jpg\",\"width\":771,\"height\":240,\"caption\":\"Secretele lui Lovendal\"},\"image\":{\"@id\":\"https:\\\/\\\/www.lovendal.ro\\\/wp52\\\/#\\\/schema\\\/logo\\\/image\\\/\"},\"sameAs\":[\"https:\\\/\\\/www.facebook.com\\\/secreteleluilovendal\"]},{\"@type\":\"Person\",\"@id\":\"https:\\\/\\\/www.lovendal.ro\\\/wp52\\\/#\\\/schema\\\/person\\\/088691de5dfc346bb0c023e1e52ef5d9\",\"name\":\"admin\",\"image\":{\"@type\":\"ImageObject\",\"inLanguage\":\"ro-RO\",\"@id\":\"https:\\\/\\\/secure.gravatar.com\\\/avatar\\\/ecb9cd41f5f63c9c9b989999a59f6e2639a865ec361e9db054db0679a8f341c2?s=96&d=mm&r=g\",\"url\":\"https:\\\/\\\/secure.gravatar.com\\\/avatar\\\/ecb9cd41f5f63c9c9b989999a59f6e2639a865ec361e9db054db0679a8f341c2?s=96&d=mm&r=g\",\"contentUrl\":\"https:\\\/\\\/secure.gravatar.com\\\/avatar\\\/ecb9cd41f5f63c9c9b989999a59f6e2639a865ec361e9db054db0679a8f341c2?s=96&d=mm&r=g\",\"caption\":\"admin\"},\"sameAs\":[\"https:\\\/\\\/www.lovendal.ro\\\/wp52\"]}]}<\/script>\n<!-- \/ Yoast SEO Premium plugin. -->","yoast_head_json":{"title":"\u00cen Revolu\u0163ia din 89, Rom\u00e2nia trebuia s\u0103 fie ocupat\u0103 de trupele ONU? - Secretele lui Lovendal","robots":{"index":"index","follow":"follow","max-snippet":"max-snippet:-1","max-image-preview":"max-image-preview:large","max-video-preview":"max-video-preview:-1"},"canonical":"https:\/\/www.lovendal.ro\/wp52\/in-revolutia-din-89-romania-ar-fi-trebuit-ocupata-de-trupele-onu\/","og_locale":"ro_RO","og_type":"article","og_title":"\u00cen Revolu\u0163ia din 89, Rom\u00e2nia trebuia s\u0103 fie ocupat\u0103 de trupele ONU?","og_description":"Pe 6 decembrie 2008, a murit fostul demnitar comunist, Paul Niculescu-Mizil, cel care a de\u0163inut func\u0163ii de conducere \u00een elita comunist\u0103 \u00eentre 1950 \u015fi 1989, \u015fi care a stat \u00een \u00eenchisoare dup\u0103 1990, fiind acuzat de complicitate la genocid. \u00centr-un ... Cititi mai multe","og_url":"https:\/\/www.lovendal.ro\/wp52\/in-revolutia-din-89-romania-ar-fi-trebuit-ocupata-de-trupele-onu\/","og_site_name":"Secretele lui Lovendal","article_publisher":"https:\/\/www.facebook.com\/secreteleluilovendal","article_published_time":"2020-02-14T11:30:27+00:00","article_modified_time":"2020-02-14T11:47:54+00:00","og_image":[{"width":350,"height":286,"url":"https:\/\/www.lovendal.ro\/wp52\/wp-content\/uploads\/2008\/12\/Revolutia-romana-din-89-ONU.jpg","type":"image\/jpeg"}],"author":"admin","twitter_card":"summary_large_image","twitter_misc":{"Scris de":"admin","Timp estimat pentru citire":"2 minute"},"schema":{"@context":"https:\/\/schema.org","@graph":[{"@type":"Article","@id":"https:\/\/www.lovendal.ro\/wp52\/in-revolutia-din-89-romania-ar-fi-trebuit-ocupata-de-trupele-onu\/#article","isPartOf":{"@id":"https:\/\/www.lovendal.ro\/wp52\/in-revolutia-din-89-romania-ar-fi-trebuit-ocupata-de-trupele-onu\/"},"author":{"name":"admin","@id":"https:\/\/www.lovendal.ro\/wp52\/#\/schema\/person\/088691de5dfc346bb0c023e1e52ef5d9"},"headline":"\u00cen Revolu\u0163ia din 89, Rom\u00e2nia trebuia s\u0103 fie ocupat\u0103 de trupele ONU?","datePublished":"2020-02-14T11:30:27+00:00","dateModified":"2020-02-14T11:47:54+00:00","mainEntityOfPage":{"@id":"https:\/\/www.lovendal.ro\/wp52\/in-revolutia-din-89-romania-ar-fi-trebuit-ocupata-de-trupele-onu\/"},"wordCount":408,"commentCount":4,"publisher":{"@id":"https:\/\/www.lovendal.ro\/wp52\/#organization"},"image":{"@id":"https:\/\/www.lovendal.ro\/wp52\/in-revolutia-din-89-romania-ar-fi-trebuit-ocupata-de-trupele-onu\/#primaryimage"},"thumbnailUrl":"https:\/\/www.lovendal.ro\/wp52\/wp-content\/uploads\/2008\/12\/Revolutia-romana-din-89-ONU.jpg","keywords":["China","comunism","ONU","Paul Niculescu-Mizile","Revolu\u0163ia rom\u00e2n\u0103 din 89","Ungaria"],"articleSection":["Istorie si Civilizatii"],"inLanguage":"ro-RO","potentialAction":[{"@type":"CommentAction","name":"Comment","target":["https:\/\/www.lovendal.ro\/wp52\/in-revolutia-din-89-romania-ar-fi-trebuit-ocupata-de-trupele-onu\/#respond"]}]},{"@type":"WebPage","@id":"https:\/\/www.lovendal.ro\/wp52\/in-revolutia-din-89-romania-ar-fi-trebuit-ocupata-de-trupele-onu\/","url":"https:\/\/www.lovendal.ro\/wp52\/in-revolutia-din-89-romania-ar-fi-trebuit-ocupata-de-trupele-onu\/","name":"\u00cen Revolu\u0163ia din 89, Rom\u00e2nia trebuia s\u0103 fie ocupat\u0103 de trupele ONU? - Secretele lui Lovendal","isPartOf":{"@id":"https:\/\/www.lovendal.ro\/wp52\/#website"},"primaryImageOfPage":{"@id":"https:\/\/www.lovendal.ro\/wp52\/in-revolutia-din-89-romania-ar-fi-trebuit-ocupata-de-trupele-onu\/#primaryimage"},"image":{"@id":"https:\/\/www.lovendal.ro\/wp52\/in-revolutia-din-89-romania-ar-fi-trebuit-ocupata-de-trupele-onu\/#primaryimage"},"thumbnailUrl":"https:\/\/www.lovendal.ro\/wp52\/wp-content\/uploads\/2008\/12\/Revolutia-romana-din-89-ONU.jpg","datePublished":"2020-02-14T11:30:27+00:00","dateModified":"2020-02-14T11:47:54+00:00","breadcrumb":{"@id":"https:\/\/www.lovendal.ro\/wp52\/in-revolutia-din-89-romania-ar-fi-trebuit-ocupata-de-trupele-onu\/#breadcrumb"},"inLanguage":"ro-RO","potentialAction":[{"@type":"ReadAction","target":["https:\/\/www.lovendal.ro\/wp52\/in-revolutia-din-89-romania-ar-fi-trebuit-ocupata-de-trupele-onu\/"]}]},{"@type":"ImageObject","inLanguage":"ro-RO","@id":"https:\/\/www.lovendal.ro\/wp52\/in-revolutia-din-89-romania-ar-fi-trebuit-ocupata-de-trupele-onu\/#primaryimage","url":"https:\/\/www.lovendal.ro\/wp52\/wp-content\/uploads\/2008\/12\/Revolutia-romana-din-89-ONU.jpg","contentUrl":"https:\/\/www.lovendal.ro\/wp52\/wp-content\/uploads\/2008\/12\/Revolutia-romana-din-89-ONU.jpg","width":350,"height":286,"caption":"Imagine: prelucrare proprie"},{"@type":"BreadcrumbList","@id":"https:\/\/www.lovendal.ro\/wp52\/in-revolutia-din-89-romania-ar-fi-trebuit-ocupata-de-trupele-onu\/#breadcrumb","itemListElement":[{"@type":"ListItem","position":1,"name":"Home","item":"https:\/\/www.lovendal.ro\/wp52\/"},{"@type":"ListItem","position":2,"name":"\u00cen Revolu\u0163ia din 89, Rom\u00e2nia trebuia s\u0103 fie ocupat\u0103 de trupele ONU?"}]},{"@type":"WebSite","@id":"https:\/\/www.lovendal.ro\/wp52\/#website","url":"https:\/\/www.lovendal.ro\/wp52\/","name":"Secretele lui Lovendal","description":"Site de secrete, stiinta si metafizica - din 2008 -","publisher":{"@id":"https:\/\/www.lovendal.ro\/wp52\/#organization"},"potentialAction":[{"@type":"SearchAction","target":{"@type":"EntryPoint","urlTemplate":"https:\/\/www.lovendal.ro\/wp52\/?s={search_term_string}"},"query-input":{"@type":"PropertyValueSpecification","valueRequired":true,"valueName":"search_term_string"}}],"inLanguage":"ro-RO"},{"@type":"Organization","@id":"https:\/\/www.lovendal.ro\/wp52\/#organization","name":"Secretele lui Lovendal","url":"https:\/\/www.lovendal.ro\/wp52\/","logo":{"@type":"ImageObject","inLanguage":"ro-RO","@id":"https:\/\/www.lovendal.ro\/wp52\/#\/schema\/logo\/image\/","url":"https:\/\/www.lovendal.ro\/wp52\/wp-content\/uploads\/2024\/06\/cropped-SLL-iun-2024-1.jpg","contentUrl":"https:\/\/www.lovendal.ro\/wp52\/wp-content\/uploads\/2024\/06\/cropped-SLL-iun-2024-1.jpg","width":771,"height":240,"caption":"Secretele lui Lovendal"},"image":{"@id":"https:\/\/www.lovendal.ro\/wp52\/#\/schema\/logo\/image\/"},"sameAs":["https:\/\/www.facebook.com\/secreteleluilovendal"]},{"@type":"Person","@id":"https:\/\/www.lovendal.ro\/wp52\/#\/schema\/person\/088691de5dfc346bb0c023e1e52ef5d9","name":"admin","image":{"@type":"ImageObject","inLanguage":"ro-RO","@id":"https:\/\/secure.gravatar.com\/avatar\/ecb9cd41f5f63c9c9b989999a59f6e2639a865ec361e9db054db0679a8f341c2?s=96&d=mm&r=g","url":"https:\/\/secure.gravatar.com\/avatar\/ecb9cd41f5f63c9c9b989999a59f6e2639a865ec361e9db054db0679a8f341c2?s=96&d=mm&r=g","contentUrl":"https:\/\/secure.gravatar.com\/avatar\/ecb9cd41f5f63c9c9b989999a59f6e2639a865ec361e9db054db0679a8f341c2?s=96&d=mm&r=g","caption":"admin"},"sameAs":["https:\/\/www.lovendal.ro\/wp52"]}]}},"_links":{"self":[{"href":"https:\/\/www.lovendal.ro\/wp52\/wp-json\/wp\/v2\/posts\/1802","targetHints":{"allow":["GET"]}}],"collection":[{"href":"https:\/\/www.lovendal.ro\/wp52\/wp-json\/wp\/v2\/posts"}],"about":[{"href":"https:\/\/www.lovendal.ro\/wp52\/wp-json\/wp\/v2\/types\/post"}],"author":[{"embeddable":true,"href":"https:\/\/www.lovendal.ro\/wp52\/wp-json\/wp\/v2\/users\/1"}],"replies":[{"embeddable":true,"href":"https:\/\/www.lovendal.ro\/wp52\/wp-json\/wp\/v2\/comments?post=1802"}],"version-history":[{"count":0,"href":"https:\/\/www.lovendal.ro\/wp52\/wp-json\/wp\/v2\/posts\/1802\/revisions"}],"wp:featuredmedia":[{"embeddable":true,"href":"https:\/\/www.lovendal.ro\/wp52\/wp-json\/wp\/v2\/media\/66738"}],"wp:attachment":[{"href":"https:\/\/www.lovendal.ro\/wp52\/wp-json\/wp\/v2\/media?parent=1802"}],"wp:term":[{"taxonomy":"category","embeddable":true,"href":"https:\/\/www.lovendal.ro\/wp52\/wp-json\/wp\/v2\/categories?post=1802"},{"taxonomy":"post_tag","embeddable":true,"href":"https:\/\/www.lovendal.ro\/wp52\/wp-json\/wp\/v2\/tags?post=1802"}],"curies":[{"name":"wp","href":"https:\/\/api.w.org\/{rel}","templated":true}]}}