{"id":17953,"date":"2011-04-18T07:42:22","date_gmt":"2011-04-18T04:42:22","guid":{"rendered":"http:\/\/www.lovendal.net\/wp52\/?p=17953"},"modified":"2011-04-18T07:43:51","modified_gmt":"2011-04-18T04:43:51","slug":"oamenii-din-vechime-au-desenat-extraterestri-fara-gura-cu-ochi-de-insecte-si-capete-ce-emana-scantei","status":"publish","type":"post","link":"https:\/\/www.lovendal.ro\/wp52\/oamenii-din-vechime-au-desenat-extraterestri-fara-gura-cu-ochi-de-insecte-si-capete-ce-emana-scantei\/","title":{"rendered":"Oamenii din vechime au desenat extratere\u015ftri f\u0103r\u0103 gur\u0103, cu ochi de insecte \u015fi capete ce eman\u0103 sc\u00e2ntei"},"content":{"rendered":"<p><a href=\"https:\/\/www.lovendal.ro\/wp52\/wp-content\/uploads\/2011\/04\/extraterestri-fara-gura.jpg\"><img loading=\"lazy\" decoding=\"async\" class=\"alignleft size-full wp-image-17958\" title=\"extraterestri fara gura\" src=\"https:\/\/www.lovendal.ro\/wp52\/wp-content\/uploads\/2011\/04\/extraterestri-fara-gura.jpg\" alt=\"\" width=\"282\" height=\"275\" \/><\/a>Ast\u0103zi, \u00eentrebarea nr.1 a omenirii este: suntem singuri \u00een Univers sau mai exist\u0103 \u015fi alte forme de inteligen\u0163\u0103 superioar\u0103? Mai exist\u0103 via\u0163\u0103 \u00een alt\u0103 parte, \u015fi nu doar pe P\u0103m\u00e2nt? Mai exist\u0103 alte specii \u00een Cosmosul acesta care-\u015fi pun aceea\u015fi \u00eentrebare ca \u015fi noi?<\/p>\n<p>\u00cen lume, s-au g\u0103sit de-a lungul timpului o serie de reprezent\u0103ri grafice pe pere\u0163ii pe\u015fterilor, a canioanelor sau a altor forme de relief (petroglife), vechi de mii de ani, care par s\u0103 descrie diver\u015fi extratere\u015ftri. Din acest punct de vedere, exist\u0103 o dezbatere \u00eendelungat\u0103 \u00eentre ufologi\u015fti \u015fi arheologi. Dac\u0103 arheologii cred c\u0103 aceste vechi desene reprezint\u0103 de fapt zeit\u0103\u0163i mitologice, ufologii cred c\u0103 ele arat\u0103 vizitele f\u0103cute de extratere\u015ftri \u00een istoria omenirii.<\/p>\n<p>S\u0103 urm\u0103rim \u00eempreun\u0103 o parte din aceste desene:<\/p>\n<p><strong><a href=\"https:\/\/www.lovendal.ro\/wp52\/wp-content\/uploads\/2011\/04\/canionul-Horseshoe.jpg\"><img loading=\"lazy\" decoding=\"async\" class=\"alignleft size-full wp-image-17954\" title=\"canionul Horseshoe\" src=\"https:\/\/www.lovendal.ro\/wp52\/wp-content\/uploads\/2011\/04\/canionul-Horseshoe.jpg\" alt=\"\" width=\"291\" height=\"220\" \/><\/a>1) Extratere\u015ftrii cu ochi de insecte din Canionul Horseshoe<\/strong>.<\/p>\n<p>Imaginea din st\u00e2nga provine din Canionul Horseshoe din Utah (SUA). A fost pictat\u0103 cu circa 3.000 de ani \u00een urm\u0103 de un grup nomad de v\u00e2n\u0103tori din aceste regiuni. Desenul are o \u00een\u0103l\u0163ime de doi metri \u015fi iese \u00een eviden\u0163\u0103 prin dimensiunea sa \u015fi prin forma extratere\u015ftrilor. Pe \u00eentreg panoul sunt reprezenta\u0163i circa 20 de forme umane ciudate, mai \u00eenalte sau mai mici, toate av\u00e2nd chipuri ciudate de mumii. La unele forme, le lipsesc picioarele \u015fi m\u00e2inile \u015fi adesea au ochii mari asemenea insectelor.<\/p>\n<p><strong><a href=\"https:\/\/www.lovendal.ro\/wp52\/wp-content\/uploads\/2011\/04\/Samanii.jpg\"><img loading=\"lazy\" decoding=\"async\" class=\"alignleft size-full wp-image-17955\" title=\"Samanii\" src=\"https:\/\/www.lovendal.ro\/wp52\/wp-content\/uploads\/2011\/04\/Samanii.jpg\" alt=\"\" width=\"267\" height=\"204\" \/><\/a>2) \u015eamanii din canionul Sego.<\/strong><\/p>\n<p>Urm\u0103toarea imagine se intituleaz\u0103 &#8222;\u015eamanii&#8221; \u015fi provine din canionul Sego din acela\u015fi stat Utah (SUA). Aceste picturi pe piatr\u0103 au c\u00e2teva mii de ani vechime. Pentru c\u0103 creatorii lor n-au l\u0103sat niciun mesaj scris, \u00een\u0163elesul lor \u015fi a altor petroglife este l\u0103sat la imagina\u0163ia noastr\u0103. \u00centr-adev\u0103r se v\u0103d ni\u015fte antene, ni\u015fte ochi foarte mari&#8230;<\/p>\n<p>O fi din nou extratere\u015ftri?<\/p>\n<p><strong><a href=\"https:\/\/www.lovendal.ro\/wp52\/wp-content\/uploads\/2011\/04\/wandjina.jpg\"><img loading=\"lazy\" decoding=\"async\" class=\"alignleft size-full wp-image-17956\" title=\"wandjina\" src=\"https:\/\/www.lovendal.ro\/wp52\/wp-content\/uploads\/2011\/04\/wandjina.jpg\" alt=\"\" width=\"197\" height=\"279\" \/><\/a>3) Zeit\u0103\u0163ile Wandjina din Australia.<\/strong><\/p>\n<div>Imaginea aceasta provine din Kimberley (Australia), este datat\u0103 cu 5.000 de ani \u00een urm\u0103 \u015fi mai este numit\u0103 \u015fi Wandjina. Aceast\u0103 petroglif\u0103 arat\u0103 zeit\u0103\u0163i v\u0103zute drept str\u0103mo\u015fii direc\u0163i ai popoarelor de ast\u0103zi; de aceea, aceste zeit\u0103\u0163i mai sunt numite \u015fi &#8222;figuri str\u0103vechi&#8221;, &#8222;fiin\u0163e str\u0103vechi&#8221; sau &#8222;eroi str\u0103vechi&#8221;.<\/div>\n<p>&#8222;Fiin\u0163ele str\u0103vechi&#8221; se pare c\u0103 i-au \u00eenv\u0103\u0163at pe primii oameni cum s\u0103 construiasc\u0103 diverse instrumente \u015fi arme, cum s\u0103 v\u00e2neze animale, cum s\u0103 str\u00e2ng\u0103 m\u00e2ncarea \u015fi cum s\u0103 guverneze societatea cu ajutorul legilor. \u00cen mitologia aborigen\u0103, Wandjina sunt spirite ale norilor \u015fi ale ploilor, ce au influen\u0163at p\u0103m\u00e2ntul \u015fi locuitorii ei.<\/p>\n<p>E foarte interesant c\u0103 chipurile reprezentate au capetele mari, doi ochi, un nas, dar nu au deloc gur\u0103. \u00cen jurul capetelor se afl\u0103 reprezent\u0103ri ale fulgerelor, norilor sau ale ploilor.<\/p>\n<p><a href=\"https:\/\/www.lovendal.ro\/wp52\/wp-content\/uploads\/2011\/04\/val-camonica.jpg\"><img loading=\"lazy\" decoding=\"async\" class=\"alignleft size-full wp-image-17957\" title=\"val camonica\" src=\"https:\/\/www.lovendal.ro\/wp52\/wp-content\/uploads\/2011\/04\/val-camonica.jpg\" alt=\"\" width=\"200\" height=\"144\" \/><\/a><strong>4) Extratere\u015ftrii din Valcamonica.<\/strong><\/p>\n<p>Valcamonica este o vale \u00eengust\u0103 din Alpii Lombarzi ai Italiei unde se g\u0103se\u015fte o colec\u0163ie impresionant\u0103 de petroglife istorice. \u00cen aceast\u0103 vale se g\u0103sesc numai pu\u0163in de 140.000 de simboluri \u015fi figuri ce au fost desenate timp de peste 8.000 de ani \u015fi prezint\u0103 teme ce au leg\u0103tur\u0103 cu agricultura, naviga\u0163ia, r\u0103zboiul sau magia.<\/p>\n<p>Imaginea din st\u00e2nga provine din Epoca Bronzului \u015fi \u00eenf\u0103\u0163i\u015feaz\u0103 o zeitate solar\u0103. Observa\u0163i capetele \u00eenconjurate cu un efect de halou. De asemenea, sc\u00e2ntei \u015fi raze de lumin\u0103 sau energie par s\u0103 emit\u0103 din capetele acestor figuri. Ce-ar putea fi?<\/p>\n","protected":false},"excerpt":{"rendered":"<p>Ast\u0103zi, \u00eentrebarea nr.1 a omenirii este: suntem singuri \u00een Univers sau mai exist\u0103 \u015fi alte forme de inteligen\u0163\u0103 superioar\u0103? Mai exist\u0103 via\u0163\u0103 \u00een alt\u0103 parte, \u015fi nu doar pe P\u0103m\u00e2nt? Mai exist\u0103 alte specii \u00een Cosmosul acesta care-\u015fi pun aceea\u015fi &#8230; <\/p>\n<p class=\"read-more-container\"><a title=\"Oamenii din vechime au desenat extratere\u015ftri f\u0103r\u0103 gur\u0103, cu ochi de insecte \u015fi capete ce eman\u0103 sc\u00e2ntei\" class=\"read-more button\" href=\"https:\/\/www.lovendal.ro\/wp52\/oamenii-din-vechime-au-desenat-extraterestri-fara-gura-cu-ochi-de-insecte-si-capete-ce-emana-scantei\/#more-17953\" aria-label=\"Cite\u0219te mai multe despre Oamenii din vechime au desenat extratere\u015ftri f\u0103r\u0103 gur\u0103, cu ochi de insecte \u015fi capete ce eman\u0103 sc\u00e2ntei\">Cititi mai multe<\/a><\/p>\n","protected":false},"author":1,"featured_media":17954,"comment_status":"open","ping_status":"closed","sticky":false,"template":"","format":"standard","meta":{"footnotes":""},"categories":[14],"tags":[4154,139,4153,51,4001,649,86,1045,166,1830,9796,2546,23,1971],"class_list":["post-17953","post","type-post","status-publish","format-standard","has-post-thumbnail","hentry","category-paranormal-spiritualitate","tag-alpi","tag-australia","tag-canion","tag-extraterestri","tag-gura","tag-insecte","tag-italia","tag-nas","tag-ochi","tag-om","tag-paranormal-spiritualitate","tag-petroglifa","tag-sua","tag-utah","resize-featured-image"],"yoast_head":"<!-- This site is optimized with the Yoast SEO Premium plugin v23.3 (Yoast SEO v27.4) - https:\/\/yoast.com\/product\/yoast-seo-premium-wordpress\/ -->\n<title>Oamenii din vechime au desenat extratere\u015ftri f\u0103r\u0103 gur\u0103, cu ochi de insecte \u015fi capete ce eman\u0103 sc\u00e2ntei - Secretele lui Lovendal<\/title>\n<meta name=\"robots\" content=\"index, follow, max-snippet:-1, max-image-preview:large, max-video-preview:-1\" \/>\n<link rel=\"canonical\" href=\"https:\/\/www.lovendal.ro\/wp52\/oamenii-din-vechime-au-desenat-extraterestri-fara-gura-cu-ochi-de-insecte-si-capete-ce-emana-scantei\/\" \/>\n<meta property=\"og:locale\" content=\"ro_RO\" \/>\n<meta property=\"og:type\" content=\"article\" \/>\n<meta property=\"og:title\" content=\"Oamenii din vechime au desenat extratere\u015ftri f\u0103r\u0103 gur\u0103, cu ochi de insecte \u015fi capete ce eman\u0103 sc\u00e2ntei\" \/>\n<meta property=\"og:description\" content=\"Ast\u0103zi, \u00eentrebarea nr.1 a omenirii este: suntem singuri \u00een Univers sau mai exist\u0103 \u015fi alte forme de inteligen\u0163\u0103 superioar\u0103? Mai exist\u0103 via\u0163\u0103 \u00een alt\u0103 parte, \u015fi nu doar pe P\u0103m\u00e2nt? Mai exist\u0103 alte specii \u00een Cosmosul acesta care-\u015fi pun aceea\u015fi ... Cititi mai multe\" \/>\n<meta property=\"og:url\" content=\"https:\/\/www.lovendal.ro\/wp52\/oamenii-din-vechime-au-desenat-extraterestri-fara-gura-cu-ochi-de-insecte-si-capete-ce-emana-scantei\/\" \/>\n<meta property=\"og:site_name\" content=\"Secretele lui Lovendal\" \/>\n<meta property=\"article:publisher\" content=\"https:\/\/www.facebook.com\/secreteleluilovendal\" \/>\n<meta property=\"article:published_time\" content=\"2011-04-18T04:42:22+00:00\" \/>\n<meta property=\"article:modified_time\" content=\"2011-04-18T04:43:51+00:00\" \/>\n<meta property=\"og:image\" content=\"https:\/\/www.lovendal.ro\/wp52\/wp-content\/uploads\/2011\/04\/canionul-Horseshoe.jpg\" \/>\n\t<meta property=\"og:image:width\" content=\"291\" \/>\n\t<meta property=\"og:image:height\" content=\"220\" \/>\n\t<meta property=\"og:image:type\" content=\"image\/jpeg\" \/>\n<meta name=\"author\" content=\"admin\" \/>\n<meta name=\"twitter:card\" content=\"summary_large_image\" \/>\n<meta name=\"twitter:label1\" content=\"Scris de\" \/>\n\t<meta name=\"twitter:data1\" content=\"admin\" \/>\n\t<meta name=\"twitter:label2\" content=\"Timp estimat pentru citire\" \/>\n\t<meta name=\"twitter:data2\" content=\"3 minute\" \/>\n<script type=\"application\/ld+json\" class=\"yoast-schema-graph\">{\"@context\":\"https:\\\/\\\/schema.org\",\"@graph\":[{\"@type\":\"Article\",\"@id\":\"https:\\\/\\\/www.lovendal.ro\\\/wp52\\\/oamenii-din-vechime-au-desenat-extraterestri-fara-gura-cu-ochi-de-insecte-si-capete-ce-emana-scantei\\\/#article\",\"isPartOf\":{\"@id\":\"https:\\\/\\\/www.lovendal.ro\\\/wp52\\\/oamenii-din-vechime-au-desenat-extraterestri-fara-gura-cu-ochi-de-insecte-si-capete-ce-emana-scantei\\\/\"},\"author\":{\"name\":\"admin\",\"@id\":\"https:\\\/\\\/www.lovendal.ro\\\/wp52\\\/#\\\/schema\\\/person\\\/088691de5dfc346bb0c023e1e52ef5d9\"},\"headline\":\"Oamenii din vechime au desenat extratere\u015ftri f\u0103r\u0103 gur\u0103, cu ochi de insecte \u015fi capete ce eman\u0103 sc\u00e2ntei\",\"datePublished\":\"2011-04-18T04:42:22+00:00\",\"dateModified\":\"2011-04-18T04:43:51+00:00\",\"mainEntityOfPage\":{\"@id\":\"https:\\\/\\\/www.lovendal.ro\\\/wp52\\\/oamenii-din-vechime-au-desenat-extraterestri-fara-gura-cu-ochi-de-insecte-si-capete-ce-emana-scantei\\\/\"},\"wordCount\":596,\"commentCount\":62,\"publisher\":{\"@id\":\"https:\\\/\\\/www.lovendal.ro\\\/wp52\\\/#organization\"},\"image\":{\"@id\":\"https:\\\/\\\/www.lovendal.ro\\\/wp52\\\/oamenii-din-vechime-au-desenat-extraterestri-fara-gura-cu-ochi-de-insecte-si-capete-ce-emana-scantei\\\/#primaryimage\"},\"thumbnailUrl\":\"https:\\\/\\\/www.lovendal.ro\\\/wp52\\\/wp-content\\\/uploads\\\/2011\\\/04\\\/canionul-Horseshoe.jpg\",\"keywords\":[\"Alpi\",\"Australia\",\"canion\",\"extratere\u015ftri\",\"gur\u0103\",\"insecte\",\"Italia\",\"nas\",\"ochi\",\"om\",\"Paranormal-Spiritualitate\",\"petroglif\u0103\",\"SUA\",\"Utah\"],\"articleSection\":[\"Paranormal-Spiritualitate\"],\"inLanguage\":\"ro-RO\",\"potentialAction\":[{\"@type\":\"CommentAction\",\"name\":\"Comment\",\"target\":[\"https:\\\/\\\/www.lovendal.ro\\\/wp52\\\/oamenii-din-vechime-au-desenat-extraterestri-fara-gura-cu-ochi-de-insecte-si-capete-ce-emana-scantei\\\/#respond\"]}]},{\"@type\":\"WebPage\",\"@id\":\"https:\\\/\\\/www.lovendal.ro\\\/wp52\\\/oamenii-din-vechime-au-desenat-extraterestri-fara-gura-cu-ochi-de-insecte-si-capete-ce-emana-scantei\\\/\",\"url\":\"https:\\\/\\\/www.lovendal.ro\\\/wp52\\\/oamenii-din-vechime-au-desenat-extraterestri-fara-gura-cu-ochi-de-insecte-si-capete-ce-emana-scantei\\\/\",\"name\":\"Oamenii din vechime au desenat extratere\u015ftri f\u0103r\u0103 gur\u0103, cu ochi de insecte \u015fi capete ce eman\u0103 sc\u00e2ntei - Secretele lui Lovendal\",\"isPartOf\":{\"@id\":\"https:\\\/\\\/www.lovendal.ro\\\/wp52\\\/#website\"},\"primaryImageOfPage\":{\"@id\":\"https:\\\/\\\/www.lovendal.ro\\\/wp52\\\/oamenii-din-vechime-au-desenat-extraterestri-fara-gura-cu-ochi-de-insecte-si-capete-ce-emana-scantei\\\/#primaryimage\"},\"image\":{\"@id\":\"https:\\\/\\\/www.lovendal.ro\\\/wp52\\\/oamenii-din-vechime-au-desenat-extraterestri-fara-gura-cu-ochi-de-insecte-si-capete-ce-emana-scantei\\\/#primaryimage\"},\"thumbnailUrl\":\"https:\\\/\\\/www.lovendal.ro\\\/wp52\\\/wp-content\\\/uploads\\\/2011\\\/04\\\/canionul-Horseshoe.jpg\",\"datePublished\":\"2011-04-18T04:42:22+00:00\",\"dateModified\":\"2011-04-18T04:43:51+00:00\",\"breadcrumb\":{\"@id\":\"https:\\\/\\\/www.lovendal.ro\\\/wp52\\\/oamenii-din-vechime-au-desenat-extraterestri-fara-gura-cu-ochi-de-insecte-si-capete-ce-emana-scantei\\\/#breadcrumb\"},\"inLanguage\":\"ro-RO\",\"potentialAction\":[{\"@type\":\"ReadAction\",\"target\":[\"https:\\\/\\\/www.lovendal.ro\\\/wp52\\\/oamenii-din-vechime-au-desenat-extraterestri-fara-gura-cu-ochi-de-insecte-si-capete-ce-emana-scantei\\\/\"]}]},{\"@type\":\"ImageObject\",\"inLanguage\":\"ro-RO\",\"@id\":\"https:\\\/\\\/www.lovendal.ro\\\/wp52\\\/oamenii-din-vechime-au-desenat-extraterestri-fara-gura-cu-ochi-de-insecte-si-capete-ce-emana-scantei\\\/#primaryimage\",\"url\":\"https:\\\/\\\/www.lovendal.ro\\\/wp52\\\/wp-content\\\/uploads\\\/2011\\\/04\\\/canionul-Horseshoe.jpg\",\"contentUrl\":\"https:\\\/\\\/www.lovendal.ro\\\/wp52\\\/wp-content\\\/uploads\\\/2011\\\/04\\\/canionul-Horseshoe.jpg\",\"width\":\"291\",\"height\":\"220\"},{\"@type\":\"BreadcrumbList\",\"@id\":\"https:\\\/\\\/www.lovendal.ro\\\/wp52\\\/oamenii-din-vechime-au-desenat-extraterestri-fara-gura-cu-ochi-de-insecte-si-capete-ce-emana-scantei\\\/#breadcrumb\",\"itemListElement\":[{\"@type\":\"ListItem\",\"position\":1,\"name\":\"Home\",\"item\":\"https:\\\/\\\/www.lovendal.ro\\\/wp52\\\/\"},{\"@type\":\"ListItem\",\"position\":2,\"name\":\"Oamenii din vechime au desenat extratere\u015ftri f\u0103r\u0103 gur\u0103, cu ochi de insecte \u015fi capete ce eman\u0103 sc\u00e2ntei\"}]},{\"@type\":\"WebSite\",\"@id\":\"https:\\\/\\\/www.lovendal.ro\\\/wp52\\\/#website\",\"url\":\"https:\\\/\\\/www.lovendal.ro\\\/wp52\\\/\",\"name\":\"Secretele lui Lovendal\",\"description\":\"Site de secrete, stiinta si metafizica - din 2008 -\",\"publisher\":{\"@id\":\"https:\\\/\\\/www.lovendal.ro\\\/wp52\\\/#organization\"},\"potentialAction\":[{\"@type\":\"SearchAction\",\"target\":{\"@type\":\"EntryPoint\",\"urlTemplate\":\"https:\\\/\\\/www.lovendal.ro\\\/wp52\\\/?s={search_term_string}\"},\"query-input\":{\"@type\":\"PropertyValueSpecification\",\"valueRequired\":true,\"valueName\":\"search_term_string\"}}],\"inLanguage\":\"ro-RO\"},{\"@type\":\"Organization\",\"@id\":\"https:\\\/\\\/www.lovendal.ro\\\/wp52\\\/#organization\",\"name\":\"Secretele lui Lovendal\",\"url\":\"https:\\\/\\\/www.lovendal.ro\\\/wp52\\\/\",\"logo\":{\"@type\":\"ImageObject\",\"inLanguage\":\"ro-RO\",\"@id\":\"https:\\\/\\\/www.lovendal.ro\\\/wp52\\\/#\\\/schema\\\/logo\\\/image\\\/\",\"url\":\"https:\\\/\\\/www.lovendal.ro\\\/wp52\\\/wp-content\\\/uploads\\\/2024\\\/06\\\/cropped-SLL-iun-2024-1.jpg\",\"contentUrl\":\"https:\\\/\\\/www.lovendal.ro\\\/wp52\\\/wp-content\\\/uploads\\\/2024\\\/06\\\/cropped-SLL-iun-2024-1.jpg\",\"width\":771,\"height\":240,\"caption\":\"Secretele lui Lovendal\"},\"image\":{\"@id\":\"https:\\\/\\\/www.lovendal.ro\\\/wp52\\\/#\\\/schema\\\/logo\\\/image\\\/\"},\"sameAs\":[\"https:\\\/\\\/www.facebook.com\\\/secreteleluilovendal\"]},{\"@type\":\"Person\",\"@id\":\"https:\\\/\\\/www.lovendal.ro\\\/wp52\\\/#\\\/schema\\\/person\\\/088691de5dfc346bb0c023e1e52ef5d9\",\"name\":\"admin\",\"image\":{\"@type\":\"ImageObject\",\"inLanguage\":\"ro-RO\",\"@id\":\"https:\\\/\\\/secure.gravatar.com\\\/avatar\\\/ecb9cd41f5f63c9c9b989999a59f6e2639a865ec361e9db054db0679a8f341c2?s=96&d=mm&r=g\",\"url\":\"https:\\\/\\\/secure.gravatar.com\\\/avatar\\\/ecb9cd41f5f63c9c9b989999a59f6e2639a865ec361e9db054db0679a8f341c2?s=96&d=mm&r=g\",\"contentUrl\":\"https:\\\/\\\/secure.gravatar.com\\\/avatar\\\/ecb9cd41f5f63c9c9b989999a59f6e2639a865ec361e9db054db0679a8f341c2?s=96&d=mm&r=g\",\"caption\":\"admin\"},\"sameAs\":[\"https:\\\/\\\/www.lovendal.ro\\\/wp52\"]}]}<\/script>\n<!-- \/ Yoast SEO Premium plugin. -->","yoast_head_json":{"title":"Oamenii din vechime au desenat extratere\u015ftri f\u0103r\u0103 gur\u0103, cu ochi de insecte \u015fi capete ce eman\u0103 sc\u00e2ntei - Secretele lui Lovendal","robots":{"index":"index","follow":"follow","max-snippet":"max-snippet:-1","max-image-preview":"max-image-preview:large","max-video-preview":"max-video-preview:-1"},"canonical":"https:\/\/www.lovendal.ro\/wp52\/oamenii-din-vechime-au-desenat-extraterestri-fara-gura-cu-ochi-de-insecte-si-capete-ce-emana-scantei\/","og_locale":"ro_RO","og_type":"article","og_title":"Oamenii din vechime au desenat extratere\u015ftri f\u0103r\u0103 gur\u0103, cu ochi de insecte \u015fi capete ce eman\u0103 sc\u00e2ntei","og_description":"Ast\u0103zi, \u00eentrebarea nr.1 a omenirii este: suntem singuri \u00een Univers sau mai exist\u0103 \u015fi alte forme de inteligen\u0163\u0103 superioar\u0103? Mai exist\u0103 via\u0163\u0103 \u00een alt\u0103 parte, \u015fi nu doar pe P\u0103m\u00e2nt? Mai exist\u0103 alte specii \u00een Cosmosul acesta care-\u015fi pun aceea\u015fi ... Cititi mai multe","og_url":"https:\/\/www.lovendal.ro\/wp52\/oamenii-din-vechime-au-desenat-extraterestri-fara-gura-cu-ochi-de-insecte-si-capete-ce-emana-scantei\/","og_site_name":"Secretele lui Lovendal","article_publisher":"https:\/\/www.facebook.com\/secreteleluilovendal","article_published_time":"2011-04-18T04:42:22+00:00","article_modified_time":"2011-04-18T04:43:51+00:00","og_image":[{"width":291,"height":220,"url":"https:\/\/www.lovendal.ro\/wp52\/wp-content\/uploads\/2011\/04\/canionul-Horseshoe.jpg","type":"image\/jpeg"}],"author":"admin","twitter_card":"summary_large_image","twitter_misc":{"Scris de":"admin","Timp estimat pentru citire":"3 minute"},"schema":{"@context":"https:\/\/schema.org","@graph":[{"@type":"Article","@id":"https:\/\/www.lovendal.ro\/wp52\/oamenii-din-vechime-au-desenat-extraterestri-fara-gura-cu-ochi-de-insecte-si-capete-ce-emana-scantei\/#article","isPartOf":{"@id":"https:\/\/www.lovendal.ro\/wp52\/oamenii-din-vechime-au-desenat-extraterestri-fara-gura-cu-ochi-de-insecte-si-capete-ce-emana-scantei\/"},"author":{"name":"admin","@id":"https:\/\/www.lovendal.ro\/wp52\/#\/schema\/person\/088691de5dfc346bb0c023e1e52ef5d9"},"headline":"Oamenii din vechime au desenat extratere\u015ftri f\u0103r\u0103 gur\u0103, cu ochi de insecte \u015fi capete ce eman\u0103 sc\u00e2ntei","datePublished":"2011-04-18T04:42:22+00:00","dateModified":"2011-04-18T04:43:51+00:00","mainEntityOfPage":{"@id":"https:\/\/www.lovendal.ro\/wp52\/oamenii-din-vechime-au-desenat-extraterestri-fara-gura-cu-ochi-de-insecte-si-capete-ce-emana-scantei\/"},"wordCount":596,"commentCount":62,"publisher":{"@id":"https:\/\/www.lovendal.ro\/wp52\/#organization"},"image":{"@id":"https:\/\/www.lovendal.ro\/wp52\/oamenii-din-vechime-au-desenat-extraterestri-fara-gura-cu-ochi-de-insecte-si-capete-ce-emana-scantei\/#primaryimage"},"thumbnailUrl":"https:\/\/www.lovendal.ro\/wp52\/wp-content\/uploads\/2011\/04\/canionul-Horseshoe.jpg","keywords":["Alpi","Australia","canion","extratere\u015ftri","gur\u0103","insecte","Italia","nas","ochi","om","Paranormal-Spiritualitate","petroglif\u0103","SUA","Utah"],"articleSection":["Paranormal-Spiritualitate"],"inLanguage":"ro-RO","potentialAction":[{"@type":"CommentAction","name":"Comment","target":["https:\/\/www.lovendal.ro\/wp52\/oamenii-din-vechime-au-desenat-extraterestri-fara-gura-cu-ochi-de-insecte-si-capete-ce-emana-scantei\/#respond"]}]},{"@type":"WebPage","@id":"https:\/\/www.lovendal.ro\/wp52\/oamenii-din-vechime-au-desenat-extraterestri-fara-gura-cu-ochi-de-insecte-si-capete-ce-emana-scantei\/","url":"https:\/\/www.lovendal.ro\/wp52\/oamenii-din-vechime-au-desenat-extraterestri-fara-gura-cu-ochi-de-insecte-si-capete-ce-emana-scantei\/","name":"Oamenii din vechime au desenat extratere\u015ftri f\u0103r\u0103 gur\u0103, cu ochi de insecte \u015fi capete ce eman\u0103 sc\u00e2ntei - Secretele lui Lovendal","isPartOf":{"@id":"https:\/\/www.lovendal.ro\/wp52\/#website"},"primaryImageOfPage":{"@id":"https:\/\/www.lovendal.ro\/wp52\/oamenii-din-vechime-au-desenat-extraterestri-fara-gura-cu-ochi-de-insecte-si-capete-ce-emana-scantei\/#primaryimage"},"image":{"@id":"https:\/\/www.lovendal.ro\/wp52\/oamenii-din-vechime-au-desenat-extraterestri-fara-gura-cu-ochi-de-insecte-si-capete-ce-emana-scantei\/#primaryimage"},"thumbnailUrl":"https:\/\/www.lovendal.ro\/wp52\/wp-content\/uploads\/2011\/04\/canionul-Horseshoe.jpg","datePublished":"2011-04-18T04:42:22+00:00","dateModified":"2011-04-18T04:43:51+00:00","breadcrumb":{"@id":"https:\/\/www.lovendal.ro\/wp52\/oamenii-din-vechime-au-desenat-extraterestri-fara-gura-cu-ochi-de-insecte-si-capete-ce-emana-scantei\/#breadcrumb"},"inLanguage":"ro-RO","potentialAction":[{"@type":"ReadAction","target":["https:\/\/www.lovendal.ro\/wp52\/oamenii-din-vechime-au-desenat-extraterestri-fara-gura-cu-ochi-de-insecte-si-capete-ce-emana-scantei\/"]}]},{"@type":"ImageObject","inLanguage":"ro-RO","@id":"https:\/\/www.lovendal.ro\/wp52\/oamenii-din-vechime-au-desenat-extraterestri-fara-gura-cu-ochi-de-insecte-si-capete-ce-emana-scantei\/#primaryimage","url":"https:\/\/www.lovendal.ro\/wp52\/wp-content\/uploads\/2011\/04\/canionul-Horseshoe.jpg","contentUrl":"https:\/\/www.lovendal.ro\/wp52\/wp-content\/uploads\/2011\/04\/canionul-Horseshoe.jpg","width":"291","height":"220"},{"@type":"BreadcrumbList","@id":"https:\/\/www.lovendal.ro\/wp52\/oamenii-din-vechime-au-desenat-extraterestri-fara-gura-cu-ochi-de-insecte-si-capete-ce-emana-scantei\/#breadcrumb","itemListElement":[{"@type":"ListItem","position":1,"name":"Home","item":"https:\/\/www.lovendal.ro\/wp52\/"},{"@type":"ListItem","position":2,"name":"Oamenii din vechime au desenat extratere\u015ftri f\u0103r\u0103 gur\u0103, cu ochi de insecte \u015fi capete ce eman\u0103 sc\u00e2ntei"}]},{"@type":"WebSite","@id":"https:\/\/www.lovendal.ro\/wp52\/#website","url":"https:\/\/www.lovendal.ro\/wp52\/","name":"Secretele lui Lovendal","description":"Site de secrete, stiinta si metafizica - din 2008 -","publisher":{"@id":"https:\/\/www.lovendal.ro\/wp52\/#organization"},"potentialAction":[{"@type":"SearchAction","target":{"@type":"EntryPoint","urlTemplate":"https:\/\/www.lovendal.ro\/wp52\/?s={search_term_string}"},"query-input":{"@type":"PropertyValueSpecification","valueRequired":true,"valueName":"search_term_string"}}],"inLanguage":"ro-RO"},{"@type":"Organization","@id":"https:\/\/www.lovendal.ro\/wp52\/#organization","name":"Secretele lui Lovendal","url":"https:\/\/www.lovendal.ro\/wp52\/","logo":{"@type":"ImageObject","inLanguage":"ro-RO","@id":"https:\/\/www.lovendal.ro\/wp52\/#\/schema\/logo\/image\/","url":"https:\/\/www.lovendal.ro\/wp52\/wp-content\/uploads\/2024\/06\/cropped-SLL-iun-2024-1.jpg","contentUrl":"https:\/\/www.lovendal.ro\/wp52\/wp-content\/uploads\/2024\/06\/cropped-SLL-iun-2024-1.jpg","width":771,"height":240,"caption":"Secretele lui Lovendal"},"image":{"@id":"https:\/\/www.lovendal.ro\/wp52\/#\/schema\/logo\/image\/"},"sameAs":["https:\/\/www.facebook.com\/secreteleluilovendal"]},{"@type":"Person","@id":"https:\/\/www.lovendal.ro\/wp52\/#\/schema\/person\/088691de5dfc346bb0c023e1e52ef5d9","name":"admin","image":{"@type":"ImageObject","inLanguage":"ro-RO","@id":"https:\/\/secure.gravatar.com\/avatar\/ecb9cd41f5f63c9c9b989999a59f6e2639a865ec361e9db054db0679a8f341c2?s=96&d=mm&r=g","url":"https:\/\/secure.gravatar.com\/avatar\/ecb9cd41f5f63c9c9b989999a59f6e2639a865ec361e9db054db0679a8f341c2?s=96&d=mm&r=g","contentUrl":"https:\/\/secure.gravatar.com\/avatar\/ecb9cd41f5f63c9c9b989999a59f6e2639a865ec361e9db054db0679a8f341c2?s=96&d=mm&r=g","caption":"admin"},"sameAs":["https:\/\/www.lovendal.ro\/wp52"]}]}},"_links":{"self":[{"href":"https:\/\/www.lovendal.ro\/wp52\/wp-json\/wp\/v2\/posts\/17953","targetHints":{"allow":["GET"]}}],"collection":[{"href":"https:\/\/www.lovendal.ro\/wp52\/wp-json\/wp\/v2\/posts"}],"about":[{"href":"https:\/\/www.lovendal.ro\/wp52\/wp-json\/wp\/v2\/types\/post"}],"author":[{"embeddable":true,"href":"https:\/\/www.lovendal.ro\/wp52\/wp-json\/wp\/v2\/users\/1"}],"replies":[{"embeddable":true,"href":"https:\/\/www.lovendal.ro\/wp52\/wp-json\/wp\/v2\/comments?post=17953"}],"version-history":[{"count":0,"href":"https:\/\/www.lovendal.ro\/wp52\/wp-json\/wp\/v2\/posts\/17953\/revisions"}],"wp:featuredmedia":[{"embeddable":true,"href":"https:\/\/www.lovendal.ro\/wp52\/wp-json\/wp\/v2\/media\/17954"}],"wp:attachment":[{"href":"https:\/\/www.lovendal.ro\/wp52\/wp-json\/wp\/v2\/media?parent=17953"}],"wp:term":[{"taxonomy":"category","embeddable":true,"href":"https:\/\/www.lovendal.ro\/wp52\/wp-json\/wp\/v2\/categories?post=17953"},{"taxonomy":"post_tag","embeddable":true,"href":"https:\/\/www.lovendal.ro\/wp52\/wp-json\/wp\/v2\/tags?post=17953"}],"curies":[{"name":"wp","href":"https:\/\/api.w.org\/{rel}","templated":true}]}}