{"id":17949,"date":"2011-04-17T19:16:59","date_gmt":"2011-04-17T16:16:59","guid":{"rendered":"http:\/\/www.lovendal.net\/wp52\/?p=17949"},"modified":"2019-10-15T10:06:54","modified_gmt":"2019-10-15T07:06:54","slug":"un-satelit-coreean-a-fotografiat-gaura-neagra-de-pe-pamant","status":"publish","type":"post","link":"https:\/\/www.lovendal.ro\/wp52\/un-satelit-coreean-a-fotografiat-gaura-neagra-de-pe-pamant\/","title":{"rendered":"Un satelit coreean a fotografiat &#8222;Gaura neagr\u0103&#8221; de pe P\u0103m\u00e2nt"},"content":{"rendered":"<figure id=\"attachment_17950\" aria-describedby=\"caption-attachment-17950\" style=\"width: 295px\" class=\"wp-caption alignleft\"><a href=\"https:\/\/www.lovendal.ro\/wp52\/wp-content\/uploads\/2011\/04\/gaura-neagra-Mexic.jpg\"><img loading=\"lazy\" decoding=\"async\" class=\"wp-image-17950 size-full\" title=\"gaura neagra Mexic\" src=\"https:\/\/www.lovendal.ro\/wp52\/wp-content\/uploads\/2011\/04\/gaura-neagra-Mexic.jpg\" alt=\"\" width=\"305\" height=\"266\" srcset=\"https:\/\/www.lovendal.ro\/wp52\/wp-content\/uploads\/2011\/04\/gaura-neagra-Mexic.jpg 305w, https:\/\/www.lovendal.ro\/wp52\/wp-content\/uploads\/2011\/04\/gaura-neagra-Mexic-300x261.jpg 300w\" sizes=\"auto, (max-width: 305px) 100vw, 305px\" \/><\/a><figcaption id=\"caption-attachment-17950\" class=\"wp-caption-text\"><strong>Imagine:<\/strong> KARI \/ ESA<\/figcaption><\/figure>\n<p>Un satelit coreean a surprins o imagine panoramic\u0103 a unei insule din Mexic, \u00eenconjurat\u0103 de ape at\u00e2t de ad\u00e2nci \u015fi negre, \u00eenc\u00e2t \u00ee\u015fi merit\u0103 numele de Holbox, un nume care \u00eenseamn\u0103 &#8222;gaur\u0103 neagr\u0103&#8221;.<\/p>\n<p>Fotografia din st\u00e2nga articolului a fost realizat\u0103 de satelitul sud-coreean Kompsat-2 \u015fi prezint\u0103 insula Holbox, laguna Yalahau, precum \u015fi marginea de nord-est a peninsulei mexicane Yutacan. Insula Holbox are o lungime de 42 de kilometri \u015fi este separat\u0103 de peninsul\u0103 datorit\u0103 lagunei.<\/p>\n<p>Laguna are o gaur\u0103 ad\u00e2nc\u0103 \u015fi st\u00e2ncoas\u0103 ce \u00eenconjoar\u0103 insula, f\u0103c\u00e2nd ca apele s\u0103 apar\u0103 negre. Se crede c\u0103 denumirea de &#8222;Holbox&#8221; (ce \u00een limba maya\u015f\u0103 \u00eenseamn\u0103 &#8222;gaur\u0103 neagr\u0103&#8221;) \u00ee\u015fi are originea \u00een apele negre ale lagunei. \u00centruc\u00e2t insula Holbox se afl\u0103 la punctul de convergen\u0163\u0103 dintre Oceanul Atlantic, Golful Mexic \u015fi Marea Caraibelor, mixtura acestor ape creeaz\u0103 un mediu bogat \u00een nutrien\u0163i, ideal pentru o via\u0163\u0103 marin\u0103 \u00eendestul\u0103toare. De aceea, \u00eentreaga zon\u0103 este protejat\u0103, aici g\u0103sindu-\u015fi locul peste 500 de specii de p\u0103s\u0103ri, delfini albi, \u0163estoase \u015fi specii de rechini.<\/p>\n<p><em><strong>Sursa: <a href=\"http:\/\/www.space.com\/11392-black-hole-earth-satellite-photo.html\" target=\"_blank\" rel=\"noopener noreferrer\">Space.com<\/a><\/strong><\/em><\/p>\n","protected":false},"excerpt":{"rendered":"<p>Un satelit coreean a surprins o imagine panoramic\u0103 a unei insule din Mexic, \u00eenconjurat\u0103 de ape at\u00e2t de ad\u00e2nci \u015fi negre, \u00eenc\u00e2t \u00ee\u015fi merit\u0103 numele de Holbox, un nume care \u00eenseamn\u0103 &#8222;gaur\u0103 neagr\u0103&#8221;. Fotografia din st\u00e2nga articolului a fost realizat\u0103 &#8230; <\/p>\n<p class=\"read-more-container\"><a title=\"Un satelit coreean a fotografiat &#8222;Gaura neagr\u0103&#8221; de pe P\u0103m\u00e2nt\" class=\"read-more button\" href=\"https:\/\/www.lovendal.ro\/wp52\/un-satelit-coreean-a-fotografiat-gaura-neagra-de-pe-pamant\/#more-17949\" aria-label=\"Cite\u0219te mai multe despre Un satelit coreean a fotografiat &#8222;Gaura neagr\u0103&#8221; de pe P\u0103m\u00e2nt\">Cititi mai multe<\/a><\/p>\n","protected":false},"author":1,"featured_media":17950,"comment_status":"open","ping_status":"closed","sticky":false,"template":"","format":"standard","meta":{"footnotes":""},"categories":[1770],"tags":[863,596,9807,4151,1784,4152,489,206,1132,600],"class_list":["post-17949","post","type-post","status-publish","format-standard","has-post-thumbnail","hentry","category-geografie-feologie","tag-coreea-de-sud","tag-gaura-neagra","tag-geografie-geologie","tag-golful-mexic","tag-insula","tag-marea-caraibelor","tag-mayasi","tag-mexic","tag-oceanul-atlantic","tag-satelit","resize-featured-image"],"yoast_head":"<!-- This site is optimized with the Yoast SEO Premium plugin v23.3 (Yoast SEO v27.4) - https:\/\/yoast.com\/product\/yoast-seo-premium-wordpress\/ -->\n<title>Un satelit coreean a fotografiat &quot;Gaura neagr\u0103&quot; de pe P\u0103m\u00e2nt - Secretele lui Lovendal<\/title>\n<meta name=\"robots\" content=\"index, follow, max-snippet:-1, max-image-preview:large, max-video-preview:-1\" \/>\n<link rel=\"canonical\" href=\"https:\/\/www.lovendal.ro\/wp52\/un-satelit-coreean-a-fotografiat-gaura-neagra-de-pe-pamant\/\" \/>\n<meta property=\"og:locale\" content=\"ro_RO\" \/>\n<meta property=\"og:type\" content=\"article\" \/>\n<meta property=\"og:title\" content=\"Un satelit coreean a fotografiat &quot;Gaura neagr\u0103&quot; de pe P\u0103m\u00e2nt\" \/>\n<meta property=\"og:description\" content=\"Un satelit coreean a surprins o imagine panoramic\u0103 a unei insule din Mexic, \u00eenconjurat\u0103 de ape at\u00e2t de ad\u00e2nci \u015fi negre, \u00eenc\u00e2t \u00ee\u015fi merit\u0103 numele de Holbox, un nume care \u00eenseamn\u0103 &#8222;gaur\u0103 neagr\u0103&#8221;. Fotografia din st\u00e2nga articolului a fost realizat\u0103 ... Cititi mai multe\" \/>\n<meta property=\"og:url\" content=\"https:\/\/www.lovendal.ro\/wp52\/un-satelit-coreean-a-fotografiat-gaura-neagra-de-pe-pamant\/\" \/>\n<meta property=\"og:site_name\" content=\"Secretele lui Lovendal\" \/>\n<meta property=\"article:publisher\" content=\"https:\/\/www.facebook.com\/secreteleluilovendal\" \/>\n<meta property=\"article:published_time\" content=\"2011-04-17T16:16:59+00:00\" \/>\n<meta property=\"article:modified_time\" content=\"2019-10-15T07:06:54+00:00\" \/>\n<meta property=\"og:image\" content=\"https:\/\/www.lovendal.ro\/wp52\/wp-content\/uploads\/2011\/04\/gaura-neagra-Mexic.jpg\" \/>\n\t<meta property=\"og:image:width\" content=\"305\" \/>\n\t<meta property=\"og:image:height\" content=\"266\" \/>\n\t<meta property=\"og:image:type\" content=\"image\/jpeg\" \/>\n<meta name=\"author\" content=\"admin\" \/>\n<meta name=\"twitter:card\" content=\"summary_large_image\" \/>\n<meta name=\"twitter:label1\" content=\"Scris de\" \/>\n\t<meta name=\"twitter:data1\" content=\"admin\" \/>\n\t<meta name=\"twitter:label2\" content=\"Timp estimat pentru citire\" \/>\n\t<meta name=\"twitter:data2\" content=\"1 minut\" \/>\n<script type=\"application\/ld+json\" class=\"yoast-schema-graph\">{\"@context\":\"https:\\\/\\\/schema.org\",\"@graph\":[{\"@type\":\"Article\",\"@id\":\"https:\\\/\\\/www.lovendal.ro\\\/wp52\\\/un-satelit-coreean-a-fotografiat-gaura-neagra-de-pe-pamant\\\/#article\",\"isPartOf\":{\"@id\":\"https:\\\/\\\/www.lovendal.ro\\\/wp52\\\/un-satelit-coreean-a-fotografiat-gaura-neagra-de-pe-pamant\\\/\"},\"author\":{\"name\":\"admin\",\"@id\":\"https:\\\/\\\/www.lovendal.ro\\\/wp52\\\/#\\\/schema\\\/person\\\/088691de5dfc346bb0c023e1e52ef5d9\"},\"headline\":\"Un satelit coreean a fotografiat &#8222;Gaura neagr\u0103&#8221; de pe P\u0103m\u00e2nt\",\"datePublished\":\"2011-04-17T16:16:59+00:00\",\"dateModified\":\"2019-10-15T07:06:54+00:00\",\"mainEntityOfPage\":{\"@id\":\"https:\\\/\\\/www.lovendal.ro\\\/wp52\\\/un-satelit-coreean-a-fotografiat-gaura-neagra-de-pe-pamant\\\/\"},\"wordCount\":204,\"commentCount\":2,\"publisher\":{\"@id\":\"https:\\\/\\\/www.lovendal.ro\\\/wp52\\\/#organization\"},\"image\":{\"@id\":\"https:\\\/\\\/www.lovendal.ro\\\/wp52\\\/un-satelit-coreean-a-fotografiat-gaura-neagra-de-pe-pamant\\\/#primaryimage\"},\"thumbnailUrl\":\"https:\\\/\\\/www.lovendal.ro\\\/wp52\\\/wp-content\\\/uploads\\\/2011\\\/04\\\/gaura-neagra-Mexic.jpg\",\"keywords\":[\"Coreea de Sud\",\"gaura neagr\u0103\",\"Geografie - Geologie\",\"Golful Mexic\",\"insul\u0103\",\"Marea Caraibelor\",\"maya\u015fi\",\"Mexic\",\"Oceanul Atlantic\",\"satelit\"],\"articleSection\":[\"Geografie - Geologie\"],\"inLanguage\":\"ro-RO\",\"potentialAction\":[{\"@type\":\"CommentAction\",\"name\":\"Comment\",\"target\":[\"https:\\\/\\\/www.lovendal.ro\\\/wp52\\\/un-satelit-coreean-a-fotografiat-gaura-neagra-de-pe-pamant\\\/#respond\"]}]},{\"@type\":\"WebPage\",\"@id\":\"https:\\\/\\\/www.lovendal.ro\\\/wp52\\\/un-satelit-coreean-a-fotografiat-gaura-neagra-de-pe-pamant\\\/\",\"url\":\"https:\\\/\\\/www.lovendal.ro\\\/wp52\\\/un-satelit-coreean-a-fotografiat-gaura-neagra-de-pe-pamant\\\/\",\"name\":\"Un satelit coreean a fotografiat \\\"Gaura neagr\u0103\\\" de pe P\u0103m\u00e2nt - Secretele lui Lovendal\",\"isPartOf\":{\"@id\":\"https:\\\/\\\/www.lovendal.ro\\\/wp52\\\/#website\"},\"primaryImageOfPage\":{\"@id\":\"https:\\\/\\\/www.lovendal.ro\\\/wp52\\\/un-satelit-coreean-a-fotografiat-gaura-neagra-de-pe-pamant\\\/#primaryimage\"},\"image\":{\"@id\":\"https:\\\/\\\/www.lovendal.ro\\\/wp52\\\/un-satelit-coreean-a-fotografiat-gaura-neagra-de-pe-pamant\\\/#primaryimage\"},\"thumbnailUrl\":\"https:\\\/\\\/www.lovendal.ro\\\/wp52\\\/wp-content\\\/uploads\\\/2011\\\/04\\\/gaura-neagra-Mexic.jpg\",\"datePublished\":\"2011-04-17T16:16:59+00:00\",\"dateModified\":\"2019-10-15T07:06:54+00:00\",\"breadcrumb\":{\"@id\":\"https:\\\/\\\/www.lovendal.ro\\\/wp52\\\/un-satelit-coreean-a-fotografiat-gaura-neagra-de-pe-pamant\\\/#breadcrumb\"},\"inLanguage\":\"ro-RO\",\"potentialAction\":[{\"@type\":\"ReadAction\",\"target\":[\"https:\\\/\\\/www.lovendal.ro\\\/wp52\\\/un-satelit-coreean-a-fotografiat-gaura-neagra-de-pe-pamant\\\/\"]}]},{\"@type\":\"ImageObject\",\"inLanguage\":\"ro-RO\",\"@id\":\"https:\\\/\\\/www.lovendal.ro\\\/wp52\\\/un-satelit-coreean-a-fotografiat-gaura-neagra-de-pe-pamant\\\/#primaryimage\",\"url\":\"https:\\\/\\\/www.lovendal.ro\\\/wp52\\\/wp-content\\\/uploads\\\/2011\\\/04\\\/gaura-neagra-Mexic.jpg\",\"contentUrl\":\"https:\\\/\\\/www.lovendal.ro\\\/wp52\\\/wp-content\\\/uploads\\\/2011\\\/04\\\/gaura-neagra-Mexic.jpg\",\"width\":\"305\",\"height\":\"266\"},{\"@type\":\"BreadcrumbList\",\"@id\":\"https:\\\/\\\/www.lovendal.ro\\\/wp52\\\/un-satelit-coreean-a-fotografiat-gaura-neagra-de-pe-pamant\\\/#breadcrumb\",\"itemListElement\":[{\"@type\":\"ListItem\",\"position\":1,\"name\":\"Home\",\"item\":\"https:\\\/\\\/www.lovendal.ro\\\/wp52\\\/\"},{\"@type\":\"ListItem\",\"position\":2,\"name\":\"Un satelit coreean a fotografiat &#8222;Gaura neagr\u0103&#8221; de pe P\u0103m\u00e2nt\"}]},{\"@type\":\"WebSite\",\"@id\":\"https:\\\/\\\/www.lovendal.ro\\\/wp52\\\/#website\",\"url\":\"https:\\\/\\\/www.lovendal.ro\\\/wp52\\\/\",\"name\":\"Secretele lui Lovendal\",\"description\":\"Site de secrete, stiinta si metafizica - din 2008 -\",\"publisher\":{\"@id\":\"https:\\\/\\\/www.lovendal.ro\\\/wp52\\\/#organization\"},\"potentialAction\":[{\"@type\":\"SearchAction\",\"target\":{\"@type\":\"EntryPoint\",\"urlTemplate\":\"https:\\\/\\\/www.lovendal.ro\\\/wp52\\\/?s={search_term_string}\"},\"query-input\":{\"@type\":\"PropertyValueSpecification\",\"valueRequired\":true,\"valueName\":\"search_term_string\"}}],\"inLanguage\":\"ro-RO\"},{\"@type\":\"Organization\",\"@id\":\"https:\\\/\\\/www.lovendal.ro\\\/wp52\\\/#organization\",\"name\":\"Secretele lui Lovendal\",\"url\":\"https:\\\/\\\/www.lovendal.ro\\\/wp52\\\/\",\"logo\":{\"@type\":\"ImageObject\",\"inLanguage\":\"ro-RO\",\"@id\":\"https:\\\/\\\/www.lovendal.ro\\\/wp52\\\/#\\\/schema\\\/logo\\\/image\\\/\",\"url\":\"https:\\\/\\\/www.lovendal.ro\\\/wp52\\\/wp-content\\\/uploads\\\/2024\\\/06\\\/cropped-SLL-iun-2024-1.jpg\",\"contentUrl\":\"https:\\\/\\\/www.lovendal.ro\\\/wp52\\\/wp-content\\\/uploads\\\/2024\\\/06\\\/cropped-SLL-iun-2024-1.jpg\",\"width\":771,\"height\":240,\"caption\":\"Secretele lui Lovendal\"},\"image\":{\"@id\":\"https:\\\/\\\/www.lovendal.ro\\\/wp52\\\/#\\\/schema\\\/logo\\\/image\\\/\"},\"sameAs\":[\"https:\\\/\\\/www.facebook.com\\\/secreteleluilovendal\"]},{\"@type\":\"Person\",\"@id\":\"https:\\\/\\\/www.lovendal.ro\\\/wp52\\\/#\\\/schema\\\/person\\\/088691de5dfc346bb0c023e1e52ef5d9\",\"name\":\"admin\",\"image\":{\"@type\":\"ImageObject\",\"inLanguage\":\"ro-RO\",\"@id\":\"https:\\\/\\\/secure.gravatar.com\\\/avatar\\\/ecb9cd41f5f63c9c9b989999a59f6e2639a865ec361e9db054db0679a8f341c2?s=96&d=mm&r=g\",\"url\":\"https:\\\/\\\/secure.gravatar.com\\\/avatar\\\/ecb9cd41f5f63c9c9b989999a59f6e2639a865ec361e9db054db0679a8f341c2?s=96&d=mm&r=g\",\"contentUrl\":\"https:\\\/\\\/secure.gravatar.com\\\/avatar\\\/ecb9cd41f5f63c9c9b989999a59f6e2639a865ec361e9db054db0679a8f341c2?s=96&d=mm&r=g\",\"caption\":\"admin\"},\"sameAs\":[\"https:\\\/\\\/www.lovendal.ro\\\/wp52\"]}]}<\/script>\n<!-- \/ Yoast SEO Premium plugin. -->","yoast_head_json":{"title":"Un satelit coreean a fotografiat \"Gaura neagr\u0103\" de pe P\u0103m\u00e2nt - Secretele lui Lovendal","robots":{"index":"index","follow":"follow","max-snippet":"max-snippet:-1","max-image-preview":"max-image-preview:large","max-video-preview":"max-video-preview:-1"},"canonical":"https:\/\/www.lovendal.ro\/wp52\/un-satelit-coreean-a-fotografiat-gaura-neagra-de-pe-pamant\/","og_locale":"ro_RO","og_type":"article","og_title":"Un satelit coreean a fotografiat \"Gaura neagr\u0103\" de pe P\u0103m\u00e2nt","og_description":"Un satelit coreean a surprins o imagine panoramic\u0103 a unei insule din Mexic, \u00eenconjurat\u0103 de ape at\u00e2t de ad\u00e2nci \u015fi negre, \u00eenc\u00e2t \u00ee\u015fi merit\u0103 numele de Holbox, un nume care \u00eenseamn\u0103 &#8222;gaur\u0103 neagr\u0103&#8221;. Fotografia din st\u00e2nga articolului a fost realizat\u0103 ... Cititi mai multe","og_url":"https:\/\/www.lovendal.ro\/wp52\/un-satelit-coreean-a-fotografiat-gaura-neagra-de-pe-pamant\/","og_site_name":"Secretele lui Lovendal","article_publisher":"https:\/\/www.facebook.com\/secreteleluilovendal","article_published_time":"2011-04-17T16:16:59+00:00","article_modified_time":"2019-10-15T07:06:54+00:00","og_image":[{"width":305,"height":266,"url":"https:\/\/www.lovendal.ro\/wp52\/wp-content\/uploads\/2011\/04\/gaura-neagra-Mexic.jpg","type":"image\/jpeg"}],"author":"admin","twitter_card":"summary_large_image","twitter_misc":{"Scris de":"admin","Timp estimat pentru citire":"1 minut"},"schema":{"@context":"https:\/\/schema.org","@graph":[{"@type":"Article","@id":"https:\/\/www.lovendal.ro\/wp52\/un-satelit-coreean-a-fotografiat-gaura-neagra-de-pe-pamant\/#article","isPartOf":{"@id":"https:\/\/www.lovendal.ro\/wp52\/un-satelit-coreean-a-fotografiat-gaura-neagra-de-pe-pamant\/"},"author":{"name":"admin","@id":"https:\/\/www.lovendal.ro\/wp52\/#\/schema\/person\/088691de5dfc346bb0c023e1e52ef5d9"},"headline":"Un satelit coreean a fotografiat &#8222;Gaura neagr\u0103&#8221; de pe P\u0103m\u00e2nt","datePublished":"2011-04-17T16:16:59+00:00","dateModified":"2019-10-15T07:06:54+00:00","mainEntityOfPage":{"@id":"https:\/\/www.lovendal.ro\/wp52\/un-satelit-coreean-a-fotografiat-gaura-neagra-de-pe-pamant\/"},"wordCount":204,"commentCount":2,"publisher":{"@id":"https:\/\/www.lovendal.ro\/wp52\/#organization"},"image":{"@id":"https:\/\/www.lovendal.ro\/wp52\/un-satelit-coreean-a-fotografiat-gaura-neagra-de-pe-pamant\/#primaryimage"},"thumbnailUrl":"https:\/\/www.lovendal.ro\/wp52\/wp-content\/uploads\/2011\/04\/gaura-neagra-Mexic.jpg","keywords":["Coreea de Sud","gaura neagr\u0103","Geografie - Geologie","Golful Mexic","insul\u0103","Marea Caraibelor","maya\u015fi","Mexic","Oceanul Atlantic","satelit"],"articleSection":["Geografie - Geologie"],"inLanguage":"ro-RO","potentialAction":[{"@type":"CommentAction","name":"Comment","target":["https:\/\/www.lovendal.ro\/wp52\/un-satelit-coreean-a-fotografiat-gaura-neagra-de-pe-pamant\/#respond"]}]},{"@type":"WebPage","@id":"https:\/\/www.lovendal.ro\/wp52\/un-satelit-coreean-a-fotografiat-gaura-neagra-de-pe-pamant\/","url":"https:\/\/www.lovendal.ro\/wp52\/un-satelit-coreean-a-fotografiat-gaura-neagra-de-pe-pamant\/","name":"Un satelit coreean a fotografiat \"Gaura neagr\u0103\" de pe P\u0103m\u00e2nt - Secretele lui Lovendal","isPartOf":{"@id":"https:\/\/www.lovendal.ro\/wp52\/#website"},"primaryImageOfPage":{"@id":"https:\/\/www.lovendal.ro\/wp52\/un-satelit-coreean-a-fotografiat-gaura-neagra-de-pe-pamant\/#primaryimage"},"image":{"@id":"https:\/\/www.lovendal.ro\/wp52\/un-satelit-coreean-a-fotografiat-gaura-neagra-de-pe-pamant\/#primaryimage"},"thumbnailUrl":"https:\/\/www.lovendal.ro\/wp52\/wp-content\/uploads\/2011\/04\/gaura-neagra-Mexic.jpg","datePublished":"2011-04-17T16:16:59+00:00","dateModified":"2019-10-15T07:06:54+00:00","breadcrumb":{"@id":"https:\/\/www.lovendal.ro\/wp52\/un-satelit-coreean-a-fotografiat-gaura-neagra-de-pe-pamant\/#breadcrumb"},"inLanguage":"ro-RO","potentialAction":[{"@type":"ReadAction","target":["https:\/\/www.lovendal.ro\/wp52\/un-satelit-coreean-a-fotografiat-gaura-neagra-de-pe-pamant\/"]}]},{"@type":"ImageObject","inLanguage":"ro-RO","@id":"https:\/\/www.lovendal.ro\/wp52\/un-satelit-coreean-a-fotografiat-gaura-neagra-de-pe-pamant\/#primaryimage","url":"https:\/\/www.lovendal.ro\/wp52\/wp-content\/uploads\/2011\/04\/gaura-neagra-Mexic.jpg","contentUrl":"https:\/\/www.lovendal.ro\/wp52\/wp-content\/uploads\/2011\/04\/gaura-neagra-Mexic.jpg","width":"305","height":"266"},{"@type":"BreadcrumbList","@id":"https:\/\/www.lovendal.ro\/wp52\/un-satelit-coreean-a-fotografiat-gaura-neagra-de-pe-pamant\/#breadcrumb","itemListElement":[{"@type":"ListItem","position":1,"name":"Home","item":"https:\/\/www.lovendal.ro\/wp52\/"},{"@type":"ListItem","position":2,"name":"Un satelit coreean a fotografiat &#8222;Gaura neagr\u0103&#8221; de pe P\u0103m\u00e2nt"}]},{"@type":"WebSite","@id":"https:\/\/www.lovendal.ro\/wp52\/#website","url":"https:\/\/www.lovendal.ro\/wp52\/","name":"Secretele lui Lovendal","description":"Site de secrete, stiinta si metafizica - din 2008 -","publisher":{"@id":"https:\/\/www.lovendal.ro\/wp52\/#organization"},"potentialAction":[{"@type":"SearchAction","target":{"@type":"EntryPoint","urlTemplate":"https:\/\/www.lovendal.ro\/wp52\/?s={search_term_string}"},"query-input":{"@type":"PropertyValueSpecification","valueRequired":true,"valueName":"search_term_string"}}],"inLanguage":"ro-RO"},{"@type":"Organization","@id":"https:\/\/www.lovendal.ro\/wp52\/#organization","name":"Secretele lui Lovendal","url":"https:\/\/www.lovendal.ro\/wp52\/","logo":{"@type":"ImageObject","inLanguage":"ro-RO","@id":"https:\/\/www.lovendal.ro\/wp52\/#\/schema\/logo\/image\/","url":"https:\/\/www.lovendal.ro\/wp52\/wp-content\/uploads\/2024\/06\/cropped-SLL-iun-2024-1.jpg","contentUrl":"https:\/\/www.lovendal.ro\/wp52\/wp-content\/uploads\/2024\/06\/cropped-SLL-iun-2024-1.jpg","width":771,"height":240,"caption":"Secretele lui Lovendal"},"image":{"@id":"https:\/\/www.lovendal.ro\/wp52\/#\/schema\/logo\/image\/"},"sameAs":["https:\/\/www.facebook.com\/secreteleluilovendal"]},{"@type":"Person","@id":"https:\/\/www.lovendal.ro\/wp52\/#\/schema\/person\/088691de5dfc346bb0c023e1e52ef5d9","name":"admin","image":{"@type":"ImageObject","inLanguage":"ro-RO","@id":"https:\/\/secure.gravatar.com\/avatar\/ecb9cd41f5f63c9c9b989999a59f6e2639a865ec361e9db054db0679a8f341c2?s=96&d=mm&r=g","url":"https:\/\/secure.gravatar.com\/avatar\/ecb9cd41f5f63c9c9b989999a59f6e2639a865ec361e9db054db0679a8f341c2?s=96&d=mm&r=g","contentUrl":"https:\/\/secure.gravatar.com\/avatar\/ecb9cd41f5f63c9c9b989999a59f6e2639a865ec361e9db054db0679a8f341c2?s=96&d=mm&r=g","caption":"admin"},"sameAs":["https:\/\/www.lovendal.ro\/wp52"]}]}},"_links":{"self":[{"href":"https:\/\/www.lovendal.ro\/wp52\/wp-json\/wp\/v2\/posts\/17949","targetHints":{"allow":["GET"]}}],"collection":[{"href":"https:\/\/www.lovendal.ro\/wp52\/wp-json\/wp\/v2\/posts"}],"about":[{"href":"https:\/\/www.lovendal.ro\/wp52\/wp-json\/wp\/v2\/types\/post"}],"author":[{"embeddable":true,"href":"https:\/\/www.lovendal.ro\/wp52\/wp-json\/wp\/v2\/users\/1"}],"replies":[{"embeddable":true,"href":"https:\/\/www.lovendal.ro\/wp52\/wp-json\/wp\/v2\/comments?post=17949"}],"version-history":[{"count":0,"href":"https:\/\/www.lovendal.ro\/wp52\/wp-json\/wp\/v2\/posts\/17949\/revisions"}],"wp:featuredmedia":[{"embeddable":true,"href":"https:\/\/www.lovendal.ro\/wp52\/wp-json\/wp\/v2\/media\/17950"}],"wp:attachment":[{"href":"https:\/\/www.lovendal.ro\/wp52\/wp-json\/wp\/v2\/media?parent=17949"}],"wp:term":[{"taxonomy":"category","embeddable":true,"href":"https:\/\/www.lovendal.ro\/wp52\/wp-json\/wp\/v2\/categories?post=17949"},{"taxonomy":"post_tag","embeddable":true,"href":"https:\/\/www.lovendal.ro\/wp52\/wp-json\/wp\/v2\/tags?post=17949"}],"curies":[{"name":"wp","href":"https:\/\/api.w.org\/{rel}","templated":true}]}}