{"id":17924,"date":"2011-04-16T13:22:42","date_gmt":"2011-04-16T10:22:42","guid":{"rendered":"http:\/\/www.lovendal.net\/wp52\/?p=17924"},"modified":"2011-04-22T09:33:11","modified_gmt":"2011-04-22T06:33:11","slug":"pentru-ca-suntem-la-intersectia-a-doua-galaxii-sistemul-nostru-solar-se-incalzeste","status":"publish","type":"post","link":"https:\/\/www.lovendal.ro\/wp52\/pentru-ca-suntem-la-intersectia-a-doua-galaxii-sistemul-nostru-solar-se-incalzeste\/","title":{"rendered":"Pentru c\u0103 suntem la intersec\u0163ia a dou\u0103 galaxii, sistemul nostru solar se \u201c\u00eenc\u0103lze\u015fte\u201d"},"content":{"rendered":"<p><a href=\"https:\/\/www.lovendal.ro\/wp52\/wp-content\/uploads\/2011\/04\/sistemul-solar-17.jpg\"><img loading=\"lazy\" decoding=\"async\" class=\"alignleft size-full wp-image-17933\" title=\"sistemul solar 17\" src=\"https:\/\/www.lovendal.ro\/wp52\/wp-content\/uploads\/2011\/04\/sistemul-solar-17.jpg\" alt=\"\" width=\"302\" height=\"237\" srcset=\"https:\/\/www.lovendal.ro\/wp52\/wp-content\/uploads\/2011\/04\/sistemul-solar-17.jpg 302w, https:\/\/www.lovendal.ro\/wp52\/wp-content\/uploads\/2011\/04\/sistemul-solar-17-300x235.jpg 300w\" sizes=\"auto, (max-width: 302px) 100vw, 302px\" \/><\/a>\u00cen acest articol pe care l-am scris acum c\u00e2teva luni (<a href=\"https:\/\/www.lovendal.ro\/wp52\/noi-nu-apartinem-de-calea-lactee-ci-de-galaxia-pitica-sagetatorul\/\" target=\"_blank\"><strong>https:\/\/www.lovendal.ro\/wp52\/noi-nu-apartinem-de-calea-lactee-ci-de-galaxia-pitica-sagetatorul\/<\/strong><\/a>) vorbeam despre faptul c\u0103 sistemul nostru solar a apar\u0163inut c\u00e2ndva nu de binecunoscuta Cale Lactee, ci de o galaxie pitic\u0103, denumit\u0103 galaxia S\u0103get\u0103torul. Ideea este urm\u0103toarea: uria\u015fa galaxie Calea Lactee a intrat \u00een coliziune (de fapt, absoarbe) pitica galaxie S\u0103get\u0103torul (din care noi am f\u0103cut parte), \u015fi, ca urmare a acestui fapt, ne-am transferat \u00een galaxia Calea Lactee.<\/p>\n<p>\u00centr-o nou\u0103 hart\u0103 a sistemului nostru solar, realizat\u0103 de speciali\u015ftii de la Universitatea din Virginia (SUA), rezult\u0103 faptul c\u0103 noi ne afl\u0103m exact la punctul de intersec\u0163ie al celor dou\u0103 galaxii care se unesc. \u00cen imaginea din josul articolului, se poate observa sistemul nostru solar (reprezentat printr-un punct galben), galaxia Calea Lactee (reprezentat\u0103 prin albastru) \u015fi galaxia S\u0103get\u0103torul (ca o band\u0103 sferic\u0103 ro\u015fiatic\u0103, situat\u0103 perpendicular pe Calea Lactee).<\/p>\n<p><strong>\u00cenc\u0103lzirea global\u0103 de la nivelul sistemului nostru solar<\/strong><\/p>\n<p>Faptul c\u0103 noi ne afl\u0103m \u00een apropierea procesului de &#8222;fuziune&#8221; al celor dou\u0103 galaxii are vreo leg\u0103tur\u0103 cu fenomenul de \u00eenc\u0103lzire global\u0103 pe care-l observ\u0103m \u00een ultima perioad\u0103? \u015ei aten\u0163ie, \u00eenc\u0103lzirea global\u0103 are loc \u015fi \u00een alte planete ale sistemului nostru solar, nu doar pe P\u0103m\u00e2nt. Am mai scris un articol despre acest fenomen \u00eenc\u0103 din august 2010: <a href=\"https:\/\/www.lovendal.ro\/wp52\/incalzirea-globala-apare-si-pe-marte-si-pe-alte-planete-si-acolo-sunt-oameni-care-sa-produca-efectul-de-sera\/\" target=\"_blank\"><strong>https:\/\/www.lovendal.ro\/wp52\/incalzirea-globala-apare-si-pe-marte-si-pe-alte-planete-si-acolo-sunt-oameni-care-sa-produca-efectul-de-sera\/<\/strong><\/a>. \u00cenc\u0103lzirea global\u0103 de la nivelul sistemului solar poate fi observat\u0103 prin urm\u0103toarele fenomene:<\/p>\n<p><strong>1) Imensele furtuni solare ce au avut loc \u00een ultima perioad\u0103 \u015fi care vor mai avea loc<\/strong>. Tot mai mul\u0163i astronomi cred c\u0103 planeta noastr\u0103 e vulnerabil\u0103 (mai mult ca oric\u00e2nd \u00een istorie) fa\u0163\u0103 de o furtun\u0103 solar\u0103 major\u0103 \u015fi c\u0103 trebuie s\u0103 ne a\u015ftept\u0103m la un dezastru asem\u0103n\u0103tor uraganului Katrina. Citi\u0163i mai mult AICI: <a href=\"https:\/\/www.lovendal.ro\/wp52\/pregatiti-va-pentru-colapsul-omenirii-marele-uragan-solar-katrina-e-pe-vine\/\" target=\"_blank\"><strong>https:\/\/www.lovendal.ro\/wp52\/pregatiti-va-pentru-colapsul-omenirii-marele-uragan-solar-katrina-e-pe-vine\/<\/strong><\/a>. Furtunile solare reprezint\u0103 adev\u0103rata cauz\u0103 a \u00eenc\u0103lzirii globale, \u015fi nu gazele cu efect de ser\u0103.<\/p>\n<p><strong>2) Petele misterioase de pe planeta-pitic\u0103 Pluto<\/strong>. \u00cen februarie 2010, telescopul spa\u0163ial Hubble a dat publicit\u0103\u0163ii o serie de imagini cu planeta-pitic\u0103 Pluto, pe suprafa\u0163a c\u0103reia g\u0103sindu-se nenum\u0103rate pete luminoase \u015fi \u00eentunecate misterioase. Ce e ciudat e faptul c\u0103 Pluto se \u00eendep\u0103rteaz\u0103 din ce \u00een ce mai mult de Soare, ceea ce ar \u00eensemna c\u0103 atmosfera de la suprafa\u0163a sa ar trebui s\u0103 fie \u00eenghe\u0163at\u0103 deja, dar acest lucru \u00eenc\u0103 n-a \u00eenceput din motive necunoscute (Sursa: <a href=\"http:\/\/www.space.com\/8313-strange-spots-pluto-tar-frost.html\" target=\"_blank\"><strong>Space.com<\/strong><\/a>).<\/p>\n<p><strong>3) Un num\u0103r din ce \u00een ce mai mare de aurore polare pe planeta Saturn<\/strong>. Citez o \u015ftire de pe <a href=\"http:\/\/www.ziare.com\/magazin\/planete\/imagini-filmate-cu-aurora-de-pe-saturn-video-1044435\" target=\"_blank\"><strong>Ziare.com<\/strong><\/a>, ap\u0103rut\u0103 \u00een septembrie 2010: <em>&#8222;Un spectaculos joc de lumini care a avut loc \u00een atmosfera planetei Saturn ajut\u0103 oamenii de \u015ftiin\u0163\u0103 s\u0103 \u00een\u0163eleag\u0103 unul dintre fenomenele cele mai frumoase \u015fi mai misterioase de pe p\u0103m\u00e2nt: aurorele boreale. Astronomii au capturat imagini mai detaliate cu ajutorul sondei Cassini, ar\u0103t\u00e2nd pentru prima dat\u0103 cum intensitatea aurorei se schimb\u0103 pe parcursul zilei. Ace\u015ftia au creat un film \u00een care prezint\u0103 aurora de pe Saturn, care este echivalentul aurorei boreale de pe p\u0103m\u00e2nt, \u015fi care pe Saturn \u0163ine 10 ore \u015fi 47 de minute. Prin studierea celei mai active aurore din sistemul solar, oamenii de \u015ftiin\u0163\u0103 spera s\u0103 afle mai multe despre aurora boreal\u0103 \u015fi aurora austral\u0103, care au loc pe P\u0103m\u00e2nt, la polul nord \u015fi polul sud, \u015fi care produc un minunat joc de lumini \u015fi culori.&#8221; <\/em><\/p>\n<p><strong>3) Atmosferele schimb\u0103toare din ultima vreme, a 5 planete din sistemul solar. <\/strong>De exemplu, \u00een anul 2005 misiunile NASA Mars Global Surveyor \u015fi Odyssey au dezv\u0103luit  faptul c\u0103 &#8222;\u00eenveli\u015furile de ghea\u0163\u0103&#8221; pline cu dioxid de carbon din  apropierea Polului Sud al planetei Marte s-au diminuat semnificativ \u00een  ultimii 3 ani.<\/p>\n<p><strong>4) Schimbarea polilor \u00een cazul planetelor Uranus \u015fi Neptun. <\/strong>Atunci c\u00e2nd nava spa\u0163ial\u0103 Voyager II\u00a0 a trecut prin apropierea planetelor Uranus \u015fi Neptun, a observat c\u0103 polii magnetici ai acestor planete erau roti\u0163i cu 50 de grade, respectiv 40 de grade, fa\u0163\u0103 de observa\u0163iile precedente.<\/p>\n<p><strong><a href=\"https:\/\/www.lovendal.ro\/wp52\/wp-content\/uploads\/2011\/04\/planeta-Neptun.jpg\"><img loading=\"lazy\" decoding=\"async\" class=\"alignleft size-medium wp-image-17926\" title=\"planeta Neptun\" src=\"https:\/\/www.lovendal.ro\/wp52\/wp-content\/uploads\/2011\/04\/planeta-Neptun-300x195.jpg\" alt=\"\" width=\"214\" height=\"140\" srcset=\"https:\/\/www.lovendal.ro\/wp52\/wp-content\/uploads\/2011\/04\/planeta-Neptun-300x195.jpg 300w, https:\/\/www.lovendal.ro\/wp52\/wp-content\/uploads\/2011\/04\/planeta-Neptun.jpg 350w\" sizes=\"auto, (max-width: 214px) 100vw, 214px\" \/><\/a>5) O schimbare a intensit\u0103\u0163ii luminii la planeta Neptun.<\/strong> Acest lucru se poate vedea foarte bine \u015fi din graficul lateral; sunt imagini ale lui Neptun surprinse de telescopul spa\u0163ial Hubble. \u00centre 1996 \u015fi 2002, planeta Neptun a devenit mult mai luminoas\u0103.<\/p>\n<p><strong>6) Dublarea c\u00e2mpului magnetic al planetei Jupiter<\/strong>, prin compararea datelor din anul 1992 cu cele actuale.<\/p>\n<p><strong>7) Schimb\u0103ri chimice, fizice \u015fi optice semnificative, observate pe planeta Venus<\/strong>. Pe Luceaf\u0103r au fost detectate, \u00een ultimii ani, o inversiune a punctelor \u00eentunecate \u015fi luminoase, o descre\u015ftere a gazelor cu con\u0163inut de sulf din atmosfer\u0103, precum \u015fi o cre\u015ftere general\u0103 a luminozit\u0103\u0163ii.<\/p>\n<p>Cercet\u0103torul Sanjay Limaye de la Universitatea din Wisconsin-Madison spunea referitor la acest subiect:<em> &#8222;Un punct luminos a ap\u0103rut deodat\u0103 \u00een norii lui Venus, fiind observat mai \u00eent\u00e2i de astronomul amator Frank Melillo. Dar, nu este \u00eens\u0103 pentru prima dat\u0103 c\u00e2nd se observ\u0103 asemenea luminozit\u0103\u0163i pe norii lui Venus&#8221;.<\/em><\/p>\n<p><strong><a href=\"https:\/\/www.lovendal.ro\/wp52\/wp-content\/uploads\/2011\/04\/tub-de-radiatii.jpg\"><img loading=\"lazy\" decoding=\"async\" class=\"alignleft size-medium wp-image-17929\" title=\"tub de radiatii\" src=\"https:\/\/www.lovendal.ro\/wp52\/wp-content\/uploads\/2011\/04\/tub-de-radiatii-300x146.jpg\" alt=\"\" width=\"300\" height=\"146\" srcset=\"https:\/\/www.lovendal.ro\/wp52\/wp-content\/uploads\/2011\/04\/tub-de-radiatii-300x146.jpg 300w, https:\/\/www.lovendal.ro\/wp52\/wp-content\/uploads\/2011\/04\/tub-de-radiatii.jpg 347w\" sizes=\"auto, (max-width: 300px) 100vw, 300px\" \/><\/a>8 ) \u00cenc\u0103rcarea energetic\u0103 a planetei Jupiter a devenit at\u00e2t de mare<\/strong>, \u00eenc\u00e2t se poate vizualiza un tub de radia\u0163ie ionizat\u0103 ce s-a format \u00eentre suprafa\u0163a lui Jupiter \u015fi cea a satelitului s\u0103u, Io. Pute\u0163i observa \u00een imaginea din st\u00e2nga acest tub de radia\u0163ii. Se poate vizualiza cum Jupiter \u015fi satelitul s\u0103u, Io, sunt lega\u0163i cu un curent electric invizibil de particule \u00eenc\u0103rcate.<\/p>\n<p>Toate aceste manifest\u0103ri ale planetelor din sistemul nostru solar ne arat\u0103 c\u0103 se \u00eent\u00e2mpl\u0103 ceva \u00een jurul Soarelui \u015fi planetelor sale, \u00een ultima perioad\u0103. Dar oare ce? Ar putea exista o leg\u0103tur\u0103 cu faptul c\u0103 noi ne afl\u0103m la punctul de cotitur\u0103 al &#8222;fuziunii&#8221; dintre galaxia Calea Lactee \u015fi galaxia pitic\u0103 S\u0103get\u0103torul?<\/p>\n<figure id=\"attachment_17930\" aria-describedby=\"caption-attachment-17930\" style=\"width: 497px\" class=\"wp-caption aligncenter\"><a href=\"https:\/\/www.lovendal.ro\/wp52\/wp-content\/uploads\/2011\/04\/Sagetator-Calea-Lactee.jpg\"><img loading=\"lazy\" decoding=\"async\" class=\"size-full wp-image-17930\" title=\"Sagetator - Calea Lactee\" src=\"https:\/\/www.lovendal.ro\/wp52\/wp-content\/uploads\/2011\/04\/Sagetator-Calea-Lactee.jpg\" alt=\"\" width=\"507\" height=\"380\" srcset=\"https:\/\/www.lovendal.ro\/wp52\/wp-content\/uploads\/2011\/04\/Sagetator-Calea-Lactee.jpg 630w, https:\/\/www.lovendal.ro\/wp52\/wp-content\/uploads\/2011\/04\/Sagetator-Calea-Lactee-300x225.jpg 300w\" sizes=\"auto, (max-width: 507px) 100vw, 507px\" \/><\/a><figcaption id=\"caption-attachment-17930\" class=\"wp-caption-text\">Fuziunea dintre galaxia Sagetatorului (rosu) si Calea Lactee (albastru). Sistemul nostru solar e reprezentat cu galben<\/figcaption><\/figure>\n","protected":false},"excerpt":{"rendered":"<p>\u00cen acest articol pe care l-am scris acum c\u00e2teva luni (https:\/\/www.lovendal.ro\/wp52\/noi-nu-apartinem-de-calea-lactee-ci-de-galaxia-pitica-sagetatorul\/) vorbeam despre faptul c\u0103 sistemul nostru solar a apar\u0163inut c\u00e2ndva nu de binecunoscuta Cale Lactee, ci de o galaxie pitic\u0103, denumit\u0103 galaxia S\u0103get\u0103torul. Ideea este urm\u0103toarea: uria\u015fa galaxie Calea &#8230; <\/p>\n<p class=\"read-more-container\"><a title=\"Pentru c\u0103 suntem la intersec\u0163ia a dou\u0103 galaxii, sistemul nostru solar se \u201c\u00eenc\u0103lze\u015fte\u201d\" class=\"read-more button\" href=\"https:\/\/www.lovendal.ro\/wp52\/pentru-ca-suntem-la-intersectia-a-doua-galaxii-sistemul-nostru-solar-se-incalzeste\/#more-17924\" aria-label=\"Cite\u0219te mai multe despre Pentru c\u0103 suntem la intersec\u0163ia a dou\u0103 galaxii, sistemul nostru solar se \u201c\u00eenc\u0103lze\u015fte\u201d\">Cititi mai multe<\/a><\/p>\n","protected":false},"author":1,"featured_media":17926,"comment_status":"open","ping_status":"closed","sticky":false,"template":"","format":"standard","meta":{"footnotes":""},"categories":[106],"tags":[102,2502,2802,1405,1662,3474,433,1960,731,156,2709,105,3989,732,2922,4149,3883,155,3417,865,9803,2849,1029,3235],"class_list":["post-17924","post","type-post","status-publish","format-standard","has-post-thumbnail","hentry","category-stiinta","tag-astronomie","tag-atmosfera","tag-aurora-polara","tag-calea-lactee","tag-camp-magnetic","tag-furtuna-solara","tag-galaxie","tag-incalzire-globala","tag-jupiter","tag-marte","tag-neptun","tag-pamant","tag-pata","tag-planeta","tag-pluto","tag-poli","tag-sagetatorul-pitic","tag-saturn","tag-sistem-solar","tag-soare","tag-stiinta","tag-uranus","tag-venus","tag-voyager","resize-featured-image"],"yoast_head":"<!-- This site is optimized with the Yoast SEO Premium plugin v23.3 (Yoast SEO v27.4) - https:\/\/yoast.com\/product\/yoast-seo-premium-wordpress\/ -->\n<title>Pentru c\u0103 suntem la intersec\u0163ia a dou\u0103 galaxii, sistemul nostru solar se \u201c\u00eenc\u0103lze\u015fte\u201d - Secretele lui Lovendal<\/title>\n<meta name=\"robots\" content=\"index, follow, max-snippet:-1, max-image-preview:large, max-video-preview:-1\" \/>\n<link rel=\"canonical\" href=\"https:\/\/www.lovendal.ro\/wp52\/pentru-ca-suntem-la-intersectia-a-doua-galaxii-sistemul-nostru-solar-se-incalzeste\/\" \/>\n<meta property=\"og:locale\" content=\"ro_RO\" \/>\n<meta property=\"og:type\" content=\"article\" \/>\n<meta property=\"og:title\" content=\"Pentru c\u0103 suntem la intersec\u0163ia a dou\u0103 galaxii, sistemul nostru solar se \u201c\u00eenc\u0103lze\u015fte\u201d\" \/>\n<meta property=\"og:description\" content=\"\u00cen acest articol pe care l-am scris acum c\u00e2teva luni (https:\/\/www.lovendal.ro\/wp52\/noi-nu-apartinem-de-calea-lactee-ci-de-galaxia-pitica-sagetatorul\/) vorbeam despre faptul c\u0103 sistemul nostru solar a apar\u0163inut c\u00e2ndva nu de binecunoscuta Cale Lactee, ci de o galaxie pitic\u0103, denumit\u0103 galaxia S\u0103get\u0103torul. Ideea este urm\u0103toarea: uria\u015fa galaxie Calea ... Cititi mai multe\" \/>\n<meta property=\"og:url\" content=\"https:\/\/www.lovendal.ro\/wp52\/pentru-ca-suntem-la-intersectia-a-doua-galaxii-sistemul-nostru-solar-se-incalzeste\/\" \/>\n<meta property=\"og:site_name\" content=\"Secretele lui Lovendal\" \/>\n<meta property=\"article:publisher\" content=\"https:\/\/www.facebook.com\/secreteleluilovendal\" \/>\n<meta property=\"article:published_time\" content=\"2011-04-16T10:22:42+00:00\" \/>\n<meta property=\"article:modified_time\" content=\"2011-04-22T06:33:11+00:00\" \/>\n<meta property=\"og:image\" content=\"https:\/\/www.lovendal.ro\/wp52\/wp-content\/uploads\/2011\/04\/planeta-Neptun.jpg\" \/>\n\t<meta property=\"og:image:width\" content=\"350\" \/>\n\t<meta property=\"og:image:height\" content=\"228\" \/>\n\t<meta property=\"og:image:type\" content=\"image\/jpeg\" \/>\n<meta name=\"author\" content=\"admin\" \/>\n<meta name=\"twitter:card\" content=\"summary_large_image\" \/>\n<meta name=\"twitter:label1\" content=\"Scris de\" \/>\n\t<meta name=\"twitter:data1\" content=\"admin\" \/>\n\t<meta name=\"twitter:label2\" content=\"Timp estimat pentru citire\" \/>\n\t<meta name=\"twitter:data2\" content=\"5 minute\" \/>\n<script type=\"application\/ld+json\" class=\"yoast-schema-graph\">{\"@context\":\"https:\\\/\\\/schema.org\",\"@graph\":[{\"@type\":\"Article\",\"@id\":\"https:\\\/\\\/www.lovendal.ro\\\/wp52\\\/pentru-ca-suntem-la-intersectia-a-doua-galaxii-sistemul-nostru-solar-se-incalzeste\\\/#article\",\"isPartOf\":{\"@id\":\"https:\\\/\\\/www.lovendal.ro\\\/wp52\\\/pentru-ca-suntem-la-intersectia-a-doua-galaxii-sistemul-nostru-solar-se-incalzeste\\\/\"},\"author\":{\"name\":\"admin\",\"@id\":\"https:\\\/\\\/www.lovendal.ro\\\/wp52\\\/#\\\/schema\\\/person\\\/088691de5dfc346bb0c023e1e52ef5d9\"},\"headline\":\"Pentru c\u0103 suntem la intersec\u0163ia a dou\u0103 galaxii, sistemul nostru solar se \u201c\u00eenc\u0103lze\u015fte\u201d\",\"datePublished\":\"2011-04-16T10:22:42+00:00\",\"dateModified\":\"2011-04-22T06:33:11+00:00\",\"mainEntityOfPage\":{\"@id\":\"https:\\\/\\\/www.lovendal.ro\\\/wp52\\\/pentru-ca-suntem-la-intersectia-a-doua-galaxii-sistemul-nostru-solar-se-incalzeste\\\/\"},\"wordCount\":1008,\"commentCount\":10,\"publisher\":{\"@id\":\"https:\\\/\\\/www.lovendal.ro\\\/wp52\\\/#organization\"},\"image\":{\"@id\":\"https:\\\/\\\/www.lovendal.ro\\\/wp52\\\/pentru-ca-suntem-la-intersectia-a-doua-galaxii-sistemul-nostru-solar-se-incalzeste\\\/#primaryimage\"},\"thumbnailUrl\":\"https:\\\/\\\/www.lovendal.ro\\\/wp52\\\/wp-content\\\/uploads\\\/2011\\\/04\\\/planeta-Neptun.jpg\",\"keywords\":[\"astronomie\",\"atmosfer\u0103\",\"aurora polar\u0103\",\"Calea Lactee\",\"c\u00e2mp magnetic\",\"furtun\u0103 solar\u0103\",\"galaxie\",\"\u00eenc\u0103lzire global\u0103\",\"Jupiter\",\"Marte\",\"Neptun\",\"P\u0103m\u00e2nt\",\"pat\u0103\",\"planet\u0103\",\"Pluto\",\"poli\",\"S\u0103get\u0103torul pitic\",\"Saturn\",\"sistem solar\",\"Soare\",\"Stiinta\",\"Uranus\",\"Venus\",\"Voyager\"],\"articleSection\":[\"Stiinta\"],\"inLanguage\":\"ro-RO\",\"potentialAction\":[{\"@type\":\"CommentAction\",\"name\":\"Comment\",\"target\":[\"https:\\\/\\\/www.lovendal.ro\\\/wp52\\\/pentru-ca-suntem-la-intersectia-a-doua-galaxii-sistemul-nostru-solar-se-incalzeste\\\/#respond\"]}]},{\"@type\":\"WebPage\",\"@id\":\"https:\\\/\\\/www.lovendal.ro\\\/wp52\\\/pentru-ca-suntem-la-intersectia-a-doua-galaxii-sistemul-nostru-solar-se-incalzeste\\\/\",\"url\":\"https:\\\/\\\/www.lovendal.ro\\\/wp52\\\/pentru-ca-suntem-la-intersectia-a-doua-galaxii-sistemul-nostru-solar-se-incalzeste\\\/\",\"name\":\"Pentru c\u0103 suntem la intersec\u0163ia a dou\u0103 galaxii, sistemul nostru solar se \u201c\u00eenc\u0103lze\u015fte\u201d - Secretele lui Lovendal\",\"isPartOf\":{\"@id\":\"https:\\\/\\\/www.lovendal.ro\\\/wp52\\\/#website\"},\"primaryImageOfPage\":{\"@id\":\"https:\\\/\\\/www.lovendal.ro\\\/wp52\\\/pentru-ca-suntem-la-intersectia-a-doua-galaxii-sistemul-nostru-solar-se-incalzeste\\\/#primaryimage\"},\"image\":{\"@id\":\"https:\\\/\\\/www.lovendal.ro\\\/wp52\\\/pentru-ca-suntem-la-intersectia-a-doua-galaxii-sistemul-nostru-solar-se-incalzeste\\\/#primaryimage\"},\"thumbnailUrl\":\"https:\\\/\\\/www.lovendal.ro\\\/wp52\\\/wp-content\\\/uploads\\\/2011\\\/04\\\/planeta-Neptun.jpg\",\"datePublished\":\"2011-04-16T10:22:42+00:00\",\"dateModified\":\"2011-04-22T06:33:11+00:00\",\"breadcrumb\":{\"@id\":\"https:\\\/\\\/www.lovendal.ro\\\/wp52\\\/pentru-ca-suntem-la-intersectia-a-doua-galaxii-sistemul-nostru-solar-se-incalzeste\\\/#breadcrumb\"},\"inLanguage\":\"ro-RO\",\"potentialAction\":[{\"@type\":\"ReadAction\",\"target\":[\"https:\\\/\\\/www.lovendal.ro\\\/wp52\\\/pentru-ca-suntem-la-intersectia-a-doua-galaxii-sistemul-nostru-solar-se-incalzeste\\\/\"]}]},{\"@type\":\"ImageObject\",\"inLanguage\":\"ro-RO\",\"@id\":\"https:\\\/\\\/www.lovendal.ro\\\/wp52\\\/pentru-ca-suntem-la-intersectia-a-doua-galaxii-sistemul-nostru-solar-se-incalzeste\\\/#primaryimage\",\"url\":\"https:\\\/\\\/www.lovendal.ro\\\/wp52\\\/wp-content\\\/uploads\\\/2011\\\/04\\\/planeta-Neptun.jpg\",\"contentUrl\":\"https:\\\/\\\/www.lovendal.ro\\\/wp52\\\/wp-content\\\/uploads\\\/2011\\\/04\\\/planeta-Neptun.jpg\",\"width\":\"350\",\"height\":\"228\"},{\"@type\":\"BreadcrumbList\",\"@id\":\"https:\\\/\\\/www.lovendal.ro\\\/wp52\\\/pentru-ca-suntem-la-intersectia-a-doua-galaxii-sistemul-nostru-solar-se-incalzeste\\\/#breadcrumb\",\"itemListElement\":[{\"@type\":\"ListItem\",\"position\":1,\"name\":\"Home\",\"item\":\"https:\\\/\\\/www.lovendal.ro\\\/wp52\\\/\"},{\"@type\":\"ListItem\",\"position\":2,\"name\":\"Pentru c\u0103 suntem la intersec\u0163ia a dou\u0103 galaxii, sistemul nostru solar se \u201c\u00eenc\u0103lze\u015fte\u201d\"}]},{\"@type\":\"WebSite\",\"@id\":\"https:\\\/\\\/www.lovendal.ro\\\/wp52\\\/#website\",\"url\":\"https:\\\/\\\/www.lovendal.ro\\\/wp52\\\/\",\"name\":\"Secretele lui Lovendal\",\"description\":\"Site de secrete, stiinta si metafizica - din 2008 -\",\"publisher\":{\"@id\":\"https:\\\/\\\/www.lovendal.ro\\\/wp52\\\/#organization\"},\"potentialAction\":[{\"@type\":\"SearchAction\",\"target\":{\"@type\":\"EntryPoint\",\"urlTemplate\":\"https:\\\/\\\/www.lovendal.ro\\\/wp52\\\/?s={search_term_string}\"},\"query-input\":{\"@type\":\"PropertyValueSpecification\",\"valueRequired\":true,\"valueName\":\"search_term_string\"}}],\"inLanguage\":\"ro-RO\"},{\"@type\":\"Organization\",\"@id\":\"https:\\\/\\\/www.lovendal.ro\\\/wp52\\\/#organization\",\"name\":\"Secretele lui Lovendal\",\"url\":\"https:\\\/\\\/www.lovendal.ro\\\/wp52\\\/\",\"logo\":{\"@type\":\"ImageObject\",\"inLanguage\":\"ro-RO\",\"@id\":\"https:\\\/\\\/www.lovendal.ro\\\/wp52\\\/#\\\/schema\\\/logo\\\/image\\\/\",\"url\":\"https:\\\/\\\/www.lovendal.ro\\\/wp52\\\/wp-content\\\/uploads\\\/2024\\\/06\\\/cropped-SLL-iun-2024-1.jpg\",\"contentUrl\":\"https:\\\/\\\/www.lovendal.ro\\\/wp52\\\/wp-content\\\/uploads\\\/2024\\\/06\\\/cropped-SLL-iun-2024-1.jpg\",\"width\":771,\"height\":240,\"caption\":\"Secretele lui Lovendal\"},\"image\":{\"@id\":\"https:\\\/\\\/www.lovendal.ro\\\/wp52\\\/#\\\/schema\\\/logo\\\/image\\\/\"},\"sameAs\":[\"https:\\\/\\\/www.facebook.com\\\/secreteleluilovendal\"]},{\"@type\":\"Person\",\"@id\":\"https:\\\/\\\/www.lovendal.ro\\\/wp52\\\/#\\\/schema\\\/person\\\/088691de5dfc346bb0c023e1e52ef5d9\",\"name\":\"admin\",\"image\":{\"@type\":\"ImageObject\",\"inLanguage\":\"ro-RO\",\"@id\":\"https:\\\/\\\/secure.gravatar.com\\\/avatar\\\/ecb9cd41f5f63c9c9b989999a59f6e2639a865ec361e9db054db0679a8f341c2?s=96&d=mm&r=g\",\"url\":\"https:\\\/\\\/secure.gravatar.com\\\/avatar\\\/ecb9cd41f5f63c9c9b989999a59f6e2639a865ec361e9db054db0679a8f341c2?s=96&d=mm&r=g\",\"contentUrl\":\"https:\\\/\\\/secure.gravatar.com\\\/avatar\\\/ecb9cd41f5f63c9c9b989999a59f6e2639a865ec361e9db054db0679a8f341c2?s=96&d=mm&r=g\",\"caption\":\"admin\"},\"sameAs\":[\"https:\\\/\\\/www.lovendal.ro\\\/wp52\"]}]}<\/script>\n<!-- \/ Yoast SEO Premium plugin. -->","yoast_head_json":{"title":"Pentru c\u0103 suntem la intersec\u0163ia a dou\u0103 galaxii, sistemul nostru solar se \u201c\u00eenc\u0103lze\u015fte\u201d - Secretele lui Lovendal","robots":{"index":"index","follow":"follow","max-snippet":"max-snippet:-1","max-image-preview":"max-image-preview:large","max-video-preview":"max-video-preview:-1"},"canonical":"https:\/\/www.lovendal.ro\/wp52\/pentru-ca-suntem-la-intersectia-a-doua-galaxii-sistemul-nostru-solar-se-incalzeste\/","og_locale":"ro_RO","og_type":"article","og_title":"Pentru c\u0103 suntem la intersec\u0163ia a dou\u0103 galaxii, sistemul nostru solar se \u201c\u00eenc\u0103lze\u015fte\u201d","og_description":"\u00cen acest articol pe care l-am scris acum c\u00e2teva luni (https:\/\/www.lovendal.ro\/wp52\/noi-nu-apartinem-de-calea-lactee-ci-de-galaxia-pitica-sagetatorul\/) vorbeam despre faptul c\u0103 sistemul nostru solar a apar\u0163inut c\u00e2ndva nu de binecunoscuta Cale Lactee, ci de o galaxie pitic\u0103, denumit\u0103 galaxia S\u0103get\u0103torul. Ideea este urm\u0103toarea: uria\u015fa galaxie Calea ... Cititi mai multe","og_url":"https:\/\/www.lovendal.ro\/wp52\/pentru-ca-suntem-la-intersectia-a-doua-galaxii-sistemul-nostru-solar-se-incalzeste\/","og_site_name":"Secretele lui Lovendal","article_publisher":"https:\/\/www.facebook.com\/secreteleluilovendal","article_published_time":"2011-04-16T10:22:42+00:00","article_modified_time":"2011-04-22T06:33:11+00:00","og_image":[{"width":350,"height":228,"url":"https:\/\/www.lovendal.ro\/wp52\/wp-content\/uploads\/2011\/04\/planeta-Neptun.jpg","type":"image\/jpeg"}],"author":"admin","twitter_card":"summary_large_image","twitter_misc":{"Scris de":"admin","Timp estimat pentru citire":"5 minute"},"schema":{"@context":"https:\/\/schema.org","@graph":[{"@type":"Article","@id":"https:\/\/www.lovendal.ro\/wp52\/pentru-ca-suntem-la-intersectia-a-doua-galaxii-sistemul-nostru-solar-se-incalzeste\/#article","isPartOf":{"@id":"https:\/\/www.lovendal.ro\/wp52\/pentru-ca-suntem-la-intersectia-a-doua-galaxii-sistemul-nostru-solar-se-incalzeste\/"},"author":{"name":"admin","@id":"https:\/\/www.lovendal.ro\/wp52\/#\/schema\/person\/088691de5dfc346bb0c023e1e52ef5d9"},"headline":"Pentru c\u0103 suntem la intersec\u0163ia a dou\u0103 galaxii, sistemul nostru solar se \u201c\u00eenc\u0103lze\u015fte\u201d","datePublished":"2011-04-16T10:22:42+00:00","dateModified":"2011-04-22T06:33:11+00:00","mainEntityOfPage":{"@id":"https:\/\/www.lovendal.ro\/wp52\/pentru-ca-suntem-la-intersectia-a-doua-galaxii-sistemul-nostru-solar-se-incalzeste\/"},"wordCount":1008,"commentCount":10,"publisher":{"@id":"https:\/\/www.lovendal.ro\/wp52\/#organization"},"image":{"@id":"https:\/\/www.lovendal.ro\/wp52\/pentru-ca-suntem-la-intersectia-a-doua-galaxii-sistemul-nostru-solar-se-incalzeste\/#primaryimage"},"thumbnailUrl":"https:\/\/www.lovendal.ro\/wp52\/wp-content\/uploads\/2011\/04\/planeta-Neptun.jpg","keywords":["astronomie","atmosfer\u0103","aurora polar\u0103","Calea Lactee","c\u00e2mp magnetic","furtun\u0103 solar\u0103","galaxie","\u00eenc\u0103lzire global\u0103","Jupiter","Marte","Neptun","P\u0103m\u00e2nt","pat\u0103","planet\u0103","Pluto","poli","S\u0103get\u0103torul pitic","Saturn","sistem solar","Soare","Stiinta","Uranus","Venus","Voyager"],"articleSection":["Stiinta"],"inLanguage":"ro-RO","potentialAction":[{"@type":"CommentAction","name":"Comment","target":["https:\/\/www.lovendal.ro\/wp52\/pentru-ca-suntem-la-intersectia-a-doua-galaxii-sistemul-nostru-solar-se-incalzeste\/#respond"]}]},{"@type":"WebPage","@id":"https:\/\/www.lovendal.ro\/wp52\/pentru-ca-suntem-la-intersectia-a-doua-galaxii-sistemul-nostru-solar-se-incalzeste\/","url":"https:\/\/www.lovendal.ro\/wp52\/pentru-ca-suntem-la-intersectia-a-doua-galaxii-sistemul-nostru-solar-se-incalzeste\/","name":"Pentru c\u0103 suntem la intersec\u0163ia a dou\u0103 galaxii, sistemul nostru solar se \u201c\u00eenc\u0103lze\u015fte\u201d - Secretele lui Lovendal","isPartOf":{"@id":"https:\/\/www.lovendal.ro\/wp52\/#website"},"primaryImageOfPage":{"@id":"https:\/\/www.lovendal.ro\/wp52\/pentru-ca-suntem-la-intersectia-a-doua-galaxii-sistemul-nostru-solar-se-incalzeste\/#primaryimage"},"image":{"@id":"https:\/\/www.lovendal.ro\/wp52\/pentru-ca-suntem-la-intersectia-a-doua-galaxii-sistemul-nostru-solar-se-incalzeste\/#primaryimage"},"thumbnailUrl":"https:\/\/www.lovendal.ro\/wp52\/wp-content\/uploads\/2011\/04\/planeta-Neptun.jpg","datePublished":"2011-04-16T10:22:42+00:00","dateModified":"2011-04-22T06:33:11+00:00","breadcrumb":{"@id":"https:\/\/www.lovendal.ro\/wp52\/pentru-ca-suntem-la-intersectia-a-doua-galaxii-sistemul-nostru-solar-se-incalzeste\/#breadcrumb"},"inLanguage":"ro-RO","potentialAction":[{"@type":"ReadAction","target":["https:\/\/www.lovendal.ro\/wp52\/pentru-ca-suntem-la-intersectia-a-doua-galaxii-sistemul-nostru-solar-se-incalzeste\/"]}]},{"@type":"ImageObject","inLanguage":"ro-RO","@id":"https:\/\/www.lovendal.ro\/wp52\/pentru-ca-suntem-la-intersectia-a-doua-galaxii-sistemul-nostru-solar-se-incalzeste\/#primaryimage","url":"https:\/\/www.lovendal.ro\/wp52\/wp-content\/uploads\/2011\/04\/planeta-Neptun.jpg","contentUrl":"https:\/\/www.lovendal.ro\/wp52\/wp-content\/uploads\/2011\/04\/planeta-Neptun.jpg","width":"350","height":"228"},{"@type":"BreadcrumbList","@id":"https:\/\/www.lovendal.ro\/wp52\/pentru-ca-suntem-la-intersectia-a-doua-galaxii-sistemul-nostru-solar-se-incalzeste\/#breadcrumb","itemListElement":[{"@type":"ListItem","position":1,"name":"Home","item":"https:\/\/www.lovendal.ro\/wp52\/"},{"@type":"ListItem","position":2,"name":"Pentru c\u0103 suntem la intersec\u0163ia a dou\u0103 galaxii, sistemul nostru solar se \u201c\u00eenc\u0103lze\u015fte\u201d"}]},{"@type":"WebSite","@id":"https:\/\/www.lovendal.ro\/wp52\/#website","url":"https:\/\/www.lovendal.ro\/wp52\/","name":"Secretele lui Lovendal","description":"Site de secrete, stiinta si metafizica - din 2008 -","publisher":{"@id":"https:\/\/www.lovendal.ro\/wp52\/#organization"},"potentialAction":[{"@type":"SearchAction","target":{"@type":"EntryPoint","urlTemplate":"https:\/\/www.lovendal.ro\/wp52\/?s={search_term_string}"},"query-input":{"@type":"PropertyValueSpecification","valueRequired":true,"valueName":"search_term_string"}}],"inLanguage":"ro-RO"},{"@type":"Organization","@id":"https:\/\/www.lovendal.ro\/wp52\/#organization","name":"Secretele lui Lovendal","url":"https:\/\/www.lovendal.ro\/wp52\/","logo":{"@type":"ImageObject","inLanguage":"ro-RO","@id":"https:\/\/www.lovendal.ro\/wp52\/#\/schema\/logo\/image\/","url":"https:\/\/www.lovendal.ro\/wp52\/wp-content\/uploads\/2024\/06\/cropped-SLL-iun-2024-1.jpg","contentUrl":"https:\/\/www.lovendal.ro\/wp52\/wp-content\/uploads\/2024\/06\/cropped-SLL-iun-2024-1.jpg","width":771,"height":240,"caption":"Secretele lui Lovendal"},"image":{"@id":"https:\/\/www.lovendal.ro\/wp52\/#\/schema\/logo\/image\/"},"sameAs":["https:\/\/www.facebook.com\/secreteleluilovendal"]},{"@type":"Person","@id":"https:\/\/www.lovendal.ro\/wp52\/#\/schema\/person\/088691de5dfc346bb0c023e1e52ef5d9","name":"admin","image":{"@type":"ImageObject","inLanguage":"ro-RO","@id":"https:\/\/secure.gravatar.com\/avatar\/ecb9cd41f5f63c9c9b989999a59f6e2639a865ec361e9db054db0679a8f341c2?s=96&d=mm&r=g","url":"https:\/\/secure.gravatar.com\/avatar\/ecb9cd41f5f63c9c9b989999a59f6e2639a865ec361e9db054db0679a8f341c2?s=96&d=mm&r=g","contentUrl":"https:\/\/secure.gravatar.com\/avatar\/ecb9cd41f5f63c9c9b989999a59f6e2639a865ec361e9db054db0679a8f341c2?s=96&d=mm&r=g","caption":"admin"},"sameAs":["https:\/\/www.lovendal.ro\/wp52"]}]}},"_links":{"self":[{"href":"https:\/\/www.lovendal.ro\/wp52\/wp-json\/wp\/v2\/posts\/17924","targetHints":{"allow":["GET"]}}],"collection":[{"href":"https:\/\/www.lovendal.ro\/wp52\/wp-json\/wp\/v2\/posts"}],"about":[{"href":"https:\/\/www.lovendal.ro\/wp52\/wp-json\/wp\/v2\/types\/post"}],"author":[{"embeddable":true,"href":"https:\/\/www.lovendal.ro\/wp52\/wp-json\/wp\/v2\/users\/1"}],"replies":[{"embeddable":true,"href":"https:\/\/www.lovendal.ro\/wp52\/wp-json\/wp\/v2\/comments?post=17924"}],"version-history":[{"count":0,"href":"https:\/\/www.lovendal.ro\/wp52\/wp-json\/wp\/v2\/posts\/17924\/revisions"}],"wp:featuredmedia":[{"embeddable":true,"href":"https:\/\/www.lovendal.ro\/wp52\/wp-json\/wp\/v2\/media\/17926"}],"wp:attachment":[{"href":"https:\/\/www.lovendal.ro\/wp52\/wp-json\/wp\/v2\/media?parent=17924"}],"wp:term":[{"taxonomy":"category","embeddable":true,"href":"https:\/\/www.lovendal.ro\/wp52\/wp-json\/wp\/v2\/categories?post=17924"},{"taxonomy":"post_tag","embeddable":true,"href":"https:\/\/www.lovendal.ro\/wp52\/wp-json\/wp\/v2\/tags?post=17924"}],"curies":[{"name":"wp","href":"https:\/\/api.w.org\/{rel}","templated":true}]}}