{"id":17865,"date":"2011-04-12T08:18:51","date_gmt":"2011-04-12T05:18:51","guid":{"rendered":"http:\/\/www.lovendal.net\/wp52\/?p=17865"},"modified":"2011-04-12T08:18:51","modified_gmt":"2011-04-12T05:18:51","slug":"pigmeii-s-au-refugiat-pe-luna-in-urma-cu-zeci-de-mii-de-ani-si-au-devenit-apoi-extraterestri","status":"publish","type":"post","link":"https:\/\/www.lovendal.ro\/wp52\/pigmeii-s-au-refugiat-pe-luna-in-urma-cu-zeci-de-mii-de-ani-si-au-devenit-apoi-extraterestri\/","title":{"rendered":"Pigmeii s-au refugiat pe Lun\u0103 \u00een urm\u0103 cu zeci de mii de ani \u015fi au devenit apoi &#8222;extratere\u015ftri&#8221;"},"content":{"rendered":"<p><a href=\"https:\/\/www.lovendal.ro\/wp52\/wp-content\/uploads\/2011\/04\/extraterestri-pe-Luna.jpg\"><img loading=\"lazy\" decoding=\"async\" class=\"alignleft size-full wp-image-17866\" title=\"extraterestri pe Luna\" src=\"https:\/\/www.lovendal.ro\/wp52\/wp-content\/uploads\/2011\/04\/extraterestri-pe-Luna.jpg\" alt=\"\" width=\"301\" height=\"228\" srcset=\"https:\/\/www.lovendal.ro\/wp52\/wp-content\/uploads\/2011\/04\/extraterestri-pe-Luna.jpg 301w, https:\/\/www.lovendal.ro\/wp52\/wp-content\/uploads\/2011\/04\/extraterestri-pe-Luna-300x227.jpg 300w\" sizes=\"auto, (max-width: 301px) 100vw, 301px\" \/><\/a>Chiar \u015fi O.Z.N.-ologii conservatori au fost tenta\u0163i, de-a lungul timpului, s\u0103 fac\u0103 specula\u0163ii despre existen\u0163a extratere\u015ftrilor pe lun\u0103.<\/p>\n<p><strong>Podul de pe Lun\u0103, o iluzie optic\u0103?<\/strong><\/p>\n<p>De\u015fi respingea m\u0103rturiile \u00een aceast\u0103 chestiune f\u0103cute de persoane a\u015fa-zis contactate, Donald E. Keyhoe, maior \u00een retragere din corpul de avia\u0163ie \u015fi adept de frunte al fenomenului O.Z.N. din anii &#8217;50, s-a referit \u00eendelung la observa\u0163iile f\u0103cute de doi astronomi amatori, \u00een 1953, despre ceea ce ei considerau a fi un pod natural mare, care ar fi ap\u0103rut pe nea\u015fteptate \u00een craterul Mare Crisium. Keyhoe a scris c\u0103 aceast\u0103 apari\u0163ie brusc\u0103 excludea o explica\u0163ie natural\u0103. Lu\u00e2nd \u00een considera\u0163ie observa\u0163iile f\u0103cute de-a lungul a dou\u0103 secole despre luminile anormale de pe lun\u0103, el a declarat c\u0103 \u201epare de net\u0103g\u0103duit existen\u0163a vreunei rase inteligente pe lun\u0103&#8221;. Ulterior, astronomii au stabilit c\u0103 \u201epodul&#8221; era o iluzie optic\u0103.<\/p>\n<p><strong>Pigmeii de pe Lun\u0103<\/strong><\/p>\n<p>Alt scriitor din aceea\u015fi perioad\u0103, M. K. Jessup, a propus o ipotez\u0103 \u015fi mai fantastic\u0103. \u00cen cartea sa, <em>&#8222;Evolu\u0163ia situa\u0163iei O.Z.N.-urilor&#8221;<\/em> avanseaz\u0103 ideea c\u0103 Luna reprezint\u0103 cheia dezleg\u0103rii misterului. Cu zeci de mii de ani \u00een urm\u0103 (a scris Jessup) rasa pigmeilor, mult mai veche dec\u00e2t alte rase umane, a izbutit s\u0103 construiasc\u0103 o nav\u0103 spa\u0163ial\u0103 antigravita\u0163ional\u0103, cu ajutorul c\u0103reia s-au refugiat pe Lun\u0103 atunci c\u00e2nd cataclismele nimiceau alte civiliza\u0163ii avansate, cum au fost cele din Atlantida \u015fi Mu. Pigmeii continu\u0103 s\u0103 ne urm\u0103reasc\u0103 din s\u0103la\u015ful lor actual, iar aceasta constituie explica\u0163ia O.Z.N.-urilor \u015fi a \u201eOmule\u0163ilor&#8221; care c\u0103l\u0103toresc cu ele.<\/p>\n","protected":false},"excerpt":{"rendered":"<p>Chiar \u015fi O.Z.N.-ologii conservatori au fost tenta\u0163i, de-a lungul timpului, s\u0103 fac\u0103 specula\u0163ii despre existen\u0163a extratere\u015ftrilor pe lun\u0103. Podul de pe Lun\u0103, o iluzie optic\u0103? De\u015fi respingea m\u0103rturiile \u00een aceast\u0103 chestiune f\u0103cute de persoane a\u015fa-zis contactate, Donald E. Keyhoe, maior &#8230; <\/p>\n<p class=\"read-more-container\"><a title=\"Pigmeii s-au refugiat pe Lun\u0103 \u00een urm\u0103 cu zeci de mii de ani \u015fi au devenit apoi &#8222;extratere\u015ftri&#8221;\" class=\"read-more button\" href=\"https:\/\/www.lovendal.ro\/wp52\/pigmeii-s-au-refugiat-pe-luna-in-urma-cu-zeci-de-mii-de-ani-si-au-devenit-apoi-extraterestri\/#more-17865\" aria-label=\"Cite\u0219te mai multe despre Pigmeii s-au refugiat pe Lun\u0103 \u00een urm\u0103 cu zeci de mii de ani \u015fi au devenit apoi &#8222;extratere\u015ftri&#8221;\">Cititi mai multe<\/a><\/p>\n","protected":false},"author":1,"featured_media":17866,"comment_status":"open","ping_status":"closed","sticky":false,"template":"","format":"standard","meta":{"footnotes":""},"categories":[14],"tags":[192,51,149,50,9796],"class_list":["post-17865","post","type-post","status-publish","format-standard","has-post-thumbnail","hentry","category-paranormal-spiritualitate","tag-atlantida","tag-extraterestri","tag-luna","tag-ozn","tag-paranormal-spiritualitate","resize-featured-image"],"yoast_head":"<!-- This site is optimized with the Yoast SEO Premium plugin v23.3 (Yoast SEO v27.4) - https:\/\/yoast.com\/product\/yoast-seo-premium-wordpress\/ -->\n<title>Pigmeii s-au refugiat pe Lun\u0103 \u00een urm\u0103 cu zeci de mii de ani \u015fi au devenit apoi &quot;extratere\u015ftri&quot; - Secretele lui Lovendal<\/title>\n<meta name=\"robots\" content=\"index, follow, max-snippet:-1, max-image-preview:large, max-video-preview:-1\" \/>\n<link rel=\"canonical\" href=\"https:\/\/www.lovendal.ro\/wp52\/pigmeii-s-au-refugiat-pe-luna-in-urma-cu-zeci-de-mii-de-ani-si-au-devenit-apoi-extraterestri\/\" \/>\n<meta property=\"og:locale\" content=\"ro_RO\" \/>\n<meta property=\"og:type\" content=\"article\" \/>\n<meta property=\"og:title\" content=\"Pigmeii s-au refugiat pe Lun\u0103 \u00een urm\u0103 cu zeci de mii de ani \u015fi au devenit apoi &quot;extratere\u015ftri&quot;\" \/>\n<meta property=\"og:description\" content=\"Chiar \u015fi O.Z.N.-ologii conservatori au fost tenta\u0163i, de-a lungul timpului, s\u0103 fac\u0103 specula\u0163ii despre existen\u0163a extratere\u015ftrilor pe lun\u0103. Podul de pe Lun\u0103, o iluzie optic\u0103? De\u015fi respingea m\u0103rturiile \u00een aceast\u0103 chestiune f\u0103cute de persoane a\u015fa-zis contactate, Donald E. Keyhoe, maior ... Cititi mai multe\" \/>\n<meta property=\"og:url\" content=\"https:\/\/www.lovendal.ro\/wp52\/pigmeii-s-au-refugiat-pe-luna-in-urma-cu-zeci-de-mii-de-ani-si-au-devenit-apoi-extraterestri\/\" \/>\n<meta property=\"og:site_name\" content=\"Secretele lui Lovendal\" \/>\n<meta property=\"article:publisher\" content=\"https:\/\/www.facebook.com\/secreteleluilovendal\" \/>\n<meta property=\"article:published_time\" content=\"2011-04-12T05:18:51+00:00\" \/>\n<meta property=\"og:image\" content=\"https:\/\/www.lovendal.ro\/wp52\/wp-content\/uploads\/2011\/04\/extraterestri-pe-Luna.jpg\" \/>\n\t<meta property=\"og:image:width\" content=\"301\" \/>\n\t<meta property=\"og:image:height\" content=\"228\" \/>\n\t<meta property=\"og:image:type\" content=\"image\/jpeg\" \/>\n<meta name=\"author\" content=\"admin\" \/>\n<meta name=\"twitter:card\" content=\"summary_large_image\" \/>\n<meta name=\"twitter:label1\" content=\"Scris de\" \/>\n\t<meta name=\"twitter:data1\" content=\"admin\" \/>\n\t<meta name=\"twitter:label2\" content=\"Timp estimat pentru citire\" \/>\n\t<meta name=\"twitter:data2\" content=\"1 minut\" \/>\n<script type=\"application\/ld+json\" class=\"yoast-schema-graph\">{\"@context\":\"https:\\\/\\\/schema.org\",\"@graph\":[{\"@type\":\"Article\",\"@id\":\"https:\\\/\\\/www.lovendal.ro\\\/wp52\\\/pigmeii-s-au-refugiat-pe-luna-in-urma-cu-zeci-de-mii-de-ani-si-au-devenit-apoi-extraterestri\\\/#article\",\"isPartOf\":{\"@id\":\"https:\\\/\\\/www.lovendal.ro\\\/wp52\\\/pigmeii-s-au-refugiat-pe-luna-in-urma-cu-zeci-de-mii-de-ani-si-au-devenit-apoi-extraterestri\\\/\"},\"author\":{\"name\":\"admin\",\"@id\":\"https:\\\/\\\/www.lovendal.ro\\\/wp52\\\/#\\\/schema\\\/person\\\/088691de5dfc346bb0c023e1e52ef5d9\"},\"headline\":\"Pigmeii s-au refugiat pe Lun\u0103 \u00een urm\u0103 cu zeci de mii de ani \u015fi au devenit apoi &#8222;extratere\u015ftri&#8221;\",\"datePublished\":\"2011-04-12T05:18:51+00:00\",\"mainEntityOfPage\":{\"@id\":\"https:\\\/\\\/www.lovendal.ro\\\/wp52\\\/pigmeii-s-au-refugiat-pe-luna-in-urma-cu-zeci-de-mii-de-ani-si-au-devenit-apoi-extraterestri\\\/\"},\"wordCount\":310,\"commentCount\":19,\"publisher\":{\"@id\":\"https:\\\/\\\/www.lovendal.ro\\\/wp52\\\/#organization\"},\"image\":{\"@id\":\"https:\\\/\\\/www.lovendal.ro\\\/wp52\\\/pigmeii-s-au-refugiat-pe-luna-in-urma-cu-zeci-de-mii-de-ani-si-au-devenit-apoi-extraterestri\\\/#primaryimage\"},\"thumbnailUrl\":\"https:\\\/\\\/www.lovendal.ro\\\/wp52\\\/wp-content\\\/uploads\\\/2011\\\/04\\\/extraterestri-pe-Luna.jpg\",\"keywords\":[\"Atlantida\",\"extratere\u015ftri\",\"Lun\u0103\",\"OZN\",\"Paranormal-Spiritualitate\"],\"articleSection\":[\"Paranormal-Spiritualitate\"],\"inLanguage\":\"ro-RO\",\"potentialAction\":[{\"@type\":\"CommentAction\",\"name\":\"Comment\",\"target\":[\"https:\\\/\\\/www.lovendal.ro\\\/wp52\\\/pigmeii-s-au-refugiat-pe-luna-in-urma-cu-zeci-de-mii-de-ani-si-au-devenit-apoi-extraterestri\\\/#respond\"]}]},{\"@type\":\"WebPage\",\"@id\":\"https:\\\/\\\/www.lovendal.ro\\\/wp52\\\/pigmeii-s-au-refugiat-pe-luna-in-urma-cu-zeci-de-mii-de-ani-si-au-devenit-apoi-extraterestri\\\/\",\"url\":\"https:\\\/\\\/www.lovendal.ro\\\/wp52\\\/pigmeii-s-au-refugiat-pe-luna-in-urma-cu-zeci-de-mii-de-ani-si-au-devenit-apoi-extraterestri\\\/\",\"name\":\"Pigmeii s-au refugiat pe Lun\u0103 \u00een urm\u0103 cu zeci de mii de ani \u015fi au devenit apoi \\\"extratere\u015ftri\\\" - Secretele lui Lovendal\",\"isPartOf\":{\"@id\":\"https:\\\/\\\/www.lovendal.ro\\\/wp52\\\/#website\"},\"primaryImageOfPage\":{\"@id\":\"https:\\\/\\\/www.lovendal.ro\\\/wp52\\\/pigmeii-s-au-refugiat-pe-luna-in-urma-cu-zeci-de-mii-de-ani-si-au-devenit-apoi-extraterestri\\\/#primaryimage\"},\"image\":{\"@id\":\"https:\\\/\\\/www.lovendal.ro\\\/wp52\\\/pigmeii-s-au-refugiat-pe-luna-in-urma-cu-zeci-de-mii-de-ani-si-au-devenit-apoi-extraterestri\\\/#primaryimage\"},\"thumbnailUrl\":\"https:\\\/\\\/www.lovendal.ro\\\/wp52\\\/wp-content\\\/uploads\\\/2011\\\/04\\\/extraterestri-pe-Luna.jpg\",\"datePublished\":\"2011-04-12T05:18:51+00:00\",\"breadcrumb\":{\"@id\":\"https:\\\/\\\/www.lovendal.ro\\\/wp52\\\/pigmeii-s-au-refugiat-pe-luna-in-urma-cu-zeci-de-mii-de-ani-si-au-devenit-apoi-extraterestri\\\/#breadcrumb\"},\"inLanguage\":\"ro-RO\",\"potentialAction\":[{\"@type\":\"ReadAction\",\"target\":[\"https:\\\/\\\/www.lovendal.ro\\\/wp52\\\/pigmeii-s-au-refugiat-pe-luna-in-urma-cu-zeci-de-mii-de-ani-si-au-devenit-apoi-extraterestri\\\/\"]}]},{\"@type\":\"ImageObject\",\"inLanguage\":\"ro-RO\",\"@id\":\"https:\\\/\\\/www.lovendal.ro\\\/wp52\\\/pigmeii-s-au-refugiat-pe-luna-in-urma-cu-zeci-de-mii-de-ani-si-au-devenit-apoi-extraterestri\\\/#primaryimage\",\"url\":\"https:\\\/\\\/www.lovendal.ro\\\/wp52\\\/wp-content\\\/uploads\\\/2011\\\/04\\\/extraterestri-pe-Luna.jpg\",\"contentUrl\":\"https:\\\/\\\/www.lovendal.ro\\\/wp52\\\/wp-content\\\/uploads\\\/2011\\\/04\\\/extraterestri-pe-Luna.jpg\",\"width\":\"301\",\"height\":\"228\"},{\"@type\":\"BreadcrumbList\",\"@id\":\"https:\\\/\\\/www.lovendal.ro\\\/wp52\\\/pigmeii-s-au-refugiat-pe-luna-in-urma-cu-zeci-de-mii-de-ani-si-au-devenit-apoi-extraterestri\\\/#breadcrumb\",\"itemListElement\":[{\"@type\":\"ListItem\",\"position\":1,\"name\":\"Home\",\"item\":\"https:\\\/\\\/www.lovendal.ro\\\/wp52\\\/\"},{\"@type\":\"ListItem\",\"position\":2,\"name\":\"Pigmeii s-au refugiat pe Lun\u0103 \u00een urm\u0103 cu zeci de mii de ani \u015fi au devenit apoi &#8222;extratere\u015ftri&#8221;\"}]},{\"@type\":\"WebSite\",\"@id\":\"https:\\\/\\\/www.lovendal.ro\\\/wp52\\\/#website\",\"url\":\"https:\\\/\\\/www.lovendal.ro\\\/wp52\\\/\",\"name\":\"Secretele lui Lovendal\",\"description\":\"Site de secrete, stiinta si metafizica - din 2008 -\",\"publisher\":{\"@id\":\"https:\\\/\\\/www.lovendal.ro\\\/wp52\\\/#organization\"},\"potentialAction\":[{\"@type\":\"SearchAction\",\"target\":{\"@type\":\"EntryPoint\",\"urlTemplate\":\"https:\\\/\\\/www.lovendal.ro\\\/wp52\\\/?s={search_term_string}\"},\"query-input\":{\"@type\":\"PropertyValueSpecification\",\"valueRequired\":true,\"valueName\":\"search_term_string\"}}],\"inLanguage\":\"ro-RO\"},{\"@type\":\"Organization\",\"@id\":\"https:\\\/\\\/www.lovendal.ro\\\/wp52\\\/#organization\",\"name\":\"Secretele lui Lovendal\",\"url\":\"https:\\\/\\\/www.lovendal.ro\\\/wp52\\\/\",\"logo\":{\"@type\":\"ImageObject\",\"inLanguage\":\"ro-RO\",\"@id\":\"https:\\\/\\\/www.lovendal.ro\\\/wp52\\\/#\\\/schema\\\/logo\\\/image\\\/\",\"url\":\"https:\\\/\\\/www.lovendal.ro\\\/wp52\\\/wp-content\\\/uploads\\\/2024\\\/06\\\/cropped-SLL-iun-2024-1.jpg\",\"contentUrl\":\"https:\\\/\\\/www.lovendal.ro\\\/wp52\\\/wp-content\\\/uploads\\\/2024\\\/06\\\/cropped-SLL-iun-2024-1.jpg\",\"width\":771,\"height\":240,\"caption\":\"Secretele lui Lovendal\"},\"image\":{\"@id\":\"https:\\\/\\\/www.lovendal.ro\\\/wp52\\\/#\\\/schema\\\/logo\\\/image\\\/\"},\"sameAs\":[\"https:\\\/\\\/www.facebook.com\\\/secreteleluilovendal\"]},{\"@type\":\"Person\",\"@id\":\"https:\\\/\\\/www.lovendal.ro\\\/wp52\\\/#\\\/schema\\\/person\\\/088691de5dfc346bb0c023e1e52ef5d9\",\"name\":\"admin\",\"image\":{\"@type\":\"ImageObject\",\"inLanguage\":\"ro-RO\",\"@id\":\"https:\\\/\\\/secure.gravatar.com\\\/avatar\\\/ecb9cd41f5f63c9c9b989999a59f6e2639a865ec361e9db054db0679a8f341c2?s=96&d=mm&r=g\",\"url\":\"https:\\\/\\\/secure.gravatar.com\\\/avatar\\\/ecb9cd41f5f63c9c9b989999a59f6e2639a865ec361e9db054db0679a8f341c2?s=96&d=mm&r=g\",\"contentUrl\":\"https:\\\/\\\/secure.gravatar.com\\\/avatar\\\/ecb9cd41f5f63c9c9b989999a59f6e2639a865ec361e9db054db0679a8f341c2?s=96&d=mm&r=g\",\"caption\":\"admin\"},\"sameAs\":[\"https:\\\/\\\/www.lovendal.ro\\\/wp52\"]}]}<\/script>\n<!-- \/ Yoast SEO Premium plugin. -->","yoast_head_json":{"title":"Pigmeii s-au refugiat pe Lun\u0103 \u00een urm\u0103 cu zeci de mii de ani \u015fi au devenit apoi \"extratere\u015ftri\" - Secretele lui Lovendal","robots":{"index":"index","follow":"follow","max-snippet":"max-snippet:-1","max-image-preview":"max-image-preview:large","max-video-preview":"max-video-preview:-1"},"canonical":"https:\/\/www.lovendal.ro\/wp52\/pigmeii-s-au-refugiat-pe-luna-in-urma-cu-zeci-de-mii-de-ani-si-au-devenit-apoi-extraterestri\/","og_locale":"ro_RO","og_type":"article","og_title":"Pigmeii s-au refugiat pe Lun\u0103 \u00een urm\u0103 cu zeci de mii de ani \u015fi au devenit apoi \"extratere\u015ftri\"","og_description":"Chiar \u015fi O.Z.N.-ologii conservatori au fost tenta\u0163i, de-a lungul timpului, s\u0103 fac\u0103 specula\u0163ii despre existen\u0163a extratere\u015ftrilor pe lun\u0103. Podul de pe Lun\u0103, o iluzie optic\u0103? De\u015fi respingea m\u0103rturiile \u00een aceast\u0103 chestiune f\u0103cute de persoane a\u015fa-zis contactate, Donald E. Keyhoe, maior ... Cititi mai multe","og_url":"https:\/\/www.lovendal.ro\/wp52\/pigmeii-s-au-refugiat-pe-luna-in-urma-cu-zeci-de-mii-de-ani-si-au-devenit-apoi-extraterestri\/","og_site_name":"Secretele lui Lovendal","article_publisher":"https:\/\/www.facebook.com\/secreteleluilovendal","article_published_time":"2011-04-12T05:18:51+00:00","og_image":[{"width":301,"height":228,"url":"https:\/\/www.lovendal.ro\/wp52\/wp-content\/uploads\/2011\/04\/extraterestri-pe-Luna.jpg","type":"image\/jpeg"}],"author":"admin","twitter_card":"summary_large_image","twitter_misc":{"Scris de":"admin","Timp estimat pentru citire":"1 minut"},"schema":{"@context":"https:\/\/schema.org","@graph":[{"@type":"Article","@id":"https:\/\/www.lovendal.ro\/wp52\/pigmeii-s-au-refugiat-pe-luna-in-urma-cu-zeci-de-mii-de-ani-si-au-devenit-apoi-extraterestri\/#article","isPartOf":{"@id":"https:\/\/www.lovendal.ro\/wp52\/pigmeii-s-au-refugiat-pe-luna-in-urma-cu-zeci-de-mii-de-ani-si-au-devenit-apoi-extraterestri\/"},"author":{"name":"admin","@id":"https:\/\/www.lovendal.ro\/wp52\/#\/schema\/person\/088691de5dfc346bb0c023e1e52ef5d9"},"headline":"Pigmeii s-au refugiat pe Lun\u0103 \u00een urm\u0103 cu zeci de mii de ani \u015fi au devenit apoi &#8222;extratere\u015ftri&#8221;","datePublished":"2011-04-12T05:18:51+00:00","mainEntityOfPage":{"@id":"https:\/\/www.lovendal.ro\/wp52\/pigmeii-s-au-refugiat-pe-luna-in-urma-cu-zeci-de-mii-de-ani-si-au-devenit-apoi-extraterestri\/"},"wordCount":310,"commentCount":19,"publisher":{"@id":"https:\/\/www.lovendal.ro\/wp52\/#organization"},"image":{"@id":"https:\/\/www.lovendal.ro\/wp52\/pigmeii-s-au-refugiat-pe-luna-in-urma-cu-zeci-de-mii-de-ani-si-au-devenit-apoi-extraterestri\/#primaryimage"},"thumbnailUrl":"https:\/\/www.lovendal.ro\/wp52\/wp-content\/uploads\/2011\/04\/extraterestri-pe-Luna.jpg","keywords":["Atlantida","extratere\u015ftri","Lun\u0103","OZN","Paranormal-Spiritualitate"],"articleSection":["Paranormal-Spiritualitate"],"inLanguage":"ro-RO","potentialAction":[{"@type":"CommentAction","name":"Comment","target":["https:\/\/www.lovendal.ro\/wp52\/pigmeii-s-au-refugiat-pe-luna-in-urma-cu-zeci-de-mii-de-ani-si-au-devenit-apoi-extraterestri\/#respond"]}]},{"@type":"WebPage","@id":"https:\/\/www.lovendal.ro\/wp52\/pigmeii-s-au-refugiat-pe-luna-in-urma-cu-zeci-de-mii-de-ani-si-au-devenit-apoi-extraterestri\/","url":"https:\/\/www.lovendal.ro\/wp52\/pigmeii-s-au-refugiat-pe-luna-in-urma-cu-zeci-de-mii-de-ani-si-au-devenit-apoi-extraterestri\/","name":"Pigmeii s-au refugiat pe Lun\u0103 \u00een urm\u0103 cu zeci de mii de ani \u015fi au devenit apoi \"extratere\u015ftri\" - Secretele lui Lovendal","isPartOf":{"@id":"https:\/\/www.lovendal.ro\/wp52\/#website"},"primaryImageOfPage":{"@id":"https:\/\/www.lovendal.ro\/wp52\/pigmeii-s-au-refugiat-pe-luna-in-urma-cu-zeci-de-mii-de-ani-si-au-devenit-apoi-extraterestri\/#primaryimage"},"image":{"@id":"https:\/\/www.lovendal.ro\/wp52\/pigmeii-s-au-refugiat-pe-luna-in-urma-cu-zeci-de-mii-de-ani-si-au-devenit-apoi-extraterestri\/#primaryimage"},"thumbnailUrl":"https:\/\/www.lovendal.ro\/wp52\/wp-content\/uploads\/2011\/04\/extraterestri-pe-Luna.jpg","datePublished":"2011-04-12T05:18:51+00:00","breadcrumb":{"@id":"https:\/\/www.lovendal.ro\/wp52\/pigmeii-s-au-refugiat-pe-luna-in-urma-cu-zeci-de-mii-de-ani-si-au-devenit-apoi-extraterestri\/#breadcrumb"},"inLanguage":"ro-RO","potentialAction":[{"@type":"ReadAction","target":["https:\/\/www.lovendal.ro\/wp52\/pigmeii-s-au-refugiat-pe-luna-in-urma-cu-zeci-de-mii-de-ani-si-au-devenit-apoi-extraterestri\/"]}]},{"@type":"ImageObject","inLanguage":"ro-RO","@id":"https:\/\/www.lovendal.ro\/wp52\/pigmeii-s-au-refugiat-pe-luna-in-urma-cu-zeci-de-mii-de-ani-si-au-devenit-apoi-extraterestri\/#primaryimage","url":"https:\/\/www.lovendal.ro\/wp52\/wp-content\/uploads\/2011\/04\/extraterestri-pe-Luna.jpg","contentUrl":"https:\/\/www.lovendal.ro\/wp52\/wp-content\/uploads\/2011\/04\/extraterestri-pe-Luna.jpg","width":"301","height":"228"},{"@type":"BreadcrumbList","@id":"https:\/\/www.lovendal.ro\/wp52\/pigmeii-s-au-refugiat-pe-luna-in-urma-cu-zeci-de-mii-de-ani-si-au-devenit-apoi-extraterestri\/#breadcrumb","itemListElement":[{"@type":"ListItem","position":1,"name":"Home","item":"https:\/\/www.lovendal.ro\/wp52\/"},{"@type":"ListItem","position":2,"name":"Pigmeii s-au refugiat pe Lun\u0103 \u00een urm\u0103 cu zeci de mii de ani \u015fi au devenit apoi &#8222;extratere\u015ftri&#8221;"}]},{"@type":"WebSite","@id":"https:\/\/www.lovendal.ro\/wp52\/#website","url":"https:\/\/www.lovendal.ro\/wp52\/","name":"Secretele lui Lovendal","description":"Site de secrete, stiinta si metafizica - din 2008 -","publisher":{"@id":"https:\/\/www.lovendal.ro\/wp52\/#organization"},"potentialAction":[{"@type":"SearchAction","target":{"@type":"EntryPoint","urlTemplate":"https:\/\/www.lovendal.ro\/wp52\/?s={search_term_string}"},"query-input":{"@type":"PropertyValueSpecification","valueRequired":true,"valueName":"search_term_string"}}],"inLanguage":"ro-RO"},{"@type":"Organization","@id":"https:\/\/www.lovendal.ro\/wp52\/#organization","name":"Secretele lui Lovendal","url":"https:\/\/www.lovendal.ro\/wp52\/","logo":{"@type":"ImageObject","inLanguage":"ro-RO","@id":"https:\/\/www.lovendal.ro\/wp52\/#\/schema\/logo\/image\/","url":"https:\/\/www.lovendal.ro\/wp52\/wp-content\/uploads\/2024\/06\/cropped-SLL-iun-2024-1.jpg","contentUrl":"https:\/\/www.lovendal.ro\/wp52\/wp-content\/uploads\/2024\/06\/cropped-SLL-iun-2024-1.jpg","width":771,"height":240,"caption":"Secretele lui Lovendal"},"image":{"@id":"https:\/\/www.lovendal.ro\/wp52\/#\/schema\/logo\/image\/"},"sameAs":["https:\/\/www.facebook.com\/secreteleluilovendal"]},{"@type":"Person","@id":"https:\/\/www.lovendal.ro\/wp52\/#\/schema\/person\/088691de5dfc346bb0c023e1e52ef5d9","name":"admin","image":{"@type":"ImageObject","inLanguage":"ro-RO","@id":"https:\/\/secure.gravatar.com\/avatar\/ecb9cd41f5f63c9c9b989999a59f6e2639a865ec361e9db054db0679a8f341c2?s=96&d=mm&r=g","url":"https:\/\/secure.gravatar.com\/avatar\/ecb9cd41f5f63c9c9b989999a59f6e2639a865ec361e9db054db0679a8f341c2?s=96&d=mm&r=g","contentUrl":"https:\/\/secure.gravatar.com\/avatar\/ecb9cd41f5f63c9c9b989999a59f6e2639a865ec361e9db054db0679a8f341c2?s=96&d=mm&r=g","caption":"admin"},"sameAs":["https:\/\/www.lovendal.ro\/wp52"]}]}},"_links":{"self":[{"href":"https:\/\/www.lovendal.ro\/wp52\/wp-json\/wp\/v2\/posts\/17865","targetHints":{"allow":["GET"]}}],"collection":[{"href":"https:\/\/www.lovendal.ro\/wp52\/wp-json\/wp\/v2\/posts"}],"about":[{"href":"https:\/\/www.lovendal.ro\/wp52\/wp-json\/wp\/v2\/types\/post"}],"author":[{"embeddable":true,"href":"https:\/\/www.lovendal.ro\/wp52\/wp-json\/wp\/v2\/users\/1"}],"replies":[{"embeddable":true,"href":"https:\/\/www.lovendal.ro\/wp52\/wp-json\/wp\/v2\/comments?post=17865"}],"version-history":[{"count":0,"href":"https:\/\/www.lovendal.ro\/wp52\/wp-json\/wp\/v2\/posts\/17865\/revisions"}],"wp:featuredmedia":[{"embeddable":true,"href":"https:\/\/www.lovendal.ro\/wp52\/wp-json\/wp\/v2\/media\/17866"}],"wp:attachment":[{"href":"https:\/\/www.lovendal.ro\/wp52\/wp-json\/wp\/v2\/media?parent=17865"}],"wp:term":[{"taxonomy":"category","embeddable":true,"href":"https:\/\/www.lovendal.ro\/wp52\/wp-json\/wp\/v2\/categories?post=17865"},{"taxonomy":"post_tag","embeddable":true,"href":"https:\/\/www.lovendal.ro\/wp52\/wp-json\/wp\/v2\/tags?post=17865"}],"curies":[{"name":"wp","href":"https:\/\/api.w.org\/{rel}","templated":true}]}}