{"id":17782,"date":"2011-04-06T09:06:46","date_gmt":"2011-04-06T06:06:46","guid":{"rendered":"http:\/\/www.lovendal.net\/wp52\/?p=17782"},"modified":"2011-04-06T13:01:34","modified_gmt":"2011-04-06T10:01:34","slug":"o-fata-din-germania-calareste-o-vaca-de-parca-ar-fi-un-cal","status":"publish","type":"post","link":"https:\/\/www.lovendal.ro\/wp52\/o-fata-din-germania-calareste-o-vaca-de-parca-ar-fi-un-cal\/","title":{"rendered":"O fat\u0103 din Germania c\u0103l\u0103re\u015fte o vac\u0103, de parc\u0103 ar fi un cal"},"content":{"rendered":"<p><a href=\"https:\/\/www.lovendal.ro\/wp52\/wp-content\/uploads\/2011\/04\/calare-pe-vaca.jpg\"><img loading=\"lazy\" decoding=\"async\" class=\"alignleft size-full wp-image-17784\" title=\"calare pe vaca\" src=\"https:\/\/www.lovendal.ro\/wp52\/wp-content\/uploads\/2011\/04\/calare-pe-vaca.jpg\" alt=\"\" width=\"297\" height=\"239\" \/><\/a>\u015etirea aceasta mi s-a p\u0103rut chiar amuzant\u0103:<\/p>\n<p>Regina Mayer, o fat\u0103 de 15 ani din Laufen (sudul Germaniei), c\u0103l\u0103re\u015fte pe vaca sa, Luna, de parc\u0103 ar face-o pe un cal bine antrenat. Fata \u015fi-a dorit \u00eentotdeauna propriul ei cal, dar p\u0103rin\u0163ii i-au spus &#8222;nu&#8221;&#8230;\u015fi, din moment ce fata avea la dispozi\u0163ie doar vaci la ferma sa, s-a decis s\u0103 \u00eencerce s\u0103 c\u0103l\u0103reasc\u0103 una. \u015ei, dup\u0103 c\u00e2teva sute de ore de antrenament, ea a reu\u015fit s-o \u00eenve\u0163e pe Luna s\u0103 sar\u0103 peste obstacole, exact cum ar face-o un cal!<\/p>\n<p>Regina \u015fi-a dat seama c\u0103 Luna era special\u0103, \u00eenc\u0103 de c\u00e2nd s-a n\u0103scut, \u00een urm\u0103 cu trei ani. Vi\u0163ica a venit drept la ea, nefiind timid\u0103 ca ceilal\u0163i vi\u0163ei, iar de atunci \u00eentre ele s-a n\u0103scut o prietenie special\u0103. Fata a \u00eenceput s\u0103 o c\u0103l\u0103reasc\u0103 pe Luna \u00een urm\u0103 cu 6 luni de zile; ea a contactat chiar o \u015fcoal\u0103 de c\u0103l\u0103rie din Elve\u0163ia, care a \u00eenv\u0103\u0163at-o c\u00e2teva trucuri \u00een a antrena \u015fi echipa o vac\u0103, la fel cum se face \u015fi cu un cal. Regina face plimb\u0103ri \u00een jurul fermei sale, c\u0103lare pe vaca Luna, care prime\u015fte de la st\u0103p\u00e2na sa, drept r\u0103splat\u0103, ni\u015fte morcovi delicio\u015fi la fiecare ie\u015fire.<\/p>\n<p>Adolescenta german\u0103 mai spune c\u0103 Luna este, f\u0103r\u0103 \u00eendoial\u0103, o vac\u0103 extrem de inteligent\u0103, c\u0103reia \u00eei cunoa\u015fte limitele. Acum vaca este capabil\u0103 s\u0103 sar\u0103 peste obstacole de 1 metru \u00een\u0103l\u0163ime, dar c\u0103 anul acesta va reu\u015fi s\u0103 sar\u0103 peste 1,20 de metri. Vaca i-a devenit prietena ei cea mai bun\u0103, urm\u00e2nd-o pe Regina oriunde s-ar duce, lucru pe care un cal nu l-ar face.<\/p>\n<p>Sursa: <a href=\"http:\/\/kurier.at\/nachrichten\/2080176.php\" target=\"_blank\"><strong>Kurier.at<\/strong><\/a><\/p>\n","protected":false},"excerpt":{"rendered":"<p>\u015etirea aceasta mi s-a p\u0103rut chiar amuzant\u0103: Regina Mayer, o fat\u0103 de 15 ani din Laufen (sudul Germaniei), c\u0103l\u0103re\u015fte pe vaca sa, Luna, de parc\u0103 ar face-o pe un cal bine antrenat. Fata \u015fi-a dorit \u00eentotdeauna propriul ei cal, dar &#8230; <\/p>\n<p class=\"read-more-container\"><a title=\"O fat\u0103 din Germania c\u0103l\u0103re\u015fte o vac\u0103, de parc\u0103 ar fi un cal\" class=\"read-more button\" href=\"https:\/\/www.lovendal.ro\/wp52\/o-fata-din-germania-calareste-o-vaca-de-parca-ar-fi-un-cal\/#more-17782\" aria-label=\"Cite\u0219te mai multe despre O fat\u0103 din Germania c\u0103l\u0103re\u015fte o vac\u0103, de parc\u0103 ar fi un cal\">Cititi mai multe<\/a><\/p>\n","protected":false},"author":1,"featured_media":17784,"comment_status":"open","ping_status":"closed","sticky":false,"template":"","format":"standard","meta":{"footnotes":""},"categories":[1852],"tags":[240,2858,203,9809,283],"class_list":["post-17782","post","type-post","status-publish","format-standard","has-post-thumbnail","hentry","category-incredibil","tag-cal","tag-fata","tag-germania","tag-incredibil","tag-vaca","resize-featured-image"],"yoast_head":"<!-- This site is optimized with the Yoast SEO Premium plugin v23.3 (Yoast SEO v27.4) - https:\/\/yoast.com\/product\/yoast-seo-premium-wordpress\/ -->\n<title>O fat\u0103 din Germania c\u0103l\u0103re\u015fte o vac\u0103, de parc\u0103 ar fi un cal - Secretele lui Lovendal<\/title>\n<meta name=\"robots\" content=\"index, follow, max-snippet:-1, max-image-preview:large, max-video-preview:-1\" \/>\n<link rel=\"canonical\" href=\"https:\/\/www.lovendal.ro\/wp52\/o-fata-din-germania-calareste-o-vaca-de-parca-ar-fi-un-cal\/\" \/>\n<meta property=\"og:locale\" content=\"ro_RO\" \/>\n<meta property=\"og:type\" content=\"article\" \/>\n<meta property=\"og:title\" content=\"O fat\u0103 din Germania c\u0103l\u0103re\u015fte o vac\u0103, de parc\u0103 ar fi un cal\" \/>\n<meta property=\"og:description\" content=\"\u015etirea aceasta mi s-a p\u0103rut chiar amuzant\u0103: Regina Mayer, o fat\u0103 de 15 ani din Laufen (sudul Germaniei), c\u0103l\u0103re\u015fte pe vaca sa, Luna, de parc\u0103 ar face-o pe un cal bine antrenat. Fata \u015fi-a dorit \u00eentotdeauna propriul ei cal, dar ... Cititi mai multe\" \/>\n<meta property=\"og:url\" content=\"https:\/\/www.lovendal.ro\/wp52\/o-fata-din-germania-calareste-o-vaca-de-parca-ar-fi-un-cal\/\" \/>\n<meta property=\"og:site_name\" content=\"Secretele lui Lovendal\" \/>\n<meta property=\"article:publisher\" content=\"https:\/\/www.facebook.com\/secreteleluilovendal\" \/>\n<meta property=\"article:published_time\" content=\"2011-04-06T06:06:46+00:00\" \/>\n<meta property=\"article:modified_time\" content=\"2011-04-06T10:01:34+00:00\" \/>\n<meta property=\"og:image\" content=\"https:\/\/www.lovendal.ro\/wp52\/wp-content\/uploads\/2011\/04\/calare-pe-vaca.jpg\" \/>\n\t<meta property=\"og:image:width\" content=\"297\" \/>\n\t<meta property=\"og:image:height\" content=\"239\" \/>\n\t<meta property=\"og:image:type\" content=\"image\/jpeg\" \/>\n<meta name=\"author\" content=\"admin\" \/>\n<meta name=\"twitter:card\" content=\"summary_large_image\" \/>\n<meta name=\"twitter:label1\" content=\"Scris de\" \/>\n\t<meta name=\"twitter:data1\" content=\"admin\" \/>\n\t<meta name=\"twitter:label2\" content=\"Timp estimat pentru citire\" \/>\n\t<meta name=\"twitter:data2\" content=\"2 minute\" \/>\n<script type=\"application\/ld+json\" class=\"yoast-schema-graph\">{\"@context\":\"https:\\\/\\\/schema.org\",\"@graph\":[{\"@type\":\"Article\",\"@id\":\"https:\\\/\\\/www.lovendal.ro\\\/wp52\\\/o-fata-din-germania-calareste-o-vaca-de-parca-ar-fi-un-cal\\\/#article\",\"isPartOf\":{\"@id\":\"https:\\\/\\\/www.lovendal.ro\\\/wp52\\\/o-fata-din-germania-calareste-o-vaca-de-parca-ar-fi-un-cal\\\/\"},\"author\":{\"name\":\"admin\",\"@id\":\"https:\\\/\\\/www.lovendal.ro\\\/wp52\\\/#\\\/schema\\\/person\\\/088691de5dfc346bb0c023e1e52ef5d9\"},\"headline\":\"O fat\u0103 din Germania c\u0103l\u0103re\u015fte o vac\u0103, de parc\u0103 ar fi un cal\",\"datePublished\":\"2011-04-06T06:06:46+00:00\",\"dateModified\":\"2011-04-06T10:01:34+00:00\",\"mainEntityOfPage\":{\"@id\":\"https:\\\/\\\/www.lovendal.ro\\\/wp52\\\/o-fata-din-germania-calareste-o-vaca-de-parca-ar-fi-un-cal\\\/\"},\"wordCount\":319,\"commentCount\":10,\"publisher\":{\"@id\":\"https:\\\/\\\/www.lovendal.ro\\\/wp52\\\/#organization\"},\"image\":{\"@id\":\"https:\\\/\\\/www.lovendal.ro\\\/wp52\\\/o-fata-din-germania-calareste-o-vaca-de-parca-ar-fi-un-cal\\\/#primaryimage\"},\"thumbnailUrl\":\"https:\\\/\\\/www.lovendal.ro\\\/wp52\\\/wp-content\\\/uploads\\\/2011\\\/04\\\/calare-pe-vaca.jpg\",\"keywords\":[\"cal\",\"fat\u0103\",\"Germania\",\"Incredibil!\",\"vac\u0103\"],\"articleSection\":[\"Incredibil!\"],\"inLanguage\":\"ro-RO\",\"potentialAction\":[{\"@type\":\"CommentAction\",\"name\":\"Comment\",\"target\":[\"https:\\\/\\\/www.lovendal.ro\\\/wp52\\\/o-fata-din-germania-calareste-o-vaca-de-parca-ar-fi-un-cal\\\/#respond\"]}]},{\"@type\":\"WebPage\",\"@id\":\"https:\\\/\\\/www.lovendal.ro\\\/wp52\\\/o-fata-din-germania-calareste-o-vaca-de-parca-ar-fi-un-cal\\\/\",\"url\":\"https:\\\/\\\/www.lovendal.ro\\\/wp52\\\/o-fata-din-germania-calareste-o-vaca-de-parca-ar-fi-un-cal\\\/\",\"name\":\"O fat\u0103 din Germania c\u0103l\u0103re\u015fte o vac\u0103, de parc\u0103 ar fi un cal - Secretele lui Lovendal\",\"isPartOf\":{\"@id\":\"https:\\\/\\\/www.lovendal.ro\\\/wp52\\\/#website\"},\"primaryImageOfPage\":{\"@id\":\"https:\\\/\\\/www.lovendal.ro\\\/wp52\\\/o-fata-din-germania-calareste-o-vaca-de-parca-ar-fi-un-cal\\\/#primaryimage\"},\"image\":{\"@id\":\"https:\\\/\\\/www.lovendal.ro\\\/wp52\\\/o-fata-din-germania-calareste-o-vaca-de-parca-ar-fi-un-cal\\\/#primaryimage\"},\"thumbnailUrl\":\"https:\\\/\\\/www.lovendal.ro\\\/wp52\\\/wp-content\\\/uploads\\\/2011\\\/04\\\/calare-pe-vaca.jpg\",\"datePublished\":\"2011-04-06T06:06:46+00:00\",\"dateModified\":\"2011-04-06T10:01:34+00:00\",\"breadcrumb\":{\"@id\":\"https:\\\/\\\/www.lovendal.ro\\\/wp52\\\/o-fata-din-germania-calareste-o-vaca-de-parca-ar-fi-un-cal\\\/#breadcrumb\"},\"inLanguage\":\"ro-RO\",\"potentialAction\":[{\"@type\":\"ReadAction\",\"target\":[\"https:\\\/\\\/www.lovendal.ro\\\/wp52\\\/o-fata-din-germania-calareste-o-vaca-de-parca-ar-fi-un-cal\\\/\"]}]},{\"@type\":\"ImageObject\",\"inLanguage\":\"ro-RO\",\"@id\":\"https:\\\/\\\/www.lovendal.ro\\\/wp52\\\/o-fata-din-germania-calareste-o-vaca-de-parca-ar-fi-un-cal\\\/#primaryimage\",\"url\":\"https:\\\/\\\/www.lovendal.ro\\\/wp52\\\/wp-content\\\/uploads\\\/2011\\\/04\\\/calare-pe-vaca.jpg\",\"contentUrl\":\"https:\\\/\\\/www.lovendal.ro\\\/wp52\\\/wp-content\\\/uploads\\\/2011\\\/04\\\/calare-pe-vaca.jpg\",\"width\":\"297\",\"height\":\"239\"},{\"@type\":\"BreadcrumbList\",\"@id\":\"https:\\\/\\\/www.lovendal.ro\\\/wp52\\\/o-fata-din-germania-calareste-o-vaca-de-parca-ar-fi-un-cal\\\/#breadcrumb\",\"itemListElement\":[{\"@type\":\"ListItem\",\"position\":1,\"name\":\"Home\",\"item\":\"https:\\\/\\\/www.lovendal.ro\\\/wp52\\\/\"},{\"@type\":\"ListItem\",\"position\":2,\"name\":\"O fat\u0103 din Germania c\u0103l\u0103re\u015fte o vac\u0103, de parc\u0103 ar fi un cal\"}]},{\"@type\":\"WebSite\",\"@id\":\"https:\\\/\\\/www.lovendal.ro\\\/wp52\\\/#website\",\"url\":\"https:\\\/\\\/www.lovendal.ro\\\/wp52\\\/\",\"name\":\"Secretele lui Lovendal\",\"description\":\"Site de secrete, stiinta si metafizica - din 2008 -\",\"publisher\":{\"@id\":\"https:\\\/\\\/www.lovendal.ro\\\/wp52\\\/#organization\"},\"potentialAction\":[{\"@type\":\"SearchAction\",\"target\":{\"@type\":\"EntryPoint\",\"urlTemplate\":\"https:\\\/\\\/www.lovendal.ro\\\/wp52\\\/?s={search_term_string}\"},\"query-input\":{\"@type\":\"PropertyValueSpecification\",\"valueRequired\":true,\"valueName\":\"search_term_string\"}}],\"inLanguage\":\"ro-RO\"},{\"@type\":\"Organization\",\"@id\":\"https:\\\/\\\/www.lovendal.ro\\\/wp52\\\/#organization\",\"name\":\"Secretele lui Lovendal\",\"url\":\"https:\\\/\\\/www.lovendal.ro\\\/wp52\\\/\",\"logo\":{\"@type\":\"ImageObject\",\"inLanguage\":\"ro-RO\",\"@id\":\"https:\\\/\\\/www.lovendal.ro\\\/wp52\\\/#\\\/schema\\\/logo\\\/image\\\/\",\"url\":\"https:\\\/\\\/www.lovendal.ro\\\/wp52\\\/wp-content\\\/uploads\\\/2024\\\/06\\\/cropped-SLL-iun-2024-1.jpg\",\"contentUrl\":\"https:\\\/\\\/www.lovendal.ro\\\/wp52\\\/wp-content\\\/uploads\\\/2024\\\/06\\\/cropped-SLL-iun-2024-1.jpg\",\"width\":771,\"height\":240,\"caption\":\"Secretele lui Lovendal\"},\"image\":{\"@id\":\"https:\\\/\\\/www.lovendal.ro\\\/wp52\\\/#\\\/schema\\\/logo\\\/image\\\/\"},\"sameAs\":[\"https:\\\/\\\/www.facebook.com\\\/secreteleluilovendal\"]},{\"@type\":\"Person\",\"@id\":\"https:\\\/\\\/www.lovendal.ro\\\/wp52\\\/#\\\/schema\\\/person\\\/088691de5dfc346bb0c023e1e52ef5d9\",\"name\":\"admin\",\"image\":{\"@type\":\"ImageObject\",\"inLanguage\":\"ro-RO\",\"@id\":\"https:\\\/\\\/secure.gravatar.com\\\/avatar\\\/ecb9cd41f5f63c9c9b989999a59f6e2639a865ec361e9db054db0679a8f341c2?s=96&d=mm&r=g\",\"url\":\"https:\\\/\\\/secure.gravatar.com\\\/avatar\\\/ecb9cd41f5f63c9c9b989999a59f6e2639a865ec361e9db054db0679a8f341c2?s=96&d=mm&r=g\",\"contentUrl\":\"https:\\\/\\\/secure.gravatar.com\\\/avatar\\\/ecb9cd41f5f63c9c9b989999a59f6e2639a865ec361e9db054db0679a8f341c2?s=96&d=mm&r=g\",\"caption\":\"admin\"},\"sameAs\":[\"https:\\\/\\\/www.lovendal.ro\\\/wp52\"]}]}<\/script>\n<!-- \/ Yoast SEO Premium plugin. -->","yoast_head_json":{"title":"O fat\u0103 din Germania c\u0103l\u0103re\u015fte o vac\u0103, de parc\u0103 ar fi un cal - Secretele lui Lovendal","robots":{"index":"index","follow":"follow","max-snippet":"max-snippet:-1","max-image-preview":"max-image-preview:large","max-video-preview":"max-video-preview:-1"},"canonical":"https:\/\/www.lovendal.ro\/wp52\/o-fata-din-germania-calareste-o-vaca-de-parca-ar-fi-un-cal\/","og_locale":"ro_RO","og_type":"article","og_title":"O fat\u0103 din Germania c\u0103l\u0103re\u015fte o vac\u0103, de parc\u0103 ar fi un cal","og_description":"\u015etirea aceasta mi s-a p\u0103rut chiar amuzant\u0103: Regina Mayer, o fat\u0103 de 15 ani din Laufen (sudul Germaniei), c\u0103l\u0103re\u015fte pe vaca sa, Luna, de parc\u0103 ar face-o pe un cal bine antrenat. Fata \u015fi-a dorit \u00eentotdeauna propriul ei cal, dar ... Cititi mai multe","og_url":"https:\/\/www.lovendal.ro\/wp52\/o-fata-din-germania-calareste-o-vaca-de-parca-ar-fi-un-cal\/","og_site_name":"Secretele lui Lovendal","article_publisher":"https:\/\/www.facebook.com\/secreteleluilovendal","article_published_time":"2011-04-06T06:06:46+00:00","article_modified_time":"2011-04-06T10:01:34+00:00","og_image":[{"width":297,"height":239,"url":"https:\/\/www.lovendal.ro\/wp52\/wp-content\/uploads\/2011\/04\/calare-pe-vaca.jpg","type":"image\/jpeg"}],"author":"admin","twitter_card":"summary_large_image","twitter_misc":{"Scris de":"admin","Timp estimat pentru citire":"2 minute"},"schema":{"@context":"https:\/\/schema.org","@graph":[{"@type":"Article","@id":"https:\/\/www.lovendal.ro\/wp52\/o-fata-din-germania-calareste-o-vaca-de-parca-ar-fi-un-cal\/#article","isPartOf":{"@id":"https:\/\/www.lovendal.ro\/wp52\/o-fata-din-germania-calareste-o-vaca-de-parca-ar-fi-un-cal\/"},"author":{"name":"admin","@id":"https:\/\/www.lovendal.ro\/wp52\/#\/schema\/person\/088691de5dfc346bb0c023e1e52ef5d9"},"headline":"O fat\u0103 din Germania c\u0103l\u0103re\u015fte o vac\u0103, de parc\u0103 ar fi un cal","datePublished":"2011-04-06T06:06:46+00:00","dateModified":"2011-04-06T10:01:34+00:00","mainEntityOfPage":{"@id":"https:\/\/www.lovendal.ro\/wp52\/o-fata-din-germania-calareste-o-vaca-de-parca-ar-fi-un-cal\/"},"wordCount":319,"commentCount":10,"publisher":{"@id":"https:\/\/www.lovendal.ro\/wp52\/#organization"},"image":{"@id":"https:\/\/www.lovendal.ro\/wp52\/o-fata-din-germania-calareste-o-vaca-de-parca-ar-fi-un-cal\/#primaryimage"},"thumbnailUrl":"https:\/\/www.lovendal.ro\/wp52\/wp-content\/uploads\/2011\/04\/calare-pe-vaca.jpg","keywords":["cal","fat\u0103","Germania","Incredibil!","vac\u0103"],"articleSection":["Incredibil!"],"inLanguage":"ro-RO","potentialAction":[{"@type":"CommentAction","name":"Comment","target":["https:\/\/www.lovendal.ro\/wp52\/o-fata-din-germania-calareste-o-vaca-de-parca-ar-fi-un-cal\/#respond"]}]},{"@type":"WebPage","@id":"https:\/\/www.lovendal.ro\/wp52\/o-fata-din-germania-calareste-o-vaca-de-parca-ar-fi-un-cal\/","url":"https:\/\/www.lovendal.ro\/wp52\/o-fata-din-germania-calareste-o-vaca-de-parca-ar-fi-un-cal\/","name":"O fat\u0103 din Germania c\u0103l\u0103re\u015fte o vac\u0103, de parc\u0103 ar fi un cal - Secretele lui Lovendal","isPartOf":{"@id":"https:\/\/www.lovendal.ro\/wp52\/#website"},"primaryImageOfPage":{"@id":"https:\/\/www.lovendal.ro\/wp52\/o-fata-din-germania-calareste-o-vaca-de-parca-ar-fi-un-cal\/#primaryimage"},"image":{"@id":"https:\/\/www.lovendal.ro\/wp52\/o-fata-din-germania-calareste-o-vaca-de-parca-ar-fi-un-cal\/#primaryimage"},"thumbnailUrl":"https:\/\/www.lovendal.ro\/wp52\/wp-content\/uploads\/2011\/04\/calare-pe-vaca.jpg","datePublished":"2011-04-06T06:06:46+00:00","dateModified":"2011-04-06T10:01:34+00:00","breadcrumb":{"@id":"https:\/\/www.lovendal.ro\/wp52\/o-fata-din-germania-calareste-o-vaca-de-parca-ar-fi-un-cal\/#breadcrumb"},"inLanguage":"ro-RO","potentialAction":[{"@type":"ReadAction","target":["https:\/\/www.lovendal.ro\/wp52\/o-fata-din-germania-calareste-o-vaca-de-parca-ar-fi-un-cal\/"]}]},{"@type":"ImageObject","inLanguage":"ro-RO","@id":"https:\/\/www.lovendal.ro\/wp52\/o-fata-din-germania-calareste-o-vaca-de-parca-ar-fi-un-cal\/#primaryimage","url":"https:\/\/www.lovendal.ro\/wp52\/wp-content\/uploads\/2011\/04\/calare-pe-vaca.jpg","contentUrl":"https:\/\/www.lovendal.ro\/wp52\/wp-content\/uploads\/2011\/04\/calare-pe-vaca.jpg","width":"297","height":"239"},{"@type":"BreadcrumbList","@id":"https:\/\/www.lovendal.ro\/wp52\/o-fata-din-germania-calareste-o-vaca-de-parca-ar-fi-un-cal\/#breadcrumb","itemListElement":[{"@type":"ListItem","position":1,"name":"Home","item":"https:\/\/www.lovendal.ro\/wp52\/"},{"@type":"ListItem","position":2,"name":"O fat\u0103 din Germania c\u0103l\u0103re\u015fte o vac\u0103, de parc\u0103 ar fi un cal"}]},{"@type":"WebSite","@id":"https:\/\/www.lovendal.ro\/wp52\/#website","url":"https:\/\/www.lovendal.ro\/wp52\/","name":"Secretele lui Lovendal","description":"Site de secrete, stiinta si metafizica - din 2008 -","publisher":{"@id":"https:\/\/www.lovendal.ro\/wp52\/#organization"},"potentialAction":[{"@type":"SearchAction","target":{"@type":"EntryPoint","urlTemplate":"https:\/\/www.lovendal.ro\/wp52\/?s={search_term_string}"},"query-input":{"@type":"PropertyValueSpecification","valueRequired":true,"valueName":"search_term_string"}}],"inLanguage":"ro-RO"},{"@type":"Organization","@id":"https:\/\/www.lovendal.ro\/wp52\/#organization","name":"Secretele lui Lovendal","url":"https:\/\/www.lovendal.ro\/wp52\/","logo":{"@type":"ImageObject","inLanguage":"ro-RO","@id":"https:\/\/www.lovendal.ro\/wp52\/#\/schema\/logo\/image\/","url":"https:\/\/www.lovendal.ro\/wp52\/wp-content\/uploads\/2024\/06\/cropped-SLL-iun-2024-1.jpg","contentUrl":"https:\/\/www.lovendal.ro\/wp52\/wp-content\/uploads\/2024\/06\/cropped-SLL-iun-2024-1.jpg","width":771,"height":240,"caption":"Secretele lui Lovendal"},"image":{"@id":"https:\/\/www.lovendal.ro\/wp52\/#\/schema\/logo\/image\/"},"sameAs":["https:\/\/www.facebook.com\/secreteleluilovendal"]},{"@type":"Person","@id":"https:\/\/www.lovendal.ro\/wp52\/#\/schema\/person\/088691de5dfc346bb0c023e1e52ef5d9","name":"admin","image":{"@type":"ImageObject","inLanguage":"ro-RO","@id":"https:\/\/secure.gravatar.com\/avatar\/ecb9cd41f5f63c9c9b989999a59f6e2639a865ec361e9db054db0679a8f341c2?s=96&d=mm&r=g","url":"https:\/\/secure.gravatar.com\/avatar\/ecb9cd41f5f63c9c9b989999a59f6e2639a865ec361e9db054db0679a8f341c2?s=96&d=mm&r=g","contentUrl":"https:\/\/secure.gravatar.com\/avatar\/ecb9cd41f5f63c9c9b989999a59f6e2639a865ec361e9db054db0679a8f341c2?s=96&d=mm&r=g","caption":"admin"},"sameAs":["https:\/\/www.lovendal.ro\/wp52"]}]}},"_links":{"self":[{"href":"https:\/\/www.lovendal.ro\/wp52\/wp-json\/wp\/v2\/posts\/17782","targetHints":{"allow":["GET"]}}],"collection":[{"href":"https:\/\/www.lovendal.ro\/wp52\/wp-json\/wp\/v2\/posts"}],"about":[{"href":"https:\/\/www.lovendal.ro\/wp52\/wp-json\/wp\/v2\/types\/post"}],"author":[{"embeddable":true,"href":"https:\/\/www.lovendal.ro\/wp52\/wp-json\/wp\/v2\/users\/1"}],"replies":[{"embeddable":true,"href":"https:\/\/www.lovendal.ro\/wp52\/wp-json\/wp\/v2\/comments?post=17782"}],"version-history":[{"count":0,"href":"https:\/\/www.lovendal.ro\/wp52\/wp-json\/wp\/v2\/posts\/17782\/revisions"}],"wp:featuredmedia":[{"embeddable":true,"href":"https:\/\/www.lovendal.ro\/wp52\/wp-json\/wp\/v2\/media\/17784"}],"wp:attachment":[{"href":"https:\/\/www.lovendal.ro\/wp52\/wp-json\/wp\/v2\/media?parent=17782"}],"wp:term":[{"taxonomy":"category","embeddable":true,"href":"https:\/\/www.lovendal.ro\/wp52\/wp-json\/wp\/v2\/categories?post=17782"},{"taxonomy":"post_tag","embeddable":true,"href":"https:\/\/www.lovendal.ro\/wp52\/wp-json\/wp\/v2\/tags?post=17782"}],"curies":[{"name":"wp","href":"https:\/\/api.w.org\/{rel}","templated":true}]}}