{"id":17774,"date":"2011-04-05T21:54:29","date_gmt":"2011-04-05T18:54:29","guid":{"rendered":"http:\/\/www.lovendal.net\/wp52\/?p=17774"},"modified":"2011-04-05T21:55:11","modified_gmt":"2011-04-05T18:55:11","slug":"noi-percepem-evenimentele-exterioare-cu-intarziere-ce-e-cu-mintea-noastra","status":"publish","type":"post","link":"https:\/\/www.lovendal.ro\/wp52\/noi-percepem-evenimentele-exterioare-cu-intarziere-ce-e-cu-mintea-noastra\/","title":{"rendered":"Noi percepem evenimentele exterioare cu \u00eent\u00e2rziere? Ce e cu mintea noastr\u0103?"},"content":{"rendered":"<p><a href=\"https:\/\/www.lovendal.ro\/wp52\/wp-content\/uploads\/2011\/04\/minte73.jpg\"><img loading=\"lazy\" decoding=\"async\" class=\"alignleft size-full wp-image-17775\" title=\"minte73\" src=\"https:\/\/www.lovendal.ro\/wp52\/wp-content\/uploads\/2011\/04\/minte73.jpg\" alt=\"\" width=\"289\" height=\"206\" \/><\/a>Pe 22 mai 2002 a fost prezentat\u0103 public una dintre cele mai importante lucr\u0103ri din psihologia modern\u0103. Totul s-a petrecut la Academia Slovac\u0103 de \u015etiin\u0163e din Tatransk\u0103 Lomnica, \u00een Republica Slovac\u0103. Referatul a fost sus\u0163inut \u00een cadrul unei conferin\u0163e de trei zile organizate de NATO pentru a cerceta implica\u0163iile chestiunii nonlocalita\u0163ii \u00een fizica cuantic\u0103 \u015fi \u00een privin\u0163a con\u015ftiin\u0163ei umane. Titlul s\u0103u, cumva ezoteric, suna astfel: <em>\u201eDovezi empirice ale unei aparente anomalii temporale biologice: un studiu IRM func\u0163ional asupra presentimentului&#8221;. <\/em>Dar con\u0163inutul era menit s\u0103 zdruncine c\u00e2teva dintre ideile fundamentale ale psihologiei, cum aveau s\u0103 comenteze notele de seminar.<\/p>\n<p>Autorul lucr\u0103rii, Dick J. Bierman de la Universitatea din Amsterdam, examina rezultatele unei serii de experimente pe care el \u015fi un asociat al s\u0103u, Dean Radin, le efectuaser\u0103 la sf\u00e2r\u015fitul anilor 1990. Bierman a explicat c\u0103 experimentele induseser\u0103 un grup de subiec\u0163i plasa\u0163i \u00een fa\u0163a unui monitor, ale c\u0103ror degete ar\u0103t\u0103tor \u015fi mijlociu de la m\u00e2na st\u00e2ng\u0103 fuseser\u0103 conectate la un instrument de m\u0103sur\u0103 a conductan\u0163ei pielii. (S-a dovedit c\u0103 aceasta este o bun\u0103 m\u0103sur\u0103 a st\u0103rii de excita\u0163ie emo\u0163ional\u0103.)<\/p>\n<p>Fiecare subiect \u00eencepea experimentul ap\u0103s\u00e2nd o tast\u0103 de pe tastatur\u0103. Dup\u0103 7,5 secunde, o imagine aleas\u0103 la \u00eent\u00e2mplare era proiectat\u0103 pe ecran pentru o perioad\u0103 anume. Imaginile erau fie calme, fie aveau o puternic\u0103 \u00eenc\u0103rc\u0103tur\u0103 emo\u0163ional\u0103. \u00cenainte, \u00een timpul \u015fi dup\u0103 expunerea la imagine, conductan\u0163a pielii fiec\u0103rui subiect era m\u0103surat\u0103 de 5 ori pe secund\u0103.<\/p>\n<p><strong>O concluzie \u015focant\u0103!<\/strong><\/p>\n<p>Rezultatele au dovedit limpede c\u0103 exista o diferen\u0163\u0103 semnificativ\u0103 \u00een conductan\u0163a pielii \u00eentre receptarea imaginilor calme \u015fi cea a imaginilor cu \u00eenc\u0103rc\u0103tur\u0103 emo\u0163ional\u0103. Asta era de a\u015fteptat. Cu totul surprinz\u0103toare au fost \u00eens\u0103 dovezile c\u0103 pielea r\u0103spundea la imagine \u00eenainte ca aceasta s\u0103 fie proiectat\u0103 pe ecran. Bierman a afirmat c\u0103 o singur\u0103 concluzie era posibil\u0103: <strong>mintea uman\u0103 este cumva capabil\u0103 s\u0103 prevad\u0103 con\u0163inutul emo\u0163ional al viitorului imediat.<\/strong><\/p>\n<p>Coment\u00e2nd aceste descoperiri ciudate, un autor de literatur\u0103 \u015ftiin\u0163ifico-fantastic\u0103, Mark Anderson, a sim\u0163it nevoia s\u0103 fac\u0103 urm\u0103toarea aluzie:<\/p>\n<p><em>&#8222;Experimentele lui Bierman ne dezv\u0103luie poate o abilitate grosier\u0103 de a presim\u0163i viitorul, foarte asem\u0103n\u0103toare cu a \u201evizionarilor&#8221; din filmul &#8211; Raport special &#8211; al lui Steven Spielberg, chiar dac\u0103 aceast\u0103 abilitate se extinde doar la urm\u0103toarele c\u00e2teva secunde&#8221;.<\/em><\/p>\n<p>Din toate acestea putem trage \u015fi o alt\u0103 concluzie, la fel de curioas\u0103, anume c\u0103 <strong>toate fiin\u0163ele con\u015ftiente percep evenimentele exterioare dup\u0103 ce ele au avut loc<\/strong>. Cu alte cuvinte, exist\u0103 un soi de mecanism de \u00eent\u00e2rziere care am\u00e2n\u0103 preluarea datelor senzoriale p\u00e2n\u0103 c\u00e2nd toate informa\u0163iile sunt disponibile. Abia atunci \u201eexteriorul&#8221; este prezentat con\u015ftiin\u0163ei observatorului.<\/p>\n","protected":false},"excerpt":{"rendered":"<p>Pe 22 mai 2002 a fost prezentat\u0103 public una dintre cele mai importante lucr\u0103ri din psihologia modern\u0103. Totul s-a petrecut la Academia Slovac\u0103 de \u015etiin\u0163e din Tatransk\u0103 Lomnica, \u00een Republica Slovac\u0103. Referatul a fost sus\u0163inut \u00een cadrul unei conferin\u0163e de &#8230; <\/p>\n<p class=\"read-more-container\"><a title=\"Noi percepem evenimentele exterioare cu \u00eent\u00e2rziere? Ce e cu mintea noastr\u0103?\" class=\"read-more button\" href=\"https:\/\/www.lovendal.ro\/wp52\/noi-percepem-evenimentele-exterioare-cu-intarziere-ce-e-cu-mintea-noastra\/#more-17774\" aria-label=\"Cite\u0219te mai multe despre Noi percepem evenimentele exterioare cu \u00eent\u00e2rziere? Ce e cu mintea noastr\u0103?\">Cititi mai multe<\/a><\/p>\n","protected":false},"author":1,"featured_media":17775,"comment_status":"open","ping_status":"closed","sticky":false,"template":"","format":"standard","meta":{"footnotes":""},"categories":[106],"tags":[487,2524,755,1830,9803],"class_list":["post-17774","post","type-post","status-publish","format-standard","has-post-thumbnail","hentry","category-stiinta","tag-emotii","tag-fizica-cuantica","tag-minte","tag-om","tag-stiinta","resize-featured-image"],"yoast_head":"<!-- This site is optimized with the Yoast SEO Premium plugin v23.3 (Yoast SEO v27.4) - https:\/\/yoast.com\/product\/yoast-seo-premium-wordpress\/ -->\n<title>Noi percepem evenimentele exterioare cu \u00eent\u00e2rziere? Ce e cu mintea noastr\u0103? - Secretele lui Lovendal<\/title>\n<meta name=\"robots\" content=\"index, follow, max-snippet:-1, max-image-preview:large, max-video-preview:-1\" \/>\n<link rel=\"canonical\" href=\"https:\/\/www.lovendal.ro\/wp52\/noi-percepem-evenimentele-exterioare-cu-intarziere-ce-e-cu-mintea-noastra\/\" \/>\n<meta property=\"og:locale\" content=\"ro_RO\" \/>\n<meta property=\"og:type\" content=\"article\" \/>\n<meta property=\"og:title\" content=\"Noi percepem evenimentele exterioare cu \u00eent\u00e2rziere? Ce e cu mintea noastr\u0103?\" \/>\n<meta property=\"og:description\" content=\"Pe 22 mai 2002 a fost prezentat\u0103 public una dintre cele mai importante lucr\u0103ri din psihologia modern\u0103. Totul s-a petrecut la Academia Slovac\u0103 de \u015etiin\u0163e din Tatransk\u0103 Lomnica, \u00een Republica Slovac\u0103. Referatul a fost sus\u0163inut \u00een cadrul unei conferin\u0163e de ... Cititi mai multe\" \/>\n<meta property=\"og:url\" content=\"https:\/\/www.lovendal.ro\/wp52\/noi-percepem-evenimentele-exterioare-cu-intarziere-ce-e-cu-mintea-noastra\/\" \/>\n<meta property=\"og:site_name\" content=\"Secretele lui Lovendal\" \/>\n<meta property=\"article:publisher\" content=\"https:\/\/www.facebook.com\/secreteleluilovendal\" \/>\n<meta property=\"article:published_time\" content=\"2011-04-05T18:54:29+00:00\" \/>\n<meta property=\"article:modified_time\" content=\"2011-04-05T18:55:11+00:00\" \/>\n<meta property=\"og:image\" content=\"https:\/\/www.lovendal.ro\/wp52\/wp-content\/uploads\/2011\/04\/minte73.jpg\" \/>\n\t<meta property=\"og:image:width\" content=\"289\" \/>\n\t<meta property=\"og:image:height\" content=\"206\" \/>\n\t<meta property=\"og:image:type\" content=\"image\/jpeg\" \/>\n<meta name=\"author\" content=\"admin\" \/>\n<meta name=\"twitter:card\" content=\"summary_large_image\" \/>\n<meta name=\"twitter:label1\" content=\"Scris de\" \/>\n\t<meta name=\"twitter:data1\" content=\"admin\" \/>\n\t<meta name=\"twitter:label2\" content=\"Timp estimat pentru citire\" \/>\n\t<meta name=\"twitter:data2\" content=\"2 minute\" \/>\n<script type=\"application\/ld+json\" class=\"yoast-schema-graph\">{\"@context\":\"https:\\\/\\\/schema.org\",\"@graph\":[{\"@type\":\"Article\",\"@id\":\"https:\\\/\\\/www.lovendal.ro\\\/wp52\\\/noi-percepem-evenimentele-exterioare-cu-intarziere-ce-e-cu-mintea-noastra\\\/#article\",\"isPartOf\":{\"@id\":\"https:\\\/\\\/www.lovendal.ro\\\/wp52\\\/noi-percepem-evenimentele-exterioare-cu-intarziere-ce-e-cu-mintea-noastra\\\/\"},\"author\":{\"name\":\"admin\",\"@id\":\"https:\\\/\\\/www.lovendal.ro\\\/wp52\\\/#\\\/schema\\\/person\\\/088691de5dfc346bb0c023e1e52ef5d9\"},\"headline\":\"Noi percepem evenimentele exterioare cu \u00eent\u00e2rziere? Ce e cu mintea noastr\u0103?\",\"datePublished\":\"2011-04-05T18:54:29+00:00\",\"dateModified\":\"2011-04-05T18:55:11+00:00\",\"mainEntityOfPage\":{\"@id\":\"https:\\\/\\\/www.lovendal.ro\\\/wp52\\\/noi-percepem-evenimentele-exterioare-cu-intarziere-ce-e-cu-mintea-noastra\\\/\"},\"wordCount\":491,\"commentCount\":9,\"publisher\":{\"@id\":\"https:\\\/\\\/www.lovendal.ro\\\/wp52\\\/#organization\"},\"image\":{\"@id\":\"https:\\\/\\\/www.lovendal.ro\\\/wp52\\\/noi-percepem-evenimentele-exterioare-cu-intarziere-ce-e-cu-mintea-noastra\\\/#primaryimage\"},\"thumbnailUrl\":\"https:\\\/\\\/www.lovendal.ro\\\/wp52\\\/wp-content\\\/uploads\\\/2011\\\/04\\\/minte73.jpg\",\"keywords\":[\"emo\u0163ii\",\"fizic\u0103 cuantic\u0103\",\"minte\",\"om\",\"Stiinta\"],\"articleSection\":[\"Stiinta\"],\"inLanguage\":\"ro-RO\",\"potentialAction\":[{\"@type\":\"CommentAction\",\"name\":\"Comment\",\"target\":[\"https:\\\/\\\/www.lovendal.ro\\\/wp52\\\/noi-percepem-evenimentele-exterioare-cu-intarziere-ce-e-cu-mintea-noastra\\\/#respond\"]}]},{\"@type\":\"WebPage\",\"@id\":\"https:\\\/\\\/www.lovendal.ro\\\/wp52\\\/noi-percepem-evenimentele-exterioare-cu-intarziere-ce-e-cu-mintea-noastra\\\/\",\"url\":\"https:\\\/\\\/www.lovendal.ro\\\/wp52\\\/noi-percepem-evenimentele-exterioare-cu-intarziere-ce-e-cu-mintea-noastra\\\/\",\"name\":\"Noi percepem evenimentele exterioare cu \u00eent\u00e2rziere? Ce e cu mintea noastr\u0103? - Secretele lui Lovendal\",\"isPartOf\":{\"@id\":\"https:\\\/\\\/www.lovendal.ro\\\/wp52\\\/#website\"},\"primaryImageOfPage\":{\"@id\":\"https:\\\/\\\/www.lovendal.ro\\\/wp52\\\/noi-percepem-evenimentele-exterioare-cu-intarziere-ce-e-cu-mintea-noastra\\\/#primaryimage\"},\"image\":{\"@id\":\"https:\\\/\\\/www.lovendal.ro\\\/wp52\\\/noi-percepem-evenimentele-exterioare-cu-intarziere-ce-e-cu-mintea-noastra\\\/#primaryimage\"},\"thumbnailUrl\":\"https:\\\/\\\/www.lovendal.ro\\\/wp52\\\/wp-content\\\/uploads\\\/2011\\\/04\\\/minte73.jpg\",\"datePublished\":\"2011-04-05T18:54:29+00:00\",\"dateModified\":\"2011-04-05T18:55:11+00:00\",\"breadcrumb\":{\"@id\":\"https:\\\/\\\/www.lovendal.ro\\\/wp52\\\/noi-percepem-evenimentele-exterioare-cu-intarziere-ce-e-cu-mintea-noastra\\\/#breadcrumb\"},\"inLanguage\":\"ro-RO\",\"potentialAction\":[{\"@type\":\"ReadAction\",\"target\":[\"https:\\\/\\\/www.lovendal.ro\\\/wp52\\\/noi-percepem-evenimentele-exterioare-cu-intarziere-ce-e-cu-mintea-noastra\\\/\"]}]},{\"@type\":\"ImageObject\",\"inLanguage\":\"ro-RO\",\"@id\":\"https:\\\/\\\/www.lovendal.ro\\\/wp52\\\/noi-percepem-evenimentele-exterioare-cu-intarziere-ce-e-cu-mintea-noastra\\\/#primaryimage\",\"url\":\"https:\\\/\\\/www.lovendal.ro\\\/wp52\\\/wp-content\\\/uploads\\\/2011\\\/04\\\/minte73.jpg\",\"contentUrl\":\"https:\\\/\\\/www.lovendal.ro\\\/wp52\\\/wp-content\\\/uploads\\\/2011\\\/04\\\/minte73.jpg\",\"width\":\"289\",\"height\":\"206\"},{\"@type\":\"BreadcrumbList\",\"@id\":\"https:\\\/\\\/www.lovendal.ro\\\/wp52\\\/noi-percepem-evenimentele-exterioare-cu-intarziere-ce-e-cu-mintea-noastra\\\/#breadcrumb\",\"itemListElement\":[{\"@type\":\"ListItem\",\"position\":1,\"name\":\"Home\",\"item\":\"https:\\\/\\\/www.lovendal.ro\\\/wp52\\\/\"},{\"@type\":\"ListItem\",\"position\":2,\"name\":\"Noi percepem evenimentele exterioare cu \u00eent\u00e2rziere? Ce e cu mintea noastr\u0103?\"}]},{\"@type\":\"WebSite\",\"@id\":\"https:\\\/\\\/www.lovendal.ro\\\/wp52\\\/#website\",\"url\":\"https:\\\/\\\/www.lovendal.ro\\\/wp52\\\/\",\"name\":\"Secretele lui Lovendal\",\"description\":\"Site de secrete, stiinta si metafizica - din 2008 -\",\"publisher\":{\"@id\":\"https:\\\/\\\/www.lovendal.ro\\\/wp52\\\/#organization\"},\"potentialAction\":[{\"@type\":\"SearchAction\",\"target\":{\"@type\":\"EntryPoint\",\"urlTemplate\":\"https:\\\/\\\/www.lovendal.ro\\\/wp52\\\/?s={search_term_string}\"},\"query-input\":{\"@type\":\"PropertyValueSpecification\",\"valueRequired\":true,\"valueName\":\"search_term_string\"}}],\"inLanguage\":\"ro-RO\"},{\"@type\":\"Organization\",\"@id\":\"https:\\\/\\\/www.lovendal.ro\\\/wp52\\\/#organization\",\"name\":\"Secretele lui Lovendal\",\"url\":\"https:\\\/\\\/www.lovendal.ro\\\/wp52\\\/\",\"logo\":{\"@type\":\"ImageObject\",\"inLanguage\":\"ro-RO\",\"@id\":\"https:\\\/\\\/www.lovendal.ro\\\/wp52\\\/#\\\/schema\\\/logo\\\/image\\\/\",\"url\":\"https:\\\/\\\/www.lovendal.ro\\\/wp52\\\/wp-content\\\/uploads\\\/2024\\\/06\\\/cropped-SLL-iun-2024-1.jpg\",\"contentUrl\":\"https:\\\/\\\/www.lovendal.ro\\\/wp52\\\/wp-content\\\/uploads\\\/2024\\\/06\\\/cropped-SLL-iun-2024-1.jpg\",\"width\":771,\"height\":240,\"caption\":\"Secretele lui Lovendal\"},\"image\":{\"@id\":\"https:\\\/\\\/www.lovendal.ro\\\/wp52\\\/#\\\/schema\\\/logo\\\/image\\\/\"},\"sameAs\":[\"https:\\\/\\\/www.facebook.com\\\/secreteleluilovendal\"]},{\"@type\":\"Person\",\"@id\":\"https:\\\/\\\/www.lovendal.ro\\\/wp52\\\/#\\\/schema\\\/person\\\/088691de5dfc346bb0c023e1e52ef5d9\",\"name\":\"admin\",\"image\":{\"@type\":\"ImageObject\",\"inLanguage\":\"ro-RO\",\"@id\":\"https:\\\/\\\/secure.gravatar.com\\\/avatar\\\/ecb9cd41f5f63c9c9b989999a59f6e2639a865ec361e9db054db0679a8f341c2?s=96&d=mm&r=g\",\"url\":\"https:\\\/\\\/secure.gravatar.com\\\/avatar\\\/ecb9cd41f5f63c9c9b989999a59f6e2639a865ec361e9db054db0679a8f341c2?s=96&d=mm&r=g\",\"contentUrl\":\"https:\\\/\\\/secure.gravatar.com\\\/avatar\\\/ecb9cd41f5f63c9c9b989999a59f6e2639a865ec361e9db054db0679a8f341c2?s=96&d=mm&r=g\",\"caption\":\"admin\"},\"sameAs\":[\"https:\\\/\\\/www.lovendal.ro\\\/wp52\"]}]}<\/script>\n<!-- \/ Yoast SEO Premium plugin. -->","yoast_head_json":{"title":"Noi percepem evenimentele exterioare cu \u00eent\u00e2rziere? Ce e cu mintea noastr\u0103? - Secretele lui Lovendal","robots":{"index":"index","follow":"follow","max-snippet":"max-snippet:-1","max-image-preview":"max-image-preview:large","max-video-preview":"max-video-preview:-1"},"canonical":"https:\/\/www.lovendal.ro\/wp52\/noi-percepem-evenimentele-exterioare-cu-intarziere-ce-e-cu-mintea-noastra\/","og_locale":"ro_RO","og_type":"article","og_title":"Noi percepem evenimentele exterioare cu \u00eent\u00e2rziere? Ce e cu mintea noastr\u0103?","og_description":"Pe 22 mai 2002 a fost prezentat\u0103 public una dintre cele mai importante lucr\u0103ri din psihologia modern\u0103. Totul s-a petrecut la Academia Slovac\u0103 de \u015etiin\u0163e din Tatransk\u0103 Lomnica, \u00een Republica Slovac\u0103. Referatul a fost sus\u0163inut \u00een cadrul unei conferin\u0163e de ... Cititi mai multe","og_url":"https:\/\/www.lovendal.ro\/wp52\/noi-percepem-evenimentele-exterioare-cu-intarziere-ce-e-cu-mintea-noastra\/","og_site_name":"Secretele lui Lovendal","article_publisher":"https:\/\/www.facebook.com\/secreteleluilovendal","article_published_time":"2011-04-05T18:54:29+00:00","article_modified_time":"2011-04-05T18:55:11+00:00","og_image":[{"width":289,"height":206,"url":"https:\/\/www.lovendal.ro\/wp52\/wp-content\/uploads\/2011\/04\/minte73.jpg","type":"image\/jpeg"}],"author":"admin","twitter_card":"summary_large_image","twitter_misc":{"Scris de":"admin","Timp estimat pentru citire":"2 minute"},"schema":{"@context":"https:\/\/schema.org","@graph":[{"@type":"Article","@id":"https:\/\/www.lovendal.ro\/wp52\/noi-percepem-evenimentele-exterioare-cu-intarziere-ce-e-cu-mintea-noastra\/#article","isPartOf":{"@id":"https:\/\/www.lovendal.ro\/wp52\/noi-percepem-evenimentele-exterioare-cu-intarziere-ce-e-cu-mintea-noastra\/"},"author":{"name":"admin","@id":"https:\/\/www.lovendal.ro\/wp52\/#\/schema\/person\/088691de5dfc346bb0c023e1e52ef5d9"},"headline":"Noi percepem evenimentele exterioare cu \u00eent\u00e2rziere? Ce e cu mintea noastr\u0103?","datePublished":"2011-04-05T18:54:29+00:00","dateModified":"2011-04-05T18:55:11+00:00","mainEntityOfPage":{"@id":"https:\/\/www.lovendal.ro\/wp52\/noi-percepem-evenimentele-exterioare-cu-intarziere-ce-e-cu-mintea-noastra\/"},"wordCount":491,"commentCount":9,"publisher":{"@id":"https:\/\/www.lovendal.ro\/wp52\/#organization"},"image":{"@id":"https:\/\/www.lovendal.ro\/wp52\/noi-percepem-evenimentele-exterioare-cu-intarziere-ce-e-cu-mintea-noastra\/#primaryimage"},"thumbnailUrl":"https:\/\/www.lovendal.ro\/wp52\/wp-content\/uploads\/2011\/04\/minte73.jpg","keywords":["emo\u0163ii","fizic\u0103 cuantic\u0103","minte","om","Stiinta"],"articleSection":["Stiinta"],"inLanguage":"ro-RO","potentialAction":[{"@type":"CommentAction","name":"Comment","target":["https:\/\/www.lovendal.ro\/wp52\/noi-percepem-evenimentele-exterioare-cu-intarziere-ce-e-cu-mintea-noastra\/#respond"]}]},{"@type":"WebPage","@id":"https:\/\/www.lovendal.ro\/wp52\/noi-percepem-evenimentele-exterioare-cu-intarziere-ce-e-cu-mintea-noastra\/","url":"https:\/\/www.lovendal.ro\/wp52\/noi-percepem-evenimentele-exterioare-cu-intarziere-ce-e-cu-mintea-noastra\/","name":"Noi percepem evenimentele exterioare cu \u00eent\u00e2rziere? Ce e cu mintea noastr\u0103? - Secretele lui Lovendal","isPartOf":{"@id":"https:\/\/www.lovendal.ro\/wp52\/#website"},"primaryImageOfPage":{"@id":"https:\/\/www.lovendal.ro\/wp52\/noi-percepem-evenimentele-exterioare-cu-intarziere-ce-e-cu-mintea-noastra\/#primaryimage"},"image":{"@id":"https:\/\/www.lovendal.ro\/wp52\/noi-percepem-evenimentele-exterioare-cu-intarziere-ce-e-cu-mintea-noastra\/#primaryimage"},"thumbnailUrl":"https:\/\/www.lovendal.ro\/wp52\/wp-content\/uploads\/2011\/04\/minte73.jpg","datePublished":"2011-04-05T18:54:29+00:00","dateModified":"2011-04-05T18:55:11+00:00","breadcrumb":{"@id":"https:\/\/www.lovendal.ro\/wp52\/noi-percepem-evenimentele-exterioare-cu-intarziere-ce-e-cu-mintea-noastra\/#breadcrumb"},"inLanguage":"ro-RO","potentialAction":[{"@type":"ReadAction","target":["https:\/\/www.lovendal.ro\/wp52\/noi-percepem-evenimentele-exterioare-cu-intarziere-ce-e-cu-mintea-noastra\/"]}]},{"@type":"ImageObject","inLanguage":"ro-RO","@id":"https:\/\/www.lovendal.ro\/wp52\/noi-percepem-evenimentele-exterioare-cu-intarziere-ce-e-cu-mintea-noastra\/#primaryimage","url":"https:\/\/www.lovendal.ro\/wp52\/wp-content\/uploads\/2011\/04\/minte73.jpg","contentUrl":"https:\/\/www.lovendal.ro\/wp52\/wp-content\/uploads\/2011\/04\/minte73.jpg","width":"289","height":"206"},{"@type":"BreadcrumbList","@id":"https:\/\/www.lovendal.ro\/wp52\/noi-percepem-evenimentele-exterioare-cu-intarziere-ce-e-cu-mintea-noastra\/#breadcrumb","itemListElement":[{"@type":"ListItem","position":1,"name":"Home","item":"https:\/\/www.lovendal.ro\/wp52\/"},{"@type":"ListItem","position":2,"name":"Noi percepem evenimentele exterioare cu \u00eent\u00e2rziere? Ce e cu mintea noastr\u0103?"}]},{"@type":"WebSite","@id":"https:\/\/www.lovendal.ro\/wp52\/#website","url":"https:\/\/www.lovendal.ro\/wp52\/","name":"Secretele lui Lovendal","description":"Site de secrete, stiinta si metafizica - din 2008 -","publisher":{"@id":"https:\/\/www.lovendal.ro\/wp52\/#organization"},"potentialAction":[{"@type":"SearchAction","target":{"@type":"EntryPoint","urlTemplate":"https:\/\/www.lovendal.ro\/wp52\/?s={search_term_string}"},"query-input":{"@type":"PropertyValueSpecification","valueRequired":true,"valueName":"search_term_string"}}],"inLanguage":"ro-RO"},{"@type":"Organization","@id":"https:\/\/www.lovendal.ro\/wp52\/#organization","name":"Secretele lui Lovendal","url":"https:\/\/www.lovendal.ro\/wp52\/","logo":{"@type":"ImageObject","inLanguage":"ro-RO","@id":"https:\/\/www.lovendal.ro\/wp52\/#\/schema\/logo\/image\/","url":"https:\/\/www.lovendal.ro\/wp52\/wp-content\/uploads\/2024\/06\/cropped-SLL-iun-2024-1.jpg","contentUrl":"https:\/\/www.lovendal.ro\/wp52\/wp-content\/uploads\/2024\/06\/cropped-SLL-iun-2024-1.jpg","width":771,"height":240,"caption":"Secretele lui Lovendal"},"image":{"@id":"https:\/\/www.lovendal.ro\/wp52\/#\/schema\/logo\/image\/"},"sameAs":["https:\/\/www.facebook.com\/secreteleluilovendal"]},{"@type":"Person","@id":"https:\/\/www.lovendal.ro\/wp52\/#\/schema\/person\/088691de5dfc346bb0c023e1e52ef5d9","name":"admin","image":{"@type":"ImageObject","inLanguage":"ro-RO","@id":"https:\/\/secure.gravatar.com\/avatar\/ecb9cd41f5f63c9c9b989999a59f6e2639a865ec361e9db054db0679a8f341c2?s=96&d=mm&r=g","url":"https:\/\/secure.gravatar.com\/avatar\/ecb9cd41f5f63c9c9b989999a59f6e2639a865ec361e9db054db0679a8f341c2?s=96&d=mm&r=g","contentUrl":"https:\/\/secure.gravatar.com\/avatar\/ecb9cd41f5f63c9c9b989999a59f6e2639a865ec361e9db054db0679a8f341c2?s=96&d=mm&r=g","caption":"admin"},"sameAs":["https:\/\/www.lovendal.ro\/wp52"]}]}},"_links":{"self":[{"href":"https:\/\/www.lovendal.ro\/wp52\/wp-json\/wp\/v2\/posts\/17774","targetHints":{"allow":["GET"]}}],"collection":[{"href":"https:\/\/www.lovendal.ro\/wp52\/wp-json\/wp\/v2\/posts"}],"about":[{"href":"https:\/\/www.lovendal.ro\/wp52\/wp-json\/wp\/v2\/types\/post"}],"author":[{"embeddable":true,"href":"https:\/\/www.lovendal.ro\/wp52\/wp-json\/wp\/v2\/users\/1"}],"replies":[{"embeddable":true,"href":"https:\/\/www.lovendal.ro\/wp52\/wp-json\/wp\/v2\/comments?post=17774"}],"version-history":[{"count":0,"href":"https:\/\/www.lovendal.ro\/wp52\/wp-json\/wp\/v2\/posts\/17774\/revisions"}],"wp:featuredmedia":[{"embeddable":true,"href":"https:\/\/www.lovendal.ro\/wp52\/wp-json\/wp\/v2\/media\/17775"}],"wp:attachment":[{"href":"https:\/\/www.lovendal.ro\/wp52\/wp-json\/wp\/v2\/media?parent=17774"}],"wp:term":[{"taxonomy":"category","embeddable":true,"href":"https:\/\/www.lovendal.ro\/wp52\/wp-json\/wp\/v2\/categories?post=17774"},{"taxonomy":"post_tag","embeddable":true,"href":"https:\/\/www.lovendal.ro\/wp52\/wp-json\/wp\/v2\/tags?post=17774"}],"curies":[{"name":"wp","href":"https:\/\/api.w.org\/{rel}","templated":true}]}}