{"id":17677,"date":"2011-03-29T19:41:02","date_gmt":"2011-03-29T16:41:02","guid":{"rendered":"http:\/\/www.lovendal.net\/wp52\/?p=17677"},"modified":"2011-03-29T19:41:02","modified_gmt":"2011-03-29T16:41:02","slug":"cica-gaura-de-ozon-ameninta-romania-ati-fost-pacaliti-nu-exista-nicio-gaura-de-ozon","status":"publish","type":"post","link":"https:\/\/www.lovendal.ro\/wp52\/cica-gaura-de-ozon-ameninta-romania-ati-fost-pacaliti-nu-exista-nicio-gaura-de-ozon\/","title":{"rendered":"Cic\u0103 gaura de ozon amenin\u0163\u0103 Rom\u00e2nia&#8230; A\u0163i fost p\u0103c\u0103li\u0163i! Nu exist\u0103 nicio gaur\u0103 de ozon!"},"content":{"rendered":"<p><a href=\"https:\/\/www.lovendal.ro\/wp52\/wp-content\/uploads\/2011\/03\/gaura-de-ozon.jpg\"><img loading=\"lazy\" decoding=\"async\" class=\"alignleft size-full wp-image-17678\" title=\"gaura de ozon\" src=\"https:\/\/www.lovendal.ro\/wp52\/wp-content\/uploads\/2011\/03\/gaura-de-ozon.jpg\" alt=\"\" width=\"282\" height=\"308\" srcset=\"https:\/\/www.lovendal.ro\/wp52\/wp-content\/uploads\/2011\/03\/gaura-de-ozon.jpg 282w, https:\/\/www.lovendal.ro\/wp52\/wp-content\/uploads\/2011\/03\/gaura-de-ozon-274x300.jpg 274w\" sizes=\"auto, (max-width: 282px) 100vw, 282px\" \/><\/a>\u00cen ultimele 2 zile am fost amenin\u0163a\u0163i cu aceast\u0103 \u015ftire catastrofal\u0103:<\/p>\n<p><em>&#8222;Speciali\u015ftii Centrului European de Meteorologie avertizeaz\u0103 asupra pericolui de expunere la radia\u0163ii ultra-violete \u00een urm\u0103toarele s\u0103pt\u0103m\u00e2ni, acestea fiind \u00een cre\u015ftere din cauza sub\u0163ierii rapide a stratului de ozon. O por\u0163iune foarte mare cu deficit de ozon s-a format deasupra Polului Nord, iar oamenii de \u015ftiin\u0163\u0103 avertizeaz\u0103 c\u0103 acest fenomen va afecta at\u00e2t Scandinavia c\u00e2t \u015fi Europa de Est \u00een jurul perioadei 30-31 martie.<br \/>\n<\/em><\/p>\n<p><em>Procesul de diminuare al stratului de ozon din zona arctic\u0103 a fost detectat de o re\u0163ea interna\u0163ional\u0103 de monitorizare ce cuprinde 30 de sta\u0163ii montate \u00een regiunile arctice \u015fi subarctice, aflate sub coordonarea Institutul de Cercet\u0103ri Polare \u015fi Marine Alfred Wegener. Ultimele previziuni ale institutului, bazate pe informa\u0163iile furnizate de Centrul European pentru Prognoze Meteo pe Termen mediu, indic\u0103 faptul c\u0103 stratul sub\u0163ire de ozon aflat deasupra Polului Nord se deplaseaz\u0103 c\u0103tre Europa, urm\u00e2nd s\u0103 afecteze Peninsula Scandinav\u0103\u00a0 \u015fi Europa de Est, \u00een zilele de 30 \u015fi 31 martie.<\/em><\/p>\n<p><em>P\u0103m\u00e2ntul este \u00eenconjurat de un strat de ozon situat la o altitudine foarte mare. Acesta filtreaz\u0103 aproximativ dou\u0103 treimi din razele ultraviolete (UV) emise de Soare.<\/em><em> &#8222;<span style=\"text-decoration: underline;\">Avem de a face cu ni\u015fte condi\u0163ii de vreme deosebite care au sub\u0163iat stratul de ozon foarte mult \u015fi deplasarea acestei zone cu strat foarte sub\u0163ire de ozon spre continentul european. Chiar dac\u0103 aceast\u0103 gaur\u0103 \u00een ozon ajunge deasupra noastr\u0103, ea nu se permanentizeaz\u0103 aici&#8221;<\/span>, a explicat pentru stirileprotv.ro climatologul Roxana Pojariu.<\/em><\/p>\n<p><em>Ca mijloace de protec\u0163ie \u00eempotriva nivelului ridicat al radia\u0163ilor ultraviolete, speciali\u015ftii recomanda folosirea cremelor de protec\u0163ie \u015fi limitarea expunerii la razele solare.&#8221;<\/em><\/p>\n<p><strong>Sursa: <\/strong><a href=\"http:\/\/www.jurnalul.ro\/stiinta-tehnica\/stiinta\/nivel-ridicat-de-radiatii-solare-gaura-din-stratul-de-ozon-ajunge-deasupra-romaniei-573292.html\" target=\"_blank\"><strong>Jurnalul Na\u0163ional<\/strong><\/a><em><\/em><\/p>\n<p>Eu v\u0103 sf\u0103tuiesc s\u0103 nu v\u0103 panica\u0163i, c\u0103ci nu se va \u00eent\u00e2mpla nimic. \u015ei dintr-un simplu motiv: <strong>gaura de ozon nu exist\u0103<\/strong>! Nu m\u0103 refer doar la gaura din \u015ftirea de mai sus, ci, \u00een general, la faptul c\u0103 g\u0103urile de ozon nu exist\u0103. Termenul e folosit gre\u015fit: &#8222;gaur\u0103&#8221; ar \u00eensemna lipsa total\u0103 a unui material pe o suprafa\u0163\u0103, pe c\u00e2nd stratul de ozon din atmosfer\u0103 doar se sub\u0163iaz\u0103, nu dispare complet! A\u015fadar, gaura de ozon ar presupune inexisten\u0163a vreunui strat de ozon, iar acest lucru ar fi catastrofal pentru orice fiin\u0163\u0103 vie, ce ar fi distrus\u0103 de radia\u0163ia ultraviolet\u0103 a Soarelui.<\/p>\n<p>Pe de alt\u0103 parte, sub\u0163ierea stratului de ozon de la nivelul polilor este un fenomen care are loc ciclic, fluctua\u0163iile nivelurilor de ozon dator\u00e2ndu-se cantit\u0103\u0163ii de lumin\u0103 solar\u0103 primit\u0103. Se \u015ftie c\u0103 polii primesc foarte lumin\u0103 solar\u0103 \u00eentr-o jum\u0103tate de an \u015fi pu\u0163in\u0103 lumin\u0103 solar\u0103 \u00een cealalt\u0103 jum\u0103tate. De aceea, nu \u00een\u0163eleg marea \u00eengrijorare pentru un fenomen care e natural, normal \u015fi ciclic.<\/p>\n<p>C\u00e2t prive\u015fte recomandarea din articolul de pe Jurnalul Na\u0163ional de a v\u0103 proteja cu creme solare, eu v\u0103 invit mai \u00eent\u00e2i s\u0103 citi\u0163i acest articol: <a href=\"https:\/\/www.lovendal.ro\/wp52\/conspiratia-razelor-ultraviolete-radiatia-solara-nu-e-daunatoare-sanatatii\/\" target=\"_blank\"><strong>https:\/\/www.lovendal.ro\/wp52\/conspiratia-razelor-ultraviolete-radiatia-solara-nu-e-daunatoare-sanatatii\/<\/strong><\/a>. \u015ei apoi s\u0103 vede\u0163i dac\u0103 e bine s\u0103 v\u0103 da\u0163i cu asemenea creme.<\/p>\n","protected":false},"excerpt":{"rendered":"<p>\u00cen ultimele 2 zile am fost amenin\u0163a\u0163i cu aceast\u0103 \u015ftire catastrofal\u0103: &#8222;Speciali\u015ftii Centrului European de Meteorologie avertizeaz\u0103 asupra pericolui de expunere la radia\u0163ii ultra-violete \u00een urm\u0103toarele s\u0103pt\u0103m\u00e2ni, acestea fiind \u00een cre\u015ftere din cauza sub\u0163ierii rapide a stratului de ozon. O &#8230; <\/p>\n<p class=\"read-more-container\"><a title=\"Cic\u0103 gaura de ozon amenin\u0163\u0103 Rom\u00e2nia&#8230; A\u0163i fost p\u0103c\u0103li\u0163i! Nu exist\u0103 nicio gaur\u0103 de ozon!\" class=\"read-more button\" href=\"https:\/\/www.lovendal.ro\/wp52\/cica-gaura-de-ozon-ameninta-romania-ati-fost-pacaliti-nu-exista-nicio-gaura-de-ozon\/#more-17677\" aria-label=\"Cite\u0219te mai multe despre Cic\u0103 gaura de ozon amenin\u0163\u0103 Rom\u00e2nia&#8230; A\u0163i fost p\u0103c\u0103li\u0163i! Nu exist\u0103 nicio gaur\u0103 de ozon!\">Cititi mai multe<\/a><\/p>\n","protected":false},"author":1,"featured_media":17678,"comment_status":"open","ping_status":"closed","sticky":false,"template":"","format":"standard","meta":{"footnotes":""},"categories":[106],"tags":[3725,105,153,3204,74,865,9803,1954],"class_list":["post-17677","post","type-post","status-publish","format-standard","has-post-thumbnail","hentry","category-stiinta","tag-ozon","tag-pamant","tag-polul-nord","tag-radiatii","tag-romania","tag-soare","tag-stiinta","tag-ultraviolete","resize-featured-image"],"yoast_head":"<!-- This site is optimized with the Yoast SEO Premium plugin v23.3 (Yoast SEO v27.4) - https:\/\/yoast.com\/product\/yoast-seo-premium-wordpress\/ -->\n<title>Cic\u0103 gaura de ozon amenin\u0163\u0103 Rom\u00e2nia... A\u0163i fost p\u0103c\u0103li\u0163i! Nu exist\u0103 nicio gaur\u0103 de ozon! - Secretele lui Lovendal<\/title>\n<meta name=\"robots\" content=\"index, follow, max-snippet:-1, max-image-preview:large, max-video-preview:-1\" \/>\n<link rel=\"canonical\" href=\"https:\/\/www.lovendal.ro\/wp52\/cica-gaura-de-ozon-ameninta-romania-ati-fost-pacaliti-nu-exista-nicio-gaura-de-ozon\/\" \/>\n<meta property=\"og:locale\" content=\"ro_RO\" \/>\n<meta property=\"og:type\" content=\"article\" \/>\n<meta property=\"og:title\" content=\"Cic\u0103 gaura de ozon amenin\u0163\u0103 Rom\u00e2nia... A\u0163i fost p\u0103c\u0103li\u0163i! Nu exist\u0103 nicio gaur\u0103 de ozon!\" \/>\n<meta property=\"og:description\" content=\"\u00cen ultimele 2 zile am fost amenin\u0163a\u0163i cu aceast\u0103 \u015ftire catastrofal\u0103: &#8222;Speciali\u015ftii Centrului European de Meteorologie avertizeaz\u0103 asupra pericolui de expunere la radia\u0163ii ultra-violete \u00een urm\u0103toarele s\u0103pt\u0103m\u00e2ni, acestea fiind \u00een cre\u015ftere din cauza sub\u0163ierii rapide a stratului de ozon. O ... Cititi mai multe\" \/>\n<meta property=\"og:url\" content=\"https:\/\/www.lovendal.ro\/wp52\/cica-gaura-de-ozon-ameninta-romania-ati-fost-pacaliti-nu-exista-nicio-gaura-de-ozon\/\" \/>\n<meta property=\"og:site_name\" content=\"Secretele lui Lovendal\" \/>\n<meta property=\"article:publisher\" content=\"https:\/\/www.facebook.com\/secreteleluilovendal\" \/>\n<meta property=\"article:published_time\" content=\"2011-03-29T16:41:02+00:00\" \/>\n<meta property=\"og:image\" content=\"https:\/\/www.lovendal.ro\/wp52\/wp-content\/uploads\/2011\/03\/gaura-de-ozon.jpg\" \/>\n\t<meta property=\"og:image:width\" content=\"282\" \/>\n\t<meta property=\"og:image:height\" content=\"308\" \/>\n\t<meta property=\"og:image:type\" content=\"image\/jpeg\" \/>\n<meta name=\"author\" content=\"admin\" \/>\n<meta name=\"twitter:card\" content=\"summary_large_image\" \/>\n<meta name=\"twitter:label1\" content=\"Scris de\" \/>\n\t<meta name=\"twitter:data1\" content=\"admin\" \/>\n\t<meta name=\"twitter:label2\" content=\"Timp estimat pentru citire\" \/>\n\t<meta name=\"twitter:data2\" content=\"3 minute\" \/>\n<script type=\"application\/ld+json\" class=\"yoast-schema-graph\">{\"@context\":\"https:\\\/\\\/schema.org\",\"@graph\":[{\"@type\":\"Article\",\"@id\":\"https:\\\/\\\/www.lovendal.ro\\\/wp52\\\/cica-gaura-de-ozon-ameninta-romania-ati-fost-pacaliti-nu-exista-nicio-gaura-de-ozon\\\/#article\",\"isPartOf\":{\"@id\":\"https:\\\/\\\/www.lovendal.ro\\\/wp52\\\/cica-gaura-de-ozon-ameninta-romania-ati-fost-pacaliti-nu-exista-nicio-gaura-de-ozon\\\/\"},\"author\":{\"name\":\"admin\",\"@id\":\"https:\\\/\\\/www.lovendal.ro\\\/wp52\\\/#\\\/schema\\\/person\\\/088691de5dfc346bb0c023e1e52ef5d9\"},\"headline\":\"Cic\u0103 gaura de ozon amenin\u0163\u0103 Rom\u00e2nia&#8230; A\u0163i fost p\u0103c\u0103li\u0163i! Nu exist\u0103 nicio gaur\u0103 de ozon!\",\"datePublished\":\"2011-03-29T16:41:02+00:00\",\"mainEntityOfPage\":{\"@id\":\"https:\\\/\\\/www.lovendal.ro\\\/wp52\\\/cica-gaura-de-ozon-ameninta-romania-ati-fost-pacaliti-nu-exista-nicio-gaura-de-ozon\\\/\"},\"wordCount\":550,\"commentCount\":29,\"publisher\":{\"@id\":\"https:\\\/\\\/www.lovendal.ro\\\/wp52\\\/#organization\"},\"image\":{\"@id\":\"https:\\\/\\\/www.lovendal.ro\\\/wp52\\\/cica-gaura-de-ozon-ameninta-romania-ati-fost-pacaliti-nu-exista-nicio-gaura-de-ozon\\\/#primaryimage\"},\"thumbnailUrl\":\"https:\\\/\\\/www.lovendal.ro\\\/wp52\\\/wp-content\\\/uploads\\\/2011\\\/03\\\/gaura-de-ozon.jpg\",\"keywords\":[\"ozon\",\"P\u0103m\u00e2nt\",\"Polul Nord\",\"radiatii\",\"Rom\u00e2nia\",\"Soare\",\"Stiinta\",\"ultraviolete\"],\"articleSection\":[\"Stiinta\"],\"inLanguage\":\"ro-RO\",\"potentialAction\":[{\"@type\":\"CommentAction\",\"name\":\"Comment\",\"target\":[\"https:\\\/\\\/www.lovendal.ro\\\/wp52\\\/cica-gaura-de-ozon-ameninta-romania-ati-fost-pacaliti-nu-exista-nicio-gaura-de-ozon\\\/#respond\"]}]},{\"@type\":\"WebPage\",\"@id\":\"https:\\\/\\\/www.lovendal.ro\\\/wp52\\\/cica-gaura-de-ozon-ameninta-romania-ati-fost-pacaliti-nu-exista-nicio-gaura-de-ozon\\\/\",\"url\":\"https:\\\/\\\/www.lovendal.ro\\\/wp52\\\/cica-gaura-de-ozon-ameninta-romania-ati-fost-pacaliti-nu-exista-nicio-gaura-de-ozon\\\/\",\"name\":\"Cic\u0103 gaura de ozon amenin\u0163\u0103 Rom\u00e2nia... A\u0163i fost p\u0103c\u0103li\u0163i! Nu exist\u0103 nicio gaur\u0103 de ozon! - Secretele lui Lovendal\",\"isPartOf\":{\"@id\":\"https:\\\/\\\/www.lovendal.ro\\\/wp52\\\/#website\"},\"primaryImageOfPage\":{\"@id\":\"https:\\\/\\\/www.lovendal.ro\\\/wp52\\\/cica-gaura-de-ozon-ameninta-romania-ati-fost-pacaliti-nu-exista-nicio-gaura-de-ozon\\\/#primaryimage\"},\"image\":{\"@id\":\"https:\\\/\\\/www.lovendal.ro\\\/wp52\\\/cica-gaura-de-ozon-ameninta-romania-ati-fost-pacaliti-nu-exista-nicio-gaura-de-ozon\\\/#primaryimage\"},\"thumbnailUrl\":\"https:\\\/\\\/www.lovendal.ro\\\/wp52\\\/wp-content\\\/uploads\\\/2011\\\/03\\\/gaura-de-ozon.jpg\",\"datePublished\":\"2011-03-29T16:41:02+00:00\",\"breadcrumb\":{\"@id\":\"https:\\\/\\\/www.lovendal.ro\\\/wp52\\\/cica-gaura-de-ozon-ameninta-romania-ati-fost-pacaliti-nu-exista-nicio-gaura-de-ozon\\\/#breadcrumb\"},\"inLanguage\":\"ro-RO\",\"potentialAction\":[{\"@type\":\"ReadAction\",\"target\":[\"https:\\\/\\\/www.lovendal.ro\\\/wp52\\\/cica-gaura-de-ozon-ameninta-romania-ati-fost-pacaliti-nu-exista-nicio-gaura-de-ozon\\\/\"]}]},{\"@type\":\"ImageObject\",\"inLanguage\":\"ro-RO\",\"@id\":\"https:\\\/\\\/www.lovendal.ro\\\/wp52\\\/cica-gaura-de-ozon-ameninta-romania-ati-fost-pacaliti-nu-exista-nicio-gaura-de-ozon\\\/#primaryimage\",\"url\":\"https:\\\/\\\/www.lovendal.ro\\\/wp52\\\/wp-content\\\/uploads\\\/2011\\\/03\\\/gaura-de-ozon.jpg\",\"contentUrl\":\"https:\\\/\\\/www.lovendal.ro\\\/wp52\\\/wp-content\\\/uploads\\\/2011\\\/03\\\/gaura-de-ozon.jpg\",\"width\":\"282\",\"height\":\"308\"},{\"@type\":\"BreadcrumbList\",\"@id\":\"https:\\\/\\\/www.lovendal.ro\\\/wp52\\\/cica-gaura-de-ozon-ameninta-romania-ati-fost-pacaliti-nu-exista-nicio-gaura-de-ozon\\\/#breadcrumb\",\"itemListElement\":[{\"@type\":\"ListItem\",\"position\":1,\"name\":\"Home\",\"item\":\"https:\\\/\\\/www.lovendal.ro\\\/wp52\\\/\"},{\"@type\":\"ListItem\",\"position\":2,\"name\":\"Cic\u0103 gaura de ozon amenin\u0163\u0103 Rom\u00e2nia&#8230; A\u0163i fost p\u0103c\u0103li\u0163i! Nu exist\u0103 nicio gaur\u0103 de ozon!\"}]},{\"@type\":\"WebSite\",\"@id\":\"https:\\\/\\\/www.lovendal.ro\\\/wp52\\\/#website\",\"url\":\"https:\\\/\\\/www.lovendal.ro\\\/wp52\\\/\",\"name\":\"Secretele lui Lovendal\",\"description\":\"Site de secrete, stiinta si metafizica - din 2008 -\",\"publisher\":{\"@id\":\"https:\\\/\\\/www.lovendal.ro\\\/wp52\\\/#organization\"},\"potentialAction\":[{\"@type\":\"SearchAction\",\"target\":{\"@type\":\"EntryPoint\",\"urlTemplate\":\"https:\\\/\\\/www.lovendal.ro\\\/wp52\\\/?s={search_term_string}\"},\"query-input\":{\"@type\":\"PropertyValueSpecification\",\"valueRequired\":true,\"valueName\":\"search_term_string\"}}],\"inLanguage\":\"ro-RO\"},{\"@type\":\"Organization\",\"@id\":\"https:\\\/\\\/www.lovendal.ro\\\/wp52\\\/#organization\",\"name\":\"Secretele lui Lovendal\",\"url\":\"https:\\\/\\\/www.lovendal.ro\\\/wp52\\\/\",\"logo\":{\"@type\":\"ImageObject\",\"inLanguage\":\"ro-RO\",\"@id\":\"https:\\\/\\\/www.lovendal.ro\\\/wp52\\\/#\\\/schema\\\/logo\\\/image\\\/\",\"url\":\"https:\\\/\\\/www.lovendal.ro\\\/wp52\\\/wp-content\\\/uploads\\\/2024\\\/06\\\/cropped-SLL-iun-2024-1.jpg\",\"contentUrl\":\"https:\\\/\\\/www.lovendal.ro\\\/wp52\\\/wp-content\\\/uploads\\\/2024\\\/06\\\/cropped-SLL-iun-2024-1.jpg\",\"width\":771,\"height\":240,\"caption\":\"Secretele lui Lovendal\"},\"image\":{\"@id\":\"https:\\\/\\\/www.lovendal.ro\\\/wp52\\\/#\\\/schema\\\/logo\\\/image\\\/\"},\"sameAs\":[\"https:\\\/\\\/www.facebook.com\\\/secreteleluilovendal\"]},{\"@type\":\"Person\",\"@id\":\"https:\\\/\\\/www.lovendal.ro\\\/wp52\\\/#\\\/schema\\\/person\\\/088691de5dfc346bb0c023e1e52ef5d9\",\"name\":\"admin\",\"image\":{\"@type\":\"ImageObject\",\"inLanguage\":\"ro-RO\",\"@id\":\"https:\\\/\\\/secure.gravatar.com\\\/avatar\\\/ecb9cd41f5f63c9c9b989999a59f6e2639a865ec361e9db054db0679a8f341c2?s=96&d=mm&r=g\",\"url\":\"https:\\\/\\\/secure.gravatar.com\\\/avatar\\\/ecb9cd41f5f63c9c9b989999a59f6e2639a865ec361e9db054db0679a8f341c2?s=96&d=mm&r=g\",\"contentUrl\":\"https:\\\/\\\/secure.gravatar.com\\\/avatar\\\/ecb9cd41f5f63c9c9b989999a59f6e2639a865ec361e9db054db0679a8f341c2?s=96&d=mm&r=g\",\"caption\":\"admin\"},\"sameAs\":[\"https:\\\/\\\/www.lovendal.ro\\\/wp52\"]}]}<\/script>\n<!-- \/ Yoast SEO Premium plugin. -->","yoast_head_json":{"title":"Cic\u0103 gaura de ozon amenin\u0163\u0103 Rom\u00e2nia... A\u0163i fost p\u0103c\u0103li\u0163i! Nu exist\u0103 nicio gaur\u0103 de ozon! - Secretele lui Lovendal","robots":{"index":"index","follow":"follow","max-snippet":"max-snippet:-1","max-image-preview":"max-image-preview:large","max-video-preview":"max-video-preview:-1"},"canonical":"https:\/\/www.lovendal.ro\/wp52\/cica-gaura-de-ozon-ameninta-romania-ati-fost-pacaliti-nu-exista-nicio-gaura-de-ozon\/","og_locale":"ro_RO","og_type":"article","og_title":"Cic\u0103 gaura de ozon amenin\u0163\u0103 Rom\u00e2nia... A\u0163i fost p\u0103c\u0103li\u0163i! Nu exist\u0103 nicio gaur\u0103 de ozon!","og_description":"\u00cen ultimele 2 zile am fost amenin\u0163a\u0163i cu aceast\u0103 \u015ftire catastrofal\u0103: &#8222;Speciali\u015ftii Centrului European de Meteorologie avertizeaz\u0103 asupra pericolui de expunere la radia\u0163ii ultra-violete \u00een urm\u0103toarele s\u0103pt\u0103m\u00e2ni, acestea fiind \u00een cre\u015ftere din cauza sub\u0163ierii rapide a stratului de ozon. O ... Cititi mai multe","og_url":"https:\/\/www.lovendal.ro\/wp52\/cica-gaura-de-ozon-ameninta-romania-ati-fost-pacaliti-nu-exista-nicio-gaura-de-ozon\/","og_site_name":"Secretele lui Lovendal","article_publisher":"https:\/\/www.facebook.com\/secreteleluilovendal","article_published_time":"2011-03-29T16:41:02+00:00","og_image":[{"width":282,"height":308,"url":"https:\/\/www.lovendal.ro\/wp52\/wp-content\/uploads\/2011\/03\/gaura-de-ozon.jpg","type":"image\/jpeg"}],"author":"admin","twitter_card":"summary_large_image","twitter_misc":{"Scris de":"admin","Timp estimat pentru citire":"3 minute"},"schema":{"@context":"https:\/\/schema.org","@graph":[{"@type":"Article","@id":"https:\/\/www.lovendal.ro\/wp52\/cica-gaura-de-ozon-ameninta-romania-ati-fost-pacaliti-nu-exista-nicio-gaura-de-ozon\/#article","isPartOf":{"@id":"https:\/\/www.lovendal.ro\/wp52\/cica-gaura-de-ozon-ameninta-romania-ati-fost-pacaliti-nu-exista-nicio-gaura-de-ozon\/"},"author":{"name":"admin","@id":"https:\/\/www.lovendal.ro\/wp52\/#\/schema\/person\/088691de5dfc346bb0c023e1e52ef5d9"},"headline":"Cic\u0103 gaura de ozon amenin\u0163\u0103 Rom\u00e2nia&#8230; A\u0163i fost p\u0103c\u0103li\u0163i! Nu exist\u0103 nicio gaur\u0103 de ozon!","datePublished":"2011-03-29T16:41:02+00:00","mainEntityOfPage":{"@id":"https:\/\/www.lovendal.ro\/wp52\/cica-gaura-de-ozon-ameninta-romania-ati-fost-pacaliti-nu-exista-nicio-gaura-de-ozon\/"},"wordCount":550,"commentCount":29,"publisher":{"@id":"https:\/\/www.lovendal.ro\/wp52\/#organization"},"image":{"@id":"https:\/\/www.lovendal.ro\/wp52\/cica-gaura-de-ozon-ameninta-romania-ati-fost-pacaliti-nu-exista-nicio-gaura-de-ozon\/#primaryimage"},"thumbnailUrl":"https:\/\/www.lovendal.ro\/wp52\/wp-content\/uploads\/2011\/03\/gaura-de-ozon.jpg","keywords":["ozon","P\u0103m\u00e2nt","Polul Nord","radiatii","Rom\u00e2nia","Soare","Stiinta","ultraviolete"],"articleSection":["Stiinta"],"inLanguage":"ro-RO","potentialAction":[{"@type":"CommentAction","name":"Comment","target":["https:\/\/www.lovendal.ro\/wp52\/cica-gaura-de-ozon-ameninta-romania-ati-fost-pacaliti-nu-exista-nicio-gaura-de-ozon\/#respond"]}]},{"@type":"WebPage","@id":"https:\/\/www.lovendal.ro\/wp52\/cica-gaura-de-ozon-ameninta-romania-ati-fost-pacaliti-nu-exista-nicio-gaura-de-ozon\/","url":"https:\/\/www.lovendal.ro\/wp52\/cica-gaura-de-ozon-ameninta-romania-ati-fost-pacaliti-nu-exista-nicio-gaura-de-ozon\/","name":"Cic\u0103 gaura de ozon amenin\u0163\u0103 Rom\u00e2nia... A\u0163i fost p\u0103c\u0103li\u0163i! Nu exist\u0103 nicio gaur\u0103 de ozon! - Secretele lui Lovendal","isPartOf":{"@id":"https:\/\/www.lovendal.ro\/wp52\/#website"},"primaryImageOfPage":{"@id":"https:\/\/www.lovendal.ro\/wp52\/cica-gaura-de-ozon-ameninta-romania-ati-fost-pacaliti-nu-exista-nicio-gaura-de-ozon\/#primaryimage"},"image":{"@id":"https:\/\/www.lovendal.ro\/wp52\/cica-gaura-de-ozon-ameninta-romania-ati-fost-pacaliti-nu-exista-nicio-gaura-de-ozon\/#primaryimage"},"thumbnailUrl":"https:\/\/www.lovendal.ro\/wp52\/wp-content\/uploads\/2011\/03\/gaura-de-ozon.jpg","datePublished":"2011-03-29T16:41:02+00:00","breadcrumb":{"@id":"https:\/\/www.lovendal.ro\/wp52\/cica-gaura-de-ozon-ameninta-romania-ati-fost-pacaliti-nu-exista-nicio-gaura-de-ozon\/#breadcrumb"},"inLanguage":"ro-RO","potentialAction":[{"@type":"ReadAction","target":["https:\/\/www.lovendal.ro\/wp52\/cica-gaura-de-ozon-ameninta-romania-ati-fost-pacaliti-nu-exista-nicio-gaura-de-ozon\/"]}]},{"@type":"ImageObject","inLanguage":"ro-RO","@id":"https:\/\/www.lovendal.ro\/wp52\/cica-gaura-de-ozon-ameninta-romania-ati-fost-pacaliti-nu-exista-nicio-gaura-de-ozon\/#primaryimage","url":"https:\/\/www.lovendal.ro\/wp52\/wp-content\/uploads\/2011\/03\/gaura-de-ozon.jpg","contentUrl":"https:\/\/www.lovendal.ro\/wp52\/wp-content\/uploads\/2011\/03\/gaura-de-ozon.jpg","width":"282","height":"308"},{"@type":"BreadcrumbList","@id":"https:\/\/www.lovendal.ro\/wp52\/cica-gaura-de-ozon-ameninta-romania-ati-fost-pacaliti-nu-exista-nicio-gaura-de-ozon\/#breadcrumb","itemListElement":[{"@type":"ListItem","position":1,"name":"Home","item":"https:\/\/www.lovendal.ro\/wp52\/"},{"@type":"ListItem","position":2,"name":"Cic\u0103 gaura de ozon amenin\u0163\u0103 Rom\u00e2nia&#8230; A\u0163i fost p\u0103c\u0103li\u0163i! Nu exist\u0103 nicio gaur\u0103 de ozon!"}]},{"@type":"WebSite","@id":"https:\/\/www.lovendal.ro\/wp52\/#website","url":"https:\/\/www.lovendal.ro\/wp52\/","name":"Secretele lui Lovendal","description":"Site de secrete, stiinta si metafizica - din 2008 -","publisher":{"@id":"https:\/\/www.lovendal.ro\/wp52\/#organization"},"potentialAction":[{"@type":"SearchAction","target":{"@type":"EntryPoint","urlTemplate":"https:\/\/www.lovendal.ro\/wp52\/?s={search_term_string}"},"query-input":{"@type":"PropertyValueSpecification","valueRequired":true,"valueName":"search_term_string"}}],"inLanguage":"ro-RO"},{"@type":"Organization","@id":"https:\/\/www.lovendal.ro\/wp52\/#organization","name":"Secretele lui Lovendal","url":"https:\/\/www.lovendal.ro\/wp52\/","logo":{"@type":"ImageObject","inLanguage":"ro-RO","@id":"https:\/\/www.lovendal.ro\/wp52\/#\/schema\/logo\/image\/","url":"https:\/\/www.lovendal.ro\/wp52\/wp-content\/uploads\/2024\/06\/cropped-SLL-iun-2024-1.jpg","contentUrl":"https:\/\/www.lovendal.ro\/wp52\/wp-content\/uploads\/2024\/06\/cropped-SLL-iun-2024-1.jpg","width":771,"height":240,"caption":"Secretele lui Lovendal"},"image":{"@id":"https:\/\/www.lovendal.ro\/wp52\/#\/schema\/logo\/image\/"},"sameAs":["https:\/\/www.facebook.com\/secreteleluilovendal"]},{"@type":"Person","@id":"https:\/\/www.lovendal.ro\/wp52\/#\/schema\/person\/088691de5dfc346bb0c023e1e52ef5d9","name":"admin","image":{"@type":"ImageObject","inLanguage":"ro-RO","@id":"https:\/\/secure.gravatar.com\/avatar\/ecb9cd41f5f63c9c9b989999a59f6e2639a865ec361e9db054db0679a8f341c2?s=96&d=mm&r=g","url":"https:\/\/secure.gravatar.com\/avatar\/ecb9cd41f5f63c9c9b989999a59f6e2639a865ec361e9db054db0679a8f341c2?s=96&d=mm&r=g","contentUrl":"https:\/\/secure.gravatar.com\/avatar\/ecb9cd41f5f63c9c9b989999a59f6e2639a865ec361e9db054db0679a8f341c2?s=96&d=mm&r=g","caption":"admin"},"sameAs":["https:\/\/www.lovendal.ro\/wp52"]}]}},"_links":{"self":[{"href":"https:\/\/www.lovendal.ro\/wp52\/wp-json\/wp\/v2\/posts\/17677","targetHints":{"allow":["GET"]}}],"collection":[{"href":"https:\/\/www.lovendal.ro\/wp52\/wp-json\/wp\/v2\/posts"}],"about":[{"href":"https:\/\/www.lovendal.ro\/wp52\/wp-json\/wp\/v2\/types\/post"}],"author":[{"embeddable":true,"href":"https:\/\/www.lovendal.ro\/wp52\/wp-json\/wp\/v2\/users\/1"}],"replies":[{"embeddable":true,"href":"https:\/\/www.lovendal.ro\/wp52\/wp-json\/wp\/v2\/comments?post=17677"}],"version-history":[{"count":0,"href":"https:\/\/www.lovendal.ro\/wp52\/wp-json\/wp\/v2\/posts\/17677\/revisions"}],"wp:featuredmedia":[{"embeddable":true,"href":"https:\/\/www.lovendal.ro\/wp52\/wp-json\/wp\/v2\/media\/17678"}],"wp:attachment":[{"href":"https:\/\/www.lovendal.ro\/wp52\/wp-json\/wp\/v2\/media?parent=17677"}],"wp:term":[{"taxonomy":"category","embeddable":true,"href":"https:\/\/www.lovendal.ro\/wp52\/wp-json\/wp\/v2\/categories?post=17677"},{"taxonomy":"post_tag","embeddable":true,"href":"https:\/\/www.lovendal.ro\/wp52\/wp-json\/wp\/v2\/tags?post=17677"}],"curies":[{"name":"wp","href":"https:\/\/api.w.org\/{rel}","templated":true}]}}