{"id":17602,"date":"2011-03-24T13:36:53","date_gmt":"2011-03-24T11:36:53","guid":{"rendered":"http:\/\/www.lovendal.net\/wp52\/?p=17602"},"modified":"2011-03-24T13:36:53","modified_gmt":"2011-03-24T11:36:53","slug":"eruptiile-solare-din-2011-2012-vor-duce-omenirea-intr-un-vortex-al-mortii","status":"publish","type":"post","link":"https:\/\/www.lovendal.ro\/wp52\/eruptiile-solare-din-2011-2012-vor-duce-omenirea-intr-un-vortex-al-mortii\/","title":{"rendered":"Erup\u0163iile solare din 2011-2012 vor duce omenirea \u00eentr-un &#8222;vortex al mor\u0163ii&#8221;"},"content":{"rendered":"<p><a href=\"https:\/\/www.lovendal.ro\/wp52\/wp-content\/uploads\/2011\/03\/flacari-solare.jpg\"><img loading=\"lazy\" decoding=\"async\" class=\"alignleft size-full wp-image-17603\" title=\"flacari solare\" src=\"https:\/\/www.lovendal.ro\/wp52\/wp-content\/uploads\/2011\/03\/flacari-solare.jpg\" alt=\"\" width=\"285\" height=\"260\" \/><\/a>Profesorul Raymond Wheeler, de la Universitatea din Kansas, a r\u0103mas uimit \u00een fa\u0163a eviden\u0163ei unor date absolut uimitoare. Prima descoperire a leg\u0103turii a fost remarcat\u0103 pentru prima oar\u0103 \u00een anul 1915 de c\u0103tre omul de \u015ftiin\u0163\u0103 rus Alexandr Cizevski, an \u00een care au avut loc puternice furtuni solare, r\u0103zboaie, precum \u015fi moarte. Astfel, s-a n\u0103scut a\u015fa-zisul &#8222;vortex al mor\u0163ii&#8221;.<\/p>\n<p>Cizevski a fost cel care a descoperit, dup\u0103 o cercetare temeinic\u0103, faptul c\u0103 cre\u015fterea \u015fi descre\u015fterea activit\u0103\u0163ii solare, ce interac\u0163ioneaz\u0103 cu c\u00e2mpul magnetic al P\u0103m\u00e2ntului, este cea responsabil\u0103 pentru toate comportamentele \u015fi emo\u0163iile oamenilor. To\u0163i oamenii sunt afecta\u0163i de petele \u015fi de furtunile solare.<\/p>\n<p>Baz\u00e2ndu-se pe studiile cercet\u0103torului rus, profesorul Wheeler a construit \u00een anii 1930 un model prin care a eviden\u0163iat faptul c\u0103 exist\u0103 o puternic\u0103 corela\u0163ie \u00eentre r\u0103zboaiele \u015fi conflictele mondiale \u015fi ciclul de 11 ani al erup\u0163iilor solare. Profesorul american a reu\u015fit s\u0103 fac\u0103 o analiz\u0103 complet\u0103 pe o perioad\u0103 de 2.500 de ani \u015fi a constatat existen\u0163a acestei conexiuni.<\/p>\n<p>Atunci c\u00e2nd erup\u0163iile solare ajung la un maximum, odat\u0103 la 11 ani, umanitatea este plin\u0103 de r\u0103zboaie, crime nenum\u0103rate, revolte \u015fi v\u0103rs\u0103ri de s\u00e2nge. Ca \u015fi cum un c\u00e2mp magnetic intens afecteaz\u0103 creierul uman \u015fi-l conduce c\u0103tre atitudini criminale.<\/p>\n<p>V\u0103 mai duce\u0163i aminte ce s-a \u00eent\u00e2mplat \u00een anii 1989-1990, atunci c\u00e2nd erup\u0163iile solare au atins un nivel maxim? Revolu\u0163ii \u00een \u0163\u0103rile est-europene (printre care \u015fi la noi), invazia Kuweitului de c\u0103tre Iraq \u015fi apoi r\u0103zboiul din Iraq. Peste 11 ani, \u00een anul 2001, c\u00e2nd iar\u0103\u015fi Soarele a intrat \u00een faza erup\u0163iilor maxime, au urmat evenimentele teroriste de la 11 septembrie, urmate imediat de r\u0103zboiul din Afghanistan.<\/p>\n<p>Anul acesta \u015fi anul viitor, erup\u0163iile solare ajung la un maximum. Ce s-a \u00eent\u00e2mplat \u00eentre timp? Se poate observa u\u015for \u00een jurul nostru: revoltele din Tunisia, Egipt, Yemen \u015fi, recent, r\u0103zboiul din Libia. Odat\u0103 ce erup\u0163iile solare cresc \u00een intensitate \u015fi Soarele devine din ce \u00een ce mai violent, omenirea va \u00eennebuni \u015fi mai tare \u015fi de aceea trebuie s\u0103 ne a\u015ftept\u0103m \u00een viitorul apropiat la isterii de mas\u0103, violen\u0163e \u015fi psihoze generale.<\/p>\n<p>Acest ciclu solar pe care-l tr\u0103im \u00een prezent a \u00eenceput deja \u015fi se calculeaz\u0103 c\u0103 va fi unul dintre cel mai volent din toat\u0103 istoria omenirii. Din p\u0103cate, acest lucru ne va aduce mai mult\u0103 moarte \u015fi mai multe r\u0103zboaie&#8230;<\/p>\n<p>Sursa: <a href=\"http:\/\/www.helium.com\/items\/2122034-scientists-research-warns-humanity-may-be-facing-vortex-of-death\" target=\"_blank\"><strong>Helium<\/strong><\/a><\/p>\n<p>P.S. Site-ul Helium este unul din prestigioasele site-uri \u015ftiin\u0163ifice din lume, a\u015fa c\u0103 trebuie s\u0103 acord\u0103m destul de mult credit acestui articol. Dac\u0103 pe mine nu m\u0103 crede\u0163i, crede\u0163i-i m\u0103car pe ei.<\/p>\n","protected":false},"excerpt":{"rendered":"<p>Profesorul Raymond Wheeler, de la Universitatea din Kansas, a r\u0103mas uimit \u00een fa\u0163a eviden\u0163ei unor date absolut uimitoare. Prima descoperire a leg\u0103turii a fost remarcat\u0103 pentru prima oar\u0103 \u00een anul 1915 de c\u0103tre omul de \u015ftiin\u0163\u0103 rus Alexandr Cizevski, an &#8230; <\/p>\n<p class=\"read-more-container\"><a title=\"Erup\u0163iile solare din 2011-2012 vor duce omenirea \u00eentr-un &#8222;vortex al mor\u0163ii&#8221;\" class=\"read-more button\" href=\"https:\/\/www.lovendal.ro\/wp52\/eruptiile-solare-din-2011-2012-vor-duce-omenirea-intr-un-vortex-al-mortii\/#more-17602\" aria-label=\"Cite\u0219te mai multe despre Erup\u0163iile solare din 2011-2012 vor duce omenirea \u00eentr-un &#8222;vortex al mor\u0163ii&#8221;\">Cititi mai multe<\/a><\/p>\n","protected":false},"author":1,"featured_media":17603,"comment_status":"open","ping_status":"closed","sticky":false,"template":"","format":"standard","meta":{"footnotes":""},"categories":[106],"tags":[1870,421,386,2369,1063,4090,2123,4010,73,3931,865,9803,3932],"class_list":["post-17602","post","type-post","status-publish","format-standard","has-post-thumbnail","hentry","category-stiinta","tag-1870","tag-afghanistan","tag-egipt","tag-eruptie-solara","tag-iraq","tag-kuweit","tag-libia","tag-omenire","tag-razboi","tag-revolta","tag-soare","tag-stiinta","tag-tunisia","resize-featured-image"],"yoast_head":"<!-- This site is optimized with the Yoast SEO Premium plugin v23.3 (Yoast SEO v27.4) - https:\/\/yoast.com\/product\/yoast-seo-premium-wordpress\/ -->\n<title>Erup\u0163iile solare din 2011-2012 vor duce omenirea \u00eentr-un &quot;vortex al mor\u0163ii&quot; - Secretele lui Lovendal<\/title>\n<meta name=\"robots\" content=\"index, follow, max-snippet:-1, max-image-preview:large, max-video-preview:-1\" \/>\n<link rel=\"canonical\" href=\"https:\/\/www.lovendal.ro\/wp52\/eruptiile-solare-din-2011-2012-vor-duce-omenirea-intr-un-vortex-al-mortii\/\" \/>\n<meta property=\"og:locale\" content=\"ro_RO\" \/>\n<meta property=\"og:type\" content=\"article\" \/>\n<meta property=\"og:title\" content=\"Erup\u0163iile solare din 2011-2012 vor duce omenirea \u00eentr-un &quot;vortex al mor\u0163ii&quot;\" \/>\n<meta property=\"og:description\" content=\"Profesorul Raymond Wheeler, de la Universitatea din Kansas, a r\u0103mas uimit \u00een fa\u0163a eviden\u0163ei unor date absolut uimitoare. Prima descoperire a leg\u0103turii a fost remarcat\u0103 pentru prima oar\u0103 \u00een anul 1915 de c\u0103tre omul de \u015ftiin\u0163\u0103 rus Alexandr Cizevski, an ... Cititi mai multe\" \/>\n<meta property=\"og:url\" content=\"https:\/\/www.lovendal.ro\/wp52\/eruptiile-solare-din-2011-2012-vor-duce-omenirea-intr-un-vortex-al-mortii\/\" \/>\n<meta property=\"og:site_name\" content=\"Secretele lui Lovendal\" \/>\n<meta property=\"article:publisher\" content=\"https:\/\/www.facebook.com\/secreteleluilovendal\" \/>\n<meta property=\"article:published_time\" content=\"2011-03-24T11:36:53+00:00\" \/>\n<meta property=\"og:image\" content=\"https:\/\/www.lovendal.ro\/wp52\/wp-content\/uploads\/2011\/03\/flacari-solare.jpg\" \/>\n\t<meta property=\"og:image:width\" content=\"285\" \/>\n\t<meta property=\"og:image:height\" content=\"260\" \/>\n\t<meta property=\"og:image:type\" content=\"image\/jpeg\" \/>\n<meta name=\"author\" content=\"admin\" \/>\n<meta name=\"twitter:card\" content=\"summary_large_image\" \/>\n<meta name=\"twitter:label1\" content=\"Scris de\" \/>\n\t<meta name=\"twitter:data1\" content=\"admin\" \/>\n\t<meta name=\"twitter:label2\" content=\"Timp estimat pentru citire\" \/>\n\t<meta name=\"twitter:data2\" content=\"2 minute\" \/>\n<script type=\"application\/ld+json\" class=\"yoast-schema-graph\">{\"@context\":\"https:\\\/\\\/schema.org\",\"@graph\":[{\"@type\":\"Article\",\"@id\":\"https:\\\/\\\/www.lovendal.ro\\\/wp52\\\/eruptiile-solare-din-2011-2012-vor-duce-omenirea-intr-un-vortex-al-mortii\\\/#article\",\"isPartOf\":{\"@id\":\"https:\\\/\\\/www.lovendal.ro\\\/wp52\\\/eruptiile-solare-din-2011-2012-vor-duce-omenirea-intr-un-vortex-al-mortii\\\/\"},\"author\":{\"name\":\"admin\",\"@id\":\"https:\\\/\\\/www.lovendal.ro\\\/wp52\\\/#\\\/schema\\\/person\\\/088691de5dfc346bb0c023e1e52ef5d9\"},\"headline\":\"Erup\u0163iile solare din 2011-2012 vor duce omenirea \u00eentr-un &#8222;vortex al mor\u0163ii&#8221;\",\"datePublished\":\"2011-03-24T11:36:53+00:00\",\"mainEntityOfPage\":{\"@id\":\"https:\\\/\\\/www.lovendal.ro\\\/wp52\\\/eruptiile-solare-din-2011-2012-vor-duce-omenirea-intr-un-vortex-al-mortii\\\/\"},\"wordCount\":485,\"commentCount\":19,\"publisher\":{\"@id\":\"https:\\\/\\\/www.lovendal.ro\\\/wp52\\\/#organization\"},\"image\":{\"@id\":\"https:\\\/\\\/www.lovendal.ro\\\/wp52\\\/eruptiile-solare-din-2011-2012-vor-duce-omenirea-intr-un-vortex-al-mortii\\\/#primaryimage\"},\"thumbnailUrl\":\"https:\\\/\\\/www.lovendal.ro\\\/wp52\\\/wp-content\\\/uploads\\\/2011\\\/03\\\/flacari-solare.jpg\",\"keywords\":[\"9\\\/11\",\"Afghanistan\",\"Egipt\",\"erup\u0163ie solar\u0103\",\"Iraq\",\"Kuweit\",\"Libia\",\"omenire\",\"r\u0103zboi\",\"revolt\u0103\",\"Soare\",\"Stiinta\",\"Tunisia\"],\"articleSection\":[\"Stiinta\"],\"inLanguage\":\"ro-RO\",\"potentialAction\":[{\"@type\":\"CommentAction\",\"name\":\"Comment\",\"target\":[\"https:\\\/\\\/www.lovendal.ro\\\/wp52\\\/eruptiile-solare-din-2011-2012-vor-duce-omenirea-intr-un-vortex-al-mortii\\\/#respond\"]}]},{\"@type\":\"WebPage\",\"@id\":\"https:\\\/\\\/www.lovendal.ro\\\/wp52\\\/eruptiile-solare-din-2011-2012-vor-duce-omenirea-intr-un-vortex-al-mortii\\\/\",\"url\":\"https:\\\/\\\/www.lovendal.ro\\\/wp52\\\/eruptiile-solare-din-2011-2012-vor-duce-omenirea-intr-un-vortex-al-mortii\\\/\",\"name\":\"Erup\u0163iile solare din 2011-2012 vor duce omenirea \u00eentr-un \\\"vortex al mor\u0163ii\\\" - Secretele lui Lovendal\",\"isPartOf\":{\"@id\":\"https:\\\/\\\/www.lovendal.ro\\\/wp52\\\/#website\"},\"primaryImageOfPage\":{\"@id\":\"https:\\\/\\\/www.lovendal.ro\\\/wp52\\\/eruptiile-solare-din-2011-2012-vor-duce-omenirea-intr-un-vortex-al-mortii\\\/#primaryimage\"},\"image\":{\"@id\":\"https:\\\/\\\/www.lovendal.ro\\\/wp52\\\/eruptiile-solare-din-2011-2012-vor-duce-omenirea-intr-un-vortex-al-mortii\\\/#primaryimage\"},\"thumbnailUrl\":\"https:\\\/\\\/www.lovendal.ro\\\/wp52\\\/wp-content\\\/uploads\\\/2011\\\/03\\\/flacari-solare.jpg\",\"datePublished\":\"2011-03-24T11:36:53+00:00\",\"breadcrumb\":{\"@id\":\"https:\\\/\\\/www.lovendal.ro\\\/wp52\\\/eruptiile-solare-din-2011-2012-vor-duce-omenirea-intr-un-vortex-al-mortii\\\/#breadcrumb\"},\"inLanguage\":\"ro-RO\",\"potentialAction\":[{\"@type\":\"ReadAction\",\"target\":[\"https:\\\/\\\/www.lovendal.ro\\\/wp52\\\/eruptiile-solare-din-2011-2012-vor-duce-omenirea-intr-un-vortex-al-mortii\\\/\"]}]},{\"@type\":\"ImageObject\",\"inLanguage\":\"ro-RO\",\"@id\":\"https:\\\/\\\/www.lovendal.ro\\\/wp52\\\/eruptiile-solare-din-2011-2012-vor-duce-omenirea-intr-un-vortex-al-mortii\\\/#primaryimage\",\"url\":\"https:\\\/\\\/www.lovendal.ro\\\/wp52\\\/wp-content\\\/uploads\\\/2011\\\/03\\\/flacari-solare.jpg\",\"contentUrl\":\"https:\\\/\\\/www.lovendal.ro\\\/wp52\\\/wp-content\\\/uploads\\\/2011\\\/03\\\/flacari-solare.jpg\",\"width\":\"285\",\"height\":\"260\"},{\"@type\":\"BreadcrumbList\",\"@id\":\"https:\\\/\\\/www.lovendal.ro\\\/wp52\\\/eruptiile-solare-din-2011-2012-vor-duce-omenirea-intr-un-vortex-al-mortii\\\/#breadcrumb\",\"itemListElement\":[{\"@type\":\"ListItem\",\"position\":1,\"name\":\"Home\",\"item\":\"https:\\\/\\\/www.lovendal.ro\\\/wp52\\\/\"},{\"@type\":\"ListItem\",\"position\":2,\"name\":\"Erup\u0163iile solare din 2011-2012 vor duce omenirea \u00eentr-un &#8222;vortex al mor\u0163ii&#8221;\"}]},{\"@type\":\"WebSite\",\"@id\":\"https:\\\/\\\/www.lovendal.ro\\\/wp52\\\/#website\",\"url\":\"https:\\\/\\\/www.lovendal.ro\\\/wp52\\\/\",\"name\":\"Secretele lui Lovendal\",\"description\":\"Site de secrete, stiinta si metafizica - din 2008 -\",\"publisher\":{\"@id\":\"https:\\\/\\\/www.lovendal.ro\\\/wp52\\\/#organization\"},\"potentialAction\":[{\"@type\":\"SearchAction\",\"target\":{\"@type\":\"EntryPoint\",\"urlTemplate\":\"https:\\\/\\\/www.lovendal.ro\\\/wp52\\\/?s={search_term_string}\"},\"query-input\":{\"@type\":\"PropertyValueSpecification\",\"valueRequired\":true,\"valueName\":\"search_term_string\"}}],\"inLanguage\":\"ro-RO\"},{\"@type\":\"Organization\",\"@id\":\"https:\\\/\\\/www.lovendal.ro\\\/wp52\\\/#organization\",\"name\":\"Secretele lui Lovendal\",\"url\":\"https:\\\/\\\/www.lovendal.ro\\\/wp52\\\/\",\"logo\":{\"@type\":\"ImageObject\",\"inLanguage\":\"ro-RO\",\"@id\":\"https:\\\/\\\/www.lovendal.ro\\\/wp52\\\/#\\\/schema\\\/logo\\\/image\\\/\",\"url\":\"https:\\\/\\\/www.lovendal.ro\\\/wp52\\\/wp-content\\\/uploads\\\/2024\\\/06\\\/cropped-SLL-iun-2024-1.jpg\",\"contentUrl\":\"https:\\\/\\\/www.lovendal.ro\\\/wp52\\\/wp-content\\\/uploads\\\/2024\\\/06\\\/cropped-SLL-iun-2024-1.jpg\",\"width\":771,\"height\":240,\"caption\":\"Secretele lui Lovendal\"},\"image\":{\"@id\":\"https:\\\/\\\/www.lovendal.ro\\\/wp52\\\/#\\\/schema\\\/logo\\\/image\\\/\"},\"sameAs\":[\"https:\\\/\\\/www.facebook.com\\\/secreteleluilovendal\"]},{\"@type\":\"Person\",\"@id\":\"https:\\\/\\\/www.lovendal.ro\\\/wp52\\\/#\\\/schema\\\/person\\\/088691de5dfc346bb0c023e1e52ef5d9\",\"name\":\"admin\",\"image\":{\"@type\":\"ImageObject\",\"inLanguage\":\"ro-RO\",\"@id\":\"https:\\\/\\\/secure.gravatar.com\\\/avatar\\\/ecb9cd41f5f63c9c9b989999a59f6e2639a865ec361e9db054db0679a8f341c2?s=96&d=mm&r=g\",\"url\":\"https:\\\/\\\/secure.gravatar.com\\\/avatar\\\/ecb9cd41f5f63c9c9b989999a59f6e2639a865ec361e9db054db0679a8f341c2?s=96&d=mm&r=g\",\"contentUrl\":\"https:\\\/\\\/secure.gravatar.com\\\/avatar\\\/ecb9cd41f5f63c9c9b989999a59f6e2639a865ec361e9db054db0679a8f341c2?s=96&d=mm&r=g\",\"caption\":\"admin\"},\"sameAs\":[\"https:\\\/\\\/www.lovendal.ro\\\/wp52\"]}]}<\/script>\n<!-- \/ Yoast SEO Premium plugin. -->","yoast_head_json":{"title":"Erup\u0163iile solare din 2011-2012 vor duce omenirea \u00eentr-un \"vortex al mor\u0163ii\" - Secretele lui Lovendal","robots":{"index":"index","follow":"follow","max-snippet":"max-snippet:-1","max-image-preview":"max-image-preview:large","max-video-preview":"max-video-preview:-1"},"canonical":"https:\/\/www.lovendal.ro\/wp52\/eruptiile-solare-din-2011-2012-vor-duce-omenirea-intr-un-vortex-al-mortii\/","og_locale":"ro_RO","og_type":"article","og_title":"Erup\u0163iile solare din 2011-2012 vor duce omenirea \u00eentr-un \"vortex al mor\u0163ii\"","og_description":"Profesorul Raymond Wheeler, de la Universitatea din Kansas, a r\u0103mas uimit \u00een fa\u0163a eviden\u0163ei unor date absolut uimitoare. Prima descoperire a leg\u0103turii a fost remarcat\u0103 pentru prima oar\u0103 \u00een anul 1915 de c\u0103tre omul de \u015ftiin\u0163\u0103 rus Alexandr Cizevski, an ... Cititi mai multe","og_url":"https:\/\/www.lovendal.ro\/wp52\/eruptiile-solare-din-2011-2012-vor-duce-omenirea-intr-un-vortex-al-mortii\/","og_site_name":"Secretele lui Lovendal","article_publisher":"https:\/\/www.facebook.com\/secreteleluilovendal","article_published_time":"2011-03-24T11:36:53+00:00","og_image":[{"width":285,"height":260,"url":"https:\/\/www.lovendal.ro\/wp52\/wp-content\/uploads\/2011\/03\/flacari-solare.jpg","type":"image\/jpeg"}],"author":"admin","twitter_card":"summary_large_image","twitter_misc":{"Scris de":"admin","Timp estimat pentru citire":"2 minute"},"schema":{"@context":"https:\/\/schema.org","@graph":[{"@type":"Article","@id":"https:\/\/www.lovendal.ro\/wp52\/eruptiile-solare-din-2011-2012-vor-duce-omenirea-intr-un-vortex-al-mortii\/#article","isPartOf":{"@id":"https:\/\/www.lovendal.ro\/wp52\/eruptiile-solare-din-2011-2012-vor-duce-omenirea-intr-un-vortex-al-mortii\/"},"author":{"name":"admin","@id":"https:\/\/www.lovendal.ro\/wp52\/#\/schema\/person\/088691de5dfc346bb0c023e1e52ef5d9"},"headline":"Erup\u0163iile solare din 2011-2012 vor duce omenirea \u00eentr-un &#8222;vortex al mor\u0163ii&#8221;","datePublished":"2011-03-24T11:36:53+00:00","mainEntityOfPage":{"@id":"https:\/\/www.lovendal.ro\/wp52\/eruptiile-solare-din-2011-2012-vor-duce-omenirea-intr-un-vortex-al-mortii\/"},"wordCount":485,"commentCount":19,"publisher":{"@id":"https:\/\/www.lovendal.ro\/wp52\/#organization"},"image":{"@id":"https:\/\/www.lovendal.ro\/wp52\/eruptiile-solare-din-2011-2012-vor-duce-omenirea-intr-un-vortex-al-mortii\/#primaryimage"},"thumbnailUrl":"https:\/\/www.lovendal.ro\/wp52\/wp-content\/uploads\/2011\/03\/flacari-solare.jpg","keywords":["9\/11","Afghanistan","Egipt","erup\u0163ie solar\u0103","Iraq","Kuweit","Libia","omenire","r\u0103zboi","revolt\u0103","Soare","Stiinta","Tunisia"],"articleSection":["Stiinta"],"inLanguage":"ro-RO","potentialAction":[{"@type":"CommentAction","name":"Comment","target":["https:\/\/www.lovendal.ro\/wp52\/eruptiile-solare-din-2011-2012-vor-duce-omenirea-intr-un-vortex-al-mortii\/#respond"]}]},{"@type":"WebPage","@id":"https:\/\/www.lovendal.ro\/wp52\/eruptiile-solare-din-2011-2012-vor-duce-omenirea-intr-un-vortex-al-mortii\/","url":"https:\/\/www.lovendal.ro\/wp52\/eruptiile-solare-din-2011-2012-vor-duce-omenirea-intr-un-vortex-al-mortii\/","name":"Erup\u0163iile solare din 2011-2012 vor duce omenirea \u00eentr-un \"vortex al mor\u0163ii\" - Secretele lui Lovendal","isPartOf":{"@id":"https:\/\/www.lovendal.ro\/wp52\/#website"},"primaryImageOfPage":{"@id":"https:\/\/www.lovendal.ro\/wp52\/eruptiile-solare-din-2011-2012-vor-duce-omenirea-intr-un-vortex-al-mortii\/#primaryimage"},"image":{"@id":"https:\/\/www.lovendal.ro\/wp52\/eruptiile-solare-din-2011-2012-vor-duce-omenirea-intr-un-vortex-al-mortii\/#primaryimage"},"thumbnailUrl":"https:\/\/www.lovendal.ro\/wp52\/wp-content\/uploads\/2011\/03\/flacari-solare.jpg","datePublished":"2011-03-24T11:36:53+00:00","breadcrumb":{"@id":"https:\/\/www.lovendal.ro\/wp52\/eruptiile-solare-din-2011-2012-vor-duce-omenirea-intr-un-vortex-al-mortii\/#breadcrumb"},"inLanguage":"ro-RO","potentialAction":[{"@type":"ReadAction","target":["https:\/\/www.lovendal.ro\/wp52\/eruptiile-solare-din-2011-2012-vor-duce-omenirea-intr-un-vortex-al-mortii\/"]}]},{"@type":"ImageObject","inLanguage":"ro-RO","@id":"https:\/\/www.lovendal.ro\/wp52\/eruptiile-solare-din-2011-2012-vor-duce-omenirea-intr-un-vortex-al-mortii\/#primaryimage","url":"https:\/\/www.lovendal.ro\/wp52\/wp-content\/uploads\/2011\/03\/flacari-solare.jpg","contentUrl":"https:\/\/www.lovendal.ro\/wp52\/wp-content\/uploads\/2011\/03\/flacari-solare.jpg","width":"285","height":"260"},{"@type":"BreadcrumbList","@id":"https:\/\/www.lovendal.ro\/wp52\/eruptiile-solare-din-2011-2012-vor-duce-omenirea-intr-un-vortex-al-mortii\/#breadcrumb","itemListElement":[{"@type":"ListItem","position":1,"name":"Home","item":"https:\/\/www.lovendal.ro\/wp52\/"},{"@type":"ListItem","position":2,"name":"Erup\u0163iile solare din 2011-2012 vor duce omenirea \u00eentr-un &#8222;vortex al mor\u0163ii&#8221;"}]},{"@type":"WebSite","@id":"https:\/\/www.lovendal.ro\/wp52\/#website","url":"https:\/\/www.lovendal.ro\/wp52\/","name":"Secretele lui Lovendal","description":"Site de secrete, stiinta si metafizica - din 2008 -","publisher":{"@id":"https:\/\/www.lovendal.ro\/wp52\/#organization"},"potentialAction":[{"@type":"SearchAction","target":{"@type":"EntryPoint","urlTemplate":"https:\/\/www.lovendal.ro\/wp52\/?s={search_term_string}"},"query-input":{"@type":"PropertyValueSpecification","valueRequired":true,"valueName":"search_term_string"}}],"inLanguage":"ro-RO"},{"@type":"Organization","@id":"https:\/\/www.lovendal.ro\/wp52\/#organization","name":"Secretele lui Lovendal","url":"https:\/\/www.lovendal.ro\/wp52\/","logo":{"@type":"ImageObject","inLanguage":"ro-RO","@id":"https:\/\/www.lovendal.ro\/wp52\/#\/schema\/logo\/image\/","url":"https:\/\/www.lovendal.ro\/wp52\/wp-content\/uploads\/2024\/06\/cropped-SLL-iun-2024-1.jpg","contentUrl":"https:\/\/www.lovendal.ro\/wp52\/wp-content\/uploads\/2024\/06\/cropped-SLL-iun-2024-1.jpg","width":771,"height":240,"caption":"Secretele lui Lovendal"},"image":{"@id":"https:\/\/www.lovendal.ro\/wp52\/#\/schema\/logo\/image\/"},"sameAs":["https:\/\/www.facebook.com\/secreteleluilovendal"]},{"@type":"Person","@id":"https:\/\/www.lovendal.ro\/wp52\/#\/schema\/person\/088691de5dfc346bb0c023e1e52ef5d9","name":"admin","image":{"@type":"ImageObject","inLanguage":"ro-RO","@id":"https:\/\/secure.gravatar.com\/avatar\/ecb9cd41f5f63c9c9b989999a59f6e2639a865ec361e9db054db0679a8f341c2?s=96&d=mm&r=g","url":"https:\/\/secure.gravatar.com\/avatar\/ecb9cd41f5f63c9c9b989999a59f6e2639a865ec361e9db054db0679a8f341c2?s=96&d=mm&r=g","contentUrl":"https:\/\/secure.gravatar.com\/avatar\/ecb9cd41f5f63c9c9b989999a59f6e2639a865ec361e9db054db0679a8f341c2?s=96&d=mm&r=g","caption":"admin"},"sameAs":["https:\/\/www.lovendal.ro\/wp52"]}]}},"_links":{"self":[{"href":"https:\/\/www.lovendal.ro\/wp52\/wp-json\/wp\/v2\/posts\/17602","targetHints":{"allow":["GET"]}}],"collection":[{"href":"https:\/\/www.lovendal.ro\/wp52\/wp-json\/wp\/v2\/posts"}],"about":[{"href":"https:\/\/www.lovendal.ro\/wp52\/wp-json\/wp\/v2\/types\/post"}],"author":[{"embeddable":true,"href":"https:\/\/www.lovendal.ro\/wp52\/wp-json\/wp\/v2\/users\/1"}],"replies":[{"embeddable":true,"href":"https:\/\/www.lovendal.ro\/wp52\/wp-json\/wp\/v2\/comments?post=17602"}],"version-history":[{"count":0,"href":"https:\/\/www.lovendal.ro\/wp52\/wp-json\/wp\/v2\/posts\/17602\/revisions"}],"wp:featuredmedia":[{"embeddable":true,"href":"https:\/\/www.lovendal.ro\/wp52\/wp-json\/wp\/v2\/media\/17603"}],"wp:attachment":[{"href":"https:\/\/www.lovendal.ro\/wp52\/wp-json\/wp\/v2\/media?parent=17602"}],"wp:term":[{"taxonomy":"category","embeddable":true,"href":"https:\/\/www.lovendal.ro\/wp52\/wp-json\/wp\/v2\/categories?post=17602"},{"taxonomy":"post_tag","embeddable":true,"href":"https:\/\/www.lovendal.ro\/wp52\/wp-json\/wp\/v2\/tags?post=17602"}],"curies":[{"name":"wp","href":"https:\/\/api.w.org\/{rel}","templated":true}]}}