{"id":17495,"date":"2011-03-17T11:30:33","date_gmt":"2011-03-17T09:30:33","guid":{"rendered":"http:\/\/www.lovendal.net\/wp52\/?p=17495"},"modified":"2011-03-17T11:30:33","modified_gmt":"2011-03-17T09:30:33","slug":"calatoria-in-timp-e-posibila-spun-fizicienii-dar-nu-pentru-oameni-ci-pentru-particulele-lui-dumnezeu","status":"publish","type":"post","link":"https:\/\/www.lovendal.ro\/wp52\/calatoria-in-timp-e-posibila-spun-fizicienii-dar-nu-pentru-oameni-ci-pentru-particulele-lui-dumnezeu\/","title":{"rendered":"C\u0103l\u0103toria \u00een timp e posibil\u0103&#8230;spun fizicienii, dar nu pentru oameni, ci pentru particulele lui Dumnezeu"},"content":{"rendered":"<p><a href=\"https:\/\/www.lovendal.ro\/wp52\/wp-content\/uploads\/2011\/03\/calatoria-in-timp.jpg\"><img loading=\"lazy\" decoding=\"async\" class=\"alignleft size-full wp-image-17496\" title=\"calatoria in timp\" src=\"https:\/\/www.lovendal.ro\/wp52\/wp-content\/uploads\/2011\/03\/calatoria-in-timp.jpg\" alt=\"\" width=\"294\" height=\"287\" \/><\/a>Fizicienii propun ca acceleratorul de particule de la Geneva s\u0103 poat\u0103 fi folosit ca o ma\u015fin\u0103 a timpului, pentru a trimite materie \u00eenapoi \u00een timp, anun\u0163\u0103 <a href=\"http:\/\/www.livescience.com\/13253-large-hadron-collider-time-machine.html\" target=\"_blank\"><strong>LiveScience.com<\/strong><\/a>. Dar despre ce materie ar fi vorba? E vorba de a\u015fa-zisa &#8222;particul\u0103 a lui Dumnezeu&#8221; sau &#8222;particula Higgs&#8221;, o component\u0103 a materiei care se presupune a exista. Oricum, exist\u0103 o mul\u0163ime de necunoscute \u015fi presupuneri p\u00e2n\u0103 a se realiza acest lucru: nu se \u015ftie dac\u0103 particula lui Dumnezeu exist\u0103 \u00eentr-adev\u0103r, nu se cunoa\u015fte dac\u0103 ea ar putea fi creat\u0103 \u00een acceleratorul de particule \u015fi nu se \u015ftie dac\u0103 \u00eentr-adev\u0103r ea ar putea fi trimis\u0103 \u00een trecut.<\/p>\n<p><em>&#8222;Teoria noastr\u0103 e doar o presupunere, dar nu ar viola nicio lege a fizicii sau orice constr\u00e2ngeri experimentale&#8221;<\/em>, spune Tom Weiler de la Universitatea Vanderbilt. Totu\u015fi, dac\u0103 teoria s-ar dovedi a fi corect\u0103, ea ar putea fi utilizat\u0103 pentru a se trimite mesaje \u00een viitor sau \u00een trecut.<\/p>\n<p>Particula Higgs este legat\u0103 de o alt\u0103 particul\u0103 care se presupune a exista (bozonul Higgs), dar care n-a fost descoperit\u0103 experimental p\u00e2n\u0103 \u00een prezent. Aceast\u0103 descoperire i-ar putea ajuta pe oamenii de \u015ftiin\u0163\u0103 s\u0103 \u00een\u0163eleag\u0103 de ce unele particule au mai mult\u0103 mas\u0103 dec\u00e2t altele.<\/p>\n<p>Particula Higgs de\u0163ine unica abilitate de a s\u0103ri din tridimensionalitatea spa\u0163iului \u015fi unidimensionalitatea timpului \u00een care noi tr\u0103im \u00eentr-o dimensiune ascuns\u0103 care se presupune a exista. C\u0103l\u0103torind prin dimensiunea ascuns\u0103, particulele Higgs ar putea reintra \u00een dimensiunile noastre ori \u00eenainte ori dup\u0103 momentul \u00een care ele au ie\u015fit.<\/p>\n<p><em>&#8222;Unul din lucrurile cele mai atractive \u00een aceast\u0103 abordare a c\u0103l\u0103toriei \u00een timp o constituie faptul c\u0103 ea evit\u0103 toate marile paradoxuri&#8221;<\/em>, spune Weiler. <em>&#8222;\u00centruc\u00e2t c\u0103l\u0103toria \u00een timp e limitat\u0103 la aceste particule, nu e posibil ca un om s\u0103 c\u0103l\u0103toreasc\u0103 \u00een timp \u015fi s\u0103-\u015fi omoare p\u0103rin\u0163ii \u00eenainte ca el s\u0103 se nasc\u0103. Totu\u015fi, dac\u0103 oamenii de \u015ftiin\u0163\u0103 ar putea controla produc\u0163ia de particule Higgs, ei ar putea trimite mesaje \u00een trecut sau \u00een viitor&#8221;.<\/em><\/p>\n","protected":false},"excerpt":{"rendered":"<p>Fizicienii propun ca acceleratorul de particule de la Geneva s\u0103 poat\u0103 fi folosit ca o ma\u015fin\u0103 a timpului, pentru a trimite materie \u00eenapoi \u00een timp, anun\u0163\u0103 LiveScience.com. Dar despre ce materie ar fi vorba? E vorba de a\u015fa-zisa &#8222;particul\u0103 a &#8230; <\/p>\n<p class=\"read-more-container\"><a title=\"C\u0103l\u0103toria \u00een timp e posibil\u0103&#8230;spun fizicienii, dar nu pentru oameni, ci pentru particulele lui Dumnezeu\" class=\"read-more button\" href=\"https:\/\/www.lovendal.ro\/wp52\/calatoria-in-timp-e-posibila-spun-fizicienii-dar-nu-pentru-oameni-ci-pentru-particulele-lui-dumnezeu\/#more-17495\" aria-label=\"Cite\u0219te mai multe despre C\u0103l\u0103toria \u00een timp e posibil\u0103&#8230;spun fizicienii, dar nu pentru oameni, ci pentru particulele lui Dumnezeu\">Cititi mai multe<\/a><\/p>\n","protected":false},"author":1,"featured_media":17496,"comment_status":"open","ping_status":"closed","sticky":false,"template":"","format":"standard","meta":{"footnotes":""},"categories":[106],"tags":[4074,928,348,3050,4073,9803],"class_list":["post-17495","post","type-post","status-publish","format-standard","has-post-thumbnail","hentry","category-stiinta","tag-acceleratorul-de-particule-de-la-geneva","tag-calatoria-in-timp","tag-fizica","tag-particula","tag-particula-lui-dumnezeu","tag-stiinta","resize-featured-image"],"yoast_head":"<!-- This site is optimized with the Yoast SEO Premium plugin v23.3 (Yoast SEO v27.4) - https:\/\/yoast.com\/product\/yoast-seo-premium-wordpress\/ -->\n<title>C\u0103l\u0103toria \u00een timp e posibil\u0103...spun fizicienii, dar nu pentru oameni, ci pentru particulele lui Dumnezeu - Secretele lui Lovendal<\/title>\n<meta name=\"robots\" content=\"index, follow, max-snippet:-1, max-image-preview:large, max-video-preview:-1\" \/>\n<link rel=\"canonical\" href=\"https:\/\/www.lovendal.ro\/wp52\/calatoria-in-timp-e-posibila-spun-fizicienii-dar-nu-pentru-oameni-ci-pentru-particulele-lui-dumnezeu\/\" \/>\n<meta property=\"og:locale\" content=\"ro_RO\" \/>\n<meta property=\"og:type\" content=\"article\" \/>\n<meta property=\"og:title\" content=\"C\u0103l\u0103toria \u00een timp e posibil\u0103...spun fizicienii, dar nu pentru oameni, ci pentru particulele lui Dumnezeu\" \/>\n<meta property=\"og:description\" content=\"Fizicienii propun ca acceleratorul de particule de la Geneva s\u0103 poat\u0103 fi folosit ca o ma\u015fin\u0103 a timpului, pentru a trimite materie \u00eenapoi \u00een timp, anun\u0163\u0103 LiveScience.com. Dar despre ce materie ar fi vorba? E vorba de a\u015fa-zisa &#8222;particul\u0103 a ... Cititi mai multe\" \/>\n<meta property=\"og:url\" content=\"https:\/\/www.lovendal.ro\/wp52\/calatoria-in-timp-e-posibila-spun-fizicienii-dar-nu-pentru-oameni-ci-pentru-particulele-lui-dumnezeu\/\" \/>\n<meta property=\"og:site_name\" content=\"Secretele lui Lovendal\" \/>\n<meta property=\"article:publisher\" content=\"https:\/\/www.facebook.com\/secreteleluilovendal\" \/>\n<meta property=\"article:published_time\" content=\"2011-03-17T09:30:33+00:00\" \/>\n<meta property=\"og:image\" content=\"https:\/\/www.lovendal.ro\/wp52\/wp-content\/uploads\/2011\/03\/calatoria-in-timp.jpg\" \/>\n\t<meta property=\"og:image:width\" content=\"294\" \/>\n\t<meta property=\"og:image:height\" content=\"287\" \/>\n\t<meta property=\"og:image:type\" content=\"image\/jpeg\" \/>\n<meta name=\"author\" content=\"admin\" \/>\n<meta name=\"twitter:card\" content=\"summary_large_image\" \/>\n<meta name=\"twitter:label1\" content=\"Scris de\" \/>\n\t<meta name=\"twitter:data1\" content=\"admin\" \/>\n\t<meta name=\"twitter:label2\" content=\"Timp estimat pentru citire\" \/>\n\t<meta name=\"twitter:data2\" content=\"2 minute\" \/>\n<script type=\"application\/ld+json\" class=\"yoast-schema-graph\">{\"@context\":\"https:\\\/\\\/schema.org\",\"@graph\":[{\"@type\":\"Article\",\"@id\":\"https:\\\/\\\/www.lovendal.ro\\\/wp52\\\/calatoria-in-timp-e-posibila-spun-fizicienii-dar-nu-pentru-oameni-ci-pentru-particulele-lui-dumnezeu\\\/#article\",\"isPartOf\":{\"@id\":\"https:\\\/\\\/www.lovendal.ro\\\/wp52\\\/calatoria-in-timp-e-posibila-spun-fizicienii-dar-nu-pentru-oameni-ci-pentru-particulele-lui-dumnezeu\\\/\"},\"author\":{\"name\":\"admin\",\"@id\":\"https:\\\/\\\/www.lovendal.ro\\\/wp52\\\/#\\\/schema\\\/person\\\/088691de5dfc346bb0c023e1e52ef5d9\"},\"headline\":\"C\u0103l\u0103toria \u00een timp e posibil\u0103&#8230;spun fizicienii, dar nu pentru oameni, ci pentru particulele lui Dumnezeu\",\"datePublished\":\"2011-03-17T09:30:33+00:00\",\"mainEntityOfPage\":{\"@id\":\"https:\\\/\\\/www.lovendal.ro\\\/wp52\\\/calatoria-in-timp-e-posibila-spun-fizicienii-dar-nu-pentru-oameni-ci-pentru-particulele-lui-dumnezeu\\\/\"},\"wordCount\":370,\"commentCount\":12,\"publisher\":{\"@id\":\"https:\\\/\\\/www.lovendal.ro\\\/wp52\\\/#organization\"},\"image\":{\"@id\":\"https:\\\/\\\/www.lovendal.ro\\\/wp52\\\/calatoria-in-timp-e-posibila-spun-fizicienii-dar-nu-pentru-oameni-ci-pentru-particulele-lui-dumnezeu\\\/#primaryimage\"},\"thumbnailUrl\":\"https:\\\/\\\/www.lovendal.ro\\\/wp52\\\/wp-content\\\/uploads\\\/2011\\\/03\\\/calatoria-in-timp.jpg\",\"keywords\":[\"acceleratorul de particule de la Geneva\",\"c\u0103l\u0103toria \u00een timp\",\"fizic\u0103\",\"particul\u0103\",\"particula lui Dumnezeu\",\"Stiinta\"],\"articleSection\":[\"Stiinta\"],\"inLanguage\":\"ro-RO\",\"potentialAction\":[{\"@type\":\"CommentAction\",\"name\":\"Comment\",\"target\":[\"https:\\\/\\\/www.lovendal.ro\\\/wp52\\\/calatoria-in-timp-e-posibila-spun-fizicienii-dar-nu-pentru-oameni-ci-pentru-particulele-lui-dumnezeu\\\/#respond\"]}]},{\"@type\":\"WebPage\",\"@id\":\"https:\\\/\\\/www.lovendal.ro\\\/wp52\\\/calatoria-in-timp-e-posibila-spun-fizicienii-dar-nu-pentru-oameni-ci-pentru-particulele-lui-dumnezeu\\\/\",\"url\":\"https:\\\/\\\/www.lovendal.ro\\\/wp52\\\/calatoria-in-timp-e-posibila-spun-fizicienii-dar-nu-pentru-oameni-ci-pentru-particulele-lui-dumnezeu\\\/\",\"name\":\"C\u0103l\u0103toria \u00een timp e posibil\u0103...spun fizicienii, dar nu pentru oameni, ci pentru particulele lui Dumnezeu - Secretele lui Lovendal\",\"isPartOf\":{\"@id\":\"https:\\\/\\\/www.lovendal.ro\\\/wp52\\\/#website\"},\"primaryImageOfPage\":{\"@id\":\"https:\\\/\\\/www.lovendal.ro\\\/wp52\\\/calatoria-in-timp-e-posibila-spun-fizicienii-dar-nu-pentru-oameni-ci-pentru-particulele-lui-dumnezeu\\\/#primaryimage\"},\"image\":{\"@id\":\"https:\\\/\\\/www.lovendal.ro\\\/wp52\\\/calatoria-in-timp-e-posibila-spun-fizicienii-dar-nu-pentru-oameni-ci-pentru-particulele-lui-dumnezeu\\\/#primaryimage\"},\"thumbnailUrl\":\"https:\\\/\\\/www.lovendal.ro\\\/wp52\\\/wp-content\\\/uploads\\\/2011\\\/03\\\/calatoria-in-timp.jpg\",\"datePublished\":\"2011-03-17T09:30:33+00:00\",\"breadcrumb\":{\"@id\":\"https:\\\/\\\/www.lovendal.ro\\\/wp52\\\/calatoria-in-timp-e-posibila-spun-fizicienii-dar-nu-pentru-oameni-ci-pentru-particulele-lui-dumnezeu\\\/#breadcrumb\"},\"inLanguage\":\"ro-RO\",\"potentialAction\":[{\"@type\":\"ReadAction\",\"target\":[\"https:\\\/\\\/www.lovendal.ro\\\/wp52\\\/calatoria-in-timp-e-posibila-spun-fizicienii-dar-nu-pentru-oameni-ci-pentru-particulele-lui-dumnezeu\\\/\"]}]},{\"@type\":\"ImageObject\",\"inLanguage\":\"ro-RO\",\"@id\":\"https:\\\/\\\/www.lovendal.ro\\\/wp52\\\/calatoria-in-timp-e-posibila-spun-fizicienii-dar-nu-pentru-oameni-ci-pentru-particulele-lui-dumnezeu\\\/#primaryimage\",\"url\":\"https:\\\/\\\/www.lovendal.ro\\\/wp52\\\/wp-content\\\/uploads\\\/2011\\\/03\\\/calatoria-in-timp.jpg\",\"contentUrl\":\"https:\\\/\\\/www.lovendal.ro\\\/wp52\\\/wp-content\\\/uploads\\\/2011\\\/03\\\/calatoria-in-timp.jpg\",\"width\":\"294\",\"height\":\"287\"},{\"@type\":\"BreadcrumbList\",\"@id\":\"https:\\\/\\\/www.lovendal.ro\\\/wp52\\\/calatoria-in-timp-e-posibila-spun-fizicienii-dar-nu-pentru-oameni-ci-pentru-particulele-lui-dumnezeu\\\/#breadcrumb\",\"itemListElement\":[{\"@type\":\"ListItem\",\"position\":1,\"name\":\"Home\",\"item\":\"https:\\\/\\\/www.lovendal.ro\\\/wp52\\\/\"},{\"@type\":\"ListItem\",\"position\":2,\"name\":\"C\u0103l\u0103toria \u00een timp e posibil\u0103&#8230;spun fizicienii, dar nu pentru oameni, ci pentru particulele lui Dumnezeu\"}]},{\"@type\":\"WebSite\",\"@id\":\"https:\\\/\\\/www.lovendal.ro\\\/wp52\\\/#website\",\"url\":\"https:\\\/\\\/www.lovendal.ro\\\/wp52\\\/\",\"name\":\"Secretele lui Lovendal\",\"description\":\"Site de secrete, stiinta si metafizica - din 2008 -\",\"publisher\":{\"@id\":\"https:\\\/\\\/www.lovendal.ro\\\/wp52\\\/#organization\"},\"potentialAction\":[{\"@type\":\"SearchAction\",\"target\":{\"@type\":\"EntryPoint\",\"urlTemplate\":\"https:\\\/\\\/www.lovendal.ro\\\/wp52\\\/?s={search_term_string}\"},\"query-input\":{\"@type\":\"PropertyValueSpecification\",\"valueRequired\":true,\"valueName\":\"search_term_string\"}}],\"inLanguage\":\"ro-RO\"},{\"@type\":\"Organization\",\"@id\":\"https:\\\/\\\/www.lovendal.ro\\\/wp52\\\/#organization\",\"name\":\"Secretele lui Lovendal\",\"url\":\"https:\\\/\\\/www.lovendal.ro\\\/wp52\\\/\",\"logo\":{\"@type\":\"ImageObject\",\"inLanguage\":\"ro-RO\",\"@id\":\"https:\\\/\\\/www.lovendal.ro\\\/wp52\\\/#\\\/schema\\\/logo\\\/image\\\/\",\"url\":\"https:\\\/\\\/www.lovendal.ro\\\/wp52\\\/wp-content\\\/uploads\\\/2024\\\/06\\\/cropped-SLL-iun-2024-1.jpg\",\"contentUrl\":\"https:\\\/\\\/www.lovendal.ro\\\/wp52\\\/wp-content\\\/uploads\\\/2024\\\/06\\\/cropped-SLL-iun-2024-1.jpg\",\"width\":771,\"height\":240,\"caption\":\"Secretele lui Lovendal\"},\"image\":{\"@id\":\"https:\\\/\\\/www.lovendal.ro\\\/wp52\\\/#\\\/schema\\\/logo\\\/image\\\/\"},\"sameAs\":[\"https:\\\/\\\/www.facebook.com\\\/secreteleluilovendal\"]},{\"@type\":\"Person\",\"@id\":\"https:\\\/\\\/www.lovendal.ro\\\/wp52\\\/#\\\/schema\\\/person\\\/088691de5dfc346bb0c023e1e52ef5d9\",\"name\":\"admin\",\"image\":{\"@type\":\"ImageObject\",\"inLanguage\":\"ro-RO\",\"@id\":\"https:\\\/\\\/secure.gravatar.com\\\/avatar\\\/ecb9cd41f5f63c9c9b989999a59f6e2639a865ec361e9db054db0679a8f341c2?s=96&d=mm&r=g\",\"url\":\"https:\\\/\\\/secure.gravatar.com\\\/avatar\\\/ecb9cd41f5f63c9c9b989999a59f6e2639a865ec361e9db054db0679a8f341c2?s=96&d=mm&r=g\",\"contentUrl\":\"https:\\\/\\\/secure.gravatar.com\\\/avatar\\\/ecb9cd41f5f63c9c9b989999a59f6e2639a865ec361e9db054db0679a8f341c2?s=96&d=mm&r=g\",\"caption\":\"admin\"},\"sameAs\":[\"https:\\\/\\\/www.lovendal.ro\\\/wp52\"]}]}<\/script>\n<!-- \/ Yoast SEO Premium plugin. -->","yoast_head_json":{"title":"C\u0103l\u0103toria \u00een timp e posibil\u0103...spun fizicienii, dar nu pentru oameni, ci pentru particulele lui Dumnezeu - Secretele lui Lovendal","robots":{"index":"index","follow":"follow","max-snippet":"max-snippet:-1","max-image-preview":"max-image-preview:large","max-video-preview":"max-video-preview:-1"},"canonical":"https:\/\/www.lovendal.ro\/wp52\/calatoria-in-timp-e-posibila-spun-fizicienii-dar-nu-pentru-oameni-ci-pentru-particulele-lui-dumnezeu\/","og_locale":"ro_RO","og_type":"article","og_title":"C\u0103l\u0103toria \u00een timp e posibil\u0103...spun fizicienii, dar nu pentru oameni, ci pentru particulele lui Dumnezeu","og_description":"Fizicienii propun ca acceleratorul de particule de la Geneva s\u0103 poat\u0103 fi folosit ca o ma\u015fin\u0103 a timpului, pentru a trimite materie \u00eenapoi \u00een timp, anun\u0163\u0103 LiveScience.com. Dar despre ce materie ar fi vorba? E vorba de a\u015fa-zisa &#8222;particul\u0103 a ... Cititi mai multe","og_url":"https:\/\/www.lovendal.ro\/wp52\/calatoria-in-timp-e-posibila-spun-fizicienii-dar-nu-pentru-oameni-ci-pentru-particulele-lui-dumnezeu\/","og_site_name":"Secretele lui Lovendal","article_publisher":"https:\/\/www.facebook.com\/secreteleluilovendal","article_published_time":"2011-03-17T09:30:33+00:00","og_image":[{"width":294,"height":287,"url":"https:\/\/www.lovendal.ro\/wp52\/wp-content\/uploads\/2011\/03\/calatoria-in-timp.jpg","type":"image\/jpeg"}],"author":"admin","twitter_card":"summary_large_image","twitter_misc":{"Scris de":"admin","Timp estimat pentru citire":"2 minute"},"schema":{"@context":"https:\/\/schema.org","@graph":[{"@type":"Article","@id":"https:\/\/www.lovendal.ro\/wp52\/calatoria-in-timp-e-posibila-spun-fizicienii-dar-nu-pentru-oameni-ci-pentru-particulele-lui-dumnezeu\/#article","isPartOf":{"@id":"https:\/\/www.lovendal.ro\/wp52\/calatoria-in-timp-e-posibila-spun-fizicienii-dar-nu-pentru-oameni-ci-pentru-particulele-lui-dumnezeu\/"},"author":{"name":"admin","@id":"https:\/\/www.lovendal.ro\/wp52\/#\/schema\/person\/088691de5dfc346bb0c023e1e52ef5d9"},"headline":"C\u0103l\u0103toria \u00een timp e posibil\u0103&#8230;spun fizicienii, dar nu pentru oameni, ci pentru particulele lui Dumnezeu","datePublished":"2011-03-17T09:30:33+00:00","mainEntityOfPage":{"@id":"https:\/\/www.lovendal.ro\/wp52\/calatoria-in-timp-e-posibila-spun-fizicienii-dar-nu-pentru-oameni-ci-pentru-particulele-lui-dumnezeu\/"},"wordCount":370,"commentCount":12,"publisher":{"@id":"https:\/\/www.lovendal.ro\/wp52\/#organization"},"image":{"@id":"https:\/\/www.lovendal.ro\/wp52\/calatoria-in-timp-e-posibila-spun-fizicienii-dar-nu-pentru-oameni-ci-pentru-particulele-lui-dumnezeu\/#primaryimage"},"thumbnailUrl":"https:\/\/www.lovendal.ro\/wp52\/wp-content\/uploads\/2011\/03\/calatoria-in-timp.jpg","keywords":["acceleratorul de particule de la Geneva","c\u0103l\u0103toria \u00een timp","fizic\u0103","particul\u0103","particula lui Dumnezeu","Stiinta"],"articleSection":["Stiinta"],"inLanguage":"ro-RO","potentialAction":[{"@type":"CommentAction","name":"Comment","target":["https:\/\/www.lovendal.ro\/wp52\/calatoria-in-timp-e-posibila-spun-fizicienii-dar-nu-pentru-oameni-ci-pentru-particulele-lui-dumnezeu\/#respond"]}]},{"@type":"WebPage","@id":"https:\/\/www.lovendal.ro\/wp52\/calatoria-in-timp-e-posibila-spun-fizicienii-dar-nu-pentru-oameni-ci-pentru-particulele-lui-dumnezeu\/","url":"https:\/\/www.lovendal.ro\/wp52\/calatoria-in-timp-e-posibila-spun-fizicienii-dar-nu-pentru-oameni-ci-pentru-particulele-lui-dumnezeu\/","name":"C\u0103l\u0103toria \u00een timp e posibil\u0103...spun fizicienii, dar nu pentru oameni, ci pentru particulele lui Dumnezeu - Secretele lui Lovendal","isPartOf":{"@id":"https:\/\/www.lovendal.ro\/wp52\/#website"},"primaryImageOfPage":{"@id":"https:\/\/www.lovendal.ro\/wp52\/calatoria-in-timp-e-posibila-spun-fizicienii-dar-nu-pentru-oameni-ci-pentru-particulele-lui-dumnezeu\/#primaryimage"},"image":{"@id":"https:\/\/www.lovendal.ro\/wp52\/calatoria-in-timp-e-posibila-spun-fizicienii-dar-nu-pentru-oameni-ci-pentru-particulele-lui-dumnezeu\/#primaryimage"},"thumbnailUrl":"https:\/\/www.lovendal.ro\/wp52\/wp-content\/uploads\/2011\/03\/calatoria-in-timp.jpg","datePublished":"2011-03-17T09:30:33+00:00","breadcrumb":{"@id":"https:\/\/www.lovendal.ro\/wp52\/calatoria-in-timp-e-posibila-spun-fizicienii-dar-nu-pentru-oameni-ci-pentru-particulele-lui-dumnezeu\/#breadcrumb"},"inLanguage":"ro-RO","potentialAction":[{"@type":"ReadAction","target":["https:\/\/www.lovendal.ro\/wp52\/calatoria-in-timp-e-posibila-spun-fizicienii-dar-nu-pentru-oameni-ci-pentru-particulele-lui-dumnezeu\/"]}]},{"@type":"ImageObject","inLanguage":"ro-RO","@id":"https:\/\/www.lovendal.ro\/wp52\/calatoria-in-timp-e-posibila-spun-fizicienii-dar-nu-pentru-oameni-ci-pentru-particulele-lui-dumnezeu\/#primaryimage","url":"https:\/\/www.lovendal.ro\/wp52\/wp-content\/uploads\/2011\/03\/calatoria-in-timp.jpg","contentUrl":"https:\/\/www.lovendal.ro\/wp52\/wp-content\/uploads\/2011\/03\/calatoria-in-timp.jpg","width":"294","height":"287"},{"@type":"BreadcrumbList","@id":"https:\/\/www.lovendal.ro\/wp52\/calatoria-in-timp-e-posibila-spun-fizicienii-dar-nu-pentru-oameni-ci-pentru-particulele-lui-dumnezeu\/#breadcrumb","itemListElement":[{"@type":"ListItem","position":1,"name":"Home","item":"https:\/\/www.lovendal.ro\/wp52\/"},{"@type":"ListItem","position":2,"name":"C\u0103l\u0103toria \u00een timp e posibil\u0103&#8230;spun fizicienii, dar nu pentru oameni, ci pentru particulele lui Dumnezeu"}]},{"@type":"WebSite","@id":"https:\/\/www.lovendal.ro\/wp52\/#website","url":"https:\/\/www.lovendal.ro\/wp52\/","name":"Secretele lui Lovendal","description":"Site de secrete, stiinta si metafizica - din 2008 -","publisher":{"@id":"https:\/\/www.lovendal.ro\/wp52\/#organization"},"potentialAction":[{"@type":"SearchAction","target":{"@type":"EntryPoint","urlTemplate":"https:\/\/www.lovendal.ro\/wp52\/?s={search_term_string}"},"query-input":{"@type":"PropertyValueSpecification","valueRequired":true,"valueName":"search_term_string"}}],"inLanguage":"ro-RO"},{"@type":"Organization","@id":"https:\/\/www.lovendal.ro\/wp52\/#organization","name":"Secretele lui Lovendal","url":"https:\/\/www.lovendal.ro\/wp52\/","logo":{"@type":"ImageObject","inLanguage":"ro-RO","@id":"https:\/\/www.lovendal.ro\/wp52\/#\/schema\/logo\/image\/","url":"https:\/\/www.lovendal.ro\/wp52\/wp-content\/uploads\/2024\/06\/cropped-SLL-iun-2024-1.jpg","contentUrl":"https:\/\/www.lovendal.ro\/wp52\/wp-content\/uploads\/2024\/06\/cropped-SLL-iun-2024-1.jpg","width":771,"height":240,"caption":"Secretele lui Lovendal"},"image":{"@id":"https:\/\/www.lovendal.ro\/wp52\/#\/schema\/logo\/image\/"},"sameAs":["https:\/\/www.facebook.com\/secreteleluilovendal"]},{"@type":"Person","@id":"https:\/\/www.lovendal.ro\/wp52\/#\/schema\/person\/088691de5dfc346bb0c023e1e52ef5d9","name":"admin","image":{"@type":"ImageObject","inLanguage":"ro-RO","@id":"https:\/\/secure.gravatar.com\/avatar\/ecb9cd41f5f63c9c9b989999a59f6e2639a865ec361e9db054db0679a8f341c2?s=96&d=mm&r=g","url":"https:\/\/secure.gravatar.com\/avatar\/ecb9cd41f5f63c9c9b989999a59f6e2639a865ec361e9db054db0679a8f341c2?s=96&d=mm&r=g","contentUrl":"https:\/\/secure.gravatar.com\/avatar\/ecb9cd41f5f63c9c9b989999a59f6e2639a865ec361e9db054db0679a8f341c2?s=96&d=mm&r=g","caption":"admin"},"sameAs":["https:\/\/www.lovendal.ro\/wp52"]}]}},"_links":{"self":[{"href":"https:\/\/www.lovendal.ro\/wp52\/wp-json\/wp\/v2\/posts\/17495","targetHints":{"allow":["GET"]}}],"collection":[{"href":"https:\/\/www.lovendal.ro\/wp52\/wp-json\/wp\/v2\/posts"}],"about":[{"href":"https:\/\/www.lovendal.ro\/wp52\/wp-json\/wp\/v2\/types\/post"}],"author":[{"embeddable":true,"href":"https:\/\/www.lovendal.ro\/wp52\/wp-json\/wp\/v2\/users\/1"}],"replies":[{"embeddable":true,"href":"https:\/\/www.lovendal.ro\/wp52\/wp-json\/wp\/v2\/comments?post=17495"}],"version-history":[{"count":0,"href":"https:\/\/www.lovendal.ro\/wp52\/wp-json\/wp\/v2\/posts\/17495\/revisions"}],"wp:featuredmedia":[{"embeddable":true,"href":"https:\/\/www.lovendal.ro\/wp52\/wp-json\/wp\/v2\/media\/17496"}],"wp:attachment":[{"href":"https:\/\/www.lovendal.ro\/wp52\/wp-json\/wp\/v2\/media?parent=17495"}],"wp:term":[{"taxonomy":"category","embeddable":true,"href":"https:\/\/www.lovendal.ro\/wp52\/wp-json\/wp\/v2\/categories?post=17495"},{"taxonomy":"post_tag","embeddable":true,"href":"https:\/\/www.lovendal.ro\/wp52\/wp-json\/wp\/v2\/tags?post=17495"}],"curies":[{"name":"wp","href":"https:\/\/api.w.org\/{rel}","templated":true}]}}