{"id":17434,"date":"2011-03-12T17:11:22","date_gmt":"2011-03-12T15:11:22","guid":{"rendered":"http:\/\/www.lovendal.net\/wp52\/?p=17434"},"modified":"2011-03-12T17:19:12","modified_gmt":"2011-03-12T15:19:12","slug":"sa-ne-impacam-cu-gandul-acesta-si-oamenii-si-extraterestrii-vor-sfarsi-ca-roboti","status":"publish","type":"post","link":"https:\/\/www.lovendal.ro\/wp52\/sa-ne-impacam-cu-gandul-acesta-si-oamenii-si-extraterestrii-vor-sfarsi-ca-roboti\/","title":{"rendered":"S\u0103 ne \u00eemp\u0103c\u0103m cu g\u00e2ndul acesta: \u015fi oamenii \u015fi extratere\u015ftrii vor sf\u00e2r\u015fi ca robo\u0163i!"},"content":{"rendered":"<p><a href=\"https:\/\/www.lovendal.ro\/wp52\/wp-content\/uploads\/2011\/03\/roboti.jpg\"><img loading=\"lazy\" decoding=\"async\" class=\"alignleft size-full wp-image-17435\" title=\"roboti\" src=\"https:\/\/www.lovendal.ro\/wp52\/wp-content\/uploads\/2011\/03\/roboti.jpg\" alt=\"\" width=\"297\" height=\"238\" \/><\/a>Oare cum ar ar\u0103ta extratere\u015ftrii dac\u0103 ei \u015fi-ar face prezen\u0163a pe P\u0103m\u00e2nt? Conform recentului film lansat \u00een SUA<em> &#8222;Battle: Los Angeles&#8221;<\/em> (2011), ei ar trebui s\u0103 apar\u0103 ca ni\u015fte fiin\u0163e vii. Unii oameni de \u015ftiin\u0163\u0103 cred c\u0103 ace\u015fti extratere\u015ftri n-ar fi propriu-zi\u015fi forme de via\u0163\u0103, vizitatorii sau cuceritorii din spa\u0163iul cosmic near\u0103t\u00e2nd dec\u00e2t ca ni\u015fte forme de via\u0163\u0103 artificiale, relateaz\u0103 site-ul <a href=\"http:\/\/www.space.com\/11090-aliens-attack-visitors-earth-robots.html\" target=\"_blank\"><strong>space.com<\/strong><\/a>. <em>&#8222;Din orice nav\u0103 extraterestr\u0103 care ar ateriza aici, pun pariu c\u0103 \u00een 99,99% din cazuri, vor ie\u015fi doar forme de via\u0163\u0103 complet artificiale&#8221;<\/em>, crede Michael Dyer, profesor de informatic\u0103 la Universitatea din California (Los Angeles).<\/p>\n<p>Dac\u0103 civiliza\u0163iile extraterestre sunt suficient de avansate pentru a putea c\u0103l\u0103tori \u00eentre stele, e extrem de probabil ca ma\u015finile s\u0103-i fi \u00eenlocuit pe creatorii lor biologici, cred unii oameni de \u015ftiin\u0163\u0103. \u015ei asta pentru c\u0103 robo\u0163ii ar putea \u00eenfrunta toate intemperiile \u015fi dificult\u0103\u0163ile unor c\u0103l\u0103torii interstelare. Mai mult dec\u00e2t at\u00e2t, robo\u0163ii n-ar trebui s\u0103 se \u00eengrijoreze \u00een leg\u0103tur\u0103 cu toate condi\u0163iile de mediu ale destina\u0163iilor lor (dac\u0103 planeta e prea fierbinte sau e prea rece, dac\u0103 e steril\u0103 sau nu, dac\u0103 are atmosfer\u0103 sau nu etc.)<\/p>\n<p><em>&#8222;\u015ei eu sunt total de acord c\u0103 oricine ne va vizita din spa\u0163iu cosmic, nu vor fi fiin\u0163e biologice ca \u00een filmul &#8216;Battle: Los Angeles&#8217;, pentru c\u0103 oricine ar veni aici, pe P\u0103m\u00e2nt, s-ar confrunta cu multe din problemele pe care noi, oamenii, le \u00eent\u00e2mpin\u0103m \u00een spa\u0163iul extraterestru&#8221;<\/em>, spune Seth Shostak, astronom principial la Institutul SETI.<\/p>\n<p>\u00cen c\u0103utarea unui mai mare control asupra existen\u0163ei lor, toate civiliza\u0163iile extraterestre mai avansate \u015fi mai vechi dec\u00e2t ale noastre sunt de natur\u0103 post-biologic\u0103, crede Steven Dick, fostul \u015fef-istoric al NASA. El mai afirm\u0103 c\u0103<em> &#8222;dac\u0103 am avea o civiliza\u0163ie care e mai veche cu milioane sau miliarde de ani dec\u00e2t noi, ea va trebui s\u0103 treac\u0103 prin evolu\u0163ia cultural\u0103, iar acum, cu o mare probabilitate, ei nu vor ar\u0103ta ca noi, ci vor fi inteligen\u0163\u0103 artificial\u0103&#8221;.<\/em><\/p>\n<p><strong>Cum vor fi \u00eenlocui\u0163i extratere\u015ftrii \u015fi oamenii cu robo\u0163i<\/strong><\/p>\n<p>Revenind la profesorul Michael Dyer, acesta crede c\u0103 \u00een c\u00e2teva sute de ani \u015fi noi vom fi \u00eenlocui\u0163i de agen\u0163i sintetici mult mai inteligen\u0163i dec\u00e2t noi. Exist\u0103 c\u00e2teva metode prin care s-ar putea realiza acest lucru:<\/p>\n<p><strong>1) Prin dominarea robotic\u0103, ca urmare a cre\u015fterii dependen\u0163ei<\/strong>. O prea mare cre\u015ftere a baz\u0103rii pe ma\u015fini care s\u0103 ne fac\u0103 munca \u00een locul nostru, va duce la un punct culminant, \u00een care ace\u015fti robo\u0163i t\u0103cu\u0163i vor decide c\u0103 trebuie s\u0103 se elibereze de sub &#8222;jugul&#8221; sclaviei omene\u015fti.<\/p>\n<p><strong>2) Prin construirea de armate de robo\u0163i<\/strong>. Acest scenariu ce-\u015fi are originea \u00een filmul <em>&#8222;Terminator&#8221;<\/em>, presupune faptul c\u0103 fiecare na\u0163iune a lumii va construi adev\u0103rate armate de robo\u0163i care s\u0103 lupte \u00een locul lor. La un moment dat, oamenii vor pierde controlul asupra for\u0163elor cibernetice, care se vor lupta \u00eentre ele p\u00e2n\u0103 la distrugere.<\/p>\n<p><strong>3) Prin transferul min\u0163ii noastre \u00een medii sintetice<\/strong>. Robo\u0163ii vor putea lua controlul nu neap\u0103rat pe cale violent\u0103, ei fiind folosi\u0163i ca urmare a dorin\u0163ei oamenilor de a deveni nemuritori. Astfel, pe termen lung, oamenii vor putea construi tehnologii prin care mintea noastr\u0103, provenit\u0103 din creier, s\u0103 fie transferat\u0103 integral c\u0103tre medii robotice. Futorologul Ray Kurzweil crede c\u0103 acest lucru s-ar putea \u00eent\u00e2mpla \u00een jurul anului 2045.<\/p>\n<p>A\u015fadar, omul va dispare \u00een viitor \u015fi to\u0163i ne vom transforma \u00een robo\u0163i!<\/p>\n","protected":false},"excerpt":{"rendered":"<p>Oare cum ar ar\u0103ta extratere\u015ftrii dac\u0103 ei \u015fi-ar face prezen\u0163a pe P\u0103m\u00e2nt? Conform recentului film lansat \u00een SUA &#8222;Battle: Los Angeles&#8221; (2011), ei ar trebui s\u0103 apar\u0103 ca ni\u015fte fiin\u0163e vii. Unii oameni de \u015ftiin\u0163\u0103 cred c\u0103 ace\u015fti extratere\u015ftri n-ar &#8230; <\/p>\n<p class=\"read-more-container\"><a title=\"S\u0103 ne \u00eemp\u0103c\u0103m cu g\u00e2ndul acesta: \u015fi oamenii \u015fi extratere\u015ftrii vor sf\u00e2r\u015fi ca robo\u0163i!\" class=\"read-more button\" href=\"https:\/\/www.lovendal.ro\/wp52\/sa-ne-impacam-cu-gandul-acesta-si-oamenii-si-extraterestrii-vor-sfarsi-ca-roboti\/#more-17434\" aria-label=\"Cite\u0219te mai multe despre S\u0103 ne \u00eemp\u0103c\u0103m cu g\u00e2ndul acesta: \u015fi oamenii \u015fi extratere\u015ftrii vor sf\u00e2r\u015fi ca robo\u0163i!\">Cititi mai multe<\/a><\/p>\n","protected":false},"author":1,"featured_media":17435,"comment_status":"open","ping_status":"closed","sticky":false,"template":"","format":"standard","meta":{"footnotes":""},"categories":[106],"tags":[4059,51,260,57,105,2629,9803],"class_list":["post-17434","post","type-post","status-publish","format-standard","has-post-thumbnail","hentry","category-stiinta","tag-battle-los-angeles","tag-extraterestri","tag-film","tag-oameni","tag-pamant","tag-roboti","tag-stiinta","resize-featured-image"],"yoast_head":"<!-- This site is optimized with the Yoast SEO Premium plugin v23.3 (Yoast SEO v27.4) - https:\/\/yoast.com\/product\/yoast-seo-premium-wordpress\/ -->\n<title>S\u0103 ne \u00eemp\u0103c\u0103m cu g\u00e2ndul acesta: \u015fi oamenii \u015fi extratere\u015ftrii vor sf\u00e2r\u015fi ca robo\u0163i! - Secretele lui Lovendal<\/title>\n<meta name=\"robots\" content=\"index, follow, max-snippet:-1, max-image-preview:large, max-video-preview:-1\" \/>\n<link rel=\"canonical\" href=\"https:\/\/www.lovendal.ro\/wp52\/sa-ne-impacam-cu-gandul-acesta-si-oamenii-si-extraterestrii-vor-sfarsi-ca-roboti\/\" \/>\n<meta property=\"og:locale\" content=\"ro_RO\" \/>\n<meta property=\"og:type\" content=\"article\" \/>\n<meta property=\"og:title\" content=\"S\u0103 ne \u00eemp\u0103c\u0103m cu g\u00e2ndul acesta: \u015fi oamenii \u015fi extratere\u015ftrii vor sf\u00e2r\u015fi ca robo\u0163i!\" \/>\n<meta property=\"og:description\" content=\"Oare cum ar ar\u0103ta extratere\u015ftrii dac\u0103 ei \u015fi-ar face prezen\u0163a pe P\u0103m\u00e2nt? Conform recentului film lansat \u00een SUA &#8222;Battle: Los Angeles&#8221; (2011), ei ar trebui s\u0103 apar\u0103 ca ni\u015fte fiin\u0163e vii. Unii oameni de \u015ftiin\u0163\u0103 cred c\u0103 ace\u015fti extratere\u015ftri n-ar ... Cititi mai multe\" \/>\n<meta property=\"og:url\" content=\"https:\/\/www.lovendal.ro\/wp52\/sa-ne-impacam-cu-gandul-acesta-si-oamenii-si-extraterestrii-vor-sfarsi-ca-roboti\/\" \/>\n<meta property=\"og:site_name\" content=\"Secretele lui Lovendal\" \/>\n<meta property=\"article:publisher\" content=\"https:\/\/www.facebook.com\/secreteleluilovendal\" \/>\n<meta property=\"article:published_time\" content=\"2011-03-12T15:11:22+00:00\" \/>\n<meta property=\"article:modified_time\" content=\"2011-03-12T15:19:12+00:00\" \/>\n<meta property=\"og:image\" content=\"https:\/\/www.lovendal.ro\/wp52\/wp-content\/uploads\/2011\/03\/roboti.jpg\" \/>\n\t<meta property=\"og:image:width\" content=\"297\" \/>\n\t<meta property=\"og:image:height\" content=\"238\" \/>\n\t<meta property=\"og:image:type\" content=\"image\/jpeg\" \/>\n<meta name=\"author\" content=\"admin\" \/>\n<meta name=\"twitter:card\" content=\"summary_large_image\" \/>\n<meta name=\"twitter:label1\" content=\"Scris de\" \/>\n\t<meta name=\"twitter:data1\" content=\"admin\" \/>\n\t<meta name=\"twitter:label2\" content=\"Timp estimat pentru citire\" \/>\n\t<meta name=\"twitter:data2\" content=\"3 minute\" \/>\n<script type=\"application\/ld+json\" class=\"yoast-schema-graph\">{\"@context\":\"https:\\\/\\\/schema.org\",\"@graph\":[{\"@type\":\"Article\",\"@id\":\"https:\\\/\\\/www.lovendal.ro\\\/wp52\\\/sa-ne-impacam-cu-gandul-acesta-si-oamenii-si-extraterestrii-vor-sfarsi-ca-roboti\\\/#article\",\"isPartOf\":{\"@id\":\"https:\\\/\\\/www.lovendal.ro\\\/wp52\\\/sa-ne-impacam-cu-gandul-acesta-si-oamenii-si-extraterestrii-vor-sfarsi-ca-roboti\\\/\"},\"author\":{\"name\":\"admin\",\"@id\":\"https:\\\/\\\/www.lovendal.ro\\\/wp52\\\/#\\\/schema\\\/person\\\/088691de5dfc346bb0c023e1e52ef5d9\"},\"headline\":\"S\u0103 ne \u00eemp\u0103c\u0103m cu g\u00e2ndul acesta: \u015fi oamenii \u015fi extratere\u015ftrii vor sf\u00e2r\u015fi ca robo\u0163i!\",\"datePublished\":\"2011-03-12T15:11:22+00:00\",\"dateModified\":\"2011-03-12T15:19:12+00:00\",\"mainEntityOfPage\":{\"@id\":\"https:\\\/\\\/www.lovendal.ro\\\/wp52\\\/sa-ne-impacam-cu-gandul-acesta-si-oamenii-si-extraterestrii-vor-sfarsi-ca-roboti\\\/\"},\"wordCount\":641,\"commentCount\":18,\"publisher\":{\"@id\":\"https:\\\/\\\/www.lovendal.ro\\\/wp52\\\/#organization\"},\"image\":{\"@id\":\"https:\\\/\\\/www.lovendal.ro\\\/wp52\\\/sa-ne-impacam-cu-gandul-acesta-si-oamenii-si-extraterestrii-vor-sfarsi-ca-roboti\\\/#primaryimage\"},\"thumbnailUrl\":\"https:\\\/\\\/www.lovendal.ro\\\/wp52\\\/wp-content\\\/uploads\\\/2011\\\/03\\\/roboti.jpg\",\"keywords\":[\"Battle: Los Angeles\",\"extratere\u015ftri\",\"film\",\"oameni\",\"P\u0103m\u00e2nt\",\"robo\u0163i\",\"Stiinta\"],\"articleSection\":[\"Stiinta\"],\"inLanguage\":\"ro-RO\",\"potentialAction\":[{\"@type\":\"CommentAction\",\"name\":\"Comment\",\"target\":[\"https:\\\/\\\/www.lovendal.ro\\\/wp52\\\/sa-ne-impacam-cu-gandul-acesta-si-oamenii-si-extraterestrii-vor-sfarsi-ca-roboti\\\/#respond\"]}]},{\"@type\":\"WebPage\",\"@id\":\"https:\\\/\\\/www.lovendal.ro\\\/wp52\\\/sa-ne-impacam-cu-gandul-acesta-si-oamenii-si-extraterestrii-vor-sfarsi-ca-roboti\\\/\",\"url\":\"https:\\\/\\\/www.lovendal.ro\\\/wp52\\\/sa-ne-impacam-cu-gandul-acesta-si-oamenii-si-extraterestrii-vor-sfarsi-ca-roboti\\\/\",\"name\":\"S\u0103 ne \u00eemp\u0103c\u0103m cu g\u00e2ndul acesta: \u015fi oamenii \u015fi extratere\u015ftrii vor sf\u00e2r\u015fi ca robo\u0163i! - Secretele lui Lovendal\",\"isPartOf\":{\"@id\":\"https:\\\/\\\/www.lovendal.ro\\\/wp52\\\/#website\"},\"primaryImageOfPage\":{\"@id\":\"https:\\\/\\\/www.lovendal.ro\\\/wp52\\\/sa-ne-impacam-cu-gandul-acesta-si-oamenii-si-extraterestrii-vor-sfarsi-ca-roboti\\\/#primaryimage\"},\"image\":{\"@id\":\"https:\\\/\\\/www.lovendal.ro\\\/wp52\\\/sa-ne-impacam-cu-gandul-acesta-si-oamenii-si-extraterestrii-vor-sfarsi-ca-roboti\\\/#primaryimage\"},\"thumbnailUrl\":\"https:\\\/\\\/www.lovendal.ro\\\/wp52\\\/wp-content\\\/uploads\\\/2011\\\/03\\\/roboti.jpg\",\"datePublished\":\"2011-03-12T15:11:22+00:00\",\"dateModified\":\"2011-03-12T15:19:12+00:00\",\"breadcrumb\":{\"@id\":\"https:\\\/\\\/www.lovendal.ro\\\/wp52\\\/sa-ne-impacam-cu-gandul-acesta-si-oamenii-si-extraterestrii-vor-sfarsi-ca-roboti\\\/#breadcrumb\"},\"inLanguage\":\"ro-RO\",\"potentialAction\":[{\"@type\":\"ReadAction\",\"target\":[\"https:\\\/\\\/www.lovendal.ro\\\/wp52\\\/sa-ne-impacam-cu-gandul-acesta-si-oamenii-si-extraterestrii-vor-sfarsi-ca-roboti\\\/\"]}]},{\"@type\":\"ImageObject\",\"inLanguage\":\"ro-RO\",\"@id\":\"https:\\\/\\\/www.lovendal.ro\\\/wp52\\\/sa-ne-impacam-cu-gandul-acesta-si-oamenii-si-extraterestrii-vor-sfarsi-ca-roboti\\\/#primaryimage\",\"url\":\"https:\\\/\\\/www.lovendal.ro\\\/wp52\\\/wp-content\\\/uploads\\\/2011\\\/03\\\/roboti.jpg\",\"contentUrl\":\"https:\\\/\\\/www.lovendal.ro\\\/wp52\\\/wp-content\\\/uploads\\\/2011\\\/03\\\/roboti.jpg\",\"width\":\"297\",\"height\":\"238\"},{\"@type\":\"BreadcrumbList\",\"@id\":\"https:\\\/\\\/www.lovendal.ro\\\/wp52\\\/sa-ne-impacam-cu-gandul-acesta-si-oamenii-si-extraterestrii-vor-sfarsi-ca-roboti\\\/#breadcrumb\",\"itemListElement\":[{\"@type\":\"ListItem\",\"position\":1,\"name\":\"Home\",\"item\":\"https:\\\/\\\/www.lovendal.ro\\\/wp52\\\/\"},{\"@type\":\"ListItem\",\"position\":2,\"name\":\"S\u0103 ne \u00eemp\u0103c\u0103m cu g\u00e2ndul acesta: \u015fi oamenii \u015fi extratere\u015ftrii vor sf\u00e2r\u015fi ca robo\u0163i!\"}]},{\"@type\":\"WebSite\",\"@id\":\"https:\\\/\\\/www.lovendal.ro\\\/wp52\\\/#website\",\"url\":\"https:\\\/\\\/www.lovendal.ro\\\/wp52\\\/\",\"name\":\"Secretele lui Lovendal\",\"description\":\"Site de secrete, stiinta si metafizica - din 2008 -\",\"publisher\":{\"@id\":\"https:\\\/\\\/www.lovendal.ro\\\/wp52\\\/#organization\"},\"potentialAction\":[{\"@type\":\"SearchAction\",\"target\":{\"@type\":\"EntryPoint\",\"urlTemplate\":\"https:\\\/\\\/www.lovendal.ro\\\/wp52\\\/?s={search_term_string}\"},\"query-input\":{\"@type\":\"PropertyValueSpecification\",\"valueRequired\":true,\"valueName\":\"search_term_string\"}}],\"inLanguage\":\"ro-RO\"},{\"@type\":\"Organization\",\"@id\":\"https:\\\/\\\/www.lovendal.ro\\\/wp52\\\/#organization\",\"name\":\"Secretele lui Lovendal\",\"url\":\"https:\\\/\\\/www.lovendal.ro\\\/wp52\\\/\",\"logo\":{\"@type\":\"ImageObject\",\"inLanguage\":\"ro-RO\",\"@id\":\"https:\\\/\\\/www.lovendal.ro\\\/wp52\\\/#\\\/schema\\\/logo\\\/image\\\/\",\"url\":\"https:\\\/\\\/www.lovendal.ro\\\/wp52\\\/wp-content\\\/uploads\\\/2024\\\/06\\\/cropped-SLL-iun-2024-1.jpg\",\"contentUrl\":\"https:\\\/\\\/www.lovendal.ro\\\/wp52\\\/wp-content\\\/uploads\\\/2024\\\/06\\\/cropped-SLL-iun-2024-1.jpg\",\"width\":771,\"height\":240,\"caption\":\"Secretele lui Lovendal\"},\"image\":{\"@id\":\"https:\\\/\\\/www.lovendal.ro\\\/wp52\\\/#\\\/schema\\\/logo\\\/image\\\/\"},\"sameAs\":[\"https:\\\/\\\/www.facebook.com\\\/secreteleluilovendal\"]},{\"@type\":\"Person\",\"@id\":\"https:\\\/\\\/www.lovendal.ro\\\/wp52\\\/#\\\/schema\\\/person\\\/088691de5dfc346bb0c023e1e52ef5d9\",\"name\":\"admin\",\"image\":{\"@type\":\"ImageObject\",\"inLanguage\":\"ro-RO\",\"@id\":\"https:\\\/\\\/secure.gravatar.com\\\/avatar\\\/ecb9cd41f5f63c9c9b989999a59f6e2639a865ec361e9db054db0679a8f341c2?s=96&d=mm&r=g\",\"url\":\"https:\\\/\\\/secure.gravatar.com\\\/avatar\\\/ecb9cd41f5f63c9c9b989999a59f6e2639a865ec361e9db054db0679a8f341c2?s=96&d=mm&r=g\",\"contentUrl\":\"https:\\\/\\\/secure.gravatar.com\\\/avatar\\\/ecb9cd41f5f63c9c9b989999a59f6e2639a865ec361e9db054db0679a8f341c2?s=96&d=mm&r=g\",\"caption\":\"admin\"},\"sameAs\":[\"https:\\\/\\\/www.lovendal.ro\\\/wp52\"]}]}<\/script>\n<!-- \/ Yoast SEO Premium plugin. -->","yoast_head_json":{"title":"S\u0103 ne \u00eemp\u0103c\u0103m cu g\u00e2ndul acesta: \u015fi oamenii \u015fi extratere\u015ftrii vor sf\u00e2r\u015fi ca robo\u0163i! - Secretele lui Lovendal","robots":{"index":"index","follow":"follow","max-snippet":"max-snippet:-1","max-image-preview":"max-image-preview:large","max-video-preview":"max-video-preview:-1"},"canonical":"https:\/\/www.lovendal.ro\/wp52\/sa-ne-impacam-cu-gandul-acesta-si-oamenii-si-extraterestrii-vor-sfarsi-ca-roboti\/","og_locale":"ro_RO","og_type":"article","og_title":"S\u0103 ne \u00eemp\u0103c\u0103m cu g\u00e2ndul acesta: \u015fi oamenii \u015fi extratere\u015ftrii vor sf\u00e2r\u015fi ca robo\u0163i!","og_description":"Oare cum ar ar\u0103ta extratere\u015ftrii dac\u0103 ei \u015fi-ar face prezen\u0163a pe P\u0103m\u00e2nt? Conform recentului film lansat \u00een SUA &#8222;Battle: Los Angeles&#8221; (2011), ei ar trebui s\u0103 apar\u0103 ca ni\u015fte fiin\u0163e vii. Unii oameni de \u015ftiin\u0163\u0103 cred c\u0103 ace\u015fti extratere\u015ftri n-ar ... Cititi mai multe","og_url":"https:\/\/www.lovendal.ro\/wp52\/sa-ne-impacam-cu-gandul-acesta-si-oamenii-si-extraterestrii-vor-sfarsi-ca-roboti\/","og_site_name":"Secretele lui Lovendal","article_publisher":"https:\/\/www.facebook.com\/secreteleluilovendal","article_published_time":"2011-03-12T15:11:22+00:00","article_modified_time":"2011-03-12T15:19:12+00:00","og_image":[{"width":297,"height":238,"url":"https:\/\/www.lovendal.ro\/wp52\/wp-content\/uploads\/2011\/03\/roboti.jpg","type":"image\/jpeg"}],"author":"admin","twitter_card":"summary_large_image","twitter_misc":{"Scris de":"admin","Timp estimat pentru citire":"3 minute"},"schema":{"@context":"https:\/\/schema.org","@graph":[{"@type":"Article","@id":"https:\/\/www.lovendal.ro\/wp52\/sa-ne-impacam-cu-gandul-acesta-si-oamenii-si-extraterestrii-vor-sfarsi-ca-roboti\/#article","isPartOf":{"@id":"https:\/\/www.lovendal.ro\/wp52\/sa-ne-impacam-cu-gandul-acesta-si-oamenii-si-extraterestrii-vor-sfarsi-ca-roboti\/"},"author":{"name":"admin","@id":"https:\/\/www.lovendal.ro\/wp52\/#\/schema\/person\/088691de5dfc346bb0c023e1e52ef5d9"},"headline":"S\u0103 ne \u00eemp\u0103c\u0103m cu g\u00e2ndul acesta: \u015fi oamenii \u015fi extratere\u015ftrii vor sf\u00e2r\u015fi ca robo\u0163i!","datePublished":"2011-03-12T15:11:22+00:00","dateModified":"2011-03-12T15:19:12+00:00","mainEntityOfPage":{"@id":"https:\/\/www.lovendal.ro\/wp52\/sa-ne-impacam-cu-gandul-acesta-si-oamenii-si-extraterestrii-vor-sfarsi-ca-roboti\/"},"wordCount":641,"commentCount":18,"publisher":{"@id":"https:\/\/www.lovendal.ro\/wp52\/#organization"},"image":{"@id":"https:\/\/www.lovendal.ro\/wp52\/sa-ne-impacam-cu-gandul-acesta-si-oamenii-si-extraterestrii-vor-sfarsi-ca-roboti\/#primaryimage"},"thumbnailUrl":"https:\/\/www.lovendal.ro\/wp52\/wp-content\/uploads\/2011\/03\/roboti.jpg","keywords":["Battle: Los Angeles","extratere\u015ftri","film","oameni","P\u0103m\u00e2nt","robo\u0163i","Stiinta"],"articleSection":["Stiinta"],"inLanguage":"ro-RO","potentialAction":[{"@type":"CommentAction","name":"Comment","target":["https:\/\/www.lovendal.ro\/wp52\/sa-ne-impacam-cu-gandul-acesta-si-oamenii-si-extraterestrii-vor-sfarsi-ca-roboti\/#respond"]}]},{"@type":"WebPage","@id":"https:\/\/www.lovendal.ro\/wp52\/sa-ne-impacam-cu-gandul-acesta-si-oamenii-si-extraterestrii-vor-sfarsi-ca-roboti\/","url":"https:\/\/www.lovendal.ro\/wp52\/sa-ne-impacam-cu-gandul-acesta-si-oamenii-si-extraterestrii-vor-sfarsi-ca-roboti\/","name":"S\u0103 ne \u00eemp\u0103c\u0103m cu g\u00e2ndul acesta: \u015fi oamenii \u015fi extratere\u015ftrii vor sf\u00e2r\u015fi ca robo\u0163i! - Secretele lui Lovendal","isPartOf":{"@id":"https:\/\/www.lovendal.ro\/wp52\/#website"},"primaryImageOfPage":{"@id":"https:\/\/www.lovendal.ro\/wp52\/sa-ne-impacam-cu-gandul-acesta-si-oamenii-si-extraterestrii-vor-sfarsi-ca-roboti\/#primaryimage"},"image":{"@id":"https:\/\/www.lovendal.ro\/wp52\/sa-ne-impacam-cu-gandul-acesta-si-oamenii-si-extraterestrii-vor-sfarsi-ca-roboti\/#primaryimage"},"thumbnailUrl":"https:\/\/www.lovendal.ro\/wp52\/wp-content\/uploads\/2011\/03\/roboti.jpg","datePublished":"2011-03-12T15:11:22+00:00","dateModified":"2011-03-12T15:19:12+00:00","breadcrumb":{"@id":"https:\/\/www.lovendal.ro\/wp52\/sa-ne-impacam-cu-gandul-acesta-si-oamenii-si-extraterestrii-vor-sfarsi-ca-roboti\/#breadcrumb"},"inLanguage":"ro-RO","potentialAction":[{"@type":"ReadAction","target":["https:\/\/www.lovendal.ro\/wp52\/sa-ne-impacam-cu-gandul-acesta-si-oamenii-si-extraterestrii-vor-sfarsi-ca-roboti\/"]}]},{"@type":"ImageObject","inLanguage":"ro-RO","@id":"https:\/\/www.lovendal.ro\/wp52\/sa-ne-impacam-cu-gandul-acesta-si-oamenii-si-extraterestrii-vor-sfarsi-ca-roboti\/#primaryimage","url":"https:\/\/www.lovendal.ro\/wp52\/wp-content\/uploads\/2011\/03\/roboti.jpg","contentUrl":"https:\/\/www.lovendal.ro\/wp52\/wp-content\/uploads\/2011\/03\/roboti.jpg","width":"297","height":"238"},{"@type":"BreadcrumbList","@id":"https:\/\/www.lovendal.ro\/wp52\/sa-ne-impacam-cu-gandul-acesta-si-oamenii-si-extraterestrii-vor-sfarsi-ca-roboti\/#breadcrumb","itemListElement":[{"@type":"ListItem","position":1,"name":"Home","item":"https:\/\/www.lovendal.ro\/wp52\/"},{"@type":"ListItem","position":2,"name":"S\u0103 ne \u00eemp\u0103c\u0103m cu g\u00e2ndul acesta: \u015fi oamenii \u015fi extratere\u015ftrii vor sf\u00e2r\u015fi ca robo\u0163i!"}]},{"@type":"WebSite","@id":"https:\/\/www.lovendal.ro\/wp52\/#website","url":"https:\/\/www.lovendal.ro\/wp52\/","name":"Secretele lui Lovendal","description":"Site de secrete, stiinta si metafizica - din 2008 -","publisher":{"@id":"https:\/\/www.lovendal.ro\/wp52\/#organization"},"potentialAction":[{"@type":"SearchAction","target":{"@type":"EntryPoint","urlTemplate":"https:\/\/www.lovendal.ro\/wp52\/?s={search_term_string}"},"query-input":{"@type":"PropertyValueSpecification","valueRequired":true,"valueName":"search_term_string"}}],"inLanguage":"ro-RO"},{"@type":"Organization","@id":"https:\/\/www.lovendal.ro\/wp52\/#organization","name":"Secretele lui Lovendal","url":"https:\/\/www.lovendal.ro\/wp52\/","logo":{"@type":"ImageObject","inLanguage":"ro-RO","@id":"https:\/\/www.lovendal.ro\/wp52\/#\/schema\/logo\/image\/","url":"https:\/\/www.lovendal.ro\/wp52\/wp-content\/uploads\/2024\/06\/cropped-SLL-iun-2024-1.jpg","contentUrl":"https:\/\/www.lovendal.ro\/wp52\/wp-content\/uploads\/2024\/06\/cropped-SLL-iun-2024-1.jpg","width":771,"height":240,"caption":"Secretele lui Lovendal"},"image":{"@id":"https:\/\/www.lovendal.ro\/wp52\/#\/schema\/logo\/image\/"},"sameAs":["https:\/\/www.facebook.com\/secreteleluilovendal"]},{"@type":"Person","@id":"https:\/\/www.lovendal.ro\/wp52\/#\/schema\/person\/088691de5dfc346bb0c023e1e52ef5d9","name":"admin","image":{"@type":"ImageObject","inLanguage":"ro-RO","@id":"https:\/\/secure.gravatar.com\/avatar\/ecb9cd41f5f63c9c9b989999a59f6e2639a865ec361e9db054db0679a8f341c2?s=96&d=mm&r=g","url":"https:\/\/secure.gravatar.com\/avatar\/ecb9cd41f5f63c9c9b989999a59f6e2639a865ec361e9db054db0679a8f341c2?s=96&d=mm&r=g","contentUrl":"https:\/\/secure.gravatar.com\/avatar\/ecb9cd41f5f63c9c9b989999a59f6e2639a865ec361e9db054db0679a8f341c2?s=96&d=mm&r=g","caption":"admin"},"sameAs":["https:\/\/www.lovendal.ro\/wp52"]}]}},"_links":{"self":[{"href":"https:\/\/www.lovendal.ro\/wp52\/wp-json\/wp\/v2\/posts\/17434","targetHints":{"allow":["GET"]}}],"collection":[{"href":"https:\/\/www.lovendal.ro\/wp52\/wp-json\/wp\/v2\/posts"}],"about":[{"href":"https:\/\/www.lovendal.ro\/wp52\/wp-json\/wp\/v2\/types\/post"}],"author":[{"embeddable":true,"href":"https:\/\/www.lovendal.ro\/wp52\/wp-json\/wp\/v2\/users\/1"}],"replies":[{"embeddable":true,"href":"https:\/\/www.lovendal.ro\/wp52\/wp-json\/wp\/v2\/comments?post=17434"}],"version-history":[{"count":0,"href":"https:\/\/www.lovendal.ro\/wp52\/wp-json\/wp\/v2\/posts\/17434\/revisions"}],"wp:featuredmedia":[{"embeddable":true,"href":"https:\/\/www.lovendal.ro\/wp52\/wp-json\/wp\/v2\/media\/17435"}],"wp:attachment":[{"href":"https:\/\/www.lovendal.ro\/wp52\/wp-json\/wp\/v2\/media?parent=17434"}],"wp:term":[{"taxonomy":"category","embeddable":true,"href":"https:\/\/www.lovendal.ro\/wp52\/wp-json\/wp\/v2\/categories?post=17434"},{"taxonomy":"post_tag","embeddable":true,"href":"https:\/\/www.lovendal.ro\/wp52\/wp-json\/wp\/v2\/tags?post=17434"}],"curies":[{"name":"wp","href":"https:\/\/api.w.org\/{rel}","templated":true}]}}