{"id":1743,"date":"2008-12-06T11:08:41","date_gmt":"2008-12-06T07:08:41","guid":{"rendered":"http:\/\/www.lovendal.net\/wp52\/?p=1743"},"modified":"2020-02-13T18:04:45","modified_gmt":"2020-02-13T16:04:45","slug":"menajera-lui-hitler-fuhrerul-a-fost-un-om-bun-si-fermecator","status":"publish","type":"post","link":"https:\/\/www.lovendal.ro\/wp52\/menajera-lui-hitler-fuhrerul-a-fost-un-om-bun-si-fermecator\/","title":{"rendered":"Menajera lui Hitler: &#8222;Fuhrerul a fost un om bun \u015fi fermec\u0103tor&#8221;"},"content":{"rendered":"<p><a href=\"https:\/\/www.lovendal.ro\/wp52\/wp-content\/uploads\/2008\/12\/hitler5.jpg\"><img loading=\"lazy\" decoding=\"async\" class=\"alignleft size-full wp-image-66719\" src=\"https:\/\/www.lovendal.ro\/wp52\/wp-content\/uploads\/2008\/12\/hitler5.jpg\" alt=\"\" width=\"345\" height=\"268\" srcset=\"https:\/\/www.lovendal.ro\/wp52\/wp-content\/uploads\/2008\/12\/hitler5.jpg 345w, https:\/\/www.lovendal.ro\/wp52\/wp-content\/uploads\/2008\/12\/hitler5-300x233.jpg 300w\" sizes=\"auto, (max-width: 345px) 100vw, 345px\" \/><\/a>De\u015fi a fost condamnat de istorie pentru faptele sale cumplite, pe lume exist\u0103 o persoan\u0103 care nu se \u00eenfioar\u0103, ci z\u00e2mbe\u015fte atunci c\u00e2nd aude numele lui Adolf Hitler. Fosta menajer\u0103 a Fuhrerului sus\u0163ine c\u0103 acesta era un \u015fef minunat \u015fi un om bun. \u00cen to\u0163i anii care au trecut de la moartea lui Hitler, Rosa Mitterer a preferat s\u0103 p\u0103streze t\u0103cerea cu privire la via\u0163a ei. Acum \u00eens\u0103, ajuns\u0103 la v\u00e2rsta de 91 de ani, a realizat c\u0103 a r\u0103mas singura supravie\u0163uitoare din cercul celor care l-au slujit pe Fuhrer, \u015fi a decis s\u0103 \u00eemp\u0103rt\u0103\u015feasc\u0103 lumii amintirile ei din acea perioad\u0103.<\/p>\n<p><em>&#8222;Era un b\u0103rbat fermec\u0103tor, cineva care a fost mereu numai dr\u0103gu\u0163 cu mine, un \u015fef minunat pentru care s\u0103 lucrezi. Pute\u0163i spune ce vre\u0163i, dar cu noi a fost foarte bun&#8221;,<\/em> spune fosta menajera a Fuhrerului. Rosa a intrat \u00een servicul lui Hitler \u00een 1932, pe c\u00e2nd avea 15 ani. Sora ei, Anni, a fost buc\u0103t\u0103reasa, de la sf\u00e2r\u015fitul anilor &#8217;20, la casa lui Hitler din Berchtesgaden. <em>&#8222;Ea mi-a spus c\u0103 avea nevoie de o menajer\u0103 \u015fi c\u0103 eu a\u015f fi potrivit\u0103. \u00cemi amintesc foarte clar prima zi \u00een care am vorbit cu el \u00een buc\u0103t\u0103rie. I-am spus c\u0103 sunt sora lui Anni \u015fi asta l-a f\u0103cut s\u0103 z\u00e2mbeasc\u0103, pentru c\u0103 Anni era favorita lui. Nu l-am cuoscut pe Hitler dec\u00e2t ca pe un om dr\u0103gu\u0163, care a fost foarte bun cu mine&#8221;,<\/em> \u00ee\u015fi aminte\u015fte Rosa.<\/p>\n<p>Fosta sa menajerp era Geli Raubal, cu Hilter ar fi avut o aventur\u0103. <em>&#8222;S-a \u00eempu\u015fcat \u00een septembrie 1931 \u015fi mi s-a spus imediat ce am \u00eenceput s\u0103 lucrez pentru el c\u0103 nu trebuie abordat \u00een ziua comemor\u0103rii acelui eveniment. Sora mea \u015fi cu mine \u00eemp\u0103r\u0163eam o camer\u0103 care era direct deasupra celei a lui Hitler. Puteam s\u0103-l auzim pl\u00e2ng\u00e2nd&#8221;,<\/em> a spus Rosa.<\/p>\n<p>C\u00e2t a lucrat la Hitler, i-a cunoscut pe to\u0163i cei din anturajul s\u0103u: Himmler, sercretarul cel r\u0103u de partid, Bormann, pe care-l descrie ca fiind un &#8222;porc murdar&#8221;, \u015fi Goebbels, ministrul propagandei. Atunci c\u00e2nd Hitler i-a cerut pentru prima dat\u0103 ceva \u00een mod direct, Rosa \u00ee\u015fi aminte\u015fte c\u0103 i-a venit s\u0103 le\u015fine. <em>&#8222;Bun\u0103&#8221;,<\/em> i-a zis el bl\u00e2nd. <em>&#8222;\u00cemi cer scuze c\u0103 te deranjez, dar ai putea s\u0103-mi faci o cafea \u015fi s\u0103-mi aduci ni\u015fte biscui\u0163i \u00een birou?&#8221;,<\/em> a \u00eentrebat el. <em>&#8222;Dup\u0103 o vreme, m-am mai relaxat un pic. Se pare c\u0103, la ordinele lui Hitler, Anni \u015fi cu mine mergeam \u00een fiecare duminic\u0103 la Biseric\u0103, pentru c\u0103 el credea c\u0103 a\u015fa este bine pentru noi&#8221;<\/em>, \u00ee\u015fi aminte\u015fte Rosa.<\/p>\n<p>Printre \u00eendatoririle ei se num\u0103r\u0103 \u015fi sortarea miilor de cadouri \u015fi scrisori pe care Hitler le primea de la admiratorii s\u0103i. <em>&#8222;Erau trabucuri, borcane de gem, flori, tablouri. Pe cele mai multe dintre ele le d\u0103deam, la ordinele lui Hitler, familiilor mai s\u0103race de \u0163\u0103rani care locuiau \u00een apropiere&#8221;,<\/em> poveste\u015fte menajera.<\/p>\n<p>C\u00e2t a lucrat la Hitler, Rosa a avut ocazia s\u0103 o cunoasc\u0103 \u015fi pe misterioasa Eva Braun. <em>&#8222;Nu era a\u015fa dr\u0103gu\u0163\u0103 de aproape&#8221;<\/em>, \u00ee\u015fi aminte\u015fte ea. \u00cen 1935, Rosa s-a \u00eendr\u0103gostit la r\u00e2ndul ei \u015fi i-a cerut lui Hitler s\u0103 o lase s\u0103 plece. I s-a spus c\u0103 poate pleca imediat. <em>&#8222;L-am mai \u00eent\u00e2lnit pe Hitler o singur\u0103 dat\u0103, pe 10 decembrie 1936, c\u00e2nd Anni s-a m\u0103ritat cu Herbert Doehring, administrator la Berghof. El a venit la nunt\u0103 \u015fi a fost dr\u0103gu\u0163 cu mine, spun\u00e2ndu-mi c\u0103 mi-a dus dorul&#8221;,<\/em> poveste\u015fte Rosa.<\/p>\n<p>Fosta menajer\u0103 a lui Hitler s-a c\u0103s\u0103torit la r\u00e2ndul ei \u015fi a avut trei copii. \u00cen prezent, ea tr\u0103ie\u015fte \u00een Munchen. Dup\u0103 r\u0103zboi, Rosa a fost silit\u0103 s\u0103 se confrunte cu &#8222;mo\u015ftenirea&#8221; personajului pentru care lucrase cu at\u00e2ta drag. \u015ei mai ales cu realitatea Holocaustului. <em>&#8222;Pur \u015fi simplu nu puteam crede c\u0103 a ordonat asemenea lucruri teribile&#8221;,<\/em> a spus Rosa. <em>&#8222;Chiar \u015fi acum, prefer s\u0103-mi amintesc fa\u0163etele mai fermec\u0103toare ale personalit\u0103\u0163ii lui&#8221;.<\/em><\/p>\n","protected":false},"excerpt":{"rendered":"<p>De\u015fi a fost condamnat de istorie pentru faptele sale cumplite, pe lume exist\u0103 o persoan\u0103 care nu se \u00eenfioar\u0103, ci z\u00e2mbe\u015fte atunci c\u00e2nd aude numele lui Adolf Hitler. Fosta menajer\u0103 a Fuhrerului sus\u0163ine c\u0103 acesta era un \u015fef minunat \u015fi &#8230; <\/p>\n<p class=\"read-more-container\"><a title=\"Menajera lui Hitler: &#8222;Fuhrerul a fost un om bun \u015fi fermec\u0103tor&#8221;\" class=\"read-more button\" href=\"https:\/\/www.lovendal.ro\/wp52\/menajera-lui-hitler-fuhrerul-a-fost-un-om-bun-si-fermecator\/#more-1743\" aria-label=\"Cite\u0219te mai multe despre Menajera lui Hitler: &#8222;Fuhrerul a fost un om bun \u015fi fermec\u0103tor&#8221;\">Cititi mai multe<\/a><\/p>\n","protected":false},"author":1,"featured_media":66719,"comment_status":"open","ping_status":"closed","sticky":false,"template":"","format":"standard","meta":{"footnotes":""},"categories":[9],"tags":[203,85,1532],"class_list":["post-1743","post","type-post","status-publish","format-standard","has-post-thumbnail","hentry","category-istorie","tag-germania","tag-hitler","tag-istorie-si-civilizatii","resize-featured-image"],"yoast_head":"<!-- This site is optimized with the Yoast SEO Premium plugin v23.3 (Yoast SEO v27.4) - https:\/\/yoast.com\/product\/yoast-seo-premium-wordpress\/ -->\n<title>Menajera lui Hitler: &quot;Fuhrerul a fost un om bun \u015fi fermec\u0103tor&quot; - Secretele lui Lovendal<\/title>\n<meta name=\"robots\" content=\"index, follow, max-snippet:-1, max-image-preview:large, max-video-preview:-1\" \/>\n<link rel=\"canonical\" href=\"https:\/\/www.lovendal.ro\/wp52\/menajera-lui-hitler-fuhrerul-a-fost-un-om-bun-si-fermecator\/\" \/>\n<meta property=\"og:locale\" content=\"ro_RO\" \/>\n<meta property=\"og:type\" content=\"article\" \/>\n<meta property=\"og:title\" content=\"Menajera lui Hitler: &quot;Fuhrerul a fost un om bun \u015fi fermec\u0103tor&quot;\" \/>\n<meta property=\"og:description\" content=\"De\u015fi a fost condamnat de istorie pentru faptele sale cumplite, pe lume exist\u0103 o persoan\u0103 care nu se \u00eenfioar\u0103, ci z\u00e2mbe\u015fte atunci c\u00e2nd aude numele lui Adolf Hitler. Fosta menajer\u0103 a Fuhrerului sus\u0163ine c\u0103 acesta era un \u015fef minunat \u015fi ... Cititi mai multe\" \/>\n<meta property=\"og:url\" content=\"https:\/\/www.lovendal.ro\/wp52\/menajera-lui-hitler-fuhrerul-a-fost-un-om-bun-si-fermecator\/\" \/>\n<meta property=\"og:site_name\" content=\"Secretele lui Lovendal\" \/>\n<meta property=\"article:publisher\" content=\"https:\/\/www.facebook.com\/secreteleluilovendal\" \/>\n<meta property=\"article:published_time\" content=\"2008-12-06T07:08:41+00:00\" \/>\n<meta property=\"article:modified_time\" content=\"2020-02-13T16:04:45+00:00\" \/>\n<meta property=\"og:image\" content=\"https:\/\/www.lovendal.ro\/wp52\/wp-content\/uploads\/2008\/12\/hitler5.jpg\" \/>\n\t<meta property=\"og:image:width\" content=\"345\" \/>\n\t<meta property=\"og:image:height\" content=\"268\" \/>\n\t<meta property=\"og:image:type\" content=\"image\/jpeg\" \/>\n<meta name=\"author\" content=\"admin\" \/>\n<meta name=\"twitter:card\" content=\"summary_large_image\" \/>\n<meta name=\"twitter:label1\" content=\"Scris de\" \/>\n\t<meta name=\"twitter:data1\" content=\"admin\" \/>\n\t<meta name=\"twitter:label2\" content=\"Timp estimat pentru citire\" \/>\n\t<meta name=\"twitter:data2\" content=\"4 minute\" \/>\n<script type=\"application\/ld+json\" class=\"yoast-schema-graph\">{\"@context\":\"https:\\\/\\\/schema.org\",\"@graph\":[{\"@type\":\"Article\",\"@id\":\"https:\\\/\\\/www.lovendal.ro\\\/wp52\\\/menajera-lui-hitler-fuhrerul-a-fost-un-om-bun-si-fermecator\\\/#article\",\"isPartOf\":{\"@id\":\"https:\\\/\\\/www.lovendal.ro\\\/wp52\\\/menajera-lui-hitler-fuhrerul-a-fost-un-om-bun-si-fermecator\\\/\"},\"author\":{\"name\":\"admin\",\"@id\":\"https:\\\/\\\/www.lovendal.ro\\\/wp52\\\/#\\\/schema\\\/person\\\/088691de5dfc346bb0c023e1e52ef5d9\"},\"headline\":\"Menajera lui Hitler: &#8222;Fuhrerul a fost un om bun \u015fi fermec\u0103tor&#8221;\",\"datePublished\":\"2008-12-06T07:08:41+00:00\",\"dateModified\":\"2020-02-13T16:04:45+00:00\",\"mainEntityOfPage\":{\"@id\":\"https:\\\/\\\/www.lovendal.ro\\\/wp52\\\/menajera-lui-hitler-fuhrerul-a-fost-un-om-bun-si-fermecator\\\/\"},\"wordCount\":716,\"commentCount\":3,\"publisher\":{\"@id\":\"https:\\\/\\\/www.lovendal.ro\\\/wp52\\\/#organization\"},\"image\":{\"@id\":\"https:\\\/\\\/www.lovendal.ro\\\/wp52\\\/menajera-lui-hitler-fuhrerul-a-fost-un-om-bun-si-fermecator\\\/#primaryimage\"},\"thumbnailUrl\":\"https:\\\/\\\/www.lovendal.ro\\\/wp52\\\/wp-content\\\/uploads\\\/2008\\\/12\\\/hitler5.jpg\",\"keywords\":[\"Germania\",\"Hitler\",\"Istorie si Civilizatii\"],\"articleSection\":[\"Istorie si Civilizatii\"],\"inLanguage\":\"ro-RO\",\"potentialAction\":[{\"@type\":\"CommentAction\",\"name\":\"Comment\",\"target\":[\"https:\\\/\\\/www.lovendal.ro\\\/wp52\\\/menajera-lui-hitler-fuhrerul-a-fost-un-om-bun-si-fermecator\\\/#respond\"]}]},{\"@type\":\"WebPage\",\"@id\":\"https:\\\/\\\/www.lovendal.ro\\\/wp52\\\/menajera-lui-hitler-fuhrerul-a-fost-un-om-bun-si-fermecator\\\/\",\"url\":\"https:\\\/\\\/www.lovendal.ro\\\/wp52\\\/menajera-lui-hitler-fuhrerul-a-fost-un-om-bun-si-fermecator\\\/\",\"name\":\"Menajera lui Hitler: \\\"Fuhrerul a fost un om bun \u015fi fermec\u0103tor\\\" - Secretele lui Lovendal\",\"isPartOf\":{\"@id\":\"https:\\\/\\\/www.lovendal.ro\\\/wp52\\\/#website\"},\"primaryImageOfPage\":{\"@id\":\"https:\\\/\\\/www.lovendal.ro\\\/wp52\\\/menajera-lui-hitler-fuhrerul-a-fost-un-om-bun-si-fermecator\\\/#primaryimage\"},\"image\":{\"@id\":\"https:\\\/\\\/www.lovendal.ro\\\/wp52\\\/menajera-lui-hitler-fuhrerul-a-fost-un-om-bun-si-fermecator\\\/#primaryimage\"},\"thumbnailUrl\":\"https:\\\/\\\/www.lovendal.ro\\\/wp52\\\/wp-content\\\/uploads\\\/2008\\\/12\\\/hitler5.jpg\",\"datePublished\":\"2008-12-06T07:08:41+00:00\",\"dateModified\":\"2020-02-13T16:04:45+00:00\",\"breadcrumb\":{\"@id\":\"https:\\\/\\\/www.lovendal.ro\\\/wp52\\\/menajera-lui-hitler-fuhrerul-a-fost-un-om-bun-si-fermecator\\\/#breadcrumb\"},\"inLanguage\":\"ro-RO\",\"potentialAction\":[{\"@type\":\"ReadAction\",\"target\":[\"https:\\\/\\\/www.lovendal.ro\\\/wp52\\\/menajera-lui-hitler-fuhrerul-a-fost-un-om-bun-si-fermecator\\\/\"]}]},{\"@type\":\"ImageObject\",\"inLanguage\":\"ro-RO\",\"@id\":\"https:\\\/\\\/www.lovendal.ro\\\/wp52\\\/menajera-lui-hitler-fuhrerul-a-fost-un-om-bun-si-fermecator\\\/#primaryimage\",\"url\":\"https:\\\/\\\/www.lovendal.ro\\\/wp52\\\/wp-content\\\/uploads\\\/2008\\\/12\\\/hitler5.jpg\",\"contentUrl\":\"https:\\\/\\\/www.lovendal.ro\\\/wp52\\\/wp-content\\\/uploads\\\/2008\\\/12\\\/hitler5.jpg\",\"width\":345,\"height\":268},{\"@type\":\"BreadcrumbList\",\"@id\":\"https:\\\/\\\/www.lovendal.ro\\\/wp52\\\/menajera-lui-hitler-fuhrerul-a-fost-un-om-bun-si-fermecator\\\/#breadcrumb\",\"itemListElement\":[{\"@type\":\"ListItem\",\"position\":1,\"name\":\"Home\",\"item\":\"https:\\\/\\\/www.lovendal.ro\\\/wp52\\\/\"},{\"@type\":\"ListItem\",\"position\":2,\"name\":\"Menajera lui Hitler: &#8222;Fuhrerul a fost un om bun \u015fi fermec\u0103tor&#8221;\"}]},{\"@type\":\"WebSite\",\"@id\":\"https:\\\/\\\/www.lovendal.ro\\\/wp52\\\/#website\",\"url\":\"https:\\\/\\\/www.lovendal.ro\\\/wp52\\\/\",\"name\":\"Secretele lui Lovendal\",\"description\":\"Site de secrete, stiinta si metafizica - din 2008 -\",\"publisher\":{\"@id\":\"https:\\\/\\\/www.lovendal.ro\\\/wp52\\\/#organization\"},\"potentialAction\":[{\"@type\":\"SearchAction\",\"target\":{\"@type\":\"EntryPoint\",\"urlTemplate\":\"https:\\\/\\\/www.lovendal.ro\\\/wp52\\\/?s={search_term_string}\"},\"query-input\":{\"@type\":\"PropertyValueSpecification\",\"valueRequired\":true,\"valueName\":\"search_term_string\"}}],\"inLanguage\":\"ro-RO\"},{\"@type\":\"Organization\",\"@id\":\"https:\\\/\\\/www.lovendal.ro\\\/wp52\\\/#organization\",\"name\":\"Secretele lui Lovendal\",\"url\":\"https:\\\/\\\/www.lovendal.ro\\\/wp52\\\/\",\"logo\":{\"@type\":\"ImageObject\",\"inLanguage\":\"ro-RO\",\"@id\":\"https:\\\/\\\/www.lovendal.ro\\\/wp52\\\/#\\\/schema\\\/logo\\\/image\\\/\",\"url\":\"https:\\\/\\\/www.lovendal.ro\\\/wp52\\\/wp-content\\\/uploads\\\/2024\\\/06\\\/cropped-SLL-iun-2024-1.jpg\",\"contentUrl\":\"https:\\\/\\\/www.lovendal.ro\\\/wp52\\\/wp-content\\\/uploads\\\/2024\\\/06\\\/cropped-SLL-iun-2024-1.jpg\",\"width\":771,\"height\":240,\"caption\":\"Secretele lui Lovendal\"},\"image\":{\"@id\":\"https:\\\/\\\/www.lovendal.ro\\\/wp52\\\/#\\\/schema\\\/logo\\\/image\\\/\"},\"sameAs\":[\"https:\\\/\\\/www.facebook.com\\\/secreteleluilovendal\"]},{\"@type\":\"Person\",\"@id\":\"https:\\\/\\\/www.lovendal.ro\\\/wp52\\\/#\\\/schema\\\/person\\\/088691de5dfc346bb0c023e1e52ef5d9\",\"name\":\"admin\",\"image\":{\"@type\":\"ImageObject\",\"inLanguage\":\"ro-RO\",\"@id\":\"https:\\\/\\\/secure.gravatar.com\\\/avatar\\\/ecb9cd41f5f63c9c9b989999a59f6e2639a865ec361e9db054db0679a8f341c2?s=96&d=mm&r=g\",\"url\":\"https:\\\/\\\/secure.gravatar.com\\\/avatar\\\/ecb9cd41f5f63c9c9b989999a59f6e2639a865ec361e9db054db0679a8f341c2?s=96&d=mm&r=g\",\"contentUrl\":\"https:\\\/\\\/secure.gravatar.com\\\/avatar\\\/ecb9cd41f5f63c9c9b989999a59f6e2639a865ec361e9db054db0679a8f341c2?s=96&d=mm&r=g\",\"caption\":\"admin\"},\"sameAs\":[\"https:\\\/\\\/www.lovendal.ro\\\/wp52\"]}]}<\/script>\n<!-- \/ Yoast SEO Premium plugin. -->","yoast_head_json":{"title":"Menajera lui Hitler: \"Fuhrerul a fost un om bun \u015fi fermec\u0103tor\" - Secretele lui Lovendal","robots":{"index":"index","follow":"follow","max-snippet":"max-snippet:-1","max-image-preview":"max-image-preview:large","max-video-preview":"max-video-preview:-1"},"canonical":"https:\/\/www.lovendal.ro\/wp52\/menajera-lui-hitler-fuhrerul-a-fost-un-om-bun-si-fermecator\/","og_locale":"ro_RO","og_type":"article","og_title":"Menajera lui Hitler: \"Fuhrerul a fost un om bun \u015fi fermec\u0103tor\"","og_description":"De\u015fi a fost condamnat de istorie pentru faptele sale cumplite, pe lume exist\u0103 o persoan\u0103 care nu se \u00eenfioar\u0103, ci z\u00e2mbe\u015fte atunci c\u00e2nd aude numele lui Adolf Hitler. Fosta menajer\u0103 a Fuhrerului sus\u0163ine c\u0103 acesta era un \u015fef minunat \u015fi ... Cititi mai multe","og_url":"https:\/\/www.lovendal.ro\/wp52\/menajera-lui-hitler-fuhrerul-a-fost-un-om-bun-si-fermecator\/","og_site_name":"Secretele lui Lovendal","article_publisher":"https:\/\/www.facebook.com\/secreteleluilovendal","article_published_time":"2008-12-06T07:08:41+00:00","article_modified_time":"2020-02-13T16:04:45+00:00","og_image":[{"width":345,"height":268,"url":"https:\/\/www.lovendal.ro\/wp52\/wp-content\/uploads\/2008\/12\/hitler5.jpg","type":"image\/jpeg"}],"author":"admin","twitter_card":"summary_large_image","twitter_misc":{"Scris de":"admin","Timp estimat pentru citire":"4 minute"},"schema":{"@context":"https:\/\/schema.org","@graph":[{"@type":"Article","@id":"https:\/\/www.lovendal.ro\/wp52\/menajera-lui-hitler-fuhrerul-a-fost-un-om-bun-si-fermecator\/#article","isPartOf":{"@id":"https:\/\/www.lovendal.ro\/wp52\/menajera-lui-hitler-fuhrerul-a-fost-un-om-bun-si-fermecator\/"},"author":{"name":"admin","@id":"https:\/\/www.lovendal.ro\/wp52\/#\/schema\/person\/088691de5dfc346bb0c023e1e52ef5d9"},"headline":"Menajera lui Hitler: &#8222;Fuhrerul a fost un om bun \u015fi fermec\u0103tor&#8221;","datePublished":"2008-12-06T07:08:41+00:00","dateModified":"2020-02-13T16:04:45+00:00","mainEntityOfPage":{"@id":"https:\/\/www.lovendal.ro\/wp52\/menajera-lui-hitler-fuhrerul-a-fost-un-om-bun-si-fermecator\/"},"wordCount":716,"commentCount":3,"publisher":{"@id":"https:\/\/www.lovendal.ro\/wp52\/#organization"},"image":{"@id":"https:\/\/www.lovendal.ro\/wp52\/menajera-lui-hitler-fuhrerul-a-fost-un-om-bun-si-fermecator\/#primaryimage"},"thumbnailUrl":"https:\/\/www.lovendal.ro\/wp52\/wp-content\/uploads\/2008\/12\/hitler5.jpg","keywords":["Germania","Hitler","Istorie si Civilizatii"],"articleSection":["Istorie si Civilizatii"],"inLanguage":"ro-RO","potentialAction":[{"@type":"CommentAction","name":"Comment","target":["https:\/\/www.lovendal.ro\/wp52\/menajera-lui-hitler-fuhrerul-a-fost-un-om-bun-si-fermecator\/#respond"]}]},{"@type":"WebPage","@id":"https:\/\/www.lovendal.ro\/wp52\/menajera-lui-hitler-fuhrerul-a-fost-un-om-bun-si-fermecator\/","url":"https:\/\/www.lovendal.ro\/wp52\/menajera-lui-hitler-fuhrerul-a-fost-un-om-bun-si-fermecator\/","name":"Menajera lui Hitler: \"Fuhrerul a fost un om bun \u015fi fermec\u0103tor\" - Secretele lui Lovendal","isPartOf":{"@id":"https:\/\/www.lovendal.ro\/wp52\/#website"},"primaryImageOfPage":{"@id":"https:\/\/www.lovendal.ro\/wp52\/menajera-lui-hitler-fuhrerul-a-fost-un-om-bun-si-fermecator\/#primaryimage"},"image":{"@id":"https:\/\/www.lovendal.ro\/wp52\/menajera-lui-hitler-fuhrerul-a-fost-un-om-bun-si-fermecator\/#primaryimage"},"thumbnailUrl":"https:\/\/www.lovendal.ro\/wp52\/wp-content\/uploads\/2008\/12\/hitler5.jpg","datePublished":"2008-12-06T07:08:41+00:00","dateModified":"2020-02-13T16:04:45+00:00","breadcrumb":{"@id":"https:\/\/www.lovendal.ro\/wp52\/menajera-lui-hitler-fuhrerul-a-fost-un-om-bun-si-fermecator\/#breadcrumb"},"inLanguage":"ro-RO","potentialAction":[{"@type":"ReadAction","target":["https:\/\/www.lovendal.ro\/wp52\/menajera-lui-hitler-fuhrerul-a-fost-un-om-bun-si-fermecator\/"]}]},{"@type":"ImageObject","inLanguage":"ro-RO","@id":"https:\/\/www.lovendal.ro\/wp52\/menajera-lui-hitler-fuhrerul-a-fost-un-om-bun-si-fermecator\/#primaryimage","url":"https:\/\/www.lovendal.ro\/wp52\/wp-content\/uploads\/2008\/12\/hitler5.jpg","contentUrl":"https:\/\/www.lovendal.ro\/wp52\/wp-content\/uploads\/2008\/12\/hitler5.jpg","width":345,"height":268},{"@type":"BreadcrumbList","@id":"https:\/\/www.lovendal.ro\/wp52\/menajera-lui-hitler-fuhrerul-a-fost-un-om-bun-si-fermecator\/#breadcrumb","itemListElement":[{"@type":"ListItem","position":1,"name":"Home","item":"https:\/\/www.lovendal.ro\/wp52\/"},{"@type":"ListItem","position":2,"name":"Menajera lui Hitler: &#8222;Fuhrerul a fost un om bun \u015fi fermec\u0103tor&#8221;"}]},{"@type":"WebSite","@id":"https:\/\/www.lovendal.ro\/wp52\/#website","url":"https:\/\/www.lovendal.ro\/wp52\/","name":"Secretele lui Lovendal","description":"Site de secrete, stiinta si metafizica - din 2008 -","publisher":{"@id":"https:\/\/www.lovendal.ro\/wp52\/#organization"},"potentialAction":[{"@type":"SearchAction","target":{"@type":"EntryPoint","urlTemplate":"https:\/\/www.lovendal.ro\/wp52\/?s={search_term_string}"},"query-input":{"@type":"PropertyValueSpecification","valueRequired":true,"valueName":"search_term_string"}}],"inLanguage":"ro-RO"},{"@type":"Organization","@id":"https:\/\/www.lovendal.ro\/wp52\/#organization","name":"Secretele lui Lovendal","url":"https:\/\/www.lovendal.ro\/wp52\/","logo":{"@type":"ImageObject","inLanguage":"ro-RO","@id":"https:\/\/www.lovendal.ro\/wp52\/#\/schema\/logo\/image\/","url":"https:\/\/www.lovendal.ro\/wp52\/wp-content\/uploads\/2024\/06\/cropped-SLL-iun-2024-1.jpg","contentUrl":"https:\/\/www.lovendal.ro\/wp52\/wp-content\/uploads\/2024\/06\/cropped-SLL-iun-2024-1.jpg","width":771,"height":240,"caption":"Secretele lui Lovendal"},"image":{"@id":"https:\/\/www.lovendal.ro\/wp52\/#\/schema\/logo\/image\/"},"sameAs":["https:\/\/www.facebook.com\/secreteleluilovendal"]},{"@type":"Person","@id":"https:\/\/www.lovendal.ro\/wp52\/#\/schema\/person\/088691de5dfc346bb0c023e1e52ef5d9","name":"admin","image":{"@type":"ImageObject","inLanguage":"ro-RO","@id":"https:\/\/secure.gravatar.com\/avatar\/ecb9cd41f5f63c9c9b989999a59f6e2639a865ec361e9db054db0679a8f341c2?s=96&d=mm&r=g","url":"https:\/\/secure.gravatar.com\/avatar\/ecb9cd41f5f63c9c9b989999a59f6e2639a865ec361e9db054db0679a8f341c2?s=96&d=mm&r=g","contentUrl":"https:\/\/secure.gravatar.com\/avatar\/ecb9cd41f5f63c9c9b989999a59f6e2639a865ec361e9db054db0679a8f341c2?s=96&d=mm&r=g","caption":"admin"},"sameAs":["https:\/\/www.lovendal.ro\/wp52"]}]}},"_links":{"self":[{"href":"https:\/\/www.lovendal.ro\/wp52\/wp-json\/wp\/v2\/posts\/1743","targetHints":{"allow":["GET"]}}],"collection":[{"href":"https:\/\/www.lovendal.ro\/wp52\/wp-json\/wp\/v2\/posts"}],"about":[{"href":"https:\/\/www.lovendal.ro\/wp52\/wp-json\/wp\/v2\/types\/post"}],"author":[{"embeddable":true,"href":"https:\/\/www.lovendal.ro\/wp52\/wp-json\/wp\/v2\/users\/1"}],"replies":[{"embeddable":true,"href":"https:\/\/www.lovendal.ro\/wp52\/wp-json\/wp\/v2\/comments?post=1743"}],"version-history":[{"count":0,"href":"https:\/\/www.lovendal.ro\/wp52\/wp-json\/wp\/v2\/posts\/1743\/revisions"}],"wp:featuredmedia":[{"embeddable":true,"href":"https:\/\/www.lovendal.ro\/wp52\/wp-json\/wp\/v2\/media\/66719"}],"wp:attachment":[{"href":"https:\/\/www.lovendal.ro\/wp52\/wp-json\/wp\/v2\/media?parent=1743"}],"wp:term":[{"taxonomy":"category","embeddable":true,"href":"https:\/\/www.lovendal.ro\/wp52\/wp-json\/wp\/v2\/categories?post=1743"},{"taxonomy":"post_tag","embeddable":true,"href":"https:\/\/www.lovendal.ro\/wp52\/wp-json\/wp\/v2\/tags?post=1743"}],"curies":[{"name":"wp","href":"https:\/\/api.w.org\/{rel}","templated":true}]}}