{"id":16992,"date":"2011-02-13T20:08:26","date_gmt":"2011-02-13T18:08:26","guid":{"rendered":"http:\/\/www.lovendal.net\/wp52\/?p=16992"},"modified":"2011-02-13T20:08:26","modified_gmt":"2011-02-13T18:08:26","slug":"sa-invatam-de-la-marele-aristotel-cum-sa-ne-aparam-de-calomnii-si-vorbe-rautacioase","status":"publish","type":"post","link":"https:\/\/www.lovendal.ro\/wp52\/sa-invatam-de-la-marele-aristotel-cum-sa-ne-aparam-de-calomnii-si-vorbe-rautacioase\/","title":{"rendered":"S\u0103 \u00eenv\u0103\u0163\u0103m de la marele Aristotel cum s\u0103 ne ap\u0103r\u0103m de calomnii \u015fi vorbe r\u0103ut\u0103cioase"},"content":{"rendered":"<p><a href=\"https:\/\/www.lovendal.ro\/wp52\/wp-content\/uploads\/2011\/02\/Aristotel70011.jpg\"><img loading=\"lazy\" decoding=\"async\" class=\"alignleft size-full wp-image-16994\" title=\"Aristotel7001\" src=\"https:\/\/www.lovendal.ro\/wp52\/wp-content\/uploads\/2011\/02\/Aristotel70011.jpg\" alt=\"\" width=\"272\" height=\"266\" srcset=\"https:\/\/www.lovendal.ro\/wp52\/wp-content\/uploads\/2011\/02\/Aristotel70011.jpg 306w, https:\/\/www.lovendal.ro\/wp52\/wp-content\/uploads\/2011\/02\/Aristotel70011-300x293.jpg 300w\" sizes=\"auto, (max-width: 272px) 100vw, 272px\" \/><\/a>Desigur, una este s\u0103 critici \u015fi alta s\u0103 calomniezi. Se pare c\u0103 nici Platon \u015fi nici Aristotel nu iubeau calomniile, dar cu toate astea au fost victimele lor. Un filosof \u015ftie \u00eens\u0103 cum s\u0103 reac\u0163ioneze: c\u00e2nd cineva i-a spus odat\u0103 lui Aristotel c\u0103 a auzit pe cineva cum \u00eel calomnia pe la spate, Aristotel a comentat:<br \/>\n<em>&#8211; Nefiind prezent, nu au cum s\u0103 m\u0103 biciuiasc\u0103.<\/em><\/p>\n<p>O alt\u0103 \u00eent\u00e2mplare legat\u0103 de Aristotel e urm\u0103toarea: un palavragiu vorbea odat\u0103 cu Aristotel \u015fi nu mai termina cu perora\u0163iile, pres\u0103r\u00e2ndu-\u015fi discursul cu aluzii r\u0103uvoitoare la adresa filosofului. Cum Aristotel r\u0103m\u00e2nea impasibil \u015fi nu spunea o vorb\u0103, palavragiul l-a \u00eentrebat:<br \/>\n<em>&#8211; Nu te deranjeaz\u0103 oare vorbele mele?<br \/>\n&#8211; Nu, nu absolut deloc. Nu le mai ascult de mult\u0103 vreme.<br \/>\n<\/em><\/p>\n","protected":false},"excerpt":{"rendered":"<p>Desigur, una este s\u0103 critici \u015fi alta s\u0103 calomniezi. Se pare c\u0103 nici Platon \u015fi nici Aristotel nu iubeau calomniile, dar cu toate astea au fost victimele lor. Un filosof \u015ftie \u00eens\u0103 cum s\u0103 reac\u0163ioneze: c\u00e2nd cineva i-a spus odat\u0103 &#8230; <\/p>\n<p class=\"read-more-container\"><a title=\"S\u0103 \u00eenv\u0103\u0163\u0103m de la marele Aristotel cum s\u0103 ne ap\u0103r\u0103m de calomnii \u015fi vorbe r\u0103ut\u0103cioase\" class=\"read-more button\" href=\"https:\/\/www.lovendal.ro\/wp52\/sa-invatam-de-la-marele-aristotel-cum-sa-ne-aparam-de-calomnii-si-vorbe-rautacioase\/#more-16992\" aria-label=\"Cite\u0219te mai multe despre S\u0103 \u00eenv\u0103\u0163\u0103m de la marele Aristotel cum s\u0103 ne ap\u0103r\u0103m de calomnii \u015fi vorbe r\u0103ut\u0103cioase\">Cititi mai multe<\/a><\/p>\n","protected":false},"author":1,"featured_media":16993,"comment_status":"open","ping_status":"closed","sticky":false,"template":"","format":"standard","meta":{"footnotes":""},"categories":[28],"tags":[1001,3968,2914,9798,1502],"class_list":["post-16992","post","type-post","status-publish","format-standard","has-post-thumbnail","hentry","category-cultura","tag-aristotel","tag-calomnie","tag-critica","tag-cultura","tag-filosofie","resize-featured-image"],"yoast_head":"<!-- This site is optimized with the Yoast SEO Premium plugin v23.3 (Yoast SEO v27.4) - https:\/\/yoast.com\/product\/yoast-seo-premium-wordpress\/ -->\n<title>S\u0103 \u00eenv\u0103\u0163\u0103m de la marele Aristotel cum s\u0103 ne ap\u0103r\u0103m de calomnii \u015fi vorbe r\u0103ut\u0103cioase - Secretele lui Lovendal<\/title>\n<meta name=\"robots\" content=\"index, follow, max-snippet:-1, max-image-preview:large, max-video-preview:-1\" \/>\n<link rel=\"canonical\" href=\"https:\/\/www.lovendal.ro\/wp52\/sa-invatam-de-la-marele-aristotel-cum-sa-ne-aparam-de-calomnii-si-vorbe-rautacioase\/\" \/>\n<meta property=\"og:locale\" content=\"ro_RO\" \/>\n<meta property=\"og:type\" content=\"article\" \/>\n<meta property=\"og:title\" content=\"S\u0103 \u00eenv\u0103\u0163\u0103m de la marele Aristotel cum s\u0103 ne ap\u0103r\u0103m de calomnii \u015fi vorbe r\u0103ut\u0103cioase\" \/>\n<meta property=\"og:description\" content=\"Desigur, una este s\u0103 critici \u015fi alta s\u0103 calomniezi. Se pare c\u0103 nici Platon \u015fi nici Aristotel nu iubeau calomniile, dar cu toate astea au fost victimele lor. Un filosof \u015ftie \u00eens\u0103 cum s\u0103 reac\u0163ioneze: c\u00e2nd cineva i-a spus odat\u0103 ... Cititi mai multe\" \/>\n<meta property=\"og:url\" content=\"https:\/\/www.lovendal.ro\/wp52\/sa-invatam-de-la-marele-aristotel-cum-sa-ne-aparam-de-calomnii-si-vorbe-rautacioase\/\" \/>\n<meta property=\"og:site_name\" content=\"Secretele lui Lovendal\" \/>\n<meta property=\"article:publisher\" content=\"https:\/\/www.facebook.com\/secreteleluilovendal\" \/>\n<meta property=\"article:published_time\" content=\"2011-02-13T18:08:26+00:00\" \/>\n<meta property=\"og:image\" content=\"https:\/\/www.lovendal.ro\/wp52\/wp-content\/uploads\/2011\/02\/Aristotel7001.jpg\" \/>\n\t<meta property=\"og:image:width\" content=\"471\" \/>\n\t<meta property=\"og:image:height\" content=\"600\" \/>\n\t<meta property=\"og:image:type\" content=\"image\/jpeg\" \/>\n<meta name=\"author\" content=\"admin\" \/>\n<meta name=\"twitter:card\" content=\"summary_large_image\" \/>\n<meta name=\"twitter:label1\" content=\"Scris de\" \/>\n\t<meta name=\"twitter:data1\" content=\"admin\" \/>\n\t<meta name=\"twitter:label2\" content=\"Timp estimat pentru citire\" \/>\n\t<meta name=\"twitter:data2\" content=\"1 minut\" \/>\n<script type=\"application\/ld+json\" class=\"yoast-schema-graph\">{\"@context\":\"https:\\\/\\\/schema.org\",\"@graph\":[{\"@type\":\"Article\",\"@id\":\"https:\\\/\\\/www.lovendal.ro\\\/wp52\\\/sa-invatam-de-la-marele-aristotel-cum-sa-ne-aparam-de-calomnii-si-vorbe-rautacioase\\\/#article\",\"isPartOf\":{\"@id\":\"https:\\\/\\\/www.lovendal.ro\\\/wp52\\\/sa-invatam-de-la-marele-aristotel-cum-sa-ne-aparam-de-calomnii-si-vorbe-rautacioase\\\/\"},\"author\":{\"name\":\"admin\",\"@id\":\"https:\\\/\\\/www.lovendal.ro\\\/wp52\\\/#\\\/schema\\\/person\\\/088691de5dfc346bb0c023e1e52ef5d9\"},\"headline\":\"S\u0103 \u00eenv\u0103\u0163\u0103m de la marele Aristotel cum s\u0103 ne ap\u0103r\u0103m de calomnii \u015fi vorbe r\u0103ut\u0103cioase\",\"datePublished\":\"2011-02-13T18:08:26+00:00\",\"mainEntityOfPage\":{\"@id\":\"https:\\\/\\\/www.lovendal.ro\\\/wp52\\\/sa-invatam-de-la-marele-aristotel-cum-sa-ne-aparam-de-calomnii-si-vorbe-rautacioase\\\/\"},\"wordCount\":155,\"commentCount\":8,\"publisher\":{\"@id\":\"https:\\\/\\\/www.lovendal.ro\\\/wp52\\\/#organization\"},\"image\":{\"@id\":\"https:\\\/\\\/www.lovendal.ro\\\/wp52\\\/sa-invatam-de-la-marele-aristotel-cum-sa-ne-aparam-de-calomnii-si-vorbe-rautacioase\\\/#primaryimage\"},\"thumbnailUrl\":\"https:\\\/\\\/www.lovendal.ro\\\/wp52\\\/wp-content\\\/uploads\\\/2011\\\/02\\\/Aristotel7001.jpg\",\"keywords\":[\"Aristotel\",\"calomnie\",\"critic\u0103\",\"Cultura\",\"filosofie\"],\"articleSection\":[\"Cultura\"],\"inLanguage\":\"ro-RO\",\"potentialAction\":[{\"@type\":\"CommentAction\",\"name\":\"Comment\",\"target\":[\"https:\\\/\\\/www.lovendal.ro\\\/wp52\\\/sa-invatam-de-la-marele-aristotel-cum-sa-ne-aparam-de-calomnii-si-vorbe-rautacioase\\\/#respond\"]}]},{\"@type\":\"WebPage\",\"@id\":\"https:\\\/\\\/www.lovendal.ro\\\/wp52\\\/sa-invatam-de-la-marele-aristotel-cum-sa-ne-aparam-de-calomnii-si-vorbe-rautacioase\\\/\",\"url\":\"https:\\\/\\\/www.lovendal.ro\\\/wp52\\\/sa-invatam-de-la-marele-aristotel-cum-sa-ne-aparam-de-calomnii-si-vorbe-rautacioase\\\/\",\"name\":\"S\u0103 \u00eenv\u0103\u0163\u0103m de la marele Aristotel cum s\u0103 ne ap\u0103r\u0103m de calomnii \u015fi vorbe r\u0103ut\u0103cioase - Secretele lui Lovendal\",\"isPartOf\":{\"@id\":\"https:\\\/\\\/www.lovendal.ro\\\/wp52\\\/#website\"},\"primaryImageOfPage\":{\"@id\":\"https:\\\/\\\/www.lovendal.ro\\\/wp52\\\/sa-invatam-de-la-marele-aristotel-cum-sa-ne-aparam-de-calomnii-si-vorbe-rautacioase\\\/#primaryimage\"},\"image\":{\"@id\":\"https:\\\/\\\/www.lovendal.ro\\\/wp52\\\/sa-invatam-de-la-marele-aristotel-cum-sa-ne-aparam-de-calomnii-si-vorbe-rautacioase\\\/#primaryimage\"},\"thumbnailUrl\":\"https:\\\/\\\/www.lovendal.ro\\\/wp52\\\/wp-content\\\/uploads\\\/2011\\\/02\\\/Aristotel7001.jpg\",\"datePublished\":\"2011-02-13T18:08:26+00:00\",\"breadcrumb\":{\"@id\":\"https:\\\/\\\/www.lovendal.ro\\\/wp52\\\/sa-invatam-de-la-marele-aristotel-cum-sa-ne-aparam-de-calomnii-si-vorbe-rautacioase\\\/#breadcrumb\"},\"inLanguage\":\"ro-RO\",\"potentialAction\":[{\"@type\":\"ReadAction\",\"target\":[\"https:\\\/\\\/www.lovendal.ro\\\/wp52\\\/sa-invatam-de-la-marele-aristotel-cum-sa-ne-aparam-de-calomnii-si-vorbe-rautacioase\\\/\"]}]},{\"@type\":\"ImageObject\",\"inLanguage\":\"ro-RO\",\"@id\":\"https:\\\/\\\/www.lovendal.ro\\\/wp52\\\/sa-invatam-de-la-marele-aristotel-cum-sa-ne-aparam-de-calomnii-si-vorbe-rautacioase\\\/#primaryimage\",\"url\":\"https:\\\/\\\/www.lovendal.ro\\\/wp52\\\/wp-content\\\/uploads\\\/2011\\\/02\\\/Aristotel7001.jpg\",\"contentUrl\":\"https:\\\/\\\/www.lovendal.ro\\\/wp52\\\/wp-content\\\/uploads\\\/2011\\\/02\\\/Aristotel7001.jpg\",\"width\":\"471\",\"height\":\"600\"},{\"@type\":\"BreadcrumbList\",\"@id\":\"https:\\\/\\\/www.lovendal.ro\\\/wp52\\\/sa-invatam-de-la-marele-aristotel-cum-sa-ne-aparam-de-calomnii-si-vorbe-rautacioase\\\/#breadcrumb\",\"itemListElement\":[{\"@type\":\"ListItem\",\"position\":1,\"name\":\"Home\",\"item\":\"https:\\\/\\\/www.lovendal.ro\\\/wp52\\\/\"},{\"@type\":\"ListItem\",\"position\":2,\"name\":\"S\u0103 \u00eenv\u0103\u0163\u0103m de la marele Aristotel cum s\u0103 ne ap\u0103r\u0103m de calomnii \u015fi vorbe r\u0103ut\u0103cioase\"}]},{\"@type\":\"WebSite\",\"@id\":\"https:\\\/\\\/www.lovendal.ro\\\/wp52\\\/#website\",\"url\":\"https:\\\/\\\/www.lovendal.ro\\\/wp52\\\/\",\"name\":\"Secretele lui Lovendal\",\"description\":\"Site de secrete, stiinta si metafizica - din 2008 -\",\"publisher\":{\"@id\":\"https:\\\/\\\/www.lovendal.ro\\\/wp52\\\/#organization\"},\"potentialAction\":[{\"@type\":\"SearchAction\",\"target\":{\"@type\":\"EntryPoint\",\"urlTemplate\":\"https:\\\/\\\/www.lovendal.ro\\\/wp52\\\/?s={search_term_string}\"},\"query-input\":{\"@type\":\"PropertyValueSpecification\",\"valueRequired\":true,\"valueName\":\"search_term_string\"}}],\"inLanguage\":\"ro-RO\"},{\"@type\":\"Organization\",\"@id\":\"https:\\\/\\\/www.lovendal.ro\\\/wp52\\\/#organization\",\"name\":\"Secretele lui Lovendal\",\"url\":\"https:\\\/\\\/www.lovendal.ro\\\/wp52\\\/\",\"logo\":{\"@type\":\"ImageObject\",\"inLanguage\":\"ro-RO\",\"@id\":\"https:\\\/\\\/www.lovendal.ro\\\/wp52\\\/#\\\/schema\\\/logo\\\/image\\\/\",\"url\":\"https:\\\/\\\/www.lovendal.ro\\\/wp52\\\/wp-content\\\/uploads\\\/2024\\\/06\\\/cropped-SLL-iun-2024-1.jpg\",\"contentUrl\":\"https:\\\/\\\/www.lovendal.ro\\\/wp52\\\/wp-content\\\/uploads\\\/2024\\\/06\\\/cropped-SLL-iun-2024-1.jpg\",\"width\":771,\"height\":240,\"caption\":\"Secretele lui Lovendal\"},\"image\":{\"@id\":\"https:\\\/\\\/www.lovendal.ro\\\/wp52\\\/#\\\/schema\\\/logo\\\/image\\\/\"},\"sameAs\":[\"https:\\\/\\\/www.facebook.com\\\/secreteleluilovendal\"]},{\"@type\":\"Person\",\"@id\":\"https:\\\/\\\/www.lovendal.ro\\\/wp52\\\/#\\\/schema\\\/person\\\/088691de5dfc346bb0c023e1e52ef5d9\",\"name\":\"admin\",\"image\":{\"@type\":\"ImageObject\",\"inLanguage\":\"ro-RO\",\"@id\":\"https:\\\/\\\/secure.gravatar.com\\\/avatar\\\/ecb9cd41f5f63c9c9b989999a59f6e2639a865ec361e9db054db0679a8f341c2?s=96&d=mm&r=g\",\"url\":\"https:\\\/\\\/secure.gravatar.com\\\/avatar\\\/ecb9cd41f5f63c9c9b989999a59f6e2639a865ec361e9db054db0679a8f341c2?s=96&d=mm&r=g\",\"contentUrl\":\"https:\\\/\\\/secure.gravatar.com\\\/avatar\\\/ecb9cd41f5f63c9c9b989999a59f6e2639a865ec361e9db054db0679a8f341c2?s=96&d=mm&r=g\",\"caption\":\"admin\"},\"sameAs\":[\"https:\\\/\\\/www.lovendal.ro\\\/wp52\"]}]}<\/script>\n<!-- \/ Yoast SEO Premium plugin. -->","yoast_head_json":{"title":"S\u0103 \u00eenv\u0103\u0163\u0103m de la marele Aristotel cum s\u0103 ne ap\u0103r\u0103m de calomnii \u015fi vorbe r\u0103ut\u0103cioase - Secretele lui Lovendal","robots":{"index":"index","follow":"follow","max-snippet":"max-snippet:-1","max-image-preview":"max-image-preview:large","max-video-preview":"max-video-preview:-1"},"canonical":"https:\/\/www.lovendal.ro\/wp52\/sa-invatam-de-la-marele-aristotel-cum-sa-ne-aparam-de-calomnii-si-vorbe-rautacioase\/","og_locale":"ro_RO","og_type":"article","og_title":"S\u0103 \u00eenv\u0103\u0163\u0103m de la marele Aristotel cum s\u0103 ne ap\u0103r\u0103m de calomnii \u015fi vorbe r\u0103ut\u0103cioase","og_description":"Desigur, una este s\u0103 critici \u015fi alta s\u0103 calomniezi. Se pare c\u0103 nici Platon \u015fi nici Aristotel nu iubeau calomniile, dar cu toate astea au fost victimele lor. Un filosof \u015ftie \u00eens\u0103 cum s\u0103 reac\u0163ioneze: c\u00e2nd cineva i-a spus odat\u0103 ... Cititi mai multe","og_url":"https:\/\/www.lovendal.ro\/wp52\/sa-invatam-de-la-marele-aristotel-cum-sa-ne-aparam-de-calomnii-si-vorbe-rautacioase\/","og_site_name":"Secretele lui Lovendal","article_publisher":"https:\/\/www.facebook.com\/secreteleluilovendal","article_published_time":"2011-02-13T18:08:26+00:00","og_image":[{"width":471,"height":600,"url":"https:\/\/www.lovendal.ro\/wp52\/wp-content\/uploads\/2011\/02\/Aristotel7001.jpg","type":"image\/jpeg"}],"author":"admin","twitter_card":"summary_large_image","twitter_misc":{"Scris de":"admin","Timp estimat pentru citire":"1 minut"},"schema":{"@context":"https:\/\/schema.org","@graph":[{"@type":"Article","@id":"https:\/\/www.lovendal.ro\/wp52\/sa-invatam-de-la-marele-aristotel-cum-sa-ne-aparam-de-calomnii-si-vorbe-rautacioase\/#article","isPartOf":{"@id":"https:\/\/www.lovendal.ro\/wp52\/sa-invatam-de-la-marele-aristotel-cum-sa-ne-aparam-de-calomnii-si-vorbe-rautacioase\/"},"author":{"name":"admin","@id":"https:\/\/www.lovendal.ro\/wp52\/#\/schema\/person\/088691de5dfc346bb0c023e1e52ef5d9"},"headline":"S\u0103 \u00eenv\u0103\u0163\u0103m de la marele Aristotel cum s\u0103 ne ap\u0103r\u0103m de calomnii \u015fi vorbe r\u0103ut\u0103cioase","datePublished":"2011-02-13T18:08:26+00:00","mainEntityOfPage":{"@id":"https:\/\/www.lovendal.ro\/wp52\/sa-invatam-de-la-marele-aristotel-cum-sa-ne-aparam-de-calomnii-si-vorbe-rautacioase\/"},"wordCount":155,"commentCount":8,"publisher":{"@id":"https:\/\/www.lovendal.ro\/wp52\/#organization"},"image":{"@id":"https:\/\/www.lovendal.ro\/wp52\/sa-invatam-de-la-marele-aristotel-cum-sa-ne-aparam-de-calomnii-si-vorbe-rautacioase\/#primaryimage"},"thumbnailUrl":"https:\/\/www.lovendal.ro\/wp52\/wp-content\/uploads\/2011\/02\/Aristotel7001.jpg","keywords":["Aristotel","calomnie","critic\u0103","Cultura","filosofie"],"articleSection":["Cultura"],"inLanguage":"ro-RO","potentialAction":[{"@type":"CommentAction","name":"Comment","target":["https:\/\/www.lovendal.ro\/wp52\/sa-invatam-de-la-marele-aristotel-cum-sa-ne-aparam-de-calomnii-si-vorbe-rautacioase\/#respond"]}]},{"@type":"WebPage","@id":"https:\/\/www.lovendal.ro\/wp52\/sa-invatam-de-la-marele-aristotel-cum-sa-ne-aparam-de-calomnii-si-vorbe-rautacioase\/","url":"https:\/\/www.lovendal.ro\/wp52\/sa-invatam-de-la-marele-aristotel-cum-sa-ne-aparam-de-calomnii-si-vorbe-rautacioase\/","name":"S\u0103 \u00eenv\u0103\u0163\u0103m de la marele Aristotel cum s\u0103 ne ap\u0103r\u0103m de calomnii \u015fi vorbe r\u0103ut\u0103cioase - Secretele lui Lovendal","isPartOf":{"@id":"https:\/\/www.lovendal.ro\/wp52\/#website"},"primaryImageOfPage":{"@id":"https:\/\/www.lovendal.ro\/wp52\/sa-invatam-de-la-marele-aristotel-cum-sa-ne-aparam-de-calomnii-si-vorbe-rautacioase\/#primaryimage"},"image":{"@id":"https:\/\/www.lovendal.ro\/wp52\/sa-invatam-de-la-marele-aristotel-cum-sa-ne-aparam-de-calomnii-si-vorbe-rautacioase\/#primaryimage"},"thumbnailUrl":"https:\/\/www.lovendal.ro\/wp52\/wp-content\/uploads\/2011\/02\/Aristotel7001.jpg","datePublished":"2011-02-13T18:08:26+00:00","breadcrumb":{"@id":"https:\/\/www.lovendal.ro\/wp52\/sa-invatam-de-la-marele-aristotel-cum-sa-ne-aparam-de-calomnii-si-vorbe-rautacioase\/#breadcrumb"},"inLanguage":"ro-RO","potentialAction":[{"@type":"ReadAction","target":["https:\/\/www.lovendal.ro\/wp52\/sa-invatam-de-la-marele-aristotel-cum-sa-ne-aparam-de-calomnii-si-vorbe-rautacioase\/"]}]},{"@type":"ImageObject","inLanguage":"ro-RO","@id":"https:\/\/www.lovendal.ro\/wp52\/sa-invatam-de-la-marele-aristotel-cum-sa-ne-aparam-de-calomnii-si-vorbe-rautacioase\/#primaryimage","url":"https:\/\/www.lovendal.ro\/wp52\/wp-content\/uploads\/2011\/02\/Aristotel7001.jpg","contentUrl":"https:\/\/www.lovendal.ro\/wp52\/wp-content\/uploads\/2011\/02\/Aristotel7001.jpg","width":"471","height":"600"},{"@type":"BreadcrumbList","@id":"https:\/\/www.lovendal.ro\/wp52\/sa-invatam-de-la-marele-aristotel-cum-sa-ne-aparam-de-calomnii-si-vorbe-rautacioase\/#breadcrumb","itemListElement":[{"@type":"ListItem","position":1,"name":"Home","item":"https:\/\/www.lovendal.ro\/wp52\/"},{"@type":"ListItem","position":2,"name":"S\u0103 \u00eenv\u0103\u0163\u0103m de la marele Aristotel cum s\u0103 ne ap\u0103r\u0103m de calomnii \u015fi vorbe r\u0103ut\u0103cioase"}]},{"@type":"WebSite","@id":"https:\/\/www.lovendal.ro\/wp52\/#website","url":"https:\/\/www.lovendal.ro\/wp52\/","name":"Secretele lui Lovendal","description":"Site de secrete, stiinta si metafizica - din 2008 -","publisher":{"@id":"https:\/\/www.lovendal.ro\/wp52\/#organization"},"potentialAction":[{"@type":"SearchAction","target":{"@type":"EntryPoint","urlTemplate":"https:\/\/www.lovendal.ro\/wp52\/?s={search_term_string}"},"query-input":{"@type":"PropertyValueSpecification","valueRequired":true,"valueName":"search_term_string"}}],"inLanguage":"ro-RO"},{"@type":"Organization","@id":"https:\/\/www.lovendal.ro\/wp52\/#organization","name":"Secretele lui Lovendal","url":"https:\/\/www.lovendal.ro\/wp52\/","logo":{"@type":"ImageObject","inLanguage":"ro-RO","@id":"https:\/\/www.lovendal.ro\/wp52\/#\/schema\/logo\/image\/","url":"https:\/\/www.lovendal.ro\/wp52\/wp-content\/uploads\/2024\/06\/cropped-SLL-iun-2024-1.jpg","contentUrl":"https:\/\/www.lovendal.ro\/wp52\/wp-content\/uploads\/2024\/06\/cropped-SLL-iun-2024-1.jpg","width":771,"height":240,"caption":"Secretele lui Lovendal"},"image":{"@id":"https:\/\/www.lovendal.ro\/wp52\/#\/schema\/logo\/image\/"},"sameAs":["https:\/\/www.facebook.com\/secreteleluilovendal"]},{"@type":"Person","@id":"https:\/\/www.lovendal.ro\/wp52\/#\/schema\/person\/088691de5dfc346bb0c023e1e52ef5d9","name":"admin","image":{"@type":"ImageObject","inLanguage":"ro-RO","@id":"https:\/\/secure.gravatar.com\/avatar\/ecb9cd41f5f63c9c9b989999a59f6e2639a865ec361e9db054db0679a8f341c2?s=96&d=mm&r=g","url":"https:\/\/secure.gravatar.com\/avatar\/ecb9cd41f5f63c9c9b989999a59f6e2639a865ec361e9db054db0679a8f341c2?s=96&d=mm&r=g","contentUrl":"https:\/\/secure.gravatar.com\/avatar\/ecb9cd41f5f63c9c9b989999a59f6e2639a865ec361e9db054db0679a8f341c2?s=96&d=mm&r=g","caption":"admin"},"sameAs":["https:\/\/www.lovendal.ro\/wp52"]}]}},"_links":{"self":[{"href":"https:\/\/www.lovendal.ro\/wp52\/wp-json\/wp\/v2\/posts\/16992","targetHints":{"allow":["GET"]}}],"collection":[{"href":"https:\/\/www.lovendal.ro\/wp52\/wp-json\/wp\/v2\/posts"}],"about":[{"href":"https:\/\/www.lovendal.ro\/wp52\/wp-json\/wp\/v2\/types\/post"}],"author":[{"embeddable":true,"href":"https:\/\/www.lovendal.ro\/wp52\/wp-json\/wp\/v2\/users\/1"}],"replies":[{"embeddable":true,"href":"https:\/\/www.lovendal.ro\/wp52\/wp-json\/wp\/v2\/comments?post=16992"}],"version-history":[{"count":0,"href":"https:\/\/www.lovendal.ro\/wp52\/wp-json\/wp\/v2\/posts\/16992\/revisions"}],"wp:featuredmedia":[{"embeddable":true,"href":"https:\/\/www.lovendal.ro\/wp52\/wp-json\/wp\/v2\/media\/16993"}],"wp:attachment":[{"href":"https:\/\/www.lovendal.ro\/wp52\/wp-json\/wp\/v2\/media?parent=16992"}],"wp:term":[{"taxonomy":"category","embeddable":true,"href":"https:\/\/www.lovendal.ro\/wp52\/wp-json\/wp\/v2\/categories?post=16992"},{"taxonomy":"post_tag","embeddable":true,"href":"https:\/\/www.lovendal.ro\/wp52\/wp-json\/wp\/v2\/tags?post=16992"}],"curies":[{"name":"wp","href":"https:\/\/api.w.org\/{rel}","templated":true}]}}