{"id":16984,"date":"2011-02-12T21:30:30","date_gmt":"2011-02-12T19:30:30","guid":{"rendered":"http:\/\/www.lovendal.net\/wp52\/?p=16984"},"modified":"2011-02-12T21:30:30","modified_gmt":"2011-02-12T19:30:30","slug":"cum-a-participat-fantoma-vie-a-unui-politician-la-sedinta-parlamentului","status":"publish","type":"post","link":"https:\/\/www.lovendal.ro\/wp52\/cum-a-participat-fantoma-vie-a-unui-politician-la-sedinta-parlamentului\/","title":{"rendered":"Cum a participat &#8222;fantoma vie&#8221; a unui politician la \u015fedin\u0163a Parlamentului"},"content":{"rendered":"<p><a href=\"https:\/\/www.lovendal.ro\/wp52\/wp-content\/uploads\/2011\/02\/parlamentar.jpg\"><img loading=\"lazy\" decoding=\"async\" class=\"alignleft size-full wp-image-16985\" title=\"parlamentar\" src=\"https:\/\/www.lovendal.ro\/wp52\/wp-content\/uploads\/2011\/02\/parlamentar.jpg\" alt=\"\" width=\"284\" height=\"200\" \/><\/a>\u00cen primii ani ai secolului nostru, Sir Carne Rasche era un membru marcant al parlamentului britanic. Cu pu\u0163in timp \u00eenainte de vacan\u0163a de Pa\u015fti din 1905, Rasche se afla \u0163intuit la pat de o grip\u0103 rebel\u0103 contactat\u0103 pe fond de nevroz\u0103. Dorea foarte mult s\u0103 participe la o \u015fedin\u0163\u0103 important\u0103 a Camerei Comunelor, \u00eens\u0103 boala nu-i permitea acest lucru.<\/p>\n<p>Totu\u015fi, la \u015fedin\u0163a respectiv\u0103, colegii parlamentari i-au putut vedea &#8222;dublul&#8221; st\u00e2nd la locul s\u0103u obi\u015fnuit, cu o figur\u0103 aspr\u0103, rece \u015fi \u00eentunecat\u0103, dar cu aparen\u0163e foarte reale. C\u00e2nd unul din deputa\u0163i, Gilbert Parker, s-a apropiat inten\u0163ion\u00e2nd s\u0103-l salute, &#8222;dublul&#8221; a disp\u0103rut brusc.<\/p>\n<p>Dup\u0103 \u015fedin\u0163\u0103, acela\u015fi Parker, \u00eempreun\u0103 cu un alt deputat, l-a vizitat acas\u0103 pe Rasche pentru a-l felicita c\u0103 avusese t\u0103ria \u015fi curajul s\u0103 participe la \u015fedin\u0163\u0103, de\u015fi era bolnav. Spre uimirea lor, familia le-a spus c\u0103, \u00een mod cert, Sir Carne Rasche nu se clintise din patul pe care z\u0103cea bolnav.<\/p>\n","protected":false},"excerpt":{"rendered":"<p>\u00cen primii ani ai secolului nostru, Sir Carne Rasche era un membru marcant al parlamentului britanic. Cu pu\u0163in timp \u00eenainte de vacan\u0163a de Pa\u015fti din 1905, Rasche se afla \u0163intuit la pat de o grip\u0103 rebel\u0103 contactat\u0103 pe fond de &#8230; <\/p>\n<p class=\"read-more-container\"><a title=\"Cum a participat &#8222;fantoma vie&#8221; a unui politician la \u015fedin\u0163a Parlamentului\" class=\"read-more button\" href=\"https:\/\/www.lovendal.ro\/wp52\/cum-a-participat-fantoma-vie-a-unui-politician-la-sedinta-parlamentului\/#more-16984\" aria-label=\"Cite\u0219te mai multe despre Cum a participat &#8222;fantoma vie&#8221; a unui politician la \u015fedin\u0163a Parlamentului\">Cititi mai multe<\/a><\/p>\n","protected":false},"author":1,"featured_media":16985,"comment_status":"open","ping_status":"closed","sticky":false,"template":"","format":"standard","meta":{"footnotes":""},"categories":[14],"tags":[986,392,9796,1705,1381],"class_list":["post-16984","post","type-post","status-publish","format-standard","has-post-thumbnail","hentry","category-paranormal-spiritualitate","tag-dedublarea","tag-marea-britanie","tag-paranormal-spiritualitate","tag-parlament","tag-politician","resize-featured-image"],"yoast_head":"<!-- This site is optimized with the Yoast SEO Premium plugin v23.3 (Yoast SEO v27.4) - https:\/\/yoast.com\/product\/yoast-seo-premium-wordpress\/ -->\n<title>Cum a participat &quot;fantoma vie&quot; a unui politician la \u015fedin\u0163a Parlamentului - Secretele lui Lovendal<\/title>\n<meta name=\"robots\" content=\"index, follow, max-snippet:-1, max-image-preview:large, max-video-preview:-1\" \/>\n<link rel=\"canonical\" href=\"https:\/\/www.lovendal.ro\/wp52\/cum-a-participat-fantoma-vie-a-unui-politician-la-sedinta-parlamentului\/\" \/>\n<meta property=\"og:locale\" content=\"ro_RO\" \/>\n<meta property=\"og:type\" content=\"article\" \/>\n<meta property=\"og:title\" content=\"Cum a participat &quot;fantoma vie&quot; a unui politician la \u015fedin\u0163a Parlamentului\" \/>\n<meta property=\"og:description\" content=\"\u00cen primii ani ai secolului nostru, Sir Carne Rasche era un membru marcant al parlamentului britanic. Cu pu\u0163in timp \u00eenainte de vacan\u0163a de Pa\u015fti din 1905, Rasche se afla \u0163intuit la pat de o grip\u0103 rebel\u0103 contactat\u0103 pe fond de ... Cititi mai multe\" \/>\n<meta property=\"og:url\" content=\"https:\/\/www.lovendal.ro\/wp52\/cum-a-participat-fantoma-vie-a-unui-politician-la-sedinta-parlamentului\/\" \/>\n<meta property=\"og:site_name\" content=\"Secretele lui Lovendal\" \/>\n<meta property=\"article:publisher\" content=\"https:\/\/www.facebook.com\/secreteleluilovendal\" \/>\n<meta property=\"article:published_time\" content=\"2011-02-12T19:30:30+00:00\" \/>\n<meta property=\"og:image\" content=\"https:\/\/www.lovendal.ro\/wp52\/wp-content\/uploads\/2011\/02\/parlamentar.jpg\" \/>\n\t<meta property=\"og:image:width\" content=\"284\" \/>\n\t<meta property=\"og:image:height\" content=\"200\" \/>\n\t<meta property=\"og:image:type\" content=\"image\/jpeg\" \/>\n<meta name=\"author\" content=\"admin\" \/>\n<meta name=\"twitter:card\" content=\"summary_large_image\" \/>\n<meta name=\"twitter:label1\" content=\"Scris de\" \/>\n\t<meta name=\"twitter:data1\" content=\"admin\" \/>\n\t<meta name=\"twitter:label2\" content=\"Timp estimat pentru citire\" \/>\n\t<meta name=\"twitter:data2\" content=\"1 minut\" \/>\n<script type=\"application\/ld+json\" class=\"yoast-schema-graph\">{\"@context\":\"https:\\\/\\\/schema.org\",\"@graph\":[{\"@type\":\"Article\",\"@id\":\"https:\\\/\\\/www.lovendal.ro\\\/wp52\\\/cum-a-participat-fantoma-vie-a-unui-politician-la-sedinta-parlamentului\\\/#article\",\"isPartOf\":{\"@id\":\"https:\\\/\\\/www.lovendal.ro\\\/wp52\\\/cum-a-participat-fantoma-vie-a-unui-politician-la-sedinta-parlamentului\\\/\"},\"author\":{\"name\":\"admin\",\"@id\":\"https:\\\/\\\/www.lovendal.ro\\\/wp52\\\/#\\\/schema\\\/person\\\/088691de5dfc346bb0c023e1e52ef5d9\"},\"headline\":\"Cum a participat &#8222;fantoma vie&#8221; a unui politician la \u015fedin\u0163a Parlamentului\",\"datePublished\":\"2011-02-12T19:30:30+00:00\",\"mainEntityOfPage\":{\"@id\":\"https:\\\/\\\/www.lovendal.ro\\\/wp52\\\/cum-a-participat-fantoma-vie-a-unui-politician-la-sedinta-parlamentului\\\/\"},\"wordCount\":182,\"commentCount\":6,\"publisher\":{\"@id\":\"https:\\\/\\\/www.lovendal.ro\\\/wp52\\\/#organization\"},\"image\":{\"@id\":\"https:\\\/\\\/www.lovendal.ro\\\/wp52\\\/cum-a-participat-fantoma-vie-a-unui-politician-la-sedinta-parlamentului\\\/#primaryimage\"},\"thumbnailUrl\":\"https:\\\/\\\/www.lovendal.ro\\\/wp52\\\/wp-content\\\/uploads\\\/2011\\\/02\\\/parlamentar.jpg\",\"keywords\":[\"dedublarea\",\"Marea Britanie\",\"Paranormal-Spiritualitate\",\"parlament\",\"politician\"],\"articleSection\":[\"Paranormal-Spiritualitate\"],\"inLanguage\":\"ro-RO\",\"potentialAction\":[{\"@type\":\"CommentAction\",\"name\":\"Comment\",\"target\":[\"https:\\\/\\\/www.lovendal.ro\\\/wp52\\\/cum-a-participat-fantoma-vie-a-unui-politician-la-sedinta-parlamentului\\\/#respond\"]}]},{\"@type\":\"WebPage\",\"@id\":\"https:\\\/\\\/www.lovendal.ro\\\/wp52\\\/cum-a-participat-fantoma-vie-a-unui-politician-la-sedinta-parlamentului\\\/\",\"url\":\"https:\\\/\\\/www.lovendal.ro\\\/wp52\\\/cum-a-participat-fantoma-vie-a-unui-politician-la-sedinta-parlamentului\\\/\",\"name\":\"Cum a participat \\\"fantoma vie\\\" a unui politician la \u015fedin\u0163a Parlamentului - Secretele lui Lovendal\",\"isPartOf\":{\"@id\":\"https:\\\/\\\/www.lovendal.ro\\\/wp52\\\/#website\"},\"primaryImageOfPage\":{\"@id\":\"https:\\\/\\\/www.lovendal.ro\\\/wp52\\\/cum-a-participat-fantoma-vie-a-unui-politician-la-sedinta-parlamentului\\\/#primaryimage\"},\"image\":{\"@id\":\"https:\\\/\\\/www.lovendal.ro\\\/wp52\\\/cum-a-participat-fantoma-vie-a-unui-politician-la-sedinta-parlamentului\\\/#primaryimage\"},\"thumbnailUrl\":\"https:\\\/\\\/www.lovendal.ro\\\/wp52\\\/wp-content\\\/uploads\\\/2011\\\/02\\\/parlamentar.jpg\",\"datePublished\":\"2011-02-12T19:30:30+00:00\",\"breadcrumb\":{\"@id\":\"https:\\\/\\\/www.lovendal.ro\\\/wp52\\\/cum-a-participat-fantoma-vie-a-unui-politician-la-sedinta-parlamentului\\\/#breadcrumb\"},\"inLanguage\":\"ro-RO\",\"potentialAction\":[{\"@type\":\"ReadAction\",\"target\":[\"https:\\\/\\\/www.lovendal.ro\\\/wp52\\\/cum-a-participat-fantoma-vie-a-unui-politician-la-sedinta-parlamentului\\\/\"]}]},{\"@type\":\"ImageObject\",\"inLanguage\":\"ro-RO\",\"@id\":\"https:\\\/\\\/www.lovendal.ro\\\/wp52\\\/cum-a-participat-fantoma-vie-a-unui-politician-la-sedinta-parlamentului\\\/#primaryimage\",\"url\":\"https:\\\/\\\/www.lovendal.ro\\\/wp52\\\/wp-content\\\/uploads\\\/2011\\\/02\\\/parlamentar.jpg\",\"contentUrl\":\"https:\\\/\\\/www.lovendal.ro\\\/wp52\\\/wp-content\\\/uploads\\\/2011\\\/02\\\/parlamentar.jpg\",\"width\":\"284\",\"height\":\"200\"},{\"@type\":\"BreadcrumbList\",\"@id\":\"https:\\\/\\\/www.lovendal.ro\\\/wp52\\\/cum-a-participat-fantoma-vie-a-unui-politician-la-sedinta-parlamentului\\\/#breadcrumb\",\"itemListElement\":[{\"@type\":\"ListItem\",\"position\":1,\"name\":\"Home\",\"item\":\"https:\\\/\\\/www.lovendal.ro\\\/wp52\\\/\"},{\"@type\":\"ListItem\",\"position\":2,\"name\":\"Cum a participat &#8222;fantoma vie&#8221; a unui politician la \u015fedin\u0163a Parlamentului\"}]},{\"@type\":\"WebSite\",\"@id\":\"https:\\\/\\\/www.lovendal.ro\\\/wp52\\\/#website\",\"url\":\"https:\\\/\\\/www.lovendal.ro\\\/wp52\\\/\",\"name\":\"Secretele lui Lovendal\",\"description\":\"Site de secrete, stiinta si metafizica - din 2008 -\",\"publisher\":{\"@id\":\"https:\\\/\\\/www.lovendal.ro\\\/wp52\\\/#organization\"},\"potentialAction\":[{\"@type\":\"SearchAction\",\"target\":{\"@type\":\"EntryPoint\",\"urlTemplate\":\"https:\\\/\\\/www.lovendal.ro\\\/wp52\\\/?s={search_term_string}\"},\"query-input\":{\"@type\":\"PropertyValueSpecification\",\"valueRequired\":true,\"valueName\":\"search_term_string\"}}],\"inLanguage\":\"ro-RO\"},{\"@type\":\"Organization\",\"@id\":\"https:\\\/\\\/www.lovendal.ro\\\/wp52\\\/#organization\",\"name\":\"Secretele lui Lovendal\",\"url\":\"https:\\\/\\\/www.lovendal.ro\\\/wp52\\\/\",\"logo\":{\"@type\":\"ImageObject\",\"inLanguage\":\"ro-RO\",\"@id\":\"https:\\\/\\\/www.lovendal.ro\\\/wp52\\\/#\\\/schema\\\/logo\\\/image\\\/\",\"url\":\"https:\\\/\\\/www.lovendal.ro\\\/wp52\\\/wp-content\\\/uploads\\\/2024\\\/06\\\/cropped-SLL-iun-2024-1.jpg\",\"contentUrl\":\"https:\\\/\\\/www.lovendal.ro\\\/wp52\\\/wp-content\\\/uploads\\\/2024\\\/06\\\/cropped-SLL-iun-2024-1.jpg\",\"width\":771,\"height\":240,\"caption\":\"Secretele lui Lovendal\"},\"image\":{\"@id\":\"https:\\\/\\\/www.lovendal.ro\\\/wp52\\\/#\\\/schema\\\/logo\\\/image\\\/\"},\"sameAs\":[\"https:\\\/\\\/www.facebook.com\\\/secreteleluilovendal\"]},{\"@type\":\"Person\",\"@id\":\"https:\\\/\\\/www.lovendal.ro\\\/wp52\\\/#\\\/schema\\\/person\\\/088691de5dfc346bb0c023e1e52ef5d9\",\"name\":\"admin\",\"image\":{\"@type\":\"ImageObject\",\"inLanguage\":\"ro-RO\",\"@id\":\"https:\\\/\\\/secure.gravatar.com\\\/avatar\\\/ecb9cd41f5f63c9c9b989999a59f6e2639a865ec361e9db054db0679a8f341c2?s=96&d=mm&r=g\",\"url\":\"https:\\\/\\\/secure.gravatar.com\\\/avatar\\\/ecb9cd41f5f63c9c9b989999a59f6e2639a865ec361e9db054db0679a8f341c2?s=96&d=mm&r=g\",\"contentUrl\":\"https:\\\/\\\/secure.gravatar.com\\\/avatar\\\/ecb9cd41f5f63c9c9b989999a59f6e2639a865ec361e9db054db0679a8f341c2?s=96&d=mm&r=g\",\"caption\":\"admin\"},\"sameAs\":[\"https:\\\/\\\/www.lovendal.ro\\\/wp52\"]}]}<\/script>\n<!-- \/ Yoast SEO Premium plugin. -->","yoast_head_json":{"title":"Cum a participat \"fantoma vie\" a unui politician la \u015fedin\u0163a Parlamentului - Secretele lui Lovendal","robots":{"index":"index","follow":"follow","max-snippet":"max-snippet:-1","max-image-preview":"max-image-preview:large","max-video-preview":"max-video-preview:-1"},"canonical":"https:\/\/www.lovendal.ro\/wp52\/cum-a-participat-fantoma-vie-a-unui-politician-la-sedinta-parlamentului\/","og_locale":"ro_RO","og_type":"article","og_title":"Cum a participat \"fantoma vie\" a unui politician la \u015fedin\u0163a Parlamentului","og_description":"\u00cen primii ani ai secolului nostru, Sir Carne Rasche era un membru marcant al parlamentului britanic. Cu pu\u0163in timp \u00eenainte de vacan\u0163a de Pa\u015fti din 1905, Rasche se afla \u0163intuit la pat de o grip\u0103 rebel\u0103 contactat\u0103 pe fond de ... Cititi mai multe","og_url":"https:\/\/www.lovendal.ro\/wp52\/cum-a-participat-fantoma-vie-a-unui-politician-la-sedinta-parlamentului\/","og_site_name":"Secretele lui Lovendal","article_publisher":"https:\/\/www.facebook.com\/secreteleluilovendal","article_published_time":"2011-02-12T19:30:30+00:00","og_image":[{"width":284,"height":200,"url":"https:\/\/www.lovendal.ro\/wp52\/wp-content\/uploads\/2011\/02\/parlamentar.jpg","type":"image\/jpeg"}],"author":"admin","twitter_card":"summary_large_image","twitter_misc":{"Scris de":"admin","Timp estimat pentru citire":"1 minut"},"schema":{"@context":"https:\/\/schema.org","@graph":[{"@type":"Article","@id":"https:\/\/www.lovendal.ro\/wp52\/cum-a-participat-fantoma-vie-a-unui-politician-la-sedinta-parlamentului\/#article","isPartOf":{"@id":"https:\/\/www.lovendal.ro\/wp52\/cum-a-participat-fantoma-vie-a-unui-politician-la-sedinta-parlamentului\/"},"author":{"name":"admin","@id":"https:\/\/www.lovendal.ro\/wp52\/#\/schema\/person\/088691de5dfc346bb0c023e1e52ef5d9"},"headline":"Cum a participat &#8222;fantoma vie&#8221; a unui politician la \u015fedin\u0163a Parlamentului","datePublished":"2011-02-12T19:30:30+00:00","mainEntityOfPage":{"@id":"https:\/\/www.lovendal.ro\/wp52\/cum-a-participat-fantoma-vie-a-unui-politician-la-sedinta-parlamentului\/"},"wordCount":182,"commentCount":6,"publisher":{"@id":"https:\/\/www.lovendal.ro\/wp52\/#organization"},"image":{"@id":"https:\/\/www.lovendal.ro\/wp52\/cum-a-participat-fantoma-vie-a-unui-politician-la-sedinta-parlamentului\/#primaryimage"},"thumbnailUrl":"https:\/\/www.lovendal.ro\/wp52\/wp-content\/uploads\/2011\/02\/parlamentar.jpg","keywords":["dedublarea","Marea Britanie","Paranormal-Spiritualitate","parlament","politician"],"articleSection":["Paranormal-Spiritualitate"],"inLanguage":"ro-RO","potentialAction":[{"@type":"CommentAction","name":"Comment","target":["https:\/\/www.lovendal.ro\/wp52\/cum-a-participat-fantoma-vie-a-unui-politician-la-sedinta-parlamentului\/#respond"]}]},{"@type":"WebPage","@id":"https:\/\/www.lovendal.ro\/wp52\/cum-a-participat-fantoma-vie-a-unui-politician-la-sedinta-parlamentului\/","url":"https:\/\/www.lovendal.ro\/wp52\/cum-a-participat-fantoma-vie-a-unui-politician-la-sedinta-parlamentului\/","name":"Cum a participat \"fantoma vie\" a unui politician la \u015fedin\u0163a Parlamentului - Secretele lui Lovendal","isPartOf":{"@id":"https:\/\/www.lovendal.ro\/wp52\/#website"},"primaryImageOfPage":{"@id":"https:\/\/www.lovendal.ro\/wp52\/cum-a-participat-fantoma-vie-a-unui-politician-la-sedinta-parlamentului\/#primaryimage"},"image":{"@id":"https:\/\/www.lovendal.ro\/wp52\/cum-a-participat-fantoma-vie-a-unui-politician-la-sedinta-parlamentului\/#primaryimage"},"thumbnailUrl":"https:\/\/www.lovendal.ro\/wp52\/wp-content\/uploads\/2011\/02\/parlamentar.jpg","datePublished":"2011-02-12T19:30:30+00:00","breadcrumb":{"@id":"https:\/\/www.lovendal.ro\/wp52\/cum-a-participat-fantoma-vie-a-unui-politician-la-sedinta-parlamentului\/#breadcrumb"},"inLanguage":"ro-RO","potentialAction":[{"@type":"ReadAction","target":["https:\/\/www.lovendal.ro\/wp52\/cum-a-participat-fantoma-vie-a-unui-politician-la-sedinta-parlamentului\/"]}]},{"@type":"ImageObject","inLanguage":"ro-RO","@id":"https:\/\/www.lovendal.ro\/wp52\/cum-a-participat-fantoma-vie-a-unui-politician-la-sedinta-parlamentului\/#primaryimage","url":"https:\/\/www.lovendal.ro\/wp52\/wp-content\/uploads\/2011\/02\/parlamentar.jpg","contentUrl":"https:\/\/www.lovendal.ro\/wp52\/wp-content\/uploads\/2011\/02\/parlamentar.jpg","width":"284","height":"200"},{"@type":"BreadcrumbList","@id":"https:\/\/www.lovendal.ro\/wp52\/cum-a-participat-fantoma-vie-a-unui-politician-la-sedinta-parlamentului\/#breadcrumb","itemListElement":[{"@type":"ListItem","position":1,"name":"Home","item":"https:\/\/www.lovendal.ro\/wp52\/"},{"@type":"ListItem","position":2,"name":"Cum a participat &#8222;fantoma vie&#8221; a unui politician la \u015fedin\u0163a Parlamentului"}]},{"@type":"WebSite","@id":"https:\/\/www.lovendal.ro\/wp52\/#website","url":"https:\/\/www.lovendal.ro\/wp52\/","name":"Secretele lui Lovendal","description":"Site de secrete, stiinta si metafizica - din 2008 -","publisher":{"@id":"https:\/\/www.lovendal.ro\/wp52\/#organization"},"potentialAction":[{"@type":"SearchAction","target":{"@type":"EntryPoint","urlTemplate":"https:\/\/www.lovendal.ro\/wp52\/?s={search_term_string}"},"query-input":{"@type":"PropertyValueSpecification","valueRequired":true,"valueName":"search_term_string"}}],"inLanguage":"ro-RO"},{"@type":"Organization","@id":"https:\/\/www.lovendal.ro\/wp52\/#organization","name":"Secretele lui Lovendal","url":"https:\/\/www.lovendal.ro\/wp52\/","logo":{"@type":"ImageObject","inLanguage":"ro-RO","@id":"https:\/\/www.lovendal.ro\/wp52\/#\/schema\/logo\/image\/","url":"https:\/\/www.lovendal.ro\/wp52\/wp-content\/uploads\/2024\/06\/cropped-SLL-iun-2024-1.jpg","contentUrl":"https:\/\/www.lovendal.ro\/wp52\/wp-content\/uploads\/2024\/06\/cropped-SLL-iun-2024-1.jpg","width":771,"height":240,"caption":"Secretele lui Lovendal"},"image":{"@id":"https:\/\/www.lovendal.ro\/wp52\/#\/schema\/logo\/image\/"},"sameAs":["https:\/\/www.facebook.com\/secreteleluilovendal"]},{"@type":"Person","@id":"https:\/\/www.lovendal.ro\/wp52\/#\/schema\/person\/088691de5dfc346bb0c023e1e52ef5d9","name":"admin","image":{"@type":"ImageObject","inLanguage":"ro-RO","@id":"https:\/\/secure.gravatar.com\/avatar\/ecb9cd41f5f63c9c9b989999a59f6e2639a865ec361e9db054db0679a8f341c2?s=96&d=mm&r=g","url":"https:\/\/secure.gravatar.com\/avatar\/ecb9cd41f5f63c9c9b989999a59f6e2639a865ec361e9db054db0679a8f341c2?s=96&d=mm&r=g","contentUrl":"https:\/\/secure.gravatar.com\/avatar\/ecb9cd41f5f63c9c9b989999a59f6e2639a865ec361e9db054db0679a8f341c2?s=96&d=mm&r=g","caption":"admin"},"sameAs":["https:\/\/www.lovendal.ro\/wp52"]}]}},"_links":{"self":[{"href":"https:\/\/www.lovendal.ro\/wp52\/wp-json\/wp\/v2\/posts\/16984","targetHints":{"allow":["GET"]}}],"collection":[{"href":"https:\/\/www.lovendal.ro\/wp52\/wp-json\/wp\/v2\/posts"}],"about":[{"href":"https:\/\/www.lovendal.ro\/wp52\/wp-json\/wp\/v2\/types\/post"}],"author":[{"embeddable":true,"href":"https:\/\/www.lovendal.ro\/wp52\/wp-json\/wp\/v2\/users\/1"}],"replies":[{"embeddable":true,"href":"https:\/\/www.lovendal.ro\/wp52\/wp-json\/wp\/v2\/comments?post=16984"}],"version-history":[{"count":0,"href":"https:\/\/www.lovendal.ro\/wp52\/wp-json\/wp\/v2\/posts\/16984\/revisions"}],"wp:featuredmedia":[{"embeddable":true,"href":"https:\/\/www.lovendal.ro\/wp52\/wp-json\/wp\/v2\/media\/16985"}],"wp:attachment":[{"href":"https:\/\/www.lovendal.ro\/wp52\/wp-json\/wp\/v2\/media?parent=16984"}],"wp:term":[{"taxonomy":"category","embeddable":true,"href":"https:\/\/www.lovendal.ro\/wp52\/wp-json\/wp\/v2\/categories?post=16984"},{"taxonomy":"post_tag","embeddable":true,"href":"https:\/\/www.lovendal.ro\/wp52\/wp-json\/wp\/v2\/tags?post=16984"}],"curies":[{"name":"wp","href":"https:\/\/api.w.org\/{rel}","templated":true}]}}