{"id":16947,"date":"2011-02-10T20:00:17","date_gmt":"2011-02-10T18:00:17","guid":{"rendered":"http:\/\/www.lovendal.net\/wp52\/?p=16947"},"modified":"2011-02-10T20:00:17","modified_gmt":"2011-02-10T18:00:17","slug":"nasa-nu-vrea-sa-recunoasca-aparitia-unui-gigant-ozn-langa-o-nava-spatiala-pamanteana-intr-o-fotografie-a-soarelui","status":"publish","type":"post","link":"https:\/\/www.lovendal.ro\/wp52\/nasa-nu-vrea-sa-recunoasca-aparitia-unui-gigant-ozn-langa-o-nava-spatiala-pamanteana-intr-o-fotografie-a-soarelui\/","title":{"rendered":"NASA nu vrea s\u0103 recunoasc\u0103 apari\u0163ia unui gigant OZN l\u00e2ng\u0103 o nav\u0103 spa\u0163ial\u0103 p\u0103m\u00e2ntean\u0103, \u00eentr-o fotografie a Soarelui"},"content":{"rendered":"<p><a class=\"highslide\" onclick=\"return vz.expand(this)\" href=\"https:\/\/www.lovendal.ro\/wp52\/wp-content\/uploads\/2011\/02\/SSI.jpg\"><img loading=\"lazy\" decoding=\"async\" class=\"alignleft size-full wp-image-16951\" title=\"SSI\" src=\"https:\/\/www.lovendal.ro\/wp52\/wp-content\/uploads\/2011\/02\/SSI.jpg\" alt=\"\" width=\"289\" height=\"172\" srcset=\"https:\/\/www.lovendal.ro\/wp52\/wp-content\/uploads\/2011\/02\/SSI.jpg 401w, https:\/\/www.lovendal.ro\/wp52\/wp-content\/uploads\/2011\/02\/SSI-300x178.jpg 300w\" sizes=\"auto, (max-width: 289px) 100vw, 289px\" \/><\/a>Unii dintre voi v\u0103 mai aduce\u0163i aminte de imaginea din st\u00e2nga articolului? Ea a ap\u0103rut pentru prima dat\u0103 anul trecut (\u00een 2010) \u015fi ea a f\u0103cut ravagii printre citorii de Internet. Cei mai mul\u0163i \u015fi-au dat cu p\u0103rerea c\u0103 ciudata apari\u0163ie poate fi identificat\u0103 ca fiind Sta\u0163ia Spa\u0163ial\u0103 Interna\u0163ional\u0103 ce graviteaz\u0103 Soarele, iar al\u0163ii au pulsat \u015fi mai mult afirm\u00e2nd c\u0103 nu este altceva dec\u00e2t un gigant OZN \u00een jurul coroanei Soarelui. NASA a negat toate specula\u0163iile, spun\u00e2nd c\u0103 apari\u0163ia este doar un &#8222;artefact de compresie&#8221;, adic\u0103 lovirea detectorului CCD (care preia imaginile cosmice) de c\u0103tre o particul\u0103 (raz\u0103 cosmic\u0103 sau particul\u0103 energetic\u0103 \u00eenc\u0103rcat\u0103).<\/p>\n<p>OK, o fi artefact de compresie. Dar cum de naiba se \u00eent\u00e2mpl\u0103 c\u0103 exact aceea\u015fi &#8222;form\u0103-eroare&#8221; apare \u015fi \u00een alte imagini cosmice? Da\u0163i click pe prima imagine de la \u00eenceputul articolului \u015fi uita\u0163i-v\u0103 la forma artefactului. Apoi, haide\u0163i s\u0103 ne uit\u0103m \u00eempreun\u0103 la imaginile de mai jos:<\/p>\n<p><strong>1) 7 martie 2010: Sta\u0163ia Spa\u0163ial\u0103 Interna\u0163ional\u0103 tranziteaz\u0103 Soarele<\/strong><\/p>\n<figure id=\"attachment_16949\" aria-describedby=\"caption-attachment-16949\" style=\"width: 502px\" class=\"wp-caption aligncenter\"><a class=\"highslide\" onclick=\"return vz.expand(this)\" href=\"https:\/\/www.lovendal.ro\/wp52\/wp-content\/uploads\/2011\/02\/SSI-1.jpg\"><img loading=\"lazy\" decoding=\"async\" class=\"size-full wp-image-16949\" title=\"SSI 1\" src=\"https:\/\/www.lovendal.ro\/wp52\/wp-content\/uploads\/2011\/02\/SSI-1.jpg\" alt=\"\" width=\"512\" height=\"319\" srcset=\"https:\/\/www.lovendal.ro\/wp52\/wp-content\/uploads\/2011\/02\/SSI-1.jpg 1440w, https:\/\/www.lovendal.ro\/wp52\/wp-content\/uploads\/2011\/02\/SSI-1-300x187.jpg 300w, https:\/\/www.lovendal.ro\/wp52\/wp-content\/uploads\/2011\/02\/SSI-1-1024x640.jpg 1024w\" sizes=\"auto, (max-width: 512px) 100vw, 512px\" \/><\/a><figcaption id=\"caption-attachment-16949\" class=\"wp-caption-text\">Apasati pe imagine pentru MARIRE<\/figcaption><\/figure>\n<p><strong>2) 13 iulie 2008:<\/strong> <strong>Sta\u0163ia Spa\u0163ial\u0103 Interna\u0163ional\u0103 tranziteaz\u0103 Luna<br \/>\n<\/strong><\/p>\n<figure id=\"attachment_16950\" aria-describedby=\"caption-attachment-16950\" style=\"width: 502px\" class=\"wp-caption aligncenter\"><strong><strong><a class=\"highslide\" onclick=\"return vz.expand(this)\" href=\"https:\/\/www.lovendal.ro\/wp52\/wp-content\/uploads\/2011\/02\/SSI-2.jpg\"><img loading=\"lazy\" decoding=\"async\" class=\"size-full wp-image-16950\" title=\"SSI 2\" src=\"https:\/\/www.lovendal.ro\/wp52\/wp-content\/uploads\/2011\/02\/SSI-2.jpg\" alt=\"\" width=\"512\" height=\"340\" srcset=\"https:\/\/www.lovendal.ro\/wp52\/wp-content\/uploads\/2011\/02\/SSI-2.jpg 1600w, https:\/\/www.lovendal.ro\/wp52\/wp-content\/uploads\/2011\/02\/SSI-2-300x200.jpg 300w, https:\/\/www.lovendal.ro\/wp52\/wp-content\/uploads\/2011\/02\/SSI-2-1024x682.jpg 1024w\" sizes=\"auto, (max-width: 512px) 100vw, 512px\" \/><\/a><\/strong><\/strong><figcaption id=\"caption-attachment-16950\" class=\"wp-caption-text\">Apasati pe imagine pentru MARIRE<\/figcaption><\/figure>\n<p>Precum se observ\u0103, forma Sta\u0163iei Spa\u0163iale Interna\u0163ionale din prima imagine se potrive\u015fte perfect cu forma din pozele 2 \u015fi 3. Aici, vine prima \u00eentrebare: dac\u0103 obiectul ciudat din prima poz\u0103 NASA este Sta\u0163ia Spa\u0163ial\u0103 Interna\u0163ional\u0103, de ce atunci NASA nu a recunoscut acest lucru, spun\u00e2nd c\u0103 este doar o eroare de fotografie?<\/p>\n<p>Alt\u0103 chestiune \u015fi mai bizar\u0103 pe care vreau s-o scot \u00een eviden\u0163\u0103 e urm\u0103toarea: \u00een imaginea original\u0103 NASA, \u00een afar\u0103 de Sta\u0163ia Spa\u0163ial\u0103 Interna\u0163ional\u0103 (care e evident\u0103, \u015fi care se afl\u0103 \u00een dreapta sus a imaginii) mai apare \u015fi un alt obiect ciudat, situat \u00een centrul de sus al imaginii, \u015fi care a fost marcat cu un cercule\u0163:<\/p>\n<figure id=\"attachment_16953\" aria-describedby=\"caption-attachment-16953\" style=\"width: 502px\" class=\"wp-caption aligncenter\"><a class=\"highslide\" onclick=\"return vz.expand(this)\" href=\"https:\/\/www.lovendal.ro\/wp52\/wp-content\/uploads\/2011\/02\/Coroana-Soarelui1.jpg\"><img loading=\"lazy\" decoding=\"async\" class=\"size-full wp-image-16953\" title=\"Coroana Soarelui\" src=\"https:\/\/www.lovendal.ro\/wp52\/wp-content\/uploads\/2011\/02\/Coroana-Soarelui1.jpg\" alt=\"\" width=\"512\" height=\"214\" srcset=\"https:\/\/www.lovendal.ro\/wp52\/wp-content\/uploads\/2011\/02\/Coroana-Soarelui1.jpg 640w, https:\/\/www.lovendal.ro\/wp52\/wp-content\/uploads\/2011\/02\/Coroana-Soarelui1-300x125.jpg 300w\" sizes=\"auto, (max-width: 512px) 100vw, 512px\" \/><\/a><figcaption id=\"caption-attachment-16953\" class=\"wp-caption-text\">Apasati aici pentru MARIRE<\/figcaption><\/figure>\n<p>\u0102la o fi cu adev\u0103rat un OZN? NASA&#8230;de ce ne iei pe to\u0163i de pro\u015fti?<\/p>\n","protected":false},"excerpt":{"rendered":"<p>Unii dintre voi v\u0103 mai aduce\u0163i aminte de imaginea din st\u00e2nga articolului? Ea a ap\u0103rut pentru prima dat\u0103 anul trecut (\u00een 2010) \u015fi ea a f\u0103cut ravagii printre citorii de Internet. Cei mai mul\u0163i \u015fi-au dat cu p\u0103rerea c\u0103 ciudata &#8230; <\/p>\n<p class=\"read-more-container\"><a title=\"NASA nu vrea s\u0103 recunoasc\u0103 apari\u0163ia unui gigant OZN l\u00e2ng\u0103 o nav\u0103 spa\u0163ial\u0103 p\u0103m\u00e2ntean\u0103, \u00eentr-o fotografie a Soarelui\" class=\"read-more button\" href=\"https:\/\/www.lovendal.ro\/wp52\/nasa-nu-vrea-sa-recunoasca-aparitia-unui-gigant-ozn-langa-o-nava-spatiala-pamanteana-intr-o-fotografie-a-soarelui\/#more-16947\" aria-label=\"Cite\u0219te mai multe despre NASA nu vrea s\u0103 recunoasc\u0103 apari\u0163ia unui gigant OZN l\u00e2ng\u0103 o nav\u0103 spa\u0163ial\u0103 p\u0103m\u00e2ntean\u0103, \u00eentr-o fotografie a Soarelui\">Cititi mai multe<\/a><\/p>\n","protected":false},"author":1,"featured_media":16949,"comment_status":"open","ping_status":"closed","sticky":false,"template":"","format":"standard","meta":{"footnotes":""},"categories":[14],"tags":[15,150,1324,50,9796,865],"class_list":["post-16947","post","type-post","status-publish","format-standard","has-post-thumbnail","hentry","category-paranormal-spiritualitate","tag-fotografie","tag-nasa","tag-nava-spatiala","tag-ozn","tag-paranormal-spiritualitate","tag-soare","resize-featured-image"],"yoast_head":"<!-- This site is optimized with the Yoast SEO Premium plugin v23.3 (Yoast SEO v27.4) - https:\/\/yoast.com\/product\/yoast-seo-premium-wordpress\/ -->\n<title>NASA nu vrea s\u0103 recunoasc\u0103 apari\u0163ia unui gigant OZN l\u00e2ng\u0103 o nav\u0103 spa\u0163ial\u0103 p\u0103m\u00e2ntean\u0103, \u00eentr-o fotografie a Soarelui - Secretele lui Lovendal<\/title>\n<meta name=\"robots\" content=\"index, follow, max-snippet:-1, max-image-preview:large, max-video-preview:-1\" \/>\n<link rel=\"canonical\" href=\"https:\/\/www.lovendal.ro\/wp52\/nasa-nu-vrea-sa-recunoasca-aparitia-unui-gigant-ozn-langa-o-nava-spatiala-pamanteana-intr-o-fotografie-a-soarelui\/\" \/>\n<meta property=\"og:locale\" content=\"ro_RO\" \/>\n<meta property=\"og:type\" content=\"article\" \/>\n<meta property=\"og:title\" content=\"NASA nu vrea s\u0103 recunoasc\u0103 apari\u0163ia unui gigant OZN l\u00e2ng\u0103 o nav\u0103 spa\u0163ial\u0103 p\u0103m\u00e2ntean\u0103, \u00eentr-o fotografie a Soarelui\" \/>\n<meta property=\"og:description\" content=\"Unii dintre voi v\u0103 mai aduce\u0163i aminte de imaginea din st\u00e2nga articolului? Ea a ap\u0103rut pentru prima dat\u0103 anul trecut (\u00een 2010) \u015fi ea a f\u0103cut ravagii printre citorii de Internet. Cei mai mul\u0163i \u015fi-au dat cu p\u0103rerea c\u0103 ciudata ... Cititi mai multe\" \/>\n<meta property=\"og:url\" content=\"https:\/\/www.lovendal.ro\/wp52\/nasa-nu-vrea-sa-recunoasca-aparitia-unui-gigant-ozn-langa-o-nava-spatiala-pamanteana-intr-o-fotografie-a-soarelui\/\" \/>\n<meta property=\"og:site_name\" content=\"Secretele lui Lovendal\" \/>\n<meta property=\"article:publisher\" content=\"https:\/\/www.facebook.com\/secreteleluilovendal\" \/>\n<meta property=\"article:published_time\" content=\"2011-02-10T18:00:17+00:00\" \/>\n<meta property=\"og:image\" content=\"https:\/\/www.lovendal.ro\/wp52\/wp-content\/uploads\/2011\/02\/SSI-1.jpg\" \/>\n\t<meta property=\"og:image:width\" content=\"1440\" \/>\n\t<meta property=\"og:image:height\" content=\"900\" \/>\n\t<meta property=\"og:image:type\" content=\"image\/jpeg\" \/>\n<meta name=\"author\" content=\"admin\" \/>\n<meta name=\"twitter:card\" content=\"summary_large_image\" \/>\n<meta name=\"twitter:label1\" content=\"Scris de\" \/>\n\t<meta name=\"twitter:data1\" content=\"admin\" \/>\n\t<meta name=\"twitter:label2\" content=\"Timp estimat pentru citire\" \/>\n\t<meta name=\"twitter:data2\" content=\"2 minute\" \/>\n<script type=\"application\/ld+json\" class=\"yoast-schema-graph\">{\"@context\":\"https:\\\/\\\/schema.org\",\"@graph\":[{\"@type\":\"Article\",\"@id\":\"https:\\\/\\\/www.lovendal.ro\\\/wp52\\\/nasa-nu-vrea-sa-recunoasca-aparitia-unui-gigant-ozn-langa-o-nava-spatiala-pamanteana-intr-o-fotografie-a-soarelui\\\/#article\",\"isPartOf\":{\"@id\":\"https:\\\/\\\/www.lovendal.ro\\\/wp52\\\/nasa-nu-vrea-sa-recunoasca-aparitia-unui-gigant-ozn-langa-o-nava-spatiala-pamanteana-intr-o-fotografie-a-soarelui\\\/\"},\"author\":{\"name\":\"admin\",\"@id\":\"https:\\\/\\\/www.lovendal.ro\\\/wp52\\\/#\\\/schema\\\/person\\\/088691de5dfc346bb0c023e1e52ef5d9\"},\"headline\":\"NASA nu vrea s\u0103 recunoasc\u0103 apari\u0163ia unui gigant OZN l\u00e2ng\u0103 o nav\u0103 spa\u0163ial\u0103 p\u0103m\u00e2ntean\u0103, \u00eentr-o fotografie a Soarelui\",\"datePublished\":\"2011-02-10T18:00:17+00:00\",\"mainEntityOfPage\":{\"@id\":\"https:\\\/\\\/www.lovendal.ro\\\/wp52\\\/nasa-nu-vrea-sa-recunoasca-aparitia-unui-gigant-ozn-langa-o-nava-spatiala-pamanteana-intr-o-fotografie-a-soarelui\\\/\"},\"wordCount\":393,\"commentCount\":18,\"publisher\":{\"@id\":\"https:\\\/\\\/www.lovendal.ro\\\/wp52\\\/#organization\"},\"image\":{\"@id\":\"https:\\\/\\\/www.lovendal.ro\\\/wp52\\\/nasa-nu-vrea-sa-recunoasca-aparitia-unui-gigant-ozn-langa-o-nava-spatiala-pamanteana-intr-o-fotografie-a-soarelui\\\/#primaryimage\"},\"thumbnailUrl\":\"https:\\\/\\\/www.lovendal.ro\\\/wp52\\\/wp-content\\\/uploads\\\/2011\\\/02\\\/SSI-1.jpg\",\"keywords\":[\"fotografie\",\"NASA\",\"nav\u0103 spa\u0163ial\u0103\",\"OZN\",\"Paranormal-Spiritualitate\",\"Soare\"],\"articleSection\":[\"Paranormal-Spiritualitate\"],\"inLanguage\":\"ro-RO\",\"potentialAction\":[{\"@type\":\"CommentAction\",\"name\":\"Comment\",\"target\":[\"https:\\\/\\\/www.lovendal.ro\\\/wp52\\\/nasa-nu-vrea-sa-recunoasca-aparitia-unui-gigant-ozn-langa-o-nava-spatiala-pamanteana-intr-o-fotografie-a-soarelui\\\/#respond\"]}]},{\"@type\":\"WebPage\",\"@id\":\"https:\\\/\\\/www.lovendal.ro\\\/wp52\\\/nasa-nu-vrea-sa-recunoasca-aparitia-unui-gigant-ozn-langa-o-nava-spatiala-pamanteana-intr-o-fotografie-a-soarelui\\\/\",\"url\":\"https:\\\/\\\/www.lovendal.ro\\\/wp52\\\/nasa-nu-vrea-sa-recunoasca-aparitia-unui-gigant-ozn-langa-o-nava-spatiala-pamanteana-intr-o-fotografie-a-soarelui\\\/\",\"name\":\"NASA nu vrea s\u0103 recunoasc\u0103 apari\u0163ia unui gigant OZN l\u00e2ng\u0103 o nav\u0103 spa\u0163ial\u0103 p\u0103m\u00e2ntean\u0103, \u00eentr-o fotografie a Soarelui - Secretele lui Lovendal\",\"isPartOf\":{\"@id\":\"https:\\\/\\\/www.lovendal.ro\\\/wp52\\\/#website\"},\"primaryImageOfPage\":{\"@id\":\"https:\\\/\\\/www.lovendal.ro\\\/wp52\\\/nasa-nu-vrea-sa-recunoasca-aparitia-unui-gigant-ozn-langa-o-nava-spatiala-pamanteana-intr-o-fotografie-a-soarelui\\\/#primaryimage\"},\"image\":{\"@id\":\"https:\\\/\\\/www.lovendal.ro\\\/wp52\\\/nasa-nu-vrea-sa-recunoasca-aparitia-unui-gigant-ozn-langa-o-nava-spatiala-pamanteana-intr-o-fotografie-a-soarelui\\\/#primaryimage\"},\"thumbnailUrl\":\"https:\\\/\\\/www.lovendal.ro\\\/wp52\\\/wp-content\\\/uploads\\\/2011\\\/02\\\/SSI-1.jpg\",\"datePublished\":\"2011-02-10T18:00:17+00:00\",\"breadcrumb\":{\"@id\":\"https:\\\/\\\/www.lovendal.ro\\\/wp52\\\/nasa-nu-vrea-sa-recunoasca-aparitia-unui-gigant-ozn-langa-o-nava-spatiala-pamanteana-intr-o-fotografie-a-soarelui\\\/#breadcrumb\"},\"inLanguage\":\"ro-RO\",\"potentialAction\":[{\"@type\":\"ReadAction\",\"target\":[\"https:\\\/\\\/www.lovendal.ro\\\/wp52\\\/nasa-nu-vrea-sa-recunoasca-aparitia-unui-gigant-ozn-langa-o-nava-spatiala-pamanteana-intr-o-fotografie-a-soarelui\\\/\"]}]},{\"@type\":\"ImageObject\",\"inLanguage\":\"ro-RO\",\"@id\":\"https:\\\/\\\/www.lovendal.ro\\\/wp52\\\/nasa-nu-vrea-sa-recunoasca-aparitia-unui-gigant-ozn-langa-o-nava-spatiala-pamanteana-intr-o-fotografie-a-soarelui\\\/#primaryimage\",\"url\":\"https:\\\/\\\/www.lovendal.ro\\\/wp52\\\/wp-content\\\/uploads\\\/2011\\\/02\\\/SSI-1.jpg\",\"contentUrl\":\"https:\\\/\\\/www.lovendal.ro\\\/wp52\\\/wp-content\\\/uploads\\\/2011\\\/02\\\/SSI-1.jpg\",\"width\":\"1440\",\"height\":\"900\",\"caption\":\"Apasati pe imagine pentru MARIRE\"},{\"@type\":\"BreadcrumbList\",\"@id\":\"https:\\\/\\\/www.lovendal.ro\\\/wp52\\\/nasa-nu-vrea-sa-recunoasca-aparitia-unui-gigant-ozn-langa-o-nava-spatiala-pamanteana-intr-o-fotografie-a-soarelui\\\/#breadcrumb\",\"itemListElement\":[{\"@type\":\"ListItem\",\"position\":1,\"name\":\"Home\",\"item\":\"https:\\\/\\\/www.lovendal.ro\\\/wp52\\\/\"},{\"@type\":\"ListItem\",\"position\":2,\"name\":\"NASA nu vrea s\u0103 recunoasc\u0103 apari\u0163ia unui gigant OZN l\u00e2ng\u0103 o nav\u0103 spa\u0163ial\u0103 p\u0103m\u00e2ntean\u0103, \u00eentr-o fotografie a Soarelui\"}]},{\"@type\":\"WebSite\",\"@id\":\"https:\\\/\\\/www.lovendal.ro\\\/wp52\\\/#website\",\"url\":\"https:\\\/\\\/www.lovendal.ro\\\/wp52\\\/\",\"name\":\"Secretele lui Lovendal\",\"description\":\"Site de secrete, stiinta si metafizica - din 2008 -\",\"publisher\":{\"@id\":\"https:\\\/\\\/www.lovendal.ro\\\/wp52\\\/#organization\"},\"potentialAction\":[{\"@type\":\"SearchAction\",\"target\":{\"@type\":\"EntryPoint\",\"urlTemplate\":\"https:\\\/\\\/www.lovendal.ro\\\/wp52\\\/?s={search_term_string}\"},\"query-input\":{\"@type\":\"PropertyValueSpecification\",\"valueRequired\":true,\"valueName\":\"search_term_string\"}}],\"inLanguage\":\"ro-RO\"},{\"@type\":\"Organization\",\"@id\":\"https:\\\/\\\/www.lovendal.ro\\\/wp52\\\/#organization\",\"name\":\"Secretele lui Lovendal\",\"url\":\"https:\\\/\\\/www.lovendal.ro\\\/wp52\\\/\",\"logo\":{\"@type\":\"ImageObject\",\"inLanguage\":\"ro-RO\",\"@id\":\"https:\\\/\\\/www.lovendal.ro\\\/wp52\\\/#\\\/schema\\\/logo\\\/image\\\/\",\"url\":\"https:\\\/\\\/www.lovendal.ro\\\/wp52\\\/wp-content\\\/uploads\\\/2024\\\/06\\\/cropped-SLL-iun-2024-1.jpg\",\"contentUrl\":\"https:\\\/\\\/www.lovendal.ro\\\/wp52\\\/wp-content\\\/uploads\\\/2024\\\/06\\\/cropped-SLL-iun-2024-1.jpg\",\"width\":771,\"height\":240,\"caption\":\"Secretele lui Lovendal\"},\"image\":{\"@id\":\"https:\\\/\\\/www.lovendal.ro\\\/wp52\\\/#\\\/schema\\\/logo\\\/image\\\/\"},\"sameAs\":[\"https:\\\/\\\/www.facebook.com\\\/secreteleluilovendal\"]},{\"@type\":\"Person\",\"@id\":\"https:\\\/\\\/www.lovendal.ro\\\/wp52\\\/#\\\/schema\\\/person\\\/088691de5dfc346bb0c023e1e52ef5d9\",\"name\":\"admin\",\"image\":{\"@type\":\"ImageObject\",\"inLanguage\":\"ro-RO\",\"@id\":\"https:\\\/\\\/secure.gravatar.com\\\/avatar\\\/ecb9cd41f5f63c9c9b989999a59f6e2639a865ec361e9db054db0679a8f341c2?s=96&d=mm&r=g\",\"url\":\"https:\\\/\\\/secure.gravatar.com\\\/avatar\\\/ecb9cd41f5f63c9c9b989999a59f6e2639a865ec361e9db054db0679a8f341c2?s=96&d=mm&r=g\",\"contentUrl\":\"https:\\\/\\\/secure.gravatar.com\\\/avatar\\\/ecb9cd41f5f63c9c9b989999a59f6e2639a865ec361e9db054db0679a8f341c2?s=96&d=mm&r=g\",\"caption\":\"admin\"},\"sameAs\":[\"https:\\\/\\\/www.lovendal.ro\\\/wp52\"]}]}<\/script>\n<!-- \/ Yoast SEO Premium plugin. -->","yoast_head_json":{"title":"NASA nu vrea s\u0103 recunoasc\u0103 apari\u0163ia unui gigant OZN l\u00e2ng\u0103 o nav\u0103 spa\u0163ial\u0103 p\u0103m\u00e2ntean\u0103, \u00eentr-o fotografie a Soarelui - Secretele lui Lovendal","robots":{"index":"index","follow":"follow","max-snippet":"max-snippet:-1","max-image-preview":"max-image-preview:large","max-video-preview":"max-video-preview:-1"},"canonical":"https:\/\/www.lovendal.ro\/wp52\/nasa-nu-vrea-sa-recunoasca-aparitia-unui-gigant-ozn-langa-o-nava-spatiala-pamanteana-intr-o-fotografie-a-soarelui\/","og_locale":"ro_RO","og_type":"article","og_title":"NASA nu vrea s\u0103 recunoasc\u0103 apari\u0163ia unui gigant OZN l\u00e2ng\u0103 o nav\u0103 spa\u0163ial\u0103 p\u0103m\u00e2ntean\u0103, \u00eentr-o fotografie a Soarelui","og_description":"Unii dintre voi v\u0103 mai aduce\u0163i aminte de imaginea din st\u00e2nga articolului? Ea a ap\u0103rut pentru prima dat\u0103 anul trecut (\u00een 2010) \u015fi ea a f\u0103cut ravagii printre citorii de Internet. Cei mai mul\u0163i \u015fi-au dat cu p\u0103rerea c\u0103 ciudata ... Cititi mai multe","og_url":"https:\/\/www.lovendal.ro\/wp52\/nasa-nu-vrea-sa-recunoasca-aparitia-unui-gigant-ozn-langa-o-nava-spatiala-pamanteana-intr-o-fotografie-a-soarelui\/","og_site_name":"Secretele lui Lovendal","article_publisher":"https:\/\/www.facebook.com\/secreteleluilovendal","article_published_time":"2011-02-10T18:00:17+00:00","og_image":[{"width":1440,"height":900,"url":"https:\/\/www.lovendal.ro\/wp52\/wp-content\/uploads\/2011\/02\/SSI-1.jpg","type":"image\/jpeg"}],"author":"admin","twitter_card":"summary_large_image","twitter_misc":{"Scris de":"admin","Timp estimat pentru citire":"2 minute"},"schema":{"@context":"https:\/\/schema.org","@graph":[{"@type":"Article","@id":"https:\/\/www.lovendal.ro\/wp52\/nasa-nu-vrea-sa-recunoasca-aparitia-unui-gigant-ozn-langa-o-nava-spatiala-pamanteana-intr-o-fotografie-a-soarelui\/#article","isPartOf":{"@id":"https:\/\/www.lovendal.ro\/wp52\/nasa-nu-vrea-sa-recunoasca-aparitia-unui-gigant-ozn-langa-o-nava-spatiala-pamanteana-intr-o-fotografie-a-soarelui\/"},"author":{"name":"admin","@id":"https:\/\/www.lovendal.ro\/wp52\/#\/schema\/person\/088691de5dfc346bb0c023e1e52ef5d9"},"headline":"NASA nu vrea s\u0103 recunoasc\u0103 apari\u0163ia unui gigant OZN l\u00e2ng\u0103 o nav\u0103 spa\u0163ial\u0103 p\u0103m\u00e2ntean\u0103, \u00eentr-o fotografie a Soarelui","datePublished":"2011-02-10T18:00:17+00:00","mainEntityOfPage":{"@id":"https:\/\/www.lovendal.ro\/wp52\/nasa-nu-vrea-sa-recunoasca-aparitia-unui-gigant-ozn-langa-o-nava-spatiala-pamanteana-intr-o-fotografie-a-soarelui\/"},"wordCount":393,"commentCount":18,"publisher":{"@id":"https:\/\/www.lovendal.ro\/wp52\/#organization"},"image":{"@id":"https:\/\/www.lovendal.ro\/wp52\/nasa-nu-vrea-sa-recunoasca-aparitia-unui-gigant-ozn-langa-o-nava-spatiala-pamanteana-intr-o-fotografie-a-soarelui\/#primaryimage"},"thumbnailUrl":"https:\/\/www.lovendal.ro\/wp52\/wp-content\/uploads\/2011\/02\/SSI-1.jpg","keywords":["fotografie","NASA","nav\u0103 spa\u0163ial\u0103","OZN","Paranormal-Spiritualitate","Soare"],"articleSection":["Paranormal-Spiritualitate"],"inLanguage":"ro-RO","potentialAction":[{"@type":"CommentAction","name":"Comment","target":["https:\/\/www.lovendal.ro\/wp52\/nasa-nu-vrea-sa-recunoasca-aparitia-unui-gigant-ozn-langa-o-nava-spatiala-pamanteana-intr-o-fotografie-a-soarelui\/#respond"]}]},{"@type":"WebPage","@id":"https:\/\/www.lovendal.ro\/wp52\/nasa-nu-vrea-sa-recunoasca-aparitia-unui-gigant-ozn-langa-o-nava-spatiala-pamanteana-intr-o-fotografie-a-soarelui\/","url":"https:\/\/www.lovendal.ro\/wp52\/nasa-nu-vrea-sa-recunoasca-aparitia-unui-gigant-ozn-langa-o-nava-spatiala-pamanteana-intr-o-fotografie-a-soarelui\/","name":"NASA nu vrea s\u0103 recunoasc\u0103 apari\u0163ia unui gigant OZN l\u00e2ng\u0103 o nav\u0103 spa\u0163ial\u0103 p\u0103m\u00e2ntean\u0103, \u00eentr-o fotografie a Soarelui - Secretele lui Lovendal","isPartOf":{"@id":"https:\/\/www.lovendal.ro\/wp52\/#website"},"primaryImageOfPage":{"@id":"https:\/\/www.lovendal.ro\/wp52\/nasa-nu-vrea-sa-recunoasca-aparitia-unui-gigant-ozn-langa-o-nava-spatiala-pamanteana-intr-o-fotografie-a-soarelui\/#primaryimage"},"image":{"@id":"https:\/\/www.lovendal.ro\/wp52\/nasa-nu-vrea-sa-recunoasca-aparitia-unui-gigant-ozn-langa-o-nava-spatiala-pamanteana-intr-o-fotografie-a-soarelui\/#primaryimage"},"thumbnailUrl":"https:\/\/www.lovendal.ro\/wp52\/wp-content\/uploads\/2011\/02\/SSI-1.jpg","datePublished":"2011-02-10T18:00:17+00:00","breadcrumb":{"@id":"https:\/\/www.lovendal.ro\/wp52\/nasa-nu-vrea-sa-recunoasca-aparitia-unui-gigant-ozn-langa-o-nava-spatiala-pamanteana-intr-o-fotografie-a-soarelui\/#breadcrumb"},"inLanguage":"ro-RO","potentialAction":[{"@type":"ReadAction","target":["https:\/\/www.lovendal.ro\/wp52\/nasa-nu-vrea-sa-recunoasca-aparitia-unui-gigant-ozn-langa-o-nava-spatiala-pamanteana-intr-o-fotografie-a-soarelui\/"]}]},{"@type":"ImageObject","inLanguage":"ro-RO","@id":"https:\/\/www.lovendal.ro\/wp52\/nasa-nu-vrea-sa-recunoasca-aparitia-unui-gigant-ozn-langa-o-nava-spatiala-pamanteana-intr-o-fotografie-a-soarelui\/#primaryimage","url":"https:\/\/www.lovendal.ro\/wp52\/wp-content\/uploads\/2011\/02\/SSI-1.jpg","contentUrl":"https:\/\/www.lovendal.ro\/wp52\/wp-content\/uploads\/2011\/02\/SSI-1.jpg","width":"1440","height":"900","caption":"Apasati pe imagine pentru MARIRE"},{"@type":"BreadcrumbList","@id":"https:\/\/www.lovendal.ro\/wp52\/nasa-nu-vrea-sa-recunoasca-aparitia-unui-gigant-ozn-langa-o-nava-spatiala-pamanteana-intr-o-fotografie-a-soarelui\/#breadcrumb","itemListElement":[{"@type":"ListItem","position":1,"name":"Home","item":"https:\/\/www.lovendal.ro\/wp52\/"},{"@type":"ListItem","position":2,"name":"NASA nu vrea s\u0103 recunoasc\u0103 apari\u0163ia unui gigant OZN l\u00e2ng\u0103 o nav\u0103 spa\u0163ial\u0103 p\u0103m\u00e2ntean\u0103, \u00eentr-o fotografie a Soarelui"}]},{"@type":"WebSite","@id":"https:\/\/www.lovendal.ro\/wp52\/#website","url":"https:\/\/www.lovendal.ro\/wp52\/","name":"Secretele lui Lovendal","description":"Site de secrete, stiinta si metafizica - din 2008 -","publisher":{"@id":"https:\/\/www.lovendal.ro\/wp52\/#organization"},"potentialAction":[{"@type":"SearchAction","target":{"@type":"EntryPoint","urlTemplate":"https:\/\/www.lovendal.ro\/wp52\/?s={search_term_string}"},"query-input":{"@type":"PropertyValueSpecification","valueRequired":true,"valueName":"search_term_string"}}],"inLanguage":"ro-RO"},{"@type":"Organization","@id":"https:\/\/www.lovendal.ro\/wp52\/#organization","name":"Secretele lui Lovendal","url":"https:\/\/www.lovendal.ro\/wp52\/","logo":{"@type":"ImageObject","inLanguage":"ro-RO","@id":"https:\/\/www.lovendal.ro\/wp52\/#\/schema\/logo\/image\/","url":"https:\/\/www.lovendal.ro\/wp52\/wp-content\/uploads\/2024\/06\/cropped-SLL-iun-2024-1.jpg","contentUrl":"https:\/\/www.lovendal.ro\/wp52\/wp-content\/uploads\/2024\/06\/cropped-SLL-iun-2024-1.jpg","width":771,"height":240,"caption":"Secretele lui Lovendal"},"image":{"@id":"https:\/\/www.lovendal.ro\/wp52\/#\/schema\/logo\/image\/"},"sameAs":["https:\/\/www.facebook.com\/secreteleluilovendal"]},{"@type":"Person","@id":"https:\/\/www.lovendal.ro\/wp52\/#\/schema\/person\/088691de5dfc346bb0c023e1e52ef5d9","name":"admin","image":{"@type":"ImageObject","inLanguage":"ro-RO","@id":"https:\/\/secure.gravatar.com\/avatar\/ecb9cd41f5f63c9c9b989999a59f6e2639a865ec361e9db054db0679a8f341c2?s=96&d=mm&r=g","url":"https:\/\/secure.gravatar.com\/avatar\/ecb9cd41f5f63c9c9b989999a59f6e2639a865ec361e9db054db0679a8f341c2?s=96&d=mm&r=g","contentUrl":"https:\/\/secure.gravatar.com\/avatar\/ecb9cd41f5f63c9c9b989999a59f6e2639a865ec361e9db054db0679a8f341c2?s=96&d=mm&r=g","caption":"admin"},"sameAs":["https:\/\/www.lovendal.ro\/wp52"]}]}},"_links":{"self":[{"href":"https:\/\/www.lovendal.ro\/wp52\/wp-json\/wp\/v2\/posts\/16947","targetHints":{"allow":["GET"]}}],"collection":[{"href":"https:\/\/www.lovendal.ro\/wp52\/wp-json\/wp\/v2\/posts"}],"about":[{"href":"https:\/\/www.lovendal.ro\/wp52\/wp-json\/wp\/v2\/types\/post"}],"author":[{"embeddable":true,"href":"https:\/\/www.lovendal.ro\/wp52\/wp-json\/wp\/v2\/users\/1"}],"replies":[{"embeddable":true,"href":"https:\/\/www.lovendal.ro\/wp52\/wp-json\/wp\/v2\/comments?post=16947"}],"version-history":[{"count":0,"href":"https:\/\/www.lovendal.ro\/wp52\/wp-json\/wp\/v2\/posts\/16947\/revisions"}],"wp:featuredmedia":[{"embeddable":true,"href":"https:\/\/www.lovendal.ro\/wp52\/wp-json\/wp\/v2\/media\/16949"}],"wp:attachment":[{"href":"https:\/\/www.lovendal.ro\/wp52\/wp-json\/wp\/v2\/media?parent=16947"}],"wp:term":[{"taxonomy":"category","embeddable":true,"href":"https:\/\/www.lovendal.ro\/wp52\/wp-json\/wp\/v2\/categories?post=16947"},{"taxonomy":"post_tag","embeddable":true,"href":"https:\/\/www.lovendal.ro\/wp52\/wp-json\/wp\/v2\/tags?post=16947"}],"curies":[{"name":"wp","href":"https:\/\/api.w.org\/{rel}","templated":true}]}}