{"id":16496,"date":"2011-01-13T22:04:29","date_gmt":"2011-01-13T20:04:29","guid":{"rendered":"http:\/\/www.lovendal.net\/wp52\/?p=16496"},"modified":"2011-01-13T22:04:29","modified_gmt":"2011-01-13T20:04:29","slug":"astronautii-care-au-fost-pe-luna-prinsi-cu-mata-n-sac-cica-ei-n-au-vazut-nicio-stea-de-pe-luna","status":"publish","type":"post","link":"https:\/\/www.lovendal.ro\/wp52\/astronautii-care-au-fost-pe-luna-prinsi-cu-mata-n-sac-cica-ei-n-au-vazut-nicio-stea-de-pe-luna\/","title":{"rendered":"Astronau\u0163ii care au fost pe Lun\u0103, prin\u015fi cu m\u00e2\u0163a-n sac! Cic\u0103 ei n-au v\u0103zut nicio stea de pe Lun\u0103&#8230;"},"content":{"rendered":"<p><a href=\"https:\/\/www.lovendal.ro\/wp52\/wp-content\/uploads\/2011\/01\/farsa-pe-Luna.jpg\"><img loading=\"lazy\" decoding=\"async\" class=\"alignleft size-full wp-image-16497\" title=\"farsa pe Luna\" src=\"https:\/\/www.lovendal.ro\/wp52\/wp-content\/uploads\/2011\/01\/farsa-pe-Luna.jpg\" alt=\"\" width=\"300\" height=\"262\" \/><\/a>\u00centr-o carte din anul 1970 <em>&#8222;Prima misiune pe Lun\u0103: o c\u0103l\u0103torie cu Neil Armstrong,  Michael Collins, Edwin E. Aldrin, Jr.,&#8221; <\/em>de Gene Farmer \u015fi Dora Hamblin, putem citi urm\u0103toarele:<\/p>\n<p><em>&#8222;Slujba lui Collin era aceea de a asigura naviga\u0163ia stelar\u0103. El a comandat nava spa\u0163ial\u0103 Apollo 11 \u015fi i-a condus pe astronau\u0163i acas\u0103 (&#8230;) Buzz Aldrin a vrut s\u0103 adauge c\u00e2teva cuvinte: &#8222;Stelele sunt, a\u015fa cum spune \u015fi Jim Lovell, cele mai bune prietene. Ele stau acolo \u015fi te po\u0163i lua dup\u0103 ele, \u015ftiind astfel unde te afli. Pentru navigarea sondei spa\u0163iale ne-am folosit de 37 de stele, plus P\u0103m\u00e2ntul, Soarele \u015fi Luna. Nu ne-am folosit de Venus, ci de stele ca Polaris, Rigel, Capella, Canopus, Sirius, Antares, Vega, Arcturus,   Altair \u015fi de una mai mare, Fomalhaut, care e mai pu\u0163in cunoscut\u0103. Vedeam stelele \u015fi le marcam pozi\u0163ia; computerul calcula apoi altitudinea navei&#8221;.<\/em><\/p>\n<p>Foarte interesant, dar ziaristul Patrick Moore i-a \u00eentrebat pe astronau\u0163ii care pretind c\u0103 au aselenizat \u00een 1969, \u00een cadrul unui alt interviu ce av avut loc mult mai t\u00e2rziu, urm\u0103toarea \u00eentrebare direct\u0103:<em> &#8222;C\u00e2nd v-a\u0163i uitat sus pe cer, putea\u0163i vedea stelele \u015fi coroana Soarelui <\/em>(n.t. un mic inel de lumin\u0103 \u00een jurul Soarelui)<em>, \u00een ciuda str\u0103lucirii de pe suprafa\u0163a Lunii?&#8221; <\/em>Iat\u0103 ce au r\u0103spuns astronau\u0163ii:\u00a0<em> &#8222;Nu, n-am v\u0103zut nicio stea, at\u00e2t timp c\u00e2t ne aflam pe Lun\u0103&#8221;.<\/em> Acest lucru n-ar fi putut fi efectul str\u0103lucirii de pe suprafa\u0163a Lunii, din moment ce astronautul Collins (fa\u0163\u0103 de ceilal\u0163i doi, Armstrong \u015fi Aldrin) nu se afl\u0103 pe Lun\u0103, \u015fi nici nu purta vreun vizor.<\/p>\n<p>Toate stelele din jurul Soarelui, chiar \u015fi cele din apropierea sa, sunt vizibile \u015fi str\u0103lucitoare. Pute\u0163i verifica acest lucru dac\u0103 v\u0103 alege\u0163i un moment din zi c\u00e2nd planeta Venus se afl\u0103 deasupra orizontului \u015fi v\u0103 acoperi\u0163i un ochi cu palma m\u00e2inii de str\u0103lucitorul glob solar (niciodat\u0103 s\u0103 privi\u0163i Soarele direct dec\u00e2t doar la apus sau r\u0103s\u0103rit) \u015fi atunci ve\u0163i putea observa foarte u\u015for planeta Venus ziua \u00een amiaza mare.<\/p>\n<p>\u00cen ceea ce-i prive\u015fte pe astronau\u0163i, ace\u015ftia dac\u0103 s-ar fi uitat \u00een orice direc\u0163ie, alta dec\u00e2t Soarele, ar fi putut vedea foarte u\u015for stelele. Ar fi fost imposibil s\u0103 nu le poat\u0103 observa&#8230;doar dac\u0103 erau orbi! Sau dac\u0103 nu ne-au spus adev\u0103rul unde se aflau ei \u00een anul 1969. Vizoarele pe care Armstrong \u015fi Aldrin le purtau n-ar fi putut fi at\u00e2t de \u00eentunecate \u00eenc\u00e2t stelele s\u0103 fie invizibile, din moment ce astronau\u0163ii puteau vedea, f\u0103r\u0103 dificultate, umbrelele modulului de aterizare. \u00cen plus, nici Collins pare s\u0103 nu-\u015fi fi amintit c\u0103 a v\u0103zut vreo stea, de\u015fi \u00een interviul din 1970 se l\u0103udau c\u0103 aceste stele \u00eei ajutau foarte mult \u00een naviga\u0163ie. Era un om orb!? Privea doar Soarele \u00een fa\u0163\u0103!? Sau \u015fi-au amintit astronau\u0163ii de criticii teoriei conspira\u0163iei care sus\u0163in c\u0103 nu a avut loc vreo aselenizare \u015fi care repro\u015fau, printre altele, lipsa stelelor din fotografiile de pe Lun\u0103?<\/p>\n","protected":false},"excerpt":{"rendered":"<p>\u00centr-o carte din anul 1970 &#8222;Prima misiune pe Lun\u0103: o c\u0103l\u0103torie cu Neil Armstrong, Michael Collins, Edwin E. Aldrin, Jr.,&#8221; de Gene Farmer \u015fi Dora Hamblin, putem citi urm\u0103toarele: &#8222;Slujba lui Collin era aceea de a asigura naviga\u0163ia stelar\u0103. El &#8230; <\/p>\n<p class=\"read-more-container\"><a title=\"Astronau\u0163ii care au fost pe Lun\u0103, prin\u015fi cu m\u00e2\u0163a-n sac! Cic\u0103 ei n-au v\u0103zut nicio stea de pe Lun\u0103&#8230;\" class=\"read-more button\" href=\"https:\/\/www.lovendal.ro\/wp52\/astronautii-care-au-fost-pe-luna-prinsi-cu-mata-n-sac-cica-ei-n-au-vazut-nicio-stea-de-pe-luna\/#more-16496\" aria-label=\"Cite\u0219te mai multe despre Astronau\u0163ii care au fost pe Lun\u0103, prin\u015fi cu m\u00e2\u0163a-n sac! Cic\u0103 ei n-au v\u0103zut nicio stea de pe Lun\u0103&#8230;\">Cititi mai multe<\/a><\/p>\n","protected":false},"author":1,"featured_media":16497,"comment_status":"open","ping_status":"closed","sticky":false,"template":"","format":"standard","meta":{"footnotes":""},"categories":[475],"tags":[2990,2075,102,1524,149,865,733,1029],"class_list":["post-16496","post","type-post","status-publish","format-standard","has-post-thumbnail","hentry","category-conspiratii-mistere","tag-apollo","tag-aselenizare","tag-astronomie","tag-conspiratii-si-societati-secrete","tag-luna","tag-soare","tag-stea","tag-venus","resize-featured-image"],"yoast_head":"<!-- This site is optimized with the Yoast SEO Premium plugin v23.3 (Yoast SEO v27.4) - https:\/\/yoast.com\/product\/yoast-seo-premium-wordpress\/ -->\n<title>Astronau\u0163ii care au fost pe Lun\u0103, prin\u015fi cu m\u00e2\u0163a-n sac! Cic\u0103 ei n-au v\u0103zut nicio stea de pe Lun\u0103... - Secretele lui Lovendal<\/title>\n<meta name=\"robots\" content=\"index, follow, max-snippet:-1, max-image-preview:large, max-video-preview:-1\" \/>\n<link rel=\"canonical\" href=\"https:\/\/www.lovendal.ro\/wp52\/astronautii-care-au-fost-pe-luna-prinsi-cu-mata-n-sac-cica-ei-n-au-vazut-nicio-stea-de-pe-luna\/\" \/>\n<meta property=\"og:locale\" content=\"ro_RO\" \/>\n<meta property=\"og:type\" content=\"article\" \/>\n<meta property=\"og:title\" content=\"Astronau\u0163ii care au fost pe Lun\u0103, prin\u015fi cu m\u00e2\u0163a-n sac! Cic\u0103 ei n-au v\u0103zut nicio stea de pe Lun\u0103...\" \/>\n<meta property=\"og:description\" content=\"\u00centr-o carte din anul 1970 &#8222;Prima misiune pe Lun\u0103: o c\u0103l\u0103torie cu Neil Armstrong, Michael Collins, Edwin E. Aldrin, Jr.,&#8221; de Gene Farmer \u015fi Dora Hamblin, putem citi urm\u0103toarele: &#8222;Slujba lui Collin era aceea de a asigura naviga\u0163ia stelar\u0103. El ... Cititi mai multe\" \/>\n<meta property=\"og:url\" content=\"https:\/\/www.lovendal.ro\/wp52\/astronautii-care-au-fost-pe-luna-prinsi-cu-mata-n-sac-cica-ei-n-au-vazut-nicio-stea-de-pe-luna\/\" \/>\n<meta property=\"og:site_name\" content=\"Secretele lui Lovendal\" \/>\n<meta property=\"article:publisher\" content=\"https:\/\/www.facebook.com\/secreteleluilovendal\" \/>\n<meta property=\"article:published_time\" content=\"2011-01-13T20:04:29+00:00\" \/>\n<meta property=\"og:image\" content=\"https:\/\/www.lovendal.ro\/wp52\/wp-content\/uploads\/2011\/01\/farsa-pe-Luna.jpg\" \/>\n\t<meta property=\"og:image:width\" content=\"300\" \/>\n\t<meta property=\"og:image:height\" content=\"262\" \/>\n\t<meta property=\"og:image:type\" content=\"image\/jpeg\" \/>\n<meta name=\"author\" content=\"admin\" \/>\n<meta name=\"twitter:card\" content=\"summary_large_image\" \/>\n<meta name=\"twitter:label1\" content=\"Scris de\" \/>\n\t<meta name=\"twitter:data1\" content=\"admin\" \/>\n\t<meta name=\"twitter:label2\" content=\"Timp estimat pentru citire\" \/>\n\t<meta name=\"twitter:data2\" content=\"3 minute\" \/>\n<script type=\"application\/ld+json\" class=\"yoast-schema-graph\">{\"@context\":\"https:\\\/\\\/schema.org\",\"@graph\":[{\"@type\":\"Article\",\"@id\":\"https:\\\/\\\/www.lovendal.ro\\\/wp52\\\/astronautii-care-au-fost-pe-luna-prinsi-cu-mata-n-sac-cica-ei-n-au-vazut-nicio-stea-de-pe-luna\\\/#article\",\"isPartOf\":{\"@id\":\"https:\\\/\\\/www.lovendal.ro\\\/wp52\\\/astronautii-care-au-fost-pe-luna-prinsi-cu-mata-n-sac-cica-ei-n-au-vazut-nicio-stea-de-pe-luna\\\/\"},\"author\":{\"name\":\"admin\",\"@id\":\"https:\\\/\\\/www.lovendal.ro\\\/wp52\\\/#\\\/schema\\\/person\\\/088691de5dfc346bb0c023e1e52ef5d9\"},\"headline\":\"Astronau\u0163ii care au fost pe Lun\u0103, prin\u015fi cu m\u00e2\u0163a-n sac! Cic\u0103 ei n-au v\u0103zut nicio stea de pe Lun\u0103&#8230;\",\"datePublished\":\"2011-01-13T20:04:29+00:00\",\"mainEntityOfPage\":{\"@id\":\"https:\\\/\\\/www.lovendal.ro\\\/wp52\\\/astronautii-care-au-fost-pe-luna-prinsi-cu-mata-n-sac-cica-ei-n-au-vazut-nicio-stea-de-pe-luna\\\/\"},\"wordCount\":553,\"commentCount\":54,\"publisher\":{\"@id\":\"https:\\\/\\\/www.lovendal.ro\\\/wp52\\\/#organization\"},\"image\":{\"@id\":\"https:\\\/\\\/www.lovendal.ro\\\/wp52\\\/astronautii-care-au-fost-pe-luna-prinsi-cu-mata-n-sac-cica-ei-n-au-vazut-nicio-stea-de-pe-luna\\\/#primaryimage\"},\"thumbnailUrl\":\"https:\\\/\\\/www.lovendal.ro\\\/wp52\\\/wp-content\\\/uploads\\\/2011\\\/01\\\/farsa-pe-Luna.jpg\",\"keywords\":[\"Apollo\",\"aselenizare\",\"astronomie\",\"Conspiratii si Societati secrete\",\"Lun\u0103\",\"Soare\",\"stea\",\"Venus\"],\"articleSection\":[\"Conspiratii si Mistere\"],\"inLanguage\":\"ro-RO\",\"potentialAction\":[{\"@type\":\"CommentAction\",\"name\":\"Comment\",\"target\":[\"https:\\\/\\\/www.lovendal.ro\\\/wp52\\\/astronautii-care-au-fost-pe-luna-prinsi-cu-mata-n-sac-cica-ei-n-au-vazut-nicio-stea-de-pe-luna\\\/#respond\"]}]},{\"@type\":\"WebPage\",\"@id\":\"https:\\\/\\\/www.lovendal.ro\\\/wp52\\\/astronautii-care-au-fost-pe-luna-prinsi-cu-mata-n-sac-cica-ei-n-au-vazut-nicio-stea-de-pe-luna\\\/\",\"url\":\"https:\\\/\\\/www.lovendal.ro\\\/wp52\\\/astronautii-care-au-fost-pe-luna-prinsi-cu-mata-n-sac-cica-ei-n-au-vazut-nicio-stea-de-pe-luna\\\/\",\"name\":\"Astronau\u0163ii care au fost pe Lun\u0103, prin\u015fi cu m\u00e2\u0163a-n sac! Cic\u0103 ei n-au v\u0103zut nicio stea de pe Lun\u0103... - Secretele lui Lovendal\",\"isPartOf\":{\"@id\":\"https:\\\/\\\/www.lovendal.ro\\\/wp52\\\/#website\"},\"primaryImageOfPage\":{\"@id\":\"https:\\\/\\\/www.lovendal.ro\\\/wp52\\\/astronautii-care-au-fost-pe-luna-prinsi-cu-mata-n-sac-cica-ei-n-au-vazut-nicio-stea-de-pe-luna\\\/#primaryimage\"},\"image\":{\"@id\":\"https:\\\/\\\/www.lovendal.ro\\\/wp52\\\/astronautii-care-au-fost-pe-luna-prinsi-cu-mata-n-sac-cica-ei-n-au-vazut-nicio-stea-de-pe-luna\\\/#primaryimage\"},\"thumbnailUrl\":\"https:\\\/\\\/www.lovendal.ro\\\/wp52\\\/wp-content\\\/uploads\\\/2011\\\/01\\\/farsa-pe-Luna.jpg\",\"datePublished\":\"2011-01-13T20:04:29+00:00\",\"breadcrumb\":{\"@id\":\"https:\\\/\\\/www.lovendal.ro\\\/wp52\\\/astronautii-care-au-fost-pe-luna-prinsi-cu-mata-n-sac-cica-ei-n-au-vazut-nicio-stea-de-pe-luna\\\/#breadcrumb\"},\"inLanguage\":\"ro-RO\",\"potentialAction\":[{\"@type\":\"ReadAction\",\"target\":[\"https:\\\/\\\/www.lovendal.ro\\\/wp52\\\/astronautii-care-au-fost-pe-luna-prinsi-cu-mata-n-sac-cica-ei-n-au-vazut-nicio-stea-de-pe-luna\\\/\"]}]},{\"@type\":\"ImageObject\",\"inLanguage\":\"ro-RO\",\"@id\":\"https:\\\/\\\/www.lovendal.ro\\\/wp52\\\/astronautii-care-au-fost-pe-luna-prinsi-cu-mata-n-sac-cica-ei-n-au-vazut-nicio-stea-de-pe-luna\\\/#primaryimage\",\"url\":\"https:\\\/\\\/www.lovendal.ro\\\/wp52\\\/wp-content\\\/uploads\\\/2011\\\/01\\\/farsa-pe-Luna.jpg\",\"contentUrl\":\"https:\\\/\\\/www.lovendal.ro\\\/wp52\\\/wp-content\\\/uploads\\\/2011\\\/01\\\/farsa-pe-Luna.jpg\",\"width\":\"300\",\"height\":\"262\"},{\"@type\":\"BreadcrumbList\",\"@id\":\"https:\\\/\\\/www.lovendal.ro\\\/wp52\\\/astronautii-care-au-fost-pe-luna-prinsi-cu-mata-n-sac-cica-ei-n-au-vazut-nicio-stea-de-pe-luna\\\/#breadcrumb\",\"itemListElement\":[{\"@type\":\"ListItem\",\"position\":1,\"name\":\"Home\",\"item\":\"https:\\\/\\\/www.lovendal.ro\\\/wp52\\\/\"},{\"@type\":\"ListItem\",\"position\":2,\"name\":\"Astronau\u0163ii care au fost pe Lun\u0103, prin\u015fi cu m\u00e2\u0163a-n sac! Cic\u0103 ei n-au v\u0103zut nicio stea de pe Lun\u0103&#8230;\"}]},{\"@type\":\"WebSite\",\"@id\":\"https:\\\/\\\/www.lovendal.ro\\\/wp52\\\/#website\",\"url\":\"https:\\\/\\\/www.lovendal.ro\\\/wp52\\\/\",\"name\":\"Secretele lui Lovendal\",\"description\":\"Site de secrete, stiinta si metafizica - din 2008 -\",\"publisher\":{\"@id\":\"https:\\\/\\\/www.lovendal.ro\\\/wp52\\\/#organization\"},\"potentialAction\":[{\"@type\":\"SearchAction\",\"target\":{\"@type\":\"EntryPoint\",\"urlTemplate\":\"https:\\\/\\\/www.lovendal.ro\\\/wp52\\\/?s={search_term_string}\"},\"query-input\":{\"@type\":\"PropertyValueSpecification\",\"valueRequired\":true,\"valueName\":\"search_term_string\"}}],\"inLanguage\":\"ro-RO\"},{\"@type\":\"Organization\",\"@id\":\"https:\\\/\\\/www.lovendal.ro\\\/wp52\\\/#organization\",\"name\":\"Secretele lui Lovendal\",\"url\":\"https:\\\/\\\/www.lovendal.ro\\\/wp52\\\/\",\"logo\":{\"@type\":\"ImageObject\",\"inLanguage\":\"ro-RO\",\"@id\":\"https:\\\/\\\/www.lovendal.ro\\\/wp52\\\/#\\\/schema\\\/logo\\\/image\\\/\",\"url\":\"https:\\\/\\\/www.lovendal.ro\\\/wp52\\\/wp-content\\\/uploads\\\/2024\\\/06\\\/cropped-SLL-iun-2024-1.jpg\",\"contentUrl\":\"https:\\\/\\\/www.lovendal.ro\\\/wp52\\\/wp-content\\\/uploads\\\/2024\\\/06\\\/cropped-SLL-iun-2024-1.jpg\",\"width\":771,\"height\":240,\"caption\":\"Secretele lui Lovendal\"},\"image\":{\"@id\":\"https:\\\/\\\/www.lovendal.ro\\\/wp52\\\/#\\\/schema\\\/logo\\\/image\\\/\"},\"sameAs\":[\"https:\\\/\\\/www.facebook.com\\\/secreteleluilovendal\"]},{\"@type\":\"Person\",\"@id\":\"https:\\\/\\\/www.lovendal.ro\\\/wp52\\\/#\\\/schema\\\/person\\\/088691de5dfc346bb0c023e1e52ef5d9\",\"name\":\"admin\",\"image\":{\"@type\":\"ImageObject\",\"inLanguage\":\"ro-RO\",\"@id\":\"https:\\\/\\\/secure.gravatar.com\\\/avatar\\\/ecb9cd41f5f63c9c9b989999a59f6e2639a865ec361e9db054db0679a8f341c2?s=96&d=mm&r=g\",\"url\":\"https:\\\/\\\/secure.gravatar.com\\\/avatar\\\/ecb9cd41f5f63c9c9b989999a59f6e2639a865ec361e9db054db0679a8f341c2?s=96&d=mm&r=g\",\"contentUrl\":\"https:\\\/\\\/secure.gravatar.com\\\/avatar\\\/ecb9cd41f5f63c9c9b989999a59f6e2639a865ec361e9db054db0679a8f341c2?s=96&d=mm&r=g\",\"caption\":\"admin\"},\"sameAs\":[\"https:\\\/\\\/www.lovendal.ro\\\/wp52\"]}]}<\/script>\n<!-- \/ Yoast SEO Premium plugin. -->","yoast_head_json":{"title":"Astronau\u0163ii care au fost pe Lun\u0103, prin\u015fi cu m\u00e2\u0163a-n sac! Cic\u0103 ei n-au v\u0103zut nicio stea de pe Lun\u0103... - Secretele lui Lovendal","robots":{"index":"index","follow":"follow","max-snippet":"max-snippet:-1","max-image-preview":"max-image-preview:large","max-video-preview":"max-video-preview:-1"},"canonical":"https:\/\/www.lovendal.ro\/wp52\/astronautii-care-au-fost-pe-luna-prinsi-cu-mata-n-sac-cica-ei-n-au-vazut-nicio-stea-de-pe-luna\/","og_locale":"ro_RO","og_type":"article","og_title":"Astronau\u0163ii care au fost pe Lun\u0103, prin\u015fi cu m\u00e2\u0163a-n sac! Cic\u0103 ei n-au v\u0103zut nicio stea de pe Lun\u0103...","og_description":"\u00centr-o carte din anul 1970 &#8222;Prima misiune pe Lun\u0103: o c\u0103l\u0103torie cu Neil Armstrong, Michael Collins, Edwin E. Aldrin, Jr.,&#8221; de Gene Farmer \u015fi Dora Hamblin, putem citi urm\u0103toarele: &#8222;Slujba lui Collin era aceea de a asigura naviga\u0163ia stelar\u0103. El ... Cititi mai multe","og_url":"https:\/\/www.lovendal.ro\/wp52\/astronautii-care-au-fost-pe-luna-prinsi-cu-mata-n-sac-cica-ei-n-au-vazut-nicio-stea-de-pe-luna\/","og_site_name":"Secretele lui Lovendal","article_publisher":"https:\/\/www.facebook.com\/secreteleluilovendal","article_published_time":"2011-01-13T20:04:29+00:00","og_image":[{"width":300,"height":262,"url":"https:\/\/www.lovendal.ro\/wp52\/wp-content\/uploads\/2011\/01\/farsa-pe-Luna.jpg","type":"image\/jpeg"}],"author":"admin","twitter_card":"summary_large_image","twitter_misc":{"Scris de":"admin","Timp estimat pentru citire":"3 minute"},"schema":{"@context":"https:\/\/schema.org","@graph":[{"@type":"Article","@id":"https:\/\/www.lovendal.ro\/wp52\/astronautii-care-au-fost-pe-luna-prinsi-cu-mata-n-sac-cica-ei-n-au-vazut-nicio-stea-de-pe-luna\/#article","isPartOf":{"@id":"https:\/\/www.lovendal.ro\/wp52\/astronautii-care-au-fost-pe-luna-prinsi-cu-mata-n-sac-cica-ei-n-au-vazut-nicio-stea-de-pe-luna\/"},"author":{"name":"admin","@id":"https:\/\/www.lovendal.ro\/wp52\/#\/schema\/person\/088691de5dfc346bb0c023e1e52ef5d9"},"headline":"Astronau\u0163ii care au fost pe Lun\u0103, prin\u015fi cu m\u00e2\u0163a-n sac! Cic\u0103 ei n-au v\u0103zut nicio stea de pe Lun\u0103&#8230;","datePublished":"2011-01-13T20:04:29+00:00","mainEntityOfPage":{"@id":"https:\/\/www.lovendal.ro\/wp52\/astronautii-care-au-fost-pe-luna-prinsi-cu-mata-n-sac-cica-ei-n-au-vazut-nicio-stea-de-pe-luna\/"},"wordCount":553,"commentCount":54,"publisher":{"@id":"https:\/\/www.lovendal.ro\/wp52\/#organization"},"image":{"@id":"https:\/\/www.lovendal.ro\/wp52\/astronautii-care-au-fost-pe-luna-prinsi-cu-mata-n-sac-cica-ei-n-au-vazut-nicio-stea-de-pe-luna\/#primaryimage"},"thumbnailUrl":"https:\/\/www.lovendal.ro\/wp52\/wp-content\/uploads\/2011\/01\/farsa-pe-Luna.jpg","keywords":["Apollo","aselenizare","astronomie","Conspiratii si Societati secrete","Lun\u0103","Soare","stea","Venus"],"articleSection":["Conspiratii si Mistere"],"inLanguage":"ro-RO","potentialAction":[{"@type":"CommentAction","name":"Comment","target":["https:\/\/www.lovendal.ro\/wp52\/astronautii-care-au-fost-pe-luna-prinsi-cu-mata-n-sac-cica-ei-n-au-vazut-nicio-stea-de-pe-luna\/#respond"]}]},{"@type":"WebPage","@id":"https:\/\/www.lovendal.ro\/wp52\/astronautii-care-au-fost-pe-luna-prinsi-cu-mata-n-sac-cica-ei-n-au-vazut-nicio-stea-de-pe-luna\/","url":"https:\/\/www.lovendal.ro\/wp52\/astronautii-care-au-fost-pe-luna-prinsi-cu-mata-n-sac-cica-ei-n-au-vazut-nicio-stea-de-pe-luna\/","name":"Astronau\u0163ii care au fost pe Lun\u0103, prin\u015fi cu m\u00e2\u0163a-n sac! Cic\u0103 ei n-au v\u0103zut nicio stea de pe Lun\u0103... - Secretele lui Lovendal","isPartOf":{"@id":"https:\/\/www.lovendal.ro\/wp52\/#website"},"primaryImageOfPage":{"@id":"https:\/\/www.lovendal.ro\/wp52\/astronautii-care-au-fost-pe-luna-prinsi-cu-mata-n-sac-cica-ei-n-au-vazut-nicio-stea-de-pe-luna\/#primaryimage"},"image":{"@id":"https:\/\/www.lovendal.ro\/wp52\/astronautii-care-au-fost-pe-luna-prinsi-cu-mata-n-sac-cica-ei-n-au-vazut-nicio-stea-de-pe-luna\/#primaryimage"},"thumbnailUrl":"https:\/\/www.lovendal.ro\/wp52\/wp-content\/uploads\/2011\/01\/farsa-pe-Luna.jpg","datePublished":"2011-01-13T20:04:29+00:00","breadcrumb":{"@id":"https:\/\/www.lovendal.ro\/wp52\/astronautii-care-au-fost-pe-luna-prinsi-cu-mata-n-sac-cica-ei-n-au-vazut-nicio-stea-de-pe-luna\/#breadcrumb"},"inLanguage":"ro-RO","potentialAction":[{"@type":"ReadAction","target":["https:\/\/www.lovendal.ro\/wp52\/astronautii-care-au-fost-pe-luna-prinsi-cu-mata-n-sac-cica-ei-n-au-vazut-nicio-stea-de-pe-luna\/"]}]},{"@type":"ImageObject","inLanguage":"ro-RO","@id":"https:\/\/www.lovendal.ro\/wp52\/astronautii-care-au-fost-pe-luna-prinsi-cu-mata-n-sac-cica-ei-n-au-vazut-nicio-stea-de-pe-luna\/#primaryimage","url":"https:\/\/www.lovendal.ro\/wp52\/wp-content\/uploads\/2011\/01\/farsa-pe-Luna.jpg","contentUrl":"https:\/\/www.lovendal.ro\/wp52\/wp-content\/uploads\/2011\/01\/farsa-pe-Luna.jpg","width":"300","height":"262"},{"@type":"BreadcrumbList","@id":"https:\/\/www.lovendal.ro\/wp52\/astronautii-care-au-fost-pe-luna-prinsi-cu-mata-n-sac-cica-ei-n-au-vazut-nicio-stea-de-pe-luna\/#breadcrumb","itemListElement":[{"@type":"ListItem","position":1,"name":"Home","item":"https:\/\/www.lovendal.ro\/wp52\/"},{"@type":"ListItem","position":2,"name":"Astronau\u0163ii care au fost pe Lun\u0103, prin\u015fi cu m\u00e2\u0163a-n sac! Cic\u0103 ei n-au v\u0103zut nicio stea de pe Lun\u0103&#8230;"}]},{"@type":"WebSite","@id":"https:\/\/www.lovendal.ro\/wp52\/#website","url":"https:\/\/www.lovendal.ro\/wp52\/","name":"Secretele lui Lovendal","description":"Site de secrete, stiinta si metafizica - din 2008 -","publisher":{"@id":"https:\/\/www.lovendal.ro\/wp52\/#organization"},"potentialAction":[{"@type":"SearchAction","target":{"@type":"EntryPoint","urlTemplate":"https:\/\/www.lovendal.ro\/wp52\/?s={search_term_string}"},"query-input":{"@type":"PropertyValueSpecification","valueRequired":true,"valueName":"search_term_string"}}],"inLanguage":"ro-RO"},{"@type":"Organization","@id":"https:\/\/www.lovendal.ro\/wp52\/#organization","name":"Secretele lui Lovendal","url":"https:\/\/www.lovendal.ro\/wp52\/","logo":{"@type":"ImageObject","inLanguage":"ro-RO","@id":"https:\/\/www.lovendal.ro\/wp52\/#\/schema\/logo\/image\/","url":"https:\/\/www.lovendal.ro\/wp52\/wp-content\/uploads\/2024\/06\/cropped-SLL-iun-2024-1.jpg","contentUrl":"https:\/\/www.lovendal.ro\/wp52\/wp-content\/uploads\/2024\/06\/cropped-SLL-iun-2024-1.jpg","width":771,"height":240,"caption":"Secretele lui Lovendal"},"image":{"@id":"https:\/\/www.lovendal.ro\/wp52\/#\/schema\/logo\/image\/"},"sameAs":["https:\/\/www.facebook.com\/secreteleluilovendal"]},{"@type":"Person","@id":"https:\/\/www.lovendal.ro\/wp52\/#\/schema\/person\/088691de5dfc346bb0c023e1e52ef5d9","name":"admin","image":{"@type":"ImageObject","inLanguage":"ro-RO","@id":"https:\/\/secure.gravatar.com\/avatar\/ecb9cd41f5f63c9c9b989999a59f6e2639a865ec361e9db054db0679a8f341c2?s=96&d=mm&r=g","url":"https:\/\/secure.gravatar.com\/avatar\/ecb9cd41f5f63c9c9b989999a59f6e2639a865ec361e9db054db0679a8f341c2?s=96&d=mm&r=g","contentUrl":"https:\/\/secure.gravatar.com\/avatar\/ecb9cd41f5f63c9c9b989999a59f6e2639a865ec361e9db054db0679a8f341c2?s=96&d=mm&r=g","caption":"admin"},"sameAs":["https:\/\/www.lovendal.ro\/wp52"]}]}},"_links":{"self":[{"href":"https:\/\/www.lovendal.ro\/wp52\/wp-json\/wp\/v2\/posts\/16496","targetHints":{"allow":["GET"]}}],"collection":[{"href":"https:\/\/www.lovendal.ro\/wp52\/wp-json\/wp\/v2\/posts"}],"about":[{"href":"https:\/\/www.lovendal.ro\/wp52\/wp-json\/wp\/v2\/types\/post"}],"author":[{"embeddable":true,"href":"https:\/\/www.lovendal.ro\/wp52\/wp-json\/wp\/v2\/users\/1"}],"replies":[{"embeddable":true,"href":"https:\/\/www.lovendal.ro\/wp52\/wp-json\/wp\/v2\/comments?post=16496"}],"version-history":[{"count":0,"href":"https:\/\/www.lovendal.ro\/wp52\/wp-json\/wp\/v2\/posts\/16496\/revisions"}],"wp:featuredmedia":[{"embeddable":true,"href":"https:\/\/www.lovendal.ro\/wp52\/wp-json\/wp\/v2\/media\/16497"}],"wp:attachment":[{"href":"https:\/\/www.lovendal.ro\/wp52\/wp-json\/wp\/v2\/media?parent=16496"}],"wp:term":[{"taxonomy":"category","embeddable":true,"href":"https:\/\/www.lovendal.ro\/wp52\/wp-json\/wp\/v2\/categories?post=16496"},{"taxonomy":"post_tag","embeddable":true,"href":"https:\/\/www.lovendal.ro\/wp52\/wp-json\/wp\/v2\/tags?post=16496"}],"curies":[{"name":"wp","href":"https:\/\/api.w.org\/{rel}","templated":true}]}}