{"id":16417,"date":"2011-01-08T20:36:49","date_gmt":"2011-01-08T18:36:49","guid":{"rendered":"http:\/\/www.lovendal.net\/wp52\/?p=16417"},"modified":"2011-01-08T20:36:49","modified_gmt":"2011-01-08T18:36:49","slug":"fantoma-de-la-rondul-gara-din-iasi-1976-ma-ajuta-cineva-s-o-identific","status":"publish","type":"post","link":"https:\/\/www.lovendal.ro\/wp52\/fantoma-de-la-rondul-gara-din-iasi-1976-ma-ajuta-cineva-s-o-identific\/","title":{"rendered":"Fantoma de la Rondul Gar\u0103 din Ia\u015fi (1976)&#8230;m\u0103 ajut\u0103 cineva s-o identific?"},"content":{"rendered":"<figure id=\"attachment_16418\" aria-describedby=\"caption-attachment-16418\" style=\"width: 317px\" class=\"wp-caption alignleft\"><a class=\"highslide\" onclick=\"return vz.expand(this)\" href=\"https:\/\/www.lovendal.ro\/wp52\/wp-content\/uploads\/2011\/01\/Iasi-1976-Rond-Gara.jpg\"><img loading=\"lazy\" decoding=\"async\" class=\"size-full wp-image-16418\" title=\"Iasi - 1976 - Rond Gara\" src=\"https:\/\/www.lovendal.ro\/wp52\/wp-content\/uploads\/2011\/01\/Iasi-1976-Rond-Gara.jpg\" alt=\"Apasati CLICK pe imagine pentru marire\" width=\"327\" height=\"212\" srcset=\"https:\/\/www.lovendal.ro\/wp52\/wp-content\/uploads\/2011\/01\/Iasi-1976-Rond-Gara.jpg 800w, https:\/\/www.lovendal.ro\/wp52\/wp-content\/uploads\/2011\/01\/Iasi-1976-Rond-Gara-300x195.jpg 300w\" sizes=\"auto, (max-width: 327px) 100vw, 327px\" \/><\/a><figcaption id=\"caption-attachment-16418\" class=\"wp-caption-text\">Apasati CLICK pe imagine pentru marire<\/figcaption><\/figure>\n<p>M\u0103 uitam azi prin arhiva cu poze despre vechiul Ia\u015fi (sunt pasionat de ora\u015ful meu natal) \u015fi am g\u0103sit o poz\u0103 intitulat\u0103<em> &#8222;Ia\u015fi, 1976, Rond Gar\u0103&#8221;<\/em>. Cu toate c\u0103 v\u0103zusem poza \u015fi \u00eenainte de c\u00e2teva ori, totu\u015fi abia ast\u0103zi am constatat ceva ciudat la ea. Privi\u0163i-o cu aten\u0163ie, cu foarte mult\u0103 aten\u0163ie (face\u0163i click pe poz\u0103, pentru a o vedea la dimensiunea integral\u0103).<\/p>\n<p>Uita\u0163i-v\u0103 \u00een partea ei dreapt\u0103, jos. Apare conturul unui chip cu plete (greu de dat seama dac\u0103 e femeie sau b\u0103rbat) \u015fi o \u00eembr\u0103c\u0103minte p\u00e2n\u0103 la nivelul abdomenului. Chipul se pare c\u0103 prive\u015fte de sus, undeva \u00een lateral st\u00e2nga sa, \u00een jos.<\/p>\n<p>Dar, privind-o din acela\u015fi unghi, mi-am dat seama c\u0103 ar putea fi figura unui militar, care prive\u015fte de la dreapta la st\u00e2nga, cu un halou negru \u00een jurul capului \u015fi care poart\u0103 o bonet\u0103 militar\u0103 pe cap \u015fi o uniform\u0103 preponderent alb\u0103 \u00een fa\u0163\u0103. Oricare din solu\u0163ii ar fi, e un chip fantomatic&#8230;<\/p>\n<p>Desigur, s-ar putea ca imagina\u0163ia s\u0103-mi joace anumite feste. A\u015fa c\u0103, am nevoie de ajutorul vostru pentru a-mi spune ce reprezint\u0103 de fapt forma\u0163iunea ciudat\u0103 din dreapta jos a imaginii.<\/p>\n","protected":false},"excerpt":{"rendered":"<p>M\u0103 uitam azi prin arhiva cu poze despre vechiul Ia\u015fi (sunt pasionat de ora\u015ful meu natal) \u015fi am g\u0103sit o poz\u0103 intitulat\u0103 &#8222;Ia\u015fi, 1976, Rond Gar\u0103&#8221;. Cu toate c\u0103 v\u0103zusem poza \u015fi \u00eenainte de c\u00e2teva ori, totu\u015fi abia ast\u0103zi am &#8230; <\/p>\n<p class=\"read-more-container\"><a title=\"Fantoma de la Rondul Gar\u0103 din Ia\u015fi (1976)&#8230;m\u0103 ajut\u0103 cineva s-o identific?\" class=\"read-more button\" href=\"https:\/\/www.lovendal.ro\/wp52\/fantoma-de-la-rondul-gara-din-iasi-1976-ma-ajuta-cineva-s-o-identific\/#more-16417\" aria-label=\"Cite\u0219te mai multe despre Fantoma de la Rondul Gar\u0103 din Ia\u015fi (1976)&#8230;m\u0103 ajut\u0103 cineva s-o identific?\">Cititi mai multe<\/a><\/p>\n","protected":false},"author":1,"featured_media":16418,"comment_status":"open","ping_status":"closed","sticky":false,"template":"","format":"standard","meta":{"footnotes":""},"categories":[2761],"tags":[761,3522,329,9812,1658],"class_list":["post-16417","post","type-post","status-publish","format-standard","has-post-thumbnail","hentry","category-poze-controversate","tag-fantoma","tag-gara","tag-iasi","tag-poze-controversate","tag-soldat","resize-featured-image"],"yoast_head":"<!-- This site is optimized with the Yoast SEO Premium plugin v23.3 (Yoast SEO v27.4) - https:\/\/yoast.com\/product\/yoast-seo-premium-wordpress\/ -->\n<title>Fantoma de la Rondul Gar\u0103 din Ia\u015fi (1976)...m\u0103 ajut\u0103 cineva s-o identific? - Secretele lui Lovendal<\/title>\n<meta name=\"robots\" content=\"index, follow, max-snippet:-1, max-image-preview:large, max-video-preview:-1\" \/>\n<link rel=\"canonical\" href=\"https:\/\/www.lovendal.ro\/wp52\/fantoma-de-la-rondul-gara-din-iasi-1976-ma-ajuta-cineva-s-o-identific\/\" \/>\n<meta property=\"og:locale\" content=\"ro_RO\" \/>\n<meta property=\"og:type\" content=\"article\" \/>\n<meta property=\"og:title\" content=\"Fantoma de la Rondul Gar\u0103 din Ia\u015fi (1976)...m\u0103 ajut\u0103 cineva s-o identific?\" \/>\n<meta property=\"og:description\" content=\"M\u0103 uitam azi prin arhiva cu poze despre vechiul Ia\u015fi (sunt pasionat de ora\u015ful meu natal) \u015fi am g\u0103sit o poz\u0103 intitulat\u0103 &#8222;Ia\u015fi, 1976, Rond Gar\u0103&#8221;. Cu toate c\u0103 v\u0103zusem poza \u015fi \u00eenainte de c\u00e2teva ori, totu\u015fi abia ast\u0103zi am ... Cititi mai multe\" \/>\n<meta property=\"og:url\" content=\"https:\/\/www.lovendal.ro\/wp52\/fantoma-de-la-rondul-gara-din-iasi-1976-ma-ajuta-cineva-s-o-identific\/\" \/>\n<meta property=\"og:site_name\" content=\"Secretele lui Lovendal\" \/>\n<meta property=\"article:publisher\" content=\"https:\/\/www.facebook.com\/secreteleluilovendal\" \/>\n<meta property=\"article:published_time\" content=\"2011-01-08T18:36:49+00:00\" \/>\n<meta property=\"og:image\" content=\"https:\/\/www.lovendal.ro\/wp52\/wp-content\/uploads\/2011\/01\/Iasi-1976-Rond-Gara.jpg\" \/>\n\t<meta property=\"og:image:width\" content=\"800\" \/>\n\t<meta property=\"og:image:height\" content=\"520\" \/>\n\t<meta property=\"og:image:type\" content=\"image\/jpeg\" \/>\n<meta name=\"author\" content=\"admin\" \/>\n<meta name=\"twitter:card\" content=\"summary_large_image\" \/>\n<meta name=\"twitter:label1\" content=\"Scris de\" \/>\n\t<meta name=\"twitter:data1\" content=\"admin\" \/>\n\t<meta name=\"twitter:label2\" content=\"Timp estimat pentru citire\" \/>\n\t<meta name=\"twitter:data2\" content=\"1 minut\" \/>\n<script type=\"application\/ld+json\" class=\"yoast-schema-graph\">{\"@context\":\"https:\\\/\\\/schema.org\",\"@graph\":[{\"@type\":\"Article\",\"@id\":\"https:\\\/\\\/www.lovendal.ro\\\/wp52\\\/fantoma-de-la-rondul-gara-din-iasi-1976-ma-ajuta-cineva-s-o-identific\\\/#article\",\"isPartOf\":{\"@id\":\"https:\\\/\\\/www.lovendal.ro\\\/wp52\\\/fantoma-de-la-rondul-gara-din-iasi-1976-ma-ajuta-cineva-s-o-identific\\\/\"},\"author\":{\"name\":\"admin\",\"@id\":\"https:\\\/\\\/www.lovendal.ro\\\/wp52\\\/#\\\/schema\\\/person\\\/088691de5dfc346bb0c023e1e52ef5d9\"},\"headline\":\"Fantoma de la Rondul Gar\u0103 din Ia\u015fi (1976)&#8230;m\u0103 ajut\u0103 cineva s-o identific?\",\"datePublished\":\"2011-01-08T18:36:49+00:00\",\"mainEntityOfPage\":{\"@id\":\"https:\\\/\\\/www.lovendal.ro\\\/wp52\\\/fantoma-de-la-rondul-gara-din-iasi-1976-ma-ajuta-cineva-s-o-identific\\\/\"},\"wordCount\":241,\"commentCount\":54,\"publisher\":{\"@id\":\"https:\\\/\\\/www.lovendal.ro\\\/wp52\\\/#organization\"},\"image\":{\"@id\":\"https:\\\/\\\/www.lovendal.ro\\\/wp52\\\/fantoma-de-la-rondul-gara-din-iasi-1976-ma-ajuta-cineva-s-o-identific\\\/#primaryimage\"},\"thumbnailUrl\":\"https:\\\/\\\/www.lovendal.ro\\\/wp52\\\/wp-content\\\/uploads\\\/2011\\\/01\\\/Iasi-1976-Rond-Gara.jpg\",\"keywords\":[\"fantom\u0103\",\"gar\u0103\",\"Ia\u015fi\",\"Poze controversate\",\"soldat\"],\"articleSection\":[\"Poze controversate\"],\"inLanguage\":\"ro-RO\",\"potentialAction\":[{\"@type\":\"CommentAction\",\"name\":\"Comment\",\"target\":[\"https:\\\/\\\/www.lovendal.ro\\\/wp52\\\/fantoma-de-la-rondul-gara-din-iasi-1976-ma-ajuta-cineva-s-o-identific\\\/#respond\"]}]},{\"@type\":\"WebPage\",\"@id\":\"https:\\\/\\\/www.lovendal.ro\\\/wp52\\\/fantoma-de-la-rondul-gara-din-iasi-1976-ma-ajuta-cineva-s-o-identific\\\/\",\"url\":\"https:\\\/\\\/www.lovendal.ro\\\/wp52\\\/fantoma-de-la-rondul-gara-din-iasi-1976-ma-ajuta-cineva-s-o-identific\\\/\",\"name\":\"Fantoma de la Rondul Gar\u0103 din Ia\u015fi (1976)...m\u0103 ajut\u0103 cineva s-o identific? - Secretele lui Lovendal\",\"isPartOf\":{\"@id\":\"https:\\\/\\\/www.lovendal.ro\\\/wp52\\\/#website\"},\"primaryImageOfPage\":{\"@id\":\"https:\\\/\\\/www.lovendal.ro\\\/wp52\\\/fantoma-de-la-rondul-gara-din-iasi-1976-ma-ajuta-cineva-s-o-identific\\\/#primaryimage\"},\"image\":{\"@id\":\"https:\\\/\\\/www.lovendal.ro\\\/wp52\\\/fantoma-de-la-rondul-gara-din-iasi-1976-ma-ajuta-cineva-s-o-identific\\\/#primaryimage\"},\"thumbnailUrl\":\"https:\\\/\\\/www.lovendal.ro\\\/wp52\\\/wp-content\\\/uploads\\\/2011\\\/01\\\/Iasi-1976-Rond-Gara.jpg\",\"datePublished\":\"2011-01-08T18:36:49+00:00\",\"breadcrumb\":{\"@id\":\"https:\\\/\\\/www.lovendal.ro\\\/wp52\\\/fantoma-de-la-rondul-gara-din-iasi-1976-ma-ajuta-cineva-s-o-identific\\\/#breadcrumb\"},\"inLanguage\":\"ro-RO\",\"potentialAction\":[{\"@type\":\"ReadAction\",\"target\":[\"https:\\\/\\\/www.lovendal.ro\\\/wp52\\\/fantoma-de-la-rondul-gara-din-iasi-1976-ma-ajuta-cineva-s-o-identific\\\/\"]}]},{\"@type\":\"ImageObject\",\"inLanguage\":\"ro-RO\",\"@id\":\"https:\\\/\\\/www.lovendal.ro\\\/wp52\\\/fantoma-de-la-rondul-gara-din-iasi-1976-ma-ajuta-cineva-s-o-identific\\\/#primaryimage\",\"url\":\"https:\\\/\\\/www.lovendal.ro\\\/wp52\\\/wp-content\\\/uploads\\\/2011\\\/01\\\/Iasi-1976-Rond-Gara.jpg\",\"contentUrl\":\"https:\\\/\\\/www.lovendal.ro\\\/wp52\\\/wp-content\\\/uploads\\\/2011\\\/01\\\/Iasi-1976-Rond-Gara.jpg\",\"width\":\"800\",\"height\":\"520\",\"caption\":\"Apasati CLICK pe imagine pentru marire\"},{\"@type\":\"BreadcrumbList\",\"@id\":\"https:\\\/\\\/www.lovendal.ro\\\/wp52\\\/fantoma-de-la-rondul-gara-din-iasi-1976-ma-ajuta-cineva-s-o-identific\\\/#breadcrumb\",\"itemListElement\":[{\"@type\":\"ListItem\",\"position\":1,\"name\":\"Home\",\"item\":\"https:\\\/\\\/www.lovendal.ro\\\/wp52\\\/\"},{\"@type\":\"ListItem\",\"position\":2,\"name\":\"Fantoma de la Rondul Gar\u0103 din Ia\u015fi (1976)&#8230;m\u0103 ajut\u0103 cineva s-o identific?\"}]},{\"@type\":\"WebSite\",\"@id\":\"https:\\\/\\\/www.lovendal.ro\\\/wp52\\\/#website\",\"url\":\"https:\\\/\\\/www.lovendal.ro\\\/wp52\\\/\",\"name\":\"Secretele lui Lovendal\",\"description\":\"Site de secrete, stiinta si metafizica - din 2008 -\",\"publisher\":{\"@id\":\"https:\\\/\\\/www.lovendal.ro\\\/wp52\\\/#organization\"},\"potentialAction\":[{\"@type\":\"SearchAction\",\"target\":{\"@type\":\"EntryPoint\",\"urlTemplate\":\"https:\\\/\\\/www.lovendal.ro\\\/wp52\\\/?s={search_term_string}\"},\"query-input\":{\"@type\":\"PropertyValueSpecification\",\"valueRequired\":true,\"valueName\":\"search_term_string\"}}],\"inLanguage\":\"ro-RO\"},{\"@type\":\"Organization\",\"@id\":\"https:\\\/\\\/www.lovendal.ro\\\/wp52\\\/#organization\",\"name\":\"Secretele lui Lovendal\",\"url\":\"https:\\\/\\\/www.lovendal.ro\\\/wp52\\\/\",\"logo\":{\"@type\":\"ImageObject\",\"inLanguage\":\"ro-RO\",\"@id\":\"https:\\\/\\\/www.lovendal.ro\\\/wp52\\\/#\\\/schema\\\/logo\\\/image\\\/\",\"url\":\"https:\\\/\\\/www.lovendal.ro\\\/wp52\\\/wp-content\\\/uploads\\\/2024\\\/06\\\/cropped-SLL-iun-2024-1.jpg\",\"contentUrl\":\"https:\\\/\\\/www.lovendal.ro\\\/wp52\\\/wp-content\\\/uploads\\\/2024\\\/06\\\/cropped-SLL-iun-2024-1.jpg\",\"width\":771,\"height\":240,\"caption\":\"Secretele lui Lovendal\"},\"image\":{\"@id\":\"https:\\\/\\\/www.lovendal.ro\\\/wp52\\\/#\\\/schema\\\/logo\\\/image\\\/\"},\"sameAs\":[\"https:\\\/\\\/www.facebook.com\\\/secreteleluilovendal\"]},{\"@type\":\"Person\",\"@id\":\"https:\\\/\\\/www.lovendal.ro\\\/wp52\\\/#\\\/schema\\\/person\\\/088691de5dfc346bb0c023e1e52ef5d9\",\"name\":\"admin\",\"image\":{\"@type\":\"ImageObject\",\"inLanguage\":\"ro-RO\",\"@id\":\"https:\\\/\\\/secure.gravatar.com\\\/avatar\\\/ecb9cd41f5f63c9c9b989999a59f6e2639a865ec361e9db054db0679a8f341c2?s=96&d=mm&r=g\",\"url\":\"https:\\\/\\\/secure.gravatar.com\\\/avatar\\\/ecb9cd41f5f63c9c9b989999a59f6e2639a865ec361e9db054db0679a8f341c2?s=96&d=mm&r=g\",\"contentUrl\":\"https:\\\/\\\/secure.gravatar.com\\\/avatar\\\/ecb9cd41f5f63c9c9b989999a59f6e2639a865ec361e9db054db0679a8f341c2?s=96&d=mm&r=g\",\"caption\":\"admin\"},\"sameAs\":[\"https:\\\/\\\/www.lovendal.ro\\\/wp52\"]}]}<\/script>\n<!-- \/ Yoast SEO Premium plugin. -->","yoast_head_json":{"title":"Fantoma de la Rondul Gar\u0103 din Ia\u015fi (1976)...m\u0103 ajut\u0103 cineva s-o identific? - Secretele lui Lovendal","robots":{"index":"index","follow":"follow","max-snippet":"max-snippet:-1","max-image-preview":"max-image-preview:large","max-video-preview":"max-video-preview:-1"},"canonical":"https:\/\/www.lovendal.ro\/wp52\/fantoma-de-la-rondul-gara-din-iasi-1976-ma-ajuta-cineva-s-o-identific\/","og_locale":"ro_RO","og_type":"article","og_title":"Fantoma de la Rondul Gar\u0103 din Ia\u015fi (1976)...m\u0103 ajut\u0103 cineva s-o identific?","og_description":"M\u0103 uitam azi prin arhiva cu poze despre vechiul Ia\u015fi (sunt pasionat de ora\u015ful meu natal) \u015fi am g\u0103sit o poz\u0103 intitulat\u0103 &#8222;Ia\u015fi, 1976, Rond Gar\u0103&#8221;. Cu toate c\u0103 v\u0103zusem poza \u015fi \u00eenainte de c\u00e2teva ori, totu\u015fi abia ast\u0103zi am ... Cititi mai multe","og_url":"https:\/\/www.lovendal.ro\/wp52\/fantoma-de-la-rondul-gara-din-iasi-1976-ma-ajuta-cineva-s-o-identific\/","og_site_name":"Secretele lui Lovendal","article_publisher":"https:\/\/www.facebook.com\/secreteleluilovendal","article_published_time":"2011-01-08T18:36:49+00:00","og_image":[{"width":800,"height":520,"url":"https:\/\/www.lovendal.ro\/wp52\/wp-content\/uploads\/2011\/01\/Iasi-1976-Rond-Gara.jpg","type":"image\/jpeg"}],"author":"admin","twitter_card":"summary_large_image","twitter_misc":{"Scris de":"admin","Timp estimat pentru citire":"1 minut"},"schema":{"@context":"https:\/\/schema.org","@graph":[{"@type":"Article","@id":"https:\/\/www.lovendal.ro\/wp52\/fantoma-de-la-rondul-gara-din-iasi-1976-ma-ajuta-cineva-s-o-identific\/#article","isPartOf":{"@id":"https:\/\/www.lovendal.ro\/wp52\/fantoma-de-la-rondul-gara-din-iasi-1976-ma-ajuta-cineva-s-o-identific\/"},"author":{"name":"admin","@id":"https:\/\/www.lovendal.ro\/wp52\/#\/schema\/person\/088691de5dfc346bb0c023e1e52ef5d9"},"headline":"Fantoma de la Rondul Gar\u0103 din Ia\u015fi (1976)&#8230;m\u0103 ajut\u0103 cineva s-o identific?","datePublished":"2011-01-08T18:36:49+00:00","mainEntityOfPage":{"@id":"https:\/\/www.lovendal.ro\/wp52\/fantoma-de-la-rondul-gara-din-iasi-1976-ma-ajuta-cineva-s-o-identific\/"},"wordCount":241,"commentCount":54,"publisher":{"@id":"https:\/\/www.lovendal.ro\/wp52\/#organization"},"image":{"@id":"https:\/\/www.lovendal.ro\/wp52\/fantoma-de-la-rondul-gara-din-iasi-1976-ma-ajuta-cineva-s-o-identific\/#primaryimage"},"thumbnailUrl":"https:\/\/www.lovendal.ro\/wp52\/wp-content\/uploads\/2011\/01\/Iasi-1976-Rond-Gara.jpg","keywords":["fantom\u0103","gar\u0103","Ia\u015fi","Poze controversate","soldat"],"articleSection":["Poze controversate"],"inLanguage":"ro-RO","potentialAction":[{"@type":"CommentAction","name":"Comment","target":["https:\/\/www.lovendal.ro\/wp52\/fantoma-de-la-rondul-gara-din-iasi-1976-ma-ajuta-cineva-s-o-identific\/#respond"]}]},{"@type":"WebPage","@id":"https:\/\/www.lovendal.ro\/wp52\/fantoma-de-la-rondul-gara-din-iasi-1976-ma-ajuta-cineva-s-o-identific\/","url":"https:\/\/www.lovendal.ro\/wp52\/fantoma-de-la-rondul-gara-din-iasi-1976-ma-ajuta-cineva-s-o-identific\/","name":"Fantoma de la Rondul Gar\u0103 din Ia\u015fi (1976)...m\u0103 ajut\u0103 cineva s-o identific? - Secretele lui Lovendal","isPartOf":{"@id":"https:\/\/www.lovendal.ro\/wp52\/#website"},"primaryImageOfPage":{"@id":"https:\/\/www.lovendal.ro\/wp52\/fantoma-de-la-rondul-gara-din-iasi-1976-ma-ajuta-cineva-s-o-identific\/#primaryimage"},"image":{"@id":"https:\/\/www.lovendal.ro\/wp52\/fantoma-de-la-rondul-gara-din-iasi-1976-ma-ajuta-cineva-s-o-identific\/#primaryimage"},"thumbnailUrl":"https:\/\/www.lovendal.ro\/wp52\/wp-content\/uploads\/2011\/01\/Iasi-1976-Rond-Gara.jpg","datePublished":"2011-01-08T18:36:49+00:00","breadcrumb":{"@id":"https:\/\/www.lovendal.ro\/wp52\/fantoma-de-la-rondul-gara-din-iasi-1976-ma-ajuta-cineva-s-o-identific\/#breadcrumb"},"inLanguage":"ro-RO","potentialAction":[{"@type":"ReadAction","target":["https:\/\/www.lovendal.ro\/wp52\/fantoma-de-la-rondul-gara-din-iasi-1976-ma-ajuta-cineva-s-o-identific\/"]}]},{"@type":"ImageObject","inLanguage":"ro-RO","@id":"https:\/\/www.lovendal.ro\/wp52\/fantoma-de-la-rondul-gara-din-iasi-1976-ma-ajuta-cineva-s-o-identific\/#primaryimage","url":"https:\/\/www.lovendal.ro\/wp52\/wp-content\/uploads\/2011\/01\/Iasi-1976-Rond-Gara.jpg","contentUrl":"https:\/\/www.lovendal.ro\/wp52\/wp-content\/uploads\/2011\/01\/Iasi-1976-Rond-Gara.jpg","width":"800","height":"520","caption":"Apasati CLICK pe imagine pentru marire"},{"@type":"BreadcrumbList","@id":"https:\/\/www.lovendal.ro\/wp52\/fantoma-de-la-rondul-gara-din-iasi-1976-ma-ajuta-cineva-s-o-identific\/#breadcrumb","itemListElement":[{"@type":"ListItem","position":1,"name":"Home","item":"https:\/\/www.lovendal.ro\/wp52\/"},{"@type":"ListItem","position":2,"name":"Fantoma de la Rondul Gar\u0103 din Ia\u015fi (1976)&#8230;m\u0103 ajut\u0103 cineva s-o identific?"}]},{"@type":"WebSite","@id":"https:\/\/www.lovendal.ro\/wp52\/#website","url":"https:\/\/www.lovendal.ro\/wp52\/","name":"Secretele lui Lovendal","description":"Site de secrete, stiinta si metafizica - din 2008 -","publisher":{"@id":"https:\/\/www.lovendal.ro\/wp52\/#organization"},"potentialAction":[{"@type":"SearchAction","target":{"@type":"EntryPoint","urlTemplate":"https:\/\/www.lovendal.ro\/wp52\/?s={search_term_string}"},"query-input":{"@type":"PropertyValueSpecification","valueRequired":true,"valueName":"search_term_string"}}],"inLanguage":"ro-RO"},{"@type":"Organization","@id":"https:\/\/www.lovendal.ro\/wp52\/#organization","name":"Secretele lui Lovendal","url":"https:\/\/www.lovendal.ro\/wp52\/","logo":{"@type":"ImageObject","inLanguage":"ro-RO","@id":"https:\/\/www.lovendal.ro\/wp52\/#\/schema\/logo\/image\/","url":"https:\/\/www.lovendal.ro\/wp52\/wp-content\/uploads\/2024\/06\/cropped-SLL-iun-2024-1.jpg","contentUrl":"https:\/\/www.lovendal.ro\/wp52\/wp-content\/uploads\/2024\/06\/cropped-SLL-iun-2024-1.jpg","width":771,"height":240,"caption":"Secretele lui Lovendal"},"image":{"@id":"https:\/\/www.lovendal.ro\/wp52\/#\/schema\/logo\/image\/"},"sameAs":["https:\/\/www.facebook.com\/secreteleluilovendal"]},{"@type":"Person","@id":"https:\/\/www.lovendal.ro\/wp52\/#\/schema\/person\/088691de5dfc346bb0c023e1e52ef5d9","name":"admin","image":{"@type":"ImageObject","inLanguage":"ro-RO","@id":"https:\/\/secure.gravatar.com\/avatar\/ecb9cd41f5f63c9c9b989999a59f6e2639a865ec361e9db054db0679a8f341c2?s=96&d=mm&r=g","url":"https:\/\/secure.gravatar.com\/avatar\/ecb9cd41f5f63c9c9b989999a59f6e2639a865ec361e9db054db0679a8f341c2?s=96&d=mm&r=g","contentUrl":"https:\/\/secure.gravatar.com\/avatar\/ecb9cd41f5f63c9c9b989999a59f6e2639a865ec361e9db054db0679a8f341c2?s=96&d=mm&r=g","caption":"admin"},"sameAs":["https:\/\/www.lovendal.ro\/wp52"]}]}},"_links":{"self":[{"href":"https:\/\/www.lovendal.ro\/wp52\/wp-json\/wp\/v2\/posts\/16417","targetHints":{"allow":["GET"]}}],"collection":[{"href":"https:\/\/www.lovendal.ro\/wp52\/wp-json\/wp\/v2\/posts"}],"about":[{"href":"https:\/\/www.lovendal.ro\/wp52\/wp-json\/wp\/v2\/types\/post"}],"author":[{"embeddable":true,"href":"https:\/\/www.lovendal.ro\/wp52\/wp-json\/wp\/v2\/users\/1"}],"replies":[{"embeddable":true,"href":"https:\/\/www.lovendal.ro\/wp52\/wp-json\/wp\/v2\/comments?post=16417"}],"version-history":[{"count":0,"href":"https:\/\/www.lovendal.ro\/wp52\/wp-json\/wp\/v2\/posts\/16417\/revisions"}],"wp:featuredmedia":[{"embeddable":true,"href":"https:\/\/www.lovendal.ro\/wp52\/wp-json\/wp\/v2\/media\/16418"}],"wp:attachment":[{"href":"https:\/\/www.lovendal.ro\/wp52\/wp-json\/wp\/v2\/media?parent=16417"}],"wp:term":[{"taxonomy":"category","embeddable":true,"href":"https:\/\/www.lovendal.ro\/wp52\/wp-json\/wp\/v2\/categories?post=16417"},{"taxonomy":"post_tag","embeddable":true,"href":"https:\/\/www.lovendal.ro\/wp52\/wp-json\/wp\/v2\/tags?post=16417"}],"curies":[{"name":"wp","href":"https:\/\/api.w.org\/{rel}","templated":true}]}}