{"id":16381,"date":"2011-01-06T09:46:11","date_gmt":"2011-01-06T07:46:11","guid":{"rendered":"http:\/\/www.lovendal.net\/wp52\/?p=16381"},"modified":"2011-01-06T09:46:11","modified_gmt":"2011-01-06T07:46:11","slug":"evreu-spanzurat-pentru-calomnie-se-intampla-pe-timpul-lui-ioan-mavrocordat-voda","status":"publish","type":"post","link":"https:\/\/www.lovendal.ro\/wp52\/evreu-spanzurat-pentru-calomnie-se-intampla-pe-timpul-lui-ioan-mavrocordat-voda\/","title":{"rendered":"Evreu sp\u00e2nzurat pentru calomnie! Se \u00eent\u00e2mpla pe timpul lui Ioan Mavrocordat Vod\u0103&#8230;"},"content":{"rendered":"<p><a href=\"https:\/\/www.lovendal.ro\/wp52\/wp-content\/uploads\/2011\/01\/spanzurare50.jpg\"><img loading=\"lazy\" decoding=\"async\" class=\"alignleft size-full wp-image-16382\" title=\"spanzurare50\" src=\"https:\/\/www.lovendal.ro\/wp52\/wp-content\/uploads\/2011\/01\/spanzurare50.jpg\" alt=\"\" width=\"299\" height=\"219\" \/><\/a>Ioan Mavrocordat Vod\u0103 a fost domnitor al Moldovei \u00eentre anii 1743 \u015fi 1747. \u00cen aceast\u0103 perioad\u0103, el avu o problem\u0103 cu un evreu. Se \u00eent\u00e2mpl\u0103 c\u0103 un evreu dintr-un sat al sp\u0103tarului Iordaki Cantacuzino, s\u0103r\u0103cind \u015fi av\u00e2nd datorii, ca s\u0103 nu fie pus la \u00eenchisoare, fugi la Constantinopol (capitala Imperiului Otoman), unde unindu-se cu al\u0163i evrei, \u00eel p\u00e2r\u00ee pe Ion Mavrocordat cu diferite vini \u00eenchipuite, care ajunse p\u00e2n\u0103 la urechile sultanului Mahmud I (sultan \u00eentre 1730 \u015fi 1754).<\/p>\n<p>Acesta se \u00eenduio\u015fa \u015fi trimese la Ia\u015fi pe un cadiu de-al s\u0103u (judec\u0103tor) s\u0103-l cerceteze pe Ioan Mavrocordat Vod\u0103; dar la judecat\u0103, evreul neput\u00e2nd da nici o dovad\u0103 de cele spuse, cadiul hot\u0103r\u00ee ca evreul s\u0103 fie sp\u00e2nzurat pentru p\u00e2ra nedreapt\u0103 f\u0103cut\u0103 domnitorului, lucru care se \u015fi f\u0103cu \u00eendat\u0103, fiind dus evreul \u015fi sp\u00e2nzurat \u00een capitala Moldovei (\u00een Ia\u015fi). l\u00e2ng\u0103 Hahamba\u015fa, unde fu \u0163inut trei zile.<\/p>\n<p>S\u0103 se \u00eenve\u0163e minte evreii \u00een viitor \u00een a mai calomnia pe cineva!<\/p>\n","protected":false},"excerpt":{"rendered":"<p>Ioan Mavrocordat Vod\u0103 a fost domnitor al Moldovei \u00eentre anii 1743 \u015fi 1747. \u00cen aceast\u0103 perioad\u0103, el avu o problem\u0103 cu un evreu. Se \u00eent\u00e2mpl\u0103 c\u0103 un evreu dintr-un sat al sp\u0103tarului Iordaki Cantacuzino, s\u0103r\u0103cind \u015fi av\u00e2nd datorii, ca s\u0103 &#8230; <\/p>\n<p class=\"read-more-container\"><a title=\"Evreu sp\u00e2nzurat pentru calomnie! Se \u00eent\u00e2mpla pe timpul lui Ioan Mavrocordat Vod\u0103&#8230;\" class=\"read-more button\" href=\"https:\/\/www.lovendal.ro\/wp52\/evreu-spanzurat-pentru-calomnie-se-intampla-pe-timpul-lui-ioan-mavrocordat-voda\/#more-16381\" aria-label=\"Cite\u0219te mai multe despre Evreu sp\u00e2nzurat pentru calomnie! Se \u00eent\u00e2mpla pe timpul lui Ioan Mavrocordat Vod\u0103&#8230;\">Cititi mai multe<\/a><\/p>\n","protected":false},"author":1,"featured_media":16382,"comment_status":"open","ping_status":"closed","sticky":false,"template":"","format":"standard","meta":{"footnotes":""},"categories":[9],"tags":[1428,3271,329,549,3871,1532,3872,377,1058,721],"class_list":["post-16381","post","type-post","status-publish","format-standard","has-post-thumbnail","hentry","category-istorie","tag-domnitor","tag-evreu","tag-iasi","tag-imperiul-otoman","tag-ioan-mavrocordat-voda","tag-istorie-si-civilizatii","tag-mahmud-i","tag-moldova","tag-spanzuratoare","tag-sultan","resize-featured-image"],"yoast_head":"<!-- This site is optimized with the Yoast SEO Premium plugin v23.3 (Yoast SEO v27.4) - https:\/\/yoast.com\/product\/yoast-seo-premium-wordpress\/ -->\n<title>Evreu sp\u00e2nzurat pentru calomnie! Se \u00eent\u00e2mpla pe timpul lui Ioan Mavrocordat Vod\u0103... - Secretele lui Lovendal<\/title>\n<meta name=\"robots\" content=\"index, follow, max-snippet:-1, max-image-preview:large, max-video-preview:-1\" \/>\n<link rel=\"canonical\" href=\"https:\/\/www.lovendal.ro\/wp52\/evreu-spanzurat-pentru-calomnie-se-intampla-pe-timpul-lui-ioan-mavrocordat-voda\/\" \/>\n<meta property=\"og:locale\" content=\"ro_RO\" \/>\n<meta property=\"og:type\" content=\"article\" \/>\n<meta property=\"og:title\" content=\"Evreu sp\u00e2nzurat pentru calomnie! Se \u00eent\u00e2mpla pe timpul lui Ioan Mavrocordat Vod\u0103...\" \/>\n<meta property=\"og:description\" content=\"Ioan Mavrocordat Vod\u0103 a fost domnitor al Moldovei \u00eentre anii 1743 \u015fi 1747. \u00cen aceast\u0103 perioad\u0103, el avu o problem\u0103 cu un evreu. Se \u00eent\u00e2mpl\u0103 c\u0103 un evreu dintr-un sat al sp\u0103tarului Iordaki Cantacuzino, s\u0103r\u0103cind \u015fi av\u00e2nd datorii, ca s\u0103 ... Cititi mai multe\" \/>\n<meta property=\"og:url\" content=\"https:\/\/www.lovendal.ro\/wp52\/evreu-spanzurat-pentru-calomnie-se-intampla-pe-timpul-lui-ioan-mavrocordat-voda\/\" \/>\n<meta property=\"og:site_name\" content=\"Secretele lui Lovendal\" \/>\n<meta property=\"article:publisher\" content=\"https:\/\/www.facebook.com\/secreteleluilovendal\" \/>\n<meta property=\"article:published_time\" content=\"2011-01-06T07:46:11+00:00\" \/>\n<meta property=\"og:image\" content=\"https:\/\/www.lovendal.ro\/wp52\/wp-content\/uploads\/2011\/01\/spanzurare50.jpg\" \/>\n\t<meta property=\"og:image:width\" content=\"299\" \/>\n\t<meta property=\"og:image:height\" content=\"219\" \/>\n\t<meta property=\"og:image:type\" content=\"image\/jpeg\" \/>\n<meta name=\"author\" content=\"admin\" \/>\n<meta name=\"twitter:card\" content=\"summary_large_image\" \/>\n<meta name=\"twitter:label1\" content=\"Scris de\" \/>\n\t<meta name=\"twitter:data1\" content=\"admin\" \/>\n\t<meta name=\"twitter:label2\" content=\"Timp estimat pentru citire\" \/>\n\t<meta name=\"twitter:data2\" content=\"1 minut\" \/>\n<script type=\"application\/ld+json\" class=\"yoast-schema-graph\">{\"@context\":\"https:\\\/\\\/schema.org\",\"@graph\":[{\"@type\":\"Article\",\"@id\":\"https:\\\/\\\/www.lovendal.ro\\\/wp52\\\/evreu-spanzurat-pentru-calomnie-se-intampla-pe-timpul-lui-ioan-mavrocordat-voda\\\/#article\",\"isPartOf\":{\"@id\":\"https:\\\/\\\/www.lovendal.ro\\\/wp52\\\/evreu-spanzurat-pentru-calomnie-se-intampla-pe-timpul-lui-ioan-mavrocordat-voda\\\/\"},\"author\":{\"name\":\"admin\",\"@id\":\"https:\\\/\\\/www.lovendal.ro\\\/wp52\\\/#\\\/schema\\\/person\\\/088691de5dfc346bb0c023e1e52ef5d9\"},\"headline\":\"Evreu sp\u00e2nzurat pentru calomnie! Se \u00eent\u00e2mpla pe timpul lui Ioan Mavrocordat Vod\u0103&#8230;\",\"datePublished\":\"2011-01-06T07:46:11+00:00\",\"mainEntityOfPage\":{\"@id\":\"https:\\\/\\\/www.lovendal.ro\\\/wp52\\\/evreu-spanzurat-pentru-calomnie-se-intampla-pe-timpul-lui-ioan-mavrocordat-voda\\\/\"},\"wordCount\":191,\"commentCount\":17,\"publisher\":{\"@id\":\"https:\\\/\\\/www.lovendal.ro\\\/wp52\\\/#organization\"},\"image\":{\"@id\":\"https:\\\/\\\/www.lovendal.ro\\\/wp52\\\/evreu-spanzurat-pentru-calomnie-se-intampla-pe-timpul-lui-ioan-mavrocordat-voda\\\/#primaryimage\"},\"thumbnailUrl\":\"https:\\\/\\\/www.lovendal.ro\\\/wp52\\\/wp-content\\\/uploads\\\/2011\\\/01\\\/spanzurare50.jpg\",\"keywords\":[\"domnitor\",\"evreu\",\"Ia\u015fi\",\"Imperiul Otoman\",\"Ioan Mavrocordat Vod\u0103\",\"Istorie si Civilizatii\",\"Mahmud I\",\"Moldova\",\"sp\u00e2nzur\u0103toare\",\"sultan\"],\"articleSection\":[\"Istorie si Civilizatii\"],\"inLanguage\":\"ro-RO\",\"potentialAction\":[{\"@type\":\"CommentAction\",\"name\":\"Comment\",\"target\":[\"https:\\\/\\\/www.lovendal.ro\\\/wp52\\\/evreu-spanzurat-pentru-calomnie-se-intampla-pe-timpul-lui-ioan-mavrocordat-voda\\\/#respond\"]}]},{\"@type\":\"WebPage\",\"@id\":\"https:\\\/\\\/www.lovendal.ro\\\/wp52\\\/evreu-spanzurat-pentru-calomnie-se-intampla-pe-timpul-lui-ioan-mavrocordat-voda\\\/\",\"url\":\"https:\\\/\\\/www.lovendal.ro\\\/wp52\\\/evreu-spanzurat-pentru-calomnie-se-intampla-pe-timpul-lui-ioan-mavrocordat-voda\\\/\",\"name\":\"Evreu sp\u00e2nzurat pentru calomnie! Se \u00eent\u00e2mpla pe timpul lui Ioan Mavrocordat Vod\u0103... - Secretele lui Lovendal\",\"isPartOf\":{\"@id\":\"https:\\\/\\\/www.lovendal.ro\\\/wp52\\\/#website\"},\"primaryImageOfPage\":{\"@id\":\"https:\\\/\\\/www.lovendal.ro\\\/wp52\\\/evreu-spanzurat-pentru-calomnie-se-intampla-pe-timpul-lui-ioan-mavrocordat-voda\\\/#primaryimage\"},\"image\":{\"@id\":\"https:\\\/\\\/www.lovendal.ro\\\/wp52\\\/evreu-spanzurat-pentru-calomnie-se-intampla-pe-timpul-lui-ioan-mavrocordat-voda\\\/#primaryimage\"},\"thumbnailUrl\":\"https:\\\/\\\/www.lovendal.ro\\\/wp52\\\/wp-content\\\/uploads\\\/2011\\\/01\\\/spanzurare50.jpg\",\"datePublished\":\"2011-01-06T07:46:11+00:00\",\"breadcrumb\":{\"@id\":\"https:\\\/\\\/www.lovendal.ro\\\/wp52\\\/evreu-spanzurat-pentru-calomnie-se-intampla-pe-timpul-lui-ioan-mavrocordat-voda\\\/#breadcrumb\"},\"inLanguage\":\"ro-RO\",\"potentialAction\":[{\"@type\":\"ReadAction\",\"target\":[\"https:\\\/\\\/www.lovendal.ro\\\/wp52\\\/evreu-spanzurat-pentru-calomnie-se-intampla-pe-timpul-lui-ioan-mavrocordat-voda\\\/\"]}]},{\"@type\":\"ImageObject\",\"inLanguage\":\"ro-RO\",\"@id\":\"https:\\\/\\\/www.lovendal.ro\\\/wp52\\\/evreu-spanzurat-pentru-calomnie-se-intampla-pe-timpul-lui-ioan-mavrocordat-voda\\\/#primaryimage\",\"url\":\"https:\\\/\\\/www.lovendal.ro\\\/wp52\\\/wp-content\\\/uploads\\\/2011\\\/01\\\/spanzurare50.jpg\",\"contentUrl\":\"https:\\\/\\\/www.lovendal.ro\\\/wp52\\\/wp-content\\\/uploads\\\/2011\\\/01\\\/spanzurare50.jpg\",\"width\":\"299\",\"height\":\"219\"},{\"@type\":\"BreadcrumbList\",\"@id\":\"https:\\\/\\\/www.lovendal.ro\\\/wp52\\\/evreu-spanzurat-pentru-calomnie-se-intampla-pe-timpul-lui-ioan-mavrocordat-voda\\\/#breadcrumb\",\"itemListElement\":[{\"@type\":\"ListItem\",\"position\":1,\"name\":\"Home\",\"item\":\"https:\\\/\\\/www.lovendal.ro\\\/wp52\\\/\"},{\"@type\":\"ListItem\",\"position\":2,\"name\":\"Evreu sp\u00e2nzurat pentru calomnie! Se \u00eent\u00e2mpla pe timpul lui Ioan Mavrocordat Vod\u0103&#8230;\"}]},{\"@type\":\"WebSite\",\"@id\":\"https:\\\/\\\/www.lovendal.ro\\\/wp52\\\/#website\",\"url\":\"https:\\\/\\\/www.lovendal.ro\\\/wp52\\\/\",\"name\":\"Secretele lui Lovendal\",\"description\":\"Site de secrete, stiinta si metafizica - din 2008 -\",\"publisher\":{\"@id\":\"https:\\\/\\\/www.lovendal.ro\\\/wp52\\\/#organization\"},\"potentialAction\":[{\"@type\":\"SearchAction\",\"target\":{\"@type\":\"EntryPoint\",\"urlTemplate\":\"https:\\\/\\\/www.lovendal.ro\\\/wp52\\\/?s={search_term_string}\"},\"query-input\":{\"@type\":\"PropertyValueSpecification\",\"valueRequired\":true,\"valueName\":\"search_term_string\"}}],\"inLanguage\":\"ro-RO\"},{\"@type\":\"Organization\",\"@id\":\"https:\\\/\\\/www.lovendal.ro\\\/wp52\\\/#organization\",\"name\":\"Secretele lui Lovendal\",\"url\":\"https:\\\/\\\/www.lovendal.ro\\\/wp52\\\/\",\"logo\":{\"@type\":\"ImageObject\",\"inLanguage\":\"ro-RO\",\"@id\":\"https:\\\/\\\/www.lovendal.ro\\\/wp52\\\/#\\\/schema\\\/logo\\\/image\\\/\",\"url\":\"https:\\\/\\\/www.lovendal.ro\\\/wp52\\\/wp-content\\\/uploads\\\/2024\\\/06\\\/cropped-SLL-iun-2024-1.jpg\",\"contentUrl\":\"https:\\\/\\\/www.lovendal.ro\\\/wp52\\\/wp-content\\\/uploads\\\/2024\\\/06\\\/cropped-SLL-iun-2024-1.jpg\",\"width\":771,\"height\":240,\"caption\":\"Secretele lui Lovendal\"},\"image\":{\"@id\":\"https:\\\/\\\/www.lovendal.ro\\\/wp52\\\/#\\\/schema\\\/logo\\\/image\\\/\"},\"sameAs\":[\"https:\\\/\\\/www.facebook.com\\\/secreteleluilovendal\"]},{\"@type\":\"Person\",\"@id\":\"https:\\\/\\\/www.lovendal.ro\\\/wp52\\\/#\\\/schema\\\/person\\\/088691de5dfc346bb0c023e1e52ef5d9\",\"name\":\"admin\",\"image\":{\"@type\":\"ImageObject\",\"inLanguage\":\"ro-RO\",\"@id\":\"https:\\\/\\\/secure.gravatar.com\\\/avatar\\\/ecb9cd41f5f63c9c9b989999a59f6e2639a865ec361e9db054db0679a8f341c2?s=96&d=mm&r=g\",\"url\":\"https:\\\/\\\/secure.gravatar.com\\\/avatar\\\/ecb9cd41f5f63c9c9b989999a59f6e2639a865ec361e9db054db0679a8f341c2?s=96&d=mm&r=g\",\"contentUrl\":\"https:\\\/\\\/secure.gravatar.com\\\/avatar\\\/ecb9cd41f5f63c9c9b989999a59f6e2639a865ec361e9db054db0679a8f341c2?s=96&d=mm&r=g\",\"caption\":\"admin\"},\"sameAs\":[\"https:\\\/\\\/www.lovendal.ro\\\/wp52\"]}]}<\/script>\n<!-- \/ Yoast SEO Premium plugin. -->","yoast_head_json":{"title":"Evreu sp\u00e2nzurat pentru calomnie! Se \u00eent\u00e2mpla pe timpul lui Ioan Mavrocordat Vod\u0103... - Secretele lui Lovendal","robots":{"index":"index","follow":"follow","max-snippet":"max-snippet:-1","max-image-preview":"max-image-preview:large","max-video-preview":"max-video-preview:-1"},"canonical":"https:\/\/www.lovendal.ro\/wp52\/evreu-spanzurat-pentru-calomnie-se-intampla-pe-timpul-lui-ioan-mavrocordat-voda\/","og_locale":"ro_RO","og_type":"article","og_title":"Evreu sp\u00e2nzurat pentru calomnie! Se \u00eent\u00e2mpla pe timpul lui Ioan Mavrocordat Vod\u0103...","og_description":"Ioan Mavrocordat Vod\u0103 a fost domnitor al Moldovei \u00eentre anii 1743 \u015fi 1747. \u00cen aceast\u0103 perioad\u0103, el avu o problem\u0103 cu un evreu. Se \u00eent\u00e2mpl\u0103 c\u0103 un evreu dintr-un sat al sp\u0103tarului Iordaki Cantacuzino, s\u0103r\u0103cind \u015fi av\u00e2nd datorii, ca s\u0103 ... Cititi mai multe","og_url":"https:\/\/www.lovendal.ro\/wp52\/evreu-spanzurat-pentru-calomnie-se-intampla-pe-timpul-lui-ioan-mavrocordat-voda\/","og_site_name":"Secretele lui Lovendal","article_publisher":"https:\/\/www.facebook.com\/secreteleluilovendal","article_published_time":"2011-01-06T07:46:11+00:00","og_image":[{"width":299,"height":219,"url":"https:\/\/www.lovendal.ro\/wp52\/wp-content\/uploads\/2011\/01\/spanzurare50.jpg","type":"image\/jpeg"}],"author":"admin","twitter_card":"summary_large_image","twitter_misc":{"Scris de":"admin","Timp estimat pentru citire":"1 minut"},"schema":{"@context":"https:\/\/schema.org","@graph":[{"@type":"Article","@id":"https:\/\/www.lovendal.ro\/wp52\/evreu-spanzurat-pentru-calomnie-se-intampla-pe-timpul-lui-ioan-mavrocordat-voda\/#article","isPartOf":{"@id":"https:\/\/www.lovendal.ro\/wp52\/evreu-spanzurat-pentru-calomnie-se-intampla-pe-timpul-lui-ioan-mavrocordat-voda\/"},"author":{"name":"admin","@id":"https:\/\/www.lovendal.ro\/wp52\/#\/schema\/person\/088691de5dfc346bb0c023e1e52ef5d9"},"headline":"Evreu sp\u00e2nzurat pentru calomnie! Se \u00eent\u00e2mpla pe timpul lui Ioan Mavrocordat Vod\u0103&#8230;","datePublished":"2011-01-06T07:46:11+00:00","mainEntityOfPage":{"@id":"https:\/\/www.lovendal.ro\/wp52\/evreu-spanzurat-pentru-calomnie-se-intampla-pe-timpul-lui-ioan-mavrocordat-voda\/"},"wordCount":191,"commentCount":17,"publisher":{"@id":"https:\/\/www.lovendal.ro\/wp52\/#organization"},"image":{"@id":"https:\/\/www.lovendal.ro\/wp52\/evreu-spanzurat-pentru-calomnie-se-intampla-pe-timpul-lui-ioan-mavrocordat-voda\/#primaryimage"},"thumbnailUrl":"https:\/\/www.lovendal.ro\/wp52\/wp-content\/uploads\/2011\/01\/spanzurare50.jpg","keywords":["domnitor","evreu","Ia\u015fi","Imperiul Otoman","Ioan Mavrocordat Vod\u0103","Istorie si Civilizatii","Mahmud I","Moldova","sp\u00e2nzur\u0103toare","sultan"],"articleSection":["Istorie si Civilizatii"],"inLanguage":"ro-RO","potentialAction":[{"@type":"CommentAction","name":"Comment","target":["https:\/\/www.lovendal.ro\/wp52\/evreu-spanzurat-pentru-calomnie-se-intampla-pe-timpul-lui-ioan-mavrocordat-voda\/#respond"]}]},{"@type":"WebPage","@id":"https:\/\/www.lovendal.ro\/wp52\/evreu-spanzurat-pentru-calomnie-se-intampla-pe-timpul-lui-ioan-mavrocordat-voda\/","url":"https:\/\/www.lovendal.ro\/wp52\/evreu-spanzurat-pentru-calomnie-se-intampla-pe-timpul-lui-ioan-mavrocordat-voda\/","name":"Evreu sp\u00e2nzurat pentru calomnie! Se \u00eent\u00e2mpla pe timpul lui Ioan Mavrocordat Vod\u0103... - Secretele lui Lovendal","isPartOf":{"@id":"https:\/\/www.lovendal.ro\/wp52\/#website"},"primaryImageOfPage":{"@id":"https:\/\/www.lovendal.ro\/wp52\/evreu-spanzurat-pentru-calomnie-se-intampla-pe-timpul-lui-ioan-mavrocordat-voda\/#primaryimage"},"image":{"@id":"https:\/\/www.lovendal.ro\/wp52\/evreu-spanzurat-pentru-calomnie-se-intampla-pe-timpul-lui-ioan-mavrocordat-voda\/#primaryimage"},"thumbnailUrl":"https:\/\/www.lovendal.ro\/wp52\/wp-content\/uploads\/2011\/01\/spanzurare50.jpg","datePublished":"2011-01-06T07:46:11+00:00","breadcrumb":{"@id":"https:\/\/www.lovendal.ro\/wp52\/evreu-spanzurat-pentru-calomnie-se-intampla-pe-timpul-lui-ioan-mavrocordat-voda\/#breadcrumb"},"inLanguage":"ro-RO","potentialAction":[{"@type":"ReadAction","target":["https:\/\/www.lovendal.ro\/wp52\/evreu-spanzurat-pentru-calomnie-se-intampla-pe-timpul-lui-ioan-mavrocordat-voda\/"]}]},{"@type":"ImageObject","inLanguage":"ro-RO","@id":"https:\/\/www.lovendal.ro\/wp52\/evreu-spanzurat-pentru-calomnie-se-intampla-pe-timpul-lui-ioan-mavrocordat-voda\/#primaryimage","url":"https:\/\/www.lovendal.ro\/wp52\/wp-content\/uploads\/2011\/01\/spanzurare50.jpg","contentUrl":"https:\/\/www.lovendal.ro\/wp52\/wp-content\/uploads\/2011\/01\/spanzurare50.jpg","width":"299","height":"219"},{"@type":"BreadcrumbList","@id":"https:\/\/www.lovendal.ro\/wp52\/evreu-spanzurat-pentru-calomnie-se-intampla-pe-timpul-lui-ioan-mavrocordat-voda\/#breadcrumb","itemListElement":[{"@type":"ListItem","position":1,"name":"Home","item":"https:\/\/www.lovendal.ro\/wp52\/"},{"@type":"ListItem","position":2,"name":"Evreu sp\u00e2nzurat pentru calomnie! Se \u00eent\u00e2mpla pe timpul lui Ioan Mavrocordat Vod\u0103&#8230;"}]},{"@type":"WebSite","@id":"https:\/\/www.lovendal.ro\/wp52\/#website","url":"https:\/\/www.lovendal.ro\/wp52\/","name":"Secretele lui Lovendal","description":"Site de secrete, stiinta si metafizica - din 2008 -","publisher":{"@id":"https:\/\/www.lovendal.ro\/wp52\/#organization"},"potentialAction":[{"@type":"SearchAction","target":{"@type":"EntryPoint","urlTemplate":"https:\/\/www.lovendal.ro\/wp52\/?s={search_term_string}"},"query-input":{"@type":"PropertyValueSpecification","valueRequired":true,"valueName":"search_term_string"}}],"inLanguage":"ro-RO"},{"@type":"Organization","@id":"https:\/\/www.lovendal.ro\/wp52\/#organization","name":"Secretele lui Lovendal","url":"https:\/\/www.lovendal.ro\/wp52\/","logo":{"@type":"ImageObject","inLanguage":"ro-RO","@id":"https:\/\/www.lovendal.ro\/wp52\/#\/schema\/logo\/image\/","url":"https:\/\/www.lovendal.ro\/wp52\/wp-content\/uploads\/2024\/06\/cropped-SLL-iun-2024-1.jpg","contentUrl":"https:\/\/www.lovendal.ro\/wp52\/wp-content\/uploads\/2024\/06\/cropped-SLL-iun-2024-1.jpg","width":771,"height":240,"caption":"Secretele lui Lovendal"},"image":{"@id":"https:\/\/www.lovendal.ro\/wp52\/#\/schema\/logo\/image\/"},"sameAs":["https:\/\/www.facebook.com\/secreteleluilovendal"]},{"@type":"Person","@id":"https:\/\/www.lovendal.ro\/wp52\/#\/schema\/person\/088691de5dfc346bb0c023e1e52ef5d9","name":"admin","image":{"@type":"ImageObject","inLanguage":"ro-RO","@id":"https:\/\/secure.gravatar.com\/avatar\/ecb9cd41f5f63c9c9b989999a59f6e2639a865ec361e9db054db0679a8f341c2?s=96&d=mm&r=g","url":"https:\/\/secure.gravatar.com\/avatar\/ecb9cd41f5f63c9c9b989999a59f6e2639a865ec361e9db054db0679a8f341c2?s=96&d=mm&r=g","contentUrl":"https:\/\/secure.gravatar.com\/avatar\/ecb9cd41f5f63c9c9b989999a59f6e2639a865ec361e9db054db0679a8f341c2?s=96&d=mm&r=g","caption":"admin"},"sameAs":["https:\/\/www.lovendal.ro\/wp52"]}]}},"_links":{"self":[{"href":"https:\/\/www.lovendal.ro\/wp52\/wp-json\/wp\/v2\/posts\/16381","targetHints":{"allow":["GET"]}}],"collection":[{"href":"https:\/\/www.lovendal.ro\/wp52\/wp-json\/wp\/v2\/posts"}],"about":[{"href":"https:\/\/www.lovendal.ro\/wp52\/wp-json\/wp\/v2\/types\/post"}],"author":[{"embeddable":true,"href":"https:\/\/www.lovendal.ro\/wp52\/wp-json\/wp\/v2\/users\/1"}],"replies":[{"embeddable":true,"href":"https:\/\/www.lovendal.ro\/wp52\/wp-json\/wp\/v2\/comments?post=16381"}],"version-history":[{"count":0,"href":"https:\/\/www.lovendal.ro\/wp52\/wp-json\/wp\/v2\/posts\/16381\/revisions"}],"wp:featuredmedia":[{"embeddable":true,"href":"https:\/\/www.lovendal.ro\/wp52\/wp-json\/wp\/v2\/media\/16382"}],"wp:attachment":[{"href":"https:\/\/www.lovendal.ro\/wp52\/wp-json\/wp\/v2\/media?parent=16381"}],"wp:term":[{"taxonomy":"category","embeddable":true,"href":"https:\/\/www.lovendal.ro\/wp52\/wp-json\/wp\/v2\/categories?post=16381"},{"taxonomy":"post_tag","embeddable":true,"href":"https:\/\/www.lovendal.ro\/wp52\/wp-json\/wp\/v2\/tags?post=16381"}],"curies":[{"name":"wp","href":"https:\/\/api.w.org\/{rel}","templated":true}]}}