{"id":16272,"date":"2011-01-01T12:22:45","date_gmt":"2011-01-01T10:22:45","guid":{"rendered":"http:\/\/www.lovendal.net\/wp52\/?p=16272"},"modified":"2011-01-01T12:22:45","modified_gmt":"2011-01-01T10:22:45","slug":"celebra-harta-a-lui-piri-reis-a-fost-facuta-cu-cel-putin-6-000-de-ani-inainte-dintr-o-nava-spatiala","status":"publish","type":"post","link":"https:\/\/www.lovendal.ro\/wp52\/celebra-harta-a-lui-piri-reis-a-fost-facuta-cu-cel-putin-6-000-de-ani-inainte-dintr-o-nava-spatiala\/","title":{"rendered":"Celebra hart\u0103 a lui Piri Reis a fost f\u0103cut\u0103 cu cel pu\u0163in 6.000 de ani \u00eenainte, dintr-o nav\u0103 spa\u0163ial\u0103!"},"content":{"rendered":"<p><a href=\"https:\/\/www.lovendal.ro\/wp52\/wp-content\/uploads\/2011\/01\/Antarctica-Piri-Reis.jpg\"><img loading=\"lazy\" decoding=\"async\" class=\"alignleft size-full wp-image-16273\" title=\"Antarctica Piri Reis\" src=\"https:\/\/www.lovendal.ro\/wp52\/wp-content\/uploads\/2011\/01\/Antarctica-Piri-Reis.jpg\" alt=\"\" width=\"291\" height=\"201\" \/><\/a>Despre misterioasa hart\u0103 a lui Piri Reis nu-i prima dat\u0103 c\u00e2nd discut\u0103m (<a href=\"https:\/\/www.lovendal.ro\/wp52\/misterul-hartii-lui-piri-reis\/\" target=\"_blank\"><strong>https:\/\/www.lovendal.ro\/wp52\/misterul-hartii-lui-piri-reis\/<\/strong><\/a>). Dar, de data asta, voi prezenta o ipotez\u0103 foarte fascinant\u0103.<\/p>\n<p>A\u015fadar, la muzeul Top Kapi din Istanbul se g\u0103se\u015fte o hart\u0103 din antichitate. Ea poart\u0103 numele amiralului turc, care a \u00eentocmit-o &#8211; harta Piri Reis. Iar Piri Reis ar fi copiat-o dup\u0103 un original mai vechi. Datarea este f\u0103cut\u0103 dup\u0103 calculul musulman, ea corespunde anului nostru 1513. Ceea ce surprinde pe aceast\u0103 hart\u0103 este c\u0103 ea are trasate grani\u0163ele Antarcticii \u015fi anume f\u0103r\u0103 ghea\u0163\u0103. Harta a fost proiectat\u0103 cu o metod\u0103 specializat\u0103, care proiecteaz\u0103 P\u0103m\u00e2ntul rotund sub form\u0103 plat\u0103. Mai apare \u00eentreaga Americ\u0103 de Sud \u015fi Atlanticul \u015fi coasta Pacificului.<\/p>\n<p>De aceea profesorul Charles H. Hapgood s-a adresat \u00een 1960 avia\u0163iei americane, fiindc\u0103 voia s\u0103 \u015ftie dac\u0103 a\u015fa ceva ar fi posibil. \u015ei a primit r\u0103spuns. Un locotenent colonel al for\u0163elor armate \u00eei comunica lui Hapgood c\u0103 p\u0103r\u0163ile de jos ale h\u0103r\u0163ii reprezint\u0103 coasta Prin\u0163esa mo\u015ftenitoare Martha a \u0163\u0103rii regelui Maud \u015fi c\u0103 reprezint\u0103 peninsula Antarctica. Detaliile geografice ale p\u0103r\u0163ii de jos a h\u0103r\u0163ii corespund uimitor de exact cu profilul seismic, \u00eentocmit de expedi\u0163ia suedezo-britanic\u0103 \u00een Antarctica \u00een 1949. De aici concluzia c\u0103 \u00eenaintea \u00eenghe\u0163ului, coasta a fost descris\u0103 cartografic. Ast\u0103zi ghea\u0163a de acolo are o grosime de 1,5 kilometri. Datorit\u0103 progresului cuno\u015ftin\u0163elor geografice, avia\u0163ia nu \u00ee\u015fi poate explica exactitatea cu care a fost \u00eentocmit\u0103 aceast\u0103 hart\u0103 la nivelul \u015ftiin\u0163ific din 1513.<\/p>\n<p>E posibil ca, \u00een trecut, Antarctica s\u0103 fi avut o anumit\u0103 perioad\u0103 de timp f\u0103r\u0103 ghea\u0163\u0103. Conform cercet\u0103rilor efectuate de Charles Hapgood \u015fi echipa sa, noua \u00eenghe\u0163are a Antarcticii a avut loc \u00een urm\u0103 cu circa 6.000 de ani, deci \u00een jurul anului 4.000 \u00ee. Hr. Ea pare s\u0103 fi fost luat\u0103 dintr-un vehicul spa\u0163ial sau avion, ce se afla deasupra Cairo. Nave spa\u0163iale cu cel pu\u0163in 6.000 de ani \u00eenainte!?<\/p>\n","protected":false},"excerpt":{"rendered":"<p>Despre misterioasa hart\u0103 a lui Piri Reis nu-i prima dat\u0103 c\u00e2nd discut\u0103m (https:\/\/www.lovendal.ro\/wp52\/misterul-hartii-lui-piri-reis\/). Dar, de data asta, voi prezenta o ipotez\u0103 foarte fascinant\u0103. A\u015fadar, la muzeul Top Kapi din Istanbul se g\u0103se\u015fte o hart\u0103 din antichitate. Ea poart\u0103 numele amiralului &#8230; <\/p>\n<p class=\"read-more-container\"><a title=\"Celebra hart\u0103 a lui Piri Reis a fost f\u0103cut\u0103 cu cel pu\u0163in 6.000 de ani \u00eenainte, dintr-o nav\u0103 spa\u0163ial\u0103!\" class=\"read-more button\" href=\"https:\/\/www.lovendal.ro\/wp52\/celebra-harta-a-lui-piri-reis-a-fost-facuta-cu-cel-putin-6-000-de-ani-inainte-dintr-o-nava-spatiala\/#more-16272\" aria-label=\"Cite\u0219te mai multe despre Celebra hart\u0103 a lui Piri Reis a fost f\u0103cut\u0103 cu cel pu\u0163in 6.000 de ani \u00eenainte, dintr-o nav\u0103 spa\u0163ial\u0103!\">Cititi mai multe<\/a><\/p>\n","protected":false},"author":1,"featured_media":16273,"comment_status":"open","ping_status":"closed","sticky":false,"template":"","format":"standard","meta":{"footnotes":""},"categories":[14],"tags":[1730,1578,720,9796,719],"class_list":["post-16272","post","type-post","status-publish","format-standard","has-post-thumbnail","hentry","category-paranormal-spiritualitate","tag-antarctica","tag-gheata","tag-harta","tag-paranormal-spiritualitate","tag-piri-reis","resize-featured-image"],"yoast_head":"<!-- This site is optimized with the Yoast SEO Premium plugin v23.3 (Yoast SEO v27.4) - https:\/\/yoast.com\/product\/yoast-seo-premium-wordpress\/ -->\n<title>Celebra hart\u0103 a lui Piri Reis a fost f\u0103cut\u0103 cu cel pu\u0163in 6.000 de ani \u00eenainte, dintr-o nav\u0103 spa\u0163ial\u0103! - Secretele lui Lovendal<\/title>\n<meta name=\"robots\" content=\"index, follow, max-snippet:-1, max-image-preview:large, max-video-preview:-1\" \/>\n<link rel=\"canonical\" href=\"https:\/\/www.lovendal.ro\/wp52\/celebra-harta-a-lui-piri-reis-a-fost-facuta-cu-cel-putin-6-000-de-ani-inainte-dintr-o-nava-spatiala\/\" \/>\n<meta property=\"og:locale\" content=\"ro_RO\" \/>\n<meta property=\"og:type\" content=\"article\" \/>\n<meta property=\"og:title\" content=\"Celebra hart\u0103 a lui Piri Reis a fost f\u0103cut\u0103 cu cel pu\u0163in 6.000 de ani \u00eenainte, dintr-o nav\u0103 spa\u0163ial\u0103!\" \/>\n<meta property=\"og:description\" content=\"Despre misterioasa hart\u0103 a lui Piri Reis nu-i prima dat\u0103 c\u00e2nd discut\u0103m (https:\/\/www.lovendal.ro\/wp52\/misterul-hartii-lui-piri-reis\/). Dar, de data asta, voi prezenta o ipotez\u0103 foarte fascinant\u0103. A\u015fadar, la muzeul Top Kapi din Istanbul se g\u0103se\u015fte o hart\u0103 din antichitate. Ea poart\u0103 numele amiralului ... Cititi mai multe\" \/>\n<meta property=\"og:url\" content=\"https:\/\/www.lovendal.ro\/wp52\/celebra-harta-a-lui-piri-reis-a-fost-facuta-cu-cel-putin-6-000-de-ani-inainte-dintr-o-nava-spatiala\/\" \/>\n<meta property=\"og:site_name\" content=\"Secretele lui Lovendal\" \/>\n<meta property=\"article:publisher\" content=\"https:\/\/www.facebook.com\/secreteleluilovendal\" \/>\n<meta property=\"article:published_time\" content=\"2011-01-01T10:22:45+00:00\" \/>\n<meta property=\"og:image\" content=\"https:\/\/www.lovendal.ro\/wp52\/wp-content\/uploads\/2011\/01\/Antarctica-Piri-Reis.jpg\" \/>\n\t<meta property=\"og:image:width\" content=\"291\" \/>\n\t<meta property=\"og:image:height\" content=\"201\" \/>\n\t<meta property=\"og:image:type\" content=\"image\/jpeg\" \/>\n<meta name=\"author\" content=\"admin\" \/>\n<meta name=\"twitter:card\" content=\"summary_large_image\" \/>\n<meta name=\"twitter:label1\" content=\"Scris de\" \/>\n\t<meta name=\"twitter:data1\" content=\"admin\" \/>\n\t<meta name=\"twitter:label2\" content=\"Timp estimat pentru citire\" \/>\n\t<meta name=\"twitter:data2\" content=\"2 minute\" \/>\n<script type=\"application\/ld+json\" class=\"yoast-schema-graph\">{\"@context\":\"https:\\\/\\\/schema.org\",\"@graph\":[{\"@type\":\"Article\",\"@id\":\"https:\\\/\\\/www.lovendal.ro\\\/wp52\\\/celebra-harta-a-lui-piri-reis-a-fost-facuta-cu-cel-putin-6-000-de-ani-inainte-dintr-o-nava-spatiala\\\/#article\",\"isPartOf\":{\"@id\":\"https:\\\/\\\/www.lovendal.ro\\\/wp52\\\/celebra-harta-a-lui-piri-reis-a-fost-facuta-cu-cel-putin-6-000-de-ani-inainte-dintr-o-nava-spatiala\\\/\"},\"author\":{\"name\":\"admin\",\"@id\":\"https:\\\/\\\/www.lovendal.ro\\\/wp52\\\/#\\\/schema\\\/person\\\/088691de5dfc346bb0c023e1e52ef5d9\"},\"headline\":\"Celebra hart\u0103 a lui Piri Reis a fost f\u0103cut\u0103 cu cel pu\u0163in 6.000 de ani \u00eenainte, dintr-o nav\u0103 spa\u0163ial\u0103!\",\"datePublished\":\"2011-01-01T10:22:45+00:00\",\"mainEntityOfPage\":{\"@id\":\"https:\\\/\\\/www.lovendal.ro\\\/wp52\\\/celebra-harta-a-lui-piri-reis-a-fost-facuta-cu-cel-putin-6-000-de-ani-inainte-dintr-o-nava-spatiala\\\/\"},\"wordCount\":361,\"commentCount\":15,\"publisher\":{\"@id\":\"https:\\\/\\\/www.lovendal.ro\\\/wp52\\\/#organization\"},\"image\":{\"@id\":\"https:\\\/\\\/www.lovendal.ro\\\/wp52\\\/celebra-harta-a-lui-piri-reis-a-fost-facuta-cu-cel-putin-6-000-de-ani-inainte-dintr-o-nava-spatiala\\\/#primaryimage\"},\"thumbnailUrl\":\"https:\\\/\\\/www.lovendal.ro\\\/wp52\\\/wp-content\\\/uploads\\\/2011\\\/01\\\/Antarctica-Piri-Reis.jpg\",\"keywords\":[\"Antarctica\",\"ghea\u0163\u0103\",\"hart\u0103\",\"Paranormal-Spiritualitate\",\"Piri Reis\"],\"articleSection\":[\"Paranormal-Spiritualitate\"],\"inLanguage\":\"ro-RO\",\"potentialAction\":[{\"@type\":\"CommentAction\",\"name\":\"Comment\",\"target\":[\"https:\\\/\\\/www.lovendal.ro\\\/wp52\\\/celebra-harta-a-lui-piri-reis-a-fost-facuta-cu-cel-putin-6-000-de-ani-inainte-dintr-o-nava-spatiala\\\/#respond\"]}]},{\"@type\":\"WebPage\",\"@id\":\"https:\\\/\\\/www.lovendal.ro\\\/wp52\\\/celebra-harta-a-lui-piri-reis-a-fost-facuta-cu-cel-putin-6-000-de-ani-inainte-dintr-o-nava-spatiala\\\/\",\"url\":\"https:\\\/\\\/www.lovendal.ro\\\/wp52\\\/celebra-harta-a-lui-piri-reis-a-fost-facuta-cu-cel-putin-6-000-de-ani-inainte-dintr-o-nava-spatiala\\\/\",\"name\":\"Celebra hart\u0103 a lui Piri Reis a fost f\u0103cut\u0103 cu cel pu\u0163in 6.000 de ani \u00eenainte, dintr-o nav\u0103 spa\u0163ial\u0103! - Secretele lui Lovendal\",\"isPartOf\":{\"@id\":\"https:\\\/\\\/www.lovendal.ro\\\/wp52\\\/#website\"},\"primaryImageOfPage\":{\"@id\":\"https:\\\/\\\/www.lovendal.ro\\\/wp52\\\/celebra-harta-a-lui-piri-reis-a-fost-facuta-cu-cel-putin-6-000-de-ani-inainte-dintr-o-nava-spatiala\\\/#primaryimage\"},\"image\":{\"@id\":\"https:\\\/\\\/www.lovendal.ro\\\/wp52\\\/celebra-harta-a-lui-piri-reis-a-fost-facuta-cu-cel-putin-6-000-de-ani-inainte-dintr-o-nava-spatiala\\\/#primaryimage\"},\"thumbnailUrl\":\"https:\\\/\\\/www.lovendal.ro\\\/wp52\\\/wp-content\\\/uploads\\\/2011\\\/01\\\/Antarctica-Piri-Reis.jpg\",\"datePublished\":\"2011-01-01T10:22:45+00:00\",\"breadcrumb\":{\"@id\":\"https:\\\/\\\/www.lovendal.ro\\\/wp52\\\/celebra-harta-a-lui-piri-reis-a-fost-facuta-cu-cel-putin-6-000-de-ani-inainte-dintr-o-nava-spatiala\\\/#breadcrumb\"},\"inLanguage\":\"ro-RO\",\"potentialAction\":[{\"@type\":\"ReadAction\",\"target\":[\"https:\\\/\\\/www.lovendal.ro\\\/wp52\\\/celebra-harta-a-lui-piri-reis-a-fost-facuta-cu-cel-putin-6-000-de-ani-inainte-dintr-o-nava-spatiala\\\/\"]}]},{\"@type\":\"ImageObject\",\"inLanguage\":\"ro-RO\",\"@id\":\"https:\\\/\\\/www.lovendal.ro\\\/wp52\\\/celebra-harta-a-lui-piri-reis-a-fost-facuta-cu-cel-putin-6-000-de-ani-inainte-dintr-o-nava-spatiala\\\/#primaryimage\",\"url\":\"https:\\\/\\\/www.lovendal.ro\\\/wp52\\\/wp-content\\\/uploads\\\/2011\\\/01\\\/Antarctica-Piri-Reis.jpg\",\"contentUrl\":\"https:\\\/\\\/www.lovendal.ro\\\/wp52\\\/wp-content\\\/uploads\\\/2011\\\/01\\\/Antarctica-Piri-Reis.jpg\",\"width\":\"291\",\"height\":\"201\"},{\"@type\":\"BreadcrumbList\",\"@id\":\"https:\\\/\\\/www.lovendal.ro\\\/wp52\\\/celebra-harta-a-lui-piri-reis-a-fost-facuta-cu-cel-putin-6-000-de-ani-inainte-dintr-o-nava-spatiala\\\/#breadcrumb\",\"itemListElement\":[{\"@type\":\"ListItem\",\"position\":1,\"name\":\"Home\",\"item\":\"https:\\\/\\\/www.lovendal.ro\\\/wp52\\\/\"},{\"@type\":\"ListItem\",\"position\":2,\"name\":\"Celebra hart\u0103 a lui Piri Reis a fost f\u0103cut\u0103 cu cel pu\u0163in 6.000 de ani \u00eenainte, dintr-o nav\u0103 spa\u0163ial\u0103!\"}]},{\"@type\":\"WebSite\",\"@id\":\"https:\\\/\\\/www.lovendal.ro\\\/wp52\\\/#website\",\"url\":\"https:\\\/\\\/www.lovendal.ro\\\/wp52\\\/\",\"name\":\"Secretele lui Lovendal\",\"description\":\"Site de secrete, stiinta si metafizica - din 2008 -\",\"publisher\":{\"@id\":\"https:\\\/\\\/www.lovendal.ro\\\/wp52\\\/#organization\"},\"potentialAction\":[{\"@type\":\"SearchAction\",\"target\":{\"@type\":\"EntryPoint\",\"urlTemplate\":\"https:\\\/\\\/www.lovendal.ro\\\/wp52\\\/?s={search_term_string}\"},\"query-input\":{\"@type\":\"PropertyValueSpecification\",\"valueRequired\":true,\"valueName\":\"search_term_string\"}}],\"inLanguage\":\"ro-RO\"},{\"@type\":\"Organization\",\"@id\":\"https:\\\/\\\/www.lovendal.ro\\\/wp52\\\/#organization\",\"name\":\"Secretele lui Lovendal\",\"url\":\"https:\\\/\\\/www.lovendal.ro\\\/wp52\\\/\",\"logo\":{\"@type\":\"ImageObject\",\"inLanguage\":\"ro-RO\",\"@id\":\"https:\\\/\\\/www.lovendal.ro\\\/wp52\\\/#\\\/schema\\\/logo\\\/image\\\/\",\"url\":\"https:\\\/\\\/www.lovendal.ro\\\/wp52\\\/wp-content\\\/uploads\\\/2024\\\/06\\\/cropped-SLL-iun-2024-1.jpg\",\"contentUrl\":\"https:\\\/\\\/www.lovendal.ro\\\/wp52\\\/wp-content\\\/uploads\\\/2024\\\/06\\\/cropped-SLL-iun-2024-1.jpg\",\"width\":771,\"height\":240,\"caption\":\"Secretele lui Lovendal\"},\"image\":{\"@id\":\"https:\\\/\\\/www.lovendal.ro\\\/wp52\\\/#\\\/schema\\\/logo\\\/image\\\/\"},\"sameAs\":[\"https:\\\/\\\/www.facebook.com\\\/secreteleluilovendal\"]},{\"@type\":\"Person\",\"@id\":\"https:\\\/\\\/www.lovendal.ro\\\/wp52\\\/#\\\/schema\\\/person\\\/088691de5dfc346bb0c023e1e52ef5d9\",\"name\":\"admin\",\"image\":{\"@type\":\"ImageObject\",\"inLanguage\":\"ro-RO\",\"@id\":\"https:\\\/\\\/secure.gravatar.com\\\/avatar\\\/ecb9cd41f5f63c9c9b989999a59f6e2639a865ec361e9db054db0679a8f341c2?s=96&d=mm&r=g\",\"url\":\"https:\\\/\\\/secure.gravatar.com\\\/avatar\\\/ecb9cd41f5f63c9c9b989999a59f6e2639a865ec361e9db054db0679a8f341c2?s=96&d=mm&r=g\",\"contentUrl\":\"https:\\\/\\\/secure.gravatar.com\\\/avatar\\\/ecb9cd41f5f63c9c9b989999a59f6e2639a865ec361e9db054db0679a8f341c2?s=96&d=mm&r=g\",\"caption\":\"admin\"},\"sameAs\":[\"https:\\\/\\\/www.lovendal.ro\\\/wp52\"]}]}<\/script>\n<!-- \/ Yoast SEO Premium plugin. -->","yoast_head_json":{"title":"Celebra hart\u0103 a lui Piri Reis a fost f\u0103cut\u0103 cu cel pu\u0163in 6.000 de ani \u00eenainte, dintr-o nav\u0103 spa\u0163ial\u0103! - Secretele lui Lovendal","robots":{"index":"index","follow":"follow","max-snippet":"max-snippet:-1","max-image-preview":"max-image-preview:large","max-video-preview":"max-video-preview:-1"},"canonical":"https:\/\/www.lovendal.ro\/wp52\/celebra-harta-a-lui-piri-reis-a-fost-facuta-cu-cel-putin-6-000-de-ani-inainte-dintr-o-nava-spatiala\/","og_locale":"ro_RO","og_type":"article","og_title":"Celebra hart\u0103 a lui Piri Reis a fost f\u0103cut\u0103 cu cel pu\u0163in 6.000 de ani \u00eenainte, dintr-o nav\u0103 spa\u0163ial\u0103!","og_description":"Despre misterioasa hart\u0103 a lui Piri Reis nu-i prima dat\u0103 c\u00e2nd discut\u0103m (https:\/\/www.lovendal.ro\/wp52\/misterul-hartii-lui-piri-reis\/). Dar, de data asta, voi prezenta o ipotez\u0103 foarte fascinant\u0103. A\u015fadar, la muzeul Top Kapi din Istanbul se g\u0103se\u015fte o hart\u0103 din antichitate. Ea poart\u0103 numele amiralului ... Cititi mai multe","og_url":"https:\/\/www.lovendal.ro\/wp52\/celebra-harta-a-lui-piri-reis-a-fost-facuta-cu-cel-putin-6-000-de-ani-inainte-dintr-o-nava-spatiala\/","og_site_name":"Secretele lui Lovendal","article_publisher":"https:\/\/www.facebook.com\/secreteleluilovendal","article_published_time":"2011-01-01T10:22:45+00:00","og_image":[{"width":291,"height":201,"url":"https:\/\/www.lovendal.ro\/wp52\/wp-content\/uploads\/2011\/01\/Antarctica-Piri-Reis.jpg","type":"image\/jpeg"}],"author":"admin","twitter_card":"summary_large_image","twitter_misc":{"Scris de":"admin","Timp estimat pentru citire":"2 minute"},"schema":{"@context":"https:\/\/schema.org","@graph":[{"@type":"Article","@id":"https:\/\/www.lovendal.ro\/wp52\/celebra-harta-a-lui-piri-reis-a-fost-facuta-cu-cel-putin-6-000-de-ani-inainte-dintr-o-nava-spatiala\/#article","isPartOf":{"@id":"https:\/\/www.lovendal.ro\/wp52\/celebra-harta-a-lui-piri-reis-a-fost-facuta-cu-cel-putin-6-000-de-ani-inainte-dintr-o-nava-spatiala\/"},"author":{"name":"admin","@id":"https:\/\/www.lovendal.ro\/wp52\/#\/schema\/person\/088691de5dfc346bb0c023e1e52ef5d9"},"headline":"Celebra hart\u0103 a lui Piri Reis a fost f\u0103cut\u0103 cu cel pu\u0163in 6.000 de ani \u00eenainte, dintr-o nav\u0103 spa\u0163ial\u0103!","datePublished":"2011-01-01T10:22:45+00:00","mainEntityOfPage":{"@id":"https:\/\/www.lovendal.ro\/wp52\/celebra-harta-a-lui-piri-reis-a-fost-facuta-cu-cel-putin-6-000-de-ani-inainte-dintr-o-nava-spatiala\/"},"wordCount":361,"commentCount":15,"publisher":{"@id":"https:\/\/www.lovendal.ro\/wp52\/#organization"},"image":{"@id":"https:\/\/www.lovendal.ro\/wp52\/celebra-harta-a-lui-piri-reis-a-fost-facuta-cu-cel-putin-6-000-de-ani-inainte-dintr-o-nava-spatiala\/#primaryimage"},"thumbnailUrl":"https:\/\/www.lovendal.ro\/wp52\/wp-content\/uploads\/2011\/01\/Antarctica-Piri-Reis.jpg","keywords":["Antarctica","ghea\u0163\u0103","hart\u0103","Paranormal-Spiritualitate","Piri Reis"],"articleSection":["Paranormal-Spiritualitate"],"inLanguage":"ro-RO","potentialAction":[{"@type":"CommentAction","name":"Comment","target":["https:\/\/www.lovendal.ro\/wp52\/celebra-harta-a-lui-piri-reis-a-fost-facuta-cu-cel-putin-6-000-de-ani-inainte-dintr-o-nava-spatiala\/#respond"]}]},{"@type":"WebPage","@id":"https:\/\/www.lovendal.ro\/wp52\/celebra-harta-a-lui-piri-reis-a-fost-facuta-cu-cel-putin-6-000-de-ani-inainte-dintr-o-nava-spatiala\/","url":"https:\/\/www.lovendal.ro\/wp52\/celebra-harta-a-lui-piri-reis-a-fost-facuta-cu-cel-putin-6-000-de-ani-inainte-dintr-o-nava-spatiala\/","name":"Celebra hart\u0103 a lui Piri Reis a fost f\u0103cut\u0103 cu cel pu\u0163in 6.000 de ani \u00eenainte, dintr-o nav\u0103 spa\u0163ial\u0103! - Secretele lui Lovendal","isPartOf":{"@id":"https:\/\/www.lovendal.ro\/wp52\/#website"},"primaryImageOfPage":{"@id":"https:\/\/www.lovendal.ro\/wp52\/celebra-harta-a-lui-piri-reis-a-fost-facuta-cu-cel-putin-6-000-de-ani-inainte-dintr-o-nava-spatiala\/#primaryimage"},"image":{"@id":"https:\/\/www.lovendal.ro\/wp52\/celebra-harta-a-lui-piri-reis-a-fost-facuta-cu-cel-putin-6-000-de-ani-inainte-dintr-o-nava-spatiala\/#primaryimage"},"thumbnailUrl":"https:\/\/www.lovendal.ro\/wp52\/wp-content\/uploads\/2011\/01\/Antarctica-Piri-Reis.jpg","datePublished":"2011-01-01T10:22:45+00:00","breadcrumb":{"@id":"https:\/\/www.lovendal.ro\/wp52\/celebra-harta-a-lui-piri-reis-a-fost-facuta-cu-cel-putin-6-000-de-ani-inainte-dintr-o-nava-spatiala\/#breadcrumb"},"inLanguage":"ro-RO","potentialAction":[{"@type":"ReadAction","target":["https:\/\/www.lovendal.ro\/wp52\/celebra-harta-a-lui-piri-reis-a-fost-facuta-cu-cel-putin-6-000-de-ani-inainte-dintr-o-nava-spatiala\/"]}]},{"@type":"ImageObject","inLanguage":"ro-RO","@id":"https:\/\/www.lovendal.ro\/wp52\/celebra-harta-a-lui-piri-reis-a-fost-facuta-cu-cel-putin-6-000-de-ani-inainte-dintr-o-nava-spatiala\/#primaryimage","url":"https:\/\/www.lovendal.ro\/wp52\/wp-content\/uploads\/2011\/01\/Antarctica-Piri-Reis.jpg","contentUrl":"https:\/\/www.lovendal.ro\/wp52\/wp-content\/uploads\/2011\/01\/Antarctica-Piri-Reis.jpg","width":"291","height":"201"},{"@type":"BreadcrumbList","@id":"https:\/\/www.lovendal.ro\/wp52\/celebra-harta-a-lui-piri-reis-a-fost-facuta-cu-cel-putin-6-000-de-ani-inainte-dintr-o-nava-spatiala\/#breadcrumb","itemListElement":[{"@type":"ListItem","position":1,"name":"Home","item":"https:\/\/www.lovendal.ro\/wp52\/"},{"@type":"ListItem","position":2,"name":"Celebra hart\u0103 a lui Piri Reis a fost f\u0103cut\u0103 cu cel pu\u0163in 6.000 de ani \u00eenainte, dintr-o nav\u0103 spa\u0163ial\u0103!"}]},{"@type":"WebSite","@id":"https:\/\/www.lovendal.ro\/wp52\/#website","url":"https:\/\/www.lovendal.ro\/wp52\/","name":"Secretele lui Lovendal","description":"Site de secrete, stiinta si metafizica - din 2008 -","publisher":{"@id":"https:\/\/www.lovendal.ro\/wp52\/#organization"},"potentialAction":[{"@type":"SearchAction","target":{"@type":"EntryPoint","urlTemplate":"https:\/\/www.lovendal.ro\/wp52\/?s={search_term_string}"},"query-input":{"@type":"PropertyValueSpecification","valueRequired":true,"valueName":"search_term_string"}}],"inLanguage":"ro-RO"},{"@type":"Organization","@id":"https:\/\/www.lovendal.ro\/wp52\/#organization","name":"Secretele lui Lovendal","url":"https:\/\/www.lovendal.ro\/wp52\/","logo":{"@type":"ImageObject","inLanguage":"ro-RO","@id":"https:\/\/www.lovendal.ro\/wp52\/#\/schema\/logo\/image\/","url":"https:\/\/www.lovendal.ro\/wp52\/wp-content\/uploads\/2024\/06\/cropped-SLL-iun-2024-1.jpg","contentUrl":"https:\/\/www.lovendal.ro\/wp52\/wp-content\/uploads\/2024\/06\/cropped-SLL-iun-2024-1.jpg","width":771,"height":240,"caption":"Secretele lui Lovendal"},"image":{"@id":"https:\/\/www.lovendal.ro\/wp52\/#\/schema\/logo\/image\/"},"sameAs":["https:\/\/www.facebook.com\/secreteleluilovendal"]},{"@type":"Person","@id":"https:\/\/www.lovendal.ro\/wp52\/#\/schema\/person\/088691de5dfc346bb0c023e1e52ef5d9","name":"admin","image":{"@type":"ImageObject","inLanguage":"ro-RO","@id":"https:\/\/secure.gravatar.com\/avatar\/ecb9cd41f5f63c9c9b989999a59f6e2639a865ec361e9db054db0679a8f341c2?s=96&d=mm&r=g","url":"https:\/\/secure.gravatar.com\/avatar\/ecb9cd41f5f63c9c9b989999a59f6e2639a865ec361e9db054db0679a8f341c2?s=96&d=mm&r=g","contentUrl":"https:\/\/secure.gravatar.com\/avatar\/ecb9cd41f5f63c9c9b989999a59f6e2639a865ec361e9db054db0679a8f341c2?s=96&d=mm&r=g","caption":"admin"},"sameAs":["https:\/\/www.lovendal.ro\/wp52"]}]}},"_links":{"self":[{"href":"https:\/\/www.lovendal.ro\/wp52\/wp-json\/wp\/v2\/posts\/16272","targetHints":{"allow":["GET"]}}],"collection":[{"href":"https:\/\/www.lovendal.ro\/wp52\/wp-json\/wp\/v2\/posts"}],"about":[{"href":"https:\/\/www.lovendal.ro\/wp52\/wp-json\/wp\/v2\/types\/post"}],"author":[{"embeddable":true,"href":"https:\/\/www.lovendal.ro\/wp52\/wp-json\/wp\/v2\/users\/1"}],"replies":[{"embeddable":true,"href":"https:\/\/www.lovendal.ro\/wp52\/wp-json\/wp\/v2\/comments?post=16272"}],"version-history":[{"count":0,"href":"https:\/\/www.lovendal.ro\/wp52\/wp-json\/wp\/v2\/posts\/16272\/revisions"}],"wp:featuredmedia":[{"embeddable":true,"href":"https:\/\/www.lovendal.ro\/wp52\/wp-json\/wp\/v2\/media\/16273"}],"wp:attachment":[{"href":"https:\/\/www.lovendal.ro\/wp52\/wp-json\/wp\/v2\/media?parent=16272"}],"wp:term":[{"taxonomy":"category","embeddable":true,"href":"https:\/\/www.lovendal.ro\/wp52\/wp-json\/wp\/v2\/categories?post=16272"},{"taxonomy":"post_tag","embeddable":true,"href":"https:\/\/www.lovendal.ro\/wp52\/wp-json\/wp\/v2\/tags?post=16272"}],"curies":[{"name":"wp","href":"https:\/\/api.w.org\/{rel}","templated":true}]}}