{"id":15997,"date":"2010-12-16T21:31:36","date_gmt":"2010-12-16T19:31:36","guid":{"rendered":"http:\/\/www.lovendal.net\/wp52\/?p=15997"},"modified":"2010-12-19T09:44:52","modified_gmt":"2010-12-19T07:44:52","slug":"nicolae-ceausescu-marele-nebun-care-a-condus-romania-25-de-ani","status":"publish","type":"post","link":"https:\/\/www.lovendal.ro\/wp52\/nicolae-ceausescu-marele-nebun-care-a-condus-romania-25-de-ani\/","title":{"rendered":"Nicolae Ceau\u015fescu, marele nebun care a condus Rom\u00e2nia 25 de ani"},"content":{"rendered":"<p><a href=\"https:\/\/www.lovendal.ro\/wp52\/wp-content\/uploads\/2010\/12\/Ceausescu303.jpg\"><img loading=\"lazy\" decoding=\"async\" class=\"alignleft size-full wp-image-15998\" title=\"Ceausescu303\" src=\"https:\/\/www.lovendal.ro\/wp52\/wp-content\/uploads\/2010\/12\/Ceausescu303.jpg\" alt=\"\" width=\"279\" height=\"274\" \/><\/a>Mai e nevoie s\u0103 spun cine a fost Nicolae Ceau\u015fescu? Desigur c\u0103 nu! Cred c\u0103 \u015ftie aproape oricine. \u00cens\u0103 ceea ce se va citi \u00een acest material (sintetizat dup\u0103 Paul \u015etef\u0103nescu) nu foarte mul\u0163i au aflat. C\u0103ci aici vom vorbi despre fricle \u015fi afec\u0163iunile psihiatrice ale dictatorului rom\u00e2n, acest nebun care a condus Rom\u00e2nia timp de 25 de ani.<\/p>\n<p><strong>Nicolae Ceau\u015fescu folosea 3 litri de s\u00e2nge de la bebelu\u015fi&#8230;<\/strong><\/p>\n<p>Pentru a-\u015fi prelungi via\u0163a &#8211; cea politic\u0103 o f\u0103cea cu ajutorul acoli\u0163ilor s\u0103i \u015fi a aparatului politic &#8211; Nicolae Ceau\u015fescu a recurs la serviciile celor mai competen\u0163i speciali\u015fti ca s\u0103-\u015fi trateze afec\u0163iunile de care suferea. Dar, dac\u0103 este firesc ca orice om s\u0103 apeleze la un medic la nevoie, nu oricine se transform\u0103 \u00een&#8230; vampir. \u00cen fiecare lun\u0103, o echip\u0103 de \u201emedici&#8221; prelevau circa trei litri de s\u00e2nge de la dou\u0103zeci de sugari pentru a-i administra dictatorului.<\/p>\n<p><strong>Ceau\u015fescu era schizofrenic \u015fi paranoic!<\/strong><\/p>\n<p>Patografia lui Ceau\u015fescu este ie\u015fit\u0103 din comun. Un sindrom complex de paranoia \u015fi schizofrenie. Consultat de un psihiatru \u00een perioada 1963-1964, acesta i-a pus diagnosticul de mai sus. Din p\u0103cate pentru el, medicul i-a comunicat celor din jurul s\u0103u \u015fi drept urmare a fost suprimat, fiind aruncat pe fereastr\u0103 de c\u00e2\u0163iva necunoscu\u0163i. Trebuia s\u0103 dispar\u0103. Era un pericol. Putea s\u0103 divulge un secret de stat cu consecin\u0163e incalculabile pentru partid!<\/p>\n<p>Dedublarea personalit\u0103\u0163ii \u00een ansamblul de tulbur\u0103ri ale caracterului  cuprinz\u00e2nd orgoliu, ne\u00eencredere, susceptibilitate exagerat\u0103, judec\u0103\u0163i  false, tendin\u0163\u0103 la interpret\u0103ri care favorizeaz\u0103 delirul \u015fi, indus,  reac\u0163ii agresive, cruzime etc. pledeaz\u0103 pentru paranoia.<\/p>\n<p>Psihopa\u0163ii paranoici se remarc\u0103 prin orgoliu excesiv, stim\u0103  nejustificat\u0103 fa\u0163\u0103 de sine, ne\u00eencredere \u00een oameni, idei preconcepute,  fanatism \u00een idei politice, pot g\u00e2ndi \u015fi comite crime politice etc.<\/p>\n<p>Paranoicul refuz\u0103 orice interpretare care nu-i convine; Ceau\u015fescu nu  admitea s\u0103 fie contrazis, tinz\u00e2nd spre dictatur\u0103 absolut\u0103. Halucina\u0163iile  lipsesc; memoria este bun\u0103, la fel orientarea \u00een timp \u015fi spa\u0163iu. \u00cen  ultima perioad\u0103 de timp, se putea constata \u00een discursurile sale o lips\u0103  de coeren\u0163\u0103 \u00een idei, repetarea acestora \u015fi o total\u0103 dezl\u00e2nare a  con\u0163inutului. Delirul paranoicului este contagios &#8211; men\u0163ioneaz\u0103  tratatele de specialitate &#8211; delir \u00een doi sau colectiv. Bolnavul convinge  \u015fi pe al\u0163ii.<\/p>\n<p>Psihopatia paranoic\u0103 este caracterizat\u0103 de patru simptome principale, toate fiind prezente la tabloul clinic oferit de Nicolae Ceau\u015fescu:<br \/>\n1. Supraaprecierea persoanei proprii (orgoliu, narcisism);<br \/>\n2. Dispre\u0163ul, minimalizarea importan\u0163ei \u015fi valorii celorlal\u0163i;<br \/>\n3. Apari\u0163ia unor erori de logic\u0103 \u00een g\u00e2ndire (goana dup\u0103 argumente, detalii, \u00eenc\u0103p\u0103\u0163\u00e2nare);<br \/>\n4. Lipsa suple\u0163ei adaptative socio-profesionale.<\/p>\n<p><strong>Megalomania, manifestare a schizofreniei<\/strong><\/p>\n<p>Este \u015ftiut c\u0103 dictatorul se implica direct \u00een proiectarea unor lucr\u0103ri,  ale c\u0103ror idei le prelua sau erau propria sa ini\u0163iativ\u0103. \u015ei \u00eentr-un caz  \u015fi \u00een cel\u0103lalt, distingem o serie de tr\u0103s\u0103turi ce caracterizeaz\u0103 o stare  patologic\u0103 (schizofrenia). \u00cen primul r\u00e2nd, ca o not\u0103 dominant\u0103,  megalomania, tendin\u0163a spre gigantism, ce a culminat pe toate planurile,  nu numai al construc\u0163iilor (palate, canale, uzine, sistematizare \u015fi  diverse alte proiecte), ci \u015fi sub aspect istoric \u015fi cultural (scrierea  de \u201eopere&#8221;, colec\u0163ionarea de decora\u0163ii \u015fi titluri \u015ftiin\u0163ifice). Dar nu  se poate uita furia delirant\u0103 de a demola \u015fi distruge, aspect legat de  figuri istorice precedente (boala lui Nero de exemplu).<\/p>\n<p>Psihoza schizofrenic\u0103 se caracterizeaz\u0103 prin dou\u0103 teme majore \u00een jurul c\u0103rora individul prezint\u0103 idei delirante:<br \/>\n1. Persecu\u0163ii (teama de omor\u00e2re \u015fi \u00eemboln\u0103vire);<br \/>\n2. Supraaprecierea propriei persoane (sau a ideilor sale politice, religioase, mistice etc).<\/p>\n<p><strong>Dictatorul era diabetic<\/strong><\/p>\n<p>Cu mai mul\u0163i ani \u00een urm\u0103 i-a fost depistat un diabet, prezent \u015fi la unul dintre fra\u0163ii s\u0103i, Andru\u0163a. A fost operat de un cancer al prostatei, de pe urma c\u0103ruia a fost obligat s\u0103 poarte \u00een permanen\u0163\u0103 o sond\u0103.<\/p>\n<p><strong>Nu putea vorbi ca lumea&#8230;<\/strong><\/p>\n<p>De\u015fi se exprima greu din copil\u0103rie, nu putea pronun\u0163a corect anumite litere \u015fi cuvinte, \u00een 1988 i s-a declarat o afec\u0163iune numit\u0103 afazia Broca, caracterizat\u0103 prin pierderea momentan\u0103 a vorbirii \u015fi prin imposibilitatea trec\u0103toare de a-\u015fi exprima ideile \u015fi sentimentele.<\/p>\n<p>Privitor la defectele de vorbire, Ceau\u015fescu prezenta dislogii \u015fi  dislalii sau tulbur\u0103ri mentale ale limbajului, respectiv dificultatea  pronun\u0163\u0103rii de sunete, silabe \u015fi cuvinte, acestea fiind consecutive  modific\u0103rilor de form\u0103 \u015fi con\u0163inut ale g\u00e2ndirii, deci cu un fond mult  mai profund dec\u00e2t ar p\u0103rea unui nespecialist. O leziune cerebral\u0103 poate  fi incriminat\u0103, cauzele fiind multiple.<\/p>\n<p><strong>&#8230;\u015fi era deosebit de crud<\/strong><\/p>\n<p>Seara, Ceau\u015fescu urm\u0103rea filme \u00een care torturile, s\u00e2ngele ce curgea \u015fi execu\u0163iile de\u0163inau un loc de frunte; organiza deseori v\u00e2n\u0103tori ce culminau \u00een veritabile carnagii, mai ales c\u0103 animalele fie c\u0103 erau \u00eembl\u00e2nzite \u015fi nu se fereau, fie c\u0103 erau aduse \u00een fa\u0163a carabinei sale.<\/p>\n<p><strong>Ideile delirante ale dictatorului<\/strong><\/p>\n<p>Din grupa ideilor delirante expansive (tulbur\u0103ri ale g\u00e2ndirii) specifice psihozelor organice, se poate constata ideea de bog\u0103\u0163ie constatate la Ceau\u015fescu (depuneri de mari sume de bani la banc\u0103, nenum\u0103rate vile, adev\u0103rate palate, \u00een care se depozitau obiecte de patrimoniu de incalculabil\u0103 valoare sustrase din muzee, \u00eembr\u0103c\u0103minte \u00een cantit\u0103\u0163i industriale etc.) ca s\u0103 nu mai vobim de cadourile oferite (de fapt cerute prin intermediari: kilograme de aur, diamante sintetice, bl\u0103nuri, bijuterii etc).<\/p>\n<p>Idei de reform\u0103 \u015fi paternitatea unor principii politice (comunismul \u015fi partidul, centrul vital&#8230; actul de la 23 august, versurile imnului de stat etc.), de filia\u0163ie (galeria marilor b\u0103rba\u0163i f\u0103uritori ai istoriei neamului); ideile de m\u0103rire, for\u0163\u0103, frumuse\u0163e, talent &#8211; toate sunt prezente la Ceau\u015fescu. Exagerarea a mers p\u00e2n\u0103 acolo, \u00eenc\u00e2t imaginea sa atunci c\u00e2nd ap\u0103rea \u00een pres\u0103 era retu\u015fat\u0103 \u015fi trucat\u0103 de fotografi.<\/p>\n<p><strong>Ca s\u0103 nu poarte ochelari, Ceau\u015fescu avea textul scris cu litere mari<\/strong><\/p>\n<p>Pentru ca s\u0103 nu poarte ochelari c\u00e2nd \u00ee\u015fi citea discursurile interminabile &#8211; analogia cu Hitler \u015fi \u00een acest caz este frapant\u0103 &#8211; textul era scris cu ma\u015fin\u0103 cu caractere mari, anume comandat\u0103. Tendin\u0163a spre discursuri interminabile tr\u0103deaz\u0103 un caracter isteric (hiperactivitate verbal\u0103).<\/p>\n<p><strong>Fobiile &#8222;pre\u015fedintelui prea-iubit&#8221;<br \/>\n<\/strong><\/p>\n<p>Dictatorul prezenta diverse obsesii fobice: teama fa\u0163\u0103 de locuri \u015fi situa\u0163ii nejustificate, pe care nu o putea alunga. De remarcat c\u0103 aceast\u0103 stare trebuie deosebit\u0103 de anxietate, la care teama e lipsit\u0103 de obiect. Fobiile nu apar izolat, ci \u00eenm\u0103nuncheate, cre\u00e2nd o stare de team\u0103 de aspect general (pantofobie). Dup\u0103 cum se \u015ftie, fobiile se schimb\u0103 \u00eentre ele \u015fi irupe teama de a nu ap\u0103rea vechile fobii.<\/p>\n<p>Printre alte fobii de care suferea, amintim agorafobia (de str\u0103zi, pie\u0163e), claustrofobia (de a nu sta \u00een locuri \u00eenchise, tunele, bunc\u0103re), fobii care l-au f\u0103cut s\u0103 renun\u0163e la re\u0163eaua subteran\u0103 pentru a fugi pe data de 22 decembrie 1989, prefer\u00e2nd elicopterul \u015fi ma\u015fina: nasofobia (frica de boal\u0103), cancerofobia \u015fi tanatofobia (frica de moarte).<\/p>\n<p><strong>Ceau\u015fescu, lips\u0103 total\u0103 de imagina\u0163ie<\/strong><\/p>\n<p>Ceau\u015fescu nu era \u00een m\u0103sur\u0103 s\u0103-\u015fi reprezinte un plan sau s\u0103 aprecieze o machet\u0103 f\u0103cut\u0103 la scar\u0103. \u00ce\u015fi d\u0103dea p\u0103rerea numai la scara 1:1! \u015ei dup\u0103 aceea, dac\u0103 nu-i pl\u0103cea ceva, ordona, printr-un gest caracteristic f\u0103cut cu m\u00e2na, s\u0103 se d\u0103r\u00e2me totul. Este vorba de agnozie imaginativ\u0103 grafic\u0103. Percep\u0163ia \u00eei tulburat\u0103 printr-un defect de integrare gnozic\u0103 (de transformare a excita\u0163iei \u00een senza\u0163ie \u015fi a acesteia \u00een imaginea perceptiv\u0103 la scar\u0103 natural\u0103) datorit\u0103 unor leziuni ale centrilor de integrare.<\/p>\n<p>\u00cen evolu\u0163ia bolii dictatorului, nu trebuie omis aportul direct al Elenei Ceau\u015fescu, ale c\u0103rei tr\u0103s\u0103turi erau identice. \u00cempreun\u0103, cei doi au dezvoltat un sindrom binecunoscut de psihiatri, nebunia \u00een doi, fiecare men\u0163in\u00e2nd sau amplific\u00e2nd tulbur\u0103rile de comportament ale celuilalt.<\/p>\n","protected":false},"excerpt":{"rendered":"<p>Mai e nevoie s\u0103 spun cine a fost Nicolae Ceau\u015fescu? Desigur c\u0103 nu! Cred c\u0103 \u015ftie aproape oricine. \u00cens\u0103 ceea ce se va citi \u00een acest material (sintetizat dup\u0103 Paul \u015etef\u0103nescu) nu foarte mul\u0163i au aflat. C\u0103ci aici vom vorbi &#8230; <\/p>\n<p class=\"read-more-container\"><a title=\"Nicolae Ceau\u015fescu, marele nebun care a condus Rom\u00e2nia 25 de ani\" class=\"read-more button\" href=\"https:\/\/www.lovendal.ro\/wp52\/nicolae-ceausescu-marele-nebun-care-a-condus-romania-25-de-ani\/#more-15997\" aria-label=\"Cite\u0219te mai multe despre Nicolae Ceau\u015fescu, marele nebun care a condus Rom\u00e2nia 25 de ani\">Cititi mai multe<\/a><\/p>\n","protected":false},"author":1,"featured_media":15998,"comment_status":"open","ping_status":"closed","sticky":false,"template":"","format":"standard","meta":{"footnotes":""},"categories":[9],"tags":[135,1235,1532,2266,1485,2399,3810,190,74,148],"class_list":["post-15997","post","type-post","status-publish","format-standard","has-post-thumbnail","hentry","category-istorie","tag-ceausescu","tag-diabet","tag-istorie-si-civilizatii","tag-nebun","tag-nebunie","tag-ochelari","tag-paranoia","tag-presedinte","tag-romania","tag-schizofrenie","resize-featured-image"],"yoast_head":"<!-- This site is optimized with the Yoast SEO Premium plugin v23.3 (Yoast SEO v27.4) - https:\/\/yoast.com\/product\/yoast-seo-premium-wordpress\/ -->\n<title>Nicolae Ceau\u015fescu, marele nebun care a condus Rom\u00e2nia 25 de ani - Secretele lui Lovendal<\/title>\n<meta name=\"robots\" content=\"index, follow, max-snippet:-1, max-image-preview:large, max-video-preview:-1\" \/>\n<link rel=\"canonical\" href=\"https:\/\/www.lovendal.ro\/wp52\/nicolae-ceausescu-marele-nebun-care-a-condus-romania-25-de-ani\/\" \/>\n<meta property=\"og:locale\" content=\"ro_RO\" \/>\n<meta property=\"og:type\" content=\"article\" \/>\n<meta property=\"og:title\" content=\"Nicolae Ceau\u015fescu, marele nebun care a condus Rom\u00e2nia 25 de ani\" \/>\n<meta property=\"og:description\" content=\"Mai e nevoie s\u0103 spun cine a fost Nicolae Ceau\u015fescu? Desigur c\u0103 nu! Cred c\u0103 \u015ftie aproape oricine. \u00cens\u0103 ceea ce se va citi \u00een acest material (sintetizat dup\u0103 Paul \u015etef\u0103nescu) nu foarte mul\u0163i au aflat. C\u0103ci aici vom vorbi ... Cititi mai multe\" \/>\n<meta property=\"og:url\" content=\"https:\/\/www.lovendal.ro\/wp52\/nicolae-ceausescu-marele-nebun-care-a-condus-romania-25-de-ani\/\" \/>\n<meta property=\"og:site_name\" content=\"Secretele lui Lovendal\" \/>\n<meta property=\"article:publisher\" content=\"https:\/\/www.facebook.com\/secreteleluilovendal\" \/>\n<meta property=\"article:published_time\" content=\"2010-12-16T19:31:36+00:00\" \/>\n<meta property=\"article:modified_time\" content=\"2010-12-19T07:44:52+00:00\" \/>\n<meta property=\"og:image\" content=\"https:\/\/www.lovendal.ro\/wp52\/wp-content\/uploads\/2010\/12\/Ceausescu303.jpg\" \/>\n\t<meta property=\"og:image:width\" content=\"279\" \/>\n\t<meta property=\"og:image:height\" content=\"274\" \/>\n\t<meta property=\"og:image:type\" content=\"image\/jpeg\" \/>\n<meta name=\"author\" content=\"admin\" \/>\n<meta name=\"twitter:card\" content=\"summary_large_image\" \/>\n<meta name=\"twitter:label1\" content=\"Scris de\" \/>\n\t<meta name=\"twitter:data1\" content=\"admin\" \/>\n\t<meta name=\"twitter:label2\" content=\"Timp estimat pentru citire\" \/>\n\t<meta name=\"twitter:data2\" content=\"7 minute\" \/>\n<script type=\"application\/ld+json\" class=\"yoast-schema-graph\">{\"@context\":\"https:\\\/\\\/schema.org\",\"@graph\":[{\"@type\":\"Article\",\"@id\":\"https:\\\/\\\/www.lovendal.ro\\\/wp52\\\/nicolae-ceausescu-marele-nebun-care-a-condus-romania-25-de-ani\\\/#article\",\"isPartOf\":{\"@id\":\"https:\\\/\\\/www.lovendal.ro\\\/wp52\\\/nicolae-ceausescu-marele-nebun-care-a-condus-romania-25-de-ani\\\/\"},\"author\":{\"name\":\"admin\",\"@id\":\"https:\\\/\\\/www.lovendal.ro\\\/wp52\\\/#\\\/schema\\\/person\\\/088691de5dfc346bb0c023e1e52ef5d9\"},\"headline\":\"Nicolae Ceau\u015fescu, marele nebun care a condus Rom\u00e2nia 25 de ani\",\"datePublished\":\"2010-12-16T19:31:36+00:00\",\"dateModified\":\"2010-12-19T07:44:52+00:00\",\"mainEntityOfPage\":{\"@id\":\"https:\\\/\\\/www.lovendal.ro\\\/wp52\\\/nicolae-ceausescu-marele-nebun-care-a-condus-romania-25-de-ani\\\/\"},\"wordCount\":1342,\"commentCount\":71,\"publisher\":{\"@id\":\"https:\\\/\\\/www.lovendal.ro\\\/wp52\\\/#organization\"},\"image\":{\"@id\":\"https:\\\/\\\/www.lovendal.ro\\\/wp52\\\/nicolae-ceausescu-marele-nebun-care-a-condus-romania-25-de-ani\\\/#primaryimage\"},\"thumbnailUrl\":\"https:\\\/\\\/www.lovendal.ro\\\/wp52\\\/wp-content\\\/uploads\\\/2010\\\/12\\\/Ceausescu303.jpg\",\"keywords\":[\"Ceau\u015fescu\",\"diabet\",\"Istorie si Civilizatii\",\"nebun\",\"nebunie\",\"ochelari\",\"paranoia\",\"pre\u015fedinte\",\"Rom\u00e2nia\",\"schizofrenie\"],\"articleSection\":[\"Istorie si Civilizatii\"],\"inLanguage\":\"ro-RO\",\"potentialAction\":[{\"@type\":\"CommentAction\",\"name\":\"Comment\",\"target\":[\"https:\\\/\\\/www.lovendal.ro\\\/wp52\\\/nicolae-ceausescu-marele-nebun-care-a-condus-romania-25-de-ani\\\/#respond\"]}]},{\"@type\":\"WebPage\",\"@id\":\"https:\\\/\\\/www.lovendal.ro\\\/wp52\\\/nicolae-ceausescu-marele-nebun-care-a-condus-romania-25-de-ani\\\/\",\"url\":\"https:\\\/\\\/www.lovendal.ro\\\/wp52\\\/nicolae-ceausescu-marele-nebun-care-a-condus-romania-25-de-ani\\\/\",\"name\":\"Nicolae Ceau\u015fescu, marele nebun care a condus Rom\u00e2nia 25 de ani - Secretele lui Lovendal\",\"isPartOf\":{\"@id\":\"https:\\\/\\\/www.lovendal.ro\\\/wp52\\\/#website\"},\"primaryImageOfPage\":{\"@id\":\"https:\\\/\\\/www.lovendal.ro\\\/wp52\\\/nicolae-ceausescu-marele-nebun-care-a-condus-romania-25-de-ani\\\/#primaryimage\"},\"image\":{\"@id\":\"https:\\\/\\\/www.lovendal.ro\\\/wp52\\\/nicolae-ceausescu-marele-nebun-care-a-condus-romania-25-de-ani\\\/#primaryimage\"},\"thumbnailUrl\":\"https:\\\/\\\/www.lovendal.ro\\\/wp52\\\/wp-content\\\/uploads\\\/2010\\\/12\\\/Ceausescu303.jpg\",\"datePublished\":\"2010-12-16T19:31:36+00:00\",\"dateModified\":\"2010-12-19T07:44:52+00:00\",\"breadcrumb\":{\"@id\":\"https:\\\/\\\/www.lovendal.ro\\\/wp52\\\/nicolae-ceausescu-marele-nebun-care-a-condus-romania-25-de-ani\\\/#breadcrumb\"},\"inLanguage\":\"ro-RO\",\"potentialAction\":[{\"@type\":\"ReadAction\",\"target\":[\"https:\\\/\\\/www.lovendal.ro\\\/wp52\\\/nicolae-ceausescu-marele-nebun-care-a-condus-romania-25-de-ani\\\/\"]}]},{\"@type\":\"ImageObject\",\"inLanguage\":\"ro-RO\",\"@id\":\"https:\\\/\\\/www.lovendal.ro\\\/wp52\\\/nicolae-ceausescu-marele-nebun-care-a-condus-romania-25-de-ani\\\/#primaryimage\",\"url\":\"https:\\\/\\\/www.lovendal.ro\\\/wp52\\\/wp-content\\\/uploads\\\/2010\\\/12\\\/Ceausescu303.jpg\",\"contentUrl\":\"https:\\\/\\\/www.lovendal.ro\\\/wp52\\\/wp-content\\\/uploads\\\/2010\\\/12\\\/Ceausescu303.jpg\",\"width\":\"279\",\"height\":\"274\"},{\"@type\":\"BreadcrumbList\",\"@id\":\"https:\\\/\\\/www.lovendal.ro\\\/wp52\\\/nicolae-ceausescu-marele-nebun-care-a-condus-romania-25-de-ani\\\/#breadcrumb\",\"itemListElement\":[{\"@type\":\"ListItem\",\"position\":1,\"name\":\"Home\",\"item\":\"https:\\\/\\\/www.lovendal.ro\\\/wp52\\\/\"},{\"@type\":\"ListItem\",\"position\":2,\"name\":\"Nicolae Ceau\u015fescu, marele nebun care a condus Rom\u00e2nia 25 de ani\"}]},{\"@type\":\"WebSite\",\"@id\":\"https:\\\/\\\/www.lovendal.ro\\\/wp52\\\/#website\",\"url\":\"https:\\\/\\\/www.lovendal.ro\\\/wp52\\\/\",\"name\":\"Secretele lui Lovendal\",\"description\":\"Site de secrete, stiinta si metafizica - din 2008 -\",\"publisher\":{\"@id\":\"https:\\\/\\\/www.lovendal.ro\\\/wp52\\\/#organization\"},\"potentialAction\":[{\"@type\":\"SearchAction\",\"target\":{\"@type\":\"EntryPoint\",\"urlTemplate\":\"https:\\\/\\\/www.lovendal.ro\\\/wp52\\\/?s={search_term_string}\"},\"query-input\":{\"@type\":\"PropertyValueSpecification\",\"valueRequired\":true,\"valueName\":\"search_term_string\"}}],\"inLanguage\":\"ro-RO\"},{\"@type\":\"Organization\",\"@id\":\"https:\\\/\\\/www.lovendal.ro\\\/wp52\\\/#organization\",\"name\":\"Secretele lui Lovendal\",\"url\":\"https:\\\/\\\/www.lovendal.ro\\\/wp52\\\/\",\"logo\":{\"@type\":\"ImageObject\",\"inLanguage\":\"ro-RO\",\"@id\":\"https:\\\/\\\/www.lovendal.ro\\\/wp52\\\/#\\\/schema\\\/logo\\\/image\\\/\",\"url\":\"https:\\\/\\\/www.lovendal.ro\\\/wp52\\\/wp-content\\\/uploads\\\/2024\\\/06\\\/cropped-SLL-iun-2024-1.jpg\",\"contentUrl\":\"https:\\\/\\\/www.lovendal.ro\\\/wp52\\\/wp-content\\\/uploads\\\/2024\\\/06\\\/cropped-SLL-iun-2024-1.jpg\",\"width\":771,\"height\":240,\"caption\":\"Secretele lui Lovendal\"},\"image\":{\"@id\":\"https:\\\/\\\/www.lovendal.ro\\\/wp52\\\/#\\\/schema\\\/logo\\\/image\\\/\"},\"sameAs\":[\"https:\\\/\\\/www.facebook.com\\\/secreteleluilovendal\"]},{\"@type\":\"Person\",\"@id\":\"https:\\\/\\\/www.lovendal.ro\\\/wp52\\\/#\\\/schema\\\/person\\\/088691de5dfc346bb0c023e1e52ef5d9\",\"name\":\"admin\",\"image\":{\"@type\":\"ImageObject\",\"inLanguage\":\"ro-RO\",\"@id\":\"https:\\\/\\\/secure.gravatar.com\\\/avatar\\\/ecb9cd41f5f63c9c9b989999a59f6e2639a865ec361e9db054db0679a8f341c2?s=96&d=mm&r=g\",\"url\":\"https:\\\/\\\/secure.gravatar.com\\\/avatar\\\/ecb9cd41f5f63c9c9b989999a59f6e2639a865ec361e9db054db0679a8f341c2?s=96&d=mm&r=g\",\"contentUrl\":\"https:\\\/\\\/secure.gravatar.com\\\/avatar\\\/ecb9cd41f5f63c9c9b989999a59f6e2639a865ec361e9db054db0679a8f341c2?s=96&d=mm&r=g\",\"caption\":\"admin\"},\"sameAs\":[\"https:\\\/\\\/www.lovendal.ro\\\/wp52\"]}]}<\/script>\n<!-- \/ Yoast SEO Premium plugin. -->","yoast_head_json":{"title":"Nicolae Ceau\u015fescu, marele nebun care a condus Rom\u00e2nia 25 de ani - Secretele lui Lovendal","robots":{"index":"index","follow":"follow","max-snippet":"max-snippet:-1","max-image-preview":"max-image-preview:large","max-video-preview":"max-video-preview:-1"},"canonical":"https:\/\/www.lovendal.ro\/wp52\/nicolae-ceausescu-marele-nebun-care-a-condus-romania-25-de-ani\/","og_locale":"ro_RO","og_type":"article","og_title":"Nicolae Ceau\u015fescu, marele nebun care a condus Rom\u00e2nia 25 de ani","og_description":"Mai e nevoie s\u0103 spun cine a fost Nicolae Ceau\u015fescu? Desigur c\u0103 nu! Cred c\u0103 \u015ftie aproape oricine. \u00cens\u0103 ceea ce se va citi \u00een acest material (sintetizat dup\u0103 Paul \u015etef\u0103nescu) nu foarte mul\u0163i au aflat. C\u0103ci aici vom vorbi ... Cititi mai multe","og_url":"https:\/\/www.lovendal.ro\/wp52\/nicolae-ceausescu-marele-nebun-care-a-condus-romania-25-de-ani\/","og_site_name":"Secretele lui Lovendal","article_publisher":"https:\/\/www.facebook.com\/secreteleluilovendal","article_published_time":"2010-12-16T19:31:36+00:00","article_modified_time":"2010-12-19T07:44:52+00:00","og_image":[{"width":279,"height":274,"url":"https:\/\/www.lovendal.ro\/wp52\/wp-content\/uploads\/2010\/12\/Ceausescu303.jpg","type":"image\/jpeg"}],"author":"admin","twitter_card":"summary_large_image","twitter_misc":{"Scris de":"admin","Timp estimat pentru citire":"7 minute"},"schema":{"@context":"https:\/\/schema.org","@graph":[{"@type":"Article","@id":"https:\/\/www.lovendal.ro\/wp52\/nicolae-ceausescu-marele-nebun-care-a-condus-romania-25-de-ani\/#article","isPartOf":{"@id":"https:\/\/www.lovendal.ro\/wp52\/nicolae-ceausescu-marele-nebun-care-a-condus-romania-25-de-ani\/"},"author":{"name":"admin","@id":"https:\/\/www.lovendal.ro\/wp52\/#\/schema\/person\/088691de5dfc346bb0c023e1e52ef5d9"},"headline":"Nicolae Ceau\u015fescu, marele nebun care a condus Rom\u00e2nia 25 de ani","datePublished":"2010-12-16T19:31:36+00:00","dateModified":"2010-12-19T07:44:52+00:00","mainEntityOfPage":{"@id":"https:\/\/www.lovendal.ro\/wp52\/nicolae-ceausescu-marele-nebun-care-a-condus-romania-25-de-ani\/"},"wordCount":1342,"commentCount":71,"publisher":{"@id":"https:\/\/www.lovendal.ro\/wp52\/#organization"},"image":{"@id":"https:\/\/www.lovendal.ro\/wp52\/nicolae-ceausescu-marele-nebun-care-a-condus-romania-25-de-ani\/#primaryimage"},"thumbnailUrl":"https:\/\/www.lovendal.ro\/wp52\/wp-content\/uploads\/2010\/12\/Ceausescu303.jpg","keywords":["Ceau\u015fescu","diabet","Istorie si Civilizatii","nebun","nebunie","ochelari","paranoia","pre\u015fedinte","Rom\u00e2nia","schizofrenie"],"articleSection":["Istorie si Civilizatii"],"inLanguage":"ro-RO","potentialAction":[{"@type":"CommentAction","name":"Comment","target":["https:\/\/www.lovendal.ro\/wp52\/nicolae-ceausescu-marele-nebun-care-a-condus-romania-25-de-ani\/#respond"]}]},{"@type":"WebPage","@id":"https:\/\/www.lovendal.ro\/wp52\/nicolae-ceausescu-marele-nebun-care-a-condus-romania-25-de-ani\/","url":"https:\/\/www.lovendal.ro\/wp52\/nicolae-ceausescu-marele-nebun-care-a-condus-romania-25-de-ani\/","name":"Nicolae Ceau\u015fescu, marele nebun care a condus Rom\u00e2nia 25 de ani - Secretele lui Lovendal","isPartOf":{"@id":"https:\/\/www.lovendal.ro\/wp52\/#website"},"primaryImageOfPage":{"@id":"https:\/\/www.lovendal.ro\/wp52\/nicolae-ceausescu-marele-nebun-care-a-condus-romania-25-de-ani\/#primaryimage"},"image":{"@id":"https:\/\/www.lovendal.ro\/wp52\/nicolae-ceausescu-marele-nebun-care-a-condus-romania-25-de-ani\/#primaryimage"},"thumbnailUrl":"https:\/\/www.lovendal.ro\/wp52\/wp-content\/uploads\/2010\/12\/Ceausescu303.jpg","datePublished":"2010-12-16T19:31:36+00:00","dateModified":"2010-12-19T07:44:52+00:00","breadcrumb":{"@id":"https:\/\/www.lovendal.ro\/wp52\/nicolae-ceausescu-marele-nebun-care-a-condus-romania-25-de-ani\/#breadcrumb"},"inLanguage":"ro-RO","potentialAction":[{"@type":"ReadAction","target":["https:\/\/www.lovendal.ro\/wp52\/nicolae-ceausescu-marele-nebun-care-a-condus-romania-25-de-ani\/"]}]},{"@type":"ImageObject","inLanguage":"ro-RO","@id":"https:\/\/www.lovendal.ro\/wp52\/nicolae-ceausescu-marele-nebun-care-a-condus-romania-25-de-ani\/#primaryimage","url":"https:\/\/www.lovendal.ro\/wp52\/wp-content\/uploads\/2010\/12\/Ceausescu303.jpg","contentUrl":"https:\/\/www.lovendal.ro\/wp52\/wp-content\/uploads\/2010\/12\/Ceausescu303.jpg","width":"279","height":"274"},{"@type":"BreadcrumbList","@id":"https:\/\/www.lovendal.ro\/wp52\/nicolae-ceausescu-marele-nebun-care-a-condus-romania-25-de-ani\/#breadcrumb","itemListElement":[{"@type":"ListItem","position":1,"name":"Home","item":"https:\/\/www.lovendal.ro\/wp52\/"},{"@type":"ListItem","position":2,"name":"Nicolae Ceau\u015fescu, marele nebun care a condus Rom\u00e2nia 25 de ani"}]},{"@type":"WebSite","@id":"https:\/\/www.lovendal.ro\/wp52\/#website","url":"https:\/\/www.lovendal.ro\/wp52\/","name":"Secretele lui Lovendal","description":"Site de secrete, stiinta si metafizica - din 2008 -","publisher":{"@id":"https:\/\/www.lovendal.ro\/wp52\/#organization"},"potentialAction":[{"@type":"SearchAction","target":{"@type":"EntryPoint","urlTemplate":"https:\/\/www.lovendal.ro\/wp52\/?s={search_term_string}"},"query-input":{"@type":"PropertyValueSpecification","valueRequired":true,"valueName":"search_term_string"}}],"inLanguage":"ro-RO"},{"@type":"Organization","@id":"https:\/\/www.lovendal.ro\/wp52\/#organization","name":"Secretele lui Lovendal","url":"https:\/\/www.lovendal.ro\/wp52\/","logo":{"@type":"ImageObject","inLanguage":"ro-RO","@id":"https:\/\/www.lovendal.ro\/wp52\/#\/schema\/logo\/image\/","url":"https:\/\/www.lovendal.ro\/wp52\/wp-content\/uploads\/2024\/06\/cropped-SLL-iun-2024-1.jpg","contentUrl":"https:\/\/www.lovendal.ro\/wp52\/wp-content\/uploads\/2024\/06\/cropped-SLL-iun-2024-1.jpg","width":771,"height":240,"caption":"Secretele lui Lovendal"},"image":{"@id":"https:\/\/www.lovendal.ro\/wp52\/#\/schema\/logo\/image\/"},"sameAs":["https:\/\/www.facebook.com\/secreteleluilovendal"]},{"@type":"Person","@id":"https:\/\/www.lovendal.ro\/wp52\/#\/schema\/person\/088691de5dfc346bb0c023e1e52ef5d9","name":"admin","image":{"@type":"ImageObject","inLanguage":"ro-RO","@id":"https:\/\/secure.gravatar.com\/avatar\/ecb9cd41f5f63c9c9b989999a59f6e2639a865ec361e9db054db0679a8f341c2?s=96&d=mm&r=g","url":"https:\/\/secure.gravatar.com\/avatar\/ecb9cd41f5f63c9c9b989999a59f6e2639a865ec361e9db054db0679a8f341c2?s=96&d=mm&r=g","contentUrl":"https:\/\/secure.gravatar.com\/avatar\/ecb9cd41f5f63c9c9b989999a59f6e2639a865ec361e9db054db0679a8f341c2?s=96&d=mm&r=g","caption":"admin"},"sameAs":["https:\/\/www.lovendal.ro\/wp52"]}]}},"_links":{"self":[{"href":"https:\/\/www.lovendal.ro\/wp52\/wp-json\/wp\/v2\/posts\/15997","targetHints":{"allow":["GET"]}}],"collection":[{"href":"https:\/\/www.lovendal.ro\/wp52\/wp-json\/wp\/v2\/posts"}],"about":[{"href":"https:\/\/www.lovendal.ro\/wp52\/wp-json\/wp\/v2\/types\/post"}],"author":[{"embeddable":true,"href":"https:\/\/www.lovendal.ro\/wp52\/wp-json\/wp\/v2\/users\/1"}],"replies":[{"embeddable":true,"href":"https:\/\/www.lovendal.ro\/wp52\/wp-json\/wp\/v2\/comments?post=15997"}],"version-history":[{"count":0,"href":"https:\/\/www.lovendal.ro\/wp52\/wp-json\/wp\/v2\/posts\/15997\/revisions"}],"wp:featuredmedia":[{"embeddable":true,"href":"https:\/\/www.lovendal.ro\/wp52\/wp-json\/wp\/v2\/media\/15998"}],"wp:attachment":[{"href":"https:\/\/www.lovendal.ro\/wp52\/wp-json\/wp\/v2\/media?parent=15997"}],"wp:term":[{"taxonomy":"category","embeddable":true,"href":"https:\/\/www.lovendal.ro\/wp52\/wp-json\/wp\/v2\/categories?post=15997"},{"taxonomy":"post_tag","embeddable":true,"href":"https:\/\/www.lovendal.ro\/wp52\/wp-json\/wp\/v2\/tags?post=15997"}],"curies":[{"name":"wp","href":"https:\/\/api.w.org\/{rel}","templated":true}]}}