{"id":1581,"date":"2008-11-17T23:46:05","date_gmt":"2008-11-17T19:46:05","guid":{"rendered":"http:\/\/www.lovendal.net\/wp52\/?p=1581"},"modified":"2020-02-12T16:44:27","modified_gmt":"2020-02-12T14:44:27","slug":"pana-in-2025-vom-putea-comunica-cu-extraterestrii","status":"publish","type":"post","link":"https:\/\/www.lovendal.ro\/wp52\/pana-in-2025-vom-putea-comunica-cu-extraterestrii\/","title":{"rendered":"P\u00e2n\u0103 \u00een 2025 vom putea comunica cu extratere\u015ftrii"},"content":{"rendered":"<figure id=\"attachment_66675\" aria-describedby=\"caption-attachment-66675\" style=\"width: 334px\" class=\"wp-caption alignleft\"><a href=\"https:\/\/www.lovendal.ro\/wp52\/wp-content\/uploads\/2008\/11\/extraterestri-3.jpg\"><img loading=\"lazy\" decoding=\"async\" class=\"size-full wp-image-66675\" src=\"https:\/\/www.lovendal.ro\/wp52\/wp-content\/uploads\/2008\/11\/extraterestri-3.jpg\" alt=\"\" width=\"344\" height=\"244\" srcset=\"https:\/\/www.lovendal.ro\/wp52\/wp-content\/uploads\/2008\/11\/extraterestri-3.jpg 344w, https:\/\/www.lovendal.ro\/wp52\/wp-content\/uploads\/2008\/11\/extraterestri-3-300x213.jpg 300w, https:\/\/www.lovendal.ro\/wp52\/wp-content\/uploads\/2008\/11\/extraterestri-3-100x70.jpg 100w\" sizes=\"auto, (max-width: 344px) 100vw, 344px\" \/><\/a><figcaption id=\"caption-attachment-66675\" class=\"wp-caption-text\"><strong>Imagine:<\/strong> <a href=\"https:\/\/c.pxhere.com\/photos\/85\/3d\/aliens_alien_alie_green_green_male-984865.jpg!d\" target=\"_blank\" rel=\"noopener noreferrer\"><strong>pxhere.com<\/strong><\/a> (Commons Creative &#8211; free)<\/figcaption><\/figure>\n<p>Seth Shostack, unul dintre cercet\u0103torii SETI (Search for Extraterrestrial Intelligence), a afirmat c\u0103 \u00een anul 2025 oamenii vom putea intra \u00een contact cu extratere\u015ftrii. Acesta a \u0163inut o conferin\u0163\u0103 de pres\u0103, la San Francisco, \u00een care a surprins audien\u0163a prin aceast\u0103 declara\u0163ie \u015foc, informeaz\u0103 News Blaze.<\/p>\n<p><em>&#8222;\u00cel vom g\u0103si pe E.T. \u00een cel mult 20 ani&#8221;<\/em>, a declarat Shostack. Cercet\u0103torul a afirmat c\u0103 declara\u0163ia lui se bazeaz\u0103 pe faptul c\u0103 tehnologia pe care o folosim va avansa foarte tare \u015fi \u00een urm\u0103toarele dou\u0103 decenii vor exist\u0103 aparate care s\u0103 caute alte forme de via\u0163\u0103, la 500 de ani lumin\u0103 de P\u0103m\u00e2nt.<\/p>\n<p><em>&#8222;Dac\u0103 am f\u0103cut calculele \u00een mod corect, oamenii vor putea contacta forme de via\u0163\u0103 extraterestre care se afla \u00een galaxia noastr\u0103. Conform teoriilor savantului Frank Drake, \u00een Caleea Lactee trebuie s\u0103 existe peste 10.000 de civiliza\u0163ii care sunt capabile s\u0103 comunice prin unde radio&#8221;, <\/em>a ad\u0103ugat Shostack.<\/p>\n<p>Proiectul SETI, \u00een care este implicat Shostack, a fost finan\u0163at de NASA p\u00e2n\u0103 \u00een anii \u201890, c\u00e2nd au fost \u00eentrerupte fondurile, din cauza lipsei de rezultate. Oamenii de \u015ftiin\u0163\u0103 s-au bazat, de atunci, numai pe finan\u0163\u0103ri particulare, pentru a cerceta \u00een continuare via\u0163a extraterestr\u0103.<\/p>\n","protected":false},"excerpt":{"rendered":"<p>Seth Shostack, unul dintre cercet\u0103torii SETI (Search for Extraterrestrial Intelligence), a afirmat c\u0103 \u00een anul 2025 oamenii vom putea intra \u00een contact cu extratere\u015ftrii. Acesta a \u0163inut o conferin\u0163\u0103 de pres\u0103, la San Francisco, \u00een care a surprins audien\u0163a prin &#8230; <\/p>\n<p class=\"read-more-container\"><a title=\"P\u00e2n\u0103 \u00een 2025 vom putea comunica cu extratere\u015ftrii\" class=\"read-more button\" href=\"https:\/\/www.lovendal.ro\/wp52\/pana-in-2025-vom-putea-comunica-cu-extraterestrii\/#more-1581\" aria-label=\"Cite\u0219te mai multe despre P\u00e2n\u0103 \u00een 2025 vom putea comunica cu extratere\u015ftrii\">Cititi mai multe<\/a><\/p>\n","protected":false},"author":1,"featured_media":66675,"comment_status":"open","ping_status":"closed","sticky":false,"template":"","format":"standard","meta":{"footnotes":""},"categories":[14],"tags":[51,9796,515],"class_list":["post-1581","post","type-post","status-publish","format-standard","has-post-thumbnail","hentry","category-paranormal-spiritualitate","tag-extraterestri","tag-paranormal-spiritualitate","tag-seti","resize-featured-image"],"yoast_head":"<!-- This site is optimized with the Yoast SEO Premium plugin v23.3 (Yoast SEO v27.4) - https:\/\/yoast.com\/product\/yoast-seo-premium-wordpress\/ -->\n<title>P\u00e2n\u0103 \u00een 2025 vom putea comunica cu extratere\u015ftrii - Secretele lui Lovendal<\/title>\n<meta name=\"robots\" content=\"index, follow, max-snippet:-1, max-image-preview:large, max-video-preview:-1\" \/>\n<link rel=\"canonical\" href=\"https:\/\/www.lovendal.ro\/wp52\/pana-in-2025-vom-putea-comunica-cu-extraterestrii\/\" \/>\n<meta property=\"og:locale\" content=\"ro_RO\" \/>\n<meta property=\"og:type\" content=\"article\" \/>\n<meta property=\"og:title\" content=\"P\u00e2n\u0103 \u00een 2025 vom putea comunica cu extratere\u015ftrii\" \/>\n<meta property=\"og:description\" content=\"Seth Shostack, unul dintre cercet\u0103torii SETI (Search for Extraterrestrial Intelligence), a afirmat c\u0103 \u00een anul 2025 oamenii vom putea intra \u00een contact cu extratere\u015ftrii. Acesta a \u0163inut o conferin\u0163\u0103 de pres\u0103, la San Francisco, \u00een care a surprins audien\u0163a prin ... Cititi mai multe\" \/>\n<meta property=\"og:url\" content=\"https:\/\/www.lovendal.ro\/wp52\/pana-in-2025-vom-putea-comunica-cu-extraterestrii\/\" \/>\n<meta property=\"og:site_name\" content=\"Secretele lui Lovendal\" \/>\n<meta property=\"article:publisher\" content=\"https:\/\/www.facebook.com\/secreteleluilovendal\" \/>\n<meta property=\"article:published_time\" content=\"2008-11-17T19:46:05+00:00\" \/>\n<meta property=\"article:modified_time\" content=\"2020-02-12T14:44:27+00:00\" \/>\n<meta property=\"og:image\" content=\"https:\/\/www.lovendal.ro\/wp52\/wp-content\/uploads\/2008\/11\/extraterestri-3.jpg\" \/>\n\t<meta property=\"og:image:width\" content=\"344\" \/>\n\t<meta property=\"og:image:height\" content=\"244\" \/>\n\t<meta property=\"og:image:type\" content=\"image\/jpeg\" \/>\n<meta name=\"author\" content=\"admin\" \/>\n<meta name=\"twitter:card\" content=\"summary_large_image\" \/>\n<meta name=\"twitter:label1\" content=\"Scris de\" \/>\n\t<meta name=\"twitter:data1\" content=\"admin\" \/>\n\t<meta name=\"twitter:label2\" content=\"Timp estimat pentru citire\" \/>\n\t<meta name=\"twitter:data2\" content=\"1 minut\" \/>\n<script type=\"application\/ld+json\" class=\"yoast-schema-graph\">{\"@context\":\"https:\\\/\\\/schema.org\",\"@graph\":[{\"@type\":\"Article\",\"@id\":\"https:\\\/\\\/www.lovendal.ro\\\/wp52\\\/pana-in-2025-vom-putea-comunica-cu-extraterestrii\\\/#article\",\"isPartOf\":{\"@id\":\"https:\\\/\\\/www.lovendal.ro\\\/wp52\\\/pana-in-2025-vom-putea-comunica-cu-extraterestrii\\\/\"},\"author\":{\"name\":\"admin\",\"@id\":\"https:\\\/\\\/www.lovendal.ro\\\/wp52\\\/#\\\/schema\\\/person\\\/088691de5dfc346bb0c023e1e52ef5d9\"},\"headline\":\"P\u00e2n\u0103 \u00een 2025 vom putea comunica cu extratere\u015ftrii\",\"datePublished\":\"2008-11-17T19:46:05+00:00\",\"dateModified\":\"2020-02-12T14:44:27+00:00\",\"mainEntityOfPage\":{\"@id\":\"https:\\\/\\\/www.lovendal.ro\\\/wp52\\\/pana-in-2025-vom-putea-comunica-cu-extraterestrii\\\/\"},\"wordCount\":229,\"commentCount\":5,\"publisher\":{\"@id\":\"https:\\\/\\\/www.lovendal.ro\\\/wp52\\\/#organization\"},\"image\":{\"@id\":\"https:\\\/\\\/www.lovendal.ro\\\/wp52\\\/pana-in-2025-vom-putea-comunica-cu-extraterestrii\\\/#primaryimage\"},\"thumbnailUrl\":\"https:\\\/\\\/www.lovendal.ro\\\/wp52\\\/wp-content\\\/uploads\\\/2008\\\/11\\\/extraterestri-3.jpg\",\"keywords\":[\"extratere\u015ftri\",\"Paranormal-Spiritualitate\",\"SETI\"],\"articleSection\":[\"Paranormal-Spiritualitate\"],\"inLanguage\":\"ro-RO\",\"potentialAction\":[{\"@type\":\"CommentAction\",\"name\":\"Comment\",\"target\":[\"https:\\\/\\\/www.lovendal.ro\\\/wp52\\\/pana-in-2025-vom-putea-comunica-cu-extraterestrii\\\/#respond\"]}]},{\"@type\":\"WebPage\",\"@id\":\"https:\\\/\\\/www.lovendal.ro\\\/wp52\\\/pana-in-2025-vom-putea-comunica-cu-extraterestrii\\\/\",\"url\":\"https:\\\/\\\/www.lovendal.ro\\\/wp52\\\/pana-in-2025-vom-putea-comunica-cu-extraterestrii\\\/\",\"name\":\"P\u00e2n\u0103 \u00een 2025 vom putea comunica cu extratere\u015ftrii - Secretele lui Lovendal\",\"isPartOf\":{\"@id\":\"https:\\\/\\\/www.lovendal.ro\\\/wp52\\\/#website\"},\"primaryImageOfPage\":{\"@id\":\"https:\\\/\\\/www.lovendal.ro\\\/wp52\\\/pana-in-2025-vom-putea-comunica-cu-extraterestrii\\\/#primaryimage\"},\"image\":{\"@id\":\"https:\\\/\\\/www.lovendal.ro\\\/wp52\\\/pana-in-2025-vom-putea-comunica-cu-extraterestrii\\\/#primaryimage\"},\"thumbnailUrl\":\"https:\\\/\\\/www.lovendal.ro\\\/wp52\\\/wp-content\\\/uploads\\\/2008\\\/11\\\/extraterestri-3.jpg\",\"datePublished\":\"2008-11-17T19:46:05+00:00\",\"dateModified\":\"2020-02-12T14:44:27+00:00\",\"breadcrumb\":{\"@id\":\"https:\\\/\\\/www.lovendal.ro\\\/wp52\\\/pana-in-2025-vom-putea-comunica-cu-extraterestrii\\\/#breadcrumb\"},\"inLanguage\":\"ro-RO\",\"potentialAction\":[{\"@type\":\"ReadAction\",\"target\":[\"https:\\\/\\\/www.lovendal.ro\\\/wp52\\\/pana-in-2025-vom-putea-comunica-cu-extraterestrii\\\/\"]}]},{\"@type\":\"ImageObject\",\"inLanguage\":\"ro-RO\",\"@id\":\"https:\\\/\\\/www.lovendal.ro\\\/wp52\\\/pana-in-2025-vom-putea-comunica-cu-extraterestrii\\\/#primaryimage\",\"url\":\"https:\\\/\\\/www.lovendal.ro\\\/wp52\\\/wp-content\\\/uploads\\\/2008\\\/11\\\/extraterestri-3.jpg\",\"contentUrl\":\"https:\\\/\\\/www.lovendal.ro\\\/wp52\\\/wp-content\\\/uploads\\\/2008\\\/11\\\/extraterestri-3.jpg\",\"width\":344,\"height\":244,\"caption\":\"Imagine: pxhere.com (Commons Creative - free)\"},{\"@type\":\"BreadcrumbList\",\"@id\":\"https:\\\/\\\/www.lovendal.ro\\\/wp52\\\/pana-in-2025-vom-putea-comunica-cu-extraterestrii\\\/#breadcrumb\",\"itemListElement\":[{\"@type\":\"ListItem\",\"position\":1,\"name\":\"Home\",\"item\":\"https:\\\/\\\/www.lovendal.ro\\\/wp52\\\/\"},{\"@type\":\"ListItem\",\"position\":2,\"name\":\"P\u00e2n\u0103 \u00een 2025 vom putea comunica cu extratere\u015ftrii\"}]},{\"@type\":\"WebSite\",\"@id\":\"https:\\\/\\\/www.lovendal.ro\\\/wp52\\\/#website\",\"url\":\"https:\\\/\\\/www.lovendal.ro\\\/wp52\\\/\",\"name\":\"Secretele lui Lovendal\",\"description\":\"Site de secrete, stiinta si metafizica - din 2008 -\",\"publisher\":{\"@id\":\"https:\\\/\\\/www.lovendal.ro\\\/wp52\\\/#organization\"},\"potentialAction\":[{\"@type\":\"SearchAction\",\"target\":{\"@type\":\"EntryPoint\",\"urlTemplate\":\"https:\\\/\\\/www.lovendal.ro\\\/wp52\\\/?s={search_term_string}\"},\"query-input\":{\"@type\":\"PropertyValueSpecification\",\"valueRequired\":true,\"valueName\":\"search_term_string\"}}],\"inLanguage\":\"ro-RO\"},{\"@type\":\"Organization\",\"@id\":\"https:\\\/\\\/www.lovendal.ro\\\/wp52\\\/#organization\",\"name\":\"Secretele lui Lovendal\",\"url\":\"https:\\\/\\\/www.lovendal.ro\\\/wp52\\\/\",\"logo\":{\"@type\":\"ImageObject\",\"inLanguage\":\"ro-RO\",\"@id\":\"https:\\\/\\\/www.lovendal.ro\\\/wp52\\\/#\\\/schema\\\/logo\\\/image\\\/\",\"url\":\"https:\\\/\\\/www.lovendal.ro\\\/wp52\\\/wp-content\\\/uploads\\\/2024\\\/06\\\/cropped-SLL-iun-2024-1.jpg\",\"contentUrl\":\"https:\\\/\\\/www.lovendal.ro\\\/wp52\\\/wp-content\\\/uploads\\\/2024\\\/06\\\/cropped-SLL-iun-2024-1.jpg\",\"width\":771,\"height\":240,\"caption\":\"Secretele lui Lovendal\"},\"image\":{\"@id\":\"https:\\\/\\\/www.lovendal.ro\\\/wp52\\\/#\\\/schema\\\/logo\\\/image\\\/\"},\"sameAs\":[\"https:\\\/\\\/www.facebook.com\\\/secreteleluilovendal\"]},{\"@type\":\"Person\",\"@id\":\"https:\\\/\\\/www.lovendal.ro\\\/wp52\\\/#\\\/schema\\\/person\\\/088691de5dfc346bb0c023e1e52ef5d9\",\"name\":\"admin\",\"image\":{\"@type\":\"ImageObject\",\"inLanguage\":\"ro-RO\",\"@id\":\"https:\\\/\\\/secure.gravatar.com\\\/avatar\\\/ecb9cd41f5f63c9c9b989999a59f6e2639a865ec361e9db054db0679a8f341c2?s=96&d=mm&r=g\",\"url\":\"https:\\\/\\\/secure.gravatar.com\\\/avatar\\\/ecb9cd41f5f63c9c9b989999a59f6e2639a865ec361e9db054db0679a8f341c2?s=96&d=mm&r=g\",\"contentUrl\":\"https:\\\/\\\/secure.gravatar.com\\\/avatar\\\/ecb9cd41f5f63c9c9b989999a59f6e2639a865ec361e9db054db0679a8f341c2?s=96&d=mm&r=g\",\"caption\":\"admin\"},\"sameAs\":[\"https:\\\/\\\/www.lovendal.ro\\\/wp52\"]}]}<\/script>\n<!-- \/ Yoast SEO Premium plugin. -->","yoast_head_json":{"title":"P\u00e2n\u0103 \u00een 2025 vom putea comunica cu extratere\u015ftrii - Secretele lui Lovendal","robots":{"index":"index","follow":"follow","max-snippet":"max-snippet:-1","max-image-preview":"max-image-preview:large","max-video-preview":"max-video-preview:-1"},"canonical":"https:\/\/www.lovendal.ro\/wp52\/pana-in-2025-vom-putea-comunica-cu-extraterestrii\/","og_locale":"ro_RO","og_type":"article","og_title":"P\u00e2n\u0103 \u00een 2025 vom putea comunica cu extratere\u015ftrii","og_description":"Seth Shostack, unul dintre cercet\u0103torii SETI (Search for Extraterrestrial Intelligence), a afirmat c\u0103 \u00een anul 2025 oamenii vom putea intra \u00een contact cu extratere\u015ftrii. Acesta a \u0163inut o conferin\u0163\u0103 de pres\u0103, la San Francisco, \u00een care a surprins audien\u0163a prin ... Cititi mai multe","og_url":"https:\/\/www.lovendal.ro\/wp52\/pana-in-2025-vom-putea-comunica-cu-extraterestrii\/","og_site_name":"Secretele lui Lovendal","article_publisher":"https:\/\/www.facebook.com\/secreteleluilovendal","article_published_time":"2008-11-17T19:46:05+00:00","article_modified_time":"2020-02-12T14:44:27+00:00","og_image":[{"width":344,"height":244,"url":"https:\/\/www.lovendal.ro\/wp52\/wp-content\/uploads\/2008\/11\/extraterestri-3.jpg","type":"image\/jpeg"}],"author":"admin","twitter_card":"summary_large_image","twitter_misc":{"Scris de":"admin","Timp estimat pentru citire":"1 minut"},"schema":{"@context":"https:\/\/schema.org","@graph":[{"@type":"Article","@id":"https:\/\/www.lovendal.ro\/wp52\/pana-in-2025-vom-putea-comunica-cu-extraterestrii\/#article","isPartOf":{"@id":"https:\/\/www.lovendal.ro\/wp52\/pana-in-2025-vom-putea-comunica-cu-extraterestrii\/"},"author":{"name":"admin","@id":"https:\/\/www.lovendal.ro\/wp52\/#\/schema\/person\/088691de5dfc346bb0c023e1e52ef5d9"},"headline":"P\u00e2n\u0103 \u00een 2025 vom putea comunica cu extratere\u015ftrii","datePublished":"2008-11-17T19:46:05+00:00","dateModified":"2020-02-12T14:44:27+00:00","mainEntityOfPage":{"@id":"https:\/\/www.lovendal.ro\/wp52\/pana-in-2025-vom-putea-comunica-cu-extraterestrii\/"},"wordCount":229,"commentCount":5,"publisher":{"@id":"https:\/\/www.lovendal.ro\/wp52\/#organization"},"image":{"@id":"https:\/\/www.lovendal.ro\/wp52\/pana-in-2025-vom-putea-comunica-cu-extraterestrii\/#primaryimage"},"thumbnailUrl":"https:\/\/www.lovendal.ro\/wp52\/wp-content\/uploads\/2008\/11\/extraterestri-3.jpg","keywords":["extratere\u015ftri","Paranormal-Spiritualitate","SETI"],"articleSection":["Paranormal-Spiritualitate"],"inLanguage":"ro-RO","potentialAction":[{"@type":"CommentAction","name":"Comment","target":["https:\/\/www.lovendal.ro\/wp52\/pana-in-2025-vom-putea-comunica-cu-extraterestrii\/#respond"]}]},{"@type":"WebPage","@id":"https:\/\/www.lovendal.ro\/wp52\/pana-in-2025-vom-putea-comunica-cu-extraterestrii\/","url":"https:\/\/www.lovendal.ro\/wp52\/pana-in-2025-vom-putea-comunica-cu-extraterestrii\/","name":"P\u00e2n\u0103 \u00een 2025 vom putea comunica cu extratere\u015ftrii - Secretele lui Lovendal","isPartOf":{"@id":"https:\/\/www.lovendal.ro\/wp52\/#website"},"primaryImageOfPage":{"@id":"https:\/\/www.lovendal.ro\/wp52\/pana-in-2025-vom-putea-comunica-cu-extraterestrii\/#primaryimage"},"image":{"@id":"https:\/\/www.lovendal.ro\/wp52\/pana-in-2025-vom-putea-comunica-cu-extraterestrii\/#primaryimage"},"thumbnailUrl":"https:\/\/www.lovendal.ro\/wp52\/wp-content\/uploads\/2008\/11\/extraterestri-3.jpg","datePublished":"2008-11-17T19:46:05+00:00","dateModified":"2020-02-12T14:44:27+00:00","breadcrumb":{"@id":"https:\/\/www.lovendal.ro\/wp52\/pana-in-2025-vom-putea-comunica-cu-extraterestrii\/#breadcrumb"},"inLanguage":"ro-RO","potentialAction":[{"@type":"ReadAction","target":["https:\/\/www.lovendal.ro\/wp52\/pana-in-2025-vom-putea-comunica-cu-extraterestrii\/"]}]},{"@type":"ImageObject","inLanguage":"ro-RO","@id":"https:\/\/www.lovendal.ro\/wp52\/pana-in-2025-vom-putea-comunica-cu-extraterestrii\/#primaryimage","url":"https:\/\/www.lovendal.ro\/wp52\/wp-content\/uploads\/2008\/11\/extraterestri-3.jpg","contentUrl":"https:\/\/www.lovendal.ro\/wp52\/wp-content\/uploads\/2008\/11\/extraterestri-3.jpg","width":344,"height":244,"caption":"Imagine: pxhere.com (Commons Creative - free)"},{"@type":"BreadcrumbList","@id":"https:\/\/www.lovendal.ro\/wp52\/pana-in-2025-vom-putea-comunica-cu-extraterestrii\/#breadcrumb","itemListElement":[{"@type":"ListItem","position":1,"name":"Home","item":"https:\/\/www.lovendal.ro\/wp52\/"},{"@type":"ListItem","position":2,"name":"P\u00e2n\u0103 \u00een 2025 vom putea comunica cu extratere\u015ftrii"}]},{"@type":"WebSite","@id":"https:\/\/www.lovendal.ro\/wp52\/#website","url":"https:\/\/www.lovendal.ro\/wp52\/","name":"Secretele lui Lovendal","description":"Site de secrete, stiinta si metafizica - din 2008 -","publisher":{"@id":"https:\/\/www.lovendal.ro\/wp52\/#organization"},"potentialAction":[{"@type":"SearchAction","target":{"@type":"EntryPoint","urlTemplate":"https:\/\/www.lovendal.ro\/wp52\/?s={search_term_string}"},"query-input":{"@type":"PropertyValueSpecification","valueRequired":true,"valueName":"search_term_string"}}],"inLanguage":"ro-RO"},{"@type":"Organization","@id":"https:\/\/www.lovendal.ro\/wp52\/#organization","name":"Secretele lui Lovendal","url":"https:\/\/www.lovendal.ro\/wp52\/","logo":{"@type":"ImageObject","inLanguage":"ro-RO","@id":"https:\/\/www.lovendal.ro\/wp52\/#\/schema\/logo\/image\/","url":"https:\/\/www.lovendal.ro\/wp52\/wp-content\/uploads\/2024\/06\/cropped-SLL-iun-2024-1.jpg","contentUrl":"https:\/\/www.lovendal.ro\/wp52\/wp-content\/uploads\/2024\/06\/cropped-SLL-iun-2024-1.jpg","width":771,"height":240,"caption":"Secretele lui Lovendal"},"image":{"@id":"https:\/\/www.lovendal.ro\/wp52\/#\/schema\/logo\/image\/"},"sameAs":["https:\/\/www.facebook.com\/secreteleluilovendal"]},{"@type":"Person","@id":"https:\/\/www.lovendal.ro\/wp52\/#\/schema\/person\/088691de5dfc346bb0c023e1e52ef5d9","name":"admin","image":{"@type":"ImageObject","inLanguage":"ro-RO","@id":"https:\/\/secure.gravatar.com\/avatar\/ecb9cd41f5f63c9c9b989999a59f6e2639a865ec361e9db054db0679a8f341c2?s=96&d=mm&r=g","url":"https:\/\/secure.gravatar.com\/avatar\/ecb9cd41f5f63c9c9b989999a59f6e2639a865ec361e9db054db0679a8f341c2?s=96&d=mm&r=g","contentUrl":"https:\/\/secure.gravatar.com\/avatar\/ecb9cd41f5f63c9c9b989999a59f6e2639a865ec361e9db054db0679a8f341c2?s=96&d=mm&r=g","caption":"admin"},"sameAs":["https:\/\/www.lovendal.ro\/wp52"]}]}},"_links":{"self":[{"href":"https:\/\/www.lovendal.ro\/wp52\/wp-json\/wp\/v2\/posts\/1581","targetHints":{"allow":["GET"]}}],"collection":[{"href":"https:\/\/www.lovendal.ro\/wp52\/wp-json\/wp\/v2\/posts"}],"about":[{"href":"https:\/\/www.lovendal.ro\/wp52\/wp-json\/wp\/v2\/types\/post"}],"author":[{"embeddable":true,"href":"https:\/\/www.lovendal.ro\/wp52\/wp-json\/wp\/v2\/users\/1"}],"replies":[{"embeddable":true,"href":"https:\/\/www.lovendal.ro\/wp52\/wp-json\/wp\/v2\/comments?post=1581"}],"version-history":[{"count":0,"href":"https:\/\/www.lovendal.ro\/wp52\/wp-json\/wp\/v2\/posts\/1581\/revisions"}],"wp:featuredmedia":[{"embeddable":true,"href":"https:\/\/www.lovendal.ro\/wp52\/wp-json\/wp\/v2\/media\/66675"}],"wp:attachment":[{"href":"https:\/\/www.lovendal.ro\/wp52\/wp-json\/wp\/v2\/media?parent=1581"}],"wp:term":[{"taxonomy":"category","embeddable":true,"href":"https:\/\/www.lovendal.ro\/wp52\/wp-json\/wp\/v2\/categories?post=1581"},{"taxonomy":"post_tag","embeddable":true,"href":"https:\/\/www.lovendal.ro\/wp52\/wp-json\/wp\/v2\/tags?post=1581"}],"curies":[{"name":"wp","href":"https:\/\/api.w.org\/{rel}","templated":true}]}}