{"id":15504,"date":"2010-11-21T22:18:17","date_gmt":"2010-11-21T19:18:17","guid":{"rendered":"http:\/\/www.lovendal.net\/wp52\/?p=15504"},"modified":"2010-11-21T22:19:45","modified_gmt":"2010-11-21T19:19:45","slug":"posterul-care-demonstreaza-ca-hitler-nu-ura-comunismul-asa-cum-istoria-ne-a-invatat","status":"publish","type":"post","link":"https:\/\/www.lovendal.ro\/wp52\/posterul-care-demonstreaza-ca-hitler-nu-ura-comunismul-asa-cum-istoria-ne-a-invatat\/","title":{"rendered":"Posterul care demonstreaz\u0103 c\u0103 Hitler nu ura comunismul, a\u015fa cum istoria ne-a \u00eenv\u0103\u0163at"},"content":{"rendered":"<p><a href=\"https:\/\/www.lovendal.ro\/wp52\/wp-content\/uploads\/2010\/11\/Nazism-poster.jpg\"><img loading=\"lazy\" decoding=\"async\" class=\"alignleft size-full wp-image-15505\" title=\"Nazism poster\" src=\"https:\/\/www.lovendal.ro\/wp52\/wp-content\/uploads\/2010\/11\/Nazism-poster.jpg\" alt=\"\" width=\"275\" height=\"305\" srcset=\"https:\/\/www.lovendal.ro\/wp52\/wp-content\/uploads\/2010\/11\/Nazism-poster.jpg 275w, https:\/\/www.lovendal.ro\/wp52\/wp-content\/uploads\/2010\/11\/Nazism-poster-270x300.jpg 270w\" sizes=\"auto, (max-width: 275px) 100vw, 275px\" \/><\/a>A\u015fadar, \u00een st\u00e2nga imaginii, avem un poster din campania electoral\u0103 din Germania anilor &#8217;30, atunci c\u00e2nd partidul lui Hitler (Na\u0163ional-Socialist) \u00eencerca s\u0103 pun\u0103 m\u00e2na pe putere. S\u0103 traducem pu\u0163in din acest poster, scris \u00een german\u0103:<\/p>\n<p><em>&#8222;Wir Arbeiter sind erwacht&#8221; <\/em>(\u00een marginea de sus a posterului) care s-ar putea traduce ca:<em> &#8222;Noi, muncitorii, ne-am trezit&#8221;.<\/em> Acest slogan parc\u0103 seam\u0103n\u0103 mai mult cu unul comunist, dec\u00e2t cu unul nazist, comuni\u015ftii fiind cei care erau interesa\u0163i de soarta muncitorilor.<\/p>\n<p>Dac\u0103 vom cobor\u00ee \u00een josul posterului, vom observa trei oameni. Personajul din st\u00e2nga frapeaz\u0103 prin faptul c\u0103 \u0163ine \u00een m\u00e2n\u0103 un pumnal. Apoi, urmeaz\u0103 personajul de la mijloc ce poate fi un evreu (uita\u0163i-v\u0103 la statura mic\u0103, la nas \u015fi la costum &#8211; toate fiind tipic evreie\u015fti). El \u00eei \u015fopte\u015fte ceva la urechea celui din fa\u0163a sa; acesta din urm\u0103, \u0163ine \u00een m\u00e2n\u0103 un afi\u015f pe care se poate citi:<em> &#8222;Hitler Barons (&#8230;) Hetze und Verleumdungen. Die Bonzen im Speck, das Volk im Dreck&#8221;. <\/em>Aceasta ar putea fi tradus astfel: <em>&#8222;(&#8230;) Agita\u0163ie \u015fi calomnie. Boierii \u00een bani, poporul \u00een noroi&#8221;. <\/em>Iar\u0103\u015fi, mi se pare un slogan comunist: nu comuni\u015ftii erau cei care luptau \u00eempotriva boga\u0163ilor, burghezi care tr\u0103iau pe spatele poporului s\u0103rac?<\/p>\n<p>\u00cen partea dreapt\u0103 a posterului se mai afl\u0103 un om, aflat \u00eentre picioarele uria\u015fului. Acesta \u0163ine \u00een m\u00e2n\u0103 un afi\u015f, pe care se poate citi: \u00a7 48. E vorba de articol 48 din Constitu\u0163ia din 1919, cea care \u00eei ofer\u0103 pre\u015fedintelui puteri virtuale totalitare, dac\u0103 Reich-ul este amenin\u0163at, din afar\u0103 sau din interior. Acest articol a fost folosit de Hitler, atunci c\u00e2nd a avut loc incendierea Reichstag-ului.<\/p>\n<p>\u00cen josul posterului mai scrie: <em>&#8222;wir waehlen Nationalsozialisten&#8221;,<\/em> adic\u0103 <em>&#8222;vot\u0103m na\u0163ional-sociali\u015ftii&#8221;.<\/em><\/p>\n<p>\u00cen concluzie, dac\u0103 nu ap\u0103rea simbolul<em> <\/em>uria\u015f al zvasticii, sus \u00een dreapta posterului, puteai spune c\u0103 e vorba doar un afi\u015f comunist. \u015ei totu\u015fi, nu nazi\u015ftii lui Hitler erau du\u015fmanii de moarte ai comuni\u015ftilor? Cel pu\u0163in, a\u015fa ne spune istoria oficial\u0103. Citim din dic\u0163ionarul istoric al lui Dominique Vallaud:<\/p>\n<p><em>&#8222;<strong>Na\u0163ional-socialismul (nazismul)<\/strong>: ideologie politic\u0103 expus\u0103 de Adolf Hitler \u00een &#8222;Mein Kampf&#8221; (1925) \u015fi care a fost pus\u0103 \u00een aplicare \u00een cel de-al III-lea Reich (1933-1945). Relu\u00e2nd curente de g\u00e2ndire ca rasismul antisemit \u015fi pangermanismul, Hitler adaug\u0103 doi du\u015fmani ideologici moderni, liberalismul \u015fi comunismul, responsabili, dup\u0103 el, de disolu\u0163ia na\u0163iunii. Sloganul \u201eEin Volk, ein Rech, ein Fiihrer&#8221; (&#8222;Un popor, un imperiu, un conduc\u0103tor&#8221;) fondeaz\u0103 concep\u0163ia hitlerist\u0103 despre lume: superioritatea cultural\u0103 \u015fi rasial\u0103 a poporului germanic (ceea ce implica salvarea de la orice \u201econtaminare&#8221; \u015fi impunerea unei politici rasiale), cucerirea unui \u201espa\u0163iu vital&#8221; (mai ales \u00een Est) \u015fi autoritatea absolut\u0103 a unui conduc\u0103tor carismatic (Fuhrerul) \u00een cadrul unui stat totalitar \u015fi centralizator&#8221;<\/em><\/p>\n<p>Cred c\u0103 istoria ar trebui rescris\u0103&#8230;<\/p>\n","protected":false},"excerpt":{"rendered":"<p>A\u015fadar, \u00een st\u00e2nga imaginii, avem un poster din campania electoral\u0103 din Germania anilor &#8217;30, atunci c\u00e2nd partidul lui Hitler (Na\u0163ional-Socialist) \u00eencerca s\u0103 pun\u0103 m\u00e2na pe putere. S\u0103 traducem pu\u0163in din acest poster, scris \u00een german\u0103: &#8222;Wir Arbeiter sind erwacht&#8221; (\u00een &#8230; <\/p>\n<p class=\"read-more-container\"><a title=\"Posterul care demonstreaz\u0103 c\u0103 Hitler nu ura comunismul, a\u015fa cum istoria ne-a \u00eenv\u0103\u0163at\" class=\"read-more button\" href=\"https:\/\/www.lovendal.ro\/wp52\/posterul-care-demonstreaza-ca-hitler-nu-ura-comunismul-asa-cum-istoria-ne-a-invatat\/#more-15504\" aria-label=\"Cite\u0219te mai multe despre Posterul care demonstreaz\u0103 c\u0103 Hitler nu ura comunismul, a\u015fa cum istoria ne-a \u00eenv\u0103\u0163at\">Cititi mai multe<\/a><\/p>\n","protected":false},"author":1,"featured_media":15505,"comment_status":"open","ping_status":"closed","sticky":false,"template":"","format":"standard","meta":{"footnotes":""},"categories":[9],"tags":[81,203,85,1532,461,3709],"class_list":["post-15504","post","type-post","status-publish","format-standard","has-post-thumbnail","hentry","category-istorie","tag-comunism","tag-germania","tag-hitler","tag-istorie-si-civilizatii","tag-nazism","tag-poster","resize-featured-image"],"yoast_head":"<!-- This site is optimized with the Yoast SEO Premium plugin v23.3 (Yoast SEO v27.4) - https:\/\/yoast.com\/product\/yoast-seo-premium-wordpress\/ -->\n<title>Posterul care demonstreaz\u0103 c\u0103 Hitler nu ura comunismul, a\u015fa cum istoria ne-a \u00eenv\u0103\u0163at - Secretele lui Lovendal<\/title>\n<meta name=\"robots\" content=\"index, follow, max-snippet:-1, max-image-preview:large, max-video-preview:-1\" \/>\n<link rel=\"canonical\" href=\"https:\/\/www.lovendal.ro\/wp52\/posterul-care-demonstreaza-ca-hitler-nu-ura-comunismul-asa-cum-istoria-ne-a-invatat\/\" \/>\n<meta property=\"og:locale\" content=\"ro_RO\" \/>\n<meta property=\"og:type\" content=\"article\" \/>\n<meta property=\"og:title\" content=\"Posterul care demonstreaz\u0103 c\u0103 Hitler nu ura comunismul, a\u015fa cum istoria ne-a \u00eenv\u0103\u0163at\" \/>\n<meta property=\"og:description\" content=\"A\u015fadar, \u00een st\u00e2nga imaginii, avem un poster din campania electoral\u0103 din Germania anilor &#8217;30, atunci c\u00e2nd partidul lui Hitler (Na\u0163ional-Socialist) \u00eencerca s\u0103 pun\u0103 m\u00e2na pe putere. S\u0103 traducem pu\u0163in din acest poster, scris \u00een german\u0103: &#8222;Wir Arbeiter sind erwacht&#8221; (\u00een ... Cititi mai multe\" \/>\n<meta property=\"og:url\" content=\"https:\/\/www.lovendal.ro\/wp52\/posterul-care-demonstreaza-ca-hitler-nu-ura-comunismul-asa-cum-istoria-ne-a-invatat\/\" \/>\n<meta property=\"og:site_name\" content=\"Secretele lui Lovendal\" \/>\n<meta property=\"article:publisher\" content=\"https:\/\/www.facebook.com\/secreteleluilovendal\" \/>\n<meta property=\"article:published_time\" content=\"2010-11-21T19:18:17+00:00\" \/>\n<meta property=\"article:modified_time\" content=\"2010-11-21T19:19:45+00:00\" \/>\n<meta property=\"og:image\" content=\"https:\/\/www.lovendal.ro\/wp52\/wp-content\/uploads\/2010\/11\/Nazism-poster.jpg\" \/>\n\t<meta property=\"og:image:width\" content=\"275\" \/>\n\t<meta property=\"og:image:height\" content=\"305\" \/>\n\t<meta property=\"og:image:type\" content=\"image\/jpeg\" \/>\n<meta name=\"author\" content=\"admin\" \/>\n<meta name=\"twitter:card\" content=\"summary_large_image\" \/>\n<meta name=\"twitter:label1\" content=\"Scris de\" \/>\n\t<meta name=\"twitter:data1\" content=\"admin\" \/>\n\t<meta name=\"twitter:label2\" content=\"Timp estimat pentru citire\" \/>\n\t<meta name=\"twitter:data2\" content=\"2 minute\" \/>\n<script type=\"application\/ld+json\" class=\"yoast-schema-graph\">{\"@context\":\"https:\\\/\\\/schema.org\",\"@graph\":[{\"@type\":\"Article\",\"@id\":\"https:\\\/\\\/www.lovendal.ro\\\/wp52\\\/posterul-care-demonstreaza-ca-hitler-nu-ura-comunismul-asa-cum-istoria-ne-a-invatat\\\/#article\",\"isPartOf\":{\"@id\":\"https:\\\/\\\/www.lovendal.ro\\\/wp52\\\/posterul-care-demonstreaza-ca-hitler-nu-ura-comunismul-asa-cum-istoria-ne-a-invatat\\\/\"},\"author\":{\"name\":\"admin\",\"@id\":\"https:\\\/\\\/www.lovendal.ro\\\/wp52\\\/#\\\/schema\\\/person\\\/088691de5dfc346bb0c023e1e52ef5d9\"},\"headline\":\"Posterul care demonstreaz\u0103 c\u0103 Hitler nu ura comunismul, a\u015fa cum istoria ne-a \u00eenv\u0103\u0163at\",\"datePublished\":\"2010-11-21T19:18:17+00:00\",\"dateModified\":\"2010-11-21T19:19:45+00:00\",\"mainEntityOfPage\":{\"@id\":\"https:\\\/\\\/www.lovendal.ro\\\/wp52\\\/posterul-care-demonstreaza-ca-hitler-nu-ura-comunismul-asa-cum-istoria-ne-a-invatat\\\/\"},\"wordCount\":498,\"commentCount\":9,\"publisher\":{\"@id\":\"https:\\\/\\\/www.lovendal.ro\\\/wp52\\\/#organization\"},\"image\":{\"@id\":\"https:\\\/\\\/www.lovendal.ro\\\/wp52\\\/posterul-care-demonstreaza-ca-hitler-nu-ura-comunismul-asa-cum-istoria-ne-a-invatat\\\/#primaryimage\"},\"thumbnailUrl\":\"https:\\\/\\\/www.lovendal.ro\\\/wp52\\\/wp-content\\\/uploads\\\/2010\\\/11\\\/Nazism-poster.jpg\",\"keywords\":[\"comunism\",\"Germania\",\"Hitler\",\"Istorie si Civilizatii\",\"nazism\",\"poster\"],\"articleSection\":[\"Istorie si Civilizatii\"],\"inLanguage\":\"ro-RO\",\"potentialAction\":[{\"@type\":\"CommentAction\",\"name\":\"Comment\",\"target\":[\"https:\\\/\\\/www.lovendal.ro\\\/wp52\\\/posterul-care-demonstreaza-ca-hitler-nu-ura-comunismul-asa-cum-istoria-ne-a-invatat\\\/#respond\"]}]},{\"@type\":\"WebPage\",\"@id\":\"https:\\\/\\\/www.lovendal.ro\\\/wp52\\\/posterul-care-demonstreaza-ca-hitler-nu-ura-comunismul-asa-cum-istoria-ne-a-invatat\\\/\",\"url\":\"https:\\\/\\\/www.lovendal.ro\\\/wp52\\\/posterul-care-demonstreaza-ca-hitler-nu-ura-comunismul-asa-cum-istoria-ne-a-invatat\\\/\",\"name\":\"Posterul care demonstreaz\u0103 c\u0103 Hitler nu ura comunismul, a\u015fa cum istoria ne-a \u00eenv\u0103\u0163at - Secretele lui Lovendal\",\"isPartOf\":{\"@id\":\"https:\\\/\\\/www.lovendal.ro\\\/wp52\\\/#website\"},\"primaryImageOfPage\":{\"@id\":\"https:\\\/\\\/www.lovendal.ro\\\/wp52\\\/posterul-care-demonstreaza-ca-hitler-nu-ura-comunismul-asa-cum-istoria-ne-a-invatat\\\/#primaryimage\"},\"image\":{\"@id\":\"https:\\\/\\\/www.lovendal.ro\\\/wp52\\\/posterul-care-demonstreaza-ca-hitler-nu-ura-comunismul-asa-cum-istoria-ne-a-invatat\\\/#primaryimage\"},\"thumbnailUrl\":\"https:\\\/\\\/www.lovendal.ro\\\/wp52\\\/wp-content\\\/uploads\\\/2010\\\/11\\\/Nazism-poster.jpg\",\"datePublished\":\"2010-11-21T19:18:17+00:00\",\"dateModified\":\"2010-11-21T19:19:45+00:00\",\"breadcrumb\":{\"@id\":\"https:\\\/\\\/www.lovendal.ro\\\/wp52\\\/posterul-care-demonstreaza-ca-hitler-nu-ura-comunismul-asa-cum-istoria-ne-a-invatat\\\/#breadcrumb\"},\"inLanguage\":\"ro-RO\",\"potentialAction\":[{\"@type\":\"ReadAction\",\"target\":[\"https:\\\/\\\/www.lovendal.ro\\\/wp52\\\/posterul-care-demonstreaza-ca-hitler-nu-ura-comunismul-asa-cum-istoria-ne-a-invatat\\\/\"]}]},{\"@type\":\"ImageObject\",\"inLanguage\":\"ro-RO\",\"@id\":\"https:\\\/\\\/www.lovendal.ro\\\/wp52\\\/posterul-care-demonstreaza-ca-hitler-nu-ura-comunismul-asa-cum-istoria-ne-a-invatat\\\/#primaryimage\",\"url\":\"https:\\\/\\\/www.lovendal.ro\\\/wp52\\\/wp-content\\\/uploads\\\/2010\\\/11\\\/Nazism-poster.jpg\",\"contentUrl\":\"https:\\\/\\\/www.lovendal.ro\\\/wp52\\\/wp-content\\\/uploads\\\/2010\\\/11\\\/Nazism-poster.jpg\",\"width\":\"275\",\"height\":\"305\"},{\"@type\":\"BreadcrumbList\",\"@id\":\"https:\\\/\\\/www.lovendal.ro\\\/wp52\\\/posterul-care-demonstreaza-ca-hitler-nu-ura-comunismul-asa-cum-istoria-ne-a-invatat\\\/#breadcrumb\",\"itemListElement\":[{\"@type\":\"ListItem\",\"position\":1,\"name\":\"Home\",\"item\":\"https:\\\/\\\/www.lovendal.ro\\\/wp52\\\/\"},{\"@type\":\"ListItem\",\"position\":2,\"name\":\"Posterul care demonstreaz\u0103 c\u0103 Hitler nu ura comunismul, a\u015fa cum istoria ne-a \u00eenv\u0103\u0163at\"}]},{\"@type\":\"WebSite\",\"@id\":\"https:\\\/\\\/www.lovendal.ro\\\/wp52\\\/#website\",\"url\":\"https:\\\/\\\/www.lovendal.ro\\\/wp52\\\/\",\"name\":\"Secretele lui Lovendal\",\"description\":\"Site de secrete, stiinta si metafizica - din 2008 -\",\"publisher\":{\"@id\":\"https:\\\/\\\/www.lovendal.ro\\\/wp52\\\/#organization\"},\"potentialAction\":[{\"@type\":\"SearchAction\",\"target\":{\"@type\":\"EntryPoint\",\"urlTemplate\":\"https:\\\/\\\/www.lovendal.ro\\\/wp52\\\/?s={search_term_string}\"},\"query-input\":{\"@type\":\"PropertyValueSpecification\",\"valueRequired\":true,\"valueName\":\"search_term_string\"}}],\"inLanguage\":\"ro-RO\"},{\"@type\":\"Organization\",\"@id\":\"https:\\\/\\\/www.lovendal.ro\\\/wp52\\\/#organization\",\"name\":\"Secretele lui Lovendal\",\"url\":\"https:\\\/\\\/www.lovendal.ro\\\/wp52\\\/\",\"logo\":{\"@type\":\"ImageObject\",\"inLanguage\":\"ro-RO\",\"@id\":\"https:\\\/\\\/www.lovendal.ro\\\/wp52\\\/#\\\/schema\\\/logo\\\/image\\\/\",\"url\":\"https:\\\/\\\/www.lovendal.ro\\\/wp52\\\/wp-content\\\/uploads\\\/2024\\\/06\\\/cropped-SLL-iun-2024-1.jpg\",\"contentUrl\":\"https:\\\/\\\/www.lovendal.ro\\\/wp52\\\/wp-content\\\/uploads\\\/2024\\\/06\\\/cropped-SLL-iun-2024-1.jpg\",\"width\":771,\"height\":240,\"caption\":\"Secretele lui Lovendal\"},\"image\":{\"@id\":\"https:\\\/\\\/www.lovendal.ro\\\/wp52\\\/#\\\/schema\\\/logo\\\/image\\\/\"},\"sameAs\":[\"https:\\\/\\\/www.facebook.com\\\/secreteleluilovendal\"]},{\"@type\":\"Person\",\"@id\":\"https:\\\/\\\/www.lovendal.ro\\\/wp52\\\/#\\\/schema\\\/person\\\/088691de5dfc346bb0c023e1e52ef5d9\",\"name\":\"admin\",\"image\":{\"@type\":\"ImageObject\",\"inLanguage\":\"ro-RO\",\"@id\":\"https:\\\/\\\/secure.gravatar.com\\\/avatar\\\/ecb9cd41f5f63c9c9b989999a59f6e2639a865ec361e9db054db0679a8f341c2?s=96&d=mm&r=g\",\"url\":\"https:\\\/\\\/secure.gravatar.com\\\/avatar\\\/ecb9cd41f5f63c9c9b989999a59f6e2639a865ec361e9db054db0679a8f341c2?s=96&d=mm&r=g\",\"contentUrl\":\"https:\\\/\\\/secure.gravatar.com\\\/avatar\\\/ecb9cd41f5f63c9c9b989999a59f6e2639a865ec361e9db054db0679a8f341c2?s=96&d=mm&r=g\",\"caption\":\"admin\"},\"sameAs\":[\"https:\\\/\\\/www.lovendal.ro\\\/wp52\"]}]}<\/script>\n<!-- \/ Yoast SEO Premium plugin. -->","yoast_head_json":{"title":"Posterul care demonstreaz\u0103 c\u0103 Hitler nu ura comunismul, a\u015fa cum istoria ne-a \u00eenv\u0103\u0163at - Secretele lui Lovendal","robots":{"index":"index","follow":"follow","max-snippet":"max-snippet:-1","max-image-preview":"max-image-preview:large","max-video-preview":"max-video-preview:-1"},"canonical":"https:\/\/www.lovendal.ro\/wp52\/posterul-care-demonstreaza-ca-hitler-nu-ura-comunismul-asa-cum-istoria-ne-a-invatat\/","og_locale":"ro_RO","og_type":"article","og_title":"Posterul care demonstreaz\u0103 c\u0103 Hitler nu ura comunismul, a\u015fa cum istoria ne-a \u00eenv\u0103\u0163at","og_description":"A\u015fadar, \u00een st\u00e2nga imaginii, avem un poster din campania electoral\u0103 din Germania anilor &#8217;30, atunci c\u00e2nd partidul lui Hitler (Na\u0163ional-Socialist) \u00eencerca s\u0103 pun\u0103 m\u00e2na pe putere. S\u0103 traducem pu\u0163in din acest poster, scris \u00een german\u0103: &#8222;Wir Arbeiter sind erwacht&#8221; (\u00een ... Cititi mai multe","og_url":"https:\/\/www.lovendal.ro\/wp52\/posterul-care-demonstreaza-ca-hitler-nu-ura-comunismul-asa-cum-istoria-ne-a-invatat\/","og_site_name":"Secretele lui Lovendal","article_publisher":"https:\/\/www.facebook.com\/secreteleluilovendal","article_published_time":"2010-11-21T19:18:17+00:00","article_modified_time":"2010-11-21T19:19:45+00:00","og_image":[{"width":275,"height":305,"url":"https:\/\/www.lovendal.ro\/wp52\/wp-content\/uploads\/2010\/11\/Nazism-poster.jpg","type":"image\/jpeg"}],"author":"admin","twitter_card":"summary_large_image","twitter_misc":{"Scris de":"admin","Timp estimat pentru citire":"2 minute"},"schema":{"@context":"https:\/\/schema.org","@graph":[{"@type":"Article","@id":"https:\/\/www.lovendal.ro\/wp52\/posterul-care-demonstreaza-ca-hitler-nu-ura-comunismul-asa-cum-istoria-ne-a-invatat\/#article","isPartOf":{"@id":"https:\/\/www.lovendal.ro\/wp52\/posterul-care-demonstreaza-ca-hitler-nu-ura-comunismul-asa-cum-istoria-ne-a-invatat\/"},"author":{"name":"admin","@id":"https:\/\/www.lovendal.ro\/wp52\/#\/schema\/person\/088691de5dfc346bb0c023e1e52ef5d9"},"headline":"Posterul care demonstreaz\u0103 c\u0103 Hitler nu ura comunismul, a\u015fa cum istoria ne-a \u00eenv\u0103\u0163at","datePublished":"2010-11-21T19:18:17+00:00","dateModified":"2010-11-21T19:19:45+00:00","mainEntityOfPage":{"@id":"https:\/\/www.lovendal.ro\/wp52\/posterul-care-demonstreaza-ca-hitler-nu-ura-comunismul-asa-cum-istoria-ne-a-invatat\/"},"wordCount":498,"commentCount":9,"publisher":{"@id":"https:\/\/www.lovendal.ro\/wp52\/#organization"},"image":{"@id":"https:\/\/www.lovendal.ro\/wp52\/posterul-care-demonstreaza-ca-hitler-nu-ura-comunismul-asa-cum-istoria-ne-a-invatat\/#primaryimage"},"thumbnailUrl":"https:\/\/www.lovendal.ro\/wp52\/wp-content\/uploads\/2010\/11\/Nazism-poster.jpg","keywords":["comunism","Germania","Hitler","Istorie si Civilizatii","nazism","poster"],"articleSection":["Istorie si Civilizatii"],"inLanguage":"ro-RO","potentialAction":[{"@type":"CommentAction","name":"Comment","target":["https:\/\/www.lovendal.ro\/wp52\/posterul-care-demonstreaza-ca-hitler-nu-ura-comunismul-asa-cum-istoria-ne-a-invatat\/#respond"]}]},{"@type":"WebPage","@id":"https:\/\/www.lovendal.ro\/wp52\/posterul-care-demonstreaza-ca-hitler-nu-ura-comunismul-asa-cum-istoria-ne-a-invatat\/","url":"https:\/\/www.lovendal.ro\/wp52\/posterul-care-demonstreaza-ca-hitler-nu-ura-comunismul-asa-cum-istoria-ne-a-invatat\/","name":"Posterul care demonstreaz\u0103 c\u0103 Hitler nu ura comunismul, a\u015fa cum istoria ne-a \u00eenv\u0103\u0163at - Secretele lui Lovendal","isPartOf":{"@id":"https:\/\/www.lovendal.ro\/wp52\/#website"},"primaryImageOfPage":{"@id":"https:\/\/www.lovendal.ro\/wp52\/posterul-care-demonstreaza-ca-hitler-nu-ura-comunismul-asa-cum-istoria-ne-a-invatat\/#primaryimage"},"image":{"@id":"https:\/\/www.lovendal.ro\/wp52\/posterul-care-demonstreaza-ca-hitler-nu-ura-comunismul-asa-cum-istoria-ne-a-invatat\/#primaryimage"},"thumbnailUrl":"https:\/\/www.lovendal.ro\/wp52\/wp-content\/uploads\/2010\/11\/Nazism-poster.jpg","datePublished":"2010-11-21T19:18:17+00:00","dateModified":"2010-11-21T19:19:45+00:00","breadcrumb":{"@id":"https:\/\/www.lovendal.ro\/wp52\/posterul-care-demonstreaza-ca-hitler-nu-ura-comunismul-asa-cum-istoria-ne-a-invatat\/#breadcrumb"},"inLanguage":"ro-RO","potentialAction":[{"@type":"ReadAction","target":["https:\/\/www.lovendal.ro\/wp52\/posterul-care-demonstreaza-ca-hitler-nu-ura-comunismul-asa-cum-istoria-ne-a-invatat\/"]}]},{"@type":"ImageObject","inLanguage":"ro-RO","@id":"https:\/\/www.lovendal.ro\/wp52\/posterul-care-demonstreaza-ca-hitler-nu-ura-comunismul-asa-cum-istoria-ne-a-invatat\/#primaryimage","url":"https:\/\/www.lovendal.ro\/wp52\/wp-content\/uploads\/2010\/11\/Nazism-poster.jpg","contentUrl":"https:\/\/www.lovendal.ro\/wp52\/wp-content\/uploads\/2010\/11\/Nazism-poster.jpg","width":"275","height":"305"},{"@type":"BreadcrumbList","@id":"https:\/\/www.lovendal.ro\/wp52\/posterul-care-demonstreaza-ca-hitler-nu-ura-comunismul-asa-cum-istoria-ne-a-invatat\/#breadcrumb","itemListElement":[{"@type":"ListItem","position":1,"name":"Home","item":"https:\/\/www.lovendal.ro\/wp52\/"},{"@type":"ListItem","position":2,"name":"Posterul care demonstreaz\u0103 c\u0103 Hitler nu ura comunismul, a\u015fa cum istoria ne-a \u00eenv\u0103\u0163at"}]},{"@type":"WebSite","@id":"https:\/\/www.lovendal.ro\/wp52\/#website","url":"https:\/\/www.lovendal.ro\/wp52\/","name":"Secretele lui Lovendal","description":"Site de secrete, stiinta si metafizica - din 2008 -","publisher":{"@id":"https:\/\/www.lovendal.ro\/wp52\/#organization"},"potentialAction":[{"@type":"SearchAction","target":{"@type":"EntryPoint","urlTemplate":"https:\/\/www.lovendal.ro\/wp52\/?s={search_term_string}"},"query-input":{"@type":"PropertyValueSpecification","valueRequired":true,"valueName":"search_term_string"}}],"inLanguage":"ro-RO"},{"@type":"Organization","@id":"https:\/\/www.lovendal.ro\/wp52\/#organization","name":"Secretele lui Lovendal","url":"https:\/\/www.lovendal.ro\/wp52\/","logo":{"@type":"ImageObject","inLanguage":"ro-RO","@id":"https:\/\/www.lovendal.ro\/wp52\/#\/schema\/logo\/image\/","url":"https:\/\/www.lovendal.ro\/wp52\/wp-content\/uploads\/2024\/06\/cropped-SLL-iun-2024-1.jpg","contentUrl":"https:\/\/www.lovendal.ro\/wp52\/wp-content\/uploads\/2024\/06\/cropped-SLL-iun-2024-1.jpg","width":771,"height":240,"caption":"Secretele lui Lovendal"},"image":{"@id":"https:\/\/www.lovendal.ro\/wp52\/#\/schema\/logo\/image\/"},"sameAs":["https:\/\/www.facebook.com\/secreteleluilovendal"]},{"@type":"Person","@id":"https:\/\/www.lovendal.ro\/wp52\/#\/schema\/person\/088691de5dfc346bb0c023e1e52ef5d9","name":"admin","image":{"@type":"ImageObject","inLanguage":"ro-RO","@id":"https:\/\/secure.gravatar.com\/avatar\/ecb9cd41f5f63c9c9b989999a59f6e2639a865ec361e9db054db0679a8f341c2?s=96&d=mm&r=g","url":"https:\/\/secure.gravatar.com\/avatar\/ecb9cd41f5f63c9c9b989999a59f6e2639a865ec361e9db054db0679a8f341c2?s=96&d=mm&r=g","contentUrl":"https:\/\/secure.gravatar.com\/avatar\/ecb9cd41f5f63c9c9b989999a59f6e2639a865ec361e9db054db0679a8f341c2?s=96&d=mm&r=g","caption":"admin"},"sameAs":["https:\/\/www.lovendal.ro\/wp52"]}]}},"_links":{"self":[{"href":"https:\/\/www.lovendal.ro\/wp52\/wp-json\/wp\/v2\/posts\/15504","targetHints":{"allow":["GET"]}}],"collection":[{"href":"https:\/\/www.lovendal.ro\/wp52\/wp-json\/wp\/v2\/posts"}],"about":[{"href":"https:\/\/www.lovendal.ro\/wp52\/wp-json\/wp\/v2\/types\/post"}],"author":[{"embeddable":true,"href":"https:\/\/www.lovendal.ro\/wp52\/wp-json\/wp\/v2\/users\/1"}],"replies":[{"embeddable":true,"href":"https:\/\/www.lovendal.ro\/wp52\/wp-json\/wp\/v2\/comments?post=15504"}],"version-history":[{"count":0,"href":"https:\/\/www.lovendal.ro\/wp52\/wp-json\/wp\/v2\/posts\/15504\/revisions"}],"wp:featuredmedia":[{"embeddable":true,"href":"https:\/\/www.lovendal.ro\/wp52\/wp-json\/wp\/v2\/media\/15505"}],"wp:attachment":[{"href":"https:\/\/www.lovendal.ro\/wp52\/wp-json\/wp\/v2\/media?parent=15504"}],"wp:term":[{"taxonomy":"category","embeddable":true,"href":"https:\/\/www.lovendal.ro\/wp52\/wp-json\/wp\/v2\/categories?post=15504"},{"taxonomy":"post_tag","embeddable":true,"href":"https:\/\/www.lovendal.ro\/wp52\/wp-json\/wp\/v2\/tags?post=15504"}],"curies":[{"name":"wp","href":"https:\/\/api.w.org\/{rel}","templated":true}]}}