{"id":15354,"date":"2010-11-12T15:01:57","date_gmt":"2010-11-12T12:01:57","guid":{"rendered":"http:\/\/www.lovendal.net\/wp52\/?p=15354"},"modified":"2010-11-12T15:01:57","modified_gmt":"2010-11-12T12:01:57","slug":"incredibila-poveste-a-lui-grant-breiland-adolescentul-abordat-de-doi-oameni-in-negru","status":"publish","type":"post","link":"https:\/\/www.lovendal.ro\/wp52\/incredibila-poveste-a-lui-grant-breiland-adolescentul-abordat-de-doi-oameni-in-negru\/","title":{"rendered":"Incredibila poveste a lui Grant Breiland, adolescentul abordat de doi oameni \u00een negru"},"content":{"rendered":"<p><a href=\"https:\/\/www.lovendal.ro\/wp52\/wp-content\/uploads\/2010\/11\/singur-in-Univers.jpg\"><img loading=\"lazy\" decoding=\"async\" class=\"alignleft size-full wp-image-15355\" title=\"singur in Univers\" src=\"https:\/\/www.lovendal.ro\/wp52\/wp-content\/uploads\/2010\/11\/singur-in-Univers.jpg\" alt=\"\" width=\"293\" height=\"269\" \/><\/a>\u00cen seara zilei de 2 octombrie 1981, la orele 21:30, Grant Breiland, un adolescent de 16 ani din ora\u015ful Victoria (Columbia Britanic\u0103, Canada) ie\u015fise \u00een fa\u0163a casei \u00eempreun\u0103 cu familia sa pentru a conduce ni\u015fte musafiri. Privind din \u00eent\u00e2mplare spre cer, b\u0103iatul vede o stea deosebit de mare, cam la \u00een\u0103l\u0163imea norilor. Ciudata apari\u0163ie i s-a p\u0103rut suspect\u0103 \u015fi s-a repezit \u00een cas\u0103 pentru a lua aparatul s\u0103u de emisie-recep\u0163ie, pe care \u00eel folosea mai ales \u00een misiunile voluntare de prindere a r\u0103uf\u0103c\u0103torilor.<\/p>\n<p>Transmite un apel c\u0103tre cei de la Mount Tolmie, \u00eentruc\u00e2t de acolo vizibilitatea era mult mai bun\u0103. Un oarecare N.B. i-a comunicat c\u0103 \u015fi el vede o lumin\u0103 mare, alb\u0103 pe cer. Grant \u015fi-a luat binoclul: a putut astfel s\u0103 observe cum acea lumin\u0103 \u00ee\u015fi schimb\u0103 culoarea, devenind dintr-o dat\u0103 ro\u015fie. Era un obiect discoidal, av\u00e2nd cupola \u00eentoars\u0103 \u00een jos. Pe suprafa\u0163a obiectului se plimba o lumin\u0103 ro\u015fie, d\u00e2ndu-i ocol pe \u00eentreaga circumferin\u0163\u0103, \u00eentr-o mi\u015fcare circular\u0103 continu\u0103. La un moment dat, lumina cea ro\u015fie s-a oprit dou\u0103 secunde \u015fi a lansat un fascicul ro\u015fu puternic spre sol, apoi \u015fi-a reluat mi\u015fc\u0103rile, dup\u0103 care obiectul a disp\u0103rut.<\/p>\n<p>La numai c\u00e2teva ore dup\u0103 observa\u0163ie, la orele cinci diminea\u0163a, \u00een Victoria s-a produs o desc\u0103rcare electric\u0103 de o intensitate f\u0103r\u0103 precedent: se aude o bubuitur\u0103 ca de tunet, urmat\u0103 imediat de o rafal\u0103 de ploaie; o scurt\u0103 pan\u0103 de curent care este remediat\u0103 de speciali\u015fti. Dar pentru cei din zon\u0103 un asemenea fapt era un lucru neobi\u015fnuit, furtunile \u015fi tunetele fiind o raritate.<\/p>\n<p>Trei zile mai t\u00e2rziu, Grant intr\u0103 \u00een antreul unui populat magazin K-Mart de l\u00e2ng\u0103 casa lui, pentru a face unele cump\u0103r\u0103turi. Cum nu a g\u0103sit ceea ce c\u0103uta, s-a g\u00e2ndit s\u0103 dea un telefon unui prieten. Prietenul nu era \u00eens\u0103 acas\u0103, a\u015fa c\u0103 a dat s\u0103 ias\u0103 din cabina telefonic\u0103, c\u00e2nd a z\u0103rit afar\u0103 (parc\u0103 a\u015ftept\u00e2ndu-l) doi b\u0103rba\u0163i ciuda\u0163i, st\u00e2nd aproape unul de cel\u0103lalt. Erau probabil de la poli\u0163ie, dup\u0103 severitatea care li se citea pe fat\u0103. Grant arunc\u0103 o privire \u00een jur \u015fi remarc\u0103 cu stupoare c\u0103 nu mai era nimeni \u00een holul magazinului\/de\u015fi cu c\u00e2teva minute \u00eenainte fusese acolo un adev\u0103rat du-te vino. At\u00e2t pe strad\u0103, c\u00e2t \u015fi \u00een complex era o mul\u0163ime de lume, dar nimeni nu intra \u015fi nu ie\u015fea din magazin.<br \/>\nBrusc, str\u0103zile devin pustii&#8230;<\/p>\n<p>Cei doi st\u0103teau nemi\u015fca\u0163i, parc\u0103 \u00een\u0163epeni\u0163i. Erau \u00eembr\u0103ca\u0163i complet \u00een negru, inclusiv c\u0103m\u0103\u015file de sub hain\u0103, care erau \u00eencheiate str\u00e2ns la g\u00e2t, de\u015fi nu se vedea nici un nasture. Nu purtau cravat\u0103. Ceea ce i-a atras cel mai tare aten\u0163ia lui Grant a fost faptul c\u0103 cei doi nu aveau unghii la m\u00e2ini \u015fi nici spr\u00e2ncene. Erau negricio\u015fi la fa\u0163\u0103, cu buzele de acelea\u015fi culoare cu a restului pielii, lobi ai urechilor dreptunghiulari. Ochii negri, f\u0103r\u0103 luciu, priveau \u00eentr-un mod nefiresc. Fe\u0163ele erau lipsite de expresie, vocea f\u0103r\u0103 nici o inflexiune.<\/p>\n<p>\u00cen tot timpul discu\u0163iei care urm\u0103, nu clipir\u0103 \u015fi nu se mi\u015fcar\u0103 din loc. B\u0103rbatul (s\u0103 \u00eei spun) nr.1 \u015fi-a \u0163inut mereu gura \u00eentredeschis\u0103; gura ar\u0103ta ca un dreptunghi! Am\u00e2ndoi aveau o dantur\u0103 perfect\u0103, din\u0163i regula\u0163i.<\/p>\n<p>B\u0103rbatul nr.1 \u00eel \u00eentreab\u0103 pe Grant cu o voce rigid\u0103, cu timbrul egal, ca un robot: <em>\u201eCum te cheam\u0103?&#8221;<\/em> Grant a ripostat: <em>\u201eNu vreau s\u0103 \u00ee\u0163i spun&#8221;.<\/em> Atunci b\u0103rbatul cel\u0103lalt \u00eel \u00eentreb\u0103: <em>\u201eUnde locuie\u015fti?&#8221;<\/em> Grant d\u0103 acela\u015fi r\u0103spuns hot\u0103r\u00e2t. \u00cei mai puser\u0103 unele \u00eentreb\u0103ri, dar b\u0103iatul refuz\u0103 s\u0103 le mai r\u0103spund\u0103. A\u015fa \u00eenc\u00e2t cei doi f\u0103cur\u0103 un fel de st\u00e2nga-\u00eemprejur \u015fi ie\u015fir\u0103 \u00een strad\u0103. Au plecat cu pa\u015fi \u0163epeni, f\u0103r\u0103 a \u00eendoi genunchii. Grant s-a gr\u0103bit s\u0103 ias\u0103 \u015fi el, apoi i-a urm\u0103rit p\u00e2n\u0103 c\u00e2nd b\u0103rba\u0163ii s-au oprit la marginea unui teren viran.<\/p>\n<p>Afar\u0103 \u00eencepe s\u0103 plou\u0103 \u015fi cei doi stau \u00een ploaie, a\u015ftept\u00e2nd parc\u0103 ceva. Uit\u00e2ndu-se prin jur, Grant constat\u0103 cu uimire c\u0103 pe strad\u0103 nu mai era nimeni, nici oameni, nici ma\u015fini, de\u015fi cu c\u00e2teva minute \u00eenainte a v\u0103zut persoane trec\u00e2nd pe trotuar \u015fi ma\u015fini alerg\u00e2nd \u00een susul \u015fi \u00een josul str\u0103zii. \u00cen acel moment a avut senza\u0163ia c\u0103 cineva \u00eel strig\u0103, \u00eentoarse capul dar&#8230; nu era nimeni. Lipit de perete, se uita la cei doi b\u0103rba\u0163i care ajunseser\u0103 acum la jum\u0103tatea terenului, c\u00e2nd deodat\u0103 aude din nou numele lui. Nimeni \u00eens\u0103 nu era \u00een acea zon\u0103.<\/p>\n<p>\u00cen momentul c\u00e2nd \u00ee\u015fi \u00eendrept\u0103 privirea spre locul unde i-a v\u0103zut pe \u201eb\u0103rba\u0163ii \u00een negru&#8221;, a r\u0103mas de-a dreptul \u015focat: b\u0103rba\u0163ii disp\u0103ruser\u0103 brusc, ca \u015fi cum s-ar fi volatilizat \u00een aer. \u00cendrept\u00e2ndu-se spre locul unde \u015ftia sigur c\u0103 i-a v\u0103zut ultima oar\u0103, observ\u0103 c\u0103 pe sol nu erau imprimate niciun fel de urme de pa\u015fi. I s-a f\u0103cut fric\u0103 \u015fi o lu\u0103 la fug\u0103 p\u00e2n\u0103 la prima sta\u0163ie de autobuz.<\/p>\n","protected":false},"excerpt":{"rendered":"<p>\u00cen seara zilei de 2 octombrie 1981, la orele 21:30, Grant Breiland, un adolescent de 16 ani din ora\u015ful Victoria (Columbia Britanic\u0103, Canada) ie\u015fise \u00een fa\u0163a casei \u00eempreun\u0103 cu familia sa pentru a conduce ni\u015fte musafiri. Privind din \u00eent\u00e2mplare spre &#8230; <\/p>\n<p class=\"read-more-container\"><a title=\"Incredibila poveste a lui Grant Breiland, adolescentul abordat de doi oameni \u00een negru\" class=\"read-more button\" href=\"https:\/\/www.lovendal.ro\/wp52\/incredibila-poveste-a-lui-grant-breiland-adolescentul-abordat-de-doi-oameni-in-negru\/#more-15354\" aria-label=\"Cite\u0219te mai multe despre Incredibila poveste a lui Grant Breiland, adolescentul abordat de doi oameni \u00een negru\">Cititi mai multe<\/a><\/p>\n","protected":false},"author":1,"featured_media":15355,"comment_status":"open","ping_status":"closed","sticky":false,"template":"","format":"standard","meta":{"footnotes":""},"categories":[14],"tags":[272,357,50,9796],"class_list":["post-15354","post","type-post","status-publish","format-standard","has-post-thumbnail","hentry","category-paranormal-spiritualitate","tag-canada","tag-oameni-in-negru","tag-ozn","tag-paranormal-spiritualitate","resize-featured-image"],"yoast_head":"<!-- This site is optimized with the Yoast SEO Premium plugin v23.3 (Yoast SEO v27.4) - https:\/\/yoast.com\/product\/yoast-seo-premium-wordpress\/ -->\n<title>Incredibila poveste a lui Grant Breiland, adolescentul abordat de doi oameni \u00een negru - Secretele lui Lovendal<\/title>\n<meta name=\"robots\" content=\"index, follow, max-snippet:-1, max-image-preview:large, max-video-preview:-1\" \/>\n<link rel=\"canonical\" href=\"https:\/\/www.lovendal.ro\/wp52\/incredibila-poveste-a-lui-grant-breiland-adolescentul-abordat-de-doi-oameni-in-negru\/\" \/>\n<meta property=\"og:locale\" content=\"ro_RO\" \/>\n<meta property=\"og:type\" content=\"article\" \/>\n<meta property=\"og:title\" content=\"Incredibila poveste a lui Grant Breiland, adolescentul abordat de doi oameni \u00een negru\" \/>\n<meta property=\"og:description\" content=\"\u00cen seara zilei de 2 octombrie 1981, la orele 21:30, Grant Breiland, un adolescent de 16 ani din ora\u015ful Victoria (Columbia Britanic\u0103, Canada) ie\u015fise \u00een fa\u0163a casei \u00eempreun\u0103 cu familia sa pentru a conduce ni\u015fte musafiri. Privind din \u00eent\u00e2mplare spre ... Cititi mai multe\" \/>\n<meta property=\"og:url\" content=\"https:\/\/www.lovendal.ro\/wp52\/incredibila-poveste-a-lui-grant-breiland-adolescentul-abordat-de-doi-oameni-in-negru\/\" \/>\n<meta property=\"og:site_name\" content=\"Secretele lui Lovendal\" \/>\n<meta property=\"article:publisher\" content=\"https:\/\/www.facebook.com\/secreteleluilovendal\" \/>\n<meta property=\"article:published_time\" content=\"2010-11-12T12:01:57+00:00\" \/>\n<meta property=\"og:image\" content=\"https:\/\/www.lovendal.ro\/wp52\/wp-content\/uploads\/2010\/11\/singur-in-Univers.jpg\" \/>\n\t<meta property=\"og:image:width\" content=\"293\" \/>\n\t<meta property=\"og:image:height\" content=\"269\" \/>\n\t<meta property=\"og:image:type\" content=\"image\/jpeg\" \/>\n<meta name=\"author\" content=\"admin\" \/>\n<meta name=\"twitter:card\" content=\"summary_large_image\" \/>\n<meta name=\"twitter:label1\" content=\"Scris de\" \/>\n\t<meta name=\"twitter:data1\" content=\"admin\" \/>\n\t<meta name=\"twitter:label2\" content=\"Timp estimat pentru citire\" \/>\n\t<meta name=\"twitter:data2\" content=\"5 minute\" \/>\n<script type=\"application\/ld+json\" class=\"yoast-schema-graph\">{\"@context\":\"https:\\\/\\\/schema.org\",\"@graph\":[{\"@type\":\"Article\",\"@id\":\"https:\\\/\\\/www.lovendal.ro\\\/wp52\\\/incredibila-poveste-a-lui-grant-breiland-adolescentul-abordat-de-doi-oameni-in-negru\\\/#article\",\"isPartOf\":{\"@id\":\"https:\\\/\\\/www.lovendal.ro\\\/wp52\\\/incredibila-poveste-a-lui-grant-breiland-adolescentul-abordat-de-doi-oameni-in-negru\\\/\"},\"author\":{\"name\":\"admin\",\"@id\":\"https:\\\/\\\/www.lovendal.ro\\\/wp52\\\/#\\\/schema\\\/person\\\/088691de5dfc346bb0c023e1e52ef5d9\"},\"headline\":\"Incredibila poveste a lui Grant Breiland, adolescentul abordat de doi oameni \u00een negru\",\"datePublished\":\"2010-11-12T12:01:57+00:00\",\"mainEntityOfPage\":{\"@id\":\"https:\\\/\\\/www.lovendal.ro\\\/wp52\\\/incredibila-poveste-a-lui-grant-breiland-adolescentul-abordat-de-doi-oameni-in-negru\\\/\"},\"wordCount\":923,\"commentCount\":12,\"publisher\":{\"@id\":\"https:\\\/\\\/www.lovendal.ro\\\/wp52\\\/#organization\"},\"image\":{\"@id\":\"https:\\\/\\\/www.lovendal.ro\\\/wp52\\\/incredibila-poveste-a-lui-grant-breiland-adolescentul-abordat-de-doi-oameni-in-negru\\\/#primaryimage\"},\"thumbnailUrl\":\"https:\\\/\\\/www.lovendal.ro\\\/wp52\\\/wp-content\\\/uploads\\\/2010\\\/11\\\/singur-in-Univers.jpg\",\"keywords\":[\"Canada\",\"oameni in negru\",\"OZN\",\"Paranormal-Spiritualitate\"],\"articleSection\":[\"Paranormal-Spiritualitate\"],\"inLanguage\":\"ro-RO\",\"potentialAction\":[{\"@type\":\"CommentAction\",\"name\":\"Comment\",\"target\":[\"https:\\\/\\\/www.lovendal.ro\\\/wp52\\\/incredibila-poveste-a-lui-grant-breiland-adolescentul-abordat-de-doi-oameni-in-negru\\\/#respond\"]}]},{\"@type\":\"WebPage\",\"@id\":\"https:\\\/\\\/www.lovendal.ro\\\/wp52\\\/incredibila-poveste-a-lui-grant-breiland-adolescentul-abordat-de-doi-oameni-in-negru\\\/\",\"url\":\"https:\\\/\\\/www.lovendal.ro\\\/wp52\\\/incredibila-poveste-a-lui-grant-breiland-adolescentul-abordat-de-doi-oameni-in-negru\\\/\",\"name\":\"Incredibila poveste a lui Grant Breiland, adolescentul abordat de doi oameni \u00een negru - Secretele lui Lovendal\",\"isPartOf\":{\"@id\":\"https:\\\/\\\/www.lovendal.ro\\\/wp52\\\/#website\"},\"primaryImageOfPage\":{\"@id\":\"https:\\\/\\\/www.lovendal.ro\\\/wp52\\\/incredibila-poveste-a-lui-grant-breiland-adolescentul-abordat-de-doi-oameni-in-negru\\\/#primaryimage\"},\"image\":{\"@id\":\"https:\\\/\\\/www.lovendal.ro\\\/wp52\\\/incredibila-poveste-a-lui-grant-breiland-adolescentul-abordat-de-doi-oameni-in-negru\\\/#primaryimage\"},\"thumbnailUrl\":\"https:\\\/\\\/www.lovendal.ro\\\/wp52\\\/wp-content\\\/uploads\\\/2010\\\/11\\\/singur-in-Univers.jpg\",\"datePublished\":\"2010-11-12T12:01:57+00:00\",\"breadcrumb\":{\"@id\":\"https:\\\/\\\/www.lovendal.ro\\\/wp52\\\/incredibila-poveste-a-lui-grant-breiland-adolescentul-abordat-de-doi-oameni-in-negru\\\/#breadcrumb\"},\"inLanguage\":\"ro-RO\",\"potentialAction\":[{\"@type\":\"ReadAction\",\"target\":[\"https:\\\/\\\/www.lovendal.ro\\\/wp52\\\/incredibila-poveste-a-lui-grant-breiland-adolescentul-abordat-de-doi-oameni-in-negru\\\/\"]}]},{\"@type\":\"ImageObject\",\"inLanguage\":\"ro-RO\",\"@id\":\"https:\\\/\\\/www.lovendal.ro\\\/wp52\\\/incredibila-poveste-a-lui-grant-breiland-adolescentul-abordat-de-doi-oameni-in-negru\\\/#primaryimage\",\"url\":\"https:\\\/\\\/www.lovendal.ro\\\/wp52\\\/wp-content\\\/uploads\\\/2010\\\/11\\\/singur-in-Univers.jpg\",\"contentUrl\":\"https:\\\/\\\/www.lovendal.ro\\\/wp52\\\/wp-content\\\/uploads\\\/2010\\\/11\\\/singur-in-Univers.jpg\",\"width\":\"293\",\"height\":\"269\"},{\"@type\":\"BreadcrumbList\",\"@id\":\"https:\\\/\\\/www.lovendal.ro\\\/wp52\\\/incredibila-poveste-a-lui-grant-breiland-adolescentul-abordat-de-doi-oameni-in-negru\\\/#breadcrumb\",\"itemListElement\":[{\"@type\":\"ListItem\",\"position\":1,\"name\":\"Home\",\"item\":\"https:\\\/\\\/www.lovendal.ro\\\/wp52\\\/\"},{\"@type\":\"ListItem\",\"position\":2,\"name\":\"Incredibila poveste a lui Grant Breiland, adolescentul abordat de doi oameni \u00een negru\"}]},{\"@type\":\"WebSite\",\"@id\":\"https:\\\/\\\/www.lovendal.ro\\\/wp52\\\/#website\",\"url\":\"https:\\\/\\\/www.lovendal.ro\\\/wp52\\\/\",\"name\":\"Secretele lui Lovendal\",\"description\":\"Site de secrete, stiinta si metafizica - din 2008 -\",\"publisher\":{\"@id\":\"https:\\\/\\\/www.lovendal.ro\\\/wp52\\\/#organization\"},\"potentialAction\":[{\"@type\":\"SearchAction\",\"target\":{\"@type\":\"EntryPoint\",\"urlTemplate\":\"https:\\\/\\\/www.lovendal.ro\\\/wp52\\\/?s={search_term_string}\"},\"query-input\":{\"@type\":\"PropertyValueSpecification\",\"valueRequired\":true,\"valueName\":\"search_term_string\"}}],\"inLanguage\":\"ro-RO\"},{\"@type\":\"Organization\",\"@id\":\"https:\\\/\\\/www.lovendal.ro\\\/wp52\\\/#organization\",\"name\":\"Secretele lui Lovendal\",\"url\":\"https:\\\/\\\/www.lovendal.ro\\\/wp52\\\/\",\"logo\":{\"@type\":\"ImageObject\",\"inLanguage\":\"ro-RO\",\"@id\":\"https:\\\/\\\/www.lovendal.ro\\\/wp52\\\/#\\\/schema\\\/logo\\\/image\\\/\",\"url\":\"https:\\\/\\\/www.lovendal.ro\\\/wp52\\\/wp-content\\\/uploads\\\/2024\\\/06\\\/cropped-SLL-iun-2024-1.jpg\",\"contentUrl\":\"https:\\\/\\\/www.lovendal.ro\\\/wp52\\\/wp-content\\\/uploads\\\/2024\\\/06\\\/cropped-SLL-iun-2024-1.jpg\",\"width\":771,\"height\":240,\"caption\":\"Secretele lui Lovendal\"},\"image\":{\"@id\":\"https:\\\/\\\/www.lovendal.ro\\\/wp52\\\/#\\\/schema\\\/logo\\\/image\\\/\"},\"sameAs\":[\"https:\\\/\\\/www.facebook.com\\\/secreteleluilovendal\"]},{\"@type\":\"Person\",\"@id\":\"https:\\\/\\\/www.lovendal.ro\\\/wp52\\\/#\\\/schema\\\/person\\\/088691de5dfc346bb0c023e1e52ef5d9\",\"name\":\"admin\",\"image\":{\"@type\":\"ImageObject\",\"inLanguage\":\"ro-RO\",\"@id\":\"https:\\\/\\\/secure.gravatar.com\\\/avatar\\\/ecb9cd41f5f63c9c9b989999a59f6e2639a865ec361e9db054db0679a8f341c2?s=96&d=mm&r=g\",\"url\":\"https:\\\/\\\/secure.gravatar.com\\\/avatar\\\/ecb9cd41f5f63c9c9b989999a59f6e2639a865ec361e9db054db0679a8f341c2?s=96&d=mm&r=g\",\"contentUrl\":\"https:\\\/\\\/secure.gravatar.com\\\/avatar\\\/ecb9cd41f5f63c9c9b989999a59f6e2639a865ec361e9db054db0679a8f341c2?s=96&d=mm&r=g\",\"caption\":\"admin\"},\"sameAs\":[\"https:\\\/\\\/www.lovendal.ro\\\/wp52\"]}]}<\/script>\n<!-- \/ Yoast SEO Premium plugin. -->","yoast_head_json":{"title":"Incredibila poveste a lui Grant Breiland, adolescentul abordat de doi oameni \u00een negru - Secretele lui Lovendal","robots":{"index":"index","follow":"follow","max-snippet":"max-snippet:-1","max-image-preview":"max-image-preview:large","max-video-preview":"max-video-preview:-1"},"canonical":"https:\/\/www.lovendal.ro\/wp52\/incredibila-poveste-a-lui-grant-breiland-adolescentul-abordat-de-doi-oameni-in-negru\/","og_locale":"ro_RO","og_type":"article","og_title":"Incredibila poveste a lui Grant Breiland, adolescentul abordat de doi oameni \u00een negru","og_description":"\u00cen seara zilei de 2 octombrie 1981, la orele 21:30, Grant Breiland, un adolescent de 16 ani din ora\u015ful Victoria (Columbia Britanic\u0103, Canada) ie\u015fise \u00een fa\u0163a casei \u00eempreun\u0103 cu familia sa pentru a conduce ni\u015fte musafiri. Privind din \u00eent\u00e2mplare spre ... Cititi mai multe","og_url":"https:\/\/www.lovendal.ro\/wp52\/incredibila-poveste-a-lui-grant-breiland-adolescentul-abordat-de-doi-oameni-in-negru\/","og_site_name":"Secretele lui Lovendal","article_publisher":"https:\/\/www.facebook.com\/secreteleluilovendal","article_published_time":"2010-11-12T12:01:57+00:00","og_image":[{"width":293,"height":269,"url":"https:\/\/www.lovendal.ro\/wp52\/wp-content\/uploads\/2010\/11\/singur-in-Univers.jpg","type":"image\/jpeg"}],"author":"admin","twitter_card":"summary_large_image","twitter_misc":{"Scris de":"admin","Timp estimat pentru citire":"5 minute"},"schema":{"@context":"https:\/\/schema.org","@graph":[{"@type":"Article","@id":"https:\/\/www.lovendal.ro\/wp52\/incredibila-poveste-a-lui-grant-breiland-adolescentul-abordat-de-doi-oameni-in-negru\/#article","isPartOf":{"@id":"https:\/\/www.lovendal.ro\/wp52\/incredibila-poveste-a-lui-grant-breiland-adolescentul-abordat-de-doi-oameni-in-negru\/"},"author":{"name":"admin","@id":"https:\/\/www.lovendal.ro\/wp52\/#\/schema\/person\/088691de5dfc346bb0c023e1e52ef5d9"},"headline":"Incredibila poveste a lui Grant Breiland, adolescentul abordat de doi oameni \u00een negru","datePublished":"2010-11-12T12:01:57+00:00","mainEntityOfPage":{"@id":"https:\/\/www.lovendal.ro\/wp52\/incredibila-poveste-a-lui-grant-breiland-adolescentul-abordat-de-doi-oameni-in-negru\/"},"wordCount":923,"commentCount":12,"publisher":{"@id":"https:\/\/www.lovendal.ro\/wp52\/#organization"},"image":{"@id":"https:\/\/www.lovendal.ro\/wp52\/incredibila-poveste-a-lui-grant-breiland-adolescentul-abordat-de-doi-oameni-in-negru\/#primaryimage"},"thumbnailUrl":"https:\/\/www.lovendal.ro\/wp52\/wp-content\/uploads\/2010\/11\/singur-in-Univers.jpg","keywords":["Canada","oameni in negru","OZN","Paranormal-Spiritualitate"],"articleSection":["Paranormal-Spiritualitate"],"inLanguage":"ro-RO","potentialAction":[{"@type":"CommentAction","name":"Comment","target":["https:\/\/www.lovendal.ro\/wp52\/incredibila-poveste-a-lui-grant-breiland-adolescentul-abordat-de-doi-oameni-in-negru\/#respond"]}]},{"@type":"WebPage","@id":"https:\/\/www.lovendal.ro\/wp52\/incredibila-poveste-a-lui-grant-breiland-adolescentul-abordat-de-doi-oameni-in-negru\/","url":"https:\/\/www.lovendal.ro\/wp52\/incredibila-poveste-a-lui-grant-breiland-adolescentul-abordat-de-doi-oameni-in-negru\/","name":"Incredibila poveste a lui Grant Breiland, adolescentul abordat de doi oameni \u00een negru - Secretele lui Lovendal","isPartOf":{"@id":"https:\/\/www.lovendal.ro\/wp52\/#website"},"primaryImageOfPage":{"@id":"https:\/\/www.lovendal.ro\/wp52\/incredibila-poveste-a-lui-grant-breiland-adolescentul-abordat-de-doi-oameni-in-negru\/#primaryimage"},"image":{"@id":"https:\/\/www.lovendal.ro\/wp52\/incredibila-poveste-a-lui-grant-breiland-adolescentul-abordat-de-doi-oameni-in-negru\/#primaryimage"},"thumbnailUrl":"https:\/\/www.lovendal.ro\/wp52\/wp-content\/uploads\/2010\/11\/singur-in-Univers.jpg","datePublished":"2010-11-12T12:01:57+00:00","breadcrumb":{"@id":"https:\/\/www.lovendal.ro\/wp52\/incredibila-poveste-a-lui-grant-breiland-adolescentul-abordat-de-doi-oameni-in-negru\/#breadcrumb"},"inLanguage":"ro-RO","potentialAction":[{"@type":"ReadAction","target":["https:\/\/www.lovendal.ro\/wp52\/incredibila-poveste-a-lui-grant-breiland-adolescentul-abordat-de-doi-oameni-in-negru\/"]}]},{"@type":"ImageObject","inLanguage":"ro-RO","@id":"https:\/\/www.lovendal.ro\/wp52\/incredibila-poveste-a-lui-grant-breiland-adolescentul-abordat-de-doi-oameni-in-negru\/#primaryimage","url":"https:\/\/www.lovendal.ro\/wp52\/wp-content\/uploads\/2010\/11\/singur-in-Univers.jpg","contentUrl":"https:\/\/www.lovendal.ro\/wp52\/wp-content\/uploads\/2010\/11\/singur-in-Univers.jpg","width":"293","height":"269"},{"@type":"BreadcrumbList","@id":"https:\/\/www.lovendal.ro\/wp52\/incredibila-poveste-a-lui-grant-breiland-adolescentul-abordat-de-doi-oameni-in-negru\/#breadcrumb","itemListElement":[{"@type":"ListItem","position":1,"name":"Home","item":"https:\/\/www.lovendal.ro\/wp52\/"},{"@type":"ListItem","position":2,"name":"Incredibila poveste a lui Grant Breiland, adolescentul abordat de doi oameni \u00een negru"}]},{"@type":"WebSite","@id":"https:\/\/www.lovendal.ro\/wp52\/#website","url":"https:\/\/www.lovendal.ro\/wp52\/","name":"Secretele lui Lovendal","description":"Site de secrete, stiinta si metafizica - din 2008 -","publisher":{"@id":"https:\/\/www.lovendal.ro\/wp52\/#organization"},"potentialAction":[{"@type":"SearchAction","target":{"@type":"EntryPoint","urlTemplate":"https:\/\/www.lovendal.ro\/wp52\/?s={search_term_string}"},"query-input":{"@type":"PropertyValueSpecification","valueRequired":true,"valueName":"search_term_string"}}],"inLanguage":"ro-RO"},{"@type":"Organization","@id":"https:\/\/www.lovendal.ro\/wp52\/#organization","name":"Secretele lui Lovendal","url":"https:\/\/www.lovendal.ro\/wp52\/","logo":{"@type":"ImageObject","inLanguage":"ro-RO","@id":"https:\/\/www.lovendal.ro\/wp52\/#\/schema\/logo\/image\/","url":"https:\/\/www.lovendal.ro\/wp52\/wp-content\/uploads\/2024\/06\/cropped-SLL-iun-2024-1.jpg","contentUrl":"https:\/\/www.lovendal.ro\/wp52\/wp-content\/uploads\/2024\/06\/cropped-SLL-iun-2024-1.jpg","width":771,"height":240,"caption":"Secretele lui Lovendal"},"image":{"@id":"https:\/\/www.lovendal.ro\/wp52\/#\/schema\/logo\/image\/"},"sameAs":["https:\/\/www.facebook.com\/secreteleluilovendal"]},{"@type":"Person","@id":"https:\/\/www.lovendal.ro\/wp52\/#\/schema\/person\/088691de5dfc346bb0c023e1e52ef5d9","name":"admin","image":{"@type":"ImageObject","inLanguage":"ro-RO","@id":"https:\/\/secure.gravatar.com\/avatar\/ecb9cd41f5f63c9c9b989999a59f6e2639a865ec361e9db054db0679a8f341c2?s=96&d=mm&r=g","url":"https:\/\/secure.gravatar.com\/avatar\/ecb9cd41f5f63c9c9b989999a59f6e2639a865ec361e9db054db0679a8f341c2?s=96&d=mm&r=g","contentUrl":"https:\/\/secure.gravatar.com\/avatar\/ecb9cd41f5f63c9c9b989999a59f6e2639a865ec361e9db054db0679a8f341c2?s=96&d=mm&r=g","caption":"admin"},"sameAs":["https:\/\/www.lovendal.ro\/wp52"]}]}},"_links":{"self":[{"href":"https:\/\/www.lovendal.ro\/wp52\/wp-json\/wp\/v2\/posts\/15354","targetHints":{"allow":["GET"]}}],"collection":[{"href":"https:\/\/www.lovendal.ro\/wp52\/wp-json\/wp\/v2\/posts"}],"about":[{"href":"https:\/\/www.lovendal.ro\/wp52\/wp-json\/wp\/v2\/types\/post"}],"author":[{"embeddable":true,"href":"https:\/\/www.lovendal.ro\/wp52\/wp-json\/wp\/v2\/users\/1"}],"replies":[{"embeddable":true,"href":"https:\/\/www.lovendal.ro\/wp52\/wp-json\/wp\/v2\/comments?post=15354"}],"version-history":[{"count":0,"href":"https:\/\/www.lovendal.ro\/wp52\/wp-json\/wp\/v2\/posts\/15354\/revisions"}],"wp:featuredmedia":[{"embeddable":true,"href":"https:\/\/www.lovendal.ro\/wp52\/wp-json\/wp\/v2\/media\/15355"}],"wp:attachment":[{"href":"https:\/\/www.lovendal.ro\/wp52\/wp-json\/wp\/v2\/media?parent=15354"}],"wp:term":[{"taxonomy":"category","embeddable":true,"href":"https:\/\/www.lovendal.ro\/wp52\/wp-json\/wp\/v2\/categories?post=15354"},{"taxonomy":"post_tag","embeddable":true,"href":"https:\/\/www.lovendal.ro\/wp52\/wp-json\/wp\/v2\/tags?post=15354"}],"curies":[{"name":"wp","href":"https:\/\/api.w.org\/{rel}","templated":true}]}}