{"id":15118,"date":"2010-11-03T13:54:24","date_gmt":"2010-11-03T10:54:24","guid":{"rendered":"http:\/\/www.lovendal.net\/wp52\/?p=15118"},"modified":"2020-06-26T12:28:25","modified_gmt":"2020-06-26T09:28:25","slug":"nasa-stie-de-40-de-ani-ca-luna-e-plina-de-extraterestri","status":"publish","type":"post","link":"https:\/\/www.lovendal.ro\/wp52\/nasa-stie-de-40-de-ani-ca-luna-e-plina-de-extraterestri\/","title":{"rendered":"NASA \u015ftie de 40 de ani c\u0103 Luna e plin\u0103 de extratere\u015ftri"},"content":{"rendered":"<p><a href=\"https:\/\/www.lovendal.ro\/wp52\/wp-content\/uploads\/2010\/11\/Luna-extraterestri.jpg\"><img loading=\"lazy\" decoding=\"async\" class=\"alignleft size-full wp-image-15126\" title=\"Luna extraterestri\" src=\"https:\/\/www.lovendal.ro\/wp52\/wp-content\/uploads\/2010\/11\/Luna-extraterestri.jpg\" alt=\"\" width=\"280\" height=\"211\" \/><\/a>\u00cen acest articol mai vechi (<strong><a href=\"https:\/\/www.lovendal.ro\/wp52\/nasa-nu-s-a-mai-dus-pe-luna-de-frica-extraterestrilor\/\" target=\"_blank\" rel=\"noopener noreferrer\">https:\/\/www.lovendal.ro\/wp52\/nasa-nu-s-a-mai-dus-pe-luna-de-frica-extraterestrilor\/<\/a>) <\/strong>discutam o ipotez\u0103 privind motivul pentru care NASA nu s-a mai dus pe Lun\u0103: de frica extratere\u015ftrilor. \u00cen articolul de fa\u0163\u0103, detaliem aceast\u0103 ipotez\u0103 baz\u00e2ndu-ne pe un mic film documentar intitulat: <em>&#8222;Motivul adev\u0103rat pentru care NASA nu s-a mai \u00eentors pe Lun\u0103&#8221;.<\/em><\/p>\n<p>\u00cen ciuda succesului misiunilor Apollo de la sf\u00e2r\u015fitul anilor 60 \u015fi \u00eenceputul anilor 70, NASA nu a putut r\u0103spunde niciodat\u0103 la \u00eentrebarea:<em> &#8222;De ce nu a mai ajuns de atunci omul pe Lun\u0103?&#8221;<\/em> Dar unii din fo\u015ftii angaja\u0163i ai NASA cunosc r\u0103spunsul. \u015e acesta este: Luna este plin\u0103 de extratere\u015ftri. \u015ei NASA \u015ftie acest lucru \u00eenc\u0103 din anii 70 \u015fi a fost avertizat\u0103 de extratere\u015ftri s\u0103 nu se mai \u00eentoarc\u0103 pe Lun\u0103.<\/p>\n<p>Se pare c\u0103 activitatea ufologic\u0103 de pe Lun\u0103 nu era nicio noutate pentru fostul nazist, Wernher von Braun, cel care s-a ocupat de proiectele Apollo pentru NASA. De secole \u00eentregi, astronomi din toat\u0103 lumea, inclusiv germanii nazi\u015fti, au raportat OZN-uri care zburau pe suprafa\u0163a lunar\u0103.<\/p>\n<p><strong>Raportul NASA privind anomaliile lunare<\/strong><\/p>\n<p>Raportul privind anomaliile lunare a fost realizat de NASA cu 1 an \u00eenainte de faimoasa aselenizare din august 1969. Pentru mai mult de trei ani, NASA a finan\u0163at un studiu realizat de mai mul\u0163i cercet\u0103tori, care a catalogat toate anomaliile luminoase ce au fost semnalate de oameni de \u015ftiin\u0163\u0103 \u015fi astronomi, \u00eencep\u00e2nd din secolul al XVI-lea \u015fi p\u00e2n\u0103 \u00een anii 60. \u00cen iulie 1968, versiunea public\u0103 a acestui document a fost publicat\u0103 sub numele d<em>e &#8222;Documentul R-277&#8221;<\/em>. Acest raport, con\u0163ine aproape 600 de evenimente ufologice ce au avut loc pe suprafa\u0163a lunar\u0103 \u00eentre 1540 \u015fi 1967.<\/p>\n<p><strong>Nori \u015fi lumini str\u0103lucitoare pe astrul selenar<\/strong><\/p>\n<p>Acest catalog oficial NASA con\u0163ine relat\u0103ri privind anomalii ufologice de la celebri astronomi, ca de exemplu observa\u0163ia astronomului italian Giovanni Cassini (1625-1712), care a raportat &#8222;un nor alb pe suprafa\u0163a lunar\u0103&#8221; \u00een 1671. Un alt raport sugereaz\u0103 faptul c\u0103 Luna are atmosfer\u0103, c\u00e2nd doi astronomi au observat fulgere pe suprafa\u0163a Lunii, \u00een 1787. \u00cen acela\u015fi an, cu doar o lun\u0103 \u00eenainte, astronomul care a descoperit planeta Uranus, sir Frederick W. Herschel, sus\u0163inea c\u0103 a observat c\u00e2teva lumini str\u0103lucitoare pe Lun\u0103.<\/p>\n<p>Lumini ciudate pe Lun\u0103 au fost v\u0103zute de-a lungul timpului \u00een mai mult de 200 de rapoarte. \u00cen februarie 1877, o lumin\u0103 alb\u0103 \u015fi puternic\u0103 a fost observat\u0103 pentru circa 1 or\u0103. Pe 23 aprilie 1915, o raz\u0103 de lumin\u0103 a fost v\u0103zut\u0103 \u00eentr-unul din craterele Lunii. \u00cen jurul craterului Plato de pe astrul selenar au fost observate, de diferi\u0163i astronomi, zeci de lumini anormale.<\/p>\n<p><strong>Umbrele misterioase de pe Lun\u0103<\/strong><\/p>\n<p>\u00cen afara acestor lumini anormale de pe suprafa\u0163a Lunii, NASA a raportat existen\u0163a unor umbre misterioase. \u00cen 1882, \u00een zona Aristoteles a Lunii au fost raportate c\u00e2teva umbre \u00eentunecate. Pe 13 septembrie 1959, astronomii au fost incapabili s\u0103 fotografieze suprafa\u0163a lunar\u0103, datorit\u0103 unei mase largi \u00eentunecate ce ascundea terenul selenar. \u015ei, pe 11 septembrie 1967, astronomii canadieni au raportat un nor negru, cu margini violete, ce plutea deasupra &#8222;M\u0103rii Lini\u015ftite&#8221; de pe suprafa\u0163a lunar\u0103. Exact aceast\u0103 zon\u0103 a fost aleas\u0103 de NASA pentru aselenizarea uman\u0103 din august 1969.<\/p>\n<p><strong>NASA confirm\u0103: &#8222;Exist\u0103 puteri mai mari dec\u00e2t am presupus&#8221;<\/strong><\/p>\n<p>Wernher von Braun, creatorul programului american Apollo, declara \u00een 1959 urm\u0103toarele:<em> &#8222;Ne confrunt\u0103m cu puteri care sunt mult mai mari dec\u00e2t am presupus p\u00e2n\u0103 \u00een prezent, \u015fi ale c\u0103ror baze de opera\u0163iuni ne sunt necunoscute&#8221;<\/em>. Oare la ce fel de puteri se referea von Braun? Cumva la cele extraterestre?<\/p>\n<p><strong>Opera\u0163iunea &#8222;Cercetarea vizual\u0103 a Lunii&#8221;<\/strong><\/p>\n<p>\u00cenainte de lansarea studiului privind anomaliile lunare, NASA a ini\u0163iat \u00een anul 1965 opera\u0163iunea <em>&#8222;Cercetarea vizual\u0103 a Lunii&#8221;<\/em>, un studiu \u00een care au fost implicate toate observatoarele astronomice performante din lume. Scopul lui NASA era acela de a aduna date privind numeroasele lumini observate deasupra suprafe\u0163ei Lunii.<\/p>\n<p><strong>Un pod artificial pe Lun\u0103?<\/strong><\/p>\n<p>Aceast\u0103 opera\u0163iune a mai implicat fotografierea unor structuri foarte mari, de c\u0103tre sateli\u0163ii NASA. Unele din aceste structuri p\u0103reau a fi suspect de artificiale. De exemplu, \u00een 1953, un cercet\u0103tor a raportat observarea unui &#8222;pod lung de 20 de kilometri&#8221; \u00een craterul lunar &#8222;Mare Crisium&#8221;. E adev\u0103rat c\u0103 aceast\u0103 structur\u0103 ar fi putut fi creat\u0103 de activitatea vulcanic\u0103, dar, astronomul britanic, Sir Patrick Moore, prezentatorul faimoasei emisiuni <em>&#8222;Cerul nop\u0163ii&#8221;<\/em>, a declarat c\u0103 acest pod <em>&#8222;pur \u015fi simplu a ap\u0103rut din neant&#8221;.<\/em><\/p>\n<figure id=\"attachment_15123\" aria-describedby=\"caption-attachment-15123\" style=\"width: 196px\" class=\"wp-caption alignleft\"><a href=\"https:\/\/www.lovendal.ro\/wp52\/wp-content\/uploads\/2010\/11\/Harbul.jpg\"><img loading=\"lazy\" decoding=\"async\" class=\"size-full wp-image-15123\" title=\"Harbul\" src=\"https:\/\/www.lovendal.ro\/wp52\/wp-content\/uploads\/2010\/11\/Harbul.jpg\" alt=\"Harbul\" width=\"206\" height=\"213\" \/><\/a><figcaption id=\"caption-attachment-15123\" class=\"wp-caption-text\">Harbul<\/figcaption><\/figure>\n<p>\u00cen preg\u0103tirea programului spa\u0163ial &#8222;Apollo&#8221;, nava spa\u0163ial\u0103 NASA Orbiter 3 a fost trimis\u0103 pentru a fotografia unele dintre cele mai interesante structuri. \u00centr-o anumit\u0103 zon\u0103 a Lunii, se afl\u0103 o structur\u0103 vertical\u0103 ciudat\u0103, ce a fost numit\u0103 &#8222;Ciobul&#8221;.<\/p>\n<p>O alt\u0103 structur\u0103 ciudat\u0103 fotografiat\u0103 de Orbiter 3 este a\u015fa-zisul &#8222;Turn&#8221;, ce are o \u00een\u0103l\u0163ime de circa 8 km.<\/p>\n<p><strong>&#8222;Altcineva se afl\u0103 pe Lun\u0103&#8221;<\/strong><\/p>\n<p>Dup\u0103 ce a analizat cu aten\u0163ie fotografiile trimise de sonda spa\u0163ial\u0103 Orbiter 3 \u015fi de predecesoarea sa, Orbiter 2, autorul american George Leonard a scris o carte intitulat\u0103 <em>&#8222;Altcineva se afl\u0103 pe Lun\u0103&#8221;<\/em>. George Leonard a prezentat multe poze \u00een cartea sa, unele con\u0163in\u00e2nd mai multe &#8222;rute&#8221; care ar fi fost realizate de c\u0103tre extratere\u015ftri.<\/p>\n<p><a href=\"https:\/\/www.lovendal.ro\/wp52\/wp-content\/uploads\/2010\/11\/turnul-de-pe-Luna.jpg\"><img loading=\"lazy\" decoding=\"async\" class=\"size-full wp-image-15125\" title=\"turnul de pe Luna\" src=\"https:\/\/www.lovendal.ro\/wp52\/wp-content\/uploads\/2010\/11\/turnul-de-pe-Luna.jpg\" alt=\"Turnul de pe Luna\" width=\"195\" height=\"168\" \/><\/a><\/p>\n<p><strong>OZN-urile ce zboar\u0103 \u00een jurul Lunii<\/strong><\/p>\n<p>Exist\u0103, de asemenea, numeroase dovezi fotografice privind prezen\u0163a unor OZN-uri ce zboar\u0103 \u00een jurul Lunii. \u00cen Japonia, de exemplu, astronomii amatori au filmat lumini ciudate folosindu-se de telescoape dotate cu camere video.<\/p>\n<p>&nbsp;<\/p>\n","protected":false},"excerpt":{"rendered":"<p>\u00cen acest articol mai vechi (https:\/\/www.lovendal.ro\/wp52\/nasa-nu-s-a-mai-dus-pe-luna-de-frica-extraterestrilor\/) discutam o ipotez\u0103 privind motivul pentru care NASA nu s-a mai dus pe Lun\u0103: de frica extratere\u015ftrilor. \u00cen articolul de fa\u0163\u0103, detaliem aceast\u0103 ipotez\u0103 baz\u00e2ndu-ne pe un mic film documentar intitulat: &#8222;Motivul adev\u0103rat pentru &#8230; <\/p>\n<p class=\"read-more-container\"><a title=\"NASA \u015ftie de 40 de ani c\u0103 Luna e plin\u0103 de extratere\u015ftri\" class=\"read-more button\" href=\"https:\/\/www.lovendal.ro\/wp52\/nasa-stie-de-40-de-ani-ca-luna-e-plina-de-extraterestri\/#more-15118\" aria-label=\"Cite\u0219te mai multe despre NASA \u015ftie de 40 de ani c\u0103 Luna e plin\u0103 de extratere\u015ftri\">Cititi mai multe<\/a><\/p>\n","protected":false},"author":1,"featured_media":15123,"comment_status":"open","ping_status":"closed","sticky":false,"template":"","format":"standard","meta":{"footnotes":""},"categories":[14],"tags":[2990,3063,102,3653,51,1893,952,149,150,9796,3654],"class_list":["post-15118","post","type-post","status-publish","format-standard","has-post-thumbnail","hentry","category-paranormal-spiritualitate","tag-apollo","tag-astronom","tag-astronomie","tag-cassini","tag-extraterestri","tag-herschel","tag-lumina","tag-luna","tag-nasa","tag-paranormal-spiritualitate","tag-von-braun","resize-featured-image"],"yoast_head":"<!-- This site is optimized with the Yoast SEO Premium plugin v23.3 (Yoast SEO v27.4) - https:\/\/yoast.com\/product\/yoast-seo-premium-wordpress\/ -->\n<title>NASA \u015ftie de 40 de ani c\u0103 Luna e plin\u0103 de extratere\u015ftri - Secretele lui Lovendal<\/title>\n<meta name=\"robots\" content=\"index, follow, max-snippet:-1, max-image-preview:large, max-video-preview:-1\" \/>\n<link rel=\"canonical\" href=\"https:\/\/www.lovendal.ro\/wp52\/nasa-stie-de-40-de-ani-ca-luna-e-plina-de-extraterestri\/\" \/>\n<meta property=\"og:locale\" content=\"ro_RO\" \/>\n<meta property=\"og:type\" content=\"article\" \/>\n<meta property=\"og:title\" content=\"NASA \u015ftie de 40 de ani c\u0103 Luna e plin\u0103 de extratere\u015ftri\" \/>\n<meta property=\"og:description\" content=\"\u00cen acest articol mai vechi (https:\/\/www.lovendal.ro\/wp52\/nasa-nu-s-a-mai-dus-pe-luna-de-frica-extraterestrilor\/) discutam o ipotez\u0103 privind motivul pentru care NASA nu s-a mai dus pe Lun\u0103: de frica extratere\u015ftrilor. \u00cen articolul de fa\u0163\u0103, detaliem aceast\u0103 ipotez\u0103 baz\u00e2ndu-ne pe un mic film documentar intitulat: &#8222;Motivul adev\u0103rat pentru ... Cititi mai multe\" \/>\n<meta property=\"og:url\" content=\"https:\/\/www.lovendal.ro\/wp52\/nasa-stie-de-40-de-ani-ca-luna-e-plina-de-extraterestri\/\" \/>\n<meta property=\"og:site_name\" content=\"Secretele lui Lovendal\" \/>\n<meta property=\"article:publisher\" content=\"https:\/\/www.facebook.com\/secreteleluilovendal\" \/>\n<meta property=\"article:published_time\" content=\"2010-11-03T10:54:24+00:00\" \/>\n<meta property=\"article:modified_time\" content=\"2020-06-26T09:28:25+00:00\" \/>\n<meta property=\"og:image\" content=\"https:\/\/www.lovendal.ro\/wp52\/wp-content\/uploads\/2010\/11\/Harbul.jpg\" \/>\n\t<meta property=\"og:image:width\" content=\"260\" \/>\n\t<meta property=\"og:image:height\" content=\"268\" \/>\n\t<meta property=\"og:image:type\" content=\"image\/jpeg\" \/>\n<meta name=\"author\" content=\"admin\" \/>\n<meta name=\"twitter:card\" content=\"summary_large_image\" \/>\n<meta name=\"twitter:label1\" content=\"Scris de\" \/>\n\t<meta name=\"twitter:data1\" content=\"admin\" \/>\n\t<meta name=\"twitter:label2\" content=\"Timp estimat pentru citire\" \/>\n\t<meta name=\"twitter:data2\" content=\"5 minute\" \/>\n<script type=\"application\/ld+json\" class=\"yoast-schema-graph\">{\"@context\":\"https:\\\/\\\/schema.org\",\"@graph\":[{\"@type\":\"Article\",\"@id\":\"https:\\\/\\\/www.lovendal.ro\\\/wp52\\\/nasa-stie-de-40-de-ani-ca-luna-e-plina-de-extraterestri\\\/#article\",\"isPartOf\":{\"@id\":\"https:\\\/\\\/www.lovendal.ro\\\/wp52\\\/nasa-stie-de-40-de-ani-ca-luna-e-plina-de-extraterestri\\\/\"},\"author\":{\"name\":\"admin\",\"@id\":\"https:\\\/\\\/www.lovendal.ro\\\/wp52\\\/#\\\/schema\\\/person\\\/088691de5dfc346bb0c023e1e52ef5d9\"},\"headline\":\"NASA \u015ftie de 40 de ani c\u0103 Luna e plin\u0103 de extratere\u015ftri\",\"datePublished\":\"2010-11-03T10:54:24+00:00\",\"dateModified\":\"2020-06-26T09:28:25+00:00\",\"mainEntityOfPage\":{\"@id\":\"https:\\\/\\\/www.lovendal.ro\\\/wp52\\\/nasa-stie-de-40-de-ani-ca-luna-e-plina-de-extraterestri\\\/\"},\"wordCount\":928,\"commentCount\":18,\"publisher\":{\"@id\":\"https:\\\/\\\/www.lovendal.ro\\\/wp52\\\/#organization\"},\"image\":{\"@id\":\"https:\\\/\\\/www.lovendal.ro\\\/wp52\\\/nasa-stie-de-40-de-ani-ca-luna-e-plina-de-extraterestri\\\/#primaryimage\"},\"thumbnailUrl\":\"https:\\\/\\\/www.lovendal.ro\\\/wp52\\\/wp-content\\\/uploads\\\/2010\\\/11\\\/Harbul.jpg\",\"keywords\":[\"Apollo\",\"astronom\",\"astronomie\",\"Cassini\",\"extratere\u015ftri\",\"Herschel\",\"lumin\u0103\",\"Lun\u0103\",\"NASA\",\"Paranormal-Spiritualitate\",\"von Braun\"],\"articleSection\":[\"Paranormal-Spiritualitate\"],\"inLanguage\":\"ro-RO\",\"potentialAction\":[{\"@type\":\"CommentAction\",\"name\":\"Comment\",\"target\":[\"https:\\\/\\\/www.lovendal.ro\\\/wp52\\\/nasa-stie-de-40-de-ani-ca-luna-e-plina-de-extraterestri\\\/#respond\"]}]},{\"@type\":\"WebPage\",\"@id\":\"https:\\\/\\\/www.lovendal.ro\\\/wp52\\\/nasa-stie-de-40-de-ani-ca-luna-e-plina-de-extraterestri\\\/\",\"url\":\"https:\\\/\\\/www.lovendal.ro\\\/wp52\\\/nasa-stie-de-40-de-ani-ca-luna-e-plina-de-extraterestri\\\/\",\"name\":\"NASA \u015ftie de 40 de ani c\u0103 Luna e plin\u0103 de extratere\u015ftri - Secretele lui Lovendal\",\"isPartOf\":{\"@id\":\"https:\\\/\\\/www.lovendal.ro\\\/wp52\\\/#website\"},\"primaryImageOfPage\":{\"@id\":\"https:\\\/\\\/www.lovendal.ro\\\/wp52\\\/nasa-stie-de-40-de-ani-ca-luna-e-plina-de-extraterestri\\\/#primaryimage\"},\"image\":{\"@id\":\"https:\\\/\\\/www.lovendal.ro\\\/wp52\\\/nasa-stie-de-40-de-ani-ca-luna-e-plina-de-extraterestri\\\/#primaryimage\"},\"thumbnailUrl\":\"https:\\\/\\\/www.lovendal.ro\\\/wp52\\\/wp-content\\\/uploads\\\/2010\\\/11\\\/Harbul.jpg\",\"datePublished\":\"2010-11-03T10:54:24+00:00\",\"dateModified\":\"2020-06-26T09:28:25+00:00\",\"breadcrumb\":{\"@id\":\"https:\\\/\\\/www.lovendal.ro\\\/wp52\\\/nasa-stie-de-40-de-ani-ca-luna-e-plina-de-extraterestri\\\/#breadcrumb\"},\"inLanguage\":\"ro-RO\",\"potentialAction\":[{\"@type\":\"ReadAction\",\"target\":[\"https:\\\/\\\/www.lovendal.ro\\\/wp52\\\/nasa-stie-de-40-de-ani-ca-luna-e-plina-de-extraterestri\\\/\"]}]},{\"@type\":\"ImageObject\",\"inLanguage\":\"ro-RO\",\"@id\":\"https:\\\/\\\/www.lovendal.ro\\\/wp52\\\/nasa-stie-de-40-de-ani-ca-luna-e-plina-de-extraterestri\\\/#primaryimage\",\"url\":\"https:\\\/\\\/www.lovendal.ro\\\/wp52\\\/wp-content\\\/uploads\\\/2010\\\/11\\\/Harbul.jpg\",\"contentUrl\":\"https:\\\/\\\/www.lovendal.ro\\\/wp52\\\/wp-content\\\/uploads\\\/2010\\\/11\\\/Harbul.jpg\",\"width\":\"260\",\"height\":\"268\",\"caption\":\"Harbul\"},{\"@type\":\"BreadcrumbList\",\"@id\":\"https:\\\/\\\/www.lovendal.ro\\\/wp52\\\/nasa-stie-de-40-de-ani-ca-luna-e-plina-de-extraterestri\\\/#breadcrumb\",\"itemListElement\":[{\"@type\":\"ListItem\",\"position\":1,\"name\":\"Home\",\"item\":\"https:\\\/\\\/www.lovendal.ro\\\/wp52\\\/\"},{\"@type\":\"ListItem\",\"position\":2,\"name\":\"NASA \u015ftie de 40 de ani c\u0103 Luna e plin\u0103 de extratere\u015ftri\"}]},{\"@type\":\"WebSite\",\"@id\":\"https:\\\/\\\/www.lovendal.ro\\\/wp52\\\/#website\",\"url\":\"https:\\\/\\\/www.lovendal.ro\\\/wp52\\\/\",\"name\":\"Secretele lui Lovendal\",\"description\":\"Site de secrete, stiinta si metafizica - din 2008 -\",\"publisher\":{\"@id\":\"https:\\\/\\\/www.lovendal.ro\\\/wp52\\\/#organization\"},\"potentialAction\":[{\"@type\":\"SearchAction\",\"target\":{\"@type\":\"EntryPoint\",\"urlTemplate\":\"https:\\\/\\\/www.lovendal.ro\\\/wp52\\\/?s={search_term_string}\"},\"query-input\":{\"@type\":\"PropertyValueSpecification\",\"valueRequired\":true,\"valueName\":\"search_term_string\"}}],\"inLanguage\":\"ro-RO\"},{\"@type\":\"Organization\",\"@id\":\"https:\\\/\\\/www.lovendal.ro\\\/wp52\\\/#organization\",\"name\":\"Secretele lui Lovendal\",\"url\":\"https:\\\/\\\/www.lovendal.ro\\\/wp52\\\/\",\"logo\":{\"@type\":\"ImageObject\",\"inLanguage\":\"ro-RO\",\"@id\":\"https:\\\/\\\/www.lovendal.ro\\\/wp52\\\/#\\\/schema\\\/logo\\\/image\\\/\",\"url\":\"https:\\\/\\\/www.lovendal.ro\\\/wp52\\\/wp-content\\\/uploads\\\/2024\\\/06\\\/cropped-SLL-iun-2024-1.jpg\",\"contentUrl\":\"https:\\\/\\\/www.lovendal.ro\\\/wp52\\\/wp-content\\\/uploads\\\/2024\\\/06\\\/cropped-SLL-iun-2024-1.jpg\",\"width\":771,\"height\":240,\"caption\":\"Secretele lui Lovendal\"},\"image\":{\"@id\":\"https:\\\/\\\/www.lovendal.ro\\\/wp52\\\/#\\\/schema\\\/logo\\\/image\\\/\"},\"sameAs\":[\"https:\\\/\\\/www.facebook.com\\\/secreteleluilovendal\"]},{\"@type\":\"Person\",\"@id\":\"https:\\\/\\\/www.lovendal.ro\\\/wp52\\\/#\\\/schema\\\/person\\\/088691de5dfc346bb0c023e1e52ef5d9\",\"name\":\"admin\",\"image\":{\"@type\":\"ImageObject\",\"inLanguage\":\"ro-RO\",\"@id\":\"https:\\\/\\\/secure.gravatar.com\\\/avatar\\\/ecb9cd41f5f63c9c9b989999a59f6e2639a865ec361e9db054db0679a8f341c2?s=96&d=mm&r=g\",\"url\":\"https:\\\/\\\/secure.gravatar.com\\\/avatar\\\/ecb9cd41f5f63c9c9b989999a59f6e2639a865ec361e9db054db0679a8f341c2?s=96&d=mm&r=g\",\"contentUrl\":\"https:\\\/\\\/secure.gravatar.com\\\/avatar\\\/ecb9cd41f5f63c9c9b989999a59f6e2639a865ec361e9db054db0679a8f341c2?s=96&d=mm&r=g\",\"caption\":\"admin\"},\"sameAs\":[\"https:\\\/\\\/www.lovendal.ro\\\/wp52\"]}]}<\/script>\n<!-- \/ Yoast SEO Premium plugin. -->","yoast_head_json":{"title":"NASA \u015ftie de 40 de ani c\u0103 Luna e plin\u0103 de extratere\u015ftri - Secretele lui Lovendal","robots":{"index":"index","follow":"follow","max-snippet":"max-snippet:-1","max-image-preview":"max-image-preview:large","max-video-preview":"max-video-preview:-1"},"canonical":"https:\/\/www.lovendal.ro\/wp52\/nasa-stie-de-40-de-ani-ca-luna-e-plina-de-extraterestri\/","og_locale":"ro_RO","og_type":"article","og_title":"NASA \u015ftie de 40 de ani c\u0103 Luna e plin\u0103 de extratere\u015ftri","og_description":"\u00cen acest articol mai vechi (https:\/\/www.lovendal.ro\/wp52\/nasa-nu-s-a-mai-dus-pe-luna-de-frica-extraterestrilor\/) discutam o ipotez\u0103 privind motivul pentru care NASA nu s-a mai dus pe Lun\u0103: de frica extratere\u015ftrilor. \u00cen articolul de fa\u0163\u0103, detaliem aceast\u0103 ipotez\u0103 baz\u00e2ndu-ne pe un mic film documentar intitulat: &#8222;Motivul adev\u0103rat pentru ... Cititi mai multe","og_url":"https:\/\/www.lovendal.ro\/wp52\/nasa-stie-de-40-de-ani-ca-luna-e-plina-de-extraterestri\/","og_site_name":"Secretele lui Lovendal","article_publisher":"https:\/\/www.facebook.com\/secreteleluilovendal","article_published_time":"2010-11-03T10:54:24+00:00","article_modified_time":"2020-06-26T09:28:25+00:00","og_image":[{"width":260,"height":268,"url":"https:\/\/www.lovendal.ro\/wp52\/wp-content\/uploads\/2010\/11\/Harbul.jpg","type":"image\/jpeg"}],"author":"admin","twitter_card":"summary_large_image","twitter_misc":{"Scris de":"admin","Timp estimat pentru citire":"5 minute"},"schema":{"@context":"https:\/\/schema.org","@graph":[{"@type":"Article","@id":"https:\/\/www.lovendal.ro\/wp52\/nasa-stie-de-40-de-ani-ca-luna-e-plina-de-extraterestri\/#article","isPartOf":{"@id":"https:\/\/www.lovendal.ro\/wp52\/nasa-stie-de-40-de-ani-ca-luna-e-plina-de-extraterestri\/"},"author":{"name":"admin","@id":"https:\/\/www.lovendal.ro\/wp52\/#\/schema\/person\/088691de5dfc346bb0c023e1e52ef5d9"},"headline":"NASA \u015ftie de 40 de ani c\u0103 Luna e plin\u0103 de extratere\u015ftri","datePublished":"2010-11-03T10:54:24+00:00","dateModified":"2020-06-26T09:28:25+00:00","mainEntityOfPage":{"@id":"https:\/\/www.lovendal.ro\/wp52\/nasa-stie-de-40-de-ani-ca-luna-e-plina-de-extraterestri\/"},"wordCount":928,"commentCount":18,"publisher":{"@id":"https:\/\/www.lovendal.ro\/wp52\/#organization"},"image":{"@id":"https:\/\/www.lovendal.ro\/wp52\/nasa-stie-de-40-de-ani-ca-luna-e-plina-de-extraterestri\/#primaryimage"},"thumbnailUrl":"https:\/\/www.lovendal.ro\/wp52\/wp-content\/uploads\/2010\/11\/Harbul.jpg","keywords":["Apollo","astronom","astronomie","Cassini","extratere\u015ftri","Herschel","lumin\u0103","Lun\u0103","NASA","Paranormal-Spiritualitate","von Braun"],"articleSection":["Paranormal-Spiritualitate"],"inLanguage":"ro-RO","potentialAction":[{"@type":"CommentAction","name":"Comment","target":["https:\/\/www.lovendal.ro\/wp52\/nasa-stie-de-40-de-ani-ca-luna-e-plina-de-extraterestri\/#respond"]}]},{"@type":"WebPage","@id":"https:\/\/www.lovendal.ro\/wp52\/nasa-stie-de-40-de-ani-ca-luna-e-plina-de-extraterestri\/","url":"https:\/\/www.lovendal.ro\/wp52\/nasa-stie-de-40-de-ani-ca-luna-e-plina-de-extraterestri\/","name":"NASA \u015ftie de 40 de ani c\u0103 Luna e plin\u0103 de extratere\u015ftri - Secretele lui Lovendal","isPartOf":{"@id":"https:\/\/www.lovendal.ro\/wp52\/#website"},"primaryImageOfPage":{"@id":"https:\/\/www.lovendal.ro\/wp52\/nasa-stie-de-40-de-ani-ca-luna-e-plina-de-extraterestri\/#primaryimage"},"image":{"@id":"https:\/\/www.lovendal.ro\/wp52\/nasa-stie-de-40-de-ani-ca-luna-e-plina-de-extraterestri\/#primaryimage"},"thumbnailUrl":"https:\/\/www.lovendal.ro\/wp52\/wp-content\/uploads\/2010\/11\/Harbul.jpg","datePublished":"2010-11-03T10:54:24+00:00","dateModified":"2020-06-26T09:28:25+00:00","breadcrumb":{"@id":"https:\/\/www.lovendal.ro\/wp52\/nasa-stie-de-40-de-ani-ca-luna-e-plina-de-extraterestri\/#breadcrumb"},"inLanguage":"ro-RO","potentialAction":[{"@type":"ReadAction","target":["https:\/\/www.lovendal.ro\/wp52\/nasa-stie-de-40-de-ani-ca-luna-e-plina-de-extraterestri\/"]}]},{"@type":"ImageObject","inLanguage":"ro-RO","@id":"https:\/\/www.lovendal.ro\/wp52\/nasa-stie-de-40-de-ani-ca-luna-e-plina-de-extraterestri\/#primaryimage","url":"https:\/\/www.lovendal.ro\/wp52\/wp-content\/uploads\/2010\/11\/Harbul.jpg","contentUrl":"https:\/\/www.lovendal.ro\/wp52\/wp-content\/uploads\/2010\/11\/Harbul.jpg","width":"260","height":"268","caption":"Harbul"},{"@type":"BreadcrumbList","@id":"https:\/\/www.lovendal.ro\/wp52\/nasa-stie-de-40-de-ani-ca-luna-e-plina-de-extraterestri\/#breadcrumb","itemListElement":[{"@type":"ListItem","position":1,"name":"Home","item":"https:\/\/www.lovendal.ro\/wp52\/"},{"@type":"ListItem","position":2,"name":"NASA \u015ftie de 40 de ani c\u0103 Luna e plin\u0103 de extratere\u015ftri"}]},{"@type":"WebSite","@id":"https:\/\/www.lovendal.ro\/wp52\/#website","url":"https:\/\/www.lovendal.ro\/wp52\/","name":"Secretele lui Lovendal","description":"Site de secrete, stiinta si metafizica - din 2008 -","publisher":{"@id":"https:\/\/www.lovendal.ro\/wp52\/#organization"},"potentialAction":[{"@type":"SearchAction","target":{"@type":"EntryPoint","urlTemplate":"https:\/\/www.lovendal.ro\/wp52\/?s={search_term_string}"},"query-input":{"@type":"PropertyValueSpecification","valueRequired":true,"valueName":"search_term_string"}}],"inLanguage":"ro-RO"},{"@type":"Organization","@id":"https:\/\/www.lovendal.ro\/wp52\/#organization","name":"Secretele lui Lovendal","url":"https:\/\/www.lovendal.ro\/wp52\/","logo":{"@type":"ImageObject","inLanguage":"ro-RO","@id":"https:\/\/www.lovendal.ro\/wp52\/#\/schema\/logo\/image\/","url":"https:\/\/www.lovendal.ro\/wp52\/wp-content\/uploads\/2024\/06\/cropped-SLL-iun-2024-1.jpg","contentUrl":"https:\/\/www.lovendal.ro\/wp52\/wp-content\/uploads\/2024\/06\/cropped-SLL-iun-2024-1.jpg","width":771,"height":240,"caption":"Secretele lui Lovendal"},"image":{"@id":"https:\/\/www.lovendal.ro\/wp52\/#\/schema\/logo\/image\/"},"sameAs":["https:\/\/www.facebook.com\/secreteleluilovendal"]},{"@type":"Person","@id":"https:\/\/www.lovendal.ro\/wp52\/#\/schema\/person\/088691de5dfc346bb0c023e1e52ef5d9","name":"admin","image":{"@type":"ImageObject","inLanguage":"ro-RO","@id":"https:\/\/secure.gravatar.com\/avatar\/ecb9cd41f5f63c9c9b989999a59f6e2639a865ec361e9db054db0679a8f341c2?s=96&d=mm&r=g","url":"https:\/\/secure.gravatar.com\/avatar\/ecb9cd41f5f63c9c9b989999a59f6e2639a865ec361e9db054db0679a8f341c2?s=96&d=mm&r=g","contentUrl":"https:\/\/secure.gravatar.com\/avatar\/ecb9cd41f5f63c9c9b989999a59f6e2639a865ec361e9db054db0679a8f341c2?s=96&d=mm&r=g","caption":"admin"},"sameAs":["https:\/\/www.lovendal.ro\/wp52"]}]}},"_links":{"self":[{"href":"https:\/\/www.lovendal.ro\/wp52\/wp-json\/wp\/v2\/posts\/15118","targetHints":{"allow":["GET"]}}],"collection":[{"href":"https:\/\/www.lovendal.ro\/wp52\/wp-json\/wp\/v2\/posts"}],"about":[{"href":"https:\/\/www.lovendal.ro\/wp52\/wp-json\/wp\/v2\/types\/post"}],"author":[{"embeddable":true,"href":"https:\/\/www.lovendal.ro\/wp52\/wp-json\/wp\/v2\/users\/1"}],"replies":[{"embeddable":true,"href":"https:\/\/www.lovendal.ro\/wp52\/wp-json\/wp\/v2\/comments?post=15118"}],"version-history":[{"count":0,"href":"https:\/\/www.lovendal.ro\/wp52\/wp-json\/wp\/v2\/posts\/15118\/revisions"}],"wp:featuredmedia":[{"embeddable":true,"href":"https:\/\/www.lovendal.ro\/wp52\/wp-json\/wp\/v2\/media\/15123"}],"wp:attachment":[{"href":"https:\/\/www.lovendal.ro\/wp52\/wp-json\/wp\/v2\/media?parent=15118"}],"wp:term":[{"taxonomy":"category","embeddable":true,"href":"https:\/\/www.lovendal.ro\/wp52\/wp-json\/wp\/v2\/categories?post=15118"},{"taxonomy":"post_tag","embeddable":true,"href":"https:\/\/www.lovendal.ro\/wp52\/wp-json\/wp\/v2\/tags?post=15118"}],"curies":[{"name":"wp","href":"https:\/\/api.w.org\/{rel}","templated":true}]}}