{"id":14528,"date":"2010-09-29T21:37:34","date_gmt":"2010-09-29T18:37:34","guid":{"rendered":"http:\/\/www.lovendal.net\/wp52\/?p=14528"},"modified":"2017-04-21T13:24:32","modified_gmt":"2017-04-21T10:24:32","slug":"logica-cu-daca-cine-i-vinovat-pentru-sinuciderea-unui-tanar-indragostit","status":"publish","type":"post","link":"https:\/\/www.lovendal.ro\/wp52\/logica-cu-daca-cine-i-vinovat-pentru-sinuciderea-unui-tanar-indragostit\/","title":{"rendered":"Logica cu &#8222;dac\u0103&#8221;&#8230;cine-i vinovat pentru sinuciderea unui t\u00e2n\u0103r \u00eendr\u0103gostit?"},"content":{"rendered":"<p><a href=\"https:\/\/www.lovendal.ro\/wp52\/wp-content\/uploads\/2010\/09\/sinucidere-din-dragoste.jpg\"><img loading=\"lazy\" decoding=\"async\" class=\"alignleft size-full wp-image-49786\" src=\"https:\/\/www.lovendal.ro\/wp52\/wp-content\/uploads\/2010\/09\/sinucidere-din-dragoste.jpg\" alt=\"\" width=\"331\" height=\"249\" srcset=\"https:\/\/www.lovendal.ro\/wp52\/wp-content\/uploads\/2010\/09\/sinucidere-din-dragoste.jpg 331w, https:\/\/www.lovendal.ro\/wp52\/wp-content\/uploads\/2010\/09\/sinucidere-din-dragoste-300x226.jpg 300w\" sizes=\"auto, (max-width: 331px) 100vw, 331px\" \/><\/a>Urm\u0103toarea \u00eent\u00e2mplare a avut loc \u00een Turcia, prin secolul al XIX-lea. La aceast\u0103 poveste este interesant\u0103 abordarea &#8222;logic\u0103&#8221; a poli\u0163iei turce.<\/p>\n<p>A\u015fadar, un t\u00e2n\u0103r se \u00eendr\u0103goste\u015fte enorm de o t\u00e2n\u0103r\u0103 fat\u0103 frumoas\u0103. El \u00eei cere m\u00e2na, dar fata \u00eel respinge. A\u015fa c\u0103 t\u00e2n\u0103rul, disperat, se otr\u0103vi \u015fi muri.<\/p>\n<p>Poli\u0163ia turc\u0103 \u00eel g\u0103si vinovat pe&#8230;tat\u0103l fetei! Din urm\u0103toarea logic\u0103: dac\u0103 acuzatul (adic\u0103 tat\u0103l fetei) n-ar fi n\u0103scut-o pe aceast\u0103 fat\u0103, atunci t\u00e2n\u0103rul nu s-ar fi \u00eendr\u0103gostit. Dac\u0103 nu s-ar fi \u00eendr\u0103gostit, el nu ar mai fi fost dezam\u0103git \u00een dragoste, \u015fi astfel n-ar mai fi \u00eenghi\u0163it otrav\u0103, \u015fi \u00een consecin\u0163\u0103, el n-ar mai fi murit. Dar acuzatul a avut aceast\u0103 fat\u0103 frumoas\u0103, a\u015fa c\u0103 t\u00e2n\u0103rul a murit.<\/p>\n<p>&#8222;Frumoas\u0103 logic\u0103&#8221;. Nu pu\u0163ini oameni folosesc \u015fi \u00een ziua de azi o logic\u0103 asem\u0103n\u0103toare&#8230;<\/p>\n","protected":false},"excerpt":{"rendered":"<p>Urm\u0103toarea \u00eent\u00e2mplare a avut loc \u00een Turcia, prin secolul al XIX-lea. La aceast\u0103 poveste este interesant\u0103 abordarea &#8222;logic\u0103&#8221; a poli\u0163iei turce. A\u015fadar, un t\u00e2n\u0103r se \u00eendr\u0103goste\u015fte enorm de o t\u00e2n\u0103r\u0103 fat\u0103 frumoas\u0103. El \u00eei cere m\u00e2na, dar fata \u00eel respinge. &#8230; <\/p>\n<p class=\"read-more-container\"><a title=\"Logica cu &#8222;dac\u0103&#8221;&#8230;cine-i vinovat pentru sinuciderea unui t\u00e2n\u0103r \u00eendr\u0103gostit?\" class=\"read-more button\" href=\"https:\/\/www.lovendal.ro\/wp52\/logica-cu-daca-cine-i-vinovat-pentru-sinuciderea-unui-tanar-indragostit\/#more-14528\" aria-label=\"Cite\u0219te mai multe despre Logica cu &#8222;dac\u0103&#8221;&#8230;cine-i vinovat pentru sinuciderea unui t\u00e2n\u0103r \u00eendr\u0103gostit?\">Cititi mai multe<\/a><\/p>\n","protected":false},"author":1,"featured_media":49786,"comment_status":"open","ping_status":"closed","sticky":false,"template":"","format":"standard","meta":{"footnotes":""},"categories":[91],"tags":[2248,387,2858,9801,31,681],"class_list":["post-14528","post","type-post","status-publish","format-standard","has-post-thumbnail","hentry","category-monden","tag-baiat","tag-dragoste","tag-fata","tag-monden","tag-otrava","tag-sinucidere","resize-featured-image"],"yoast_head":"<!-- This site is optimized with the Yoast SEO Premium plugin v23.3 (Yoast SEO v27.4) - https:\/\/yoast.com\/product\/yoast-seo-premium-wordpress\/ -->\n<title>Logica cu &quot;dac\u0103&quot;...cine-i vinovat pentru sinuciderea unui t\u00e2n\u0103r \u00eendr\u0103gostit? - Secretele lui Lovendal<\/title>\n<meta name=\"robots\" content=\"index, follow, max-snippet:-1, max-image-preview:large, max-video-preview:-1\" \/>\n<link rel=\"canonical\" href=\"https:\/\/www.lovendal.ro\/wp52\/logica-cu-daca-cine-i-vinovat-pentru-sinuciderea-unui-tanar-indragostit\/\" \/>\n<meta property=\"og:locale\" content=\"ro_RO\" \/>\n<meta property=\"og:type\" content=\"article\" \/>\n<meta property=\"og:title\" content=\"Logica cu &quot;dac\u0103&quot;...cine-i vinovat pentru sinuciderea unui t\u00e2n\u0103r \u00eendr\u0103gostit?\" \/>\n<meta property=\"og:description\" content=\"Urm\u0103toarea \u00eent\u00e2mplare a avut loc \u00een Turcia, prin secolul al XIX-lea. La aceast\u0103 poveste este interesant\u0103 abordarea &#8222;logic\u0103&#8221; a poli\u0163iei turce. A\u015fadar, un t\u00e2n\u0103r se \u00eendr\u0103goste\u015fte enorm de o t\u00e2n\u0103r\u0103 fat\u0103 frumoas\u0103. El \u00eei cere m\u00e2na, dar fata \u00eel respinge. ... Cititi mai multe\" \/>\n<meta property=\"og:url\" content=\"https:\/\/www.lovendal.ro\/wp52\/logica-cu-daca-cine-i-vinovat-pentru-sinuciderea-unui-tanar-indragostit\/\" \/>\n<meta property=\"og:site_name\" content=\"Secretele lui Lovendal\" \/>\n<meta property=\"article:publisher\" content=\"https:\/\/www.facebook.com\/secreteleluilovendal\" \/>\n<meta property=\"article:published_time\" content=\"2010-09-29T18:37:34+00:00\" \/>\n<meta property=\"article:modified_time\" content=\"2017-04-21T10:24:32+00:00\" \/>\n<meta property=\"og:image\" content=\"https:\/\/www.lovendal.ro\/wp52\/wp-content\/uploads\/2010\/09\/sinucidere-din-dragoste.jpg\" \/>\n\t<meta property=\"og:image:width\" content=\"331\" \/>\n\t<meta property=\"og:image:height\" content=\"249\" \/>\n\t<meta property=\"og:image:type\" content=\"image\/jpeg\" \/>\n<meta name=\"author\" content=\"admin\" \/>\n<meta name=\"twitter:card\" content=\"summary_large_image\" \/>\n<meta name=\"twitter:label1\" content=\"Scris de\" \/>\n\t<meta name=\"twitter:data1\" content=\"admin\" \/>\n\t<meta name=\"twitter:label2\" content=\"Timp estimat pentru citire\" \/>\n\t<meta name=\"twitter:data2\" content=\"1 minut\" \/>\n<script type=\"application\/ld+json\" class=\"yoast-schema-graph\">{\"@context\":\"https:\\\/\\\/schema.org\",\"@graph\":[{\"@type\":\"Article\",\"@id\":\"https:\\\/\\\/www.lovendal.ro\\\/wp52\\\/logica-cu-daca-cine-i-vinovat-pentru-sinuciderea-unui-tanar-indragostit\\\/#article\",\"isPartOf\":{\"@id\":\"https:\\\/\\\/www.lovendal.ro\\\/wp52\\\/logica-cu-daca-cine-i-vinovat-pentru-sinuciderea-unui-tanar-indragostit\\\/\"},\"author\":{\"name\":\"admin\",\"@id\":\"https:\\\/\\\/www.lovendal.ro\\\/wp52\\\/#\\\/schema\\\/person\\\/088691de5dfc346bb0c023e1e52ef5d9\"},\"headline\":\"Logica cu &#8222;dac\u0103&#8221;&#8230;cine-i vinovat pentru sinuciderea unui t\u00e2n\u0103r \u00eendr\u0103gostit?\",\"datePublished\":\"2010-09-29T18:37:34+00:00\",\"dateModified\":\"2017-04-21T10:24:32+00:00\",\"mainEntityOfPage\":{\"@id\":\"https:\\\/\\\/www.lovendal.ro\\\/wp52\\\/logica-cu-daca-cine-i-vinovat-pentru-sinuciderea-unui-tanar-indragostit\\\/\"},\"wordCount\":177,\"commentCount\":9,\"publisher\":{\"@id\":\"https:\\\/\\\/www.lovendal.ro\\\/wp52\\\/#organization\"},\"image\":{\"@id\":\"https:\\\/\\\/www.lovendal.ro\\\/wp52\\\/logica-cu-daca-cine-i-vinovat-pentru-sinuciderea-unui-tanar-indragostit\\\/#primaryimage\"},\"thumbnailUrl\":\"https:\\\/\\\/www.lovendal.ro\\\/wp52\\\/wp-content\\\/uploads\\\/2010\\\/09\\\/sinucidere-din-dragoste.jpg\",\"keywords\":[\"b\u0103iat\",\"dragoste\",\"fat\u0103\",\"Monden si Divertisment\",\"otrav\u0103\",\"sinucidere\"],\"articleSection\":[\"Monden si Divertisment\"],\"inLanguage\":\"ro-RO\",\"potentialAction\":[{\"@type\":\"CommentAction\",\"name\":\"Comment\",\"target\":[\"https:\\\/\\\/www.lovendal.ro\\\/wp52\\\/logica-cu-daca-cine-i-vinovat-pentru-sinuciderea-unui-tanar-indragostit\\\/#respond\"]}]},{\"@type\":\"WebPage\",\"@id\":\"https:\\\/\\\/www.lovendal.ro\\\/wp52\\\/logica-cu-daca-cine-i-vinovat-pentru-sinuciderea-unui-tanar-indragostit\\\/\",\"url\":\"https:\\\/\\\/www.lovendal.ro\\\/wp52\\\/logica-cu-daca-cine-i-vinovat-pentru-sinuciderea-unui-tanar-indragostit\\\/\",\"name\":\"Logica cu \\\"dac\u0103\\\"...cine-i vinovat pentru sinuciderea unui t\u00e2n\u0103r \u00eendr\u0103gostit? - Secretele lui Lovendal\",\"isPartOf\":{\"@id\":\"https:\\\/\\\/www.lovendal.ro\\\/wp52\\\/#website\"},\"primaryImageOfPage\":{\"@id\":\"https:\\\/\\\/www.lovendal.ro\\\/wp52\\\/logica-cu-daca-cine-i-vinovat-pentru-sinuciderea-unui-tanar-indragostit\\\/#primaryimage\"},\"image\":{\"@id\":\"https:\\\/\\\/www.lovendal.ro\\\/wp52\\\/logica-cu-daca-cine-i-vinovat-pentru-sinuciderea-unui-tanar-indragostit\\\/#primaryimage\"},\"thumbnailUrl\":\"https:\\\/\\\/www.lovendal.ro\\\/wp52\\\/wp-content\\\/uploads\\\/2010\\\/09\\\/sinucidere-din-dragoste.jpg\",\"datePublished\":\"2010-09-29T18:37:34+00:00\",\"dateModified\":\"2017-04-21T10:24:32+00:00\",\"breadcrumb\":{\"@id\":\"https:\\\/\\\/www.lovendal.ro\\\/wp52\\\/logica-cu-daca-cine-i-vinovat-pentru-sinuciderea-unui-tanar-indragostit\\\/#breadcrumb\"},\"inLanguage\":\"ro-RO\",\"potentialAction\":[{\"@type\":\"ReadAction\",\"target\":[\"https:\\\/\\\/www.lovendal.ro\\\/wp52\\\/logica-cu-daca-cine-i-vinovat-pentru-sinuciderea-unui-tanar-indragostit\\\/\"]}]},{\"@type\":\"ImageObject\",\"inLanguage\":\"ro-RO\",\"@id\":\"https:\\\/\\\/www.lovendal.ro\\\/wp52\\\/logica-cu-daca-cine-i-vinovat-pentru-sinuciderea-unui-tanar-indragostit\\\/#primaryimage\",\"url\":\"https:\\\/\\\/www.lovendal.ro\\\/wp52\\\/wp-content\\\/uploads\\\/2010\\\/09\\\/sinucidere-din-dragoste.jpg\",\"contentUrl\":\"https:\\\/\\\/www.lovendal.ro\\\/wp52\\\/wp-content\\\/uploads\\\/2010\\\/09\\\/sinucidere-din-dragoste.jpg\",\"width\":331,\"height\":249},{\"@type\":\"BreadcrumbList\",\"@id\":\"https:\\\/\\\/www.lovendal.ro\\\/wp52\\\/logica-cu-daca-cine-i-vinovat-pentru-sinuciderea-unui-tanar-indragostit\\\/#breadcrumb\",\"itemListElement\":[{\"@type\":\"ListItem\",\"position\":1,\"name\":\"Home\",\"item\":\"https:\\\/\\\/www.lovendal.ro\\\/wp52\\\/\"},{\"@type\":\"ListItem\",\"position\":2,\"name\":\"Logica cu &#8222;dac\u0103&#8221;&#8230;cine-i vinovat pentru sinuciderea unui t\u00e2n\u0103r \u00eendr\u0103gostit?\"}]},{\"@type\":\"WebSite\",\"@id\":\"https:\\\/\\\/www.lovendal.ro\\\/wp52\\\/#website\",\"url\":\"https:\\\/\\\/www.lovendal.ro\\\/wp52\\\/\",\"name\":\"Secretele lui Lovendal\",\"description\":\"Site de secrete, stiinta si metafizica - din 2008 -\",\"publisher\":{\"@id\":\"https:\\\/\\\/www.lovendal.ro\\\/wp52\\\/#organization\"},\"potentialAction\":[{\"@type\":\"SearchAction\",\"target\":{\"@type\":\"EntryPoint\",\"urlTemplate\":\"https:\\\/\\\/www.lovendal.ro\\\/wp52\\\/?s={search_term_string}\"},\"query-input\":{\"@type\":\"PropertyValueSpecification\",\"valueRequired\":true,\"valueName\":\"search_term_string\"}}],\"inLanguage\":\"ro-RO\"},{\"@type\":\"Organization\",\"@id\":\"https:\\\/\\\/www.lovendal.ro\\\/wp52\\\/#organization\",\"name\":\"Secretele lui Lovendal\",\"url\":\"https:\\\/\\\/www.lovendal.ro\\\/wp52\\\/\",\"logo\":{\"@type\":\"ImageObject\",\"inLanguage\":\"ro-RO\",\"@id\":\"https:\\\/\\\/www.lovendal.ro\\\/wp52\\\/#\\\/schema\\\/logo\\\/image\\\/\",\"url\":\"https:\\\/\\\/www.lovendal.ro\\\/wp52\\\/wp-content\\\/uploads\\\/2024\\\/06\\\/cropped-SLL-iun-2024-1.jpg\",\"contentUrl\":\"https:\\\/\\\/www.lovendal.ro\\\/wp52\\\/wp-content\\\/uploads\\\/2024\\\/06\\\/cropped-SLL-iun-2024-1.jpg\",\"width\":771,\"height\":240,\"caption\":\"Secretele lui Lovendal\"},\"image\":{\"@id\":\"https:\\\/\\\/www.lovendal.ro\\\/wp52\\\/#\\\/schema\\\/logo\\\/image\\\/\"},\"sameAs\":[\"https:\\\/\\\/www.facebook.com\\\/secreteleluilovendal\"]},{\"@type\":\"Person\",\"@id\":\"https:\\\/\\\/www.lovendal.ro\\\/wp52\\\/#\\\/schema\\\/person\\\/088691de5dfc346bb0c023e1e52ef5d9\",\"name\":\"admin\",\"image\":{\"@type\":\"ImageObject\",\"inLanguage\":\"ro-RO\",\"@id\":\"https:\\\/\\\/secure.gravatar.com\\\/avatar\\\/ecb9cd41f5f63c9c9b989999a59f6e2639a865ec361e9db054db0679a8f341c2?s=96&d=mm&r=g\",\"url\":\"https:\\\/\\\/secure.gravatar.com\\\/avatar\\\/ecb9cd41f5f63c9c9b989999a59f6e2639a865ec361e9db054db0679a8f341c2?s=96&d=mm&r=g\",\"contentUrl\":\"https:\\\/\\\/secure.gravatar.com\\\/avatar\\\/ecb9cd41f5f63c9c9b989999a59f6e2639a865ec361e9db054db0679a8f341c2?s=96&d=mm&r=g\",\"caption\":\"admin\"},\"sameAs\":[\"https:\\\/\\\/www.lovendal.ro\\\/wp52\"]}]}<\/script>\n<!-- \/ Yoast SEO Premium plugin. -->","yoast_head_json":{"title":"Logica cu \"dac\u0103\"...cine-i vinovat pentru sinuciderea unui t\u00e2n\u0103r \u00eendr\u0103gostit? - Secretele lui Lovendal","robots":{"index":"index","follow":"follow","max-snippet":"max-snippet:-1","max-image-preview":"max-image-preview:large","max-video-preview":"max-video-preview:-1"},"canonical":"https:\/\/www.lovendal.ro\/wp52\/logica-cu-daca-cine-i-vinovat-pentru-sinuciderea-unui-tanar-indragostit\/","og_locale":"ro_RO","og_type":"article","og_title":"Logica cu \"dac\u0103\"...cine-i vinovat pentru sinuciderea unui t\u00e2n\u0103r \u00eendr\u0103gostit?","og_description":"Urm\u0103toarea \u00eent\u00e2mplare a avut loc \u00een Turcia, prin secolul al XIX-lea. La aceast\u0103 poveste este interesant\u0103 abordarea &#8222;logic\u0103&#8221; a poli\u0163iei turce. A\u015fadar, un t\u00e2n\u0103r se \u00eendr\u0103goste\u015fte enorm de o t\u00e2n\u0103r\u0103 fat\u0103 frumoas\u0103. El \u00eei cere m\u00e2na, dar fata \u00eel respinge. ... Cititi mai multe","og_url":"https:\/\/www.lovendal.ro\/wp52\/logica-cu-daca-cine-i-vinovat-pentru-sinuciderea-unui-tanar-indragostit\/","og_site_name":"Secretele lui Lovendal","article_publisher":"https:\/\/www.facebook.com\/secreteleluilovendal","article_published_time":"2010-09-29T18:37:34+00:00","article_modified_time":"2017-04-21T10:24:32+00:00","og_image":[{"width":331,"height":249,"url":"https:\/\/www.lovendal.ro\/wp52\/wp-content\/uploads\/2010\/09\/sinucidere-din-dragoste.jpg","type":"image\/jpeg"}],"author":"admin","twitter_card":"summary_large_image","twitter_misc":{"Scris de":"admin","Timp estimat pentru citire":"1 minut"},"schema":{"@context":"https:\/\/schema.org","@graph":[{"@type":"Article","@id":"https:\/\/www.lovendal.ro\/wp52\/logica-cu-daca-cine-i-vinovat-pentru-sinuciderea-unui-tanar-indragostit\/#article","isPartOf":{"@id":"https:\/\/www.lovendal.ro\/wp52\/logica-cu-daca-cine-i-vinovat-pentru-sinuciderea-unui-tanar-indragostit\/"},"author":{"name":"admin","@id":"https:\/\/www.lovendal.ro\/wp52\/#\/schema\/person\/088691de5dfc346bb0c023e1e52ef5d9"},"headline":"Logica cu &#8222;dac\u0103&#8221;&#8230;cine-i vinovat pentru sinuciderea unui t\u00e2n\u0103r \u00eendr\u0103gostit?","datePublished":"2010-09-29T18:37:34+00:00","dateModified":"2017-04-21T10:24:32+00:00","mainEntityOfPage":{"@id":"https:\/\/www.lovendal.ro\/wp52\/logica-cu-daca-cine-i-vinovat-pentru-sinuciderea-unui-tanar-indragostit\/"},"wordCount":177,"commentCount":9,"publisher":{"@id":"https:\/\/www.lovendal.ro\/wp52\/#organization"},"image":{"@id":"https:\/\/www.lovendal.ro\/wp52\/logica-cu-daca-cine-i-vinovat-pentru-sinuciderea-unui-tanar-indragostit\/#primaryimage"},"thumbnailUrl":"https:\/\/www.lovendal.ro\/wp52\/wp-content\/uploads\/2010\/09\/sinucidere-din-dragoste.jpg","keywords":["b\u0103iat","dragoste","fat\u0103","Monden si Divertisment","otrav\u0103","sinucidere"],"articleSection":["Monden si Divertisment"],"inLanguage":"ro-RO","potentialAction":[{"@type":"CommentAction","name":"Comment","target":["https:\/\/www.lovendal.ro\/wp52\/logica-cu-daca-cine-i-vinovat-pentru-sinuciderea-unui-tanar-indragostit\/#respond"]}]},{"@type":"WebPage","@id":"https:\/\/www.lovendal.ro\/wp52\/logica-cu-daca-cine-i-vinovat-pentru-sinuciderea-unui-tanar-indragostit\/","url":"https:\/\/www.lovendal.ro\/wp52\/logica-cu-daca-cine-i-vinovat-pentru-sinuciderea-unui-tanar-indragostit\/","name":"Logica cu \"dac\u0103\"...cine-i vinovat pentru sinuciderea unui t\u00e2n\u0103r \u00eendr\u0103gostit? - Secretele lui Lovendal","isPartOf":{"@id":"https:\/\/www.lovendal.ro\/wp52\/#website"},"primaryImageOfPage":{"@id":"https:\/\/www.lovendal.ro\/wp52\/logica-cu-daca-cine-i-vinovat-pentru-sinuciderea-unui-tanar-indragostit\/#primaryimage"},"image":{"@id":"https:\/\/www.lovendal.ro\/wp52\/logica-cu-daca-cine-i-vinovat-pentru-sinuciderea-unui-tanar-indragostit\/#primaryimage"},"thumbnailUrl":"https:\/\/www.lovendal.ro\/wp52\/wp-content\/uploads\/2010\/09\/sinucidere-din-dragoste.jpg","datePublished":"2010-09-29T18:37:34+00:00","dateModified":"2017-04-21T10:24:32+00:00","breadcrumb":{"@id":"https:\/\/www.lovendal.ro\/wp52\/logica-cu-daca-cine-i-vinovat-pentru-sinuciderea-unui-tanar-indragostit\/#breadcrumb"},"inLanguage":"ro-RO","potentialAction":[{"@type":"ReadAction","target":["https:\/\/www.lovendal.ro\/wp52\/logica-cu-daca-cine-i-vinovat-pentru-sinuciderea-unui-tanar-indragostit\/"]}]},{"@type":"ImageObject","inLanguage":"ro-RO","@id":"https:\/\/www.lovendal.ro\/wp52\/logica-cu-daca-cine-i-vinovat-pentru-sinuciderea-unui-tanar-indragostit\/#primaryimage","url":"https:\/\/www.lovendal.ro\/wp52\/wp-content\/uploads\/2010\/09\/sinucidere-din-dragoste.jpg","contentUrl":"https:\/\/www.lovendal.ro\/wp52\/wp-content\/uploads\/2010\/09\/sinucidere-din-dragoste.jpg","width":331,"height":249},{"@type":"BreadcrumbList","@id":"https:\/\/www.lovendal.ro\/wp52\/logica-cu-daca-cine-i-vinovat-pentru-sinuciderea-unui-tanar-indragostit\/#breadcrumb","itemListElement":[{"@type":"ListItem","position":1,"name":"Home","item":"https:\/\/www.lovendal.ro\/wp52\/"},{"@type":"ListItem","position":2,"name":"Logica cu &#8222;dac\u0103&#8221;&#8230;cine-i vinovat pentru sinuciderea unui t\u00e2n\u0103r \u00eendr\u0103gostit?"}]},{"@type":"WebSite","@id":"https:\/\/www.lovendal.ro\/wp52\/#website","url":"https:\/\/www.lovendal.ro\/wp52\/","name":"Secretele lui Lovendal","description":"Site de secrete, stiinta si metafizica - din 2008 -","publisher":{"@id":"https:\/\/www.lovendal.ro\/wp52\/#organization"},"potentialAction":[{"@type":"SearchAction","target":{"@type":"EntryPoint","urlTemplate":"https:\/\/www.lovendal.ro\/wp52\/?s={search_term_string}"},"query-input":{"@type":"PropertyValueSpecification","valueRequired":true,"valueName":"search_term_string"}}],"inLanguage":"ro-RO"},{"@type":"Organization","@id":"https:\/\/www.lovendal.ro\/wp52\/#organization","name":"Secretele lui Lovendal","url":"https:\/\/www.lovendal.ro\/wp52\/","logo":{"@type":"ImageObject","inLanguage":"ro-RO","@id":"https:\/\/www.lovendal.ro\/wp52\/#\/schema\/logo\/image\/","url":"https:\/\/www.lovendal.ro\/wp52\/wp-content\/uploads\/2024\/06\/cropped-SLL-iun-2024-1.jpg","contentUrl":"https:\/\/www.lovendal.ro\/wp52\/wp-content\/uploads\/2024\/06\/cropped-SLL-iun-2024-1.jpg","width":771,"height":240,"caption":"Secretele lui Lovendal"},"image":{"@id":"https:\/\/www.lovendal.ro\/wp52\/#\/schema\/logo\/image\/"},"sameAs":["https:\/\/www.facebook.com\/secreteleluilovendal"]},{"@type":"Person","@id":"https:\/\/www.lovendal.ro\/wp52\/#\/schema\/person\/088691de5dfc346bb0c023e1e52ef5d9","name":"admin","image":{"@type":"ImageObject","inLanguage":"ro-RO","@id":"https:\/\/secure.gravatar.com\/avatar\/ecb9cd41f5f63c9c9b989999a59f6e2639a865ec361e9db054db0679a8f341c2?s=96&d=mm&r=g","url":"https:\/\/secure.gravatar.com\/avatar\/ecb9cd41f5f63c9c9b989999a59f6e2639a865ec361e9db054db0679a8f341c2?s=96&d=mm&r=g","contentUrl":"https:\/\/secure.gravatar.com\/avatar\/ecb9cd41f5f63c9c9b989999a59f6e2639a865ec361e9db054db0679a8f341c2?s=96&d=mm&r=g","caption":"admin"},"sameAs":["https:\/\/www.lovendal.ro\/wp52"]}]}},"_links":{"self":[{"href":"https:\/\/www.lovendal.ro\/wp52\/wp-json\/wp\/v2\/posts\/14528","targetHints":{"allow":["GET"]}}],"collection":[{"href":"https:\/\/www.lovendal.ro\/wp52\/wp-json\/wp\/v2\/posts"}],"about":[{"href":"https:\/\/www.lovendal.ro\/wp52\/wp-json\/wp\/v2\/types\/post"}],"author":[{"embeddable":true,"href":"https:\/\/www.lovendal.ro\/wp52\/wp-json\/wp\/v2\/users\/1"}],"replies":[{"embeddable":true,"href":"https:\/\/www.lovendal.ro\/wp52\/wp-json\/wp\/v2\/comments?post=14528"}],"version-history":[{"count":0,"href":"https:\/\/www.lovendal.ro\/wp52\/wp-json\/wp\/v2\/posts\/14528\/revisions"}],"wp:featuredmedia":[{"embeddable":true,"href":"https:\/\/www.lovendal.ro\/wp52\/wp-json\/wp\/v2\/media\/49786"}],"wp:attachment":[{"href":"https:\/\/www.lovendal.ro\/wp52\/wp-json\/wp\/v2\/media?parent=14528"}],"wp:term":[{"taxonomy":"category","embeddable":true,"href":"https:\/\/www.lovendal.ro\/wp52\/wp-json\/wp\/v2\/categories?post=14528"},{"taxonomy":"post_tag","embeddable":true,"href":"https:\/\/www.lovendal.ro\/wp52\/wp-json\/wp\/v2\/tags?post=14528"}],"curies":[{"name":"wp","href":"https:\/\/api.w.org\/{rel}","templated":true}]}}