{"id":14508,"date":"2010-09-28T21:59:06","date_gmt":"2010-09-28T18:59:06","guid":{"rendered":"http:\/\/www.lovendal.net\/wp52\/?p=14508"},"modified":"2010-10-01T22:20:07","modified_gmt":"2010-10-01T19:20:07","slug":"asasinarea-papei-ioan-paul-i-opera-diavolilor-de-pe-culoarele-vaticanului","status":"publish","type":"post","link":"https:\/\/www.lovendal.ro\/wp52\/asasinarea-papei-ioan-paul-i-opera-diavolilor-de-pe-culoarele-vaticanului\/","title":{"rendered":"Asasinarea papei Ioan Paul I, opera &#8222;diavolilor&#8221; de pe culoarele Vaticanului"},"content":{"rendered":"<p><a href=\"https:\/\/www.lovendal.ro\/wp52\/wp-content\/uploads\/2010\/09\/Ioan-Paul-I-3.jpg\"><img loading=\"lazy\" decoding=\"async\" class=\"alignleft size-full wp-image-14512\" title=\"Ioan Paul I 3\" src=\"https:\/\/www.lovendal.ro\/wp52\/wp-content\/uploads\/2010\/09\/Ioan-Paul-I-3.jpg\" alt=\"Ioan Paul I 3\" width=\"314\" height=\"289\" srcset=\"https:\/\/www.lovendal.ro\/wp52\/wp-content\/uploads\/2010\/09\/Ioan-Paul-I-3.jpg 314w, https:\/\/www.lovendal.ro\/wp52\/wp-content\/uploads\/2010\/09\/Ioan-Paul-I-3-300x276.jpg 300w\" sizes=\"auto, (max-width: 314px) 100vw, 314px\" \/><\/a>\u00cen calitate de lider spiritual al popula\u0163iei catolice estimat\u0103 la circa 800 milioane de oameni, \u00een \u00eentreaga lume, Papa nu prea poate fi considerat o persoan\u0103 izolat\u0103. \u00cens\u0103, Alberto Luciani, Papa loan Paul I, care a p\u0103storit pe cei 800 de milioane de credincio\u015fi doar timp de 33 de zile, a murit complet singur, \u00eentr-o noapte din toamna anului 1978.<\/p>\n<p><strong>Papa Ioan Paul I vroia s\u0103 reformeze Banca Vaticanului<\/strong><\/p>\n<p>David Yallop, un ziarist de investiga\u0163i englez, a elaborat un scenariu potrivit c\u0103ruia Papa ar fi fost otr\u0103vit. Cartea lui, <em>In Cod&#8217;s Name (\u00cen numele Domnului)<\/em>, sus\u0163ine c\u0103, \u00een pofida timpului scurt c\u00e2t a fost pap\u0103, Luciani era \u00eenclinat spre reforme. Pe primele locuri ale listei de priorit\u0103\u0163i a lui Luciani cu privire la lucrurile care trebuie \u00eendreptate: Banca Vaticanului \u015fi institu\u0163iile financiare biserice\u015fti adiacente &#8211; un adev\u0103rat Imperiu Roman.<\/p>\n<p>La vremea c\u00e2nd Luciani a preluat pontificatul dup\u0103 Giovanni Montini, Papa Paul al VI-lea, Banca Vaticanului se transformase \u00eentr-o hidr\u0103 a marilor finan\u0163e multina\u0163ionale, ajung\u00e2nd \u015fi \u00een zone foarte pu\u0163in probabil s\u0103 fi fost frecventate de Sf\u00e2ntul Spirit. Aceast\u0103 transformare \u00eencepuse cu cinci decenii mai \u00eenainte, c\u00e2nd Vaticanul a \u00eencheiat o afacere b\u0103noas\u0103 cu guvernul fascist al lui Benito Mussolini, care a fost urmat\u0103 de un pact similar cu Hitler.<\/p>\n<figure id=\"attachment_14511\" aria-describedby=\"caption-attachment-14511\" style=\"width: 183px\" class=\"wp-caption alignleft\"><a href=\"https:\/\/www.lovendal.ro\/wp52\/wp-content\/uploads\/2010\/09\/Ioan-Paul-I-1.jpg\"><img loading=\"lazy\" decoding=\"async\" class=\"size-full wp-image-14511\" title=\"Ioan Paul I 1\" src=\"https:\/\/www.lovendal.ro\/wp52\/wp-content\/uploads\/2010\/09\/Ioan-Paul-I-1.jpg\" alt=\"Papa Ioan Paul I, pe coperta revistei Time\" width=\"193\" height=\"254\" \/><\/a><figcaption id=\"caption-attachment-14511\" class=\"wp-caption-text\">Papa Ioan Paul I, pe coperta revistei Time<\/figcaption><\/figure>\n<p>Luciani dorea nici mai mult nici mai pu\u0163in dec\u00e2t s\u0103 elimine ceea ce s-a \u0163esut \u00een cei 50 de ani anteriori de istorie. Vorbind \u00een fa\u0163a corpului diplomatic la Vatican, primele sale cuvinte oficiale \u00een calitatea de Pap\u0103 &#8211; chiar \u00eenainte de Mesa sa inaugural\u0103 &#8211; au fost: <em>\u201eNu avem niciun fel de bunuri temporale de oferit, niciun fel de interese economice de discutat.&#8221;<\/em><\/p>\n<p>Nu era chiar o declara\u0163ie la care te a\u015fteptai din partea mo\u015ftenitorului unui conglomerat de institu\u0163ii bancare \u015fi averi imobiliare a c\u0103ror valoare combinat\u0103 ajungea la 3 miliarde dolari; o for\u0163\u0103 at\u00e2t de cov\u00e2r\u015fitoare \u00eenc\u00e2t cu un deceniu mai \u00eenainte aproape c\u0103 a distrus economia italian\u0103. Atunci c\u00e2nd guvernul italian a avut tupeul s\u0103 cear\u0103 s\u0103 fie pl\u0103tite ceva taxe la voluminosul portofoliu de ac\u0163iuni al Vaticanului, Sf\u00e2ntul Scaun amenin\u0163ase c\u0103 \u00ee\u015fi va arunca toate bunurile la Bursa de Valori a Italiei, o ac\u0163iune care ar fi dus la strangularea economiei italiene. Vatican SA a r\u0103mas scutit\u0103 de taxe.<\/p>\n<p><strong>\u00ce\u015fi bag\u0103 coada \u015fi organiza\u0163ia masonic\u0103 Propaganda 2<\/strong><\/p>\n<p>Poate c\u0103 cea mai nepl\u0103cut\u0103 dintre afilierile nepotrivite ale B\u0103ncii Vaticanului a fost leg\u0103tura cu tenebroasa Propaganda 2 (P2), organiza\u0163ie misterioas\u0103 care constituia o combina\u0163ie \u00eentre o Loj\u0103 Masonic\u0103 \u015fi un sindicat al crimei, cu membri din cercurile cele mai \u00eenalte ale guvernului, Mafiei \u015fi Vaticanului \u00eensu\u015fi (vezi mai multe detalii despre aceast\u0103 organiza\u0163ie \u00een articolul: <a href=\"https:\/\/www.lovendal.ro\/wp52\/misterioasa-loja-masonica-propaganda-2-un-exemplu-de-terorism-de-stat\/\" target=\"_blank\"><strong>https:\/\/www.lovendal.ro\/wp52\/misterioasa-loja-masonica-propaganda-2-un-exemplu-de-terorism-de-stat\/<\/strong><\/a>).<\/p>\n<p>Deloc \u00eent\u00e2mpl\u0103tor, P2 a fost, de asemenea, o forma\u0163iune cu tendin\u0163e neofasciste (cel pu\u0163in, finan\u0163i\u015ftii Vaticanului au manifestat asemenea tendin\u0163e clare de-a lungul anilor), r\u0103spunz\u0103toare pentru diferite ac\u0163iuni teroriste, inclusiv de atentatul cu bomb\u0103 dezastruos asupra g\u0103rii din Bologna.<\/p>\n<p>Pentru fondatorul P2, Licio Gelli &#8211; partener de afaceri al lui Klaus Barbie, sus\u0163in\u0103tor financiar al lui Juan Peron, colaborator pl\u0103tit al CIA \u015fi oaspete de onoare al lui Ronald Reagan, la ceremonia de inaugurare a mandatului s\u0103u de pre\u015fedinte, \u00een 1980 &#8211; finan\u0163ele \u015fi fascismul exist\u0103 \u00een simbioz\u0103. Unul din aforismele lui Gelli este c\u0103 <em>\u201eu\u015file tuturor trezoreriilor bancare se deschid spre dreapta&#8221;.<\/em><\/p>\n<p><strong> <\/strong><\/p>\n<figure id=\"attachment_14509\" aria-describedby=\"caption-attachment-14509\" style=\"width: 144px\" class=\"wp-caption alignleft\"><strong><strong><a href=\"https:\/\/www.lovendal.ro\/wp52\/wp-content\/uploads\/2010\/09\/Paul-Marcinkus.jpg\"><img loading=\"lazy\" decoding=\"async\" class=\"size-full wp-image-14509\" title=\"Paul Marcinkus\" src=\"https:\/\/www.lovendal.ro\/wp52\/wp-content\/uploads\/2010\/09\/Paul-Marcinkus.jpg\" alt=\"Paul Marcinkus (1922-2006), presedintele Bancii Vaticanului\" width=\"154\" height=\"206\" \/><\/a><\/strong><\/strong><figcaption id=\"caption-attachment-14509\" class=\"wp-caption-text\">Paul Marcinkus (1922-2006), presedintele Bancii Vaticanului<\/figcaption><\/figure>\n<p><strong>\u015eeful B\u0103ncii Vaticanului, episcopul Paul Marcinkus, face afaceri cu 2 mafio\u0163i<\/strong><\/p>\n<p>Banca Vaticanului era coordonat\u0103 de un episcop american pe nume Paul Marcinkus, care, din motive niciodat\u0103 explicate, se plimba prin zona Vaticanului, chiar \u00een zorii zilei \u00een care Papa a fost g\u0103sit mort. Marcinkus, care nu era cunoscut anterior pentru faptul c\u0103 f\u0103cea plimb\u0103ri la ora \u015fase diminea\u0163a, \u00eencheiase numeroase acorduri \u00een numele b\u0103ncii cu membrii P2, Michele Sindona \u015fi Roberto Calvi.<\/p>\n<p>Sindona, aflat acum \u00een \u00eenchisoare, a fost un speculator interna\u0163ional \u015fi un mafiot care a pus la cale fraude ce au dus la cele mai mari probleme bancare din istoria Americii \u015fi Italiei. \u00cens\u0103, Marcinkus a pretins c\u0103 a fost vorba de un parteneriat economic \u00een derulare cu Sindona \u015fi a dezmin\u0163it c\u0103 s-ar fi \u00eent\u00e2lnit vreodat\u0103 cu acest om.<\/p>\n<p>Despre cel\u0103lalt finan\u0163ator al P2, Marcinkus spunea odat\u0103: <em>\u201eCalvi merit\u0103 \u00eencrederea noastr\u0103. Nu am nici un motiv s\u0103 m\u0103 \u00eendoiesc de acest lucru.&#8221;<\/em><\/p>\n<p><em>\u201eComentariile sale sunt deosebit de elocvente&#8221;,<\/em> sublinia Yallop, cu o anume uimire ironic\u0103,<em> \u201evenind la doar opt luni dup\u0103 ce Calvi fusese amendat cu 13,7 milioane de dolari \u015fi condamnat la patru ani de \u00eenchisoare \u015fi la numai \u015fapte luni\u00a0 dup\u0103 ce Vaticanul\u00a0 \u015fi\u00a0 Marcinkus descoperiser\u0103\u00a0 (dac\u0103\u00a0 ar fi\u00a0 s\u0103 credem versiunea Vaticanului) c\u0103 acest Calvi furase peste un miliard de dolari, oblig\u00e2nd Vaticanul s\u0103 pl\u0103teasc\u0103 poli\u0163ele.&#8221;<\/em><\/p>\n<p><strong> <\/strong><\/p>\n<figure id=\"attachment_14510\" aria-describedby=\"caption-attachment-14510\" style=\"width: 162px\" class=\"wp-caption alignleft\"><strong><strong><a href=\"https:\/\/www.lovendal.ro\/wp52\/wp-content\/uploads\/2010\/09\/Roberto_Calvi.jpg\"><img loading=\"lazy\" decoding=\"async\" class=\"size-full wp-image-14510\" title=\"Roberto_Calvi\" src=\"https:\/\/www.lovendal.ro\/wp52\/wp-content\/uploads\/2010\/09\/Roberto_Calvi.jpg\" alt=\"Roberto Calvi (1920-1982)\" width=\"172\" height=\"198\" \/><\/a><\/strong><\/strong><figcaption id=\"caption-attachment-14510\" class=\"wp-caption-text\">Roberto Calvi (1920-1982)<\/figcaption><\/figure>\n<p><strong>Sinuciderea misterioas\u0103 a mafiotului Roberto Calvi<\/strong><\/p>\n<p>Roberto Calvi era un individ corupt dincolo de orice \u00eenchipuire, un bancher italian care \u015fterpelise milioane \u015fi milioane \u00een cariera lui de criminal \u00een lumea func\u0163ionarilor. \u00cei pl\u0103cea s\u0103 le recomande acoli\u0163ilor s\u0103i s\u0103 citeasc\u0103 romanul lui Mario Puzo <em>The Codfather (Na\u015ful)<\/em>, un exemplar al c\u0103r\u0163ii fiind mereu asupra sa sau \u00een imediata lui apropiere. <em>\u201eVei \u00een\u0163elege atunci cum merge lumea&#8221;<\/em>, era sfatul acestui om profund imoral.<\/p>\n<p>Ce ironie a sor\u0163ii a fost c\u0103 propria moartea a lui Calvi \u015fi scandalurile bizantine care au dus la acest deznod\u0103m\u00e2nt tragic au format baza <em>Na\u015fului<\/em>,\u00a0 partea a III-a, a doua urmare a versiunii filmate a lucr\u0103rii epice cu gangsteri a lui Puzo.<\/p>\n<p>Calvi \u015fi-a g\u0103sit ob\u015ftescul sf\u00e2r\u015fit la cap\u0103tul unei \u015ftreang legat de partea inferioar\u0103 a podului Blackfriar din Londra. A fost un noroc pentru Calvi, care, de\u015fi moartea prin sp\u00e2nzurare a fost decretat\u0103 drept sinucidere de c\u0103tre un procuror, pare cu siguran\u0163\u0103 s\u0103 se fi \u00eent\u00e2lnit cu soarta lui pitoreasc\u0103 mul\u0163umit\u0103 ciracilor lui din P2. Trebuie s\u0103 fi sim\u0163it c\u0103 are calit\u0103\u0163i acrobatice ca s\u0103 se ca\u0163ere pe partea inferioar\u0103 a podului \u015fi s\u0103 at\u00e2rne la\u0163ul de dedesubt, \u00een loc s\u0103-l fi legat lateral, calea cea mai rapid\u0103 \u015fi mai u\u015foar\u0103. Astfel, el ar fi putut doar s\u0103 sar\u0103 \u00een ap\u0103, ceea ce i-ar fi fost mult mai u\u015for, av\u00e2nd \u00een vedere c\u0103 buzunarele \u00eei erau umplute cu c\u0103r\u0103mizi. Cu patru ore \u00eenainte de moartea lui Calvi, secretara lui a f\u0103cut un salt fatal pe fereastr\u0103, \u00een Italia.<\/p>\n<p><strong>Banca Vaticanului \u015fi mafiotul Calvi, parteneri de afaceri<\/strong><\/p>\n<p>Sub conducerea lui Marcinkus, Banca Vaticanului a fost doar un paravan pentru afacerile complexe cu ac\u0163iuni ale lui Calvi. \u00cen aparen\u0163\u0103, Banca Vaticanului de\u0163inea numeroase companii care, \u00een realitate, erau controlate de Calvi. Aceast\u0103 combina\u0163ie a fost favorabil\u0103 ambelor p\u0103r\u0163i. Vaticanul \u015fi Calvi au adunat astfel milioane. Calvi era, de asemenea, managerul financiar al P2. Atunci c\u00e2nd Gelli, \u201ecel care tr\u0103gea sforile&#8221; \u00een P2, \u00eei telefona bancherului, folosea numele de cod Luciani.<\/p>\n<p><strong>Noul pap\u0103 dorea eliminarea B\u0103ncii Vaticanului<\/strong>&#8230;<\/p>\n<p>Venirea ca pap\u0103 a unui om extrem de principial ca Alberto Luciani, a pus aceast\u0103 re\u0163ea de infractori \u00eentr-o situa\u0163ie foarte dificil\u0103. Luciani inten\u0163iona, nici mai mult nici mai pu\u0163in dec\u00e2t s\u0103 despoaie Vaticanul de cele dou\u0103 principale comori ale sale &#8211; biserica, la fel ca Iisus, ar trebui s\u0103 fie s\u0103rac\u0103, era de p\u0103rere noul Pap\u0103 &#8211; \u015fi de Episcopul Paul Marcinkus.<\/p>\n<p><strong>&#8230;a\u015fa c\u0103 papa trebuia ucis<\/strong><\/p>\n<p>Dac\u0103 Luciani a murit, la 28 septembrie 1978, din \u201ecauze naturale&#8221;, acest lucru a constituit un fenomenal motiv de u\u015furare pentru Gelli, Calvi, Sindona \u015fi Marcinkus, ca \u015fi pentru Mafia \u015fi P2. Primele trei persoane din aceast\u0103 list\u0103 demonstraser\u0103 deja mai mult dec\u00e2t o simpl\u0103 capacitate de a pune la cale \u015fi a ordona asasinate. Pe l\u00e2ng\u0103 o serie de r\u0103uf\u0103c\u0103tori rivali, ei au ucis mai mul\u0163i anchetatori doarece ace\u015ftia \u00ee\u015fi v\u00e2r\u00e2ser\u0103 nasul \u00een afacerile lor murdare.<\/p>\n<p>S-ar putea ca Marcinkus s\u0103 nu fi avut antecedente \u00een ceea ce prive\u015fte asasinatele, dar motivele lui pentru a sc\u0103pa de Papa Ioan Paul I erau la fel de puternice ca \u015fi cele ale tovar\u0103\u015filor lui de tic\u0103lo\u015fii. Dac\u0103 Gelli, Sindona sau Calvi -mult mai probabil to\u0163i trei, \u00een c\u00e2rd\u0103\u015fie &#8211; au c\u0103utat un prilej de a aranja moartea Papei, trebuie s\u0103 fi fost ni\u015fte t\u00e2lhari nemilo\u015fi \u015fi, dup\u0103 plecarea dintre cei vii a Suveranului Pontif, cei mai ferici\u0163i oameni de pe P\u0103m\u00e2nt.<\/p>\n<p><strong>Securitatea papei = aproape inexistent\u0103<\/strong><\/p>\n<p>Papa Ioan Paul I, cel mai puternic \u015fi mai influent lider religios al lumii, se ocupa de afacerile sale zilnice \u00een condi\u0163ii de securitate la fel de severe ca \u015fi cele asigurate b\u0103iatului care-i aducea ziarele diminea\u0163a. Adic\u0103, de niciun fel. Nu numai c\u0103 Luciani nu era p\u0103zit \u015fi nu avea nici un \u00eenso\u0163itor \u00een orele ce au precedat moartea sa, dar unele surse sus\u0163in c\u0103 \u00een momentul \u00een care s-a declan\u015fat criza fatal\u0103, orice ar fi fost \u015fi oric\u00e2nd ar fi fost asta, el a ap\u0103sat pe butonul de alarm\u0103 instalat special l\u00e2ng\u0103 patul s\u0103u. Lumina de alarm\u0103 a clipit, dar nimeni nu a v\u0103zut-o \u015fi cel care f\u0103cea de gard\u0103, \u00eens\u0103rcinat s\u0103 asigure securitatea \u015fi serviciile pe timp de noapte, era \u00een pat. Nimeni nu s-a \u00eentrebat de ce lumina din apartamentul papal, vizibil\u0103 clar din exterior, a ars toat\u0103 noaptea, de\u015fi Papa respecta strict programul s\u0103u de a se culca la ora 21.30.<\/p>\n<p><strong>Papa ar fi murit de infarct, dar nu s-a efectuat nicio autopsie<\/strong><\/p>\n<p>Papa Ioan Paul I nu a fost supus unei autopsii, spre marea consternare a ziari\u015ftilor italieni, care &#8211; de \u00een\u0163eles, av\u00e2nd \u00een vedere istoria politic\u0103 italian\u0103 &#8211; sunt mult mai \u00eenclina\u0163i s\u0103-\u015fi \u00eenchipuie c\u0103 este vorba de o conspira\u0163ie dec\u00e2t omologii lor americani. Vaticanul a \u00eencercat s\u0103 \u00eempace protestele din pres\u0103, declar\u00e2nd, \u00een mod fals, c\u0103 legea bisericeasc\u0103 interzice autopsiile asupra papilor (nu a existat niciodat\u0103 un edict pe aceast\u0103 tem\u0103).<\/p>\n<p>S-a anun\u0163at c\u0103 decesul a fost cauzat de un infarct miocardic, de\u015fi nu a fost \u00eentocmit niciun certificat de deces \u015fi nici vreun alt document.<\/p>\n<p><strong>Papa, ucis de digitalin\u0103?<\/strong><\/p>\n<p>Potrivit lui Yallop, \u00een absen\u0163a autopsiei, administrarea unei doze fatale de digitalin\u0103 nu ar avea urm\u0103ri deosebite de cele ale unui atac de cord. Acela\u015fi lucru poate fi spus despre o mul\u0163ime de alte substan\u0163e toxice. \u00cens\u0103 Yallop vorbe\u015fte de digitalin\u0103 fiindc\u0103 Gelli \u00eei instruise pe to\u0163i membri P2 s\u0103 se sinucid\u0103 cu o doz\u0103 din acest medicament, oferit de binevoitoarea lor loj\u0103, dac\u0103 vor fi supu\u015fi la presiuni pentru a dezv\u0103lui secretele acestui grup cripto-fascist \u015fi cvasi-masonic.<\/p>\n<p>Sursele lui Yallop i-au spus c\u0103, atunci c\u00e2nd a fost g\u0103sit, Papa \u0163inea \u00eentre degetele sale chircite un teanc de foi \u00een care erau detaliate multe dintre schimb\u0103rile pe care le propunea \u00een activit\u0103\u0163ile de la Vatican. Vaticanul anun\u0163ase c\u0103 el avea \u00een m\u00e2n\u0103 cartea <em>Imita\u0163ia lui Hristos<\/em>. Primilor reporteri care au auzit aceast\u0103 informa\u0163ie le-a venit s\u0103 r\u00e2d\u0103.<\/p>\n<p><em>\u201eEste greu de crezut c\u0103 moartea a fost natural\u0103&#8221;<\/em>, a afirmat un colaborator de rang \u00eenalt al arhiepiscopului francez Marcel Lefebvre,<em> \u201eav\u00e2nd \u00een vedere toate creaturile diavole\u015fti ce mi\u015fun\u0103 pe la Vatican.&#8221;<\/em><\/p>\n<p>C\u00e2nd Karol Wojtyla, Ioan Paul al II-lea, a c\u00e2\u015ftigat alegerile devenind succesor al lui Luciani, el a fost imediat informat cu privire la planurile radicale ale Papei loan Paul I. Nu l-a aplicat pe nici unul dintre ele.<\/p>\n","protected":false},"excerpt":{"rendered":"<p>\u00cen calitate de lider spiritual al popula\u0163iei catolice estimat\u0103 la circa 800 milioane de oameni, \u00een \u00eentreaga lume, Papa nu prea poate fi considerat o persoan\u0103 izolat\u0103. \u00cens\u0103, Alberto Luciani, Papa loan Paul I, care a p\u0103storit pe cei 800 &#8230; <\/p>\n<p class=\"read-more-container\"><a title=\"Asasinarea papei Ioan Paul I, opera &#8222;diavolilor&#8221; de pe culoarele Vaticanului\" class=\"read-more button\" href=\"https:\/\/www.lovendal.ro\/wp52\/asasinarea-papei-ioan-paul-i-opera-diavolilor-de-pe-culoarele-vaticanului\/#more-14508\" aria-label=\"Cite\u0219te mai multe despre Asasinarea papei Ioan Paul I, opera &#8222;diavolilor&#8221; de pe culoarele Vaticanului\">Cititi mai multe<\/a><\/p>\n","protected":false},"author":1,"featured_media":14509,"comment_status":"open","ping_status":"closed","sticky":false,"template":"","format":"standard","meta":{"footnotes":""},"categories":[475],"tags":[77,3543,1524,38,2575,3542,86,1074,3541,97,339],"class_list":["post-14508","post","type-post","status-publish","format-standard","has-post-thumbnail","hentry","category-conspiratii-mistere","tag-asasinare","tag-banca-vaticanului","tag-conspiratii-si-societati-secrete","tag-francmasonerie","tag-ioan-paul-al-ii-lea","tag-ioan-paul-i","tag-italia","tag-mafie","tag-p2","tag-papa","tag-vatican","resize-featured-image"],"yoast_head":"<!-- This site is optimized with the Yoast SEO Premium plugin v23.3 (Yoast SEO v27.4) - https:\/\/yoast.com\/product\/yoast-seo-premium-wordpress\/ -->\n<title>Asasinarea papei Ioan Paul I, opera &quot;diavolilor&quot; de pe culoarele Vaticanului - Secretele lui Lovendal<\/title>\n<meta name=\"robots\" content=\"index, follow, max-snippet:-1, max-image-preview:large, max-video-preview:-1\" \/>\n<link rel=\"canonical\" href=\"https:\/\/www.lovendal.ro\/wp52\/asasinarea-papei-ioan-paul-i-opera-diavolilor-de-pe-culoarele-vaticanului\/\" \/>\n<meta property=\"og:locale\" content=\"ro_RO\" \/>\n<meta property=\"og:type\" content=\"article\" \/>\n<meta property=\"og:title\" content=\"Asasinarea papei Ioan Paul I, opera &quot;diavolilor&quot; de pe culoarele Vaticanului\" \/>\n<meta property=\"og:description\" content=\"\u00cen calitate de lider spiritual al popula\u0163iei catolice estimat\u0103 la circa 800 milioane de oameni, \u00een \u00eentreaga lume, Papa nu prea poate fi considerat o persoan\u0103 izolat\u0103. \u00cens\u0103, Alberto Luciani, Papa loan Paul I, care a p\u0103storit pe cei 800 ... Cititi mai multe\" \/>\n<meta property=\"og:url\" content=\"https:\/\/www.lovendal.ro\/wp52\/asasinarea-papei-ioan-paul-i-opera-diavolilor-de-pe-culoarele-vaticanului\/\" \/>\n<meta property=\"og:site_name\" content=\"Secretele lui Lovendal\" \/>\n<meta property=\"article:publisher\" content=\"https:\/\/www.facebook.com\/secreteleluilovendal\" \/>\n<meta property=\"article:published_time\" content=\"2010-09-28T18:59:06+00:00\" \/>\n<meta property=\"article:modified_time\" content=\"2010-10-01T19:20:07+00:00\" \/>\n<meta property=\"og:image\" content=\"https:\/\/www.lovendal.ro\/wp52\/wp-content\/uploads\/2010\/09\/Paul-Marcinkus.jpg\" \/>\n\t<meta property=\"og:image:width\" content=\"154\" \/>\n\t<meta property=\"og:image:height\" content=\"206\" \/>\n\t<meta property=\"og:image:type\" content=\"image\/jpeg\" \/>\n<meta name=\"author\" content=\"admin\" \/>\n<meta name=\"twitter:card\" content=\"summary_large_image\" \/>\n<meta name=\"twitter:label1\" content=\"Scris de\" \/>\n\t<meta name=\"twitter:data1\" content=\"admin\" \/>\n\t<meta name=\"twitter:label2\" content=\"Timp estimat pentru citire\" \/>\n\t<meta name=\"twitter:data2\" content=\"10 minute\" \/>\n<script type=\"application\/ld+json\" class=\"yoast-schema-graph\">{\"@context\":\"https:\\\/\\\/schema.org\",\"@graph\":[{\"@type\":\"Article\",\"@id\":\"https:\\\/\\\/www.lovendal.ro\\\/wp52\\\/asasinarea-papei-ioan-paul-i-opera-diavolilor-de-pe-culoarele-vaticanului\\\/#article\",\"isPartOf\":{\"@id\":\"https:\\\/\\\/www.lovendal.ro\\\/wp52\\\/asasinarea-papei-ioan-paul-i-opera-diavolilor-de-pe-culoarele-vaticanului\\\/\"},\"author\":{\"name\":\"admin\",\"@id\":\"https:\\\/\\\/www.lovendal.ro\\\/wp52\\\/#\\\/schema\\\/person\\\/088691de5dfc346bb0c023e1e52ef5d9\"},\"headline\":\"Asasinarea papei Ioan Paul I, opera &#8222;diavolilor&#8221; de pe culoarele Vaticanului\",\"datePublished\":\"2010-09-28T18:59:06+00:00\",\"dateModified\":\"2010-10-01T19:20:07+00:00\",\"mainEntityOfPage\":{\"@id\":\"https:\\\/\\\/www.lovendal.ro\\\/wp52\\\/asasinarea-papei-ioan-paul-i-opera-diavolilor-de-pe-culoarele-vaticanului\\\/\"},\"wordCount\":2061,\"commentCount\":11,\"publisher\":{\"@id\":\"https:\\\/\\\/www.lovendal.ro\\\/wp52\\\/#organization\"},\"image\":{\"@id\":\"https:\\\/\\\/www.lovendal.ro\\\/wp52\\\/asasinarea-papei-ioan-paul-i-opera-diavolilor-de-pe-culoarele-vaticanului\\\/#primaryimage\"},\"thumbnailUrl\":\"https:\\\/\\\/www.lovendal.ro\\\/wp52\\\/wp-content\\\/uploads\\\/2010\\\/09\\\/Paul-Marcinkus.jpg\",\"keywords\":[\"asasinare\",\"Banca Vaticanului\",\"Conspiratii si Societati secrete\",\"francmasonerie\",\"Ioan Paul al II-lea\",\"Ioan Paul I\",\"Italia\",\"mafie\",\"P2\",\"papa\",\"Vatican\"],\"articleSection\":[\"Conspiratii si Mistere\"],\"inLanguage\":\"ro-RO\",\"potentialAction\":[{\"@type\":\"CommentAction\",\"name\":\"Comment\",\"target\":[\"https:\\\/\\\/www.lovendal.ro\\\/wp52\\\/asasinarea-papei-ioan-paul-i-opera-diavolilor-de-pe-culoarele-vaticanului\\\/#respond\"]}]},{\"@type\":\"WebPage\",\"@id\":\"https:\\\/\\\/www.lovendal.ro\\\/wp52\\\/asasinarea-papei-ioan-paul-i-opera-diavolilor-de-pe-culoarele-vaticanului\\\/\",\"url\":\"https:\\\/\\\/www.lovendal.ro\\\/wp52\\\/asasinarea-papei-ioan-paul-i-opera-diavolilor-de-pe-culoarele-vaticanului\\\/\",\"name\":\"Asasinarea papei Ioan Paul I, opera \\\"diavolilor\\\" de pe culoarele Vaticanului - Secretele lui Lovendal\",\"isPartOf\":{\"@id\":\"https:\\\/\\\/www.lovendal.ro\\\/wp52\\\/#website\"},\"primaryImageOfPage\":{\"@id\":\"https:\\\/\\\/www.lovendal.ro\\\/wp52\\\/asasinarea-papei-ioan-paul-i-opera-diavolilor-de-pe-culoarele-vaticanului\\\/#primaryimage\"},\"image\":{\"@id\":\"https:\\\/\\\/www.lovendal.ro\\\/wp52\\\/asasinarea-papei-ioan-paul-i-opera-diavolilor-de-pe-culoarele-vaticanului\\\/#primaryimage\"},\"thumbnailUrl\":\"https:\\\/\\\/www.lovendal.ro\\\/wp52\\\/wp-content\\\/uploads\\\/2010\\\/09\\\/Paul-Marcinkus.jpg\",\"datePublished\":\"2010-09-28T18:59:06+00:00\",\"dateModified\":\"2010-10-01T19:20:07+00:00\",\"breadcrumb\":{\"@id\":\"https:\\\/\\\/www.lovendal.ro\\\/wp52\\\/asasinarea-papei-ioan-paul-i-opera-diavolilor-de-pe-culoarele-vaticanului\\\/#breadcrumb\"},\"inLanguage\":\"ro-RO\",\"potentialAction\":[{\"@type\":\"ReadAction\",\"target\":[\"https:\\\/\\\/www.lovendal.ro\\\/wp52\\\/asasinarea-papei-ioan-paul-i-opera-diavolilor-de-pe-culoarele-vaticanului\\\/\"]}]},{\"@type\":\"ImageObject\",\"inLanguage\":\"ro-RO\",\"@id\":\"https:\\\/\\\/www.lovendal.ro\\\/wp52\\\/asasinarea-papei-ioan-paul-i-opera-diavolilor-de-pe-culoarele-vaticanului\\\/#primaryimage\",\"url\":\"https:\\\/\\\/www.lovendal.ro\\\/wp52\\\/wp-content\\\/uploads\\\/2010\\\/09\\\/Paul-Marcinkus.jpg\",\"contentUrl\":\"https:\\\/\\\/www.lovendal.ro\\\/wp52\\\/wp-content\\\/uploads\\\/2010\\\/09\\\/Paul-Marcinkus.jpg\",\"width\":\"154\",\"height\":\"206\",\"caption\":\"Paul Marcinkus (1922-2006), presedintele Bancii Vaticanului\"},{\"@type\":\"BreadcrumbList\",\"@id\":\"https:\\\/\\\/www.lovendal.ro\\\/wp52\\\/asasinarea-papei-ioan-paul-i-opera-diavolilor-de-pe-culoarele-vaticanului\\\/#breadcrumb\",\"itemListElement\":[{\"@type\":\"ListItem\",\"position\":1,\"name\":\"Home\",\"item\":\"https:\\\/\\\/www.lovendal.ro\\\/wp52\\\/\"},{\"@type\":\"ListItem\",\"position\":2,\"name\":\"Asasinarea papei Ioan Paul I, opera &#8222;diavolilor&#8221; de pe culoarele Vaticanului\"}]},{\"@type\":\"WebSite\",\"@id\":\"https:\\\/\\\/www.lovendal.ro\\\/wp52\\\/#website\",\"url\":\"https:\\\/\\\/www.lovendal.ro\\\/wp52\\\/\",\"name\":\"Secretele lui Lovendal\",\"description\":\"Site de secrete, stiinta si metafizica - din 2008 -\",\"publisher\":{\"@id\":\"https:\\\/\\\/www.lovendal.ro\\\/wp52\\\/#organization\"},\"potentialAction\":[{\"@type\":\"SearchAction\",\"target\":{\"@type\":\"EntryPoint\",\"urlTemplate\":\"https:\\\/\\\/www.lovendal.ro\\\/wp52\\\/?s={search_term_string}\"},\"query-input\":{\"@type\":\"PropertyValueSpecification\",\"valueRequired\":true,\"valueName\":\"search_term_string\"}}],\"inLanguage\":\"ro-RO\"},{\"@type\":\"Organization\",\"@id\":\"https:\\\/\\\/www.lovendal.ro\\\/wp52\\\/#organization\",\"name\":\"Secretele lui Lovendal\",\"url\":\"https:\\\/\\\/www.lovendal.ro\\\/wp52\\\/\",\"logo\":{\"@type\":\"ImageObject\",\"inLanguage\":\"ro-RO\",\"@id\":\"https:\\\/\\\/www.lovendal.ro\\\/wp52\\\/#\\\/schema\\\/logo\\\/image\\\/\",\"url\":\"https:\\\/\\\/www.lovendal.ro\\\/wp52\\\/wp-content\\\/uploads\\\/2024\\\/06\\\/cropped-SLL-iun-2024-1.jpg\",\"contentUrl\":\"https:\\\/\\\/www.lovendal.ro\\\/wp52\\\/wp-content\\\/uploads\\\/2024\\\/06\\\/cropped-SLL-iun-2024-1.jpg\",\"width\":771,\"height\":240,\"caption\":\"Secretele lui Lovendal\"},\"image\":{\"@id\":\"https:\\\/\\\/www.lovendal.ro\\\/wp52\\\/#\\\/schema\\\/logo\\\/image\\\/\"},\"sameAs\":[\"https:\\\/\\\/www.facebook.com\\\/secreteleluilovendal\"]},{\"@type\":\"Person\",\"@id\":\"https:\\\/\\\/www.lovendal.ro\\\/wp52\\\/#\\\/schema\\\/person\\\/088691de5dfc346bb0c023e1e52ef5d9\",\"name\":\"admin\",\"image\":{\"@type\":\"ImageObject\",\"inLanguage\":\"ro-RO\",\"@id\":\"https:\\\/\\\/secure.gravatar.com\\\/avatar\\\/ecb9cd41f5f63c9c9b989999a59f6e2639a865ec361e9db054db0679a8f341c2?s=96&d=mm&r=g\",\"url\":\"https:\\\/\\\/secure.gravatar.com\\\/avatar\\\/ecb9cd41f5f63c9c9b989999a59f6e2639a865ec361e9db054db0679a8f341c2?s=96&d=mm&r=g\",\"contentUrl\":\"https:\\\/\\\/secure.gravatar.com\\\/avatar\\\/ecb9cd41f5f63c9c9b989999a59f6e2639a865ec361e9db054db0679a8f341c2?s=96&d=mm&r=g\",\"caption\":\"admin\"},\"sameAs\":[\"https:\\\/\\\/www.lovendal.ro\\\/wp52\"]}]}<\/script>\n<!-- \/ Yoast SEO Premium plugin. -->","yoast_head_json":{"title":"Asasinarea papei Ioan Paul I, opera \"diavolilor\" de pe culoarele Vaticanului - Secretele lui Lovendal","robots":{"index":"index","follow":"follow","max-snippet":"max-snippet:-1","max-image-preview":"max-image-preview:large","max-video-preview":"max-video-preview:-1"},"canonical":"https:\/\/www.lovendal.ro\/wp52\/asasinarea-papei-ioan-paul-i-opera-diavolilor-de-pe-culoarele-vaticanului\/","og_locale":"ro_RO","og_type":"article","og_title":"Asasinarea papei Ioan Paul I, opera \"diavolilor\" de pe culoarele Vaticanului","og_description":"\u00cen calitate de lider spiritual al popula\u0163iei catolice estimat\u0103 la circa 800 milioane de oameni, \u00een \u00eentreaga lume, Papa nu prea poate fi considerat o persoan\u0103 izolat\u0103. \u00cens\u0103, Alberto Luciani, Papa loan Paul I, care a p\u0103storit pe cei 800 ... Cititi mai multe","og_url":"https:\/\/www.lovendal.ro\/wp52\/asasinarea-papei-ioan-paul-i-opera-diavolilor-de-pe-culoarele-vaticanului\/","og_site_name":"Secretele lui Lovendal","article_publisher":"https:\/\/www.facebook.com\/secreteleluilovendal","article_published_time":"2010-09-28T18:59:06+00:00","article_modified_time":"2010-10-01T19:20:07+00:00","og_image":[{"width":154,"height":206,"url":"https:\/\/www.lovendal.ro\/wp52\/wp-content\/uploads\/2010\/09\/Paul-Marcinkus.jpg","type":"image\/jpeg"}],"author":"admin","twitter_card":"summary_large_image","twitter_misc":{"Scris de":"admin","Timp estimat pentru citire":"10 minute"},"schema":{"@context":"https:\/\/schema.org","@graph":[{"@type":"Article","@id":"https:\/\/www.lovendal.ro\/wp52\/asasinarea-papei-ioan-paul-i-opera-diavolilor-de-pe-culoarele-vaticanului\/#article","isPartOf":{"@id":"https:\/\/www.lovendal.ro\/wp52\/asasinarea-papei-ioan-paul-i-opera-diavolilor-de-pe-culoarele-vaticanului\/"},"author":{"name":"admin","@id":"https:\/\/www.lovendal.ro\/wp52\/#\/schema\/person\/088691de5dfc346bb0c023e1e52ef5d9"},"headline":"Asasinarea papei Ioan Paul I, opera &#8222;diavolilor&#8221; de pe culoarele Vaticanului","datePublished":"2010-09-28T18:59:06+00:00","dateModified":"2010-10-01T19:20:07+00:00","mainEntityOfPage":{"@id":"https:\/\/www.lovendal.ro\/wp52\/asasinarea-papei-ioan-paul-i-opera-diavolilor-de-pe-culoarele-vaticanului\/"},"wordCount":2061,"commentCount":11,"publisher":{"@id":"https:\/\/www.lovendal.ro\/wp52\/#organization"},"image":{"@id":"https:\/\/www.lovendal.ro\/wp52\/asasinarea-papei-ioan-paul-i-opera-diavolilor-de-pe-culoarele-vaticanului\/#primaryimage"},"thumbnailUrl":"https:\/\/www.lovendal.ro\/wp52\/wp-content\/uploads\/2010\/09\/Paul-Marcinkus.jpg","keywords":["asasinare","Banca Vaticanului","Conspiratii si Societati secrete","francmasonerie","Ioan Paul al II-lea","Ioan Paul I","Italia","mafie","P2","papa","Vatican"],"articleSection":["Conspiratii si Mistere"],"inLanguage":"ro-RO","potentialAction":[{"@type":"CommentAction","name":"Comment","target":["https:\/\/www.lovendal.ro\/wp52\/asasinarea-papei-ioan-paul-i-opera-diavolilor-de-pe-culoarele-vaticanului\/#respond"]}]},{"@type":"WebPage","@id":"https:\/\/www.lovendal.ro\/wp52\/asasinarea-papei-ioan-paul-i-opera-diavolilor-de-pe-culoarele-vaticanului\/","url":"https:\/\/www.lovendal.ro\/wp52\/asasinarea-papei-ioan-paul-i-opera-diavolilor-de-pe-culoarele-vaticanului\/","name":"Asasinarea papei Ioan Paul I, opera \"diavolilor\" de pe culoarele Vaticanului - Secretele lui Lovendal","isPartOf":{"@id":"https:\/\/www.lovendal.ro\/wp52\/#website"},"primaryImageOfPage":{"@id":"https:\/\/www.lovendal.ro\/wp52\/asasinarea-papei-ioan-paul-i-opera-diavolilor-de-pe-culoarele-vaticanului\/#primaryimage"},"image":{"@id":"https:\/\/www.lovendal.ro\/wp52\/asasinarea-papei-ioan-paul-i-opera-diavolilor-de-pe-culoarele-vaticanului\/#primaryimage"},"thumbnailUrl":"https:\/\/www.lovendal.ro\/wp52\/wp-content\/uploads\/2010\/09\/Paul-Marcinkus.jpg","datePublished":"2010-09-28T18:59:06+00:00","dateModified":"2010-10-01T19:20:07+00:00","breadcrumb":{"@id":"https:\/\/www.lovendal.ro\/wp52\/asasinarea-papei-ioan-paul-i-opera-diavolilor-de-pe-culoarele-vaticanului\/#breadcrumb"},"inLanguage":"ro-RO","potentialAction":[{"@type":"ReadAction","target":["https:\/\/www.lovendal.ro\/wp52\/asasinarea-papei-ioan-paul-i-opera-diavolilor-de-pe-culoarele-vaticanului\/"]}]},{"@type":"ImageObject","inLanguage":"ro-RO","@id":"https:\/\/www.lovendal.ro\/wp52\/asasinarea-papei-ioan-paul-i-opera-diavolilor-de-pe-culoarele-vaticanului\/#primaryimage","url":"https:\/\/www.lovendal.ro\/wp52\/wp-content\/uploads\/2010\/09\/Paul-Marcinkus.jpg","contentUrl":"https:\/\/www.lovendal.ro\/wp52\/wp-content\/uploads\/2010\/09\/Paul-Marcinkus.jpg","width":"154","height":"206","caption":"Paul Marcinkus (1922-2006), presedintele Bancii Vaticanului"},{"@type":"BreadcrumbList","@id":"https:\/\/www.lovendal.ro\/wp52\/asasinarea-papei-ioan-paul-i-opera-diavolilor-de-pe-culoarele-vaticanului\/#breadcrumb","itemListElement":[{"@type":"ListItem","position":1,"name":"Home","item":"https:\/\/www.lovendal.ro\/wp52\/"},{"@type":"ListItem","position":2,"name":"Asasinarea papei Ioan Paul I, opera &#8222;diavolilor&#8221; de pe culoarele Vaticanului"}]},{"@type":"WebSite","@id":"https:\/\/www.lovendal.ro\/wp52\/#website","url":"https:\/\/www.lovendal.ro\/wp52\/","name":"Secretele lui Lovendal","description":"Site de secrete, stiinta si metafizica - din 2008 -","publisher":{"@id":"https:\/\/www.lovendal.ro\/wp52\/#organization"},"potentialAction":[{"@type":"SearchAction","target":{"@type":"EntryPoint","urlTemplate":"https:\/\/www.lovendal.ro\/wp52\/?s={search_term_string}"},"query-input":{"@type":"PropertyValueSpecification","valueRequired":true,"valueName":"search_term_string"}}],"inLanguage":"ro-RO"},{"@type":"Organization","@id":"https:\/\/www.lovendal.ro\/wp52\/#organization","name":"Secretele lui Lovendal","url":"https:\/\/www.lovendal.ro\/wp52\/","logo":{"@type":"ImageObject","inLanguage":"ro-RO","@id":"https:\/\/www.lovendal.ro\/wp52\/#\/schema\/logo\/image\/","url":"https:\/\/www.lovendal.ro\/wp52\/wp-content\/uploads\/2024\/06\/cropped-SLL-iun-2024-1.jpg","contentUrl":"https:\/\/www.lovendal.ro\/wp52\/wp-content\/uploads\/2024\/06\/cropped-SLL-iun-2024-1.jpg","width":771,"height":240,"caption":"Secretele lui Lovendal"},"image":{"@id":"https:\/\/www.lovendal.ro\/wp52\/#\/schema\/logo\/image\/"},"sameAs":["https:\/\/www.facebook.com\/secreteleluilovendal"]},{"@type":"Person","@id":"https:\/\/www.lovendal.ro\/wp52\/#\/schema\/person\/088691de5dfc346bb0c023e1e52ef5d9","name":"admin","image":{"@type":"ImageObject","inLanguage":"ro-RO","@id":"https:\/\/secure.gravatar.com\/avatar\/ecb9cd41f5f63c9c9b989999a59f6e2639a865ec361e9db054db0679a8f341c2?s=96&d=mm&r=g","url":"https:\/\/secure.gravatar.com\/avatar\/ecb9cd41f5f63c9c9b989999a59f6e2639a865ec361e9db054db0679a8f341c2?s=96&d=mm&r=g","contentUrl":"https:\/\/secure.gravatar.com\/avatar\/ecb9cd41f5f63c9c9b989999a59f6e2639a865ec361e9db054db0679a8f341c2?s=96&d=mm&r=g","caption":"admin"},"sameAs":["https:\/\/www.lovendal.ro\/wp52"]}]}},"_links":{"self":[{"href":"https:\/\/www.lovendal.ro\/wp52\/wp-json\/wp\/v2\/posts\/14508","targetHints":{"allow":["GET"]}}],"collection":[{"href":"https:\/\/www.lovendal.ro\/wp52\/wp-json\/wp\/v2\/posts"}],"about":[{"href":"https:\/\/www.lovendal.ro\/wp52\/wp-json\/wp\/v2\/types\/post"}],"author":[{"embeddable":true,"href":"https:\/\/www.lovendal.ro\/wp52\/wp-json\/wp\/v2\/users\/1"}],"replies":[{"embeddable":true,"href":"https:\/\/www.lovendal.ro\/wp52\/wp-json\/wp\/v2\/comments?post=14508"}],"version-history":[{"count":0,"href":"https:\/\/www.lovendal.ro\/wp52\/wp-json\/wp\/v2\/posts\/14508\/revisions"}],"wp:featuredmedia":[{"embeddable":true,"href":"https:\/\/www.lovendal.ro\/wp52\/wp-json\/wp\/v2\/media\/14509"}],"wp:attachment":[{"href":"https:\/\/www.lovendal.ro\/wp52\/wp-json\/wp\/v2\/media?parent=14508"}],"wp:term":[{"taxonomy":"category","embeddable":true,"href":"https:\/\/www.lovendal.ro\/wp52\/wp-json\/wp\/v2\/categories?post=14508"},{"taxonomy":"post_tag","embeddable":true,"href":"https:\/\/www.lovendal.ro\/wp52\/wp-json\/wp\/v2\/tags?post=14508"}],"curies":[{"name":"wp","href":"https:\/\/api.w.org\/{rel}","templated":true}]}}