{"id":14375,"date":"2010-09-18T18:56:59","date_gmt":"2010-09-18T15:56:59","guid":{"rendered":"http:\/\/www.lovendal.net\/wp52\/?p=14375"},"modified":"2010-09-18T18:56:59","modified_gmt":"2010-09-18T15:56:59","slug":"batranelul-din-gara-si-extraordinarele-sale-povesti-de-viata","status":"publish","type":"post","link":"https:\/\/www.lovendal.ro\/wp52\/batranelul-din-gara-si-extraordinarele-sale-povesti-de-viata\/","title":{"rendered":"B\u0103tr\u00e2nelul din gar\u0103 \u015fi extraordinarele sale pove\u015fti de via\u0163\u0103"},"content":{"rendered":"<p><a href=\"https:\/\/www.lovendal.ro\/wp52\/wp-content\/uploads\/2010\/09\/batran-77.jpg\"><img loading=\"lazy\" decoding=\"async\" class=\"alignleft size-full wp-image-14383\" title=\"batran 77\" src=\"https:\/\/www.lovendal.ro\/wp52\/wp-content\/uploads\/2010\/09\/batran-77.jpg\" alt=\"batran 77\" width=\"280\" height=\"228\" \/><\/a>Era o zi ploioas\u0103 \u015fi m\u0103 aflam \u00eentr-o halt\u0103 de la marginea unui sat. A\u015fteptam trenul de mai bine de jum\u0103tate de or\u0103 \u015fi, conform informa\u0163iilor primite de la un ceferist, mai aveam de stat cel pu\u0163in \u00eenc\u0103 o or\u0103. Trenul \u00eent\u00e2rzia datorit\u0103 alunec\u0103rilor de teren. Era de a\u015fteptat: plouase toate s\u0103pt\u0103m\u00e2na. \u015ei chiar m\u0103 \u00eentrebam \u00een zilele acelea: oare chiar vine potopul biblic, de nu se mai opre\u015fte afurisita asta de ploaie?<\/p>\n<p>A\u015fa c\u0103 mai aveam de poposit \u00een micu\u0163a, dar cocheta gar\u0103. O or\u0103! Adic\u0103 60 de minute, care, atunci c\u00e2nd e\u015fti singur \u015fi n-ai vreo activitate de f\u0103cut, pot p\u0103rea o ve\u015fnicie! Puteam s\u0103 meditez la pic\u0103turile de ploaie, dar \u00eemi lipsea orice dispozi\u0163ie pentru a face asta. \u015ei, totu\u015fi, Dumnezeu mi-a ascultat g\u00e2ndurile, c\u0103ci l\u00e2ng\u0103 scaunul pe care st\u0103team, aproape ca o statuie, se a\u015fezase un b\u0103rbat b\u0103tr\u00e2n, c\u0103r\u00e2nd \u00een m\u00e2n\u0103 un bagaj mai micu\u0163. \u00cen sf\u00e2r\u015fit, nu mai eram singur! Dac\u0103 reu\u015feam s\u0103 \u00eencheg o discu\u0163ie cu acest b\u0103tr\u00e2nel, clipele de plictiseal\u0103 \u015fi de &#8222;amor\u0163eal\u0103&#8221; a min\u0163ii ar fi trecut mult mai repede. \u015ei z\u0103u dac\u0103 b\u0103tr\u00e2nelul nu mi se p\u0103rea simpatic! \u015ei ceea ce era mai amuzant la el era aluni\u0163a de pe v\u00e2rful nasului. \u00cen plus, barba lung\u0103 \u015fi alb\u0103, precum \u015fi fesul ro\u015fu din capul s\u0103u creiona figura unui personaj b\u0103tr\u00e2n ca din pove\u015fti.<\/p>\n<p>\u00cen timp ce \u00eencercam c\u00e2t mai repede s\u0103 g\u0103sesc un subiect ini\u0163ial de discu\u0163ie, mo\u015fnegu\u0163ul mi-o lu\u0103 \u00eenainte \u015fi \u00eencepu s\u0103-mi vorbeasc\u0103 pe un ton chiar pl\u0103cut:<\/p>\n<p>&#8211; Tinere, nu mai avem mult. Sf\u00e2r\u015fitul lumii se apropie. Ploaia asta nu se mai termin\u0103.<br \/>\n&#8211; Tot ce e posibil, r\u0103spund eu. Doar Dumnezeu \u015ftie cel mai bine de planurile sale.<\/p>\n<p>B\u0103tr\u00e2nelul se pare c\u0103 a r\u0103mas pu\u0163in uimit de r\u0103spunsul meu, c\u0103ci m\u0103 privi destul de uimit. M-am uitat pentru o clip\u0103 la ochii s\u0103i: trebuie s\u0103 fi v\u0103zut multe lucruri \u00een via\u0163a aceasta!<\/p>\n<p>&#8211; Fl\u0103c\u0103ule, tu e\u015fti t\u00e2n\u0103r, \u00eenc\u0103 nu \u0163i-ai tr\u0103it toat\u0103 via\u0163a. Trebuie s\u0103 fii mai optimist \u015fi s\u0103 nu-\u0163i dore\u015fti sf\u00e2r\u015fitul lumii. Eu, \u00een schimb, mi-am tr\u0103it via\u0163a. A\u015fa c\u0103 nu mi-ar p\u0103rea r\u0103u nici acum dac\u0103 a\u015f muri.<\/p>\n<p>\u00cei ascultam vocea. P\u0103rea foarte sincer \u00een ceea ce spunea. \u015ei, totodat\u0103, m\u0103 bucuram c\u0103 mi-am g\u0103sit \u015fi un partener de dialog pentru cele 60 de minute de a\u015fteptare \u00een gara cea mic\u0103. A\u015fa c\u0103 m-am g\u00e2ndit s\u0103-l provoc pu\u0163in pe b\u0103tr\u00e2nel.<\/p>\n<p>&#8211; P\u00e2n\u0103 acum, probabil c\u0103 a\u0163i avut o via\u0163\u0103 bogat\u0103 \u015fi \u00eenvolburat\u0103, nu-i a\u015fa?<\/p>\n<p>Am v\u0103zut cum ochii i se \u00eenviorar\u0103 \u00een mod pl\u0103cut. Presim\u0163eam c\u0103 aveam s\u0103 ascult o poveste lung\u0103 \u015fi interesant\u0103, care s\u0103 se \u00eentind\u0103 pe parcursul unei ore.<\/p>\n<p>&#8211; Tinere, \u00eentr-adev\u0103r, am tr\u0103it o via\u0163\u0103 bogat\u0103, dar s\u0103 \u015ftii c\u0103 am avut parte mai mult de suferin\u0163e dec\u00e2t de bucurii. Balan\u0163a vie\u0163ii a fost, din p\u0103cate, \u00een defavoarea mea.<\/p>\n<p>\u00cel mai privesc profund \u00eenc\u0103 o dat\u0103 pe b\u0103tr\u00e2nel. Nu p\u0103rea c\u0103 ar fi suferit \u00een via\u0163\u0103! Oare m\u0103 min\u0163ea sau dorea doar s\u0103-l comp\u0103timesc? A\u015fa c\u0103 m\u0103 g\u00e2ndesc s\u0103 i-o spun \u00een fa\u0163\u0103:<\/p>\n<p>&#8211; Nu v\u0103 sup\u0103ra\u0163i, dar uit\u00e2ndu-m\u0103 la dvs, nu se prea vede c\u0103 a\u0163i suferit prea mult \u00een via\u0163\u0103.<br \/>\n&#8211; Asta pentru c\u0103 suferin\u0163ele nu le-am luat prea mult \u00een serios, tinere, \u00eemi zise b\u0103tr\u00e2nelul.<\/p>\n<p>Nu m\u0103 a\u015fteptam la un asemenea r\u0103spuns! Dar, imediat mo\u015fnegu\u0163ul complet\u0103:<\/p>\n<p>&#8211; \u015ei, totu\u015fi, \u015ftii c\u00e2nd am suferit cel mai mult \u00een via\u0163\u0103? Atunci c\u00e2nd nu m-am putut \u00eensura \u00een tinere\u0163e cu fata pe care o iubeam. M-a p\u0103r\u0103sit pentru altul mai \u00eenst\u0103rit.<\/p>\n<p>De data asta \u00eel priveam cu ad\u00e2nc\u0103 uimire. Credeam c\u0103-\u015fi bate joc de mine sau, cel pu\u0163in, c\u0103 m\u0103 ironizeaz\u0103 subtil. C\u00e2nd \u00eemi spunea de suferin\u0163e, m\u0103 g\u00e2ndeam la boal\u0103, moarte, \u00eenchisoare, dar nu la faptul c\u0103 o fat\u0103 l-a p\u0103r\u0103sit \u00een tinere\u0163e. \u00cemi \u00eenchipuiam c\u0103 oamenii maturi, c\u00e2nd ajung la b\u0103tr\u00e2ne\u0163e, devin mult mai \u00een\u0163elep\u0163i&#8230;Dar se pare c\u0103 m-am \u00een\u015felat. A\u015fa c\u0103 am \u00eencercat s\u0103 i-o spun &#8222;verde \u00een fa\u0163\u0103&#8221;:<\/p>\n<p>&#8211; M\u0103 scuza\u0163i, dar cred c\u0103 a trecut mult timp de atunci. \u015ei eu cred c\u0103 adev\u0103rata suferin\u0163\u0103 nu e cauzat\u0103 de faptul c\u0103 v-a p\u0103r\u0103sit o fat\u0103 \u00een tinere\u0163e, ci de alte evenimente nepl\u0103cute \u00een via\u0163\u0103, ca moartea unui p\u0103rinte sau a unui copil, sau chinurile unei boli grave&#8230;<br \/>\n&#8211; Ce \u015ftii tu ce e dragostea, m\u0103i b\u0103iete&#8230;Eu am pl\u00e2ns mai mult c\u00e2nd m-a p\u0103r\u0103sit acea fat\u0103, dec\u00e2t c\u00e2nd mi-a murit tat\u0103l.<\/p>\n<p>De data asta \u015focul a fost total! Am r\u0103mas f\u0103r\u0103 cuvinte. \u015ei mi-am spus \u00een minte:<em> &#8222;Un mo\u015fnegu\u0163 tare ciudat&#8221;<\/em>.<\/p>\n<p>&#8211; \u015ei totul s-a \u00eent\u00e2mplat atunci c\u00e2nd am fost la Moscova, \u00een vara anului 1948, \u00eentr-o delega\u0163ie militar\u0103. Ordin de servici&#8230;\u015fi-am l\u0103sat-o pe iubita mea, M\u0103riuca, acas\u0103. Urma s\u0103 ne c\u0103s\u0103torim \u00een iarna urm\u0103toarea.<\/p>\n<p>\u015etiam c\u0103 mo\u015fnegu\u0163ul urma s\u0103-mi spun\u0103 o poveste lung\u0103.<\/p>\n<p>&#8211; La Moscova am dat ochii chiar cu t\u0103tucul Stalin! To\u0163i am fost \u00eenv\u0103\u0163a\u0163i s\u0103-l privim pe Stalin asemenea unui zeu. \u0162in minte \u015fi acum c\u0103 \u00een momentul \u00een care am dat ochii cu el, mi s-au \u00eenmuiat picioarele. I-am s\u0103rutat m\u00e2na cu mult\u0103 pio\u015fenie. Peste 10 zile, m-am \u00eentors acas\u0103. Am observat c\u0103 M\u0103riuca mea \u00eencepuse s\u0103 se r\u0103ceasc\u0103 cu mine. Am \u00eentrebat-o ce se \u00eent\u00e2mpl\u0103 \u015fi n-a vrut s\u0103-mi spun\u0103. \u015ei&#8230;peste o s\u0103pt\u0103m\u00e2n\u0103&#8230;<\/p>\n<p>B\u0103tr\u00e2nelului \u00eencepuse s\u0103-i cad\u0103 lacrimile pe obraz. El tr\u0103ia momentele din trecut cu ad\u00e2nc\u0103 intensitate.<\/p>\n<p>&#8211; Peste o s\u0103pt\u0103m\u00e2n\u0103&#8230;M\u0103riuca m-a anun\u0163at c\u0103 m\u0103 p\u0103r\u0103se\u015fte pentru altul mai \u00eenst\u0103rit. A fost lovitura vie\u0163ii mele&#8230;c\u0103ci o iubeam enorm&#8230;\u015fi vroiam s\u0103 tr\u0103iesc cu ea p\u00e2n\u0103 \u00een ad\u00e2nci b\u0103tr\u00e2ne\u0163i.<\/p>\n<p>Acum \u00eei d\u0103deam dreptate mo\u015fnegu\u0163ului. M\u0103 uitam la el \u015fi \u00eei observam suferin\u0163a pe chipul s\u0103u \u00eemb\u0103tr\u00e2nit. Suferin\u0163a ca urmare a pierderii unei iubiri din tinere\u0163e. St\u0103team \u015fi m\u0103 g\u00e2ndeam: c\u00e2\u0163i oameni ar putea suferi o via\u0163\u0103 \u00eentreag\u0103 dup\u0103 o iubit\u0103 pierdut\u0103? Din clipa aceea, am \u00eenceput s\u0103-l privesc pe b\u0103tr\u00e2nel cu al\u0163i ochi. \u00cel sim\u0163eam ca pe o fiin\u0163\u0103 tare deosebit\u0103. Am \u00eenceput s\u0103-l simpatizez din ce \u00een ce mai mult, odat\u0103 cu scurgerea minutelor din gar\u0103.<\/p>\n<p>B\u0103tr\u00e2nelul \u00ee\u015fi povesti \u00een continuare, cu un glas bl\u00e2nd, toat\u0103 istoria vie\u0163ii sale. Astfel, am aflat despre minunatele sale c\u0103l\u0103torii din Africa, despre proiectele sale de cercetare \u00een domeniul fizicii atomice, despre copiii s\u0103i, despre multe \u015fi multe altele. Pove\u015ftile sale au fost at\u00e2t de captivante, \u00eenc\u00e2t nici nu-mi d\u0103du seama c\u00e2nd trecur\u0103 cele 60 de minute p\u00e2n\u0103 la sosirea trenului.<\/p>\n<p>\u00cenainte de a ne desp\u0103r\u0163i, se recomand\u0103 simplu \u015fi sec &#8222;Pavel Costin&#8221;. Apoi, eu am urcat \u00een tren, iar b\u0103tr\u00e2nelul a r\u0103mas \u00een gar\u0103 pentru a a\u015ftepta alt tren. Pe drumul de \u00eentoarcere acas\u0103, m-am g\u00e2ndit tot timpul la el \u015fi la minunatele sale pove\u015fti de via\u0163\u0103. Trebuie s\u0103 recunosc c\u0103 era prima oar\u0103 \u00een via\u0163\u0103 c\u00e2nd m-a putut fascina un om.<\/p>\n<p>Dup\u0103 aproximativ patru s\u0103pt\u0103m\u00e2ni de la aceast\u0103 \u00eent\u00e2mplare, m\u0103 aflam \u00een cas\u0103 \u015fi r\u0103sfoiam un almanah mai vechi de 20 de ani. C\u0103utam ni\u015fte date despre un inventator rom\u00e2n&#8230;\u015fi deodat\u0103 m\u00e2inile \u00eencepur\u0103 s\u0103-mi tremure. Iar inima o luase razna, at\u00e2t de tare b\u0103tea. Pur \u015fi simplu nu-mi venea ochilor ceea ce citeam acolo. Era o poz\u0103 a b\u0103tr\u00e2nelului meu \u00eent\u00e2lnit \u00een gar\u0103, cu celebra sa aluni\u0163\u0103 de pe v\u00e2rful nasului. Se pare c\u0103 a fost la via\u0163a sa un inventator apreciat. \u00cens\u0103 nu acest lucru m\u0103 f\u0103cu s\u0103 tremur, ci ceea ce scria sub poz\u0103: &#8222;Pavel Costin (1915-1988)&#8221;. Iar eu m\u0103 aflam \u00een 2010&#8230;<\/p>\n","protected":false},"excerpt":{"rendered":"<p>Era o zi ploioas\u0103 \u015fi m\u0103 aflam \u00eentr-o halt\u0103 de la marginea unui sat. A\u015fteptam trenul de mai bine de jum\u0103tate de or\u0103 \u015fi, conform informa\u0163iilor primite de la un ceferist, mai aveam de stat cel pu\u0163in \u00eenc\u0103 o or\u0103. &#8230; <\/p>\n<p class=\"read-more-container\"><a title=\"B\u0103tr\u00e2nelul din gar\u0103 \u015fi extraordinarele sale pove\u015fti de via\u0163\u0103\" class=\"read-more button\" href=\"https:\/\/www.lovendal.ro\/wp52\/batranelul-din-gara-si-extraordinarele-sale-povesti-de-viata\/#more-14375\" aria-label=\"Cite\u0219te mai multe despre B\u0103tr\u00e2nelul din gar\u0103 \u015fi extraordinarele sale pove\u015fti de via\u0163\u0103\">Cititi mai multe<\/a><\/p>\n","protected":false},"author":1,"featured_media":14383,"comment_status":"open","ping_status":"closed","sticky":false,"template":"","format":"standard","meta":{"footnotes":""},"categories":[3521],"tags":[3392,1945,3522,9816,296,2078],"class_list":["post-14375","post","type-post","status-publish","format-standard","has-post-thumbnail","hentry","category-povesti-si-povestiri","tag-batran","tag-casatorie","tag-gara","tag-povesti-si-povestiri","tag-stalin","tag-tren","resize-featured-image"],"yoast_head":"<!-- This site is optimized with the Yoast SEO Premium plugin v23.3 (Yoast SEO v27.4) - https:\/\/yoast.com\/product\/yoast-seo-premium-wordpress\/ -->\n<title>B\u0103tr\u00e2nelul din gar\u0103 \u015fi extraordinarele sale pove\u015fti de via\u0163\u0103 - Secretele lui Lovendal<\/title>\n<meta name=\"robots\" content=\"index, follow, max-snippet:-1, max-image-preview:large, max-video-preview:-1\" \/>\n<link rel=\"canonical\" href=\"https:\/\/www.lovendal.ro\/wp52\/batranelul-din-gara-si-extraordinarele-sale-povesti-de-viata\/\" \/>\n<meta property=\"og:locale\" content=\"ro_RO\" \/>\n<meta property=\"og:type\" content=\"article\" \/>\n<meta property=\"og:title\" content=\"B\u0103tr\u00e2nelul din gar\u0103 \u015fi extraordinarele sale pove\u015fti de via\u0163\u0103\" \/>\n<meta property=\"og:description\" content=\"Era o zi ploioas\u0103 \u015fi m\u0103 aflam \u00eentr-o halt\u0103 de la marginea unui sat. A\u015fteptam trenul de mai bine de jum\u0103tate de or\u0103 \u015fi, conform informa\u0163iilor primite de la un ceferist, mai aveam de stat cel pu\u0163in \u00eenc\u0103 o or\u0103. ... Cititi mai multe\" \/>\n<meta property=\"og:url\" content=\"https:\/\/www.lovendal.ro\/wp52\/batranelul-din-gara-si-extraordinarele-sale-povesti-de-viata\/\" \/>\n<meta property=\"og:site_name\" content=\"Secretele lui Lovendal\" \/>\n<meta property=\"article:publisher\" content=\"https:\/\/www.facebook.com\/secreteleluilovendal\" \/>\n<meta property=\"article:published_time\" content=\"2010-09-18T15:56:59+00:00\" \/>\n<meta property=\"og:image\" content=\"https:\/\/www.lovendal.ro\/wp52\/wp-content\/uploads\/2010\/09\/batran-77.jpg\" \/>\n\t<meta property=\"og:image:width\" content=\"280\" \/>\n\t<meta property=\"og:image:height\" content=\"228\" \/>\n\t<meta property=\"og:image:type\" content=\"image\/jpeg\" \/>\n<meta name=\"author\" content=\"admin\" \/>\n<meta name=\"twitter:card\" content=\"summary_large_image\" \/>\n<meta name=\"twitter:label1\" content=\"Scris de\" \/>\n\t<meta name=\"twitter:data1\" content=\"admin\" \/>\n\t<meta name=\"twitter:label2\" content=\"Timp estimat pentru citire\" \/>\n\t<meta name=\"twitter:data2\" content=\"7 minute\" \/>\n<script type=\"application\/ld+json\" class=\"yoast-schema-graph\">{\"@context\":\"https:\\\/\\\/schema.org\",\"@graph\":[{\"@type\":\"Article\",\"@id\":\"https:\\\/\\\/www.lovendal.ro\\\/wp52\\\/batranelul-din-gara-si-extraordinarele-sale-povesti-de-viata\\\/#article\",\"isPartOf\":{\"@id\":\"https:\\\/\\\/www.lovendal.ro\\\/wp52\\\/batranelul-din-gara-si-extraordinarele-sale-povesti-de-viata\\\/\"},\"author\":{\"name\":\"admin\",\"@id\":\"https:\\\/\\\/www.lovendal.ro\\\/wp52\\\/#\\\/schema\\\/person\\\/088691de5dfc346bb0c023e1e52ef5d9\"},\"headline\":\"B\u0103tr\u00e2nelul din gar\u0103 \u015fi extraordinarele sale pove\u015fti de via\u0163\u0103\",\"datePublished\":\"2010-09-18T15:56:59+00:00\",\"mainEntityOfPage\":{\"@id\":\"https:\\\/\\\/www.lovendal.ro\\\/wp52\\\/batranelul-din-gara-si-extraordinarele-sale-povesti-de-viata\\\/\"},\"wordCount\":1504,\"commentCount\":135,\"publisher\":{\"@id\":\"https:\\\/\\\/www.lovendal.ro\\\/wp52\\\/#organization\"},\"image\":{\"@id\":\"https:\\\/\\\/www.lovendal.ro\\\/wp52\\\/batranelul-din-gara-si-extraordinarele-sale-povesti-de-viata\\\/#primaryimage\"},\"thumbnailUrl\":\"https:\\\/\\\/www.lovendal.ro\\\/wp52\\\/wp-content\\\/uploads\\\/2010\\\/09\\\/batran-77.jpg\",\"keywords\":[\"b\u0103tr\u00e2n\",\"c\u0103s\u0103torie\",\"gar\u0103\",\"Povesti si Povestiri\",\"Stalin\",\"tren\"],\"articleSection\":[\"Povesti si Povestiri\"],\"inLanguage\":\"ro-RO\",\"potentialAction\":[{\"@type\":\"CommentAction\",\"name\":\"Comment\",\"target\":[\"https:\\\/\\\/www.lovendal.ro\\\/wp52\\\/batranelul-din-gara-si-extraordinarele-sale-povesti-de-viata\\\/#respond\"]}]},{\"@type\":\"WebPage\",\"@id\":\"https:\\\/\\\/www.lovendal.ro\\\/wp52\\\/batranelul-din-gara-si-extraordinarele-sale-povesti-de-viata\\\/\",\"url\":\"https:\\\/\\\/www.lovendal.ro\\\/wp52\\\/batranelul-din-gara-si-extraordinarele-sale-povesti-de-viata\\\/\",\"name\":\"B\u0103tr\u00e2nelul din gar\u0103 \u015fi extraordinarele sale pove\u015fti de via\u0163\u0103 - Secretele lui Lovendal\",\"isPartOf\":{\"@id\":\"https:\\\/\\\/www.lovendal.ro\\\/wp52\\\/#website\"},\"primaryImageOfPage\":{\"@id\":\"https:\\\/\\\/www.lovendal.ro\\\/wp52\\\/batranelul-din-gara-si-extraordinarele-sale-povesti-de-viata\\\/#primaryimage\"},\"image\":{\"@id\":\"https:\\\/\\\/www.lovendal.ro\\\/wp52\\\/batranelul-din-gara-si-extraordinarele-sale-povesti-de-viata\\\/#primaryimage\"},\"thumbnailUrl\":\"https:\\\/\\\/www.lovendal.ro\\\/wp52\\\/wp-content\\\/uploads\\\/2010\\\/09\\\/batran-77.jpg\",\"datePublished\":\"2010-09-18T15:56:59+00:00\",\"breadcrumb\":{\"@id\":\"https:\\\/\\\/www.lovendal.ro\\\/wp52\\\/batranelul-din-gara-si-extraordinarele-sale-povesti-de-viata\\\/#breadcrumb\"},\"inLanguage\":\"ro-RO\",\"potentialAction\":[{\"@type\":\"ReadAction\",\"target\":[\"https:\\\/\\\/www.lovendal.ro\\\/wp52\\\/batranelul-din-gara-si-extraordinarele-sale-povesti-de-viata\\\/\"]}]},{\"@type\":\"ImageObject\",\"inLanguage\":\"ro-RO\",\"@id\":\"https:\\\/\\\/www.lovendal.ro\\\/wp52\\\/batranelul-din-gara-si-extraordinarele-sale-povesti-de-viata\\\/#primaryimage\",\"url\":\"https:\\\/\\\/www.lovendal.ro\\\/wp52\\\/wp-content\\\/uploads\\\/2010\\\/09\\\/batran-77.jpg\",\"contentUrl\":\"https:\\\/\\\/www.lovendal.ro\\\/wp52\\\/wp-content\\\/uploads\\\/2010\\\/09\\\/batran-77.jpg\",\"width\":\"280\",\"height\":\"228\"},{\"@type\":\"BreadcrumbList\",\"@id\":\"https:\\\/\\\/www.lovendal.ro\\\/wp52\\\/batranelul-din-gara-si-extraordinarele-sale-povesti-de-viata\\\/#breadcrumb\",\"itemListElement\":[{\"@type\":\"ListItem\",\"position\":1,\"name\":\"Home\",\"item\":\"https:\\\/\\\/www.lovendal.ro\\\/wp52\\\/\"},{\"@type\":\"ListItem\",\"position\":2,\"name\":\"B\u0103tr\u00e2nelul din gar\u0103 \u015fi extraordinarele sale pove\u015fti de via\u0163\u0103\"}]},{\"@type\":\"WebSite\",\"@id\":\"https:\\\/\\\/www.lovendal.ro\\\/wp52\\\/#website\",\"url\":\"https:\\\/\\\/www.lovendal.ro\\\/wp52\\\/\",\"name\":\"Secretele lui Lovendal\",\"description\":\"Site de secrete, stiinta si metafizica - din 2008 -\",\"publisher\":{\"@id\":\"https:\\\/\\\/www.lovendal.ro\\\/wp52\\\/#organization\"},\"potentialAction\":[{\"@type\":\"SearchAction\",\"target\":{\"@type\":\"EntryPoint\",\"urlTemplate\":\"https:\\\/\\\/www.lovendal.ro\\\/wp52\\\/?s={search_term_string}\"},\"query-input\":{\"@type\":\"PropertyValueSpecification\",\"valueRequired\":true,\"valueName\":\"search_term_string\"}}],\"inLanguage\":\"ro-RO\"},{\"@type\":\"Organization\",\"@id\":\"https:\\\/\\\/www.lovendal.ro\\\/wp52\\\/#organization\",\"name\":\"Secretele lui Lovendal\",\"url\":\"https:\\\/\\\/www.lovendal.ro\\\/wp52\\\/\",\"logo\":{\"@type\":\"ImageObject\",\"inLanguage\":\"ro-RO\",\"@id\":\"https:\\\/\\\/www.lovendal.ro\\\/wp52\\\/#\\\/schema\\\/logo\\\/image\\\/\",\"url\":\"https:\\\/\\\/www.lovendal.ro\\\/wp52\\\/wp-content\\\/uploads\\\/2024\\\/06\\\/cropped-SLL-iun-2024-1.jpg\",\"contentUrl\":\"https:\\\/\\\/www.lovendal.ro\\\/wp52\\\/wp-content\\\/uploads\\\/2024\\\/06\\\/cropped-SLL-iun-2024-1.jpg\",\"width\":771,\"height\":240,\"caption\":\"Secretele lui Lovendal\"},\"image\":{\"@id\":\"https:\\\/\\\/www.lovendal.ro\\\/wp52\\\/#\\\/schema\\\/logo\\\/image\\\/\"},\"sameAs\":[\"https:\\\/\\\/www.facebook.com\\\/secreteleluilovendal\"]},{\"@type\":\"Person\",\"@id\":\"https:\\\/\\\/www.lovendal.ro\\\/wp52\\\/#\\\/schema\\\/person\\\/088691de5dfc346bb0c023e1e52ef5d9\",\"name\":\"admin\",\"image\":{\"@type\":\"ImageObject\",\"inLanguage\":\"ro-RO\",\"@id\":\"https:\\\/\\\/secure.gravatar.com\\\/avatar\\\/ecb9cd41f5f63c9c9b989999a59f6e2639a865ec361e9db054db0679a8f341c2?s=96&d=mm&r=g\",\"url\":\"https:\\\/\\\/secure.gravatar.com\\\/avatar\\\/ecb9cd41f5f63c9c9b989999a59f6e2639a865ec361e9db054db0679a8f341c2?s=96&d=mm&r=g\",\"contentUrl\":\"https:\\\/\\\/secure.gravatar.com\\\/avatar\\\/ecb9cd41f5f63c9c9b989999a59f6e2639a865ec361e9db054db0679a8f341c2?s=96&d=mm&r=g\",\"caption\":\"admin\"},\"sameAs\":[\"https:\\\/\\\/www.lovendal.ro\\\/wp52\"]}]}<\/script>\n<!-- \/ Yoast SEO Premium plugin. -->","yoast_head_json":{"title":"B\u0103tr\u00e2nelul din gar\u0103 \u015fi extraordinarele sale pove\u015fti de via\u0163\u0103 - Secretele lui Lovendal","robots":{"index":"index","follow":"follow","max-snippet":"max-snippet:-1","max-image-preview":"max-image-preview:large","max-video-preview":"max-video-preview:-1"},"canonical":"https:\/\/www.lovendal.ro\/wp52\/batranelul-din-gara-si-extraordinarele-sale-povesti-de-viata\/","og_locale":"ro_RO","og_type":"article","og_title":"B\u0103tr\u00e2nelul din gar\u0103 \u015fi extraordinarele sale pove\u015fti de via\u0163\u0103","og_description":"Era o zi ploioas\u0103 \u015fi m\u0103 aflam \u00eentr-o halt\u0103 de la marginea unui sat. A\u015fteptam trenul de mai bine de jum\u0103tate de or\u0103 \u015fi, conform informa\u0163iilor primite de la un ceferist, mai aveam de stat cel pu\u0163in \u00eenc\u0103 o or\u0103. ... Cititi mai multe","og_url":"https:\/\/www.lovendal.ro\/wp52\/batranelul-din-gara-si-extraordinarele-sale-povesti-de-viata\/","og_site_name":"Secretele lui Lovendal","article_publisher":"https:\/\/www.facebook.com\/secreteleluilovendal","article_published_time":"2010-09-18T15:56:59+00:00","og_image":[{"width":280,"height":228,"url":"https:\/\/www.lovendal.ro\/wp52\/wp-content\/uploads\/2010\/09\/batran-77.jpg","type":"image\/jpeg"}],"author":"admin","twitter_card":"summary_large_image","twitter_misc":{"Scris de":"admin","Timp estimat pentru citire":"7 minute"},"schema":{"@context":"https:\/\/schema.org","@graph":[{"@type":"Article","@id":"https:\/\/www.lovendal.ro\/wp52\/batranelul-din-gara-si-extraordinarele-sale-povesti-de-viata\/#article","isPartOf":{"@id":"https:\/\/www.lovendal.ro\/wp52\/batranelul-din-gara-si-extraordinarele-sale-povesti-de-viata\/"},"author":{"name":"admin","@id":"https:\/\/www.lovendal.ro\/wp52\/#\/schema\/person\/088691de5dfc346bb0c023e1e52ef5d9"},"headline":"B\u0103tr\u00e2nelul din gar\u0103 \u015fi extraordinarele sale pove\u015fti de via\u0163\u0103","datePublished":"2010-09-18T15:56:59+00:00","mainEntityOfPage":{"@id":"https:\/\/www.lovendal.ro\/wp52\/batranelul-din-gara-si-extraordinarele-sale-povesti-de-viata\/"},"wordCount":1504,"commentCount":135,"publisher":{"@id":"https:\/\/www.lovendal.ro\/wp52\/#organization"},"image":{"@id":"https:\/\/www.lovendal.ro\/wp52\/batranelul-din-gara-si-extraordinarele-sale-povesti-de-viata\/#primaryimage"},"thumbnailUrl":"https:\/\/www.lovendal.ro\/wp52\/wp-content\/uploads\/2010\/09\/batran-77.jpg","keywords":["b\u0103tr\u00e2n","c\u0103s\u0103torie","gar\u0103","Povesti si Povestiri","Stalin","tren"],"articleSection":["Povesti si Povestiri"],"inLanguage":"ro-RO","potentialAction":[{"@type":"CommentAction","name":"Comment","target":["https:\/\/www.lovendal.ro\/wp52\/batranelul-din-gara-si-extraordinarele-sale-povesti-de-viata\/#respond"]}]},{"@type":"WebPage","@id":"https:\/\/www.lovendal.ro\/wp52\/batranelul-din-gara-si-extraordinarele-sale-povesti-de-viata\/","url":"https:\/\/www.lovendal.ro\/wp52\/batranelul-din-gara-si-extraordinarele-sale-povesti-de-viata\/","name":"B\u0103tr\u00e2nelul din gar\u0103 \u015fi extraordinarele sale pove\u015fti de via\u0163\u0103 - Secretele lui Lovendal","isPartOf":{"@id":"https:\/\/www.lovendal.ro\/wp52\/#website"},"primaryImageOfPage":{"@id":"https:\/\/www.lovendal.ro\/wp52\/batranelul-din-gara-si-extraordinarele-sale-povesti-de-viata\/#primaryimage"},"image":{"@id":"https:\/\/www.lovendal.ro\/wp52\/batranelul-din-gara-si-extraordinarele-sale-povesti-de-viata\/#primaryimage"},"thumbnailUrl":"https:\/\/www.lovendal.ro\/wp52\/wp-content\/uploads\/2010\/09\/batran-77.jpg","datePublished":"2010-09-18T15:56:59+00:00","breadcrumb":{"@id":"https:\/\/www.lovendal.ro\/wp52\/batranelul-din-gara-si-extraordinarele-sale-povesti-de-viata\/#breadcrumb"},"inLanguage":"ro-RO","potentialAction":[{"@type":"ReadAction","target":["https:\/\/www.lovendal.ro\/wp52\/batranelul-din-gara-si-extraordinarele-sale-povesti-de-viata\/"]}]},{"@type":"ImageObject","inLanguage":"ro-RO","@id":"https:\/\/www.lovendal.ro\/wp52\/batranelul-din-gara-si-extraordinarele-sale-povesti-de-viata\/#primaryimage","url":"https:\/\/www.lovendal.ro\/wp52\/wp-content\/uploads\/2010\/09\/batran-77.jpg","contentUrl":"https:\/\/www.lovendal.ro\/wp52\/wp-content\/uploads\/2010\/09\/batran-77.jpg","width":"280","height":"228"},{"@type":"BreadcrumbList","@id":"https:\/\/www.lovendal.ro\/wp52\/batranelul-din-gara-si-extraordinarele-sale-povesti-de-viata\/#breadcrumb","itemListElement":[{"@type":"ListItem","position":1,"name":"Home","item":"https:\/\/www.lovendal.ro\/wp52\/"},{"@type":"ListItem","position":2,"name":"B\u0103tr\u00e2nelul din gar\u0103 \u015fi extraordinarele sale pove\u015fti de via\u0163\u0103"}]},{"@type":"WebSite","@id":"https:\/\/www.lovendal.ro\/wp52\/#website","url":"https:\/\/www.lovendal.ro\/wp52\/","name":"Secretele lui Lovendal","description":"Site de secrete, stiinta si metafizica - din 2008 -","publisher":{"@id":"https:\/\/www.lovendal.ro\/wp52\/#organization"},"potentialAction":[{"@type":"SearchAction","target":{"@type":"EntryPoint","urlTemplate":"https:\/\/www.lovendal.ro\/wp52\/?s={search_term_string}"},"query-input":{"@type":"PropertyValueSpecification","valueRequired":true,"valueName":"search_term_string"}}],"inLanguage":"ro-RO"},{"@type":"Organization","@id":"https:\/\/www.lovendal.ro\/wp52\/#organization","name":"Secretele lui Lovendal","url":"https:\/\/www.lovendal.ro\/wp52\/","logo":{"@type":"ImageObject","inLanguage":"ro-RO","@id":"https:\/\/www.lovendal.ro\/wp52\/#\/schema\/logo\/image\/","url":"https:\/\/www.lovendal.ro\/wp52\/wp-content\/uploads\/2024\/06\/cropped-SLL-iun-2024-1.jpg","contentUrl":"https:\/\/www.lovendal.ro\/wp52\/wp-content\/uploads\/2024\/06\/cropped-SLL-iun-2024-1.jpg","width":771,"height":240,"caption":"Secretele lui Lovendal"},"image":{"@id":"https:\/\/www.lovendal.ro\/wp52\/#\/schema\/logo\/image\/"},"sameAs":["https:\/\/www.facebook.com\/secreteleluilovendal"]},{"@type":"Person","@id":"https:\/\/www.lovendal.ro\/wp52\/#\/schema\/person\/088691de5dfc346bb0c023e1e52ef5d9","name":"admin","image":{"@type":"ImageObject","inLanguage":"ro-RO","@id":"https:\/\/secure.gravatar.com\/avatar\/ecb9cd41f5f63c9c9b989999a59f6e2639a865ec361e9db054db0679a8f341c2?s=96&d=mm&r=g","url":"https:\/\/secure.gravatar.com\/avatar\/ecb9cd41f5f63c9c9b989999a59f6e2639a865ec361e9db054db0679a8f341c2?s=96&d=mm&r=g","contentUrl":"https:\/\/secure.gravatar.com\/avatar\/ecb9cd41f5f63c9c9b989999a59f6e2639a865ec361e9db054db0679a8f341c2?s=96&d=mm&r=g","caption":"admin"},"sameAs":["https:\/\/www.lovendal.ro\/wp52"]}]}},"_links":{"self":[{"href":"https:\/\/www.lovendal.ro\/wp52\/wp-json\/wp\/v2\/posts\/14375","targetHints":{"allow":["GET"]}}],"collection":[{"href":"https:\/\/www.lovendal.ro\/wp52\/wp-json\/wp\/v2\/posts"}],"about":[{"href":"https:\/\/www.lovendal.ro\/wp52\/wp-json\/wp\/v2\/types\/post"}],"author":[{"embeddable":true,"href":"https:\/\/www.lovendal.ro\/wp52\/wp-json\/wp\/v2\/users\/1"}],"replies":[{"embeddable":true,"href":"https:\/\/www.lovendal.ro\/wp52\/wp-json\/wp\/v2\/comments?post=14375"}],"version-history":[{"count":0,"href":"https:\/\/www.lovendal.ro\/wp52\/wp-json\/wp\/v2\/posts\/14375\/revisions"}],"wp:featuredmedia":[{"embeddable":true,"href":"https:\/\/www.lovendal.ro\/wp52\/wp-json\/wp\/v2\/media\/14383"}],"wp:attachment":[{"href":"https:\/\/www.lovendal.ro\/wp52\/wp-json\/wp\/v2\/media?parent=14375"}],"wp:term":[{"taxonomy":"category","embeddable":true,"href":"https:\/\/www.lovendal.ro\/wp52\/wp-json\/wp\/v2\/categories?post=14375"},{"taxonomy":"post_tag","embeddable":true,"href":"https:\/\/www.lovendal.ro\/wp52\/wp-json\/wp\/v2\/tags?post=14375"}],"curies":[{"name":"wp","href":"https:\/\/api.w.org\/{rel}","templated":true}]}}